{"id":3490,"date":"2011-01-18T12:05:16","date_gmt":"2011-01-18T11:05:16","guid":{"rendered":"http:\/\/gaidaphotos.com\/blog\/?p=3490"},"modified":"2012-01-24T18:49:01","modified_gmt":"2012-01-24T17:49:01","slug":"verkaufsoffener-sonntag-23-1-2011-in-koeln-nrw","status":"publish","type":"post","link":"https:\/\/www.gaidaphotos.com\/blog\/2011\/01\/18\/verkaufsoffener-sonntag-23-1-2011-in-koeln-nrw\/","title":{"rendered":"Verkaufsoffener Sonntag 23.1.2011 in K\u00f6ln (NRW)?"},"content":{"rendered":"<h2>Verkaufsoffener Sonntag 23.1.2011 in K\u00f6ln?<\/h2>\n<figure style=\"width: 410px\" class=\"wp-caption aligncenter\"> ngg_shortcode_0_placeholder <figcaption class=\"wp-caption-text\">verkaufsoffener Sonntag 23.1.2011 in K\u00f6ln<\/figcaption><\/figure>\n<h3>In welchem K\u00f6lner Veedel oder Stadteil sind am 23.1.2011 die Gesch\u00e4fte ge\u00f6ffnet (verkaufsoffener Sonntag)? <\/h3>\n<p>Wir sagen Ihnen nicht nur wo sondern auch was am verkaufsoffenen Sonntag in K\u00f6ln alles geboten wird. Begleitprogramm zum verkaufsoffenen Sonnatg in K\u00f6ln mit K\u00fcnstlern und allen anderen Informationen rund um den verkaufsoffenen Sonntag.<\/p>\n<p>Am <strong>23.1.2011<\/strong> ist in K\u00f6ln<strong> <span style=\"text-decoration: underline;\">kein <\/span>verkaufsoffener Sonntag<\/strong>.<\/p>\n<p><?php include(\"wp-content\/include\/verkaufsoffener-sonntag.php\"); ?><br \/>\nFotos aus K\u00f6ln Rodenkirchen:<br \/>\nFoto oben:<br \/>\nFotos vom Rhein-Hochwasser im Januar 2011. So sah das <a href=\"https:\/\/www.gaidaphotos.com\/blog\/2011\/01\/10\/rhein-hochwasser-2011-in-koeln-rodenkirchen-aktuelle-fotos\/\" title=\"Rheinhochwasser 2011 in K\u00f6ln-Rodenkirchen aktuelle Fotos\">Rheinhochwasser 2011 &#8211; K\u00f6ln Rodenkirchen (aktuelle Fotos)<\/a> in der vergangenen Woche aus.<\/p>\n<table>\n<tr>\n<td>\n<figure style=\"width: 370px\" class=\"wp-caption aligncenter\"> ngg_shortcode_1_placeholder <figcaption class=\"wp-caption-text\">Rheinhochwasser 16.11.2011<\/figcaption><\/figure>\n<\/td>\n<td>\n<figure style=\"width: 270px\" class=\"wp-caption aligncenter\"> ngg_shortcode_2_placeholder <figcaption class=\"wp-caption-text\">Rheinhochwasser 16.11.2011<\/figcaption><\/figure>\n<\/td>\n<\/tr>\n<tr>\n<td colspan=\"2\">\n<figure style=\"width: 410px\" class=\"wp-caption aligncenter\"> ngg_shortcode_3_placeholder <figcaption class=\"wp-caption-text\">Rheinhochwasser 16.11.2011<\/figcaption><\/figure><br \/>\nLangsam entspannt sich die Hochwassersituation in K\u00f6ln Rodenkirchen.\n<\/td>\n<\/tr>\n<\/table>\n","protected":false},"excerpt":{"rendered":"<p>Verkaufsoffener Sonntag 23.1.2011 in K\u00f6ln? In welchem K\u00f6lner Veedel oder Stadteil sind am 23.1.2011 die Gesch\u00e4fte ge\u00f6ffnet (verkaufsoffener Sonntag)? Wir<\/p>\n","protected":false},"author":6,"featured_media":0,"comment_status":"open","ping_status":"open","sticky":false,"template":"","format":"standard","meta":{"_crdt_document":"","ngg_post_thumbnail":0,"jetpack_post_was_ever_published":false,"_jetpack_newsletter_access":"","_jetpack_dont_email_post_to_subs":false,"_jetpack_newsletter_tier_id":0,"_jetpack_memberships_contains_paywalled_content":false,"_jetpack_memberships_contains_paid_content":false,"footnotes":"","jetpack_publicize_message":"","jetpack_publicize_feature_enabled":true,"jetpack_social_post_already_shared":false,"jetpack_social_options":{"image_generator_settings":{"template":"highway","default_image_id":0,"font":"","enabled":false},"version":2}},"categories":[178],"tags":[147],"class_list":["post-3490","post","type-post","status-publish","format-standard","hentry","category-verkaufsoffener-sonntag-koln-nrw","tag-verkaufsoffener-sonntag"],"yoast_head":"<!-- This site is optimized with the Yoast SEO plugin v27.5 - https:\/\/yoast.com\/product\/yoast-seo-wordpress\/ -->\n<title>Verkaufsoffener Sonntag 23.1.2011 in K\u00f6ln (NRW)?<\/title>\n<meta name=\"description\" content=\"Verkaufsoffener Sonntag 23.1.2011 in K\u00f6ln (NRW)? - - alle verkaufsoffenen Sonntage in K\u00f6ln, Programm. K\u00fcnstler, Angebot, Hinweise\" \/>\n<meta name=\"robots\" content=\"index, follow, max-snippet:-1, max-image-preview:large, max-video-preview:-1\" \/>\n<link rel=\"canonical\" href=\"https:\/\/www.gaidaphotos.com\/blog\/2011\/01\/18\/verkaufsoffener-sonntag-23-1-2011-in-koeln-nrw\/\" \/>\n<meta property=\"og:locale\" content=\"de_DE\" \/>\n<meta property=\"og:type\" content=\"article\" \/>\n<meta property=\"og:title\" content=\"Verkaufsoffener Sonntag 23.1.2011 in K\u00f6ln (NRW)?\" \/>\n<meta property=\"og:description\" content=\"Verkaufsoffener Sonntag 23.1.2011 in K\u00f6ln (NRW)? - - alle verkaufsoffenen Sonntage in K\u00f6ln, Programm. K\u00fcnstler, Angebot, Hinweise\" \/>\n<meta property=\"og:url\" content=\"https:\/\/www.gaidaphotos.com\/blog\/2011\/01\/18\/verkaufsoffener-sonntag-23-1-2011-in-koeln-nrw\/\" \/>\n<meta property=\"og:site_name\" content=\"K\u00f6ln Rodenkirchen und die Welt\" \/>\n<meta property=\"article:publisher\" content=\"https:\/\/www.facebook.com\/Koeln.Rodenkirchen\" \/>\n<meta property=\"article:author\" content=\"https:\/\/www.facebook.com\/gaidaphotos\" \/>\n<meta property=\"article:published_time\" content=\"2011-01-18T11:05:16+00:00\" \/>\n<meta property=\"article:modified_time\" content=\"2012-01-24T17:49:01+00:00\" \/>\n<meta name=\"author\" content=\"Thomas\" \/>\n<meta name=\"twitter:card\" content=\"summary_large_image\" \/>\n<meta name=\"twitter:creator\" content=\"@gaidaphotos\" \/>\n<meta name=\"twitter:site\" content=\"@gaidaphotos\" \/>\n<meta name=\"twitter:label1\" content=\"Verfasst von\" \/>\n\t<meta name=\"twitter:data1\" content=\"Thomas\" \/>\n\t<meta name=\"twitter:label2\" content=\"Gesch\u00e4tzte Lesezeit\" \/>\n\t<meta name=\"twitter:data2\" content=\"1\u00a0Minute\" \/>\n<script type=\"application\/ld+json\" class=\"yoast-schema-graph\">{\"@context\":\"https:\\\/\\\/schema.org\",\"@graph\":[{\"@type\":\"Article\",\"@id\":\"https:\\\/\\\/www.gaidaphotos.com\\\/blog\\\/2011\\\/01\\\/18\\\/verkaufsoffener-sonntag-23-1-2011-in-koeln-nrw\\\/#article\",\"isPartOf\":{\"@id\":\"https:\\\/\\\/www.gaidaphotos.com\\\/blog\\\/2011\\\/01\\\/18\\\/verkaufsoffener-sonntag-23-1-2011-in-koeln-nrw\\\/\"},\"author\":{\"name\":\"Thomas\",\"@id\":\"https:\\\/\\\/www.gaidaphotos.com\\\/blog\\\/#\\\/schema\\\/person\\\/6c444a5b13ffc503c5c32f5a9ec68b21\"},\"headline\":\"Verkaufsoffener Sonntag 23.1.2011 in K\u00f6ln (NRW)?\",\"datePublished\":\"2011-01-18T11:05:16+00:00\",\"dateModified\":\"2012-01-24T17:49:01+00:00\",\"mainEntityOfPage\":{\"@id\":\"https:\\\/\\\/www.gaidaphotos.com\\\/blog\\\/2011\\\/01\\\/18\\\/verkaufsoffener-sonntag-23-1-2011-in-koeln-nrw\\\/\"},\"wordCount\":154,\"commentCount\":1,\"publisher\":{\"@id\":\"https:\\\/\\\/www.gaidaphotos.com\\\/blog\\\/#organization\"},\"keywords\":[\"verkaufsoffener Sonntag\"],\"articleSection\":[\"Verkaufsoffener Sonntag K\u00f6ln NRW\"],\"inLanguage\":\"de\",\"potentialAction\":[{\"@type\":\"CommentAction\",\"name\":\"Comment\",\"target\":[\"https:\\\/\\\/www.gaidaphotos.com\\\/blog\\\/2011\\\/01\\\/18\\\/verkaufsoffener-sonntag-23-1-2011-in-koeln-nrw\\\/#respond\"]}]},{\"@type\":\"WebPage\",\"@id\":\"https:\\\/\\\/www.gaidaphotos.com\\\/blog\\\/2011\\\/01\\\/18\\\/verkaufsoffener-sonntag-23-1-2011-in-koeln-nrw\\\/\",\"url\":\"https:\\\/\\\/www.gaidaphotos.com\\\/blog\\\/2011\\\/01\\\/18\\\/verkaufsoffener-sonntag-23-1-2011-in-koeln-nrw\\\/\",\"name\":\"Verkaufsoffener Sonntag 23.1.2011 in K\u00f6ln (NRW)?\",\"isPartOf\":{\"@id\":\"https:\\\/\\\/www.gaidaphotos.com\\\/blog\\\/#website\"},\"datePublished\":\"2011-01-18T11:05:16+00:00\",\"dateModified\":\"2012-01-24T17:49:01+00:00\",\"description\":\"Verkaufsoffener Sonntag 23.1.2011 in K\u00f6ln (NRW)? - - alle verkaufsoffenen Sonntage in K\u00f6ln, Programm. K\u00fcnstler, Angebot, Hinweise\",\"breadcrumb\":{\"@id\":\"https:\\\/\\\/www.gaidaphotos.com\\\/blog\\\/2011\\\/01\\\/18\\\/verkaufsoffener-sonntag-23-1-2011-in-koeln-nrw\\\/#breadcrumb\"},\"inLanguage\":\"de\",\"potentialAction\":[{\"@type\":\"ReadAction\",\"target\":[\"https:\\\/\\\/www.gaidaphotos.com\\\/blog\\\/2011\\\/01\\\/18\\\/verkaufsoffener-sonntag-23-1-2011-in-koeln-nrw\\\/\"]}]},{\"@type\":\"BreadcrumbList\",\"@id\":\"https:\\\/\\\/www.gaidaphotos.com\\\/blog\\\/2011\\\/01\\\/18\\\/verkaufsoffener-sonntag-23-1-2011-in-koeln-nrw\\\/#breadcrumb\",\"itemListElement\":[{\"@type\":\"ListItem\",\"position\":1,\"name\":\"Startseite\",\"item\":\"https:\\\/\\\/www.gaidaphotos.com\\\/blog\\\/\"},{\"@type\":\"ListItem\",\"position\":2,\"name\":\"Verkaufsoffener Sonntag 23.1.2011 in K\u00f6ln (NRW)?\"}]},{\"@type\":\"WebSite\",\"@id\":\"https:\\\/\\\/www.gaidaphotos.com\\\/blog\\\/#website\",\"url\":\"https:\\\/\\\/www.gaidaphotos.com\\\/blog\\\/\",\"name\":\"K\u00f6ln Rodenkirchen und die Welt\",\"description\":\"Einkaufen, Restaurants, Freizeit, Nachrichten und was uns sonst bewegt und begegnet\",\"publisher\":{\"@id\":\"https:\\\/\\\/www.gaidaphotos.com\\\/blog\\\/#organization\"},\"potentialAction\":[{\"@type\":\"SearchAction\",\"target\":{\"@type\":\"EntryPoint\",\"urlTemplate\":\"https:\\\/\\\/www.gaidaphotos.com\\\/blog\\\/?s={search_term_string}\"},\"query-input\":{\"@type\":\"PropertyValueSpecification\",\"valueRequired\":true,\"valueName\":\"search_term_string\"}}],\"inLanguage\":\"de\"},{\"@type\":\"Organization\",\"@id\":\"https:\\\/\\\/www.gaidaphotos.com\\\/blog\\\/#organization\",\"name\":\"gaidaphotos\",\"url\":\"https:\\\/\\\/www.gaidaphotos.com\\\/blog\\\/\",\"logo\":{\"@type\":\"ImageObject\",\"inLanguage\":\"de\",\"@id\":\"https:\\\/\\\/www.gaidaphotos.com\\\/blog\\\/#\\\/schema\\\/logo\\\/image\\\/\",\"url\":\"https:\\\/\\\/i0.wp.com\\\/www.gaidaphotos.com\\\/blog\\\/wp-content\\\/uploads\\\/2020\\\/07\\\/GAIDAPHOTOS-COM.jpg?fit=160%2C96&ssl=1\",\"contentUrl\":\"https:\\\/\\\/i0.wp.com\\\/www.gaidaphotos.com\\\/blog\\\/wp-content\\\/uploads\\\/2020\\\/07\\\/GAIDAPHOTOS-COM.jpg?fit=160%2C96&ssl=1\",\"width\":160,\"height\":96,\"caption\":\"gaidaphotos\"},\"image\":{\"@id\":\"https:\\\/\\\/www.gaidaphotos.com\\\/blog\\\/#\\\/schema\\\/logo\\\/image\\\/\"},\"sameAs\":[\"https:\\\/\\\/www.facebook.com\\\/Koeln.Rodenkirchen\",\"https:\\\/\\\/x.com\\\/gaidaphotos\",\"https:\\\/\\\/instagram.com\\\/gaidaphotos\\\/\",\"https:\\\/\\\/de.linkedin.com\\\/in\\\/gaidaphotos\",\"https:\\\/\\\/myspace.com\\\/gaidaphotos\",\"https:\\\/\\\/www.pinterest.com\\\/gaidaphotos\\\/\",\"https:\\\/\\\/www.youtube.com\\\/user\\\/gaidaphotos\"]},{\"@type\":\"Person\",\"@id\":\"https:\\\/\\\/www.gaidaphotos.com\\\/blog\\\/#\\\/schema\\\/person\\\/6c444a5b13ffc503c5c32f5a9ec68b21\",\"name\":\"Thomas\",\"sameAs\":[\"https:\\\/\\\/www.gaidaphotos.com\",\"https:\\\/\\\/www.facebook.com\\\/gaidaphotos\",\"https:\\\/\\\/instagram.com\\\/gaidaphotos\\\/\",\"https:\\\/\\\/www.linkedin.com\\\/in\\\/gaidaphotos\",\"http:\\\/\\\/www.pinterest.com\\\/gaidaphotos\\\/\",\"https:\\\/\\\/x.com\\\/gaidaphotos\",\"https:\\\/\\\/myspace.com\\\/gaidaphotos\",\"https:\\\/\\\/www.youtube.com\\\/user\\\/gaidaphotos\",\"https:\\\/\\\/gaidaphotos.tumblr.com\\\/\"]}]}<\/script>\n<!-- \/ Yoast SEO plugin. -->","yoast_head_json":{"title":"Verkaufsoffener Sonntag 23.1.2011 in K\u00f6ln (NRW)?","description":"Verkaufsoffener Sonntag 23.1.2011 in K\u00f6ln (NRW)? - - alle verkaufsoffenen Sonntage in K\u00f6ln, Programm. K\u00fcnstler, Angebot, Hinweise","robots":{"index":"index","follow":"follow","max-snippet":"max-snippet:-1","max-image-preview":"max-image-preview:large","max-video-preview":"max-video-preview:-1"},"canonical":"https:\/\/www.gaidaphotos.com\/blog\/2011\/01\/18\/verkaufsoffener-sonntag-23-1-2011-in-koeln-nrw\/","og_locale":"de_DE","og_type":"article","og_title":"Verkaufsoffener Sonntag 23.1.2011 in K\u00f6ln (NRW)?","og_description":"Verkaufsoffener Sonntag 23.1.2011 in K\u00f6ln (NRW)? - - alle verkaufsoffenen Sonntage in K\u00f6ln, Programm. K\u00fcnstler, Angebot, Hinweise","og_url":"https:\/\/www.gaidaphotos.com\/blog\/2011\/01\/18\/verkaufsoffener-sonntag-23-1-2011-in-koeln-nrw\/","og_site_name":"K\u00f6ln Rodenkirchen und die Welt","article_publisher":"https:\/\/www.facebook.com\/Koeln.Rodenkirchen","article_author":"https:\/\/www.facebook.com\/gaidaphotos","article_published_time":"2011-01-18T11:05:16+00:00","article_modified_time":"2012-01-24T17:49:01+00:00","author":"Thomas","twitter_card":"summary_large_image","twitter_creator":"@gaidaphotos","twitter_site":"@gaidaphotos","twitter_misc":{"Verfasst von":"Thomas","Gesch\u00e4tzte Lesezeit":"1\u00a0Minute"},"schema":{"@context":"https:\/\/schema.org","@graph":[{"@type":"Article","@id":"https:\/\/www.gaidaphotos.com\/blog\/2011\/01\/18\/verkaufsoffener-sonntag-23-1-2011-in-koeln-nrw\/#article","isPartOf":{"@id":"https:\/\/www.gaidaphotos.com\/blog\/2011\/01\/18\/verkaufsoffener-sonntag-23-1-2011-in-koeln-nrw\/"},"author":{"name":"Thomas","@id":"https:\/\/www.gaidaphotos.com\/blog\/#\/schema\/person\/6c444a5b13ffc503c5c32f5a9ec68b21"},"headline":"Verkaufsoffener Sonntag 23.1.2011 in K\u00f6ln (NRW)?","datePublished":"2011-01-18T11:05:16+00:00","dateModified":"2012-01-24T17:49:01+00:00","mainEntityOfPage":{"@id":"https:\/\/www.gaidaphotos.com\/blog\/2011\/01\/18\/verkaufsoffener-sonntag-23-1-2011-in-koeln-nrw\/"},"wordCount":154,"commentCount":1,"publisher":{"@id":"https:\/\/www.gaidaphotos.com\/blog\/#organization"},"keywords":["verkaufsoffener Sonntag"],"articleSection":["Verkaufsoffener Sonntag K\u00f6ln NRW"],"inLanguage":"de","potentialAction":[{"@type":"CommentAction","name":"Comment","target":["https:\/\/www.gaidaphotos.com\/blog\/2011\/01\/18\/verkaufsoffener-sonntag-23-1-2011-in-koeln-nrw\/#respond"]}]},{"@type":"WebPage","@id":"https:\/\/www.gaidaphotos.com\/blog\/2011\/01\/18\/verkaufsoffener-sonntag-23-1-2011-in-koeln-nrw\/","url":"https:\/\/www.gaidaphotos.com\/blog\/2011\/01\/18\/verkaufsoffener-sonntag-23-1-2011-in-koeln-nrw\/","name":"Verkaufsoffener Sonntag 23.1.2011 in K\u00f6ln (NRW)?","isPartOf":{"@id":"https:\/\/www.gaidaphotos.com\/blog\/#website"},"datePublished":"2011-01-18T11:05:16+00:00","dateModified":"2012-01-24T17:49:01+00:00","description":"Verkaufsoffener Sonntag 23.1.2011 in K\u00f6ln (NRW)? - - alle verkaufsoffenen Sonntage in K\u00f6ln, Programm. K\u00fcnstler, Angebot, Hinweise","breadcrumb":{"@id":"https:\/\/www.gaidaphotos.com\/blog\/2011\/01\/18\/verkaufsoffener-sonntag-23-1-2011-in-koeln-nrw\/#breadcrumb"},"inLanguage":"de","potentialAction":[{"@type":"ReadAction","target":["https:\/\/www.gaidaphotos.com\/blog\/2011\/01\/18\/verkaufsoffener-sonntag-23-1-2011-in-koeln-nrw\/"]}]},{"@type":"BreadcrumbList","@id":"https:\/\/www.gaidaphotos.com\/blog\/2011\/01\/18\/verkaufsoffener-sonntag-23-1-2011-in-koeln-nrw\/#breadcrumb","itemListElement":[{"@type":"ListItem","position":1,"name":"Startseite","item":"https:\/\/www.gaidaphotos.com\/blog\/"},{"@type":"ListItem","position":2,"name":"Verkaufsoffener Sonntag 23.1.2011 in K\u00f6ln (NRW)?"}]},{"@type":"WebSite","@id":"https:\/\/www.gaidaphotos.com\/blog\/#website","url":"https:\/\/www.gaidaphotos.com\/blog\/","name":"K\u00f6ln Rodenkirchen und die Welt","description":"Einkaufen, Restaurants, Freizeit, Nachrichten und was uns sonst bewegt und begegnet","publisher":{"@id":"https:\/\/www.gaidaphotos.com\/blog\/#organization"},"potentialAction":[{"@type":"SearchAction","target":{"@type":"EntryPoint","urlTemplate":"https:\/\/www.gaidaphotos.com\/blog\/?s={search_term_string}"},"query-input":{"@type":"PropertyValueSpecification","valueRequired":true,"valueName":"search_term_string"}}],"inLanguage":"de"},{"@type":"Organization","@id":"https:\/\/www.gaidaphotos.com\/blog\/#organization","name":"gaidaphotos","url":"https:\/\/www.gaidaphotos.com\/blog\/","logo":{"@type":"ImageObject","inLanguage":"de","@id":"https:\/\/www.gaidaphotos.com\/blog\/#\/schema\/logo\/image\/","url":"https:\/\/i0.wp.com\/www.gaidaphotos.com\/blog\/wp-content\/uploads\/2020\/07\/GAIDAPHOTOS-COM.jpg?fit=160%2C96&ssl=1","contentUrl":"https:\/\/i0.wp.com\/www.gaidaphotos.com\/blog\/wp-content\/uploads\/2020\/07\/GAIDAPHOTOS-COM.jpg?fit=160%2C96&ssl=1","width":160,"height":96,"caption":"gaidaphotos"},"image":{"@id":"https:\/\/www.gaidaphotos.com\/blog\/#\/schema\/logo\/image\/"},"sameAs":["https:\/\/www.facebook.com\/Koeln.Rodenkirchen","https:\/\/x.com\/gaidaphotos","https:\/\/instagram.com\/gaidaphotos\/","https:\/\/de.linkedin.com\/in\/gaidaphotos","https:\/\/myspace.com\/gaidaphotos","https:\/\/www.pinterest.com\/gaidaphotos\/","https:\/\/www.youtube.com\/user\/gaidaphotos"]},{"@type":"Person","@id":"https:\/\/www.gaidaphotos.com\/blog\/#\/schema\/person\/6c444a5b13ffc503c5c32f5a9ec68b21","name":"Thomas","sameAs":["https:\/\/www.gaidaphotos.com","https:\/\/www.facebook.com\/gaidaphotos","https:\/\/instagram.com\/gaidaphotos\/","https:\/\/www.linkedin.com\/in\/gaidaphotos","http:\/\/www.pinterest.com\/gaidaphotos\/","https:\/\/x.com\/gaidaphotos","https:\/\/myspace.com\/gaidaphotos","https:\/\/www.youtube.com\/user\/gaidaphotos","https:\/\/gaidaphotos.tumblr.com\/"]}]}},"jetpack_publicize_connections":[],"jetpack_featured_media_url":"","jetpack_sharing_enabled":true,"jetpack_likes_enabled":true,"jetpack-related-posts":[{"id":3489,"url":"https:\/\/www.gaidaphotos.com\/blog\/2011\/01\/12\/verkaufsoffener-sonntag-16-1-2011-in-koeln-nrw\/","url_meta":{"origin":3490,"position":0},"title":"Verkaufsoffener Sonntag 16.1.2011 in K\u00f6ln (NRW)?","author":"Thomas","date":"12. Januar 2011","format":false,"excerpt":"Verkaufsoffener Sonntag 16.1.2011 in K\u00f6ln (NRW)?? In welchem K\u00f6lner Veedel oder Stadteil sind am 16.1.2011 die Gesch\u00e4fte ge\u00f6ffnet (verkaufsoffener Sonntag)? Wir sagen Ihnen nicht nur wo sondern auch was am verkaufsoffenen Sonntag in K\u00f6ln alles geboten wird. Begleitprogramm zum verkaufsoffenen Sonnatg in K\u00f6ln mit K\u00fcnstlern und allen anderen Informationen rund\u2026","rel":"","context":"In &quot;Verkaufsoffener Sonntag K\u00f6ln NRW&quot;","block_context":{"text":"Verkaufsoffener Sonntag K\u00f6ln NRW","link":"https:\/\/www.gaidaphotos.com\/blog\/category\/kalender-archiv\/verkaufsoffener-sonntag-koln-nrw\/"},"img":{"alt_text":"","src":"","width":0,"height":0},"classes":[]},{"id":3583,"url":"https:\/\/www.gaidaphotos.com\/blog\/2011\/07\/18\/verkaufsoffener-sonntag-24-07-2011-in-koln-nrw\/","url_meta":{"origin":3490,"position":1},"title":"Verkaufsoffener Sonntag 24.07.2011 in K\u00f6ln (NRW)?","author":"Thomas","date":"18. Juli 2011","format":false,"excerpt":"Verkaufsoffener Sonntag 24.07.2011 in K\u00f6ln? In welchem K\u00f6lner Veedel oder Stadteil sind am 24.07.2011 die Gesch\u00e4fte ge\u00f6ffnet (verkaufsoffener Sonntag)? Wir sagen Ihnen nicht nur wo sondern auch was am verkaufsoffenen Sonntag in K\u00f6ln alles geboten wird. Begleitprogramm zum verkaufsoffenen Sonnatg in K\u00f6ln mit K\u00fcnstlern und allen anderen Informationen rund um\u2026","rel":"","context":"In &quot;Verkaufsoffener Sonntag K\u00f6ln NRW&quot;","block_context":{"text":"Verkaufsoffener Sonntag K\u00f6ln NRW","link":"https:\/\/www.gaidaphotos.com\/blog\/category\/kalender-archiv\/verkaufsoffener-sonntag-koln-nrw\/"},"img":{"alt_text":"","src":"https:\/\/www.gaidaphotos.com\/blog\/wp-content\/uploads\/2020\/08\/nggallery_import\/87_","width":350,"height":200},"classes":[]},{"id":3582,"url":"https:\/\/www.gaidaphotos.com\/blog\/2011\/07\/14\/verkaufsoffener-sonntag-17-07-2011-in-koln-nrw\/","url_meta":{"origin":3490,"position":2},"title":"Verkaufsoffener Sonntag 17.07.2011 in K\u00f6ln (NRW)?","author":"Thomas","date":"14. Juli 2011","format":false,"excerpt":"Verkaufsoffener Sonntag 17.07.2011 in K\u00f6ln? In welchem K\u00f6lner Veedel oder Stadteil sind am 17.07.2011 die Gesch\u00e4fte ge\u00f6ffnet (verkaufsoffener Sonntag)? Wir sagen Ihnen nicht nur wo sondern auch was am verkaufsoffenen Sonntag in K\u00f6ln alles geboten wird. Begleitprogramm zum verkaufsoffenen Sonnatg in K\u00f6ln mit K\u00fcnstlern und allen anderen Informationen rund um\u2026","rel":"","context":"In &quot;Verkaufsoffener Sonntag K\u00f6ln NRW&quot;","block_context":{"text":"Verkaufsoffener Sonntag K\u00f6ln NRW","link":"https:\/\/www.gaidaphotos.com\/blog\/category\/kalender-archiv\/verkaufsoffener-sonntag-koln-nrw\/"},"img":{"alt_text":"","src":"https:\/\/www.gaidaphotos.com\/blog\/wp-content\/uploads\/2020\/08\/nggallery_import\/80_","width":350,"height":200},"classes":[]},{"id":3562,"url":"https:\/\/www.gaidaphotos.com\/blog\/2011\/05\/31\/verkaufsoffener-sonntag-05-06-2011-koeln-nrw\/","url_meta":{"origin":3490,"position":3},"title":"Verkaufsoffener Sonntag 05.06.2011 in K\u00f6ln (NRW)?","author":"Thomas","date":"31. Mai 2011","format":false,"excerpt":"Verkaufsoffener Sonntag .03.2011 in K\u00f6ln? In welchem K\u00f6lner Veedel oder Stadteil sind am 05.06.2011 die Gesch\u00e4fte ge\u00f6ffnet (verkaufsoffener Sonntag)? Wir sagen Ihnen nicht nur wo sondern auch was am verkaufsoffenen Sonntag in K\u00f6ln alles geboten wird. Begleitprogramm zum verkaufsoffenen Sonnatg in K\u00f6ln mit K\u00fcnstlern und allen anderen Informationen rund um\u2026","rel":"","context":"In &quot;Verkaufsoffener Sonntag K\u00f6ln NRW&quot;","block_context":{"text":"Verkaufsoffener Sonntag K\u00f6ln NRW","link":"https:\/\/www.gaidaphotos.com\/blog\/category\/kalender-archiv\/verkaufsoffener-sonntag-koln-nrw\/"},"img":{"alt_text":"","src":"https:\/\/www.gaidaphotos.com\/blog\/wp-content\/uploads\/2020\/08\/nggallery_import\/77_","width":350,"height":200},"classes":[]},{"id":3493,"url":"https:\/\/www.gaidaphotos.com\/blog\/2011\/01\/24\/verkaufsoffener-sonntag-30-01-2011-in-koln-nrw\/","url_meta":{"origin":3490,"position":4},"title":"Verkaufsoffener Sonntag 30.01.2011 in K\u00f6ln (NRW)?","author":"Thomas","date":"24. Januar 2011","format":false,"excerpt":"Verkaufsoffener Sonntag 30.01.2011 in K\u00f6ln (NRW)? In welchem K\u00f6lner Veedel oder Stadteil sind am 30.01.211 die Gesch\u00e4fte ge\u00f6ffnet (verkaufsoffener Sonntag)? In aller Ruhe nach dem gem\u00fctlichen Fr\u00fchst\u00fcck\/Brunch\/Mittagessen einkaufen gehen. Wie sch\u00f6n w\u00e4re das heute. Wir sagen Ihnen nicht nur wo sondern auch was am verkaufsoffenen Sonntag in K\u00f6ln alles geboten\u2026","rel":"","context":"In &quot;Verkaufsoffener Sonntag K\u00f6ln NRW&quot;","block_context":{"text":"Verkaufsoffener Sonntag K\u00f6ln NRW","link":"https:\/\/www.gaidaphotos.com\/blog\/category\/kalender-archiv\/verkaufsoffener-sonntag-koln-nrw\/"},"img":{"alt_text":"","src":"https:\/\/www.gaidaphotos.com\/blog\/wp-content\/uploads\/2020\/08\/nggallery_import\/2_","width":350,"height":200},"classes":[]},{"id":3588,"url":"https:\/\/www.gaidaphotos.com\/blog\/2011\/07\/26\/verkaufsoffener-sonntag-31-07-2011-in-koeln-nrw\/","url_meta":{"origin":3490,"position":5},"title":"Verkaufsoffener Sonntag 31.07.2011 in K\u00f6ln (NRW)?","author":"Thomas","date":"26. Juli 2011","format":false,"excerpt":"Verkaufsoffener Sonntag 31.07.2011 in K\u00f6ln? In welchem K\u00f6lner Veedel oder Stadteil sind am 31.07.2011 die Gesch\u00e4fte ge\u00f6ffnet (verkaufsoffener Sonntag)? Wir sagen Ihnen nicht nur wo sondern auch was am verkaufsoffenen Sonntag in K\u00f6ln alles geboten wird. Begleitprogramm zum verkaufsoffenen Sonnatg in K\u00f6ln mit K\u00fcnstlern und allen anderen Informationen rund um\u2026","rel":"","context":"In &quot;Verkaufsoffener Sonntag K\u00f6ln NRW&quot;","block_context":{"text":"Verkaufsoffener Sonntag K\u00f6ln NRW","link":"https:\/\/www.gaidaphotos.com\/blog\/category\/kalender-archiv\/verkaufsoffener-sonntag-koln-nrw\/"},"img":{"alt_text":"","src":"https:\/\/www.gaidaphotos.com\/blog\/wp-content\/uploads\/2020\/08\/nggallery_import\/84_","width":350,"height":200},"classes":[]}],"_links":{"self":[{"href":"https:\/\/www.gaidaphotos.com\/blog\/wp-json\/wp\/v2\/posts\/3490","targetHints":{"allow":["GET"]}}],"collection":[{"href":"https:\/\/www.gaidaphotos.com\/blog\/wp-json\/wp\/v2\/posts"}],"about":[{"href":"https:\/\/www.gaidaphotos.com\/blog\/wp-json\/wp\/v2\/types\/post"}],"author":[{"embeddable":true,"href":"https:\/\/www.gaidaphotos.com\/blog\/wp-json\/wp\/v2\/users\/6"}],"replies":[{"embeddable":true,"href":"https:\/\/www.gaidaphotos.com\/blog\/wp-json\/wp\/v2\/comments?post=3490"}],"version-history":[{"count":0,"href":"https:\/\/www.gaidaphotos.com\/blog\/wp-json\/wp\/v2\/posts\/3490\/revisions"}],"wp:attachment":[{"href":"https:\/\/www.gaidaphotos.com\/blog\/wp-json\/wp\/v2\/media?parent=3490"}],"wp:term":[{"taxonomy":"category","embeddable":true,"href":"https:\/\/www.gaidaphotos.com\/blog\/wp-json\/wp\/v2\/categories?post=3490"},{"taxonomy":"post_tag","embeddable":true,"href":"https:\/\/www.gaidaphotos.com\/blog\/wp-json\/wp\/v2\/tags?post=3490"}],"curies":[{"name":"wp","href":"https:\/\/api.w.org\/{rel}","templated":true}]}}