{"id":3492,"date":"2011-01-18T16:33:26","date_gmt":"2011-01-18T15:33:26","guid":{"rendered":"http:\/\/gaidaphotos.com\/blog\/?p=3492"},"modified":"2013-12-19T11:48:52","modified_gmt":"2013-12-19T10:48:52","slug":"facebook-private-daten-neue-warnungen-gefahren","status":"publish","type":"post","link":"https:\/\/www.gaidaphotos.com\/blog\/2011\/01\/18\/facebook-private-daten-neue-warnungen-gefahren\/","title":{"rendered":"Facebook und private Daten: Neue Warnungen, neue Gefahren"},"content":{"rendered":"<h2>Facebook und private Daten: Neue Warnungen, neue Gefahren<\/h2>\n<p>Die Online Aussage der PC-World warnt gestern vor neuem Datenklau bei Facebook durch Facebook-Apps.<\/p>\n<figure style=\"width: 270px\" class=\"wp-caption alignleft\"> ngg_shortcode_0_placeholder <figcaption class=\"wp-caption-text\">Facebook und private Daten<\/figcaption><\/figure>\n<h3>Facebook gibt Ihre Anschrift an Entwickler weiter<\/h3>\n<p>Ihre private Anschrift, Ihre Handynummer und Ihre Telefonnummer geh\u00f6ren zu den Daten, die Entwickler durch Facebook unterst\u00fctzte Logins und Apps (Anwendungen) erhalten k\u00f6nnen.<\/p>\n<p>Eine neue Datenschutzregel bei Facebook l\u00e4\u00dft Sie Facebook Spiele und R\u00e4tsel oder von Facebook unterst\u00fctze Logins auf anderen Sites authorisieren auf Ihre privaten Daten zuzugreifen. (s. Facebook Entwickler Blog <\/p>\n<h3> So kommen Facebook Entwickler an Ihre Daten<\/h3>\n<p>Wenn Sie eine Facebook Anwendungen, z.B. &#8222;Farmville&#8220; oder &#8222;Gl\u00fccksnuss&#8220;, benutzen m\u00f6chten, werden Sie gebeten die Anwendungen zu authorisieren. Dabei k\u00f6nnen Ihre privaten Daten, die Sie in Ihrem Facebook Profil speichern, abgefragt werden.<br \/>\nZwar werden Sie ausdr\u00fccklich aufgefordert auch die Abfrage der Telefonummer oder der Anschrift zu erlauben, aber es ist ein &#8222;Alles oder Nichts&#8220;.<br \/>\nWer die Daten verweigert kommt auch nicht an die Anwendung.<\/p>\n<p>Da niemand die Entwickler der Apps \u00fcberwacht oder \u00fcberpr\u00fcft, \u00f6ffnet dieses Vorgehen dem Datenklau T\u00fcr und Tor. Wer ahnt schon, dass sich hinter einem kleinen Sodoku R\u00e4tsel eine SPAM Bande verbirgt, die anschlie\u00dfend SPAM SMS an Ihr Handy sendet (oder noch schlimmer gleich einen Wurm oder Trojaner).<br \/>\nUnd wer \u00fcberwacht was mit den Daten bei den Entwicklern geschieht? Werden die Daten gel\u00f6scht, wenn man sich abmeldet? Werden die Daten weiter gegeben.<br \/>\nNiemand sagt (uind niemand fragt) warum die jeweilige Anwendung die Daten \u00fcberhaupt ben\u00f6tigt.<\/p>\n<p>Das ist ein weiteres Beispiel daf\u00fcr, wie verantwortungslos Facebook mit den Daten der Usern umgeht.<\/p>\n<ul>Fr\u00fchere Artikel zu Facebook und privaten Daten<\/ul>\n<ul>\t<a href=\"https:\/\/www.gaidaphotos.com\/blog\/2010\/05\/19\/facebook-privatsphaere-sichern\/\">Facebook: Privatsph\u00e4re sichern \u2013 Warum &#038; Wie<\/a><\/ul>\n<ul><a href=\"https:\/\/www.gaidaphotos.com\/blog\/2010\/04\/08\/facebook-warengutschein-abzocke\/\">Facebook Warnung: Warengutschein Abzocke<\/a><\/ul>\n<h3>So sch\u00fctzen Sie sich vor Facebook-Datenklau durch Facebook Apps<\/h3>\n<p>Nat\u00fcrlich k\u00f6nnen Sie auf Facebook Anwendungen ganz verzichten &#8211; auch wenn das einige Freude nimmt.<br \/>\nOder Sie k\u00f6nnen Ihre Daten gar nicht erst bei Facebook speichern. Klicken Sie &#8222;Profil&#8220; und dann &#8222;Profil bearbeiten&#8220; &#8222;Kontakt Information&#8220; und anschlie\u00dfend l\u00f6schen Sie die Daten, die nicht weitergegeben werden sollen.<br \/>\nSie sollten keine private Anschrift hinterlassen sondern nur die Stadt angeben. Auch die privaten Telefonnummern sollten Sie l\u00f6schen.<\/p>\n<h3>Datenklau als Gesch\u00e4ftsmodell?<\/h3>\n<p>Nachdem das letzte gro\u00dfe Update der Facebook Site die Privatsph\u00e4re der User ernster zu nehmen schien, ist dieser neue Schritt ein Schlag in die Fresse.<\/p>\n<p>Vor allem da Apps einen gro\u00dfen Reiz von Facebook ausmachen. Die M\u00f6glichkeit gleich innerhalb von facebook spielen und sich anderweitig unterhalten zu k\u00f6nnen, macht facebook f\u00fcr die user so interessant.<br \/>\nUnd da Apps-Entwickeln teuer ist, kann man sich die kosten durch den verkauf privater Daten finanzieren.<br \/>\nMehr Apps = Mehr Facebook = Mehr User = Mehr Daten = Gr\u00f6\u00dfere Gewinne.<\/p>\n<p>Vielleicht sollten sich Facebook und Mark Zuckerberg auf Film-Geschichten konzentrieren und die Finger von privaten Daten lassen.<\/p>\n<p>Hier die ganze Story lesenlesen:<br \/>\n<a href=\"http:\/\/www.pcworld.com\/article\/216850\/facebook_gives_your_home_address_to_developers.html\" rel=\"nofollow\" target=\"_blank\">Facebook Gives Your Home Address to Developers<\/a><\/p>\n","protected":false},"excerpt":{"rendered":"<p>Facebook und private Daten: Neue Warnungen, neue Gefahren Die Online Aussage der PC-World warnt gestern vor neuem Datenklau bei Facebook<\/p>\n","protected":false},"author":6,"featured_media":0,"comment_status":"open","ping_status":"open","sticky":false,"template":"","format":"standard","meta":{"_crdt_document":"","ngg_post_thumbnail":0,"jetpack_post_was_ever_published":false,"_jetpack_newsletter_access":"","_jetpack_dont_email_post_to_subs":false,"_jetpack_newsletter_tier_id":0,"_jetpack_memberships_contains_paywalled_content":false,"_jetpack_memberships_contains_paid_content":false,"footnotes":"","jetpack_publicize_message":"","jetpack_publicize_feature_enabled":true,"jetpack_social_post_already_shared":false,"jetpack_social_options":{"image_generator_settings":{"template":"highway","default_image_id":0,"font":"","enabled":false},"version":2}},"categories":[92],"tags":[113],"class_list":["post-3492","post","type-post","status-publish","format-standard","hentry","category-social-networking","tag-nachrichten"],"yoast_head":"<!-- This site is optimized with the Yoast SEO plugin v27.5 - https:\/\/yoast.com\/product\/yoast-seo-wordpress\/ -->\n<title>Facebook und private Daten: Neue Warnungen, neue Gefahren<\/title>\n<meta name=\"description\" content=\"Facebook und private Daten: Die Online Aussage der PC-World warnt gestern vor neuem Datenklau bei Facebook durch Facebook-Apps.\" \/>\n<meta name=\"robots\" content=\"index, follow, max-snippet:-1, max-image-preview:large, max-video-preview:-1\" \/>\n<link rel=\"canonical\" href=\"https:\/\/www.gaidaphotos.com\/blog\/2011\/01\/18\/facebook-private-daten-neue-warnungen-gefahren\/\" \/>\n<meta property=\"og:locale\" content=\"de_DE\" \/>\n<meta property=\"og:type\" content=\"article\" \/>\n<meta property=\"og:title\" content=\"Facebook und private Daten: Neue Warnungen, neue Gefahren\" \/>\n<meta property=\"og:description\" content=\"Facebook und private Daten: Die Online Aussage der PC-World warnt gestern vor neuem Datenklau bei Facebook durch Facebook-Apps.\" \/>\n<meta property=\"og:url\" content=\"https:\/\/www.gaidaphotos.com\/blog\/2011\/01\/18\/facebook-private-daten-neue-warnungen-gefahren\/\" \/>\n<meta property=\"og:site_name\" content=\"K\u00f6ln Rodenkirchen und die Welt\" \/>\n<meta property=\"article:publisher\" content=\"https:\/\/www.facebook.com\/Koeln.Rodenkirchen\" \/>\n<meta property=\"article:author\" content=\"https:\/\/www.facebook.com\/gaidaphotos\" \/>\n<meta property=\"article:published_time\" content=\"2011-01-18T15:33:26+00:00\" \/>\n<meta property=\"article:modified_time\" content=\"2013-12-19T10:48:52+00:00\" \/>\n<meta name=\"author\" content=\"Thomas\" \/>\n<meta name=\"twitter:card\" content=\"summary_large_image\" \/>\n<meta name=\"twitter:creator\" content=\"@gaidaphotos\" \/>\n<meta name=\"twitter:site\" content=\"@gaidaphotos\" \/>\n<meta name=\"twitter:label1\" content=\"Verfasst von\" \/>\n\t<meta name=\"twitter:data1\" content=\"Thomas\" \/>\n\t<meta name=\"twitter:label2\" content=\"Gesch\u00e4tzte Lesezeit\" \/>\n\t<meta name=\"twitter:data2\" content=\"3\u00a0Minuten\" \/>\n<script type=\"application\/ld+json\" class=\"yoast-schema-graph\">{\"@context\":\"https:\\\/\\\/schema.org\",\"@graph\":[{\"@type\":\"Article\",\"@id\":\"https:\\\/\\\/www.gaidaphotos.com\\\/blog\\\/2011\\\/01\\\/18\\\/facebook-private-daten-neue-warnungen-gefahren\\\/#article\",\"isPartOf\":{\"@id\":\"https:\\\/\\\/www.gaidaphotos.com\\\/blog\\\/2011\\\/01\\\/18\\\/facebook-private-daten-neue-warnungen-gefahren\\\/\"},\"author\":{\"name\":\"Thomas\",\"@id\":\"https:\\\/\\\/www.gaidaphotos.com\\\/blog\\\/#\\\/schema\\\/person\\\/6c444a5b13ffc503c5c32f5a9ec68b21\"},\"headline\":\"Facebook und private Daten: Neue Warnungen, neue Gefahren\",\"datePublished\":\"2011-01-18T15:33:26+00:00\",\"dateModified\":\"2013-12-19T10:48:52+00:00\",\"mainEntityOfPage\":{\"@id\":\"https:\\\/\\\/www.gaidaphotos.com\\\/blog\\\/2011\\\/01\\\/18\\\/facebook-private-daten-neue-warnungen-gefahren\\\/\"},\"wordCount\":509,\"commentCount\":1,\"publisher\":{\"@id\":\"https:\\\/\\\/www.gaidaphotos.com\\\/blog\\\/#organization\"},\"keywords\":[\"Nachrichten\"],\"articleSection\":[\"social networking\"],\"inLanguage\":\"de\",\"potentialAction\":[{\"@type\":\"CommentAction\",\"name\":\"Comment\",\"target\":[\"https:\\\/\\\/www.gaidaphotos.com\\\/blog\\\/2011\\\/01\\\/18\\\/facebook-private-daten-neue-warnungen-gefahren\\\/#respond\"]}]},{\"@type\":\"WebPage\",\"@id\":\"https:\\\/\\\/www.gaidaphotos.com\\\/blog\\\/2011\\\/01\\\/18\\\/facebook-private-daten-neue-warnungen-gefahren\\\/\",\"url\":\"https:\\\/\\\/www.gaidaphotos.com\\\/blog\\\/2011\\\/01\\\/18\\\/facebook-private-daten-neue-warnungen-gefahren\\\/\",\"name\":\"Facebook und private Daten: Neue Warnungen, neue Gefahren\",\"isPartOf\":{\"@id\":\"https:\\\/\\\/www.gaidaphotos.com\\\/blog\\\/#website\"},\"datePublished\":\"2011-01-18T15:33:26+00:00\",\"dateModified\":\"2013-12-19T10:48:52+00:00\",\"description\":\"Facebook und private Daten: Die Online Aussage der PC-World warnt gestern vor neuem Datenklau bei Facebook durch Facebook-Apps.\",\"breadcrumb\":{\"@id\":\"https:\\\/\\\/www.gaidaphotos.com\\\/blog\\\/2011\\\/01\\\/18\\\/facebook-private-daten-neue-warnungen-gefahren\\\/#breadcrumb\"},\"inLanguage\":\"de\",\"potentialAction\":[{\"@type\":\"ReadAction\",\"target\":[\"https:\\\/\\\/www.gaidaphotos.com\\\/blog\\\/2011\\\/01\\\/18\\\/facebook-private-daten-neue-warnungen-gefahren\\\/\"]}]},{\"@type\":\"BreadcrumbList\",\"@id\":\"https:\\\/\\\/www.gaidaphotos.com\\\/blog\\\/2011\\\/01\\\/18\\\/facebook-private-daten-neue-warnungen-gefahren\\\/#breadcrumb\",\"itemListElement\":[{\"@type\":\"ListItem\",\"position\":1,\"name\":\"Startseite\",\"item\":\"https:\\\/\\\/www.gaidaphotos.com\\\/blog\\\/\"},{\"@type\":\"ListItem\",\"position\":2,\"name\":\"Facebook und private Daten: Neue Warnungen, neue Gefahren\"}]},{\"@type\":\"WebSite\",\"@id\":\"https:\\\/\\\/www.gaidaphotos.com\\\/blog\\\/#website\",\"url\":\"https:\\\/\\\/www.gaidaphotos.com\\\/blog\\\/\",\"name\":\"K\u00f6ln Rodenkirchen und die Welt\",\"description\":\"Einkaufen, Restaurants, Freizeit, Nachrichten und was uns sonst bewegt und begegnet\",\"publisher\":{\"@id\":\"https:\\\/\\\/www.gaidaphotos.com\\\/blog\\\/#organization\"},\"potentialAction\":[{\"@type\":\"SearchAction\",\"target\":{\"@type\":\"EntryPoint\",\"urlTemplate\":\"https:\\\/\\\/www.gaidaphotos.com\\\/blog\\\/?s={search_term_string}\"},\"query-input\":{\"@type\":\"PropertyValueSpecification\",\"valueRequired\":true,\"valueName\":\"search_term_string\"}}],\"inLanguage\":\"de\"},{\"@type\":\"Organization\",\"@id\":\"https:\\\/\\\/www.gaidaphotos.com\\\/blog\\\/#organization\",\"name\":\"gaidaphotos\",\"url\":\"https:\\\/\\\/www.gaidaphotos.com\\\/blog\\\/\",\"logo\":{\"@type\":\"ImageObject\",\"inLanguage\":\"de\",\"@id\":\"https:\\\/\\\/www.gaidaphotos.com\\\/blog\\\/#\\\/schema\\\/logo\\\/image\\\/\",\"url\":\"https:\\\/\\\/i0.wp.com\\\/www.gaidaphotos.com\\\/blog\\\/wp-content\\\/uploads\\\/2020\\\/07\\\/GAIDAPHOTOS-COM.jpg?fit=160%2C96&ssl=1\",\"contentUrl\":\"https:\\\/\\\/i0.wp.com\\\/www.gaidaphotos.com\\\/blog\\\/wp-content\\\/uploads\\\/2020\\\/07\\\/GAIDAPHOTOS-COM.jpg?fit=160%2C96&ssl=1\",\"width\":160,\"height\":96,\"caption\":\"gaidaphotos\"},\"image\":{\"@id\":\"https:\\\/\\\/www.gaidaphotos.com\\\/blog\\\/#\\\/schema\\\/logo\\\/image\\\/\"},\"sameAs\":[\"https:\\\/\\\/www.facebook.com\\\/Koeln.Rodenkirchen\",\"https:\\\/\\\/x.com\\\/gaidaphotos\",\"https:\\\/\\\/instagram.com\\\/gaidaphotos\\\/\",\"https:\\\/\\\/de.linkedin.com\\\/in\\\/gaidaphotos\",\"https:\\\/\\\/myspace.com\\\/gaidaphotos\",\"https:\\\/\\\/www.pinterest.com\\\/gaidaphotos\\\/\",\"https:\\\/\\\/www.youtube.com\\\/user\\\/gaidaphotos\"]},{\"@type\":\"Person\",\"@id\":\"https:\\\/\\\/www.gaidaphotos.com\\\/blog\\\/#\\\/schema\\\/person\\\/6c444a5b13ffc503c5c32f5a9ec68b21\",\"name\":\"Thomas\",\"sameAs\":[\"https:\\\/\\\/www.gaidaphotos.com\",\"https:\\\/\\\/www.facebook.com\\\/gaidaphotos\",\"https:\\\/\\\/instagram.com\\\/gaidaphotos\\\/\",\"https:\\\/\\\/www.linkedin.com\\\/in\\\/gaidaphotos\",\"http:\\\/\\\/www.pinterest.com\\\/gaidaphotos\\\/\",\"https:\\\/\\\/x.com\\\/gaidaphotos\",\"https:\\\/\\\/myspace.com\\\/gaidaphotos\",\"https:\\\/\\\/www.youtube.com\\\/user\\\/gaidaphotos\",\"https:\\\/\\\/gaidaphotos.tumblr.com\\\/\"]}]}<\/script>\n<!-- \/ Yoast SEO plugin. -->","yoast_head_json":{"title":"Facebook und private Daten: Neue Warnungen, neue Gefahren","description":"Facebook und private Daten: Die Online Aussage der PC-World warnt gestern vor neuem Datenklau bei Facebook durch Facebook-Apps.","robots":{"index":"index","follow":"follow","max-snippet":"max-snippet:-1","max-image-preview":"max-image-preview:large","max-video-preview":"max-video-preview:-1"},"canonical":"https:\/\/www.gaidaphotos.com\/blog\/2011\/01\/18\/facebook-private-daten-neue-warnungen-gefahren\/","og_locale":"de_DE","og_type":"article","og_title":"Facebook und private Daten: Neue Warnungen, neue Gefahren","og_description":"Facebook und private Daten: Die Online Aussage der PC-World warnt gestern vor neuem Datenklau bei Facebook durch Facebook-Apps.","og_url":"https:\/\/www.gaidaphotos.com\/blog\/2011\/01\/18\/facebook-private-daten-neue-warnungen-gefahren\/","og_site_name":"K\u00f6ln Rodenkirchen und die Welt","article_publisher":"https:\/\/www.facebook.com\/Koeln.Rodenkirchen","article_author":"https:\/\/www.facebook.com\/gaidaphotos","article_published_time":"2011-01-18T15:33:26+00:00","article_modified_time":"2013-12-19T10:48:52+00:00","author":"Thomas","twitter_card":"summary_large_image","twitter_creator":"@gaidaphotos","twitter_site":"@gaidaphotos","twitter_misc":{"Verfasst von":"Thomas","Gesch\u00e4tzte Lesezeit":"3\u00a0Minuten"},"schema":{"@context":"https:\/\/schema.org","@graph":[{"@type":"Article","@id":"https:\/\/www.gaidaphotos.com\/blog\/2011\/01\/18\/facebook-private-daten-neue-warnungen-gefahren\/#article","isPartOf":{"@id":"https:\/\/www.gaidaphotos.com\/blog\/2011\/01\/18\/facebook-private-daten-neue-warnungen-gefahren\/"},"author":{"name":"Thomas","@id":"https:\/\/www.gaidaphotos.com\/blog\/#\/schema\/person\/6c444a5b13ffc503c5c32f5a9ec68b21"},"headline":"Facebook und private Daten: Neue Warnungen, neue Gefahren","datePublished":"2011-01-18T15:33:26+00:00","dateModified":"2013-12-19T10:48:52+00:00","mainEntityOfPage":{"@id":"https:\/\/www.gaidaphotos.com\/blog\/2011\/01\/18\/facebook-private-daten-neue-warnungen-gefahren\/"},"wordCount":509,"commentCount":1,"publisher":{"@id":"https:\/\/www.gaidaphotos.com\/blog\/#organization"},"keywords":["Nachrichten"],"articleSection":["social networking"],"inLanguage":"de","potentialAction":[{"@type":"CommentAction","name":"Comment","target":["https:\/\/www.gaidaphotos.com\/blog\/2011\/01\/18\/facebook-private-daten-neue-warnungen-gefahren\/#respond"]}]},{"@type":"WebPage","@id":"https:\/\/www.gaidaphotos.com\/blog\/2011\/01\/18\/facebook-private-daten-neue-warnungen-gefahren\/","url":"https:\/\/www.gaidaphotos.com\/blog\/2011\/01\/18\/facebook-private-daten-neue-warnungen-gefahren\/","name":"Facebook und private Daten: Neue Warnungen, neue Gefahren","isPartOf":{"@id":"https:\/\/www.gaidaphotos.com\/blog\/#website"},"datePublished":"2011-01-18T15:33:26+00:00","dateModified":"2013-12-19T10:48:52+00:00","description":"Facebook und private Daten: Die Online Aussage der PC-World warnt gestern vor neuem Datenklau bei Facebook durch Facebook-Apps.","breadcrumb":{"@id":"https:\/\/www.gaidaphotos.com\/blog\/2011\/01\/18\/facebook-private-daten-neue-warnungen-gefahren\/#breadcrumb"},"inLanguage":"de","potentialAction":[{"@type":"ReadAction","target":["https:\/\/www.gaidaphotos.com\/blog\/2011\/01\/18\/facebook-private-daten-neue-warnungen-gefahren\/"]}]},{"@type":"BreadcrumbList","@id":"https:\/\/www.gaidaphotos.com\/blog\/2011\/01\/18\/facebook-private-daten-neue-warnungen-gefahren\/#breadcrumb","itemListElement":[{"@type":"ListItem","position":1,"name":"Startseite","item":"https:\/\/www.gaidaphotos.com\/blog\/"},{"@type":"ListItem","position":2,"name":"Facebook und private Daten: Neue Warnungen, neue Gefahren"}]},{"@type":"WebSite","@id":"https:\/\/www.gaidaphotos.com\/blog\/#website","url":"https:\/\/www.gaidaphotos.com\/blog\/","name":"K\u00f6ln Rodenkirchen und die Welt","description":"Einkaufen, Restaurants, Freizeit, Nachrichten und was uns sonst bewegt und begegnet","publisher":{"@id":"https:\/\/www.gaidaphotos.com\/blog\/#organization"},"potentialAction":[{"@type":"SearchAction","target":{"@type":"EntryPoint","urlTemplate":"https:\/\/www.gaidaphotos.com\/blog\/?s={search_term_string}"},"query-input":{"@type":"PropertyValueSpecification","valueRequired":true,"valueName":"search_term_string"}}],"inLanguage":"de"},{"@type":"Organization","@id":"https:\/\/www.gaidaphotos.com\/blog\/#organization","name":"gaidaphotos","url":"https:\/\/www.gaidaphotos.com\/blog\/","logo":{"@type":"ImageObject","inLanguage":"de","@id":"https:\/\/www.gaidaphotos.com\/blog\/#\/schema\/logo\/image\/","url":"https:\/\/i0.wp.com\/www.gaidaphotos.com\/blog\/wp-content\/uploads\/2020\/07\/GAIDAPHOTOS-COM.jpg?fit=160%2C96&ssl=1","contentUrl":"https:\/\/i0.wp.com\/www.gaidaphotos.com\/blog\/wp-content\/uploads\/2020\/07\/GAIDAPHOTOS-COM.jpg?fit=160%2C96&ssl=1","width":160,"height":96,"caption":"gaidaphotos"},"image":{"@id":"https:\/\/www.gaidaphotos.com\/blog\/#\/schema\/logo\/image\/"},"sameAs":["https:\/\/www.facebook.com\/Koeln.Rodenkirchen","https:\/\/x.com\/gaidaphotos","https:\/\/instagram.com\/gaidaphotos\/","https:\/\/de.linkedin.com\/in\/gaidaphotos","https:\/\/myspace.com\/gaidaphotos","https:\/\/www.pinterest.com\/gaidaphotos\/","https:\/\/www.youtube.com\/user\/gaidaphotos"]},{"@type":"Person","@id":"https:\/\/www.gaidaphotos.com\/blog\/#\/schema\/person\/6c444a5b13ffc503c5c32f5a9ec68b21","name":"Thomas","sameAs":["https:\/\/www.gaidaphotos.com","https:\/\/www.facebook.com\/gaidaphotos","https:\/\/instagram.com\/gaidaphotos\/","https:\/\/www.linkedin.com\/in\/gaidaphotos","http:\/\/www.pinterest.com\/gaidaphotos\/","https:\/\/x.com\/gaidaphotos","https:\/\/myspace.com\/gaidaphotos","https:\/\/www.youtube.com\/user\/gaidaphotos","https:\/\/gaidaphotos.tumblr.com\/"]}]}},"jetpack_publicize_connections":[],"jetpack_featured_media_url":"","jetpack_sharing_enabled":true,"jetpack_likes_enabled":true,"jetpack-related-posts":[{"id":2889,"url":"https:\/\/www.gaidaphotos.com\/blog\/2010\/05\/19\/facebook-privatsphaere-sichern\/","url_meta":{"origin":3492,"position":0},"title":"Facebook: Privatsph\u00e4re sichern \u2013 Warum &#038; Wie","author":"Thomas","date":"19. Mai 2010","format":false,"excerpt":"Warum und Wie Sie Ihre Privatsph\u00e4re bei Facebook sichern. Die Volksseele kocht! Seid Wochen gibt es Verletzungen von Datenschutz und Privatsph\u00e4re bei Facebook. Wir sagen Ihnen was passiert ist und warum es gef\u00e4hrlich war. Und wir zeigen Ihnen wie Sie Ihre Privatsp\u00e4re bei Facebook umfassend sch\u00fctzen. Werden Sie Fan von\u2026","rel":"","context":"In &quot;social networking&quot;","block_context":{"text":"social networking","link":"https:\/\/www.gaidaphotos.com\/blog\/category\/neuigkeiten\/social-networking\/"},"img":{"alt_text":"Facebook Privatsph\u00e4re Datenschutz","src":"https:\/\/i0.wp.com\/www.gaidaphotos.com\/blog\/wp-content\/uploads\/2010\/05\/facebook-gaidaphotos.jpg?resize=350%2C200&ssl=1","width":350,"height":200},"classes":[]},{"id":2781,"url":"https:\/\/www.gaidaphotos.com\/blog\/2010\/04\/08\/facebook-warengutschein-abzocke\/","url_meta":{"origin":3492,"position":1},"title":"Facebook Warnung: Warengutschein Abzocke","author":"Thomas","date":"8. April 2010","format":false,"excerpt":"Bekommt Facebook die Warengutschein Abzocke in den Griff? Selbst so ein ausgebuffter PC und Internetprofi wie Hans M. (Name ge\u00e4ndert) ist auf die neueste Abzocke bei Facebook beinahe hereingefallen. Er klickte den Link zu einer Facebook Fan-Seite eines Unternehmens im DAX und folgte einem tollen Angebot: Wenn er als einer\u2026","rel":"","context":"In &quot;social networking&quot;","block_context":{"text":"social networking","link":"https:\/\/www.gaidaphotos.com\/blog\/category\/neuigkeiten\/social-networking\/"},"img":{"alt_text":"","src":"https:\/\/i0.wp.com\/badge.facebook.com\/badge\/140331692895.3371.1367086517.png?resize=350%2C200","width":350,"height":200},"classes":[]},{"id":2708,"url":"https:\/\/www.gaidaphotos.com\/blog\/2010\/03\/18\/facebook-warnung-spam\/","url_meta":{"origin":3492,"position":2},"title":"Facebook Warnung: Gef\u00e4hrliche SPAM Mails unterwegs.","author":"Thomas","date":"18. M\u00e4rz 2010","format":false,"excerpt":"Achtung Facebook User: Gef\u00e4hrliche Mail mit Trojaner unterwegs! Wir haben es selbst erlebt und jetzt warnt auch McAffee vor den gef\u00e4hrlichen Facebook SPAM Mails. \u00dcber 400 Millionen dieser Mails sollen in den letzten Tagen versandt worden sein. Wir haben schon vor Wochen die ersten Mails dieser Art erhalten. Mit einer\u2026","rel":"","context":"In &quot;social networking&quot;","block_context":{"text":"social networking","link":"https:\/\/www.gaidaphotos.com\/blog\/category\/neuigkeiten\/social-networking\/"},"img":{"alt_text":"Facebook warnung","src":"https:\/\/i0.wp.com\/www.gaidaphotos.com\/blog\/wp-content\/uploads\/2010\/03\/facebook-warnung-spam.jpg?resize=350%2C200&ssl=1","width":350,"height":200,"srcset":"https:\/\/i0.wp.com\/www.gaidaphotos.com\/blog\/wp-content\/uploads\/2010\/03\/facebook-warnung-spam.jpg?resize=350%2C200&ssl=1 1x, https:\/\/i0.wp.com\/www.gaidaphotos.com\/blog\/wp-content\/uploads\/2010\/03\/facebook-warnung-spam.jpg?resize=525%2C300&ssl=1 1.5x, https:\/\/i0.wp.com\/www.gaidaphotos.com\/blog\/wp-content\/uploads\/2010\/03\/facebook-warnung-spam.jpg?resize=700%2C400&ssl=1 2x"},"classes":[]},{"id":2257,"url":"https:\/\/www.gaidaphotos.com\/blog\/2009\/11\/18\/facebook-wurm-unterwegs-koobface\/","url_meta":{"origin":3492,"position":3},"title":"Facebook Warnung: Gef\u00e4hrlicher Wurm (Koobface) unterwegs","author":"01726903617@vodafone.de","date":"18. November 2009","format":false,"excerpt":"Die amerikanische PC World warnte vor ein paar Tagen vor einem gef\u00e4hrlicher gewordenen Wurm namens \"Koobface\", der bei Facebook unterwegs ist und Facebook Nutzer \"bef\u00e4llt\". PC World Seit Mitte 2008 bef\u00e4llt der Wurm \"Koobface\" Facebook Profile. Dazu \u00fcbernimmt er die Kontrolle des Nutzer-PC und schickt an alle Facebook Freunde Nachrichten\u2026","rel":"","context":"In &quot;social networking&quot;","block_context":{"text":"social networking","link":"https:\/\/www.gaidaphotos.com\/blog\/category\/neuigkeiten\/social-networking\/"},"img":{"alt_text":"Facebook Gefahr: Wurm unterwegs","src":"https:\/\/i0.wp.com\/www.gaidaphotos.com\/bonus\/birthday\/schlange.jpg?resize=350%2C200&ssl=1","width":350,"height":200},"classes":[]},{"id":625,"url":"https:\/\/www.gaidaphotos.com\/blog\/2009\/05\/21\/maastricht-einkaufen-auf-dem-flohmarkt-foto\/","url_meta":{"origin":3492,"position":4},"title":"Maastricht: Einkaufen auf dem Flohmarkt (Foto)","author":"Thomas","date":"21. Mai 2009","format":false,"excerpt":"Wenn in Deutschland an Feiertag die L\u00e4den geschlossen sind kann man in Maastricht toll Einkaufen. Noch besser ist es, wenn Flohmarkt ist. Erg\u00e4nzung M\u00e4rz 2014: Die neuen Flohmarkttermine f\u00fcr Maastricht (Holland) 2014 sind da! Wenn Sie automatisch \u00fcber die Daten f\u00fcr Flohm\u00e4rkte in Holland informiert werden m\u00f6chten, abonnieren Sie unsere\u2026","rel":"","context":"In &quot;17&quot;","block_context":{"text":"17","link":"https:\/\/www.gaidaphotos.com\/blog\/category\/mobile_news_von_unterwegs\/mobile_news_von_unterwegs-n95\/"},"img":{"alt_text":"","src":"","width":0,"height":0},"classes":[]},{"id":748,"url":"https:\/\/www.gaidaphotos.com\/blog\/2009\/06\/19\/maastricht-holland-flohmarkt\/","url_meta":{"origin":3492,"position":5},"title":"Maastricht (Holland): Einkaufen auf dem Flohmarkt","author":"Thomas","date":"19. Juni 2009","format":false,"excerpt":"Maastricht (Holland):\u00a0Einkaufen auf dem Flohmarkt \u00a0Hier noch ein paar Impressionen vom letzten Einkaufen auf dem Flohmarkt in Maastricht. Die Termine f\u00fcr den n\u00e4chsten Flohmarkt: Erg\u00e4nzung M\u00e4rz 2014: Die neuen Flohmarkttermine f\u00fcr Maastricht (Holland) 2014 sind da! Wenn Sie automatisch \u00fcber die Daten f\u00fcr Flohm\u00e4rkte in Holland informiert werden m\u00f6chten, abonnieren\u2026","rel":"","context":"In &quot;Holland&quot;","block_context":{"text":"Holland","link":"https:\/\/www.gaidaphotos.com\/blog\/category\/reise\/holland\/"},"img":{"alt_text":"Maastricht Holland: Flohmarkt am Stadthaus","src":"https:\/\/i0.wp.com\/www.gaidaphotos.com\/blog\/wp-content\/uploads\/2009\/06\/maastricht-holland-einkaufen-troedelmarkt-300x225.jpg?resize=350%2C200&ssl=1","width":350,"height":200},"classes":[]}],"_links":{"self":[{"href":"https:\/\/www.gaidaphotos.com\/blog\/wp-json\/wp\/v2\/posts\/3492","targetHints":{"allow":["GET"]}}],"collection":[{"href":"https:\/\/www.gaidaphotos.com\/blog\/wp-json\/wp\/v2\/posts"}],"about":[{"href":"https:\/\/www.gaidaphotos.com\/blog\/wp-json\/wp\/v2\/types\/post"}],"author":[{"embeddable":true,"href":"https:\/\/www.gaidaphotos.com\/blog\/wp-json\/wp\/v2\/users\/6"}],"replies":[{"embeddable":true,"href":"https:\/\/www.gaidaphotos.com\/blog\/wp-json\/wp\/v2\/comments?post=3492"}],"version-history":[{"count":0,"href":"https:\/\/www.gaidaphotos.com\/blog\/wp-json\/wp\/v2\/posts\/3492\/revisions"}],"wp:attachment":[{"href":"https:\/\/www.gaidaphotos.com\/blog\/wp-json\/wp\/v2\/media?parent=3492"}],"wp:term":[{"taxonomy":"category","embeddable":true,"href":"https:\/\/www.gaidaphotos.com\/blog\/wp-json\/wp\/v2\/categories?post=3492"},{"taxonomy":"post_tag","embeddable":true,"href":"https:\/\/www.gaidaphotos.com\/blog\/wp-json\/wp\/v2\/tags?post=3492"}],"curies":[{"name":"wp","href":"https:\/\/api.w.org\/{rel}","templated":true}]}}