{"id":3500,"date":"2011-02-08T17:56:59","date_gmt":"2011-02-08T16:56:59","guid":{"rendered":"http:\/\/www.gaidaphotos.com\/blog\/?p=3500"},"modified":"2020-12-12T13:19:12","modified_gmt":"2020-12-12T12:19:12","slug":"kamelien-fotos-in-der-flora-in-koeln","status":"publish","type":"post","link":"https:\/\/www.gaidaphotos.com\/blog\/2011\/02\/08\/kamelien-fotos-in-der-flora-in-koeln\/","title":{"rendered":"Kamelien-Fotos in der Flora in K\u00f6ln schie\u00dfen"},"content":{"rendered":"<h2>Kamelien-Fotos in der Flora in K\u00f6ln schie\u00dfen<\/h2>\n<p>Es ist wieder soweit. Der Karneval und das Winterende nahen und die Kamelien in der K\u00f6lner Flora bl\u00fchen. Zeit die Kamera einzupacken und Kamlien-Fotos zu schie\u00dfen.<\/p>\n<h3>Wer oder Was sind Kamelien?<\/h3>\n<p>Die Kamelien (Camellia) sind eine Pflanzengattung aus der Familie der Teestrauchgew\u00e4chse (Theaceae).<br \/>\nKamelien sind immergr\u00fcne B\u00e4ume oder Str\u00e4ucher. Die bekannteste Art der Gattung ist der Teestrauch und auch von wenigen weiteren Arten werden die Bl\u00e4tter zur Teegewinnung verwendet. Einige Arten und viele Hybriden werden als Zierpflanzen genutzt. Es gibt eine Reihe von Arten die zur Produktion von Kamelien\u00f6l verwendet werden. Es gibt auch Arten mit essbaren Bl\u00fcten. mehr lesen bei Wikipedia <a href=\"http:\/\/de.wikipedia.org\/wiki\/Kamelien\" target=\"_blank&quot;\" rel=\"nofollow noopener\">Kamelien<\/a><\/p>\nngg_shortcode_0_placeholder\n<h3>Tips f\u00fcr die Kamelien-Fotos<\/h3>\n<p>Die Bl\u00fcten sind sehr gro\u00df und zart und feingliedrig. Die Bl\u00fcten der Kamelien kommen in der Nahaufnahme auf Fotos besonders gut zur Geltung.<br \/>\nEntscheiden Sie, ob der Bl\u00fctenkelch und die Bl\u00e4tter scharf erscheinen sollen. F\u00fcr m\u00f6glichst viel Sch\u00e4rfe(ntiefe) w\u00e4hlen Sie eine niedrige Blende. Versuchen Sie die A-Depth Funktion Ihrer Kamera. Das sollte eine Blende w\u00e4hlen, bei der die wesentlichen Bildelemente scharf gestellt werden.<br \/>\nWenn Sie die Bl\u00fcte vor unscharfem Hintergrund fotografieren m\u00f6chten, m\u00fcssen Sie eine gro\u00dfe Blende w\u00e4hlen. Das erforderliche Licht ist leider im Gew\u00e4chshaus der Flora nicht ausreichend vorhanden. ISO Wert erh\u00f6hen oder (besser) ein Stativ mitnehmen.<br \/>\nMachen Sie mehrere Fotos mit unterschiedlicher Belichtung mit Stativ und f\u00fcgen Sie die Fotos der Kamelien sp\u00e4ter mit HDR Software zu einem perfekten Bild zusammen.<br \/>\nMessen Sie einen Punkt mittlerer Helligkeit aus der B\u00fcte mit der Spotmessung Ihrer Kamera. So stellen Sie sicher, dass die Bl\u00fcte ausgewogen belichtet ist und der dunkle Hintergrund das Bild nicht zu hell macht.<\/p>\n<p>Hier erkennen Sie die Vorteile einer SLR-Kamera (Spiegelreflex) mit dem gro\u00dfen Bildsensor. Diese Kameras k\u00f6nnen in den Kamelien Fotos wesentlich mehr Detail und Helligkeitsunterschiede abbilden.<\/p>\n<p>Kamelien-Ausstellung im Botanischen Garten &#8222;Fern\u00f6stlicher Bl\u00fctenzauber&#8220; im Subtropenschauhaus t\u00e4glich 10 bis 16 Uhr bis (voraussichtlich) 10. April 2011<br \/>\nDa immer wieder verschiedene Kamlien bl\u00fchen sollten Sie am Anfang und am Ende der Ausstellung Kamelien Fotos schie\u00dfen.<\/p>\n<p>Flora und Botanischer Garten<br \/>\nAlter Stammheimer Weg (Haupteingang)<br \/>\n50735 K\u00f6ln &#8211; Riehl<\/p>\n","protected":false},"excerpt":{"rendered":"<p>Kamelien-Fotos in der Flora in K\u00f6ln schie\u00dfen Es ist wieder soweit. Der Karneval und das Winterende nahen und die Kamelien<\/p>\n","protected":false},"author":6,"featured_media":0,"comment_status":"open","ping_status":"open","sticky":false,"template":"","format":"standard","meta":{"_crdt_document":"","ngg_post_thumbnail":0,"jetpack_post_was_ever_published":false,"_jetpack_newsletter_access":"","_jetpack_dont_email_post_to_subs":false,"_jetpack_newsletter_tier_id":0,"_jetpack_memberships_contains_paywalled_content":false,"_jetpack_memberships_contains_paid_content":false,"footnotes":"","jetpack_publicize_message":"","jetpack_publicize_feature_enabled":true,"jetpack_social_post_already_shared":false,"jetpack_social_options":{"image_generator_settings":{"template":"highway","default_image_id":0,"font":"","enabled":false},"version":2}},"categories":[215,74,282],"tags":[557,307,86,102,544],"class_list":["post-3500","post","type-post","status-publish","format-standard","hentry","category-ausflug","category-foto","category-foto-kurs-fotografieren","tag-foto-kurs","tag-foto-tips","tag-fotografie","tag-freizeit","tag-koeln"],"yoast_head":"<!-- This site is optimized with the Yoast SEO plugin v27.5 - https:\/\/yoast.com\/product\/yoast-seo-wordpress\/ -->\n<title>Kamelien in der Flora in K\u00f6ln schie\u00dfen<\/title>\n<meta name=\"description\" content=\"Kamelien Fotos aus der Flora in K\u00f6ln - F\u00fchrung, Info, Fototips\" \/>\n<meta name=\"robots\" content=\"index, follow, max-snippet:-1, max-image-preview:large, max-video-preview:-1\" \/>\n<link rel=\"canonical\" href=\"https:\/\/www.gaidaphotos.com\/blog\/2011\/02\/08\/kamelien-fotos-in-der-flora-in-koeln\/\" \/>\n<meta property=\"og:locale\" content=\"de_DE\" \/>\n<meta property=\"og:type\" content=\"article\" \/>\n<meta property=\"og:title\" content=\"Kamelien in der Flora in K\u00f6ln schie\u00dfen\" \/>\n<meta property=\"og:description\" content=\"Kamelien Fotos aus der Flora in K\u00f6ln - F\u00fchrung, Info, Fototips\" \/>\n<meta property=\"og:url\" content=\"https:\/\/www.gaidaphotos.com\/blog\/2011\/02\/08\/kamelien-fotos-in-der-flora-in-koeln\/\" \/>\n<meta property=\"og:site_name\" content=\"K\u00f6ln Rodenkirchen und die Welt\" \/>\n<meta property=\"article:publisher\" content=\"https:\/\/www.facebook.com\/Koeln.Rodenkirchen\" \/>\n<meta property=\"article:author\" content=\"https:\/\/www.facebook.com\/gaidaphotos\" \/>\n<meta property=\"article:published_time\" content=\"2011-02-08T16:56:59+00:00\" \/>\n<meta property=\"article:modified_time\" content=\"2020-12-12T12:19:12+00:00\" \/>\n<meta name=\"author\" content=\"Thomas\" \/>\n<meta name=\"twitter:card\" content=\"summary_large_image\" \/>\n<meta name=\"twitter:creator\" content=\"@gaidaphotos\" \/>\n<meta name=\"twitter:site\" content=\"@gaidaphotos\" \/>\n<meta name=\"twitter:label1\" content=\"Verfasst von\" \/>\n\t<meta name=\"twitter:data1\" content=\"Thomas\" \/>\n\t<meta name=\"twitter:label2\" content=\"Gesch\u00e4tzte Lesezeit\" \/>\n\t<meta name=\"twitter:data2\" content=\"2\u00a0Minuten\" \/>\n<script type=\"application\/ld+json\" class=\"yoast-schema-graph\">{\"@context\":\"https:\\\/\\\/schema.org\",\"@graph\":[{\"@type\":\"Article\",\"@id\":\"https:\\\/\\\/www.gaidaphotos.com\\\/blog\\\/2011\\\/02\\\/08\\\/kamelien-fotos-in-der-flora-in-koeln\\\/#article\",\"isPartOf\":{\"@id\":\"https:\\\/\\\/www.gaidaphotos.com\\\/blog\\\/2011\\\/02\\\/08\\\/kamelien-fotos-in-der-flora-in-koeln\\\/\"},\"author\":{\"name\":\"Thomas\",\"@id\":\"https:\\\/\\\/www.gaidaphotos.com\\\/blog\\\/#\\\/schema\\\/person\\\/6c444a5b13ffc503c5c32f5a9ec68b21\"},\"headline\":\"Kamelien-Fotos in der Flora in K\u00f6ln schie\u00dfen\",\"datePublished\":\"2011-02-08T16:56:59+00:00\",\"dateModified\":\"2020-12-12T12:19:12+00:00\",\"mainEntityOfPage\":{\"@id\":\"https:\\\/\\\/www.gaidaphotos.com\\\/blog\\\/2011\\\/02\\\/08\\\/kamelien-fotos-in-der-flora-in-koeln\\\/\"},\"wordCount\":399,\"commentCount\":3,\"publisher\":{\"@id\":\"https:\\\/\\\/www.gaidaphotos.com\\\/blog\\\/#organization\"},\"keywords\":[\"Foto-Kurs\",\"Foto-Tips\",\"Fotografie\",\"Freizeit-Ideen\",\"K\u00f6ln\"],\"articleSection\":[\"Ausflug\",\"Foto\",\"Foto-Kurs : Fotografieren\"],\"inLanguage\":\"de\",\"potentialAction\":[{\"@type\":\"CommentAction\",\"name\":\"Comment\",\"target\":[\"https:\\\/\\\/www.gaidaphotos.com\\\/blog\\\/2011\\\/02\\\/08\\\/kamelien-fotos-in-der-flora-in-koeln\\\/#respond\"]}]},{\"@type\":\"WebPage\",\"@id\":\"https:\\\/\\\/www.gaidaphotos.com\\\/blog\\\/2011\\\/02\\\/08\\\/kamelien-fotos-in-der-flora-in-koeln\\\/\",\"url\":\"https:\\\/\\\/www.gaidaphotos.com\\\/blog\\\/2011\\\/02\\\/08\\\/kamelien-fotos-in-der-flora-in-koeln\\\/\",\"name\":\"Kamelien in der Flora in K\u00f6ln schie\u00dfen\",\"isPartOf\":{\"@id\":\"https:\\\/\\\/www.gaidaphotos.com\\\/blog\\\/#website\"},\"datePublished\":\"2011-02-08T16:56:59+00:00\",\"dateModified\":\"2020-12-12T12:19:12+00:00\",\"description\":\"Kamelien Fotos aus der Flora in K\u00f6ln - F\u00fchrung, Info, Fototips\",\"breadcrumb\":{\"@id\":\"https:\\\/\\\/www.gaidaphotos.com\\\/blog\\\/2011\\\/02\\\/08\\\/kamelien-fotos-in-der-flora-in-koeln\\\/#breadcrumb\"},\"inLanguage\":\"de\",\"potentialAction\":[{\"@type\":\"ReadAction\",\"target\":[\"https:\\\/\\\/www.gaidaphotos.com\\\/blog\\\/2011\\\/02\\\/08\\\/kamelien-fotos-in-der-flora-in-koeln\\\/\"]}]},{\"@type\":\"BreadcrumbList\",\"@id\":\"https:\\\/\\\/www.gaidaphotos.com\\\/blog\\\/2011\\\/02\\\/08\\\/kamelien-fotos-in-der-flora-in-koeln\\\/#breadcrumb\",\"itemListElement\":[{\"@type\":\"ListItem\",\"position\":1,\"name\":\"Startseite\",\"item\":\"https:\\\/\\\/www.gaidaphotos.com\\\/blog\\\/\"},{\"@type\":\"ListItem\",\"position\":2,\"name\":\"Kamelien-Fotos in der Flora in K\u00f6ln schie\u00dfen\"}]},{\"@type\":\"WebSite\",\"@id\":\"https:\\\/\\\/www.gaidaphotos.com\\\/blog\\\/#website\",\"url\":\"https:\\\/\\\/www.gaidaphotos.com\\\/blog\\\/\",\"name\":\"K\u00f6ln Rodenkirchen und die Welt\",\"description\":\"Einkaufen, Restaurants, Freizeit, Nachrichten und was uns sonst bewegt und begegnet\",\"publisher\":{\"@id\":\"https:\\\/\\\/www.gaidaphotos.com\\\/blog\\\/#organization\"},\"potentialAction\":[{\"@type\":\"SearchAction\",\"target\":{\"@type\":\"EntryPoint\",\"urlTemplate\":\"https:\\\/\\\/www.gaidaphotos.com\\\/blog\\\/?s={search_term_string}\"},\"query-input\":{\"@type\":\"PropertyValueSpecification\",\"valueRequired\":true,\"valueName\":\"search_term_string\"}}],\"inLanguage\":\"de\"},{\"@type\":\"Organization\",\"@id\":\"https:\\\/\\\/www.gaidaphotos.com\\\/blog\\\/#organization\",\"name\":\"gaidaphotos\",\"url\":\"https:\\\/\\\/www.gaidaphotos.com\\\/blog\\\/\",\"logo\":{\"@type\":\"ImageObject\",\"inLanguage\":\"de\",\"@id\":\"https:\\\/\\\/www.gaidaphotos.com\\\/blog\\\/#\\\/schema\\\/logo\\\/image\\\/\",\"url\":\"https:\\\/\\\/i0.wp.com\\\/www.gaidaphotos.com\\\/blog\\\/wp-content\\\/uploads\\\/2020\\\/07\\\/GAIDAPHOTOS-COM.jpg?fit=160%2C96&ssl=1\",\"contentUrl\":\"https:\\\/\\\/i0.wp.com\\\/www.gaidaphotos.com\\\/blog\\\/wp-content\\\/uploads\\\/2020\\\/07\\\/GAIDAPHOTOS-COM.jpg?fit=160%2C96&ssl=1\",\"width\":160,\"height\":96,\"caption\":\"gaidaphotos\"},\"image\":{\"@id\":\"https:\\\/\\\/www.gaidaphotos.com\\\/blog\\\/#\\\/schema\\\/logo\\\/image\\\/\"},\"sameAs\":[\"https:\\\/\\\/www.facebook.com\\\/Koeln.Rodenkirchen\",\"https:\\\/\\\/x.com\\\/gaidaphotos\",\"https:\\\/\\\/instagram.com\\\/gaidaphotos\\\/\",\"https:\\\/\\\/de.linkedin.com\\\/in\\\/gaidaphotos\",\"https:\\\/\\\/myspace.com\\\/gaidaphotos\",\"https:\\\/\\\/www.pinterest.com\\\/gaidaphotos\\\/\",\"https:\\\/\\\/www.youtube.com\\\/user\\\/gaidaphotos\"]},{\"@type\":\"Person\",\"@id\":\"https:\\\/\\\/www.gaidaphotos.com\\\/blog\\\/#\\\/schema\\\/person\\\/6c444a5b13ffc503c5c32f5a9ec68b21\",\"name\":\"Thomas\",\"sameAs\":[\"https:\\\/\\\/www.gaidaphotos.com\",\"https:\\\/\\\/www.facebook.com\\\/gaidaphotos\",\"https:\\\/\\\/instagram.com\\\/gaidaphotos\\\/\",\"https:\\\/\\\/www.linkedin.com\\\/in\\\/gaidaphotos\",\"http:\\\/\\\/www.pinterest.com\\\/gaidaphotos\\\/\",\"https:\\\/\\\/x.com\\\/gaidaphotos\",\"https:\\\/\\\/myspace.com\\\/gaidaphotos\",\"https:\\\/\\\/www.youtube.com\\\/user\\\/gaidaphotos\",\"https:\\\/\\\/gaidaphotos.tumblr.com\\\/\"]}]}<\/script>\n<!-- \/ Yoast SEO plugin. -->","yoast_head_json":{"title":"Kamelien in der Flora in K\u00f6ln schie\u00dfen","description":"Kamelien Fotos aus der Flora in K\u00f6ln - F\u00fchrung, Info, Fototips","robots":{"index":"index","follow":"follow","max-snippet":"max-snippet:-1","max-image-preview":"max-image-preview:large","max-video-preview":"max-video-preview:-1"},"canonical":"https:\/\/www.gaidaphotos.com\/blog\/2011\/02\/08\/kamelien-fotos-in-der-flora-in-koeln\/","og_locale":"de_DE","og_type":"article","og_title":"Kamelien in der Flora in K\u00f6ln schie\u00dfen","og_description":"Kamelien Fotos aus der Flora in K\u00f6ln - F\u00fchrung, Info, Fototips","og_url":"https:\/\/www.gaidaphotos.com\/blog\/2011\/02\/08\/kamelien-fotos-in-der-flora-in-koeln\/","og_site_name":"K\u00f6ln Rodenkirchen und die Welt","article_publisher":"https:\/\/www.facebook.com\/Koeln.Rodenkirchen","article_author":"https:\/\/www.facebook.com\/gaidaphotos","article_published_time":"2011-02-08T16:56:59+00:00","article_modified_time":"2020-12-12T12:19:12+00:00","author":"Thomas","twitter_card":"summary_large_image","twitter_creator":"@gaidaphotos","twitter_site":"@gaidaphotos","twitter_misc":{"Verfasst von":"Thomas","Gesch\u00e4tzte Lesezeit":"2\u00a0Minuten"},"schema":{"@context":"https:\/\/schema.org","@graph":[{"@type":"Article","@id":"https:\/\/www.gaidaphotos.com\/blog\/2011\/02\/08\/kamelien-fotos-in-der-flora-in-koeln\/#article","isPartOf":{"@id":"https:\/\/www.gaidaphotos.com\/blog\/2011\/02\/08\/kamelien-fotos-in-der-flora-in-koeln\/"},"author":{"name":"Thomas","@id":"https:\/\/www.gaidaphotos.com\/blog\/#\/schema\/person\/6c444a5b13ffc503c5c32f5a9ec68b21"},"headline":"Kamelien-Fotos in der Flora in K\u00f6ln schie\u00dfen","datePublished":"2011-02-08T16:56:59+00:00","dateModified":"2020-12-12T12:19:12+00:00","mainEntityOfPage":{"@id":"https:\/\/www.gaidaphotos.com\/blog\/2011\/02\/08\/kamelien-fotos-in-der-flora-in-koeln\/"},"wordCount":399,"commentCount":3,"publisher":{"@id":"https:\/\/www.gaidaphotos.com\/blog\/#organization"},"keywords":["Foto-Kurs","Foto-Tips","Fotografie","Freizeit-Ideen","K\u00f6ln"],"articleSection":["Ausflug","Foto","Foto-Kurs : Fotografieren"],"inLanguage":"de","potentialAction":[{"@type":"CommentAction","name":"Comment","target":["https:\/\/www.gaidaphotos.com\/blog\/2011\/02\/08\/kamelien-fotos-in-der-flora-in-koeln\/#respond"]}]},{"@type":"WebPage","@id":"https:\/\/www.gaidaphotos.com\/blog\/2011\/02\/08\/kamelien-fotos-in-der-flora-in-koeln\/","url":"https:\/\/www.gaidaphotos.com\/blog\/2011\/02\/08\/kamelien-fotos-in-der-flora-in-koeln\/","name":"Kamelien in der Flora in K\u00f6ln schie\u00dfen","isPartOf":{"@id":"https:\/\/www.gaidaphotos.com\/blog\/#website"},"datePublished":"2011-02-08T16:56:59+00:00","dateModified":"2020-12-12T12:19:12+00:00","description":"Kamelien Fotos aus der Flora in K\u00f6ln - F\u00fchrung, Info, Fototips","breadcrumb":{"@id":"https:\/\/www.gaidaphotos.com\/blog\/2011\/02\/08\/kamelien-fotos-in-der-flora-in-koeln\/#breadcrumb"},"inLanguage":"de","potentialAction":[{"@type":"ReadAction","target":["https:\/\/www.gaidaphotos.com\/blog\/2011\/02\/08\/kamelien-fotos-in-der-flora-in-koeln\/"]}]},{"@type":"BreadcrumbList","@id":"https:\/\/www.gaidaphotos.com\/blog\/2011\/02\/08\/kamelien-fotos-in-der-flora-in-koeln\/#breadcrumb","itemListElement":[{"@type":"ListItem","position":1,"name":"Startseite","item":"https:\/\/www.gaidaphotos.com\/blog\/"},{"@type":"ListItem","position":2,"name":"Kamelien-Fotos in der Flora in K\u00f6ln schie\u00dfen"}]},{"@type":"WebSite","@id":"https:\/\/www.gaidaphotos.com\/blog\/#website","url":"https:\/\/www.gaidaphotos.com\/blog\/","name":"K\u00f6ln Rodenkirchen und die Welt","description":"Einkaufen, Restaurants, Freizeit, Nachrichten und was uns sonst bewegt und begegnet","publisher":{"@id":"https:\/\/www.gaidaphotos.com\/blog\/#organization"},"potentialAction":[{"@type":"SearchAction","target":{"@type":"EntryPoint","urlTemplate":"https:\/\/www.gaidaphotos.com\/blog\/?s={search_term_string}"},"query-input":{"@type":"PropertyValueSpecification","valueRequired":true,"valueName":"search_term_string"}}],"inLanguage":"de"},{"@type":"Organization","@id":"https:\/\/www.gaidaphotos.com\/blog\/#organization","name":"gaidaphotos","url":"https:\/\/www.gaidaphotos.com\/blog\/","logo":{"@type":"ImageObject","inLanguage":"de","@id":"https:\/\/www.gaidaphotos.com\/blog\/#\/schema\/logo\/image\/","url":"https:\/\/i0.wp.com\/www.gaidaphotos.com\/blog\/wp-content\/uploads\/2020\/07\/GAIDAPHOTOS-COM.jpg?fit=160%2C96&ssl=1","contentUrl":"https:\/\/i0.wp.com\/www.gaidaphotos.com\/blog\/wp-content\/uploads\/2020\/07\/GAIDAPHOTOS-COM.jpg?fit=160%2C96&ssl=1","width":160,"height":96,"caption":"gaidaphotos"},"image":{"@id":"https:\/\/www.gaidaphotos.com\/blog\/#\/schema\/logo\/image\/"},"sameAs":["https:\/\/www.facebook.com\/Koeln.Rodenkirchen","https:\/\/x.com\/gaidaphotos","https:\/\/instagram.com\/gaidaphotos\/","https:\/\/de.linkedin.com\/in\/gaidaphotos","https:\/\/myspace.com\/gaidaphotos","https:\/\/www.pinterest.com\/gaidaphotos\/","https:\/\/www.youtube.com\/user\/gaidaphotos"]},{"@type":"Person","@id":"https:\/\/www.gaidaphotos.com\/blog\/#\/schema\/person\/6c444a5b13ffc503c5c32f5a9ec68b21","name":"Thomas","sameAs":["https:\/\/www.gaidaphotos.com","https:\/\/www.facebook.com\/gaidaphotos","https:\/\/instagram.com\/gaidaphotos\/","https:\/\/www.linkedin.com\/in\/gaidaphotos","http:\/\/www.pinterest.com\/gaidaphotos\/","https:\/\/x.com\/gaidaphotos","https:\/\/myspace.com\/gaidaphotos","https:\/\/www.youtube.com\/user\/gaidaphotos","https:\/\/gaidaphotos.tumblr.com\/"]}]}},"jetpack_publicize_connections":[],"jetpack_featured_media_url":"","jetpack_sharing_enabled":true,"jetpack_likes_enabled":true,"jetpack-related-posts":[{"id":4547,"url":"https:\/\/www.gaidaphotos.com\/blog\/2012\/03\/21\/fruhlingsgruse-kamelien-ausstellung-in-der-kolner-flora\/","url_meta":{"origin":3500,"position":0},"title":"Fr\u00fchlingsgr\u00fc\u00dfe: Kamelien-Ausstellung in der K\u00f6lner Flora","author":"Thomas","date":"21. M\u00e4rz 2012","format":false,"excerpt":"Kamelien-Ausstellung in der K\u00f6lner Flora Kamelien-Ausstellung in der K\u00f6lner FloraWie in jedem Fr\u00fchjahr, erfreuen uns die Kamelien in der K\u00f6lner Flora und laden zum Fotografieren ein. Vom 14.01 bis 15.04.2012 bl\u00fchen mehr als 270 Arten und Sorten der \"K\u00f6nigin der Winterblumen\" in der K\u00f6lner FLORA, dem Botanischen Garten. Im Subtropen-Schauhaus\u2026","rel":"","context":"In &quot;K\u00f6ln&quot;","block_context":{"text":"K\u00f6ln","link":"https:\/\/www.gaidaphotos.com\/blog\/category\/koeln\/"},"img":{"alt_text":"","src":"https:\/\/www.gaidaphotos.com\/blog\/wp-content\/uploads\/2020\/08\/nggallery_import\/11_","width":350,"height":200,"srcset":"https:\/\/www.gaidaphotos.com\/blog\/wp-content\/uploads\/2020\/08\/nggallery_import\/11_ 1x, https:\/\/www.gaidaphotos.com\/blog\/wp-content\/uploads\/2020\/08\/nggallery_import\/11_ 1.5x"},"classes":[]},{"id":2802,"url":"https:\/\/www.gaidaphotos.com\/blog\/2010\/04\/14\/kamelien-ausstellung-in-der-flora-verlangert\/","url_meta":{"origin":3500,"position":1},"title":"Kamelien-Ausstellung in der Flora verl\u00e4ngert","author":"Thomas","date":"14. April 2010","format":false,"excerpt":"Kamelien-Ausstellung in der Flora wird verl\u00e4ngert Fern\u00f6stlicher Bl\u00fctenzauber wegen k\u00fchler Witterung noch bis 25. April 2010 Die \"K\u00f6nigin der Winterblumen\" verzaubert mit ihrer Bl\u00fctenpracht weiterhin das Subtropenhaus im Botanischen Garten und den \"Kamelienwald\". Wegen des langen kalten Winters stehen die Teegew\u00e4chse noch immer in Bl\u00fcte, die im Freiland ausgepflanzten Kamelien\u2026","rel":"","context":"In &quot;Foto&quot;","block_context":{"text":"Foto","link":"https:\/\/www.gaidaphotos.com\/blog\/category\/foto\/"},"img":{"alt_text":"","src":"","width":0,"height":0},"classes":[]},{"id":15,"url":"https:\/\/www.gaidaphotos.com\/blog\/2008\/01\/27\/gratis-kalender-hintergrundbild-fur-februar\/","url_meta":{"origin":3500,"position":2},"title":"Gratis Kalender-Hintergrundbild f\u00fcr Februar","author":"gaidaphotos","date":"27. Januar 2008","format":false,"excerpt":"Endlich stehen die neue Kalenderbilder f\u00fcr FEBRUAR f\u00fcr Euch zum kostenlosen Download bereit. Ich hoffe Sie gefallen Euch. Jetzt bl\u00fchen die Kamelien! Mehr Fotos von Kamelien findet Ihr hier Kamelien Fotoalbum","rel":"","context":"In &quot;Kalender&quot;","block_context":{"text":"Kalender","link":"https:\/\/www.gaidaphotos.com\/blog\/category\/kalender-archiv\/"},"img":{"alt_text":"","src":"","width":0,"height":0},"classes":[]},{"id":4571,"url":"https:\/\/www.gaidaphotos.com\/blog\/2012\/03\/27\/fruehlingsblueten-im-forstbotanischen-garten-koeln\/","url_meta":{"origin":3500,"position":3},"title":"Fr\u00fchlingsbl\u00fcten im Forstbotanischen Garten K\u00f6ln","author":"Thomas","date":"27. M\u00e4rz 2012","format":false,"excerpt":"Fr\u00fchlingsbl\u00fcten im Forstbotanischen Garten K\u00f6ln Fr\u00fchlingsbl\u00fcten im Forstbotanischen Garten K\u00f6lnSonne und freundliche Temperaturen locken nicht nur viele K\u00f6lner in die nahegelegene Natur sondern auch die ersten Fr\u00fchlingsboten. Mangnolie und Kirsche bl\u00fchen im Forstbotanischen Garten in K\u00f6l-Rodenkirchen. Die bekannten Fr\u00fchlingsgr\u00fc\u00dfe von Krokussen, Tulpen und Narzissen werden jetzt von den ersten bl\u00fchenden\u2026","rel":"","context":"In &quot;K\u00f6ln Rodenkirchen Freizeit&quot;","block_context":{"text":"K\u00f6ln Rodenkirchen Freizeit","link":"https:\/\/www.gaidaphotos.com\/blog\/category\/koeln-rodenkirchen\/koeln-rodenkirchen-freizeit\/"},"img":{"alt_text":"","src":"https:\/\/www.gaidaphotos.com\/blog\/wp-content\/uploads\/2020\/08\/nggallery_import\/16_","width":350,"height":200,"srcset":"https:\/\/www.gaidaphotos.com\/blog\/wp-content\/uploads\/2020\/08\/nggallery_import\/16_ 1x, https:\/\/www.gaidaphotos.com\/blog\/wp-content\/uploads\/2020\/08\/nggallery_import\/16_ 1.5x"},"classes":[]},{"id":4564,"url":"https:\/\/www.gaidaphotos.com\/blog\/2012\/03\/26\/verkaufsoffener-sonntag-01-04-2012-in-koeln-nrw\/","url_meta":{"origin":3500,"position":4},"title":"verkaufsoffener Sonntag 01.04.2012 in K\u00f6ln (NRW)","author":"Thomas","date":"26. M\u00e4rz 2012","format":false,"excerpt":"Verkaufsoffener Sonntag 01.04.2012 in K\u00f6ln (NRW) Das ist (zum Gl\u00fcck) kein Aprilscherz. Am Sonntag dem 01.04.2012 haben in K\u00f6ln endlich wieder die Gesch\u00e4fte zum verkaufsoffenen Sonntag ge\u00f6ffnet. In gleich zwei Stadtteilen wird \"Sport\" als Anlass und Thema des verkaufsoffenen Sonntags angeboten. Leider liegen keine weiteren Informationen zu den Veranstaltungen vor.\u2026","rel":"","context":"In &quot;Verkaufsoffener Sonntag K\u00f6ln NRW&quot;","block_context":{"text":"Verkaufsoffener Sonntag K\u00f6ln NRW","link":"https:\/\/www.gaidaphotos.com\/blog\/category\/kalender-archiv\/verkaufsoffener-sonntag-koln-nrw\/"},"img":{"alt_text":"","src":"https:\/\/www.gaidaphotos.com\/blog\/wp-content\/uploads\/2020\/08\/nggallery_import\/114_","width":350,"height":200,"srcset":"https:\/\/www.gaidaphotos.com\/blog\/wp-content\/uploads\/2020\/08\/nggallery_import\/114_ 1x, https:\/\/www.gaidaphotos.com\/blog\/wp-content\/uploads\/2020\/08\/nggallery_import\/114_ 1.5x, https:\/\/www.gaidaphotos.com\/blog\/wp-content\/uploads\/2020\/08\/nggallery_import\/114_ 2x"},"classes":[]},{"id":6,"url":"https:\/\/www.gaidaphotos.com\/blog\/2007\/11\/30\/desktop-kalender-fur-dezember-2007\/","url_meta":{"origin":3500,"position":5},"title":"Desktop Kalender f\u00fcr Dezember 2007","author":"gaidaphotos","date":"30. November 2007","format":false,"excerpt":"Nachdem das Foto zum \"Foto des Tages\" bei webshots.com gew\u00e4hlt wurde, m\u00f6chte ich es Ihnen als Desktop Kalenderblatt zur Verf\u00fcgung stellen. Zitate \u00fcber Liebe Ich hoffe es gef\u00e4llt und freue mich auf Kommentare. Das Bild w\u00fcrde mit \"e-pic Print Suite\" hergestellt. In K\u00fcrze gibt es die Software hier zu kaufen.","rel":"","context":"In &quot;Kalender&quot;","block_context":{"text":"Kalender","link":"https:\/\/www.gaidaphotos.com\/blog\/category\/kalender-archiv\/"},"img":{"alt_text":"","src":"","width":0,"height":0},"classes":[]}],"_links":{"self":[{"href":"https:\/\/www.gaidaphotos.com\/blog\/wp-json\/wp\/v2\/posts\/3500","targetHints":{"allow":["GET"]}}],"collection":[{"href":"https:\/\/www.gaidaphotos.com\/blog\/wp-json\/wp\/v2\/posts"}],"about":[{"href":"https:\/\/www.gaidaphotos.com\/blog\/wp-json\/wp\/v2\/types\/post"}],"author":[{"embeddable":true,"href":"https:\/\/www.gaidaphotos.com\/blog\/wp-json\/wp\/v2\/users\/6"}],"replies":[{"embeddable":true,"href":"https:\/\/www.gaidaphotos.com\/blog\/wp-json\/wp\/v2\/comments?post=3500"}],"version-history":[{"count":0,"href":"https:\/\/www.gaidaphotos.com\/blog\/wp-json\/wp\/v2\/posts\/3500\/revisions"}],"wp:attachment":[{"href":"https:\/\/www.gaidaphotos.com\/blog\/wp-json\/wp\/v2\/media?parent=3500"}],"wp:term":[{"taxonomy":"category","embeddable":true,"href":"https:\/\/www.gaidaphotos.com\/blog\/wp-json\/wp\/v2\/categories?post=3500"},{"taxonomy":"post_tag","embeddable":true,"href":"https:\/\/www.gaidaphotos.com\/blog\/wp-json\/wp\/v2\/tags?post=3500"}],"curies":[{"name":"wp","href":"https:\/\/api.w.org\/{rel}","templated":true}]}}