{"id":3502,"date":"2011-02-14T09:28:43","date_gmt":"2011-02-14T08:28:43","guid":{"rendered":"http:\/\/www.gaidaphotos.com\/blog\/?p=3502"},"modified":"2014-09-10T15:19:15","modified_gmt":"2014-09-10T13:19:15","slug":"verkaufsoffener-sonntag-27-02-2011-koeln-lindenthal-marsdorf","status":"publish","type":"post","link":"https:\/\/www.gaidaphotos.com\/blog\/2011\/02\/14\/verkaufsoffener-sonntag-27-02-2011-koeln-lindenthal-marsdorf\/","title":{"rendered":"Verkaufsoffener Sonntag 27.02.2011 in K\u00f6ln Lindenthal und Marsdorf"},"content":{"rendered":"<h2>Verkaufsoffener Sonntag  in K\u00f6ln (NRW)<\/h2>\n<figure style=\"width: 445px\" class=\"wp-caption alignleft\"> ngg_shortcode_0_placeholder <figcaption class=\"wp-caption-text\">verkaufsoffener Sonntag in K\u00f6ln<\/figcaption><\/figure>\n<p>HALLELUJAH! Endlich ist es wieder soweit. <strong>Am 27.02.2011 ist endlich wieder ein verkaufsoffener Sonntag in K\u00f6ln.<\/strong> Die Gesch\u00e4fte in K\u00f6ln-Lindenthal und K\u00f6ln-Marsdorf sind von 13:00h &#8211; 18:00h ge\u00f6ffnet.<\/p>\n<p>In den Stra\u00dfen und Str\u00e4\u00dfchen, Winkeln und Gassen in K\u00f6ln-Lindenthal zwischen Junkersdorfer Stra\u00dfe &#8211; Friedrich-Schmidt-Stra\u00dfe &#8211; Maarweg &#8211; Widderdorfer Stra\u00dfe &#8211; Weinsbergstra\u00dfe &#8211; Universit\u00e4tsstra\u00dfe &#8211; Bachemer Stra\u00dfe &#8211; Z\u00fclpicher Wall &#8211; nordwestlich der Z\u00fclpicher Stra\u00dfe &#8211; Gleueler Stra\u00dfe &#8211; St\u00fcttgenweg k\u00f6nnen Sie am <strong>verkaufsoffenen Sonntag<\/strong> nach Herzenslust Shoppen<\/p>\n<p>Und auch in K\u00f6ln-Marsdorf k\u00f6nnen Sie  zwischen Autobahnkreuz West &#8211; Bundesautobahn A 4 &#8211; Gleueler Stra\u00dfe &#8211; s\u00fcdwestliche Stadtgrenze &#8211; Bundesautobahn A 1 Ihr Geld unter die Leute bringen.<\/p>\n<h3>Verkaufsoffener Sonntag in K\u00f6ln Lindenthal: Blumenmarkt<\/h3>\n<p>Passend zur Jahreszeit, in der Blumen, G\u00e4rten, T\u00f6pfe und Pflanzen ein Thema sind, ist der Schwerpunkt des verkaufsoffenen Sonntag bei den ortsans\u00e4ssigen Blumenh\u00e4ndlern zu finden, die mit besonderen Angeboten diesen Sonntag wahrhaft &#8222;blumig&#8220; werden lassen. Und nicht nur das: auff\u00e4llige Blumenm\u00e4dchen werden die D\u00fcrener Stra\u00dfe hinauf und hinab flanieren und f\u00fcr Freude sorgen, in dem sie Bl\u00fcmchen verteilen.<br \/>\nBei sch\u00f6nem Wetter lohnt es sich wieder einmal, das besondere Lindenthaler Flair an einem verkaufsoffenen Sonntag von 13 &#8211; 18 Uhr zu genie\u00dfen.<\/p>\n<p>Am <strong>  <\/strong> ist in K\u00f6ln Lindenthal und K\u00f6ln Marsdorf<strong> verkaufsoffener Sonntag<\/strong>.<\/p>\n<p><strong>\u00d6ffnungszeiten <\/strong>f\u00fcr den <strong>verkaufsoffenen Sonntag in K\u00f6ln <\/strong>am : 13:00 &#8211; 18:00h<\/p>\n<p><?php include(\"wp-content\/include\/verkaufsoffener-sonntag.php\"); ?><\/p>\n<h3>Alte Fotos aus K\u00f6ln Rodenkirchen:<\/h3>\n<p>Foto oben: 1993 stand das Hochwasser sogar in der Augustastra\u00dfe\/Adamstra\u00dfe. Obwohl das Hocvhwasser an der Hauptstra\u00dfe aufgehalten wurde, wurden die tiefer gelegenen Stra\u00dfen durch aufsteigendes Grundwasser \u00fcberflutet.<br \/>\nErstaunlich, dass das Ruderboot noch kein Kn\u00f6llchen hatte. So gro\u00dfz\u00fcgig kann die Stadt K\u00f6ln sein. <\/p>\n<p>Wir st\u00f6bern in Opas Fotoalbum. Von Zeit zu Zeit zeigen wir Fotos aus den letzten Hundert Jahren.<br \/>\nAlle Fotos sehen Sie hier <a href=\"https:\/\/www.gaidaphotos.com\/blog\/fotos-aus-koeln-rodenkirchen\/alte-bilder-von-koeln-rodenkirchen\/\" title=\"alte Bilder aus K\u00f6ln Rodenkirchen\">Alte Bilder aus K\u00f6ln-Rodenkirchen<\/a>.<\/p>\n","protected":false},"excerpt":{"rendered":"<p>Verkaufsoffener Sonntag in K\u00f6ln (NRW) HALLELUJAH! Endlich ist es wieder soweit. Am 27.02.2011 ist endlich wieder ein verkaufsoffener Sonntag in<\/p>\n","protected":false},"author":6,"featured_media":0,"comment_status":"open","ping_status":"open","sticky":false,"template":"","format":"standard","meta":{"_crdt_document":"","ngg_post_thumbnail":0,"jetpack_post_was_ever_published":false,"_jetpack_newsletter_access":"","_jetpack_dont_email_post_to_subs":false,"_jetpack_newsletter_tier_id":0,"_jetpack_memberships_contains_paywalled_content":false,"_jetpack_memberships_contains_paid_content":false,"footnotes":"","jetpack_publicize_message":"","jetpack_publicize_feature_enabled":true,"jetpack_social_post_already_shared":false,"jetpack_social_options":{"image_generator_settings":{"template":"highway","default_image_id":0,"font":"","enabled":false},"version":2}},"categories":[178],"tags":[147],"class_list":["post-3502","post","type-post","status-publish","format-standard","hentry","category-verkaufsoffener-sonntag-koln-nrw","tag-verkaufsoffener-sonntag"],"yoast_head":"<!-- This site is optimized with the Yoast SEO plugin v27.5 - https:\/\/yoast.com\/product\/yoast-seo-wordpress\/ -->\n<title>Verkaufsoffener Sonntag 27.02.2011 in K\u00f6ln Lindenthal und Marsdorf<\/title>\n<meta name=\"description\" content=\"Verkaufsoffener Sonntag 27.02.2011 in K\u00f6ln Lindenthal und Marsdorf - Begleitprogramm, Motto, Daten und Infos, Alte Bilder aus K\u00f6ln\" \/>\n<meta name=\"robots\" content=\"index, follow, max-snippet:-1, max-image-preview:large, max-video-preview:-1\" \/>\n<link rel=\"canonical\" href=\"https:\/\/www.gaidaphotos.com\/blog\/2011\/02\/14\/verkaufsoffener-sonntag-27-02-2011-koeln-lindenthal-marsdorf\/\" \/>\n<meta property=\"og:locale\" content=\"de_DE\" \/>\n<meta property=\"og:type\" content=\"article\" \/>\n<meta property=\"og:title\" content=\"Verkaufsoffener Sonntag 27.02.2011 in K\u00f6ln Lindenthal und Marsdorf\" \/>\n<meta property=\"og:description\" content=\"Verkaufsoffener Sonntag 27.02.2011 in K\u00f6ln Lindenthal und Marsdorf - Begleitprogramm, Motto, Daten und Infos, Alte Bilder aus K\u00f6ln\" \/>\n<meta property=\"og:url\" content=\"https:\/\/www.gaidaphotos.com\/blog\/2011\/02\/14\/verkaufsoffener-sonntag-27-02-2011-koeln-lindenthal-marsdorf\/\" \/>\n<meta property=\"og:site_name\" content=\"K\u00f6ln Rodenkirchen und die Welt\" \/>\n<meta property=\"article:publisher\" content=\"https:\/\/www.facebook.com\/Koeln.Rodenkirchen\" \/>\n<meta property=\"article:author\" content=\"https:\/\/www.facebook.com\/gaidaphotos\" \/>\n<meta property=\"article:published_time\" content=\"2011-02-14T08:28:43+00:00\" \/>\n<meta property=\"article:modified_time\" content=\"2014-09-10T13:19:15+00:00\" \/>\n<meta name=\"author\" content=\"Thomas\" \/>\n<meta name=\"twitter:card\" content=\"summary_large_image\" \/>\n<meta name=\"twitter:creator\" content=\"@gaidaphotos\" \/>\n<meta name=\"twitter:site\" content=\"@gaidaphotos\" \/>\n<meta name=\"twitter:label1\" content=\"Verfasst von\" \/>\n\t<meta name=\"twitter:data1\" content=\"Thomas\" \/>\n\t<meta name=\"twitter:label2\" content=\"Gesch\u00e4tzte Lesezeit\" \/>\n\t<meta name=\"twitter:data2\" content=\"2\u00a0Minuten\" \/>\n<script type=\"application\/ld+json\" class=\"yoast-schema-graph\">{\"@context\":\"https:\\\/\\\/schema.org\",\"@graph\":[{\"@type\":\"Article\",\"@id\":\"https:\\\/\\\/www.gaidaphotos.com\\\/blog\\\/2011\\\/02\\\/14\\\/verkaufsoffener-sonntag-27-02-2011-koeln-lindenthal-marsdorf\\\/#article\",\"isPartOf\":{\"@id\":\"https:\\\/\\\/www.gaidaphotos.com\\\/blog\\\/2011\\\/02\\\/14\\\/verkaufsoffener-sonntag-27-02-2011-koeln-lindenthal-marsdorf\\\/\"},\"author\":{\"name\":\"Thomas\",\"@id\":\"https:\\\/\\\/www.gaidaphotos.com\\\/blog\\\/#\\\/schema\\\/person\\\/6c444a5b13ffc503c5c32f5a9ec68b21\"},\"headline\":\"Verkaufsoffener Sonntag 27.02.2011 in K\u00f6ln Lindenthal und Marsdorf\",\"datePublished\":\"2011-02-14T08:28:43+00:00\",\"dateModified\":\"2014-09-10T13:19:15+00:00\",\"mainEntityOfPage\":{\"@id\":\"https:\\\/\\\/www.gaidaphotos.com\\\/blog\\\/2011\\\/02\\\/14\\\/verkaufsoffener-sonntag-27-02-2011-koeln-lindenthal-marsdorf\\\/\"},\"wordCount\":363,\"commentCount\":1,\"publisher\":{\"@id\":\"https:\\\/\\\/www.gaidaphotos.com\\\/blog\\\/#organization\"},\"keywords\":[\"verkaufsoffener Sonntag\"],\"articleSection\":[\"Verkaufsoffener Sonntag K\u00f6ln NRW\"],\"inLanguage\":\"de\",\"potentialAction\":[{\"@type\":\"CommentAction\",\"name\":\"Comment\",\"target\":[\"https:\\\/\\\/www.gaidaphotos.com\\\/blog\\\/2011\\\/02\\\/14\\\/verkaufsoffener-sonntag-27-02-2011-koeln-lindenthal-marsdorf\\\/#respond\"]}]},{\"@type\":\"WebPage\",\"@id\":\"https:\\\/\\\/www.gaidaphotos.com\\\/blog\\\/2011\\\/02\\\/14\\\/verkaufsoffener-sonntag-27-02-2011-koeln-lindenthal-marsdorf\\\/\",\"url\":\"https:\\\/\\\/www.gaidaphotos.com\\\/blog\\\/2011\\\/02\\\/14\\\/verkaufsoffener-sonntag-27-02-2011-koeln-lindenthal-marsdorf\\\/\",\"name\":\"Verkaufsoffener Sonntag 27.02.2011 in K\u00f6ln Lindenthal und Marsdorf\",\"isPartOf\":{\"@id\":\"https:\\\/\\\/www.gaidaphotos.com\\\/blog\\\/#website\"},\"datePublished\":\"2011-02-14T08:28:43+00:00\",\"dateModified\":\"2014-09-10T13:19:15+00:00\",\"description\":\"Verkaufsoffener Sonntag 27.02.2011 in K\u00f6ln Lindenthal und Marsdorf - Begleitprogramm, Motto, Daten und Infos, Alte Bilder aus K\u00f6ln\",\"breadcrumb\":{\"@id\":\"https:\\\/\\\/www.gaidaphotos.com\\\/blog\\\/2011\\\/02\\\/14\\\/verkaufsoffener-sonntag-27-02-2011-koeln-lindenthal-marsdorf\\\/#breadcrumb\"},\"inLanguage\":\"de\",\"potentialAction\":[{\"@type\":\"ReadAction\",\"target\":[\"https:\\\/\\\/www.gaidaphotos.com\\\/blog\\\/2011\\\/02\\\/14\\\/verkaufsoffener-sonntag-27-02-2011-koeln-lindenthal-marsdorf\\\/\"]}]},{\"@type\":\"BreadcrumbList\",\"@id\":\"https:\\\/\\\/www.gaidaphotos.com\\\/blog\\\/2011\\\/02\\\/14\\\/verkaufsoffener-sonntag-27-02-2011-koeln-lindenthal-marsdorf\\\/#breadcrumb\",\"itemListElement\":[{\"@type\":\"ListItem\",\"position\":1,\"name\":\"Startseite\",\"item\":\"https:\\\/\\\/www.gaidaphotos.com\\\/blog\\\/\"},{\"@type\":\"ListItem\",\"position\":2,\"name\":\"Verkaufsoffener Sonntag 27.02.2011 in K\u00f6ln Lindenthal und Marsdorf\"}]},{\"@type\":\"WebSite\",\"@id\":\"https:\\\/\\\/www.gaidaphotos.com\\\/blog\\\/#website\",\"url\":\"https:\\\/\\\/www.gaidaphotos.com\\\/blog\\\/\",\"name\":\"K\u00f6ln Rodenkirchen und die Welt\",\"description\":\"Einkaufen, Restaurants, Freizeit, Nachrichten und was uns sonst bewegt und begegnet\",\"publisher\":{\"@id\":\"https:\\\/\\\/www.gaidaphotos.com\\\/blog\\\/#organization\"},\"potentialAction\":[{\"@type\":\"SearchAction\",\"target\":{\"@type\":\"EntryPoint\",\"urlTemplate\":\"https:\\\/\\\/www.gaidaphotos.com\\\/blog\\\/?s={search_term_string}\"},\"query-input\":{\"@type\":\"PropertyValueSpecification\",\"valueRequired\":true,\"valueName\":\"search_term_string\"}}],\"inLanguage\":\"de\"},{\"@type\":\"Organization\",\"@id\":\"https:\\\/\\\/www.gaidaphotos.com\\\/blog\\\/#organization\",\"name\":\"gaidaphotos\",\"url\":\"https:\\\/\\\/www.gaidaphotos.com\\\/blog\\\/\",\"logo\":{\"@type\":\"ImageObject\",\"inLanguage\":\"de\",\"@id\":\"https:\\\/\\\/www.gaidaphotos.com\\\/blog\\\/#\\\/schema\\\/logo\\\/image\\\/\",\"url\":\"https:\\\/\\\/i0.wp.com\\\/www.gaidaphotos.com\\\/blog\\\/wp-content\\\/uploads\\\/2020\\\/07\\\/GAIDAPHOTOS-COM.jpg?fit=160%2C96&ssl=1\",\"contentUrl\":\"https:\\\/\\\/i0.wp.com\\\/www.gaidaphotos.com\\\/blog\\\/wp-content\\\/uploads\\\/2020\\\/07\\\/GAIDAPHOTOS-COM.jpg?fit=160%2C96&ssl=1\",\"width\":160,\"height\":96,\"caption\":\"gaidaphotos\"},\"image\":{\"@id\":\"https:\\\/\\\/www.gaidaphotos.com\\\/blog\\\/#\\\/schema\\\/logo\\\/image\\\/\"},\"sameAs\":[\"https:\\\/\\\/www.facebook.com\\\/Koeln.Rodenkirchen\",\"https:\\\/\\\/x.com\\\/gaidaphotos\",\"https:\\\/\\\/instagram.com\\\/gaidaphotos\\\/\",\"https:\\\/\\\/de.linkedin.com\\\/in\\\/gaidaphotos\",\"https:\\\/\\\/myspace.com\\\/gaidaphotos\",\"https:\\\/\\\/www.pinterest.com\\\/gaidaphotos\\\/\",\"https:\\\/\\\/www.youtube.com\\\/user\\\/gaidaphotos\"]},{\"@type\":\"Person\",\"@id\":\"https:\\\/\\\/www.gaidaphotos.com\\\/blog\\\/#\\\/schema\\\/person\\\/6c444a5b13ffc503c5c32f5a9ec68b21\",\"name\":\"Thomas\",\"sameAs\":[\"https:\\\/\\\/www.gaidaphotos.com\",\"https:\\\/\\\/www.facebook.com\\\/gaidaphotos\",\"https:\\\/\\\/instagram.com\\\/gaidaphotos\\\/\",\"https:\\\/\\\/www.linkedin.com\\\/in\\\/gaidaphotos\",\"http:\\\/\\\/www.pinterest.com\\\/gaidaphotos\\\/\",\"https:\\\/\\\/x.com\\\/gaidaphotos\",\"https:\\\/\\\/myspace.com\\\/gaidaphotos\",\"https:\\\/\\\/www.youtube.com\\\/user\\\/gaidaphotos\",\"https:\\\/\\\/gaidaphotos.tumblr.com\\\/\"]}]}<\/script>\n<!-- \/ Yoast SEO plugin. -->","yoast_head_json":{"title":"Verkaufsoffener Sonntag 27.02.2011 in K\u00f6ln Lindenthal und Marsdorf","description":"Verkaufsoffener Sonntag 27.02.2011 in K\u00f6ln Lindenthal und Marsdorf - Begleitprogramm, Motto, Daten und Infos, Alte Bilder aus K\u00f6ln","robots":{"index":"index","follow":"follow","max-snippet":"max-snippet:-1","max-image-preview":"max-image-preview:large","max-video-preview":"max-video-preview:-1"},"canonical":"https:\/\/www.gaidaphotos.com\/blog\/2011\/02\/14\/verkaufsoffener-sonntag-27-02-2011-koeln-lindenthal-marsdorf\/","og_locale":"de_DE","og_type":"article","og_title":"Verkaufsoffener Sonntag 27.02.2011 in K\u00f6ln Lindenthal und Marsdorf","og_description":"Verkaufsoffener Sonntag 27.02.2011 in K\u00f6ln Lindenthal und Marsdorf - Begleitprogramm, Motto, Daten und Infos, Alte Bilder aus K\u00f6ln","og_url":"https:\/\/www.gaidaphotos.com\/blog\/2011\/02\/14\/verkaufsoffener-sonntag-27-02-2011-koeln-lindenthal-marsdorf\/","og_site_name":"K\u00f6ln Rodenkirchen und die Welt","article_publisher":"https:\/\/www.facebook.com\/Koeln.Rodenkirchen","article_author":"https:\/\/www.facebook.com\/gaidaphotos","article_published_time":"2011-02-14T08:28:43+00:00","article_modified_time":"2014-09-10T13:19:15+00:00","author":"Thomas","twitter_card":"summary_large_image","twitter_creator":"@gaidaphotos","twitter_site":"@gaidaphotos","twitter_misc":{"Verfasst von":"Thomas","Gesch\u00e4tzte Lesezeit":"2\u00a0Minuten"},"schema":{"@context":"https:\/\/schema.org","@graph":[{"@type":"Article","@id":"https:\/\/www.gaidaphotos.com\/blog\/2011\/02\/14\/verkaufsoffener-sonntag-27-02-2011-koeln-lindenthal-marsdorf\/#article","isPartOf":{"@id":"https:\/\/www.gaidaphotos.com\/blog\/2011\/02\/14\/verkaufsoffener-sonntag-27-02-2011-koeln-lindenthal-marsdorf\/"},"author":{"name":"Thomas","@id":"https:\/\/www.gaidaphotos.com\/blog\/#\/schema\/person\/6c444a5b13ffc503c5c32f5a9ec68b21"},"headline":"Verkaufsoffener Sonntag 27.02.2011 in K\u00f6ln Lindenthal und Marsdorf","datePublished":"2011-02-14T08:28:43+00:00","dateModified":"2014-09-10T13:19:15+00:00","mainEntityOfPage":{"@id":"https:\/\/www.gaidaphotos.com\/blog\/2011\/02\/14\/verkaufsoffener-sonntag-27-02-2011-koeln-lindenthal-marsdorf\/"},"wordCount":363,"commentCount":1,"publisher":{"@id":"https:\/\/www.gaidaphotos.com\/blog\/#organization"},"keywords":["verkaufsoffener Sonntag"],"articleSection":["Verkaufsoffener Sonntag K\u00f6ln NRW"],"inLanguage":"de","potentialAction":[{"@type":"CommentAction","name":"Comment","target":["https:\/\/www.gaidaphotos.com\/blog\/2011\/02\/14\/verkaufsoffener-sonntag-27-02-2011-koeln-lindenthal-marsdorf\/#respond"]}]},{"@type":"WebPage","@id":"https:\/\/www.gaidaphotos.com\/blog\/2011\/02\/14\/verkaufsoffener-sonntag-27-02-2011-koeln-lindenthal-marsdorf\/","url":"https:\/\/www.gaidaphotos.com\/blog\/2011\/02\/14\/verkaufsoffener-sonntag-27-02-2011-koeln-lindenthal-marsdorf\/","name":"Verkaufsoffener Sonntag 27.02.2011 in K\u00f6ln Lindenthal und Marsdorf","isPartOf":{"@id":"https:\/\/www.gaidaphotos.com\/blog\/#website"},"datePublished":"2011-02-14T08:28:43+00:00","dateModified":"2014-09-10T13:19:15+00:00","description":"Verkaufsoffener Sonntag 27.02.2011 in K\u00f6ln Lindenthal und Marsdorf - Begleitprogramm, Motto, Daten und Infos, Alte Bilder aus K\u00f6ln","breadcrumb":{"@id":"https:\/\/www.gaidaphotos.com\/blog\/2011\/02\/14\/verkaufsoffener-sonntag-27-02-2011-koeln-lindenthal-marsdorf\/#breadcrumb"},"inLanguage":"de","potentialAction":[{"@type":"ReadAction","target":["https:\/\/www.gaidaphotos.com\/blog\/2011\/02\/14\/verkaufsoffener-sonntag-27-02-2011-koeln-lindenthal-marsdorf\/"]}]},{"@type":"BreadcrumbList","@id":"https:\/\/www.gaidaphotos.com\/blog\/2011\/02\/14\/verkaufsoffener-sonntag-27-02-2011-koeln-lindenthal-marsdorf\/#breadcrumb","itemListElement":[{"@type":"ListItem","position":1,"name":"Startseite","item":"https:\/\/www.gaidaphotos.com\/blog\/"},{"@type":"ListItem","position":2,"name":"Verkaufsoffener Sonntag 27.02.2011 in K\u00f6ln Lindenthal und Marsdorf"}]},{"@type":"WebSite","@id":"https:\/\/www.gaidaphotos.com\/blog\/#website","url":"https:\/\/www.gaidaphotos.com\/blog\/","name":"K\u00f6ln Rodenkirchen und die Welt","description":"Einkaufen, Restaurants, Freizeit, Nachrichten und was uns sonst bewegt und begegnet","publisher":{"@id":"https:\/\/www.gaidaphotos.com\/blog\/#organization"},"potentialAction":[{"@type":"SearchAction","target":{"@type":"EntryPoint","urlTemplate":"https:\/\/www.gaidaphotos.com\/blog\/?s={search_term_string}"},"query-input":{"@type":"PropertyValueSpecification","valueRequired":true,"valueName":"search_term_string"}}],"inLanguage":"de"},{"@type":"Organization","@id":"https:\/\/www.gaidaphotos.com\/blog\/#organization","name":"gaidaphotos","url":"https:\/\/www.gaidaphotos.com\/blog\/","logo":{"@type":"ImageObject","inLanguage":"de","@id":"https:\/\/www.gaidaphotos.com\/blog\/#\/schema\/logo\/image\/","url":"https:\/\/i0.wp.com\/www.gaidaphotos.com\/blog\/wp-content\/uploads\/2020\/07\/GAIDAPHOTOS-COM.jpg?fit=160%2C96&ssl=1","contentUrl":"https:\/\/i0.wp.com\/www.gaidaphotos.com\/blog\/wp-content\/uploads\/2020\/07\/GAIDAPHOTOS-COM.jpg?fit=160%2C96&ssl=1","width":160,"height":96,"caption":"gaidaphotos"},"image":{"@id":"https:\/\/www.gaidaphotos.com\/blog\/#\/schema\/logo\/image\/"},"sameAs":["https:\/\/www.facebook.com\/Koeln.Rodenkirchen","https:\/\/x.com\/gaidaphotos","https:\/\/instagram.com\/gaidaphotos\/","https:\/\/de.linkedin.com\/in\/gaidaphotos","https:\/\/myspace.com\/gaidaphotos","https:\/\/www.pinterest.com\/gaidaphotos\/","https:\/\/www.youtube.com\/user\/gaidaphotos"]},{"@type":"Person","@id":"https:\/\/www.gaidaphotos.com\/blog\/#\/schema\/person\/6c444a5b13ffc503c5c32f5a9ec68b21","name":"Thomas","sameAs":["https:\/\/www.gaidaphotos.com","https:\/\/www.facebook.com\/gaidaphotos","https:\/\/instagram.com\/gaidaphotos\/","https:\/\/www.linkedin.com\/in\/gaidaphotos","http:\/\/www.pinterest.com\/gaidaphotos\/","https:\/\/x.com\/gaidaphotos","https:\/\/myspace.com\/gaidaphotos","https:\/\/www.youtube.com\/user\/gaidaphotos","https:\/\/gaidaphotos.tumblr.com\/"]}]}},"jetpack_publicize_connections":[],"jetpack_featured_media_url":"","jetpack_sharing_enabled":true,"jetpack_likes_enabled":true,"jetpack-related-posts":[{"id":3782,"url":"https:\/\/www.gaidaphotos.com\/blog\/2011\/11\/03\/verkaufsoffener-sonntag-strasenfest-06-11-2011-in-koln\/","url_meta":{"origin":3502,"position":0},"title":"Verkaufsoffener Sonntag &#038; Stra\u00dfenfest 06.11.2011 in K\u00f6ln","author":"Thomas","date":"3. November 2011","format":false,"excerpt":"Auf, auf in den hei\u00dfen Shopping Herbst Gleich in 7(!) Veedeln sind die gesch\u00e4fte am Sonntag ge\u00f6ffnet. Besondere Highlights an diesem Shopping Wochenende sind die verkaufsoffenen Sonntage in K\u00f6ln-Marsdorf: Suchen Sie M\u00f6bel, Elektro-, Foto-, PC-M\u00e4rkte dann sind Sie hier richtig K\u00f6ln-Weiden: Highlight in Weiden ist das \"Rhein-Center\". Alle Gesch\u00e4fte haben\u2026","rel":"","context":"In &quot;Verkaufsoffener Sonntag K\u00f6ln NRW&quot;","block_context":{"text":"Verkaufsoffener Sonntag K\u00f6ln NRW","link":"https:\/\/www.gaidaphotos.com\/blog\/category\/kalender-archiv\/verkaufsoffener-sonntag-koln-nrw\/"},"img":{"alt_text":"","src":"https:\/\/www.gaidaphotos.com\/blog\/wp-content\/uploads\/2020\/08\/nggallery_import\/53_","width":350,"height":200,"srcset":"https:\/\/www.gaidaphotos.com\/blog\/wp-content\/uploads\/2020\/08\/nggallery_import\/53_ 1x, https:\/\/www.gaidaphotos.com\/blog\/wp-content\/uploads\/2020\/08\/nggallery_import\/53_ 1.5x, https:\/\/www.gaidaphotos.com\/blog\/wp-content\/uploads\/2020\/08\/nggallery_import\/53_ 2x"},"classes":[]},{"id":4564,"url":"https:\/\/www.gaidaphotos.com\/blog\/2012\/03\/26\/verkaufsoffener-sonntag-01-04-2012-in-koeln-nrw\/","url_meta":{"origin":3502,"position":1},"title":"verkaufsoffener Sonntag 01.04.2012 in K\u00f6ln (NRW)","author":"Thomas","date":"26. M\u00e4rz 2012","format":false,"excerpt":"Verkaufsoffener Sonntag 01.04.2012 in K\u00f6ln (NRW) Das ist (zum Gl\u00fcck) kein Aprilscherz. Am Sonntag dem 01.04.2012 haben in K\u00f6ln endlich wieder die Gesch\u00e4fte zum verkaufsoffenen Sonntag ge\u00f6ffnet. In gleich zwei Stadtteilen wird \"Sport\" als Anlass und Thema des verkaufsoffenen Sonntags angeboten. Leider liegen keine weiteren Informationen zu den Veranstaltungen vor.\u2026","rel":"","context":"In &quot;Verkaufsoffener Sonntag K\u00f6ln NRW&quot;","block_context":{"text":"Verkaufsoffener Sonntag K\u00f6ln NRW","link":"https:\/\/www.gaidaphotos.com\/blog\/category\/kalender-archiv\/verkaufsoffener-sonntag-koln-nrw\/"},"img":{"alt_text":"","src":"https:\/\/www.gaidaphotos.com\/blog\/wp-content\/uploads\/2020\/08\/nggallery_import\/114_","width":350,"height":200,"srcset":"https:\/\/www.gaidaphotos.com\/blog\/wp-content\/uploads\/2020\/08\/nggallery_import\/114_ 1x, https:\/\/www.gaidaphotos.com\/blog\/wp-content\/uploads\/2020\/08\/nggallery_import\/114_ 1.5x, https:\/\/www.gaidaphotos.com\/blog\/wp-content\/uploads\/2020\/08\/nggallery_import\/114_ 2x"},"classes":[]},{"id":3572,"url":"https:\/\/www.gaidaphotos.com\/blog\/2011\/07\/05\/verkaufsoffener-sonntag-10-07-2011-in-koeln\/","url_meta":{"origin":3502,"position":2},"title":"Verkaufsoffener Sonntag 10.07.2011 in K\u00f6ln","author":"Thomas","date":"5. Juli 2011","format":false,"excerpt":"Verkaufsoffener Sonntag 10.07.2011 in K\u00f6ln (NRW) In diesen K\u00f6lner Stadtteilen k\u00f6nnen Sie am 10.07.2011(verkaufsoffener Sonntag) nach Herzenslust shoppen. K\u00f6ln Br\u00fcck verkaufsoffener Sonntag von 13:00-18:00h N\u00f6rdliche Begrenzung: Bundesautobahn A 4; \u00d6stliche Begrenzung: Flehbachm\u00fchlenweg; S\u00fcdliche und westliche Begrenzung: Verlauf des Flehbachs; Rather Kirchweg K\u00f6ln Lindenthal verkaufsoffener Sonntag von 13:00-18:00h Junkersdorfer Stra\u00dfe -\u2026","rel":"","context":"In &quot;Verkaufsoffener Sonntag K\u00f6ln NRW&quot;","block_context":{"text":"Verkaufsoffener Sonntag K\u00f6ln NRW","link":"https:\/\/www.gaidaphotos.com\/blog\/category\/kalender-archiv\/verkaufsoffener-sonntag-koln-nrw\/"},"img":{"alt_text":"","src":"https:\/\/www.gaidaphotos.com\/blog\/wp-content\/uploads\/2020\/08\/nggallery_import\/59_","width":350,"height":200,"srcset":"https:\/\/www.gaidaphotos.com\/blog\/wp-content\/uploads\/2020\/08\/nggallery_import\/59_ 1x, https:\/\/www.gaidaphotos.com\/blog\/wp-content\/uploads\/2020\/08\/nggallery_import\/59_ 1.5x, https:\/\/www.gaidaphotos.com\/blog\/wp-content\/uploads\/2020\/08\/nggallery_import\/59_ 2x, https:\/\/www.gaidaphotos.com\/blog\/wp-content\/uploads\/2020\/08\/nggallery_import\/59_ 3x"},"classes":[]},{"id":3416,"url":"https:\/\/www.gaidaphotos.com\/blog\/2010\/11\/03\/verkaufsoffener-sonntag-7-11-2010-in-koeln-lindenthal-street-gallery\/","url_meta":{"origin":3502,"position":3},"title":"Verkaufsoffener Sonntag 7.11.2010 in K\u00f6ln Lindenthal \u201cStreet Gallery\u201d","author":"Thomas","date":"3. November 2010","format":false,"excerpt":"Verkaufsoffener Sonntag 07.11.2010 in K\u00f6ln Lindenthal mit Kunstaustellung \"Street Gallery\" In den Stra\u00dfen und Str\u00e4\u00dfchen, Winkeln und Gassen in K\u00f6ln-Lindenthal zwischen Junkersdorfer Stra\u00dfe - Friedrich-Schmidt-Stra\u00dfe - H\u00fcltzstra\u00dfe - Melateng\u00fcrtel - Weinsbergstra\u00dfe - Universit\u00e4tsstra\u00dfe - Bachemer Stra\u00dfe - Z\u00fclpicher Wall - nordwestlich der Z\u00fclpicher Stra\u00dfe - Gleueler Stra\u00dfe - St\u00fcttgenweg k\u00f6nnen\u2026","rel":"","context":"In &quot;Verkaufsoffener Sonntag K\u00f6ln NRW&quot;","block_context":{"text":"Verkaufsoffener Sonntag K\u00f6ln NRW","link":"https:\/\/www.gaidaphotos.com\/blog\/category\/kalender-archiv\/verkaufsoffener-sonntag-koln-nrw\/"},"img":{"alt_text":"","src":"","width":0,"height":0},"classes":[]},{"id":3411,"url":"https:\/\/www.gaidaphotos.com\/blog\/2010\/11\/03\/verkaufsoffener-sonntag-31-10-2010-in-koeln-marsdorf-herbstmarkt\/","url_meta":{"origin":3502,"position":4},"title":"Verkaufsoffener Sonntag 31.10.2010 in K\u00f6ln Marsdorf &#8222;Martinsmarkt&#8220;","author":"Thomas","date":"3. November 2010","format":false,"excerpt":"Verkaufsoffener Sonntag 7.11.2010 in K\u00f6ln Marsdorf \"Martinsmarkt\" In den Stra\u00dfen und Str\u00e4\u00dfchen, Winkeln und Gassen in K\u00f6ln Marsdorf - zwischen Autobahnkreuz West - Bundesautobahn A 4 - Gleueler Stra\u00dfe - s\u00fcdwestliche Stadtgrenze - Bundesautobahn A 1 - k\u00f6nnen Sie am verkaufsoffenen Sonntag 7.11.2010 nach Herzenslust Shoppen. Am 7.11.2010 ist in\u2026","rel":"","context":"In &quot;Verkaufsoffener Sonntag K\u00f6ln NRW&quot;","block_context":{"text":"Verkaufsoffener Sonntag K\u00f6ln NRW","link":"https:\/\/www.gaidaphotos.com\/blog\/category\/kalender-archiv\/verkaufsoffener-sonntag-koln-nrw\/"},"img":{"alt_text":"","src":"","width":0,"height":0},"classes":[]},{"id":3478,"url":"https:\/\/www.gaidaphotos.com\/blog\/2010\/12\/31\/verkaufsoffener-sonntag-2011-strassenfest-in-koln-nrw\/","url_meta":{"origin":3502,"position":5},"title":"Verkaufsoffener Sonntag &#038; Stra\u00dfenfest 2011 in K\u00f6ln (NRW): \u00dcbersicht","author":"Thomas","date":"31. Dezember 2010","format":false,"excerpt":"Verkaufsoffener Sonntag & Stra\u00dfenfest 2011 in K\u00f6ln (NRW): \u00dcbersicht Wir verschaffen Ihnen einen \u00dcberblick \u00fcber die verkaufsoffenen Sonntage 2011 in K\u00f6ln (NRW) und sagen Ihnen wo gleichzeitig ein Stra\u00dfenfest geboten wird. Nach Monaten geordnet finden Sie die verkaufsoffenen Sonntage in K\u00f6ln mit Angabe des Stadtteils und der \u00d6ffnungszeiten. Wie schon\u2026","rel":"","context":"In &quot;Verkaufsoffener Sonntag K\u00f6ln NRW&quot;","block_context":{"text":"Verkaufsoffener Sonntag K\u00f6ln NRW","link":"https:\/\/www.gaidaphotos.com\/blog\/category\/kalender-archiv\/verkaufsoffener-sonntag-koln-nrw\/"},"img":{"alt_text":"","src":"","width":0,"height":0},"classes":[]}],"_links":{"self":[{"href":"https:\/\/www.gaidaphotos.com\/blog\/wp-json\/wp\/v2\/posts\/3502","targetHints":{"allow":["GET"]}}],"collection":[{"href":"https:\/\/www.gaidaphotos.com\/blog\/wp-json\/wp\/v2\/posts"}],"about":[{"href":"https:\/\/www.gaidaphotos.com\/blog\/wp-json\/wp\/v2\/types\/post"}],"author":[{"embeddable":true,"href":"https:\/\/www.gaidaphotos.com\/blog\/wp-json\/wp\/v2\/users\/6"}],"replies":[{"embeddable":true,"href":"https:\/\/www.gaidaphotos.com\/blog\/wp-json\/wp\/v2\/comments?post=3502"}],"version-history":[{"count":0,"href":"https:\/\/www.gaidaphotos.com\/blog\/wp-json\/wp\/v2\/posts\/3502\/revisions"}],"wp:attachment":[{"href":"https:\/\/www.gaidaphotos.com\/blog\/wp-json\/wp\/v2\/media?parent=3502"}],"wp:term":[{"taxonomy":"category","embeddable":true,"href":"https:\/\/www.gaidaphotos.com\/blog\/wp-json\/wp\/v2\/categories?post=3502"},{"taxonomy":"post_tag","embeddable":true,"href":"https:\/\/www.gaidaphotos.com\/blog\/wp-json\/wp\/v2\/tags?post=3502"}],"curies":[{"name":"wp","href":"https:\/\/api.w.org\/{rel}","templated":true}]}}