{"id":3506,"date":"2011-02-22T18:25:31","date_gmt":"2011-02-22T17:25:31","guid":{"rendered":"http:\/\/www.gaidaphotos.com\/blog\/?p=3506"},"modified":"2017-04-17T14:10:32","modified_gmt":"2017-04-17T12:10:32","slug":"9-rodenkirchener-kunstmeile-2011-alle-orte-alle-kuenstler-katalog","status":"publish","type":"post","link":"https:\/\/www.gaidaphotos.com\/blog\/2011\/02\/22\/9-rodenkirchener-kunstmeile-2011-alle-orte-alle-kuenstler-katalog\/","title":{"rendered":"9. Rodenkirchener Kunstmeile 2011: Alle Orte, alle K\u00fcnstler, Katalog"},"content":{"rendered":"<h2><u>9. Rodenkirchener Kunstmeile 2011<\/u><\/h2>\n<figure id=\"attachment_3508\" aria-describedby=\"caption-attachment-3508\" style=\"width: 335px\" class=\"wp-caption alignleft\"><img data-recalc-dims=\"1\" loading=\"lazy\" decoding=\"async\" src=\"https:\/\/i0.wp.com\/www.gaidaphotos.com\/blog\/wp-content\/uploads\/2011\/02\/rodenkirchener-kunstmeile-2011-karte.jpg?resize=335%2C283&#038;ssl=1\" alt=\"9. Rodenkirchener Kunstmeile 2011 Karte\" title=\"9. Rodenkirchener Kunstmeile 2011 Karte\" width=\"335\" height=\"283\" class=\"size-full wp-image-3508\" srcset=\"https:\/\/i0.wp.com\/www.gaidaphotos.com\/blog\/wp-content\/uploads\/2011\/02\/rodenkirchener-kunstmeile-2011-karte.jpg?w=335&amp;ssl=1 335w, https:\/\/i0.wp.com\/www.gaidaphotos.com\/blog\/wp-content\/uploads\/2011\/02\/rodenkirchener-kunstmeile-2011-karte.jpg?resize=300%2C253&amp;ssl=1 300w, https:\/\/i0.wp.com\/www.gaidaphotos.com\/blog\/wp-content\/uploads\/2011\/02\/rodenkirchener-kunstmeile-2011-karte.jpg?resize=150%2C126&amp;ssl=1 150w\" sizes=\"auto, (max-width: 335px) 100vw, 335px\" \/><figcaption id=\"caption-attachment-3508\" class=\"wp-caption-text\">9. Rodenkirchener Kunstmeile 2011 Karte<\/figcaption><\/figure>\n<p>Am 13.03.2011 findet zum 9. Die Rodenkirchener Kunstmeile  statt. Zum verkaufsoffenen Sonntag in K\u00f6ln-Rodenkirchen laden die \u00f6rtlichen  Gesch\u00e4fte zu Kultur und Kommerz.<\/p>\n<p>Die  Er\u00f6ffnung der Rodenkirchener Kunstmeile 2011 findet um 12.00 Uhr im Sommershof  statt.<\/p>\n<p>Ab 13:00h bis 18:00h haben zudem die Gesch\u00e4fte in K\u00f6ln-Rodenkirchen am verkaufsoffenen Sonntag 13.03.2011 ge\u00f6ffnet.<\/p>\n<p>Liefern Sie Ihren kulturbegeisterten Liebsten bei der <strong>Kunstmeile <\/strong>ab, um ungest\u00f6rt in K\u00f6ln Rodenkirchen am <strong>verkaufsoffenen Sonntag<\/strong> zu shoppen. Und f\u00fcr die nicht so kulturbegeisterten wird sich ein K\u00f6lsch oder Rotwein finden.<\/p>\n<h3>\u00dcbersicht der K\u00fcnstler und Ausstellungen der 9. Rodenkirchener Kunstmeile 2011<\/h3>\n<ul>\n<li>(1) Getr\u00e4nke Duschat, Ringstra\u00dfe 45<br \/>\nGosia Richter. <\/li>\n<li>(2) KHK GmbH!,  Bahnhof,<br \/>\nPaolo Leone und Christoph.<\/li>\n<li>(3) Nina Maintzer Schmuck, Wilhelmstra\u00dfe  68,<br \/>\nShigeru <\/li>\n<li>(4) Bistro Verde, Maternusstrasse 6,<br \/>\nJugendkunstschule <\/li>\n<li>(5) K\u00f6lner Bank,  Maternusstra\u00dfe 1,<br \/>\nGerda Laufenberg<\/li>\n<li>(6) Via Moda, Hauptstra\u00dfe 120,<br \/>\nInka Schmidt-Grewe<\/li>\n<li>(7) CW-Boutique,  Hauptstra\u00dfe 110,<br \/>\nAstrid Probst<\/li>\n<li>(8) Maternus  Seniorenwohnanlage, Hauptstr. 128<br \/>\nKarin <\/li>\n<li>(9) Optik &amp; H\u00f6rakustik Hennes,  Hauptstra\u00dfe 91,<br \/>\nSabine  Endres <\/li>\n<li>(10) First Reiseb\u00fcro, am Rathausplatz,<br \/>\nJoao de Almeida <\/li>\n<li>(11) Buchhandlung K\u00f6hl, am  Rathausplatz,<br \/>\nEvelyn <\/li>\n<li>(12) Kanzlei Nacken,  Hillebrand &amp; Partner, Oststr.- 11\u201313,<br \/>\nDagmar Nengel und Anne Hopstein <\/li>\n<li>(13) Tanzschule van Hasselt, 1.  Etage des Sommershofes,<br \/>\nJeannette de Payrebrune <\/li>\n<li>(14) Novotergum, Sommershof, Hauptstra\u00dfe 71\u201373,<br \/>\nTillmann  Schmitten.<\/li>\n<li>(15 Betten Bischoff), Sommershof, Hauptstra\u00dfe  71\u201373,<br \/>\nKatja  Haubner <\/li>\n<li>(16) Blumen Br\u00fcning,  Sommershof, Hauptstra\u00dfe 71\u201373,<br \/>\nClaudia <\/li>\n<li>(17) Piehl &amp; Reifenh\u00e4user,  Sommershof, Hauptstr. 71\u201373,<br \/>\nVirginie <\/li>\n<li>(18) Studio 88,  Hauptstra\u00dfe 88,<br \/>\nAndreas R. Knoop <\/li>\n<li>(19) W\u00e4sche Engels,  Hauptstra\u00dfe 78,<br \/>\nNadina  Beluhan <\/li>\n<li>(20) K\u00f6ttgen H\u00f6rakustik,  Hauptstra\u00dfe 74,<br \/>\nStefi  Mann <\/li>\n<li>(21) Bennetton,  Hauptstra\u00dfe 70, Gudrun  Dahl-Maty <\/li>\n<li>(22) Rodenkirchener Kapellchen.<br \/>\n    Der  <strong>Klangk\u00fcnstler <\/strong>Jochen  Fassbender ist Dozent am Institut f\u00fcr Audiop\u00e4die in Witten. Er  entwickelt neuartige Klangk\u00f6rper und Instrumente aus unterschiedlichsten  Materialien und bringt sie zum Klingen. Das Besondere: Besucher d\u00fcrfen die  Instrumente nach seiner Anleitung auch selbst ausprobieren. Auf keine Fall vers\u00e4umen:  das feierliche Abschlusskonzert um 18.00 Uhr im \u201eRodenkirchener Kapellchen\u201c! <\/li>\n<li>(23) Mode Hollenders,  Rheingalerie, Hauptstra\u00dfe 39\u201341,<br \/>\nBeatrix Rey\u2019s <\/li>\n<li>(24) Goldschmiede Alius,  Rheingalerie,<br \/>\nHauptstra\u00dfe 39\u20134, Mana <\/li>\n<li>(25) Rust Herrenmoden, Rheingalerie,<br \/>\nEva-Bettina Schnabel-<\/li>\n<li>(26) Bang &amp; Olufsen,  Rheingalerie, Hauptstra\u00dfe 39,<br \/>\nTheresa Ku\u00df<\/li>\n<li>(27) Stripes and Art,  Hauptstra\u00dfe 53,<br \/>\nJanni  Janda <\/li>\n<li>(28) MC-Mode, Hauptstra\u00dfe 67,<br \/>\nBirgit Bayer <\/li>\n<\/ul>\n<p>Der H\u00f6hepunkt zum Schluss: Die geheimnisvolle Installation \u201e<strong>KUBUS<\/strong>\u201c, direkt  vor MC-Mode, auf der Hauptstra\u00dfe\/ Ecke Barbarastra\u00dfe, geschaffen von Artist Orlando. Es  handelt sich bei der Installation um eine \u201esoziale Plastik\u201c, denn sie wird erst  durch die Menschen, die mit der Installation leben, mit dar\u00fcber diskutieren und  sich auf dem KUBUS malerisch und durch Schrift oder sonst wie \u201everewigen\u201c, zum  Kunstwerk. So entsteht eine Art gesch\u00fctzter Raum im urbanen Stadtraum. Alle  sind herzlich eingeladen, Teil dieser Installation zu werden, die zur Ikone  dieser 9. Rodenkirchener Kunstmeile avancieren wird.<\/p>\n<p><a href='https:\/\/www.gaidaphotos.com\/blog\/wp-content\/uploads\/2011\/02\/rodenkirchener-kunstmeile-katalog.pdf' rel=\"nofollow\" target=_blank\">9. Rodenkirchener Kunstmeile 2011 Katalog (PDF-Format)<\/a> als kostenloser Download.<br \/>\nDie 9. Rodenkirchener Kunstmeile 2011 wird von der Aktionsgemeinschaft Rodenkirchen e.V. veranstaltet.<\/p>\n","protected":false},"excerpt":{"rendered":"<p>9. Rodenkirchener Kunstmeile 2011 Am 13.03.2011 findet zum 9. Die Rodenkirchener Kunstmeile statt. Zum verkaufsoffenen Sonntag in K\u00f6ln-Rodenkirchen laden die<\/p>\n","protected":false},"author":6,"featured_media":0,"comment_status":"open","ping_status":"open","sticky":false,"template":"","format":"standard","meta":{"_crdt_document":"","ngg_post_thumbnail":0,"jetpack_post_was_ever_published":false,"_jetpack_newsletter_access":"","_jetpack_dont_email_post_to_subs":false,"_jetpack_newsletter_tier_id":0,"_jetpack_memberships_contains_paywalled_content":false,"_jetpack_memberships_contains_paid_content":false,"footnotes":"","jetpack_publicize_message":"","jetpack_publicize_feature_enabled":true,"jetpack_social_post_already_shared":false,"jetpack_social_options":{"image_generator_settings":{"template":"highway","default_image_id":0,"font":"","enabled":false},"version":2}},"categories":[89,101,522,178],"tags":[102,538,147],"class_list":["post-3506","post","type-post","status-publish","format-standard","hentry","category-koeln-rodenkirchen-einkaufen","category-koeln-rodenkirchen-freizeit","category-rodenkirchener-kunstmeile","category-verkaufsoffener-sonntag-koln-nrw","tag-freizeit","tag-koeln-rodenkirchen","tag-verkaufsoffener-sonntag"],"yoast_head":"<!-- This site is optimized with the Yoast SEO plugin v27.5 - https:\/\/yoast.com\/product\/yoast-seo-wordpress\/ -->\n<title>9. Rodenkirchener Kunstmeile 2011: Alle Orte, alle K\u00fcnstler, Katalog<\/title>\n<meta name=\"description\" content=\"9. Rodenkirchener Kunstmeile 2011: Alle Orte, alle K\u00fcnstler, Katalog als kostenloser Download - verkaufsoffener Sonntag\" \/>\n<meta name=\"robots\" content=\"index, follow, max-snippet:-1, max-image-preview:large, max-video-preview:-1\" \/>\n<link rel=\"canonical\" href=\"https:\/\/www.gaidaphotos.com\/blog\/2011\/02\/22\/9-rodenkirchener-kunstmeile-2011-alle-orte-alle-kuenstler-katalog\/\" \/>\n<meta property=\"og:locale\" content=\"de_DE\" \/>\n<meta property=\"og:type\" content=\"article\" \/>\n<meta property=\"og:title\" content=\"9. Rodenkirchener Kunstmeile 2011: Alle Orte, alle K\u00fcnstler, Katalog\" \/>\n<meta property=\"og:description\" content=\"9. Rodenkirchener Kunstmeile 2011: Alle Orte, alle K\u00fcnstler, Katalog als kostenloser Download - verkaufsoffener Sonntag\" \/>\n<meta property=\"og:url\" content=\"https:\/\/www.gaidaphotos.com\/blog\/2011\/02\/22\/9-rodenkirchener-kunstmeile-2011-alle-orte-alle-kuenstler-katalog\/\" \/>\n<meta property=\"og:site_name\" content=\"K\u00f6ln Rodenkirchen und die Welt\" \/>\n<meta property=\"article:publisher\" content=\"https:\/\/www.facebook.com\/Koeln.Rodenkirchen\" \/>\n<meta property=\"article:author\" content=\"https:\/\/www.facebook.com\/gaidaphotos\" \/>\n<meta property=\"article:published_time\" content=\"2011-02-22T17:25:31+00:00\" \/>\n<meta property=\"article:modified_time\" content=\"2017-04-17T12:10:32+00:00\" \/>\n<meta property=\"og:image\" content=\"https:\/\/www.gaidaphotos.com\/blog\/wp-content\/uploads\/2011\/02\/rodenkirchener-kunstmeile-2011-karte.jpg\" \/>\n<meta name=\"author\" content=\"Thomas\" \/>\n<meta name=\"twitter:card\" content=\"summary_large_image\" \/>\n<meta name=\"twitter:creator\" content=\"@gaidaphotos\" \/>\n<meta name=\"twitter:site\" content=\"@gaidaphotos\" \/>\n<meta name=\"twitter:label1\" content=\"Verfasst von\" \/>\n\t<meta name=\"twitter:data1\" content=\"Thomas\" \/>\n\t<meta name=\"twitter:label2\" content=\"Gesch\u00e4tzte Lesezeit\" \/>\n\t<meta name=\"twitter:data2\" content=\"2\u00a0Minuten\" \/>\n<script type=\"application\/ld+json\" class=\"yoast-schema-graph\">{\"@context\":\"https:\\\/\\\/schema.org\",\"@graph\":[{\"@type\":\"Article\",\"@id\":\"https:\\\/\\\/www.gaidaphotos.com\\\/blog\\\/2011\\\/02\\\/22\\\/9-rodenkirchener-kunstmeile-2011-alle-orte-alle-kuenstler-katalog\\\/#article\",\"isPartOf\":{\"@id\":\"https:\\\/\\\/www.gaidaphotos.com\\\/blog\\\/2011\\\/02\\\/22\\\/9-rodenkirchener-kunstmeile-2011-alle-orte-alle-kuenstler-katalog\\\/\"},\"author\":{\"name\":\"Thomas\",\"@id\":\"https:\\\/\\\/www.gaidaphotos.com\\\/blog\\\/#\\\/schema\\\/person\\\/6c444a5b13ffc503c5c32f5a9ec68b21\"},\"headline\":\"9. Rodenkirchener Kunstmeile 2011: Alle Orte, alle K\u00fcnstler, Katalog\",\"datePublished\":\"2011-02-22T17:25:31+00:00\",\"dateModified\":\"2017-04-17T12:10:32+00:00\",\"mainEntityOfPage\":{\"@id\":\"https:\\\/\\\/www.gaidaphotos.com\\\/blog\\\/2011\\\/02\\\/22\\\/9-rodenkirchener-kunstmeile-2011-alle-orte-alle-kuenstler-katalog\\\/\"},\"wordCount\":448,\"commentCount\":1,\"publisher\":{\"@id\":\"https:\\\/\\\/www.gaidaphotos.com\\\/blog\\\/#organization\"},\"image\":{\"@id\":\"https:\\\/\\\/www.gaidaphotos.com\\\/blog\\\/2011\\\/02\\\/22\\\/9-rodenkirchener-kunstmeile-2011-alle-orte-alle-kuenstler-katalog\\\/#primaryimage\"},\"thumbnailUrl\":\"https:\\\/\\\/www.gaidaphotos.com\\\/blog\\\/wp-content\\\/uploads\\\/2011\\\/02\\\/rodenkirchener-kunstmeile-2011-karte.jpg\",\"keywords\":[\"Freizeit-Ideen\",\"K\u00f6ln Rodenkirchen\",\"verkaufsoffener Sonntag\"],\"articleSection\":[\"K\u00f6ln Rodenkirchen Einkaufen\",\"K\u00f6ln Rodenkirchen Freizeit\",\"Rodenkirchener Kunstmeile\",\"Verkaufsoffener Sonntag K\u00f6ln NRW\"],\"inLanguage\":\"de\",\"potentialAction\":[{\"@type\":\"CommentAction\",\"name\":\"Comment\",\"target\":[\"https:\\\/\\\/www.gaidaphotos.com\\\/blog\\\/2011\\\/02\\\/22\\\/9-rodenkirchener-kunstmeile-2011-alle-orte-alle-kuenstler-katalog\\\/#respond\"]}]},{\"@type\":\"WebPage\",\"@id\":\"https:\\\/\\\/www.gaidaphotos.com\\\/blog\\\/2011\\\/02\\\/22\\\/9-rodenkirchener-kunstmeile-2011-alle-orte-alle-kuenstler-katalog\\\/\",\"url\":\"https:\\\/\\\/www.gaidaphotos.com\\\/blog\\\/2011\\\/02\\\/22\\\/9-rodenkirchener-kunstmeile-2011-alle-orte-alle-kuenstler-katalog\\\/\",\"name\":\"9. Rodenkirchener Kunstmeile 2011: Alle Orte, alle K\u00fcnstler, Katalog\",\"isPartOf\":{\"@id\":\"https:\\\/\\\/www.gaidaphotos.com\\\/blog\\\/#website\"},\"primaryImageOfPage\":{\"@id\":\"https:\\\/\\\/www.gaidaphotos.com\\\/blog\\\/2011\\\/02\\\/22\\\/9-rodenkirchener-kunstmeile-2011-alle-orte-alle-kuenstler-katalog\\\/#primaryimage\"},\"image\":{\"@id\":\"https:\\\/\\\/www.gaidaphotos.com\\\/blog\\\/2011\\\/02\\\/22\\\/9-rodenkirchener-kunstmeile-2011-alle-orte-alle-kuenstler-katalog\\\/#primaryimage\"},\"thumbnailUrl\":\"https:\\\/\\\/www.gaidaphotos.com\\\/blog\\\/wp-content\\\/uploads\\\/2011\\\/02\\\/rodenkirchener-kunstmeile-2011-karte.jpg\",\"datePublished\":\"2011-02-22T17:25:31+00:00\",\"dateModified\":\"2017-04-17T12:10:32+00:00\",\"description\":\"9. Rodenkirchener Kunstmeile 2011: Alle Orte, alle K\u00fcnstler, Katalog als kostenloser Download - verkaufsoffener Sonntag\",\"breadcrumb\":{\"@id\":\"https:\\\/\\\/www.gaidaphotos.com\\\/blog\\\/2011\\\/02\\\/22\\\/9-rodenkirchener-kunstmeile-2011-alle-orte-alle-kuenstler-katalog\\\/#breadcrumb\"},\"inLanguage\":\"de\",\"potentialAction\":[{\"@type\":\"ReadAction\",\"target\":[\"https:\\\/\\\/www.gaidaphotos.com\\\/blog\\\/2011\\\/02\\\/22\\\/9-rodenkirchener-kunstmeile-2011-alle-orte-alle-kuenstler-katalog\\\/\"]}]},{\"@type\":\"ImageObject\",\"inLanguage\":\"de\",\"@id\":\"https:\\\/\\\/www.gaidaphotos.com\\\/blog\\\/2011\\\/02\\\/22\\\/9-rodenkirchener-kunstmeile-2011-alle-orte-alle-kuenstler-katalog\\\/#primaryimage\",\"url\":\"https:\\\/\\\/i0.wp.com\\\/www.gaidaphotos.com\\\/blog\\\/wp-content\\\/uploads\\\/2011\\\/02\\\/rodenkirchener-kunstmeile-2011-karte.jpg?fit=335%2C283&ssl=1\",\"contentUrl\":\"https:\\\/\\\/i0.wp.com\\\/www.gaidaphotos.com\\\/blog\\\/wp-content\\\/uploads\\\/2011\\\/02\\\/rodenkirchener-kunstmeile-2011-karte.jpg?fit=335%2C283&ssl=1\",\"width\":\"335\",\"height\":\"283\",\"caption\":\"9. Rodenkirchener Kunstmeile 2011 Karte\"},{\"@type\":\"BreadcrumbList\",\"@id\":\"https:\\\/\\\/www.gaidaphotos.com\\\/blog\\\/2011\\\/02\\\/22\\\/9-rodenkirchener-kunstmeile-2011-alle-orte-alle-kuenstler-katalog\\\/#breadcrumb\",\"itemListElement\":[{\"@type\":\"ListItem\",\"position\":1,\"name\":\"Startseite\",\"item\":\"https:\\\/\\\/www.gaidaphotos.com\\\/blog\\\/\"},{\"@type\":\"ListItem\",\"position\":2,\"name\":\"9. Rodenkirchener Kunstmeile 2011: Alle Orte, alle K\u00fcnstler, Katalog\"}]},{\"@type\":\"WebSite\",\"@id\":\"https:\\\/\\\/www.gaidaphotos.com\\\/blog\\\/#website\",\"url\":\"https:\\\/\\\/www.gaidaphotos.com\\\/blog\\\/\",\"name\":\"K\u00f6ln Rodenkirchen und die Welt\",\"description\":\"Einkaufen, Restaurants, Freizeit, Nachrichten und was uns sonst bewegt und begegnet\",\"publisher\":{\"@id\":\"https:\\\/\\\/www.gaidaphotos.com\\\/blog\\\/#organization\"},\"potentialAction\":[{\"@type\":\"SearchAction\",\"target\":{\"@type\":\"EntryPoint\",\"urlTemplate\":\"https:\\\/\\\/www.gaidaphotos.com\\\/blog\\\/?s={search_term_string}\"},\"query-input\":{\"@type\":\"PropertyValueSpecification\",\"valueRequired\":true,\"valueName\":\"search_term_string\"}}],\"inLanguage\":\"de\"},{\"@type\":\"Organization\",\"@id\":\"https:\\\/\\\/www.gaidaphotos.com\\\/blog\\\/#organization\",\"name\":\"gaidaphotos\",\"url\":\"https:\\\/\\\/www.gaidaphotos.com\\\/blog\\\/\",\"logo\":{\"@type\":\"ImageObject\",\"inLanguage\":\"de\",\"@id\":\"https:\\\/\\\/www.gaidaphotos.com\\\/blog\\\/#\\\/schema\\\/logo\\\/image\\\/\",\"url\":\"https:\\\/\\\/i0.wp.com\\\/www.gaidaphotos.com\\\/blog\\\/wp-content\\\/uploads\\\/2020\\\/07\\\/GAIDAPHOTOS-COM.jpg?fit=160%2C96&ssl=1\",\"contentUrl\":\"https:\\\/\\\/i0.wp.com\\\/www.gaidaphotos.com\\\/blog\\\/wp-content\\\/uploads\\\/2020\\\/07\\\/GAIDAPHOTOS-COM.jpg?fit=160%2C96&ssl=1\",\"width\":160,\"height\":96,\"caption\":\"gaidaphotos\"},\"image\":{\"@id\":\"https:\\\/\\\/www.gaidaphotos.com\\\/blog\\\/#\\\/schema\\\/logo\\\/image\\\/\"},\"sameAs\":[\"https:\\\/\\\/www.facebook.com\\\/Koeln.Rodenkirchen\",\"https:\\\/\\\/x.com\\\/gaidaphotos\",\"https:\\\/\\\/instagram.com\\\/gaidaphotos\\\/\",\"https:\\\/\\\/de.linkedin.com\\\/in\\\/gaidaphotos\",\"https:\\\/\\\/myspace.com\\\/gaidaphotos\",\"https:\\\/\\\/www.pinterest.com\\\/gaidaphotos\\\/\",\"https:\\\/\\\/www.youtube.com\\\/user\\\/gaidaphotos\"]},{\"@type\":\"Person\",\"@id\":\"https:\\\/\\\/www.gaidaphotos.com\\\/blog\\\/#\\\/schema\\\/person\\\/6c444a5b13ffc503c5c32f5a9ec68b21\",\"name\":\"Thomas\",\"sameAs\":[\"https:\\\/\\\/www.gaidaphotos.com\",\"https:\\\/\\\/www.facebook.com\\\/gaidaphotos\",\"https:\\\/\\\/instagram.com\\\/gaidaphotos\\\/\",\"https:\\\/\\\/www.linkedin.com\\\/in\\\/gaidaphotos\",\"http:\\\/\\\/www.pinterest.com\\\/gaidaphotos\\\/\",\"https:\\\/\\\/x.com\\\/gaidaphotos\",\"https:\\\/\\\/myspace.com\\\/gaidaphotos\",\"https:\\\/\\\/www.youtube.com\\\/user\\\/gaidaphotos\",\"https:\\\/\\\/gaidaphotos.tumblr.com\\\/\"]}]}<\/script>\n<!-- \/ Yoast SEO plugin. -->","yoast_head_json":{"title":"9. Rodenkirchener Kunstmeile 2011: Alle Orte, alle K\u00fcnstler, Katalog","description":"9. Rodenkirchener Kunstmeile 2011: Alle Orte, alle K\u00fcnstler, Katalog als kostenloser Download - verkaufsoffener Sonntag","robots":{"index":"index","follow":"follow","max-snippet":"max-snippet:-1","max-image-preview":"max-image-preview:large","max-video-preview":"max-video-preview:-1"},"canonical":"https:\/\/www.gaidaphotos.com\/blog\/2011\/02\/22\/9-rodenkirchener-kunstmeile-2011-alle-orte-alle-kuenstler-katalog\/","og_locale":"de_DE","og_type":"article","og_title":"9. Rodenkirchener Kunstmeile 2011: Alle Orte, alle K\u00fcnstler, Katalog","og_description":"9. Rodenkirchener Kunstmeile 2011: Alle Orte, alle K\u00fcnstler, Katalog als kostenloser Download - verkaufsoffener Sonntag","og_url":"https:\/\/www.gaidaphotos.com\/blog\/2011\/02\/22\/9-rodenkirchener-kunstmeile-2011-alle-orte-alle-kuenstler-katalog\/","og_site_name":"K\u00f6ln Rodenkirchen und die Welt","article_publisher":"https:\/\/www.facebook.com\/Koeln.Rodenkirchen","article_author":"https:\/\/www.facebook.com\/gaidaphotos","article_published_time":"2011-02-22T17:25:31+00:00","article_modified_time":"2017-04-17T12:10:32+00:00","og_image":[{"url":"https:\/\/www.gaidaphotos.com\/blog\/wp-content\/uploads\/2011\/02\/rodenkirchener-kunstmeile-2011-karte.jpg","type":"","width":"","height":""}],"author":"Thomas","twitter_card":"summary_large_image","twitter_creator":"@gaidaphotos","twitter_site":"@gaidaphotos","twitter_misc":{"Verfasst von":"Thomas","Gesch\u00e4tzte Lesezeit":"2\u00a0Minuten"},"schema":{"@context":"https:\/\/schema.org","@graph":[{"@type":"Article","@id":"https:\/\/www.gaidaphotos.com\/blog\/2011\/02\/22\/9-rodenkirchener-kunstmeile-2011-alle-orte-alle-kuenstler-katalog\/#article","isPartOf":{"@id":"https:\/\/www.gaidaphotos.com\/blog\/2011\/02\/22\/9-rodenkirchener-kunstmeile-2011-alle-orte-alle-kuenstler-katalog\/"},"author":{"name":"Thomas","@id":"https:\/\/www.gaidaphotos.com\/blog\/#\/schema\/person\/6c444a5b13ffc503c5c32f5a9ec68b21"},"headline":"9. Rodenkirchener Kunstmeile 2011: Alle Orte, alle K\u00fcnstler, Katalog","datePublished":"2011-02-22T17:25:31+00:00","dateModified":"2017-04-17T12:10:32+00:00","mainEntityOfPage":{"@id":"https:\/\/www.gaidaphotos.com\/blog\/2011\/02\/22\/9-rodenkirchener-kunstmeile-2011-alle-orte-alle-kuenstler-katalog\/"},"wordCount":448,"commentCount":1,"publisher":{"@id":"https:\/\/www.gaidaphotos.com\/blog\/#organization"},"image":{"@id":"https:\/\/www.gaidaphotos.com\/blog\/2011\/02\/22\/9-rodenkirchener-kunstmeile-2011-alle-orte-alle-kuenstler-katalog\/#primaryimage"},"thumbnailUrl":"https:\/\/www.gaidaphotos.com\/blog\/wp-content\/uploads\/2011\/02\/rodenkirchener-kunstmeile-2011-karte.jpg","keywords":["Freizeit-Ideen","K\u00f6ln Rodenkirchen","verkaufsoffener Sonntag"],"articleSection":["K\u00f6ln Rodenkirchen Einkaufen","K\u00f6ln Rodenkirchen Freizeit","Rodenkirchener Kunstmeile","Verkaufsoffener Sonntag K\u00f6ln NRW"],"inLanguage":"de","potentialAction":[{"@type":"CommentAction","name":"Comment","target":["https:\/\/www.gaidaphotos.com\/blog\/2011\/02\/22\/9-rodenkirchener-kunstmeile-2011-alle-orte-alle-kuenstler-katalog\/#respond"]}]},{"@type":"WebPage","@id":"https:\/\/www.gaidaphotos.com\/blog\/2011\/02\/22\/9-rodenkirchener-kunstmeile-2011-alle-orte-alle-kuenstler-katalog\/","url":"https:\/\/www.gaidaphotos.com\/blog\/2011\/02\/22\/9-rodenkirchener-kunstmeile-2011-alle-orte-alle-kuenstler-katalog\/","name":"9. Rodenkirchener Kunstmeile 2011: Alle Orte, alle K\u00fcnstler, Katalog","isPartOf":{"@id":"https:\/\/www.gaidaphotos.com\/blog\/#website"},"primaryImageOfPage":{"@id":"https:\/\/www.gaidaphotos.com\/blog\/2011\/02\/22\/9-rodenkirchener-kunstmeile-2011-alle-orte-alle-kuenstler-katalog\/#primaryimage"},"image":{"@id":"https:\/\/www.gaidaphotos.com\/blog\/2011\/02\/22\/9-rodenkirchener-kunstmeile-2011-alle-orte-alle-kuenstler-katalog\/#primaryimage"},"thumbnailUrl":"https:\/\/www.gaidaphotos.com\/blog\/wp-content\/uploads\/2011\/02\/rodenkirchener-kunstmeile-2011-karte.jpg","datePublished":"2011-02-22T17:25:31+00:00","dateModified":"2017-04-17T12:10:32+00:00","description":"9. Rodenkirchener Kunstmeile 2011: Alle Orte, alle K\u00fcnstler, Katalog als kostenloser Download - verkaufsoffener Sonntag","breadcrumb":{"@id":"https:\/\/www.gaidaphotos.com\/blog\/2011\/02\/22\/9-rodenkirchener-kunstmeile-2011-alle-orte-alle-kuenstler-katalog\/#breadcrumb"},"inLanguage":"de","potentialAction":[{"@type":"ReadAction","target":["https:\/\/www.gaidaphotos.com\/blog\/2011\/02\/22\/9-rodenkirchener-kunstmeile-2011-alle-orte-alle-kuenstler-katalog\/"]}]},{"@type":"ImageObject","inLanguage":"de","@id":"https:\/\/www.gaidaphotos.com\/blog\/2011\/02\/22\/9-rodenkirchener-kunstmeile-2011-alle-orte-alle-kuenstler-katalog\/#primaryimage","url":"https:\/\/i0.wp.com\/www.gaidaphotos.com\/blog\/wp-content\/uploads\/2011\/02\/rodenkirchener-kunstmeile-2011-karte.jpg?fit=335%2C283&ssl=1","contentUrl":"https:\/\/i0.wp.com\/www.gaidaphotos.com\/blog\/wp-content\/uploads\/2011\/02\/rodenkirchener-kunstmeile-2011-karte.jpg?fit=335%2C283&ssl=1","width":"335","height":"283","caption":"9. Rodenkirchener Kunstmeile 2011 Karte"},{"@type":"BreadcrumbList","@id":"https:\/\/www.gaidaphotos.com\/blog\/2011\/02\/22\/9-rodenkirchener-kunstmeile-2011-alle-orte-alle-kuenstler-katalog\/#breadcrumb","itemListElement":[{"@type":"ListItem","position":1,"name":"Startseite","item":"https:\/\/www.gaidaphotos.com\/blog\/"},{"@type":"ListItem","position":2,"name":"9. Rodenkirchener Kunstmeile 2011: Alle Orte, alle K\u00fcnstler, Katalog"}]},{"@type":"WebSite","@id":"https:\/\/www.gaidaphotos.com\/blog\/#website","url":"https:\/\/www.gaidaphotos.com\/blog\/","name":"K\u00f6ln Rodenkirchen und die Welt","description":"Einkaufen, Restaurants, Freizeit, Nachrichten und was uns sonst bewegt und begegnet","publisher":{"@id":"https:\/\/www.gaidaphotos.com\/blog\/#organization"},"potentialAction":[{"@type":"SearchAction","target":{"@type":"EntryPoint","urlTemplate":"https:\/\/www.gaidaphotos.com\/blog\/?s={search_term_string}"},"query-input":{"@type":"PropertyValueSpecification","valueRequired":true,"valueName":"search_term_string"}}],"inLanguage":"de"},{"@type":"Organization","@id":"https:\/\/www.gaidaphotos.com\/blog\/#organization","name":"gaidaphotos","url":"https:\/\/www.gaidaphotos.com\/blog\/","logo":{"@type":"ImageObject","inLanguage":"de","@id":"https:\/\/www.gaidaphotos.com\/blog\/#\/schema\/logo\/image\/","url":"https:\/\/i0.wp.com\/www.gaidaphotos.com\/blog\/wp-content\/uploads\/2020\/07\/GAIDAPHOTOS-COM.jpg?fit=160%2C96&ssl=1","contentUrl":"https:\/\/i0.wp.com\/www.gaidaphotos.com\/blog\/wp-content\/uploads\/2020\/07\/GAIDAPHOTOS-COM.jpg?fit=160%2C96&ssl=1","width":160,"height":96,"caption":"gaidaphotos"},"image":{"@id":"https:\/\/www.gaidaphotos.com\/blog\/#\/schema\/logo\/image\/"},"sameAs":["https:\/\/www.facebook.com\/Koeln.Rodenkirchen","https:\/\/x.com\/gaidaphotos","https:\/\/instagram.com\/gaidaphotos\/","https:\/\/de.linkedin.com\/in\/gaidaphotos","https:\/\/myspace.com\/gaidaphotos","https:\/\/www.pinterest.com\/gaidaphotos\/","https:\/\/www.youtube.com\/user\/gaidaphotos"]},{"@type":"Person","@id":"https:\/\/www.gaidaphotos.com\/blog\/#\/schema\/person\/6c444a5b13ffc503c5c32f5a9ec68b21","name":"Thomas","sameAs":["https:\/\/www.gaidaphotos.com","https:\/\/www.facebook.com\/gaidaphotos","https:\/\/instagram.com\/gaidaphotos\/","https:\/\/www.linkedin.com\/in\/gaidaphotos","http:\/\/www.pinterest.com\/gaidaphotos\/","https:\/\/x.com\/gaidaphotos","https:\/\/myspace.com\/gaidaphotos","https:\/\/www.youtube.com\/user\/gaidaphotos","https:\/\/gaidaphotos.tumblr.com\/"]}]}},"jetpack_publicize_connections":[],"jetpack_featured_media_url":"","jetpack_sharing_enabled":true,"jetpack_likes_enabled":true,"jetpack-related-posts":[{"id":3524,"url":"https:\/\/www.gaidaphotos.com\/blog\/2011\/03\/14\/kunstmeile-koelnrodenkirchen-2011-bilder\/","url_meta":{"origin":3506,"position":0},"title":"Kunstmeile K\u00f6ln Rodenkirchen 2011 &#8211; Bilder","author":"Thomas","date":"14. M\u00e4rz 2011","format":false,"excerpt":"Kunstmeile K\u00f6ln Rodenkirchen 2011 - Bilder Sonnenschein und moderate Temperaturen lockten die Menschen in ungewohnten Scharen zur 9. Kunstmeile in K\u00f6ln-Rodenkirchen. Selten haben wir an einem verkaufsoffenen Sonntag, Ausnahme das Stra\u00dfenfest im Juni, so viele Menschen in K\u00f6ln-Rodenkirchen gesehen. Vor den ge\u00f6ffneten Gesch\u00e4ften bildeten sich teilweise kleine Menschentrauben- und Ansammlungen,\u2026","rel":"","context":"In &quot;K\u00f6ln Rodenkirchen Einkaufen&quot;","block_context":{"text":"K\u00f6ln Rodenkirchen Einkaufen","link":"https:\/\/www.gaidaphotos.com\/blog\/category\/koeln-rodenkirchen\/koeln-rodenkirchen-einkaufen\/"},"img":{"alt_text":"","src":"https:\/\/www.gaidaphotos.com\/blog\/wp-content\/uploads\/2020\/08\/nggallery_import\/76_","width":350,"height":200},"classes":[]},{"id":4316,"url":"https:\/\/www.gaidaphotos.com\/blog\/2012\/03\/08\/verkaufsoffener-sonntag-18-03-2012-in-koeln\/","url_meta":{"origin":3506,"position":1},"title":"Verkaufsoffener Sonntag 18.03.2012 in K\u00f6ln","author":"Thomas","date":"8. M\u00e4rz 2012","format":false,"excerpt":"Verkaufsoffener Sonntag 18.03.2012 in K\u00f6ln Es wird Fr\u00fchling und die Gesch\u00e4fte \u00f6ffnen endlich wieder in K\u00f6ln zum verkaufsoffenen Sonntag. Am 18.03.2011 haben aus Anlass des verkaufsoffenen Sonntag in K\u00f6ln die Gesch\u00e4fte in folgenden Stadtteilen ge\u00f6ffnet: Verkaufsoffener Sonntag 18.03.2012 in K\u00f6ln K\u00f6ln Neustadt-S\u00fcd, \u00d6ffnungszeiten von 13:00h bis 18:00h: Am Bayenturm -\u2026","rel":"","context":"In &quot;K\u00f6ln Rodenkirchen Einkaufen&quot;","block_context":{"text":"K\u00f6ln Rodenkirchen Einkaufen","link":"https:\/\/www.gaidaphotos.com\/blog\/category\/koeln-rodenkirchen\/koeln-rodenkirchen-einkaufen\/"},"img":{"alt_text":"","src":"https:\/\/www.gaidaphotos.com\/blog\/wp-content\/uploads\/2020\/08\/nggallery_import\/24_","width":350,"height":200,"srcset":"https:\/\/www.gaidaphotos.com\/blog\/wp-content\/uploads\/2020\/08\/nggallery_import\/24_ 1x, https:\/\/www.gaidaphotos.com\/blog\/wp-content\/uploads\/2020\/08\/nggallery_import\/24_ 1.5x, https:\/\/www.gaidaphotos.com\/blog\/wp-content\/uploads\/2020\/08\/nggallery_import\/24_ 2x"},"classes":[]},{"id":5479,"url":"https:\/\/www.gaidaphotos.com\/blog\/2013\/03\/12\/verkaufsoffener-sonntag-und-kunstmeile-am-17-03-2013\/","url_meta":{"origin":3506,"position":2},"title":"verkaufsoffener Sonntag und Kunstmeile am 17.03.2013","author":"Thomas","date":"12. M\u00e4rz 2013","format":false,"excerpt":"Verkaufsoffener Sonntag und Kunstmeile am 17.03.2013 Am zweiten Sonntag der 11. Rodenkirchener Kunstmeile am 17.03.2013 trifft wieder Kunst auf Kommerz, denn es ist auch verkaufsoffener Sonntag in Rodenkirchen. Schon seit vergangenem Sonntag k\u00f6nnen wir wieder \u00fcberall in Rodenkirchen Kunstwerke aus Malerei, Skulpturen, Objekten und Fotos bewundern. Am kommenden Sonntag d\u00fcrfen\u2026","rel":"","context":"In &quot;K\u00f6ln Rodenkirchen Einkaufen&quot;","block_context":{"text":"K\u00f6ln Rodenkirchen Einkaufen","link":"https:\/\/www.gaidaphotos.com\/blog\/category\/koeln-rodenkirchen\/koeln-rodenkirchen-einkaufen\/"},"img":{"alt_text":"","src":"https:\/\/www.gaidaphotos.com\/blog\/wp-content\/uploads\/2020\/08\/nggallery_import\/139_","width":350,"height":200,"srcset":"https:\/\/www.gaidaphotos.com\/blog\/wp-content\/uploads\/2020\/08\/nggallery_import\/139_ 1x, https:\/\/www.gaidaphotos.com\/blog\/wp-content\/uploads\/2020\/08\/nggallery_import\/139_ 1.5x, https:\/\/www.gaidaphotos.com\/blog\/wp-content\/uploads\/2020\/08\/nggallery_import\/139_ 2x"},"classes":[]},{"id":4333,"url":"https:\/\/www.gaidaphotos.com\/blog\/2012\/03\/13\/10-rodenkirchner-kunstmeile-fotos-bilder-bericht\/","url_meta":{"origin":3506,"position":3},"title":"10. Rodenkirchner Kunstmeile: Fotos, Bilder, Bericht","author":"Thomas","date":"13. M\u00e4rz 2012","format":false,"excerpt":"10. Rodenkirchner Kunstmeile: Fotos, Bilder, Bericht 10. Rodenkirchner Kunstmeile: Fotos, Bilder, Bericht Am vergangenen Sonntag er\u00f6ffnete die 10. Rodenkirchener Kunstmeile. Selten sieht man an einem Sonntag so viele Menschen auf den Stra\u00dfen Rodenkirchens. Die ausstellenden Gesch\u00e4fte waren gut bis sehr gut gef\u00fcllt und die Besucher der 10. Rodenkirchner Kunstmeile schienen\u2026","rel":"","context":"In &quot;K\u00f6ln Rodenkirchen Einkaufen&quot;","block_context":{"text":"K\u00f6ln Rodenkirchen Einkaufen","link":"https:\/\/www.gaidaphotos.com\/blog\/category\/koeln-rodenkirchen\/koeln-rodenkirchen-einkaufen\/"},"img":{"alt_text":"","src":"https:\/\/www.gaidaphotos.com\/blog\/wp-content\/uploads\/2020\/08\/nggallery_import\/111_","width":350,"height":200,"srcset":"https:\/\/www.gaidaphotos.com\/blog\/wp-content\/uploads\/2020\/08\/nggallery_import\/111_ 1x, https:\/\/www.gaidaphotos.com\/blog\/wp-content\/uploads\/2020\/08\/nggallery_import\/111_ 1.5x"},"classes":[]},{"id":6268,"url":"https:\/\/www.gaidaphotos.com\/blog\/2014\/04\/01\/12-rodenkirchener-kunstmeile-2014-2\/","url_meta":{"origin":3506,"position":4},"title":"12.Rodenkirchener Kunstmeile 2014","author":"Thomas","date":"1. April 2014","format":false,"excerpt":"12.Rodenkirchener Kunstmeile 2014 - verkaufsoffener Sonntag und Flohmarktfieber Sonne satt,fr\u00fchlingshafte Temperaturen und \u00fcberall fr\u00f6hliche Gesichter - der verkaufsoffene Sonntag mit Kunstmeile und Flohm\u00e4rkten war f\u00fcr Rodenkirchen ein voller Erfolg. Selten hat man so volle B\u00fcrgersteige, Pl\u00e4tze und Lokale erlebt. Der Sonntag hatte allerdings auch seine Schattenseiten. Der angek\u00fcndigte \"Antikmarkt\" an\u2026","rel":"","context":"In &quot;Flohmarkt\/Troedelmarkt&quot;","block_context":{"text":"Flohmarkt\/Troedelmarkt","link":"https:\/\/www.gaidaphotos.com\/blog\/category\/flohmarkttroedelmarkt-2\/"},"img":{"alt_text":"","src":"https:\/\/i0.wp.com\/www.gaidaphotos.com\/blog\/wp-content\/uploads\/ngg_featured\/rodenkirchener-kunstmeile-2014-04.jpg?fit=667%2C1000&ssl=1&resize=350%2C200","width":350,"height":200,"srcset":"https:\/\/i0.wp.com\/www.gaidaphotos.com\/blog\/wp-content\/uploads\/ngg_featured\/rodenkirchener-kunstmeile-2014-04.jpg?fit=667%2C1000&ssl=1&resize=350%2C200 1x, https:\/\/i0.wp.com\/www.gaidaphotos.com\/blog\/wp-content\/uploads\/ngg_featured\/rodenkirchener-kunstmeile-2014-04.jpg?fit=667%2C1000&ssl=1&resize=525%2C300 1.5x"},"classes":[]},{"id":2638,"url":"https:\/\/www.gaidaphotos.com\/blog\/2010\/02\/25\/verkaufsoffener-sonntag-in-koln-rodenkirchen-am-14-03-2010\/","url_meta":{"origin":3506,"position":5},"title":"Verkaufsoffener Sonntag in K\u00f6ln-Rodenkirchen am 14.03.2010","author":"Thomas","date":"25. Februar 2010","format":false,"excerpt":"Verkaufsoffener Sonntag zur 8. Rodenkirchener Kunstmeile am 14.03.2010 Nicht vergessen: Am 14. M\u00e4rz findet nicht nur die 8. Rodenkirchener Kunstmeile 2010 statt, die vielen kleinen, sch\u00f6nen L\u00e4den und Einzelhandelsgesch\u00e4fte haben von 13:00h bis 18:00h f\u00fcr Sie ge\u00f6ffnet. Die meisten begr\u00fc\u00dfen Sie mit einem Glas Sekt oder K\u00f6lsch. Schauen Sie doch\u2026","rel":"","context":"In &quot;K\u00f6ln Rodenkirchen Einkaufen&quot;","block_context":{"text":"K\u00f6ln Rodenkirchen Einkaufen","link":"https:\/\/www.gaidaphotos.com\/blog\/category\/koeln-rodenkirchen\/koeln-rodenkirchen-einkaufen\/"},"img":{"alt_text":"","src":"","width":0,"height":0},"classes":[]}],"_links":{"self":[{"href":"https:\/\/www.gaidaphotos.com\/blog\/wp-json\/wp\/v2\/posts\/3506","targetHints":{"allow":["GET"]}}],"collection":[{"href":"https:\/\/www.gaidaphotos.com\/blog\/wp-json\/wp\/v2\/posts"}],"about":[{"href":"https:\/\/www.gaidaphotos.com\/blog\/wp-json\/wp\/v2\/types\/post"}],"author":[{"embeddable":true,"href":"https:\/\/www.gaidaphotos.com\/blog\/wp-json\/wp\/v2\/users\/6"}],"replies":[{"embeddable":true,"href":"https:\/\/www.gaidaphotos.com\/blog\/wp-json\/wp\/v2\/comments?post=3506"}],"version-history":[{"count":0,"href":"https:\/\/www.gaidaphotos.com\/blog\/wp-json\/wp\/v2\/posts\/3506\/revisions"}],"wp:attachment":[{"href":"https:\/\/www.gaidaphotos.com\/blog\/wp-json\/wp\/v2\/media?parent=3506"}],"wp:term":[{"taxonomy":"category","embeddable":true,"href":"https:\/\/www.gaidaphotos.com\/blog\/wp-json\/wp\/v2\/categories?post=3506"},{"taxonomy":"post_tag","embeddable":true,"href":"https:\/\/www.gaidaphotos.com\/blog\/wp-json\/wp\/v2\/tags?post=3506"}],"curies":[{"name":"wp","href":"https:\/\/api.w.org\/{rel}","templated":true}]}}