{"id":3524,"date":"2011-03-14T10:50:43","date_gmt":"2011-03-14T09:50:43","guid":{"rendered":"http:\/\/www.gaidaphotos.com\/blog\/?p=3524"},"modified":"2020-12-12T13:17:35","modified_gmt":"2020-12-12T12:17:35","slug":"kunstmeile-koelnrodenkirchen-2011-bilder","status":"publish","type":"post","link":"https:\/\/www.gaidaphotos.com\/blog\/2011\/03\/14\/kunstmeile-koelnrodenkirchen-2011-bilder\/","title":{"rendered":"Kunstmeile K\u00f6ln Rodenkirchen 2011 &#8211; Bilder"},"content":{"rendered":"<h2>Kunstmeile K\u00f6ln Rodenkirchen 2011 &#8211; Bilder<\/h2>\n<p>Sonnenschein und moderate Temperaturen lockten die Menschen in ungewohnten Scharen zur <strong>9. Kunstmeile in K\u00f6ln-Rodenkirchen<\/strong>.<br \/>\nSelten haben wir an einem verkaufsoffenen Sonntag, Ausnahme das Stra\u00dfenfest im Juni, so viele Menschen in K\u00f6ln-Rodenkirchen gesehen. Vor den ge\u00f6ffneten Gesch\u00e4ften bildeten sich teilweise kleine Menschentrauben- und Ansammlungen, um die Arbeiten der K\u00fcnstler zu bewundern und den verkaufsoffenen Sonntag zu einem Schn\u00e4ppchen zu nutzen.<\/p>\n<p>Vor allem die pinken Ballons an den Eingangst\u00fcren der L\u00e4den, die Ausstellungen zeigten, lie\u00dfen schon von weitem erkennen wo es etwas Besonderes zu sehen gab.<br \/>\nLeider waren die Ausstellungen in den B\u00fcro- und Gesch\u00e4ftr\u00e4umen weniger leicht zu finden. Und &#8222;tote&#8220; Treppenh\u00e4user luden nicht gerade zum Betrachten (Nacken, Hillebrand pp).<\/p>\n<p>Hoffen wir, dass der verkaufsoffene Sonntag mit <strong>Rodenkirchener Kunstmeile<\/strong> auch ein gesch\u00e4ftlicher Erfolg war. Denn leider haben viele K\u00f6lner wie \u00fcblich ihr Geld im Karneval gelassen und Ostern ist noch weit.<\/p>\n<h3>Hier finden Sie die Bilder von der Rodenkirchener Kunstmeile 2011<\/h3>\n<p>ngg_shortcode_0_placeholderDie ersten Osterhasen tauchen auf und bald ist auch Ostern. Denken Sie an <strong>Osterkarten <\/strong>f\u00fcr Ihre Lieben.<br \/>\nOstern ist auch die zeit von Kommunion und Konfirmation. Hier finden Sie <strong>Einladungskarten zu Kommunin und Konfirmation<\/strong> und ebenso Gru\u00dfkarten und Danksagungskarten.<\/p>\n<p><!--?php include(\"wp-content\/include\/ostern-links.php\"); ?--><\/p>\n<p><!--?php include(\"wp-content\/include\/ostern-ads-1.php\"); ?--><\/p>\n","protected":false},"excerpt":{"rendered":"<p>Kunstmeile K\u00f6ln Rodenkirchen 2011 &#8211; Bilder Sonnenschein und moderate Temperaturen lockten die Menschen in ungewohnten Scharen zur 9. Kunstmeile in<\/p>\n","protected":false},"author":6,"featured_media":12363,"comment_status":"open","ping_status":"open","sticky":false,"template":"","format":"standard","meta":{"_crdt_document":"","ngg_post_thumbnail":0,"jetpack_post_was_ever_published":false,"_jetpack_newsletter_access":"","_jetpack_dont_email_post_to_subs":false,"_jetpack_newsletter_tier_id":0,"_jetpack_memberships_contains_paywalled_content":false,"_jetpack_memberships_contains_paid_content":false,"footnotes":"","jetpack_publicize_message":"","jetpack_publicize_feature_enabled":true,"jetpack_social_post_already_shared":false,"jetpack_social_options":{"image_generator_settings":{"template":"highway","default_image_id":0,"font":"","enabled":false},"version":2}},"categories":[89,101,135,522,1,178],"tags":[],"class_list":["post-3524","post","type-post","status-publish","format-standard","has-post-thumbnail","hentry","category-koeln-rodenkirchen-einkaufen","category-koeln-rodenkirchen-freizeit","category-koeln_rodenkirchen-fotos","category-rodenkirchener-kunstmeile","category-uncategorized","category-verkaufsoffener-sonntag-koln-nrw"],"yoast_head":"<!-- This site is optimized with the Yoast SEO plugin v27.5 - https:\/\/yoast.com\/product\/yoast-seo-wordpress\/ -->\n<title>Kunstmeile K\u00f6ln Rodenkirchen 2011 - Bilder<\/title>\n<meta name=\"description\" content=\"Kunstmeile K\u00f6ln Rodenkirchen 2011 - Bilder und Bericht von der 9. Kunstmeile\" \/>\n<meta name=\"robots\" content=\"index, follow, max-snippet:-1, max-image-preview:large, max-video-preview:-1\" \/>\n<link rel=\"canonical\" href=\"https:\/\/www.gaidaphotos.com\/blog\/2011\/03\/14\/kunstmeile-koelnrodenkirchen-2011-bilder\/\" \/>\n<meta property=\"og:locale\" content=\"de_DE\" \/>\n<meta property=\"og:type\" content=\"article\" \/>\n<meta property=\"og:title\" content=\"Kunstmeile K\u00f6ln Rodenkirchen 2011 - Bilder\" \/>\n<meta property=\"og:description\" content=\"Kunstmeile K\u00f6ln Rodenkirchen 2011 - Bilder und Bericht von der 9. Kunstmeile\" \/>\n<meta property=\"og:url\" content=\"https:\/\/www.gaidaphotos.com\/blog\/2011\/03\/14\/kunstmeile-koelnrodenkirchen-2011-bilder\/\" \/>\n<meta property=\"og:site_name\" content=\"K\u00f6ln Rodenkirchen und die Welt\" \/>\n<meta property=\"article:publisher\" content=\"https:\/\/www.facebook.com\/Koeln.Rodenkirchen\" \/>\n<meta property=\"article:author\" content=\"https:\/\/www.facebook.com\/gaidaphotos\" \/>\n<meta property=\"article:published_time\" content=\"2011-03-14T09:50:43+00:00\" \/>\n<meta property=\"article:modified_time\" content=\"2020-12-12T12:17:35+00:00\" \/>\n<meta property=\"og:image\" content=\"https:\/\/www.gaidaphotos.com\/blog\/wp-content\/uploads\/2020\/08\/nggallery_import\/76_\" \/>\n\t<meta property=\"og:image:width\" content=\"293\" \/>\n\t<meta property=\"og:image:height\" content=\"440\" \/>\n\t<meta property=\"og:image:type\" content=\"image\/jpeg\" \/>\n<meta name=\"author\" content=\"Thomas\" \/>\n<meta name=\"twitter:card\" content=\"summary_large_image\" \/>\n<meta name=\"twitter:creator\" content=\"@gaidaphotos\" \/>\n<meta name=\"twitter:site\" content=\"@gaidaphotos\" \/>\n<meta name=\"twitter:label1\" content=\"Verfasst von\" \/>\n\t<meta name=\"twitter:data1\" content=\"Thomas\" \/>\n\t<meta name=\"twitter:label2\" content=\"Gesch\u00e4tzte Lesezeit\" \/>\n\t<meta name=\"twitter:data2\" content=\"1\u00a0Minute\" \/>\n<script type=\"application\/ld+json\" class=\"yoast-schema-graph\">{\"@context\":\"https:\\\/\\\/schema.org\",\"@graph\":[{\"@type\":\"Article\",\"@id\":\"https:\\\/\\\/www.gaidaphotos.com\\\/blog\\\/2011\\\/03\\\/14\\\/kunstmeile-koelnrodenkirchen-2011-bilder\\\/#article\",\"isPartOf\":{\"@id\":\"https:\\\/\\\/www.gaidaphotos.com\\\/blog\\\/2011\\\/03\\\/14\\\/kunstmeile-koelnrodenkirchen-2011-bilder\\\/\"},\"author\":{\"name\":\"Thomas\",\"@id\":\"https:\\\/\\\/www.gaidaphotos.com\\\/blog\\\/#\\\/schema\\\/person\\\/6c444a5b13ffc503c5c32f5a9ec68b21\"},\"headline\":\"Kunstmeile K\u00f6ln Rodenkirchen 2011 &#8211; Bilder\",\"datePublished\":\"2011-03-14T09:50:43+00:00\",\"dateModified\":\"2020-12-12T12:17:35+00:00\",\"mainEntityOfPage\":{\"@id\":\"https:\\\/\\\/www.gaidaphotos.com\\\/blog\\\/2011\\\/03\\\/14\\\/kunstmeile-koelnrodenkirchen-2011-bilder\\\/\"},\"wordCount\":226,\"commentCount\":1,\"publisher\":{\"@id\":\"https:\\\/\\\/www.gaidaphotos.com\\\/blog\\\/#organization\"},\"image\":{\"@id\":\"https:\\\/\\\/www.gaidaphotos.com\\\/blog\\\/2011\\\/03\\\/14\\\/kunstmeile-koelnrodenkirchen-2011-bilder\\\/#primaryimage\"},\"thumbnailUrl\":\"https:\\\/\\\/www.gaidaphotos.com\\\/blog\\\/wp-content\\\/uploads\\\/2020\\\/08\\\/nggallery_import\\\/76_\",\"articleSection\":[\"K\u00f6ln Rodenkirchen Einkaufen\",\"K\u00f6ln Rodenkirchen Freizeit\",\"K\u00f6ln-Rodenkirchen Fotos\",\"Rodenkirchener Kunstmeile\",\"Sonstiges\",\"Verkaufsoffener Sonntag K\u00f6ln NRW\"],\"inLanguage\":\"de\",\"potentialAction\":[{\"@type\":\"CommentAction\",\"name\":\"Comment\",\"target\":[\"https:\\\/\\\/www.gaidaphotos.com\\\/blog\\\/2011\\\/03\\\/14\\\/kunstmeile-koelnrodenkirchen-2011-bilder\\\/#respond\"]}]},{\"@type\":\"WebPage\",\"@id\":\"https:\\\/\\\/www.gaidaphotos.com\\\/blog\\\/2011\\\/03\\\/14\\\/kunstmeile-koelnrodenkirchen-2011-bilder\\\/\",\"url\":\"https:\\\/\\\/www.gaidaphotos.com\\\/blog\\\/2011\\\/03\\\/14\\\/kunstmeile-koelnrodenkirchen-2011-bilder\\\/\",\"name\":\"Kunstmeile K\u00f6ln Rodenkirchen 2011 - Bilder\",\"isPartOf\":{\"@id\":\"https:\\\/\\\/www.gaidaphotos.com\\\/blog\\\/#website\"},\"primaryImageOfPage\":{\"@id\":\"https:\\\/\\\/www.gaidaphotos.com\\\/blog\\\/2011\\\/03\\\/14\\\/kunstmeile-koelnrodenkirchen-2011-bilder\\\/#primaryimage\"},\"image\":{\"@id\":\"https:\\\/\\\/www.gaidaphotos.com\\\/blog\\\/2011\\\/03\\\/14\\\/kunstmeile-koelnrodenkirchen-2011-bilder\\\/#primaryimage\"},\"thumbnailUrl\":\"https:\\\/\\\/www.gaidaphotos.com\\\/blog\\\/wp-content\\\/uploads\\\/2020\\\/08\\\/nggallery_import\\\/76_\",\"datePublished\":\"2011-03-14T09:50:43+00:00\",\"dateModified\":\"2020-12-12T12:17:35+00:00\",\"description\":\"Kunstmeile K\u00f6ln Rodenkirchen 2011 - Bilder und Bericht von der 9. Kunstmeile\",\"breadcrumb\":{\"@id\":\"https:\\\/\\\/www.gaidaphotos.com\\\/blog\\\/2011\\\/03\\\/14\\\/kunstmeile-koelnrodenkirchen-2011-bilder\\\/#breadcrumb\"},\"inLanguage\":\"de\",\"potentialAction\":[{\"@type\":\"ReadAction\",\"target\":[\"https:\\\/\\\/www.gaidaphotos.com\\\/blog\\\/2011\\\/03\\\/14\\\/kunstmeile-koelnrodenkirchen-2011-bilder\\\/\"]}]},{\"@type\":\"ImageObject\",\"inLanguage\":\"de\",\"@id\":\"https:\\\/\\\/www.gaidaphotos.com\\\/blog\\\/2011\\\/03\\\/14\\\/kunstmeile-koelnrodenkirchen-2011-bilder\\\/#primaryimage\",\"url\":\"https:\\\/\\\/www.gaidaphotos.com\\\/blog\\\/wp-content\\\/uploads\\\/2020\\\/08\\\/nggallery_import\\\/76_\",\"contentUrl\":\"https:\\\/\\\/www.gaidaphotos.com\\\/blog\\\/wp-content\\\/uploads\\\/2020\\\/08\\\/nggallery_import\\\/76_\",\"width\":293,\"height\":440},{\"@type\":\"BreadcrumbList\",\"@id\":\"https:\\\/\\\/www.gaidaphotos.com\\\/blog\\\/2011\\\/03\\\/14\\\/kunstmeile-koelnrodenkirchen-2011-bilder\\\/#breadcrumb\",\"itemListElement\":[{\"@type\":\"ListItem\",\"position\":1,\"name\":\"Startseite\",\"item\":\"https:\\\/\\\/www.gaidaphotos.com\\\/blog\\\/\"},{\"@type\":\"ListItem\",\"position\":2,\"name\":\"Kunstmeile K\u00f6ln Rodenkirchen 2011 &#8211; Bilder\"}]},{\"@type\":\"WebSite\",\"@id\":\"https:\\\/\\\/www.gaidaphotos.com\\\/blog\\\/#website\",\"url\":\"https:\\\/\\\/www.gaidaphotos.com\\\/blog\\\/\",\"name\":\"K\u00f6ln Rodenkirchen und die Welt\",\"description\":\"Einkaufen, Restaurants, Freizeit, Nachrichten und was uns sonst bewegt und begegnet\",\"publisher\":{\"@id\":\"https:\\\/\\\/www.gaidaphotos.com\\\/blog\\\/#organization\"},\"potentialAction\":[{\"@type\":\"SearchAction\",\"target\":{\"@type\":\"EntryPoint\",\"urlTemplate\":\"https:\\\/\\\/www.gaidaphotos.com\\\/blog\\\/?s={search_term_string}\"},\"query-input\":{\"@type\":\"PropertyValueSpecification\",\"valueRequired\":true,\"valueName\":\"search_term_string\"}}],\"inLanguage\":\"de\"},{\"@type\":\"Organization\",\"@id\":\"https:\\\/\\\/www.gaidaphotos.com\\\/blog\\\/#organization\",\"name\":\"gaidaphotos\",\"url\":\"https:\\\/\\\/www.gaidaphotos.com\\\/blog\\\/\",\"logo\":{\"@type\":\"ImageObject\",\"inLanguage\":\"de\",\"@id\":\"https:\\\/\\\/www.gaidaphotos.com\\\/blog\\\/#\\\/schema\\\/logo\\\/image\\\/\",\"url\":\"https:\\\/\\\/i0.wp.com\\\/www.gaidaphotos.com\\\/blog\\\/wp-content\\\/uploads\\\/2020\\\/07\\\/GAIDAPHOTOS-COM.jpg?fit=160%2C96&ssl=1\",\"contentUrl\":\"https:\\\/\\\/i0.wp.com\\\/www.gaidaphotos.com\\\/blog\\\/wp-content\\\/uploads\\\/2020\\\/07\\\/GAIDAPHOTOS-COM.jpg?fit=160%2C96&ssl=1\",\"width\":160,\"height\":96,\"caption\":\"gaidaphotos\"},\"image\":{\"@id\":\"https:\\\/\\\/www.gaidaphotos.com\\\/blog\\\/#\\\/schema\\\/logo\\\/image\\\/\"},\"sameAs\":[\"https:\\\/\\\/www.facebook.com\\\/Koeln.Rodenkirchen\",\"https:\\\/\\\/x.com\\\/gaidaphotos\",\"https:\\\/\\\/instagram.com\\\/gaidaphotos\\\/\",\"https:\\\/\\\/de.linkedin.com\\\/in\\\/gaidaphotos\",\"https:\\\/\\\/myspace.com\\\/gaidaphotos\",\"https:\\\/\\\/www.pinterest.com\\\/gaidaphotos\\\/\",\"https:\\\/\\\/www.youtube.com\\\/user\\\/gaidaphotos\"]},{\"@type\":\"Person\",\"@id\":\"https:\\\/\\\/www.gaidaphotos.com\\\/blog\\\/#\\\/schema\\\/person\\\/6c444a5b13ffc503c5c32f5a9ec68b21\",\"name\":\"Thomas\",\"sameAs\":[\"https:\\\/\\\/www.gaidaphotos.com\",\"https:\\\/\\\/www.facebook.com\\\/gaidaphotos\",\"https:\\\/\\\/instagram.com\\\/gaidaphotos\\\/\",\"https:\\\/\\\/www.linkedin.com\\\/in\\\/gaidaphotos\",\"http:\\\/\\\/www.pinterest.com\\\/gaidaphotos\\\/\",\"https:\\\/\\\/x.com\\\/gaidaphotos\",\"https:\\\/\\\/myspace.com\\\/gaidaphotos\",\"https:\\\/\\\/www.youtube.com\\\/user\\\/gaidaphotos\",\"https:\\\/\\\/gaidaphotos.tumblr.com\\\/\"]}]}<\/script>\n<!-- \/ Yoast SEO plugin. -->","yoast_head_json":{"title":"Kunstmeile K\u00f6ln Rodenkirchen 2011 - Bilder","description":"Kunstmeile K\u00f6ln Rodenkirchen 2011 - Bilder und Bericht von der 9. Kunstmeile","robots":{"index":"index","follow":"follow","max-snippet":"max-snippet:-1","max-image-preview":"max-image-preview:large","max-video-preview":"max-video-preview:-1"},"canonical":"https:\/\/www.gaidaphotos.com\/blog\/2011\/03\/14\/kunstmeile-koelnrodenkirchen-2011-bilder\/","og_locale":"de_DE","og_type":"article","og_title":"Kunstmeile K\u00f6ln Rodenkirchen 2011 - Bilder","og_description":"Kunstmeile K\u00f6ln Rodenkirchen 2011 - Bilder und Bericht von der 9. Kunstmeile","og_url":"https:\/\/www.gaidaphotos.com\/blog\/2011\/03\/14\/kunstmeile-koelnrodenkirchen-2011-bilder\/","og_site_name":"K\u00f6ln Rodenkirchen und die Welt","article_publisher":"https:\/\/www.facebook.com\/Koeln.Rodenkirchen","article_author":"https:\/\/www.facebook.com\/gaidaphotos","article_published_time":"2011-03-14T09:50:43+00:00","article_modified_time":"2020-12-12T12:17:35+00:00","og_image":[{"width":293,"height":440,"url":"https:\/\/www.gaidaphotos.com\/blog\/wp-content\/uploads\/2020\/08\/nggallery_import\/76_","type":"image\/jpeg"}],"author":"Thomas","twitter_card":"summary_large_image","twitter_creator":"@gaidaphotos","twitter_site":"@gaidaphotos","twitter_misc":{"Verfasst von":"Thomas","Gesch\u00e4tzte Lesezeit":"1\u00a0Minute"},"schema":{"@context":"https:\/\/schema.org","@graph":[{"@type":"Article","@id":"https:\/\/www.gaidaphotos.com\/blog\/2011\/03\/14\/kunstmeile-koelnrodenkirchen-2011-bilder\/#article","isPartOf":{"@id":"https:\/\/www.gaidaphotos.com\/blog\/2011\/03\/14\/kunstmeile-koelnrodenkirchen-2011-bilder\/"},"author":{"name":"Thomas","@id":"https:\/\/www.gaidaphotos.com\/blog\/#\/schema\/person\/6c444a5b13ffc503c5c32f5a9ec68b21"},"headline":"Kunstmeile K\u00f6ln Rodenkirchen 2011 &#8211; Bilder","datePublished":"2011-03-14T09:50:43+00:00","dateModified":"2020-12-12T12:17:35+00:00","mainEntityOfPage":{"@id":"https:\/\/www.gaidaphotos.com\/blog\/2011\/03\/14\/kunstmeile-koelnrodenkirchen-2011-bilder\/"},"wordCount":226,"commentCount":1,"publisher":{"@id":"https:\/\/www.gaidaphotos.com\/blog\/#organization"},"image":{"@id":"https:\/\/www.gaidaphotos.com\/blog\/2011\/03\/14\/kunstmeile-koelnrodenkirchen-2011-bilder\/#primaryimage"},"thumbnailUrl":"https:\/\/www.gaidaphotos.com\/blog\/wp-content\/uploads\/2020\/08\/nggallery_import\/76_","articleSection":["K\u00f6ln Rodenkirchen Einkaufen","K\u00f6ln Rodenkirchen Freizeit","K\u00f6ln-Rodenkirchen Fotos","Rodenkirchener Kunstmeile","Sonstiges","Verkaufsoffener Sonntag K\u00f6ln NRW"],"inLanguage":"de","potentialAction":[{"@type":"CommentAction","name":"Comment","target":["https:\/\/www.gaidaphotos.com\/blog\/2011\/03\/14\/kunstmeile-koelnrodenkirchen-2011-bilder\/#respond"]}]},{"@type":"WebPage","@id":"https:\/\/www.gaidaphotos.com\/blog\/2011\/03\/14\/kunstmeile-koelnrodenkirchen-2011-bilder\/","url":"https:\/\/www.gaidaphotos.com\/blog\/2011\/03\/14\/kunstmeile-koelnrodenkirchen-2011-bilder\/","name":"Kunstmeile K\u00f6ln Rodenkirchen 2011 - Bilder","isPartOf":{"@id":"https:\/\/www.gaidaphotos.com\/blog\/#website"},"primaryImageOfPage":{"@id":"https:\/\/www.gaidaphotos.com\/blog\/2011\/03\/14\/kunstmeile-koelnrodenkirchen-2011-bilder\/#primaryimage"},"image":{"@id":"https:\/\/www.gaidaphotos.com\/blog\/2011\/03\/14\/kunstmeile-koelnrodenkirchen-2011-bilder\/#primaryimage"},"thumbnailUrl":"https:\/\/www.gaidaphotos.com\/blog\/wp-content\/uploads\/2020\/08\/nggallery_import\/76_","datePublished":"2011-03-14T09:50:43+00:00","dateModified":"2020-12-12T12:17:35+00:00","description":"Kunstmeile K\u00f6ln Rodenkirchen 2011 - Bilder und Bericht von der 9. Kunstmeile","breadcrumb":{"@id":"https:\/\/www.gaidaphotos.com\/blog\/2011\/03\/14\/kunstmeile-koelnrodenkirchen-2011-bilder\/#breadcrumb"},"inLanguage":"de","potentialAction":[{"@type":"ReadAction","target":["https:\/\/www.gaidaphotos.com\/blog\/2011\/03\/14\/kunstmeile-koelnrodenkirchen-2011-bilder\/"]}]},{"@type":"ImageObject","inLanguage":"de","@id":"https:\/\/www.gaidaphotos.com\/blog\/2011\/03\/14\/kunstmeile-koelnrodenkirchen-2011-bilder\/#primaryimage","url":"https:\/\/www.gaidaphotos.com\/blog\/wp-content\/uploads\/2020\/08\/nggallery_import\/76_","contentUrl":"https:\/\/www.gaidaphotos.com\/blog\/wp-content\/uploads\/2020\/08\/nggallery_import\/76_","width":293,"height":440},{"@type":"BreadcrumbList","@id":"https:\/\/www.gaidaphotos.com\/blog\/2011\/03\/14\/kunstmeile-koelnrodenkirchen-2011-bilder\/#breadcrumb","itemListElement":[{"@type":"ListItem","position":1,"name":"Startseite","item":"https:\/\/www.gaidaphotos.com\/blog\/"},{"@type":"ListItem","position":2,"name":"Kunstmeile K\u00f6ln Rodenkirchen 2011 &#8211; Bilder"}]},{"@type":"WebSite","@id":"https:\/\/www.gaidaphotos.com\/blog\/#website","url":"https:\/\/www.gaidaphotos.com\/blog\/","name":"K\u00f6ln Rodenkirchen und die Welt","description":"Einkaufen, Restaurants, Freizeit, Nachrichten und was uns sonst bewegt und begegnet","publisher":{"@id":"https:\/\/www.gaidaphotos.com\/blog\/#organization"},"potentialAction":[{"@type":"SearchAction","target":{"@type":"EntryPoint","urlTemplate":"https:\/\/www.gaidaphotos.com\/blog\/?s={search_term_string}"},"query-input":{"@type":"PropertyValueSpecification","valueRequired":true,"valueName":"search_term_string"}}],"inLanguage":"de"},{"@type":"Organization","@id":"https:\/\/www.gaidaphotos.com\/blog\/#organization","name":"gaidaphotos","url":"https:\/\/www.gaidaphotos.com\/blog\/","logo":{"@type":"ImageObject","inLanguage":"de","@id":"https:\/\/www.gaidaphotos.com\/blog\/#\/schema\/logo\/image\/","url":"https:\/\/i0.wp.com\/www.gaidaphotos.com\/blog\/wp-content\/uploads\/2020\/07\/GAIDAPHOTOS-COM.jpg?fit=160%2C96&ssl=1","contentUrl":"https:\/\/i0.wp.com\/www.gaidaphotos.com\/blog\/wp-content\/uploads\/2020\/07\/GAIDAPHOTOS-COM.jpg?fit=160%2C96&ssl=1","width":160,"height":96,"caption":"gaidaphotos"},"image":{"@id":"https:\/\/www.gaidaphotos.com\/blog\/#\/schema\/logo\/image\/"},"sameAs":["https:\/\/www.facebook.com\/Koeln.Rodenkirchen","https:\/\/x.com\/gaidaphotos","https:\/\/instagram.com\/gaidaphotos\/","https:\/\/de.linkedin.com\/in\/gaidaphotos","https:\/\/myspace.com\/gaidaphotos","https:\/\/www.pinterest.com\/gaidaphotos\/","https:\/\/www.youtube.com\/user\/gaidaphotos"]},{"@type":"Person","@id":"https:\/\/www.gaidaphotos.com\/blog\/#\/schema\/person\/6c444a5b13ffc503c5c32f5a9ec68b21","name":"Thomas","sameAs":["https:\/\/www.gaidaphotos.com","https:\/\/www.facebook.com\/gaidaphotos","https:\/\/instagram.com\/gaidaphotos\/","https:\/\/www.linkedin.com\/in\/gaidaphotos","http:\/\/www.pinterest.com\/gaidaphotos\/","https:\/\/x.com\/gaidaphotos","https:\/\/myspace.com\/gaidaphotos","https:\/\/www.youtube.com\/user\/gaidaphotos","https:\/\/gaidaphotos.tumblr.com\/"]}]}},"jetpack_publicize_connections":[],"jetpack_featured_media_url":"https:\/\/www.gaidaphotos.com\/blog\/wp-content\/uploads\/2020\/08\/nggallery_import\/76_","jetpack_sharing_enabled":true,"jetpack_likes_enabled":true,"jetpack-related-posts":[{"id":4333,"url":"https:\/\/www.gaidaphotos.com\/blog\/2012\/03\/13\/10-rodenkirchner-kunstmeile-fotos-bilder-bericht\/","url_meta":{"origin":3524,"position":0},"title":"10. Rodenkirchner Kunstmeile: Fotos, Bilder, Bericht","author":"Thomas","date":"13. M\u00e4rz 2012","format":false,"excerpt":"10. Rodenkirchner Kunstmeile: Fotos, Bilder, Bericht 10. Rodenkirchner Kunstmeile: Fotos, Bilder, Bericht Am vergangenen Sonntag er\u00f6ffnete die 10. Rodenkirchener Kunstmeile. Selten sieht man an einem Sonntag so viele Menschen auf den Stra\u00dfen Rodenkirchens. Die ausstellenden Gesch\u00e4fte waren gut bis sehr gut gef\u00fcllt und die Besucher der 10. Rodenkirchner Kunstmeile schienen\u2026","rel":"","context":"In &quot;K\u00f6ln Rodenkirchen Einkaufen&quot;","block_context":{"text":"K\u00f6ln Rodenkirchen Einkaufen","link":"https:\/\/www.gaidaphotos.com\/blog\/category\/koeln-rodenkirchen\/koeln-rodenkirchen-einkaufen\/"},"img":{"alt_text":"","src":"https:\/\/www.gaidaphotos.com\/blog\/wp-content\/uploads\/2020\/08\/nggallery_import\/111_","width":350,"height":200,"srcset":"https:\/\/www.gaidaphotos.com\/blog\/wp-content\/uploads\/2020\/08\/nggallery_import\/111_ 1x, https:\/\/www.gaidaphotos.com\/blog\/wp-content\/uploads\/2020\/08\/nggallery_import\/111_ 1.5x"},"classes":[]},{"id":5479,"url":"https:\/\/www.gaidaphotos.com\/blog\/2013\/03\/12\/verkaufsoffener-sonntag-und-kunstmeile-am-17-03-2013\/","url_meta":{"origin":3524,"position":1},"title":"verkaufsoffener Sonntag und Kunstmeile am 17.03.2013","author":"Thomas","date":"12. M\u00e4rz 2013","format":false,"excerpt":"Verkaufsoffener Sonntag und Kunstmeile am 17.03.2013 Am zweiten Sonntag der 11. Rodenkirchener Kunstmeile am 17.03.2013 trifft wieder Kunst auf Kommerz, denn es ist auch verkaufsoffener Sonntag in Rodenkirchen. Schon seit vergangenem Sonntag k\u00f6nnen wir wieder \u00fcberall in Rodenkirchen Kunstwerke aus Malerei, Skulpturen, Objekten und Fotos bewundern. Am kommenden Sonntag d\u00fcrfen\u2026","rel":"","context":"In &quot;K\u00f6ln Rodenkirchen Einkaufen&quot;","block_context":{"text":"K\u00f6ln Rodenkirchen Einkaufen","link":"https:\/\/www.gaidaphotos.com\/blog\/category\/koeln-rodenkirchen\/koeln-rodenkirchen-einkaufen\/"},"img":{"alt_text":"","src":"https:\/\/www.gaidaphotos.com\/blog\/wp-content\/uploads\/2020\/08\/nggallery_import\/139_","width":350,"height":200,"srcset":"https:\/\/www.gaidaphotos.com\/blog\/wp-content\/uploads\/2020\/08\/nggallery_import\/139_ 1x, https:\/\/www.gaidaphotos.com\/blog\/wp-content\/uploads\/2020\/08\/nggallery_import\/139_ 1.5x, https:\/\/www.gaidaphotos.com\/blog\/wp-content\/uploads\/2020\/08\/nggallery_import\/139_ 2x"},"classes":[]},{"id":4280,"url":"https:\/\/www.gaidaphotos.com\/blog\/2012\/03\/01\/rodenkirchener-kunstmeile-11-03-2012\/","url_meta":{"origin":3524,"position":2},"title":"Rodenkirchener Kunstmeile 11.03.2012","author":"Thomas","date":"1. M\u00e4rz 2012","format":false,"excerpt":"Rodenkirchener Kunstmeile 11.03.2012 Zum 10. Jubil\u00e4um der Rodenkirchener Kunstmeile wurde die Ausstellungszeit verdoppelt, 11. - 24. M\u00e4rz 2012, und mehr als 40 Ausstellungsorte laden zum Kunstrundgang in der Hauptstadt der k\u00f6lschen Riviera ein. Der Veranstalter, die Aktionsgemeinschaft Rodenkirchen, hat sich m\u00e4chtig in's Zeug gelegt und bietet nicht nur eine umfangreichere\u2026","rel":"","context":"In &quot;K\u00f6ln Rodenkirchen Einkaufen&quot;","block_context":{"text":"K\u00f6ln Rodenkirchen Einkaufen","link":"https:\/\/www.gaidaphotos.com\/blog\/category\/koeln-rodenkirchen\/koeln-rodenkirchen-einkaufen\/"},"img":{"alt_text":"","src":"https:\/\/www.gaidaphotos.com\/blog\/wp-content\/uploads\/2020\/08\/nggallery_import\/110_","width":350,"height":200,"srcset":"https:\/\/www.gaidaphotos.com\/blog\/wp-content\/uploads\/2020\/08\/nggallery_import\/110_ 1x, https:\/\/www.gaidaphotos.com\/blog\/wp-content\/uploads\/2020\/08\/nggallery_import\/110_ 1.5x, https:\/\/www.gaidaphotos.com\/blog\/wp-content\/uploads\/2020\/08\/nggallery_import\/110_ 2x, https:\/\/www.gaidaphotos.com\/blog\/wp-content\/uploads\/2020\/08\/nggallery_import\/110_ 3x"},"classes":[]},{"id":4316,"url":"https:\/\/www.gaidaphotos.com\/blog\/2012\/03\/08\/verkaufsoffener-sonntag-18-03-2012-in-koeln\/","url_meta":{"origin":3524,"position":3},"title":"Verkaufsoffener Sonntag 18.03.2012 in K\u00f6ln","author":"Thomas","date":"8. M\u00e4rz 2012","format":false,"excerpt":"Verkaufsoffener Sonntag 18.03.2012 in K\u00f6ln Es wird Fr\u00fchling und die Gesch\u00e4fte \u00f6ffnen endlich wieder in K\u00f6ln zum verkaufsoffenen Sonntag. Am 18.03.2011 haben aus Anlass des verkaufsoffenen Sonntag in K\u00f6ln die Gesch\u00e4fte in folgenden Stadtteilen ge\u00f6ffnet: Verkaufsoffener Sonntag 18.03.2012 in K\u00f6ln K\u00f6ln Neustadt-S\u00fcd, \u00d6ffnungszeiten von 13:00h bis 18:00h: Am Bayenturm -\u2026","rel":"","context":"In &quot;K\u00f6ln Rodenkirchen Einkaufen&quot;","block_context":{"text":"K\u00f6ln Rodenkirchen Einkaufen","link":"https:\/\/www.gaidaphotos.com\/blog\/category\/koeln-rodenkirchen\/koeln-rodenkirchen-einkaufen\/"},"img":{"alt_text":"","src":"https:\/\/www.gaidaphotos.com\/blog\/wp-content\/uploads\/2020\/08\/nggallery_import\/24_","width":350,"height":200,"srcset":"https:\/\/www.gaidaphotos.com\/blog\/wp-content\/uploads\/2020\/08\/nggallery_import\/24_ 1x, https:\/\/www.gaidaphotos.com\/blog\/wp-content\/uploads\/2020\/08\/nggallery_import\/24_ 1.5x, https:\/\/www.gaidaphotos.com\/blog\/wp-content\/uploads\/2020\/08\/nggallery_import\/24_ 2x"},"classes":[]},{"id":6268,"url":"https:\/\/www.gaidaphotos.com\/blog\/2014\/04\/01\/12-rodenkirchener-kunstmeile-2014-2\/","url_meta":{"origin":3524,"position":4},"title":"12.Rodenkirchener Kunstmeile 2014","author":"Thomas","date":"1. April 2014","format":false,"excerpt":"12.Rodenkirchener Kunstmeile 2014 - verkaufsoffener Sonntag und Flohmarktfieber Sonne satt,fr\u00fchlingshafte Temperaturen und \u00fcberall fr\u00f6hliche Gesichter - der verkaufsoffene Sonntag mit Kunstmeile und Flohm\u00e4rkten war f\u00fcr Rodenkirchen ein voller Erfolg. Selten hat man so volle B\u00fcrgersteige, Pl\u00e4tze und Lokale erlebt. Der Sonntag hatte allerdings auch seine Schattenseiten. Der angek\u00fcndigte \"Antikmarkt\" an\u2026","rel":"","context":"In &quot;Flohmarkt\/Troedelmarkt&quot;","block_context":{"text":"Flohmarkt\/Troedelmarkt","link":"https:\/\/www.gaidaphotos.com\/blog\/category\/flohmarkttroedelmarkt-2\/"},"img":{"alt_text":"","src":"https:\/\/i0.wp.com\/www.gaidaphotos.com\/blog\/wp-content\/uploads\/ngg_featured\/rodenkirchener-kunstmeile-2014-04.jpg?fit=667%2C1000&ssl=1&resize=350%2C200","width":350,"height":200,"srcset":"https:\/\/i0.wp.com\/www.gaidaphotos.com\/blog\/wp-content\/uploads\/ngg_featured\/rodenkirchener-kunstmeile-2014-04.jpg?fit=667%2C1000&ssl=1&resize=350%2C200 1x, https:\/\/i0.wp.com\/www.gaidaphotos.com\/blog\/wp-content\/uploads\/ngg_featured\/rodenkirchener-kunstmeile-2014-04.jpg?fit=667%2C1000&ssl=1&resize=525%2C300 1.5x"},"classes":[]},{"id":3506,"url":"https:\/\/www.gaidaphotos.com\/blog\/2011\/02\/22\/9-rodenkirchener-kunstmeile-2011-alle-orte-alle-kuenstler-katalog\/","url_meta":{"origin":3524,"position":5},"title":"9. Rodenkirchener Kunstmeile 2011: Alle Orte, alle K\u00fcnstler, Katalog","author":"Thomas","date":"22. Februar 2011","format":false,"excerpt":"9. Rodenkirchener Kunstmeile 2011 Am 13.03.2011 findet zum 9. Die Rodenkirchener Kunstmeile statt. Zum verkaufsoffenen Sonntag in K\u00f6ln-Rodenkirchen laden die \u00f6rtlichen Gesch\u00e4fte zu Kultur und Kommerz. Die Er\u00f6ffnung der Rodenkirchener Kunstmeile 2011 findet um 12.00 Uhr im Sommershof statt. Ab 13:00h bis 18:00h haben zudem die Gesch\u00e4fte in K\u00f6ln-Rodenkirchen am\u2026","rel":"","context":"In &quot;K\u00f6ln Rodenkirchen Einkaufen&quot;","block_context":{"text":"K\u00f6ln Rodenkirchen Einkaufen","link":"https:\/\/www.gaidaphotos.com\/blog\/category\/koeln-rodenkirchen\/koeln-rodenkirchen-einkaufen\/"},"img":{"alt_text":"9. Rodenkirchener Kunstmeile 2011 Karte","src":"https:\/\/i0.wp.com\/www.gaidaphotos.com\/blog\/wp-content\/uploads\/2011\/02\/rodenkirchener-kunstmeile-2011-karte.jpg?resize=350%2C200&ssl=1","width":350,"height":200},"classes":[]}],"_links":{"self":[{"href":"https:\/\/www.gaidaphotos.com\/blog\/wp-json\/wp\/v2\/posts\/3524","targetHints":{"allow":["GET"]}}],"collection":[{"href":"https:\/\/www.gaidaphotos.com\/blog\/wp-json\/wp\/v2\/posts"}],"about":[{"href":"https:\/\/www.gaidaphotos.com\/blog\/wp-json\/wp\/v2\/types\/post"}],"author":[{"embeddable":true,"href":"https:\/\/www.gaidaphotos.com\/blog\/wp-json\/wp\/v2\/users\/6"}],"replies":[{"embeddable":true,"href":"https:\/\/www.gaidaphotos.com\/blog\/wp-json\/wp\/v2\/comments?post=3524"}],"version-history":[{"count":0,"href":"https:\/\/www.gaidaphotos.com\/blog\/wp-json\/wp\/v2\/posts\/3524\/revisions"}],"wp:featuredmedia":[{"embeddable":true,"href":"https:\/\/www.gaidaphotos.com\/blog\/wp-json\/wp\/v2\/media\/12363"}],"wp:attachment":[{"href":"https:\/\/www.gaidaphotos.com\/blog\/wp-json\/wp\/v2\/media?parent=3524"}],"wp:term":[{"taxonomy":"category","embeddable":true,"href":"https:\/\/www.gaidaphotos.com\/blog\/wp-json\/wp\/v2\/categories?post=3524"},{"taxonomy":"post_tag","embeddable":true,"href":"https:\/\/www.gaidaphotos.com\/blog\/wp-json\/wp\/v2\/tags?post=3524"}],"curies":[{"name":"wp","href":"https:\/\/api.w.org\/{rel}","templated":true}]}}