{"id":3558,"date":"2011-05-23T14:21:02","date_gmt":"2011-05-23T12:21:02","guid":{"rendered":"http:\/\/www.gaidaphotos.com\/blog\/?p=3558"},"modified":"2014-09-10T15:19:08","modified_gmt":"2014-09-10T13:19:08","slug":"verkaufsoffener-sonntag-29-05-2011-koeln-chorweiler-deutz-dellbrueck-porz","status":"publish","type":"post","link":"https:\/\/www.gaidaphotos.com\/blog\/2011\/05\/23\/verkaufsoffener-sonntag-29-05-2011-koeln-chorweiler-deutz-dellbrueck-porz\/","title":{"rendered":"Verkaufsoffener Sonntag 29.05.2011 in K\u00f6ln Chorweiler, Deutz, Dellbr\u00fcck und Porz"},"content":{"rendered":"<h2>Verkaufsoffener Sonntag 29.05.2011 in K\u00f6ln Chorweiler, Deutz, Dellbr\u00fcck und Porz)<\/h2>\n<figure style=\"width: 445px\" class=\"wp-caption alignleft\"> ngg_shortcode_0_placeholder <figcaption class=\"wp-caption-text\">verkaufsoffener Sonntag 29.05.2011 in K\u00f6ln<\/figcaption><\/figure>\n<p>In diesen K\u00f6lner Stadtteilen k\u00f6nnen Sie am 29.05.2011 (verkaufsoffener Sonntag) nach Herzenslust shoppen.<\/p>\n<ul>\n<li><strong>K\u00f6ln Chroweiler<\/strong> verkaufsoffener Sonntag von 13:00-18:00h<br \/>\nMercatorstra\u00dfe &#8211; Weichselring &#8211; Merianstra\u00dfe &#8211; Willi-Suth-Allee<br \/>\n Das Automobil wird 125 Jahre! Gemeinsam mit Mercedes-Benz feiert das City Center Chorweiler dieses Jubil\u00e4um. Mit einer einzigartigen Auswahl an Original-Autos aus den verschiedenen Epochen der Automobilgeschichte verwandelt sich die Ladenstra\u00dfe in ein <strong>Automobil-Museum<\/strong> der besonderen Art. <br \/>\nExperten-F\u00fchrungen durch die Ausstellung an. Treffpunkt ist an der Kundeninformation: 15:00h und 16:00h\n<\/li>\n<p><\/p>\n<li><strong>K\u00f6ln Deutz<\/strong> verkaufsoffener Sonntag von 13:00-18:00h<br \/>\nRhein &#8211; Zoobr\u00fccke &#8211; Auenweg &#8211; Sporthallenweg &#8211; Deutz-M\u00fclheimer Stra\u00dfe bis Messekreisel &#8211; Pf\u00e4lzischer Ring bis Wermelskircher Stra\u00dfe &#8211; Betriebsbahnhof Deutzer Feld bis Gummersbacher Stra\u00dfe &#8211; Deutzer Ring &#8211; Walter-Kasper-Weg &#8211; Am Schnellert &#8211; S\u00fcdbr\u00fccke &#8211; Rhein<\/li>\n<p><\/p>\n<li> <strong>K\u00f6ln Dellbr\u00fcck<\/strong> verkaufsoffener Sonntag von 13:00-18:00h<br \/>\nAuf dem Flachsacker &#8211; nord-\u00f6stliche Stadtgrenze &#8211; Bundesautobahn A 4 &#8211; Eggebachstra\u00dfe &#8211; Hochwinkel &#8211; Heinz-K\u00fchn-Stra\u00dfe &#8211; M\u00e4rchenstra\u00dfe &#8211; Wasserwerkstra\u00dfe &#8211; H\u00f6henfelder Mauspfad<br \/>\n<strong>Verkaufsoffener GALERIE-SONNTAG zur Dellbr\u00fccker KUNST-MEILE<\/strong>: Die 9. Dellbr\u00fccker KUNST-MEILE 2011 er\u00f6ffnet mit einer Vernissage am 29.5.2011 um 11:30 Uhr. <a href=\"http:\/\/www.koeln-kunst-vorort.de\/attachment.php?attachmentid=1607\" >Programm, K\u00fcnstler und Ausstellungen (externer Link)<\/a>\n<\/li>\n<p><\/p>\n<li><strong>K\u00f6ln Poll<\/strong> verkaufsoffener Sonntag von 12:00-17:00h<br \/>\n\u00d6stlicher Zubringer L 124 &#8211; Bahntrasse im Osten &#8211; Bundesautobahn A 4 &#8211; Rhein &#8211; S\u00fcdbr\u00fccke &#8211; Am Schnellert &#8211; Walter-Kasper-Weg<\/li>\n<p><strong>\u00d6ffnungszeiten <\/strong>f\u00fcr den <strong>verkaufsoffenen Sonntag in K\u00f6ln <\/strong>am 29.05.2011: 13:00 &#8211; 18:00h (K\u00f6ln-Poll 12-17h).<\/p>\n<p><?php include(\"wp-content\/include\/verkaufsoffener-sonntag.php\"); ?><\/p>\n<h3>Alte Fotos aus K\u00f6ln Rodenkirchen:<\/h3>\n<p>Foto oben: Tierische Rasenm\u00e4her auf den Rheinauen in K\u00f6ln-Rodenkirchen. Bis in die sp\u00e4ten 70iger Jahren zogen regelm\u00e4\u00dfig Sch\u00e4fer mit ihren Herden am Rheinufer entlang und sortgten f\u00fcr gepflegte Auenwiesen. <\/p>\n<p>Wir st\u00f6bern in Opas Fotoalbum. Von Zeit zu Zeit zeigen wir Fotos aus den letzten Hundert Jahren.<br \/>\nAlle Fotos sehen Sie hier <a href=\"https:\/\/www.gaidaphotos.com\/blog\/fotos-aus-koeln-rodenkirchen\/alte-bilder-von-koeln-rodenkirchen\/\" title=\"alte Bilder aus K\u00f6ln Rodenkirchen\">Alte Bilder aus K\u00f6ln-Rodenkirchen<\/a>.<\/p>\n","protected":false},"excerpt":{"rendered":"<p>Verkaufsoffener Sonntag 29.05.2011 in K\u00f6ln Chorweiler, Deutz, Dellbr\u00fcck und Porz) In diesen K\u00f6lner Stadtteilen k\u00f6nnen Sie am 29.05.2011 (verkaufsoffener Sonntag)<\/p>\n","protected":false},"author":6,"featured_media":12358,"comment_status":"open","ping_status":"open","sticky":false,"template":"","format":"standard","meta":{"_crdt_document":"","ngg_post_thumbnail":0,"jetpack_post_was_ever_published":false,"_jetpack_newsletter_access":"","_jetpack_dont_email_post_to_subs":false,"_jetpack_newsletter_tier_id":0,"_jetpack_memberships_contains_paywalled_content":false,"_jetpack_memberships_contains_paid_content":false,"footnotes":"","jetpack_publicize_message":"","jetpack_publicize_feature_enabled":true,"jetpack_social_post_already_shared":false,"jetpack_social_options":{"image_generator_settings":{"template":"highway","default_image_id":0,"font":"","enabled":false},"version":2}},"categories":[1],"tags":[],"class_list":["post-3558","post","type-post","status-publish","format-standard","has-post-thumbnail","hentry","category-uncategorized"],"yoast_head":"<!-- This site is optimized with the Yoast SEO plugin v27.5 - https:\/\/yoast.com\/product\/yoast-seo-wordpress\/ -->\n<title>Verkaufsoffener Sonntag 29.05.2011 in K\u00f6ln Chorweiler, Deutz, Dellbr\u00fcck und Porz<\/title>\n<meta name=\"description\" content=\"Verkaufsoffener Sonntag 29.05.2011 in K\u00f6ln Chorweiler, Deutz, Dellbr\u00fcck und Porz - alle verkaufsoffenen Sonntage in K\u00f6ln, Programm. K\u00fcnstler, Angebot, Hinweise\" \/>\n<meta name=\"robots\" content=\"index, follow, max-snippet:-1, max-image-preview:large, max-video-preview:-1\" \/>\n<link rel=\"canonical\" href=\"https:\/\/www.gaidaphotos.com\/blog\/2011\/05\/23\/verkaufsoffener-sonntag-29-05-2011-koeln-chorweiler-deutz-dellbrueck-porz\/\" \/>\n<meta property=\"og:locale\" content=\"de_DE\" \/>\n<meta property=\"og:type\" content=\"article\" \/>\n<meta property=\"og:title\" content=\"Verkaufsoffener Sonntag 29.05.2011 in K\u00f6ln Chorweiler, Deutz, Dellbr\u00fcck und Porz\" \/>\n<meta property=\"og:description\" content=\"Verkaufsoffener Sonntag 29.05.2011 in K\u00f6ln Chorweiler, Deutz, Dellbr\u00fcck und Porz - alle verkaufsoffenen Sonntage in K\u00f6ln, Programm. K\u00fcnstler, Angebot, Hinweise\" \/>\n<meta property=\"og:url\" content=\"https:\/\/www.gaidaphotos.com\/blog\/2011\/05\/23\/verkaufsoffener-sonntag-29-05-2011-koeln-chorweiler-deutz-dellbrueck-porz\/\" \/>\n<meta property=\"og:site_name\" content=\"K\u00f6ln Rodenkirchen und die Welt\" \/>\n<meta property=\"article:publisher\" content=\"https:\/\/www.facebook.com\/Koeln.Rodenkirchen\" \/>\n<meta property=\"article:author\" content=\"https:\/\/www.facebook.com\/gaidaphotos\" \/>\n<meta property=\"article:published_time\" content=\"2011-05-23T12:21:02+00:00\" \/>\n<meta property=\"article:modified_time\" content=\"2014-09-10T13:19:08+00:00\" \/>\n<meta property=\"og:image\" content=\"https:\/\/www.gaidaphotos.com\/blog\/wp-content\/uploads\/2020\/08\/nggallery_import\/71_\" \/>\n\t<meta property=\"og:image:width\" content=\"1754\" \/>\n\t<meta property=\"og:image:height\" content=\"1232\" \/>\n\t<meta property=\"og:image:type\" content=\"image\/jpeg\" \/>\n<meta name=\"author\" content=\"Thomas\" \/>\n<meta name=\"twitter:card\" content=\"summary_large_image\" \/>\n<meta name=\"twitter:creator\" content=\"@gaidaphotos\" \/>\n<meta name=\"twitter:site\" content=\"@gaidaphotos\" \/>\n<meta name=\"twitter:label1\" content=\"Verfasst von\" \/>\n\t<meta name=\"twitter:data1\" content=\"Thomas\" \/>\n\t<meta name=\"twitter:label2\" content=\"Gesch\u00e4tzte Lesezeit\" \/>\n\t<meta name=\"twitter:data2\" content=\"2\u00a0Minuten\" \/>\n<script type=\"application\/ld+json\" class=\"yoast-schema-graph\">{\"@context\":\"https:\\\/\\\/schema.org\",\"@graph\":[{\"@type\":\"Article\",\"@id\":\"https:\\\/\\\/www.gaidaphotos.com\\\/blog\\\/2011\\\/05\\\/23\\\/verkaufsoffener-sonntag-29-05-2011-koeln-chorweiler-deutz-dellbrueck-porz\\\/#article\",\"isPartOf\":{\"@id\":\"https:\\\/\\\/www.gaidaphotos.com\\\/blog\\\/2011\\\/05\\\/23\\\/verkaufsoffener-sonntag-29-05-2011-koeln-chorweiler-deutz-dellbrueck-porz\\\/\"},\"author\":{\"name\":\"Thomas\",\"@id\":\"https:\\\/\\\/www.gaidaphotos.com\\\/blog\\\/#\\\/schema\\\/person\\\/6c444a5b13ffc503c5c32f5a9ec68b21\"},\"headline\":\"Verkaufsoffener Sonntag 29.05.2011 in K\u00f6ln Chorweiler, Deutz, Dellbr\u00fcck und Porz\",\"datePublished\":\"2011-05-23T12:21:02+00:00\",\"dateModified\":\"2014-09-10T13:19:08+00:00\",\"mainEntityOfPage\":{\"@id\":\"https:\\\/\\\/www.gaidaphotos.com\\\/blog\\\/2011\\\/05\\\/23\\\/verkaufsoffener-sonntag-29-05-2011-koeln-chorweiler-deutz-dellbrueck-porz\\\/\"},\"wordCount\":352,\"commentCount\":1,\"publisher\":{\"@id\":\"https:\\\/\\\/www.gaidaphotos.com\\\/blog\\\/#organization\"},\"image\":{\"@id\":\"https:\\\/\\\/www.gaidaphotos.com\\\/blog\\\/2011\\\/05\\\/23\\\/verkaufsoffener-sonntag-29-05-2011-koeln-chorweiler-deutz-dellbrueck-porz\\\/#primaryimage\"},\"thumbnailUrl\":\"https:\\\/\\\/www.gaidaphotos.com\\\/blog\\\/wp-content\\\/uploads\\\/2020\\\/08\\\/nggallery_import\\\/71_\",\"articleSection\":[\"Sonstiges\"],\"inLanguage\":\"de\",\"potentialAction\":[{\"@type\":\"CommentAction\",\"name\":\"Comment\",\"target\":[\"https:\\\/\\\/www.gaidaphotos.com\\\/blog\\\/2011\\\/05\\\/23\\\/verkaufsoffener-sonntag-29-05-2011-koeln-chorweiler-deutz-dellbrueck-porz\\\/#respond\"]}]},{\"@type\":\"WebPage\",\"@id\":\"https:\\\/\\\/www.gaidaphotos.com\\\/blog\\\/2011\\\/05\\\/23\\\/verkaufsoffener-sonntag-29-05-2011-koeln-chorweiler-deutz-dellbrueck-porz\\\/\",\"url\":\"https:\\\/\\\/www.gaidaphotos.com\\\/blog\\\/2011\\\/05\\\/23\\\/verkaufsoffener-sonntag-29-05-2011-koeln-chorweiler-deutz-dellbrueck-porz\\\/\",\"name\":\"Verkaufsoffener Sonntag 29.05.2011 in K\u00f6ln Chorweiler, Deutz, Dellbr\u00fcck und Porz\",\"isPartOf\":{\"@id\":\"https:\\\/\\\/www.gaidaphotos.com\\\/blog\\\/#website\"},\"primaryImageOfPage\":{\"@id\":\"https:\\\/\\\/www.gaidaphotos.com\\\/blog\\\/2011\\\/05\\\/23\\\/verkaufsoffener-sonntag-29-05-2011-koeln-chorweiler-deutz-dellbrueck-porz\\\/#primaryimage\"},\"image\":{\"@id\":\"https:\\\/\\\/www.gaidaphotos.com\\\/blog\\\/2011\\\/05\\\/23\\\/verkaufsoffener-sonntag-29-05-2011-koeln-chorweiler-deutz-dellbrueck-porz\\\/#primaryimage\"},\"thumbnailUrl\":\"https:\\\/\\\/www.gaidaphotos.com\\\/blog\\\/wp-content\\\/uploads\\\/2020\\\/08\\\/nggallery_import\\\/71_\",\"datePublished\":\"2011-05-23T12:21:02+00:00\",\"dateModified\":\"2014-09-10T13:19:08+00:00\",\"description\":\"Verkaufsoffener Sonntag 29.05.2011 in K\u00f6ln Chorweiler, Deutz, Dellbr\u00fcck und Porz - alle verkaufsoffenen Sonntage in K\u00f6ln, Programm. K\u00fcnstler, Angebot, Hinweise\",\"breadcrumb\":{\"@id\":\"https:\\\/\\\/www.gaidaphotos.com\\\/blog\\\/2011\\\/05\\\/23\\\/verkaufsoffener-sonntag-29-05-2011-koeln-chorweiler-deutz-dellbrueck-porz\\\/#breadcrumb\"},\"inLanguage\":\"de\",\"potentialAction\":[{\"@type\":\"ReadAction\",\"target\":[\"https:\\\/\\\/www.gaidaphotos.com\\\/blog\\\/2011\\\/05\\\/23\\\/verkaufsoffener-sonntag-29-05-2011-koeln-chorweiler-deutz-dellbrueck-porz\\\/\"]}]},{\"@type\":\"ImageObject\",\"inLanguage\":\"de\",\"@id\":\"https:\\\/\\\/www.gaidaphotos.com\\\/blog\\\/2011\\\/05\\\/23\\\/verkaufsoffener-sonntag-29-05-2011-koeln-chorweiler-deutz-dellbrueck-porz\\\/#primaryimage\",\"url\":\"https:\\\/\\\/www.gaidaphotos.com\\\/blog\\\/wp-content\\\/uploads\\\/2020\\\/08\\\/nggallery_import\\\/71_\",\"contentUrl\":\"https:\\\/\\\/www.gaidaphotos.com\\\/blog\\\/wp-content\\\/uploads\\\/2020\\\/08\\\/nggallery_import\\\/71_\",\"width\":1754,\"height\":1232},{\"@type\":\"BreadcrumbList\",\"@id\":\"https:\\\/\\\/www.gaidaphotos.com\\\/blog\\\/2011\\\/05\\\/23\\\/verkaufsoffener-sonntag-29-05-2011-koeln-chorweiler-deutz-dellbrueck-porz\\\/#breadcrumb\",\"itemListElement\":[{\"@type\":\"ListItem\",\"position\":1,\"name\":\"Startseite\",\"item\":\"https:\\\/\\\/www.gaidaphotos.com\\\/blog\\\/\"},{\"@type\":\"ListItem\",\"position\":2,\"name\":\"Verkaufsoffener Sonntag 29.05.2011 in K\u00f6ln Chorweiler, Deutz, Dellbr\u00fcck und Porz\"}]},{\"@type\":\"WebSite\",\"@id\":\"https:\\\/\\\/www.gaidaphotos.com\\\/blog\\\/#website\",\"url\":\"https:\\\/\\\/www.gaidaphotos.com\\\/blog\\\/\",\"name\":\"K\u00f6ln Rodenkirchen und die Welt\",\"description\":\"Einkaufen, Restaurants, Freizeit, Nachrichten und was uns sonst bewegt und begegnet\",\"publisher\":{\"@id\":\"https:\\\/\\\/www.gaidaphotos.com\\\/blog\\\/#organization\"},\"potentialAction\":[{\"@type\":\"SearchAction\",\"target\":{\"@type\":\"EntryPoint\",\"urlTemplate\":\"https:\\\/\\\/www.gaidaphotos.com\\\/blog\\\/?s={search_term_string}\"},\"query-input\":{\"@type\":\"PropertyValueSpecification\",\"valueRequired\":true,\"valueName\":\"search_term_string\"}}],\"inLanguage\":\"de\"},{\"@type\":\"Organization\",\"@id\":\"https:\\\/\\\/www.gaidaphotos.com\\\/blog\\\/#organization\",\"name\":\"gaidaphotos\",\"url\":\"https:\\\/\\\/www.gaidaphotos.com\\\/blog\\\/\",\"logo\":{\"@type\":\"ImageObject\",\"inLanguage\":\"de\",\"@id\":\"https:\\\/\\\/www.gaidaphotos.com\\\/blog\\\/#\\\/schema\\\/logo\\\/image\\\/\",\"url\":\"https:\\\/\\\/i0.wp.com\\\/www.gaidaphotos.com\\\/blog\\\/wp-content\\\/uploads\\\/2020\\\/07\\\/GAIDAPHOTOS-COM.jpg?fit=160%2C96&ssl=1\",\"contentUrl\":\"https:\\\/\\\/i0.wp.com\\\/www.gaidaphotos.com\\\/blog\\\/wp-content\\\/uploads\\\/2020\\\/07\\\/GAIDAPHOTOS-COM.jpg?fit=160%2C96&ssl=1\",\"width\":160,\"height\":96,\"caption\":\"gaidaphotos\"},\"image\":{\"@id\":\"https:\\\/\\\/www.gaidaphotos.com\\\/blog\\\/#\\\/schema\\\/logo\\\/image\\\/\"},\"sameAs\":[\"https:\\\/\\\/www.facebook.com\\\/Koeln.Rodenkirchen\",\"https:\\\/\\\/x.com\\\/gaidaphotos\",\"https:\\\/\\\/instagram.com\\\/gaidaphotos\\\/\",\"https:\\\/\\\/de.linkedin.com\\\/in\\\/gaidaphotos\",\"https:\\\/\\\/myspace.com\\\/gaidaphotos\",\"https:\\\/\\\/www.pinterest.com\\\/gaidaphotos\\\/\",\"https:\\\/\\\/www.youtube.com\\\/user\\\/gaidaphotos\"]},{\"@type\":\"Person\",\"@id\":\"https:\\\/\\\/www.gaidaphotos.com\\\/blog\\\/#\\\/schema\\\/person\\\/6c444a5b13ffc503c5c32f5a9ec68b21\",\"name\":\"Thomas\",\"sameAs\":[\"https:\\\/\\\/www.gaidaphotos.com\",\"https:\\\/\\\/www.facebook.com\\\/gaidaphotos\",\"https:\\\/\\\/instagram.com\\\/gaidaphotos\\\/\",\"https:\\\/\\\/www.linkedin.com\\\/in\\\/gaidaphotos\",\"http:\\\/\\\/www.pinterest.com\\\/gaidaphotos\\\/\",\"https:\\\/\\\/x.com\\\/gaidaphotos\",\"https:\\\/\\\/myspace.com\\\/gaidaphotos\",\"https:\\\/\\\/www.youtube.com\\\/user\\\/gaidaphotos\",\"https:\\\/\\\/gaidaphotos.tumblr.com\\\/\"]}]}<\/script>\n<!-- \/ Yoast SEO plugin. -->","yoast_head_json":{"title":"Verkaufsoffener Sonntag 29.05.2011 in K\u00f6ln Chorweiler, Deutz, Dellbr\u00fcck und Porz","description":"Verkaufsoffener Sonntag 29.05.2011 in K\u00f6ln Chorweiler, Deutz, Dellbr\u00fcck und Porz - alle verkaufsoffenen Sonntage in K\u00f6ln, Programm. K\u00fcnstler, Angebot, Hinweise","robots":{"index":"index","follow":"follow","max-snippet":"max-snippet:-1","max-image-preview":"max-image-preview:large","max-video-preview":"max-video-preview:-1"},"canonical":"https:\/\/www.gaidaphotos.com\/blog\/2011\/05\/23\/verkaufsoffener-sonntag-29-05-2011-koeln-chorweiler-deutz-dellbrueck-porz\/","og_locale":"de_DE","og_type":"article","og_title":"Verkaufsoffener Sonntag 29.05.2011 in K\u00f6ln Chorweiler, Deutz, Dellbr\u00fcck und Porz","og_description":"Verkaufsoffener Sonntag 29.05.2011 in K\u00f6ln Chorweiler, Deutz, Dellbr\u00fcck und Porz - alle verkaufsoffenen Sonntage in K\u00f6ln, Programm. K\u00fcnstler, Angebot, Hinweise","og_url":"https:\/\/www.gaidaphotos.com\/blog\/2011\/05\/23\/verkaufsoffener-sonntag-29-05-2011-koeln-chorweiler-deutz-dellbrueck-porz\/","og_site_name":"K\u00f6ln Rodenkirchen und die Welt","article_publisher":"https:\/\/www.facebook.com\/Koeln.Rodenkirchen","article_author":"https:\/\/www.facebook.com\/gaidaphotos","article_published_time":"2011-05-23T12:21:02+00:00","article_modified_time":"2014-09-10T13:19:08+00:00","og_image":[{"width":1754,"height":1232,"url":"https:\/\/www.gaidaphotos.com\/blog\/wp-content\/uploads\/2020\/08\/nggallery_import\/71_","type":"image\/jpeg"}],"author":"Thomas","twitter_card":"summary_large_image","twitter_creator":"@gaidaphotos","twitter_site":"@gaidaphotos","twitter_misc":{"Verfasst von":"Thomas","Gesch\u00e4tzte Lesezeit":"2\u00a0Minuten"},"schema":{"@context":"https:\/\/schema.org","@graph":[{"@type":"Article","@id":"https:\/\/www.gaidaphotos.com\/blog\/2011\/05\/23\/verkaufsoffener-sonntag-29-05-2011-koeln-chorweiler-deutz-dellbrueck-porz\/#article","isPartOf":{"@id":"https:\/\/www.gaidaphotos.com\/blog\/2011\/05\/23\/verkaufsoffener-sonntag-29-05-2011-koeln-chorweiler-deutz-dellbrueck-porz\/"},"author":{"name":"Thomas","@id":"https:\/\/www.gaidaphotos.com\/blog\/#\/schema\/person\/6c444a5b13ffc503c5c32f5a9ec68b21"},"headline":"Verkaufsoffener Sonntag 29.05.2011 in K\u00f6ln Chorweiler, Deutz, Dellbr\u00fcck und Porz","datePublished":"2011-05-23T12:21:02+00:00","dateModified":"2014-09-10T13:19:08+00:00","mainEntityOfPage":{"@id":"https:\/\/www.gaidaphotos.com\/blog\/2011\/05\/23\/verkaufsoffener-sonntag-29-05-2011-koeln-chorweiler-deutz-dellbrueck-porz\/"},"wordCount":352,"commentCount":1,"publisher":{"@id":"https:\/\/www.gaidaphotos.com\/blog\/#organization"},"image":{"@id":"https:\/\/www.gaidaphotos.com\/blog\/2011\/05\/23\/verkaufsoffener-sonntag-29-05-2011-koeln-chorweiler-deutz-dellbrueck-porz\/#primaryimage"},"thumbnailUrl":"https:\/\/www.gaidaphotos.com\/blog\/wp-content\/uploads\/2020\/08\/nggallery_import\/71_","articleSection":["Sonstiges"],"inLanguage":"de","potentialAction":[{"@type":"CommentAction","name":"Comment","target":["https:\/\/www.gaidaphotos.com\/blog\/2011\/05\/23\/verkaufsoffener-sonntag-29-05-2011-koeln-chorweiler-deutz-dellbrueck-porz\/#respond"]}]},{"@type":"WebPage","@id":"https:\/\/www.gaidaphotos.com\/blog\/2011\/05\/23\/verkaufsoffener-sonntag-29-05-2011-koeln-chorweiler-deutz-dellbrueck-porz\/","url":"https:\/\/www.gaidaphotos.com\/blog\/2011\/05\/23\/verkaufsoffener-sonntag-29-05-2011-koeln-chorweiler-deutz-dellbrueck-porz\/","name":"Verkaufsoffener Sonntag 29.05.2011 in K\u00f6ln Chorweiler, Deutz, Dellbr\u00fcck und Porz","isPartOf":{"@id":"https:\/\/www.gaidaphotos.com\/blog\/#website"},"primaryImageOfPage":{"@id":"https:\/\/www.gaidaphotos.com\/blog\/2011\/05\/23\/verkaufsoffener-sonntag-29-05-2011-koeln-chorweiler-deutz-dellbrueck-porz\/#primaryimage"},"image":{"@id":"https:\/\/www.gaidaphotos.com\/blog\/2011\/05\/23\/verkaufsoffener-sonntag-29-05-2011-koeln-chorweiler-deutz-dellbrueck-porz\/#primaryimage"},"thumbnailUrl":"https:\/\/www.gaidaphotos.com\/blog\/wp-content\/uploads\/2020\/08\/nggallery_import\/71_","datePublished":"2011-05-23T12:21:02+00:00","dateModified":"2014-09-10T13:19:08+00:00","description":"Verkaufsoffener Sonntag 29.05.2011 in K\u00f6ln Chorweiler, Deutz, Dellbr\u00fcck und Porz - alle verkaufsoffenen Sonntage in K\u00f6ln, Programm. K\u00fcnstler, Angebot, Hinweise","breadcrumb":{"@id":"https:\/\/www.gaidaphotos.com\/blog\/2011\/05\/23\/verkaufsoffener-sonntag-29-05-2011-koeln-chorweiler-deutz-dellbrueck-porz\/#breadcrumb"},"inLanguage":"de","potentialAction":[{"@type":"ReadAction","target":["https:\/\/www.gaidaphotos.com\/blog\/2011\/05\/23\/verkaufsoffener-sonntag-29-05-2011-koeln-chorweiler-deutz-dellbrueck-porz\/"]}]},{"@type":"ImageObject","inLanguage":"de","@id":"https:\/\/www.gaidaphotos.com\/blog\/2011\/05\/23\/verkaufsoffener-sonntag-29-05-2011-koeln-chorweiler-deutz-dellbrueck-porz\/#primaryimage","url":"https:\/\/www.gaidaphotos.com\/blog\/wp-content\/uploads\/2020\/08\/nggallery_import\/71_","contentUrl":"https:\/\/www.gaidaphotos.com\/blog\/wp-content\/uploads\/2020\/08\/nggallery_import\/71_","width":1754,"height":1232},{"@type":"BreadcrumbList","@id":"https:\/\/www.gaidaphotos.com\/blog\/2011\/05\/23\/verkaufsoffener-sonntag-29-05-2011-koeln-chorweiler-deutz-dellbrueck-porz\/#breadcrumb","itemListElement":[{"@type":"ListItem","position":1,"name":"Startseite","item":"https:\/\/www.gaidaphotos.com\/blog\/"},{"@type":"ListItem","position":2,"name":"Verkaufsoffener Sonntag 29.05.2011 in K\u00f6ln Chorweiler, Deutz, Dellbr\u00fcck und Porz"}]},{"@type":"WebSite","@id":"https:\/\/www.gaidaphotos.com\/blog\/#website","url":"https:\/\/www.gaidaphotos.com\/blog\/","name":"K\u00f6ln Rodenkirchen und die Welt","description":"Einkaufen, Restaurants, Freizeit, Nachrichten und was uns sonst bewegt und begegnet","publisher":{"@id":"https:\/\/www.gaidaphotos.com\/blog\/#organization"},"potentialAction":[{"@type":"SearchAction","target":{"@type":"EntryPoint","urlTemplate":"https:\/\/www.gaidaphotos.com\/blog\/?s={search_term_string}"},"query-input":{"@type":"PropertyValueSpecification","valueRequired":true,"valueName":"search_term_string"}}],"inLanguage":"de"},{"@type":"Organization","@id":"https:\/\/www.gaidaphotos.com\/blog\/#organization","name":"gaidaphotos","url":"https:\/\/www.gaidaphotos.com\/blog\/","logo":{"@type":"ImageObject","inLanguage":"de","@id":"https:\/\/www.gaidaphotos.com\/blog\/#\/schema\/logo\/image\/","url":"https:\/\/i0.wp.com\/www.gaidaphotos.com\/blog\/wp-content\/uploads\/2020\/07\/GAIDAPHOTOS-COM.jpg?fit=160%2C96&ssl=1","contentUrl":"https:\/\/i0.wp.com\/www.gaidaphotos.com\/blog\/wp-content\/uploads\/2020\/07\/GAIDAPHOTOS-COM.jpg?fit=160%2C96&ssl=1","width":160,"height":96,"caption":"gaidaphotos"},"image":{"@id":"https:\/\/www.gaidaphotos.com\/blog\/#\/schema\/logo\/image\/"},"sameAs":["https:\/\/www.facebook.com\/Koeln.Rodenkirchen","https:\/\/x.com\/gaidaphotos","https:\/\/instagram.com\/gaidaphotos\/","https:\/\/de.linkedin.com\/in\/gaidaphotos","https:\/\/myspace.com\/gaidaphotos","https:\/\/www.pinterest.com\/gaidaphotos\/","https:\/\/www.youtube.com\/user\/gaidaphotos"]},{"@type":"Person","@id":"https:\/\/www.gaidaphotos.com\/blog\/#\/schema\/person\/6c444a5b13ffc503c5c32f5a9ec68b21","name":"Thomas","sameAs":["https:\/\/www.gaidaphotos.com","https:\/\/www.facebook.com\/gaidaphotos","https:\/\/instagram.com\/gaidaphotos\/","https:\/\/www.linkedin.com\/in\/gaidaphotos","http:\/\/www.pinterest.com\/gaidaphotos\/","https:\/\/x.com\/gaidaphotos","https:\/\/myspace.com\/gaidaphotos","https:\/\/www.youtube.com\/user\/gaidaphotos","https:\/\/gaidaphotos.tumblr.com\/"]}]}},"jetpack_publicize_connections":[],"jetpack_featured_media_url":"https:\/\/www.gaidaphotos.com\/blog\/wp-content\/uploads\/2020\/08\/nggallery_import\/71_","jetpack_sharing_enabled":true,"jetpack_likes_enabled":true,"jetpack-related-posts":[{"id":3478,"url":"https:\/\/www.gaidaphotos.com\/blog\/2010\/12\/31\/verkaufsoffener-sonntag-2011-strassenfest-in-koln-nrw\/","url_meta":{"origin":3558,"position":0},"title":"Verkaufsoffener Sonntag &#038; Stra\u00dfenfest 2011 in K\u00f6ln (NRW): \u00dcbersicht","author":"Thomas","date":"31. Dezember 2010","format":false,"excerpt":"Verkaufsoffener Sonntag & Stra\u00dfenfest 2011 in K\u00f6ln (NRW): \u00dcbersicht Wir verschaffen Ihnen einen \u00dcberblick \u00fcber die verkaufsoffenen Sonntage 2011 in K\u00f6ln (NRW) und sagen Ihnen wo gleichzeitig ein Stra\u00dfenfest geboten wird. Nach Monaten geordnet finden Sie die verkaufsoffenen Sonntage in K\u00f6ln mit Angabe des Stadtteils und der \u00d6ffnungszeiten. Wie schon\u2026","rel":"","context":"In &quot;Verkaufsoffener Sonntag K\u00f6ln NRW&quot;","block_context":{"text":"Verkaufsoffener Sonntag K\u00f6ln NRW","link":"https:\/\/www.gaidaphotos.com\/blog\/category\/kalender-archiv\/verkaufsoffener-sonntag-koln-nrw\/"},"img":{"alt_text":"","src":"","width":0,"height":0},"classes":[]},{"id":3461,"url":"https:\/\/www.gaidaphotos.com\/blog\/2010\/12\/07\/verkaufsoffener-sonntag-weihnachtsmarkt-koeln-chorweiler-12-12-2010\/","url_meta":{"origin":3558,"position":1},"title":"verkaufsoffener Sonntag &#038; Weihnachtsmarkt in K\u00f6ln Chorweiler am 12.12.2010","author":"Thomas","date":"7. Dezember 2010","format":false,"excerpt":"verkaufsoffener Sonntag & Weihnachtsmarkt in K\u00f6ln Chorweiler am 12.12.2010 In den Stra\u00dfen und Str\u00e4\u00dfchen, Winkeln und Gassen in K\u00f6ln- zwischen Mercatorstra\u00dfe - Weichselring - Merianstra\u00dfe - Willi-Suth-Allee k\u00f6nnen Sie am verkaufsoffenen Sonntag nach Herzenslust Shoppen. Au\u00dferdem l\u00e4d der Weihnachtsmarkt in K\u00f6ln Chorweiler am 12.12.2010 zum einer Pause bei einem Glas\u2026","rel":"","context":"In &quot;Verkaufsoffener Sonntag K\u00f6ln NRW&quot;","block_context":{"text":"Verkaufsoffener Sonntag K\u00f6ln NRW","link":"https:\/\/www.gaidaphotos.com\/blog\/category\/kalender-archiv\/verkaufsoffener-sonntag-koln-nrw\/"},"img":{"alt_text":"","src":"","width":0,"height":0},"classes":[]},{"id":3418,"url":"https:\/\/www.gaidaphotos.com\/blog\/2010\/11\/03\/verkaufsoffener-sonntag-7-11-2010-in-koeln-chorweiler\/","url_meta":{"origin":3558,"position":2},"title":"Verkaufsoffener Sonntag 7.11.2010 in K\u00f6ln Chorweiler \u201cElvis Forever\u201d&#8220;","author":"Thomas","date":"3. November 2010","format":false,"excerpt":"Verkaufsoffener Sonntag 07.11.2010 in K\u00f6ln Chorweiler \"Elvis Forever\" In den Stra\u00dfen und Str\u00e4\u00dfchen, Winkeln und Gassen in K\u00f6ln-Chorweiler zwischen Mercatorstra\u00dfe - Weichselring - Merianstra\u00dfe - Willi-Suth-Allee k\u00f6nnen Sie am verkaufsoffenen Sonntag nach Herzenslust Shoppen. Elvis forever 28.10. - 07.11.2010 im City Center in K\u00f6ln Chorweiler Programm f\u00fcr Sonntag 07.11.2010 14:00\u2026","rel":"","context":"In &quot;Verkaufsoffener Sonntag K\u00f6ln NRW&quot;","block_context":{"text":"Verkaufsoffener Sonntag K\u00f6ln NRW","link":"https:\/\/www.gaidaphotos.com\/blog\/category\/kalender-archiv\/verkaufsoffener-sonntag-koln-nrw\/"},"img":{"alt_text":"","src":"","width":0,"height":0},"classes":[]},{"id":3713,"url":"https:\/\/www.gaidaphotos.com\/blog\/2011\/09\/28\/oktoberfest-und-verkaufsoffener-sonntag-02-10-2011-in-koln\/","url_meta":{"origin":3558,"position":3},"title":"Oktoberfest und Verkaufsoffener Sonntag 02.10.2011 in K\u00f6ln","author":"Thomas","date":"28. September 2011","format":false,"excerpt":"Oktoberfest und Verkaufsoffener Sonntag 02.10.2011 in K\u00f6ln Die \"schlimme\" Zeit mit wenigen bis keinem verkaufsoffenen Sonntag sind endlich vorbei und nun geht es Schlag auf Schlag. Gleich in sechs K\u00f6lner Stadtteilen sind am Sonntag die Gesch\u00e4fte ge\u00f6ffnet. Der Zeitpunkt ist gut gew\u00e4hlt. Der September ist einer der schlechtesten Verkaufsmonate in\u2026","rel":"","context":"In &quot;Verkaufsoffener Sonntag K\u00f6ln NRW&quot;","block_context":{"text":"Verkaufsoffener Sonntag K\u00f6ln NRW","link":"https:\/\/www.gaidaphotos.com\/blog\/category\/kalender-archiv\/verkaufsoffener-sonntag-koln-nrw\/"},"img":{"alt_text":"","src":"https:\/\/www.gaidaphotos.com\/blog\/wp-content\/uploads\/2020\/08\/nggallery_import\/94_","width":350,"height":200,"srcset":"https:\/\/www.gaidaphotos.com\/blog\/wp-content\/uploads\/2020\/08\/nggallery_import\/94_ 1x, https:\/\/www.gaidaphotos.com\/blog\/wp-content\/uploads\/2020\/08\/nggallery_import\/94_ 1.5x, https:\/\/www.gaidaphotos.com\/blog\/wp-content\/uploads\/2020\/08\/nggallery_import\/94_ 2x"},"classes":[]},{"id":5111,"url":"https:\/\/www.gaidaphotos.com\/blog\/2012\/10\/29\/04-11-2012-verkaufsoffener-sonntag-in-koeln\/","url_meta":{"origin":3558,"position":4},"title":"04.11.2012 verkaufsoffener Sonntag in K\u00f6ln","author":"Thomas","date":"29. Oktober 2012","format":false,"excerpt":"04.11.2012 verkaufsoffener Sonntag in K\u00f6ln Kaum wird der Herbst sp\u00fcrbar, \u00f6ffnen sich am Sonntag gleich in 11 (!) K\u00f6lner Stadtteilen die Gesch\u00e4fte. Das interessanteste Angebot zum verkaufsoffenen Sonntag 04.11.2012 unabh\u00e4ngig vom Begleitprogramm bietet sicher die Innenstadt. Bei schlechtem Wetter empfiehlt sich vor allem der verkaufsoffene Sonntag im Rhein-Center in K\u00f6ln\u2026","rel":"","context":"In &quot;Verkaufsoffener Sonntag K\u00f6ln NRW&quot;","block_context":{"text":"Verkaufsoffener Sonntag K\u00f6ln NRW","link":"https:\/\/www.gaidaphotos.com\/blog\/category\/kalender-archiv\/verkaufsoffener-sonntag-koln-nrw\/"},"img":{"alt_text":"","src":"https:\/\/www.gaidaphotos.com\/blog\/wp-content\/uploads\/2020\/08\/nggallery_import\/20_","width":350,"height":200,"srcset":"https:\/\/www.gaidaphotos.com\/blog\/wp-content\/uploads\/2020\/08\/nggallery_import\/20_ 1x, https:\/\/www.gaidaphotos.com\/blog\/wp-content\/uploads\/2020\/08\/nggallery_import\/20_ 1.5x"},"classes":[]},{"id":2894,"url":"https:\/\/www.gaidaphotos.com\/blog\/2010\/05\/26\/verkaufsoffener-sonntag-30-05-2010-koeln\/","url_meta":{"origin":3558,"position":5},"title":"verkaufsoffener Sonntag am 30.05.2010 in K\u00f6ln","author":"Thomas","date":"26. Mai 2010","format":false,"excerpt":"Verkaufsoffener Sonntag in K\u00f6ln am 30.05.2010 In diesen K\u00f6lner Stadtteilen ist am 30.05.2010 verkaufsoffener Sonntag. Die Gesch\u00e4fte haben von 13.00h bis 18:00h ge\u00f6ffnet. Gleichzeitig finden die angegebenen Begleitveranstaltungen zum verkaufsoffenen Sonntag in K\u00f6ln statt. Verkaufsoffener Sonntag 30.05.2010 in K\u00f6ln-Chorweiler \u00d6ffnungszeiten 13:00 bis 18:00 Uhr Wochenmarkt: zum verkaufsoffenen Sonntag ist auch\u2026","rel":"","context":"In &quot;K\u00f6ln&quot;","block_context":{"text":"K\u00f6ln","link":"https:\/\/www.gaidaphotos.com\/blog\/category\/koeln\/"},"img":{"alt_text":"","src":"","width":0,"height":0},"classes":[]}],"_links":{"self":[{"href":"https:\/\/www.gaidaphotos.com\/blog\/wp-json\/wp\/v2\/posts\/3558","targetHints":{"allow":["GET"]}}],"collection":[{"href":"https:\/\/www.gaidaphotos.com\/blog\/wp-json\/wp\/v2\/posts"}],"about":[{"href":"https:\/\/www.gaidaphotos.com\/blog\/wp-json\/wp\/v2\/types\/post"}],"author":[{"embeddable":true,"href":"https:\/\/www.gaidaphotos.com\/blog\/wp-json\/wp\/v2\/users\/6"}],"replies":[{"embeddable":true,"href":"https:\/\/www.gaidaphotos.com\/blog\/wp-json\/wp\/v2\/comments?post=3558"}],"version-history":[{"count":0,"href":"https:\/\/www.gaidaphotos.com\/blog\/wp-json\/wp\/v2\/posts\/3558\/revisions"}],"wp:featuredmedia":[{"embeddable":true,"href":"https:\/\/www.gaidaphotos.com\/blog\/wp-json\/wp\/v2\/media\/12358"}],"wp:attachment":[{"href":"https:\/\/www.gaidaphotos.com\/blog\/wp-json\/wp\/v2\/media?parent=3558"}],"wp:term":[{"taxonomy":"category","embeddable":true,"href":"https:\/\/www.gaidaphotos.com\/blog\/wp-json\/wp\/v2\/categories?post=3558"},{"taxonomy":"post_tag","embeddable":true,"href":"https:\/\/www.gaidaphotos.com\/blog\/wp-json\/wp\/v2\/tags?post=3558"}],"curies":[{"name":"wp","href":"https:\/\/api.w.org\/{rel}","templated":true}]}}