{"id":3559,"date":"2011-05-30T17:37:31","date_gmt":"2011-05-30T15:37:31","guid":{"rendered":"http:\/\/www.gaidaphotos.com\/blog\/?p=3559"},"modified":"2011-05-30T17:43:52","modified_gmt":"2011-05-30T15:43:52","slug":"koln-rodenkirchen-sommerfest-2011-summer-of-love","status":"publish","type":"post","link":"https:\/\/www.gaidaphotos.com\/blog\/2011\/05\/30\/koln-rodenkirchen-sommerfest-2011-summer-of-love\/","title":{"rendered":"K\u00f6ln Rodenkirchen: Sommerfest 2011 &#8222;Summer of Love&#8220;"},"content":{"rendered":"<h2>Sommerfest 2011 in K\u00f6ln-Rodenkirchen:<br \/>\n&#8222;Summer of Love&#8220;<\/h2>\n<p><figure style=\"width: 310px\" class=\"wp-caption alignleft\"> ngg_shortcode_0_placeholder <figcaption class=\"wp-caption-text\">Sommerfest 2011 in K\u00f6ln-Rodenkirchen<\/figcaption><\/figure><br \/>\n<br \/>\nAm 16.06.2011 und 17.06.2011 ist es wieder soweit. Ganz K\u00f6ln Rodenkirchen feiert auf der Hauptstra\u00dfe und vor dem Rathhaus. <br \/>\nNach Hollywood und Afrika erleben wir nun das k\u00f6lsche Woodstock in Rodenkirchen. Dem Trend folgend, feiern wir mit Flower Power und den gr\u00f6\u00dften internationalen und deutschen Hits der 70iger Jahre.<br \/>\nDer Summer of Love in K\u00f6ln Rodenkirchen hat f\u00fcr jeden etwas zu bieten:<\/p>\n<ul>\n<li>SHOWB\u00dcHNE | Ecke Barbarastra\u00dfe<\/li>\n<li>MUSIK- &#038; SCHLEMMERTREFF | Rheingalerie<\/li>\n<li>SHOPPINGMEILE | Hauptstra\u00dfe \u2013 Maternusstra\u00dfe (bis Ecke Commerzbank)<\/li>\n<li>KINDER-TUMMELPLATZ &#038; VAN HASSELT SHOWB\u00dcHNE | Rathausplatz<\/li>\n<\/ul>\n<p>\nOoops wo ist denn da der Maternusplatz geblieben? Erst Hauptattraktion und nun Nebenschauplatz? Wozu haben wir denn eine so sch\u00f6ne Fl\u00e4che zum Feiern, wenn sie gar nicht genutzt wird?<br \/>\n<br \/>\nEs ist \u00fcbrigens wieder KEIN verkaufsoffener Sonnteg. Daf\u00fcr d\u00fcrfen sich die \u00f6rtlichen Ladengesch\u00e4fte <strong>vor und in den Gesch\u00e4ften<\/strong> pr\u00e4sentieren. Und was ist mit den anderen Gesch\u00e4ften an Maternusplatz, Maternusstra\u00dfe, Wilhelmstra\u00dfe usw?<br \/><\/p>\n","protected":false},"excerpt":{"rendered":"<p>Sommerfest 2011 in K\u00f6ln-Rodenkirchen: &#8222;Summer of Love&#8220; Am 16.06.2011 und 17.06.2011 ist es wieder soweit. Ganz K\u00f6ln Rodenkirchen feiert auf<\/p>\n","protected":false},"author":6,"featured_media":12335,"comment_status":"open","ping_status":"open","sticky":false,"template":"","format":"standard","meta":{"_crdt_document":"","ngg_post_thumbnail":0,"jetpack_post_was_ever_published":false,"_jetpack_newsletter_access":"","_jetpack_dont_email_post_to_subs":false,"_jetpack_newsletter_tier_id":0,"_jetpack_memberships_contains_paywalled_content":false,"_jetpack_memberships_contains_paid_content":false,"footnotes":"","jetpack_publicize_message":"","jetpack_publicize_feature_enabled":true,"jetpack_social_post_already_shared":false,"jetpack_social_options":{"image_generator_settings":{"template":"highway","default_image_id":0,"font":"","enabled":false},"version":2}},"categories":[52,101,178],"tags":[],"class_list":["post-3559","post","type-post","status-publish","format-standard","has-post-thumbnail","hentry","category-koeln-rodenkirchen","category-koeln-rodenkirchen-freizeit","category-verkaufsoffener-sonntag-koln-nrw"],"yoast_head":"<!-- This site is optimized with the Yoast SEO plugin v27.5 - https:\/\/yoast.com\/product\/yoast-seo-wordpress\/ -->\n<title>Sommerfest 2011 in K\u00f6ln-Rodenkirchen<\/title>\n<meta name=\"description\" content=\"Sommerfest 2011 in K\u00f6ln-Rodenkirchen: Vorank\u00fcndigung, \u00dcberblick Programm, kein verkaufsoffener Sonntag\" \/>\n<meta name=\"robots\" content=\"index, follow, max-snippet:-1, max-image-preview:large, max-video-preview:-1\" \/>\n<link rel=\"canonical\" href=\"https:\/\/www.gaidaphotos.com\/blog\/2011\/05\/30\/koln-rodenkirchen-sommerfest-2011-summer-of-love\/\" \/>\n<meta property=\"og:locale\" content=\"de_DE\" \/>\n<meta property=\"og:type\" content=\"article\" \/>\n<meta property=\"og:title\" content=\"Sommerfest 2011 in K\u00f6ln-Rodenkirchen\" \/>\n<meta property=\"og:description\" content=\"Sommerfest 2011 in K\u00f6ln-Rodenkirchen: Vorank\u00fcndigung, \u00dcberblick Programm, kein verkaufsoffener Sonntag\" \/>\n<meta property=\"og:url\" content=\"https:\/\/www.gaidaphotos.com\/blog\/2011\/05\/30\/koln-rodenkirchen-sommerfest-2011-summer-of-love\/\" \/>\n<meta property=\"og:site_name\" content=\"K\u00f6ln Rodenkirchen und die Welt\" \/>\n<meta property=\"article:publisher\" content=\"https:\/\/www.facebook.com\/Koeln.Rodenkirchen\" \/>\n<meta property=\"article:author\" content=\"https:\/\/www.facebook.com\/gaidaphotos\" \/>\n<meta property=\"article:published_time\" content=\"2011-05-30T15:37:31+00:00\" \/>\n<meta property=\"article:modified_time\" content=\"2011-05-30T15:43:52+00:00\" \/>\n<meta property=\"og:image\" content=\"https:\/\/www.gaidaphotos.com\/blog\/wp-content\/uploads\/2020\/08\/nggallery_import\/48_\" \/>\n\t<meta property=\"og:image:width\" content=\"293\" \/>\n\t<meta property=\"og:image:height\" content=\"440\" \/>\n\t<meta property=\"og:image:type\" content=\"image\/jpeg\" \/>\n<meta name=\"author\" content=\"Thomas\" \/>\n<meta name=\"twitter:card\" content=\"summary_large_image\" \/>\n<meta name=\"twitter:creator\" content=\"@gaidaphotos\" \/>\n<meta name=\"twitter:site\" content=\"@gaidaphotos\" \/>\n<meta name=\"twitter:label1\" content=\"Verfasst von\" \/>\n\t<meta name=\"twitter:data1\" content=\"Thomas\" \/>\n\t<meta name=\"twitter:label2\" content=\"Gesch\u00e4tzte Lesezeit\" \/>\n\t<meta name=\"twitter:data2\" content=\"1\u00a0Minute\" \/>\n<script type=\"application\/ld+json\" class=\"yoast-schema-graph\">{\"@context\":\"https:\\\/\\\/schema.org\",\"@graph\":[{\"@type\":\"Article\",\"@id\":\"https:\\\/\\\/www.gaidaphotos.com\\\/blog\\\/2011\\\/05\\\/30\\\/koln-rodenkirchen-sommerfest-2011-summer-of-love\\\/#article\",\"isPartOf\":{\"@id\":\"https:\\\/\\\/www.gaidaphotos.com\\\/blog\\\/2011\\\/05\\\/30\\\/koln-rodenkirchen-sommerfest-2011-summer-of-love\\\/\"},\"author\":{\"name\":\"Thomas\",\"@id\":\"https:\\\/\\\/www.gaidaphotos.com\\\/blog\\\/#\\\/schema\\\/person\\\/6c444a5b13ffc503c5c32f5a9ec68b21\"},\"headline\":\"K\u00f6ln Rodenkirchen: Sommerfest 2011 &#8222;Summer of Love&#8220;\",\"datePublished\":\"2011-05-30T15:37:31+00:00\",\"dateModified\":\"2011-05-30T15:43:52+00:00\",\"mainEntityOfPage\":{\"@id\":\"https:\\\/\\\/www.gaidaphotos.com\\\/blog\\\/2011\\\/05\\\/30\\\/koln-rodenkirchen-sommerfest-2011-summer-of-love\\\/\"},\"wordCount\":187,\"commentCount\":1,\"publisher\":{\"@id\":\"https:\\\/\\\/www.gaidaphotos.com\\\/blog\\\/#organization\"},\"image\":{\"@id\":\"https:\\\/\\\/www.gaidaphotos.com\\\/blog\\\/2011\\\/05\\\/30\\\/koln-rodenkirchen-sommerfest-2011-summer-of-love\\\/#primaryimage\"},\"thumbnailUrl\":\"https:\\\/\\\/www.gaidaphotos.com\\\/blog\\\/wp-content\\\/uploads\\\/2020\\\/08\\\/nggallery_import\\\/48_\",\"articleSection\":[\"K\u00f6ln Rodenkirchen\",\"K\u00f6ln Rodenkirchen Freizeit\",\"Verkaufsoffener Sonntag K\u00f6ln NRW\"],\"inLanguage\":\"de\",\"potentialAction\":[{\"@type\":\"CommentAction\",\"name\":\"Comment\",\"target\":[\"https:\\\/\\\/www.gaidaphotos.com\\\/blog\\\/2011\\\/05\\\/30\\\/koln-rodenkirchen-sommerfest-2011-summer-of-love\\\/#respond\"]}]},{\"@type\":\"WebPage\",\"@id\":\"https:\\\/\\\/www.gaidaphotos.com\\\/blog\\\/2011\\\/05\\\/30\\\/koln-rodenkirchen-sommerfest-2011-summer-of-love\\\/\",\"url\":\"https:\\\/\\\/www.gaidaphotos.com\\\/blog\\\/2011\\\/05\\\/30\\\/koln-rodenkirchen-sommerfest-2011-summer-of-love\\\/\",\"name\":\"Sommerfest 2011 in K\u00f6ln-Rodenkirchen\",\"isPartOf\":{\"@id\":\"https:\\\/\\\/www.gaidaphotos.com\\\/blog\\\/#website\"},\"primaryImageOfPage\":{\"@id\":\"https:\\\/\\\/www.gaidaphotos.com\\\/blog\\\/2011\\\/05\\\/30\\\/koln-rodenkirchen-sommerfest-2011-summer-of-love\\\/#primaryimage\"},\"image\":{\"@id\":\"https:\\\/\\\/www.gaidaphotos.com\\\/blog\\\/2011\\\/05\\\/30\\\/koln-rodenkirchen-sommerfest-2011-summer-of-love\\\/#primaryimage\"},\"thumbnailUrl\":\"https:\\\/\\\/www.gaidaphotos.com\\\/blog\\\/wp-content\\\/uploads\\\/2020\\\/08\\\/nggallery_import\\\/48_\",\"datePublished\":\"2011-05-30T15:37:31+00:00\",\"dateModified\":\"2011-05-30T15:43:52+00:00\",\"description\":\"Sommerfest 2011 in K\u00f6ln-Rodenkirchen: Vorank\u00fcndigung, \u00dcberblick Programm, kein verkaufsoffener Sonntag\",\"breadcrumb\":{\"@id\":\"https:\\\/\\\/www.gaidaphotos.com\\\/blog\\\/2011\\\/05\\\/30\\\/koln-rodenkirchen-sommerfest-2011-summer-of-love\\\/#breadcrumb\"},\"inLanguage\":\"de\",\"potentialAction\":[{\"@type\":\"ReadAction\",\"target\":[\"https:\\\/\\\/www.gaidaphotos.com\\\/blog\\\/2011\\\/05\\\/30\\\/koln-rodenkirchen-sommerfest-2011-summer-of-love\\\/\"]}]},{\"@type\":\"ImageObject\",\"inLanguage\":\"de\",\"@id\":\"https:\\\/\\\/www.gaidaphotos.com\\\/blog\\\/2011\\\/05\\\/30\\\/koln-rodenkirchen-sommerfest-2011-summer-of-love\\\/#primaryimage\",\"url\":\"https:\\\/\\\/www.gaidaphotos.com\\\/blog\\\/wp-content\\\/uploads\\\/2020\\\/08\\\/nggallery_import\\\/48_\",\"contentUrl\":\"https:\\\/\\\/www.gaidaphotos.com\\\/blog\\\/wp-content\\\/uploads\\\/2020\\\/08\\\/nggallery_import\\\/48_\",\"width\":293,\"height\":440},{\"@type\":\"BreadcrumbList\",\"@id\":\"https:\\\/\\\/www.gaidaphotos.com\\\/blog\\\/2011\\\/05\\\/30\\\/koln-rodenkirchen-sommerfest-2011-summer-of-love\\\/#breadcrumb\",\"itemListElement\":[{\"@type\":\"ListItem\",\"position\":1,\"name\":\"Startseite\",\"item\":\"https:\\\/\\\/www.gaidaphotos.com\\\/blog\\\/\"},{\"@type\":\"ListItem\",\"position\":2,\"name\":\"K\u00f6ln Rodenkirchen: Sommerfest 2011 &#8222;Summer of Love&#8220;\"}]},{\"@type\":\"WebSite\",\"@id\":\"https:\\\/\\\/www.gaidaphotos.com\\\/blog\\\/#website\",\"url\":\"https:\\\/\\\/www.gaidaphotos.com\\\/blog\\\/\",\"name\":\"K\u00f6ln Rodenkirchen und die Welt\",\"description\":\"Einkaufen, Restaurants, Freizeit, Nachrichten und was uns sonst bewegt und begegnet\",\"publisher\":{\"@id\":\"https:\\\/\\\/www.gaidaphotos.com\\\/blog\\\/#organization\"},\"potentialAction\":[{\"@type\":\"SearchAction\",\"target\":{\"@type\":\"EntryPoint\",\"urlTemplate\":\"https:\\\/\\\/www.gaidaphotos.com\\\/blog\\\/?s={search_term_string}\"},\"query-input\":{\"@type\":\"PropertyValueSpecification\",\"valueRequired\":true,\"valueName\":\"search_term_string\"}}],\"inLanguage\":\"de\"},{\"@type\":\"Organization\",\"@id\":\"https:\\\/\\\/www.gaidaphotos.com\\\/blog\\\/#organization\",\"name\":\"gaidaphotos\",\"url\":\"https:\\\/\\\/www.gaidaphotos.com\\\/blog\\\/\",\"logo\":{\"@type\":\"ImageObject\",\"inLanguage\":\"de\",\"@id\":\"https:\\\/\\\/www.gaidaphotos.com\\\/blog\\\/#\\\/schema\\\/logo\\\/image\\\/\",\"url\":\"https:\\\/\\\/i0.wp.com\\\/www.gaidaphotos.com\\\/blog\\\/wp-content\\\/uploads\\\/2020\\\/07\\\/GAIDAPHOTOS-COM.jpg?fit=160%2C96&ssl=1\",\"contentUrl\":\"https:\\\/\\\/i0.wp.com\\\/www.gaidaphotos.com\\\/blog\\\/wp-content\\\/uploads\\\/2020\\\/07\\\/GAIDAPHOTOS-COM.jpg?fit=160%2C96&ssl=1\",\"width\":160,\"height\":96,\"caption\":\"gaidaphotos\"},\"image\":{\"@id\":\"https:\\\/\\\/www.gaidaphotos.com\\\/blog\\\/#\\\/schema\\\/logo\\\/image\\\/\"},\"sameAs\":[\"https:\\\/\\\/www.facebook.com\\\/Koeln.Rodenkirchen\",\"https:\\\/\\\/x.com\\\/gaidaphotos\",\"https:\\\/\\\/instagram.com\\\/gaidaphotos\\\/\",\"https:\\\/\\\/de.linkedin.com\\\/in\\\/gaidaphotos\",\"https:\\\/\\\/myspace.com\\\/gaidaphotos\",\"https:\\\/\\\/www.pinterest.com\\\/gaidaphotos\\\/\",\"https:\\\/\\\/www.youtube.com\\\/user\\\/gaidaphotos\"]},{\"@type\":\"Person\",\"@id\":\"https:\\\/\\\/www.gaidaphotos.com\\\/blog\\\/#\\\/schema\\\/person\\\/6c444a5b13ffc503c5c32f5a9ec68b21\",\"name\":\"Thomas\",\"sameAs\":[\"https:\\\/\\\/www.gaidaphotos.com\",\"https:\\\/\\\/www.facebook.com\\\/gaidaphotos\",\"https:\\\/\\\/instagram.com\\\/gaidaphotos\\\/\",\"https:\\\/\\\/www.linkedin.com\\\/in\\\/gaidaphotos\",\"http:\\\/\\\/www.pinterest.com\\\/gaidaphotos\\\/\",\"https:\\\/\\\/x.com\\\/gaidaphotos\",\"https:\\\/\\\/myspace.com\\\/gaidaphotos\",\"https:\\\/\\\/www.youtube.com\\\/user\\\/gaidaphotos\",\"https:\\\/\\\/gaidaphotos.tumblr.com\\\/\"]}]}<\/script>\n<!-- \/ Yoast SEO plugin. -->","yoast_head_json":{"title":"Sommerfest 2011 in K\u00f6ln-Rodenkirchen","description":"Sommerfest 2011 in K\u00f6ln-Rodenkirchen: Vorank\u00fcndigung, \u00dcberblick Programm, kein verkaufsoffener Sonntag","robots":{"index":"index","follow":"follow","max-snippet":"max-snippet:-1","max-image-preview":"max-image-preview:large","max-video-preview":"max-video-preview:-1"},"canonical":"https:\/\/www.gaidaphotos.com\/blog\/2011\/05\/30\/koln-rodenkirchen-sommerfest-2011-summer-of-love\/","og_locale":"de_DE","og_type":"article","og_title":"Sommerfest 2011 in K\u00f6ln-Rodenkirchen","og_description":"Sommerfest 2011 in K\u00f6ln-Rodenkirchen: Vorank\u00fcndigung, \u00dcberblick Programm, kein verkaufsoffener Sonntag","og_url":"https:\/\/www.gaidaphotos.com\/blog\/2011\/05\/30\/koln-rodenkirchen-sommerfest-2011-summer-of-love\/","og_site_name":"K\u00f6ln Rodenkirchen und die Welt","article_publisher":"https:\/\/www.facebook.com\/Koeln.Rodenkirchen","article_author":"https:\/\/www.facebook.com\/gaidaphotos","article_published_time":"2011-05-30T15:37:31+00:00","article_modified_time":"2011-05-30T15:43:52+00:00","og_image":[{"width":293,"height":440,"url":"https:\/\/www.gaidaphotos.com\/blog\/wp-content\/uploads\/2020\/08\/nggallery_import\/48_","type":"image\/jpeg"}],"author":"Thomas","twitter_card":"summary_large_image","twitter_creator":"@gaidaphotos","twitter_site":"@gaidaphotos","twitter_misc":{"Verfasst von":"Thomas","Gesch\u00e4tzte Lesezeit":"1\u00a0Minute"},"schema":{"@context":"https:\/\/schema.org","@graph":[{"@type":"Article","@id":"https:\/\/www.gaidaphotos.com\/blog\/2011\/05\/30\/koln-rodenkirchen-sommerfest-2011-summer-of-love\/#article","isPartOf":{"@id":"https:\/\/www.gaidaphotos.com\/blog\/2011\/05\/30\/koln-rodenkirchen-sommerfest-2011-summer-of-love\/"},"author":{"name":"Thomas","@id":"https:\/\/www.gaidaphotos.com\/blog\/#\/schema\/person\/6c444a5b13ffc503c5c32f5a9ec68b21"},"headline":"K\u00f6ln Rodenkirchen: Sommerfest 2011 &#8222;Summer of Love&#8220;","datePublished":"2011-05-30T15:37:31+00:00","dateModified":"2011-05-30T15:43:52+00:00","mainEntityOfPage":{"@id":"https:\/\/www.gaidaphotos.com\/blog\/2011\/05\/30\/koln-rodenkirchen-sommerfest-2011-summer-of-love\/"},"wordCount":187,"commentCount":1,"publisher":{"@id":"https:\/\/www.gaidaphotos.com\/blog\/#organization"},"image":{"@id":"https:\/\/www.gaidaphotos.com\/blog\/2011\/05\/30\/koln-rodenkirchen-sommerfest-2011-summer-of-love\/#primaryimage"},"thumbnailUrl":"https:\/\/www.gaidaphotos.com\/blog\/wp-content\/uploads\/2020\/08\/nggallery_import\/48_","articleSection":["K\u00f6ln Rodenkirchen","K\u00f6ln Rodenkirchen Freizeit","Verkaufsoffener Sonntag K\u00f6ln NRW"],"inLanguage":"de","potentialAction":[{"@type":"CommentAction","name":"Comment","target":["https:\/\/www.gaidaphotos.com\/blog\/2011\/05\/30\/koln-rodenkirchen-sommerfest-2011-summer-of-love\/#respond"]}]},{"@type":"WebPage","@id":"https:\/\/www.gaidaphotos.com\/blog\/2011\/05\/30\/koln-rodenkirchen-sommerfest-2011-summer-of-love\/","url":"https:\/\/www.gaidaphotos.com\/blog\/2011\/05\/30\/koln-rodenkirchen-sommerfest-2011-summer-of-love\/","name":"Sommerfest 2011 in K\u00f6ln-Rodenkirchen","isPartOf":{"@id":"https:\/\/www.gaidaphotos.com\/blog\/#website"},"primaryImageOfPage":{"@id":"https:\/\/www.gaidaphotos.com\/blog\/2011\/05\/30\/koln-rodenkirchen-sommerfest-2011-summer-of-love\/#primaryimage"},"image":{"@id":"https:\/\/www.gaidaphotos.com\/blog\/2011\/05\/30\/koln-rodenkirchen-sommerfest-2011-summer-of-love\/#primaryimage"},"thumbnailUrl":"https:\/\/www.gaidaphotos.com\/blog\/wp-content\/uploads\/2020\/08\/nggallery_import\/48_","datePublished":"2011-05-30T15:37:31+00:00","dateModified":"2011-05-30T15:43:52+00:00","description":"Sommerfest 2011 in K\u00f6ln-Rodenkirchen: Vorank\u00fcndigung, \u00dcberblick Programm, kein verkaufsoffener Sonntag","breadcrumb":{"@id":"https:\/\/www.gaidaphotos.com\/blog\/2011\/05\/30\/koln-rodenkirchen-sommerfest-2011-summer-of-love\/#breadcrumb"},"inLanguage":"de","potentialAction":[{"@type":"ReadAction","target":["https:\/\/www.gaidaphotos.com\/blog\/2011\/05\/30\/koln-rodenkirchen-sommerfest-2011-summer-of-love\/"]}]},{"@type":"ImageObject","inLanguage":"de","@id":"https:\/\/www.gaidaphotos.com\/blog\/2011\/05\/30\/koln-rodenkirchen-sommerfest-2011-summer-of-love\/#primaryimage","url":"https:\/\/www.gaidaphotos.com\/blog\/wp-content\/uploads\/2020\/08\/nggallery_import\/48_","contentUrl":"https:\/\/www.gaidaphotos.com\/blog\/wp-content\/uploads\/2020\/08\/nggallery_import\/48_","width":293,"height":440},{"@type":"BreadcrumbList","@id":"https:\/\/www.gaidaphotos.com\/blog\/2011\/05\/30\/koln-rodenkirchen-sommerfest-2011-summer-of-love\/#breadcrumb","itemListElement":[{"@type":"ListItem","position":1,"name":"Startseite","item":"https:\/\/www.gaidaphotos.com\/blog\/"},{"@type":"ListItem","position":2,"name":"K\u00f6ln Rodenkirchen: Sommerfest 2011 &#8222;Summer of Love&#8220;"}]},{"@type":"WebSite","@id":"https:\/\/www.gaidaphotos.com\/blog\/#website","url":"https:\/\/www.gaidaphotos.com\/blog\/","name":"K\u00f6ln Rodenkirchen und die Welt","description":"Einkaufen, Restaurants, Freizeit, Nachrichten und was uns sonst bewegt und begegnet","publisher":{"@id":"https:\/\/www.gaidaphotos.com\/blog\/#organization"},"potentialAction":[{"@type":"SearchAction","target":{"@type":"EntryPoint","urlTemplate":"https:\/\/www.gaidaphotos.com\/blog\/?s={search_term_string}"},"query-input":{"@type":"PropertyValueSpecification","valueRequired":true,"valueName":"search_term_string"}}],"inLanguage":"de"},{"@type":"Organization","@id":"https:\/\/www.gaidaphotos.com\/blog\/#organization","name":"gaidaphotos","url":"https:\/\/www.gaidaphotos.com\/blog\/","logo":{"@type":"ImageObject","inLanguage":"de","@id":"https:\/\/www.gaidaphotos.com\/blog\/#\/schema\/logo\/image\/","url":"https:\/\/i0.wp.com\/www.gaidaphotos.com\/blog\/wp-content\/uploads\/2020\/07\/GAIDAPHOTOS-COM.jpg?fit=160%2C96&ssl=1","contentUrl":"https:\/\/i0.wp.com\/www.gaidaphotos.com\/blog\/wp-content\/uploads\/2020\/07\/GAIDAPHOTOS-COM.jpg?fit=160%2C96&ssl=1","width":160,"height":96,"caption":"gaidaphotos"},"image":{"@id":"https:\/\/www.gaidaphotos.com\/blog\/#\/schema\/logo\/image\/"},"sameAs":["https:\/\/www.facebook.com\/Koeln.Rodenkirchen","https:\/\/x.com\/gaidaphotos","https:\/\/instagram.com\/gaidaphotos\/","https:\/\/de.linkedin.com\/in\/gaidaphotos","https:\/\/myspace.com\/gaidaphotos","https:\/\/www.pinterest.com\/gaidaphotos\/","https:\/\/www.youtube.com\/user\/gaidaphotos"]},{"@type":"Person","@id":"https:\/\/www.gaidaphotos.com\/blog\/#\/schema\/person\/6c444a5b13ffc503c5c32f5a9ec68b21","name":"Thomas","sameAs":["https:\/\/www.gaidaphotos.com","https:\/\/www.facebook.com\/gaidaphotos","https:\/\/instagram.com\/gaidaphotos\/","https:\/\/www.linkedin.com\/in\/gaidaphotos","http:\/\/www.pinterest.com\/gaidaphotos\/","https:\/\/x.com\/gaidaphotos","https:\/\/myspace.com\/gaidaphotos","https:\/\/www.youtube.com\/user\/gaidaphotos","https:\/\/gaidaphotos.tumblr.com\/"]}]}},"jetpack_publicize_connections":[],"jetpack_featured_media_url":"https:\/\/www.gaidaphotos.com\/blog\/wp-content\/uploads\/2020\/08\/nggallery_import\/48_","jetpack_sharing_enabled":true,"jetpack_likes_enabled":true,"jetpack-related-posts":[{"id":3586,"url":"https:\/\/www.gaidaphotos.com\/blog\/2011\/07\/17\/sommerfest-2011-koeln-rodenkirchen\/","url_meta":{"origin":3559,"position":0},"title":"Sommerfest 2011 in K\u00f6ln Rodenkirchen: Summer of Love and Rain","author":"Thomas","date":"17. Juli 2011","format":false,"excerpt":"Sommerfest 2011 in K\u00f6ln Rodenkirchen: Summer of Love and Rain Dicht gedr\u00e4ngt schoben Sie die Besucher gestern Nachmittag \u00fcber die Hauptstra\u00dfe. Das Rodenkirchener Sommerfest 2011 ist ein voller Erfolg. Obwohl hier und da ein Tr\u00f6pfchen viel, lie\u00dfen Sie die Rodenkirchener und Besucher nicht davon abhalten Ihr Veedel zu feiern. Zumindest\u2026","rel":"","context":"In &quot;K\u00f6ln Rodenkirchen Einkaufen&quot;","block_context":{"text":"K\u00f6ln Rodenkirchen Einkaufen","link":"https:\/\/www.gaidaphotos.com\/blog\/category\/koeln-rodenkirchen\/koeln-rodenkirchen-einkaufen\/"},"img":{"alt_text":"","src":"https:\/\/www.gaidaphotos.com\/blog\/wp-content\/uploads\/2020\/08\/nggallery_import\/46_","width":350,"height":200,"srcset":"https:\/\/www.gaidaphotos.com\/blog\/wp-content\/uploads\/2020\/08\/nggallery_import\/46_ 1x, https:\/\/www.gaidaphotos.com\/blog\/wp-content\/uploads\/2020\/08\/nggallery_import\/46_ 1.5x, https:\/\/www.gaidaphotos.com\/blog\/wp-content\/uploads\/2020\/08\/nggallery_import\/46_ 2x, https:\/\/www.gaidaphotos.com\/blog\/wp-content\/uploads\/2020\/08\/nggallery_import\/46_ 3x"},"classes":[]},{"id":3576,"url":"https:\/\/www.gaidaphotos.com\/blog\/2011\/07\/07\/strassenfest-17-07-2011-koeln-rodenkirchen\/","url_meta":{"origin":3559,"position":1},"title":"Strassenfest 16.\/17.07.2011 in K\u00f6ln-Rodenkirchen: &#8222;Summer of Love&#8220;","author":"Thomas","date":"7. Juli 2011","format":false,"excerpt":"\"Summer of Love\" Strassenfest am 16.\/17.07.2011 in K\u00f6ln-Rodenkirchen 6. Rodenkirchener Sommertage im Fieber der 70er Jahre zum ersten Mal mit 3 Showb\u00fchnen. Abba, Bee Gee, Jackson Five, Roy Black klingen uns noch in den Ohren. Bellbottom Jeans schlackern um die Beine und Tie-Dye T-Shirts bedecken unsere mageren K\u00f6rper - jetzt\u2026","rel":"","context":"In &quot;K\u00f6ln Rodenkirchen Einkaufen&quot;","block_context":{"text":"K\u00f6ln Rodenkirchen Einkaufen","link":"https:\/\/www.gaidaphotos.com\/blog\/category\/koeln-rodenkirchen\/koeln-rodenkirchen-einkaufen\/"},"img":{"alt_text":"","src":"https:\/\/www.gaidaphotos.com\/blog\/wp-content\/uploads\/2020\/08\/nggallery_import\/83_","width":350,"height":200},"classes":[]},{"id":8969,"url":"https:\/\/www.gaidaphotos.com\/blog\/2015\/08\/17\/10-rodenkirchener-sommertage-2015\/","url_meta":{"origin":3559,"position":2},"title":"10. Rodenkirchener Sommertage 2015","author":"Thomas","date":"17. August 2015","format":false,"excerpt":"\u201eRodenkirchener Sommertage - Ein Potpourri aus 10 Jahren!\u201c Rodenkirchen feiert am 22. und 23. August 2015 sich selbst und den zehnten Jahrestag des Sommerfest der Aktionsgemeinschaft. Wir k\u00f6nnen uns in diesem Jubil\u00e4umsjahr \u00fcber eine gro\u00dfe Zahl attraktiver Bands und K\u00fcnstler freuen. Das Jubil\u00e4um ist gleichzeitig das Motto. Und die Veranstalter\u2026","rel":"","context":"In &quot;K\u00f6ln Rodenkirchen Einkaufen&quot;","block_context":{"text":"K\u00f6ln Rodenkirchen Einkaufen","link":"https:\/\/www.gaidaphotos.com\/blog\/category\/koeln-rodenkirchen\/koeln-rodenkirchen-einkaufen\/"},"img":{"alt_text":"","src":"https:\/\/i0.wp.com\/www.gaidaphotos.com\/blog\/wp-content\/uploads\/ngg_featured\/strassenfest-rodenkirchen-2015.jpg?fit=683%2C1024&ssl=1&resize=350%2C200","width":350,"height":200,"srcset":"https:\/\/i0.wp.com\/www.gaidaphotos.com\/blog\/wp-content\/uploads\/ngg_featured\/strassenfest-rodenkirchen-2015.jpg?fit=683%2C1024&ssl=1&resize=350%2C200 1x, https:\/\/i0.wp.com\/www.gaidaphotos.com\/blog\/wp-content\/uploads\/ngg_featured\/strassenfest-rodenkirchen-2015.jpg?fit=683%2C1024&ssl=1&resize=525%2C300 1.5x"},"classes":[]},{"id":5579,"url":"https:\/\/www.gaidaphotos.com\/blog\/2013\/06\/19\/rodenkirchener-sommertage-2013\/","url_meta":{"origin":3559,"position":3},"title":"Rodenkirchener Sommertage 2013","author":"Thomas","date":"19. Juni 2013","format":false,"excerpt":"Stra\u00dfenfest 2013: Manege frei f\u00fcr die Rodenkirchener Sommertage Das Rodenkirchener Stra\u00dfenfest 2013 wird ein gro\u00dfer Zirkus. Gaukler, Artisten und Zauberer heizen mit Musik, Show und Tanz die Stimmung beim Rodenkirchener Sommerfest 2013 an. Sommerfest = Stra\u00dfenfest ohne verkaufsoffener Sonntag Auf Hauptstra\u00dfe (ab Kirchstra\u00dfe bis Walther-Rathenau-Stra\u00dfe) und Maternusstra\u00dfe (Hauptstra\u00dfe bis Wilhelmstra\u00dfe)\u2026","rel":"","context":"In &quot;K\u00f6ln Rodenkirchen&quot;","block_context":{"text":"K\u00f6ln Rodenkirchen","link":"https:\/\/www.gaidaphotos.com\/blog\/category\/koeln-rodenkirchen\/"},"img":{"alt_text":"Rodenkirchen Stra\u00dfenfest 2013 Plakat","src":"https:\/\/i0.wp.com\/www.gaidaphotos.com\/blog\/wp-content\/uploads\/2013\/06\/rodenkirchener-sommertage-2013.jpg?fit=459%2C510&ssl=1&resize=350%2C200","width":350,"height":200},"classes":[]},{"id":5603,"url":"https:\/\/www.gaidaphotos.com\/blog\/2013\/07\/01\/sommerfest-2013-ein-voller-erfolg\/","url_meta":{"origin":3559,"position":4},"title":"Sommerfest 2013 ein voller Erfolg","author":"Thomas","date":"1. Juli 2013","format":false,"excerpt":"Rodenkirchener Sommerfest 2013 ein voller Erfolg Als dann am Sonntag Nachmittag auch noch die Sonne schien war es ein perfektes Sommerfest 2013. Viele Jahre haben wir einen solchen Andrang am Sonntagnachmittag beim Rodenkirchener Stra\u00dfenfest nicht mehr erlebt. Die Hauptstra\u00dfe war so voll Menschen gepackt, dass es zeitweilig sogar zu Staus\u2026","rel":"","context":"In &quot;K\u00f6ln Rodenkirchen Freizeit&quot;","block_context":{"text":"K\u00f6ln Rodenkirchen Freizeit","link":"https:\/\/www.gaidaphotos.com\/blog\/category\/koeln-rodenkirchen\/koeln-rodenkirchen-freizeit\/"},"img":{"alt_text":"","src":"https:\/\/www.gaidaphotos.com\/blog\/wp-content\/uploads\/2020\/08\/nggallery_import\/127_","width":350,"height":200,"srcset":"https:\/\/www.gaidaphotos.com\/blog\/wp-content\/uploads\/2020\/08\/nggallery_import\/127_ 1x, https:\/\/www.gaidaphotos.com\/blog\/wp-content\/uploads\/2020\/08\/nggallery_import\/127_ 1.5x"},"classes":[]},{"id":6440,"url":"https:\/\/www.gaidaphotos.com\/blog\/2014\/06\/17\/rodenkirchener-sommertage-28-29-06-2014\/","url_meta":{"origin":3559,"position":5},"title":"Rodenkirchener Sommertage 28. &#038; 29.06.2014","author":"Thomas","date":"17. Juni 2014","format":false,"excerpt":"Rodenkirchener Sommertage 2014 Der K\u00f6lner S\u00fcden trifft sich am 28. und 29. Juni 2014 in Rodenkirchen zum gro\u00dfen Stra\u00dfenfest und verkaufsoffenem Sonntag. Das Motto in diesem jahr lautet: Copacabana - Hei\u00dfe Rhythmen auf den Stra\u00dfen Rodenkirchens Mit dem Motto passend zum Gastgeber der diesj\u00e4hrigen Fu\u00dfball WM \u00fcberrascht uns der Veranstalter\u2026","rel":"","context":"In &quot;K\u00f6ln Rodenkirchen&quot;","block_context":{"text":"K\u00f6ln Rodenkirchen","link":"https:\/\/www.gaidaphotos.com\/blog\/category\/koeln-rodenkirchen\/"},"img":{"alt_text":"","src":"https:\/\/i0.wp.com\/www.gaidaphotos.com\/blog\/wp-content\/uploads\/ngg_featured\/rodenkirchen-sommerfest-2013-09.jpg?fit=667%2C1000&ssl=1&resize=350%2C200","width":350,"height":200,"srcset":"https:\/\/i0.wp.com\/www.gaidaphotos.com\/blog\/wp-content\/uploads\/ngg_featured\/rodenkirchen-sommerfest-2013-09.jpg?fit=667%2C1000&ssl=1&resize=350%2C200 1x, https:\/\/i0.wp.com\/www.gaidaphotos.com\/blog\/wp-content\/uploads\/ngg_featured\/rodenkirchen-sommerfest-2013-09.jpg?fit=667%2C1000&ssl=1&resize=525%2C300 1.5x"},"classes":[]}],"_links":{"self":[{"href":"https:\/\/www.gaidaphotos.com\/blog\/wp-json\/wp\/v2\/posts\/3559","targetHints":{"allow":["GET"]}}],"collection":[{"href":"https:\/\/www.gaidaphotos.com\/blog\/wp-json\/wp\/v2\/posts"}],"about":[{"href":"https:\/\/www.gaidaphotos.com\/blog\/wp-json\/wp\/v2\/types\/post"}],"author":[{"embeddable":true,"href":"https:\/\/www.gaidaphotos.com\/blog\/wp-json\/wp\/v2\/users\/6"}],"replies":[{"embeddable":true,"href":"https:\/\/www.gaidaphotos.com\/blog\/wp-json\/wp\/v2\/comments?post=3559"}],"version-history":[{"count":0,"href":"https:\/\/www.gaidaphotos.com\/blog\/wp-json\/wp\/v2\/posts\/3559\/revisions"}],"wp:featuredmedia":[{"embeddable":true,"href":"https:\/\/www.gaidaphotos.com\/blog\/wp-json\/wp\/v2\/media\/12335"}],"wp:attachment":[{"href":"https:\/\/www.gaidaphotos.com\/blog\/wp-json\/wp\/v2\/media?parent=3559"}],"wp:term":[{"taxonomy":"category","embeddable":true,"href":"https:\/\/www.gaidaphotos.com\/blog\/wp-json\/wp\/v2\/categories?post=3559"},{"taxonomy":"post_tag","embeddable":true,"href":"https:\/\/www.gaidaphotos.com\/blog\/wp-json\/wp\/v2\/tags?post=3559"}],"curies":[{"name":"wp","href":"https:\/\/api.w.org\/{rel}","templated":true}]}}