{"id":3584,"date":"2011-07-15T17:03:32","date_gmt":"2011-07-15T15:03:32","guid":{"rendered":"http:\/\/www.gaidaphotos.com\/blog\/?p=3584"},"modified":"2019-06-30T15:42:26","modified_gmt":"2019-06-30T13:42:26","slug":"foto-kurs-fotografieren-mit-der-spiegelreflex-kamera","status":"publish","type":"post","link":"https:\/\/www.gaidaphotos.com\/blog\/2011\/07\/15\/foto-kurs-fotografieren-mit-der-spiegelreflex-kamera\/","title":{"rendered":"Foto Kurs: Fotografieren mit der Spiegelreflex Kamera"},"content":{"rendered":"<h2>Foto Kurs: Fotografieren mit der Spiegelrelflex Kamera<\/h2>\n<p><figure style=\"width: 325px\" class=\"wp-caption alignleft\"> ngg_shortcode_0_placeholder<figcaption class=\"wp-caption-text\">Foto Kurs: Fotografieren mit der Spiegelrelflex Kamera<\/figcaption><\/figure><br \/>\n&#8222;<strong>Hilfe!<\/strong> Da sind SOOOO viele Kn\u00f6pfe und R\u00e4der an meiner Spiegelreflexkamera. Was machte ich damit? Wozu brauche ich das, Blende, Belichtungszeit, ISO und so?&#8220;<\/p>\n<p>In unserem kleinen Foto-Kurs, den wir von Zeit zu Zeit fortf\u00fchren, erkl\u00e4ren wir Ihnen wie eine Spiegelreflexkamera funktioniert, was es mit den Kn\u00f6pfen und R\u00e4dern auf sich hat und geben Ihnen Tips f\u00fcr sch\u00f6nere Fotos und Hinweise zu besonders schwierigen Motiven.<\/p>\n<h3> Foto Kurs Spiegelreflex fotografieren:<\/h3>\n<p>In diesem Beitrag erkl\u00e4ren wir Ihnen die Kn\u00f6pfe und R\u00e4der an Ihrer Spiegelreflexkamera und die Effekte, die Sie mit unterschiedlichen Einstellungen erzielen.<br \/>\nNun ist es unendlich aufwendig und teilweise teuer (weil man verschiedene Objektive verwenden sollte) mit einer Spiegelrelflexkamera nach und nach Beispielfotos zu erstellen. Viel einfacher und wesentlich umfangreicher ist der <a href=\"http:\/\/camerasim.com\/apps\/camera-simulator\/\" target=\"_blank\" rel=\"noopener noreferrer\">Spiegelreflex-Simulator<\/a>. Mit diesem Hilfsmittel k\u00f6nnen Sie n\u00e4mlich experimentieren, ohne das Sofa verlassen zu m\u00fcssen. Und Sie k\u00f6nnen gleich mehrere Parameter ver\u00e4ndern und das Ergebnis beurteilen.<\/p>\n<p>Wie erkl\u00e4ren Ihnen die Begriffe, die Wirkungsweise der Einstellungen und den englischen Spiegelreflex Simulator.<br \/>\nZiehen Sie die Regler mit der Maus, um die Einstellung zu ver\u00e4ndern. Sie sehen im Display, wie sich durch die Einstellung die anderen Werte \u00e4ndern. Wenn ein Wert aufleuchtet, haben Sie die niedrigste Einstellung erreicht und es besteht die Gefahr der Flaschbelichtung. Klicken Sie den gr\u00fcnen Knopf um das Foto zu machen und beurteilen Sie Ihr Ergebnis.<\/p>\n<h3> Foto Kurs Spiegelreflex fotografieren: Der Programmw\u00e4hlschalter<\/h3>\n<p>Mit dem gro\u00dfen, dicken Schalter oben auf Ihrer Spiegelreflexkamera w\u00e4hlen Sie das Programm (im Simulator &#8222;Mode&#8220; in der Mitte). M\u00f6gliche Einstellungen: &#8222;gr\u00fcnes Symbol&#8220;, P (f\u00fcr Halb-Automatik), AV, TV, M<\/p>\n<p>Das \u00fcblicherweise gr\u00fcne Programm &#8222;Vollautomatik&#8220; kennen Sie bereits.  Wir sparen uns die Erkl\u00e4rung. Das Programm fehlt ebenso wie die &#8222;Halb-Automatik&#8220;.<br \/>\nAV &#8211; Blendenautomatik &#8211; Aperture Priority: Sie geben die Blende vor und die Spiegelreflexkamera w\u00e4hlt die passende Belichtungszeit. Die Belichtungszeit blinkt, wenn der niedrigste\/h\u00f6chste Wert eingestellt ist.<br \/>\nTV &#8211; Zeitautomatik &#8211; Shutter Priority: Sie geben die Belichtungszeit vor und die Spiegelreflexkamera w\u00e4hlt die passende Blende. Der Blendewert blinkt, wenn der niedrigste\/h\u00f6chste Wert eingestellt ist.<br \/>\nM &#8211; Manuell &#8211; Manual: Achten Sie auf die Skala in der Mitte unter dem Bild. Wenn der untere Zeiger auf die Mittelposition zeigt ist das Bild richtig belichtet. Sie k\u00f6nnen die Abweichung an den Werten erkennen, die in 1\/3 Blendenstufen angegeben werden.<\/p>\n<h3> Foto Kurs Spiegelreflex fotografieren: Lichtverh\u00e4ltniss &#8211; Lighting<\/h3>\n<p>Mit dem Regler &#8222;Lighting&#8220; ver\u00e4ndern Sie die Lichtverh\u00e4ltnisse (ach ginge das auch im wirklichen Leben!) von &#8222;Dim Indoors&#8220; (dunkler Innenraum) bis &#8222;Sunny&#8220; (Sonnig).<br \/>\nIn der Fotografie gilt, dass man nicht genug Licht haben kann (Ausnahmen inbegriffen!).<br \/>\nJe dunkler es wird, desto mehr Licht m\u00fcssen Sie einfangen.<\/p>\n<ul>\n<li>W\u00e4hlen Sie eine niedrigere Blende (Blendenautomatik)<\/li>\n<li>W\u00e4hlen Sie eine l\u00e4ngere Belichtungszeit (Zeitautomatik)<\/li>\n<li>Erh\u00f6hen Sie den ISO-Wert<\/li>\n<\/ul>\n<h3> Foto Kurs Spiegelreflex fotografieren: ISO<\/h3>\n<p><figure style=\"width: 300px\" class=\"wp-caption alignright\"> ngg_shortcode_1_placeholder<figcaption class=\"wp-caption-text\">Foto Kurs: Fotografieren mit der Spiegelrelflex Kamera<\/figcaption><\/figure>Der ISO-Wert bestimmt die &#8222;Lichtempfindlichkeit&#8220;, die Menge des verf\u00fcgbaren Lichts f\u00fcr die Aufnahme. Gut und sch\u00f6n, mehr ist besser, also warum nicht immer volle Kanne ISO Werte? Weil die ISO Werte die Bildqualit\u00e4t beeinflu\u00dfen. Je h\u00f6her der ISO Wert, desto h\u00f6her das Bildrauschen.<br \/>\nIm Bild rechts erkennen Sie die feinen falschfarbenen Bildpunkte, die das Bild unscharf und verschwommen wirken lassen.<br \/>\nBildrauschen ist eine vom Bildsensor verursachte Signalst\u00f6rung, die bei hoher Lichtempfindlichkeit (ISO) erkennbar wird. Der Umfang der Bildst\u00f6rung wird verursacht durch:<\/p>\n<ul>\n<li>Megapixel: je h\u00f6her desto h\u00f6her das Bildrauschen<\/li>\n<li>Sensorqualit\u00e4t: CMOS ist besser als CCD<\/li>\n<li>Sensorgr\u00f6\u00dfe: Gro\u00dfer Sensor = gro\u00dfe Pixel = geringeres Rauschen<\/li>\n<li>Ger\u00e4tetemperatur: Je w\u00e4rmer die Kamera desto h\u00f6her das Rauschen. Daher gilt besondere Vorsicht beim Video-Filmen, da hier die Kamera besonders hei\u00df wird.<\/li>\n<\/ul>\n<p>Im Spiegelreflexkamera-Simulator ist das Bildrauschen besonders deutlich zu erkennen. Vor allem hochwertige Spiegelreflexkameras bieten eine deutlich bessere Qualit\u00e4t.<\/p>\n<h3> Foto Kurs Spiegelreflex fotografieren: Blendenautomatik &#8211; Aperture Priority und Aperture<\/h3>\n<p><figure style=\"width: 225px\" class=\"wp-caption alignleft\"> ngg_shortcode_2_placeholder<figcaption class=\"wp-caption-text\">Foto Kurs: Fotografieren mit der Spiegelrelflex Kamera<\/figcaption><\/figure>Wenn Sie die Blendenautomatik und eine Blende einstellen wird Ihre Spiegelfreflexkamera die gew\u00fcnschte Belichtungszeit einstellen.<br \/>\nWarum dann nicht immer mit der niedrigsten Blende (kleinster Blendenwert, gr\u00f6\u00dfte \u00d6ffnung) fotografieren und viel Licht einfangen?<br \/>\nMit der Blenden\u00f6ffnung w\u00e4hlen Sie nicht nur wie weit der Durchla\u00df Ihres Objektives ge\u00f6ffnet wird, Sie legen auch fest welcher Bereich Ihres Fotos scharf aufgenommen wird (Sch\u00e4rfentiefe).<br \/>\nJe weiter die Blende ge\u00f6ffnet wird (kleinster Blendenwert) desto k\u00fcrzer ist der Bereich, der im Bild scharf gestellt wird. Mit einer kleinen Blende erreichen Sie einen unscharfen Hintergrund, vor dem das scharfgestellte Objekt besonders betont wird.<br \/>\nUmgekehrt erreicht man mit einer kleinen Blende (gro\u00dfer Blendenwert) eine wesentlich gr\u00f6\u00dfere Sch\u00e4rfentiefe, wie sie z.B. bei Lanschaftsaufnahmen oft gew\u00fcnscht wird. So ist der gesamte Bildbereich im Idealfall scharf.<\/p>\n<p>Allerdings bestimmen weitere Elemente den Umfang der Sch\u00e4rfentiefe:<\/p>\n<ul>\n<li>Brennweite (Makro):<br \/>\nJe l\u00e4nger die Brennweite, desto k\u00fcrzer der Bereich der Sch\u00e4rfentiefe. Mit einem gro\u00dfen Teleobjektiv oder im Makrobereich verk\u00fcrzen Sie die Sch\u00e4rfentiefe deutlich.<\/li>\n<li>Sensorgr\u00f6\u00dfe<br \/>\nJe gr\u00f6\u00dfer der Senso desto kleiner der Bereich der Sch\u00e4rfentiefe. Damit nimmt der Bereich der Sch\u00e4rfentiefe von Kompaktkameras (Sensorgr\u00f6\u00dfe 1\/1,21&#8243; oder 1\/1,17&#8243;) \u00fcber APS-C Spiegelreflexkameras (Sensorgr\u00f6\u00dfe ca. 18x24mm) bis hin zu Vollformat Spiegelreflexkameras (Sensorgr\u00f6\u00dfe 24x36mm) deutlich zu.<\/li>\n<li>Entfernung<br \/>\nAuch die Entfernung zwischen Kamera und Objekt bestimmt die Sch\u00e4rfentiefe. Je n\u00e4her Sie dem Objekt sind, desto geringer der Umfang der Sch\u00e4rfentiefe. Im &#8222;Unendlichen&#8220; ist alles scharf eingestellt.<\/li>\n<\/ul>\n<p>Bitte beachten Sie, dass die meisten Objektive bei Einsatz des kleinsten Blendenwertes keine optimale Bildqualit\u00e4t bieten. So finden Sie Verzeichnungen im Randbereich ebenso wie Vignettierungen (dunkle Abschattung am Bildrand). Diese Fehler k\u00f6nnen durch &#8222;Abblenden&#8220; (Erh\u00f6hen des Blendenwertes) meist ausgeglichen werden.<br \/>\nUnd auch in den hohen Blendenwerten schleichen sich meist Bildfehler ein.<\/p>\n<h3> Foto Kurs Spiegelreflex fotografieren: Belichtungszeit &#8211; Shutter priority, Shutter Speed<\/h3>\n<p><figure style=\"width: 325px\" class=\"wp-caption alignleft\"> ngg_shortcode_3_placeholder<figcaption class=\"wp-caption-text\">Foto Kurs: Fotografieren mit der Spiegelrelflex Kamera<\/figcaption><\/figure>Die Belichtungszeit gleicht \u00c4nderungen in ISO-Wert oder Blendenwert aus, um ein perfekte belichtetes Foto zu erzielenm. Bei der Belichtung gilt zu beachten:<\/p>\n<ul>\n<li>Sehr lange Belichtungszeit: unter 1\/10 sec<br \/>\nAuch mit einem stabilisierten Objektiv lufen Sie Gefahr das Bild zu verwackeln. Benutzen Sie Blitz oder Stativ oder legen Sie die Kamera zumindest auf. Wenn Sie bei der Spiegelreflexkamera den Sucher benutzen stabilisieren Sie die Kamera an Kopf und K\u00f6rper. Wenn Sie die Kamera wie eine Kompaktkamera vor sich halten wackeln Sie deutlich mehr.<\/li>\n<li>Lange Belichtungszeit: unter 1\/15 sec<br \/>\nDie eingefangenen Bewegungen k\u00f6nnen wie im Beispielfoto unscharf wirken.<br \/>\nFotografieren Sie flie\u00dfendes Wasser mit einer Belichtungszeit unter 1\/15 sec, um den Eindruck des &#8222;Flie\u00dfens&#8220; hervorzuheben.<\/li>\n<li>Belichtungszeit ab ca. 1\/125 sec<br \/>\nDamit werden auch die meisten sich schnell bewegenden Objekte (insbesonders Kinder, Tiere und Sport) scharf aufgenommen.<\/li>\n<\/ul>\n<p>Den Einflu\u00df der Belichtungszeit erkennen Sie im Kamera Simulator besonders gut am Windrad, dass erst bei deutlich h\u00f6heren Belichtungszeiten komplett scharf fotografiert wird.<\/p>\n<h3> Foto Kurs Spiegelreflex fotografieren: Entfernung zum Objekt &#8211; Distance<\/h3>\n<p>Durch die Entfernung zum Objekt ver\u00e4ndern Sie zum einen den Blickwinkel, je weiter Sie entfernt sind, desto mehr fotografieren Sie.<br \/>\nMit der Entfernung zum Objekt wird der Bereich der Sch\u00e4rfentiefe gr\u00f6\u00dfer, mehr Bildinhalt wird scharf dargestellt.<\/p>\n<p>Einen \u00e4hnlichen Effekt erreichen Sie durch eine \u00c4nderung der Brennweite Ihres Objektiv.<\/p>\n<h3> Foto Kurs Spiegelreflex fotografieren: Brennweite &#8211; Focal Length<\/h3>\n<p>Die Brennweite von Objektiven wird in mm angegeben und berechnet auf einen Kleinbildfim (entsprich Vollformatsensor mit 24x36mm).<\/p>\n<ul>\n<li>unter ca. 45mm: Weitwinkel:<br \/>\nSie bekommen &#8222;mehr&#8220; auf Ihr Bild.<\/li>\n<li>45-60mm: Normalobjektiv<br \/>\nDer Bildauschnitt entspricht in etwa dem des menschlichen Auge.<\/li>\n<li>\u00fcber 65mm: Teleobjektiv<br \/>\nDer Bildausschnitt wird wie bei einem Fernglas deutlich vergr\u00f6\u00dfert.<\/li>\n<\/ul>\n<p>Je l\u00e4nger die Brennweite desto k\u00fcrzer die Sch\u00e4rfentiefe.<br \/>\nMit einem Objektiv- oder Brennweitenwechsel (beim Zoomobjektiv) ver\u00e4ndern Sie den Bildinhalt genauso wie durch eine \u00c4nderung der Entfernung.<br \/>\nZoomobjektive r\u00fccken dabei den Bildinhalt st\u00e4rker zusammen, es entsteht ein Eindruck der r\u00e4umlichen N\u00e4he. Umgekehrt wirkt die Entfernung der Bildinhalte bei einem Weitwinkelobjektiv vergr\u00f6\u00dfert.<\/p>\n<h3> Foto Kurs Spiegelreflex fotografieren: Brennweitenverl\u00e4ngerung<\/h3>\n<p>Die Gr\u00f6\u00dfe des Bildsensor bei Spiegelreflex- und Kompaktkameras bestimmt auch die sogenannte &#8222;Brennweitenverl\u00e4ngerung&#8220;. Ein Sensor der kleiner ist als das 24&#215;36 mm Kleibildformat (Vollformat) hat einen kleineren Bildauschnitt. Das f\u00fchrt dazu, dass Sie &#8222;weniger&#8220; im Bild sehen, so als ob Sie ein Objektiv mit einer gr\u00f6\u00dferen Brennweite verwenden.<br \/>\nDaher m\u00fcssen Sie bei APS-C und Micro-Four-Thirds Kameras die Brennweite mit einem Faktor &#8222;verl\u00e4ngern&#8220;, um den Bildauschnitt mit dem einer analogen Spiegelreflexkamera zu vergleichen.<\/p>\n<table>\n<tbody>\n<tr>\n<td>Brennweite<\/td>\n<td>APS-C Canon 1,6x<\/td>\n<td>APS-C Nikon 1,5x<\/td>\n<td>Micro-Four Thirds 2,0x<\/td>\n<\/tr>\n<tr>\n<td>18 mm<\/td>\n<td>29 mm<\/td>\n<td>27 mm<\/td>\n<td>36 mm<\/td>\n<\/tr>\n<tr>\n<td>50 mm<\/td>\n<td>80 mm<\/td>\n<td>75 mm<\/td>\n<td>100 mm<\/td>\n<\/tr>\n<tr>\n<td>100mm<\/td>\n<td>160 mm<\/td>\n<td>150 mm<\/td>\n<td>200 mm<\/td>\n<\/tr>\n<\/tbody>\n<\/table>\n<p>Probieren Sie die verschiedenen Einstellungen am <a href=\"http:\/\/camerasim.com\/apps\/camera-simulator\/\" target=\"_blank\" rel=\"noopener noreferrer\">Spiegelreflex-Simulator<\/a> aus, um die beschriebenen Auswirkungen zu erkennen.<\/p>\n<h3> Foto Kurs Spiegelreflex fotografieren: Halb-Automatik<\/h3>\n<p>Noch ein Wort zur Halb-Automatik (am Hauptw\u00e4hlrad Ihrer Spiegelreflexkamera die Einstellung &#8222;P&#8220;), die im Spiegelreflexsimulator nicht vorhanden ist.<br \/>\nBei der Halb-Automatik k\u00f6nnen Sie \u00fcber das W\u00e4hlrad Ihrer Spiegelrelfexkamera die Blende ausw\u00e4hlen. Ihre Kamera passt dann zuerst die Belichtungszeit an. Wenn das nicht reicht um ein Verwackeln zu verhindern wird au\u00dferdem der ISO Wert angepa\u00dft.<br \/>\nSo haben Sie zwar nur einen Teil Kontrolle \u00fcber die Einstellungen aber Sie verhindern falsch belichtete Fotos.<\/p>\n<table>\n<tbody>\n<tr>\n<td align=\"center\"><\/td>\n<\/tr>\n<\/tbody>\n<\/table>\n<p>Bild oben:<br \/>\nKurz vor Sonnenuntergang in Pismo Beach, CA. Die Sonne schafft es kaum durch den dicken Nebel vor der K\u00fcste Kaliforniens.<br \/>\nCanon 5D Mark II &#8211; 50mm 1,8f &#8211; ISO 100, f\/13 1\/160s mit Polfilter und Aufsteckblitz<\/p>\n","protected":false},"excerpt":{"rendered":"<p>Foto Kurs: Fotografieren mit der Spiegelrelflex Kamera &#8222;Hilfe! Da sind SOOOO viele Kn\u00f6pfe und R\u00e4der an meiner Spiegelreflexkamera. Was machte<\/p>\n","protected":false},"author":6,"featured_media":12357,"comment_status":"open","ping_status":"open","sticky":false,"template":"","format":"standard","meta":{"_crdt_document":"","ngg_post_thumbnail":0,"jetpack_post_was_ever_published":false,"_jetpack_newsletter_access":"","_jetpack_dont_email_post_to_subs":false,"_jetpack_newsletter_tier_id":0,"_jetpack_memberships_contains_paywalled_content":false,"_jetpack_memberships_contains_paid_content":false,"footnotes":"","jetpack_publicize_message":"","jetpack_publicize_feature_enabled":true,"jetpack_social_post_already_shared":false,"jetpack_social_options":{"image_generator_settings":{"template":"highway","default_image_id":0,"font":"","enabled":false},"version":2}},"categories":[282],"tags":[285,557,307,86],"class_list":["post-3584","post","type-post","status-publish","format-standard","has-post-thumbnail","hentry","category-foto-kurs-fotografieren","tag-d-slr","tag-foto-kurs","tag-foto-tips","tag-fotografie"],"yoast_head":"<!-- This site is optimized with the Yoast SEO plugin v27.5 - https:\/\/yoast.com\/product\/yoast-seo-wordpress\/ -->\n<title>Foto Kurs: Fotografieren mit der Spiegelrelflex Kamera<\/title>\n<meta name=\"description\" content=\"Foto Kurs: Spiegelrelflex Kamera fotografieren verst\u00e4ndlich gemacht mit dem SLR Simulator\" \/>\n<meta name=\"robots\" content=\"index, follow, max-snippet:-1, max-image-preview:large, max-video-preview:-1\" \/>\n<link rel=\"canonical\" href=\"https:\/\/www.gaidaphotos.com\/blog\/2011\/07\/15\/foto-kurs-fotografieren-mit-der-spiegelreflex-kamera\/\" \/>\n<meta property=\"og:locale\" content=\"de_DE\" \/>\n<meta property=\"og:type\" content=\"article\" \/>\n<meta property=\"og:title\" content=\"Foto Kurs: Fotografieren mit der Spiegelrelflex Kamera\" \/>\n<meta property=\"og:description\" content=\"Foto Kurs: Spiegelrelflex Kamera fotografieren verst\u00e4ndlich gemacht mit dem SLR Simulator\" \/>\n<meta property=\"og:url\" content=\"https:\/\/www.gaidaphotos.com\/blog\/2011\/07\/15\/foto-kurs-fotografieren-mit-der-spiegelreflex-kamera\/\" \/>\n<meta property=\"og:site_name\" content=\"K\u00f6ln Rodenkirchen und die Welt\" \/>\n<meta property=\"article:publisher\" content=\"https:\/\/www.facebook.com\/Koeln.Rodenkirchen\" \/>\n<meta property=\"article:author\" content=\"https:\/\/www.facebook.com\/gaidaphotos\" \/>\n<meta property=\"article:published_time\" content=\"2011-07-15T15:03:32+00:00\" \/>\n<meta property=\"article:modified_time\" content=\"2019-06-30T13:42:26+00:00\" \/>\n<meta property=\"og:image\" content=\"https:\/\/www.gaidaphotos.com\/blog\/wp-content\/uploads\/2020\/08\/nggallery_import\/70_\" \/>\n\t<meta property=\"og:image:width\" content=\"1200\" \/>\n\t<meta property=\"og:image:height\" content=\"800\" \/>\n\t<meta property=\"og:image:type\" content=\"image\/jpeg\" \/>\n<meta name=\"author\" content=\"Thomas\" \/>\n<meta name=\"twitter:card\" content=\"summary_large_image\" \/>\n<meta name=\"twitter:creator\" content=\"@gaidaphotos\" \/>\n<meta name=\"twitter:site\" content=\"@gaidaphotos\" \/>\n<meta name=\"twitter:label1\" content=\"Verfasst von\" \/>\n\t<meta name=\"twitter:data1\" content=\"Thomas\" \/>\n\t<meta name=\"twitter:label2\" content=\"Gesch\u00e4tzte Lesezeit\" \/>\n\t<meta name=\"twitter:data2\" content=\"8\u00a0Minuten\" \/>\n<script type=\"application\/ld+json\" class=\"yoast-schema-graph\">{\"@context\":\"https:\\\/\\\/schema.org\",\"@graph\":[{\"@type\":\"Article\",\"@id\":\"https:\\\/\\\/www.gaidaphotos.com\\\/blog\\\/2011\\\/07\\\/15\\\/foto-kurs-fotografieren-mit-der-spiegelreflex-kamera\\\/#article\",\"isPartOf\":{\"@id\":\"https:\\\/\\\/www.gaidaphotos.com\\\/blog\\\/2011\\\/07\\\/15\\\/foto-kurs-fotografieren-mit-der-spiegelreflex-kamera\\\/\"},\"author\":{\"name\":\"Thomas\",\"@id\":\"https:\\\/\\\/www.gaidaphotos.com\\\/blog\\\/#\\\/schema\\\/person\\\/6c444a5b13ffc503c5c32f5a9ec68b21\"},\"headline\":\"Foto Kurs: Fotografieren mit der Spiegelreflex Kamera\",\"datePublished\":\"2011-07-15T15:03:32+00:00\",\"dateModified\":\"2019-06-30T13:42:26+00:00\",\"mainEntityOfPage\":{\"@id\":\"https:\\\/\\\/www.gaidaphotos.com\\\/blog\\\/2011\\\/07\\\/15\\\/foto-kurs-fotografieren-mit-der-spiegelreflex-kamera\\\/\"},\"wordCount\":1638,\"commentCount\":1,\"publisher\":{\"@id\":\"https:\\\/\\\/www.gaidaphotos.com\\\/blog\\\/#organization\"},\"image\":{\"@id\":\"https:\\\/\\\/www.gaidaphotos.com\\\/blog\\\/2011\\\/07\\\/15\\\/foto-kurs-fotografieren-mit-der-spiegelreflex-kamera\\\/#primaryimage\"},\"thumbnailUrl\":\"https:\\\/\\\/www.gaidaphotos.com\\\/blog\\\/wp-content\\\/uploads\\\/2020\\\/08\\\/nggallery_import\\\/70_\",\"keywords\":[\"D-SLR\",\"Foto-Kurs\",\"Foto-Tips\",\"Fotografie\"],\"articleSection\":[\"Foto-Kurs : Fotografieren\"],\"inLanguage\":\"de\",\"potentialAction\":[{\"@type\":\"CommentAction\",\"name\":\"Comment\",\"target\":[\"https:\\\/\\\/www.gaidaphotos.com\\\/blog\\\/2011\\\/07\\\/15\\\/foto-kurs-fotografieren-mit-der-spiegelreflex-kamera\\\/#respond\"]}]},{\"@type\":\"WebPage\",\"@id\":\"https:\\\/\\\/www.gaidaphotos.com\\\/blog\\\/2011\\\/07\\\/15\\\/foto-kurs-fotografieren-mit-der-spiegelreflex-kamera\\\/\",\"url\":\"https:\\\/\\\/www.gaidaphotos.com\\\/blog\\\/2011\\\/07\\\/15\\\/foto-kurs-fotografieren-mit-der-spiegelreflex-kamera\\\/\",\"name\":\"Foto Kurs: Fotografieren mit der Spiegelrelflex Kamera\",\"isPartOf\":{\"@id\":\"https:\\\/\\\/www.gaidaphotos.com\\\/blog\\\/#website\"},\"primaryImageOfPage\":{\"@id\":\"https:\\\/\\\/www.gaidaphotos.com\\\/blog\\\/2011\\\/07\\\/15\\\/foto-kurs-fotografieren-mit-der-spiegelreflex-kamera\\\/#primaryimage\"},\"image\":{\"@id\":\"https:\\\/\\\/www.gaidaphotos.com\\\/blog\\\/2011\\\/07\\\/15\\\/foto-kurs-fotografieren-mit-der-spiegelreflex-kamera\\\/#primaryimage\"},\"thumbnailUrl\":\"https:\\\/\\\/www.gaidaphotos.com\\\/blog\\\/wp-content\\\/uploads\\\/2020\\\/08\\\/nggallery_import\\\/70_\",\"datePublished\":\"2011-07-15T15:03:32+00:00\",\"dateModified\":\"2019-06-30T13:42:26+00:00\",\"description\":\"Foto Kurs: Spiegelrelflex Kamera fotografieren verst\u00e4ndlich gemacht mit dem SLR Simulator\",\"breadcrumb\":{\"@id\":\"https:\\\/\\\/www.gaidaphotos.com\\\/blog\\\/2011\\\/07\\\/15\\\/foto-kurs-fotografieren-mit-der-spiegelreflex-kamera\\\/#breadcrumb\"},\"inLanguage\":\"de\",\"potentialAction\":[{\"@type\":\"ReadAction\",\"target\":[\"https:\\\/\\\/www.gaidaphotos.com\\\/blog\\\/2011\\\/07\\\/15\\\/foto-kurs-fotografieren-mit-der-spiegelreflex-kamera\\\/\"]}]},{\"@type\":\"ImageObject\",\"inLanguage\":\"de\",\"@id\":\"https:\\\/\\\/www.gaidaphotos.com\\\/blog\\\/2011\\\/07\\\/15\\\/foto-kurs-fotografieren-mit-der-spiegelreflex-kamera\\\/#primaryimage\",\"url\":\"https:\\\/\\\/www.gaidaphotos.com\\\/blog\\\/wp-content\\\/uploads\\\/2020\\\/08\\\/nggallery_import\\\/70_\",\"contentUrl\":\"https:\\\/\\\/www.gaidaphotos.com\\\/blog\\\/wp-content\\\/uploads\\\/2020\\\/08\\\/nggallery_import\\\/70_\",\"width\":1200,\"height\":800},{\"@type\":\"BreadcrumbList\",\"@id\":\"https:\\\/\\\/www.gaidaphotos.com\\\/blog\\\/2011\\\/07\\\/15\\\/foto-kurs-fotografieren-mit-der-spiegelreflex-kamera\\\/#breadcrumb\",\"itemListElement\":[{\"@type\":\"ListItem\",\"position\":1,\"name\":\"Startseite\",\"item\":\"https:\\\/\\\/www.gaidaphotos.com\\\/blog\\\/\"},{\"@type\":\"ListItem\",\"position\":2,\"name\":\"Foto Kurs: Fotografieren mit der Spiegelreflex Kamera\"}]},{\"@type\":\"WebSite\",\"@id\":\"https:\\\/\\\/www.gaidaphotos.com\\\/blog\\\/#website\",\"url\":\"https:\\\/\\\/www.gaidaphotos.com\\\/blog\\\/\",\"name\":\"K\u00f6ln Rodenkirchen und die Welt\",\"description\":\"Einkaufen, Restaurants, Freizeit, Nachrichten und was uns sonst bewegt und begegnet\",\"publisher\":{\"@id\":\"https:\\\/\\\/www.gaidaphotos.com\\\/blog\\\/#organization\"},\"potentialAction\":[{\"@type\":\"SearchAction\",\"target\":{\"@type\":\"EntryPoint\",\"urlTemplate\":\"https:\\\/\\\/www.gaidaphotos.com\\\/blog\\\/?s={search_term_string}\"},\"query-input\":{\"@type\":\"PropertyValueSpecification\",\"valueRequired\":true,\"valueName\":\"search_term_string\"}}],\"inLanguage\":\"de\"},{\"@type\":\"Organization\",\"@id\":\"https:\\\/\\\/www.gaidaphotos.com\\\/blog\\\/#organization\",\"name\":\"gaidaphotos\",\"url\":\"https:\\\/\\\/www.gaidaphotos.com\\\/blog\\\/\",\"logo\":{\"@type\":\"ImageObject\",\"inLanguage\":\"de\",\"@id\":\"https:\\\/\\\/www.gaidaphotos.com\\\/blog\\\/#\\\/schema\\\/logo\\\/image\\\/\",\"url\":\"https:\\\/\\\/i0.wp.com\\\/www.gaidaphotos.com\\\/blog\\\/wp-content\\\/uploads\\\/2020\\\/07\\\/GAIDAPHOTOS-COM.jpg?fit=160%2C96&ssl=1\",\"contentUrl\":\"https:\\\/\\\/i0.wp.com\\\/www.gaidaphotos.com\\\/blog\\\/wp-content\\\/uploads\\\/2020\\\/07\\\/GAIDAPHOTOS-COM.jpg?fit=160%2C96&ssl=1\",\"width\":160,\"height\":96,\"caption\":\"gaidaphotos\"},\"image\":{\"@id\":\"https:\\\/\\\/www.gaidaphotos.com\\\/blog\\\/#\\\/schema\\\/logo\\\/image\\\/\"},\"sameAs\":[\"https:\\\/\\\/www.facebook.com\\\/Koeln.Rodenkirchen\",\"https:\\\/\\\/x.com\\\/gaidaphotos\",\"https:\\\/\\\/instagram.com\\\/gaidaphotos\\\/\",\"https:\\\/\\\/de.linkedin.com\\\/in\\\/gaidaphotos\",\"https:\\\/\\\/myspace.com\\\/gaidaphotos\",\"https:\\\/\\\/www.pinterest.com\\\/gaidaphotos\\\/\",\"https:\\\/\\\/www.youtube.com\\\/user\\\/gaidaphotos\"]},{\"@type\":\"Person\",\"@id\":\"https:\\\/\\\/www.gaidaphotos.com\\\/blog\\\/#\\\/schema\\\/person\\\/6c444a5b13ffc503c5c32f5a9ec68b21\",\"name\":\"Thomas\",\"sameAs\":[\"https:\\\/\\\/www.gaidaphotos.com\",\"https:\\\/\\\/www.facebook.com\\\/gaidaphotos\",\"https:\\\/\\\/instagram.com\\\/gaidaphotos\\\/\",\"https:\\\/\\\/www.linkedin.com\\\/in\\\/gaidaphotos\",\"http:\\\/\\\/www.pinterest.com\\\/gaidaphotos\\\/\",\"https:\\\/\\\/x.com\\\/gaidaphotos\",\"https:\\\/\\\/myspace.com\\\/gaidaphotos\",\"https:\\\/\\\/www.youtube.com\\\/user\\\/gaidaphotos\",\"https:\\\/\\\/gaidaphotos.tumblr.com\\\/\"]}]}<\/script>\n<!-- \/ Yoast SEO plugin. -->","yoast_head_json":{"title":"Foto Kurs: Fotografieren mit der Spiegelrelflex Kamera","description":"Foto Kurs: Spiegelrelflex Kamera fotografieren verst\u00e4ndlich gemacht mit dem SLR Simulator","robots":{"index":"index","follow":"follow","max-snippet":"max-snippet:-1","max-image-preview":"max-image-preview:large","max-video-preview":"max-video-preview:-1"},"canonical":"https:\/\/www.gaidaphotos.com\/blog\/2011\/07\/15\/foto-kurs-fotografieren-mit-der-spiegelreflex-kamera\/","og_locale":"de_DE","og_type":"article","og_title":"Foto Kurs: Fotografieren mit der Spiegelrelflex Kamera","og_description":"Foto Kurs: Spiegelrelflex Kamera fotografieren verst\u00e4ndlich gemacht mit dem SLR Simulator","og_url":"https:\/\/www.gaidaphotos.com\/blog\/2011\/07\/15\/foto-kurs-fotografieren-mit-der-spiegelreflex-kamera\/","og_site_name":"K\u00f6ln Rodenkirchen und die Welt","article_publisher":"https:\/\/www.facebook.com\/Koeln.Rodenkirchen","article_author":"https:\/\/www.facebook.com\/gaidaphotos","article_published_time":"2011-07-15T15:03:32+00:00","article_modified_time":"2019-06-30T13:42:26+00:00","og_image":[{"width":1200,"height":800,"url":"https:\/\/www.gaidaphotos.com\/blog\/wp-content\/uploads\/2020\/08\/nggallery_import\/70_","type":"image\/jpeg"}],"author":"Thomas","twitter_card":"summary_large_image","twitter_creator":"@gaidaphotos","twitter_site":"@gaidaphotos","twitter_misc":{"Verfasst von":"Thomas","Gesch\u00e4tzte Lesezeit":"8\u00a0Minuten"},"schema":{"@context":"https:\/\/schema.org","@graph":[{"@type":"Article","@id":"https:\/\/www.gaidaphotos.com\/blog\/2011\/07\/15\/foto-kurs-fotografieren-mit-der-spiegelreflex-kamera\/#article","isPartOf":{"@id":"https:\/\/www.gaidaphotos.com\/blog\/2011\/07\/15\/foto-kurs-fotografieren-mit-der-spiegelreflex-kamera\/"},"author":{"name":"Thomas","@id":"https:\/\/www.gaidaphotos.com\/blog\/#\/schema\/person\/6c444a5b13ffc503c5c32f5a9ec68b21"},"headline":"Foto Kurs: Fotografieren mit der Spiegelreflex Kamera","datePublished":"2011-07-15T15:03:32+00:00","dateModified":"2019-06-30T13:42:26+00:00","mainEntityOfPage":{"@id":"https:\/\/www.gaidaphotos.com\/blog\/2011\/07\/15\/foto-kurs-fotografieren-mit-der-spiegelreflex-kamera\/"},"wordCount":1638,"commentCount":1,"publisher":{"@id":"https:\/\/www.gaidaphotos.com\/blog\/#organization"},"image":{"@id":"https:\/\/www.gaidaphotos.com\/blog\/2011\/07\/15\/foto-kurs-fotografieren-mit-der-spiegelreflex-kamera\/#primaryimage"},"thumbnailUrl":"https:\/\/www.gaidaphotos.com\/blog\/wp-content\/uploads\/2020\/08\/nggallery_import\/70_","keywords":["D-SLR","Foto-Kurs","Foto-Tips","Fotografie"],"articleSection":["Foto-Kurs : Fotografieren"],"inLanguage":"de","potentialAction":[{"@type":"CommentAction","name":"Comment","target":["https:\/\/www.gaidaphotos.com\/blog\/2011\/07\/15\/foto-kurs-fotografieren-mit-der-spiegelreflex-kamera\/#respond"]}]},{"@type":"WebPage","@id":"https:\/\/www.gaidaphotos.com\/blog\/2011\/07\/15\/foto-kurs-fotografieren-mit-der-spiegelreflex-kamera\/","url":"https:\/\/www.gaidaphotos.com\/blog\/2011\/07\/15\/foto-kurs-fotografieren-mit-der-spiegelreflex-kamera\/","name":"Foto Kurs: Fotografieren mit der Spiegelrelflex Kamera","isPartOf":{"@id":"https:\/\/www.gaidaphotos.com\/blog\/#website"},"primaryImageOfPage":{"@id":"https:\/\/www.gaidaphotos.com\/blog\/2011\/07\/15\/foto-kurs-fotografieren-mit-der-spiegelreflex-kamera\/#primaryimage"},"image":{"@id":"https:\/\/www.gaidaphotos.com\/blog\/2011\/07\/15\/foto-kurs-fotografieren-mit-der-spiegelreflex-kamera\/#primaryimage"},"thumbnailUrl":"https:\/\/www.gaidaphotos.com\/blog\/wp-content\/uploads\/2020\/08\/nggallery_import\/70_","datePublished":"2011-07-15T15:03:32+00:00","dateModified":"2019-06-30T13:42:26+00:00","description":"Foto Kurs: Spiegelrelflex Kamera fotografieren verst\u00e4ndlich gemacht mit dem SLR Simulator","breadcrumb":{"@id":"https:\/\/www.gaidaphotos.com\/blog\/2011\/07\/15\/foto-kurs-fotografieren-mit-der-spiegelreflex-kamera\/#breadcrumb"},"inLanguage":"de","potentialAction":[{"@type":"ReadAction","target":["https:\/\/www.gaidaphotos.com\/blog\/2011\/07\/15\/foto-kurs-fotografieren-mit-der-spiegelreflex-kamera\/"]}]},{"@type":"ImageObject","inLanguage":"de","@id":"https:\/\/www.gaidaphotos.com\/blog\/2011\/07\/15\/foto-kurs-fotografieren-mit-der-spiegelreflex-kamera\/#primaryimage","url":"https:\/\/www.gaidaphotos.com\/blog\/wp-content\/uploads\/2020\/08\/nggallery_import\/70_","contentUrl":"https:\/\/www.gaidaphotos.com\/blog\/wp-content\/uploads\/2020\/08\/nggallery_import\/70_","width":1200,"height":800},{"@type":"BreadcrumbList","@id":"https:\/\/www.gaidaphotos.com\/blog\/2011\/07\/15\/foto-kurs-fotografieren-mit-der-spiegelreflex-kamera\/#breadcrumb","itemListElement":[{"@type":"ListItem","position":1,"name":"Startseite","item":"https:\/\/www.gaidaphotos.com\/blog\/"},{"@type":"ListItem","position":2,"name":"Foto Kurs: Fotografieren mit der Spiegelreflex Kamera"}]},{"@type":"WebSite","@id":"https:\/\/www.gaidaphotos.com\/blog\/#website","url":"https:\/\/www.gaidaphotos.com\/blog\/","name":"K\u00f6ln Rodenkirchen und die Welt","description":"Einkaufen, Restaurants, Freizeit, Nachrichten und was uns sonst bewegt und begegnet","publisher":{"@id":"https:\/\/www.gaidaphotos.com\/blog\/#organization"},"potentialAction":[{"@type":"SearchAction","target":{"@type":"EntryPoint","urlTemplate":"https:\/\/www.gaidaphotos.com\/blog\/?s={search_term_string}"},"query-input":{"@type":"PropertyValueSpecification","valueRequired":true,"valueName":"search_term_string"}}],"inLanguage":"de"},{"@type":"Organization","@id":"https:\/\/www.gaidaphotos.com\/blog\/#organization","name":"gaidaphotos","url":"https:\/\/www.gaidaphotos.com\/blog\/","logo":{"@type":"ImageObject","inLanguage":"de","@id":"https:\/\/www.gaidaphotos.com\/blog\/#\/schema\/logo\/image\/","url":"https:\/\/i0.wp.com\/www.gaidaphotos.com\/blog\/wp-content\/uploads\/2020\/07\/GAIDAPHOTOS-COM.jpg?fit=160%2C96&ssl=1","contentUrl":"https:\/\/i0.wp.com\/www.gaidaphotos.com\/blog\/wp-content\/uploads\/2020\/07\/GAIDAPHOTOS-COM.jpg?fit=160%2C96&ssl=1","width":160,"height":96,"caption":"gaidaphotos"},"image":{"@id":"https:\/\/www.gaidaphotos.com\/blog\/#\/schema\/logo\/image\/"},"sameAs":["https:\/\/www.facebook.com\/Koeln.Rodenkirchen","https:\/\/x.com\/gaidaphotos","https:\/\/instagram.com\/gaidaphotos\/","https:\/\/de.linkedin.com\/in\/gaidaphotos","https:\/\/myspace.com\/gaidaphotos","https:\/\/www.pinterest.com\/gaidaphotos\/","https:\/\/www.youtube.com\/user\/gaidaphotos"]},{"@type":"Person","@id":"https:\/\/www.gaidaphotos.com\/blog\/#\/schema\/person\/6c444a5b13ffc503c5c32f5a9ec68b21","name":"Thomas","sameAs":["https:\/\/www.gaidaphotos.com","https:\/\/www.facebook.com\/gaidaphotos","https:\/\/instagram.com\/gaidaphotos\/","https:\/\/www.linkedin.com\/in\/gaidaphotos","http:\/\/www.pinterest.com\/gaidaphotos\/","https:\/\/x.com\/gaidaphotos","https:\/\/myspace.com\/gaidaphotos","https:\/\/www.youtube.com\/user\/gaidaphotos","https:\/\/gaidaphotos.tumblr.com\/"]}]}},"jetpack_publicize_connections":[],"jetpack_featured_media_url":"https:\/\/www.gaidaphotos.com\/blog\/wp-content\/uploads\/2020\/08\/nggallery_import\/70_","jetpack_sharing_enabled":true,"jetpack_likes_enabled":true,"jetpack-related-posts":[{"id":3500,"url":"https:\/\/www.gaidaphotos.com\/blog\/2011\/02\/08\/kamelien-fotos-in-der-flora-in-koeln\/","url_meta":{"origin":3584,"position":0},"title":"Kamelien-Fotos in der Flora in K\u00f6ln schie\u00dfen","author":"Thomas","date":"8. Februar 2011","format":false,"excerpt":"Kamelien-Fotos in der Flora in K\u00f6ln schie\u00dfen Es ist wieder soweit. Der Karneval und das Winterende nahen und die Kamelien in der K\u00f6lner Flora bl\u00fchen. Zeit die Kamera einzupacken und Kamlien-Fotos zu schie\u00dfen. Wer oder Was sind Kamelien? Die Kamelien (Camellia) sind eine Pflanzengattung aus der Familie der Teestrauchgew\u00e4chse (Theaceae).\u2026","rel":"","context":"In &quot;Ausflug&quot;","block_context":{"text":"Ausflug","link":"https:\/\/www.gaidaphotos.com\/blog\/category\/ausflug\/"},"img":{"alt_text":"","src":"","width":0,"height":0},"classes":[]},{"id":3743,"url":"https:\/\/www.gaidaphotos.com\/blog\/2011\/10\/12\/foto-kurs-langzeitbelichtung-und-bewegungsunschaerfe\/","url_meta":{"origin":3584,"position":1},"title":"Foto-Kurs: Langzeitbelichtung und Bewegungsunsch\u00e4rfe","author":"Thomas","date":"12. Oktober 2011","format":false,"excerpt":"Langzeitbelichtung mit 1\/25 sec. Foto-Kurs: Langzeitbelichtung und Bewegungsunsch\u00e4rfe Unscharf? Darf das denn wahr sein? Normalerweise jagen wir mit teuren und teuersten Objektiven der ultimativen Sch\u00e4rfe hinterher. Aber manchmal bevorzugen wir die Unsch\u00e4rfe. Typisch ist die Mischung von Sch\u00e4rfe und Unsch\u00e4rfe in verschiedenen Sch\u00e4rfeebenen. So gewinnt ein Portrait, wenn der Hintergrund\u2026","rel":"","context":"In &quot;Foto-Kurs : Fotografieren&quot;","block_context":{"text":"Foto-Kurs : Fotografieren","link":"https:\/\/www.gaidaphotos.com\/blog\/category\/foto\/foto-kurs-fotografieren\/"},"img":{"alt_text":"","src":"https:\/\/www.gaidaphotos.com\/blog\/wp-content\/uploads\/2020\/08\/nggallery_import\/91_","width":350,"height":200,"srcset":"https:\/\/www.gaidaphotos.com\/blog\/wp-content\/uploads\/2020\/08\/nggallery_import\/91_ 1x, https:\/\/www.gaidaphotos.com\/blog\/wp-content\/uploads\/2020\/08\/nggallery_import\/91_ 1.5x, https:\/\/www.gaidaphotos.com\/blog\/wp-content\/uploads\/2020\/08\/nggallery_import\/91_ 2x"},"classes":[]},{"id":9488,"url":"https:\/\/www.gaidaphotos.com\/blog\/2016\/09\/29\/photokina-2016-und-das-perfekte-weihnachtsgeschenk\/","url_meta":{"origin":3584,"position":2},"title":"photokina 2016 und das perfekte Weihnachtsgeschenk","author":"Thomas","date":"29. September 2016","format":false,"excerpt":"Das perfekte Weihnachtsgeschenk von der photokina 2016? Alle 2 Jahre ist die photokina in K\u00f6ln das Mekka der Foto- und Videografen. Wer in der Fotografie einen Namen hat oder sich einen machen will stellt auf der Leitmesse der Fotografie (photokina Eigenwerbung) aus. Doch was bietet die photokina f\u00fcr den Amateur?\u2026","rel":"","context":"In &quot;Foto-Kurs : Fotografieren&quot;","block_context":{"text":"Foto-Kurs : Fotografieren","link":"https:\/\/www.gaidaphotos.com\/blog\/category\/foto\/foto-kurs-fotografieren\/"},"img":{"alt_text":"","src":"https:\/\/i0.wp.com\/www.gaidaphotos.com\/blog\/wp-content\/uploads\/ngg_featured\/photokina-2016.jpg?fit=1024%2C768&ssl=1&resize=350%2C200","width":350,"height":200,"srcset":"https:\/\/i0.wp.com\/www.gaidaphotos.com\/blog\/wp-content\/uploads\/ngg_featured\/photokina-2016.jpg?fit=1024%2C768&ssl=1&resize=350%2C200 1x, https:\/\/i0.wp.com\/www.gaidaphotos.com\/blog\/wp-content\/uploads\/ngg_featured\/photokina-2016.jpg?fit=1024%2C768&ssl=1&resize=525%2C300 1.5x, https:\/\/i0.wp.com\/www.gaidaphotos.com\/blog\/wp-content\/uploads\/ngg_featured\/photokina-2016.jpg?fit=1024%2C768&ssl=1&resize=700%2C400 2x"},"classes":[]},{"id":4100,"url":"https:\/\/www.gaidaphotos.com\/blog\/2012\/01\/19\/die-hoehner-autogrammstunde-bei-saturn-fotos\/","url_meta":{"origin":3584,"position":3},"title":"Die H\u00f6hner: Autogrammstunde bei Saturn (Fotos)","author":"Thomas","date":"19. Januar 2012","format":false,"excerpt":"Die H\u00f6hner: Autogrammstunde bei Saturn (Fotos Die H\u00f6hner bei SaturnDer Karneval in K\u00f6ln ist nicht mehr zu \u00fcbersehen. So nutzen auch Die H\u00f6hner die mediale Fokussierung auf die tollen Tage und stellen ihr neues Album \"H\u00f6hner 4.0\" am Freitag dem 13. Januar 2012 bei Saturn am Hansaring vor. Bei dieser\u2026","rel":"","context":"In &quot;Fotos vom Karneval&quot;","block_context":{"text":"Fotos vom Karneval","link":"https:\/\/www.gaidaphotos.com\/blog\/category\/foto\/fotos-vom-karneval\/"},"img":{"alt_text":"","src":"https:\/\/www.gaidaphotos.com\/blog\/wp-content\/uploads\/2020\/08\/nggallery_import\/64_","width":350,"height":200,"srcset":"https:\/\/www.gaidaphotos.com\/blog\/wp-content\/uploads\/2020\/08\/nggallery_import\/64_ 1x, https:\/\/www.gaidaphotos.com\/blog\/wp-content\/uploads\/2020\/08\/nggallery_import\/64_ 1.5x, https:\/\/www.gaidaphotos.com\/blog\/wp-content\/uploads\/2020\/08\/nggallery_import\/64_ 2x"},"classes":[]},{"id":6824,"url":"https:\/\/www.gaidaphotos.com\/blog\/2014\/07\/02\/csd-parade-koeln-2014\/","url_meta":{"origin":3584,"position":4},"title":"CSD Parade K\u00f6ln 2014","author":"Thomas","date":"2. Juli 2014","format":false,"excerpt":"Christopher Street Day CSD Parade 2014 in K\u00f6ln Wir sind \u201cnur\u201d der rosa Karneval \u2013 K\u00f6ln demonstriert Vielfalt Am Wochenende zieht die gro\u00dfe Cristopher Street Day Parade wieder durch K\u00f6ln. Das Motto k\u00f6nnte f\u00fcr die Domstadt und berufsjecken K\u00f6lner nicht passender gew\u00e4hlt worden sein. colognepride, so nennen sich die Organisatoren\u2026","rel":"","context":"In &quot;Fotos vom CSD&quot;","block_context":{"text":"Fotos vom CSD","link":"https:\/\/www.gaidaphotos.com\/blog\/category\/foto\/fotos-vom-csd\/"},"img":{"alt_text":"","src":"https:\/\/i0.wp.com\/www.gaidaphotos.com\/blog\/wp-content\/uploads\/ngg_featured\/csd-koeln-2013-54.jpg?fit=1000%2C1000&ssl=1&resize=350%2C200","width":350,"height":200,"srcset":"https:\/\/i0.wp.com\/www.gaidaphotos.com\/blog\/wp-content\/uploads\/ngg_featured\/csd-koeln-2013-54.jpg?fit=1000%2C1000&ssl=1&resize=350%2C200 1x, https:\/\/i0.wp.com\/www.gaidaphotos.com\/blog\/wp-content\/uploads\/ngg_featured\/csd-koeln-2013-54.jpg?fit=1000%2C1000&ssl=1&resize=525%2C300 1.5x, https:\/\/i0.wp.com\/www.gaidaphotos.com\/blog\/wp-content\/uploads\/ngg_featured\/csd-koeln-2013-54.jpg?fit=1000%2C1000&ssl=1&resize=700%2C400 2x"},"classes":[]},{"id":3224,"url":"https:\/\/www.gaidaphotos.com\/blog\/2010\/07\/16\/koelner-lichter-17-07-2010-infos-tips-feuerwerk-fotografiere\/","url_meta":{"origin":3584,"position":5},"title":"K\u00f6lner Lichter 17.07.2010: Infos, Tips, Feuerwerk richtig fotografieren","author":"Thomas","date":"16. Juli 2010","format":false,"excerpt":"K\u00f6lner Lichter 17.07.2010: Infos, Tips, Feuerwerk richtig fotografieren Samstag, 17.07.2010, findet in K\u00f6ln wieder das allj\u00e4hrliche gr0\u00dfe Feuerwerk am Rhein statt. Wir zeigen Ihnen: alle Infos rund um die K\u00f6lner Lichter: Programm und alle Feuerwerke zwischen K\u00f6ln-Porz und K\u00f6ln-Rheinpark Anfahrt und Abfahrt zu den K\u00f6lner Lichtern Die beste Sicht aufs\u2026","rel":"","context":"In &quot;Foto-Kurs : Fotografieren&quot;","block_context":{"text":"Foto-Kurs : Fotografieren","link":"https:\/\/www.gaidaphotos.com\/blog\/category\/foto\/foto-kurs-fotografieren\/"},"img":{"alt_text":"Koelner Lichter - Feuerwerk fotografieren","src":"https:\/\/i0.wp.com\/www.gaidaphotos.com\/blog\/wp-content\/uploads\/2010\/07\/loelner-lichter-5s-f4-100.jpg?resize=350%2C200&ssl=1","width":350,"height":200},"classes":[]}],"_links":{"self":[{"href":"https:\/\/www.gaidaphotos.com\/blog\/wp-json\/wp\/v2\/posts\/3584","targetHints":{"allow":["GET"]}}],"collection":[{"href":"https:\/\/www.gaidaphotos.com\/blog\/wp-json\/wp\/v2\/posts"}],"about":[{"href":"https:\/\/www.gaidaphotos.com\/blog\/wp-json\/wp\/v2\/types\/post"}],"author":[{"embeddable":true,"href":"https:\/\/www.gaidaphotos.com\/blog\/wp-json\/wp\/v2\/users\/6"}],"replies":[{"embeddable":true,"href":"https:\/\/www.gaidaphotos.com\/blog\/wp-json\/wp\/v2\/comments?post=3584"}],"version-history":[{"count":0,"href":"https:\/\/www.gaidaphotos.com\/blog\/wp-json\/wp\/v2\/posts\/3584\/revisions"}],"wp:featuredmedia":[{"embeddable":true,"href":"https:\/\/www.gaidaphotos.com\/blog\/wp-json\/wp\/v2\/media\/12357"}],"wp:attachment":[{"href":"https:\/\/www.gaidaphotos.com\/blog\/wp-json\/wp\/v2\/media?parent=3584"}],"wp:term":[{"taxonomy":"category","embeddable":true,"href":"https:\/\/www.gaidaphotos.com\/blog\/wp-json\/wp\/v2\/categories?post=3584"},{"taxonomy":"post_tag","embeddable":true,"href":"https:\/\/www.gaidaphotos.com\/blog\/wp-json\/wp\/v2\/tags?post=3584"}],"curies":[{"name":"wp","href":"https:\/\/api.w.org\/{rel}","templated":true}]}}