{"id":3586,"date":"2011-07-17T14:59:17","date_gmt":"2011-07-17T12:59:17","guid":{"rendered":"http:\/\/www.gaidaphotos.com\/blog\/?p=3586"},"modified":"2020-12-30T15:54:13","modified_gmt":"2020-12-30T14:54:13","slug":"sommerfest-2011-koeln-rodenkirchen","status":"publish","type":"post","link":"https:\/\/www.gaidaphotos.com\/blog\/2011\/07\/17\/sommerfest-2011-koeln-rodenkirchen\/","title":{"rendered":"Sommerfest 2011 in K\u00f6ln Rodenkirchen: Summer of Love and Rain"},"content":{"rendered":"<h2>Sommerfest 2011 in K\u00f6ln Rodenkirchen: Summer of Love and Rain<\/h2>\n<p>Dicht gedr\u00e4ngt schoben Sie die Besucher gestern Nachmittag \u00fcber die Hauptstra\u00dfe. Das <strong>Rodenkirchener Sommerfest 2011<\/strong> ist ein voller Erfolg.<\/p>\n<p>Obwohl hier und da ein Tr\u00f6pfchen viel, lie\u00dfen Sie die Rodenkirchener und Besucher nicht davon abhalten Ihr Veedel zu feiern. Zumindest bis gegen 18:30h heftiger Regen einsetzte und die Temperaturen in den Keller rutschten. Schade. Schon wieder. Dabei wurde am Abend die beste Musik gespielt.<br \/>\nUnd auch am heutigen Vormittag war das Wetter wieder DAS Thema.<\/p>\n<p>Wenn auch die Temperaturen deutlich niedriger sind als am Samstag, findet sich wieder eine stattliche Besucherzahl beim <strong>Sommerfest 2011 in K\u00f6ln-Rodenkirchen<\/strong>. Und so wird auch heute bis in den sp\u00e4ten Abend hinein m\u00e4chtig in K\u00f6ln Rodenkirchen gefeiert.<\/p>\n<p>Und obwohl die IG Rodenkirchen dem Maternusplatz in Jahr 2011 die kalte Schulter zeigt sind die Lokale gut gef\u00fcllt und bei Juwelier Eupen, dem einzig standhaften Einzelh\u00e4ndler am Maternusplatz, brummt der B\u00e4r. Das liegt vielleicht auch daran, dass es auf der Hauptstra\u00dfe m\u00e4chtig laut ist und man sich kaum unterhalten kann. Die Akustik auf dem Maternusplatz ist ebenso wie die gro\u00dfe Fl\u00e4che davor f\u00fcr ein Sommerfest bestenst geeignet, w\u00e4hrend es jetzt rund um die Hauptb\u00fchne sehr eng und \u00e4u\u00dfergew\u00f6hnlich laut ist.<\/p>\n<p>Hier die ersten Fotos vom Stra\u00dfenfest 2011 in K\u00f6ln-Rodenkirchen:<\/p>\nngg_shortcode_0_placeholder\n<h3>Sommerfest 2011 in K\u00f6ln Rodenkirchen: Sonntag 17.07.<\/h3>\n<p>Trotz heftiger Regef\u00e4lle am Vormittag fanden sich am Nachmittag, teilweise sonnig, trocken und nicht hei\u00df, sehr viele Rodenkirchener und Besucher zum Sommerfest 2011 in K\u00f6ln Rodenkirchen. Auf der Haupstra\u00dfe herrschte dichtes Gedr\u00e4nge. Man fragt sich nach dem Sicherheitskonzept bei derart vollen Stra\u00dfen.<br \/>\nSchuld waren teilweise auch die &#8222;Neuerungen&#8220;. So war es an der Ecke Hauptstra\u00dfe\/Maternusstra\u00dfe\/Barbarastra\u00dfe sehr dicht gedr\u00e4ngt, denn B\u00fchne, Tische, B\u00e4nke und Bierbuden brauchen auch Platz. Da die &#8222;Tanz-B\u00fchne&#8220; auf dem Rathhausplatz die Kinderbetreuung auf die Hauptstra\u00dfe verdr\u00e4ngt hat, war es auch hier unangenehm eng.<br \/>\nUnd sogar der &#8222;verwaiste&#8220; Maternusplatz war erstaunlich gut gef\u00fcllt. Vielleicht weil man hier dem Gedr\u00e4nge entgehen konnte.<\/p>\n<p>So sollten sich die &#8222;Verantwortlichen&#8220; f\u00fcr n\u00e4chstes Jahr Gedanken \u00fcber das Motto &#8222;Weniger ist Mehr&#8220; machen. Und vielleicht bemerken die Planer, dass die gro\u00dfe B\u00fchne zwar Besucher anlockt aber nicht unbedingt Kunden. Und das die &#8222;Belastung&#8220;, die mit einer solchen B\u00fchne verbunden ist, auch ihren Preis hat.<br \/>\nUnd wenn man dann noch \u00fcber seinen Schatten springt und einen offiziellen &#8222;verkaufsoffenen Sonntag&#8220; plant, kommen auch die vielen einen verkaufsoffnen Sonntag Suchenden in&#8217;s sch\u00f6ne Rodenkirchen.<\/p>\n<p>Auf Wiedersehen in K\u00f6ln Rodenkirchen zum Stra\u00dfenfest 2012!<\/p>\n","protected":false},"excerpt":{"rendered":"<p>Sommerfest 2011 in K\u00f6ln Rodenkirchen: Summer of Love and Rain Dicht gedr\u00e4ngt schoben Sie die Besucher gestern Nachmittag \u00fcber die<\/p>\n","protected":false},"author":6,"featured_media":12333,"comment_status":"open","ping_status":"open","sticky":false,"template":"","format":"standard","meta":{"_crdt_document":"","ngg_post_thumbnail":0,"jetpack_post_was_ever_published":false,"_jetpack_newsletter_access":"","_jetpack_dont_email_post_to_subs":false,"_jetpack_newsletter_tier_id":0,"_jetpack_memberships_contains_paywalled_content":false,"_jetpack_memberships_contains_paid_content":false,"footnotes":"","jetpack_publicize_message":"","jetpack_publicize_feature_enabled":true,"jetpack_social_post_already_shared":false,"jetpack_social_options":{"image_generator_settings":{"template":"highway","default_image_id":0,"font":"","enabled":false},"version":2}},"categories":[89,101],"tags":[108,102,538,53,153],"class_list":["post-3586","post","type-post","status-publish","format-standard","has-post-thumbnail","hentry","category-koeln-rodenkirchen-einkaufen","category-koeln-rodenkirchen-freizeit","tag-einkaufen","tag-freizeit","tag-koeln-rodenkirchen","tag-shopping","tag-strassenfest"],"yoast_head":"<!-- This site is optimized with the Yoast SEO plugin v27.5 - https:\/\/yoast.com\/product\/yoast-seo-wordpress\/ -->\n<title>Sommerfest 2011 in K\u00f6ln Rodenkirchen: Summer of Love and Rain<\/title>\n<meta name=\"description\" content=\"Bericht und Fotos vom Sommerfest 2011 in K\u00f6ln Rodenkirchen\" \/>\n<meta name=\"robots\" content=\"index, follow, max-snippet:-1, max-image-preview:large, max-video-preview:-1\" \/>\n<link rel=\"canonical\" href=\"https:\/\/www.gaidaphotos.com\/blog\/2011\/07\/17\/sommerfest-2011-koeln-rodenkirchen\/\" \/>\n<meta property=\"og:locale\" content=\"de_DE\" \/>\n<meta property=\"og:type\" content=\"article\" \/>\n<meta property=\"og:title\" content=\"Sommerfest 2011 in K\u00f6ln Rodenkirchen: Summer of Love and Rain\" \/>\n<meta property=\"og:description\" content=\"Bericht und Fotos vom Sommerfest 2011 in K\u00f6ln Rodenkirchen\" \/>\n<meta property=\"og:url\" content=\"https:\/\/www.gaidaphotos.com\/blog\/2011\/07\/17\/sommerfest-2011-koeln-rodenkirchen\/\" \/>\n<meta property=\"og:site_name\" content=\"K\u00f6ln Rodenkirchen und die Welt\" \/>\n<meta property=\"article:publisher\" content=\"https:\/\/www.facebook.com\/Koeln.Rodenkirchen\" \/>\n<meta property=\"article:author\" content=\"https:\/\/www.facebook.com\/gaidaphotos\" \/>\n<meta property=\"article:published_time\" content=\"2011-07-17T12:59:17+00:00\" \/>\n<meta property=\"article:modified_time\" content=\"2020-12-30T14:54:13+00:00\" \/>\n<meta property=\"og:image\" content=\"https:\/\/www.gaidaphotos.com\/blog\/wp-content\/uploads\/2020\/08\/nggallery_import\/46_\" \/>\n\t<meta property=\"og:image:width\" content=\"1200\" \/>\n\t<meta property=\"og:image:height\" content=\"800\" \/>\n\t<meta property=\"og:image:type\" content=\"image\/jpeg\" \/>\n<meta name=\"author\" content=\"Thomas\" \/>\n<meta name=\"twitter:card\" content=\"summary_large_image\" \/>\n<meta name=\"twitter:creator\" content=\"@gaidaphotos\" \/>\n<meta name=\"twitter:site\" content=\"@gaidaphotos\" \/>\n<meta name=\"twitter:label1\" content=\"Verfasst von\" \/>\n\t<meta name=\"twitter:data1\" content=\"Thomas\" \/>\n\t<meta name=\"twitter:label2\" content=\"Gesch\u00e4tzte Lesezeit\" \/>\n\t<meta name=\"twitter:data2\" content=\"2\u00a0Minuten\" \/>\n<script type=\"application\/ld+json\" class=\"yoast-schema-graph\">{\"@context\":\"https:\\\/\\\/schema.org\",\"@graph\":[{\"@type\":\"Article\",\"@id\":\"https:\\\/\\\/www.gaidaphotos.com\\\/blog\\\/2011\\\/07\\\/17\\\/sommerfest-2011-koeln-rodenkirchen\\\/#article\",\"isPartOf\":{\"@id\":\"https:\\\/\\\/www.gaidaphotos.com\\\/blog\\\/2011\\\/07\\\/17\\\/sommerfest-2011-koeln-rodenkirchen\\\/\"},\"author\":{\"name\":\"Thomas\",\"@id\":\"https:\\\/\\\/www.gaidaphotos.com\\\/blog\\\/#\\\/schema\\\/person\\\/6c444a5b13ffc503c5c32f5a9ec68b21\"},\"headline\":\"Sommerfest 2011 in K\u00f6ln Rodenkirchen: Summer of Love and Rain\",\"datePublished\":\"2011-07-17T12:59:17+00:00\",\"dateModified\":\"2020-12-30T14:54:13+00:00\",\"mainEntityOfPage\":{\"@id\":\"https:\\\/\\\/www.gaidaphotos.com\\\/blog\\\/2011\\\/07\\\/17\\\/sommerfest-2011-koeln-rodenkirchen\\\/\"},\"wordCount\":464,\"commentCount\":2,\"publisher\":{\"@id\":\"https:\\\/\\\/www.gaidaphotos.com\\\/blog\\\/#organization\"},\"image\":{\"@id\":\"https:\\\/\\\/www.gaidaphotos.com\\\/blog\\\/2011\\\/07\\\/17\\\/sommerfest-2011-koeln-rodenkirchen\\\/#primaryimage\"},\"thumbnailUrl\":\"https:\\\/\\\/www.gaidaphotos.com\\\/blog\\\/wp-content\\\/uploads\\\/2020\\\/08\\\/nggallery_import\\\/46_\",\"keywords\":[\"Einkaufen\\\/ Shopping\",\"Freizeit-Ideen\",\"K\u00f6ln Rodenkirchen\",\"Shopping\",\"Strassenfest\"],\"articleSection\":[\"K\u00f6ln Rodenkirchen Einkaufen\",\"K\u00f6ln Rodenkirchen Freizeit\"],\"inLanguage\":\"de\",\"potentialAction\":[{\"@type\":\"CommentAction\",\"name\":\"Comment\",\"target\":[\"https:\\\/\\\/www.gaidaphotos.com\\\/blog\\\/2011\\\/07\\\/17\\\/sommerfest-2011-koeln-rodenkirchen\\\/#respond\"]}]},{\"@type\":\"WebPage\",\"@id\":\"https:\\\/\\\/www.gaidaphotos.com\\\/blog\\\/2011\\\/07\\\/17\\\/sommerfest-2011-koeln-rodenkirchen\\\/\",\"url\":\"https:\\\/\\\/www.gaidaphotos.com\\\/blog\\\/2011\\\/07\\\/17\\\/sommerfest-2011-koeln-rodenkirchen\\\/\",\"name\":\"Sommerfest 2011 in K\u00f6ln Rodenkirchen: Summer of Love and Rain\",\"isPartOf\":{\"@id\":\"https:\\\/\\\/www.gaidaphotos.com\\\/blog\\\/#website\"},\"primaryImageOfPage\":{\"@id\":\"https:\\\/\\\/www.gaidaphotos.com\\\/blog\\\/2011\\\/07\\\/17\\\/sommerfest-2011-koeln-rodenkirchen\\\/#primaryimage\"},\"image\":{\"@id\":\"https:\\\/\\\/www.gaidaphotos.com\\\/blog\\\/2011\\\/07\\\/17\\\/sommerfest-2011-koeln-rodenkirchen\\\/#primaryimage\"},\"thumbnailUrl\":\"https:\\\/\\\/www.gaidaphotos.com\\\/blog\\\/wp-content\\\/uploads\\\/2020\\\/08\\\/nggallery_import\\\/46_\",\"datePublished\":\"2011-07-17T12:59:17+00:00\",\"dateModified\":\"2020-12-30T14:54:13+00:00\",\"description\":\"Bericht und Fotos vom Sommerfest 2011 in K\u00f6ln Rodenkirchen\",\"breadcrumb\":{\"@id\":\"https:\\\/\\\/www.gaidaphotos.com\\\/blog\\\/2011\\\/07\\\/17\\\/sommerfest-2011-koeln-rodenkirchen\\\/#breadcrumb\"},\"inLanguage\":\"de\",\"potentialAction\":[{\"@type\":\"ReadAction\",\"target\":[\"https:\\\/\\\/www.gaidaphotos.com\\\/blog\\\/2011\\\/07\\\/17\\\/sommerfest-2011-koeln-rodenkirchen\\\/\"]}]},{\"@type\":\"ImageObject\",\"inLanguage\":\"de\",\"@id\":\"https:\\\/\\\/www.gaidaphotos.com\\\/blog\\\/2011\\\/07\\\/17\\\/sommerfest-2011-koeln-rodenkirchen\\\/#primaryimage\",\"url\":\"https:\\\/\\\/www.gaidaphotos.com\\\/blog\\\/wp-content\\\/uploads\\\/2020\\\/08\\\/nggallery_import\\\/46_\",\"contentUrl\":\"https:\\\/\\\/www.gaidaphotos.com\\\/blog\\\/wp-content\\\/uploads\\\/2020\\\/08\\\/nggallery_import\\\/46_\",\"width\":1200,\"height\":800},{\"@type\":\"BreadcrumbList\",\"@id\":\"https:\\\/\\\/www.gaidaphotos.com\\\/blog\\\/2011\\\/07\\\/17\\\/sommerfest-2011-koeln-rodenkirchen\\\/#breadcrumb\",\"itemListElement\":[{\"@type\":\"ListItem\",\"position\":1,\"name\":\"Startseite\",\"item\":\"https:\\\/\\\/www.gaidaphotos.com\\\/blog\\\/\"},{\"@type\":\"ListItem\",\"position\":2,\"name\":\"Sommerfest 2011 in K\u00f6ln Rodenkirchen: Summer of Love and Rain\"}]},{\"@type\":\"WebSite\",\"@id\":\"https:\\\/\\\/www.gaidaphotos.com\\\/blog\\\/#website\",\"url\":\"https:\\\/\\\/www.gaidaphotos.com\\\/blog\\\/\",\"name\":\"K\u00f6ln Rodenkirchen und die Welt\",\"description\":\"Einkaufen, Restaurants, Freizeit, Nachrichten und was uns sonst bewegt und begegnet\",\"publisher\":{\"@id\":\"https:\\\/\\\/www.gaidaphotos.com\\\/blog\\\/#organization\"},\"potentialAction\":[{\"@type\":\"SearchAction\",\"target\":{\"@type\":\"EntryPoint\",\"urlTemplate\":\"https:\\\/\\\/www.gaidaphotos.com\\\/blog\\\/?s={search_term_string}\"},\"query-input\":{\"@type\":\"PropertyValueSpecification\",\"valueRequired\":true,\"valueName\":\"search_term_string\"}}],\"inLanguage\":\"de\"},{\"@type\":\"Organization\",\"@id\":\"https:\\\/\\\/www.gaidaphotos.com\\\/blog\\\/#organization\",\"name\":\"gaidaphotos\",\"url\":\"https:\\\/\\\/www.gaidaphotos.com\\\/blog\\\/\",\"logo\":{\"@type\":\"ImageObject\",\"inLanguage\":\"de\",\"@id\":\"https:\\\/\\\/www.gaidaphotos.com\\\/blog\\\/#\\\/schema\\\/logo\\\/image\\\/\",\"url\":\"https:\\\/\\\/i0.wp.com\\\/www.gaidaphotos.com\\\/blog\\\/wp-content\\\/uploads\\\/2020\\\/07\\\/GAIDAPHOTOS-COM.jpg?fit=160%2C96&ssl=1\",\"contentUrl\":\"https:\\\/\\\/i0.wp.com\\\/www.gaidaphotos.com\\\/blog\\\/wp-content\\\/uploads\\\/2020\\\/07\\\/GAIDAPHOTOS-COM.jpg?fit=160%2C96&ssl=1\",\"width\":160,\"height\":96,\"caption\":\"gaidaphotos\"},\"image\":{\"@id\":\"https:\\\/\\\/www.gaidaphotos.com\\\/blog\\\/#\\\/schema\\\/logo\\\/image\\\/\"},\"sameAs\":[\"https:\\\/\\\/www.facebook.com\\\/Koeln.Rodenkirchen\",\"https:\\\/\\\/x.com\\\/gaidaphotos\",\"https:\\\/\\\/instagram.com\\\/gaidaphotos\\\/\",\"https:\\\/\\\/de.linkedin.com\\\/in\\\/gaidaphotos\",\"https:\\\/\\\/myspace.com\\\/gaidaphotos\",\"https:\\\/\\\/www.pinterest.com\\\/gaidaphotos\\\/\",\"https:\\\/\\\/www.youtube.com\\\/user\\\/gaidaphotos\"]},{\"@type\":\"Person\",\"@id\":\"https:\\\/\\\/www.gaidaphotos.com\\\/blog\\\/#\\\/schema\\\/person\\\/6c444a5b13ffc503c5c32f5a9ec68b21\",\"name\":\"Thomas\",\"sameAs\":[\"https:\\\/\\\/www.gaidaphotos.com\",\"https:\\\/\\\/www.facebook.com\\\/gaidaphotos\",\"https:\\\/\\\/instagram.com\\\/gaidaphotos\\\/\",\"https:\\\/\\\/www.linkedin.com\\\/in\\\/gaidaphotos\",\"http:\\\/\\\/www.pinterest.com\\\/gaidaphotos\\\/\",\"https:\\\/\\\/x.com\\\/gaidaphotos\",\"https:\\\/\\\/myspace.com\\\/gaidaphotos\",\"https:\\\/\\\/www.youtube.com\\\/user\\\/gaidaphotos\",\"https:\\\/\\\/gaidaphotos.tumblr.com\\\/\"]}]}<\/script>\n<!-- \/ Yoast SEO plugin. -->","yoast_head_json":{"title":"Sommerfest 2011 in K\u00f6ln Rodenkirchen: Summer of Love and Rain","description":"Bericht und Fotos vom Sommerfest 2011 in K\u00f6ln Rodenkirchen","robots":{"index":"index","follow":"follow","max-snippet":"max-snippet:-1","max-image-preview":"max-image-preview:large","max-video-preview":"max-video-preview:-1"},"canonical":"https:\/\/www.gaidaphotos.com\/blog\/2011\/07\/17\/sommerfest-2011-koeln-rodenkirchen\/","og_locale":"de_DE","og_type":"article","og_title":"Sommerfest 2011 in K\u00f6ln Rodenkirchen: Summer of Love and Rain","og_description":"Bericht und Fotos vom Sommerfest 2011 in K\u00f6ln Rodenkirchen","og_url":"https:\/\/www.gaidaphotos.com\/blog\/2011\/07\/17\/sommerfest-2011-koeln-rodenkirchen\/","og_site_name":"K\u00f6ln Rodenkirchen und die Welt","article_publisher":"https:\/\/www.facebook.com\/Koeln.Rodenkirchen","article_author":"https:\/\/www.facebook.com\/gaidaphotos","article_published_time":"2011-07-17T12:59:17+00:00","article_modified_time":"2020-12-30T14:54:13+00:00","og_image":[{"width":1200,"height":800,"url":"https:\/\/www.gaidaphotos.com\/blog\/wp-content\/uploads\/2020\/08\/nggallery_import\/46_","type":"image\/jpeg"}],"author":"Thomas","twitter_card":"summary_large_image","twitter_creator":"@gaidaphotos","twitter_site":"@gaidaphotos","twitter_misc":{"Verfasst von":"Thomas","Gesch\u00e4tzte Lesezeit":"2\u00a0Minuten"},"schema":{"@context":"https:\/\/schema.org","@graph":[{"@type":"Article","@id":"https:\/\/www.gaidaphotos.com\/blog\/2011\/07\/17\/sommerfest-2011-koeln-rodenkirchen\/#article","isPartOf":{"@id":"https:\/\/www.gaidaphotos.com\/blog\/2011\/07\/17\/sommerfest-2011-koeln-rodenkirchen\/"},"author":{"name":"Thomas","@id":"https:\/\/www.gaidaphotos.com\/blog\/#\/schema\/person\/6c444a5b13ffc503c5c32f5a9ec68b21"},"headline":"Sommerfest 2011 in K\u00f6ln Rodenkirchen: Summer of Love and Rain","datePublished":"2011-07-17T12:59:17+00:00","dateModified":"2020-12-30T14:54:13+00:00","mainEntityOfPage":{"@id":"https:\/\/www.gaidaphotos.com\/blog\/2011\/07\/17\/sommerfest-2011-koeln-rodenkirchen\/"},"wordCount":464,"commentCount":2,"publisher":{"@id":"https:\/\/www.gaidaphotos.com\/blog\/#organization"},"image":{"@id":"https:\/\/www.gaidaphotos.com\/blog\/2011\/07\/17\/sommerfest-2011-koeln-rodenkirchen\/#primaryimage"},"thumbnailUrl":"https:\/\/www.gaidaphotos.com\/blog\/wp-content\/uploads\/2020\/08\/nggallery_import\/46_","keywords":["Einkaufen\/ Shopping","Freizeit-Ideen","K\u00f6ln Rodenkirchen","Shopping","Strassenfest"],"articleSection":["K\u00f6ln Rodenkirchen Einkaufen","K\u00f6ln Rodenkirchen Freizeit"],"inLanguage":"de","potentialAction":[{"@type":"CommentAction","name":"Comment","target":["https:\/\/www.gaidaphotos.com\/blog\/2011\/07\/17\/sommerfest-2011-koeln-rodenkirchen\/#respond"]}]},{"@type":"WebPage","@id":"https:\/\/www.gaidaphotos.com\/blog\/2011\/07\/17\/sommerfest-2011-koeln-rodenkirchen\/","url":"https:\/\/www.gaidaphotos.com\/blog\/2011\/07\/17\/sommerfest-2011-koeln-rodenkirchen\/","name":"Sommerfest 2011 in K\u00f6ln Rodenkirchen: Summer of Love and Rain","isPartOf":{"@id":"https:\/\/www.gaidaphotos.com\/blog\/#website"},"primaryImageOfPage":{"@id":"https:\/\/www.gaidaphotos.com\/blog\/2011\/07\/17\/sommerfest-2011-koeln-rodenkirchen\/#primaryimage"},"image":{"@id":"https:\/\/www.gaidaphotos.com\/blog\/2011\/07\/17\/sommerfest-2011-koeln-rodenkirchen\/#primaryimage"},"thumbnailUrl":"https:\/\/www.gaidaphotos.com\/blog\/wp-content\/uploads\/2020\/08\/nggallery_import\/46_","datePublished":"2011-07-17T12:59:17+00:00","dateModified":"2020-12-30T14:54:13+00:00","description":"Bericht und Fotos vom Sommerfest 2011 in K\u00f6ln Rodenkirchen","breadcrumb":{"@id":"https:\/\/www.gaidaphotos.com\/blog\/2011\/07\/17\/sommerfest-2011-koeln-rodenkirchen\/#breadcrumb"},"inLanguage":"de","potentialAction":[{"@type":"ReadAction","target":["https:\/\/www.gaidaphotos.com\/blog\/2011\/07\/17\/sommerfest-2011-koeln-rodenkirchen\/"]}]},{"@type":"ImageObject","inLanguage":"de","@id":"https:\/\/www.gaidaphotos.com\/blog\/2011\/07\/17\/sommerfest-2011-koeln-rodenkirchen\/#primaryimage","url":"https:\/\/www.gaidaphotos.com\/blog\/wp-content\/uploads\/2020\/08\/nggallery_import\/46_","contentUrl":"https:\/\/www.gaidaphotos.com\/blog\/wp-content\/uploads\/2020\/08\/nggallery_import\/46_","width":1200,"height":800},{"@type":"BreadcrumbList","@id":"https:\/\/www.gaidaphotos.com\/blog\/2011\/07\/17\/sommerfest-2011-koeln-rodenkirchen\/#breadcrumb","itemListElement":[{"@type":"ListItem","position":1,"name":"Startseite","item":"https:\/\/www.gaidaphotos.com\/blog\/"},{"@type":"ListItem","position":2,"name":"Sommerfest 2011 in K\u00f6ln Rodenkirchen: Summer of Love and Rain"}]},{"@type":"WebSite","@id":"https:\/\/www.gaidaphotos.com\/blog\/#website","url":"https:\/\/www.gaidaphotos.com\/blog\/","name":"K\u00f6ln Rodenkirchen und die Welt","description":"Einkaufen, Restaurants, Freizeit, Nachrichten und was uns sonst bewegt und begegnet","publisher":{"@id":"https:\/\/www.gaidaphotos.com\/blog\/#organization"},"potentialAction":[{"@type":"SearchAction","target":{"@type":"EntryPoint","urlTemplate":"https:\/\/www.gaidaphotos.com\/blog\/?s={search_term_string}"},"query-input":{"@type":"PropertyValueSpecification","valueRequired":true,"valueName":"search_term_string"}}],"inLanguage":"de"},{"@type":"Organization","@id":"https:\/\/www.gaidaphotos.com\/blog\/#organization","name":"gaidaphotos","url":"https:\/\/www.gaidaphotos.com\/blog\/","logo":{"@type":"ImageObject","inLanguage":"de","@id":"https:\/\/www.gaidaphotos.com\/blog\/#\/schema\/logo\/image\/","url":"https:\/\/i0.wp.com\/www.gaidaphotos.com\/blog\/wp-content\/uploads\/2020\/07\/GAIDAPHOTOS-COM.jpg?fit=160%2C96&ssl=1","contentUrl":"https:\/\/i0.wp.com\/www.gaidaphotos.com\/blog\/wp-content\/uploads\/2020\/07\/GAIDAPHOTOS-COM.jpg?fit=160%2C96&ssl=1","width":160,"height":96,"caption":"gaidaphotos"},"image":{"@id":"https:\/\/www.gaidaphotos.com\/blog\/#\/schema\/logo\/image\/"},"sameAs":["https:\/\/www.facebook.com\/Koeln.Rodenkirchen","https:\/\/x.com\/gaidaphotos","https:\/\/instagram.com\/gaidaphotos\/","https:\/\/de.linkedin.com\/in\/gaidaphotos","https:\/\/myspace.com\/gaidaphotos","https:\/\/www.pinterest.com\/gaidaphotos\/","https:\/\/www.youtube.com\/user\/gaidaphotos"]},{"@type":"Person","@id":"https:\/\/www.gaidaphotos.com\/blog\/#\/schema\/person\/6c444a5b13ffc503c5c32f5a9ec68b21","name":"Thomas","sameAs":["https:\/\/www.gaidaphotos.com","https:\/\/www.facebook.com\/gaidaphotos","https:\/\/instagram.com\/gaidaphotos\/","https:\/\/www.linkedin.com\/in\/gaidaphotos","http:\/\/www.pinterest.com\/gaidaphotos\/","https:\/\/x.com\/gaidaphotos","https:\/\/myspace.com\/gaidaphotos","https:\/\/www.youtube.com\/user\/gaidaphotos","https:\/\/gaidaphotos.tumblr.com\/"]}]}},"jetpack_publicize_connections":[],"jetpack_featured_media_url":"https:\/\/www.gaidaphotos.com\/blog\/wp-content\/uploads\/2020\/08\/nggallery_import\/46_","jetpack_sharing_enabled":true,"jetpack_likes_enabled":true,"jetpack-related-posts":[{"id":3559,"url":"https:\/\/www.gaidaphotos.com\/blog\/2011\/05\/30\/koln-rodenkirchen-sommerfest-2011-summer-of-love\/","url_meta":{"origin":3586,"position":0},"title":"K\u00f6ln Rodenkirchen: Sommerfest 2011 &#8222;Summer of Love&#8220;","author":"Thomas","date":"30. Mai 2011","format":false,"excerpt":"Sommerfest 2011 in K\u00f6ln-Rodenkirchen: \"Summer of Love\" Am 16.06.2011 und 17.06.2011 ist es wieder soweit. Ganz K\u00f6ln Rodenkirchen feiert auf der Hauptstra\u00dfe und vor dem Rathhaus. Nach Hollywood und Afrika erleben wir nun das k\u00f6lsche Woodstock in Rodenkirchen. Dem Trend folgend, feiern wir mit Flower Power und den gr\u00f6\u00dften internationalen\u2026","rel":"","context":"In &quot;K\u00f6ln Rodenkirchen&quot;","block_context":{"text":"K\u00f6ln Rodenkirchen","link":"https:\/\/www.gaidaphotos.com\/blog\/category\/koeln-rodenkirchen\/"},"img":{"alt_text":"","src":"https:\/\/www.gaidaphotos.com\/blog\/wp-content\/uploads\/2020\/08\/nggallery_import\/48_","width":350,"height":200},"classes":[]},{"id":5603,"url":"https:\/\/www.gaidaphotos.com\/blog\/2013\/07\/01\/sommerfest-2013-ein-voller-erfolg\/","url_meta":{"origin":3586,"position":1},"title":"Sommerfest 2013 ein voller Erfolg","author":"Thomas","date":"1. Juli 2013","format":false,"excerpt":"Rodenkirchener Sommerfest 2013 ein voller Erfolg Als dann am Sonntag Nachmittag auch noch die Sonne schien war es ein perfektes Sommerfest 2013. Viele Jahre haben wir einen solchen Andrang am Sonntagnachmittag beim Rodenkirchener Stra\u00dfenfest nicht mehr erlebt. Die Hauptstra\u00dfe war so voll Menschen gepackt, dass es zeitweilig sogar zu Staus\u2026","rel":"","context":"In &quot;K\u00f6ln Rodenkirchen Freizeit&quot;","block_context":{"text":"K\u00f6ln Rodenkirchen Freizeit","link":"https:\/\/www.gaidaphotos.com\/blog\/category\/koeln-rodenkirchen\/koeln-rodenkirchen-freizeit\/"},"img":{"alt_text":"","src":"https:\/\/www.gaidaphotos.com\/blog\/wp-content\/uploads\/2020\/08\/nggallery_import\/127_","width":350,"height":200,"srcset":"https:\/\/www.gaidaphotos.com\/blog\/wp-content\/uploads\/2020\/08\/nggallery_import\/127_ 1x, https:\/\/www.gaidaphotos.com\/blog\/wp-content\/uploads\/2020\/08\/nggallery_import\/127_ 1.5x"},"classes":[]},{"id":6268,"url":"https:\/\/www.gaidaphotos.com\/blog\/2014\/04\/01\/12-rodenkirchener-kunstmeile-2014-2\/","url_meta":{"origin":3586,"position":2},"title":"12.Rodenkirchener Kunstmeile 2014","author":"Thomas","date":"1. April 2014","format":false,"excerpt":"12.Rodenkirchener Kunstmeile 2014 - verkaufsoffener Sonntag und Flohmarktfieber Sonne satt,fr\u00fchlingshafte Temperaturen und \u00fcberall fr\u00f6hliche Gesichter - der verkaufsoffene Sonntag mit Kunstmeile und Flohm\u00e4rkten war f\u00fcr Rodenkirchen ein voller Erfolg. Selten hat man so volle B\u00fcrgersteige, Pl\u00e4tze und Lokale erlebt. Der Sonntag hatte allerdings auch seine Schattenseiten. Der angek\u00fcndigte \"Antikmarkt\" an\u2026","rel":"","context":"In &quot;Flohmarkt\/Troedelmarkt&quot;","block_context":{"text":"Flohmarkt\/Troedelmarkt","link":"https:\/\/www.gaidaphotos.com\/blog\/category\/flohmarkttroedelmarkt-2\/"},"img":{"alt_text":"","src":"https:\/\/i0.wp.com\/www.gaidaphotos.com\/blog\/wp-content\/uploads\/ngg_featured\/rodenkirchener-kunstmeile-2014-04.jpg?fit=667%2C1000&ssl=1&resize=350%2C200","width":350,"height":200,"srcset":"https:\/\/i0.wp.com\/www.gaidaphotos.com\/blog\/wp-content\/uploads\/ngg_featured\/rodenkirchener-kunstmeile-2014-04.jpg?fit=667%2C1000&ssl=1&resize=350%2C200 1x, https:\/\/i0.wp.com\/www.gaidaphotos.com\/blog\/wp-content\/uploads\/ngg_featured\/rodenkirchener-kunstmeile-2014-04.jpg?fit=667%2C1000&ssl=1&resize=525%2C300 1.5x"},"classes":[]},{"id":3576,"url":"https:\/\/www.gaidaphotos.com\/blog\/2011\/07\/07\/strassenfest-17-07-2011-koeln-rodenkirchen\/","url_meta":{"origin":3586,"position":3},"title":"Strassenfest 16.\/17.07.2011 in K\u00f6ln-Rodenkirchen: &#8222;Summer of Love&#8220;","author":"Thomas","date":"7. Juli 2011","format":false,"excerpt":"\"Summer of Love\" Strassenfest am 16.\/17.07.2011 in K\u00f6ln-Rodenkirchen 6. Rodenkirchener Sommertage im Fieber der 70er Jahre zum ersten Mal mit 3 Showb\u00fchnen. Abba, Bee Gee, Jackson Five, Roy Black klingen uns noch in den Ohren. Bellbottom Jeans schlackern um die Beine und Tie-Dye T-Shirts bedecken unsere mageren K\u00f6rper - jetzt\u2026","rel":"","context":"In &quot;K\u00f6ln Rodenkirchen Einkaufen&quot;","block_context":{"text":"K\u00f6ln Rodenkirchen Einkaufen","link":"https:\/\/www.gaidaphotos.com\/blog\/category\/koeln-rodenkirchen\/koeln-rodenkirchen-einkaufen\/"},"img":{"alt_text":"","src":"https:\/\/www.gaidaphotos.com\/blog\/wp-content\/uploads\/2020\/08\/nggallery_import\/83_","width":350,"height":200},"classes":[]},{"id":8969,"url":"https:\/\/www.gaidaphotos.com\/blog\/2015\/08\/17\/10-rodenkirchener-sommertage-2015\/","url_meta":{"origin":3586,"position":4},"title":"10. Rodenkirchener Sommertage 2015","author":"Thomas","date":"17. August 2015","format":false,"excerpt":"\u201eRodenkirchener Sommertage - Ein Potpourri aus 10 Jahren!\u201c Rodenkirchen feiert am 22. und 23. August 2015 sich selbst und den zehnten Jahrestag des Sommerfest der Aktionsgemeinschaft. Wir k\u00f6nnen uns in diesem Jubil\u00e4umsjahr \u00fcber eine gro\u00dfe Zahl attraktiver Bands und K\u00fcnstler freuen. Das Jubil\u00e4um ist gleichzeitig das Motto. Und die Veranstalter\u2026","rel":"","context":"In &quot;K\u00f6ln Rodenkirchen Einkaufen&quot;","block_context":{"text":"K\u00f6ln Rodenkirchen Einkaufen","link":"https:\/\/www.gaidaphotos.com\/blog\/category\/koeln-rodenkirchen\/koeln-rodenkirchen-einkaufen\/"},"img":{"alt_text":"","src":"https:\/\/i0.wp.com\/www.gaidaphotos.com\/blog\/wp-content\/uploads\/ngg_featured\/strassenfest-rodenkirchen-2015.jpg?fit=683%2C1024&ssl=1&resize=350%2C200","width":350,"height":200,"srcset":"https:\/\/i0.wp.com\/www.gaidaphotos.com\/blog\/wp-content\/uploads\/ngg_featured\/strassenfest-rodenkirchen-2015.jpg?fit=683%2C1024&ssl=1&resize=350%2C200 1x, https:\/\/i0.wp.com\/www.gaidaphotos.com\/blog\/wp-content\/uploads\/ngg_featured\/strassenfest-rodenkirchen-2015.jpg?fit=683%2C1024&ssl=1&resize=525%2C300 1.5x"},"classes":[]},{"id":1692,"url":"https:\/\/www.gaidaphotos.com\/blog\/2009\/06\/20\/koln-rodenkirchen-strasenfest-hier-wird-kraftig-aufgebaut\/","url_meta":{"origin":3586,"position":5},"title":"K\u00f6ln Rodenkirchen Stra\u00dfenfest 2009: Hier wird kr\u00e4ftig aufgebaut","author":"Thomas","date":"20. Juni 2009","format":false,"excerpt":"Jetzt geht's bald los Hier wird kr\u00e4ftig f\u00fcr das Sommerfest 2009 in Rodenkirchen aufgebaut.","rel":"","context":"In &quot;17&quot;","block_context":{"text":"17","link":"https:\/\/www.gaidaphotos.com\/blog\/category\/mobile_news_von_unterwegs\/mobile_news_von_unterwegs-n95\/"},"img":{"alt_text":"Rodenkirchen Stra\u00dfenfest 2009 Aufbau","src":"https:\/\/i0.wp.com\/www.gaidaphotos.com\/blog\/wp-content\/uploads\/2020\/07\/lifeblog-20062009159.jpg?fit=640%2C480&ssl=1&resize=350%2C200","width":350,"height":200,"srcset":"https:\/\/i0.wp.com\/www.gaidaphotos.com\/blog\/wp-content\/uploads\/2020\/07\/lifeblog-20062009159.jpg?fit=640%2C480&ssl=1&resize=350%2C200 1x, https:\/\/i0.wp.com\/www.gaidaphotos.com\/blog\/wp-content\/uploads\/2020\/07\/lifeblog-20062009159.jpg?fit=640%2C480&ssl=1&resize=525%2C300 1.5x"},"classes":[]}],"_links":{"self":[{"href":"https:\/\/www.gaidaphotos.com\/blog\/wp-json\/wp\/v2\/posts\/3586","targetHints":{"allow":["GET"]}}],"collection":[{"href":"https:\/\/www.gaidaphotos.com\/blog\/wp-json\/wp\/v2\/posts"}],"about":[{"href":"https:\/\/www.gaidaphotos.com\/blog\/wp-json\/wp\/v2\/types\/post"}],"author":[{"embeddable":true,"href":"https:\/\/www.gaidaphotos.com\/blog\/wp-json\/wp\/v2\/users\/6"}],"replies":[{"embeddable":true,"href":"https:\/\/www.gaidaphotos.com\/blog\/wp-json\/wp\/v2\/comments?post=3586"}],"version-history":[{"count":0,"href":"https:\/\/www.gaidaphotos.com\/blog\/wp-json\/wp\/v2\/posts\/3586\/revisions"}],"wp:featuredmedia":[{"embeddable":true,"href":"https:\/\/www.gaidaphotos.com\/blog\/wp-json\/wp\/v2\/media\/12333"}],"wp:attachment":[{"href":"https:\/\/www.gaidaphotos.com\/blog\/wp-json\/wp\/v2\/media?parent=3586"}],"wp:term":[{"taxonomy":"category","embeddable":true,"href":"https:\/\/www.gaidaphotos.com\/blog\/wp-json\/wp\/v2\/categories?post=3586"},{"taxonomy":"post_tag","embeddable":true,"href":"https:\/\/www.gaidaphotos.com\/blog\/wp-json\/wp\/v2\/tags?post=3586"}],"curies":[{"name":"wp","href":"https:\/\/api.w.org\/{rel}","templated":true}]}}