{"id":3623,"date":"2011-08-22T09:58:40","date_gmt":"2011-08-22T07:58:40","guid":{"rendered":"http:\/\/www.gaidaphotos.com\/blog\/?p=3623"},"modified":"2012-01-23T18:28:31","modified_gmt":"2012-01-23T17:28:31","slug":"strassenfest-verkaufsoffener-sonntag-28-8-2011-in-koeln","status":"publish","type":"post","link":"https:\/\/www.gaidaphotos.com\/blog\/2011\/08\/22\/strassenfest-verkaufsoffener-sonntag-28-8-2011-in-koeln\/","title":{"rendered":"Stra\u00dfenfest Verkaufsoffener Sonntag 28.8.2011 in K\u00f6ln?"},"content":{"rendered":"<h2>Stra\u00dfenfest Verkaufsoffener Sonntag 28.8.2011 in K\u00f6ln?<\/h2>\n<figure style=\"width: 450px\" class=\"wp-caption aligncenter\"> ngg_shortcode_0_placeholder <figcaption class=\"wp-caption-text\">verkaufsoffener Sonntag 28.08.2011 in K\u00f6ln?<\/figcaption><\/figure>\n<h3>In welchem K\u00f6lner Veedel oder Stadteil ist am 28.08.2011 verkaufsoffener Sonntag?<\/h3>\n<p>Durch die sp\u00e4ten Sommerferien in NRW in diesem Jahr liegt auch K\u00f6ln noch im M\u00e4rchenschlaf. Erst am kommenden Wochenende k\u00f6nnen wir auch am heiligen Sonntag wieder nach Herzenslust shoppen gehen.<\/p>\n<p>Am <strong>28.08.2011<\/strong> ist in K\u00f6ln<strong> <span style=\"text-decoration: underline;\">kein <\/span>verkaufsoffener Sonntag<\/strong>.<\/p>\n<p><?php include(\"wp-content\/include\/verkaufsoffener-sonntag.php\"); ?><\/p>\n<p>Lizenzfreie Fotos:<br \/>\nFoto oben: Wo die Liegest\u00fchle schlafen.<br \/>\nMehr als 30.000 einzigartige, lizenzfreie Fotos und Bilder zu vielen Themen. Sprechen Sie uns an (Kommentarfeld).<\/p>\n","protected":false},"excerpt":{"rendered":"<p>Stra\u00dfenfest Verkaufsoffener Sonntag 28.8.2011 in K\u00f6ln? In welchem K\u00f6lner Veedel oder Stadteil ist am 28.08.2011 verkaufsoffener Sonntag? Durch die sp\u00e4ten<\/p>\n","protected":false},"author":6,"featured_media":12369,"comment_status":"open","ping_status":"open","sticky":false,"template":"","format":"standard","meta":{"_crdt_document":"","ngg_post_thumbnail":0,"jetpack_post_was_ever_published":false,"_jetpack_newsletter_access":"","_jetpack_dont_email_post_to_subs":false,"_jetpack_newsletter_tier_id":0,"_jetpack_memberships_contains_paywalled_content":false,"_jetpack_memberships_contains_paid_content":false,"footnotes":"","jetpack_publicize_message":"","jetpack_publicize_feature_enabled":true,"jetpack_social_post_already_shared":false,"jetpack_social_options":{"image_generator_settings":{"template":"highway","default_image_id":0,"font":"","enabled":false},"version":2}},"categories":[178],"tags":[147],"class_list":["post-3623","post","type-post","status-publish","format-standard","has-post-thumbnail","hentry","category-verkaufsoffener-sonntag-koln-nrw","tag-verkaufsoffener-sonntag"],"yoast_head":"<!-- This site is optimized with the Yoast SEO plugin v27.5 - https:\/\/yoast.com\/product\/yoast-seo-wordpress\/ -->\n<title>Stra\u00dfenfest Verkaufsoffener Sonntag 28.8.2011 in K\u00f6ln?<\/title>\n<meta name=\"description\" content=\"Wer am Sonntag mal vor die T\u00fcr m\u00f6chte findet Infos zu Programm. K\u00fcnstler, Angebot, Hinweise f\u00fcr alle verkaufsoffenen Sonntage in K\u00f6ln, und Alternativen wenn mal nirgendwo ge\u00f6ffnet ist.\" \/>\n<meta name=\"robots\" content=\"index, follow, max-snippet:-1, max-image-preview:large, max-video-preview:-1\" \/>\n<link rel=\"canonical\" href=\"https:\/\/www.gaidaphotos.com\/blog\/2011\/08\/22\/strassenfest-verkaufsoffener-sonntag-28-8-2011-in-koeln\/\" \/>\n<meta property=\"og:locale\" content=\"de_DE\" \/>\n<meta property=\"og:type\" content=\"article\" \/>\n<meta property=\"og:title\" content=\"Stra\u00dfenfest Verkaufsoffener Sonntag 28.8.2011 in K\u00f6ln?\" \/>\n<meta property=\"og:description\" content=\"Wer am Sonntag mal vor die T\u00fcr m\u00f6chte findet Infos zu Programm. K\u00fcnstler, Angebot, Hinweise f\u00fcr alle verkaufsoffenen Sonntage in K\u00f6ln, und Alternativen wenn mal nirgendwo ge\u00f6ffnet ist.\" \/>\n<meta property=\"og:url\" content=\"https:\/\/www.gaidaphotos.com\/blog\/2011\/08\/22\/strassenfest-verkaufsoffener-sonntag-28-8-2011-in-koeln\/\" \/>\n<meta property=\"og:site_name\" content=\"K\u00f6ln Rodenkirchen und die Welt\" \/>\n<meta property=\"article:publisher\" content=\"https:\/\/www.facebook.com\/Koeln.Rodenkirchen\" \/>\n<meta property=\"article:author\" content=\"https:\/\/www.facebook.com\/gaidaphotos\" \/>\n<meta property=\"article:published_time\" content=\"2011-08-22T07:58:40+00:00\" \/>\n<meta property=\"article:modified_time\" content=\"2012-01-23T17:28:31+00:00\" \/>\n<meta property=\"og:image\" content=\"https:\/\/www.gaidaphotos.com\/blog\/wp-content\/uploads\/2020\/08\/nggallery_import\/82_\" \/>\n\t<meta property=\"og:image:width\" content=\"1000\" \/>\n\t<meta property=\"og:image:height\" content=\"667\" \/>\n\t<meta property=\"og:image:type\" content=\"image\/jpeg\" \/>\n<meta name=\"author\" content=\"Thomas\" \/>\n<meta name=\"twitter:card\" content=\"summary_large_image\" \/>\n<meta name=\"twitter:creator\" content=\"@gaidaphotos\" \/>\n<meta name=\"twitter:site\" content=\"@gaidaphotos\" \/>\n<meta name=\"twitter:label1\" content=\"Verfasst von\" \/>\n\t<meta name=\"twitter:data1\" content=\"Thomas\" \/>\n\t<meta name=\"twitter:label2\" content=\"Gesch\u00e4tzte Lesezeit\" \/>\n\t<meta name=\"twitter:data2\" content=\"1\u00a0Minute\" \/>\n<script type=\"application\/ld+json\" class=\"yoast-schema-graph\">{\"@context\":\"https:\\\/\\\/schema.org\",\"@graph\":[{\"@type\":\"Article\",\"@id\":\"https:\\\/\\\/www.gaidaphotos.com\\\/blog\\\/2011\\\/08\\\/22\\\/strassenfest-verkaufsoffener-sonntag-28-8-2011-in-koeln\\\/#article\",\"isPartOf\":{\"@id\":\"https:\\\/\\\/www.gaidaphotos.com\\\/blog\\\/2011\\\/08\\\/22\\\/strassenfest-verkaufsoffener-sonntag-28-8-2011-in-koeln\\\/\"},\"author\":{\"name\":\"Thomas\",\"@id\":\"https:\\\/\\\/www.gaidaphotos.com\\\/blog\\\/#\\\/schema\\\/person\\\/6c444a5b13ffc503c5c32f5a9ec68b21\"},\"headline\":\"Stra\u00dfenfest Verkaufsoffener Sonntag 28.8.2011 in K\u00f6ln?\",\"datePublished\":\"2011-08-22T07:58:40+00:00\",\"dateModified\":\"2012-01-23T17:28:31+00:00\",\"mainEntityOfPage\":{\"@id\":\"https:\\\/\\\/www.gaidaphotos.com\\\/blog\\\/2011\\\/08\\\/22\\\/strassenfest-verkaufsoffener-sonntag-28-8-2011-in-koeln\\\/\"},\"wordCount\":108,\"commentCount\":1,\"publisher\":{\"@id\":\"https:\\\/\\\/www.gaidaphotos.com\\\/blog\\\/#organization\"},\"image\":{\"@id\":\"https:\\\/\\\/www.gaidaphotos.com\\\/blog\\\/2011\\\/08\\\/22\\\/strassenfest-verkaufsoffener-sonntag-28-8-2011-in-koeln\\\/#primaryimage\"},\"thumbnailUrl\":\"https:\\\/\\\/www.gaidaphotos.com\\\/blog\\\/wp-content\\\/uploads\\\/2020\\\/08\\\/nggallery_import\\\/82_\",\"keywords\":[\"verkaufsoffener Sonntag\"],\"articleSection\":[\"Verkaufsoffener Sonntag K\u00f6ln NRW\"],\"inLanguage\":\"de\",\"potentialAction\":[{\"@type\":\"CommentAction\",\"name\":\"Comment\",\"target\":[\"https:\\\/\\\/www.gaidaphotos.com\\\/blog\\\/2011\\\/08\\\/22\\\/strassenfest-verkaufsoffener-sonntag-28-8-2011-in-koeln\\\/#respond\"]}]},{\"@type\":\"WebPage\",\"@id\":\"https:\\\/\\\/www.gaidaphotos.com\\\/blog\\\/2011\\\/08\\\/22\\\/strassenfest-verkaufsoffener-sonntag-28-8-2011-in-koeln\\\/\",\"url\":\"https:\\\/\\\/www.gaidaphotos.com\\\/blog\\\/2011\\\/08\\\/22\\\/strassenfest-verkaufsoffener-sonntag-28-8-2011-in-koeln\\\/\",\"name\":\"Stra\u00dfenfest Verkaufsoffener Sonntag 28.8.2011 in K\u00f6ln?\",\"isPartOf\":{\"@id\":\"https:\\\/\\\/www.gaidaphotos.com\\\/blog\\\/#website\"},\"primaryImageOfPage\":{\"@id\":\"https:\\\/\\\/www.gaidaphotos.com\\\/blog\\\/2011\\\/08\\\/22\\\/strassenfest-verkaufsoffener-sonntag-28-8-2011-in-koeln\\\/#primaryimage\"},\"image\":{\"@id\":\"https:\\\/\\\/www.gaidaphotos.com\\\/blog\\\/2011\\\/08\\\/22\\\/strassenfest-verkaufsoffener-sonntag-28-8-2011-in-koeln\\\/#primaryimage\"},\"thumbnailUrl\":\"https:\\\/\\\/www.gaidaphotos.com\\\/blog\\\/wp-content\\\/uploads\\\/2020\\\/08\\\/nggallery_import\\\/82_\",\"datePublished\":\"2011-08-22T07:58:40+00:00\",\"dateModified\":\"2012-01-23T17:28:31+00:00\",\"description\":\"Wer am Sonntag mal vor die T\u00fcr m\u00f6chte findet Infos zu Programm. K\u00fcnstler, Angebot, Hinweise f\u00fcr alle verkaufsoffenen Sonntage in K\u00f6ln, und Alternativen wenn mal nirgendwo ge\u00f6ffnet ist.\",\"breadcrumb\":{\"@id\":\"https:\\\/\\\/www.gaidaphotos.com\\\/blog\\\/2011\\\/08\\\/22\\\/strassenfest-verkaufsoffener-sonntag-28-8-2011-in-koeln\\\/#breadcrumb\"},\"inLanguage\":\"de\",\"potentialAction\":[{\"@type\":\"ReadAction\",\"target\":[\"https:\\\/\\\/www.gaidaphotos.com\\\/blog\\\/2011\\\/08\\\/22\\\/strassenfest-verkaufsoffener-sonntag-28-8-2011-in-koeln\\\/\"]}]},{\"@type\":\"ImageObject\",\"inLanguage\":\"de\",\"@id\":\"https:\\\/\\\/www.gaidaphotos.com\\\/blog\\\/2011\\\/08\\\/22\\\/strassenfest-verkaufsoffener-sonntag-28-8-2011-in-koeln\\\/#primaryimage\",\"url\":\"https:\\\/\\\/www.gaidaphotos.com\\\/blog\\\/wp-content\\\/uploads\\\/2020\\\/08\\\/nggallery_import\\\/82_\",\"contentUrl\":\"https:\\\/\\\/www.gaidaphotos.com\\\/blog\\\/wp-content\\\/uploads\\\/2020\\\/08\\\/nggallery_import\\\/82_\",\"width\":1000,\"height\":667},{\"@type\":\"BreadcrumbList\",\"@id\":\"https:\\\/\\\/www.gaidaphotos.com\\\/blog\\\/2011\\\/08\\\/22\\\/strassenfest-verkaufsoffener-sonntag-28-8-2011-in-koeln\\\/#breadcrumb\",\"itemListElement\":[{\"@type\":\"ListItem\",\"position\":1,\"name\":\"Startseite\",\"item\":\"https:\\\/\\\/www.gaidaphotos.com\\\/blog\\\/\"},{\"@type\":\"ListItem\",\"position\":2,\"name\":\"Stra\u00dfenfest Verkaufsoffener Sonntag 28.8.2011 in K\u00f6ln?\"}]},{\"@type\":\"WebSite\",\"@id\":\"https:\\\/\\\/www.gaidaphotos.com\\\/blog\\\/#website\",\"url\":\"https:\\\/\\\/www.gaidaphotos.com\\\/blog\\\/\",\"name\":\"K\u00f6ln Rodenkirchen und die Welt\",\"description\":\"Einkaufen, Restaurants, Freizeit, Nachrichten und was uns sonst bewegt und begegnet\",\"publisher\":{\"@id\":\"https:\\\/\\\/www.gaidaphotos.com\\\/blog\\\/#organization\"},\"potentialAction\":[{\"@type\":\"SearchAction\",\"target\":{\"@type\":\"EntryPoint\",\"urlTemplate\":\"https:\\\/\\\/www.gaidaphotos.com\\\/blog\\\/?s={search_term_string}\"},\"query-input\":{\"@type\":\"PropertyValueSpecification\",\"valueRequired\":true,\"valueName\":\"search_term_string\"}}],\"inLanguage\":\"de\"},{\"@type\":\"Organization\",\"@id\":\"https:\\\/\\\/www.gaidaphotos.com\\\/blog\\\/#organization\",\"name\":\"gaidaphotos\",\"url\":\"https:\\\/\\\/www.gaidaphotos.com\\\/blog\\\/\",\"logo\":{\"@type\":\"ImageObject\",\"inLanguage\":\"de\",\"@id\":\"https:\\\/\\\/www.gaidaphotos.com\\\/blog\\\/#\\\/schema\\\/logo\\\/image\\\/\",\"url\":\"https:\\\/\\\/i0.wp.com\\\/www.gaidaphotos.com\\\/blog\\\/wp-content\\\/uploads\\\/2020\\\/07\\\/GAIDAPHOTOS-COM.jpg?fit=160%2C96&ssl=1\",\"contentUrl\":\"https:\\\/\\\/i0.wp.com\\\/www.gaidaphotos.com\\\/blog\\\/wp-content\\\/uploads\\\/2020\\\/07\\\/GAIDAPHOTOS-COM.jpg?fit=160%2C96&ssl=1\",\"width\":160,\"height\":96,\"caption\":\"gaidaphotos\"},\"image\":{\"@id\":\"https:\\\/\\\/www.gaidaphotos.com\\\/blog\\\/#\\\/schema\\\/logo\\\/image\\\/\"},\"sameAs\":[\"https:\\\/\\\/www.facebook.com\\\/Koeln.Rodenkirchen\",\"https:\\\/\\\/x.com\\\/gaidaphotos\",\"https:\\\/\\\/instagram.com\\\/gaidaphotos\\\/\",\"https:\\\/\\\/de.linkedin.com\\\/in\\\/gaidaphotos\",\"https:\\\/\\\/myspace.com\\\/gaidaphotos\",\"https:\\\/\\\/www.pinterest.com\\\/gaidaphotos\\\/\",\"https:\\\/\\\/www.youtube.com\\\/user\\\/gaidaphotos\"]},{\"@type\":\"Person\",\"@id\":\"https:\\\/\\\/www.gaidaphotos.com\\\/blog\\\/#\\\/schema\\\/person\\\/6c444a5b13ffc503c5c32f5a9ec68b21\",\"name\":\"Thomas\",\"sameAs\":[\"https:\\\/\\\/www.gaidaphotos.com\",\"https:\\\/\\\/www.facebook.com\\\/gaidaphotos\",\"https:\\\/\\\/instagram.com\\\/gaidaphotos\\\/\",\"https:\\\/\\\/www.linkedin.com\\\/in\\\/gaidaphotos\",\"http:\\\/\\\/www.pinterest.com\\\/gaidaphotos\\\/\",\"https:\\\/\\\/x.com\\\/gaidaphotos\",\"https:\\\/\\\/myspace.com\\\/gaidaphotos\",\"https:\\\/\\\/www.youtube.com\\\/user\\\/gaidaphotos\",\"https:\\\/\\\/gaidaphotos.tumblr.com\\\/\"]}]}<\/script>\n<!-- \/ Yoast SEO plugin. -->","yoast_head_json":{"title":"Stra\u00dfenfest Verkaufsoffener Sonntag 28.8.2011 in K\u00f6ln?","description":"Wer am Sonntag mal vor die T\u00fcr m\u00f6chte findet Infos zu Programm. K\u00fcnstler, Angebot, Hinweise f\u00fcr alle verkaufsoffenen Sonntage in K\u00f6ln, und Alternativen wenn mal nirgendwo ge\u00f6ffnet ist.","robots":{"index":"index","follow":"follow","max-snippet":"max-snippet:-1","max-image-preview":"max-image-preview:large","max-video-preview":"max-video-preview:-1"},"canonical":"https:\/\/www.gaidaphotos.com\/blog\/2011\/08\/22\/strassenfest-verkaufsoffener-sonntag-28-8-2011-in-koeln\/","og_locale":"de_DE","og_type":"article","og_title":"Stra\u00dfenfest Verkaufsoffener Sonntag 28.8.2011 in K\u00f6ln?","og_description":"Wer am Sonntag mal vor die T\u00fcr m\u00f6chte findet Infos zu Programm. K\u00fcnstler, Angebot, Hinweise f\u00fcr alle verkaufsoffenen Sonntage in K\u00f6ln, und Alternativen wenn mal nirgendwo ge\u00f6ffnet ist.","og_url":"https:\/\/www.gaidaphotos.com\/blog\/2011\/08\/22\/strassenfest-verkaufsoffener-sonntag-28-8-2011-in-koeln\/","og_site_name":"K\u00f6ln Rodenkirchen und die Welt","article_publisher":"https:\/\/www.facebook.com\/Koeln.Rodenkirchen","article_author":"https:\/\/www.facebook.com\/gaidaphotos","article_published_time":"2011-08-22T07:58:40+00:00","article_modified_time":"2012-01-23T17:28:31+00:00","og_image":[{"width":1000,"height":667,"url":"https:\/\/www.gaidaphotos.com\/blog\/wp-content\/uploads\/2020\/08\/nggallery_import\/82_","type":"image\/jpeg"}],"author":"Thomas","twitter_card":"summary_large_image","twitter_creator":"@gaidaphotos","twitter_site":"@gaidaphotos","twitter_misc":{"Verfasst von":"Thomas","Gesch\u00e4tzte Lesezeit":"1\u00a0Minute"},"schema":{"@context":"https:\/\/schema.org","@graph":[{"@type":"Article","@id":"https:\/\/www.gaidaphotos.com\/blog\/2011\/08\/22\/strassenfest-verkaufsoffener-sonntag-28-8-2011-in-koeln\/#article","isPartOf":{"@id":"https:\/\/www.gaidaphotos.com\/blog\/2011\/08\/22\/strassenfest-verkaufsoffener-sonntag-28-8-2011-in-koeln\/"},"author":{"name":"Thomas","@id":"https:\/\/www.gaidaphotos.com\/blog\/#\/schema\/person\/6c444a5b13ffc503c5c32f5a9ec68b21"},"headline":"Stra\u00dfenfest Verkaufsoffener Sonntag 28.8.2011 in K\u00f6ln?","datePublished":"2011-08-22T07:58:40+00:00","dateModified":"2012-01-23T17:28:31+00:00","mainEntityOfPage":{"@id":"https:\/\/www.gaidaphotos.com\/blog\/2011\/08\/22\/strassenfest-verkaufsoffener-sonntag-28-8-2011-in-koeln\/"},"wordCount":108,"commentCount":1,"publisher":{"@id":"https:\/\/www.gaidaphotos.com\/blog\/#organization"},"image":{"@id":"https:\/\/www.gaidaphotos.com\/blog\/2011\/08\/22\/strassenfest-verkaufsoffener-sonntag-28-8-2011-in-koeln\/#primaryimage"},"thumbnailUrl":"https:\/\/www.gaidaphotos.com\/blog\/wp-content\/uploads\/2020\/08\/nggallery_import\/82_","keywords":["verkaufsoffener Sonntag"],"articleSection":["Verkaufsoffener Sonntag K\u00f6ln NRW"],"inLanguage":"de","potentialAction":[{"@type":"CommentAction","name":"Comment","target":["https:\/\/www.gaidaphotos.com\/blog\/2011\/08\/22\/strassenfest-verkaufsoffener-sonntag-28-8-2011-in-koeln\/#respond"]}]},{"@type":"WebPage","@id":"https:\/\/www.gaidaphotos.com\/blog\/2011\/08\/22\/strassenfest-verkaufsoffener-sonntag-28-8-2011-in-koeln\/","url":"https:\/\/www.gaidaphotos.com\/blog\/2011\/08\/22\/strassenfest-verkaufsoffener-sonntag-28-8-2011-in-koeln\/","name":"Stra\u00dfenfest Verkaufsoffener Sonntag 28.8.2011 in K\u00f6ln?","isPartOf":{"@id":"https:\/\/www.gaidaphotos.com\/blog\/#website"},"primaryImageOfPage":{"@id":"https:\/\/www.gaidaphotos.com\/blog\/2011\/08\/22\/strassenfest-verkaufsoffener-sonntag-28-8-2011-in-koeln\/#primaryimage"},"image":{"@id":"https:\/\/www.gaidaphotos.com\/blog\/2011\/08\/22\/strassenfest-verkaufsoffener-sonntag-28-8-2011-in-koeln\/#primaryimage"},"thumbnailUrl":"https:\/\/www.gaidaphotos.com\/blog\/wp-content\/uploads\/2020\/08\/nggallery_import\/82_","datePublished":"2011-08-22T07:58:40+00:00","dateModified":"2012-01-23T17:28:31+00:00","description":"Wer am Sonntag mal vor die T\u00fcr m\u00f6chte findet Infos zu Programm. K\u00fcnstler, Angebot, Hinweise f\u00fcr alle verkaufsoffenen Sonntage in K\u00f6ln, und Alternativen wenn mal nirgendwo ge\u00f6ffnet ist.","breadcrumb":{"@id":"https:\/\/www.gaidaphotos.com\/blog\/2011\/08\/22\/strassenfest-verkaufsoffener-sonntag-28-8-2011-in-koeln\/#breadcrumb"},"inLanguage":"de","potentialAction":[{"@type":"ReadAction","target":["https:\/\/www.gaidaphotos.com\/blog\/2011\/08\/22\/strassenfest-verkaufsoffener-sonntag-28-8-2011-in-koeln\/"]}]},{"@type":"ImageObject","inLanguage":"de","@id":"https:\/\/www.gaidaphotos.com\/blog\/2011\/08\/22\/strassenfest-verkaufsoffener-sonntag-28-8-2011-in-koeln\/#primaryimage","url":"https:\/\/www.gaidaphotos.com\/blog\/wp-content\/uploads\/2020\/08\/nggallery_import\/82_","contentUrl":"https:\/\/www.gaidaphotos.com\/blog\/wp-content\/uploads\/2020\/08\/nggallery_import\/82_","width":1000,"height":667},{"@type":"BreadcrumbList","@id":"https:\/\/www.gaidaphotos.com\/blog\/2011\/08\/22\/strassenfest-verkaufsoffener-sonntag-28-8-2011-in-koeln\/#breadcrumb","itemListElement":[{"@type":"ListItem","position":1,"name":"Startseite","item":"https:\/\/www.gaidaphotos.com\/blog\/"},{"@type":"ListItem","position":2,"name":"Stra\u00dfenfest Verkaufsoffener Sonntag 28.8.2011 in K\u00f6ln?"}]},{"@type":"WebSite","@id":"https:\/\/www.gaidaphotos.com\/blog\/#website","url":"https:\/\/www.gaidaphotos.com\/blog\/","name":"K\u00f6ln Rodenkirchen und die Welt","description":"Einkaufen, Restaurants, Freizeit, Nachrichten und was uns sonst bewegt und begegnet","publisher":{"@id":"https:\/\/www.gaidaphotos.com\/blog\/#organization"},"potentialAction":[{"@type":"SearchAction","target":{"@type":"EntryPoint","urlTemplate":"https:\/\/www.gaidaphotos.com\/blog\/?s={search_term_string}"},"query-input":{"@type":"PropertyValueSpecification","valueRequired":true,"valueName":"search_term_string"}}],"inLanguage":"de"},{"@type":"Organization","@id":"https:\/\/www.gaidaphotos.com\/blog\/#organization","name":"gaidaphotos","url":"https:\/\/www.gaidaphotos.com\/blog\/","logo":{"@type":"ImageObject","inLanguage":"de","@id":"https:\/\/www.gaidaphotos.com\/blog\/#\/schema\/logo\/image\/","url":"https:\/\/i0.wp.com\/www.gaidaphotos.com\/blog\/wp-content\/uploads\/2020\/07\/GAIDAPHOTOS-COM.jpg?fit=160%2C96&ssl=1","contentUrl":"https:\/\/i0.wp.com\/www.gaidaphotos.com\/blog\/wp-content\/uploads\/2020\/07\/GAIDAPHOTOS-COM.jpg?fit=160%2C96&ssl=1","width":160,"height":96,"caption":"gaidaphotos"},"image":{"@id":"https:\/\/www.gaidaphotos.com\/blog\/#\/schema\/logo\/image\/"},"sameAs":["https:\/\/www.facebook.com\/Koeln.Rodenkirchen","https:\/\/x.com\/gaidaphotos","https:\/\/instagram.com\/gaidaphotos\/","https:\/\/de.linkedin.com\/in\/gaidaphotos","https:\/\/myspace.com\/gaidaphotos","https:\/\/www.pinterest.com\/gaidaphotos\/","https:\/\/www.youtube.com\/user\/gaidaphotos"]},{"@type":"Person","@id":"https:\/\/www.gaidaphotos.com\/blog\/#\/schema\/person\/6c444a5b13ffc503c5c32f5a9ec68b21","name":"Thomas","sameAs":["https:\/\/www.gaidaphotos.com","https:\/\/www.facebook.com\/gaidaphotos","https:\/\/instagram.com\/gaidaphotos\/","https:\/\/www.linkedin.com\/in\/gaidaphotos","http:\/\/www.pinterest.com\/gaidaphotos\/","https:\/\/x.com\/gaidaphotos","https:\/\/myspace.com\/gaidaphotos","https:\/\/www.youtube.com\/user\/gaidaphotos","https:\/\/gaidaphotos.tumblr.com\/"]}]}},"jetpack_publicize_connections":[],"jetpack_featured_media_url":"https:\/\/www.gaidaphotos.com\/blog\/wp-content\/uploads\/2020\/08\/nggallery_import\/82_","jetpack_sharing_enabled":true,"jetpack_likes_enabled":true,"jetpack-related-posts":[{"id":3591,"url":"https:\/\/www.gaidaphotos.com\/blog\/2011\/08\/10\/strassenfest-verkaufsoffener-sonntag-14-8-2011-in-koeln-ehrenfeld\/","url_meta":{"origin":3623,"position":0},"title":"Stra\u00dfenfest Verkaufsoffener Sonntag 14.8.2011 in K\u00f6ln Ehrenfeld","author":"Thomas","date":"10. August 2011","format":false,"excerpt":"Stra\u00dfenfest Verkaufsoffener Sonntag 14.8.2011 in K\u00f6ln Ehrenfeld (NRW) Trotz Ferien und \"Herbstwetter\" strengt sich Ehrenfeld am kommenden Sonntag ganz besonders an, den Besuchern von Stra\u00dfenfest und verkaufsoffenem Sonntag etwas zu bieten. K\u00f6ln Ehrenfeld Sonntag von 13:00-18:00h Subbelrather Stra\u00dfe - Innere Kanalstra\u00dfe - Weinsbergstra\u00dfe - Melateng\u00fcrtel - Oskar-J\u00e4ger-Stra\u00dfe - Widdersdorfer Stra\u00dfe\u2026","rel":"","context":"In &quot;Verkaufsoffener Sonntag K\u00f6ln NRW&quot;","block_context":{"text":"Verkaufsoffener Sonntag K\u00f6ln NRW","link":"https:\/\/www.gaidaphotos.com\/blog\/category\/kalender-archiv\/verkaufsoffener-sonntag-koln-nrw\/"},"img":{"alt_text":"","src":"https:\/\/www.gaidaphotos.com\/blog\/wp-content\/uploads\/2020\/08\/nggallery_import\/66_","width":350,"height":200,"srcset":"https:\/\/www.gaidaphotos.com\/blog\/wp-content\/uploads\/2020\/08\/nggallery_import\/66_ 1x, https:\/\/www.gaidaphotos.com\/blog\/wp-content\/uploads\/2020\/08\/nggallery_import\/66_ 1.5x"},"classes":[]},{"id":3497,"url":"https:\/\/www.gaidaphotos.com\/blog\/2011\/01\/31\/verkaufsoffener-sonntag-13-02-2011-in-koln-nrw\/","url_meta":{"origin":3623,"position":1},"title":"Verkaufsoffener Sonntag 13.02.2011 in K\u00f6ln (NRW)?","author":"Thomas","date":"31. Januar 2011","format":false,"excerpt":"Verkaufsoffener Sonntag 13.02.2011 in K\u00f6ln? In welchem K\u00f6lner Veedel oder Stadteil sind am 13.02.2011 die Gesch\u00e4fte ge\u00f6ffnet (verkaufsoffener Sonntag)? So langsam d\u00fcrfen die Kassen wieder klingeln. Am Anfang des Monats ist ja noch ein wenig Geld \u00fcbrig. Und nicht vergessen: am 14. Februar 2011 ist Valentinstag! Also husch, husch noch\u2026","rel":"","context":"In &quot;Verkaufsoffener Sonntag K\u00f6ln NRW&quot;","block_context":{"text":"Verkaufsoffener Sonntag K\u00f6ln NRW","link":"https:\/\/www.gaidaphotos.com\/blog\/category\/kalender-archiv\/verkaufsoffener-sonntag-koln-nrw\/"},"img":{"alt_text":"","src":"https:\/\/www.gaidaphotos.com\/blog\/wp-content\/uploads\/2020\/08\/nggallery_import\/4_","width":350,"height":200},"classes":[]},{"id":3629,"url":"https:\/\/www.gaidaphotos.com\/blog\/2011\/08\/30\/strassenfest-verkaufsoffener-sonntag-04-09-2011-in-koeln\/","url_meta":{"origin":3623,"position":2},"title":"Stra\u00dfenfest + Verkaufsoffener Sonntag 04.09.2011 in K\u00f6ln","author":"Thomas","date":"30. August 2011","format":false,"excerpt":"Verkaufsoffener Sonntag in K\u00f6ln (NRW) In diesen K\u00f6lner Stadtteilen k\u00f6nnen Sie am 2011 (verkaufsoffener Sonntag) nach Herzenslust shoppen. K\u00f6ln Agnesviertel verkaufsoffener Sonntag von 13:00-18:00h Neusser Wall - H\u00fclchrather Stra\u00dfe - Sudermannstra\u00dfe - Melchiorstra\u00dfe - Krefelder Wall K\u00f6ln Neustadt-S\u00fcd verkaufsoffener Sonntag von 13:00-18:00h Am Bayenturm - Agrippinaufer - Bahntrasse - Vorgebirgsstra\u00dfe\u2026","rel":"","context":"In &quot;K\u00f6ln&quot;","block_context":{"text":"K\u00f6ln","link":"https:\/\/www.gaidaphotos.com\/blog\/category\/koeln\/"},"img":{"alt_text":"","src":"https:\/\/www.gaidaphotos.com\/blog\/wp-content\/uploads\/2020\/08\/nggallery_import\/50_","width":350,"height":200,"srcset":"https:\/\/www.gaidaphotos.com\/blog\/wp-content\/uploads\/2020\/08\/nggallery_import\/50_ 1x, https:\/\/www.gaidaphotos.com\/blog\/wp-content\/uploads\/2020\/08\/nggallery_import\/50_ 1.5x, https:\/\/www.gaidaphotos.com\/blog\/wp-content\/uploads\/2020\/08\/nggallery_import\/50_ 2x"},"classes":[]},{"id":3664,"url":"https:\/\/www.gaidaphotos.com\/blog\/2011\/09\/07\/strassenfest-verkaufsoffener-sonntag-11-09-2011-in-koeln\/","url_meta":{"origin":3623,"position":3},"title":"Stra\u00dfenfest + Verkaufsoffener Sonntag 11.09.2011 in K\u00f6ln?","author":"Thomas","date":"7. September 2011","format":false,"excerpt":"Verkaufsoffener Sonntag .03.2011 in K\u00f6ln? Wo kann man am 11.09.2011 in K\u00f6ln shoppen (verkaufsoffener Sonntag)? Pech gehabt. K\u00f6ln ist am 11.09.2011 \"Verkaufsoffen-Freie-Zone\". Wie w\u00e4r's mit einem Familienausflug zum Freilichtmuseum Kommern? Wenn sich die Bl\u00e4tter zu f\u00e4rben beginnen ist das eine tolle Fotogelegenheit. Am 11.09.2011 ist in K\u00f6ln kein verkaufsoffener Sonntag.\u2026","rel":"","context":"In &quot;Verkaufsoffener Sonntag K\u00f6ln NRW&quot;","block_context":{"text":"Verkaufsoffener Sonntag K\u00f6ln NRW","link":"https:\/\/www.gaidaphotos.com\/blog\/category\/kalender-archiv\/verkaufsoffener-sonntag-koln-nrw\/"},"img":{"alt_text":"","src":"https:\/\/www.gaidaphotos.com\/blog\/wp-content\/uploads\/2020\/08\/nggallery_import\/106_","width":350,"height":200,"srcset":"https:\/\/www.gaidaphotos.com\/blog\/wp-content\/uploads\/2020\/08\/nggallery_import\/106_ 1x, https:\/\/www.gaidaphotos.com\/blog\/wp-content\/uploads\/2020\/08\/nggallery_import\/106_ 1.5x, https:\/\/www.gaidaphotos.com\/blog\/wp-content\/uploads\/2020\/08\/nggallery_import\/106_ 2x"},"classes":[]},{"id":3582,"url":"https:\/\/www.gaidaphotos.com\/blog\/2011\/07\/14\/verkaufsoffener-sonntag-17-07-2011-in-koln-nrw\/","url_meta":{"origin":3623,"position":4},"title":"Verkaufsoffener Sonntag 17.07.2011 in K\u00f6ln (NRW)?","author":"Thomas","date":"14. Juli 2011","format":false,"excerpt":"Verkaufsoffener Sonntag 17.07.2011 in K\u00f6ln? In welchem K\u00f6lner Veedel oder Stadteil sind am 17.07.2011 die Gesch\u00e4fte ge\u00f6ffnet (verkaufsoffener Sonntag)? Wir sagen Ihnen nicht nur wo sondern auch was am verkaufsoffenen Sonntag in K\u00f6ln alles geboten wird. Begleitprogramm zum verkaufsoffenen Sonnatg in K\u00f6ln mit K\u00fcnstlern und allen anderen Informationen rund um\u2026","rel":"","context":"In &quot;Verkaufsoffener Sonntag K\u00f6ln NRW&quot;","block_context":{"text":"Verkaufsoffener Sonntag K\u00f6ln NRW","link":"https:\/\/www.gaidaphotos.com\/blog\/category\/kalender-archiv\/verkaufsoffener-sonntag-koln-nrw\/"},"img":{"alt_text":"","src":"https:\/\/www.gaidaphotos.com\/blog\/wp-content\/uploads\/2020\/08\/nggallery_import\/80_","width":350,"height":200},"classes":[]},{"id":3583,"url":"https:\/\/www.gaidaphotos.com\/blog\/2011\/07\/18\/verkaufsoffener-sonntag-24-07-2011-in-koln-nrw\/","url_meta":{"origin":3623,"position":5},"title":"Verkaufsoffener Sonntag 24.07.2011 in K\u00f6ln (NRW)?","author":"Thomas","date":"18. Juli 2011","format":false,"excerpt":"Verkaufsoffener Sonntag 24.07.2011 in K\u00f6ln? In welchem K\u00f6lner Veedel oder Stadteil sind am 24.07.2011 die Gesch\u00e4fte ge\u00f6ffnet (verkaufsoffener Sonntag)? Wir sagen Ihnen nicht nur wo sondern auch was am verkaufsoffenen Sonntag in K\u00f6ln alles geboten wird. Begleitprogramm zum verkaufsoffenen Sonnatg in K\u00f6ln mit K\u00fcnstlern und allen anderen Informationen rund um\u2026","rel":"","context":"In &quot;Verkaufsoffener Sonntag K\u00f6ln NRW&quot;","block_context":{"text":"Verkaufsoffener Sonntag K\u00f6ln NRW","link":"https:\/\/www.gaidaphotos.com\/blog\/category\/kalender-archiv\/verkaufsoffener-sonntag-koln-nrw\/"},"img":{"alt_text":"","src":"https:\/\/www.gaidaphotos.com\/blog\/wp-content\/uploads\/2020\/08\/nggallery_import\/87_","width":350,"height":200},"classes":[]}],"_links":{"self":[{"href":"https:\/\/www.gaidaphotos.com\/blog\/wp-json\/wp\/v2\/posts\/3623","targetHints":{"allow":["GET"]}}],"collection":[{"href":"https:\/\/www.gaidaphotos.com\/blog\/wp-json\/wp\/v2\/posts"}],"about":[{"href":"https:\/\/www.gaidaphotos.com\/blog\/wp-json\/wp\/v2\/types\/post"}],"author":[{"embeddable":true,"href":"https:\/\/www.gaidaphotos.com\/blog\/wp-json\/wp\/v2\/users\/6"}],"replies":[{"embeddable":true,"href":"https:\/\/www.gaidaphotos.com\/blog\/wp-json\/wp\/v2\/comments?post=3623"}],"version-history":[{"count":0,"href":"https:\/\/www.gaidaphotos.com\/blog\/wp-json\/wp\/v2\/posts\/3623\/revisions"}],"wp:featuredmedia":[{"embeddable":true,"href":"https:\/\/www.gaidaphotos.com\/blog\/wp-json\/wp\/v2\/media\/12369"}],"wp:attachment":[{"href":"https:\/\/www.gaidaphotos.com\/blog\/wp-json\/wp\/v2\/media?parent=3623"}],"wp:term":[{"taxonomy":"category","embeddable":true,"href":"https:\/\/www.gaidaphotos.com\/blog\/wp-json\/wp\/v2\/categories?post=3623"},{"taxonomy":"post_tag","embeddable":true,"href":"https:\/\/www.gaidaphotos.com\/blog\/wp-json\/wp\/v2\/tags?post=3623"}],"curies":[{"name":"wp","href":"https:\/\/api.w.org\/{rel}","templated":true}]}}