{"id":3629,"date":"2011-08-30T16:13:17","date_gmt":"2011-08-30T14:13:17","guid":{"rendered":"http:\/\/www.gaidaphotos.com\/blog\/?p=3629"},"modified":"2012-01-23T18:25:59","modified_gmt":"2012-01-23T17:25:59","slug":"strassenfest-verkaufsoffener-sonntag-04-09-2011-in-koeln","status":"publish","type":"post","link":"https:\/\/www.gaidaphotos.com\/blog\/2011\/08\/30\/strassenfest-verkaufsoffener-sonntag-04-09-2011-in-koeln\/","title":{"rendered":"Stra\u00dfenfest + Verkaufsoffener Sonntag 04.09.2011 in K\u00f6ln"},"content":{"rendered":"<h2>Verkaufsoffener Sonntag  in K\u00f6ln (NRW)<\/h2>\n<p><figure style=\"width: 325px\" class=\"wp-caption alignleftr\"> ngg_shortcode_0_placeholder <figcaption class=\"wp-caption-text\">Hotel Baden Baden in Riccione - unsere Empfehlung f\u00fcr den Italien-Urlaub<\/figcaption><\/figure>In diesen K\u00f6lner Stadtteilen k\u00f6nnen Sie am 2011 (verkaufsoffener Sonntag) nach Herzenslust shoppen.<\/p>\n<ul>\n<li><strong>K\u00f6ln Agnesviertel<\/strong> verkaufsoffener Sonntag von 13:00-18:00h<br \/>\nNeusser Wall &#8211; H\u00fclchrather Stra\u00dfe &#8211; Sudermannstra\u00dfe &#8211; Melchiorstra\u00dfe &#8211; Krefelder Wall\n<\/li>\n<li><strong>K\u00f6ln Neustadt-S\u00fcd<\/strong> verkaufsoffener Sonntag von 13:00-18:00h<br \/>\nAm Bayenturm &#8211; Agrippinaufer &#8211; Bahntrasse &#8211; Vorgebirgsstra\u00dfe &#8211; Karolinger Ring &#8211; Chlodwigplatz &#8211; Ubierring<\/li>\n<li><strong>K\u00f6ln S\u00fclz\/Klettenberg<\/strong> offener Sonntag von 13:00-18:00h<br \/>\nZ\u00fclpicher Stra\u00dfe &#8211; Stauderstra\u00dfe &#8211; Rudolf-Amelunxen-Stra\u00dfe &#8211; Rh\u00f6ndorfer Stra\u00dfe &#8211; Bundesautobahn &#8211; Gleueler Stra\u00dfe<br \/>\n<strong>Carr\u00e9efest &#8211; Stra\u00dfenfest von S\u00fclz\/Klettenberg<\/strong>.<br \/>Am ersten Wochenende im September werden die Stra\u00dfen im Bereich der Veranstaltung ein ganzes Wochenende f\u00fcr den Autoverkehr gesperrt. Bei diesem Veedelsfest finden die Aktionen sowohl auf der Stra\u00dfe als auch in den teilnehmenden Gesch\u00e4ften statt.<br \/>\nParty gibt es auf der Hauptb\u00fchne S\u00fclzburgstra\u00dfe, Ecke Luxemburgerstra\u00dfe. In H\u00f6he Berrenratherstra\u00dfe bis zur Gerolsteinerstra\u00dfe geht es mit Musik gem\u00fctlich bei K\u00f6lsch und Prosecco zu. Am gegen\u00fcberliegenden Ende vor der Nikolauskirche ist Gelegenheit zum &#8222;Chill-Out&#8220;.\n<\/li>\n<li><strong>K\u00f6ln S\u00fcrth<\/strong> verkaufsoffener Sonntag von 12:00-17:00h<br \/>\nS\u00fcrther Stra\u00dfe &#8211; Am Feldrain &#8211; Holzweg &#8211; Rhein &#8211; Sonnenblumenweg &#8211; Tulpenweg &#8211; An den Weiden &#8211; Industriestra\u00dfe<\/li>\n<li>\n<p><strong>\u00d6ffnungszeiten <\/strong>f\u00fcr den <strong>verkaufsoffenen Sonntag in K\u00f6ln <\/strong>am : 13:00 &#8211; 18:00h<\/p>\n<p><?php include(\"wp-content\/include\/verkaufsoffener-sonntag.php\"); ?><\/p>\n<h3>Lizenzfreie Fotos:<\/h3>\n<p>Foto oben: <a href=\"http:\/\/www.hotelbadenbaden.it\/\" title=\"Hotel in Riccione\" target=\"_blank\">Hotel Baden Baden in Riccione<\/a> &#8211; unsere Empfehlung f\u00fcr den Italien-Urlaub. <br \/>\nErlebnisbericht und Erfahrungen aus unseren <a href=\"https:\/\/www.gaidaphotos.com\/blog\/tag\/riccione-adria\/\" title=\"Riccione, Adrtia, Italien: Urlaub, Hotels, Empfehlungen, Berichte\">Urlauben in Riccione\/Italien<\/a>.<\/p>\n","protected":false},"excerpt":{"rendered":"<p>Verkaufsoffener Sonntag in K\u00f6ln (NRW) In diesen K\u00f6lner Stadtteilen k\u00f6nnen Sie am 2011 (verkaufsoffener Sonntag) nach Herzenslust shoppen. K\u00f6ln Agnesviertel<\/p>\n","protected":false},"author":6,"featured_media":12337,"comment_status":"open","ping_status":"open","sticky":false,"template":"","format":"standard","meta":{"_crdt_document":"","ngg_post_thumbnail":0,"jetpack_post_was_ever_published":false,"_jetpack_newsletter_access":"","_jetpack_dont_email_post_to_subs":false,"_jetpack_newsletter_tier_id":0,"_jetpack_memberships_contains_paywalled_content":false,"_jetpack_memberships_contains_paid_content":false,"footnotes":"","jetpack_publicize_message":"","jetpack_publicize_feature_enabled":true,"jetpack_social_post_already_shared":false,"jetpack_social_options":{"image_generator_settings":{"template":"highway","default_image_id":0,"font":"","enabled":false},"version":2}},"categories":[98,178],"tags":[],"class_list":["post-3629","post","type-post","status-publish","format-standard","has-post-thumbnail","hentry","category-koeln","category-verkaufsoffener-sonntag-koln-nrw"],"yoast_head":"<!-- This site is optimized with the Yoast SEO plugin v27.5 - https:\/\/yoast.com\/product\/yoast-seo-wordpress\/ -->\n<title>Stra\u00dfenfest + Verkaufsoffener Sonntag 04.09.2011 in K\u00f6ln<\/title>\n<meta name=\"description\" content=\"Wer am Sonntag noch Geld in der Tasche hat findet Infos zu Programm. K\u00fcnstler, Angebot, Hinweise f\u00fcr alle verkaufsoffenen Sonntage in K\u00f6ln.\" \/>\n<meta name=\"robots\" content=\"index, follow, max-snippet:-1, max-image-preview:large, max-video-preview:-1\" \/>\n<link rel=\"canonical\" href=\"https:\/\/www.gaidaphotos.com\/blog\/2011\/08\/30\/strassenfest-verkaufsoffener-sonntag-04-09-2011-in-koeln\/\" \/>\n<meta property=\"og:locale\" content=\"de_DE\" \/>\n<meta property=\"og:type\" content=\"article\" \/>\n<meta property=\"og:title\" content=\"Stra\u00dfenfest + Verkaufsoffener Sonntag 04.09.2011 in K\u00f6ln\" \/>\n<meta property=\"og:description\" content=\"Wer am Sonntag noch Geld in der Tasche hat findet Infos zu Programm. K\u00fcnstler, Angebot, Hinweise f\u00fcr alle verkaufsoffenen Sonntage in K\u00f6ln.\" \/>\n<meta property=\"og:url\" content=\"https:\/\/www.gaidaphotos.com\/blog\/2011\/08\/30\/strassenfest-verkaufsoffener-sonntag-04-09-2011-in-koeln\/\" \/>\n<meta property=\"og:site_name\" content=\"K\u00f6ln Rodenkirchen und die Welt\" \/>\n<meta property=\"article:publisher\" content=\"https:\/\/www.facebook.com\/Koeln.Rodenkirchen\" \/>\n<meta property=\"article:author\" content=\"https:\/\/www.facebook.com\/gaidaphotos\" \/>\n<meta property=\"article:published_time\" content=\"2011-08-30T14:13:17+00:00\" \/>\n<meta property=\"article:modified_time\" content=\"2012-01-23T17:25:59+00:00\" \/>\n<meta property=\"og:image\" content=\"https:\/\/www.gaidaphotos.com\/blog\/wp-content\/uploads\/2020\/08\/nggallery_import\/50_\" \/>\n\t<meta property=\"og:image:width\" content=\"1000\" \/>\n\t<meta property=\"og:image:height\" content=\"667\" \/>\n\t<meta property=\"og:image:type\" content=\"image\/jpeg\" \/>\n<meta name=\"author\" content=\"Thomas\" \/>\n<meta name=\"twitter:card\" content=\"summary_large_image\" \/>\n<meta name=\"twitter:creator\" content=\"@gaidaphotos\" \/>\n<meta name=\"twitter:site\" content=\"@gaidaphotos\" \/>\n<meta name=\"twitter:label1\" content=\"Verfasst von\" \/>\n\t<meta name=\"twitter:data1\" content=\"Thomas\" \/>\n\t<meta name=\"twitter:label2\" content=\"Gesch\u00e4tzte Lesezeit\" \/>\n\t<meta name=\"twitter:data2\" content=\"1\u00a0Minute\" \/>\n<script type=\"application\/ld+json\" class=\"yoast-schema-graph\">{\"@context\":\"https:\\\/\\\/schema.org\",\"@graph\":[{\"@type\":\"Article\",\"@id\":\"https:\\\/\\\/www.gaidaphotos.com\\\/blog\\\/2011\\\/08\\\/30\\\/strassenfest-verkaufsoffener-sonntag-04-09-2011-in-koeln\\\/#article\",\"isPartOf\":{\"@id\":\"https:\\\/\\\/www.gaidaphotos.com\\\/blog\\\/2011\\\/08\\\/30\\\/strassenfest-verkaufsoffener-sonntag-04-09-2011-in-koeln\\\/\"},\"author\":{\"name\":\"Thomas\",\"@id\":\"https:\\\/\\\/www.gaidaphotos.com\\\/blog\\\/#\\\/schema\\\/person\\\/6c444a5b13ffc503c5c32f5a9ec68b21\"},\"headline\":\"Stra\u00dfenfest + Verkaufsoffener Sonntag 04.09.2011 in K\u00f6ln\",\"datePublished\":\"2011-08-30T14:13:17+00:00\",\"dateModified\":\"2012-01-23T17:25:59+00:00\",\"mainEntityOfPage\":{\"@id\":\"https:\\\/\\\/www.gaidaphotos.com\\\/blog\\\/2011\\\/08\\\/30\\\/strassenfest-verkaufsoffener-sonntag-04-09-2011-in-koeln\\\/\"},\"wordCount\":293,\"commentCount\":0,\"publisher\":{\"@id\":\"https:\\\/\\\/www.gaidaphotos.com\\\/blog\\\/#organization\"},\"image\":{\"@id\":\"https:\\\/\\\/www.gaidaphotos.com\\\/blog\\\/2011\\\/08\\\/30\\\/strassenfest-verkaufsoffener-sonntag-04-09-2011-in-koeln\\\/#primaryimage\"},\"thumbnailUrl\":\"https:\\\/\\\/www.gaidaphotos.com\\\/blog\\\/wp-content\\\/uploads\\\/2020\\\/08\\\/nggallery_import\\\/50_\",\"articleSection\":[\"K\u00f6ln\",\"Verkaufsoffener Sonntag K\u00f6ln NRW\"],\"inLanguage\":\"de\",\"potentialAction\":[{\"@type\":\"CommentAction\",\"name\":\"Comment\",\"target\":[\"https:\\\/\\\/www.gaidaphotos.com\\\/blog\\\/2011\\\/08\\\/30\\\/strassenfest-verkaufsoffener-sonntag-04-09-2011-in-koeln\\\/#respond\"]}]},{\"@type\":\"WebPage\",\"@id\":\"https:\\\/\\\/www.gaidaphotos.com\\\/blog\\\/2011\\\/08\\\/30\\\/strassenfest-verkaufsoffener-sonntag-04-09-2011-in-koeln\\\/\",\"url\":\"https:\\\/\\\/www.gaidaphotos.com\\\/blog\\\/2011\\\/08\\\/30\\\/strassenfest-verkaufsoffener-sonntag-04-09-2011-in-koeln\\\/\",\"name\":\"Stra\u00dfenfest + Verkaufsoffener Sonntag 04.09.2011 in K\u00f6ln\",\"isPartOf\":{\"@id\":\"https:\\\/\\\/www.gaidaphotos.com\\\/blog\\\/#website\"},\"primaryImageOfPage\":{\"@id\":\"https:\\\/\\\/www.gaidaphotos.com\\\/blog\\\/2011\\\/08\\\/30\\\/strassenfest-verkaufsoffener-sonntag-04-09-2011-in-koeln\\\/#primaryimage\"},\"image\":{\"@id\":\"https:\\\/\\\/www.gaidaphotos.com\\\/blog\\\/2011\\\/08\\\/30\\\/strassenfest-verkaufsoffener-sonntag-04-09-2011-in-koeln\\\/#primaryimage\"},\"thumbnailUrl\":\"https:\\\/\\\/www.gaidaphotos.com\\\/blog\\\/wp-content\\\/uploads\\\/2020\\\/08\\\/nggallery_import\\\/50_\",\"datePublished\":\"2011-08-30T14:13:17+00:00\",\"dateModified\":\"2012-01-23T17:25:59+00:00\",\"description\":\"Wer am Sonntag noch Geld in der Tasche hat findet Infos zu Programm. K\u00fcnstler, Angebot, Hinweise f\u00fcr alle verkaufsoffenen Sonntage in K\u00f6ln.\",\"breadcrumb\":{\"@id\":\"https:\\\/\\\/www.gaidaphotos.com\\\/blog\\\/2011\\\/08\\\/30\\\/strassenfest-verkaufsoffener-sonntag-04-09-2011-in-koeln\\\/#breadcrumb\"},\"inLanguage\":\"de\",\"potentialAction\":[{\"@type\":\"ReadAction\",\"target\":[\"https:\\\/\\\/www.gaidaphotos.com\\\/blog\\\/2011\\\/08\\\/30\\\/strassenfest-verkaufsoffener-sonntag-04-09-2011-in-koeln\\\/\"]}]},{\"@type\":\"ImageObject\",\"inLanguage\":\"de\",\"@id\":\"https:\\\/\\\/www.gaidaphotos.com\\\/blog\\\/2011\\\/08\\\/30\\\/strassenfest-verkaufsoffener-sonntag-04-09-2011-in-koeln\\\/#primaryimage\",\"url\":\"https:\\\/\\\/www.gaidaphotos.com\\\/blog\\\/wp-content\\\/uploads\\\/2020\\\/08\\\/nggallery_import\\\/50_\",\"contentUrl\":\"https:\\\/\\\/www.gaidaphotos.com\\\/blog\\\/wp-content\\\/uploads\\\/2020\\\/08\\\/nggallery_import\\\/50_\",\"width\":1000,\"height\":667},{\"@type\":\"BreadcrumbList\",\"@id\":\"https:\\\/\\\/www.gaidaphotos.com\\\/blog\\\/2011\\\/08\\\/30\\\/strassenfest-verkaufsoffener-sonntag-04-09-2011-in-koeln\\\/#breadcrumb\",\"itemListElement\":[{\"@type\":\"ListItem\",\"position\":1,\"name\":\"Startseite\",\"item\":\"https:\\\/\\\/www.gaidaphotos.com\\\/blog\\\/\"},{\"@type\":\"ListItem\",\"position\":2,\"name\":\"Stra\u00dfenfest + Verkaufsoffener Sonntag 04.09.2011 in K\u00f6ln\"}]},{\"@type\":\"WebSite\",\"@id\":\"https:\\\/\\\/www.gaidaphotos.com\\\/blog\\\/#website\",\"url\":\"https:\\\/\\\/www.gaidaphotos.com\\\/blog\\\/\",\"name\":\"K\u00f6ln Rodenkirchen und die Welt\",\"description\":\"Einkaufen, Restaurants, Freizeit, Nachrichten und was uns sonst bewegt und begegnet\",\"publisher\":{\"@id\":\"https:\\\/\\\/www.gaidaphotos.com\\\/blog\\\/#organization\"},\"potentialAction\":[{\"@type\":\"SearchAction\",\"target\":{\"@type\":\"EntryPoint\",\"urlTemplate\":\"https:\\\/\\\/www.gaidaphotos.com\\\/blog\\\/?s={search_term_string}\"},\"query-input\":{\"@type\":\"PropertyValueSpecification\",\"valueRequired\":true,\"valueName\":\"search_term_string\"}}],\"inLanguage\":\"de\"},{\"@type\":\"Organization\",\"@id\":\"https:\\\/\\\/www.gaidaphotos.com\\\/blog\\\/#organization\",\"name\":\"gaidaphotos\",\"url\":\"https:\\\/\\\/www.gaidaphotos.com\\\/blog\\\/\",\"logo\":{\"@type\":\"ImageObject\",\"inLanguage\":\"de\",\"@id\":\"https:\\\/\\\/www.gaidaphotos.com\\\/blog\\\/#\\\/schema\\\/logo\\\/image\\\/\",\"url\":\"https:\\\/\\\/i0.wp.com\\\/www.gaidaphotos.com\\\/blog\\\/wp-content\\\/uploads\\\/2020\\\/07\\\/GAIDAPHOTOS-COM.jpg?fit=160%2C96&ssl=1\",\"contentUrl\":\"https:\\\/\\\/i0.wp.com\\\/www.gaidaphotos.com\\\/blog\\\/wp-content\\\/uploads\\\/2020\\\/07\\\/GAIDAPHOTOS-COM.jpg?fit=160%2C96&ssl=1\",\"width\":160,\"height\":96,\"caption\":\"gaidaphotos\"},\"image\":{\"@id\":\"https:\\\/\\\/www.gaidaphotos.com\\\/blog\\\/#\\\/schema\\\/logo\\\/image\\\/\"},\"sameAs\":[\"https:\\\/\\\/www.facebook.com\\\/Koeln.Rodenkirchen\",\"https:\\\/\\\/x.com\\\/gaidaphotos\",\"https:\\\/\\\/instagram.com\\\/gaidaphotos\\\/\",\"https:\\\/\\\/de.linkedin.com\\\/in\\\/gaidaphotos\",\"https:\\\/\\\/myspace.com\\\/gaidaphotos\",\"https:\\\/\\\/www.pinterest.com\\\/gaidaphotos\\\/\",\"https:\\\/\\\/www.youtube.com\\\/user\\\/gaidaphotos\"]},{\"@type\":\"Person\",\"@id\":\"https:\\\/\\\/www.gaidaphotos.com\\\/blog\\\/#\\\/schema\\\/person\\\/6c444a5b13ffc503c5c32f5a9ec68b21\",\"name\":\"Thomas\",\"sameAs\":[\"https:\\\/\\\/www.gaidaphotos.com\",\"https:\\\/\\\/www.facebook.com\\\/gaidaphotos\",\"https:\\\/\\\/instagram.com\\\/gaidaphotos\\\/\",\"https:\\\/\\\/www.linkedin.com\\\/in\\\/gaidaphotos\",\"http:\\\/\\\/www.pinterest.com\\\/gaidaphotos\\\/\",\"https:\\\/\\\/x.com\\\/gaidaphotos\",\"https:\\\/\\\/myspace.com\\\/gaidaphotos\",\"https:\\\/\\\/www.youtube.com\\\/user\\\/gaidaphotos\",\"https:\\\/\\\/gaidaphotos.tumblr.com\\\/\"]}]}<\/script>\n<!-- \/ Yoast SEO plugin. -->","yoast_head_json":{"title":"Stra\u00dfenfest + Verkaufsoffener Sonntag 04.09.2011 in K\u00f6ln","description":"Wer am Sonntag noch Geld in der Tasche hat findet Infos zu Programm. K\u00fcnstler, Angebot, Hinweise f\u00fcr alle verkaufsoffenen Sonntage in K\u00f6ln.","robots":{"index":"index","follow":"follow","max-snippet":"max-snippet:-1","max-image-preview":"max-image-preview:large","max-video-preview":"max-video-preview:-1"},"canonical":"https:\/\/www.gaidaphotos.com\/blog\/2011\/08\/30\/strassenfest-verkaufsoffener-sonntag-04-09-2011-in-koeln\/","og_locale":"de_DE","og_type":"article","og_title":"Stra\u00dfenfest + Verkaufsoffener Sonntag 04.09.2011 in K\u00f6ln","og_description":"Wer am Sonntag noch Geld in der Tasche hat findet Infos zu Programm. K\u00fcnstler, Angebot, Hinweise f\u00fcr alle verkaufsoffenen Sonntage in K\u00f6ln.","og_url":"https:\/\/www.gaidaphotos.com\/blog\/2011\/08\/30\/strassenfest-verkaufsoffener-sonntag-04-09-2011-in-koeln\/","og_site_name":"K\u00f6ln Rodenkirchen und die Welt","article_publisher":"https:\/\/www.facebook.com\/Koeln.Rodenkirchen","article_author":"https:\/\/www.facebook.com\/gaidaphotos","article_published_time":"2011-08-30T14:13:17+00:00","article_modified_time":"2012-01-23T17:25:59+00:00","og_image":[{"width":1000,"height":667,"url":"https:\/\/www.gaidaphotos.com\/blog\/wp-content\/uploads\/2020\/08\/nggallery_import\/50_","type":"image\/jpeg"}],"author":"Thomas","twitter_card":"summary_large_image","twitter_creator":"@gaidaphotos","twitter_site":"@gaidaphotos","twitter_misc":{"Verfasst von":"Thomas","Gesch\u00e4tzte Lesezeit":"1\u00a0Minute"},"schema":{"@context":"https:\/\/schema.org","@graph":[{"@type":"Article","@id":"https:\/\/www.gaidaphotos.com\/blog\/2011\/08\/30\/strassenfest-verkaufsoffener-sonntag-04-09-2011-in-koeln\/#article","isPartOf":{"@id":"https:\/\/www.gaidaphotos.com\/blog\/2011\/08\/30\/strassenfest-verkaufsoffener-sonntag-04-09-2011-in-koeln\/"},"author":{"name":"Thomas","@id":"https:\/\/www.gaidaphotos.com\/blog\/#\/schema\/person\/6c444a5b13ffc503c5c32f5a9ec68b21"},"headline":"Stra\u00dfenfest + Verkaufsoffener Sonntag 04.09.2011 in K\u00f6ln","datePublished":"2011-08-30T14:13:17+00:00","dateModified":"2012-01-23T17:25:59+00:00","mainEntityOfPage":{"@id":"https:\/\/www.gaidaphotos.com\/blog\/2011\/08\/30\/strassenfest-verkaufsoffener-sonntag-04-09-2011-in-koeln\/"},"wordCount":293,"commentCount":0,"publisher":{"@id":"https:\/\/www.gaidaphotos.com\/blog\/#organization"},"image":{"@id":"https:\/\/www.gaidaphotos.com\/blog\/2011\/08\/30\/strassenfest-verkaufsoffener-sonntag-04-09-2011-in-koeln\/#primaryimage"},"thumbnailUrl":"https:\/\/www.gaidaphotos.com\/blog\/wp-content\/uploads\/2020\/08\/nggallery_import\/50_","articleSection":["K\u00f6ln","Verkaufsoffener Sonntag K\u00f6ln NRW"],"inLanguage":"de","potentialAction":[{"@type":"CommentAction","name":"Comment","target":["https:\/\/www.gaidaphotos.com\/blog\/2011\/08\/30\/strassenfest-verkaufsoffener-sonntag-04-09-2011-in-koeln\/#respond"]}]},{"@type":"WebPage","@id":"https:\/\/www.gaidaphotos.com\/blog\/2011\/08\/30\/strassenfest-verkaufsoffener-sonntag-04-09-2011-in-koeln\/","url":"https:\/\/www.gaidaphotos.com\/blog\/2011\/08\/30\/strassenfest-verkaufsoffener-sonntag-04-09-2011-in-koeln\/","name":"Stra\u00dfenfest + Verkaufsoffener Sonntag 04.09.2011 in K\u00f6ln","isPartOf":{"@id":"https:\/\/www.gaidaphotos.com\/blog\/#website"},"primaryImageOfPage":{"@id":"https:\/\/www.gaidaphotos.com\/blog\/2011\/08\/30\/strassenfest-verkaufsoffener-sonntag-04-09-2011-in-koeln\/#primaryimage"},"image":{"@id":"https:\/\/www.gaidaphotos.com\/blog\/2011\/08\/30\/strassenfest-verkaufsoffener-sonntag-04-09-2011-in-koeln\/#primaryimage"},"thumbnailUrl":"https:\/\/www.gaidaphotos.com\/blog\/wp-content\/uploads\/2020\/08\/nggallery_import\/50_","datePublished":"2011-08-30T14:13:17+00:00","dateModified":"2012-01-23T17:25:59+00:00","description":"Wer am Sonntag noch Geld in der Tasche hat findet Infos zu Programm. K\u00fcnstler, Angebot, Hinweise f\u00fcr alle verkaufsoffenen Sonntage in K\u00f6ln.","breadcrumb":{"@id":"https:\/\/www.gaidaphotos.com\/blog\/2011\/08\/30\/strassenfest-verkaufsoffener-sonntag-04-09-2011-in-koeln\/#breadcrumb"},"inLanguage":"de","potentialAction":[{"@type":"ReadAction","target":["https:\/\/www.gaidaphotos.com\/blog\/2011\/08\/30\/strassenfest-verkaufsoffener-sonntag-04-09-2011-in-koeln\/"]}]},{"@type":"ImageObject","inLanguage":"de","@id":"https:\/\/www.gaidaphotos.com\/blog\/2011\/08\/30\/strassenfest-verkaufsoffener-sonntag-04-09-2011-in-koeln\/#primaryimage","url":"https:\/\/www.gaidaphotos.com\/blog\/wp-content\/uploads\/2020\/08\/nggallery_import\/50_","contentUrl":"https:\/\/www.gaidaphotos.com\/blog\/wp-content\/uploads\/2020\/08\/nggallery_import\/50_","width":1000,"height":667},{"@type":"BreadcrumbList","@id":"https:\/\/www.gaidaphotos.com\/blog\/2011\/08\/30\/strassenfest-verkaufsoffener-sonntag-04-09-2011-in-koeln\/#breadcrumb","itemListElement":[{"@type":"ListItem","position":1,"name":"Startseite","item":"https:\/\/www.gaidaphotos.com\/blog\/"},{"@type":"ListItem","position":2,"name":"Stra\u00dfenfest + Verkaufsoffener Sonntag 04.09.2011 in K\u00f6ln"}]},{"@type":"WebSite","@id":"https:\/\/www.gaidaphotos.com\/blog\/#website","url":"https:\/\/www.gaidaphotos.com\/blog\/","name":"K\u00f6ln Rodenkirchen und die Welt","description":"Einkaufen, Restaurants, Freizeit, Nachrichten und was uns sonst bewegt und begegnet","publisher":{"@id":"https:\/\/www.gaidaphotos.com\/blog\/#organization"},"potentialAction":[{"@type":"SearchAction","target":{"@type":"EntryPoint","urlTemplate":"https:\/\/www.gaidaphotos.com\/blog\/?s={search_term_string}"},"query-input":{"@type":"PropertyValueSpecification","valueRequired":true,"valueName":"search_term_string"}}],"inLanguage":"de"},{"@type":"Organization","@id":"https:\/\/www.gaidaphotos.com\/blog\/#organization","name":"gaidaphotos","url":"https:\/\/www.gaidaphotos.com\/blog\/","logo":{"@type":"ImageObject","inLanguage":"de","@id":"https:\/\/www.gaidaphotos.com\/blog\/#\/schema\/logo\/image\/","url":"https:\/\/i0.wp.com\/www.gaidaphotos.com\/blog\/wp-content\/uploads\/2020\/07\/GAIDAPHOTOS-COM.jpg?fit=160%2C96&ssl=1","contentUrl":"https:\/\/i0.wp.com\/www.gaidaphotos.com\/blog\/wp-content\/uploads\/2020\/07\/GAIDAPHOTOS-COM.jpg?fit=160%2C96&ssl=1","width":160,"height":96,"caption":"gaidaphotos"},"image":{"@id":"https:\/\/www.gaidaphotos.com\/blog\/#\/schema\/logo\/image\/"},"sameAs":["https:\/\/www.facebook.com\/Koeln.Rodenkirchen","https:\/\/x.com\/gaidaphotos","https:\/\/instagram.com\/gaidaphotos\/","https:\/\/de.linkedin.com\/in\/gaidaphotos","https:\/\/myspace.com\/gaidaphotos","https:\/\/www.pinterest.com\/gaidaphotos\/","https:\/\/www.youtube.com\/user\/gaidaphotos"]},{"@type":"Person","@id":"https:\/\/www.gaidaphotos.com\/blog\/#\/schema\/person\/6c444a5b13ffc503c5c32f5a9ec68b21","name":"Thomas","sameAs":["https:\/\/www.gaidaphotos.com","https:\/\/www.facebook.com\/gaidaphotos","https:\/\/instagram.com\/gaidaphotos\/","https:\/\/www.linkedin.com\/in\/gaidaphotos","http:\/\/www.pinterest.com\/gaidaphotos\/","https:\/\/x.com\/gaidaphotos","https:\/\/myspace.com\/gaidaphotos","https:\/\/www.youtube.com\/user\/gaidaphotos","https:\/\/gaidaphotos.tumblr.com\/"]}]}},"jetpack_publicize_connections":[],"jetpack_featured_media_url":"https:\/\/www.gaidaphotos.com\/blog\/wp-content\/uploads\/2020\/08\/nggallery_import\/50_","jetpack_sharing_enabled":true,"jetpack_likes_enabled":true,"jetpack-related-posts":[{"id":3554,"url":"https:\/\/www.gaidaphotos.com\/blog\/2011\/05\/16\/verkaufsoffener-sonntag-22-05-2011-koeln-nrw\/","url_meta":{"origin":3629,"position":0},"title":"Verkaufsoffener Sonntag 22.05.2011 in K\u00f6ln (NRW)","author":"Thomas","date":"16. Mai 2011","format":false,"excerpt":"Verkaufsoffener Sonntag 22.05.2011 in K\u00f6ln (NRW) In diesen K\u00f6lner Stadtteilen k\u00f6nnen Sie am 22.05.2011 (verkaufsoffener Sonntag) nach Herzenslust shoppen. K\u00f6ln Vogelsang verkaufsoffener Sonntag von 12:00-17:00h M\u00fchlenweg - Westendstra\u00dfe - Venloer Stra\u00dfe - Goldfasanenweg - Girlitzweg - Milit\u00e4rringstra\u00dfe K\u00f6ln Rath\/Heumar verkaufsoffener Sonntag von 13:00-18:00h H\u00fcttenweg - Rather Kirchweg - s\u00fcdlich der\u2026","rel":"","context":"In &quot;Verkaufsoffener Sonntag K\u00f6ln NRW&quot;","block_context":{"text":"Verkaufsoffener Sonntag K\u00f6ln NRW","link":"https:\/\/www.gaidaphotos.com\/blog\/category\/kalender-archiv\/verkaufsoffener-sonntag-koln-nrw\/"},"img":{"alt_text":"","src":"https:\/\/www.gaidaphotos.com\/blog\/wp-content\/uploads\/2020\/08\/nggallery_import\/75_","width":350,"height":200},"classes":[]},{"id":3572,"url":"https:\/\/www.gaidaphotos.com\/blog\/2011\/07\/05\/verkaufsoffener-sonntag-10-07-2011-in-koeln\/","url_meta":{"origin":3629,"position":1},"title":"Verkaufsoffener Sonntag 10.07.2011 in K\u00f6ln","author":"Thomas","date":"5. Juli 2011","format":false,"excerpt":"Verkaufsoffener Sonntag 10.07.2011 in K\u00f6ln (NRW) In diesen K\u00f6lner Stadtteilen k\u00f6nnen Sie am 10.07.2011(verkaufsoffener Sonntag) nach Herzenslust shoppen. K\u00f6ln Br\u00fcck verkaufsoffener Sonntag von 13:00-18:00h N\u00f6rdliche Begrenzung: Bundesautobahn A 4; \u00d6stliche Begrenzung: Flehbachm\u00fchlenweg; S\u00fcdliche und westliche Begrenzung: Verlauf des Flehbachs; Rather Kirchweg K\u00f6ln Lindenthal verkaufsoffener Sonntag von 13:00-18:00h Junkersdorfer Stra\u00dfe -\u2026","rel":"","context":"In &quot;Verkaufsoffener Sonntag K\u00f6ln NRW&quot;","block_context":{"text":"Verkaufsoffener Sonntag K\u00f6ln NRW","link":"https:\/\/www.gaidaphotos.com\/blog\/category\/kalender-archiv\/verkaufsoffener-sonntag-koln-nrw\/"},"img":{"alt_text":"","src":"https:\/\/www.gaidaphotos.com\/blog\/wp-content\/uploads\/2020\/08\/nggallery_import\/59_","width":350,"height":200,"srcset":"https:\/\/www.gaidaphotos.com\/blog\/wp-content\/uploads\/2020\/08\/nggallery_import\/59_ 1x, https:\/\/www.gaidaphotos.com\/blog\/wp-content\/uploads\/2020\/08\/nggallery_import\/59_ 1.5x, https:\/\/www.gaidaphotos.com\/blog\/wp-content\/uploads\/2020\/08\/nggallery_import\/59_ 2x, https:\/\/www.gaidaphotos.com\/blog\/wp-content\/uploads\/2020\/08\/nggallery_import\/59_ 3x"},"classes":[]},{"id":3568,"url":"https:\/\/www.gaidaphotos.com\/blog\/2011\/06\/13\/verkaufsoffener-sonntag-19-06-2011-koeln-nrw\/","url_meta":{"origin":3629,"position":2},"title":"Verkaufsoffener Sonntag 19.06.2011 in K\u00f6ln (NRW)","author":"Thomas","date":"13. Juni 2011","format":false,"excerpt":"Verkaufsoffener Sonntag in K\u00f6ln (NRW) In diesen K\u00f6lner Stadtteilen k\u00f6nnen Sie am 19.06.2011 (verkaufsoffener Sonntag) nach Herzenslust shoppen. K\u00f6ln Neustadt-S\u00fcd verkaufsoffener Sonntag von 13:00-18:00h Am Bayenturm - Agrippinaufer - Bahntrasse - Vorgebirgsstra\u00dfe - Karolinger Ring - Chlodwigplatz - Ubierring K\u00f6ln Kalk verkaufsoffener Sonntag von 13:00-18:00h N\u00f6rdliche Begrenzung: Bundesautobahn A 4;\u2026","rel":"","context":"In &quot;K\u00f6ln&quot;","block_context":{"text":"K\u00f6ln","link":"https:\/\/www.gaidaphotos.com\/blog\/category\/koeln\/"},"img":{"alt_text":"","src":"https:\/\/www.gaidaphotos.com\/blog\/wp-content\/uploads\/2020\/08\/nggallery_import\/69_","width":350,"height":200},"classes":[]},{"id":3553,"url":"https:\/\/www.gaidaphotos.com\/blog\/2011\/05\/10\/verkaufsoffener-sonntag-15-05-2011-in-koeln-nrw\/","url_meta":{"origin":3629,"position":3},"title":"Verkaufsoffener Sonntag 15.05.2011 in K\u00f6ln-M\u00fchlheim und K\u00f6ln-Longerich (NRW)","author":"Thomas","date":"10. Mai 2011","format":false,"excerpt":"Verkaufsoffener Sonntag 15.05.2011 in K\u00f6ln (NRW) Hallelujah! Endlich ist es wieder soweit. Nach 6 (!) langen Wochen k\u00f6nnen wir auch in K\u00f6ln endlich wieder am verkaufsoffenen Sonntag nach Herzenslust shoppen. K\u00f6ln-M\u00fchlheim und K\u00f6ln-Longerich machen den Anfang. Hier finden wir zwar nicht unbedingt Shopping Hochburgen f\u00fcr den verkaufsoffenen Sonntag, Aber daf\u00fcr\u2026","rel":"","context":"In &quot;Verkaufsoffener Sonntag K\u00f6ln NRW&quot;","block_context":{"text":"Verkaufsoffener Sonntag K\u00f6ln NRW","link":"https:\/\/www.gaidaphotos.com\/blog\/category\/kalender-archiv\/verkaufsoffener-sonntag-koln-nrw\/"},"img":{"alt_text":"","src":"https:\/\/www.gaidaphotos.com\/blog\/wp-content\/uploads\/2020\/08\/nggallery_import\/7_","width":350,"height":200},"classes":[]},{"id":3522,"url":"https:\/\/www.gaidaphotos.com\/blog\/2011\/03\/08\/verkaufsoffener-sonntag-13-03-2011-in-koeln-nrw\/","url_meta":{"origin":3629,"position":4},"title":"Verkaufsoffener Sonntag 13.03.2011 in K\u00f6ln (NRW)","author":"Thomas","date":"8. M\u00e4rz 2011","format":false,"excerpt":"Verkaufsoffener Sonntag 13.03.2011 in K\u00f6ln (NRW) Der Karneval ist (hoffentlich gl\u00fccklich) \u00fcberstanden. Nur in den Geldbeuteln ist immer noch Ebbe. Davon lassen sich die K\u00f6lner Einzelh\u00e4ndler aber nicht beirren und bieten wieder verkaufsoffenen Sonntag den shoppingl\u00fcsternen K\u00f6lnern an. In diesen K\u00f6lner Stadtteilen k\u00f6nnen Sie am 13.03.2011 (verkaufsoffener Sonntag) nach Herzenslust\u2026","rel":"","context":"In &quot;Verkaufsoffener Sonntag K\u00f6ln NRW&quot;","block_context":{"text":"Verkaufsoffener Sonntag K\u00f6ln NRW","link":"https:\/\/www.gaidaphotos.com\/blog\/category\/kalender-archiv\/verkaufsoffener-sonntag-koln-nrw\/"},"img":{"alt_text":"","src":"https:\/\/www.gaidaphotos.com\/blog\/wp-content\/uploads\/2020\/08\/nggallery_import\/52_","width":350,"height":200},"classes":[]},{"id":3713,"url":"https:\/\/www.gaidaphotos.com\/blog\/2011\/09\/28\/oktoberfest-und-verkaufsoffener-sonntag-02-10-2011-in-koln\/","url_meta":{"origin":3629,"position":5},"title":"Oktoberfest und Verkaufsoffener Sonntag 02.10.2011 in K\u00f6ln","author":"Thomas","date":"28. September 2011","format":false,"excerpt":"Oktoberfest und Verkaufsoffener Sonntag 02.10.2011 in K\u00f6ln Die \"schlimme\" Zeit mit wenigen bis keinem verkaufsoffenen Sonntag sind endlich vorbei und nun geht es Schlag auf Schlag. Gleich in sechs K\u00f6lner Stadtteilen sind am Sonntag die Gesch\u00e4fte ge\u00f6ffnet. Der Zeitpunkt ist gut gew\u00e4hlt. Der September ist einer der schlechtesten Verkaufsmonate in\u2026","rel":"","context":"In &quot;Verkaufsoffener Sonntag K\u00f6ln NRW&quot;","block_context":{"text":"Verkaufsoffener Sonntag K\u00f6ln NRW","link":"https:\/\/www.gaidaphotos.com\/blog\/category\/kalender-archiv\/verkaufsoffener-sonntag-koln-nrw\/"},"img":{"alt_text":"","src":"https:\/\/www.gaidaphotos.com\/blog\/wp-content\/uploads\/2020\/08\/nggallery_import\/94_","width":350,"height":200,"srcset":"https:\/\/www.gaidaphotos.com\/blog\/wp-content\/uploads\/2020\/08\/nggallery_import\/94_ 1x, https:\/\/www.gaidaphotos.com\/blog\/wp-content\/uploads\/2020\/08\/nggallery_import\/94_ 1.5x, https:\/\/www.gaidaphotos.com\/blog\/wp-content\/uploads\/2020\/08\/nggallery_import\/94_ 2x"},"classes":[]}],"_links":{"self":[{"href":"https:\/\/www.gaidaphotos.com\/blog\/wp-json\/wp\/v2\/posts\/3629","targetHints":{"allow":["GET"]}}],"collection":[{"href":"https:\/\/www.gaidaphotos.com\/blog\/wp-json\/wp\/v2\/posts"}],"about":[{"href":"https:\/\/www.gaidaphotos.com\/blog\/wp-json\/wp\/v2\/types\/post"}],"author":[{"embeddable":true,"href":"https:\/\/www.gaidaphotos.com\/blog\/wp-json\/wp\/v2\/users\/6"}],"replies":[{"embeddable":true,"href":"https:\/\/www.gaidaphotos.com\/blog\/wp-json\/wp\/v2\/comments?post=3629"}],"version-history":[{"count":0,"href":"https:\/\/www.gaidaphotos.com\/blog\/wp-json\/wp\/v2\/posts\/3629\/revisions"}],"wp:featuredmedia":[{"embeddable":true,"href":"https:\/\/www.gaidaphotos.com\/blog\/wp-json\/wp\/v2\/media\/12337"}],"wp:attachment":[{"href":"https:\/\/www.gaidaphotos.com\/blog\/wp-json\/wp\/v2\/media?parent=3629"}],"wp:term":[{"taxonomy":"category","embeddable":true,"href":"https:\/\/www.gaidaphotos.com\/blog\/wp-json\/wp\/v2\/categories?post=3629"},{"taxonomy":"post_tag","embeddable":true,"href":"https:\/\/www.gaidaphotos.com\/blog\/wp-json\/wp\/v2\/tags?post=3629"}],"curies":[{"name":"wp","href":"https:\/\/api.w.org\/{rel}","templated":true}]}}