{"id":3647,"date":"2011-08-31T18:16:29","date_gmt":"2011-08-31T16:16:29","guid":{"rendered":"http:\/\/www.gaidaphotos.com\/blog\/?p=3647"},"modified":"2020-12-11T17:05:43","modified_gmt":"2020-12-11T16:05:43","slug":"freilichtmuseum-kommern-ein-toller-ausflug","status":"publish","type":"post","link":"https:\/\/www.gaidaphotos.com\/blog\/2011\/08\/31\/freilichtmuseum-kommern-ein-toller-ausflug\/","title":{"rendered":"Freilichtmuseum Kommern &#8211; ein toller Ausflug"},"content":{"rendered":"<p>ngg_shortcode_0_placeholder<br \/>\nFreilichtmuseum Kommern<\/p>\n<h2>Freilichtmuseum Kommern &#8211; Ausflugstip<\/h2>\n<p>Endlich hat es wieder mal geklappt und wir hatten einen sonnigen, arbeitsfreien Sonntag. Und unser Freund Richard aus Boulder, CO, war zu Besuch. So machten wir uns zu dritt auf in&#8217;s <strong>Freilichtmuseum Kommern<\/strong>.<\/p>\n<p>Das Museum liegt ca. 1h entfernt von K\u00f6ln in der Eifel. Auf dem 95 ha gro\u00dfen Gel\u00e4nde finden Sie derzeit 65 historische Geb\u00e4ude aus der ehemaligen preu\u00dfischen Rheinprovinz. Bauernh\u00f6fe, Wind- und Wasserm\u00fchlen, Werkst\u00e4tten, Gemeinschaftsbauten wie Schul- und Backhaus, Tanzsaal und Kapelle stehen beispielhaft f\u00fcr das Bauen, Wohnen und Wirtschaften der Landbev\u00f6lkerung seit dem Ende des 15. Jahrhunderts. Die Baudenkmale sind eingebettet in eine Museumslandschaft mit \u00c4ckern, Bauerng\u00e4rten und Obstwiesen.<\/p>\n<p>ngg_shortcode_1_placeholder<br \/>\nFreilichtmuseum Kommern &#8211; Bergisches LandIn vier dorf-\u00e4hnlichen Strukturen (Baugruppen genannt) werden Ihnen die typischen H\u00e4user und Geb\u00e4ude aus den verschiedenen Regionen gezeigt. Die gr\u00f6\u00dfte Gruppe liegt gleich am Eingang, die Baugruppe Westerwald. Danach folgen im Freilichtmuseum Kommen die &#8222;D\u00f6rfer&#8220; aus der Eifel, dem Niederrhein und dem Bergischen Land.<\/p>\n<p>Die H\u00e4user und Geb\u00e4ude sind alle begehbar, leider nur noch im Erdgescho\u00df. Die Zimmer sind oft eingerichtet, so dass man das Leben der Menschen nachvollziehen kann. Kurze, knappe Erkl\u00e4rungen erl\u00e4utern Geb\u00e4ude und Ausstellungen.<\/p>\n<p>Immer wieder kann man Menschen bei der Arbeit in historischen Kost\u00fcmen mit original Werkzeug beobachten. In Schule, B\u00e4ckerei, Korbmacherei, Tante Emma Laden uvm wird gezeigt wie die Menschen fr\u00fcher gelebt, gearbeitet, gekocht und auch gelernt haben. Selbst das H\u00e4uschen mit dem Herz ist zu finden.<\/p>\n<p>ngg_shortcode_2_placeholder<br \/>\nFreilichtmuseum KommernNat\u00fcrlich ist auch f\u00fcr das leibliche Wohl gesorgt. Innen und Au\u00dfen-Gastronomie bietet selbst gebackene, gekochte und gebratene Gerichte und Kaffe und Kuchen. Auch hier versucht man autentisch zu bleiben.<\/p>\n<p>Verschiedene Ausstellungen erg\u00e4nzen die Information. Und nat\u00fcrlich fehlen auch nicht die typischen Haus- und Nutztiere, die ungezwungen teilweise zwischen den Besuchern herumwuseln.<\/p>\n<p>Immer wieder locken besondere Veranstaltungen, z.B. am 17.\/18.09.2011 &#8222;<strong>Nach der Ernte 2011<\/strong>&#8220;<br \/>\nDann werden auf dem Museumgel\u00e4nde wieder zahlreiche historische Pferde- und Rindergespanne, alte Traktoren und Landmaschinen zu sehen sein.<br \/>\nMehr Info unter <a title=\"freilichtmuseum Kommern\" href=\"http:\/\/www.kommern.lvr.de\/\" target=\"_blank\" rel=\"noopener\">Freilichtmuseum Kommern<\/a><\/p>\n<p>Wir kamen zuf\u00e4llig zu <strong>Zeitblende 1961<\/strong>: Mit Zeitzeugen Dokumenten, Fotoausstellung, Musik, Schau, Tanz, Oldtimertreffen und gastronomischen Angeboten der Zeit brachten uns das Jahr 1961 und unsere Jugend wieder.<\/p>\nngg_shortcode_3_placeholder\n<p>Ein Ausflug in&#8217;s Freilichtmuseum Kommern bietet Ihnen einen wundersch\u00f6nen Spaziergang durch die Eifel, interessante, historische Information mit Unterhaltung gepaart und tolle Fotomotive. Besonders jetzt im Herbst, wenn sich die Bl\u00e4tter f\u00e4rben, gibt es wundersch\u00f6ne Bilder von alten Bauernh\u00e4usern in idyllischer Umgebung. Und auch die Kids kommen nicht zu kurz, vor allem wenn sie den Handwerkern \u00fcber die Schulter schauen d\u00fcrfen.<\/p>\n","protected":false},"excerpt":{"rendered":"<p>Freilichtmuseum Kommern Freilichtmuseum Kommern &#8211; Ausflugstip Endlich hat es wieder mal geklappt und wir hatten einen sonnigen, arbeitsfreien Sonntag. Und<\/p>\n","protected":false},"author":6,"featured_media":12292,"comment_status":"open","ping_status":"open","sticky":false,"template":"","format":"standard","meta":{"_crdt_document":"","ngg_post_thumbnail":0,"jetpack_post_was_ever_published":false,"_jetpack_newsletter_access":"","_jetpack_dont_email_post_to_subs":false,"_jetpack_newsletter_tier_id":0,"_jetpack_memberships_contains_paywalled_content":false,"_jetpack_memberships_contains_paid_content":false,"footnotes":"","jetpack_publicize_message":"","jetpack_publicize_feature_enabled":true,"jetpack_social_post_already_shared":false,"jetpack_social_options":{"image_generator_settings":{"template":"highway","default_image_id":0,"font":"","enabled":false},"version":2}},"categories":[215,101],"tags":[102],"class_list":["post-3647","post","type-post","status-publish","format-standard","has-post-thumbnail","hentry","category-ausflug","category-koeln-rodenkirchen-freizeit","tag-freizeit"],"yoast_head":"<!-- This site is optimized with the Yoast SEO plugin v27.5 - https:\/\/yoast.com\/product\/yoast-seo-wordpress\/ -->\n<title>Freilichtmuseum Kommern - ein toller Ausflug<\/title>\n<meta name=\"description\" content=\"Ausflug ins Freilichtmuseum Kommern: Bilder, Infos, Bewertung, Links\" \/>\n<meta name=\"robots\" content=\"index, follow, max-snippet:-1, max-image-preview:large, max-video-preview:-1\" \/>\n<link rel=\"canonical\" href=\"https:\/\/www.gaidaphotos.com\/blog\/2011\/08\/31\/freilichtmuseum-kommern-ein-toller-ausflug\/\" \/>\n<meta property=\"og:locale\" content=\"de_DE\" \/>\n<meta property=\"og:type\" content=\"article\" \/>\n<meta property=\"og:title\" content=\"Freilichtmuseum Kommern - ein toller Ausflug\" \/>\n<meta property=\"og:description\" content=\"Ausflug ins Freilichtmuseum Kommern: Bilder, Infos, Bewertung, Links\" \/>\n<meta property=\"og:url\" content=\"https:\/\/www.gaidaphotos.com\/blog\/2011\/08\/31\/freilichtmuseum-kommern-ein-toller-ausflug\/\" \/>\n<meta property=\"og:site_name\" content=\"K\u00f6ln Rodenkirchen und die Welt\" \/>\n<meta property=\"article:publisher\" content=\"https:\/\/www.facebook.com\/Koeln.Rodenkirchen\" \/>\n<meta property=\"article:author\" content=\"https:\/\/www.facebook.com\/gaidaphotos\" \/>\n<meta property=\"article:published_time\" content=\"2011-08-31T16:16:29+00:00\" \/>\n<meta property=\"article:modified_time\" content=\"2020-12-11T16:05:43+00:00\" \/>\n<meta property=\"og:image\" content=\"https:\/\/www.gaidaphotos.com\/blog\/wp-content\/uploads\/2020\/08\/nggallery_import\/5_\" \/>\n\t<meta property=\"og:image:width\" content=\"1000\" \/>\n\t<meta property=\"og:image:height\" content=\"667\" \/>\n\t<meta property=\"og:image:type\" content=\"image\/jpeg\" \/>\n<meta name=\"author\" content=\"Thomas\" \/>\n<meta name=\"twitter:card\" content=\"summary_large_image\" \/>\n<meta name=\"twitter:creator\" content=\"@gaidaphotos\" \/>\n<meta name=\"twitter:site\" content=\"@gaidaphotos\" \/>\n<meta name=\"twitter:label1\" content=\"Verfasst von\" \/>\n\t<meta name=\"twitter:data1\" content=\"Thomas\" \/>\n\t<meta name=\"twitter:label2\" content=\"Gesch\u00e4tzte Lesezeit\" \/>\n\t<meta name=\"twitter:data2\" content=\"2\u00a0Minuten\" \/>\n<script type=\"application\/ld+json\" class=\"yoast-schema-graph\">{\"@context\":\"https:\\\/\\\/schema.org\",\"@graph\":[{\"@type\":\"Article\",\"@id\":\"https:\\\/\\\/www.gaidaphotos.com\\\/blog\\\/2011\\\/08\\\/31\\\/freilichtmuseum-kommern-ein-toller-ausflug\\\/#article\",\"isPartOf\":{\"@id\":\"https:\\\/\\\/www.gaidaphotos.com\\\/blog\\\/2011\\\/08\\\/31\\\/freilichtmuseum-kommern-ein-toller-ausflug\\\/\"},\"author\":{\"name\":\"Thomas\",\"@id\":\"https:\\\/\\\/www.gaidaphotos.com\\\/blog\\\/#\\\/schema\\\/person\\\/6c444a5b13ffc503c5c32f5a9ec68b21\"},\"headline\":\"Freilichtmuseum Kommern &#8211; ein toller Ausflug\",\"datePublished\":\"2011-08-31T16:16:29+00:00\",\"dateModified\":\"2020-12-11T16:05:43+00:00\",\"mainEntityOfPage\":{\"@id\":\"https:\\\/\\\/www.gaidaphotos.com\\\/blog\\\/2011\\\/08\\\/31\\\/freilichtmuseum-kommern-ein-toller-ausflug\\\/\"},\"wordCount\":476,\"commentCount\":0,\"publisher\":{\"@id\":\"https:\\\/\\\/www.gaidaphotos.com\\\/blog\\\/#organization\"},\"image\":{\"@id\":\"https:\\\/\\\/www.gaidaphotos.com\\\/blog\\\/2011\\\/08\\\/31\\\/freilichtmuseum-kommern-ein-toller-ausflug\\\/#primaryimage\"},\"thumbnailUrl\":\"https:\\\/\\\/www.gaidaphotos.com\\\/blog\\\/wp-content\\\/uploads\\\/2020\\\/08\\\/nggallery_import\\\/5_\",\"keywords\":[\"Freizeit-Ideen\"],\"articleSection\":[\"Ausflug\",\"K\u00f6ln Rodenkirchen Freizeit\"],\"inLanguage\":\"de\",\"potentialAction\":[{\"@type\":\"CommentAction\",\"name\":\"Comment\",\"target\":[\"https:\\\/\\\/www.gaidaphotos.com\\\/blog\\\/2011\\\/08\\\/31\\\/freilichtmuseum-kommern-ein-toller-ausflug\\\/#respond\"]}]},{\"@type\":\"WebPage\",\"@id\":\"https:\\\/\\\/www.gaidaphotos.com\\\/blog\\\/2011\\\/08\\\/31\\\/freilichtmuseum-kommern-ein-toller-ausflug\\\/\",\"url\":\"https:\\\/\\\/www.gaidaphotos.com\\\/blog\\\/2011\\\/08\\\/31\\\/freilichtmuseum-kommern-ein-toller-ausflug\\\/\",\"name\":\"Freilichtmuseum Kommern - ein toller Ausflug\",\"isPartOf\":{\"@id\":\"https:\\\/\\\/www.gaidaphotos.com\\\/blog\\\/#website\"},\"primaryImageOfPage\":{\"@id\":\"https:\\\/\\\/www.gaidaphotos.com\\\/blog\\\/2011\\\/08\\\/31\\\/freilichtmuseum-kommern-ein-toller-ausflug\\\/#primaryimage\"},\"image\":{\"@id\":\"https:\\\/\\\/www.gaidaphotos.com\\\/blog\\\/2011\\\/08\\\/31\\\/freilichtmuseum-kommern-ein-toller-ausflug\\\/#primaryimage\"},\"thumbnailUrl\":\"https:\\\/\\\/www.gaidaphotos.com\\\/blog\\\/wp-content\\\/uploads\\\/2020\\\/08\\\/nggallery_import\\\/5_\",\"datePublished\":\"2011-08-31T16:16:29+00:00\",\"dateModified\":\"2020-12-11T16:05:43+00:00\",\"description\":\"Ausflug ins Freilichtmuseum Kommern: Bilder, Infos, Bewertung, Links\",\"breadcrumb\":{\"@id\":\"https:\\\/\\\/www.gaidaphotos.com\\\/blog\\\/2011\\\/08\\\/31\\\/freilichtmuseum-kommern-ein-toller-ausflug\\\/#breadcrumb\"},\"inLanguage\":\"de\",\"potentialAction\":[{\"@type\":\"ReadAction\",\"target\":[\"https:\\\/\\\/www.gaidaphotos.com\\\/blog\\\/2011\\\/08\\\/31\\\/freilichtmuseum-kommern-ein-toller-ausflug\\\/\"]}]},{\"@type\":\"ImageObject\",\"inLanguage\":\"de\",\"@id\":\"https:\\\/\\\/www.gaidaphotos.com\\\/blog\\\/2011\\\/08\\\/31\\\/freilichtmuseum-kommern-ein-toller-ausflug\\\/#primaryimage\",\"url\":\"https:\\\/\\\/www.gaidaphotos.com\\\/blog\\\/wp-content\\\/uploads\\\/2020\\\/08\\\/nggallery_import\\\/5_\",\"contentUrl\":\"https:\\\/\\\/www.gaidaphotos.com\\\/blog\\\/wp-content\\\/uploads\\\/2020\\\/08\\\/nggallery_import\\\/5_\",\"width\":1000,\"height\":667},{\"@type\":\"BreadcrumbList\",\"@id\":\"https:\\\/\\\/www.gaidaphotos.com\\\/blog\\\/2011\\\/08\\\/31\\\/freilichtmuseum-kommern-ein-toller-ausflug\\\/#breadcrumb\",\"itemListElement\":[{\"@type\":\"ListItem\",\"position\":1,\"name\":\"Startseite\",\"item\":\"https:\\\/\\\/www.gaidaphotos.com\\\/blog\\\/\"},{\"@type\":\"ListItem\",\"position\":2,\"name\":\"Freilichtmuseum Kommern &#8211; ein toller Ausflug\"}]},{\"@type\":\"WebSite\",\"@id\":\"https:\\\/\\\/www.gaidaphotos.com\\\/blog\\\/#website\",\"url\":\"https:\\\/\\\/www.gaidaphotos.com\\\/blog\\\/\",\"name\":\"K\u00f6ln Rodenkirchen und die Welt\",\"description\":\"Einkaufen, Restaurants, Freizeit, Nachrichten und was uns sonst bewegt und begegnet\",\"publisher\":{\"@id\":\"https:\\\/\\\/www.gaidaphotos.com\\\/blog\\\/#organization\"},\"potentialAction\":[{\"@type\":\"SearchAction\",\"target\":{\"@type\":\"EntryPoint\",\"urlTemplate\":\"https:\\\/\\\/www.gaidaphotos.com\\\/blog\\\/?s={search_term_string}\"},\"query-input\":{\"@type\":\"PropertyValueSpecification\",\"valueRequired\":true,\"valueName\":\"search_term_string\"}}],\"inLanguage\":\"de\"},{\"@type\":\"Organization\",\"@id\":\"https:\\\/\\\/www.gaidaphotos.com\\\/blog\\\/#organization\",\"name\":\"gaidaphotos\",\"url\":\"https:\\\/\\\/www.gaidaphotos.com\\\/blog\\\/\",\"logo\":{\"@type\":\"ImageObject\",\"inLanguage\":\"de\",\"@id\":\"https:\\\/\\\/www.gaidaphotos.com\\\/blog\\\/#\\\/schema\\\/logo\\\/image\\\/\",\"url\":\"https:\\\/\\\/i0.wp.com\\\/www.gaidaphotos.com\\\/blog\\\/wp-content\\\/uploads\\\/2020\\\/07\\\/GAIDAPHOTOS-COM.jpg?fit=160%2C96&ssl=1\",\"contentUrl\":\"https:\\\/\\\/i0.wp.com\\\/www.gaidaphotos.com\\\/blog\\\/wp-content\\\/uploads\\\/2020\\\/07\\\/GAIDAPHOTOS-COM.jpg?fit=160%2C96&ssl=1\",\"width\":160,\"height\":96,\"caption\":\"gaidaphotos\"},\"image\":{\"@id\":\"https:\\\/\\\/www.gaidaphotos.com\\\/blog\\\/#\\\/schema\\\/logo\\\/image\\\/\"},\"sameAs\":[\"https:\\\/\\\/www.facebook.com\\\/Koeln.Rodenkirchen\",\"https:\\\/\\\/x.com\\\/gaidaphotos\",\"https:\\\/\\\/instagram.com\\\/gaidaphotos\\\/\",\"https:\\\/\\\/de.linkedin.com\\\/in\\\/gaidaphotos\",\"https:\\\/\\\/myspace.com\\\/gaidaphotos\",\"https:\\\/\\\/www.pinterest.com\\\/gaidaphotos\\\/\",\"https:\\\/\\\/www.youtube.com\\\/user\\\/gaidaphotos\"]},{\"@type\":\"Person\",\"@id\":\"https:\\\/\\\/www.gaidaphotos.com\\\/blog\\\/#\\\/schema\\\/person\\\/6c444a5b13ffc503c5c32f5a9ec68b21\",\"name\":\"Thomas\",\"sameAs\":[\"https:\\\/\\\/www.gaidaphotos.com\",\"https:\\\/\\\/www.facebook.com\\\/gaidaphotos\",\"https:\\\/\\\/instagram.com\\\/gaidaphotos\\\/\",\"https:\\\/\\\/www.linkedin.com\\\/in\\\/gaidaphotos\",\"http:\\\/\\\/www.pinterest.com\\\/gaidaphotos\\\/\",\"https:\\\/\\\/x.com\\\/gaidaphotos\",\"https:\\\/\\\/myspace.com\\\/gaidaphotos\",\"https:\\\/\\\/www.youtube.com\\\/user\\\/gaidaphotos\",\"https:\\\/\\\/gaidaphotos.tumblr.com\\\/\"]}]}<\/script>\n<!-- \/ Yoast SEO plugin. -->","yoast_head_json":{"title":"Freilichtmuseum Kommern - ein toller Ausflug","description":"Ausflug ins Freilichtmuseum Kommern: Bilder, Infos, Bewertung, Links","robots":{"index":"index","follow":"follow","max-snippet":"max-snippet:-1","max-image-preview":"max-image-preview:large","max-video-preview":"max-video-preview:-1"},"canonical":"https:\/\/www.gaidaphotos.com\/blog\/2011\/08\/31\/freilichtmuseum-kommern-ein-toller-ausflug\/","og_locale":"de_DE","og_type":"article","og_title":"Freilichtmuseum Kommern - ein toller Ausflug","og_description":"Ausflug ins Freilichtmuseum Kommern: Bilder, Infos, Bewertung, Links","og_url":"https:\/\/www.gaidaphotos.com\/blog\/2011\/08\/31\/freilichtmuseum-kommern-ein-toller-ausflug\/","og_site_name":"K\u00f6ln Rodenkirchen und die Welt","article_publisher":"https:\/\/www.facebook.com\/Koeln.Rodenkirchen","article_author":"https:\/\/www.facebook.com\/gaidaphotos","article_published_time":"2011-08-31T16:16:29+00:00","article_modified_time":"2020-12-11T16:05:43+00:00","og_image":[{"width":1000,"height":667,"url":"https:\/\/www.gaidaphotos.com\/blog\/wp-content\/uploads\/2020\/08\/nggallery_import\/5_","type":"image\/jpeg"}],"author":"Thomas","twitter_card":"summary_large_image","twitter_creator":"@gaidaphotos","twitter_site":"@gaidaphotos","twitter_misc":{"Verfasst von":"Thomas","Gesch\u00e4tzte Lesezeit":"2\u00a0Minuten"},"schema":{"@context":"https:\/\/schema.org","@graph":[{"@type":"Article","@id":"https:\/\/www.gaidaphotos.com\/blog\/2011\/08\/31\/freilichtmuseum-kommern-ein-toller-ausflug\/#article","isPartOf":{"@id":"https:\/\/www.gaidaphotos.com\/blog\/2011\/08\/31\/freilichtmuseum-kommern-ein-toller-ausflug\/"},"author":{"name":"Thomas","@id":"https:\/\/www.gaidaphotos.com\/blog\/#\/schema\/person\/6c444a5b13ffc503c5c32f5a9ec68b21"},"headline":"Freilichtmuseum Kommern &#8211; ein toller Ausflug","datePublished":"2011-08-31T16:16:29+00:00","dateModified":"2020-12-11T16:05:43+00:00","mainEntityOfPage":{"@id":"https:\/\/www.gaidaphotos.com\/blog\/2011\/08\/31\/freilichtmuseum-kommern-ein-toller-ausflug\/"},"wordCount":476,"commentCount":0,"publisher":{"@id":"https:\/\/www.gaidaphotos.com\/blog\/#organization"},"image":{"@id":"https:\/\/www.gaidaphotos.com\/blog\/2011\/08\/31\/freilichtmuseum-kommern-ein-toller-ausflug\/#primaryimage"},"thumbnailUrl":"https:\/\/www.gaidaphotos.com\/blog\/wp-content\/uploads\/2020\/08\/nggallery_import\/5_","keywords":["Freizeit-Ideen"],"articleSection":["Ausflug","K\u00f6ln Rodenkirchen Freizeit"],"inLanguage":"de","potentialAction":[{"@type":"CommentAction","name":"Comment","target":["https:\/\/www.gaidaphotos.com\/blog\/2011\/08\/31\/freilichtmuseum-kommern-ein-toller-ausflug\/#respond"]}]},{"@type":"WebPage","@id":"https:\/\/www.gaidaphotos.com\/blog\/2011\/08\/31\/freilichtmuseum-kommern-ein-toller-ausflug\/","url":"https:\/\/www.gaidaphotos.com\/blog\/2011\/08\/31\/freilichtmuseum-kommern-ein-toller-ausflug\/","name":"Freilichtmuseum Kommern - ein toller Ausflug","isPartOf":{"@id":"https:\/\/www.gaidaphotos.com\/blog\/#website"},"primaryImageOfPage":{"@id":"https:\/\/www.gaidaphotos.com\/blog\/2011\/08\/31\/freilichtmuseum-kommern-ein-toller-ausflug\/#primaryimage"},"image":{"@id":"https:\/\/www.gaidaphotos.com\/blog\/2011\/08\/31\/freilichtmuseum-kommern-ein-toller-ausflug\/#primaryimage"},"thumbnailUrl":"https:\/\/www.gaidaphotos.com\/blog\/wp-content\/uploads\/2020\/08\/nggallery_import\/5_","datePublished":"2011-08-31T16:16:29+00:00","dateModified":"2020-12-11T16:05:43+00:00","description":"Ausflug ins Freilichtmuseum Kommern: Bilder, Infos, Bewertung, Links","breadcrumb":{"@id":"https:\/\/www.gaidaphotos.com\/blog\/2011\/08\/31\/freilichtmuseum-kommern-ein-toller-ausflug\/#breadcrumb"},"inLanguage":"de","potentialAction":[{"@type":"ReadAction","target":["https:\/\/www.gaidaphotos.com\/blog\/2011\/08\/31\/freilichtmuseum-kommern-ein-toller-ausflug\/"]}]},{"@type":"ImageObject","inLanguage":"de","@id":"https:\/\/www.gaidaphotos.com\/blog\/2011\/08\/31\/freilichtmuseum-kommern-ein-toller-ausflug\/#primaryimage","url":"https:\/\/www.gaidaphotos.com\/blog\/wp-content\/uploads\/2020\/08\/nggallery_import\/5_","contentUrl":"https:\/\/www.gaidaphotos.com\/blog\/wp-content\/uploads\/2020\/08\/nggallery_import\/5_","width":1000,"height":667},{"@type":"BreadcrumbList","@id":"https:\/\/www.gaidaphotos.com\/blog\/2011\/08\/31\/freilichtmuseum-kommern-ein-toller-ausflug\/#breadcrumb","itemListElement":[{"@type":"ListItem","position":1,"name":"Startseite","item":"https:\/\/www.gaidaphotos.com\/blog\/"},{"@type":"ListItem","position":2,"name":"Freilichtmuseum Kommern &#8211; ein toller Ausflug"}]},{"@type":"WebSite","@id":"https:\/\/www.gaidaphotos.com\/blog\/#website","url":"https:\/\/www.gaidaphotos.com\/blog\/","name":"K\u00f6ln Rodenkirchen und die Welt","description":"Einkaufen, Restaurants, Freizeit, Nachrichten und was uns sonst bewegt und begegnet","publisher":{"@id":"https:\/\/www.gaidaphotos.com\/blog\/#organization"},"potentialAction":[{"@type":"SearchAction","target":{"@type":"EntryPoint","urlTemplate":"https:\/\/www.gaidaphotos.com\/blog\/?s={search_term_string}"},"query-input":{"@type":"PropertyValueSpecification","valueRequired":true,"valueName":"search_term_string"}}],"inLanguage":"de"},{"@type":"Organization","@id":"https:\/\/www.gaidaphotos.com\/blog\/#organization","name":"gaidaphotos","url":"https:\/\/www.gaidaphotos.com\/blog\/","logo":{"@type":"ImageObject","inLanguage":"de","@id":"https:\/\/www.gaidaphotos.com\/blog\/#\/schema\/logo\/image\/","url":"https:\/\/i0.wp.com\/www.gaidaphotos.com\/blog\/wp-content\/uploads\/2020\/07\/GAIDAPHOTOS-COM.jpg?fit=160%2C96&ssl=1","contentUrl":"https:\/\/i0.wp.com\/www.gaidaphotos.com\/blog\/wp-content\/uploads\/2020\/07\/GAIDAPHOTOS-COM.jpg?fit=160%2C96&ssl=1","width":160,"height":96,"caption":"gaidaphotos"},"image":{"@id":"https:\/\/www.gaidaphotos.com\/blog\/#\/schema\/logo\/image\/"},"sameAs":["https:\/\/www.facebook.com\/Koeln.Rodenkirchen","https:\/\/x.com\/gaidaphotos","https:\/\/instagram.com\/gaidaphotos\/","https:\/\/de.linkedin.com\/in\/gaidaphotos","https:\/\/myspace.com\/gaidaphotos","https:\/\/www.pinterest.com\/gaidaphotos\/","https:\/\/www.youtube.com\/user\/gaidaphotos"]},{"@type":"Person","@id":"https:\/\/www.gaidaphotos.com\/blog\/#\/schema\/person\/6c444a5b13ffc503c5c32f5a9ec68b21","name":"Thomas","sameAs":["https:\/\/www.gaidaphotos.com","https:\/\/www.facebook.com\/gaidaphotos","https:\/\/instagram.com\/gaidaphotos\/","https:\/\/www.linkedin.com\/in\/gaidaphotos","http:\/\/www.pinterest.com\/gaidaphotos\/","https:\/\/x.com\/gaidaphotos","https:\/\/myspace.com\/gaidaphotos","https:\/\/www.youtube.com\/user\/gaidaphotos","https:\/\/gaidaphotos.tumblr.com\/"]}]}},"jetpack_publicize_connections":[],"jetpack_featured_media_url":"https:\/\/www.gaidaphotos.com\/blog\/wp-content\/uploads\/2020\/08\/nggallery_import\/5_","jetpack_sharing_enabled":true,"jetpack_likes_enabled":true,"jetpack-related-posts":[{"id":12274,"url":"https:\/\/www.gaidaphotos.com\/blog\/2020\/08\/07\/niederrheinisches-freilichtmuseum-in-grefrath\/","url_meta":{"origin":3647,"position":0},"title":"Niederrheinisches Freilichtmuseum in Grefrath","author":"Thomas","date":"7. August 2020","format":false,"excerpt":"Das niederrheinische Freilichtmuseum in Grefrath liegt ca. 1h entfernt von K\u00f6ln-Rodenkirchen und ist ein empfehlenswertes Ziel in der Nachbarschaft. Wir waren dort und haben Ihnen Fotos und unsere Erlebnisse mitgebracht.","rel":"","context":"In &quot;Ausflug&quot;","block_context":{"text":"Ausflug","link":"https:\/\/www.gaidaphotos.com\/blog\/category\/ausflug\/"},"img":{"alt_text":"Federvieh vom Niederrehin - Hahn","src":"https:\/\/i0.wp.com\/www.gaidaphotos.com\/blog\/wp-content\/uploads\/2020\/08\/niederrheinisches-freilichtmuseum-grefrath-07b.jpg?fit=717%2C717&ssl=1&resize=350%2C200","width":350,"height":200,"srcset":"https:\/\/i0.wp.com\/www.gaidaphotos.com\/blog\/wp-content\/uploads\/2020\/08\/niederrheinisches-freilichtmuseum-grefrath-07b.jpg?fit=717%2C717&ssl=1&resize=350%2C200 1x, https:\/\/i0.wp.com\/www.gaidaphotos.com\/blog\/wp-content\/uploads\/2020\/08\/niederrheinisches-freilichtmuseum-grefrath-07b.jpg?fit=717%2C717&ssl=1&resize=525%2C300 1.5x, https:\/\/i0.wp.com\/www.gaidaphotos.com\/blog\/wp-content\/uploads\/2020\/08\/niederrheinisches-freilichtmuseum-grefrath-07b.jpg?fit=717%2C717&ssl=1&resize=700%2C400 2x"},"classes":[]},{"id":3664,"url":"https:\/\/www.gaidaphotos.com\/blog\/2011\/09\/07\/strassenfest-verkaufsoffener-sonntag-11-09-2011-in-koeln\/","url_meta":{"origin":3647,"position":1},"title":"Stra\u00dfenfest + Verkaufsoffener Sonntag 11.09.2011 in K\u00f6ln?","author":"Thomas","date":"7. September 2011","format":false,"excerpt":"Verkaufsoffener Sonntag .03.2011 in K\u00f6ln? Wo kann man am 11.09.2011 in K\u00f6ln shoppen (verkaufsoffener Sonntag)? Pech gehabt. K\u00f6ln ist am 11.09.2011 \"Verkaufsoffen-Freie-Zone\". Wie w\u00e4r's mit einem Familienausflug zum Freilichtmuseum Kommern? Wenn sich die Bl\u00e4tter zu f\u00e4rben beginnen ist das eine tolle Fotogelegenheit. Am 11.09.2011 ist in K\u00f6ln kein verkaufsoffener Sonntag.\u2026","rel":"","context":"In &quot;Verkaufsoffener Sonntag K\u00f6ln NRW&quot;","block_context":{"text":"Verkaufsoffener Sonntag K\u00f6ln NRW","link":"https:\/\/www.gaidaphotos.com\/blog\/category\/kalender-archiv\/verkaufsoffener-sonntag-koln-nrw\/"},"img":{"alt_text":"","src":"https:\/\/www.gaidaphotos.com\/blog\/wp-content\/uploads\/2020\/08\/nggallery_import\/106_","width":350,"height":200,"srcset":"https:\/\/www.gaidaphotos.com\/blog\/wp-content\/uploads\/2020\/08\/nggallery_import\/106_ 1x, https:\/\/www.gaidaphotos.com\/blog\/wp-content\/uploads\/2020\/08\/nggallery_import\/106_ 1.5x, https:\/\/www.gaidaphotos.com\/blog\/wp-content\/uploads\/2020\/08\/nggallery_import\/106_ 2x"},"classes":[]},{"id":3713,"url":"https:\/\/www.gaidaphotos.com\/blog\/2011\/09\/28\/oktoberfest-und-verkaufsoffener-sonntag-02-10-2011-in-koln\/","url_meta":{"origin":3647,"position":2},"title":"Oktoberfest und Verkaufsoffener Sonntag 02.10.2011 in K\u00f6ln","author":"Thomas","date":"28. September 2011","format":false,"excerpt":"Oktoberfest und Verkaufsoffener Sonntag 02.10.2011 in K\u00f6ln Die \"schlimme\" Zeit mit wenigen bis keinem verkaufsoffenen Sonntag sind endlich vorbei und nun geht es Schlag auf Schlag. Gleich in sechs K\u00f6lner Stadtteilen sind am Sonntag die Gesch\u00e4fte ge\u00f6ffnet. Der Zeitpunkt ist gut gew\u00e4hlt. Der September ist einer der schlechtesten Verkaufsmonate in\u2026","rel":"","context":"In &quot;Verkaufsoffener Sonntag K\u00f6ln NRW&quot;","block_context":{"text":"Verkaufsoffener Sonntag K\u00f6ln NRW","link":"https:\/\/www.gaidaphotos.com\/blog\/category\/kalender-archiv\/verkaufsoffener-sonntag-koln-nrw\/"},"img":{"alt_text":"","src":"https:\/\/www.gaidaphotos.com\/blog\/wp-content\/uploads\/2020\/08\/nggallery_import\/94_","width":350,"height":200,"srcset":"https:\/\/www.gaidaphotos.com\/blog\/wp-content\/uploads\/2020\/08\/nggallery_import\/94_ 1x, https:\/\/www.gaidaphotos.com\/blog\/wp-content\/uploads\/2020\/08\/nggallery_import\/94_ 1.5x, https:\/\/www.gaidaphotos.com\/blog\/wp-content\/uploads\/2020\/08\/nggallery_import\/94_ 2x"},"classes":[]},{"id":3681,"url":"https:\/\/www.gaidaphotos.com\/blog\/2011\/09\/12\/koeln-severinsviertel-worringen-rath-heumar-verkaufsoffener-sonntag-strassenfest-18-09-2011\/","url_meta":{"origin":3647,"position":3},"title":"K\u00f6ln Severinsviertel,  Worringen,  Rath,  Heumar  &#8211; verkaufsoffener Sonntag &#038;  Stra\u00dfenfest 18.09.2011","author":"Thomas","date":"12. September 2011","format":false,"excerpt":"K\u00f6ln Severinsviertel,\u00a0 Worringen,\u00a0 Rath,\u00a0 Heumar Verkaufsoffener Sonntag Stra\u00dfenfest 18.09.2011 Endlich ist es wieder soweit und die K\u00f6lner k\u00f6nnen auch am Sonntag die lokale Wirtschaft und die Lokale beleben. Besonderes Highlight am 17.\/ und 18.09.2011 ist \"D\u00e4 L\u00e4ngste Desch von K\u00f6lle\", das Stra\u00dfenfest rund um Severinstorburg und Severinstra\u00dfe. Neben dem umfangreichen\u2026","rel":"","context":"In &quot;Verkaufsoffener Sonntag K\u00f6ln NRW&quot;","block_context":{"text":"Verkaufsoffener Sonntag K\u00f6ln NRW","link":"https:\/\/www.gaidaphotos.com\/blog\/category\/kalender-archiv\/verkaufsoffener-sonntag-koln-nrw\/"},"img":{"alt_text":"","src":"https:\/\/www.gaidaphotos.com\/blog\/wp-content\/uploads\/2020\/08\/nggallery_import\/86_","width":350,"height":200,"srcset":"https:\/\/www.gaidaphotos.com\/blog\/wp-content\/uploads\/2020\/08\/nggallery_import\/86_ 1x, https:\/\/www.gaidaphotos.com\/blog\/wp-content\/uploads\/2020\/08\/nggallery_import\/86_ 1.5x, https:\/\/www.gaidaphotos.com\/blog\/wp-content\/uploads\/2020\/08\/nggallery_import\/86_ 2x"},"classes":[]},{"id":3735,"url":"https:\/\/www.gaidaphotos.com\/blog\/2011\/10\/12\/kein-verkaufsoffener-sonntag-strasenfest-16-10-2011-in-koln\/","url_meta":{"origin":3647,"position":4},"title":"Kein verkaufsoffener Sonntag &#038; Stra\u00dfenfest 16.10.2011 in K\u00f6ln","author":"Thomas","date":"12. Oktober 2011","format":false,"excerpt":"Kein Verkaufsoffener Sonntag am 16.10.2011 in K\u00f6ln? Wie w\u00e4r's mit einem Familienausflug zum Freilichtmuseum Kommern? Wo sich die Bl\u00e4tter zu f\u00e4rben beginnen ist das eine tolle Fotogelegenheit. Am 16.10.2011 ist in K\u00f6ln kein verkaufsoffener Sonntag. Foto oben: Langzeitbelichtung (1\/25 sec) mit Bewegungsunsch\u00e4rfe. In unserer neuen Kolumne \"Foto-Kurs - Fotografieren\" geben\u2026","rel":"","context":"In &quot;Verkaufsoffener Sonntag K\u00f6ln NRW&quot;","block_context":{"text":"Verkaufsoffener Sonntag K\u00f6ln NRW","link":"https:\/\/www.gaidaphotos.com\/blog\/category\/kalender-archiv\/verkaufsoffener-sonntag-koln-nrw\/"},"img":{"alt_text":"","src":"https:\/\/www.gaidaphotos.com\/blog\/wp-content\/uploads\/2020\/08\/nggallery_import\/109_","width":350,"height":200,"srcset":"https:\/\/www.gaidaphotos.com\/blog\/wp-content\/uploads\/2020\/08\/nggallery_import\/109_ 1x, https:\/\/www.gaidaphotos.com\/blog\/wp-content\/uploads\/2020\/08\/nggallery_import\/109_ 1.5x, https:\/\/www.gaidaphotos.com\/blog\/wp-content\/uploads\/2020\/08\/nggallery_import\/109_ 2x"},"classes":[]},{"id":322,"url":"https:\/\/www.gaidaphotos.com\/blog\/2009\/04\/10\/holland-foto\/","url_meta":{"origin":3647,"position":5},"title":"Ostern an der K\u00fcste Hollands (Fotogallerie)","author":"Thomas","date":"10. April 2009","format":false,"excerpt":"Unser Tip zu Ostern: K\u00fcste Holland, Masterdam, Zaanse Schans, Noordwijck, Fotogallerie mit kostenlosem Download","rel":"","context":"In &quot;Holland K\u00fcste&quot;","block_context":{"text":"Holland K\u00fcste","link":"https:\/\/www.gaidaphotos.com\/blog\/category\/foto\/holland-kuste\/"},"img":{"alt_text":"","src":"","width":0,"height":0},"classes":[]}],"_links":{"self":[{"href":"https:\/\/www.gaidaphotos.com\/blog\/wp-json\/wp\/v2\/posts\/3647","targetHints":{"allow":["GET"]}}],"collection":[{"href":"https:\/\/www.gaidaphotos.com\/blog\/wp-json\/wp\/v2\/posts"}],"about":[{"href":"https:\/\/www.gaidaphotos.com\/blog\/wp-json\/wp\/v2\/types\/post"}],"author":[{"embeddable":true,"href":"https:\/\/www.gaidaphotos.com\/blog\/wp-json\/wp\/v2\/users\/6"}],"replies":[{"embeddable":true,"href":"https:\/\/www.gaidaphotos.com\/blog\/wp-json\/wp\/v2\/comments?post=3647"}],"version-history":[{"count":0,"href":"https:\/\/www.gaidaphotos.com\/blog\/wp-json\/wp\/v2\/posts\/3647\/revisions"}],"wp:featuredmedia":[{"embeddable":true,"href":"https:\/\/www.gaidaphotos.com\/blog\/wp-json\/wp\/v2\/media\/12292"}],"wp:attachment":[{"href":"https:\/\/www.gaidaphotos.com\/blog\/wp-json\/wp\/v2\/media?parent=3647"}],"wp:term":[{"taxonomy":"category","embeddable":true,"href":"https:\/\/www.gaidaphotos.com\/blog\/wp-json\/wp\/v2\/categories?post=3647"},{"taxonomy":"post_tag","embeddable":true,"href":"https:\/\/www.gaidaphotos.com\/blog\/wp-json\/wp\/v2\/tags?post=3647"}],"curies":[{"name":"wp","href":"https:\/\/api.w.org\/{rel}","templated":true}]}}