{"id":3664,"date":"2011-09-07T17:02:35","date_gmt":"2011-09-07T15:02:35","guid":{"rendered":"http:\/\/www.gaidaphotos.com\/blog\/?p=3664"},"modified":"2012-01-23T18:25:45","modified_gmt":"2012-01-23T17:25:45","slug":"strassenfest-verkaufsoffener-sonntag-11-09-2011-in-koeln","status":"publish","type":"post","link":"https:\/\/www.gaidaphotos.com\/blog\/2011\/09\/07\/strassenfest-verkaufsoffener-sonntag-11-09-2011-in-koeln\/","title":{"rendered":"Stra\u00dfenfest + Verkaufsoffener Sonntag 11.09.2011 in K\u00f6ln?"},"content":{"rendered":"<figure style=\"width: 325px\" class=\"wp-caption alignleft\"> ngg_shortcode_0_placeholder <figcaption class=\"wp-caption-text\">verkaufsoffener Sonntag 11.09.2011 in K\u00f6ln<\/figcaption><\/figure>\n<h2>Verkaufsoffener Sonntag .03.2011 in K\u00f6ln?<\/h2>\n<h3>Wo kann man am 11.09.2011 in K\u00f6ln shoppen (verkaufsoffener Sonntag)?<\/h3>\n<p>Pech gehabt. K\u00f6ln ist am 11.09.2011 &#8222;Verkaufsoffen-Freie-Zone&#8220;. Wie w\u00e4r&#8217;s mit einem <a href=\"https:\/\/www.gaidaphotos.com\/blog\/2011\/08\/31\/freilichtmuseum-kommern-ein-toller-ausflug\/\" title=\"Freilichtmuseum Kommern \u2013 ein toller Ausflug\">Familienausflug zum Freilichtmuseum Kommern<\/a>? Wenn sich die Bl\u00e4tter zu f\u00e4rben beginnen ist das eine tolle Fotogelegenheit.<\/p>\n<p>Am <strong>11.09.2011<\/strong> ist in K\u00f6ln<strong> <span style=\"text-decoration: underline;\">kein <\/span>verkaufsoffener Sonntag<\/strong>.<\/p>\n<p><?php include(\"wp-content\/include\/verkaufsoffener-sonntag.php\"); ?><br \/>\n{CALENDAR}<\/p>\n<p><a href=\"https:\/\/www.gaidaphotos.com\/blog\/2010\/12\/31\/verkaufsoffener-sonntag-feiertag-2011-maastricht-holland\/\" title=\"verkaufsoffener Sonntag\/Feiertag in  maastricht holland 2011\">Verkaufsoffene Sonntage in Maastricht 2011<\/a><br \/>\n<a href=\"https:\/\/www.gaidaphotos.com\/blog\/tag\/freizeit\/\" title=\"Freizeitideen f\u00fcr K\u00f6ln, K\u00f6ln Rodenkirchen und den K\u00f6lner S\u00fcden\">Freizeitideen f\u00fcr K\u00f6ln, K\u00f6ln Rodenkirchen und den K\u00f6lner S\u00fcden.<\/a><br \/>\n<a href=\"https:\/\/www.gaidaphotos.com\/blog\/2010\/12\/31\/verkaufsoffener-sonntag-2011-strassenfest-in-koln-nrw\/\" title=\"\u201cVerkaufsoffener Sonntag &amp; Stra\u00dfenfest 2011 in K\u00f6ln (NRW)\">Verkaufsoffener Sonntag &amp; Stra\u00dfenfest 2011 in K\u00f6ln (NRW): \u00dcbersicht<\/a><\/p>\n<p>Foto oben:<br \/>\nFreilichtmuseum Kommern &#8211; Geb\u00e4ude der Baugruppe &#8222;Bergisches Land&#8220;<br \/>\nMehr Fotos und Infos aus Kommern:<br \/>\n <a href=\"https:\/\/www.gaidaphotos.com\/blog\/2011\/08\/31\/freilichtmuseum-kommern-ein-toller-ausflug\/\" title=\"Freilichtmuseum Kommern \u2013 ein toller Ausflug\">Familienausflug zum Freilichtmuseum Kommern<\/a><\/p>\n","protected":false},"excerpt":{"rendered":"<p>Verkaufsoffener Sonntag .03.2011 in K\u00f6ln? Wo kann man am 11.09.2011 in K\u00f6ln shoppen (verkaufsoffener Sonntag)? Pech gehabt. K\u00f6ln ist am<\/p>\n","protected":false},"author":6,"featured_media":12393,"comment_status":"open","ping_status":"open","sticky":false,"template":"","format":"standard","meta":{"_crdt_document":"","ngg_post_thumbnail":0,"jetpack_post_was_ever_published":false,"_jetpack_newsletter_access":"","_jetpack_dont_email_post_to_subs":false,"_jetpack_newsletter_tier_id":0,"_jetpack_memberships_contains_paywalled_content":false,"_jetpack_memberships_contains_paid_content":false,"footnotes":"","jetpack_publicize_message":"","jetpack_publicize_feature_enabled":true,"jetpack_social_post_already_shared":false,"jetpack_social_options":{"image_generator_settings":{"template":"highway","default_image_id":0,"font":"","enabled":false},"version":2}},"categories":[178],"tags":[147],"class_list":["post-3664","post","type-post","status-publish","format-standard","has-post-thumbnail","hentry","category-verkaufsoffener-sonntag-koln-nrw","tag-verkaufsoffener-sonntag"],"yoast_head":"<!-- This site is optimized with the Yoast SEO plugin v27.5 - https:\/\/yoast.com\/product\/yoast-seo-wordpress\/ -->\n<title>Stra\u00dfenfest + Verkaufsoffener Sonntag 11.09.2011 in K\u00f6ln?<\/title>\n<meta name=\"description\" content=\"Alle verkaufsoffenen Sonntage in K\u00f6ln, und Alternativen wenn mal nirgendwo ge\u00f6ffnet ist.\" \/>\n<meta name=\"robots\" content=\"index, follow, max-snippet:-1, max-image-preview:large, max-video-preview:-1\" \/>\n<link rel=\"canonical\" href=\"https:\/\/www.gaidaphotos.com\/blog\/2011\/09\/07\/strassenfest-verkaufsoffener-sonntag-11-09-2011-in-koeln\/\" \/>\n<meta property=\"og:locale\" content=\"de_DE\" \/>\n<meta property=\"og:type\" content=\"article\" \/>\n<meta property=\"og:title\" content=\"Stra\u00dfenfest + Verkaufsoffener Sonntag 11.09.2011 in K\u00f6ln?\" \/>\n<meta property=\"og:description\" content=\"Alle verkaufsoffenen Sonntage in K\u00f6ln, und Alternativen wenn mal nirgendwo ge\u00f6ffnet ist.\" \/>\n<meta property=\"og:url\" content=\"https:\/\/www.gaidaphotos.com\/blog\/2011\/09\/07\/strassenfest-verkaufsoffener-sonntag-11-09-2011-in-koeln\/\" \/>\n<meta property=\"og:site_name\" content=\"K\u00f6ln Rodenkirchen und die Welt\" \/>\n<meta property=\"article:publisher\" content=\"https:\/\/www.facebook.com\/Koeln.Rodenkirchen\" \/>\n<meta property=\"article:author\" content=\"https:\/\/www.facebook.com\/gaidaphotos\" \/>\n<meta property=\"article:published_time\" content=\"2011-09-07T15:02:35+00:00\" \/>\n<meta property=\"article:modified_time\" content=\"2012-01-23T17:25:45+00:00\" \/>\n<meta property=\"og:image\" content=\"https:\/\/www.gaidaphotos.com\/blog\/wp-content\/uploads\/2020\/08\/nggallery_import\/106_\" \/>\n\t<meta property=\"og:image:width\" content=\"1000\" \/>\n\t<meta property=\"og:image:height\" content=\"667\" \/>\n\t<meta property=\"og:image:type\" content=\"image\/jpeg\" \/>\n<meta name=\"author\" content=\"Thomas\" \/>\n<meta name=\"twitter:card\" content=\"summary_large_image\" \/>\n<meta name=\"twitter:creator\" content=\"@gaidaphotos\" \/>\n<meta name=\"twitter:site\" content=\"@gaidaphotos\" \/>\n<meta name=\"twitter:label1\" content=\"Verfasst von\" \/>\n\t<meta name=\"twitter:data1\" content=\"Thomas\" \/>\n\t<meta name=\"twitter:label2\" content=\"Gesch\u00e4tzte Lesezeit\" \/>\n\t<meta name=\"twitter:data2\" content=\"1\u00a0Minute\" \/>\n<script type=\"application\/ld+json\" class=\"yoast-schema-graph\">{\"@context\":\"https:\\\/\\\/schema.org\",\"@graph\":[{\"@type\":\"Article\",\"@id\":\"https:\\\/\\\/www.gaidaphotos.com\\\/blog\\\/2011\\\/09\\\/07\\\/strassenfest-verkaufsoffener-sonntag-11-09-2011-in-koeln\\\/#article\",\"isPartOf\":{\"@id\":\"https:\\\/\\\/www.gaidaphotos.com\\\/blog\\\/2011\\\/09\\\/07\\\/strassenfest-verkaufsoffener-sonntag-11-09-2011-in-koeln\\\/\"},\"author\":{\"name\":\"Thomas\",\"@id\":\"https:\\\/\\\/www.gaidaphotos.com\\\/blog\\\/#\\\/schema\\\/person\\\/6c444a5b13ffc503c5c32f5a9ec68b21\"},\"headline\":\"Stra\u00dfenfest + Verkaufsoffener Sonntag 11.09.2011 in K\u00f6ln?\",\"datePublished\":\"2011-09-07T15:02:35+00:00\",\"dateModified\":\"2012-01-23T17:25:45+00:00\",\"mainEntityOfPage\":{\"@id\":\"https:\\\/\\\/www.gaidaphotos.com\\\/blog\\\/2011\\\/09\\\/07\\\/strassenfest-verkaufsoffener-sonntag-11-09-2011-in-koeln\\\/\"},\"wordCount\":128,\"commentCount\":0,\"publisher\":{\"@id\":\"https:\\\/\\\/www.gaidaphotos.com\\\/blog\\\/#organization\"},\"image\":{\"@id\":\"https:\\\/\\\/www.gaidaphotos.com\\\/blog\\\/2011\\\/09\\\/07\\\/strassenfest-verkaufsoffener-sonntag-11-09-2011-in-koeln\\\/#primaryimage\"},\"thumbnailUrl\":\"https:\\\/\\\/www.gaidaphotos.com\\\/blog\\\/wp-content\\\/uploads\\\/2020\\\/08\\\/nggallery_import\\\/106_\",\"keywords\":[\"verkaufsoffener Sonntag\"],\"articleSection\":[\"Verkaufsoffener Sonntag K\u00f6ln NRW\"],\"inLanguage\":\"de\",\"potentialAction\":[{\"@type\":\"CommentAction\",\"name\":\"Comment\",\"target\":[\"https:\\\/\\\/www.gaidaphotos.com\\\/blog\\\/2011\\\/09\\\/07\\\/strassenfest-verkaufsoffener-sonntag-11-09-2011-in-koeln\\\/#respond\"]}]},{\"@type\":\"WebPage\",\"@id\":\"https:\\\/\\\/www.gaidaphotos.com\\\/blog\\\/2011\\\/09\\\/07\\\/strassenfest-verkaufsoffener-sonntag-11-09-2011-in-koeln\\\/\",\"url\":\"https:\\\/\\\/www.gaidaphotos.com\\\/blog\\\/2011\\\/09\\\/07\\\/strassenfest-verkaufsoffener-sonntag-11-09-2011-in-koeln\\\/\",\"name\":\"Stra\u00dfenfest + Verkaufsoffener Sonntag 11.09.2011 in K\u00f6ln?\",\"isPartOf\":{\"@id\":\"https:\\\/\\\/www.gaidaphotos.com\\\/blog\\\/#website\"},\"primaryImageOfPage\":{\"@id\":\"https:\\\/\\\/www.gaidaphotos.com\\\/blog\\\/2011\\\/09\\\/07\\\/strassenfest-verkaufsoffener-sonntag-11-09-2011-in-koeln\\\/#primaryimage\"},\"image\":{\"@id\":\"https:\\\/\\\/www.gaidaphotos.com\\\/blog\\\/2011\\\/09\\\/07\\\/strassenfest-verkaufsoffener-sonntag-11-09-2011-in-koeln\\\/#primaryimage\"},\"thumbnailUrl\":\"https:\\\/\\\/www.gaidaphotos.com\\\/blog\\\/wp-content\\\/uploads\\\/2020\\\/08\\\/nggallery_import\\\/106_\",\"datePublished\":\"2011-09-07T15:02:35+00:00\",\"dateModified\":\"2012-01-23T17:25:45+00:00\",\"description\":\"Alle verkaufsoffenen Sonntage in K\u00f6ln, und Alternativen wenn mal nirgendwo ge\u00f6ffnet ist.\",\"breadcrumb\":{\"@id\":\"https:\\\/\\\/www.gaidaphotos.com\\\/blog\\\/2011\\\/09\\\/07\\\/strassenfest-verkaufsoffener-sonntag-11-09-2011-in-koeln\\\/#breadcrumb\"},\"inLanguage\":\"de\",\"potentialAction\":[{\"@type\":\"ReadAction\",\"target\":[\"https:\\\/\\\/www.gaidaphotos.com\\\/blog\\\/2011\\\/09\\\/07\\\/strassenfest-verkaufsoffener-sonntag-11-09-2011-in-koeln\\\/\"]}]},{\"@type\":\"ImageObject\",\"inLanguage\":\"de\",\"@id\":\"https:\\\/\\\/www.gaidaphotos.com\\\/blog\\\/2011\\\/09\\\/07\\\/strassenfest-verkaufsoffener-sonntag-11-09-2011-in-koeln\\\/#primaryimage\",\"url\":\"https:\\\/\\\/www.gaidaphotos.com\\\/blog\\\/wp-content\\\/uploads\\\/2020\\\/08\\\/nggallery_import\\\/106_\",\"contentUrl\":\"https:\\\/\\\/www.gaidaphotos.com\\\/blog\\\/wp-content\\\/uploads\\\/2020\\\/08\\\/nggallery_import\\\/106_\",\"width\":1000,\"height\":667},{\"@type\":\"BreadcrumbList\",\"@id\":\"https:\\\/\\\/www.gaidaphotos.com\\\/blog\\\/2011\\\/09\\\/07\\\/strassenfest-verkaufsoffener-sonntag-11-09-2011-in-koeln\\\/#breadcrumb\",\"itemListElement\":[{\"@type\":\"ListItem\",\"position\":1,\"name\":\"Startseite\",\"item\":\"https:\\\/\\\/www.gaidaphotos.com\\\/blog\\\/\"},{\"@type\":\"ListItem\",\"position\":2,\"name\":\"Stra\u00dfenfest + Verkaufsoffener Sonntag 11.09.2011 in K\u00f6ln?\"}]},{\"@type\":\"WebSite\",\"@id\":\"https:\\\/\\\/www.gaidaphotos.com\\\/blog\\\/#website\",\"url\":\"https:\\\/\\\/www.gaidaphotos.com\\\/blog\\\/\",\"name\":\"K\u00f6ln Rodenkirchen und die Welt\",\"description\":\"Einkaufen, Restaurants, Freizeit, Nachrichten und was uns sonst bewegt und begegnet\",\"publisher\":{\"@id\":\"https:\\\/\\\/www.gaidaphotos.com\\\/blog\\\/#organization\"},\"potentialAction\":[{\"@type\":\"SearchAction\",\"target\":{\"@type\":\"EntryPoint\",\"urlTemplate\":\"https:\\\/\\\/www.gaidaphotos.com\\\/blog\\\/?s={search_term_string}\"},\"query-input\":{\"@type\":\"PropertyValueSpecification\",\"valueRequired\":true,\"valueName\":\"search_term_string\"}}],\"inLanguage\":\"de\"},{\"@type\":\"Organization\",\"@id\":\"https:\\\/\\\/www.gaidaphotos.com\\\/blog\\\/#organization\",\"name\":\"gaidaphotos\",\"url\":\"https:\\\/\\\/www.gaidaphotos.com\\\/blog\\\/\",\"logo\":{\"@type\":\"ImageObject\",\"inLanguage\":\"de\",\"@id\":\"https:\\\/\\\/www.gaidaphotos.com\\\/blog\\\/#\\\/schema\\\/logo\\\/image\\\/\",\"url\":\"https:\\\/\\\/i0.wp.com\\\/www.gaidaphotos.com\\\/blog\\\/wp-content\\\/uploads\\\/2020\\\/07\\\/GAIDAPHOTOS-COM.jpg?fit=160%2C96&ssl=1\",\"contentUrl\":\"https:\\\/\\\/i0.wp.com\\\/www.gaidaphotos.com\\\/blog\\\/wp-content\\\/uploads\\\/2020\\\/07\\\/GAIDAPHOTOS-COM.jpg?fit=160%2C96&ssl=1\",\"width\":160,\"height\":96,\"caption\":\"gaidaphotos\"},\"image\":{\"@id\":\"https:\\\/\\\/www.gaidaphotos.com\\\/blog\\\/#\\\/schema\\\/logo\\\/image\\\/\"},\"sameAs\":[\"https:\\\/\\\/www.facebook.com\\\/Koeln.Rodenkirchen\",\"https:\\\/\\\/x.com\\\/gaidaphotos\",\"https:\\\/\\\/instagram.com\\\/gaidaphotos\\\/\",\"https:\\\/\\\/de.linkedin.com\\\/in\\\/gaidaphotos\",\"https:\\\/\\\/myspace.com\\\/gaidaphotos\",\"https:\\\/\\\/www.pinterest.com\\\/gaidaphotos\\\/\",\"https:\\\/\\\/www.youtube.com\\\/user\\\/gaidaphotos\"]},{\"@type\":\"Person\",\"@id\":\"https:\\\/\\\/www.gaidaphotos.com\\\/blog\\\/#\\\/schema\\\/person\\\/6c444a5b13ffc503c5c32f5a9ec68b21\",\"name\":\"Thomas\",\"sameAs\":[\"https:\\\/\\\/www.gaidaphotos.com\",\"https:\\\/\\\/www.facebook.com\\\/gaidaphotos\",\"https:\\\/\\\/instagram.com\\\/gaidaphotos\\\/\",\"https:\\\/\\\/www.linkedin.com\\\/in\\\/gaidaphotos\",\"http:\\\/\\\/www.pinterest.com\\\/gaidaphotos\\\/\",\"https:\\\/\\\/x.com\\\/gaidaphotos\",\"https:\\\/\\\/myspace.com\\\/gaidaphotos\",\"https:\\\/\\\/www.youtube.com\\\/user\\\/gaidaphotos\",\"https:\\\/\\\/gaidaphotos.tumblr.com\\\/\"]}]}<\/script>\n<!-- \/ Yoast SEO plugin. -->","yoast_head_json":{"title":"Stra\u00dfenfest + Verkaufsoffener Sonntag 11.09.2011 in K\u00f6ln?","description":"Alle verkaufsoffenen Sonntage in K\u00f6ln, und Alternativen wenn mal nirgendwo ge\u00f6ffnet ist.","robots":{"index":"index","follow":"follow","max-snippet":"max-snippet:-1","max-image-preview":"max-image-preview:large","max-video-preview":"max-video-preview:-1"},"canonical":"https:\/\/www.gaidaphotos.com\/blog\/2011\/09\/07\/strassenfest-verkaufsoffener-sonntag-11-09-2011-in-koeln\/","og_locale":"de_DE","og_type":"article","og_title":"Stra\u00dfenfest + Verkaufsoffener Sonntag 11.09.2011 in K\u00f6ln?","og_description":"Alle verkaufsoffenen Sonntage in K\u00f6ln, und Alternativen wenn mal nirgendwo ge\u00f6ffnet ist.","og_url":"https:\/\/www.gaidaphotos.com\/blog\/2011\/09\/07\/strassenfest-verkaufsoffener-sonntag-11-09-2011-in-koeln\/","og_site_name":"K\u00f6ln Rodenkirchen und die Welt","article_publisher":"https:\/\/www.facebook.com\/Koeln.Rodenkirchen","article_author":"https:\/\/www.facebook.com\/gaidaphotos","article_published_time":"2011-09-07T15:02:35+00:00","article_modified_time":"2012-01-23T17:25:45+00:00","og_image":[{"width":1000,"height":667,"url":"https:\/\/www.gaidaphotos.com\/blog\/wp-content\/uploads\/2020\/08\/nggallery_import\/106_","type":"image\/jpeg"}],"author":"Thomas","twitter_card":"summary_large_image","twitter_creator":"@gaidaphotos","twitter_site":"@gaidaphotos","twitter_misc":{"Verfasst von":"Thomas","Gesch\u00e4tzte Lesezeit":"1\u00a0Minute"},"schema":{"@context":"https:\/\/schema.org","@graph":[{"@type":"Article","@id":"https:\/\/www.gaidaphotos.com\/blog\/2011\/09\/07\/strassenfest-verkaufsoffener-sonntag-11-09-2011-in-koeln\/#article","isPartOf":{"@id":"https:\/\/www.gaidaphotos.com\/blog\/2011\/09\/07\/strassenfest-verkaufsoffener-sonntag-11-09-2011-in-koeln\/"},"author":{"name":"Thomas","@id":"https:\/\/www.gaidaphotos.com\/blog\/#\/schema\/person\/6c444a5b13ffc503c5c32f5a9ec68b21"},"headline":"Stra\u00dfenfest + Verkaufsoffener Sonntag 11.09.2011 in K\u00f6ln?","datePublished":"2011-09-07T15:02:35+00:00","dateModified":"2012-01-23T17:25:45+00:00","mainEntityOfPage":{"@id":"https:\/\/www.gaidaphotos.com\/blog\/2011\/09\/07\/strassenfest-verkaufsoffener-sonntag-11-09-2011-in-koeln\/"},"wordCount":128,"commentCount":0,"publisher":{"@id":"https:\/\/www.gaidaphotos.com\/blog\/#organization"},"image":{"@id":"https:\/\/www.gaidaphotos.com\/blog\/2011\/09\/07\/strassenfest-verkaufsoffener-sonntag-11-09-2011-in-koeln\/#primaryimage"},"thumbnailUrl":"https:\/\/www.gaidaphotos.com\/blog\/wp-content\/uploads\/2020\/08\/nggallery_import\/106_","keywords":["verkaufsoffener Sonntag"],"articleSection":["Verkaufsoffener Sonntag K\u00f6ln NRW"],"inLanguage":"de","potentialAction":[{"@type":"CommentAction","name":"Comment","target":["https:\/\/www.gaidaphotos.com\/blog\/2011\/09\/07\/strassenfest-verkaufsoffener-sonntag-11-09-2011-in-koeln\/#respond"]}]},{"@type":"WebPage","@id":"https:\/\/www.gaidaphotos.com\/blog\/2011\/09\/07\/strassenfest-verkaufsoffener-sonntag-11-09-2011-in-koeln\/","url":"https:\/\/www.gaidaphotos.com\/blog\/2011\/09\/07\/strassenfest-verkaufsoffener-sonntag-11-09-2011-in-koeln\/","name":"Stra\u00dfenfest + Verkaufsoffener Sonntag 11.09.2011 in K\u00f6ln?","isPartOf":{"@id":"https:\/\/www.gaidaphotos.com\/blog\/#website"},"primaryImageOfPage":{"@id":"https:\/\/www.gaidaphotos.com\/blog\/2011\/09\/07\/strassenfest-verkaufsoffener-sonntag-11-09-2011-in-koeln\/#primaryimage"},"image":{"@id":"https:\/\/www.gaidaphotos.com\/blog\/2011\/09\/07\/strassenfest-verkaufsoffener-sonntag-11-09-2011-in-koeln\/#primaryimage"},"thumbnailUrl":"https:\/\/www.gaidaphotos.com\/blog\/wp-content\/uploads\/2020\/08\/nggallery_import\/106_","datePublished":"2011-09-07T15:02:35+00:00","dateModified":"2012-01-23T17:25:45+00:00","description":"Alle verkaufsoffenen Sonntage in K\u00f6ln, und Alternativen wenn mal nirgendwo ge\u00f6ffnet ist.","breadcrumb":{"@id":"https:\/\/www.gaidaphotos.com\/blog\/2011\/09\/07\/strassenfest-verkaufsoffener-sonntag-11-09-2011-in-koeln\/#breadcrumb"},"inLanguage":"de","potentialAction":[{"@type":"ReadAction","target":["https:\/\/www.gaidaphotos.com\/blog\/2011\/09\/07\/strassenfest-verkaufsoffener-sonntag-11-09-2011-in-koeln\/"]}]},{"@type":"ImageObject","inLanguage":"de","@id":"https:\/\/www.gaidaphotos.com\/blog\/2011\/09\/07\/strassenfest-verkaufsoffener-sonntag-11-09-2011-in-koeln\/#primaryimage","url":"https:\/\/www.gaidaphotos.com\/blog\/wp-content\/uploads\/2020\/08\/nggallery_import\/106_","contentUrl":"https:\/\/www.gaidaphotos.com\/blog\/wp-content\/uploads\/2020\/08\/nggallery_import\/106_","width":1000,"height":667},{"@type":"BreadcrumbList","@id":"https:\/\/www.gaidaphotos.com\/blog\/2011\/09\/07\/strassenfest-verkaufsoffener-sonntag-11-09-2011-in-koeln\/#breadcrumb","itemListElement":[{"@type":"ListItem","position":1,"name":"Startseite","item":"https:\/\/www.gaidaphotos.com\/blog\/"},{"@type":"ListItem","position":2,"name":"Stra\u00dfenfest + Verkaufsoffener Sonntag 11.09.2011 in K\u00f6ln?"}]},{"@type":"WebSite","@id":"https:\/\/www.gaidaphotos.com\/blog\/#website","url":"https:\/\/www.gaidaphotos.com\/blog\/","name":"K\u00f6ln Rodenkirchen und die Welt","description":"Einkaufen, Restaurants, Freizeit, Nachrichten und was uns sonst bewegt und begegnet","publisher":{"@id":"https:\/\/www.gaidaphotos.com\/blog\/#organization"},"potentialAction":[{"@type":"SearchAction","target":{"@type":"EntryPoint","urlTemplate":"https:\/\/www.gaidaphotos.com\/blog\/?s={search_term_string}"},"query-input":{"@type":"PropertyValueSpecification","valueRequired":true,"valueName":"search_term_string"}}],"inLanguage":"de"},{"@type":"Organization","@id":"https:\/\/www.gaidaphotos.com\/blog\/#organization","name":"gaidaphotos","url":"https:\/\/www.gaidaphotos.com\/blog\/","logo":{"@type":"ImageObject","inLanguage":"de","@id":"https:\/\/www.gaidaphotos.com\/blog\/#\/schema\/logo\/image\/","url":"https:\/\/i0.wp.com\/www.gaidaphotos.com\/blog\/wp-content\/uploads\/2020\/07\/GAIDAPHOTOS-COM.jpg?fit=160%2C96&ssl=1","contentUrl":"https:\/\/i0.wp.com\/www.gaidaphotos.com\/blog\/wp-content\/uploads\/2020\/07\/GAIDAPHOTOS-COM.jpg?fit=160%2C96&ssl=1","width":160,"height":96,"caption":"gaidaphotos"},"image":{"@id":"https:\/\/www.gaidaphotos.com\/blog\/#\/schema\/logo\/image\/"},"sameAs":["https:\/\/www.facebook.com\/Koeln.Rodenkirchen","https:\/\/x.com\/gaidaphotos","https:\/\/instagram.com\/gaidaphotos\/","https:\/\/de.linkedin.com\/in\/gaidaphotos","https:\/\/myspace.com\/gaidaphotos","https:\/\/www.pinterest.com\/gaidaphotos\/","https:\/\/www.youtube.com\/user\/gaidaphotos"]},{"@type":"Person","@id":"https:\/\/www.gaidaphotos.com\/blog\/#\/schema\/person\/6c444a5b13ffc503c5c32f5a9ec68b21","name":"Thomas","sameAs":["https:\/\/www.gaidaphotos.com","https:\/\/www.facebook.com\/gaidaphotos","https:\/\/instagram.com\/gaidaphotos\/","https:\/\/www.linkedin.com\/in\/gaidaphotos","http:\/\/www.pinterest.com\/gaidaphotos\/","https:\/\/x.com\/gaidaphotos","https:\/\/myspace.com\/gaidaphotos","https:\/\/www.youtube.com\/user\/gaidaphotos","https:\/\/gaidaphotos.tumblr.com\/"]}]}},"jetpack_publicize_connections":[],"jetpack_featured_media_url":"https:\/\/www.gaidaphotos.com\/blog\/wp-content\/uploads\/2020\/08\/nggallery_import\/106_","jetpack_sharing_enabled":true,"jetpack_likes_enabled":true,"jetpack-related-posts":[{"id":3464,"url":"https:\/\/www.gaidaphotos.com\/blog\/2010\/11\/23\/verkaufsoffener-sonntag-weihnachtsmarkte-koeln-12-12-2010\/","url_meta":{"origin":3664,"position":0},"title":"verkaufsoffener Sonntag &#038; Weihnachtsm\u00e4rkte in K\u00f6ln am 12.12.2010","author":"Thomas","date":"23. November 2010","format":false,"excerpt":"Verkaufsoffener Sonntag & Weihnachtsm\u00e4rkte in K\u00f6ln am 12.12.2010 Auch der 12.12.2010 ist in K\u00f6ln ein Shopping-Gro\u00dfkampftag, denn in 6 K\u00f6lner Veedeln ist verkaufsoffener Sonntag und es finden Adventsfeste oder Weihnachtsm\u00e4rkte statt. Am 12.12.2010 ist in K\u00f6ln verkaufsoffener Sonntag: verkaufsoffener Sonntag & Adventsfest in K\u00f6ln Severinsviertel am 12.12.2010 verkaufsoffener Sonntag &\u2026","rel":"","context":"In &quot;Verkaufsoffener Sonntag K\u00f6ln NRW&quot;","block_context":{"text":"Verkaufsoffener Sonntag K\u00f6ln NRW","link":"https:\/\/www.gaidaphotos.com\/blog\/category\/kalender-archiv\/verkaufsoffener-sonntag-koln-nrw\/"},"img":{"alt_text":"","src":"","width":0,"height":0},"classes":[]},{"id":3534,"url":"https:\/\/www.gaidaphotos.com\/blog\/2011\/04\/05\/verkaufsoffener-sonntag-10-04-2011-in-koln\/","url_meta":{"origin":3664,"position":1},"title":"Verkaufsoffener Sonntag 10.04.2011 in K\u00f6ln?","author":"Thomas","date":"5. April 2011","format":false,"excerpt":"Verkaufsoffener Sonntag 10.04.2011 in K\u00f6ln? In welchem K\u00f6lner Veedel oder Stadteil sind am 10.04.2011 die Gesch\u00e4fte ge\u00f6ffnet (verkaufsoffener Sonntag)? Wir sagen Ihnen nicht nur wo sondern auch was am verkaufsoffenen Sonntag in K\u00f6ln alles geboten wird. Begleitprogramm zum verkaufsoffenen Sonnatg in K\u00f6ln mit K\u00fcnstlern und allen anderen Informationen rund um\u2026","rel":"","context":"In &quot;Verkaufsoffener Sonntag K\u00f6ln NRW&quot;","block_context":{"text":"Verkaufsoffener Sonntag K\u00f6ln NRW","link":"https:\/\/www.gaidaphotos.com\/blog\/category\/kalender-archiv\/verkaufsoffener-sonntag-koln-nrw\/"},"img":{"alt_text":"","src":"https:\/\/www.gaidaphotos.com\/blog\/wp-content\/uploads\/2020\/08\/nggallery_import\/44_","width":350,"height":200},"classes":[]},{"id":3562,"url":"https:\/\/www.gaidaphotos.com\/blog\/2011\/05\/31\/verkaufsoffener-sonntag-05-06-2011-koeln-nrw\/","url_meta":{"origin":3664,"position":2},"title":"Verkaufsoffener Sonntag 05.06.2011 in K\u00f6ln (NRW)?","author":"Thomas","date":"31. Mai 2011","format":false,"excerpt":"Verkaufsoffener Sonntag .03.2011 in K\u00f6ln? In welchem K\u00f6lner Veedel oder Stadteil sind am 05.06.2011 die Gesch\u00e4fte ge\u00f6ffnet (verkaufsoffener Sonntag)? Wir sagen Ihnen nicht nur wo sondern auch was am verkaufsoffenen Sonntag in K\u00f6ln alles geboten wird. Begleitprogramm zum verkaufsoffenen Sonnatg in K\u00f6ln mit K\u00fcnstlern und allen anderen Informationen rund um\u2026","rel":"","context":"In &quot;Verkaufsoffener Sonntag K\u00f6ln NRW&quot;","block_context":{"text":"Verkaufsoffener Sonntag K\u00f6ln NRW","link":"https:\/\/www.gaidaphotos.com\/blog\/category\/kalender-archiv\/verkaufsoffener-sonntag-koln-nrw\/"},"img":{"alt_text":"","src":"https:\/\/www.gaidaphotos.com\/blog\/wp-content\/uploads\/2020\/08\/nggallery_import\/77_","width":350,"height":200},"classes":[]},{"id":3389,"url":"https:\/\/www.gaidaphotos.com\/blog\/2010\/10\/05\/verkaufsoffener-sonntag-10-10-2010-in-koeln-porz\/","url_meta":{"origin":3664,"position":3},"title":"verkaufsoffener Sonntag 10.10.2010 in K\u00f6ln Porz","author":"Thomas","date":"5. Oktober 2010","format":false,"excerpt":"Verkaufsoffener Sonntag 10.10.2010 in K\u00f6ln Porz Der erste Sonntag im Oktober, 10.10.2010, ist immer ein gro\u00dfer Tag f\u00fcr verkaufsoffene Sonntage und Stra\u00dfenfeste. So k\u00f6nnen Sie in diesem Jahr gleich in 4 K\u00f6lner Veedeln an einem Sonntag Geld ausgeben. Am 10.10.2010 ist in K\u00f6ln Porz verkaufsoffener Sonntag. Leider liegen uns zum\u2026","rel":"","context":"In &quot;Verkaufsoffener Sonntag K\u00f6ln NRW&quot;","block_context":{"text":"Verkaufsoffener Sonntag K\u00f6ln NRW","link":"https:\/\/www.gaidaphotos.com\/blog\/category\/kalender-archiv\/verkaufsoffener-sonntag-koln-nrw\/"},"img":{"alt_text":"","src":"","width":0,"height":0},"classes":[]},{"id":3421,"url":"https:\/\/www.gaidaphotos.com\/blog\/2010\/11\/08\/verkaufsoffener-sonntag-14-11-2010-in-koeln-nrw\/","url_meta":{"origin":3664,"position":4},"title":"Verkaufsoffener Sonntag 14.11.2010 in K\u00f6ln (NRW)?","author":"Thomas","date":"8. November 2010","format":false,"excerpt":"Verkaufsoffener Sonntag 14.11.2010 in K\u00f6ln? In welchem K\u00f6lner Veedel oder Stadteil sind am 14.11.2010 die Gesch\u00e4fte ge\u00f6ffnet (verkaufsoffener Sonntag)? Wir sagen Ihnen nicht nur wo sondern auch was am verkaufsoffenen Sonntag in K\u00f6ln alles geboten wird. Begleitprogramm zum verkaufsoffenen Sonnatg in K\u00f6ln mit K\u00fcnstlern und allen anderen Informationen rund um\u2026","rel":"","context":"In &quot;Verkaufsoffener Sonntag K\u00f6ln NRW&quot;","block_context":{"text":"Verkaufsoffener Sonntag K\u00f6ln NRW","link":"https:\/\/www.gaidaphotos.com\/blog\/category\/kalender-archiv\/verkaufsoffener-sonntag-koln-nrw\/"},"img":{"alt_text":"","src":"","width":0,"height":0},"classes":[]},{"id":3583,"url":"https:\/\/www.gaidaphotos.com\/blog\/2011\/07\/18\/verkaufsoffener-sonntag-24-07-2011-in-koln-nrw\/","url_meta":{"origin":3664,"position":5},"title":"Verkaufsoffener Sonntag 24.07.2011 in K\u00f6ln (NRW)?","author":"Thomas","date":"18. Juli 2011","format":false,"excerpt":"Verkaufsoffener Sonntag 24.07.2011 in K\u00f6ln? In welchem K\u00f6lner Veedel oder Stadteil sind am 24.07.2011 die Gesch\u00e4fte ge\u00f6ffnet (verkaufsoffener Sonntag)? Wir sagen Ihnen nicht nur wo sondern auch was am verkaufsoffenen Sonntag in K\u00f6ln alles geboten wird. Begleitprogramm zum verkaufsoffenen Sonnatg in K\u00f6ln mit K\u00fcnstlern und allen anderen Informationen rund um\u2026","rel":"","context":"In &quot;Verkaufsoffener Sonntag K\u00f6ln NRW&quot;","block_context":{"text":"Verkaufsoffener Sonntag K\u00f6ln NRW","link":"https:\/\/www.gaidaphotos.com\/blog\/category\/kalender-archiv\/verkaufsoffener-sonntag-koln-nrw\/"},"img":{"alt_text":"","src":"https:\/\/www.gaidaphotos.com\/blog\/wp-content\/uploads\/2020\/08\/nggallery_import\/87_","width":350,"height":200},"classes":[]}],"_links":{"self":[{"href":"https:\/\/www.gaidaphotos.com\/blog\/wp-json\/wp\/v2\/posts\/3664","targetHints":{"allow":["GET"]}}],"collection":[{"href":"https:\/\/www.gaidaphotos.com\/blog\/wp-json\/wp\/v2\/posts"}],"about":[{"href":"https:\/\/www.gaidaphotos.com\/blog\/wp-json\/wp\/v2\/types\/post"}],"author":[{"embeddable":true,"href":"https:\/\/www.gaidaphotos.com\/blog\/wp-json\/wp\/v2\/users\/6"}],"replies":[{"embeddable":true,"href":"https:\/\/www.gaidaphotos.com\/blog\/wp-json\/wp\/v2\/comments?post=3664"}],"version-history":[{"count":0,"href":"https:\/\/www.gaidaphotos.com\/blog\/wp-json\/wp\/v2\/posts\/3664\/revisions"}],"wp:featuredmedia":[{"embeddable":true,"href":"https:\/\/www.gaidaphotos.com\/blog\/wp-json\/wp\/v2\/media\/12393"}],"wp:attachment":[{"href":"https:\/\/www.gaidaphotos.com\/blog\/wp-json\/wp\/v2\/media?parent=3664"}],"wp:term":[{"taxonomy":"category","embeddable":true,"href":"https:\/\/www.gaidaphotos.com\/blog\/wp-json\/wp\/v2\/categories?post=3664"},{"taxonomy":"post_tag","embeddable":true,"href":"https:\/\/www.gaidaphotos.com\/blog\/wp-json\/wp\/v2\/tags?post=3664"}],"curies":[{"name":"wp","href":"https:\/\/api.w.org\/{rel}","templated":true}]}}