{"id":3670,"date":"2011-09-08T18:16:50","date_gmt":"2011-09-08T16:16:50","guid":{"rendered":"http:\/\/www.gaidaphotos.com\/blog\/?p=3670"},"modified":"2011-09-12T16:33:06","modified_gmt":"2011-09-12T14:33:06","slug":"oeko-markt-koeln-rodenkirchen","status":"publish","type":"post","link":"https:\/\/www.gaidaphotos.com\/blog\/2011\/09\/08\/oeko-markt-koeln-rodenkirchen\/","title":{"rendered":"\u00d6ko-Markt in K\u00f6ln Rodenkirchen ab 15.09.2011"},"content":{"rendered":"<figure style=\"width: 325px\" class=\"wp-caption alignleft\"> ngg_shortcode_0_placeholder <figcaption class=\"wp-caption-text\">Zeitblende 1961 im Freilichtmuseum Kommern<\/figcaption><\/figure>\n<h2>\u00d6ko-Markt in K\u00f6ln Rodenkirchen<br \/>\nJeden Donnerstag von 8:00-14:00h auf dem Maternusplatz<\/h2>\n<p>\nJetzt hat Rodenkirchen seinen DRITTEN WOCHENMAKRT. Neben den herk\u00f6mmlichen M\u00e4rkten am Mittwoch und Samstag gibt es jetzt Donnerstags noch einen extra &#8222;<strong>\u00d6ko Markt<\/strong>&#8220; in K\u00f6ln Rodenkirchen.<br \/>\nWas haben wir uns unter einem &#8222;\u00d6komarkt&#8220; vorzustellen? Betreiber ist die AgrarKonzept GmbH aus K\u00f6ln, die schon \u00d6kom\u00e4rkte in K\u00f6ln-Nippes, am Rudolfplatz und am Severinskirchplatz sowie in Bonn (2 \u00d6kom\u00e4rkte) durchf\u00fchrt. Wie Sie auf Ihrer Website <a href=\"http:\/\/oekomarkt.de\/\" title=\"\u00d6komarkt\" target=_blanK\">http:\/\/oekomarkt.de<\/a> ausf\u00fchrt:<\/p>\n<ul>Sie w\u00fcrden gerne Ihr Fleisch direkt beim Bauern aus der Region kaufen? Sie w\u00fcnschen sich tagesfrisches Obst und Gem\u00fcse und m\u00f6chten wissen wie die H\u00fchner leben, die Ihre Fr\u00fchst\u00fcckseier legen?<br \/>\nDann besuchen Sie uns auf den \u00d6kom\u00e4rkten in K\u00f6ln, Bonn und Bad Godesberg. An f\u00fcnf Tagen in der Woche kommen die Landwirte aus der Region in Ihre Stadt und bieten Ihnen regionale Frische \u2013 und das alles in zertifizierter Bio-Qualit\u00e4t. Alle Marktpl\u00e4tze und -zeiten finden Sie auf den n\u00e4chsten Seiten \u2013 sicherlich gibt es auch einen Standort ganz in Ihrer N\u00e4he!<\/p>\n<ul>\nF\u00fcr den \u00d6ko-Markt auf dem Maternusplatz sind bisher folgende H\u00e4ndler angek\u00fcndigt:<\/p>\n<ul>\n<li>OBST + GEM\u00dcSE: Biohof Bursch<\/li>\n<li>BROT + BACKWAREN: M\u00fchlenb\u00e4ckerei Zippel<\/li>\n<li>K\u00c4SE + MILCHPRODUKTE: Michaelshof<\/li>\n<li>FLEISCH + WURST: Biobauer Bernd Huth<\/li>\n<\/ul>\n<p>Das sind beleibe nicht viele Anbieter und damit leider keinerlei Wettbewerb.<br \/>\nDen \u00f6rtlichen Anbietern wird ein weiterer Markt gar nicht schmecken. Und auch die Marktbeschicker am Mittwoch und Samstag werden nicht allzu begeistert sein. Wir werden sehen (und berichten) wie sich die Wettbewerbssituation in K\u00f6ln-Rodenkirchen entwickelt.<\/p>\n","protected":false},"excerpt":{"rendered":"<p>\u00d6ko-Markt in K\u00f6ln Rodenkirchen Jeden Donnerstag von 8:00-14:00h auf dem Maternusplatz Jetzt hat Rodenkirchen seinen DRITTEN WOCHENMAKRT. Neben den herk\u00f6mmlichen<\/p>\n","protected":false},"author":6,"featured_media":12375,"comment_status":"open","ping_status":"open","sticky":false,"template":"","format":"standard","meta":{"_crdt_document":"","ngg_post_thumbnail":0,"jetpack_post_was_ever_published":false,"_jetpack_newsletter_access":"","_jetpack_dont_email_post_to_subs":false,"_jetpack_newsletter_tier_id":0,"_jetpack_memberships_contains_paywalled_content":false,"_jetpack_memberships_contains_paid_content":false,"footnotes":"","jetpack_publicize_message":"","jetpack_publicize_feature_enabled":true,"jetpack_social_post_already_shared":false,"jetpack_social_options":{"image_generator_settings":{"template":"highway","default_image_id":0,"font":"","enabled":false},"version":2}},"categories":[89],"tags":[108,538],"class_list":["post-3670","post","type-post","status-publish","format-standard","has-post-thumbnail","hentry","category-koeln-rodenkirchen-einkaufen","tag-einkaufen","tag-koeln-rodenkirchen"],"yoast_head":"<!-- This site is optimized with the Yoast SEO plugin v27.5 - https:\/\/yoast.com\/product\/yoast-seo-wordpress\/ -->\n<title>\u00d6ko-Markt in K\u00f6ln Rodenkirchen ab 15.09.2011<\/title>\n<meta name=\"description\" content=\"Alles \u00fcber den neuen \u00d6ko Markt in K\u00f6ln Rodenkirchen, Anbieter, \u00d6ffnungszeiten, Bewertung - ab 15.09.2011 auf dem Maternusplatz\" \/>\n<meta name=\"robots\" content=\"index, follow, max-snippet:-1, max-image-preview:large, max-video-preview:-1\" \/>\n<link rel=\"canonical\" href=\"https:\/\/www.gaidaphotos.com\/blog\/2011\/09\/08\/oeko-markt-koeln-rodenkirchen\/\" \/>\n<meta property=\"og:locale\" content=\"de_DE\" \/>\n<meta property=\"og:type\" content=\"article\" \/>\n<meta property=\"og:title\" content=\"\u00d6ko-Markt in K\u00f6ln Rodenkirchen ab 15.09.2011\" \/>\n<meta property=\"og:description\" content=\"Alles \u00fcber den neuen \u00d6ko Markt in K\u00f6ln Rodenkirchen, Anbieter, \u00d6ffnungszeiten, Bewertung - ab 15.09.2011 auf dem Maternusplatz\" \/>\n<meta property=\"og:url\" content=\"https:\/\/www.gaidaphotos.com\/blog\/2011\/09\/08\/oeko-markt-koeln-rodenkirchen\/\" \/>\n<meta property=\"og:site_name\" content=\"K\u00f6ln Rodenkirchen und die Welt\" \/>\n<meta property=\"article:publisher\" content=\"https:\/\/www.facebook.com\/Koeln.Rodenkirchen\" \/>\n<meta property=\"article:author\" content=\"https:\/\/www.facebook.com\/gaidaphotos\" \/>\n<meta property=\"article:published_time\" content=\"2011-09-08T16:16:50+00:00\" \/>\n<meta property=\"article:modified_time\" content=\"2011-09-12T14:33:06+00:00\" \/>\n<meta property=\"og:image\" content=\"https:\/\/www.gaidaphotos.com\/blog\/wp-content\/uploads\/2020\/08\/nggallery_import\/88_\" \/>\n\t<meta property=\"og:image:width\" content=\"1000\" \/>\n\t<meta property=\"og:image:height\" content=\"667\" \/>\n\t<meta property=\"og:image:type\" content=\"image\/jpeg\" \/>\n<meta name=\"author\" content=\"Thomas\" \/>\n<meta name=\"twitter:card\" content=\"summary_large_image\" \/>\n<meta name=\"twitter:creator\" content=\"@gaidaphotos\" \/>\n<meta name=\"twitter:site\" content=\"@gaidaphotos\" \/>\n<meta name=\"twitter:label1\" content=\"Verfasst von\" \/>\n\t<meta name=\"twitter:data1\" content=\"Thomas\" \/>\n<script type=\"application\/ld+json\" class=\"yoast-schema-graph\">{\"@context\":\"https:\\\/\\\/schema.org\",\"@graph\":[{\"@type\":\"Article\",\"@id\":\"https:\\\/\\\/www.gaidaphotos.com\\\/blog\\\/2011\\\/09\\\/08\\\/oeko-markt-koeln-rodenkirchen\\\/#article\",\"isPartOf\":{\"@id\":\"https:\\\/\\\/www.gaidaphotos.com\\\/blog\\\/2011\\\/09\\\/08\\\/oeko-markt-koeln-rodenkirchen\\\/\"},\"author\":{\"name\":\"Thomas\",\"@id\":\"https:\\\/\\\/www.gaidaphotos.com\\\/blog\\\/#\\\/schema\\\/person\\\/6c444a5b13ffc503c5c32f5a9ec68b21\"},\"headline\":\"\u00d6ko-Markt in K\u00f6ln Rodenkirchen ab 15.09.2011\",\"datePublished\":\"2011-09-08T16:16:50+00:00\",\"dateModified\":\"2011-09-12T14:33:06+00:00\",\"mainEntityOfPage\":{\"@id\":\"https:\\\/\\\/www.gaidaphotos.com\\\/blog\\\/2011\\\/09\\\/08\\\/oeko-markt-koeln-rodenkirchen\\\/\"},\"wordCount\":104,\"commentCount\":0,\"publisher\":{\"@id\":\"https:\\\/\\\/www.gaidaphotos.com\\\/blog\\\/#organization\"},\"image\":{\"@id\":\"https:\\\/\\\/www.gaidaphotos.com\\\/blog\\\/2011\\\/09\\\/08\\\/oeko-markt-koeln-rodenkirchen\\\/#primaryimage\"},\"thumbnailUrl\":\"https:\\\/\\\/www.gaidaphotos.com\\\/blog\\\/wp-content\\\/uploads\\\/2020\\\/08\\\/nggallery_import\\\/88_\",\"keywords\":[\"Einkaufen\\\/ Shopping\",\"K\u00f6ln Rodenkirchen\"],\"articleSection\":[\"K\u00f6ln Rodenkirchen Einkaufen\"],\"inLanguage\":\"de\",\"potentialAction\":[{\"@type\":\"CommentAction\",\"name\":\"Comment\",\"target\":[\"https:\\\/\\\/www.gaidaphotos.com\\\/blog\\\/2011\\\/09\\\/08\\\/oeko-markt-koeln-rodenkirchen\\\/#respond\"]}]},{\"@type\":\"WebPage\",\"@id\":\"https:\\\/\\\/www.gaidaphotos.com\\\/blog\\\/2011\\\/09\\\/08\\\/oeko-markt-koeln-rodenkirchen\\\/\",\"url\":\"https:\\\/\\\/www.gaidaphotos.com\\\/blog\\\/2011\\\/09\\\/08\\\/oeko-markt-koeln-rodenkirchen\\\/\",\"name\":\"\u00d6ko-Markt in K\u00f6ln Rodenkirchen ab 15.09.2011\",\"isPartOf\":{\"@id\":\"https:\\\/\\\/www.gaidaphotos.com\\\/blog\\\/#website\"},\"primaryImageOfPage\":{\"@id\":\"https:\\\/\\\/www.gaidaphotos.com\\\/blog\\\/2011\\\/09\\\/08\\\/oeko-markt-koeln-rodenkirchen\\\/#primaryimage\"},\"image\":{\"@id\":\"https:\\\/\\\/www.gaidaphotos.com\\\/blog\\\/2011\\\/09\\\/08\\\/oeko-markt-koeln-rodenkirchen\\\/#primaryimage\"},\"thumbnailUrl\":\"https:\\\/\\\/www.gaidaphotos.com\\\/blog\\\/wp-content\\\/uploads\\\/2020\\\/08\\\/nggallery_import\\\/88_\",\"datePublished\":\"2011-09-08T16:16:50+00:00\",\"dateModified\":\"2011-09-12T14:33:06+00:00\",\"description\":\"Alles \u00fcber den neuen \u00d6ko Markt in K\u00f6ln Rodenkirchen, Anbieter, \u00d6ffnungszeiten, Bewertung - ab 15.09.2011 auf dem Maternusplatz\",\"breadcrumb\":{\"@id\":\"https:\\\/\\\/www.gaidaphotos.com\\\/blog\\\/2011\\\/09\\\/08\\\/oeko-markt-koeln-rodenkirchen\\\/#breadcrumb\"},\"inLanguage\":\"de\",\"potentialAction\":[{\"@type\":\"ReadAction\",\"target\":[\"https:\\\/\\\/www.gaidaphotos.com\\\/blog\\\/2011\\\/09\\\/08\\\/oeko-markt-koeln-rodenkirchen\\\/\"]}]},{\"@type\":\"ImageObject\",\"inLanguage\":\"de\",\"@id\":\"https:\\\/\\\/www.gaidaphotos.com\\\/blog\\\/2011\\\/09\\\/08\\\/oeko-markt-koeln-rodenkirchen\\\/#primaryimage\",\"url\":\"https:\\\/\\\/www.gaidaphotos.com\\\/blog\\\/wp-content\\\/uploads\\\/2020\\\/08\\\/nggallery_import\\\/88_\",\"contentUrl\":\"https:\\\/\\\/www.gaidaphotos.com\\\/blog\\\/wp-content\\\/uploads\\\/2020\\\/08\\\/nggallery_import\\\/88_\",\"width\":1000,\"height\":667},{\"@type\":\"BreadcrumbList\",\"@id\":\"https:\\\/\\\/www.gaidaphotos.com\\\/blog\\\/2011\\\/09\\\/08\\\/oeko-markt-koeln-rodenkirchen\\\/#breadcrumb\",\"itemListElement\":[{\"@type\":\"ListItem\",\"position\":1,\"name\":\"Startseite\",\"item\":\"https:\\\/\\\/www.gaidaphotos.com\\\/blog\\\/\"},{\"@type\":\"ListItem\",\"position\":2,\"name\":\"\u00d6ko-Markt in K\u00f6ln Rodenkirchen ab 15.09.2011\"}]},{\"@type\":\"WebSite\",\"@id\":\"https:\\\/\\\/www.gaidaphotos.com\\\/blog\\\/#website\",\"url\":\"https:\\\/\\\/www.gaidaphotos.com\\\/blog\\\/\",\"name\":\"K\u00f6ln Rodenkirchen und die Welt\",\"description\":\"Einkaufen, Restaurants, Freizeit, Nachrichten und was uns sonst bewegt und begegnet\",\"publisher\":{\"@id\":\"https:\\\/\\\/www.gaidaphotos.com\\\/blog\\\/#organization\"},\"potentialAction\":[{\"@type\":\"SearchAction\",\"target\":{\"@type\":\"EntryPoint\",\"urlTemplate\":\"https:\\\/\\\/www.gaidaphotos.com\\\/blog\\\/?s={search_term_string}\"},\"query-input\":{\"@type\":\"PropertyValueSpecification\",\"valueRequired\":true,\"valueName\":\"search_term_string\"}}],\"inLanguage\":\"de\"},{\"@type\":\"Organization\",\"@id\":\"https:\\\/\\\/www.gaidaphotos.com\\\/blog\\\/#organization\",\"name\":\"gaidaphotos\",\"url\":\"https:\\\/\\\/www.gaidaphotos.com\\\/blog\\\/\",\"logo\":{\"@type\":\"ImageObject\",\"inLanguage\":\"de\",\"@id\":\"https:\\\/\\\/www.gaidaphotos.com\\\/blog\\\/#\\\/schema\\\/logo\\\/image\\\/\",\"url\":\"https:\\\/\\\/i0.wp.com\\\/www.gaidaphotos.com\\\/blog\\\/wp-content\\\/uploads\\\/2020\\\/07\\\/GAIDAPHOTOS-COM.jpg?fit=160%2C96&ssl=1\",\"contentUrl\":\"https:\\\/\\\/i0.wp.com\\\/www.gaidaphotos.com\\\/blog\\\/wp-content\\\/uploads\\\/2020\\\/07\\\/GAIDAPHOTOS-COM.jpg?fit=160%2C96&ssl=1\",\"width\":160,\"height\":96,\"caption\":\"gaidaphotos\"},\"image\":{\"@id\":\"https:\\\/\\\/www.gaidaphotos.com\\\/blog\\\/#\\\/schema\\\/logo\\\/image\\\/\"},\"sameAs\":[\"https:\\\/\\\/www.facebook.com\\\/Koeln.Rodenkirchen\",\"https:\\\/\\\/x.com\\\/gaidaphotos\",\"https:\\\/\\\/instagram.com\\\/gaidaphotos\\\/\",\"https:\\\/\\\/de.linkedin.com\\\/in\\\/gaidaphotos\",\"https:\\\/\\\/myspace.com\\\/gaidaphotos\",\"https:\\\/\\\/www.pinterest.com\\\/gaidaphotos\\\/\",\"https:\\\/\\\/www.youtube.com\\\/user\\\/gaidaphotos\"]},{\"@type\":\"Person\",\"@id\":\"https:\\\/\\\/www.gaidaphotos.com\\\/blog\\\/#\\\/schema\\\/person\\\/6c444a5b13ffc503c5c32f5a9ec68b21\",\"name\":\"Thomas\",\"sameAs\":[\"https:\\\/\\\/www.gaidaphotos.com\",\"https:\\\/\\\/www.facebook.com\\\/gaidaphotos\",\"https:\\\/\\\/instagram.com\\\/gaidaphotos\\\/\",\"https:\\\/\\\/www.linkedin.com\\\/in\\\/gaidaphotos\",\"http:\\\/\\\/www.pinterest.com\\\/gaidaphotos\\\/\",\"https:\\\/\\\/x.com\\\/gaidaphotos\",\"https:\\\/\\\/myspace.com\\\/gaidaphotos\",\"https:\\\/\\\/www.youtube.com\\\/user\\\/gaidaphotos\",\"https:\\\/\\\/gaidaphotos.tumblr.com\\\/\"]}]}<\/script>\n<!-- \/ Yoast SEO plugin. -->","yoast_head_json":{"title":"\u00d6ko-Markt in K\u00f6ln Rodenkirchen ab 15.09.2011","description":"Alles \u00fcber den neuen \u00d6ko Markt in K\u00f6ln Rodenkirchen, Anbieter, \u00d6ffnungszeiten, Bewertung - ab 15.09.2011 auf dem Maternusplatz","robots":{"index":"index","follow":"follow","max-snippet":"max-snippet:-1","max-image-preview":"max-image-preview:large","max-video-preview":"max-video-preview:-1"},"canonical":"https:\/\/www.gaidaphotos.com\/blog\/2011\/09\/08\/oeko-markt-koeln-rodenkirchen\/","og_locale":"de_DE","og_type":"article","og_title":"\u00d6ko-Markt in K\u00f6ln Rodenkirchen ab 15.09.2011","og_description":"Alles \u00fcber den neuen \u00d6ko Markt in K\u00f6ln Rodenkirchen, Anbieter, \u00d6ffnungszeiten, Bewertung - ab 15.09.2011 auf dem Maternusplatz","og_url":"https:\/\/www.gaidaphotos.com\/blog\/2011\/09\/08\/oeko-markt-koeln-rodenkirchen\/","og_site_name":"K\u00f6ln Rodenkirchen und die Welt","article_publisher":"https:\/\/www.facebook.com\/Koeln.Rodenkirchen","article_author":"https:\/\/www.facebook.com\/gaidaphotos","article_published_time":"2011-09-08T16:16:50+00:00","article_modified_time":"2011-09-12T14:33:06+00:00","og_image":[{"width":1000,"height":667,"url":"https:\/\/www.gaidaphotos.com\/blog\/wp-content\/uploads\/2020\/08\/nggallery_import\/88_","type":"image\/jpeg"}],"author":"Thomas","twitter_card":"summary_large_image","twitter_creator":"@gaidaphotos","twitter_site":"@gaidaphotos","twitter_misc":{"Verfasst von":"Thomas"},"schema":{"@context":"https:\/\/schema.org","@graph":[{"@type":"Article","@id":"https:\/\/www.gaidaphotos.com\/blog\/2011\/09\/08\/oeko-markt-koeln-rodenkirchen\/#article","isPartOf":{"@id":"https:\/\/www.gaidaphotos.com\/blog\/2011\/09\/08\/oeko-markt-koeln-rodenkirchen\/"},"author":{"name":"Thomas","@id":"https:\/\/www.gaidaphotos.com\/blog\/#\/schema\/person\/6c444a5b13ffc503c5c32f5a9ec68b21"},"headline":"\u00d6ko-Markt in K\u00f6ln Rodenkirchen ab 15.09.2011","datePublished":"2011-09-08T16:16:50+00:00","dateModified":"2011-09-12T14:33:06+00:00","mainEntityOfPage":{"@id":"https:\/\/www.gaidaphotos.com\/blog\/2011\/09\/08\/oeko-markt-koeln-rodenkirchen\/"},"wordCount":104,"commentCount":0,"publisher":{"@id":"https:\/\/www.gaidaphotos.com\/blog\/#organization"},"image":{"@id":"https:\/\/www.gaidaphotos.com\/blog\/2011\/09\/08\/oeko-markt-koeln-rodenkirchen\/#primaryimage"},"thumbnailUrl":"https:\/\/www.gaidaphotos.com\/blog\/wp-content\/uploads\/2020\/08\/nggallery_import\/88_","keywords":["Einkaufen\/ Shopping","K\u00f6ln Rodenkirchen"],"articleSection":["K\u00f6ln Rodenkirchen Einkaufen"],"inLanguage":"de","potentialAction":[{"@type":"CommentAction","name":"Comment","target":["https:\/\/www.gaidaphotos.com\/blog\/2011\/09\/08\/oeko-markt-koeln-rodenkirchen\/#respond"]}]},{"@type":"WebPage","@id":"https:\/\/www.gaidaphotos.com\/blog\/2011\/09\/08\/oeko-markt-koeln-rodenkirchen\/","url":"https:\/\/www.gaidaphotos.com\/blog\/2011\/09\/08\/oeko-markt-koeln-rodenkirchen\/","name":"\u00d6ko-Markt in K\u00f6ln Rodenkirchen ab 15.09.2011","isPartOf":{"@id":"https:\/\/www.gaidaphotos.com\/blog\/#website"},"primaryImageOfPage":{"@id":"https:\/\/www.gaidaphotos.com\/blog\/2011\/09\/08\/oeko-markt-koeln-rodenkirchen\/#primaryimage"},"image":{"@id":"https:\/\/www.gaidaphotos.com\/blog\/2011\/09\/08\/oeko-markt-koeln-rodenkirchen\/#primaryimage"},"thumbnailUrl":"https:\/\/www.gaidaphotos.com\/blog\/wp-content\/uploads\/2020\/08\/nggallery_import\/88_","datePublished":"2011-09-08T16:16:50+00:00","dateModified":"2011-09-12T14:33:06+00:00","description":"Alles \u00fcber den neuen \u00d6ko Markt in K\u00f6ln Rodenkirchen, Anbieter, \u00d6ffnungszeiten, Bewertung - ab 15.09.2011 auf dem Maternusplatz","breadcrumb":{"@id":"https:\/\/www.gaidaphotos.com\/blog\/2011\/09\/08\/oeko-markt-koeln-rodenkirchen\/#breadcrumb"},"inLanguage":"de","potentialAction":[{"@type":"ReadAction","target":["https:\/\/www.gaidaphotos.com\/blog\/2011\/09\/08\/oeko-markt-koeln-rodenkirchen\/"]}]},{"@type":"ImageObject","inLanguage":"de","@id":"https:\/\/www.gaidaphotos.com\/blog\/2011\/09\/08\/oeko-markt-koeln-rodenkirchen\/#primaryimage","url":"https:\/\/www.gaidaphotos.com\/blog\/wp-content\/uploads\/2020\/08\/nggallery_import\/88_","contentUrl":"https:\/\/www.gaidaphotos.com\/blog\/wp-content\/uploads\/2020\/08\/nggallery_import\/88_","width":1000,"height":667},{"@type":"BreadcrumbList","@id":"https:\/\/www.gaidaphotos.com\/blog\/2011\/09\/08\/oeko-markt-koeln-rodenkirchen\/#breadcrumb","itemListElement":[{"@type":"ListItem","position":1,"name":"Startseite","item":"https:\/\/www.gaidaphotos.com\/blog\/"},{"@type":"ListItem","position":2,"name":"\u00d6ko-Markt in K\u00f6ln Rodenkirchen ab 15.09.2011"}]},{"@type":"WebSite","@id":"https:\/\/www.gaidaphotos.com\/blog\/#website","url":"https:\/\/www.gaidaphotos.com\/blog\/","name":"K\u00f6ln Rodenkirchen und die Welt","description":"Einkaufen, Restaurants, Freizeit, Nachrichten und was uns sonst bewegt und begegnet","publisher":{"@id":"https:\/\/www.gaidaphotos.com\/blog\/#organization"},"potentialAction":[{"@type":"SearchAction","target":{"@type":"EntryPoint","urlTemplate":"https:\/\/www.gaidaphotos.com\/blog\/?s={search_term_string}"},"query-input":{"@type":"PropertyValueSpecification","valueRequired":true,"valueName":"search_term_string"}}],"inLanguage":"de"},{"@type":"Organization","@id":"https:\/\/www.gaidaphotos.com\/blog\/#organization","name":"gaidaphotos","url":"https:\/\/www.gaidaphotos.com\/blog\/","logo":{"@type":"ImageObject","inLanguage":"de","@id":"https:\/\/www.gaidaphotos.com\/blog\/#\/schema\/logo\/image\/","url":"https:\/\/i0.wp.com\/www.gaidaphotos.com\/blog\/wp-content\/uploads\/2020\/07\/GAIDAPHOTOS-COM.jpg?fit=160%2C96&ssl=1","contentUrl":"https:\/\/i0.wp.com\/www.gaidaphotos.com\/blog\/wp-content\/uploads\/2020\/07\/GAIDAPHOTOS-COM.jpg?fit=160%2C96&ssl=1","width":160,"height":96,"caption":"gaidaphotos"},"image":{"@id":"https:\/\/www.gaidaphotos.com\/blog\/#\/schema\/logo\/image\/"},"sameAs":["https:\/\/www.facebook.com\/Koeln.Rodenkirchen","https:\/\/x.com\/gaidaphotos","https:\/\/instagram.com\/gaidaphotos\/","https:\/\/de.linkedin.com\/in\/gaidaphotos","https:\/\/myspace.com\/gaidaphotos","https:\/\/www.pinterest.com\/gaidaphotos\/","https:\/\/www.youtube.com\/user\/gaidaphotos"]},{"@type":"Person","@id":"https:\/\/www.gaidaphotos.com\/blog\/#\/schema\/person\/6c444a5b13ffc503c5c32f5a9ec68b21","name":"Thomas","sameAs":["https:\/\/www.gaidaphotos.com","https:\/\/www.facebook.com\/gaidaphotos","https:\/\/instagram.com\/gaidaphotos\/","https:\/\/www.linkedin.com\/in\/gaidaphotos","http:\/\/www.pinterest.com\/gaidaphotos\/","https:\/\/x.com\/gaidaphotos","https:\/\/myspace.com\/gaidaphotos","https:\/\/www.youtube.com\/user\/gaidaphotos","https:\/\/gaidaphotos.tumblr.com\/"]}]}},"jetpack_publicize_connections":[],"jetpack_featured_media_url":"https:\/\/www.gaidaphotos.com\/blog\/wp-content\/uploads\/2020\/08\/nggallery_import\/88_","jetpack_sharing_enabled":true,"jetpack_likes_enabled":true,"jetpack-related-posts":[{"id":3706,"url":"https:\/\/www.gaidaphotos.com\/blog\/2011\/09\/21\/oekomarkt-in-koeln-rodenkirchen-fotos-bericht\/","url_meta":{"origin":3670,"position":0},"title":"\u00d6komarkt in K\u00f6ln-Rodenkirchen: Fotos &#038; Bericht","author":"Thomas","date":"21. September 2011","format":false,"excerpt":"\u00d6komarkt in K\u00f6ln-Rodenkirchen:Fast eine Wagenburg Fotos & Bericht Da war er nun, der erste \u00d6komarkt in K\u00f6ln-Rodenkirchen. Wie angek\u00fcndigt fanden sich ein \u00d6ko-B\u00e4cker, ein \u00d6ko-Bauer, ein \u00d6ko-Metzger und ein \u00d6ko-Milchprodukte Anbieter auf dem Maternusplatz in Rodenkirchen ein. \u00d6ko? Was ist das? Das haben wir uns auch gefragt. \"Bio\" ist ein\u2026","rel":"","context":"In &quot;K\u00f6ln Rodenkirchen Einkaufen&quot;","block_context":{"text":"K\u00f6ln Rodenkirchen Einkaufen","link":"https:\/\/www.gaidaphotos.com\/blog\/category\/koeln-rodenkirchen\/koeln-rodenkirchen-einkaufen\/"},"img":{"alt_text":"","src":"https:\/\/www.gaidaphotos.com\/blog\/wp-content\/uploads\/2020\/08\/nggallery_import\/107_","width":350,"height":200,"srcset":"https:\/\/www.gaidaphotos.com\/blog\/wp-content\/uploads\/2020\/08\/nggallery_import\/107_ 1x, https:\/\/www.gaidaphotos.com\/blog\/wp-content\/uploads\/2020\/08\/nggallery_import\/107_ 1.5x, https:\/\/www.gaidaphotos.com\/blog\/wp-content\/uploads\/2020\/08\/nggallery_import\/107_ 2x"},"classes":[]},{"id":582,"url":"https:\/\/www.gaidaphotos.com\/blog\/2009\/05\/13\/koeln-rodenkirchen-einkaufen-markt\/","url_meta":{"origin":3670,"position":1},"title":"K\u00f6ln Rodenkirchen Einkaufen: Markt am Mittwoch auf dem Maternusplatz","author":"Thomas","date":"13. Mai 2009","format":false,"excerpt":"Wenn es um Einkaufen in Rodenkirchen geht, d\u00fcrfen die Wochenm\u00e4rkte am Mittwoch und Samstag auf keinen Fall vergessen werden. Hier findet man","rel":"","context":"In &quot;17&quot;","block_context":{"text":"17","link":"https:\/\/www.gaidaphotos.com\/blog\/category\/mobile_news_von_unterwegs\/mobile_news_von_unterwegs-n95\/"},"img":{"alt_text":"","src":"","width":0,"height":0},"classes":[]},{"id":2628,"url":"https:\/\/www.gaidaphotos.com\/blog\/2010\/02\/25\/routenplaner-koeln-rodenkirchen\/","url_meta":{"origin":3670,"position":2},"title":"Routenplaner f\u00fcr K\u00f6ln-Rodenkirchen","author":"Thomas","date":"25. Februar 2010","format":false,"excerpt":"Mit dem Routenplaner alles schnell gefunden in K\u00f6ln-Rodenkirchen: Sie finden Ortsangaben und Routenplanung in unseren Karten zu K\u00f6ln-Rodenkirchen, Maastricht, Riccione (Adria) u.a. bei Google Maps. Wir berichten regelm\u00e4\u00dfig \u00fcber Restaurants und Essen gehen in K\u00f6ln Rodenkirchen Freizeit-Ergeignisse und Freizeit-Ideen in und um K\u00f6ln Rodenkirchen Einkaufen und Shopping in K\u00f6ln-Rodenkirchen Nachrichten\u2026","rel":"","context":"In &quot;K\u00f6ln Rodenkirchen&quot;","block_context":{"text":"K\u00f6ln Rodenkirchen","link":"https:\/\/www.gaidaphotos.com\/blog\/category\/koeln-rodenkirchen\/"},"img":{"alt_text":"","src":"","width":0,"height":0},"classes":[]},{"id":2688,"url":"https:\/\/www.gaidaphotos.com\/blog\/2010\/03\/11\/einkaufen-wochenmarkt\/","url_meta":{"origin":3670,"position":3},"title":"Einkaufen auf dem Wochenmarkt: Frisches Obst und Gem\u00fcse","author":"Thomas","date":"11. M\u00e4rz 2010","format":false,"excerpt":"Einkaufen in K\u00f6ln-Rodenkirchen auf dem Wochenmarkt Jeden Mittwoch und Samstag (von 7.00 - 13.00h) kann man auf dem Wochenmarkt in K\u00f6ln Rodenkirchen einkafuen. Der Wochenmarkt ist mitten in K\u00f6ln-Rodenkirchen auf dem Maternusplatz zu finden. Frisches Obst und Gem\u00fcse von \"Obst und Gem\u00fcse Berg\" Frisches Obst und Gem\u00fcse kaufen wir auf\u2026","rel":"","context":"In &quot;K\u00f6ln Rodenkirchen Einkaufen&quot;","block_context":{"text":"K\u00f6ln Rodenkirchen Einkaufen","link":"https:\/\/www.gaidaphotos.com\/blog\/category\/koeln-rodenkirchen\/koeln-rodenkirchen-einkaufen\/"},"img":{"alt_text":"Koeln Rodenkirchen Markt Einkaufen","src":"https:\/\/i0.wp.com\/www.gaidaphotos.com\/blog\/wp-content\/uploads\/2010\/03\/koeln-rodenkirchen-markt-obst-gemuese-300x225.jpg?resize=350%2C200&ssl=1","width":350,"height":200},"classes":[]},{"id":2125,"url":"https:\/\/www.gaidaphotos.com\/blog\/2009\/09\/24\/koln-rodenkirchen-einkaufen-flohmarkt-in-surth\/","url_meta":{"origin":3670,"position":4},"title":"K\u00f6ln Rodenkirchen Einkaufen: Flohmarkt in S\u00fcrth","author":"Thomas","date":"24. September 2009","format":false,"excerpt":"Einkauftipp f\u00fcr K\u00f6ln\u00a0Rodenkirchen: Flohmarkt der evangelischen Kirchengemeinde am 3.10.09 von 10-13h. Der Flohmarkt in K\u00f6ln\u00a0Rodenkirchen \"lebt\" vom guten Angebot in K\u00f6ln Rodenkirchen. So finden sich g\u00fcnstige Designer Klamotten ebenso wie ausgefallene Einrichtung. Notieren und nicht verpassen: K\u00f6ln Rodenkirchen Einkaufen: Flohmarkt in S\u00fcrth","rel":"","context":"In &quot;17&quot;","block_context":{"text":"17","link":"https:\/\/www.gaidaphotos.com\/blog\/category\/mobile_news_von_unterwegs\/mobile_news_von_unterwegs-n95\/"},"img":{"alt_text":"","src":"","width":0,"height":0},"classes":[]},{"id":2741,"url":"https:\/\/www.gaidaphotos.com\/blog\/2010\/03\/26\/flohmarkt-troedelmarkt-koeln-25-04-2010\/","url_meta":{"origin":3670,"position":5},"title":"Flohmarkt &#8211; Tr\u00f6delmarkt in K\u00f6ln-Rodenkirchen am 25.04.2010","author":"Thomas","date":"26. M\u00e4rz 2010","format":false,"excerpt":"Flohmarkt - Tr\u00f6delmarkt der ev. Kirche in K\u00f6ln-Rodenkirchen am 25.04.2010 Wann:\u00a0 Sonntag 25. April 2010 von 10:00h bis 17:00h Wo: Erl\u00f6serkirche K\u00f6ln-Rodenkirchen, S\u00fcrther Str. 34,\u00a0 50996 K\u00f6ln-Rodenkirchen Was: Flohmarkt und Tr\u00f6delmarkt zu Gunsten Hilfsbed\u00fcrftiger Zur Routenplanung \u00f6ffnen Sie bitte die Karte von Rodenkirchen. Achtung! Es gibt nur wenige Parkpl\u00e4tze in\u2026","rel":"","context":"In &quot;Foto&quot;","block_context":{"text":"Foto","link":"https:\/\/www.gaidaphotos.com\/blog\/category\/foto\/"},"img":{"alt_text":"K\u00f6ln-Rodenkirchen Flohmarkt Tr\u00f6delmarkt","src":"https:\/\/i0.wp.com\/www.gaidaphotos.com\/blog\/wp-content\/uploads\/2010\/03\/flohmarkt-koeln-rodenkirchen-3.jpg?resize=350%2C200&ssl=1","width":350,"height":200},"classes":[]}],"_links":{"self":[{"href":"https:\/\/www.gaidaphotos.com\/blog\/wp-json\/wp\/v2\/posts\/3670","targetHints":{"allow":["GET"]}}],"collection":[{"href":"https:\/\/www.gaidaphotos.com\/blog\/wp-json\/wp\/v2\/posts"}],"about":[{"href":"https:\/\/www.gaidaphotos.com\/blog\/wp-json\/wp\/v2\/types\/post"}],"author":[{"embeddable":true,"href":"https:\/\/www.gaidaphotos.com\/blog\/wp-json\/wp\/v2\/users\/6"}],"replies":[{"embeddable":true,"href":"https:\/\/www.gaidaphotos.com\/blog\/wp-json\/wp\/v2\/comments?post=3670"}],"version-history":[{"count":0,"href":"https:\/\/www.gaidaphotos.com\/blog\/wp-json\/wp\/v2\/posts\/3670\/revisions"}],"wp:featuredmedia":[{"embeddable":true,"href":"https:\/\/www.gaidaphotos.com\/blog\/wp-json\/wp\/v2\/media\/12375"}],"wp:attachment":[{"href":"https:\/\/www.gaidaphotos.com\/blog\/wp-json\/wp\/v2\/media?parent=3670"}],"wp:term":[{"taxonomy":"category","embeddable":true,"href":"https:\/\/www.gaidaphotos.com\/blog\/wp-json\/wp\/v2\/categories?post=3670"},{"taxonomy":"post_tag","embeddable":true,"href":"https:\/\/www.gaidaphotos.com\/blog\/wp-json\/wp\/v2\/tags?post=3670"}],"curies":[{"name":"wp","href":"https:\/\/api.w.org\/{rel}","templated":true}]}}