{"id":3735,"date":"2011-10-12T14:17:41","date_gmt":"2011-10-12T12:17:41","guid":{"rendered":"http:\/\/www.gaidaphotos.com\/blog\/?p=3735"},"modified":"2012-02-14T13:46:40","modified_gmt":"2012-02-14T12:46:40","slug":"kein-verkaufsoffener-sonntag-strasenfest-16-10-2011-in-koln","status":"publish","type":"post","link":"https:\/\/www.gaidaphotos.com\/blog\/2011\/10\/12\/kein-verkaufsoffener-sonntag-strasenfest-16-10-2011-in-koln\/","title":{"rendered":"Kein verkaufsoffener Sonntag &#038; Stra\u00dfenfest 16.10.2011 in K\u00f6ln"},"content":{"rendered":"<figure style=\"width: 325px\" class=\"wp-caption alignleft\"> ngg_shortcode_0_placeholder <figcaption class=\"wp-caption-text\">Langzeitbelichtung (1\/25 sec) mit Bewegungsunsch\u00e4rfe.<\/figcaption><\/figure>\n<h2>Kein Verkaufsoffener Sonntag am 16.10.2011 in K\u00f6ln?<\/h2>\n<p>Wie w\u00e4r&#8217;s mit einem <a href=\"https:\/\/www.gaidaphotos.com\/blog\/2011\/08\/31\/freilichtmuseum-kommern-ein-toller-ausflug\/\" title=\"Freilichtmuseum Kommern \u2013 ein toller Ausflug\">Familienausflug zum Freilichtmuseum Kommern<\/a>? Wo sich die Bl\u00e4tter zu f\u00e4rben beginnen ist das eine tolle Fotogelegenheit.<\/p>\n<p>Am <strong>16.10.2011<\/strong> ist in K\u00f6ln<strong> <span style=\"text-decoration: underline;\">kein <\/span>verkaufsoffener Sonntag<\/strong>.<\/p>\n<p><?php include(\"wp-content\/include\/verkaufsoffener-sonntag.php\"); ?><\/p>\n<p>Foto oben:<br \/>\nLangzeitbelichtung (1\/25 sec) mit Bewegungsunsch\u00e4rfe.<br \/>\nIn unserer neuen Kolumne &#8222;<a href=\"https:\/\/www.gaidaphotos.com\/blog\/category\/foto-kurs-fotografieren\/\" title=\"Foto Tips, Foto Kurs, Fotografieren\">Foto-Kurs &#8211; Fotografieren<\/a>&#8220; geben wir Ihnen Hilfe und Tips f\u00fcr gute und vor allem ausgefallene Fotos. Mit einfachen Mitteln fotografieren Sie wie ein Profi<\/p>\n","protected":false},"excerpt":{"rendered":"<p>Kein Verkaufsoffener Sonntag am 16.10.2011 in K\u00f6ln? Wie w\u00e4r&#8217;s mit einem Familienausflug zum Freilichtmuseum Kommern? Wo sich die Bl\u00e4tter zu<\/p>\n","protected":false},"author":6,"featured_media":12396,"comment_status":"open","ping_status":"open","sticky":false,"template":"","format":"standard","meta":{"_crdt_document":"","ngg_post_thumbnail":0,"jetpack_post_was_ever_published":false,"_jetpack_newsletter_access":"","_jetpack_dont_email_post_to_subs":false,"_jetpack_newsletter_tier_id":0,"_jetpack_memberships_contains_paywalled_content":false,"_jetpack_memberships_contains_paid_content":false,"footnotes":"","jetpack_publicize_message":"","jetpack_publicize_feature_enabled":true,"jetpack_social_post_already_shared":false,"jetpack_social_options":{"image_generator_settings":{"template":"highway","default_image_id":0,"font":"","enabled":false},"version":2}},"categories":[178],"tags":[],"class_list":["post-3735","post","type-post","status-publish","format-standard","has-post-thumbnail","hentry","category-verkaufsoffener-sonntag-koln-nrw"],"yoast_head":"<!-- This site is optimized with the Yoast SEO plugin v27.5 - https:\/\/yoast.com\/product\/yoast-seo-wordpress\/ -->\n<title>Kein verkaufsoffener Sonntag &amp; Stra\u00dfenfest 16.10.2011 in K\u00f6ln<\/title>\n<meta name=\"description\" content=\"Auch wenn mal nirgendwo in K\u00f6ln die Gesch\u00e4fte offen sind zeigen wir Alternativen f\u00fcr die Freizeitgestaltung am Wochenende in K\u00f6ln\" \/>\n<meta name=\"robots\" content=\"index, follow, max-snippet:-1, max-image-preview:large, max-video-preview:-1\" \/>\n<link rel=\"canonical\" href=\"https:\/\/www.gaidaphotos.com\/blog\/2011\/10\/12\/kein-verkaufsoffener-sonntag-strasenfest-16-10-2011-in-koln\/\" \/>\n<meta property=\"og:locale\" content=\"de_DE\" \/>\n<meta property=\"og:type\" content=\"article\" \/>\n<meta property=\"og:title\" content=\"Kein verkaufsoffener Sonntag &amp; Stra\u00dfenfest 16.10.2011 in K\u00f6ln\" \/>\n<meta property=\"og:description\" content=\"Auch wenn mal nirgendwo in K\u00f6ln die Gesch\u00e4fte offen sind zeigen wir Alternativen f\u00fcr die Freizeitgestaltung am Wochenende in K\u00f6ln\" \/>\n<meta property=\"og:url\" content=\"https:\/\/www.gaidaphotos.com\/blog\/2011\/10\/12\/kein-verkaufsoffener-sonntag-strasenfest-16-10-2011-in-koln\/\" \/>\n<meta property=\"og:site_name\" content=\"K\u00f6ln Rodenkirchen und die Welt\" \/>\n<meta property=\"article:publisher\" content=\"https:\/\/www.facebook.com\/Koeln.Rodenkirchen\" \/>\n<meta property=\"article:author\" content=\"https:\/\/www.facebook.com\/gaidaphotos\" \/>\n<meta property=\"article:published_time\" content=\"2011-10-12T12:17:41+00:00\" \/>\n<meta property=\"article:modified_time\" content=\"2012-02-14T12:46:40+00:00\" \/>\n<meta property=\"og:image\" content=\"https:\/\/www.gaidaphotos.com\/blog\/wp-content\/uploads\/2020\/08\/nggallery_import\/109_\" \/>\n\t<meta property=\"og:image:width\" content=\"1000\" \/>\n\t<meta property=\"og:image:height\" content=\"667\" \/>\n\t<meta property=\"og:image:type\" content=\"image\/jpeg\" \/>\n<meta name=\"author\" content=\"Thomas\" \/>\n<meta name=\"twitter:card\" content=\"summary_large_image\" \/>\n<meta name=\"twitter:creator\" content=\"@gaidaphotos\" \/>\n<meta name=\"twitter:site\" content=\"@gaidaphotos\" \/>\n<meta name=\"twitter:label1\" content=\"Verfasst von\" \/>\n\t<meta name=\"twitter:data1\" content=\"Thomas\" \/>\n<script type=\"application\/ld+json\" class=\"yoast-schema-graph\">{\"@context\":\"https:\\\/\\\/schema.org\",\"@graph\":[{\"@type\":\"Article\",\"@id\":\"https:\\\/\\\/www.gaidaphotos.com\\\/blog\\\/2011\\\/10\\\/12\\\/kein-verkaufsoffener-sonntag-strasenfest-16-10-2011-in-koln\\\/#article\",\"isPartOf\":{\"@id\":\"https:\\\/\\\/www.gaidaphotos.com\\\/blog\\\/2011\\\/10\\\/12\\\/kein-verkaufsoffener-sonntag-strasenfest-16-10-2011-in-koln\\\/\"},\"author\":{\"name\":\"Thomas\",\"@id\":\"https:\\\/\\\/www.gaidaphotos.com\\\/blog\\\/#\\\/schema\\\/person\\\/6c444a5b13ffc503c5c32f5a9ec68b21\"},\"headline\":\"Kein verkaufsoffener Sonntag &#038; Stra\u00dfenfest 16.10.2011 in K\u00f6ln\",\"datePublished\":\"2011-10-12T12:17:41+00:00\",\"dateModified\":\"2012-02-14T12:46:40+00:00\",\"mainEntityOfPage\":{\"@id\":\"https:\\\/\\\/www.gaidaphotos.com\\\/blog\\\/2011\\\/10\\\/12\\\/kein-verkaufsoffener-sonntag-strasenfest-16-10-2011-in-koln\\\/\"},\"wordCount\":100,\"commentCount\":1,\"publisher\":{\"@id\":\"https:\\\/\\\/www.gaidaphotos.com\\\/blog\\\/#organization\"},\"image\":{\"@id\":\"https:\\\/\\\/www.gaidaphotos.com\\\/blog\\\/2011\\\/10\\\/12\\\/kein-verkaufsoffener-sonntag-strasenfest-16-10-2011-in-koln\\\/#primaryimage\"},\"thumbnailUrl\":\"https:\\\/\\\/www.gaidaphotos.com\\\/blog\\\/wp-content\\\/uploads\\\/2020\\\/08\\\/nggallery_import\\\/109_\",\"articleSection\":[\"Verkaufsoffener Sonntag K\u00f6ln NRW\"],\"inLanguage\":\"de\",\"potentialAction\":[{\"@type\":\"CommentAction\",\"name\":\"Comment\",\"target\":[\"https:\\\/\\\/www.gaidaphotos.com\\\/blog\\\/2011\\\/10\\\/12\\\/kein-verkaufsoffener-sonntag-strasenfest-16-10-2011-in-koln\\\/#respond\"]}]},{\"@type\":\"WebPage\",\"@id\":\"https:\\\/\\\/www.gaidaphotos.com\\\/blog\\\/2011\\\/10\\\/12\\\/kein-verkaufsoffener-sonntag-strasenfest-16-10-2011-in-koln\\\/\",\"url\":\"https:\\\/\\\/www.gaidaphotos.com\\\/blog\\\/2011\\\/10\\\/12\\\/kein-verkaufsoffener-sonntag-strasenfest-16-10-2011-in-koln\\\/\",\"name\":\"Kein verkaufsoffener Sonntag & Stra\u00dfenfest 16.10.2011 in K\u00f6ln\",\"isPartOf\":{\"@id\":\"https:\\\/\\\/www.gaidaphotos.com\\\/blog\\\/#website\"},\"primaryImageOfPage\":{\"@id\":\"https:\\\/\\\/www.gaidaphotos.com\\\/blog\\\/2011\\\/10\\\/12\\\/kein-verkaufsoffener-sonntag-strasenfest-16-10-2011-in-koln\\\/#primaryimage\"},\"image\":{\"@id\":\"https:\\\/\\\/www.gaidaphotos.com\\\/blog\\\/2011\\\/10\\\/12\\\/kein-verkaufsoffener-sonntag-strasenfest-16-10-2011-in-koln\\\/#primaryimage\"},\"thumbnailUrl\":\"https:\\\/\\\/www.gaidaphotos.com\\\/blog\\\/wp-content\\\/uploads\\\/2020\\\/08\\\/nggallery_import\\\/109_\",\"datePublished\":\"2011-10-12T12:17:41+00:00\",\"dateModified\":\"2012-02-14T12:46:40+00:00\",\"description\":\"Auch wenn mal nirgendwo in K\u00f6ln die Gesch\u00e4fte offen sind zeigen wir Alternativen f\u00fcr die Freizeitgestaltung am Wochenende in K\u00f6ln\",\"breadcrumb\":{\"@id\":\"https:\\\/\\\/www.gaidaphotos.com\\\/blog\\\/2011\\\/10\\\/12\\\/kein-verkaufsoffener-sonntag-strasenfest-16-10-2011-in-koln\\\/#breadcrumb\"},\"inLanguage\":\"de\",\"potentialAction\":[{\"@type\":\"ReadAction\",\"target\":[\"https:\\\/\\\/www.gaidaphotos.com\\\/blog\\\/2011\\\/10\\\/12\\\/kein-verkaufsoffener-sonntag-strasenfest-16-10-2011-in-koln\\\/\"]}]},{\"@type\":\"ImageObject\",\"inLanguage\":\"de\",\"@id\":\"https:\\\/\\\/www.gaidaphotos.com\\\/blog\\\/2011\\\/10\\\/12\\\/kein-verkaufsoffener-sonntag-strasenfest-16-10-2011-in-koln\\\/#primaryimage\",\"url\":\"https:\\\/\\\/www.gaidaphotos.com\\\/blog\\\/wp-content\\\/uploads\\\/2020\\\/08\\\/nggallery_import\\\/109_\",\"contentUrl\":\"https:\\\/\\\/www.gaidaphotos.com\\\/blog\\\/wp-content\\\/uploads\\\/2020\\\/08\\\/nggallery_import\\\/109_\",\"width\":1000,\"height\":667},{\"@type\":\"BreadcrumbList\",\"@id\":\"https:\\\/\\\/www.gaidaphotos.com\\\/blog\\\/2011\\\/10\\\/12\\\/kein-verkaufsoffener-sonntag-strasenfest-16-10-2011-in-koln\\\/#breadcrumb\",\"itemListElement\":[{\"@type\":\"ListItem\",\"position\":1,\"name\":\"Startseite\",\"item\":\"https:\\\/\\\/www.gaidaphotos.com\\\/blog\\\/\"},{\"@type\":\"ListItem\",\"position\":2,\"name\":\"Kein verkaufsoffener Sonntag &#038; Stra\u00dfenfest 16.10.2011 in K\u00f6ln\"}]},{\"@type\":\"WebSite\",\"@id\":\"https:\\\/\\\/www.gaidaphotos.com\\\/blog\\\/#website\",\"url\":\"https:\\\/\\\/www.gaidaphotos.com\\\/blog\\\/\",\"name\":\"K\u00f6ln Rodenkirchen und die Welt\",\"description\":\"Einkaufen, Restaurants, Freizeit, Nachrichten und was uns sonst bewegt und begegnet\",\"publisher\":{\"@id\":\"https:\\\/\\\/www.gaidaphotos.com\\\/blog\\\/#organization\"},\"potentialAction\":[{\"@type\":\"SearchAction\",\"target\":{\"@type\":\"EntryPoint\",\"urlTemplate\":\"https:\\\/\\\/www.gaidaphotos.com\\\/blog\\\/?s={search_term_string}\"},\"query-input\":{\"@type\":\"PropertyValueSpecification\",\"valueRequired\":true,\"valueName\":\"search_term_string\"}}],\"inLanguage\":\"de\"},{\"@type\":\"Organization\",\"@id\":\"https:\\\/\\\/www.gaidaphotos.com\\\/blog\\\/#organization\",\"name\":\"gaidaphotos\",\"url\":\"https:\\\/\\\/www.gaidaphotos.com\\\/blog\\\/\",\"logo\":{\"@type\":\"ImageObject\",\"inLanguage\":\"de\",\"@id\":\"https:\\\/\\\/www.gaidaphotos.com\\\/blog\\\/#\\\/schema\\\/logo\\\/image\\\/\",\"url\":\"https:\\\/\\\/i0.wp.com\\\/www.gaidaphotos.com\\\/blog\\\/wp-content\\\/uploads\\\/2020\\\/07\\\/GAIDAPHOTOS-COM.jpg?fit=160%2C96&ssl=1\",\"contentUrl\":\"https:\\\/\\\/i0.wp.com\\\/www.gaidaphotos.com\\\/blog\\\/wp-content\\\/uploads\\\/2020\\\/07\\\/GAIDAPHOTOS-COM.jpg?fit=160%2C96&ssl=1\",\"width\":160,\"height\":96,\"caption\":\"gaidaphotos\"},\"image\":{\"@id\":\"https:\\\/\\\/www.gaidaphotos.com\\\/blog\\\/#\\\/schema\\\/logo\\\/image\\\/\"},\"sameAs\":[\"https:\\\/\\\/www.facebook.com\\\/Koeln.Rodenkirchen\",\"https:\\\/\\\/x.com\\\/gaidaphotos\",\"https:\\\/\\\/instagram.com\\\/gaidaphotos\\\/\",\"https:\\\/\\\/de.linkedin.com\\\/in\\\/gaidaphotos\",\"https:\\\/\\\/myspace.com\\\/gaidaphotos\",\"https:\\\/\\\/www.pinterest.com\\\/gaidaphotos\\\/\",\"https:\\\/\\\/www.youtube.com\\\/user\\\/gaidaphotos\"]},{\"@type\":\"Person\",\"@id\":\"https:\\\/\\\/www.gaidaphotos.com\\\/blog\\\/#\\\/schema\\\/person\\\/6c444a5b13ffc503c5c32f5a9ec68b21\",\"name\":\"Thomas\",\"sameAs\":[\"https:\\\/\\\/www.gaidaphotos.com\",\"https:\\\/\\\/www.facebook.com\\\/gaidaphotos\",\"https:\\\/\\\/instagram.com\\\/gaidaphotos\\\/\",\"https:\\\/\\\/www.linkedin.com\\\/in\\\/gaidaphotos\",\"http:\\\/\\\/www.pinterest.com\\\/gaidaphotos\\\/\",\"https:\\\/\\\/x.com\\\/gaidaphotos\",\"https:\\\/\\\/myspace.com\\\/gaidaphotos\",\"https:\\\/\\\/www.youtube.com\\\/user\\\/gaidaphotos\",\"https:\\\/\\\/gaidaphotos.tumblr.com\\\/\"]}]}<\/script>\n<!-- \/ Yoast SEO plugin. -->","yoast_head_json":{"title":"Kein verkaufsoffener Sonntag & Stra\u00dfenfest 16.10.2011 in K\u00f6ln","description":"Auch wenn mal nirgendwo in K\u00f6ln die Gesch\u00e4fte offen sind zeigen wir Alternativen f\u00fcr die Freizeitgestaltung am Wochenende in K\u00f6ln","robots":{"index":"index","follow":"follow","max-snippet":"max-snippet:-1","max-image-preview":"max-image-preview:large","max-video-preview":"max-video-preview:-1"},"canonical":"https:\/\/www.gaidaphotos.com\/blog\/2011\/10\/12\/kein-verkaufsoffener-sonntag-strasenfest-16-10-2011-in-koln\/","og_locale":"de_DE","og_type":"article","og_title":"Kein verkaufsoffener Sonntag & Stra\u00dfenfest 16.10.2011 in K\u00f6ln","og_description":"Auch wenn mal nirgendwo in K\u00f6ln die Gesch\u00e4fte offen sind zeigen wir Alternativen f\u00fcr die Freizeitgestaltung am Wochenende in K\u00f6ln","og_url":"https:\/\/www.gaidaphotos.com\/blog\/2011\/10\/12\/kein-verkaufsoffener-sonntag-strasenfest-16-10-2011-in-koln\/","og_site_name":"K\u00f6ln Rodenkirchen und die Welt","article_publisher":"https:\/\/www.facebook.com\/Koeln.Rodenkirchen","article_author":"https:\/\/www.facebook.com\/gaidaphotos","article_published_time":"2011-10-12T12:17:41+00:00","article_modified_time":"2012-02-14T12:46:40+00:00","og_image":[{"width":1000,"height":667,"url":"https:\/\/www.gaidaphotos.com\/blog\/wp-content\/uploads\/2020\/08\/nggallery_import\/109_","type":"image\/jpeg"}],"author":"Thomas","twitter_card":"summary_large_image","twitter_creator":"@gaidaphotos","twitter_site":"@gaidaphotos","twitter_misc":{"Verfasst von":"Thomas"},"schema":{"@context":"https:\/\/schema.org","@graph":[{"@type":"Article","@id":"https:\/\/www.gaidaphotos.com\/blog\/2011\/10\/12\/kein-verkaufsoffener-sonntag-strasenfest-16-10-2011-in-koln\/#article","isPartOf":{"@id":"https:\/\/www.gaidaphotos.com\/blog\/2011\/10\/12\/kein-verkaufsoffener-sonntag-strasenfest-16-10-2011-in-koln\/"},"author":{"name":"Thomas","@id":"https:\/\/www.gaidaphotos.com\/blog\/#\/schema\/person\/6c444a5b13ffc503c5c32f5a9ec68b21"},"headline":"Kein verkaufsoffener Sonntag &#038; Stra\u00dfenfest 16.10.2011 in K\u00f6ln","datePublished":"2011-10-12T12:17:41+00:00","dateModified":"2012-02-14T12:46:40+00:00","mainEntityOfPage":{"@id":"https:\/\/www.gaidaphotos.com\/blog\/2011\/10\/12\/kein-verkaufsoffener-sonntag-strasenfest-16-10-2011-in-koln\/"},"wordCount":100,"commentCount":1,"publisher":{"@id":"https:\/\/www.gaidaphotos.com\/blog\/#organization"},"image":{"@id":"https:\/\/www.gaidaphotos.com\/blog\/2011\/10\/12\/kein-verkaufsoffener-sonntag-strasenfest-16-10-2011-in-koln\/#primaryimage"},"thumbnailUrl":"https:\/\/www.gaidaphotos.com\/blog\/wp-content\/uploads\/2020\/08\/nggallery_import\/109_","articleSection":["Verkaufsoffener Sonntag K\u00f6ln NRW"],"inLanguage":"de","potentialAction":[{"@type":"CommentAction","name":"Comment","target":["https:\/\/www.gaidaphotos.com\/blog\/2011\/10\/12\/kein-verkaufsoffener-sonntag-strasenfest-16-10-2011-in-koln\/#respond"]}]},{"@type":"WebPage","@id":"https:\/\/www.gaidaphotos.com\/blog\/2011\/10\/12\/kein-verkaufsoffener-sonntag-strasenfest-16-10-2011-in-koln\/","url":"https:\/\/www.gaidaphotos.com\/blog\/2011\/10\/12\/kein-verkaufsoffener-sonntag-strasenfest-16-10-2011-in-koln\/","name":"Kein verkaufsoffener Sonntag & Stra\u00dfenfest 16.10.2011 in K\u00f6ln","isPartOf":{"@id":"https:\/\/www.gaidaphotos.com\/blog\/#website"},"primaryImageOfPage":{"@id":"https:\/\/www.gaidaphotos.com\/blog\/2011\/10\/12\/kein-verkaufsoffener-sonntag-strasenfest-16-10-2011-in-koln\/#primaryimage"},"image":{"@id":"https:\/\/www.gaidaphotos.com\/blog\/2011\/10\/12\/kein-verkaufsoffener-sonntag-strasenfest-16-10-2011-in-koln\/#primaryimage"},"thumbnailUrl":"https:\/\/www.gaidaphotos.com\/blog\/wp-content\/uploads\/2020\/08\/nggallery_import\/109_","datePublished":"2011-10-12T12:17:41+00:00","dateModified":"2012-02-14T12:46:40+00:00","description":"Auch wenn mal nirgendwo in K\u00f6ln die Gesch\u00e4fte offen sind zeigen wir Alternativen f\u00fcr die Freizeitgestaltung am Wochenende in K\u00f6ln","breadcrumb":{"@id":"https:\/\/www.gaidaphotos.com\/blog\/2011\/10\/12\/kein-verkaufsoffener-sonntag-strasenfest-16-10-2011-in-koln\/#breadcrumb"},"inLanguage":"de","potentialAction":[{"@type":"ReadAction","target":["https:\/\/www.gaidaphotos.com\/blog\/2011\/10\/12\/kein-verkaufsoffener-sonntag-strasenfest-16-10-2011-in-koln\/"]}]},{"@type":"ImageObject","inLanguage":"de","@id":"https:\/\/www.gaidaphotos.com\/blog\/2011\/10\/12\/kein-verkaufsoffener-sonntag-strasenfest-16-10-2011-in-koln\/#primaryimage","url":"https:\/\/www.gaidaphotos.com\/blog\/wp-content\/uploads\/2020\/08\/nggallery_import\/109_","contentUrl":"https:\/\/www.gaidaphotos.com\/blog\/wp-content\/uploads\/2020\/08\/nggallery_import\/109_","width":1000,"height":667},{"@type":"BreadcrumbList","@id":"https:\/\/www.gaidaphotos.com\/blog\/2011\/10\/12\/kein-verkaufsoffener-sonntag-strasenfest-16-10-2011-in-koln\/#breadcrumb","itemListElement":[{"@type":"ListItem","position":1,"name":"Startseite","item":"https:\/\/www.gaidaphotos.com\/blog\/"},{"@type":"ListItem","position":2,"name":"Kein verkaufsoffener Sonntag &#038; Stra\u00dfenfest 16.10.2011 in K\u00f6ln"}]},{"@type":"WebSite","@id":"https:\/\/www.gaidaphotos.com\/blog\/#website","url":"https:\/\/www.gaidaphotos.com\/blog\/","name":"K\u00f6ln Rodenkirchen und die Welt","description":"Einkaufen, Restaurants, Freizeit, Nachrichten und was uns sonst bewegt und begegnet","publisher":{"@id":"https:\/\/www.gaidaphotos.com\/blog\/#organization"},"potentialAction":[{"@type":"SearchAction","target":{"@type":"EntryPoint","urlTemplate":"https:\/\/www.gaidaphotos.com\/blog\/?s={search_term_string}"},"query-input":{"@type":"PropertyValueSpecification","valueRequired":true,"valueName":"search_term_string"}}],"inLanguage":"de"},{"@type":"Organization","@id":"https:\/\/www.gaidaphotos.com\/blog\/#organization","name":"gaidaphotos","url":"https:\/\/www.gaidaphotos.com\/blog\/","logo":{"@type":"ImageObject","inLanguage":"de","@id":"https:\/\/www.gaidaphotos.com\/blog\/#\/schema\/logo\/image\/","url":"https:\/\/i0.wp.com\/www.gaidaphotos.com\/blog\/wp-content\/uploads\/2020\/07\/GAIDAPHOTOS-COM.jpg?fit=160%2C96&ssl=1","contentUrl":"https:\/\/i0.wp.com\/www.gaidaphotos.com\/blog\/wp-content\/uploads\/2020\/07\/GAIDAPHOTOS-COM.jpg?fit=160%2C96&ssl=1","width":160,"height":96,"caption":"gaidaphotos"},"image":{"@id":"https:\/\/www.gaidaphotos.com\/blog\/#\/schema\/logo\/image\/"},"sameAs":["https:\/\/www.facebook.com\/Koeln.Rodenkirchen","https:\/\/x.com\/gaidaphotos","https:\/\/instagram.com\/gaidaphotos\/","https:\/\/de.linkedin.com\/in\/gaidaphotos","https:\/\/myspace.com\/gaidaphotos","https:\/\/www.pinterest.com\/gaidaphotos\/","https:\/\/www.youtube.com\/user\/gaidaphotos"]},{"@type":"Person","@id":"https:\/\/www.gaidaphotos.com\/blog\/#\/schema\/person\/6c444a5b13ffc503c5c32f5a9ec68b21","name":"Thomas","sameAs":["https:\/\/www.gaidaphotos.com","https:\/\/www.facebook.com\/gaidaphotos","https:\/\/instagram.com\/gaidaphotos\/","https:\/\/www.linkedin.com\/in\/gaidaphotos","http:\/\/www.pinterest.com\/gaidaphotos\/","https:\/\/x.com\/gaidaphotos","https:\/\/myspace.com\/gaidaphotos","https:\/\/www.youtube.com\/user\/gaidaphotos","https:\/\/gaidaphotos.tumblr.com\/"]}]}},"jetpack_publicize_connections":[],"jetpack_featured_media_url":"https:\/\/www.gaidaphotos.com\/blog\/wp-content\/uploads\/2020\/08\/nggallery_import\/109_","jetpack_sharing_enabled":true,"jetpack_likes_enabled":true,"jetpack-related-posts":[{"id":3743,"url":"https:\/\/www.gaidaphotos.com\/blog\/2011\/10\/12\/foto-kurs-langzeitbelichtung-und-bewegungsunschaerfe\/","url_meta":{"origin":3735,"position":0},"title":"Foto-Kurs: Langzeitbelichtung und Bewegungsunsch\u00e4rfe","author":"Thomas","date":"12. Oktober 2011","format":false,"excerpt":"Langzeitbelichtung mit 1\/25 sec. Foto-Kurs: Langzeitbelichtung und Bewegungsunsch\u00e4rfe Unscharf? Darf das denn wahr sein? Normalerweise jagen wir mit teuren und teuersten Objektiven der ultimativen Sch\u00e4rfe hinterher. Aber manchmal bevorzugen wir die Unsch\u00e4rfe. Typisch ist die Mischung von Sch\u00e4rfe und Unsch\u00e4rfe in verschiedenen Sch\u00e4rfeebenen. So gewinnt ein Portrait, wenn der Hintergrund\u2026","rel":"","context":"In &quot;Foto-Kurs : Fotografieren&quot;","block_context":{"text":"Foto-Kurs : Fotografieren","link":"https:\/\/www.gaidaphotos.com\/blog\/category\/foto\/foto-kurs-fotografieren\/"},"img":{"alt_text":"","src":"https:\/\/www.gaidaphotos.com\/blog\/wp-content\/uploads\/2020\/08\/nggallery_import\/91_","width":350,"height":200,"srcset":"https:\/\/www.gaidaphotos.com\/blog\/wp-content\/uploads\/2020\/08\/nggallery_import\/91_ 1x, https:\/\/www.gaidaphotos.com\/blog\/wp-content\/uploads\/2020\/08\/nggallery_import\/91_ 1.5x, https:\/\/www.gaidaphotos.com\/blog\/wp-content\/uploads\/2020\/08\/nggallery_import\/91_ 2x"},"classes":[]},{"id":3415,"url":"https:\/\/www.gaidaphotos.com\/blog\/2010\/11\/03\/verkaufsoffener-sonntag-7-11-2010-in-koeln-weiden\/","url_meta":{"origin":3735,"position":1},"title":"Verkaufsoffener Sonntag 7.11.2010 in K\u00f6ln Weiden","author":"Thomas","date":"3. November 2010","format":false,"excerpt":"Verkaufsoffener Sonntag 7.11.2010 in K\u00f6ln Weiden In den Stra\u00dfen und Str\u00e4\u00dfchen, Winkeln und Gassen in K\u00f6ln-Weiden zwischen N\u00f6rdliche Bahntrasse - Bundesautobahn A 1 - Bundesautobahn A 4 - \u00f6stlich der Kreisstra\u00dfe K 25 k\u00f6nnen Sie am verkaufsoffenen Sonntag 7.11.2010 nach Herzenslust Shoppen. Zum verkaufsoffenen Sonntag finden in K\u00f6ln Weiden die\u2026","rel":"","context":"In &quot;Verkaufsoffener Sonntag K\u00f6ln NRW&quot;","block_context":{"text":"Verkaufsoffener Sonntag K\u00f6ln NRW","link":"https:\/\/www.gaidaphotos.com\/blog\/category\/kalender-archiv\/verkaufsoffener-sonntag-koln-nrw\/"},"img":{"alt_text":"","src":"","width":0,"height":0},"classes":[]},{"id":3664,"url":"https:\/\/www.gaidaphotos.com\/blog\/2011\/09\/07\/strassenfest-verkaufsoffener-sonntag-11-09-2011-in-koeln\/","url_meta":{"origin":3735,"position":2},"title":"Stra\u00dfenfest + Verkaufsoffener Sonntag 11.09.2011 in K\u00f6ln?","author":"Thomas","date":"7. September 2011","format":false,"excerpt":"Verkaufsoffener Sonntag .03.2011 in K\u00f6ln? Wo kann man am 11.09.2011 in K\u00f6ln shoppen (verkaufsoffener Sonntag)? Pech gehabt. K\u00f6ln ist am 11.09.2011 \"Verkaufsoffen-Freie-Zone\". Wie w\u00e4r's mit einem Familienausflug zum Freilichtmuseum Kommern? Wenn sich die Bl\u00e4tter zu f\u00e4rben beginnen ist das eine tolle Fotogelegenheit. Am 11.09.2011 ist in K\u00f6ln kein verkaufsoffener Sonntag.\u2026","rel":"","context":"In &quot;Verkaufsoffener Sonntag K\u00f6ln NRW&quot;","block_context":{"text":"Verkaufsoffener Sonntag K\u00f6ln NRW","link":"https:\/\/www.gaidaphotos.com\/blog\/category\/kalender-archiv\/verkaufsoffener-sonntag-koln-nrw\/"},"img":{"alt_text":"","src":"https:\/\/www.gaidaphotos.com\/blog\/wp-content\/uploads\/2020\/08\/nggallery_import\/106_","width":350,"height":200,"srcset":"https:\/\/www.gaidaphotos.com\/blog\/wp-content\/uploads\/2020\/08\/nggallery_import\/106_ 1x, https:\/\/www.gaidaphotos.com\/blog\/wp-content\/uploads\/2020\/08\/nggallery_import\/106_ 1.5x, https:\/\/www.gaidaphotos.com\/blog\/wp-content\/uploads\/2020\/08\/nggallery_import\/106_ 2x"},"classes":[]},{"id":3451,"url":"https:\/\/www.gaidaphotos.com\/blog\/2010\/11\/29\/verkaufsoffener-sonntag-weihnachtsmarkt-in-koeln-weiden-5-12-2010\/","url_meta":{"origin":3735,"position":3},"title":"verkaufsoffener Sonntag &#038; Weihnachtsmarkt in K\u00f6ln Weiden am 5.12.2010","author":"Thomas","date":"29. November 2010","format":false,"excerpt":"Verkaufsoffener Sonntag und Weihnachtsmarkt am 5.12.2010 in K\u00f6ln Weiden (NRW) In den Stra\u00dfen und Str\u00e4\u00dfchen, Winkeln und Gassen in K\u00f6ln-Weiden zwischen N\u00f6rdliche Bahntrasse - Bundesautobahn A 1 - Bundesautobahn A 4 - \u00f6stlich der Kreisstra\u00dfe K 25 k\u00f6nnen Sie am 5.12.2010verkaufsoffenen Sonntag nach Herzenslust Shoppen Am 5.12.2010 ist in K\u00f6ln\u2026","rel":"","context":"In &quot;Verkaufsoffener Sonntag K\u00f6ln NRW&quot;","block_context":{"text":"Verkaufsoffener Sonntag K\u00f6ln NRW","link":"https:\/\/www.gaidaphotos.com\/blog\/category\/kalender-archiv\/verkaufsoffener-sonntag-koln-nrw\/"},"img":{"alt_text":"","src":"","width":0,"height":0},"classes":[]},{"id":3469,"url":"https:\/\/www.gaidaphotos.com\/blog\/2010\/12\/07\/verkaufsoffener-sonntag-adventsfest-koeln-sulzklettenberg-12-12-2010-suelzer-lichter\/","url_meta":{"origin":3735,"position":4},"title":"verkaufsoffener Sonntag &#038; Adventsfest in K\u00f6ln S\u00fclz\/Klettenberg am 12.12.2010 &#8222;S\u00fclzer Lichter&#8220;","author":"Thomas","date":"7. Dezember 2010","format":false,"excerpt":"verkaufsoffener Sonntag & Adventsfest in K\u00f6ln S\u00fclz\/Klettenberg am 12.12.2010 \"S\u00fclzer Lichter\" In den Stra\u00dfen und Str\u00e4\u00dfchen, Winkeln und Gassen in K\u00f6ln- zwischen Z\u00fclpicher Stra\u00dfe - Stauderstra\u00dfe - Rudolf-Amelunxen-Stra\u00dfe - Rh\u00f6ndorfer Stra\u00dfe - Bundesautobahn - Gleueler Stra\u00dfe k\u00f6nnen Sie am verkaufsoffenen Sonntag nach Herzenslust Shoppen. Gleichzeitig findet in K\u00f6ln S\u00fclz\/Klettenberg das\u2026","rel":"","context":"In &quot;Verkaufsoffener Sonntag K\u00f6ln NRW&quot;","block_context":{"text":"Verkaufsoffener Sonntag K\u00f6ln NRW","link":"https:\/\/www.gaidaphotos.com\/blog\/category\/kalender-archiv\/verkaufsoffener-sonntag-koln-nrw\/"},"img":{"alt_text":"","src":"","width":0,"height":0},"classes":[]},{"id":3713,"url":"https:\/\/www.gaidaphotos.com\/blog\/2011\/09\/28\/oktoberfest-und-verkaufsoffener-sonntag-02-10-2011-in-koln\/","url_meta":{"origin":3735,"position":5},"title":"Oktoberfest und Verkaufsoffener Sonntag 02.10.2011 in K\u00f6ln","author":"Thomas","date":"28. September 2011","format":false,"excerpt":"Oktoberfest und Verkaufsoffener Sonntag 02.10.2011 in K\u00f6ln Die \"schlimme\" Zeit mit wenigen bis keinem verkaufsoffenen Sonntag sind endlich vorbei und nun geht es Schlag auf Schlag. Gleich in sechs K\u00f6lner Stadtteilen sind am Sonntag die Gesch\u00e4fte ge\u00f6ffnet. Der Zeitpunkt ist gut gew\u00e4hlt. Der September ist einer der schlechtesten Verkaufsmonate in\u2026","rel":"","context":"In &quot;Verkaufsoffener Sonntag K\u00f6ln NRW&quot;","block_context":{"text":"Verkaufsoffener Sonntag K\u00f6ln NRW","link":"https:\/\/www.gaidaphotos.com\/blog\/category\/kalender-archiv\/verkaufsoffener-sonntag-koln-nrw\/"},"img":{"alt_text":"","src":"https:\/\/www.gaidaphotos.com\/blog\/wp-content\/uploads\/2020\/08\/nggallery_import\/94_","width":350,"height":200,"srcset":"https:\/\/www.gaidaphotos.com\/blog\/wp-content\/uploads\/2020\/08\/nggallery_import\/94_ 1x, https:\/\/www.gaidaphotos.com\/blog\/wp-content\/uploads\/2020\/08\/nggallery_import\/94_ 1.5x, https:\/\/www.gaidaphotos.com\/blog\/wp-content\/uploads\/2020\/08\/nggallery_import\/94_ 2x"},"classes":[]}],"_links":{"self":[{"href":"https:\/\/www.gaidaphotos.com\/blog\/wp-json\/wp\/v2\/posts\/3735","targetHints":{"allow":["GET"]}}],"collection":[{"href":"https:\/\/www.gaidaphotos.com\/blog\/wp-json\/wp\/v2\/posts"}],"about":[{"href":"https:\/\/www.gaidaphotos.com\/blog\/wp-json\/wp\/v2\/types\/post"}],"author":[{"embeddable":true,"href":"https:\/\/www.gaidaphotos.com\/blog\/wp-json\/wp\/v2\/users\/6"}],"replies":[{"embeddable":true,"href":"https:\/\/www.gaidaphotos.com\/blog\/wp-json\/wp\/v2\/comments?post=3735"}],"version-history":[{"count":0,"href":"https:\/\/www.gaidaphotos.com\/blog\/wp-json\/wp\/v2\/posts\/3735\/revisions"}],"wp:featuredmedia":[{"embeddable":true,"href":"https:\/\/www.gaidaphotos.com\/blog\/wp-json\/wp\/v2\/media\/12396"}],"wp:attachment":[{"href":"https:\/\/www.gaidaphotos.com\/blog\/wp-json\/wp\/v2\/media?parent=3735"}],"wp:term":[{"taxonomy":"category","embeddable":true,"href":"https:\/\/www.gaidaphotos.com\/blog\/wp-json\/wp\/v2\/categories?post=3735"},{"taxonomy":"post_tag","embeddable":true,"href":"https:\/\/www.gaidaphotos.com\/blog\/wp-json\/wp\/v2\/tags?post=3735"}],"curies":[{"name":"wp","href":"https:\/\/api.w.org\/{rel}","templated":true}]}}