{"id":3743,"date":"2011-10-12T15:29:38","date_gmt":"2011-10-12T13:29:38","guid":{"rendered":"http:\/\/www.gaidaphotos.com\/blog\/?p=3743"},"modified":"2020-12-11T17:03:56","modified_gmt":"2020-12-11T16:03:56","slug":"foto-kurs-langzeitbelichtung-und-bewegungsunschaerfe","status":"publish","type":"post","link":"https:\/\/www.gaidaphotos.com\/blog\/2011\/10\/12\/foto-kurs-langzeitbelichtung-und-bewegungsunschaerfe\/","title":{"rendered":"Foto-Kurs: Langzeitbelichtung und Bewegungsunsch\u00e4rfe"},"content":{"rendered":"<p>ngg_shortcode_0_placeholder Langzeitbelichtung mit 1\/25 sec.<\/p>\n<h2>Foto-Kurs: Langzeitbelichtung und Bewegungsunsch\u00e4rfe<\/h2>\n<p>Unscharf? Darf das denn wahr sein?<\/p>\n<p>Normalerweise jagen wir mit teuren und teuersten Objektiven der ultimativen Sch\u00e4rfe hinterher. Aber manchmal bevorzugen wir die Unsch\u00e4rfe.<br \/>\nTypisch ist die Mischung von Sch\u00e4rfe und Unsch\u00e4rfe in verschiedenen Sch\u00e4rfeebenen. So gewinnt ein Portrait, wenn der Hintergrund unscharf und verschwommen ist.<br \/>\nEbenso lassen sich Sch\u00e4rfe und Bewegungsunsch\u00e4rfe, wie auf dem Bild hier, mischen.<\/p>\n<p>Bewegungsunsch\u00e4rfe dient verschiedenen Zwecken.<\/p>\n<ul>\n<li>Bewegung hervorheben<br \/>\nDurch die Unsch\u00e4rfe wird dem Betrachter erkennbar, dass sich im stehenden Bild dennoch etwas bewegt. Dazu an anderer Stelle mehr<\/li>\n<li>Menschen verschwinden lassen<br \/>\nOft genug, z.B. in Kirchen und Museen st\u00f6ren die anderen Besucher unser Bild. Bei der Langzeitbelichtung werden diese Menschen zu Schatten, die kaum noch wahrgenommen werden.<br \/>\nDas l\u00e4\u00dft sich auch hervorragend verwenden, um Menschen in Reportagen unkenntlich zu machen.<\/li>\n<li>Gegens\u00e4tze herausstellen<br \/>\nSch\u00e4rfe und Unsch\u00e4rfe stehen im Kontrast und die Unsch\u00e4rfe betont die scharfen Bildelemente<\/li>\n<\/ul>\n<h3>Was brauche ich f\u00fcr Langzeitbelichtung und Bewegungsunsch\u00e4rfe:<\/h3>\n<p><strong>Stativ<\/strong>: Das Stativ sollte stabil genug f\u00fcr Kamera und Objektiv sein und nicht wackeln.<br \/>\n<strong>Fernausl\u00f6ser:<\/strong> Ein Kabel-, Funk oder Infrarotausl\u00f6ser verhindert, dass Sie die Kamera zum Ausl\u00f6sen anfassen m\u00fcssen. Tip: Wenn Sie keinen Fernausl\u00f6ser haben verwenden Sie den Selbstausl\u00f6ser.<\/p>\n<p>ngg_shortcode_1_placeholder Langzeitbelichtung mit 1\/40 sec.<\/p>\n<h3>Welche Einstellungen soll ich f\u00fcr Langzeitbelichtung und Bewegungsunsch\u00e4rfe vornehmen:<\/h3>\n<p><strong>ISO 100<\/strong> &#8211; Schalten Sie die Automatik unbedingt ab.<br \/>\n<strong>Blendenautomatik<\/strong> W\u00e4hlen Sie die Blendenautomatik und eine Zeit unter 1\/15 sec. Ab einer 1\/15 Sekunde erscheinen Bewegungen unscharf. Je l\u00e4nger die Zeit, desto deutlicher wird die Bewegung.<br \/>\n<strong>Blende<\/strong>: Vermeiden Sie Blenden \u00fcber f\/11 f\/13 da bei h\u00f6heren Blendenwerten die Objektiveigenschaften nachlassen (Beugungsunsch\u00e4rfe u.\u00e4.) und die Bildqualit\u00e4t leidet.<br \/>\n<strong>Polfilter\/ND-Filter (Graufilter)<\/strong>: Wenn trotz hoher Blende und niedrigem ISO-Wert die Belichtungszeit zu kurz ist, m\u00fcssen Sie es &#8222;dunkler&#8220; machen. Dazu eignet sich ein Pol-Filter (1-2 Blendenstufen). Wem das zu wenig ist, der kann mit einem ND-Filter (Neutral-Dunkelfilter oder auch Graufilter) noch weitere Blendenstufen aufblenden.<br \/>\n<strong>Spiegelvorausl\u00f6sung<\/strong>: Bei relativ kurzen Langzeitbelichtungen (1\/15 sec &#8211; 1 sec.) k\u00f6nnen die Ersch\u00fctterungen des nach oben klappenden Spiegels die Kamera verwackeln. W\u00e4hlen Sie zur Vorsicht die &#8222;Spiegelvorausl\u00f6sung&#8220; und dr\u00fccken Sie f\u00fcr ein Foto zweimal auf den Ausl\u00f6ser.<\/p>\n<p>ngg_shortcode_2_placeholder Langzeitbelichtung mit Lochkamera<\/p>\n<h3>Langzeitbelichtung mit einem Lochkamera-Adapter<\/h3>\n<p>Noch ungew\u00f6hnlicher wird die Bildwirkung wenn Sie einen Lochkamera-Adapter verwenden. Statt eines Objektivs setzen Sie einen Kameradeckel mit einem kleinen Loch auf Ihre Kamera. Das Loch hat eine Blende von f\/200 und funktioniert wie eine camera-obscura.<br \/>\nDas Ergebnis ist ein Foto mit grobem Korn aber unendlicher Sch\u00e4rfe. Durch die extrem Lange Belichtung erscheinen Bewegungen wie Nebel.<br \/>\nSie brauchen dazu zus\u00e4tzlich zu Stativ und Fernausl\u00f6ser noch einen Lochkamera-Adapter.<\/p>\n<h3>Beispielfotos Langzeitbelichtung<\/h3>\nngg_shortcode_3_placeholder\n<h3>Beispielfotos Lochkamera<\/h3>\nngg_shortcode_4_placeholder\n","protected":false},"excerpt":{"rendered":"<p>Langzeitbelichtung mit 1\/25 sec. Foto-Kurs: Langzeitbelichtung und Bewegungsunsch\u00e4rfe Unscharf? Darf das denn wahr sein? Normalerweise jagen wir mit teuren und<\/p>\n","protected":false},"author":6,"featured_media":12378,"comment_status":"open","ping_status":"open","sticky":false,"template":"","format":"standard","meta":{"_crdt_document":"","ngg_post_thumbnail":0,"jetpack_post_was_ever_published":false,"_jetpack_newsletter_access":"","_jetpack_dont_email_post_to_subs":false,"_jetpack_newsletter_tier_id":0,"_jetpack_memberships_contains_paywalled_content":false,"_jetpack_memberships_contains_paid_content":false,"footnotes":"","jetpack_publicize_message":"","jetpack_publicize_feature_enabled":true,"jetpack_social_post_already_shared":false,"jetpack_social_options":{"image_generator_settings":{"template":"highway","default_image_id":0,"font":"","enabled":false},"version":2}},"categories":[282],"tags":[557,307,86],"class_list":["post-3743","post","type-post","status-publish","format-standard","has-post-thumbnail","hentry","category-foto-kurs-fotografieren","tag-foto-kurs","tag-foto-tips","tag-fotografie"],"yoast_head":"<!-- This site is optimized with the Yoast SEO plugin v27.5 - https:\/\/yoast.com\/product\/yoast-seo-wordpress\/ -->\n<title>Foto-Kurs: Langzeitbelichtung und Bewegungsunsch\u00e4rfe<\/title>\n<meta name=\"description\" content=\"Nutzen Sie gezielt die Bewegungsunsch\u00e4rfe um Menschen verschwinden zu lassen und interessante Fotos zu erzielen. Wir sagen wie.\" \/>\n<meta name=\"robots\" content=\"index, follow, max-snippet:-1, max-image-preview:large, max-video-preview:-1\" \/>\n<link rel=\"canonical\" href=\"https:\/\/www.gaidaphotos.com\/blog\/2011\/10\/12\/foto-kurs-langzeitbelichtung-und-bewegungsunschaerfe\/\" \/>\n<meta property=\"og:locale\" content=\"de_DE\" \/>\n<meta property=\"og:type\" content=\"article\" \/>\n<meta property=\"og:title\" content=\"Foto-Kurs: Langzeitbelichtung und Bewegungsunsch\u00e4rfe\" \/>\n<meta property=\"og:description\" content=\"Nutzen Sie gezielt die Bewegungsunsch\u00e4rfe um Menschen verschwinden zu lassen und interessante Fotos zu erzielen. Wir sagen wie.\" \/>\n<meta property=\"og:url\" content=\"https:\/\/www.gaidaphotos.com\/blog\/2011\/10\/12\/foto-kurs-langzeitbelichtung-und-bewegungsunschaerfe\/\" \/>\n<meta property=\"og:site_name\" content=\"K\u00f6ln Rodenkirchen und die Welt\" \/>\n<meta property=\"article:publisher\" content=\"https:\/\/www.facebook.com\/Koeln.Rodenkirchen\" \/>\n<meta property=\"article:author\" content=\"https:\/\/www.facebook.com\/gaidaphotos\" \/>\n<meta property=\"article:published_time\" content=\"2011-10-12T13:29:38+00:00\" \/>\n<meta property=\"article:modified_time\" content=\"2020-12-11T16:03:56+00:00\" \/>\n<meta property=\"og:image\" content=\"https:\/\/www.gaidaphotos.com\/blog\/wp-content\/uploads\/2020\/08\/nggallery_import\/91_\" \/>\n\t<meta property=\"og:image:width\" content=\"1000\" \/>\n\t<meta property=\"og:image:height\" content=\"667\" \/>\n\t<meta property=\"og:image:type\" content=\"image\/jpeg\" \/>\n<meta name=\"author\" content=\"Thomas\" \/>\n<meta name=\"twitter:card\" content=\"summary_large_image\" \/>\n<meta name=\"twitter:creator\" content=\"@gaidaphotos\" \/>\n<meta name=\"twitter:site\" content=\"@gaidaphotos\" \/>\n<meta name=\"twitter:label1\" content=\"Verfasst von\" \/>\n\t<meta name=\"twitter:data1\" content=\"Thomas\" \/>\n\t<meta name=\"twitter:label2\" content=\"Gesch\u00e4tzte Lesezeit\" \/>\n\t<meta name=\"twitter:data2\" content=\"2\u00a0Minuten\" \/>\n<script type=\"application\/ld+json\" class=\"yoast-schema-graph\">{\"@context\":\"https:\\\/\\\/schema.org\",\"@graph\":[{\"@type\":\"Article\",\"@id\":\"https:\\\/\\\/www.gaidaphotos.com\\\/blog\\\/2011\\\/10\\\/12\\\/foto-kurs-langzeitbelichtung-und-bewegungsunschaerfe\\\/#article\",\"isPartOf\":{\"@id\":\"https:\\\/\\\/www.gaidaphotos.com\\\/blog\\\/2011\\\/10\\\/12\\\/foto-kurs-langzeitbelichtung-und-bewegungsunschaerfe\\\/\"},\"author\":{\"name\":\"Thomas\",\"@id\":\"https:\\\/\\\/www.gaidaphotos.com\\\/blog\\\/#\\\/schema\\\/person\\\/6c444a5b13ffc503c5c32f5a9ec68b21\"},\"headline\":\"Foto-Kurs: Langzeitbelichtung und Bewegungsunsch\u00e4rfe\",\"datePublished\":\"2011-10-12T13:29:38+00:00\",\"dateModified\":\"2020-12-11T16:03:56+00:00\",\"mainEntityOfPage\":{\"@id\":\"https:\\\/\\\/www.gaidaphotos.com\\\/blog\\\/2011\\\/10\\\/12\\\/foto-kurs-langzeitbelichtung-und-bewegungsunschaerfe\\\/\"},\"wordCount\":500,\"commentCount\":1,\"publisher\":{\"@id\":\"https:\\\/\\\/www.gaidaphotos.com\\\/blog\\\/#organization\"},\"image\":{\"@id\":\"https:\\\/\\\/www.gaidaphotos.com\\\/blog\\\/2011\\\/10\\\/12\\\/foto-kurs-langzeitbelichtung-und-bewegungsunschaerfe\\\/#primaryimage\"},\"thumbnailUrl\":\"https:\\\/\\\/www.gaidaphotos.com\\\/blog\\\/wp-content\\\/uploads\\\/2020\\\/08\\\/nggallery_import\\\/91_\",\"keywords\":[\"Foto-Kurs\",\"Foto-Tips\",\"Fotografie\"],\"articleSection\":[\"Foto-Kurs : Fotografieren\"],\"inLanguage\":\"de\",\"potentialAction\":[{\"@type\":\"CommentAction\",\"name\":\"Comment\",\"target\":[\"https:\\\/\\\/www.gaidaphotos.com\\\/blog\\\/2011\\\/10\\\/12\\\/foto-kurs-langzeitbelichtung-und-bewegungsunschaerfe\\\/#respond\"]}]},{\"@type\":\"WebPage\",\"@id\":\"https:\\\/\\\/www.gaidaphotos.com\\\/blog\\\/2011\\\/10\\\/12\\\/foto-kurs-langzeitbelichtung-und-bewegungsunschaerfe\\\/\",\"url\":\"https:\\\/\\\/www.gaidaphotos.com\\\/blog\\\/2011\\\/10\\\/12\\\/foto-kurs-langzeitbelichtung-und-bewegungsunschaerfe\\\/\",\"name\":\"Foto-Kurs: Langzeitbelichtung und Bewegungsunsch\u00e4rfe\",\"isPartOf\":{\"@id\":\"https:\\\/\\\/www.gaidaphotos.com\\\/blog\\\/#website\"},\"primaryImageOfPage\":{\"@id\":\"https:\\\/\\\/www.gaidaphotos.com\\\/blog\\\/2011\\\/10\\\/12\\\/foto-kurs-langzeitbelichtung-und-bewegungsunschaerfe\\\/#primaryimage\"},\"image\":{\"@id\":\"https:\\\/\\\/www.gaidaphotos.com\\\/blog\\\/2011\\\/10\\\/12\\\/foto-kurs-langzeitbelichtung-und-bewegungsunschaerfe\\\/#primaryimage\"},\"thumbnailUrl\":\"https:\\\/\\\/www.gaidaphotos.com\\\/blog\\\/wp-content\\\/uploads\\\/2020\\\/08\\\/nggallery_import\\\/91_\",\"datePublished\":\"2011-10-12T13:29:38+00:00\",\"dateModified\":\"2020-12-11T16:03:56+00:00\",\"description\":\"Nutzen Sie gezielt die Bewegungsunsch\u00e4rfe um Menschen verschwinden zu lassen und interessante Fotos zu erzielen. Wir sagen wie.\",\"breadcrumb\":{\"@id\":\"https:\\\/\\\/www.gaidaphotos.com\\\/blog\\\/2011\\\/10\\\/12\\\/foto-kurs-langzeitbelichtung-und-bewegungsunschaerfe\\\/#breadcrumb\"},\"inLanguage\":\"de\",\"potentialAction\":[{\"@type\":\"ReadAction\",\"target\":[\"https:\\\/\\\/www.gaidaphotos.com\\\/blog\\\/2011\\\/10\\\/12\\\/foto-kurs-langzeitbelichtung-und-bewegungsunschaerfe\\\/\"]}]},{\"@type\":\"ImageObject\",\"inLanguage\":\"de\",\"@id\":\"https:\\\/\\\/www.gaidaphotos.com\\\/blog\\\/2011\\\/10\\\/12\\\/foto-kurs-langzeitbelichtung-und-bewegungsunschaerfe\\\/#primaryimage\",\"url\":\"https:\\\/\\\/www.gaidaphotos.com\\\/blog\\\/wp-content\\\/uploads\\\/2020\\\/08\\\/nggallery_import\\\/91_\",\"contentUrl\":\"https:\\\/\\\/www.gaidaphotos.com\\\/blog\\\/wp-content\\\/uploads\\\/2020\\\/08\\\/nggallery_import\\\/91_\",\"width\":1000,\"height\":667},{\"@type\":\"BreadcrumbList\",\"@id\":\"https:\\\/\\\/www.gaidaphotos.com\\\/blog\\\/2011\\\/10\\\/12\\\/foto-kurs-langzeitbelichtung-und-bewegungsunschaerfe\\\/#breadcrumb\",\"itemListElement\":[{\"@type\":\"ListItem\",\"position\":1,\"name\":\"Startseite\",\"item\":\"https:\\\/\\\/www.gaidaphotos.com\\\/blog\\\/\"},{\"@type\":\"ListItem\",\"position\":2,\"name\":\"Foto-Kurs: Langzeitbelichtung und Bewegungsunsch\u00e4rfe\"}]},{\"@type\":\"WebSite\",\"@id\":\"https:\\\/\\\/www.gaidaphotos.com\\\/blog\\\/#website\",\"url\":\"https:\\\/\\\/www.gaidaphotos.com\\\/blog\\\/\",\"name\":\"K\u00f6ln Rodenkirchen und die Welt\",\"description\":\"Einkaufen, Restaurants, Freizeit, Nachrichten und was uns sonst bewegt und begegnet\",\"publisher\":{\"@id\":\"https:\\\/\\\/www.gaidaphotos.com\\\/blog\\\/#organization\"},\"potentialAction\":[{\"@type\":\"SearchAction\",\"target\":{\"@type\":\"EntryPoint\",\"urlTemplate\":\"https:\\\/\\\/www.gaidaphotos.com\\\/blog\\\/?s={search_term_string}\"},\"query-input\":{\"@type\":\"PropertyValueSpecification\",\"valueRequired\":true,\"valueName\":\"search_term_string\"}}],\"inLanguage\":\"de\"},{\"@type\":\"Organization\",\"@id\":\"https:\\\/\\\/www.gaidaphotos.com\\\/blog\\\/#organization\",\"name\":\"gaidaphotos\",\"url\":\"https:\\\/\\\/www.gaidaphotos.com\\\/blog\\\/\",\"logo\":{\"@type\":\"ImageObject\",\"inLanguage\":\"de\",\"@id\":\"https:\\\/\\\/www.gaidaphotos.com\\\/blog\\\/#\\\/schema\\\/logo\\\/image\\\/\",\"url\":\"https:\\\/\\\/i0.wp.com\\\/www.gaidaphotos.com\\\/blog\\\/wp-content\\\/uploads\\\/2020\\\/07\\\/GAIDAPHOTOS-COM.jpg?fit=160%2C96&ssl=1\",\"contentUrl\":\"https:\\\/\\\/i0.wp.com\\\/www.gaidaphotos.com\\\/blog\\\/wp-content\\\/uploads\\\/2020\\\/07\\\/GAIDAPHOTOS-COM.jpg?fit=160%2C96&ssl=1\",\"width\":160,\"height\":96,\"caption\":\"gaidaphotos\"},\"image\":{\"@id\":\"https:\\\/\\\/www.gaidaphotos.com\\\/blog\\\/#\\\/schema\\\/logo\\\/image\\\/\"},\"sameAs\":[\"https:\\\/\\\/www.facebook.com\\\/Koeln.Rodenkirchen\",\"https:\\\/\\\/x.com\\\/gaidaphotos\",\"https:\\\/\\\/instagram.com\\\/gaidaphotos\\\/\",\"https:\\\/\\\/de.linkedin.com\\\/in\\\/gaidaphotos\",\"https:\\\/\\\/myspace.com\\\/gaidaphotos\",\"https:\\\/\\\/www.pinterest.com\\\/gaidaphotos\\\/\",\"https:\\\/\\\/www.youtube.com\\\/user\\\/gaidaphotos\"]},{\"@type\":\"Person\",\"@id\":\"https:\\\/\\\/www.gaidaphotos.com\\\/blog\\\/#\\\/schema\\\/person\\\/6c444a5b13ffc503c5c32f5a9ec68b21\",\"name\":\"Thomas\",\"sameAs\":[\"https:\\\/\\\/www.gaidaphotos.com\",\"https:\\\/\\\/www.facebook.com\\\/gaidaphotos\",\"https:\\\/\\\/instagram.com\\\/gaidaphotos\\\/\",\"https:\\\/\\\/www.linkedin.com\\\/in\\\/gaidaphotos\",\"http:\\\/\\\/www.pinterest.com\\\/gaidaphotos\\\/\",\"https:\\\/\\\/x.com\\\/gaidaphotos\",\"https:\\\/\\\/myspace.com\\\/gaidaphotos\",\"https:\\\/\\\/www.youtube.com\\\/user\\\/gaidaphotos\",\"https:\\\/\\\/gaidaphotos.tumblr.com\\\/\"]}]}<\/script>\n<!-- \/ Yoast SEO plugin. -->","yoast_head_json":{"title":"Foto-Kurs: Langzeitbelichtung und Bewegungsunsch\u00e4rfe","description":"Nutzen Sie gezielt die Bewegungsunsch\u00e4rfe um Menschen verschwinden zu lassen und interessante Fotos zu erzielen. Wir sagen wie.","robots":{"index":"index","follow":"follow","max-snippet":"max-snippet:-1","max-image-preview":"max-image-preview:large","max-video-preview":"max-video-preview:-1"},"canonical":"https:\/\/www.gaidaphotos.com\/blog\/2011\/10\/12\/foto-kurs-langzeitbelichtung-und-bewegungsunschaerfe\/","og_locale":"de_DE","og_type":"article","og_title":"Foto-Kurs: Langzeitbelichtung und Bewegungsunsch\u00e4rfe","og_description":"Nutzen Sie gezielt die Bewegungsunsch\u00e4rfe um Menschen verschwinden zu lassen und interessante Fotos zu erzielen. Wir sagen wie.","og_url":"https:\/\/www.gaidaphotos.com\/blog\/2011\/10\/12\/foto-kurs-langzeitbelichtung-und-bewegungsunschaerfe\/","og_site_name":"K\u00f6ln Rodenkirchen und die Welt","article_publisher":"https:\/\/www.facebook.com\/Koeln.Rodenkirchen","article_author":"https:\/\/www.facebook.com\/gaidaphotos","article_published_time":"2011-10-12T13:29:38+00:00","article_modified_time":"2020-12-11T16:03:56+00:00","og_image":[{"width":1000,"height":667,"url":"https:\/\/www.gaidaphotos.com\/blog\/wp-content\/uploads\/2020\/08\/nggallery_import\/91_","type":"image\/jpeg"}],"author":"Thomas","twitter_card":"summary_large_image","twitter_creator":"@gaidaphotos","twitter_site":"@gaidaphotos","twitter_misc":{"Verfasst von":"Thomas","Gesch\u00e4tzte Lesezeit":"2\u00a0Minuten"},"schema":{"@context":"https:\/\/schema.org","@graph":[{"@type":"Article","@id":"https:\/\/www.gaidaphotos.com\/blog\/2011\/10\/12\/foto-kurs-langzeitbelichtung-und-bewegungsunschaerfe\/#article","isPartOf":{"@id":"https:\/\/www.gaidaphotos.com\/blog\/2011\/10\/12\/foto-kurs-langzeitbelichtung-und-bewegungsunschaerfe\/"},"author":{"name":"Thomas","@id":"https:\/\/www.gaidaphotos.com\/blog\/#\/schema\/person\/6c444a5b13ffc503c5c32f5a9ec68b21"},"headline":"Foto-Kurs: Langzeitbelichtung und Bewegungsunsch\u00e4rfe","datePublished":"2011-10-12T13:29:38+00:00","dateModified":"2020-12-11T16:03:56+00:00","mainEntityOfPage":{"@id":"https:\/\/www.gaidaphotos.com\/blog\/2011\/10\/12\/foto-kurs-langzeitbelichtung-und-bewegungsunschaerfe\/"},"wordCount":500,"commentCount":1,"publisher":{"@id":"https:\/\/www.gaidaphotos.com\/blog\/#organization"},"image":{"@id":"https:\/\/www.gaidaphotos.com\/blog\/2011\/10\/12\/foto-kurs-langzeitbelichtung-und-bewegungsunschaerfe\/#primaryimage"},"thumbnailUrl":"https:\/\/www.gaidaphotos.com\/blog\/wp-content\/uploads\/2020\/08\/nggallery_import\/91_","keywords":["Foto-Kurs","Foto-Tips","Fotografie"],"articleSection":["Foto-Kurs : Fotografieren"],"inLanguage":"de","potentialAction":[{"@type":"CommentAction","name":"Comment","target":["https:\/\/www.gaidaphotos.com\/blog\/2011\/10\/12\/foto-kurs-langzeitbelichtung-und-bewegungsunschaerfe\/#respond"]}]},{"@type":"WebPage","@id":"https:\/\/www.gaidaphotos.com\/blog\/2011\/10\/12\/foto-kurs-langzeitbelichtung-und-bewegungsunschaerfe\/","url":"https:\/\/www.gaidaphotos.com\/blog\/2011\/10\/12\/foto-kurs-langzeitbelichtung-und-bewegungsunschaerfe\/","name":"Foto-Kurs: Langzeitbelichtung und Bewegungsunsch\u00e4rfe","isPartOf":{"@id":"https:\/\/www.gaidaphotos.com\/blog\/#website"},"primaryImageOfPage":{"@id":"https:\/\/www.gaidaphotos.com\/blog\/2011\/10\/12\/foto-kurs-langzeitbelichtung-und-bewegungsunschaerfe\/#primaryimage"},"image":{"@id":"https:\/\/www.gaidaphotos.com\/blog\/2011\/10\/12\/foto-kurs-langzeitbelichtung-und-bewegungsunschaerfe\/#primaryimage"},"thumbnailUrl":"https:\/\/www.gaidaphotos.com\/blog\/wp-content\/uploads\/2020\/08\/nggallery_import\/91_","datePublished":"2011-10-12T13:29:38+00:00","dateModified":"2020-12-11T16:03:56+00:00","description":"Nutzen Sie gezielt die Bewegungsunsch\u00e4rfe um Menschen verschwinden zu lassen und interessante Fotos zu erzielen. Wir sagen wie.","breadcrumb":{"@id":"https:\/\/www.gaidaphotos.com\/blog\/2011\/10\/12\/foto-kurs-langzeitbelichtung-und-bewegungsunschaerfe\/#breadcrumb"},"inLanguage":"de","potentialAction":[{"@type":"ReadAction","target":["https:\/\/www.gaidaphotos.com\/blog\/2011\/10\/12\/foto-kurs-langzeitbelichtung-und-bewegungsunschaerfe\/"]}]},{"@type":"ImageObject","inLanguage":"de","@id":"https:\/\/www.gaidaphotos.com\/blog\/2011\/10\/12\/foto-kurs-langzeitbelichtung-und-bewegungsunschaerfe\/#primaryimage","url":"https:\/\/www.gaidaphotos.com\/blog\/wp-content\/uploads\/2020\/08\/nggallery_import\/91_","contentUrl":"https:\/\/www.gaidaphotos.com\/blog\/wp-content\/uploads\/2020\/08\/nggallery_import\/91_","width":1000,"height":667},{"@type":"BreadcrumbList","@id":"https:\/\/www.gaidaphotos.com\/blog\/2011\/10\/12\/foto-kurs-langzeitbelichtung-und-bewegungsunschaerfe\/#breadcrumb","itemListElement":[{"@type":"ListItem","position":1,"name":"Startseite","item":"https:\/\/www.gaidaphotos.com\/blog\/"},{"@type":"ListItem","position":2,"name":"Foto-Kurs: Langzeitbelichtung und Bewegungsunsch\u00e4rfe"}]},{"@type":"WebSite","@id":"https:\/\/www.gaidaphotos.com\/blog\/#website","url":"https:\/\/www.gaidaphotos.com\/blog\/","name":"K\u00f6ln Rodenkirchen und die Welt","description":"Einkaufen, Restaurants, Freizeit, Nachrichten und was uns sonst bewegt und begegnet","publisher":{"@id":"https:\/\/www.gaidaphotos.com\/blog\/#organization"},"potentialAction":[{"@type":"SearchAction","target":{"@type":"EntryPoint","urlTemplate":"https:\/\/www.gaidaphotos.com\/blog\/?s={search_term_string}"},"query-input":{"@type":"PropertyValueSpecification","valueRequired":true,"valueName":"search_term_string"}}],"inLanguage":"de"},{"@type":"Organization","@id":"https:\/\/www.gaidaphotos.com\/blog\/#organization","name":"gaidaphotos","url":"https:\/\/www.gaidaphotos.com\/blog\/","logo":{"@type":"ImageObject","inLanguage":"de","@id":"https:\/\/www.gaidaphotos.com\/blog\/#\/schema\/logo\/image\/","url":"https:\/\/i0.wp.com\/www.gaidaphotos.com\/blog\/wp-content\/uploads\/2020\/07\/GAIDAPHOTOS-COM.jpg?fit=160%2C96&ssl=1","contentUrl":"https:\/\/i0.wp.com\/www.gaidaphotos.com\/blog\/wp-content\/uploads\/2020\/07\/GAIDAPHOTOS-COM.jpg?fit=160%2C96&ssl=1","width":160,"height":96,"caption":"gaidaphotos"},"image":{"@id":"https:\/\/www.gaidaphotos.com\/blog\/#\/schema\/logo\/image\/"},"sameAs":["https:\/\/www.facebook.com\/Koeln.Rodenkirchen","https:\/\/x.com\/gaidaphotos","https:\/\/instagram.com\/gaidaphotos\/","https:\/\/de.linkedin.com\/in\/gaidaphotos","https:\/\/myspace.com\/gaidaphotos","https:\/\/www.pinterest.com\/gaidaphotos\/","https:\/\/www.youtube.com\/user\/gaidaphotos"]},{"@type":"Person","@id":"https:\/\/www.gaidaphotos.com\/blog\/#\/schema\/person\/6c444a5b13ffc503c5c32f5a9ec68b21","name":"Thomas","sameAs":["https:\/\/www.gaidaphotos.com","https:\/\/www.facebook.com\/gaidaphotos","https:\/\/instagram.com\/gaidaphotos\/","https:\/\/www.linkedin.com\/in\/gaidaphotos","http:\/\/www.pinterest.com\/gaidaphotos\/","https:\/\/x.com\/gaidaphotos","https:\/\/myspace.com\/gaidaphotos","https:\/\/www.youtube.com\/user\/gaidaphotos","https:\/\/gaidaphotos.tumblr.com\/"]}]}},"jetpack_publicize_connections":[],"jetpack_featured_media_url":"https:\/\/www.gaidaphotos.com\/blog\/wp-content\/uploads\/2020\/08\/nggallery_import\/91_","jetpack_sharing_enabled":true,"jetpack_likes_enabled":true,"jetpack-related-posts":[{"id":3735,"url":"https:\/\/www.gaidaphotos.com\/blog\/2011\/10\/12\/kein-verkaufsoffener-sonntag-strasenfest-16-10-2011-in-koln\/","url_meta":{"origin":3743,"position":0},"title":"Kein verkaufsoffener Sonntag &#038; Stra\u00dfenfest 16.10.2011 in K\u00f6ln","author":"Thomas","date":"12. Oktober 2011","format":false,"excerpt":"Kein Verkaufsoffener Sonntag am 16.10.2011 in K\u00f6ln? Wie w\u00e4r's mit einem Familienausflug zum Freilichtmuseum Kommern? Wo sich die Bl\u00e4tter zu f\u00e4rben beginnen ist das eine tolle Fotogelegenheit. Am 16.10.2011 ist in K\u00f6ln kein verkaufsoffener Sonntag. Foto oben: Langzeitbelichtung (1\/25 sec) mit Bewegungsunsch\u00e4rfe. In unserer neuen Kolumne \"Foto-Kurs - Fotografieren\" geben\u2026","rel":"","context":"In &quot;Verkaufsoffener Sonntag K\u00f6ln NRW&quot;","block_context":{"text":"Verkaufsoffener Sonntag K\u00f6ln NRW","link":"https:\/\/www.gaidaphotos.com\/blog\/category\/kalender-archiv\/verkaufsoffener-sonntag-koln-nrw\/"},"img":{"alt_text":"","src":"https:\/\/www.gaidaphotos.com\/blog\/wp-content\/uploads\/2020\/08\/nggallery_import\/109_","width":350,"height":200,"srcset":"https:\/\/www.gaidaphotos.com\/blog\/wp-content\/uploads\/2020\/08\/nggallery_import\/109_ 1x, https:\/\/www.gaidaphotos.com\/blog\/wp-content\/uploads\/2020\/08\/nggallery_import\/109_ 1.5x, https:\/\/www.gaidaphotos.com\/blog\/wp-content\/uploads\/2020\/08\/nggallery_import\/109_ 2x"},"classes":[]},{"id":3584,"url":"https:\/\/www.gaidaphotos.com\/blog\/2011\/07\/15\/foto-kurs-fotografieren-mit-der-spiegelreflex-kamera\/","url_meta":{"origin":3743,"position":1},"title":"Foto Kurs: Fotografieren mit der Spiegelreflex Kamera","author":"Thomas","date":"15. Juli 2011","format":false,"excerpt":"Foto Kurs: Fotografieren mit der Spiegelrelflex Kamera \"Hilfe! Da sind SOOOO viele Kn\u00f6pfe und R\u00e4der an meiner Spiegelreflexkamera. Was machte ich damit? Wozu brauche ich das, Blende, Belichtungszeit, ISO und so?\" In unserem kleinen Foto-Kurs, den wir von Zeit zu Zeit fortf\u00fchren, erkl\u00e4ren wir Ihnen wie eine Spiegelreflexkamera funktioniert, was\u2026","rel":"","context":"In &quot;Foto-Kurs : Fotografieren&quot;","block_context":{"text":"Foto-Kurs : Fotografieren","link":"https:\/\/www.gaidaphotos.com\/blog\/category\/foto\/foto-kurs-fotografieren\/"},"img":{"alt_text":"","src":"https:\/\/www.gaidaphotos.com\/blog\/wp-content\/uploads\/2020\/08\/nggallery_import\/70_","width":350,"height":200,"srcset":"https:\/\/www.gaidaphotos.com\/blog\/wp-content\/uploads\/2020\/08\/nggallery_import\/70_ 1x, https:\/\/www.gaidaphotos.com\/blog\/wp-content\/uploads\/2020\/08\/nggallery_import\/70_ 1.5x, https:\/\/www.gaidaphotos.com\/blog\/wp-content\/uploads\/2020\/08\/nggallery_import\/70_ 2x, https:\/\/www.gaidaphotos.com\/blog\/wp-content\/uploads\/2020\/08\/nggallery_import\/70_ 3x"},"classes":[]},{"id":538,"url":"https:\/\/www.gaidaphotos.com\/blog\/2009\/04\/29\/endlich-ist-wieder-erdbeeren-zeit-foto\/","url_meta":{"origin":3743,"position":2},"title":"Endlich ist wieder Erdbeeren Zeit (Foto)","author":"Thomas","date":"29. April 2009","format":false,"excerpt":"Endlich gibt es wieder Erdbeeren. Noch dazu zu akzeptablen Preisen. Nat\u00fcrlich gibt es die leckersten auf dem Markt in K\u00f6ln Rodenkirchen (mittwoch & samstag)","rel":"","context":"In &quot;17&quot;","block_context":{"text":"17","link":"https:\/\/www.gaidaphotos.com\/blog\/category\/mobile_news_von_unterwegs\/mobile_news_von_unterwegs-n95\/"},"img":{"alt_text":"","src":"","width":0,"height":0},"classes":[]},{"id":3500,"url":"https:\/\/www.gaidaphotos.com\/blog\/2011\/02\/08\/kamelien-fotos-in-der-flora-in-koeln\/","url_meta":{"origin":3743,"position":3},"title":"Kamelien-Fotos in der Flora in K\u00f6ln schie\u00dfen","author":"Thomas","date":"8. Februar 2011","format":false,"excerpt":"Kamelien-Fotos in der Flora in K\u00f6ln schie\u00dfen Es ist wieder soweit. Der Karneval und das Winterende nahen und die Kamelien in der K\u00f6lner Flora bl\u00fchen. Zeit die Kamera einzupacken und Kamlien-Fotos zu schie\u00dfen. Wer oder Was sind Kamelien? Die Kamelien (Camellia) sind eine Pflanzengattung aus der Familie der Teestrauchgew\u00e4chse (Theaceae).\u2026","rel":"","context":"In &quot;Ausflug&quot;","block_context":{"text":"Ausflug","link":"https:\/\/www.gaidaphotos.com\/blog\/category\/ausflug\/"},"img":{"alt_text":"","src":"","width":0,"height":0},"classes":[]},{"id":4547,"url":"https:\/\/www.gaidaphotos.com\/blog\/2012\/03\/21\/fruhlingsgruse-kamelien-ausstellung-in-der-kolner-flora\/","url_meta":{"origin":3743,"position":4},"title":"Fr\u00fchlingsgr\u00fc\u00dfe: Kamelien-Ausstellung in der K\u00f6lner Flora","author":"Thomas","date":"21. M\u00e4rz 2012","format":false,"excerpt":"Kamelien-Ausstellung in der K\u00f6lner Flora Kamelien-Ausstellung in der K\u00f6lner FloraWie in jedem Fr\u00fchjahr, erfreuen uns die Kamelien in der K\u00f6lner Flora und laden zum Fotografieren ein. Vom 14.01 bis 15.04.2012 bl\u00fchen mehr als 270 Arten und Sorten der \"K\u00f6nigin der Winterblumen\" in der K\u00f6lner FLORA, dem Botanischen Garten. Im Subtropen-Schauhaus\u2026","rel":"","context":"In &quot;K\u00f6ln&quot;","block_context":{"text":"K\u00f6ln","link":"https:\/\/www.gaidaphotos.com\/blog\/category\/koeln\/"},"img":{"alt_text":"","src":"https:\/\/www.gaidaphotos.com\/blog\/wp-content\/uploads\/2020\/08\/nggallery_import\/11_","width":350,"height":200,"srcset":"https:\/\/www.gaidaphotos.com\/blog\/wp-content\/uploads\/2020\/08\/nggallery_import\/11_ 1x, https:\/\/www.gaidaphotos.com\/blog\/wp-content\/uploads\/2020\/08\/nggallery_import\/11_ 1.5x"},"classes":[]},{"id":6216,"url":"https:\/\/www.gaidaphotos.com\/blog\/2014\/03\/24\/flohmarkt-troedelmarkt-maastricht-holland-2014\/","url_meta":{"origin":3743,"position":5},"title":"Flohmarkt \u2013 Tr\u00f6delmarkt Maastricht (Holland) 2014","author":"Thomas","date":"24. M\u00e4rz 2014","format":false,"excerpt":"Flohmarkt \u2013 Tr\u00f6delmarkt \u2013 Antikmarkt Maastricht (Holland) 2013 Gerade noch rechtzeitig sind bei uns die Termine und Daten f\u00fcr die Floh\u2013 und Tr\u00f6delm\u00e4rkte Maastricht und der Provinz S\u00fcd Limburg (Holland)f\u00fcr 2014 eingetroffen. Nachdem in NRW die verkaufsoffenen Sonntage immer seltener werden und sich die St\u00e4dte, Gemeinden und Stadtteile der Gro\u00dfst\u00e4dte\u2026","rel":"","context":"In &quot;Flohmarkt\/Troedelmarkt&quot;","block_context":{"text":"Flohmarkt\/Troedelmarkt","link":"https:\/\/www.gaidaphotos.com\/blog\/category\/flohmarkttroedelmarkt-2\/"},"img":{"alt_text":"","src":"https:\/\/i0.wp.com\/www.gaidaphotos.com\/blog\/wp-content\/uploads\/ngg_featured\/flohmarkt-evangelische-kirche.jpg?fit=1000%2C667&ssl=1&resize=350%2C200","width":350,"height":200,"srcset":"https:\/\/i0.wp.com\/www.gaidaphotos.com\/blog\/wp-content\/uploads\/ngg_featured\/flohmarkt-evangelische-kirche.jpg?fit=1000%2C667&ssl=1&resize=350%2C200 1x, https:\/\/i0.wp.com\/www.gaidaphotos.com\/blog\/wp-content\/uploads\/ngg_featured\/flohmarkt-evangelische-kirche.jpg?fit=1000%2C667&ssl=1&resize=525%2C300 1.5x, https:\/\/i0.wp.com\/www.gaidaphotos.com\/blog\/wp-content\/uploads\/ngg_featured\/flohmarkt-evangelische-kirche.jpg?fit=1000%2C667&ssl=1&resize=700%2C400 2x"},"classes":[]}],"_links":{"self":[{"href":"https:\/\/www.gaidaphotos.com\/blog\/wp-json\/wp\/v2\/posts\/3743","targetHints":{"allow":["GET"]}}],"collection":[{"href":"https:\/\/www.gaidaphotos.com\/blog\/wp-json\/wp\/v2\/posts"}],"about":[{"href":"https:\/\/www.gaidaphotos.com\/blog\/wp-json\/wp\/v2\/types\/post"}],"author":[{"embeddable":true,"href":"https:\/\/www.gaidaphotos.com\/blog\/wp-json\/wp\/v2\/users\/6"}],"replies":[{"embeddable":true,"href":"https:\/\/www.gaidaphotos.com\/blog\/wp-json\/wp\/v2\/comments?post=3743"}],"version-history":[{"count":0,"href":"https:\/\/www.gaidaphotos.com\/blog\/wp-json\/wp\/v2\/posts\/3743\/revisions"}],"wp:featuredmedia":[{"embeddable":true,"href":"https:\/\/www.gaidaphotos.com\/blog\/wp-json\/wp\/v2\/media\/12378"}],"wp:attachment":[{"href":"https:\/\/www.gaidaphotos.com\/blog\/wp-json\/wp\/v2\/media?parent=3743"}],"wp:term":[{"taxonomy":"category","embeddable":true,"href":"https:\/\/www.gaidaphotos.com\/blog\/wp-json\/wp\/v2\/categories?post=3743"},{"taxonomy":"post_tag","embeddable":true,"href":"https:\/\/www.gaidaphotos.com\/blog\/wp-json\/wp\/v2\/tags?post=3743"}],"curies":[{"name":"wp","href":"https:\/\/api.w.org\/{rel}","templated":true}]}}