{"id":3761,"date":"2011-10-19T15:29:27","date_gmt":"2011-10-19T13:29:27","guid":{"rendered":"http:\/\/www.gaidaphotos.com\/blog\/?p=3761"},"modified":"2012-01-23T18:24:46","modified_gmt":"2012-01-23T17:24:46","slug":"verkaufsoffener-sonntag-strassenfest-23-10-2011-in-koeln","status":"publish","type":"post","link":"https:\/\/www.gaidaphotos.com\/blog\/2011\/10\/19\/verkaufsoffener-sonntag-strassenfest-23-10-2011-in-koeln\/","title":{"rendered":"Verkaufsoffener Sonntag &#038; Stra\u00dfenfest 23.10.2011 in K\u00f6ln?"},"content":{"rendered":"<h2>Verkaufsoffener Sonntag 23.10.2011 in K\u00f6ln?<\/h2>\n<figure style=\"width: 460px\" class=\"wp-caption aligncenter\"> ngg_shortcode_0_placeholder <figcaption class=\"wp-caption-text\">verkaufsoffener Sonntag 23.10.2011 in K\u00f6ln<\/figcaption><\/figure>\n<h3> Kann man in K\u00f6ln am 23.10.2011 shoppen (verkaufsoffener Sonntag)?<\/h3>\n<p>Am Sonntag ist K\u00f6ln &#8222;shoopingfreie Zone&#8220;, kein einziger Stadtteil hat ge\u00f6ffnet und bietet ein Stra\u00dfenfest.<\/br><br \/>\nEs ist unglaublich. Gerade Anfang Oktober, wenn es zwar k\u00fchler aber recht trocken ist (Goldener Oktober) findet sich in K\u00f6ln kein Stadtteil, der am Sonntag einl\u00e4dt. Da dr\u00e4ngelten sich am 3. und 11. Oktober die Stadtteile und dann ist zwei Wochen nix los.<br \/>\nDabei k\u00f6nnte man doch so erfolgreich sein.<\/p>\n<p>Egal! Nutzen Sie die Gelegenheit zu einem Ausflug in den Forstbotanischen Garten in K\u00f6ln-Rodenkirchen. Herbstblumen und buntes Laub bieten wieder einmal herrliche Anblicke und Foto-Motive. Und die Sonne steht nicht mehr so hoch am Himmel, so dass die Kontraste ertr\u00e4glich sind.<br \/>\nMehr zum &#8222;<a href=\"https:\/\/www.gaidaphotos.com\/blog\/2010\/02\/21\/forstbotanischer-garten-fotos\/\" title=\"Forstbotanischer Garten K\u00f6ln Rodenkirchen\">Forstbotanischer Garten in K\u00f6ln Rodenkirchen<\/a>&#8222;, mehr Fotos, Parkm\u00f6glichkeiten, Anfahrt<br \/>\n<?php include(\"wp-content\/include\/verkaufsoffener-sonntag.php\"); ?><br \/>\n{CALENDAR}<\/p>\n<p><a href=\"https:\/\/www.gaidaphotos.com\/blog\/2010\/12\/31\/verkaufsoffener-sonntag-feiertag-2011-maastricht-holland\/\" title=\"verkaufsoffener Sonntag\/Feiertag in  maastricht holland 2011\">Verkaufsoffene Sonntage in Maastricht 2011<\/a><br \/>\n<a href=\"https:\/\/www.gaidaphotos.com\/blog\/tag\/freizeit\/\" title=\"Freizeitideen f\u00fcr K\u00f6ln, K\u00f6ln Rodenkirchen und den K\u00f6lner S\u00fcden\">Freizeitideen f\u00fcr K\u00f6ln, K\u00f6ln Rodenkirchen und den K\u00f6lner S\u00fcden.<\/a><br \/>\n<a href=\"https:\/\/www.gaidaphotos.com\/blog\/2010\/12\/31\/verkaufsoffener-sonntag-2011-strassenfest-in-koln-nrw\/\" title=\"\u201cVerkaufsoffener Sonntag &amp; Stra\u00dfenfest 2011 in K\u00f6ln (NRW)\">Verkaufsoffener Sonntag &amp; Stra\u00dfenfest 2011 in K\u00f6ln (NRW): \u00dcbersicht<\/a><\/p>\n","protected":false},"excerpt":{"rendered":"<p>Verkaufsoffener Sonntag 23.10.2011 in K\u00f6ln? Kann man in K\u00f6ln am 23.10.2011 shoppen (verkaufsoffener Sonntag)? Am Sonntag ist K\u00f6ln &#8222;shoopingfreie Zone&#8220;,<\/p>\n","protected":false},"author":6,"featured_media":12297,"comment_status":"open","ping_status":"open","sticky":false,"template":"","format":"standard","meta":{"_crdt_document":"","ngg_post_thumbnail":0,"jetpack_post_was_ever_published":false,"_jetpack_newsletter_access":"","_jetpack_dont_email_post_to_subs":false,"_jetpack_newsletter_tier_id":0,"_jetpack_memberships_contains_paywalled_content":false,"_jetpack_memberships_contains_paid_content":false,"footnotes":"","jetpack_publicize_message":"","jetpack_publicize_feature_enabled":true,"jetpack_social_post_already_shared":false,"jetpack_social_options":{"image_generator_settings":{"template":"highway","default_image_id":0,"font":"","enabled":false},"version":2}},"categories":[178],"tags":[],"class_list":["post-3761","post","type-post","status-publish","format-standard","has-post-thumbnail","hentry","category-verkaufsoffener-sonntag-koln-nrw"],"yoast_head":"<!-- This site is optimized with the Yoast SEO plugin v27.5 - https:\/\/yoast.com\/product\/yoast-seo-wordpress\/ -->\n<title>Verkaufsoffener Sonntag &amp; Stra\u00dfenfest 23.10.2011 in K\u00f6ln?<\/title>\n<meta name=\"description\" content=\"Wer am 23.10.2011 etwas unternehmen m\u00f6chte findet Infos f\u00fcr alle verkaufsoffenen Sonntage in K\u00f6ln, und Alternativen wenn mal nirgendwo ge\u00f6ffnet ist.\" \/>\n<meta name=\"robots\" content=\"index, follow, max-snippet:-1, max-image-preview:large, max-video-preview:-1\" \/>\n<link rel=\"canonical\" href=\"https:\/\/www.gaidaphotos.com\/blog\/2011\/10\/19\/verkaufsoffener-sonntag-strassenfest-23-10-2011-in-koeln\/\" \/>\n<meta property=\"og:locale\" content=\"de_DE\" \/>\n<meta property=\"og:type\" content=\"article\" \/>\n<meta property=\"og:title\" content=\"Verkaufsoffener Sonntag &amp; Stra\u00dfenfest 23.10.2011 in K\u00f6ln?\" \/>\n<meta property=\"og:description\" content=\"Wer am 23.10.2011 etwas unternehmen m\u00f6chte findet Infos f\u00fcr alle verkaufsoffenen Sonntage in K\u00f6ln, und Alternativen wenn mal nirgendwo ge\u00f6ffnet ist.\" \/>\n<meta property=\"og:url\" content=\"https:\/\/www.gaidaphotos.com\/blog\/2011\/10\/19\/verkaufsoffener-sonntag-strassenfest-23-10-2011-in-koeln\/\" \/>\n<meta property=\"og:site_name\" content=\"K\u00f6ln Rodenkirchen und die Welt\" \/>\n<meta property=\"article:publisher\" content=\"https:\/\/www.facebook.com\/Koeln.Rodenkirchen\" \/>\n<meta property=\"article:author\" content=\"https:\/\/www.facebook.com\/gaidaphotos\" \/>\n<meta property=\"article:published_time\" content=\"2011-10-19T13:29:27+00:00\" \/>\n<meta property=\"article:modified_time\" content=\"2012-01-23T17:24:46+00:00\" \/>\n<meta property=\"og:image\" content=\"https:\/\/www.gaidaphotos.com\/blog\/wp-content\/uploads\/2020\/08\/nggallery_import\/10_\" \/>\n\t<meta property=\"og:image:width\" content=\"440\" \/>\n\t<meta property=\"og:image:height\" content=\"293\" \/>\n\t<meta property=\"og:image:type\" content=\"image\/jpeg\" \/>\n<meta name=\"author\" content=\"Thomas\" \/>\n<meta name=\"twitter:card\" content=\"summary_large_image\" \/>\n<meta name=\"twitter:creator\" content=\"@gaidaphotos\" \/>\n<meta name=\"twitter:site\" content=\"@gaidaphotos\" \/>\n<meta name=\"twitter:label1\" content=\"Verfasst von\" \/>\n\t<meta name=\"twitter:data1\" content=\"Thomas\" \/>\n\t<meta name=\"twitter:label2\" content=\"Gesch\u00e4tzte Lesezeit\" \/>\n\t<meta name=\"twitter:data2\" content=\"1\u00a0Minute\" \/>\n<script type=\"application\/ld+json\" class=\"yoast-schema-graph\">{\"@context\":\"https:\\\/\\\/schema.org\",\"@graph\":[{\"@type\":\"Article\",\"@id\":\"https:\\\/\\\/www.gaidaphotos.com\\\/blog\\\/2011\\\/10\\\/19\\\/verkaufsoffener-sonntag-strassenfest-23-10-2011-in-koeln\\\/#article\",\"isPartOf\":{\"@id\":\"https:\\\/\\\/www.gaidaphotos.com\\\/blog\\\/2011\\\/10\\\/19\\\/verkaufsoffener-sonntag-strassenfest-23-10-2011-in-koeln\\\/\"},\"author\":{\"name\":\"Thomas\",\"@id\":\"https:\\\/\\\/www.gaidaphotos.com\\\/blog\\\/#\\\/schema\\\/person\\\/6c444a5b13ffc503c5c32f5a9ec68b21\"},\"headline\":\"Verkaufsoffener Sonntag &#038; Stra\u00dfenfest 23.10.2011 in K\u00f6ln?\",\"datePublished\":\"2011-10-19T13:29:27+00:00\",\"dateModified\":\"2012-01-23T17:24:46+00:00\",\"mainEntityOfPage\":{\"@id\":\"https:\\\/\\\/www.gaidaphotos.com\\\/blog\\\/2011\\\/10\\\/19\\\/verkaufsoffener-sonntag-strassenfest-23-10-2011-in-koeln\\\/\"},\"wordCount\":193,\"commentCount\":1,\"publisher\":{\"@id\":\"https:\\\/\\\/www.gaidaphotos.com\\\/blog\\\/#organization\"},\"image\":{\"@id\":\"https:\\\/\\\/www.gaidaphotos.com\\\/blog\\\/2011\\\/10\\\/19\\\/verkaufsoffener-sonntag-strassenfest-23-10-2011-in-koeln\\\/#primaryimage\"},\"thumbnailUrl\":\"https:\\\/\\\/www.gaidaphotos.com\\\/blog\\\/wp-content\\\/uploads\\\/2020\\\/08\\\/nggallery_import\\\/10_\",\"articleSection\":[\"Verkaufsoffener Sonntag K\u00f6ln NRW\"],\"inLanguage\":\"de\",\"potentialAction\":[{\"@type\":\"CommentAction\",\"name\":\"Comment\",\"target\":[\"https:\\\/\\\/www.gaidaphotos.com\\\/blog\\\/2011\\\/10\\\/19\\\/verkaufsoffener-sonntag-strassenfest-23-10-2011-in-koeln\\\/#respond\"]}]},{\"@type\":\"WebPage\",\"@id\":\"https:\\\/\\\/www.gaidaphotos.com\\\/blog\\\/2011\\\/10\\\/19\\\/verkaufsoffener-sonntag-strassenfest-23-10-2011-in-koeln\\\/\",\"url\":\"https:\\\/\\\/www.gaidaphotos.com\\\/blog\\\/2011\\\/10\\\/19\\\/verkaufsoffener-sonntag-strassenfest-23-10-2011-in-koeln\\\/\",\"name\":\"Verkaufsoffener Sonntag & Stra\u00dfenfest 23.10.2011 in K\u00f6ln?\",\"isPartOf\":{\"@id\":\"https:\\\/\\\/www.gaidaphotos.com\\\/blog\\\/#website\"},\"primaryImageOfPage\":{\"@id\":\"https:\\\/\\\/www.gaidaphotos.com\\\/blog\\\/2011\\\/10\\\/19\\\/verkaufsoffener-sonntag-strassenfest-23-10-2011-in-koeln\\\/#primaryimage\"},\"image\":{\"@id\":\"https:\\\/\\\/www.gaidaphotos.com\\\/blog\\\/2011\\\/10\\\/19\\\/verkaufsoffener-sonntag-strassenfest-23-10-2011-in-koeln\\\/#primaryimage\"},\"thumbnailUrl\":\"https:\\\/\\\/www.gaidaphotos.com\\\/blog\\\/wp-content\\\/uploads\\\/2020\\\/08\\\/nggallery_import\\\/10_\",\"datePublished\":\"2011-10-19T13:29:27+00:00\",\"dateModified\":\"2012-01-23T17:24:46+00:00\",\"description\":\"Wer am 23.10.2011 etwas unternehmen m\u00f6chte findet Infos f\u00fcr alle verkaufsoffenen Sonntage in K\u00f6ln, und Alternativen wenn mal nirgendwo ge\u00f6ffnet ist.\",\"breadcrumb\":{\"@id\":\"https:\\\/\\\/www.gaidaphotos.com\\\/blog\\\/2011\\\/10\\\/19\\\/verkaufsoffener-sonntag-strassenfest-23-10-2011-in-koeln\\\/#breadcrumb\"},\"inLanguage\":\"de\",\"potentialAction\":[{\"@type\":\"ReadAction\",\"target\":[\"https:\\\/\\\/www.gaidaphotos.com\\\/blog\\\/2011\\\/10\\\/19\\\/verkaufsoffener-sonntag-strassenfest-23-10-2011-in-koeln\\\/\"]}]},{\"@type\":\"ImageObject\",\"inLanguage\":\"de\",\"@id\":\"https:\\\/\\\/www.gaidaphotos.com\\\/blog\\\/2011\\\/10\\\/19\\\/verkaufsoffener-sonntag-strassenfest-23-10-2011-in-koeln\\\/#primaryimage\",\"url\":\"https:\\\/\\\/www.gaidaphotos.com\\\/blog\\\/wp-content\\\/uploads\\\/2020\\\/08\\\/nggallery_import\\\/10_\",\"contentUrl\":\"https:\\\/\\\/www.gaidaphotos.com\\\/blog\\\/wp-content\\\/uploads\\\/2020\\\/08\\\/nggallery_import\\\/10_\",\"width\":440,\"height\":293},{\"@type\":\"BreadcrumbList\",\"@id\":\"https:\\\/\\\/www.gaidaphotos.com\\\/blog\\\/2011\\\/10\\\/19\\\/verkaufsoffener-sonntag-strassenfest-23-10-2011-in-koeln\\\/#breadcrumb\",\"itemListElement\":[{\"@type\":\"ListItem\",\"position\":1,\"name\":\"Startseite\",\"item\":\"https:\\\/\\\/www.gaidaphotos.com\\\/blog\\\/\"},{\"@type\":\"ListItem\",\"position\":2,\"name\":\"Verkaufsoffener Sonntag &#038; Stra\u00dfenfest 23.10.2011 in K\u00f6ln?\"}]},{\"@type\":\"WebSite\",\"@id\":\"https:\\\/\\\/www.gaidaphotos.com\\\/blog\\\/#website\",\"url\":\"https:\\\/\\\/www.gaidaphotos.com\\\/blog\\\/\",\"name\":\"K\u00f6ln Rodenkirchen und die Welt\",\"description\":\"Einkaufen, Restaurants, Freizeit, Nachrichten und was uns sonst bewegt und begegnet\",\"publisher\":{\"@id\":\"https:\\\/\\\/www.gaidaphotos.com\\\/blog\\\/#organization\"},\"potentialAction\":[{\"@type\":\"SearchAction\",\"target\":{\"@type\":\"EntryPoint\",\"urlTemplate\":\"https:\\\/\\\/www.gaidaphotos.com\\\/blog\\\/?s={search_term_string}\"},\"query-input\":{\"@type\":\"PropertyValueSpecification\",\"valueRequired\":true,\"valueName\":\"search_term_string\"}}],\"inLanguage\":\"de\"},{\"@type\":\"Organization\",\"@id\":\"https:\\\/\\\/www.gaidaphotos.com\\\/blog\\\/#organization\",\"name\":\"gaidaphotos\",\"url\":\"https:\\\/\\\/www.gaidaphotos.com\\\/blog\\\/\",\"logo\":{\"@type\":\"ImageObject\",\"inLanguage\":\"de\",\"@id\":\"https:\\\/\\\/www.gaidaphotos.com\\\/blog\\\/#\\\/schema\\\/logo\\\/image\\\/\",\"url\":\"https:\\\/\\\/i0.wp.com\\\/www.gaidaphotos.com\\\/blog\\\/wp-content\\\/uploads\\\/2020\\\/07\\\/GAIDAPHOTOS-COM.jpg?fit=160%2C96&ssl=1\",\"contentUrl\":\"https:\\\/\\\/i0.wp.com\\\/www.gaidaphotos.com\\\/blog\\\/wp-content\\\/uploads\\\/2020\\\/07\\\/GAIDAPHOTOS-COM.jpg?fit=160%2C96&ssl=1\",\"width\":160,\"height\":96,\"caption\":\"gaidaphotos\"},\"image\":{\"@id\":\"https:\\\/\\\/www.gaidaphotos.com\\\/blog\\\/#\\\/schema\\\/logo\\\/image\\\/\"},\"sameAs\":[\"https:\\\/\\\/www.facebook.com\\\/Koeln.Rodenkirchen\",\"https:\\\/\\\/x.com\\\/gaidaphotos\",\"https:\\\/\\\/instagram.com\\\/gaidaphotos\\\/\",\"https:\\\/\\\/de.linkedin.com\\\/in\\\/gaidaphotos\",\"https:\\\/\\\/myspace.com\\\/gaidaphotos\",\"https:\\\/\\\/www.pinterest.com\\\/gaidaphotos\\\/\",\"https:\\\/\\\/www.youtube.com\\\/user\\\/gaidaphotos\"]},{\"@type\":\"Person\",\"@id\":\"https:\\\/\\\/www.gaidaphotos.com\\\/blog\\\/#\\\/schema\\\/person\\\/6c444a5b13ffc503c5c32f5a9ec68b21\",\"name\":\"Thomas\",\"sameAs\":[\"https:\\\/\\\/www.gaidaphotos.com\",\"https:\\\/\\\/www.facebook.com\\\/gaidaphotos\",\"https:\\\/\\\/instagram.com\\\/gaidaphotos\\\/\",\"https:\\\/\\\/www.linkedin.com\\\/in\\\/gaidaphotos\",\"http:\\\/\\\/www.pinterest.com\\\/gaidaphotos\\\/\",\"https:\\\/\\\/x.com\\\/gaidaphotos\",\"https:\\\/\\\/myspace.com\\\/gaidaphotos\",\"https:\\\/\\\/www.youtube.com\\\/user\\\/gaidaphotos\",\"https:\\\/\\\/gaidaphotos.tumblr.com\\\/\"]}]}<\/script>\n<!-- \/ Yoast SEO plugin. -->","yoast_head_json":{"title":"Verkaufsoffener Sonntag & Stra\u00dfenfest 23.10.2011 in K\u00f6ln?","description":"Wer am 23.10.2011 etwas unternehmen m\u00f6chte findet Infos f\u00fcr alle verkaufsoffenen Sonntage in K\u00f6ln, und Alternativen wenn mal nirgendwo ge\u00f6ffnet ist.","robots":{"index":"index","follow":"follow","max-snippet":"max-snippet:-1","max-image-preview":"max-image-preview:large","max-video-preview":"max-video-preview:-1"},"canonical":"https:\/\/www.gaidaphotos.com\/blog\/2011\/10\/19\/verkaufsoffener-sonntag-strassenfest-23-10-2011-in-koeln\/","og_locale":"de_DE","og_type":"article","og_title":"Verkaufsoffener Sonntag & Stra\u00dfenfest 23.10.2011 in K\u00f6ln?","og_description":"Wer am 23.10.2011 etwas unternehmen m\u00f6chte findet Infos f\u00fcr alle verkaufsoffenen Sonntage in K\u00f6ln, und Alternativen wenn mal nirgendwo ge\u00f6ffnet ist.","og_url":"https:\/\/www.gaidaphotos.com\/blog\/2011\/10\/19\/verkaufsoffener-sonntag-strassenfest-23-10-2011-in-koeln\/","og_site_name":"K\u00f6ln Rodenkirchen und die Welt","article_publisher":"https:\/\/www.facebook.com\/Koeln.Rodenkirchen","article_author":"https:\/\/www.facebook.com\/gaidaphotos","article_published_time":"2011-10-19T13:29:27+00:00","article_modified_time":"2012-01-23T17:24:46+00:00","og_image":[{"width":440,"height":293,"url":"https:\/\/www.gaidaphotos.com\/blog\/wp-content\/uploads\/2020\/08\/nggallery_import\/10_","type":"image\/jpeg"}],"author":"Thomas","twitter_card":"summary_large_image","twitter_creator":"@gaidaphotos","twitter_site":"@gaidaphotos","twitter_misc":{"Verfasst von":"Thomas","Gesch\u00e4tzte Lesezeit":"1\u00a0Minute"},"schema":{"@context":"https:\/\/schema.org","@graph":[{"@type":"Article","@id":"https:\/\/www.gaidaphotos.com\/blog\/2011\/10\/19\/verkaufsoffener-sonntag-strassenfest-23-10-2011-in-koeln\/#article","isPartOf":{"@id":"https:\/\/www.gaidaphotos.com\/blog\/2011\/10\/19\/verkaufsoffener-sonntag-strassenfest-23-10-2011-in-koeln\/"},"author":{"name":"Thomas","@id":"https:\/\/www.gaidaphotos.com\/blog\/#\/schema\/person\/6c444a5b13ffc503c5c32f5a9ec68b21"},"headline":"Verkaufsoffener Sonntag &#038; Stra\u00dfenfest 23.10.2011 in K\u00f6ln?","datePublished":"2011-10-19T13:29:27+00:00","dateModified":"2012-01-23T17:24:46+00:00","mainEntityOfPage":{"@id":"https:\/\/www.gaidaphotos.com\/blog\/2011\/10\/19\/verkaufsoffener-sonntag-strassenfest-23-10-2011-in-koeln\/"},"wordCount":193,"commentCount":1,"publisher":{"@id":"https:\/\/www.gaidaphotos.com\/blog\/#organization"},"image":{"@id":"https:\/\/www.gaidaphotos.com\/blog\/2011\/10\/19\/verkaufsoffener-sonntag-strassenfest-23-10-2011-in-koeln\/#primaryimage"},"thumbnailUrl":"https:\/\/www.gaidaphotos.com\/blog\/wp-content\/uploads\/2020\/08\/nggallery_import\/10_","articleSection":["Verkaufsoffener Sonntag K\u00f6ln NRW"],"inLanguage":"de","potentialAction":[{"@type":"CommentAction","name":"Comment","target":["https:\/\/www.gaidaphotos.com\/blog\/2011\/10\/19\/verkaufsoffener-sonntag-strassenfest-23-10-2011-in-koeln\/#respond"]}]},{"@type":"WebPage","@id":"https:\/\/www.gaidaphotos.com\/blog\/2011\/10\/19\/verkaufsoffener-sonntag-strassenfest-23-10-2011-in-koeln\/","url":"https:\/\/www.gaidaphotos.com\/blog\/2011\/10\/19\/verkaufsoffener-sonntag-strassenfest-23-10-2011-in-koeln\/","name":"Verkaufsoffener Sonntag & Stra\u00dfenfest 23.10.2011 in K\u00f6ln?","isPartOf":{"@id":"https:\/\/www.gaidaphotos.com\/blog\/#website"},"primaryImageOfPage":{"@id":"https:\/\/www.gaidaphotos.com\/blog\/2011\/10\/19\/verkaufsoffener-sonntag-strassenfest-23-10-2011-in-koeln\/#primaryimage"},"image":{"@id":"https:\/\/www.gaidaphotos.com\/blog\/2011\/10\/19\/verkaufsoffener-sonntag-strassenfest-23-10-2011-in-koeln\/#primaryimage"},"thumbnailUrl":"https:\/\/www.gaidaphotos.com\/blog\/wp-content\/uploads\/2020\/08\/nggallery_import\/10_","datePublished":"2011-10-19T13:29:27+00:00","dateModified":"2012-01-23T17:24:46+00:00","description":"Wer am 23.10.2011 etwas unternehmen m\u00f6chte findet Infos f\u00fcr alle verkaufsoffenen Sonntage in K\u00f6ln, und Alternativen wenn mal nirgendwo ge\u00f6ffnet ist.","breadcrumb":{"@id":"https:\/\/www.gaidaphotos.com\/blog\/2011\/10\/19\/verkaufsoffener-sonntag-strassenfest-23-10-2011-in-koeln\/#breadcrumb"},"inLanguage":"de","potentialAction":[{"@type":"ReadAction","target":["https:\/\/www.gaidaphotos.com\/blog\/2011\/10\/19\/verkaufsoffener-sonntag-strassenfest-23-10-2011-in-koeln\/"]}]},{"@type":"ImageObject","inLanguage":"de","@id":"https:\/\/www.gaidaphotos.com\/blog\/2011\/10\/19\/verkaufsoffener-sonntag-strassenfest-23-10-2011-in-koeln\/#primaryimage","url":"https:\/\/www.gaidaphotos.com\/blog\/wp-content\/uploads\/2020\/08\/nggallery_import\/10_","contentUrl":"https:\/\/www.gaidaphotos.com\/blog\/wp-content\/uploads\/2020\/08\/nggallery_import\/10_","width":440,"height":293},{"@type":"BreadcrumbList","@id":"https:\/\/www.gaidaphotos.com\/blog\/2011\/10\/19\/verkaufsoffener-sonntag-strassenfest-23-10-2011-in-koeln\/#breadcrumb","itemListElement":[{"@type":"ListItem","position":1,"name":"Startseite","item":"https:\/\/www.gaidaphotos.com\/blog\/"},{"@type":"ListItem","position":2,"name":"Verkaufsoffener Sonntag &#038; Stra\u00dfenfest 23.10.2011 in K\u00f6ln?"}]},{"@type":"WebSite","@id":"https:\/\/www.gaidaphotos.com\/blog\/#website","url":"https:\/\/www.gaidaphotos.com\/blog\/","name":"K\u00f6ln Rodenkirchen und die Welt","description":"Einkaufen, Restaurants, Freizeit, Nachrichten und was uns sonst bewegt und begegnet","publisher":{"@id":"https:\/\/www.gaidaphotos.com\/blog\/#organization"},"potentialAction":[{"@type":"SearchAction","target":{"@type":"EntryPoint","urlTemplate":"https:\/\/www.gaidaphotos.com\/blog\/?s={search_term_string}"},"query-input":{"@type":"PropertyValueSpecification","valueRequired":true,"valueName":"search_term_string"}}],"inLanguage":"de"},{"@type":"Organization","@id":"https:\/\/www.gaidaphotos.com\/blog\/#organization","name":"gaidaphotos","url":"https:\/\/www.gaidaphotos.com\/blog\/","logo":{"@type":"ImageObject","inLanguage":"de","@id":"https:\/\/www.gaidaphotos.com\/blog\/#\/schema\/logo\/image\/","url":"https:\/\/i0.wp.com\/www.gaidaphotos.com\/blog\/wp-content\/uploads\/2020\/07\/GAIDAPHOTOS-COM.jpg?fit=160%2C96&ssl=1","contentUrl":"https:\/\/i0.wp.com\/www.gaidaphotos.com\/blog\/wp-content\/uploads\/2020\/07\/GAIDAPHOTOS-COM.jpg?fit=160%2C96&ssl=1","width":160,"height":96,"caption":"gaidaphotos"},"image":{"@id":"https:\/\/www.gaidaphotos.com\/blog\/#\/schema\/logo\/image\/"},"sameAs":["https:\/\/www.facebook.com\/Koeln.Rodenkirchen","https:\/\/x.com\/gaidaphotos","https:\/\/instagram.com\/gaidaphotos\/","https:\/\/de.linkedin.com\/in\/gaidaphotos","https:\/\/myspace.com\/gaidaphotos","https:\/\/www.pinterest.com\/gaidaphotos\/","https:\/\/www.youtube.com\/user\/gaidaphotos"]},{"@type":"Person","@id":"https:\/\/www.gaidaphotos.com\/blog\/#\/schema\/person\/6c444a5b13ffc503c5c32f5a9ec68b21","name":"Thomas","sameAs":["https:\/\/www.gaidaphotos.com","https:\/\/www.facebook.com\/gaidaphotos","https:\/\/instagram.com\/gaidaphotos\/","https:\/\/www.linkedin.com\/in\/gaidaphotos","http:\/\/www.pinterest.com\/gaidaphotos\/","https:\/\/x.com\/gaidaphotos","https:\/\/myspace.com\/gaidaphotos","https:\/\/www.youtube.com\/user\/gaidaphotos","https:\/\/gaidaphotos.tumblr.com\/"]}]}},"jetpack_publicize_connections":[],"jetpack_featured_media_url":"https:\/\/www.gaidaphotos.com\/blog\/wp-content\/uploads\/2020\/08\/nggallery_import\/10_","jetpack_sharing_enabled":true,"jetpack_likes_enabled":true,"jetpack-related-posts":[{"id":3768,"url":"https:\/\/www.gaidaphotos.com\/blog\/2011\/10\/27\/verkaufsoffener-sonntag-strassenfest-30-10-2011-in-koeln\/","url_meta":{"origin":3761,"position":0},"title":"Verkaufsoffener Sonntag &#038; Stra\u00dfenfest 30.10.2011 in K\u00f6ln","author":"Thomas","date":"27. Oktober 2011","format":false,"excerpt":"Verkaufsoffener Sonntag 30.11.2011 in K\u00f6ln Endlich sind in K\u00f6ln wieder die Gesch\u00e4fte ge\u00f6ffnet! In drei Veedeln, Innenstadt, Severinsviertel und in K\u00f6ln-Kalk k\u00f6nnen Sie auch am Sonntag wieder nach Herzenslust shoppen. Und alle drei Stadtteile sind f\u00fcr Ihre verkaufsoffenen Sonntage bekannt. In K\u00f6ln-Kalk sind es vor allem die Kalk-Arkaden, die zum\u2026","rel":"","context":"In &quot;Verkaufsoffener Sonntag K\u00f6ln NRW&quot;","block_context":{"text":"Verkaufsoffener Sonntag K\u00f6ln NRW","link":"https:\/\/www.gaidaphotos.com\/blog\/category\/kalender-archiv\/verkaufsoffener-sonntag-koln-nrw\/"},"img":{"alt_text":"","src":"https:\/\/www.gaidaphotos.com\/blog\/wp-content\/uploads\/2020\/08\/nggallery_import\/54_","width":350,"height":200},"classes":[]},{"id":5088,"url":"https:\/\/www.gaidaphotos.com\/blog\/2012\/10\/22\/verkaufsoffen-in-koeln-am-28-10-2012\/","url_meta":{"origin":3761,"position":1},"title":"Verkaufsoffen in K\u00f6ln am 28.10.2012","author":"Thomas","date":"22. Oktober 2012","format":false,"excerpt":"Verkaufsoffener Sonntag: Herbstzauber, Street Gallery, Kalk Kunst Ganz im Zeichen der Kunst steht der kommende verkaufsoffene Sonntag, 28.10.2012, in K\u00f6ln. Nachdem alle K\u00f6lner Veedel am vergangenen Sonntag die Gesch\u00e4fte geschlossen hielten, bieten jetzt gleich drei gro\u00dfe Veedel besondere Angebote zum verkaufsoffenen Sonntag. Und das am Ende des Monats, wenn die\u2026","rel":"","context":"In &quot;Verkaufsoffener Sonntag K\u00f6ln NRW&quot;","block_context":{"text":"Verkaufsoffener Sonntag K\u00f6ln NRW","link":"https:\/\/www.gaidaphotos.com\/blog\/category\/kalender-archiv\/verkaufsoffener-sonntag-koln-nrw\/"},"img":{"alt_text":"Verkaufsoffener Sonntag: Herbstzauber, Street Gallery, Kalk Kunst","src":"https:\/\/i0.wp.com\/www.gaidaphotos.com\/blog\/wp-content\/uploads\/2012\/10\/verkaufsoffen-28-10-2012-koeln-herbstzauber.jpg?fit=495%2C697&ssl=1&resize=350%2C200","width":350,"height":200},"classes":[]},{"id":3629,"url":"https:\/\/www.gaidaphotos.com\/blog\/2011\/08\/30\/strassenfest-verkaufsoffener-sonntag-04-09-2011-in-koeln\/","url_meta":{"origin":3761,"position":2},"title":"Stra\u00dfenfest + Verkaufsoffener Sonntag 04.09.2011 in K\u00f6ln","author":"Thomas","date":"30. August 2011","format":false,"excerpt":"Verkaufsoffener Sonntag in K\u00f6ln (NRW) In diesen K\u00f6lner Stadtteilen k\u00f6nnen Sie am 2011 (verkaufsoffener Sonntag) nach Herzenslust shoppen. K\u00f6ln Agnesviertel verkaufsoffener Sonntag von 13:00-18:00h Neusser Wall - H\u00fclchrather Stra\u00dfe - Sudermannstra\u00dfe - Melchiorstra\u00dfe - Krefelder Wall K\u00f6ln Neustadt-S\u00fcd verkaufsoffener Sonntag von 13:00-18:00h Am Bayenturm - Agrippinaufer - Bahntrasse - Vorgebirgsstra\u00dfe\u2026","rel":"","context":"In &quot;K\u00f6ln&quot;","block_context":{"text":"K\u00f6ln","link":"https:\/\/www.gaidaphotos.com\/blog\/category\/koeln\/"},"img":{"alt_text":"","src":"https:\/\/www.gaidaphotos.com\/blog\/wp-content\/uploads\/2020\/08\/nggallery_import\/50_","width":350,"height":200,"srcset":"https:\/\/www.gaidaphotos.com\/blog\/wp-content\/uploads\/2020\/08\/nggallery_import\/50_ 1x, https:\/\/www.gaidaphotos.com\/blog\/wp-content\/uploads\/2020\/08\/nggallery_import\/50_ 1.5x, https:\/\/www.gaidaphotos.com\/blog\/wp-content\/uploads\/2020\/08\/nggallery_import\/50_ 2x"},"classes":[]},{"id":3478,"url":"https:\/\/www.gaidaphotos.com\/blog\/2010\/12\/31\/verkaufsoffener-sonntag-2011-strassenfest-in-koln-nrw\/","url_meta":{"origin":3761,"position":3},"title":"Verkaufsoffener Sonntag &#038; Stra\u00dfenfest 2011 in K\u00f6ln (NRW): \u00dcbersicht","author":"Thomas","date":"31. Dezember 2010","format":false,"excerpt":"Verkaufsoffener Sonntag & Stra\u00dfenfest 2011 in K\u00f6ln (NRW): \u00dcbersicht Wir verschaffen Ihnen einen \u00dcberblick \u00fcber die verkaufsoffenen Sonntage 2011 in K\u00f6ln (NRW) und sagen Ihnen wo gleichzeitig ein Stra\u00dfenfest geboten wird. Nach Monaten geordnet finden Sie die verkaufsoffenen Sonntage in K\u00f6ln mit Angabe des Stadtteils und der \u00d6ffnungszeiten. Wie schon\u2026","rel":"","context":"In &quot;Verkaufsoffener Sonntag K\u00f6ln NRW&quot;","block_context":{"text":"Verkaufsoffener Sonntag K\u00f6ln NRW","link":"https:\/\/www.gaidaphotos.com\/blog\/category\/kalender-archiv\/verkaufsoffener-sonntag-koln-nrw\/"},"img":{"alt_text":"","src":"","width":0,"height":0},"classes":[]},{"id":3713,"url":"https:\/\/www.gaidaphotos.com\/blog\/2011\/09\/28\/oktoberfest-und-verkaufsoffener-sonntag-02-10-2011-in-koln\/","url_meta":{"origin":3761,"position":4},"title":"Oktoberfest und Verkaufsoffener Sonntag 02.10.2011 in K\u00f6ln","author":"Thomas","date":"28. September 2011","format":false,"excerpt":"Oktoberfest und Verkaufsoffener Sonntag 02.10.2011 in K\u00f6ln Die \"schlimme\" Zeit mit wenigen bis keinem verkaufsoffenen Sonntag sind endlich vorbei und nun geht es Schlag auf Schlag. Gleich in sechs K\u00f6lner Stadtteilen sind am Sonntag die Gesch\u00e4fte ge\u00f6ffnet. Der Zeitpunkt ist gut gew\u00e4hlt. Der September ist einer der schlechtesten Verkaufsmonate in\u2026","rel":"","context":"In &quot;Verkaufsoffener Sonntag K\u00f6ln NRW&quot;","block_context":{"text":"Verkaufsoffener Sonntag K\u00f6ln NRW","link":"https:\/\/www.gaidaphotos.com\/blog\/category\/kalender-archiv\/verkaufsoffener-sonntag-koln-nrw\/"},"img":{"alt_text":"","src":"https:\/\/www.gaidaphotos.com\/blog\/wp-content\/uploads\/2020\/08\/nggallery_import\/94_","width":350,"height":200,"srcset":"https:\/\/www.gaidaphotos.com\/blog\/wp-content\/uploads\/2020\/08\/nggallery_import\/94_ 1x, https:\/\/www.gaidaphotos.com\/blog\/wp-content\/uploads\/2020\/08\/nggallery_import\/94_ 1.5x, https:\/\/www.gaidaphotos.com\/blog\/wp-content\/uploads\/2020\/08\/nggallery_import\/94_ 2x"},"classes":[]},{"id":4833,"url":"https:\/\/www.gaidaphotos.com\/blog\/2012\/06\/26\/verkaufsoffener-sonntag-01-07-2012-in-koln\/","url_meta":{"origin":3761,"position":5},"title":"verkaufsoffener Sonntag 01.07.2012 in K\u00f6ln","author":"Thomas","date":"26. Juni 2012","format":false,"excerpt":"verkaufsoffener Sonntag 01.07.2012 in K\u00f6ln Der letzte verkaufsoffene Sonntag f\u00fcr K\u00f6ln vor den Sommerferien findet in K\u00f6ln-Holweide beim Holweider Stra\u00dfenfest 2012 statt. Zwischen Bahntrasse - westlich der Wasserwerkstra\u00dfe - westlich der M\u00e4rchenstra\u00dfe - Heinz-K\u00fchn-Stra\u00dfe - Im Merheimer Felde - Bundesautobahn A 3 haben die Gesch\u00e4fte zum Holweider Stra\u00dfenfest f\u00fcr Sie\u2026","rel":"","context":"In &quot;Stra\u00dfenfest K\u00f6ln&quot;","block_context":{"text":"Stra\u00dfenfest K\u00f6ln","link":"https:\/\/www.gaidaphotos.com\/blog\/category\/kalender-archiv\/strasenfest-koln\/"},"img":{"alt_text":"verkaufsoffener Sonntag 01.07.2012 in K\u00f6ln","src":"https:\/\/i0.wp.com\/www.gaidaphotos.com\/blog\/wp-content\/uploads\/2012\/06\/strassenfest-koeln-holweide-2012.jpg?fit=408%2C582&ssl=1&resize=350%2C200","width":350,"height":200},"classes":[]}],"_links":{"self":[{"href":"https:\/\/www.gaidaphotos.com\/blog\/wp-json\/wp\/v2\/posts\/3761","targetHints":{"allow":["GET"]}}],"collection":[{"href":"https:\/\/www.gaidaphotos.com\/blog\/wp-json\/wp\/v2\/posts"}],"about":[{"href":"https:\/\/www.gaidaphotos.com\/blog\/wp-json\/wp\/v2\/types\/post"}],"author":[{"embeddable":true,"href":"https:\/\/www.gaidaphotos.com\/blog\/wp-json\/wp\/v2\/users\/6"}],"replies":[{"embeddable":true,"href":"https:\/\/www.gaidaphotos.com\/blog\/wp-json\/wp\/v2\/comments?post=3761"}],"version-history":[{"count":0,"href":"https:\/\/www.gaidaphotos.com\/blog\/wp-json\/wp\/v2\/posts\/3761\/revisions"}],"wp:featuredmedia":[{"embeddable":true,"href":"https:\/\/www.gaidaphotos.com\/blog\/wp-json\/wp\/v2\/media\/12297"}],"wp:attachment":[{"href":"https:\/\/www.gaidaphotos.com\/blog\/wp-json\/wp\/v2\/media?parent=3761"}],"wp:term":[{"taxonomy":"category","embeddable":true,"href":"https:\/\/www.gaidaphotos.com\/blog\/wp-json\/wp\/v2\/categories?post=3761"},{"taxonomy":"post_tag","embeddable":true,"href":"https:\/\/www.gaidaphotos.com\/blog\/wp-json\/wp\/v2\/tags?post=3761"}],"curies":[{"name":"wp","href":"https:\/\/api.w.org\/{rel}","templated":true}]}}