{"id":3798,"date":"2011-11-15T12:16:47","date_gmt":"2011-11-15T11:16:47","guid":{"rendered":"http:\/\/www.gaidaphotos.com\/blog\/?p=3798"},"modified":"2020-08-19T17:56:00","modified_gmt":"2020-08-19T15:56:00","slug":"weihnachtsmarkt-in-koeln-2011","status":"publish","type":"post","link":"https:\/\/www.gaidaphotos.com\/blog\/2011\/11\/15\/weihnachtsmarkt-in-koeln-2011\/","title":{"rendered":"Weihnachtsmarkt in K\u00f6ln 2011 &#8211; alle M\u00e4rkte, alle Infos"},"content":{"rendered":"ngg_shortcode_0_placeholder\n<h3>Weihnachtsmarkt in K\u00f6ln 2013<\/h3>\n<p>Alle<a title=\"Weihnachtsmarkt in K\u00f6ln\" href=\"https:\/\/www.gaidaphotos.com\/blog\/verkaufsoffener-sonntag-strassenfest-weihnachtsmarkt\/weihnachtsmarkt-in-koeln\/\"> <strong>Weihnachtsm\u00e4rkte in K\u00f6ln im Advent 2013<\/strong><\/a> im \u00dcberblick. 7 offizielle, 7 alternative Weihnachtsm\u00e4rkte sowie 17 Weihnachts- und Nikolausm\u00e4rkte in den Veedeln. Hier behalten Sie den \u00dcberblick.<\/p>\n<p><strong>Weihnachtsmarkt in K\u00f6ln?<\/strong> Wir sagen besser Weihnachtsm\u00e4rkte, denn es gibt wenige St\u00e4dte mit mehr Weihnachtsm\u00e4rkten als K\u00f6ln. 8 gro\u00dfe Weihnachtsm\u00e4rkte sowie jede Menge kleiner Weihnachtsm\u00e4rkte in den Stadtteilen bieten genug Gelegenheit f\u00fcr Weihnachtsgeschenke, Gl\u00fchwein, Bratw\u00fcrstchen und vieles mehr.<\/p>\n<h3>Warum ist gerade in K\u00f6ln so eine gro\u00dfe &#8222;Weihnachtsmarktstadt?<\/h3>\n<p>K\u00f6lns Hohe Stra\u00dfe und Schildergasse sind die belebtesten Einkaufsstra\u00dfen Europas, die Atmosph\u00e4re von Dom und Altstadt die k\u00f6lsche Lockerheit locken jedes Jahr hunderttausende Touristen und Einkaufswillige in der Weihnachtszeit nach K\u00f6ln.<\/p>\n<h3>Hier finden Sie eine \u00dcbersicht der K\u00f6lner Weihnachtsm\u00e4rkte 2011<\/h3>\n<p>\u00dcber die Weihnachtsm\u00e4rkte in den Stadtteilen, zumeist am Wochenende und kombiniert mit einem verkaufsoffenen Sonntag, berichten wir rechtzeitig sobald Details vorliegen. Abonnieren Sie unsere Nachrichten (Buttons oben) oder folgen Sie uns auf Twitter, Facebook oder Google+, dann werden Sie rechtzeitig informiert.<\/p>\n<p><strong>\u00d6ffnungszeiten: vom 21.11. bis 23.12.2011<\/strong><\/p>\n<table width=\"900\" cellspacing=\"2\" border=\"0\">\n<tbody>\n<tr>\n<td width=\"500\"><strong>Weihnachtsmarkt am K\u00f6lner Dom<\/strong><br \/>\nSeit 2010 mit neuem Betreiber, der auf die Kritik aus dem letzten Jahr einige Verbesserungen versprochen hat. So wurde heftig an der weihnachtlichen Atmosph\u00e4re gearbeitet.<br \/>\nParksituation: OK &#8211; viele teure Parkh\u00e4user in der Gegend. Gegen Abend sind dann auch gelegentlich Parkpl\u00e4tze vorhanden.<br \/>\nEmpfehlung: <img data-recalc-dims=\"1\" loading=\"lazy\" decoding=\"async\" src=\"https:\/\/i0.wp.com\/www.gaidaphotos.com\/blog\/wp-content\/include\/stern2.jpg?resize=10%2C10&#038;ssl=1\" alt=\"Bewertungsstern Weihnachtsmarkt\" width=\"10\" height=\"10\" align=\"texttop\"> <img data-recalc-dims=\"1\" loading=\"lazy\" decoding=\"async\" src=\"https:\/\/i0.wp.com\/www.gaidaphotos.com\/blog\/wp-content\/include\/stern2.jpg?resize=10%2C10&#038;ssl=1\" alt=\"Bewertungsstern Weihnachtsmarkt\" width=\"10\" height=\"10\" align=\"texttop\"> <img data-recalc-dims=\"1\" loading=\"lazy\" decoding=\"async\" src=\"https:\/\/i0.wp.com\/www.gaidaphotos.com\/blog\/wp-content\/include\/stern2.jpg?resize=10%2C10&#038;ssl=1\" alt=\"Bewertungsstern Weihnachtsmarkt\" width=\"10\" height=\"10\" align=\"texttop\"> <img data-recalc-dims=\"1\" loading=\"lazy\" decoding=\"async\" src=\"https:\/\/i0.wp.com\/www.gaidaphotos.com\/blog\/wp-content\/include\/stern2.jpg?resize=10%2C10&#038;ssl=1\" alt=\"Bewertungsstern Weihnachtsmarkt\" width=\"10\" height=\"10\" align=\"texttop\"> Der Dom schafft eine unglaubliche Atmosph\u00e4re. Da muss man am Fu\u00dfe verweilen und den n\u00e4chtlichen Anblick mit einem Gl\u00fchwein genie\u00dfen.<\/td>\n<td>Fr: 11.00 bis 22.00 Uhr<br \/>\nSa: 10.00 bis 22.00 Uhr<br \/>\nSo-Do: 11.00 bis 21.00 Uhr<br \/>\n<a href=\"http:\/\/www.koelnerweihnachtsmarkt.com\/\" target=\"_blank\" rel=\"noopener noreferrer\">http:\/\/www.koelnerweihnachtsmarkt.com\/<\/a><\/td>\n<\/tr>\n<tr>\n<td width=\"500\"><center>ngg_shortcode_1_placeholder<\/center><\/td>\n<td><center>ngg_shortcode_2_placeholder<\/center><\/td>\n<\/tr>\n<tr>\n<td width=\"500\"><strong>Weihnachtsmarkt auf dem Alter Markt (Altstadt)<br \/>\n<\/strong>Nur wenige Schritte vom Dom entfernt im Herzen der Altstadt finden Sie den &#8222;Heinzelm\u00e4nnchens-Weihnachtsmarkt&#8220;. Themenschwerpunkt sollen handwerkliche Angebote wieder werden.<br \/>\nNur wenige Schritte vom Dom entfernt kann man beide Weihnachtsm\u00e4rkte schaffen oder bei \u00dcberf\u00fcllung von einem zum anderen wechseln.<br \/>\nParksituation: s. Weihnachtsmarkt am Dom<br \/>\nEmpfehlung: <img data-recalc-dims=\"1\" loading=\"lazy\" decoding=\"async\" src=\"https:\/\/i0.wp.com\/www.gaidaphotos.com\/blog\/wp-content\/include\/stern2.jpg?resize=10%2C10&#038;ssl=1\" alt=\"Bewertungsstern Weihnachtsmarkt\" width=\"10\" height=\"10\" align=\"texttop\"> <img data-recalc-dims=\"1\" loading=\"lazy\" decoding=\"async\" src=\"https:\/\/i0.wp.com\/www.gaidaphotos.com\/blog\/wp-content\/include\/stern2.jpg?resize=10%2C10&#038;ssl=1\" alt=\"Bewertungsstern Weihnachtsmarkt\" width=\"10\" height=\"10\" align=\"texttop\"> <img data-recalc-dims=\"1\" loading=\"lazy\" decoding=\"async\" src=\"https:\/\/i0.wp.com\/www.gaidaphotos.com\/blog\/wp-content\/include\/stern2.jpg?resize=10%2C10&#038;ssl=1\" alt=\"Bewertungsstern Weihnachtsmarkt\" width=\"10\" height=\"10\" align=\"texttop\"> <img data-recalc-dims=\"1\" loading=\"lazy\" decoding=\"async\" src=\"https:\/\/i0.wp.com\/www.gaidaphotos.com\/blog\/wp-content\/include\/stern2.jpg?resize=10%2C10&#038;ssl=1\" alt=\"Bewertungsstern Weihnachtsmarkt\" width=\"10\" height=\"10\" align=\"texttop\"> Fast so sch\u00f6n wie der Markt am Dom. Die verwinkelten G\u00e4sschen und schiefen H\u00e4user der Altstadt schaffen auch hier die rechte Atmosph\u00e4re. Plus: Wem es zu kalt wird, der kann in den vielen Kneipen und Restaurants der Altstadt einkehren.<\/td>\n<td>t\u00e4glich 11:00 &#8211; 22:00 h<br \/>\n<a href=\"http:\/\/www.weihnachtsmarkt-altstadt.de\/\" target=\"_blank\" rel=\"noopener noreferrer\">http:\/\/www.weihnachtsmarkt-altstadt.de\/<\/a><\/td>\n<\/tr>\n<tr>\n<td width=\"500\"><strong>Weihnachtsmarkt auf dem Neumarkt &#8222;Markt der Engel&#8220;<\/strong><br \/>\n\u00c4ltester und beliebtester Weihnachtsmarkt in K\u00f6ln. An einem Verkehrsknotenpunkt gelegen finden sich hier den ganzen Tag \u00fcber Touristen und K\u00f6lner zu trinken, essen und kaufen. Die Atmosph\u00e4re auf dem belebten Platz ist eher m\u00e4\u00dfig. Daf\u00fcr ist der Flirt-Faktor besonders hoch. Denn aufgrund seiner guten Lage schauen viele nach der Arbeit noch auf ein Gl\u00e4schen und einen Reibekuchen (Rievkoche) vorbei<br \/>\nParksituation: schlecht &#8211; Einige Parkh\u00e4user fu\u00dfl\u00e4ufig, die allerdings stets gut gef\u00fcllt sind und vor allem bei Gesch\u00e4ftsschluss schlie\u00dfen.<br \/>\nEmpfehlung: <img data-recalc-dims=\"1\" loading=\"lazy\" decoding=\"async\" src=\"https:\/\/i0.wp.com\/www.gaidaphotos.com\/blog\/wp-content\/include\/stern2.jpg?resize=10%2C10&#038;ssl=1\" alt=\"Bewertungsstern Weihnachtsmarkt\" width=\"10\" height=\"10\" align=\"texttop\"><img data-recalc-dims=\"1\" loading=\"lazy\" decoding=\"async\" src=\"https:\/\/i0.wp.com\/www.gaidaphotos.com\/blog\/wp-content\/include\/stern2.jpg?resize=10%2C10&#038;ssl=1\" alt=\"Bewertungsstern Weihnachtsmarkt\" width=\"10\" height=\"10\" align=\"texttop\"><img data-recalc-dims=\"1\" loading=\"lazy\" decoding=\"async\" src=\"https:\/\/i0.wp.com\/www.gaidaphotos.com\/blog\/wp-content\/include\/stern2.jpg?resize=10%2C10&#038;ssl=1\" alt=\"Bewertungsstern Weihnachtsmarkt\" width=\"10\" height=\"10\" align=\"texttop\"><\/td>\n<td>So. bis Do. 11:00 &#8211; 21:00 h Fr. und Sa. 11:00 &#8211; 22:00 h<br \/>\n<a href=\"http:\/\/www.markt-der-engel.de\/\" target=\"_blank\" rel=\"noopener noreferrer\">http:\/\/www.markt-der-engel.de\/<\/a><\/td>\n<\/tr>\n<tr>\n<td width=\"500\">ngg_shortcode_3_placeholder<\/td>\n<td>ngg_shortcode_4_placeholder<\/td>\n<\/tr>\n<tr>\n<td width=\"500\"><strong>M\u00e4rchen-Weihnachtsmarkt auf dem Rudolfplatz<\/strong><br \/>\nDieser Weihnachtsmarkt ist besonders f\u00fcr die j\u00fcngeren Besucher gedacht. Weihnachtliche Stimmung am Hahnentor und ein Hauch von Zauberei<br \/>\nParksituation: schlecht, s. Neumarkt &#8211; Gute Anbindung an \u00d6PNV<br \/>\nEmpfehlung: <img data-recalc-dims=\"1\" loading=\"lazy\" decoding=\"async\" src=\"https:\/\/i0.wp.com\/www.gaidaphotos.com\/blog\/wp-content\/include\/stern2.jpg?resize=10%2C10&#038;ssl=1\" alt=\"Bewertungsstern Weihnachtsmarkt\" width=\"10\" height=\"10\" align=\"texttop\"><img data-recalc-dims=\"1\" loading=\"lazy\" decoding=\"async\" src=\"https:\/\/i0.wp.com\/www.gaidaphotos.com\/blog\/wp-content\/include\/stern2.jpg?resize=10%2C10&#038;ssl=1\" alt=\"Bewertungsstern Weihnachtsmarkt\" width=\"10\" height=\"10\" align=\"texttop\"><img data-recalc-dims=\"1\" loading=\"lazy\" decoding=\"async\" src=\"https:\/\/i0.wp.com\/www.gaidaphotos.com\/blog\/wp-content\/include\/stern2.jpg?resize=10%2C10&#038;ssl=1\" alt=\"Bewertungsstern Weihnachtsmarkt\" width=\"10\" height=\"10\" align=\"texttop\"> &#8211; kleiner, \u00fcberschaubarer Markt, nicht so \u00fcberlaufen wie die anderen M\u00e4rkte<\/td>\n<td>So. bis Do. 11:00 &#8211; 21:00 h<br \/>\nFr. und Sa. 11:00 &#8211; 22:00 h<br \/>\n<a href=\"http:\/\/www.weihnachtsmarkt-rudolfplatz.com\/\" target=\"_blank\" rel=\"noopener noreferrer\">http:\/\/www.weihnachtsmarkt-rudolfplatz.com\/<\/a><\/td>\n<\/tr>\n<tr>\n<td width=\"500\"><strong>Hafen-Weihnachtsmarkt<\/strong><br \/>\nDer Weihnachtsmarkt zwischen Schokolademuseum und Rheinauhafen ist neu in diesem Jahr. Er ersetzt den fr\u00fcheren Mittelalter Markt (der einen neuen Standort sucht). Das Motto ist &#8222;Seefahrt&#8220; (typisch weihnachtlich!). Schneewei\u00dfe Pagodenzelte und Plankend\u00e4cher sollen an Segel und Schiffe erinnern. Das Angebot wird ebenfalls maritim sein.<br \/>\nParksituation: Gut &#8211; Riesiges Parkhaus entlang des Rheinauhafens.<br \/>\nEmpfehlung: Neu &#8211; Ohne Bewertung<\/td>\n<td>So. bis Do. 11:00 &#8211; 21:00 h<br \/>\nFr. und Sa. 11:00 &#8211; 22:00 h<br \/>\n<a href=\"http:\/\/www.hafen-weihnachtsmarkt.de\/\" target=\"_blank\" rel=\"noopener noreferrer\">http:\/\/www.hafen-weihnachtsmarkt.de\/<\/a><\/td>\n<\/tr>\n<tr>\n<td width=\"500\"><strong>Weihnachtsmarkt im Stadtgarten<br \/>\n<\/strong>Auf dem Au\u00dfengel\u00e4nde des Stadtgartenrestaurants (Biergarten) werden auch in diesem Jahr moderne Kreationen, traditionelles Handwerk und nostalgischer Krimskrams angeboten. B\u00fchnenprogramm mit Puppenspielern, Kindertheater, Feuerschlucker, Geschichtenerz\u00e4hler und jeden Samstag ab 19h Live-Jazz.<br \/>\nParksituation: katastrophal &#8211; besser mit \u00f6ffentlichen Verkehrsmitteln anreisen.<br \/>\nEmpfehlung: <img data-recalc-dims=\"1\" loading=\"lazy\" decoding=\"async\" src=\"https:\/\/i0.wp.com\/www.gaidaphotos.com\/blog\/wp-content\/include\/stern2.jpg?resize=10%2C10&#038;ssl=1\" alt=\"Bewertungsstern Weihnachtsmarkt\" width=\"10\" height=\"10\" align=\"texttop\"><img data-recalc-dims=\"1\" loading=\"lazy\" decoding=\"async\" src=\"https:\/\/i0.wp.com\/www.gaidaphotos.com\/blog\/wp-content\/include\/stern2.jpg?resize=10%2C10&#038;ssl=1\" alt=\"Bewertungsstern Weihnachtsmarkt\" width=\"10\" height=\"10\" align=\"texttop\"><img data-recalc-dims=\"1\" loading=\"lazy\" decoding=\"async\" src=\"https:\/\/i0.wp.com\/www.gaidaphotos.com\/blog\/wp-content\/include\/stern2.jpg?resize=10%2C10&#038;ssl=1\" alt=\"Bewertungsstern Weihnachtsmarkt\" width=\"10\" height=\"10\" align=\"texttop\"><img data-recalc-dims=\"1\" loading=\"lazy\" decoding=\"async\" src=\"https:\/\/i0.wp.com\/www.gaidaphotos.com\/blog\/wp-content\/include\/stern2.jpg?resize=10%2C10&#038;ssl=1\" alt=\"Bewertungsstern Weihnachtsmarkt\" width=\"10\" height=\"10\" align=\"texttop\"> &#8211; super Atmosph\u00e4re, viele K\u00f6lsche, vor allem junge aus dem Hit Viertel Ehrenfeld &#8211; Flirtfaktor- sehr hoch<\/td>\n<td>Mo. &#8211; Fr. von 16:00-21:30h<br \/>\nSa. + So. von 12:00-21:30h<br \/>\n<a href=\"http:\/\/www.weihnachtsmarkt-stadtgarten.de\/\" target=\"_blank\" rel=\"noopener noreferrer\">http:\/\/www.weihnachtsmarkt-stadtgarten.de\/<\/a><\/td>\n<\/tr>\n<tr>\n<td width=\"500\"><strong>Weihnachtsmarkt auf der &#8222;Wappen von K\u00f6ln&#8220;<\/strong><br \/>\nEinziger schwimmender Weihnachtsmarkt in K\u00f6ln. Von der &#8222;Wappen von K\u00f6ln&#8220; aus haben sie einen wundersch\u00f6nen Blick auf Dom und Altstadt. Auf mehreren Decks werden an fast 40 St\u00e4nden weihnachtliche Angebote gemacht.<br \/>\nParksituation: Sehr Gut &#8211; gro\u00dfes Parkhaus unterhalb des Rheinauhafens.<br \/>\nEmpfehlung: <img data-recalc-dims=\"1\" loading=\"lazy\" decoding=\"async\" src=\"https:\/\/i0.wp.com\/www.gaidaphotos.com\/blog\/wp-content\/include\/stern2.jpg?resize=10%2C10&#038;ssl=1\" alt=\"Bewertungsstern Weihnachtsmarkt\" width=\"10\" height=\"10\" align=\"texttop\"> &#8211; eher was f\u00fcr die ewig Verfrorenen &#8211; im Bauch eines Schiffes kommt keine Weihnachtsstimmung auf.<\/td>\n<td>So. bis Do. 11:00 &#8211; 21:00 h<br \/>\nFr. und Sa. 11:00 &#8211; 22:00 h<br \/>\n<strong> Eintritt: Erwachsene 2 \u20ac<\/strong>, Kinder bis 12 Jahre frei<br \/>\nhttp:\/\/www.coelln-<a href=\"http:\/\/www.coelln-konzept.de\/markt\/weihnacht.html\" target=\"_blank\" rel=\"noopener noreferrer\">konzept.de\/markt\/weihnacht.html<\/a><\/td>\n<\/tr>\n<\/tbody>\n<\/table>\n<h3>Weitere Interessante weihnachtliche Angebote in K\u00f6ln:<\/h3>\n<p><strong>K\u00f6lner Krippenweg<\/strong>:<br \/>\nAn \u00fcber 100 Stationen in ganz K\u00f6ln wird internationale Krippenkunst auf hohem Niveau angeboten. Traditionelle Krippen aus verschiedenen Epochen, zeitgen\u00f6ssische K\u00fcnstlerkrippen und volkst\u00fcmliche Darstellungen finden Sie \u00fcber die ganze Stadt verteilt in Schaufenstern, kulturellen und kirchlichen Institutionen, im Hauptbahnhof, auf Weihnachtsm\u00e4rkten und in vielen Kirchen.<br \/>\nEine Liste der Stationen, F\u00fchrungen und mehr Informationen finden Sie unter <a href=\"http:\/\/www.koelner-krippenweg.de\/\" target=\"_blank\" rel=\"noopener noreferrer\">http:\/\/www.koelner-krippenweg.de\/<\/a><\/p>\n<p>Besonderes Highlight ist die gro\u00dfe Krippe im K\u00f6lner Dom. Hier lohnen sich mehrere Besuche, da sich die Szene fast t\u00e4glich \u00e4ndert. So erscheinen z.B. die Heiligen Drei K\u00f6nige erst nach Weihnachten.<\/p>\n<p><strong> Weihnachtsmarkt in Maastricht (NL)<\/strong><br \/>\nSo sehr wir auch Maastricht als ort und das reichhaltige und preiswerte Angebot von Gesch\u00e4ften und Restaurants m\u00f6gen, k\u00f6nnen wir vor dem &#8222;Weihnachtsmarkt&#8220; nur warnen. Au\u00dfer dem Namen hat er wenig mit unserer Art Weihnachtsmarkt gemeinsam und erinnert eher an eine weihnachtliche Kirmes.<\/p>\n<p><strong>Karte der Weihnachtsm\u00e4rkte 2011 in K\u00f6ln<\/strong><br \/>\nBei Google Maps k\u00f6nnen Sie sich zus\u00e4tzlich Parkh\u00e4user, Verkehrsinfo und den \u00d6PNV anzeigen lassen.<\/p>\n<p><iframe loading=\"lazy\" src=\"http:\/\/maps.google.com\/maps\/ms?hl=de&amp;mpa=0&amp;ctz=-60&amp;mpf=0&amp;ie=UTF8&amp;msa=0&amp;t=m&amp;vpsrc=6&amp;msid=203363398192562018176.0004b1c33274c29e45394&amp;ll=50.938473,6.946793&amp;spn=0.021635,0.07287&amp;z=14&amp;output=embed\" marginwidth=\"0\" marginheight=\"0\" scrolling=\"no\" width=\"850\" height=\"400\" frameborder=\"0\"><\/iframe><br \/>\n<small><a style=\"color: #0000ff; text-align: left;\" href=\"http:\/\/maps.google.com\/maps\/ms?hl=de&amp;mpa=0&amp;ctz=-60&amp;mpf=0&amp;ie=UTF8&amp;msa=0&amp;t=m&amp;vpsrc=6&amp;msid=203363398192562018176.0004b1c33274c29e45394&amp;ll=50.938473,6.946793&amp;spn=0.021635,0.07287&amp;z=14&amp;source=embed\">Weihnachtsm\u00e4rkte 2011 in K\u00f6ln<\/a> auf einer gr\u00f6\u00dferen Karte anzeigen<\/small><\/p>\nngg_shortcode_5_placeholder\n","protected":false},"excerpt":{"rendered":"<p>Weihnachtsmarkt in K\u00f6ln 2013 Alle Weihnachtsm\u00e4rkte in K\u00f6ln im Advent 2013 im \u00dcberblick. 7 offizielle, 7 alternative Weihnachtsm\u00e4rkte sowie 17<\/p>\n","protected":false},"author":6,"featured_media":12379,"comment_status":"open","ping_status":"open","sticky":false,"template":"","format":"standard","meta":{"_crdt_document":"","ngg_post_thumbnail":0,"jetpack_post_was_ever_published":false,"_jetpack_newsletter_access":"","_jetpack_dont_email_post_to_subs":false,"_jetpack_newsletter_tier_id":0,"_jetpack_memberships_contains_paywalled_content":false,"_jetpack_memberships_contains_paid_content":false,"footnotes":"","jetpack_publicize_message":"","jetpack_publicize_feature_enabled":true,"jetpack_social_post_already_shared":false,"jetpack_social_options":{"image_generator_settings":{"template":"highway","default_image_id":0,"font":"","enabled":false},"version":2}},"categories":[98,10],"tags":[108,544,536],"class_list":["post-3798","post","type-post","status-publish","format-standard","has-post-thumbnail","hentry","category-koeln","category-weihnachten","tag-einkaufen","tag-koeln","tag-weihnachten"],"yoast_head":"<!-- This site is optimized with the Yoast SEO plugin v27.5 - https:\/\/yoast.com\/product\/yoast-seo-wordpress\/ -->\n<title>Weihnachtsmarkt in K\u00f6ln 2011 - alle M\u00e4rkte, alle Infos<\/title>\n<meta name=\"description\" content=\"Weihnachtsm\u00e4rkte 2011 in K\u00f6ln: Infos und Bewertung, Links, Parken, Verkehrsinfo, Busse &amp; Bahnen, Karte, Angebote\" \/>\n<meta name=\"robots\" content=\"index, follow, max-snippet:-1, max-image-preview:large, max-video-preview:-1\" \/>\n<link rel=\"canonical\" href=\"https:\/\/www.gaidaphotos.com\/blog\/2011\/11\/15\/weihnachtsmarkt-in-koeln-2011\/\" \/>\n<meta property=\"og:locale\" content=\"de_DE\" \/>\n<meta property=\"og:type\" content=\"article\" \/>\n<meta property=\"og:title\" content=\"Weihnachtsmarkt in K\u00f6ln 2011 - alle M\u00e4rkte, alle Infos\" \/>\n<meta property=\"og:description\" content=\"Weihnachtsm\u00e4rkte 2011 in K\u00f6ln: Infos und Bewertung, Links, Parken, Verkehrsinfo, Busse &amp; Bahnen, Karte, Angebote\" \/>\n<meta property=\"og:url\" content=\"https:\/\/www.gaidaphotos.com\/blog\/2011\/11\/15\/weihnachtsmarkt-in-koeln-2011\/\" \/>\n<meta property=\"og:site_name\" content=\"K\u00f6ln Rodenkirchen und die Welt\" \/>\n<meta property=\"article:publisher\" content=\"https:\/\/www.facebook.com\/Koeln.Rodenkirchen\" \/>\n<meta property=\"article:author\" content=\"https:\/\/www.facebook.com\/gaidaphotos\" \/>\n<meta property=\"article:published_time\" content=\"2011-11-15T11:16:47+00:00\" \/>\n<meta property=\"article:modified_time\" content=\"2020-08-19T15:56:00+00:00\" \/>\n<meta property=\"og:image\" content=\"https:\/\/www.gaidaphotos.com\/blog\/wp-content\/uploads\/2020\/08\/nggallery_import\/92_\" \/>\n\t<meta property=\"og:image:width\" content=\"1000\" \/>\n\t<meta property=\"og:image:height\" content=\"667\" \/>\n\t<meta property=\"og:image:type\" content=\"image\/jpeg\" \/>\n<meta name=\"author\" content=\"Thomas\" \/>\n<meta name=\"twitter:card\" content=\"summary_large_image\" \/>\n<meta name=\"twitter:creator\" content=\"@gaidaphotos\" \/>\n<meta name=\"twitter:site\" content=\"@gaidaphotos\" \/>\n<meta name=\"twitter:label1\" content=\"Verfasst von\" \/>\n\t<meta name=\"twitter:data1\" content=\"Thomas\" \/>\n\t<meta name=\"twitter:label2\" content=\"Gesch\u00e4tzte Lesezeit\" \/>\n\t<meta name=\"twitter:data2\" content=\"5\u00a0Minuten\" \/>\n<script type=\"application\/ld+json\" class=\"yoast-schema-graph\">{\"@context\":\"https:\\\/\\\/schema.org\",\"@graph\":[{\"@type\":\"Article\",\"@id\":\"https:\\\/\\\/www.gaidaphotos.com\\\/blog\\\/2011\\\/11\\\/15\\\/weihnachtsmarkt-in-koeln-2011\\\/#article\",\"isPartOf\":{\"@id\":\"https:\\\/\\\/www.gaidaphotos.com\\\/blog\\\/2011\\\/11\\\/15\\\/weihnachtsmarkt-in-koeln-2011\\\/\"},\"author\":{\"name\":\"Thomas\",\"@id\":\"https:\\\/\\\/www.gaidaphotos.com\\\/blog\\\/#\\\/schema\\\/person\\\/6c444a5b13ffc503c5c32f5a9ec68b21\"},\"headline\":\"Weihnachtsmarkt in K\u00f6ln 2011 &#8211; alle M\u00e4rkte, alle Infos\",\"datePublished\":\"2011-11-15T11:16:47+00:00\",\"dateModified\":\"2020-08-19T15:56:00+00:00\",\"mainEntityOfPage\":{\"@id\":\"https:\\\/\\\/www.gaidaphotos.com\\\/blog\\\/2011\\\/11\\\/15\\\/weihnachtsmarkt-in-koeln-2011\\\/\"},\"wordCount\":1034,\"commentCount\":0,\"publisher\":{\"@id\":\"https:\\\/\\\/www.gaidaphotos.com\\\/blog\\\/#organization\"},\"image\":{\"@id\":\"https:\\\/\\\/www.gaidaphotos.com\\\/blog\\\/2011\\\/11\\\/15\\\/weihnachtsmarkt-in-koeln-2011\\\/#primaryimage\"},\"thumbnailUrl\":\"https:\\\/\\\/www.gaidaphotos.com\\\/blog\\\/wp-content\\\/uploads\\\/2020\\\/08\\\/nggallery_import\\\/92_\",\"keywords\":[\"Einkaufen\\\/ Shopping\",\"K\u00f6ln\",\"Weihnachten\"],\"articleSection\":[\"K\u00f6ln\",\"Weihnachten\"],\"inLanguage\":\"de\",\"potentialAction\":[{\"@type\":\"CommentAction\",\"name\":\"Comment\",\"target\":[\"https:\\\/\\\/www.gaidaphotos.com\\\/blog\\\/2011\\\/11\\\/15\\\/weihnachtsmarkt-in-koeln-2011\\\/#respond\"]}]},{\"@type\":\"WebPage\",\"@id\":\"https:\\\/\\\/www.gaidaphotos.com\\\/blog\\\/2011\\\/11\\\/15\\\/weihnachtsmarkt-in-koeln-2011\\\/\",\"url\":\"https:\\\/\\\/www.gaidaphotos.com\\\/blog\\\/2011\\\/11\\\/15\\\/weihnachtsmarkt-in-koeln-2011\\\/\",\"name\":\"Weihnachtsmarkt in K\u00f6ln 2011 - alle M\u00e4rkte, alle Infos\",\"isPartOf\":{\"@id\":\"https:\\\/\\\/www.gaidaphotos.com\\\/blog\\\/#website\"},\"primaryImageOfPage\":{\"@id\":\"https:\\\/\\\/www.gaidaphotos.com\\\/blog\\\/2011\\\/11\\\/15\\\/weihnachtsmarkt-in-koeln-2011\\\/#primaryimage\"},\"image\":{\"@id\":\"https:\\\/\\\/www.gaidaphotos.com\\\/blog\\\/2011\\\/11\\\/15\\\/weihnachtsmarkt-in-koeln-2011\\\/#primaryimage\"},\"thumbnailUrl\":\"https:\\\/\\\/www.gaidaphotos.com\\\/blog\\\/wp-content\\\/uploads\\\/2020\\\/08\\\/nggallery_import\\\/92_\",\"datePublished\":\"2011-11-15T11:16:47+00:00\",\"dateModified\":\"2020-08-19T15:56:00+00:00\",\"description\":\"Weihnachtsm\u00e4rkte 2011 in K\u00f6ln: Infos und Bewertung, Links, Parken, Verkehrsinfo, Busse & Bahnen, Karte, Angebote\",\"breadcrumb\":{\"@id\":\"https:\\\/\\\/www.gaidaphotos.com\\\/blog\\\/2011\\\/11\\\/15\\\/weihnachtsmarkt-in-koeln-2011\\\/#breadcrumb\"},\"inLanguage\":\"de\",\"potentialAction\":[{\"@type\":\"ReadAction\",\"target\":[\"https:\\\/\\\/www.gaidaphotos.com\\\/blog\\\/2011\\\/11\\\/15\\\/weihnachtsmarkt-in-koeln-2011\\\/\"]}]},{\"@type\":\"ImageObject\",\"inLanguage\":\"de\",\"@id\":\"https:\\\/\\\/www.gaidaphotos.com\\\/blog\\\/2011\\\/11\\\/15\\\/weihnachtsmarkt-in-koeln-2011\\\/#primaryimage\",\"url\":\"https:\\\/\\\/www.gaidaphotos.com\\\/blog\\\/wp-content\\\/uploads\\\/2020\\\/08\\\/nggallery_import\\\/92_\",\"contentUrl\":\"https:\\\/\\\/www.gaidaphotos.com\\\/blog\\\/wp-content\\\/uploads\\\/2020\\\/08\\\/nggallery_import\\\/92_\",\"width\":1000,\"height\":667},{\"@type\":\"BreadcrumbList\",\"@id\":\"https:\\\/\\\/www.gaidaphotos.com\\\/blog\\\/2011\\\/11\\\/15\\\/weihnachtsmarkt-in-koeln-2011\\\/#breadcrumb\",\"itemListElement\":[{\"@type\":\"ListItem\",\"position\":1,\"name\":\"Startseite\",\"item\":\"https:\\\/\\\/www.gaidaphotos.com\\\/blog\\\/\"},{\"@type\":\"ListItem\",\"position\":2,\"name\":\"Weihnachtsmarkt in K\u00f6ln 2011 &#8211; alle M\u00e4rkte, alle Infos\"}]},{\"@type\":\"WebSite\",\"@id\":\"https:\\\/\\\/www.gaidaphotos.com\\\/blog\\\/#website\",\"url\":\"https:\\\/\\\/www.gaidaphotos.com\\\/blog\\\/\",\"name\":\"K\u00f6ln Rodenkirchen und die Welt\",\"description\":\"Einkaufen, Restaurants, Freizeit, Nachrichten und was uns sonst bewegt und begegnet\",\"publisher\":{\"@id\":\"https:\\\/\\\/www.gaidaphotos.com\\\/blog\\\/#organization\"},\"potentialAction\":[{\"@type\":\"SearchAction\",\"target\":{\"@type\":\"EntryPoint\",\"urlTemplate\":\"https:\\\/\\\/www.gaidaphotos.com\\\/blog\\\/?s={search_term_string}\"},\"query-input\":{\"@type\":\"PropertyValueSpecification\",\"valueRequired\":true,\"valueName\":\"search_term_string\"}}],\"inLanguage\":\"de\"},{\"@type\":\"Organization\",\"@id\":\"https:\\\/\\\/www.gaidaphotos.com\\\/blog\\\/#organization\",\"name\":\"gaidaphotos\",\"url\":\"https:\\\/\\\/www.gaidaphotos.com\\\/blog\\\/\",\"logo\":{\"@type\":\"ImageObject\",\"inLanguage\":\"de\",\"@id\":\"https:\\\/\\\/www.gaidaphotos.com\\\/blog\\\/#\\\/schema\\\/logo\\\/image\\\/\",\"url\":\"https:\\\/\\\/i0.wp.com\\\/www.gaidaphotos.com\\\/blog\\\/wp-content\\\/uploads\\\/2020\\\/07\\\/GAIDAPHOTOS-COM.jpg?fit=160%2C96&ssl=1\",\"contentUrl\":\"https:\\\/\\\/i0.wp.com\\\/www.gaidaphotos.com\\\/blog\\\/wp-content\\\/uploads\\\/2020\\\/07\\\/GAIDAPHOTOS-COM.jpg?fit=160%2C96&ssl=1\",\"width\":160,\"height\":96,\"caption\":\"gaidaphotos\"},\"image\":{\"@id\":\"https:\\\/\\\/www.gaidaphotos.com\\\/blog\\\/#\\\/schema\\\/logo\\\/image\\\/\"},\"sameAs\":[\"https:\\\/\\\/www.facebook.com\\\/Koeln.Rodenkirchen\",\"https:\\\/\\\/x.com\\\/gaidaphotos\",\"https:\\\/\\\/instagram.com\\\/gaidaphotos\\\/\",\"https:\\\/\\\/de.linkedin.com\\\/in\\\/gaidaphotos\",\"https:\\\/\\\/myspace.com\\\/gaidaphotos\",\"https:\\\/\\\/www.pinterest.com\\\/gaidaphotos\\\/\",\"https:\\\/\\\/www.youtube.com\\\/user\\\/gaidaphotos\"]},{\"@type\":\"Person\",\"@id\":\"https:\\\/\\\/www.gaidaphotos.com\\\/blog\\\/#\\\/schema\\\/person\\\/6c444a5b13ffc503c5c32f5a9ec68b21\",\"name\":\"Thomas\",\"sameAs\":[\"https:\\\/\\\/www.gaidaphotos.com\",\"https:\\\/\\\/www.facebook.com\\\/gaidaphotos\",\"https:\\\/\\\/instagram.com\\\/gaidaphotos\\\/\",\"https:\\\/\\\/www.linkedin.com\\\/in\\\/gaidaphotos\",\"http:\\\/\\\/www.pinterest.com\\\/gaidaphotos\\\/\",\"https:\\\/\\\/x.com\\\/gaidaphotos\",\"https:\\\/\\\/myspace.com\\\/gaidaphotos\",\"https:\\\/\\\/www.youtube.com\\\/user\\\/gaidaphotos\",\"https:\\\/\\\/gaidaphotos.tumblr.com\\\/\"]}]}<\/script>\n<!-- \/ Yoast SEO plugin. -->","yoast_head_json":{"title":"Weihnachtsmarkt in K\u00f6ln 2011 - alle M\u00e4rkte, alle Infos","description":"Weihnachtsm\u00e4rkte 2011 in K\u00f6ln: Infos und Bewertung, Links, Parken, Verkehrsinfo, Busse & Bahnen, Karte, Angebote","robots":{"index":"index","follow":"follow","max-snippet":"max-snippet:-1","max-image-preview":"max-image-preview:large","max-video-preview":"max-video-preview:-1"},"canonical":"https:\/\/www.gaidaphotos.com\/blog\/2011\/11\/15\/weihnachtsmarkt-in-koeln-2011\/","og_locale":"de_DE","og_type":"article","og_title":"Weihnachtsmarkt in K\u00f6ln 2011 - alle M\u00e4rkte, alle Infos","og_description":"Weihnachtsm\u00e4rkte 2011 in K\u00f6ln: Infos und Bewertung, Links, Parken, Verkehrsinfo, Busse & Bahnen, Karte, Angebote","og_url":"https:\/\/www.gaidaphotos.com\/blog\/2011\/11\/15\/weihnachtsmarkt-in-koeln-2011\/","og_site_name":"K\u00f6ln Rodenkirchen und die Welt","article_publisher":"https:\/\/www.facebook.com\/Koeln.Rodenkirchen","article_author":"https:\/\/www.facebook.com\/gaidaphotos","article_published_time":"2011-11-15T11:16:47+00:00","article_modified_time":"2020-08-19T15:56:00+00:00","og_image":[{"width":1000,"height":667,"url":"https:\/\/www.gaidaphotos.com\/blog\/wp-content\/uploads\/2020\/08\/nggallery_import\/92_","type":"image\/jpeg"}],"author":"Thomas","twitter_card":"summary_large_image","twitter_creator":"@gaidaphotos","twitter_site":"@gaidaphotos","twitter_misc":{"Verfasst von":"Thomas","Gesch\u00e4tzte Lesezeit":"5\u00a0Minuten"},"schema":{"@context":"https:\/\/schema.org","@graph":[{"@type":"Article","@id":"https:\/\/www.gaidaphotos.com\/blog\/2011\/11\/15\/weihnachtsmarkt-in-koeln-2011\/#article","isPartOf":{"@id":"https:\/\/www.gaidaphotos.com\/blog\/2011\/11\/15\/weihnachtsmarkt-in-koeln-2011\/"},"author":{"name":"Thomas","@id":"https:\/\/www.gaidaphotos.com\/blog\/#\/schema\/person\/6c444a5b13ffc503c5c32f5a9ec68b21"},"headline":"Weihnachtsmarkt in K\u00f6ln 2011 &#8211; alle M\u00e4rkte, alle Infos","datePublished":"2011-11-15T11:16:47+00:00","dateModified":"2020-08-19T15:56:00+00:00","mainEntityOfPage":{"@id":"https:\/\/www.gaidaphotos.com\/blog\/2011\/11\/15\/weihnachtsmarkt-in-koeln-2011\/"},"wordCount":1034,"commentCount":0,"publisher":{"@id":"https:\/\/www.gaidaphotos.com\/blog\/#organization"},"image":{"@id":"https:\/\/www.gaidaphotos.com\/blog\/2011\/11\/15\/weihnachtsmarkt-in-koeln-2011\/#primaryimage"},"thumbnailUrl":"https:\/\/www.gaidaphotos.com\/blog\/wp-content\/uploads\/2020\/08\/nggallery_import\/92_","keywords":["Einkaufen\/ Shopping","K\u00f6ln","Weihnachten"],"articleSection":["K\u00f6ln","Weihnachten"],"inLanguage":"de","potentialAction":[{"@type":"CommentAction","name":"Comment","target":["https:\/\/www.gaidaphotos.com\/blog\/2011\/11\/15\/weihnachtsmarkt-in-koeln-2011\/#respond"]}]},{"@type":"WebPage","@id":"https:\/\/www.gaidaphotos.com\/blog\/2011\/11\/15\/weihnachtsmarkt-in-koeln-2011\/","url":"https:\/\/www.gaidaphotos.com\/blog\/2011\/11\/15\/weihnachtsmarkt-in-koeln-2011\/","name":"Weihnachtsmarkt in K\u00f6ln 2011 - alle M\u00e4rkte, alle Infos","isPartOf":{"@id":"https:\/\/www.gaidaphotos.com\/blog\/#website"},"primaryImageOfPage":{"@id":"https:\/\/www.gaidaphotos.com\/blog\/2011\/11\/15\/weihnachtsmarkt-in-koeln-2011\/#primaryimage"},"image":{"@id":"https:\/\/www.gaidaphotos.com\/blog\/2011\/11\/15\/weihnachtsmarkt-in-koeln-2011\/#primaryimage"},"thumbnailUrl":"https:\/\/www.gaidaphotos.com\/blog\/wp-content\/uploads\/2020\/08\/nggallery_import\/92_","datePublished":"2011-11-15T11:16:47+00:00","dateModified":"2020-08-19T15:56:00+00:00","description":"Weihnachtsm\u00e4rkte 2011 in K\u00f6ln: Infos und Bewertung, Links, Parken, Verkehrsinfo, Busse & Bahnen, Karte, Angebote","breadcrumb":{"@id":"https:\/\/www.gaidaphotos.com\/blog\/2011\/11\/15\/weihnachtsmarkt-in-koeln-2011\/#breadcrumb"},"inLanguage":"de","potentialAction":[{"@type":"ReadAction","target":["https:\/\/www.gaidaphotos.com\/blog\/2011\/11\/15\/weihnachtsmarkt-in-koeln-2011\/"]}]},{"@type":"ImageObject","inLanguage":"de","@id":"https:\/\/www.gaidaphotos.com\/blog\/2011\/11\/15\/weihnachtsmarkt-in-koeln-2011\/#primaryimage","url":"https:\/\/www.gaidaphotos.com\/blog\/wp-content\/uploads\/2020\/08\/nggallery_import\/92_","contentUrl":"https:\/\/www.gaidaphotos.com\/blog\/wp-content\/uploads\/2020\/08\/nggallery_import\/92_","width":1000,"height":667},{"@type":"BreadcrumbList","@id":"https:\/\/www.gaidaphotos.com\/blog\/2011\/11\/15\/weihnachtsmarkt-in-koeln-2011\/#breadcrumb","itemListElement":[{"@type":"ListItem","position":1,"name":"Startseite","item":"https:\/\/www.gaidaphotos.com\/blog\/"},{"@type":"ListItem","position":2,"name":"Weihnachtsmarkt in K\u00f6ln 2011 &#8211; alle M\u00e4rkte, alle Infos"}]},{"@type":"WebSite","@id":"https:\/\/www.gaidaphotos.com\/blog\/#website","url":"https:\/\/www.gaidaphotos.com\/blog\/","name":"K\u00f6ln Rodenkirchen und die Welt","description":"Einkaufen, Restaurants, Freizeit, Nachrichten und was uns sonst bewegt und begegnet","publisher":{"@id":"https:\/\/www.gaidaphotos.com\/blog\/#organization"},"potentialAction":[{"@type":"SearchAction","target":{"@type":"EntryPoint","urlTemplate":"https:\/\/www.gaidaphotos.com\/blog\/?s={search_term_string}"},"query-input":{"@type":"PropertyValueSpecification","valueRequired":true,"valueName":"search_term_string"}}],"inLanguage":"de"},{"@type":"Organization","@id":"https:\/\/www.gaidaphotos.com\/blog\/#organization","name":"gaidaphotos","url":"https:\/\/www.gaidaphotos.com\/blog\/","logo":{"@type":"ImageObject","inLanguage":"de","@id":"https:\/\/www.gaidaphotos.com\/blog\/#\/schema\/logo\/image\/","url":"https:\/\/i0.wp.com\/www.gaidaphotos.com\/blog\/wp-content\/uploads\/2020\/07\/GAIDAPHOTOS-COM.jpg?fit=160%2C96&ssl=1","contentUrl":"https:\/\/i0.wp.com\/www.gaidaphotos.com\/blog\/wp-content\/uploads\/2020\/07\/GAIDAPHOTOS-COM.jpg?fit=160%2C96&ssl=1","width":160,"height":96,"caption":"gaidaphotos"},"image":{"@id":"https:\/\/www.gaidaphotos.com\/blog\/#\/schema\/logo\/image\/"},"sameAs":["https:\/\/www.facebook.com\/Koeln.Rodenkirchen","https:\/\/x.com\/gaidaphotos","https:\/\/instagram.com\/gaidaphotos\/","https:\/\/de.linkedin.com\/in\/gaidaphotos","https:\/\/myspace.com\/gaidaphotos","https:\/\/www.pinterest.com\/gaidaphotos\/","https:\/\/www.youtube.com\/user\/gaidaphotos"]},{"@type":"Person","@id":"https:\/\/www.gaidaphotos.com\/blog\/#\/schema\/person\/6c444a5b13ffc503c5c32f5a9ec68b21","name":"Thomas","sameAs":["https:\/\/www.gaidaphotos.com","https:\/\/www.facebook.com\/gaidaphotos","https:\/\/instagram.com\/gaidaphotos\/","https:\/\/www.linkedin.com\/in\/gaidaphotos","http:\/\/www.pinterest.com\/gaidaphotos\/","https:\/\/x.com\/gaidaphotos","https:\/\/myspace.com\/gaidaphotos","https:\/\/www.youtube.com\/user\/gaidaphotos","https:\/\/gaidaphotos.tumblr.com\/"]}]}},"jetpack_publicize_connections":[],"jetpack_featured_media_url":"https:\/\/www.gaidaphotos.com\/blog\/wp-content\/uploads\/2020\/08\/nggallery_import\/92_","jetpack_sharing_enabled":true,"jetpack_likes_enabled":true,"jetpack-related-posts":[{"id":2329,"url":"https:\/\/www.gaidaphotos.com\/blog\/2009\/12\/16\/koeln-der-schonste-weihnachtsmarkt\/","url_meta":{"origin":3798,"position":0},"title":"K\u00f6ln: Der sch\u00f6nste Weihnachtsmarkt","author":"Thomas","date":"16. Dezember 2009","format":false,"excerpt":"Weihnachtsmarkt in K\u00f6ln 2013 Alle Weihnachtsm\u00e4rkte in K\u00f6ln im Advent 2013 im \u00dcberblick. 7 offizielle, 7 alternative Weihnachtsm\u00e4rkte sowie 17 Weihnachts- und Nik\u00f3lausm\u00e4rkte in den Veedeln. Hier behalten Sie den \u00dcberblick. Weihnachtsmarkt am K\u00f6lner Dom in K\u00f6ln Den sch\u00f6nsten Weihnachtsmarkt in K\u00f6ln - K\u00f6ln hat viele Weihnachtsm\u00e4rkte s.u. - findet\u2026","rel":"","context":"In &quot;Foto&quot;","block_context":{"text":"Foto","link":"https:\/\/www.gaidaphotos.com\/blog\/category\/foto\/"},"img":{"alt_text":"K\u00f6ln Weihnachtsmarkt","src":"https:\/\/i0.wp.com\/www.gaidaphotos.com\/blog\/wp-content\/uploads\/2009\/12\/koeln-weihnachtsmarkt-am-dom-225x300.jpg?resize=350%2C200&ssl=1","width":350,"height":200},"classes":[]},{"id":9538,"url":"https:\/\/www.gaidaphotos.com\/blog\/2016\/11\/15\/weihnachtsmarkt-in-koeln-2016\/","url_meta":{"origin":3798,"position":1},"title":"Weihnachtsmarkt in K\u00f6ln 2016","author":"Thomas","date":"15. November 2016","format":false,"excerpt":"K\u00f6ln 2016 - Hauptstadt der Weihnachtsm\u00e4rkte Gef\u00fchlt ist auch in diesem Jahr wieder das sch\u00f6ne K\u00f6ln die Hauptstadt der Weihnachtsm\u00e4rkte. Immer mehr Veedel und \"Aktionen\" schlie\u00dfen sich dem Trend an und buhlen um die Kunden. Kunden? Nein, Besucher muss es hei\u00dfen. Wie immer man den Weihnachtsmarkt Betretenden nennt, gleich 5\u2026","rel":"","context":"In &quot;K\u00f6ln&quot;","block_context":{"text":"K\u00f6ln","link":"https:\/\/www.gaidaphotos.com\/blog\/category\/koeln\/"},"img":{"alt_text":"","src":"https:\/\/i0.wp.com\/www.gaidaphotos.com\/blog\/wp-content\/uploads\/ngg_featured\/weihnachtskrippe-06.jpg?fit=1000%2C667&ssl=1&resize=350%2C200","width":350,"height":200,"srcset":"https:\/\/i0.wp.com\/www.gaidaphotos.com\/blog\/wp-content\/uploads\/ngg_featured\/weihnachtskrippe-06.jpg?fit=1000%2C667&ssl=1&resize=350%2C200 1x, https:\/\/i0.wp.com\/www.gaidaphotos.com\/blog\/wp-content\/uploads\/ngg_featured\/weihnachtskrippe-06.jpg?fit=1000%2C667&ssl=1&resize=525%2C300 1.5x, https:\/\/i0.wp.com\/www.gaidaphotos.com\/blog\/wp-content\/uploads\/ngg_featured\/weihnachtskrippe-06.jpg?fit=1000%2C667&ssl=1&resize=700%2C400 2x"},"classes":[]},{"id":9108,"url":"https:\/\/www.gaidaphotos.com\/blog\/2015\/11\/04\/weihnachtsmaerkte-in-koeln-2015\/","url_meta":{"origin":3798,"position":2},"title":"Weihnachtsm\u00e4rkte in K\u00f6ln 2015","author":"Thomas","date":"4. November 2015","format":false,"excerpt":"Weihnachtsm\u00e4rkte in K\u00f6ln 2015 Wir haben Die Seite zu den Weihnachtsm\u00e4rkten in K\u00f6ln \u00fcberarbeitet und aktualisiert. Weihnachtsm\u00e4rkte vermehren sich in K\u00f6ln mit unglaublicher Geschwindigkeit. Jetzt gibt es schon 6+3 offizielle Weihnachtsm\u00e4rkte, 9 alternative und gleich 14 Nikolausm\u00e4rkte und Weihnachtsm\u00e4rkte mit verkaufsoffenem Sonntag. Neu in diesem Jahr und besonders hervorzuheben sind\u2026","rel":"","context":"In &quot;K\u00f6ln&quot;","block_context":{"text":"K\u00f6ln","link":"https:\/\/www.gaidaphotos.com\/blog\/category\/koeln\/"},"img":{"alt_text":"","src":"https:\/\/i0.wp.com\/www.gaidaphotos.com\/blog\/wp-content\/uploads\/ngg_featured\/weihnachten-engel-fl%C3%B6te-gitarre.jpg?fit=1024%2C683&ssl=1&resize=350%2C200","width":350,"height":200,"srcset":"https:\/\/i0.wp.com\/www.gaidaphotos.com\/blog\/wp-content\/uploads\/ngg_featured\/weihnachten-engel-fl%C3%B6te-gitarre.jpg?fit=1024%2C683&ssl=1&resize=350%2C200 1x, https:\/\/i0.wp.com\/www.gaidaphotos.com\/blog\/wp-content\/uploads\/ngg_featured\/weihnachten-engel-fl%C3%B6te-gitarre.jpg?fit=1024%2C683&ssl=1&resize=525%2C300 1.5x, https:\/\/i0.wp.com\/www.gaidaphotos.com\/blog\/wp-content\/uploads\/ngg_featured\/weihnachten-engel-fl%C3%B6te-gitarre.jpg?fit=1024%2C683&ssl=1&resize=700%2C400 2x"},"classes":[]},{"id":3441,"url":"https:\/\/www.gaidaphotos.com\/blog\/2010\/11\/18\/weihnachtsmarkt-in-koln-2010\/","url_meta":{"origin":3798,"position":3},"title":"Weihnachtsmarkt in K\u00f6ln 2010","author":"Thomas","date":"18. November 2010","format":false,"excerpt":"Alle Weihnachtsm\u00e4rkte (24) in K\u00f6ln 2010: Daten und Fakten: Programm, \u00d6ffnungszeiten, Links Alle Weihnachtsm\u00e4rkte in K\u00f6ln 2010: Bewertung, Parken, Verkehr, Anreise, Insider Tips Dazu Verkehrsmeldungen und Staumeldungen f\u00fcr K\u00f6ln und die Autobahnen rund um K\u00f6ln, Parkhausbelegung, P+R Parkpl\u00e4tze, \u00d6PV Fahrplanauskunft Weihnachtsmarkt in K\u00f6ln 2013 Alle Weihnachtsm\u00e4rkte in K\u00f6ln im Advent\u2026","rel":"","context":"In &quot;K\u00f6ln&quot;","block_context":{"text":"K\u00f6ln","link":"https:\/\/www.gaidaphotos.com\/blog\/category\/koeln\/"},"img":{"alt_text":"","src":"","width":0,"height":0},"classes":[]},{"id":3819,"url":"https:\/\/www.gaidaphotos.com\/blog\/2011\/11\/23\/verkaufsoffener-sonntag-weihnachtsmarkt-27-11-2011-in-koln\/","url_meta":{"origin":3798,"position":4},"title":"Verkaufsoffener Sonntag &#038; Weihnachtsmarkt 27.11.2011 in K\u00f6ln","author":"Thomas","date":"23. November 2011","format":false,"excerpt":"Weihnachtsmarkt und verkaufsoffener Sonntag Es wird Zeit Weihnachtsgeschenke zu kaufen. In weniger als einem Monat ist Weihnachten. Und so haben am 1. Advent nicht nur die K\u00f6lner Weihnachtsm\u00e4rkte ge\u00f6ffnet sondern auch die Gesch\u00e4fte in der K\u00f6lner Innenstadt, K\u00f6ln Agnesviertel und K\u00f6ln H\u00f6henhaus. Am meisten wird sicher in der Innenstadt geboten.\u2026","rel":"","context":"In &quot;K\u00f6ln&quot;","block_context":{"text":"K\u00f6ln","link":"https:\/\/www.gaidaphotos.com\/blog\/category\/koeln\/"},"img":{"alt_text":"","src":"https:\/\/www.gaidaphotos.com\/blog\/wp-content\/uploads\/2020\/08\/nggallery_import\/105_","width":350,"height":200,"srcset":"https:\/\/www.gaidaphotos.com\/blog\/wp-content\/uploads\/2020\/08\/nggallery_import\/105_ 1x, https:\/\/www.gaidaphotos.com\/blog\/wp-content\/uploads\/2020\/08\/nggallery_import\/105_ 1.5x, https:\/\/www.gaidaphotos.com\/blog\/wp-content\/uploads\/2020\/08\/nggallery_import\/105_ 2x"},"classes":[]},{"id":3464,"url":"https:\/\/www.gaidaphotos.com\/blog\/2010\/11\/23\/verkaufsoffener-sonntag-weihnachtsmarkte-koeln-12-12-2010\/","url_meta":{"origin":3798,"position":5},"title":"verkaufsoffener Sonntag &#038; Weihnachtsm\u00e4rkte in K\u00f6ln am 12.12.2010","author":"Thomas","date":"23. November 2010","format":false,"excerpt":"Verkaufsoffener Sonntag & Weihnachtsm\u00e4rkte in K\u00f6ln am 12.12.2010 Auch der 12.12.2010 ist in K\u00f6ln ein Shopping-Gro\u00dfkampftag, denn in 6 K\u00f6lner Veedeln ist verkaufsoffener Sonntag und es finden Adventsfeste oder Weihnachtsm\u00e4rkte statt. Am 12.12.2010 ist in K\u00f6ln verkaufsoffener Sonntag: verkaufsoffener Sonntag & Adventsfest in K\u00f6ln Severinsviertel am 12.12.2010 verkaufsoffener Sonntag &\u2026","rel":"","context":"In &quot;Verkaufsoffener Sonntag K\u00f6ln NRW&quot;","block_context":{"text":"Verkaufsoffener Sonntag K\u00f6ln NRW","link":"https:\/\/www.gaidaphotos.com\/blog\/category\/kalender-archiv\/verkaufsoffener-sonntag-koln-nrw\/"},"img":{"alt_text":"","src":"","width":0,"height":0},"classes":[]}],"_links":{"self":[{"href":"https:\/\/www.gaidaphotos.com\/blog\/wp-json\/wp\/v2\/posts\/3798","targetHints":{"allow":["GET"]}}],"collection":[{"href":"https:\/\/www.gaidaphotos.com\/blog\/wp-json\/wp\/v2\/posts"}],"about":[{"href":"https:\/\/www.gaidaphotos.com\/blog\/wp-json\/wp\/v2\/types\/post"}],"author":[{"embeddable":true,"href":"https:\/\/www.gaidaphotos.com\/blog\/wp-json\/wp\/v2\/users\/6"}],"replies":[{"embeddable":true,"href":"https:\/\/www.gaidaphotos.com\/blog\/wp-json\/wp\/v2\/comments?post=3798"}],"version-history":[{"count":0,"href":"https:\/\/www.gaidaphotos.com\/blog\/wp-json\/wp\/v2\/posts\/3798\/revisions"}],"wp:featuredmedia":[{"embeddable":true,"href":"https:\/\/www.gaidaphotos.com\/blog\/wp-json\/wp\/v2\/media\/12379"}],"wp:attachment":[{"href":"https:\/\/www.gaidaphotos.com\/blog\/wp-json\/wp\/v2\/media?parent=3798"}],"wp:term":[{"taxonomy":"category","embeddable":true,"href":"https:\/\/www.gaidaphotos.com\/blog\/wp-json\/wp\/v2\/categories?post=3798"},{"taxonomy":"post_tag","embeddable":true,"href":"https:\/\/www.gaidaphotos.com\/blog\/wp-json\/wp\/v2\/tags?post=3798"}],"curies":[{"name":"wp","href":"https:\/\/api.w.org\/{rel}","templated":true}]}}