{"id":4,"date":"2007-11-22T04:13:23","date_gmt":"2007-11-22T09:13:23","guid":{"rendered":"http:\/\/gaidaphotos.com\/blog\/?p=4"},"modified":"2008-05-23T08:10:26","modified_gmt":"2008-05-23T13:10:26","slug":"der-erste-eintrag","status":"publish","type":"post","link":"https:\/\/www.gaidaphotos.com\/blog\/2007\/11\/22\/der-erste-eintrag\/","title":{"rendered":"Der erste Eintrag"},"content":{"rendered":"<p>Liebe Besucher,<\/p>\n<p>in diesem blog finden Sie Neuigkeiten unsere Site betreffend und Informationen zur digitalen Fotografie sowie Bildbearbeitung am PC.<\/p>\n<p>Vielen Dank f\u00fcr Ihren Besuch<\/p>\n<p>Thomas Gaida<\/p>\n","protected":false},"excerpt":{"rendered":"<p>Liebe Besucher, in diesem blog finden Sie Neuigkeiten unsere Site betreffend und Informationen zur digitalen Fotografie sowie Bildbearbeitung am PC.<\/p>\n","protected":false},"author":1,"featured_media":0,"comment_status":"closed","ping_status":"open","sticky":false,"template":"","format":"standard","meta":{"_crdt_document":"","ngg_post_thumbnail":0,"jetpack_post_was_ever_published":false,"_jetpack_newsletter_access":"","_jetpack_dont_email_post_to_subs":false,"_jetpack_newsletter_tier_id":0,"_jetpack_memberships_contains_paywalled_content":false,"_jetpack_memberships_contains_paid_content":false,"footnotes":"","jetpack_publicize_message":"","jetpack_publicize_feature_enabled":true,"jetpack_social_post_already_shared":false,"jetpack_social_options":{"image_generator_settings":{"template":"highway","default_image_id":0,"font":"","enabled":false},"version":2}},"categories":[3],"tags":[],"class_list":["post-4","post","type-post","status-publish","format-standard","hentry","category-site-info","comments-off"],"yoast_head":"<!-- This site is optimized with the Yoast SEO plugin v27.5 - https:\/\/yoast.com\/product\/yoast-seo-wordpress\/ -->\n<title>Der erste Eintrag - K\u00f6ln Rodenkirchen und die Welt<\/title>\n<meta name=\"robots\" content=\"index, follow, max-snippet:-1, max-image-preview:large, max-video-preview:-1\" \/>\n<link rel=\"canonical\" href=\"https:\/\/www.gaidaphotos.com\/blog\/2007\/11\/22\/der-erste-eintrag\/\" \/>\n<meta property=\"og:locale\" content=\"de_DE\" \/>\n<meta property=\"og:type\" content=\"article\" \/>\n<meta property=\"og:title\" content=\"Der erste Eintrag - K\u00f6ln Rodenkirchen und die Welt\" \/>\n<meta property=\"og:description\" content=\"Liebe Besucher, in diesem blog finden Sie Neuigkeiten unsere Site betreffend und Informationen zur digitalen Fotografie sowie Bildbearbeitung am PC.\" \/>\n<meta property=\"og:url\" content=\"https:\/\/www.gaidaphotos.com\/blog\/2007\/11\/22\/der-erste-eintrag\/\" \/>\n<meta property=\"og:site_name\" content=\"K\u00f6ln Rodenkirchen und die Welt\" \/>\n<meta property=\"article:publisher\" content=\"https:\/\/www.facebook.com\/Koeln.Rodenkirchen\" \/>\n<meta property=\"article:published_time\" content=\"2007-11-22T09:13:23+00:00\" \/>\n<meta property=\"article:modified_time\" content=\"2008-05-23T13:10:26+00:00\" \/>\n<meta name=\"author\" content=\"gaidaphotos\" \/>\n<meta name=\"twitter:card\" content=\"summary_large_image\" \/>\n<meta name=\"twitter:creator\" content=\"@gaidaphotos\" \/>\n<meta name=\"twitter:site\" content=\"@gaidaphotos\" \/>\n<meta name=\"twitter:label1\" content=\"Verfasst von\" \/>\n\t<meta name=\"twitter:data1\" content=\"gaidaphotos\" \/>\n<script type=\"application\/ld+json\" class=\"yoast-schema-graph\">{\"@context\":\"https:\\\/\\\/schema.org\",\"@graph\":[{\"@type\":\"Article\",\"@id\":\"https:\\\/\\\/www.gaidaphotos.com\\\/blog\\\/2007\\\/11\\\/22\\\/der-erste-eintrag\\\/#article\",\"isPartOf\":{\"@id\":\"https:\\\/\\\/www.gaidaphotos.com\\\/blog\\\/2007\\\/11\\\/22\\\/der-erste-eintrag\\\/\"},\"author\":{\"name\":\"gaidaphotos\",\"@id\":\"https:\\\/\\\/www.gaidaphotos.com\\\/blog\\\/#\\\/schema\\\/person\\\/94fd1676a49a2c33e620b1a04bf15d24\"},\"headline\":\"Der erste Eintrag\",\"datePublished\":\"2007-11-22T09:13:23+00:00\",\"dateModified\":\"2008-05-23T13:10:26+00:00\",\"mainEntityOfPage\":{\"@id\":\"https:\\\/\\\/www.gaidaphotos.com\\\/blog\\\/2007\\\/11\\\/22\\\/der-erste-eintrag\\\/\"},\"wordCount\":31,\"publisher\":{\"@id\":\"https:\\\/\\\/www.gaidaphotos.com\\\/blog\\\/#organization\"},\"articleSection\":[\"Site Info\"],\"inLanguage\":\"de\"},{\"@type\":\"WebPage\",\"@id\":\"https:\\\/\\\/www.gaidaphotos.com\\\/blog\\\/2007\\\/11\\\/22\\\/der-erste-eintrag\\\/\",\"url\":\"https:\\\/\\\/www.gaidaphotos.com\\\/blog\\\/2007\\\/11\\\/22\\\/der-erste-eintrag\\\/\",\"name\":\"Der erste Eintrag - K\u00f6ln Rodenkirchen und die Welt\",\"isPartOf\":{\"@id\":\"https:\\\/\\\/www.gaidaphotos.com\\\/blog\\\/#website\"},\"datePublished\":\"2007-11-22T09:13:23+00:00\",\"dateModified\":\"2008-05-23T13:10:26+00:00\",\"breadcrumb\":{\"@id\":\"https:\\\/\\\/www.gaidaphotos.com\\\/blog\\\/2007\\\/11\\\/22\\\/der-erste-eintrag\\\/#breadcrumb\"},\"inLanguage\":\"de\",\"potentialAction\":[{\"@type\":\"ReadAction\",\"target\":[\"https:\\\/\\\/www.gaidaphotos.com\\\/blog\\\/2007\\\/11\\\/22\\\/der-erste-eintrag\\\/\"]}]},{\"@type\":\"BreadcrumbList\",\"@id\":\"https:\\\/\\\/www.gaidaphotos.com\\\/blog\\\/2007\\\/11\\\/22\\\/der-erste-eintrag\\\/#breadcrumb\",\"itemListElement\":[{\"@type\":\"ListItem\",\"position\":1,\"name\":\"Startseite\",\"item\":\"https:\\\/\\\/www.gaidaphotos.com\\\/blog\\\/\"},{\"@type\":\"ListItem\",\"position\":2,\"name\":\"Der erste Eintrag\"}]},{\"@type\":\"WebSite\",\"@id\":\"https:\\\/\\\/www.gaidaphotos.com\\\/blog\\\/#website\",\"url\":\"https:\\\/\\\/www.gaidaphotos.com\\\/blog\\\/\",\"name\":\"K\u00f6ln Rodenkirchen und die Welt\",\"description\":\"Einkaufen, Restaurants, Freizeit, Nachrichten und was uns sonst bewegt und begegnet\",\"publisher\":{\"@id\":\"https:\\\/\\\/www.gaidaphotos.com\\\/blog\\\/#organization\"},\"potentialAction\":[{\"@type\":\"SearchAction\",\"target\":{\"@type\":\"EntryPoint\",\"urlTemplate\":\"https:\\\/\\\/www.gaidaphotos.com\\\/blog\\\/?s={search_term_string}\"},\"query-input\":{\"@type\":\"PropertyValueSpecification\",\"valueRequired\":true,\"valueName\":\"search_term_string\"}}],\"inLanguage\":\"de\"},{\"@type\":\"Organization\",\"@id\":\"https:\\\/\\\/www.gaidaphotos.com\\\/blog\\\/#organization\",\"name\":\"gaidaphotos\",\"url\":\"https:\\\/\\\/www.gaidaphotos.com\\\/blog\\\/\",\"logo\":{\"@type\":\"ImageObject\",\"inLanguage\":\"de\",\"@id\":\"https:\\\/\\\/www.gaidaphotos.com\\\/blog\\\/#\\\/schema\\\/logo\\\/image\\\/\",\"url\":\"https:\\\/\\\/i0.wp.com\\\/www.gaidaphotos.com\\\/blog\\\/wp-content\\\/uploads\\\/2020\\\/07\\\/GAIDAPHOTOS-COM.jpg?fit=160%2C96&ssl=1\",\"contentUrl\":\"https:\\\/\\\/i0.wp.com\\\/www.gaidaphotos.com\\\/blog\\\/wp-content\\\/uploads\\\/2020\\\/07\\\/GAIDAPHOTOS-COM.jpg?fit=160%2C96&ssl=1\",\"width\":160,\"height\":96,\"caption\":\"gaidaphotos\"},\"image\":{\"@id\":\"https:\\\/\\\/www.gaidaphotos.com\\\/blog\\\/#\\\/schema\\\/logo\\\/image\\\/\"},\"sameAs\":[\"https:\\\/\\\/www.facebook.com\\\/Koeln.Rodenkirchen\",\"https:\\\/\\\/x.com\\\/gaidaphotos\",\"https:\\\/\\\/instagram.com\\\/gaidaphotos\\\/\",\"https:\\\/\\\/de.linkedin.com\\\/in\\\/gaidaphotos\",\"https:\\\/\\\/myspace.com\\\/gaidaphotos\",\"https:\\\/\\\/www.pinterest.com\\\/gaidaphotos\\\/\",\"https:\\\/\\\/www.youtube.com\\\/user\\\/gaidaphotos\"]},{\"@type\":\"Person\",\"@id\":\"https:\\\/\\\/www.gaidaphotos.com\\\/blog\\\/#\\\/schema\\\/person\\\/94fd1676a49a2c33e620b1a04bf15d24\",\"name\":\"gaidaphotos\",\"sameAs\":[\"https:\\\/\\\/www.gaidaphotos.com\"]}]}<\/script>\n<!-- \/ Yoast SEO plugin. -->","yoast_head_json":{"title":"Der erste Eintrag - K\u00f6ln Rodenkirchen und die Welt","robots":{"index":"index","follow":"follow","max-snippet":"max-snippet:-1","max-image-preview":"max-image-preview:large","max-video-preview":"max-video-preview:-1"},"canonical":"https:\/\/www.gaidaphotos.com\/blog\/2007\/11\/22\/der-erste-eintrag\/","og_locale":"de_DE","og_type":"article","og_title":"Der erste Eintrag - K\u00f6ln Rodenkirchen und die Welt","og_description":"Liebe Besucher, in diesem blog finden Sie Neuigkeiten unsere Site betreffend und Informationen zur digitalen Fotografie sowie Bildbearbeitung am PC.","og_url":"https:\/\/www.gaidaphotos.com\/blog\/2007\/11\/22\/der-erste-eintrag\/","og_site_name":"K\u00f6ln Rodenkirchen und die Welt","article_publisher":"https:\/\/www.facebook.com\/Koeln.Rodenkirchen","article_published_time":"2007-11-22T09:13:23+00:00","article_modified_time":"2008-05-23T13:10:26+00:00","author":"gaidaphotos","twitter_card":"summary_large_image","twitter_creator":"@gaidaphotos","twitter_site":"@gaidaphotos","twitter_misc":{"Verfasst von":"gaidaphotos"},"schema":{"@context":"https:\/\/schema.org","@graph":[{"@type":"Article","@id":"https:\/\/www.gaidaphotos.com\/blog\/2007\/11\/22\/der-erste-eintrag\/#article","isPartOf":{"@id":"https:\/\/www.gaidaphotos.com\/blog\/2007\/11\/22\/der-erste-eintrag\/"},"author":{"name":"gaidaphotos","@id":"https:\/\/www.gaidaphotos.com\/blog\/#\/schema\/person\/94fd1676a49a2c33e620b1a04bf15d24"},"headline":"Der erste Eintrag","datePublished":"2007-11-22T09:13:23+00:00","dateModified":"2008-05-23T13:10:26+00:00","mainEntityOfPage":{"@id":"https:\/\/www.gaidaphotos.com\/blog\/2007\/11\/22\/der-erste-eintrag\/"},"wordCount":31,"publisher":{"@id":"https:\/\/www.gaidaphotos.com\/blog\/#organization"},"articleSection":["Site Info"],"inLanguage":"de"},{"@type":"WebPage","@id":"https:\/\/www.gaidaphotos.com\/blog\/2007\/11\/22\/der-erste-eintrag\/","url":"https:\/\/www.gaidaphotos.com\/blog\/2007\/11\/22\/der-erste-eintrag\/","name":"Der erste Eintrag - K\u00f6ln Rodenkirchen und die Welt","isPartOf":{"@id":"https:\/\/www.gaidaphotos.com\/blog\/#website"},"datePublished":"2007-11-22T09:13:23+00:00","dateModified":"2008-05-23T13:10:26+00:00","breadcrumb":{"@id":"https:\/\/www.gaidaphotos.com\/blog\/2007\/11\/22\/der-erste-eintrag\/#breadcrumb"},"inLanguage":"de","potentialAction":[{"@type":"ReadAction","target":["https:\/\/www.gaidaphotos.com\/blog\/2007\/11\/22\/der-erste-eintrag\/"]}]},{"@type":"BreadcrumbList","@id":"https:\/\/www.gaidaphotos.com\/blog\/2007\/11\/22\/der-erste-eintrag\/#breadcrumb","itemListElement":[{"@type":"ListItem","position":1,"name":"Startseite","item":"https:\/\/www.gaidaphotos.com\/blog\/"},{"@type":"ListItem","position":2,"name":"Der erste Eintrag"}]},{"@type":"WebSite","@id":"https:\/\/www.gaidaphotos.com\/blog\/#website","url":"https:\/\/www.gaidaphotos.com\/blog\/","name":"K\u00f6ln Rodenkirchen und die Welt","description":"Einkaufen, Restaurants, Freizeit, Nachrichten und was uns sonst bewegt und begegnet","publisher":{"@id":"https:\/\/www.gaidaphotos.com\/blog\/#organization"},"potentialAction":[{"@type":"SearchAction","target":{"@type":"EntryPoint","urlTemplate":"https:\/\/www.gaidaphotos.com\/blog\/?s={search_term_string}"},"query-input":{"@type":"PropertyValueSpecification","valueRequired":true,"valueName":"search_term_string"}}],"inLanguage":"de"},{"@type":"Organization","@id":"https:\/\/www.gaidaphotos.com\/blog\/#organization","name":"gaidaphotos","url":"https:\/\/www.gaidaphotos.com\/blog\/","logo":{"@type":"ImageObject","inLanguage":"de","@id":"https:\/\/www.gaidaphotos.com\/blog\/#\/schema\/logo\/image\/","url":"https:\/\/i0.wp.com\/www.gaidaphotos.com\/blog\/wp-content\/uploads\/2020\/07\/GAIDAPHOTOS-COM.jpg?fit=160%2C96&ssl=1","contentUrl":"https:\/\/i0.wp.com\/www.gaidaphotos.com\/blog\/wp-content\/uploads\/2020\/07\/GAIDAPHOTOS-COM.jpg?fit=160%2C96&ssl=1","width":160,"height":96,"caption":"gaidaphotos"},"image":{"@id":"https:\/\/www.gaidaphotos.com\/blog\/#\/schema\/logo\/image\/"},"sameAs":["https:\/\/www.facebook.com\/Koeln.Rodenkirchen","https:\/\/x.com\/gaidaphotos","https:\/\/instagram.com\/gaidaphotos\/","https:\/\/de.linkedin.com\/in\/gaidaphotos","https:\/\/myspace.com\/gaidaphotos","https:\/\/www.pinterest.com\/gaidaphotos\/","https:\/\/www.youtube.com\/user\/gaidaphotos"]},{"@type":"Person","@id":"https:\/\/www.gaidaphotos.com\/blog\/#\/schema\/person\/94fd1676a49a2c33e620b1a04bf15d24","name":"gaidaphotos","sameAs":["https:\/\/www.gaidaphotos.com"]}]}},"jetpack_publicize_connections":[],"jetpack_featured_media_url":"","jetpack_sharing_enabled":true,"jetpack_likes_enabled":true,"jetpack-related-posts":[{"id":2315,"url":"https:\/\/www.gaidaphotos.com\/blog\/2009\/12\/13\/kostenlose-animierte-weihnachtskarte\/","url_meta":{"origin":4,"position":0},"title":"Kostenlose animierte Weihnachtskarte","author":"Thomas","date":"13. Dezember 2009","format":false,"excerpt":"\u00a0 Wir w\u00fcnschen unseren Besuchern ein Frohes Weihnachtsfest und einen guten Rutsch in's neue Jahr! \u00a0 \u00a0 So wird's gemacht: Anleitung und Kode zum Einbau der kostenlosen animierten Weihnachtskarte in Ihr Blog, Ihre Website, Email oder Ihr Profil. Klicken Sie den Link.\u00a0 \u00a0 Neue kostenlose Weihnachtskarten und Motive f\u00fcr Karten\u2026","rel":"","context":"In &quot;Site Info&quot;","block_context":{"text":"Site Info","link":"https:\/\/www.gaidaphotos.com\/blog\/category\/neuigkeiten\/site-info\/"},"img":{"alt_text":"kostenlose animierte Weihnachtskarte","src":"https:\/\/i0.wp.com\/www.gaidaphotos.com\/weihnachtskarten-kostenlos\/kostenlose-animierte-weihnachtskarte.gif?resize=350%2C200&ssl=1","width":350,"height":200},"classes":[]},{"id":42,"url":"https:\/\/www.gaidaphotos.com\/blog\/2008\/12\/23\/frohe-weihnachten-ein-gutes-neues-jahr\/","url_meta":{"origin":4,"position":1},"title":"Frohe Weihnachten &#038; Ein Gutes Neues Jahr","author":"gaidaphotos","date":"23. Dezember 2008","format":false,"excerpt":"Wir w\u00fcnschen allen Freunden, Kollegen, Kunden und nat\u00fcrlich unseren Besuchern ein frohes Weihnachtsfest, beschauliche Festtage und einen Guten Rutsch in's Neue Jahr! Ihr gaidaphotos.com Team Neue kostenlose Weihnachtskarten und Motive f\u00fcr Karten zu Weihnachten: Spr\u00fcche zu Weihnachten und zum Neuen Jahr Weihnachtsw\u00fcnsche und Weihnachtsgr\u00fc\u00dfe","rel":"","context":"In &quot;Site Info&quot;","block_context":{"text":"Site Info","link":"https:\/\/www.gaidaphotos.com\/blog\/category\/neuigkeiten\/site-info\/"},"img":{"alt_text":"Weihnachtsgruesse","src":"https:\/\/i0.wp.com\/www.gaidaphotos.com\/bilder\/weihnachten-2008\/frohe-weihnachten.jpg?resize=350%2C200&ssl=1","width":350,"height":200},"classes":[]},{"id":2708,"url":"https:\/\/www.gaidaphotos.com\/blog\/2010\/03\/18\/facebook-warnung-spam\/","url_meta":{"origin":4,"position":2},"title":"Facebook Warnung: Gef\u00e4hrliche SPAM Mails unterwegs.","author":"Thomas","date":"18. M\u00e4rz 2010","format":false,"excerpt":"Achtung Facebook User: Gef\u00e4hrliche Mail mit Trojaner unterwegs! Wir haben es selbst erlebt und jetzt warnt auch McAffee vor den gef\u00e4hrlichen Facebook SPAM Mails. \u00dcber 400 Millionen dieser Mails sollen in den letzten Tagen versandt worden sein. Wir haben schon vor Wochen die ersten Mails dieser Art erhalten. Mit einer\u2026","rel":"","context":"In &quot;social networking&quot;","block_context":{"text":"social networking","link":"https:\/\/www.gaidaphotos.com\/blog\/category\/neuigkeiten\/social-networking\/"},"img":{"alt_text":"Facebook warnung","src":"https:\/\/i0.wp.com\/www.gaidaphotos.com\/blog\/wp-content\/uploads\/2010\/03\/facebook-warnung-spam.jpg?resize=350%2C200&ssl=1","width":350,"height":200,"srcset":"https:\/\/i0.wp.com\/www.gaidaphotos.com\/blog\/wp-content\/uploads\/2010\/03\/facebook-warnung-spam.jpg?resize=350%2C200&ssl=1 1x, https:\/\/i0.wp.com\/www.gaidaphotos.com\/blog\/wp-content\/uploads\/2010\/03\/facebook-warnung-spam.jpg?resize=525%2C300&ssl=1 1.5x, https:\/\/i0.wp.com\/www.gaidaphotos.com\/blog\/wp-content\/uploads\/2010\/03\/facebook-warnung-spam.jpg?resize=700%2C400&ssl=1 2x"},"classes":[]},{"id":2397,"url":"https:\/\/www.gaidaphotos.com\/blog\/2010\/02\/02\/sprueche-karten-zum-valentinstag-liebe\/","url_meta":{"origin":4,"position":3},"title":"Spr\u00fcche und Karten zum Valentinstag und f\u00fcr die Liebe &#8211; Selber machen","author":"Thomas","date":"2. Februar 2010","format":false,"excerpt":"Jetzt aber hurtig! In weniger als 2 Wochen ist VALENTINSTAG! Das Fest der Liebe und der Liebenden. Grusskarten zum Valentinstag \u00dcberraschen Sie Ihren Liebsten zum Valentinstag doch einmal mit einer MMS Grusskarte zum Valentinstag direkt auf sein Handy. Am 14. Februar ist Valentinstag! Kostenlose Liebesbriefe verschicken und Geschenk bestellen! unsere\u2026","rel":"","context":"In &quot;Liebe&quot;","block_context":{"text":"Liebe","link":"https:\/\/www.gaidaphotos.com\/blog\/category\/festtage-feiertage\/liebe\/"},"img":{"alt_text":"Grusskarte Ich Liebe Dich zum Valentinstag","src":"https:\/\/i0.wp.com\/www.gaidaphotos.com\/blog\/wp-content\/uploads\/2010\/02\/grusskarte-ich-liebe-dich-199x300.jpg?resize=350%2C200&ssl=1","width":350,"height":200},"classes":[]},{"id":3,"url":"https:\/\/www.gaidaphotos.com\/blog\/2007\/11\/26\/my-first-entry\/","url_meta":{"origin":4,"position":4},"title":"My first entry","author":"gaidaphotos","date":"26. November 2007","format":false,"excerpt":"Dear Visitor, thank you very much for visiting our blog. We will regularly post site news and other information about photography and PC photo editing we find interesting. Thank you for visiting Thomas Gaida","rel":"","context":"In &quot;Site Info&quot;","block_context":{"text":"Site Info","link":"https:\/\/www.gaidaphotos.com\/blog\/category\/neuigkeiten\/site-info\/"},"img":{"alt_text":"","src":"","width":0,"height":0},"classes":[]},{"id":2889,"url":"https:\/\/www.gaidaphotos.com\/blog\/2010\/05\/19\/facebook-privatsphaere-sichern\/","url_meta":{"origin":4,"position":5},"title":"Facebook: Privatsph\u00e4re sichern \u2013 Warum &#038; Wie","author":"Thomas","date":"19. Mai 2010","format":false,"excerpt":"Warum und Wie Sie Ihre Privatsph\u00e4re bei Facebook sichern. Die Volksseele kocht! Seid Wochen gibt es Verletzungen von Datenschutz und Privatsph\u00e4re bei Facebook. Wir sagen Ihnen was passiert ist und warum es gef\u00e4hrlich war. Und wir zeigen Ihnen wie Sie Ihre Privatsp\u00e4re bei Facebook umfassend sch\u00fctzen. Werden Sie Fan von\u2026","rel":"","context":"In &quot;social networking&quot;","block_context":{"text":"social networking","link":"https:\/\/www.gaidaphotos.com\/blog\/category\/neuigkeiten\/social-networking\/"},"img":{"alt_text":"Facebook Privatsph\u00e4re Datenschutz","src":"https:\/\/i0.wp.com\/www.gaidaphotos.com\/blog\/wp-content\/uploads\/2010\/05\/facebook-gaidaphotos.jpg?resize=350%2C200&ssl=1","width":350,"height":200},"classes":[]}],"_links":{"self":[{"href":"https:\/\/www.gaidaphotos.com\/blog\/wp-json\/wp\/v2\/posts\/4","targetHints":{"allow":["GET"]}}],"collection":[{"href":"https:\/\/www.gaidaphotos.com\/blog\/wp-json\/wp\/v2\/posts"}],"about":[{"href":"https:\/\/www.gaidaphotos.com\/blog\/wp-json\/wp\/v2\/types\/post"}],"author":[{"embeddable":true,"href":"https:\/\/www.gaidaphotos.com\/blog\/wp-json\/wp\/v2\/users\/1"}],"replies":[{"embeddable":true,"href":"https:\/\/www.gaidaphotos.com\/blog\/wp-json\/wp\/v2\/comments?post=4"}],"version-history":[{"count":0,"href":"https:\/\/www.gaidaphotos.com\/blog\/wp-json\/wp\/v2\/posts\/4\/revisions"}],"wp:attachment":[{"href":"https:\/\/www.gaidaphotos.com\/blog\/wp-json\/wp\/v2\/media?parent=4"}],"wp:term":[{"taxonomy":"category","embeddable":true,"href":"https:\/\/www.gaidaphotos.com\/blog\/wp-json\/wp\/v2\/categories?post=4"},{"taxonomy":"post_tag","embeddable":true,"href":"https:\/\/www.gaidaphotos.com\/blog\/wp-json\/wp\/v2\/tags?post=4"}],"curies":[{"name":"wp","href":"https:\/\/api.w.org\/{rel}","templated":true}]}}