{"id":4235,"date":"2012-02-15T11:04:55","date_gmt":"2012-02-15T10:04:55","guid":{"rendered":"http:\/\/www.gaidaphotos.com\/blog\/?p=4235"},"modified":"2018-11-06T13:44:27","modified_gmt":"2018-11-06T12:44:27","slug":"karnevalszug-und-nubbelverbrennung-in-koeln-am-21-02-2012","status":"publish","type":"post","link":"https:\/\/www.gaidaphotos.com\/blog\/2012\/02\/15\/karnevalszug-und-nubbelverbrennung-in-koeln-am-21-02-2012\/","title":{"rendered":"Karnevalszug und Nubbelverbrennung in K\u00f6ln am 21.02.2012"},"content":{"rendered":"<h2>Karnevalszug in K\u00f6ln am 21.02.2012 und Nubbelverbrennung<\/h2>\n<figure style=\"width: 325px\" class=\"wp-caption alignright\"> ngg_shortcode_0_placeholder <figcaption class=\"wp-caption-text\">Karnevalszug in K\u00f6ln 2011<\/figcaption><\/figure>\n<p>&quot;Ten &#8211; Nine &#8211; Eight&quot;<br \/>\nDer Countdown zur <strong>Nubbelverbrennung<\/strong> l\u00e4uft doch noch k\u00f6nnen Sie den ganzen Tag in K\u00f6ln Karneval feiern und in <strong>13 Veedeln Karnevalsz\u00fcge<\/strong> besuchen.<\/p>\n<h3>Karnevalszug in K\u00f6ln am 21.02.2012<\/h3>\n<table width=\"100%\" border=\"0\" cellspacing=\"2\" cellpadding=\"2\">\n<tr>\n<td>Dellbr\u00fcck<\/td>\n<td>ab 14 Uhr<\/td>\n<td>Veranstalter: Festausschuss Dellbr\u00fccker Dienstagszug <\/td>\n<\/tr>\n<tr>\n<td>Deutz<\/td>\n<td>ab 14 Uhr<\/td>\n<td>Veranstalter: Interessengemeinschaft Deutzer Dienstagszug <\/td>\n<\/tr>\n<tr>\n<td>Ehrenfeld<\/td>\n<td>ab 13:45 Uhr<\/td>\n<td>Veranstalter: Festausschuss Ehrenfelder Karneval e.\u2005V. <\/td>\n<\/tr>\n<tr>\n<td>Junkersdorf<\/td>\n<td>ab 14 Uhr<\/td>\n<td>Veranstalter: Gro\u00dfe Junkersdorfer KG von 1973 e.\u2005V. <\/td>\n<\/tr>\n<tr>\n<td>Kalk\/Humbold-Gremberg<\/td>\n<td>ab 13:30 Uhr<\/td>\n<td>Veranstalter: Interessengemeinschaft Kalker Dienstagszug e.\u2005V. <\/td>\n<\/tr>\n<tr>\n<td>M\u00fclheim<\/td>\n<td>ab 14 Uhr<\/td>\n<td>Veranstalter: Festausschuss M\u00fclheimer Karnevalsdienstagszug <\/td>\n<\/tr>\n<tr>\n<td>Nippes<\/td>\n<td>ab 13 Uhr<\/td>\n<td>Veranstalter: KKG \u201eNippeser B\u00fcrgerwehr\u201c 1903 e.\u2005V. <\/td>\n<\/tr>\n<tr>\n<td>Pesch<\/td>\n<td>ab 14:11 Uhr<\/td>\n<td>Veranstalter: Festkomitee Pescher Karneval <\/td>\n<\/tr>\n<tr>\n<td>Porz-Langel<\/td>\n<td>ab 15:30 Uhr<\/td>\n<td>Veranstalter: KG Loestige Langeler <\/td>\n<\/tr>\n<tr>\n<td>S\u00fcdstadt<\/td>\n<td>ab 14 Uhr<\/td>\n<td>Veranstalter: AG S\u00fcdstadt-Zug e.\u2005V. <\/td>\n<\/tr>\n<tr>\n<td>S\u00fclz<\/td>\n<td> ab 13 Uhr<\/td>\n<td>Veranstalter: Interessengemeinschaft S\u00fclz-Klettenberg-Lindenthaler Veedelszog <\/td>\n<\/tr>\n<tr>\n<td>Stammheim<\/td>\n<td>ab 14 Uhr<\/td>\n<td>Veranstalter: B\u00fcrgerverein K\u00f6ln Stammheim e.\u2005V. <\/td>\n<\/tr>\n<tr>\n<td>Zollstock<\/td>\n<td>ab 11:11 Uhr<\/td>\n<td>Veranstalter: Festausschuss Zollstocker Dienstagszug 2004 e.\u2005V. <\/td>\n<\/tr>\n<\/table>\n<h3>Und wer ist an allem Schuld? Der Nubbel!<\/h3>\n<p>Und darum muss er brennen.<br \/>\nAm Abend des Veilchendienstag, einen Tag vor Aschermittwoch, dem eng\u00fcltigen Ende des &quot;Fasteleer&quot;, muss der Nubbel (eine Strohpuppe, die \u00fcber vielen Kneipent\u00fcren oder aus dem Fenster hing) f\u00fcr alle S\u00fcnden der tollen Tage b\u00fc\u00dfen. Die Zuschauer stimmen ein Klagelied  und der Pfaffe klagt den Nubbel an. Und dann muss er brennen. <\/p>\n<p>Wegen der vielen S\u00fcnden der vergangenen Tage und Wochen reicht ein Nubbel nicht aus und so finden viele &quot;<strong>Nubbelverbrennungen<\/strong>&quot; in der ganzen Stadt statt.<\/p>\n<h3>Hier brennt der Nubbel besonders sch\u00f6n<br \/>\n<\/h3>\n<ul>\n<li><strong>Nubbelverbrennung Roonburg<\/strong> &#8211; Roonstra&szlig;e 33, 50674 K&ouml;ln (Z&uuml;lpicher Viertel), Tel. 0221 2403719 <\/li>\n<li><strong>Nubbelverbrennung Bei Oma Kleinmann<\/strong> &#8211; Z&uuml;lpicher Stra&szlig;e 9, 50674 K&ouml;ln (Z&uuml;lpicher Viertel), Tel. 0221 232346<\/li>\n<li><strong>Nubbelverbrennung Filos<\/strong> &#8211; Merowingerstra&szlig;e 42, 50677 K&ouml;ln (S&uuml;dstadt), Tel. 0221 329147 Hemmer &#8211; Subbelrather Stra&szlig;e 154, 50823 K&ouml;ln (Ehrenfeld), Tel. 0221 521999<\/li>\n<li><strong>Nubbelverbrennung Hemmer<\/strong> Subbelrather Stra\u00dfe 154, 50823 K\u00f6ln (Ehrenfeld), Tel. 0221 521999<\/li>\n<li><strong>Nubbelverbrennung &#8211; \u201eKum fiere bis d\u2018r Nubbel brennt\u201c<\/strong> &#8211;<br \/>\n    Ort: Gaffel am Dom, 20:00 Uhr<\/li>\n<li><strong>Nubbelverbrennung Stunksitzung<\/strong> &#8211; Ort: E-Werk 20:00 Uhr\n  <\/li>\n<li><strong>Nippeser B\u00fcrgerwehr &#8211; Nubbelverbrennung<\/strong> &#8211; Ort: Goldener Kappes, 23:00 Uhr\n  <\/li>\n<li><strong>Nubbelverbrennung <\/strong>&#8211; Ort: Gastst\u00e4tte Em Lat\u00e4nche, 23:30 Uhr<\/li>\n<li>0:00 Uhr &#8211; <strong>Nubbelverbrennung<\/strong> &#8211; KG \u201eL\u00f6stije Br\u00fccker M\u00fc\u00fcs\u201c e.\u2005V. &#8211; Zelt Gut Wistorfs, Olpener Str. 873<\/li>\n<li>1:00 Uhr &#8211; <strong>Nubbelversenkung<\/strong> &#8211; StattGarde Colonia Ahoj e.\u2005V. &#8211; Pitterm\u00e4nnche im Millowitsch, Aachener Str. 5 (Innenstadt)<\/li>\n<li>2:00 Uhr &#8211; <strong>Nubbelverbrennung<\/strong> &#8211; K\u00f6lner KG \u201eNippeser B\u00fcrgerwehr\u201c 1903 e.\u2005V. &#8211; \u201eEm Golde Kappes\u201c, Neusser Stra\u00dfe 295 (Nippes)<\/li>\n<li>2:00 Uhr &#8211; <strong>Nubbelverbrennung<\/strong> &#8211; KG Niehler Deichgrafen von 1958 e.\u2005V. &#8211; Gastst\u00e4tte \u201eSch\u00fctzenhof\u201c, Feldg\u00e4rtenstr. 141 (Niehl)<\/li>\n<\/ul>\n<p>Viele Kneipen in K\u00f6ln verbrennen in der Nacht zum Aschermittwoch ihren Nubbel. Schauen Sie doch einfach mal bei der n\u00e4chsten Kneipe vorbei.<\/p>\n<p>Alle Infos rund um den K\u00f6lner Karneval <a href=\"http:\/\/www.koelnerkarneval.de\" rel=\"nofollow\" target=\"_blanK\">Festkomitee des K\u00f6lner Karneval<\/a> Termine, Karten, Tauschb\u00f6rse, Kost\u00fcme<\/p>\n","protected":false},"excerpt":{"rendered":"<p>Karnevalszug in K\u00f6ln am 21.02.2012 und Nubbelverbrennung &quot;Ten &#8211; Nine &#8211; Eight&quot; Der Countdown zur Nubbelverbrennung l\u00e4uft doch noch k\u00f6nnen<\/p>\n","protected":false},"author":6,"featured_media":12366,"comment_status":"open","ping_status":"open","sticky":false,"template":"","format":"standard","meta":{"_crdt_document":"","ngg_post_thumbnail":0,"jetpack_post_was_ever_published":false,"_jetpack_newsletter_access":"","_jetpack_dont_email_post_to_subs":false,"_jetpack_newsletter_tier_id":0,"_jetpack_memberships_contains_paywalled_content":false,"_jetpack_memberships_contains_paid_content":false,"footnotes":"","jetpack_publicize_message":"","jetpack_publicize_feature_enabled":true,"jetpack_social_post_already_shared":false,"jetpack_social_options":{"image_generator_settings":{"template":"highway","default_image_id":0,"font":"","enabled":false},"version":2}},"categories":[98],"tags":[102,549,544],"class_list":["post-4235","post","type-post","status-publish","format-standard","has-post-thumbnail","hentry","category-koeln","tag-freizeit","tag-karneval","tag-koeln"],"yoast_head":"<!-- This site is optimized with the Yoast SEO plugin v27.5 - https:\/\/yoast.com\/product\/yoast-seo-wordpress\/ -->\n<title>Karnevalszug und Nubbelverbrennung in K\u00f6ln am 21.02.2012<\/title>\n<meta name=\"description\" content=\"Die letzten Karnevalsz\u00fcge, die sch\u00f6nste Nubbelverbrennung in K\u00f6ln, Adressen, Termine, Infos\" \/>\n<meta name=\"robots\" content=\"index, follow, max-snippet:-1, max-image-preview:large, max-video-preview:-1\" \/>\n<link rel=\"canonical\" href=\"https:\/\/www.gaidaphotos.com\/blog\/2012\/02\/15\/karnevalszug-und-nubbelverbrennung-in-koeln-am-21-02-2012\/\" \/>\n<meta property=\"og:locale\" content=\"de_DE\" \/>\n<meta property=\"og:type\" content=\"article\" \/>\n<meta property=\"og:title\" content=\"Karnevalszug und Nubbelverbrennung in K\u00f6ln am 21.02.2012\" \/>\n<meta property=\"og:description\" content=\"Die letzten Karnevalsz\u00fcge, die sch\u00f6nste Nubbelverbrennung in K\u00f6ln, Adressen, Termine, Infos\" \/>\n<meta property=\"og:url\" content=\"https:\/\/www.gaidaphotos.com\/blog\/2012\/02\/15\/karnevalszug-und-nubbelverbrennung-in-koeln-am-21-02-2012\/\" \/>\n<meta property=\"og:site_name\" content=\"K\u00f6ln Rodenkirchen und die Welt\" \/>\n<meta property=\"article:publisher\" content=\"https:\/\/www.facebook.com\/Koeln.Rodenkirchen\" \/>\n<meta property=\"article:author\" content=\"https:\/\/www.facebook.com\/gaidaphotos\" \/>\n<meta property=\"article:published_time\" content=\"2012-02-15T10:04:55+00:00\" \/>\n<meta property=\"article:modified_time\" content=\"2018-11-06T12:44:27+00:00\" \/>\n<meta property=\"og:image\" content=\"https:\/\/www.gaidaphotos.com\/blog\/wp-content\/uploads\/2020\/08\/nggallery_import\/79_\" \/>\n\t<meta property=\"og:image:width\" content=\"440\" \/>\n\t<meta property=\"og:image:height\" content=\"293\" \/>\n\t<meta property=\"og:image:type\" content=\"image\/jpeg\" \/>\n<meta name=\"author\" content=\"Thomas\" \/>\n<meta name=\"twitter:card\" content=\"summary_large_image\" \/>\n<meta name=\"twitter:creator\" content=\"@gaidaphotos\" \/>\n<meta name=\"twitter:site\" content=\"@gaidaphotos\" \/>\n<meta name=\"twitter:label1\" content=\"Verfasst von\" \/>\n\t<meta name=\"twitter:data1\" content=\"Thomas\" \/>\n\t<meta name=\"twitter:label2\" content=\"Gesch\u00e4tzte Lesezeit\" \/>\n\t<meta name=\"twitter:data2\" content=\"3\u00a0Minuten\" \/>\n<script type=\"application\/ld+json\" class=\"yoast-schema-graph\">{\"@context\":\"https:\\\/\\\/schema.org\",\"@graph\":[{\"@type\":\"Article\",\"@id\":\"https:\\\/\\\/www.gaidaphotos.com\\\/blog\\\/2012\\\/02\\\/15\\\/karnevalszug-und-nubbelverbrennung-in-koeln-am-21-02-2012\\\/#article\",\"isPartOf\":{\"@id\":\"https:\\\/\\\/www.gaidaphotos.com\\\/blog\\\/2012\\\/02\\\/15\\\/karnevalszug-und-nubbelverbrennung-in-koeln-am-21-02-2012\\\/\"},\"author\":{\"name\":\"Thomas\",\"@id\":\"https:\\\/\\\/www.gaidaphotos.com\\\/blog\\\/#\\\/schema\\\/person\\\/6c444a5b13ffc503c5c32f5a9ec68b21\"},\"headline\":\"Karnevalszug und Nubbelverbrennung in K\u00f6ln am 21.02.2012\",\"datePublished\":\"2012-02-15T10:04:55+00:00\",\"dateModified\":\"2018-11-06T12:44:27+00:00\",\"mainEntityOfPage\":{\"@id\":\"https:\\\/\\\/www.gaidaphotos.com\\\/blog\\\/2012\\\/02\\\/15\\\/karnevalszug-und-nubbelverbrennung-in-koeln-am-21-02-2012\\\/\"},\"wordCount\":513,\"commentCount\":1,\"publisher\":{\"@id\":\"https:\\\/\\\/www.gaidaphotos.com\\\/blog\\\/#organization\"},\"image\":{\"@id\":\"https:\\\/\\\/www.gaidaphotos.com\\\/blog\\\/2012\\\/02\\\/15\\\/karnevalszug-und-nubbelverbrennung-in-koeln-am-21-02-2012\\\/#primaryimage\"},\"thumbnailUrl\":\"https:\\\/\\\/www.gaidaphotos.com\\\/blog\\\/wp-content\\\/uploads\\\/2020\\\/08\\\/nggallery_import\\\/79_\",\"keywords\":[\"Freizeit-Ideen\",\"Karneval\",\"K\u00f6ln\"],\"articleSection\":[\"K\u00f6ln\"],\"inLanguage\":\"de\",\"potentialAction\":[{\"@type\":\"CommentAction\",\"name\":\"Comment\",\"target\":[\"https:\\\/\\\/www.gaidaphotos.com\\\/blog\\\/2012\\\/02\\\/15\\\/karnevalszug-und-nubbelverbrennung-in-koeln-am-21-02-2012\\\/#respond\"]}]},{\"@type\":\"WebPage\",\"@id\":\"https:\\\/\\\/www.gaidaphotos.com\\\/blog\\\/2012\\\/02\\\/15\\\/karnevalszug-und-nubbelverbrennung-in-koeln-am-21-02-2012\\\/\",\"url\":\"https:\\\/\\\/www.gaidaphotos.com\\\/blog\\\/2012\\\/02\\\/15\\\/karnevalszug-und-nubbelverbrennung-in-koeln-am-21-02-2012\\\/\",\"name\":\"Karnevalszug und Nubbelverbrennung in K\u00f6ln am 21.02.2012\",\"isPartOf\":{\"@id\":\"https:\\\/\\\/www.gaidaphotos.com\\\/blog\\\/#website\"},\"primaryImageOfPage\":{\"@id\":\"https:\\\/\\\/www.gaidaphotos.com\\\/blog\\\/2012\\\/02\\\/15\\\/karnevalszug-und-nubbelverbrennung-in-koeln-am-21-02-2012\\\/#primaryimage\"},\"image\":{\"@id\":\"https:\\\/\\\/www.gaidaphotos.com\\\/blog\\\/2012\\\/02\\\/15\\\/karnevalszug-und-nubbelverbrennung-in-koeln-am-21-02-2012\\\/#primaryimage\"},\"thumbnailUrl\":\"https:\\\/\\\/www.gaidaphotos.com\\\/blog\\\/wp-content\\\/uploads\\\/2020\\\/08\\\/nggallery_import\\\/79_\",\"datePublished\":\"2012-02-15T10:04:55+00:00\",\"dateModified\":\"2018-11-06T12:44:27+00:00\",\"description\":\"Die letzten Karnevalsz\u00fcge, die sch\u00f6nste Nubbelverbrennung in K\u00f6ln, Adressen, Termine, Infos\",\"breadcrumb\":{\"@id\":\"https:\\\/\\\/www.gaidaphotos.com\\\/blog\\\/2012\\\/02\\\/15\\\/karnevalszug-und-nubbelverbrennung-in-koeln-am-21-02-2012\\\/#breadcrumb\"},\"inLanguage\":\"de\",\"potentialAction\":[{\"@type\":\"ReadAction\",\"target\":[\"https:\\\/\\\/www.gaidaphotos.com\\\/blog\\\/2012\\\/02\\\/15\\\/karnevalszug-und-nubbelverbrennung-in-koeln-am-21-02-2012\\\/\"]}]},{\"@type\":\"ImageObject\",\"inLanguage\":\"de\",\"@id\":\"https:\\\/\\\/www.gaidaphotos.com\\\/blog\\\/2012\\\/02\\\/15\\\/karnevalszug-und-nubbelverbrennung-in-koeln-am-21-02-2012\\\/#primaryimage\",\"url\":\"https:\\\/\\\/www.gaidaphotos.com\\\/blog\\\/wp-content\\\/uploads\\\/2020\\\/08\\\/nggallery_import\\\/79_\",\"contentUrl\":\"https:\\\/\\\/www.gaidaphotos.com\\\/blog\\\/wp-content\\\/uploads\\\/2020\\\/08\\\/nggallery_import\\\/79_\",\"width\":440,\"height\":293},{\"@type\":\"BreadcrumbList\",\"@id\":\"https:\\\/\\\/www.gaidaphotos.com\\\/blog\\\/2012\\\/02\\\/15\\\/karnevalszug-und-nubbelverbrennung-in-koeln-am-21-02-2012\\\/#breadcrumb\",\"itemListElement\":[{\"@type\":\"ListItem\",\"position\":1,\"name\":\"Startseite\",\"item\":\"https:\\\/\\\/www.gaidaphotos.com\\\/blog\\\/\"},{\"@type\":\"ListItem\",\"position\":2,\"name\":\"Karnevalszug und Nubbelverbrennung in K\u00f6ln am 21.02.2012\"}]},{\"@type\":\"WebSite\",\"@id\":\"https:\\\/\\\/www.gaidaphotos.com\\\/blog\\\/#website\",\"url\":\"https:\\\/\\\/www.gaidaphotos.com\\\/blog\\\/\",\"name\":\"K\u00f6ln Rodenkirchen und die Welt\",\"description\":\"Einkaufen, Restaurants, Freizeit, Nachrichten und was uns sonst bewegt und begegnet\",\"publisher\":{\"@id\":\"https:\\\/\\\/www.gaidaphotos.com\\\/blog\\\/#organization\"},\"potentialAction\":[{\"@type\":\"SearchAction\",\"target\":{\"@type\":\"EntryPoint\",\"urlTemplate\":\"https:\\\/\\\/www.gaidaphotos.com\\\/blog\\\/?s={search_term_string}\"},\"query-input\":{\"@type\":\"PropertyValueSpecification\",\"valueRequired\":true,\"valueName\":\"search_term_string\"}}],\"inLanguage\":\"de\"},{\"@type\":\"Organization\",\"@id\":\"https:\\\/\\\/www.gaidaphotos.com\\\/blog\\\/#organization\",\"name\":\"gaidaphotos\",\"url\":\"https:\\\/\\\/www.gaidaphotos.com\\\/blog\\\/\",\"logo\":{\"@type\":\"ImageObject\",\"inLanguage\":\"de\",\"@id\":\"https:\\\/\\\/www.gaidaphotos.com\\\/blog\\\/#\\\/schema\\\/logo\\\/image\\\/\",\"url\":\"https:\\\/\\\/i0.wp.com\\\/www.gaidaphotos.com\\\/blog\\\/wp-content\\\/uploads\\\/2020\\\/07\\\/GAIDAPHOTOS-COM.jpg?fit=160%2C96&ssl=1\",\"contentUrl\":\"https:\\\/\\\/i0.wp.com\\\/www.gaidaphotos.com\\\/blog\\\/wp-content\\\/uploads\\\/2020\\\/07\\\/GAIDAPHOTOS-COM.jpg?fit=160%2C96&ssl=1\",\"width\":160,\"height\":96,\"caption\":\"gaidaphotos\"},\"image\":{\"@id\":\"https:\\\/\\\/www.gaidaphotos.com\\\/blog\\\/#\\\/schema\\\/logo\\\/image\\\/\"},\"sameAs\":[\"https:\\\/\\\/www.facebook.com\\\/Koeln.Rodenkirchen\",\"https:\\\/\\\/x.com\\\/gaidaphotos\",\"https:\\\/\\\/instagram.com\\\/gaidaphotos\\\/\",\"https:\\\/\\\/de.linkedin.com\\\/in\\\/gaidaphotos\",\"https:\\\/\\\/myspace.com\\\/gaidaphotos\",\"https:\\\/\\\/www.pinterest.com\\\/gaidaphotos\\\/\",\"https:\\\/\\\/www.youtube.com\\\/user\\\/gaidaphotos\"]},{\"@type\":\"Person\",\"@id\":\"https:\\\/\\\/www.gaidaphotos.com\\\/blog\\\/#\\\/schema\\\/person\\\/6c444a5b13ffc503c5c32f5a9ec68b21\",\"name\":\"Thomas\",\"sameAs\":[\"https:\\\/\\\/www.gaidaphotos.com\",\"https:\\\/\\\/www.facebook.com\\\/gaidaphotos\",\"https:\\\/\\\/instagram.com\\\/gaidaphotos\\\/\",\"https:\\\/\\\/www.linkedin.com\\\/in\\\/gaidaphotos\",\"http:\\\/\\\/www.pinterest.com\\\/gaidaphotos\\\/\",\"https:\\\/\\\/x.com\\\/gaidaphotos\",\"https:\\\/\\\/myspace.com\\\/gaidaphotos\",\"https:\\\/\\\/www.youtube.com\\\/user\\\/gaidaphotos\",\"https:\\\/\\\/gaidaphotos.tumblr.com\\\/\"]}]}<\/script>\n<!-- \/ Yoast SEO plugin. -->","yoast_head_json":{"title":"Karnevalszug und Nubbelverbrennung in K\u00f6ln am 21.02.2012","description":"Die letzten Karnevalsz\u00fcge, die sch\u00f6nste Nubbelverbrennung in K\u00f6ln, Adressen, Termine, Infos","robots":{"index":"index","follow":"follow","max-snippet":"max-snippet:-1","max-image-preview":"max-image-preview:large","max-video-preview":"max-video-preview:-1"},"canonical":"https:\/\/www.gaidaphotos.com\/blog\/2012\/02\/15\/karnevalszug-und-nubbelverbrennung-in-koeln-am-21-02-2012\/","og_locale":"de_DE","og_type":"article","og_title":"Karnevalszug und Nubbelverbrennung in K\u00f6ln am 21.02.2012","og_description":"Die letzten Karnevalsz\u00fcge, die sch\u00f6nste Nubbelverbrennung in K\u00f6ln, Adressen, Termine, Infos","og_url":"https:\/\/www.gaidaphotos.com\/blog\/2012\/02\/15\/karnevalszug-und-nubbelverbrennung-in-koeln-am-21-02-2012\/","og_site_name":"K\u00f6ln Rodenkirchen und die Welt","article_publisher":"https:\/\/www.facebook.com\/Koeln.Rodenkirchen","article_author":"https:\/\/www.facebook.com\/gaidaphotos","article_published_time":"2012-02-15T10:04:55+00:00","article_modified_time":"2018-11-06T12:44:27+00:00","og_image":[{"width":440,"height":293,"url":"https:\/\/www.gaidaphotos.com\/blog\/wp-content\/uploads\/2020\/08\/nggallery_import\/79_","type":"image\/jpeg"}],"author":"Thomas","twitter_card":"summary_large_image","twitter_creator":"@gaidaphotos","twitter_site":"@gaidaphotos","twitter_misc":{"Verfasst von":"Thomas","Gesch\u00e4tzte Lesezeit":"3\u00a0Minuten"},"schema":{"@context":"https:\/\/schema.org","@graph":[{"@type":"Article","@id":"https:\/\/www.gaidaphotos.com\/blog\/2012\/02\/15\/karnevalszug-und-nubbelverbrennung-in-koeln-am-21-02-2012\/#article","isPartOf":{"@id":"https:\/\/www.gaidaphotos.com\/blog\/2012\/02\/15\/karnevalszug-und-nubbelverbrennung-in-koeln-am-21-02-2012\/"},"author":{"name":"Thomas","@id":"https:\/\/www.gaidaphotos.com\/blog\/#\/schema\/person\/6c444a5b13ffc503c5c32f5a9ec68b21"},"headline":"Karnevalszug und Nubbelverbrennung in K\u00f6ln am 21.02.2012","datePublished":"2012-02-15T10:04:55+00:00","dateModified":"2018-11-06T12:44:27+00:00","mainEntityOfPage":{"@id":"https:\/\/www.gaidaphotos.com\/blog\/2012\/02\/15\/karnevalszug-und-nubbelverbrennung-in-koeln-am-21-02-2012\/"},"wordCount":513,"commentCount":1,"publisher":{"@id":"https:\/\/www.gaidaphotos.com\/blog\/#organization"},"image":{"@id":"https:\/\/www.gaidaphotos.com\/blog\/2012\/02\/15\/karnevalszug-und-nubbelverbrennung-in-koeln-am-21-02-2012\/#primaryimage"},"thumbnailUrl":"https:\/\/www.gaidaphotos.com\/blog\/wp-content\/uploads\/2020\/08\/nggallery_import\/79_","keywords":["Freizeit-Ideen","Karneval","K\u00f6ln"],"articleSection":["K\u00f6ln"],"inLanguage":"de","potentialAction":[{"@type":"CommentAction","name":"Comment","target":["https:\/\/www.gaidaphotos.com\/blog\/2012\/02\/15\/karnevalszug-und-nubbelverbrennung-in-koeln-am-21-02-2012\/#respond"]}]},{"@type":"WebPage","@id":"https:\/\/www.gaidaphotos.com\/blog\/2012\/02\/15\/karnevalszug-und-nubbelverbrennung-in-koeln-am-21-02-2012\/","url":"https:\/\/www.gaidaphotos.com\/blog\/2012\/02\/15\/karnevalszug-und-nubbelverbrennung-in-koeln-am-21-02-2012\/","name":"Karnevalszug und Nubbelverbrennung in K\u00f6ln am 21.02.2012","isPartOf":{"@id":"https:\/\/www.gaidaphotos.com\/blog\/#website"},"primaryImageOfPage":{"@id":"https:\/\/www.gaidaphotos.com\/blog\/2012\/02\/15\/karnevalszug-und-nubbelverbrennung-in-koeln-am-21-02-2012\/#primaryimage"},"image":{"@id":"https:\/\/www.gaidaphotos.com\/blog\/2012\/02\/15\/karnevalszug-und-nubbelverbrennung-in-koeln-am-21-02-2012\/#primaryimage"},"thumbnailUrl":"https:\/\/www.gaidaphotos.com\/blog\/wp-content\/uploads\/2020\/08\/nggallery_import\/79_","datePublished":"2012-02-15T10:04:55+00:00","dateModified":"2018-11-06T12:44:27+00:00","description":"Die letzten Karnevalsz\u00fcge, die sch\u00f6nste Nubbelverbrennung in K\u00f6ln, Adressen, Termine, Infos","breadcrumb":{"@id":"https:\/\/www.gaidaphotos.com\/blog\/2012\/02\/15\/karnevalszug-und-nubbelverbrennung-in-koeln-am-21-02-2012\/#breadcrumb"},"inLanguage":"de","potentialAction":[{"@type":"ReadAction","target":["https:\/\/www.gaidaphotos.com\/blog\/2012\/02\/15\/karnevalszug-und-nubbelverbrennung-in-koeln-am-21-02-2012\/"]}]},{"@type":"ImageObject","inLanguage":"de","@id":"https:\/\/www.gaidaphotos.com\/blog\/2012\/02\/15\/karnevalszug-und-nubbelverbrennung-in-koeln-am-21-02-2012\/#primaryimage","url":"https:\/\/www.gaidaphotos.com\/blog\/wp-content\/uploads\/2020\/08\/nggallery_import\/79_","contentUrl":"https:\/\/www.gaidaphotos.com\/blog\/wp-content\/uploads\/2020\/08\/nggallery_import\/79_","width":440,"height":293},{"@type":"BreadcrumbList","@id":"https:\/\/www.gaidaphotos.com\/blog\/2012\/02\/15\/karnevalszug-und-nubbelverbrennung-in-koeln-am-21-02-2012\/#breadcrumb","itemListElement":[{"@type":"ListItem","position":1,"name":"Startseite","item":"https:\/\/www.gaidaphotos.com\/blog\/"},{"@type":"ListItem","position":2,"name":"Karnevalszug und Nubbelverbrennung in K\u00f6ln am 21.02.2012"}]},{"@type":"WebSite","@id":"https:\/\/www.gaidaphotos.com\/blog\/#website","url":"https:\/\/www.gaidaphotos.com\/blog\/","name":"K\u00f6ln Rodenkirchen und die Welt","description":"Einkaufen, Restaurants, Freizeit, Nachrichten und was uns sonst bewegt und begegnet","publisher":{"@id":"https:\/\/www.gaidaphotos.com\/blog\/#organization"},"potentialAction":[{"@type":"SearchAction","target":{"@type":"EntryPoint","urlTemplate":"https:\/\/www.gaidaphotos.com\/blog\/?s={search_term_string}"},"query-input":{"@type":"PropertyValueSpecification","valueRequired":true,"valueName":"search_term_string"}}],"inLanguage":"de"},{"@type":"Organization","@id":"https:\/\/www.gaidaphotos.com\/blog\/#organization","name":"gaidaphotos","url":"https:\/\/www.gaidaphotos.com\/blog\/","logo":{"@type":"ImageObject","inLanguage":"de","@id":"https:\/\/www.gaidaphotos.com\/blog\/#\/schema\/logo\/image\/","url":"https:\/\/i0.wp.com\/www.gaidaphotos.com\/blog\/wp-content\/uploads\/2020\/07\/GAIDAPHOTOS-COM.jpg?fit=160%2C96&ssl=1","contentUrl":"https:\/\/i0.wp.com\/www.gaidaphotos.com\/blog\/wp-content\/uploads\/2020\/07\/GAIDAPHOTOS-COM.jpg?fit=160%2C96&ssl=1","width":160,"height":96,"caption":"gaidaphotos"},"image":{"@id":"https:\/\/www.gaidaphotos.com\/blog\/#\/schema\/logo\/image\/"},"sameAs":["https:\/\/www.facebook.com\/Koeln.Rodenkirchen","https:\/\/x.com\/gaidaphotos","https:\/\/instagram.com\/gaidaphotos\/","https:\/\/de.linkedin.com\/in\/gaidaphotos","https:\/\/myspace.com\/gaidaphotos","https:\/\/www.pinterest.com\/gaidaphotos\/","https:\/\/www.youtube.com\/user\/gaidaphotos"]},{"@type":"Person","@id":"https:\/\/www.gaidaphotos.com\/blog\/#\/schema\/person\/6c444a5b13ffc503c5c32f5a9ec68b21","name":"Thomas","sameAs":["https:\/\/www.gaidaphotos.com","https:\/\/www.facebook.com\/gaidaphotos","https:\/\/instagram.com\/gaidaphotos\/","https:\/\/www.linkedin.com\/in\/gaidaphotos","http:\/\/www.pinterest.com\/gaidaphotos\/","https:\/\/x.com\/gaidaphotos","https:\/\/myspace.com\/gaidaphotos","https:\/\/www.youtube.com\/user\/gaidaphotos","https:\/\/gaidaphotos.tumblr.com\/"]}]}},"jetpack_publicize_connections":[],"jetpack_featured_media_url":"https:\/\/www.gaidaphotos.com\/blog\/wp-content\/uploads\/2020\/08\/nggallery_import\/79_","jetpack_sharing_enabled":true,"jetpack_likes_enabled":true,"jetpack-related-posts":[{"id":3521,"url":"https:\/\/www.gaidaphotos.com\/blog\/2011\/03\/01\/karnevalszug-in-koeln-am-8-3-2011-und-nubbelverbrennung\/","url_meta":{"origin":4235,"position":0},"title":"Karnevalszug in K\u00f6ln am 8.3.2011 und Nubbelverbrennung","author":"Thomas","date":"1. M\u00e4rz 2011","format":false,"excerpt":"Karnevalszug in K\u00f6ln am 8.3.2011 und Nubbelverbrennung \"Last Order Please!\" Der Countdown zur Nubbelverbrennung l\u00e4uft doch noch k\u00f6nnen Sie den ganzen Tag in K\u00f6ln Karneval feiern und Karnevalsz\u00fcge besuchen. Karnevalszug in K\u00f6ln am 08. M\u00e4rz 2011 - Karnevalsdienstag 11:11 Uhr Karnevalszug in K\u00f6ln-Zollstock Jubil\u00e4umszug 50. Dinstagszoch im Veedel Motto: \"Och\u2026","rel":"","context":"In &quot;K\u00f6ln&quot;","block_context":{"text":"K\u00f6ln","link":"https:\/\/www.gaidaphotos.com\/blog\/category\/koeln\/"},"img":{"alt_text":"","src":"","width":0,"height":0},"classes":[]},{"id":5395,"url":"https:\/\/www.gaidaphotos.com\/blog\/2013\/02\/05\/karnevalszug-in-koln-am-12-02-2013-und-nubbelverbrennung\/","url_meta":{"origin":4235,"position":1},"title":"Karnevalszug in K\u00f6ln am 12.02.2013 und Nubbelverbrennung","author":"Thomas","date":"5. Februar 2013","format":false,"excerpt":"Karnevalszug in K\u00f6ln am 12.02.2013 und Nubbelverbrennung \"Am Aschermittwoch ist alles vorbei ...\" Halt! Noch ist nicht Aschermittwoch und noch k\u00f6nnen wir Karneval feiern. Tags\u00fcber ziehen noch Karnevalsz\u00fcge durch die Stadtviertel und Nachts wir kr\u00e4ftig gefeiert, bis der Nubbel brennt. Und wer ist an allem Schuld? Der Nubbel! Und darum\u2026","rel":"","context":"In &quot;Karneval&quot;","block_context":{"text":"Karneval","link":"https:\/\/www.gaidaphotos.com\/blog\/category\/festtage-feiertage\/karneval\/"},"img":{"alt_text":"","src":"https:\/\/www.gaidaphotos.com\/blog\/wp-content\/uploads\/2020\/08\/nggallery_import\/135_","width":350,"height":200,"srcset":"https:\/\/www.gaidaphotos.com\/blog\/wp-content\/uploads\/2020\/08\/nggallery_import\/135_ 1x, https:\/\/www.gaidaphotos.com\/blog\/wp-content\/uploads\/2020\/08\/nggallery_import\/135_ 1.5x, https:\/\/www.gaidaphotos.com\/blog\/wp-content\/uploads\/2020\/08\/nggallery_import\/135_ 2x"},"classes":[]},{"id":4223,"url":"https:\/\/www.gaidaphotos.com\/blog\/2012\/02\/14\/koelner-karnevalszug-am-sonntag-19-02-2012\/","url_meta":{"origin":4235,"position":2},"title":"K\u00f6lner Karnevalszug am Sonntag 19.02.2012","author":"Thomas","date":"14. Februar 2012","format":false,"excerpt":"K\u00f6lner Karnevalszug am Sonntag 19.02.2012 Schull- und Veedelsz\u00f6ch - Veedels-Z\u00fcge Karnevalsz\u00fcge in K\u00f6ln 19.02.2012 - Karnevalssonntag Am Tag vor dem gro\u00dfen Rosenmontagszug finden in K\u00f6ln die Schull- und Veedelsz\u00f6ch und 24 (!) Karnevalsz\u00fcge in den Stadteilen statt. Viele Karnevalsz\u00fcge sind so terminiert, dass Sie morgens in der Innenstadt die Schull-\u2026","rel":"","context":"In &quot;K\u00f6ln&quot;","block_context":{"text":"K\u00f6ln","link":"https:\/\/www.gaidaphotos.com\/blog\/category\/koeln\/"},"img":{"alt_text":"","src":"https:\/\/www.gaidaphotos.com\/blog\/wp-content\/uploads\/2020\/08\/nggallery_import\/108_","width":350,"height":200},"classes":[]},{"id":3516,"url":"https:\/\/www.gaidaphotos.com\/blog\/2011\/02\/27\/koelner-karnevalszug-am-sonntag-6-3-2011\/","url_meta":{"origin":4235,"position":3},"title":"K\u00f6lner Karnevalszug am Sonntag 6.3.2011","author":"Thomas","date":"27. Februar 2011","format":false,"excerpt":"K\u00f6lner Karnevalszug am Sonntag 6.3.2011 Schull- und Veedelsz\u00f6ch - Veedels-Z\u00fcge 06. M\u00e4rz 2011 - Karnevalssonntag Karnevalsz\u00fcge in K\u00f6ln Am Tag vor dem gro\u00dfen Rosenmontagszug in K\u00f6ln finden die Schull- und Veedelsz\u00f6ch und viele Karnevalsz\u00fcge in den Stadteilen statt. Viele Karnevalsz\u00fcge sind so terminiert, dass Sie morgens in der Innenstadt die\u2026","rel":"","context":"In &quot;K\u00f6ln&quot;","block_context":{"text":"K\u00f6ln","link":"https:\/\/www.gaidaphotos.com\/blog\/category\/koeln\/"},"img":{"alt_text":"","src":"","width":0,"height":0},"classes":[]},{"id":4181,"url":"https:\/\/www.gaidaphotos.com\/blog\/2012\/02\/13\/karnevalszug-in-koeln-weiberfastnacht-2012\/","url_meta":{"origin":4235,"position":4},"title":"Karnevalszug in K\u00f6ln: Weiberfastnacht 16.02.2012","author":"Thomas","date":"13. Februar 2012","format":false,"excerpt":"Karnevalszug in K\u00f6ln: Weiberfastnacht 16.02.2012 Jan und Griet Weiberfastnacht (Wieverfastelovend) - Donnerstag, den 16.02.2012 Auch in diesem Jahr wird an Weiberfastnacht (auf K\u00f6lsch: Wieverfastelovend) der Stra\u00dfenkarneval er\u00f6ffnet. Auf dem Alter Markt sammeln sich Karnevalstver\u00fcckte und Karnevalsver\u00fccktinnen zu einer gro\u00dfen Freiluftsitzung ab 10 Uhr. Die Er\u00f6ffnung des Stra\u00dfenkarnevals wird auch auf\u2026","rel":"","context":"In &quot;K\u00f6ln&quot;","block_context":{"text":"K\u00f6ln","link":"https:\/\/www.gaidaphotos.com\/blog\/category\/koeln\/"},"img":{"alt_text":"","src":"https:\/\/www.gaidaphotos.com\/blog\/wp-content\/uploads\/2020\/08\/nggallery_import\/55_","width":350,"height":200},"classes":[]},{"id":5355,"url":"https:\/\/www.gaidaphotos.com\/blog\/2013\/02\/04\/weiberfastnacht-2013-in-koln\/","url_meta":{"origin":4235,"position":5},"title":"Weiberfastnacht 2013 in K\u00f6ln","author":"Thomas","date":"4. Februar 2013","format":false,"excerpt":"Karnevalszug in K\u00f6ln: Weiberfastnacht 07.02.2013 Weiberfastnacht (Wieverfastelovend) - Donnerstag, den 07.02.2013 Weiberfastnacht (auf K\u00f6lsch: Wieverfastelovend) wird der Stra\u00dfenkarneval er\u00f6ffnet. Auf dem Alter Markt sammeln sich Jecke und Jeckinnen zu einer gro\u00dfen Freiluftsitzung ab 10 Uhr. Die Er\u00f6ffnung des Stra\u00dfenkarnevals wird auch auf eine Gro\u00dfbildleinwand auf den Heumarkt \u00fcbertragen. Um 11:11h\u2026","rel":"","context":"In &quot;Karneval&quot;","block_context":{"text":"Karneval","link":"https:\/\/www.gaidaphotos.com\/blog\/category\/festtage-feiertage\/karneval\/"},"img":{"alt_text":"","src":"https:\/\/www.gaidaphotos.com\/blog\/wp-content\/uploads\/2020\/08\/nggallery_import\/121_","width":350,"height":200,"srcset":"https:\/\/www.gaidaphotos.com\/blog\/wp-content\/uploads\/2020\/08\/nggallery_import\/121_ 1x, https:\/\/www.gaidaphotos.com\/blog\/wp-content\/uploads\/2020\/08\/nggallery_import\/121_ 1.5x, https:\/\/www.gaidaphotos.com\/blog\/wp-content\/uploads\/2020\/08\/nggallery_import\/121_ 2x"},"classes":[]}],"_links":{"self":[{"href":"https:\/\/www.gaidaphotos.com\/blog\/wp-json\/wp\/v2\/posts\/4235","targetHints":{"allow":["GET"]}}],"collection":[{"href":"https:\/\/www.gaidaphotos.com\/blog\/wp-json\/wp\/v2\/posts"}],"about":[{"href":"https:\/\/www.gaidaphotos.com\/blog\/wp-json\/wp\/v2\/types\/post"}],"author":[{"embeddable":true,"href":"https:\/\/www.gaidaphotos.com\/blog\/wp-json\/wp\/v2\/users\/6"}],"replies":[{"embeddable":true,"href":"https:\/\/www.gaidaphotos.com\/blog\/wp-json\/wp\/v2\/comments?post=4235"}],"version-history":[{"count":0,"href":"https:\/\/www.gaidaphotos.com\/blog\/wp-json\/wp\/v2\/posts\/4235\/revisions"}],"wp:featuredmedia":[{"embeddable":true,"href":"https:\/\/www.gaidaphotos.com\/blog\/wp-json\/wp\/v2\/media\/12366"}],"wp:attachment":[{"href":"https:\/\/www.gaidaphotos.com\/blog\/wp-json\/wp\/v2\/media?parent=4235"}],"wp:term":[{"taxonomy":"category","embeddable":true,"href":"https:\/\/www.gaidaphotos.com\/blog\/wp-json\/wp\/v2\/categories?post=4235"},{"taxonomy":"post_tag","embeddable":true,"href":"https:\/\/www.gaidaphotos.com\/blog\/wp-json\/wp\/v2\/tags?post=4235"}],"curies":[{"name":"wp","href":"https:\/\/api.w.org\/{rel}","templated":true}]}}