{"id":4257,"date":"2012-02-21T16:35:21","date_gmt":"2012-02-21T15:35:21","guid":{"rendered":"http:\/\/www.gaidaphotos.com\/blog\/?p=4257"},"modified":"2020-12-11T16:54:14","modified_gmt":"2020-12-11T15:54:14","slug":"fotos-vom-karnevalszug-in-koeln-rodenkirchen-2012","status":"publish","type":"post","link":"https:\/\/www.gaidaphotos.com\/blog\/2012\/02\/21\/fotos-vom-karnevalszug-in-koeln-rodenkirchen-2012\/","title":{"rendered":"Fotos vom Karnevalszug in K\u00f6ln Rodenkirchen 2012"},"content":{"rendered":"<h2>Fotos vom Karnevalszug in K\u00f6ln Rodenkirchen 2012<\/h2>\n<p>ngg_shortcode_0_placeholder Fotos vom Karnevalszug in K\u00f6ln Rodenkirchen 2012<\/p>\n<p>Selbst Graupelschauer konnten die Rodenkirchener Jecken nicht stoppen den Karnevalszug in K\u00f6ln Rodenkirchen 2012 zu feiern (s. Foto). Und so wollte ich nicht nachstehen und habe auf den Spritzwasserschutz meiner Kamera vertraut und jede Menge Fotos geschossen. Und so wurden wir alle im Verlauf des Karnevalszugs in K\u00f6ln Rodenkirchen 2012 von der Sonne verw\u00f6hnt (s. Foto).<br \/>\nDie Jecken im Karnevalszug waren ebenso gut gelaunt wie gro\u00dfz\u00fcgig. Und die Jecken entlang des Zugs wurden f\u00fcr Ihr &#8222;Rudekirche Alaaf&#8220; und &#8222;Kamelle&#8220; auch kr\u00e4ftig belohnt.<br \/>\nSchade waren die doch gro\u00dfen L\u00f6cher zwischen den Gruppen. Auf halbem Weg, Maternusplatz\/Maternusstra\u00dfe, zog jede Gruppe mehr oder weniger alleine. Auch scheint immer mehr Musik aus der Konserve zu stammen. W\u00e4re es nicht f\u00fcr die norddeutsche Unterst\u00fctzung (s. Foto) g\u00e4be es kaum noch Live-Musik.<br \/>\nHeute wird der Nubbel verbrannt und im n\u00e4chsten Jahr sehen wir uns wieder.<\/p>\n<p>Drei Mol &#8222;Rudekirche Alaaf&#8220; &#8211; &#8222;K\u00f6lle Alaaf&#8220;<\/p>\n<p>ngg_shortcode_1_placeholder Fotos vom Karnevalszug in K\u00f6ln Rodenkirchen 2012<\/p>\nngg_shortcode_2_placeholder\n","protected":false},"excerpt":{"rendered":"<p>Fotos vom Karnevalszug in K\u00f6ln Rodenkirchen 2012 Fotos vom Karnevalszug in K\u00f6ln Rodenkirchen 2012 Selbst Graupelschauer konnten die Rodenkirchener Jecken<\/p>\n","protected":false},"author":6,"featured_media":12338,"comment_status":"open","ping_status":"open","sticky":false,"template":"","format":"standard","meta":{"_crdt_document":"","ngg_post_thumbnail":0,"jetpack_post_was_ever_published":false,"_jetpack_newsletter_access":"","_jetpack_dont_email_post_to_subs":false,"_jetpack_newsletter_tier_id":0,"_jetpack_memberships_contains_paywalled_content":false,"_jetpack_memberships_contains_paid_content":false,"footnotes":"","jetpack_publicize_message":"","jetpack_publicize_feature_enabled":true,"jetpack_social_post_already_shared":false,"jetpack_social_options":{"image_generator_settings":{"template":"highway","default_image_id":0,"font":"","enabled":false},"version":2}},"categories":[134,101],"tags":[102,549,538],"class_list":["post-4257","post","type-post","status-publish","format-standard","has-post-thumbnail","hentry","category-fotos-vom-karneval","category-koeln-rodenkirchen-freizeit","tag-freizeit","tag-karneval","tag-koeln-rodenkirchen"],"yoast_head":"<!-- This site is optimized with the Yoast SEO plugin v27.5 - https:\/\/yoast.com\/product\/yoast-seo-wordpress\/ -->\n<title>Fotos vom Karnevalszug in K\u00f6ln Rodenkirchen 2012<\/title>\n<meta name=\"description\" content=\"Unsere sch\u00f6nsten Bilder und Fotos vom Karnevalszug in K\u00f6ln Rodenkirchen 2012\" \/>\n<meta name=\"robots\" content=\"index, follow, max-snippet:-1, max-image-preview:large, max-video-preview:-1\" \/>\n<link rel=\"canonical\" href=\"https:\/\/www.gaidaphotos.com\/blog\/2012\/02\/21\/fotos-vom-karnevalszug-in-koeln-rodenkirchen-2012\/\" \/>\n<meta property=\"og:locale\" content=\"de_DE\" \/>\n<meta property=\"og:type\" content=\"article\" \/>\n<meta property=\"og:title\" content=\"Fotos vom Karnevalszug in K\u00f6ln Rodenkirchen 2012\" \/>\n<meta property=\"og:description\" content=\"Unsere sch\u00f6nsten Bilder und Fotos vom Karnevalszug in K\u00f6ln Rodenkirchen 2012\" \/>\n<meta property=\"og:url\" content=\"https:\/\/www.gaidaphotos.com\/blog\/2012\/02\/21\/fotos-vom-karnevalszug-in-koeln-rodenkirchen-2012\/\" \/>\n<meta property=\"og:site_name\" content=\"K\u00f6ln Rodenkirchen und die Welt\" \/>\n<meta property=\"article:publisher\" content=\"https:\/\/www.facebook.com\/Koeln.Rodenkirchen\" \/>\n<meta property=\"article:author\" content=\"https:\/\/www.facebook.com\/gaidaphotos\" \/>\n<meta property=\"article:published_time\" content=\"2012-02-21T15:35:21+00:00\" \/>\n<meta property=\"article:modified_time\" content=\"2020-12-11T15:54:14+00:00\" \/>\n<meta property=\"og:image\" content=\"https:\/\/www.gaidaphotos.com\/blog\/wp-content\/uploads\/2020\/08\/nggallery_import\/51_\" \/>\n\t<meta property=\"og:image:width\" content=\"1000\" \/>\n\t<meta property=\"og:image:height\" content=\"667\" \/>\n\t<meta property=\"og:image:type\" content=\"image\/jpeg\" \/>\n<meta name=\"author\" content=\"Thomas\" \/>\n<meta name=\"twitter:card\" content=\"summary_large_image\" \/>\n<meta name=\"twitter:creator\" content=\"@gaidaphotos\" \/>\n<meta name=\"twitter:site\" content=\"@gaidaphotos\" \/>\n<meta name=\"twitter:label1\" content=\"Verfasst von\" \/>\n\t<meta name=\"twitter:data1\" content=\"Thomas\" \/>\n\t<meta name=\"twitter:label2\" content=\"Gesch\u00e4tzte Lesezeit\" \/>\n\t<meta name=\"twitter:data2\" content=\"1\u00a0Minute\" \/>\n<script type=\"application\/ld+json\" class=\"yoast-schema-graph\">{\"@context\":\"https:\\\/\\\/schema.org\",\"@graph\":[{\"@type\":\"Article\",\"@id\":\"https:\\\/\\\/www.gaidaphotos.com\\\/blog\\\/2012\\\/02\\\/21\\\/fotos-vom-karnevalszug-in-koeln-rodenkirchen-2012\\\/#article\",\"isPartOf\":{\"@id\":\"https:\\\/\\\/www.gaidaphotos.com\\\/blog\\\/2012\\\/02\\\/21\\\/fotos-vom-karnevalszug-in-koeln-rodenkirchen-2012\\\/\"},\"author\":{\"name\":\"Thomas\",\"@id\":\"https:\\\/\\\/www.gaidaphotos.com\\\/blog\\\/#\\\/schema\\\/person\\\/6c444a5b13ffc503c5c32f5a9ec68b21\"},\"headline\":\"Fotos vom Karnevalszug in K\u00f6ln Rodenkirchen 2012\",\"datePublished\":\"2012-02-21T15:35:21+00:00\",\"dateModified\":\"2020-12-11T15:54:14+00:00\",\"mainEntityOfPage\":{\"@id\":\"https:\\\/\\\/www.gaidaphotos.com\\\/blog\\\/2012\\\/02\\\/21\\\/fotos-vom-karnevalszug-in-koeln-rodenkirchen-2012\\\/\"},\"wordCount\":210,\"commentCount\":0,\"publisher\":{\"@id\":\"https:\\\/\\\/www.gaidaphotos.com\\\/blog\\\/#organization\"},\"image\":{\"@id\":\"https:\\\/\\\/www.gaidaphotos.com\\\/blog\\\/2012\\\/02\\\/21\\\/fotos-vom-karnevalszug-in-koeln-rodenkirchen-2012\\\/#primaryimage\"},\"thumbnailUrl\":\"https:\\\/\\\/www.gaidaphotos.com\\\/blog\\\/wp-content\\\/uploads\\\/2020\\\/08\\\/nggallery_import\\\/51_\",\"keywords\":[\"Freizeit-Ideen\",\"Karneval\",\"K\u00f6ln Rodenkirchen\"],\"articleSection\":[\"Fotos vom Karneval\",\"K\u00f6ln Rodenkirchen Freizeit\"],\"inLanguage\":\"de\",\"potentialAction\":[{\"@type\":\"CommentAction\",\"name\":\"Comment\",\"target\":[\"https:\\\/\\\/www.gaidaphotos.com\\\/blog\\\/2012\\\/02\\\/21\\\/fotos-vom-karnevalszug-in-koeln-rodenkirchen-2012\\\/#respond\"]}]},{\"@type\":\"WebPage\",\"@id\":\"https:\\\/\\\/www.gaidaphotos.com\\\/blog\\\/2012\\\/02\\\/21\\\/fotos-vom-karnevalszug-in-koeln-rodenkirchen-2012\\\/\",\"url\":\"https:\\\/\\\/www.gaidaphotos.com\\\/blog\\\/2012\\\/02\\\/21\\\/fotos-vom-karnevalszug-in-koeln-rodenkirchen-2012\\\/\",\"name\":\"Fotos vom Karnevalszug in K\u00f6ln Rodenkirchen 2012\",\"isPartOf\":{\"@id\":\"https:\\\/\\\/www.gaidaphotos.com\\\/blog\\\/#website\"},\"primaryImageOfPage\":{\"@id\":\"https:\\\/\\\/www.gaidaphotos.com\\\/blog\\\/2012\\\/02\\\/21\\\/fotos-vom-karnevalszug-in-koeln-rodenkirchen-2012\\\/#primaryimage\"},\"image\":{\"@id\":\"https:\\\/\\\/www.gaidaphotos.com\\\/blog\\\/2012\\\/02\\\/21\\\/fotos-vom-karnevalszug-in-koeln-rodenkirchen-2012\\\/#primaryimage\"},\"thumbnailUrl\":\"https:\\\/\\\/www.gaidaphotos.com\\\/blog\\\/wp-content\\\/uploads\\\/2020\\\/08\\\/nggallery_import\\\/51_\",\"datePublished\":\"2012-02-21T15:35:21+00:00\",\"dateModified\":\"2020-12-11T15:54:14+00:00\",\"description\":\"Unsere sch\u00f6nsten Bilder und Fotos vom Karnevalszug in K\u00f6ln Rodenkirchen 2012\",\"breadcrumb\":{\"@id\":\"https:\\\/\\\/www.gaidaphotos.com\\\/blog\\\/2012\\\/02\\\/21\\\/fotos-vom-karnevalszug-in-koeln-rodenkirchen-2012\\\/#breadcrumb\"},\"inLanguage\":\"de\",\"potentialAction\":[{\"@type\":\"ReadAction\",\"target\":[\"https:\\\/\\\/www.gaidaphotos.com\\\/blog\\\/2012\\\/02\\\/21\\\/fotos-vom-karnevalszug-in-koeln-rodenkirchen-2012\\\/\"]}]},{\"@type\":\"ImageObject\",\"inLanguage\":\"de\",\"@id\":\"https:\\\/\\\/www.gaidaphotos.com\\\/blog\\\/2012\\\/02\\\/21\\\/fotos-vom-karnevalszug-in-koeln-rodenkirchen-2012\\\/#primaryimage\",\"url\":\"https:\\\/\\\/www.gaidaphotos.com\\\/blog\\\/wp-content\\\/uploads\\\/2020\\\/08\\\/nggallery_import\\\/51_\",\"contentUrl\":\"https:\\\/\\\/www.gaidaphotos.com\\\/blog\\\/wp-content\\\/uploads\\\/2020\\\/08\\\/nggallery_import\\\/51_\",\"width\":1000,\"height\":667},{\"@type\":\"BreadcrumbList\",\"@id\":\"https:\\\/\\\/www.gaidaphotos.com\\\/blog\\\/2012\\\/02\\\/21\\\/fotos-vom-karnevalszug-in-koeln-rodenkirchen-2012\\\/#breadcrumb\",\"itemListElement\":[{\"@type\":\"ListItem\",\"position\":1,\"name\":\"Startseite\",\"item\":\"https:\\\/\\\/www.gaidaphotos.com\\\/blog\\\/\"},{\"@type\":\"ListItem\",\"position\":2,\"name\":\"Fotos vom Karnevalszug in K\u00f6ln Rodenkirchen 2012\"}]},{\"@type\":\"WebSite\",\"@id\":\"https:\\\/\\\/www.gaidaphotos.com\\\/blog\\\/#website\",\"url\":\"https:\\\/\\\/www.gaidaphotos.com\\\/blog\\\/\",\"name\":\"K\u00f6ln Rodenkirchen und die Welt\",\"description\":\"Einkaufen, Restaurants, Freizeit, Nachrichten und was uns sonst bewegt und begegnet\",\"publisher\":{\"@id\":\"https:\\\/\\\/www.gaidaphotos.com\\\/blog\\\/#organization\"},\"potentialAction\":[{\"@type\":\"SearchAction\",\"target\":{\"@type\":\"EntryPoint\",\"urlTemplate\":\"https:\\\/\\\/www.gaidaphotos.com\\\/blog\\\/?s={search_term_string}\"},\"query-input\":{\"@type\":\"PropertyValueSpecification\",\"valueRequired\":true,\"valueName\":\"search_term_string\"}}],\"inLanguage\":\"de\"},{\"@type\":\"Organization\",\"@id\":\"https:\\\/\\\/www.gaidaphotos.com\\\/blog\\\/#organization\",\"name\":\"gaidaphotos\",\"url\":\"https:\\\/\\\/www.gaidaphotos.com\\\/blog\\\/\",\"logo\":{\"@type\":\"ImageObject\",\"inLanguage\":\"de\",\"@id\":\"https:\\\/\\\/www.gaidaphotos.com\\\/blog\\\/#\\\/schema\\\/logo\\\/image\\\/\",\"url\":\"https:\\\/\\\/i0.wp.com\\\/www.gaidaphotos.com\\\/blog\\\/wp-content\\\/uploads\\\/2020\\\/07\\\/GAIDAPHOTOS-COM.jpg?fit=160%2C96&ssl=1\",\"contentUrl\":\"https:\\\/\\\/i0.wp.com\\\/www.gaidaphotos.com\\\/blog\\\/wp-content\\\/uploads\\\/2020\\\/07\\\/GAIDAPHOTOS-COM.jpg?fit=160%2C96&ssl=1\",\"width\":160,\"height\":96,\"caption\":\"gaidaphotos\"},\"image\":{\"@id\":\"https:\\\/\\\/www.gaidaphotos.com\\\/blog\\\/#\\\/schema\\\/logo\\\/image\\\/\"},\"sameAs\":[\"https:\\\/\\\/www.facebook.com\\\/Koeln.Rodenkirchen\",\"https:\\\/\\\/x.com\\\/gaidaphotos\",\"https:\\\/\\\/instagram.com\\\/gaidaphotos\\\/\",\"https:\\\/\\\/de.linkedin.com\\\/in\\\/gaidaphotos\",\"https:\\\/\\\/myspace.com\\\/gaidaphotos\",\"https:\\\/\\\/www.pinterest.com\\\/gaidaphotos\\\/\",\"https:\\\/\\\/www.youtube.com\\\/user\\\/gaidaphotos\"]},{\"@type\":\"Person\",\"@id\":\"https:\\\/\\\/www.gaidaphotos.com\\\/blog\\\/#\\\/schema\\\/person\\\/6c444a5b13ffc503c5c32f5a9ec68b21\",\"name\":\"Thomas\",\"sameAs\":[\"https:\\\/\\\/www.gaidaphotos.com\",\"https:\\\/\\\/www.facebook.com\\\/gaidaphotos\",\"https:\\\/\\\/instagram.com\\\/gaidaphotos\\\/\",\"https:\\\/\\\/www.linkedin.com\\\/in\\\/gaidaphotos\",\"http:\\\/\\\/www.pinterest.com\\\/gaidaphotos\\\/\",\"https:\\\/\\\/x.com\\\/gaidaphotos\",\"https:\\\/\\\/myspace.com\\\/gaidaphotos\",\"https:\\\/\\\/www.youtube.com\\\/user\\\/gaidaphotos\",\"https:\\\/\\\/gaidaphotos.tumblr.com\\\/\"]}]}<\/script>\n<!-- \/ Yoast SEO plugin. -->","yoast_head_json":{"title":"Fotos vom Karnevalszug in K\u00f6ln Rodenkirchen 2012","description":"Unsere sch\u00f6nsten Bilder und Fotos vom Karnevalszug in K\u00f6ln Rodenkirchen 2012","robots":{"index":"index","follow":"follow","max-snippet":"max-snippet:-1","max-image-preview":"max-image-preview:large","max-video-preview":"max-video-preview:-1"},"canonical":"https:\/\/www.gaidaphotos.com\/blog\/2012\/02\/21\/fotos-vom-karnevalszug-in-koeln-rodenkirchen-2012\/","og_locale":"de_DE","og_type":"article","og_title":"Fotos vom Karnevalszug in K\u00f6ln Rodenkirchen 2012","og_description":"Unsere sch\u00f6nsten Bilder und Fotos vom Karnevalszug in K\u00f6ln Rodenkirchen 2012","og_url":"https:\/\/www.gaidaphotos.com\/blog\/2012\/02\/21\/fotos-vom-karnevalszug-in-koeln-rodenkirchen-2012\/","og_site_name":"K\u00f6ln Rodenkirchen und die Welt","article_publisher":"https:\/\/www.facebook.com\/Koeln.Rodenkirchen","article_author":"https:\/\/www.facebook.com\/gaidaphotos","article_published_time":"2012-02-21T15:35:21+00:00","article_modified_time":"2020-12-11T15:54:14+00:00","og_image":[{"width":1000,"height":667,"url":"https:\/\/www.gaidaphotos.com\/blog\/wp-content\/uploads\/2020\/08\/nggallery_import\/51_","type":"image\/jpeg"}],"author":"Thomas","twitter_card":"summary_large_image","twitter_creator":"@gaidaphotos","twitter_site":"@gaidaphotos","twitter_misc":{"Verfasst von":"Thomas","Gesch\u00e4tzte Lesezeit":"1\u00a0Minute"},"schema":{"@context":"https:\/\/schema.org","@graph":[{"@type":"Article","@id":"https:\/\/www.gaidaphotos.com\/blog\/2012\/02\/21\/fotos-vom-karnevalszug-in-koeln-rodenkirchen-2012\/#article","isPartOf":{"@id":"https:\/\/www.gaidaphotos.com\/blog\/2012\/02\/21\/fotos-vom-karnevalszug-in-koeln-rodenkirchen-2012\/"},"author":{"name":"Thomas","@id":"https:\/\/www.gaidaphotos.com\/blog\/#\/schema\/person\/6c444a5b13ffc503c5c32f5a9ec68b21"},"headline":"Fotos vom Karnevalszug in K\u00f6ln Rodenkirchen 2012","datePublished":"2012-02-21T15:35:21+00:00","dateModified":"2020-12-11T15:54:14+00:00","mainEntityOfPage":{"@id":"https:\/\/www.gaidaphotos.com\/blog\/2012\/02\/21\/fotos-vom-karnevalszug-in-koeln-rodenkirchen-2012\/"},"wordCount":210,"commentCount":0,"publisher":{"@id":"https:\/\/www.gaidaphotos.com\/blog\/#organization"},"image":{"@id":"https:\/\/www.gaidaphotos.com\/blog\/2012\/02\/21\/fotos-vom-karnevalszug-in-koeln-rodenkirchen-2012\/#primaryimage"},"thumbnailUrl":"https:\/\/www.gaidaphotos.com\/blog\/wp-content\/uploads\/2020\/08\/nggallery_import\/51_","keywords":["Freizeit-Ideen","Karneval","K\u00f6ln Rodenkirchen"],"articleSection":["Fotos vom Karneval","K\u00f6ln Rodenkirchen Freizeit"],"inLanguage":"de","potentialAction":[{"@type":"CommentAction","name":"Comment","target":["https:\/\/www.gaidaphotos.com\/blog\/2012\/02\/21\/fotos-vom-karnevalszug-in-koeln-rodenkirchen-2012\/#respond"]}]},{"@type":"WebPage","@id":"https:\/\/www.gaidaphotos.com\/blog\/2012\/02\/21\/fotos-vom-karnevalszug-in-koeln-rodenkirchen-2012\/","url":"https:\/\/www.gaidaphotos.com\/blog\/2012\/02\/21\/fotos-vom-karnevalszug-in-koeln-rodenkirchen-2012\/","name":"Fotos vom Karnevalszug in K\u00f6ln Rodenkirchen 2012","isPartOf":{"@id":"https:\/\/www.gaidaphotos.com\/blog\/#website"},"primaryImageOfPage":{"@id":"https:\/\/www.gaidaphotos.com\/blog\/2012\/02\/21\/fotos-vom-karnevalszug-in-koeln-rodenkirchen-2012\/#primaryimage"},"image":{"@id":"https:\/\/www.gaidaphotos.com\/blog\/2012\/02\/21\/fotos-vom-karnevalszug-in-koeln-rodenkirchen-2012\/#primaryimage"},"thumbnailUrl":"https:\/\/www.gaidaphotos.com\/blog\/wp-content\/uploads\/2020\/08\/nggallery_import\/51_","datePublished":"2012-02-21T15:35:21+00:00","dateModified":"2020-12-11T15:54:14+00:00","description":"Unsere sch\u00f6nsten Bilder und Fotos vom Karnevalszug in K\u00f6ln Rodenkirchen 2012","breadcrumb":{"@id":"https:\/\/www.gaidaphotos.com\/blog\/2012\/02\/21\/fotos-vom-karnevalszug-in-koeln-rodenkirchen-2012\/#breadcrumb"},"inLanguage":"de","potentialAction":[{"@type":"ReadAction","target":["https:\/\/www.gaidaphotos.com\/blog\/2012\/02\/21\/fotos-vom-karnevalszug-in-koeln-rodenkirchen-2012\/"]}]},{"@type":"ImageObject","inLanguage":"de","@id":"https:\/\/www.gaidaphotos.com\/blog\/2012\/02\/21\/fotos-vom-karnevalszug-in-koeln-rodenkirchen-2012\/#primaryimage","url":"https:\/\/www.gaidaphotos.com\/blog\/wp-content\/uploads\/2020\/08\/nggallery_import\/51_","contentUrl":"https:\/\/www.gaidaphotos.com\/blog\/wp-content\/uploads\/2020\/08\/nggallery_import\/51_","width":1000,"height":667},{"@type":"BreadcrumbList","@id":"https:\/\/www.gaidaphotos.com\/blog\/2012\/02\/21\/fotos-vom-karnevalszug-in-koeln-rodenkirchen-2012\/#breadcrumb","itemListElement":[{"@type":"ListItem","position":1,"name":"Startseite","item":"https:\/\/www.gaidaphotos.com\/blog\/"},{"@type":"ListItem","position":2,"name":"Fotos vom Karnevalszug in K\u00f6ln Rodenkirchen 2012"}]},{"@type":"WebSite","@id":"https:\/\/www.gaidaphotos.com\/blog\/#website","url":"https:\/\/www.gaidaphotos.com\/blog\/","name":"K\u00f6ln Rodenkirchen und die Welt","description":"Einkaufen, Restaurants, Freizeit, Nachrichten und was uns sonst bewegt und begegnet","publisher":{"@id":"https:\/\/www.gaidaphotos.com\/blog\/#organization"},"potentialAction":[{"@type":"SearchAction","target":{"@type":"EntryPoint","urlTemplate":"https:\/\/www.gaidaphotos.com\/blog\/?s={search_term_string}"},"query-input":{"@type":"PropertyValueSpecification","valueRequired":true,"valueName":"search_term_string"}}],"inLanguage":"de"},{"@type":"Organization","@id":"https:\/\/www.gaidaphotos.com\/blog\/#organization","name":"gaidaphotos","url":"https:\/\/www.gaidaphotos.com\/blog\/","logo":{"@type":"ImageObject","inLanguage":"de","@id":"https:\/\/www.gaidaphotos.com\/blog\/#\/schema\/logo\/image\/","url":"https:\/\/i0.wp.com\/www.gaidaphotos.com\/blog\/wp-content\/uploads\/2020\/07\/GAIDAPHOTOS-COM.jpg?fit=160%2C96&ssl=1","contentUrl":"https:\/\/i0.wp.com\/www.gaidaphotos.com\/blog\/wp-content\/uploads\/2020\/07\/GAIDAPHOTOS-COM.jpg?fit=160%2C96&ssl=1","width":160,"height":96,"caption":"gaidaphotos"},"image":{"@id":"https:\/\/www.gaidaphotos.com\/blog\/#\/schema\/logo\/image\/"},"sameAs":["https:\/\/www.facebook.com\/Koeln.Rodenkirchen","https:\/\/x.com\/gaidaphotos","https:\/\/instagram.com\/gaidaphotos\/","https:\/\/de.linkedin.com\/in\/gaidaphotos","https:\/\/myspace.com\/gaidaphotos","https:\/\/www.pinterest.com\/gaidaphotos\/","https:\/\/www.youtube.com\/user\/gaidaphotos"]},{"@type":"Person","@id":"https:\/\/www.gaidaphotos.com\/blog\/#\/schema\/person\/6c444a5b13ffc503c5c32f5a9ec68b21","name":"Thomas","sameAs":["https:\/\/www.gaidaphotos.com","https:\/\/www.facebook.com\/gaidaphotos","https:\/\/instagram.com\/gaidaphotos\/","https:\/\/www.linkedin.com\/in\/gaidaphotos","http:\/\/www.pinterest.com\/gaidaphotos\/","https:\/\/x.com\/gaidaphotos","https:\/\/myspace.com\/gaidaphotos","https:\/\/www.youtube.com\/user\/gaidaphotos","https:\/\/gaidaphotos.tumblr.com\/"]}]}},"jetpack_publicize_connections":[],"jetpack_featured_media_url":"https:\/\/www.gaidaphotos.com\/blog\/wp-content\/uploads\/2020\/08\/nggallery_import\/51_","jetpack_sharing_enabled":true,"jetpack_likes_enabled":true,"jetpack-related-posts":[{"id":2554,"url":"https:\/\/www.gaidaphotos.com\/blog\/2010\/02\/15\/rodenkirchen-fotos-karneval-karnevalszug-2010\/","url_meta":{"origin":4257,"position":0},"title":"K\u00f6ln-Rodenkirchen: Karneval &#8211; Fotos vom Zug 2010","author":"Thomas","date":"15. Februar 2010","format":false,"excerpt":"Schneeflocken und Kamelle: Fotos vom Karnevalszug in Rodenkirchen Das gab es lange nicht, Schneeflocken und Kamelle beim Karneval in Rodenkirchen. Trotz verschneiter Stra\u00dfen (!) lie\u00dfen sich gestern weder der Karnevalszug in K\u00f6ln-Rodenkirchen noch die Jecken vom Feiern abhalten. Im Unterschied zu fr\u00fcheren Jahren war der Zug an Karneval deutlicher flotter.\u2026","rel":"","context":"In &quot;K\u00f6ln Rodenkirchen&quot;","block_context":{"text":"K\u00f6ln Rodenkirchen","link":"https:\/\/www.gaidaphotos.com\/blog\/category\/koeln-rodenkirchen\/"},"img":{"alt_text":"Strassenkarneval in K\u00f6ln Rodenkirchen","src":"https:\/\/i0.wp.com\/www.gaidaphotos.com\/blog\/wp-content\/uploads\/2010\/02\/strassenkarneval-koeln-rodenkirchen-tanzgruppen-03.jpg?fit=480%2C320&ssl=1&resize=350%2C200","width":350,"height":200},"classes":[]},{"id":6142,"url":"https:\/\/www.gaidaphotos.com\/blog\/2014\/03\/03\/karneval-2014-in-koeln-rodenkirchen\/","url_meta":{"origin":4257,"position":1},"title":"Karneval 2014 in K\u00f6ln Rodenkirchen","author":"Thomas","date":"3. M\u00e4rz 2014","format":false,"excerpt":"Die sch\u00f6nsten Bilder vom Karnevalszug 2014 in K\u00f6ln-Rodenkirchen Sonnenschein und angenehme Temperaturen lockten selbst den letzten Jeck hinter dem Ofen hervor, um beim Rodenkirchener Karnevalszug zu feiern und Kamelle zu schnappen. Selten waren die Stra\u00dfen von Rodenkirchen so fr\u00fch von so vielen Karnevalisten gef\u00fcllt wie in diesem Jahr. Das Wetter\u2026","rel":"","context":"In &quot;Karneval&quot;","block_context":{"text":"Karneval","link":"https:\/\/www.gaidaphotos.com\/blog\/category\/festtage-feiertage\/karneval\/"},"img":{"alt_text":"","src":"https:\/\/i0.wp.com\/www.gaidaphotos.com\/blog\/wp-content\/uploads\/ngg_featured\/karneval-koeln-rodenkirchen-2014-08.jpg?fit=1000%2C667&ssl=1&resize=350%2C200","width":350,"height":200,"srcset":"https:\/\/i0.wp.com\/www.gaidaphotos.com\/blog\/wp-content\/uploads\/ngg_featured\/karneval-koeln-rodenkirchen-2014-08.jpg?fit=1000%2C667&ssl=1&resize=350%2C200 1x, https:\/\/i0.wp.com\/www.gaidaphotos.com\/blog\/wp-content\/uploads\/ngg_featured\/karneval-koeln-rodenkirchen-2014-08.jpg?fit=1000%2C667&ssl=1&resize=525%2C300 1.5x, https:\/\/i0.wp.com\/www.gaidaphotos.com\/blog\/wp-content\/uploads\/ngg_featured\/karneval-koeln-rodenkirchen-2014-08.jpg?fit=1000%2C667&ssl=1&resize=700%2C400 2x"},"classes":[]},{"id":3523,"url":"https:\/\/www.gaidaphotos.com\/blog\/2011\/03\/07\/bilder-vom-karnevalszug-in-koln-rodenkirchen-2011\/","url_meta":{"origin":4257,"position":2},"title":"Bilder vom Karnevalszug in K\u00f6ln Rodenkirchen 2011","author":"Thomas","date":"7. M\u00e4rz 2011","format":false,"excerpt":"Bilder vom Karnevalszug in K\u00f6ln Rodenkirchen 2011 \"Kaiserwetter\" zum Karnevalszug in K\u00f6ln-Rodenkrichen 2011 lockte die Jeckinnen und Jecken in Scharen. Die ersten warteten ab 14:00h, deutlich gef\u00fcllt wurde es ab 15:00h und doch dauerte es bis 16:45h, bis der Karnevalszug in diesem Jahr den Maternusplatz erreichte. Der guten Stimmung tat\u2026","rel":"","context":"In &quot;Fotos vom Karneval&quot;","block_context":{"text":"Fotos vom Karneval","link":"https:\/\/www.gaidaphotos.com\/blog\/category\/foto\/fotos-vom-karneval\/"},"img":{"alt_text":"","src":"https:\/\/i0.wp.com\/www.gaidaphotos.com\/blog\/wp-content\/uploads\/2019\/03\/bilder-karnevalszug-rodenkirchen-2011-11.jpg?fit=440%2C293&ssl=1&resize=350%2C200","width":350,"height":200},"classes":[]},{"id":9625,"url":"https:\/\/www.gaidaphotos.com\/blog\/2017\/02\/27\/rodenkirchener-karnevalszug-viele-bilder\/","url_meta":{"origin":4257,"position":3},"title":"Rodenkirchener Karnevalszug 2017 &#8211; viele Bilder","author":"Thomas","date":"27. Februar 2017","format":false,"excerpt":"Bilder vom Karnevalszug 2017 in K\u00f6ln-Rodenkirchen Wimmelbilder vom Rodenkirchener Karneval 2017. Dicht gedr\u00e4ngt standen die Besucher des Karnevalszugs in Rodenkirchen. Bei den Fu\u00dfgruppen konnte man Mitwirkende von Mitfeiernden kaum unterscheiden, so fr\u00f6hlich war die Stimmung in diesem Jahr. Milde 15\u00b0C ohne Sonnenschein aber auch ohne Regen unterst\u00fctzen die Karnevalsbegeisterten. Oder\u2026","rel":"","context":"In &quot;Fotos vom Karneval&quot;","block_context":{"text":"Fotos vom Karneval","link":"https:\/\/www.gaidaphotos.com\/blog\/category\/foto\/fotos-vom-karneval\/"},"img":{"alt_text":"","src":"https:\/\/i0.wp.com\/www.gaidaphotos.com\/blog\/wp-content\/uploads\/ngg_featured\/karnevalszug-rodenkirchen-2017-35.jpg?fit=682%2C1024&ssl=1&resize=350%2C200","width":350,"height":200,"srcset":"https:\/\/i0.wp.com\/www.gaidaphotos.com\/blog\/wp-content\/uploads\/ngg_featured\/karnevalszug-rodenkirchen-2017-35.jpg?fit=682%2C1024&ssl=1&resize=350%2C200 1x, https:\/\/i0.wp.com\/www.gaidaphotos.com\/blog\/wp-content\/uploads\/ngg_featured\/karnevalszug-rodenkirchen-2017-35.jpg?fit=682%2C1024&ssl=1&resize=525%2C300 1.5x"},"classes":[]},{"id":8492,"url":"https:\/\/www.gaidaphotos.com\/blog\/2015\/02\/16\/karnevalszug-2015-in-rodenkirchen\/","url_meta":{"origin":4257,"position":4},"title":"Karnevalszug 2015 in Rodenkirchen","author":"Thomas","date":"16. Februar 2015","format":false,"excerpt":"Viele Fotos vom Karnevalszug 2015 in Rodenkirchen Sonnenschein, 10\u00b0C und viele fr\u00f6hliche Gesichter - der Karnevalszug 2015 in Rodenkirchen war wieder ein gro\u00dfer Erfolg und begeisterte die Massen. Wenn die Sonne vom blauen Himmel scheint und sich die Temperaturen im zweistelligen Bereich bewegen ist der Stra\u00dfenkarneval am sch\u00f6nsten. In diesem\u2026","rel":"","context":"In &quot;Fotos vom Karneval&quot;","block_context":{"text":"Fotos vom Karneval","link":"https:\/\/www.gaidaphotos.com\/blog\/category\/foto\/fotos-vom-karneval\/"},"img":{"alt_text":"","src":"https:\/\/i0.wp.com\/www.gaidaphotos.com\/blog\/wp-content\/uploads\/ngg_featured\/karnevalszug-rodenkirchen-2015-035.jpg?fit=683%2C1024&ssl=1&resize=350%2C200","width":350,"height":200,"srcset":"https:\/\/i0.wp.com\/www.gaidaphotos.com\/blog\/wp-content\/uploads\/ngg_featured\/karnevalszug-rodenkirchen-2015-035.jpg?fit=683%2C1024&ssl=1&resize=350%2C200 1x, https:\/\/i0.wp.com\/www.gaidaphotos.com\/blog\/wp-content\/uploads\/ngg_featured\/karnevalszug-rodenkirchen-2015-035.jpg?fit=683%2C1024&ssl=1&resize=525%2C300 1.5x"},"classes":[]},{"id":5428,"url":"https:\/\/www.gaidaphotos.com\/blog\/2013\/02\/12\/karneval-in-rodenkirchen-2013-bilder\/","url_meta":{"origin":4257,"position":5},"title":"Karneval in Rodenkirchen 2013: viele sch\u00f6ne, bunte Bilder","author":"Thomas","date":"12. Februar 2013","format":false,"excerpt":"Viele sch\u00f6ne, bunte Bilder vom Karneval in Rodenkirchen 2013 Ein kalter Wind blies durch Rodenkirchen, doch das tat der Stimmung keinen Abbruch. Beim Karnevalszug am Sonntag sangen, tanzen, schunkelten und b\u00fctzten sich die Rodenkirchener warm. Schon am Tempo des Karnevalszuges selbst konnte man die Temperatur messen. In rekordverd\u00e4chtigen 45 Minuten\u2026","rel":"","context":"In &quot;Fotos vom Karneval&quot;","block_context":{"text":"Fotos vom Karneval","link":"https:\/\/www.gaidaphotos.com\/blog\/category\/foto\/fotos-vom-karneval\/"},"img":{"alt_text":"","src":"https:\/\/i0.wp.com\/www.gaidaphotos.com\/blog\/wp-content\/uploads\/ngg_featured\/img_4212.jpg?fit=1000%2C667&ssl=1&resize=350%2C200","width":350,"height":200,"srcset":"https:\/\/i0.wp.com\/www.gaidaphotos.com\/blog\/wp-content\/uploads\/ngg_featured\/img_4212.jpg?fit=1000%2C667&ssl=1&resize=350%2C200 1x, https:\/\/i0.wp.com\/www.gaidaphotos.com\/blog\/wp-content\/uploads\/ngg_featured\/img_4212.jpg?fit=1000%2C667&ssl=1&resize=525%2C300 1.5x, https:\/\/i0.wp.com\/www.gaidaphotos.com\/blog\/wp-content\/uploads\/ngg_featured\/img_4212.jpg?fit=1000%2C667&ssl=1&resize=700%2C400 2x"},"classes":[]}],"_links":{"self":[{"href":"https:\/\/www.gaidaphotos.com\/blog\/wp-json\/wp\/v2\/posts\/4257","targetHints":{"allow":["GET"]}}],"collection":[{"href":"https:\/\/www.gaidaphotos.com\/blog\/wp-json\/wp\/v2\/posts"}],"about":[{"href":"https:\/\/www.gaidaphotos.com\/blog\/wp-json\/wp\/v2\/types\/post"}],"author":[{"embeddable":true,"href":"https:\/\/www.gaidaphotos.com\/blog\/wp-json\/wp\/v2\/users\/6"}],"replies":[{"embeddable":true,"href":"https:\/\/www.gaidaphotos.com\/blog\/wp-json\/wp\/v2\/comments?post=4257"}],"version-history":[{"count":0,"href":"https:\/\/www.gaidaphotos.com\/blog\/wp-json\/wp\/v2\/posts\/4257\/revisions"}],"wp:featuredmedia":[{"embeddable":true,"href":"https:\/\/www.gaidaphotos.com\/blog\/wp-json\/wp\/v2\/media\/12338"}],"wp:attachment":[{"href":"https:\/\/www.gaidaphotos.com\/blog\/wp-json\/wp\/v2\/media?parent=4257"}],"wp:term":[{"taxonomy":"category","embeddable":true,"href":"https:\/\/www.gaidaphotos.com\/blog\/wp-json\/wp\/v2\/categories?post=4257"},{"taxonomy":"post_tag","embeddable":true,"href":"https:\/\/www.gaidaphotos.com\/blog\/wp-json\/wp\/v2\/tags?post=4257"}],"curies":[{"name":"wp","href":"https:\/\/api.w.org\/{rel}","templated":true}]}}