{"id":4264,"date":"2012-02-21T18:18:24","date_gmt":"2012-02-21T17:18:24","guid":{"rendered":"http:\/\/www.gaidaphotos.com\/blog\/?p=4264"},"modified":"2020-12-30T15:53:42","modified_gmt":"2020-12-30T14:53:42","slug":"fotos-vom-karneval-im-maastricht-2012","status":"publish","type":"post","link":"https:\/\/www.gaidaphotos.com\/blog\/2012\/02\/21\/fotos-vom-karneval-im-maastricht-2012\/","title":{"rendered":"Fotos vom Karneval im Maastricht 2012"},"content":{"rendered":"<h2>Fotos vom Karneval im Maastricht 2012<\/h2>\n<p>ngg_shortcode_0_placeholder<br \/>\nFotos vom Karneval im Maastricht 2012Fotos vom Karneval im Maastricht 2012? Am Rosenmontag? Als K\u00f6lner?<br \/>\nVon vorne. Wie kam es zu den Fotos vom Karneval im Maastricht 2012? Eigentlich sind wir ja &#8222;Karnevalsfl\u00fcchtlinge&#8220;. F\u00fcr dieses Jahr reichte uns der Karneval und wir wollten in Maastricht wieder einmal &#8222;window shoppen&#8220; und nett Essen gehen. Der schwache Verkehr in Holland war dann schon auff\u00e4llig und ebenso die verkleideten Jecken, die gen Innenstadt zogen.<br \/>\nUnd da waren wir dann auch. Mitten im bunten Treiben und haben Fotos vom Karneval im Maastricht 2012 gemacht &#8211; und gute Miene zum b\u00f6sen Spiel. Einkaufen war nicht und auch nicht ruhig und nette essen. Stattdessen zogen viele sehr aufw\u00e4ndig und nett geschminkt und gekleidete Gruppen (s. Foto) durch die Altstadt. Oft waren es drei oder vier oder auch nur einer allein, dann wieder ein gutes Dutzend und mehr. Auff\u00e4llige, schillernde Farben, laute holl\u00e4ndische Karnevalsmusik, jede Menge geschm\u00fcckte Kneipen und Lokale &#8211; der Karneval in Maastricht sieht sehr einladend und verlockend aus. Vor allem die kleinen G\u00e4sschen der Altstadt luden zum Mitfeiern ein.<br \/>\nVielleicht feiern wir im n\u00e4chsten Jahr mal Karneval in Maastricht.<\/p>\n<p>ngg_shortcode_1_placeholder<br \/>\nFotos vom Karneval im Maastricht 2012<\/p>\n<h3>Fotos vom Karneval im Maastricht 2012<\/h3>\nngg_shortcode_2_placeholder\n","protected":false},"excerpt":{"rendered":"<p>Fotos vom Karneval im Maastricht 2012 Fotos vom Karneval im Maastricht 2012Fotos vom Karneval im Maastricht 2012? Am Rosenmontag? Als<\/p>\n","protected":false},"author":6,"featured_media":12389,"comment_status":"open","ping_status":"open","sticky":false,"template":"","format":"standard","meta":{"_crdt_document":"","ngg_post_thumbnail":0,"jetpack_post_was_ever_published":false,"_jetpack_newsletter_access":"","_jetpack_dont_email_post_to_subs":false,"_jetpack_newsletter_tier_id":0,"_jetpack_memberships_contains_paywalled_content":false,"_jetpack_memberships_contains_paid_content":false,"footnotes":"","jetpack_publicize_message":"","jetpack_publicize_feature_enabled":true,"jetpack_social_post_already_shared":false,"jetpack_social_options":{"image_generator_settings":{"template":"highway","default_image_id":0,"font":"","enabled":false},"version":2}},"categories":[134,109],"tags":[102,540,549,550],"class_list":["post-4264","post","type-post","status-publish","format-standard","has-post-thumbnail","hentry","category-fotos-vom-karneval","category-maastricht-einkaufen-restaurants","tag-freizeit","tag-holland","tag-karneval","tag-maastricht"],"yoast_head":"<!-- This site is optimized with the Yoast SEO plugin v27.5 - https:\/\/yoast.com\/product\/yoast-seo-wordpress\/ -->\n<title>Fotos vom Karneval im Maastricht 2012<\/title>\n<meta name=\"description\" content=\"Fotos vom Karneval im Maastricht 2012 - mal was anderes, farbenfrohes, fr\u00f6hliches, ausgefallenes Karnevalstreiben bei unseren Nachbarn\" \/>\n<meta name=\"robots\" content=\"index, follow, max-snippet:-1, max-image-preview:large, max-video-preview:-1\" \/>\n<link rel=\"canonical\" href=\"https:\/\/www.gaidaphotos.com\/blog\/2012\/02\/21\/fotos-vom-karneval-im-maastricht-2012\/\" \/>\n<meta property=\"og:locale\" content=\"de_DE\" \/>\n<meta property=\"og:type\" content=\"article\" \/>\n<meta property=\"og:title\" content=\"Fotos vom Karneval im Maastricht 2012\" \/>\n<meta property=\"og:description\" content=\"Fotos vom Karneval im Maastricht 2012 - mal was anderes, farbenfrohes, fr\u00f6hliches, ausgefallenes Karnevalstreiben bei unseren Nachbarn\" \/>\n<meta property=\"og:url\" content=\"https:\/\/www.gaidaphotos.com\/blog\/2012\/02\/21\/fotos-vom-karneval-im-maastricht-2012\/\" \/>\n<meta property=\"og:site_name\" content=\"K\u00f6ln Rodenkirchen und die Welt\" \/>\n<meta property=\"article:publisher\" content=\"https:\/\/www.facebook.com\/Koeln.Rodenkirchen\" \/>\n<meta property=\"article:author\" content=\"https:\/\/www.facebook.com\/gaidaphotos\" \/>\n<meta property=\"article:published_time\" content=\"2012-02-21T17:18:24+00:00\" \/>\n<meta property=\"article:modified_time\" content=\"2020-12-30T14:53:42+00:00\" \/>\n<meta property=\"og:image\" content=\"https:\/\/www.gaidaphotos.com\/blog\/wp-content\/uploads\/2020\/08\/nggallery_import\/102_\" \/>\n\t<meta property=\"og:image:width\" content=\"1000\" \/>\n\t<meta property=\"og:image:height\" content=\"666\" \/>\n\t<meta property=\"og:image:type\" content=\"image\/jpeg\" \/>\n<meta name=\"author\" content=\"Thomas\" \/>\n<meta name=\"twitter:card\" content=\"summary_large_image\" \/>\n<meta name=\"twitter:creator\" content=\"@gaidaphotos\" \/>\n<meta name=\"twitter:site\" content=\"@gaidaphotos\" \/>\n<meta name=\"twitter:label1\" content=\"Verfasst von\" \/>\n\t<meta name=\"twitter:data1\" content=\"Thomas\" \/>\n\t<meta name=\"twitter:label2\" content=\"Gesch\u00e4tzte Lesezeit\" \/>\n\t<meta name=\"twitter:data2\" content=\"1\u00a0Minute\" \/>\n<script type=\"application\/ld+json\" class=\"yoast-schema-graph\">{\"@context\":\"https:\\\/\\\/schema.org\",\"@graph\":[{\"@type\":\"Article\",\"@id\":\"https:\\\/\\\/www.gaidaphotos.com\\\/blog\\\/2012\\\/02\\\/21\\\/fotos-vom-karneval-im-maastricht-2012\\\/#article\",\"isPartOf\":{\"@id\":\"https:\\\/\\\/www.gaidaphotos.com\\\/blog\\\/2012\\\/02\\\/21\\\/fotos-vom-karneval-im-maastricht-2012\\\/\"},\"author\":{\"name\":\"Thomas\",\"@id\":\"https:\\\/\\\/www.gaidaphotos.com\\\/blog\\\/#\\\/schema\\\/person\\\/6c444a5b13ffc503c5c32f5a9ec68b21\"},\"headline\":\"Fotos vom Karneval im Maastricht 2012\",\"datePublished\":\"2012-02-21T17:18:24+00:00\",\"dateModified\":\"2020-12-30T14:53:42+00:00\",\"mainEntityOfPage\":{\"@id\":\"https:\\\/\\\/www.gaidaphotos.com\\\/blog\\\/2012\\\/02\\\/21\\\/fotos-vom-karneval-im-maastricht-2012\\\/\"},\"wordCount\":234,\"commentCount\":0,\"publisher\":{\"@id\":\"https:\\\/\\\/www.gaidaphotos.com\\\/blog\\\/#organization\"},\"image\":{\"@id\":\"https:\\\/\\\/www.gaidaphotos.com\\\/blog\\\/2012\\\/02\\\/21\\\/fotos-vom-karneval-im-maastricht-2012\\\/#primaryimage\"},\"thumbnailUrl\":\"https:\\\/\\\/www.gaidaphotos.com\\\/blog\\\/wp-content\\\/uploads\\\/2020\\\/08\\\/nggallery_import\\\/102_\",\"keywords\":[\"Freizeit-Ideen\",\"Holland\",\"Karneval\",\"Maastricht\"],\"articleSection\":[\"Fotos vom Karneval\",\"Maastricht: Einkaufen, Restaurant &amp; Freizeit\"],\"inLanguage\":\"de\",\"potentialAction\":[{\"@type\":\"CommentAction\",\"name\":\"Comment\",\"target\":[\"https:\\\/\\\/www.gaidaphotos.com\\\/blog\\\/2012\\\/02\\\/21\\\/fotos-vom-karneval-im-maastricht-2012\\\/#respond\"]}]},{\"@type\":\"WebPage\",\"@id\":\"https:\\\/\\\/www.gaidaphotos.com\\\/blog\\\/2012\\\/02\\\/21\\\/fotos-vom-karneval-im-maastricht-2012\\\/\",\"url\":\"https:\\\/\\\/www.gaidaphotos.com\\\/blog\\\/2012\\\/02\\\/21\\\/fotos-vom-karneval-im-maastricht-2012\\\/\",\"name\":\"Fotos vom Karneval im Maastricht 2012\",\"isPartOf\":{\"@id\":\"https:\\\/\\\/www.gaidaphotos.com\\\/blog\\\/#website\"},\"primaryImageOfPage\":{\"@id\":\"https:\\\/\\\/www.gaidaphotos.com\\\/blog\\\/2012\\\/02\\\/21\\\/fotos-vom-karneval-im-maastricht-2012\\\/#primaryimage\"},\"image\":{\"@id\":\"https:\\\/\\\/www.gaidaphotos.com\\\/blog\\\/2012\\\/02\\\/21\\\/fotos-vom-karneval-im-maastricht-2012\\\/#primaryimage\"},\"thumbnailUrl\":\"https:\\\/\\\/www.gaidaphotos.com\\\/blog\\\/wp-content\\\/uploads\\\/2020\\\/08\\\/nggallery_import\\\/102_\",\"datePublished\":\"2012-02-21T17:18:24+00:00\",\"dateModified\":\"2020-12-30T14:53:42+00:00\",\"description\":\"Fotos vom Karneval im Maastricht 2012 - mal was anderes, farbenfrohes, fr\u00f6hliches, ausgefallenes Karnevalstreiben bei unseren Nachbarn\",\"breadcrumb\":{\"@id\":\"https:\\\/\\\/www.gaidaphotos.com\\\/blog\\\/2012\\\/02\\\/21\\\/fotos-vom-karneval-im-maastricht-2012\\\/#breadcrumb\"},\"inLanguage\":\"de\",\"potentialAction\":[{\"@type\":\"ReadAction\",\"target\":[\"https:\\\/\\\/www.gaidaphotos.com\\\/blog\\\/2012\\\/02\\\/21\\\/fotos-vom-karneval-im-maastricht-2012\\\/\"]}]},{\"@type\":\"ImageObject\",\"inLanguage\":\"de\",\"@id\":\"https:\\\/\\\/www.gaidaphotos.com\\\/blog\\\/2012\\\/02\\\/21\\\/fotos-vom-karneval-im-maastricht-2012\\\/#primaryimage\",\"url\":\"https:\\\/\\\/www.gaidaphotos.com\\\/blog\\\/wp-content\\\/uploads\\\/2020\\\/08\\\/nggallery_import\\\/102_\",\"contentUrl\":\"https:\\\/\\\/www.gaidaphotos.com\\\/blog\\\/wp-content\\\/uploads\\\/2020\\\/08\\\/nggallery_import\\\/102_\",\"width\":1000,\"height\":666},{\"@type\":\"BreadcrumbList\",\"@id\":\"https:\\\/\\\/www.gaidaphotos.com\\\/blog\\\/2012\\\/02\\\/21\\\/fotos-vom-karneval-im-maastricht-2012\\\/#breadcrumb\",\"itemListElement\":[{\"@type\":\"ListItem\",\"position\":1,\"name\":\"Startseite\",\"item\":\"https:\\\/\\\/www.gaidaphotos.com\\\/blog\\\/\"},{\"@type\":\"ListItem\",\"position\":2,\"name\":\"Fotos vom Karneval im Maastricht 2012\"}]},{\"@type\":\"WebSite\",\"@id\":\"https:\\\/\\\/www.gaidaphotos.com\\\/blog\\\/#website\",\"url\":\"https:\\\/\\\/www.gaidaphotos.com\\\/blog\\\/\",\"name\":\"K\u00f6ln Rodenkirchen und die Welt\",\"description\":\"Einkaufen, Restaurants, Freizeit, Nachrichten und was uns sonst bewegt und begegnet\",\"publisher\":{\"@id\":\"https:\\\/\\\/www.gaidaphotos.com\\\/blog\\\/#organization\"},\"potentialAction\":[{\"@type\":\"SearchAction\",\"target\":{\"@type\":\"EntryPoint\",\"urlTemplate\":\"https:\\\/\\\/www.gaidaphotos.com\\\/blog\\\/?s={search_term_string}\"},\"query-input\":{\"@type\":\"PropertyValueSpecification\",\"valueRequired\":true,\"valueName\":\"search_term_string\"}}],\"inLanguage\":\"de\"},{\"@type\":\"Organization\",\"@id\":\"https:\\\/\\\/www.gaidaphotos.com\\\/blog\\\/#organization\",\"name\":\"gaidaphotos\",\"url\":\"https:\\\/\\\/www.gaidaphotos.com\\\/blog\\\/\",\"logo\":{\"@type\":\"ImageObject\",\"inLanguage\":\"de\",\"@id\":\"https:\\\/\\\/www.gaidaphotos.com\\\/blog\\\/#\\\/schema\\\/logo\\\/image\\\/\",\"url\":\"https:\\\/\\\/i0.wp.com\\\/www.gaidaphotos.com\\\/blog\\\/wp-content\\\/uploads\\\/2020\\\/07\\\/GAIDAPHOTOS-COM.jpg?fit=160%2C96&ssl=1\",\"contentUrl\":\"https:\\\/\\\/i0.wp.com\\\/www.gaidaphotos.com\\\/blog\\\/wp-content\\\/uploads\\\/2020\\\/07\\\/GAIDAPHOTOS-COM.jpg?fit=160%2C96&ssl=1\",\"width\":160,\"height\":96,\"caption\":\"gaidaphotos\"},\"image\":{\"@id\":\"https:\\\/\\\/www.gaidaphotos.com\\\/blog\\\/#\\\/schema\\\/logo\\\/image\\\/\"},\"sameAs\":[\"https:\\\/\\\/www.facebook.com\\\/Koeln.Rodenkirchen\",\"https:\\\/\\\/x.com\\\/gaidaphotos\",\"https:\\\/\\\/instagram.com\\\/gaidaphotos\\\/\",\"https:\\\/\\\/de.linkedin.com\\\/in\\\/gaidaphotos\",\"https:\\\/\\\/myspace.com\\\/gaidaphotos\",\"https:\\\/\\\/www.pinterest.com\\\/gaidaphotos\\\/\",\"https:\\\/\\\/www.youtube.com\\\/user\\\/gaidaphotos\"]},{\"@type\":\"Person\",\"@id\":\"https:\\\/\\\/www.gaidaphotos.com\\\/blog\\\/#\\\/schema\\\/person\\\/6c444a5b13ffc503c5c32f5a9ec68b21\",\"name\":\"Thomas\",\"sameAs\":[\"https:\\\/\\\/www.gaidaphotos.com\",\"https:\\\/\\\/www.facebook.com\\\/gaidaphotos\",\"https:\\\/\\\/instagram.com\\\/gaidaphotos\\\/\",\"https:\\\/\\\/www.linkedin.com\\\/in\\\/gaidaphotos\",\"http:\\\/\\\/www.pinterest.com\\\/gaidaphotos\\\/\",\"https:\\\/\\\/x.com\\\/gaidaphotos\",\"https:\\\/\\\/myspace.com\\\/gaidaphotos\",\"https:\\\/\\\/www.youtube.com\\\/user\\\/gaidaphotos\",\"https:\\\/\\\/gaidaphotos.tumblr.com\\\/\"]}]}<\/script>\n<!-- \/ Yoast SEO plugin. -->","yoast_head_json":{"title":"Fotos vom Karneval im Maastricht 2012","description":"Fotos vom Karneval im Maastricht 2012 - mal was anderes, farbenfrohes, fr\u00f6hliches, ausgefallenes Karnevalstreiben bei unseren Nachbarn","robots":{"index":"index","follow":"follow","max-snippet":"max-snippet:-1","max-image-preview":"max-image-preview:large","max-video-preview":"max-video-preview:-1"},"canonical":"https:\/\/www.gaidaphotos.com\/blog\/2012\/02\/21\/fotos-vom-karneval-im-maastricht-2012\/","og_locale":"de_DE","og_type":"article","og_title":"Fotos vom Karneval im Maastricht 2012","og_description":"Fotos vom Karneval im Maastricht 2012 - mal was anderes, farbenfrohes, fr\u00f6hliches, ausgefallenes Karnevalstreiben bei unseren Nachbarn","og_url":"https:\/\/www.gaidaphotos.com\/blog\/2012\/02\/21\/fotos-vom-karneval-im-maastricht-2012\/","og_site_name":"K\u00f6ln Rodenkirchen und die Welt","article_publisher":"https:\/\/www.facebook.com\/Koeln.Rodenkirchen","article_author":"https:\/\/www.facebook.com\/gaidaphotos","article_published_time":"2012-02-21T17:18:24+00:00","article_modified_time":"2020-12-30T14:53:42+00:00","og_image":[{"width":1000,"height":666,"url":"https:\/\/www.gaidaphotos.com\/blog\/wp-content\/uploads\/2020\/08\/nggallery_import\/102_","type":"image\/jpeg"}],"author":"Thomas","twitter_card":"summary_large_image","twitter_creator":"@gaidaphotos","twitter_site":"@gaidaphotos","twitter_misc":{"Verfasst von":"Thomas","Gesch\u00e4tzte Lesezeit":"1\u00a0Minute"},"schema":{"@context":"https:\/\/schema.org","@graph":[{"@type":"Article","@id":"https:\/\/www.gaidaphotos.com\/blog\/2012\/02\/21\/fotos-vom-karneval-im-maastricht-2012\/#article","isPartOf":{"@id":"https:\/\/www.gaidaphotos.com\/blog\/2012\/02\/21\/fotos-vom-karneval-im-maastricht-2012\/"},"author":{"name":"Thomas","@id":"https:\/\/www.gaidaphotos.com\/blog\/#\/schema\/person\/6c444a5b13ffc503c5c32f5a9ec68b21"},"headline":"Fotos vom Karneval im Maastricht 2012","datePublished":"2012-02-21T17:18:24+00:00","dateModified":"2020-12-30T14:53:42+00:00","mainEntityOfPage":{"@id":"https:\/\/www.gaidaphotos.com\/blog\/2012\/02\/21\/fotos-vom-karneval-im-maastricht-2012\/"},"wordCount":234,"commentCount":0,"publisher":{"@id":"https:\/\/www.gaidaphotos.com\/blog\/#organization"},"image":{"@id":"https:\/\/www.gaidaphotos.com\/blog\/2012\/02\/21\/fotos-vom-karneval-im-maastricht-2012\/#primaryimage"},"thumbnailUrl":"https:\/\/www.gaidaphotos.com\/blog\/wp-content\/uploads\/2020\/08\/nggallery_import\/102_","keywords":["Freizeit-Ideen","Holland","Karneval","Maastricht"],"articleSection":["Fotos vom Karneval","Maastricht: Einkaufen, Restaurant &amp; Freizeit"],"inLanguage":"de","potentialAction":[{"@type":"CommentAction","name":"Comment","target":["https:\/\/www.gaidaphotos.com\/blog\/2012\/02\/21\/fotos-vom-karneval-im-maastricht-2012\/#respond"]}]},{"@type":"WebPage","@id":"https:\/\/www.gaidaphotos.com\/blog\/2012\/02\/21\/fotos-vom-karneval-im-maastricht-2012\/","url":"https:\/\/www.gaidaphotos.com\/blog\/2012\/02\/21\/fotos-vom-karneval-im-maastricht-2012\/","name":"Fotos vom Karneval im Maastricht 2012","isPartOf":{"@id":"https:\/\/www.gaidaphotos.com\/blog\/#website"},"primaryImageOfPage":{"@id":"https:\/\/www.gaidaphotos.com\/blog\/2012\/02\/21\/fotos-vom-karneval-im-maastricht-2012\/#primaryimage"},"image":{"@id":"https:\/\/www.gaidaphotos.com\/blog\/2012\/02\/21\/fotos-vom-karneval-im-maastricht-2012\/#primaryimage"},"thumbnailUrl":"https:\/\/www.gaidaphotos.com\/blog\/wp-content\/uploads\/2020\/08\/nggallery_import\/102_","datePublished":"2012-02-21T17:18:24+00:00","dateModified":"2020-12-30T14:53:42+00:00","description":"Fotos vom Karneval im Maastricht 2012 - mal was anderes, farbenfrohes, fr\u00f6hliches, ausgefallenes Karnevalstreiben bei unseren Nachbarn","breadcrumb":{"@id":"https:\/\/www.gaidaphotos.com\/blog\/2012\/02\/21\/fotos-vom-karneval-im-maastricht-2012\/#breadcrumb"},"inLanguage":"de","potentialAction":[{"@type":"ReadAction","target":["https:\/\/www.gaidaphotos.com\/blog\/2012\/02\/21\/fotos-vom-karneval-im-maastricht-2012\/"]}]},{"@type":"ImageObject","inLanguage":"de","@id":"https:\/\/www.gaidaphotos.com\/blog\/2012\/02\/21\/fotos-vom-karneval-im-maastricht-2012\/#primaryimage","url":"https:\/\/www.gaidaphotos.com\/blog\/wp-content\/uploads\/2020\/08\/nggallery_import\/102_","contentUrl":"https:\/\/www.gaidaphotos.com\/blog\/wp-content\/uploads\/2020\/08\/nggallery_import\/102_","width":1000,"height":666},{"@type":"BreadcrumbList","@id":"https:\/\/www.gaidaphotos.com\/blog\/2012\/02\/21\/fotos-vom-karneval-im-maastricht-2012\/#breadcrumb","itemListElement":[{"@type":"ListItem","position":1,"name":"Startseite","item":"https:\/\/www.gaidaphotos.com\/blog\/"},{"@type":"ListItem","position":2,"name":"Fotos vom Karneval im Maastricht 2012"}]},{"@type":"WebSite","@id":"https:\/\/www.gaidaphotos.com\/blog\/#website","url":"https:\/\/www.gaidaphotos.com\/blog\/","name":"K\u00f6ln Rodenkirchen und die Welt","description":"Einkaufen, Restaurants, Freizeit, Nachrichten und was uns sonst bewegt und begegnet","publisher":{"@id":"https:\/\/www.gaidaphotos.com\/blog\/#organization"},"potentialAction":[{"@type":"SearchAction","target":{"@type":"EntryPoint","urlTemplate":"https:\/\/www.gaidaphotos.com\/blog\/?s={search_term_string}"},"query-input":{"@type":"PropertyValueSpecification","valueRequired":true,"valueName":"search_term_string"}}],"inLanguage":"de"},{"@type":"Organization","@id":"https:\/\/www.gaidaphotos.com\/blog\/#organization","name":"gaidaphotos","url":"https:\/\/www.gaidaphotos.com\/blog\/","logo":{"@type":"ImageObject","inLanguage":"de","@id":"https:\/\/www.gaidaphotos.com\/blog\/#\/schema\/logo\/image\/","url":"https:\/\/i0.wp.com\/www.gaidaphotos.com\/blog\/wp-content\/uploads\/2020\/07\/GAIDAPHOTOS-COM.jpg?fit=160%2C96&ssl=1","contentUrl":"https:\/\/i0.wp.com\/www.gaidaphotos.com\/blog\/wp-content\/uploads\/2020\/07\/GAIDAPHOTOS-COM.jpg?fit=160%2C96&ssl=1","width":160,"height":96,"caption":"gaidaphotos"},"image":{"@id":"https:\/\/www.gaidaphotos.com\/blog\/#\/schema\/logo\/image\/"},"sameAs":["https:\/\/www.facebook.com\/Koeln.Rodenkirchen","https:\/\/x.com\/gaidaphotos","https:\/\/instagram.com\/gaidaphotos\/","https:\/\/de.linkedin.com\/in\/gaidaphotos","https:\/\/myspace.com\/gaidaphotos","https:\/\/www.pinterest.com\/gaidaphotos\/","https:\/\/www.youtube.com\/user\/gaidaphotos"]},{"@type":"Person","@id":"https:\/\/www.gaidaphotos.com\/blog\/#\/schema\/person\/6c444a5b13ffc503c5c32f5a9ec68b21","name":"Thomas","sameAs":["https:\/\/www.gaidaphotos.com","https:\/\/www.facebook.com\/gaidaphotos","https:\/\/instagram.com\/gaidaphotos\/","https:\/\/www.linkedin.com\/in\/gaidaphotos","http:\/\/www.pinterest.com\/gaidaphotos\/","https:\/\/x.com\/gaidaphotos","https:\/\/myspace.com\/gaidaphotos","https:\/\/www.youtube.com\/user\/gaidaphotos","https:\/\/gaidaphotos.tumblr.com\/"]}]}},"jetpack_publicize_connections":[],"jetpack_featured_media_url":"https:\/\/www.gaidaphotos.com\/blog\/wp-content\/uploads\/2020\/08\/nggallery_import\/102_","jetpack_sharing_enabled":true,"jetpack_likes_enabled":true,"jetpack-related-posts":[{"id":5361,"url":"https:\/\/www.gaidaphotos.com\/blog\/2013\/02\/04\/karneval-koeln-sternmarsch-am-08-02-2013\/","url_meta":{"origin":4264,"position":0},"title":"Karneval K\u00f6ln: Sternmarsch am 08.02.2013","author":"Thomas","date":"4. Februar 2013","format":false,"excerpt":"Karneval in K\u00f6ln: Sternmarsch am 08.02.2013 Der Freitag nach Weiberfastnacht ist der Tag zur \"Erholung\". Der Leben in K\u00f6ln l\u00e4uft \"fast\" normal. Dennoch sp\u00fcrt man, dass der Karneval Collateralsch\u00e4den hinterl\u00e4sst. Also bitte nicht die K\u00f6lner Kollegen anrufen. Auch die L\u00e4den und Gesch\u00e4fte arbeiten mit Notbesetzung. Jetzt ist nicht die Zeit\u2026","rel":"","context":"In &quot;Karneval&quot;","block_context":{"text":"Karneval","link":"https:\/\/www.gaidaphotos.com\/blog\/category\/festtage-feiertage\/karneval\/"},"img":{"alt_text":"","src":"https:\/\/www.gaidaphotos.com\/blog\/wp-content\/uploads\/2020\/08\/nggallery_import\/122_","width":350,"height":200,"srcset":"https:\/\/www.gaidaphotos.com\/blog\/wp-content\/uploads\/2020\/08\/nggallery_import\/122_ 1x, https:\/\/www.gaidaphotos.com\/blog\/wp-content\/uploads\/2020\/08\/nggallery_import\/122_ 1.5x"},"classes":[]},{"id":3475,"url":"https:\/\/www.gaidaphotos.com\/blog\/2010\/12\/31\/verkaufsoffener-sonntag-feiertag-2011-maastricht-holland\/","url_meta":{"origin":4264,"position":1},"title":"Verkaufsoffener Sonntag und Feiertag 2011 in Maastricht (Holland): \u00dcbersicht","author":"Thomas","date":"31. Dezember 2010","format":false,"excerpt":"Verkaufsoffener Sonntag\/Feiertag 2011 in Maastricht (Holland): Wenn in K\u00f6ln die Gesch\u00e4fte geschlossen sind, ist Maastricht in Holland, ca. 100km von K\u00f6ln, ein beliebtes Einkaufsziel. Die historische Innenstadt ist als Fu\u00dfg\u00e4ngerzone ausgelegt und wird von vielen kleinen Einzelh\u00e4ndlern statt gro\u00dfen Pal\u00e4sten bekannter Ketten gepr\u00e4gt. So findet man eine breitere Auswahl statt\u2026","rel":"","context":"In &quot;Maastricht: Einkaufen, Restaurant &amp; Freizeit&quot;","block_context":{"text":"Maastricht: Einkaufen, Restaurant &amp; Freizeit","link":"https:\/\/www.gaidaphotos.com\/blog\/category\/reise\/holland\/maastricht-einkaufen-restaurants\/"},"img":{"alt_text":"Maastricht, Haus mit Wegkreuz","src":"https:\/\/i0.wp.com\/www.gaidaphotos.com\/blog\/wp-content\/uploads\/2010\/12\/maastricht-haus-wegkreuz.jpg?fit=675%2C1024&ssl=1&resize=350%2C200","width":350,"height":200,"srcset":"https:\/\/i0.wp.com\/www.gaidaphotos.com\/blog\/wp-content\/uploads\/2010\/12\/maastricht-haus-wegkreuz.jpg?fit=675%2C1024&ssl=1&resize=350%2C200 1x, https:\/\/i0.wp.com\/www.gaidaphotos.com\/blog\/wp-content\/uploads\/2010\/12\/maastricht-haus-wegkreuz.jpg?fit=675%2C1024&ssl=1&resize=525%2C300 1.5x"},"classes":[]},{"id":735,"url":"https:\/\/www.gaidaphotos.com\/blog\/2009\/06\/17\/holland-maastricht-einkaufen-trodelmarkt-termine-2009\/","url_meta":{"origin":4264,"position":2},"title":"Holland Maastricht: Einkaufen &#038; Tr\u00f6delmarkt Termine 2009","author":"Thomas","date":"17. Juni 2009","format":false,"excerpt":"Hier finden Sie die neuen Termine Flohmarkt - Tr\u00f6delmarkt - Antikmarkt Maastricht (Holland) 2012 Wir haben schon mit sch\u00f6nen Fotos vom letzten (?) Tr\u00f6delmarkt in Maastricht (Holland) berichtet. - Erg\u00e4nzung M\u00e4rz 2014: Die neuen Flohmarkttermine f\u00fcr Maastricht (Holland) 2014 sind da! Wenn Sie automatisch \u00fcber die Daten f\u00fcr Flohm\u00e4rkte in\u2026","rel":"","context":"In &quot;Holland&quot;","block_context":{"text":"Holland","link":"https:\/\/www.gaidaphotos.com\/blog\/category\/reise\/holland\/"},"img":{"alt_text":"","src":"","width":0,"height":0},"classes":[]},{"id":748,"url":"https:\/\/www.gaidaphotos.com\/blog\/2009\/06\/19\/maastricht-holland-flohmarkt\/","url_meta":{"origin":4264,"position":3},"title":"Maastricht (Holland): Einkaufen auf dem Flohmarkt","author":"Thomas","date":"19. Juni 2009","format":false,"excerpt":"Maastricht (Holland):\u00a0Einkaufen auf dem Flohmarkt \u00a0Hier noch ein paar Impressionen vom letzten Einkaufen auf dem Flohmarkt in Maastricht. Die Termine f\u00fcr den n\u00e4chsten Flohmarkt: Erg\u00e4nzung M\u00e4rz 2014: Die neuen Flohmarkttermine f\u00fcr Maastricht (Holland) 2014 sind da! Wenn Sie automatisch \u00fcber die Daten f\u00fcr Flohm\u00e4rkte in Holland informiert werden m\u00f6chten, abonnieren\u2026","rel":"","context":"In &quot;Holland&quot;","block_context":{"text":"Holland","link":"https:\/\/www.gaidaphotos.com\/blog\/category\/reise\/holland\/"},"img":{"alt_text":"Maastricht Holland: Flohmarkt am Stadthaus","src":"https:\/\/i0.wp.com\/www.gaidaphotos.com\/blog\/wp-content\/uploads\/2009\/06\/maastricht-holland-einkaufen-troedelmarkt-300x225.jpg?resize=350%2C200&ssl=1","width":350,"height":200},"classes":[]},{"id":3505,"url":"https:\/\/www.gaidaphotos.com\/blog\/2011\/03\/01\/verkaufsoffener-sonntag-06-03-2011-koeln-nrw\/","url_meta":{"origin":4264,"position":4},"title":"Verkaufsoffener Sonntag 06.03.2011 in K\u00f6ln (NRW)?","author":"Thomas","date":"1. M\u00e4rz 2011","format":false,"excerpt":"Verkaufsoffener Sonntag .12.2010 in K\u00f6ln? In welchem K\u00f6lner Veedel oder Stadteil sind am 06.03.2011 die Gesch\u00e4fte ge\u00f6ffnet (verkaufsoffener Sonntag)? Seid Ihr denn TOTAL JECK geworden? Es ist KARNEVAL in K\u00f6ln und nur die Kneipen und Tanken haben ge\u00f6ffnet. Hier finden Sie unsere Vorschl\u00e4ge f\u00fcr Karneval statt verkaufsoffenem Sonntag: K\u00f6lner Karnevalszug\u2026","rel":"","context":"In &quot;Kalender&quot;","block_context":{"text":"Kalender","link":"https:\/\/www.gaidaphotos.com\/blog\/category\/kalender-archiv\/"},"img":{"alt_text":"","src":"","width":0,"height":0},"classes":[]},{"id":4081,"url":"https:\/\/www.gaidaphotos.com\/blog\/2012\/01\/05\/flohmarkt-troedelmarkt-antikmarkt-maastricht-holland-2012\/","url_meta":{"origin":4264,"position":5},"title":"Flohmarkt &#8211; Tr\u00f6delmarkt &#8211; Antikmarkt Maastricht (Holland) 2012","author":"Thomas","date":"5. Januar 2012","format":false,"excerpt":"Flohmarkt - Tr\u00f6delmarkt - Antikmarkt Maastricht (Holland) 2012 Die neuen Flohmarkttermine f\u00fcr Maastricht (Holland) 2014 sind da!Wenn Sie automatisch \u00fcber die Daten f\u00fcr Flohm\u00e4rkte in Holland informiert werden m\u00f6chten, abonnieren Sie unsere Beitr\u00e4ge (Symbol rechts oben) oder werden Sie Fan bei Facebook. Auch in 2012 berichten wir von den Floh-\u2026","rel":"","context":"In &quot;Flohmarkt\/Troedelmarkt&quot;","block_context":{"text":"Flohmarkt\/Troedelmarkt","link":"https:\/\/www.gaidaphotos.com\/blog\/category\/flohmarkttroedelmarkt-2\/"},"img":{"alt_text":"","src":"https:\/\/i0.wp.com\/www.gaidaphotos.com\/blog\/wp-content\/uploads\/2012\/01\/maastricht-shopping-einkaufen-mosae-forum.jpg?fit=1024%2C682&ssl=1&resize=350%2C200","width":350,"height":200,"srcset":"https:\/\/i0.wp.com\/www.gaidaphotos.com\/blog\/wp-content\/uploads\/2012\/01\/maastricht-shopping-einkaufen-mosae-forum.jpg?fit=1024%2C682&ssl=1&resize=350%2C200 1x, https:\/\/i0.wp.com\/www.gaidaphotos.com\/blog\/wp-content\/uploads\/2012\/01\/maastricht-shopping-einkaufen-mosae-forum.jpg?fit=1024%2C682&ssl=1&resize=525%2C300 1.5x, https:\/\/i0.wp.com\/www.gaidaphotos.com\/blog\/wp-content\/uploads\/2012\/01\/maastricht-shopping-einkaufen-mosae-forum.jpg?fit=1024%2C682&ssl=1&resize=700%2C400 2x"},"classes":[]}],"_links":{"self":[{"href":"https:\/\/www.gaidaphotos.com\/blog\/wp-json\/wp\/v2\/posts\/4264","targetHints":{"allow":["GET"]}}],"collection":[{"href":"https:\/\/www.gaidaphotos.com\/blog\/wp-json\/wp\/v2\/posts"}],"about":[{"href":"https:\/\/www.gaidaphotos.com\/blog\/wp-json\/wp\/v2\/types\/post"}],"author":[{"embeddable":true,"href":"https:\/\/www.gaidaphotos.com\/blog\/wp-json\/wp\/v2\/users\/6"}],"replies":[{"embeddable":true,"href":"https:\/\/www.gaidaphotos.com\/blog\/wp-json\/wp\/v2\/comments?post=4264"}],"version-history":[{"count":0,"href":"https:\/\/www.gaidaphotos.com\/blog\/wp-json\/wp\/v2\/posts\/4264\/revisions"}],"wp:featuredmedia":[{"embeddable":true,"href":"https:\/\/www.gaidaphotos.com\/blog\/wp-json\/wp\/v2\/media\/12389"}],"wp:attachment":[{"href":"https:\/\/www.gaidaphotos.com\/blog\/wp-json\/wp\/v2\/media?parent=4264"}],"wp:term":[{"taxonomy":"category","embeddable":true,"href":"https:\/\/www.gaidaphotos.com\/blog\/wp-json\/wp\/v2\/categories?post=4264"},{"taxonomy":"post_tag","embeddable":true,"href":"https:\/\/www.gaidaphotos.com\/blog\/wp-json\/wp\/v2\/tags?post=4264"}],"curies":[{"name":"wp","href":"https:\/\/api.w.org\/{rel}","templated":true}]}}