{"id":4664,"date":"2012-05-13T17:26:26","date_gmt":"2012-05-13T15:26:26","guid":{"rendered":"http:\/\/www.gaidaphotos.com\/blog\/?p=4664"},"modified":"2019-06-30T15:39:52","modified_gmt":"2019-06-30T13:39:52","slug":"vatertag-himmelfahrt-verkaufsoffen-am-17-05-2012","status":"publish","type":"post","link":"https:\/\/www.gaidaphotos.com\/blog\/2012\/05\/13\/vatertag-himmelfahrt-verkaufsoffen-am-17-05-2012\/","title":{"rendered":"Vatertag &#8211; Himmelfahrt &#8211; verkaufsoffen am 17.05.2012"},"content":{"rendered":"<h2>Vatertag &#8211; Himmelfahrt &#8211; verkaufsoffen am 17.05.2012<\/h2>\n<p><figure style=\"width: 185px\" class=\"wp-caption alignleft\"> <a href=\"https:\/\/i0.wp.com\/www.gaidaphotos.com\/blog\/wp-content\/uploads\/fotos\/vatertag-der-beste.jpg?ssl=1\" rel=\"lightbox[]\"><img data-recalc-dims=\"1\" loading=\"lazy\" decoding=\"async\" alt=\"Vatertag - Himmelfahrt - verkaufsoffen am 17.05.2012\" src=\"https:\/\/i0.wp.com\/www.gaidaphotos.com\/blog\/wp-content\/uploads\/fotos\/vatertag-der-beste_tmb.jpg?resize=180%2C121&#038;ssl=1\" title=\"Vatertag - Himmelfahrt - verkaufsoffen am 17.05.2012\" class=\"aligncenter\" width=\"180\" height=\"121\"><\/a> <figcaption class=\"wp-caption-text\">Vatertag - Himmelfahrt<\/figcaption><\/figure><br \/>\nAm 17.05.2012 ist wieder &#8222;<strong>Christi Himmelfahrt<\/strong>&#8220; und, wie immer &#8222;<strong>Vatertag<\/strong>&#8222;. Wer die Gelegenheit nutzen und mit seinem Vater am <strong>Vatertag <\/strong>shoppen m\u00f6chte, muss f\u00fcr den <strong>verkaufsoffenen Himmerfahrtstag<\/strong> ins benachbarte Ausland ausweichen. In Deutschland sind an Himmelfahrt, Vatertag hin oder Vatertag her, die Gesch\u00e4ft abseits von Tankstellen, Flugh\u00e4fen und Bahnh\u00f6fen geschlossen.<br \/>\nWie gut haben es da die Nordrhein-Westfalen, denn die k\u00f6nnen am Vatertag, Himmelfahrt hin oder Himmelfahrt her, im nahe gelegenen Holland, in Maastricht und Roermond shoppen. Da an einem gesetzlichen Feiertag wie Himmelfahrt LKW-Fahrverbot herrscht, ist man aus den Bev\u00f6lkerungszentren in NRW in weniger als 1h in Holland.<br \/>\nBedenken Sie nur bei der R\u00fcckfahrt, dass in Belgien und Holland auch an Himmelfahrt und Vatertag die LKWs unterwegs sind und am Abend in kilometerlangen Schlangen vo der Grenze warten. Wer an Himmelfahrt\/Vatertag ab 2200h nach hause fahren m\u00f6chte, f\u00e4hrt bis zur Ausfahrt an einer LKW-Wand vorbei. Da kann es schnell zu Behinderungen kommen.<\/p>\n<p>Aber es muss ja nicht immer zu Shoppen am Vatertag. Himmelfahrt (hoffentlich scheint die Sonne) ist auch eine gute Gelegenheit, den Vater und die ganze Familie zu einem Ausflug an die <a href=\"https:\/\/www.gaidaphotos.com\/blog\/2010\/02\/22\/rheinufer-in-rodenkirchen-die-kolsche-riviera\/\" title=\"Rheinufer in Rodenkirchen: Die k\u00f6lsche Riviera\" target=\"_blank\" rel=\"noopener noreferrer\">k\u00f6lsche Riviera in K\u00f6ln-Rodenkirchen<\/a> zu entf\u00fchren. In einem der vielen <a href=\"https:\/\/www.gaidaphotos.com\/blog\/2009\/09\/07\/koln-rodenkirchen-restaurants-am-rheinufer\/\" title=\"K\u00f6ln-Rodenkirchen Restaurant: Restaurants am Rheinufer 1\" target=\"_blank\" rel=\"noopener noreferrer\">Restaurants am Rheinufer in K\u00f6ln-Rodenkirchen<\/a> oder <a href=\"https:\/\/www.gaidaphotos.com\/blog\/2009\/10\/15\/koeln-rodenkirchen-restaurant-restaurants-am-rheinufer-2\/\" title=\"K\u00f6ln-Rodenkirchen Restaurant: Restaurants am Rheinufer 2\" target=\"_blank\" rel=\"noopener noreferrer\">Bootsh\u00e4user und Restaurants am Rheinufer<\/a> k\u00f6nnen Sie dann den Vatertag mit Blick auf den Rhein ausklingen lassen.<\/p>\n<h3>Vatertag &#8211; Himmelfahrt &#8211; Geschenk<\/h3>\n<p><!--?php include(\"wp-content\/include\/mtag-vtag.php\"); ?--><\/p>\n<h3>Vatertag &#8211; Himmelfahrt &#8211; verkaufsoffen am 17.05.2012<\/h3>\n<p><!--?php include(\"wp-content\/include\/verkaufsoffener-sonntag.php\"); ?--><\/p>\n<p>Gef\u00e4llt Ihnen dieser Artikel? Dann teilen Sie ihn doch mit Ihren Freunden. Buttons f\u00fcr Facebook und Google+ finden Sie unten.<\/p>\n","protected":false},"excerpt":{"rendered":"<p>Vatertag &#8211; Himmelfahrt &#8211; verkaufsoffen am 17.05.2012 Am 17.05.2012 ist wieder &#8222;Christi Himmelfahrt&#8220; und, wie immer &#8222;Vatertag&#8222;. Wer die Gelegenheit<\/p>\n","protected":false},"author":6,"featured_media":4674,"comment_status":"open","ping_status":"open","sticky":false,"template":"","format":"standard","meta":{"_crdt_document":"","ngg_post_thumbnail":0,"jetpack_post_was_ever_published":false,"_jetpack_newsletter_access":"","_jetpack_dont_email_post_to_subs":false,"_jetpack_newsletter_tier_id":0,"_jetpack_memberships_contains_paywalled_content":false,"_jetpack_memberships_contains_paid_content":false,"footnotes":"","jetpack_publicize_message":"","jetpack_publicize_feature_enabled":true,"jetpack_social_post_already_shared":false,"jetpack_social_options":{"image_generator_settings":{"template":"highway","default_image_id":0,"font":"","enabled":false},"version":2}},"categories":[146,178],"tags":[553,147],"class_list":["post-4664","post","type-post","status-publish","format-standard","has-post-thumbnail","hentry","category-vatertag","category-verkaufsoffener-sonntag-koln-nrw","tag-vatertag","tag-verkaufsoffener-sonntag"],"yoast_head":"<!-- This site is optimized with the Yoast SEO plugin v27.5 - https:\/\/yoast.com\/product\/yoast-seo-wordpress\/ -->\n<title>Vatertag - Himmelfahrt - verkaufsoffen am 17.05.2012<\/title>\n<meta name=\"description\" content=\"Vatertag - Himmelfahrt - verkaufsoffen am 17.05.2012 - Wo kann man an Himmelfahrt einkaufen? Ideen zum Vatertag, Blumen und Geschenke zum Vatertag\" \/>\n<meta name=\"robots\" content=\"index, follow, max-snippet:-1, max-image-preview:large, max-video-preview:-1\" \/>\n<link rel=\"canonical\" href=\"https:\/\/www.gaidaphotos.com\/blog\/2012\/05\/13\/vatertag-himmelfahrt-verkaufsoffen-am-17-05-2012\/\" \/>\n<meta property=\"og:locale\" content=\"de_DE\" \/>\n<meta property=\"og:type\" content=\"article\" \/>\n<meta property=\"og:title\" content=\"Vatertag - Himmelfahrt - verkaufsoffen am 17.05.2012\" \/>\n<meta property=\"og:description\" content=\"Vatertag - Himmelfahrt - verkaufsoffen am 17.05.2012 - Wo kann man an Himmelfahrt einkaufen? Ideen zum Vatertag, Blumen und Geschenke zum Vatertag\" \/>\n<meta property=\"og:url\" content=\"https:\/\/www.gaidaphotos.com\/blog\/2012\/05\/13\/vatertag-himmelfahrt-verkaufsoffen-am-17-05-2012\/\" \/>\n<meta property=\"og:site_name\" content=\"K\u00f6ln Rodenkirchen und die Welt\" \/>\n<meta property=\"article:publisher\" content=\"https:\/\/www.facebook.com\/Koeln.Rodenkirchen\" \/>\n<meta property=\"article:author\" content=\"https:\/\/www.facebook.com\/gaidaphotos\" \/>\n<meta property=\"article:published_time\" content=\"2012-05-13T15:26:26+00:00\" \/>\n<meta property=\"article:modified_time\" content=\"2019-06-30T13:39:52+00:00\" \/>\n<meta property=\"og:image\" content=\"https:\/\/i1.wp.com\/www.gaidaphotos.com\/blog\/wp-content\/uploads\/2012\/05\/vatertag-der-beste_tmb.jpg?fit=180%2C121&ssl=1\" \/>\n\t<meta property=\"og:image:width\" content=\"180\" \/>\n\t<meta property=\"og:image:height\" content=\"121\" \/>\n\t<meta property=\"og:image:type\" content=\"image\/jpeg\" \/>\n<meta name=\"author\" content=\"Thomas\" \/>\n<meta name=\"twitter:card\" content=\"summary_large_image\" \/>\n<meta name=\"twitter:creator\" content=\"@gaidaphotos\" \/>\n<meta name=\"twitter:site\" content=\"@gaidaphotos\" \/>\n<meta name=\"twitter:label1\" content=\"Verfasst von\" \/>\n\t<meta name=\"twitter:data1\" content=\"Thomas\" \/>\n\t<meta name=\"twitter:label2\" content=\"Gesch\u00e4tzte Lesezeit\" \/>\n\t<meta name=\"twitter:data2\" content=\"1\u00a0Minute\" \/>\n<script type=\"application\/ld+json\" class=\"yoast-schema-graph\">{\"@context\":\"https:\\\/\\\/schema.org\",\"@graph\":[{\"@type\":\"Article\",\"@id\":\"https:\\\/\\\/www.gaidaphotos.com\\\/blog\\\/2012\\\/05\\\/13\\\/vatertag-himmelfahrt-verkaufsoffen-am-17-05-2012\\\/#article\",\"isPartOf\":{\"@id\":\"https:\\\/\\\/www.gaidaphotos.com\\\/blog\\\/2012\\\/05\\\/13\\\/vatertag-himmelfahrt-verkaufsoffen-am-17-05-2012\\\/\"},\"author\":{\"name\":\"Thomas\",\"@id\":\"https:\\\/\\\/www.gaidaphotos.com\\\/blog\\\/#\\\/schema\\\/person\\\/6c444a5b13ffc503c5c32f5a9ec68b21\"},\"headline\":\"Vatertag &#8211; Himmelfahrt &#8211; verkaufsoffen am 17.05.2012\",\"datePublished\":\"2012-05-13T15:26:26+00:00\",\"dateModified\":\"2019-06-30T13:39:52+00:00\",\"mainEntityOfPage\":{\"@id\":\"https:\\\/\\\/www.gaidaphotos.com\\\/blog\\\/2012\\\/05\\\/13\\\/vatertag-himmelfahrt-verkaufsoffen-am-17-05-2012\\\/\"},\"wordCount\":286,\"commentCount\":1,\"publisher\":{\"@id\":\"https:\\\/\\\/www.gaidaphotos.com\\\/blog\\\/#organization\"},\"image\":{\"@id\":\"https:\\\/\\\/www.gaidaphotos.com\\\/blog\\\/2012\\\/05\\\/13\\\/vatertag-himmelfahrt-verkaufsoffen-am-17-05-2012\\\/#primaryimage\"},\"thumbnailUrl\":\"https:\\\/\\\/i0.wp.com\\\/www.gaidaphotos.com\\\/blog\\\/wp-content\\\/uploads\\\/2012\\\/05\\\/vatertag-der-beste_tmb.jpg?fit=180%2C121&ssl=1\",\"keywords\":[\"Vatertag\",\"verkaufsoffener Sonntag\"],\"articleSection\":[\"Vatertag\",\"Verkaufsoffener Sonntag K\u00f6ln NRW\"],\"inLanguage\":\"de\",\"potentialAction\":[{\"@type\":\"CommentAction\",\"name\":\"Comment\",\"target\":[\"https:\\\/\\\/www.gaidaphotos.com\\\/blog\\\/2012\\\/05\\\/13\\\/vatertag-himmelfahrt-verkaufsoffen-am-17-05-2012\\\/#respond\"]}]},{\"@type\":\"WebPage\",\"@id\":\"https:\\\/\\\/www.gaidaphotos.com\\\/blog\\\/2012\\\/05\\\/13\\\/vatertag-himmelfahrt-verkaufsoffen-am-17-05-2012\\\/\",\"url\":\"https:\\\/\\\/www.gaidaphotos.com\\\/blog\\\/2012\\\/05\\\/13\\\/vatertag-himmelfahrt-verkaufsoffen-am-17-05-2012\\\/\",\"name\":\"Vatertag - Himmelfahrt - verkaufsoffen am 17.05.2012\",\"isPartOf\":{\"@id\":\"https:\\\/\\\/www.gaidaphotos.com\\\/blog\\\/#website\"},\"primaryImageOfPage\":{\"@id\":\"https:\\\/\\\/www.gaidaphotos.com\\\/blog\\\/2012\\\/05\\\/13\\\/vatertag-himmelfahrt-verkaufsoffen-am-17-05-2012\\\/#primaryimage\"},\"image\":{\"@id\":\"https:\\\/\\\/www.gaidaphotos.com\\\/blog\\\/2012\\\/05\\\/13\\\/vatertag-himmelfahrt-verkaufsoffen-am-17-05-2012\\\/#primaryimage\"},\"thumbnailUrl\":\"https:\\\/\\\/i0.wp.com\\\/www.gaidaphotos.com\\\/blog\\\/wp-content\\\/uploads\\\/2012\\\/05\\\/vatertag-der-beste_tmb.jpg?fit=180%2C121&ssl=1\",\"datePublished\":\"2012-05-13T15:26:26+00:00\",\"dateModified\":\"2019-06-30T13:39:52+00:00\",\"description\":\"Vatertag - Himmelfahrt - verkaufsoffen am 17.05.2012 - Wo kann man an Himmelfahrt einkaufen? Ideen zum Vatertag, Blumen und Geschenke zum Vatertag\",\"breadcrumb\":{\"@id\":\"https:\\\/\\\/www.gaidaphotos.com\\\/blog\\\/2012\\\/05\\\/13\\\/vatertag-himmelfahrt-verkaufsoffen-am-17-05-2012\\\/#breadcrumb\"},\"inLanguage\":\"de\",\"potentialAction\":[{\"@type\":\"ReadAction\",\"target\":[\"https:\\\/\\\/www.gaidaphotos.com\\\/blog\\\/2012\\\/05\\\/13\\\/vatertag-himmelfahrt-verkaufsoffen-am-17-05-2012\\\/\"]}]},{\"@type\":\"ImageObject\",\"inLanguage\":\"de\",\"@id\":\"https:\\\/\\\/www.gaidaphotos.com\\\/blog\\\/2012\\\/05\\\/13\\\/vatertag-himmelfahrt-verkaufsoffen-am-17-05-2012\\\/#primaryimage\",\"url\":\"https:\\\/\\\/i0.wp.com\\\/www.gaidaphotos.com\\\/blog\\\/wp-content\\\/uploads\\\/2012\\\/05\\\/vatertag-der-beste_tmb.jpg?fit=180%2C121&ssl=1\",\"contentUrl\":\"https:\\\/\\\/i0.wp.com\\\/www.gaidaphotos.com\\\/blog\\\/wp-content\\\/uploads\\\/2012\\\/05\\\/vatertag-der-beste_tmb.jpg?fit=180%2C121&ssl=1\",\"width\":\"180\",\"height\":\"121\"},{\"@type\":\"BreadcrumbList\",\"@id\":\"https:\\\/\\\/www.gaidaphotos.com\\\/blog\\\/2012\\\/05\\\/13\\\/vatertag-himmelfahrt-verkaufsoffen-am-17-05-2012\\\/#breadcrumb\",\"itemListElement\":[{\"@type\":\"ListItem\",\"position\":1,\"name\":\"Startseite\",\"item\":\"https:\\\/\\\/www.gaidaphotos.com\\\/blog\\\/\"},{\"@type\":\"ListItem\",\"position\":2,\"name\":\"Vatertag &#8211; Himmelfahrt &#8211; verkaufsoffen am 17.05.2012\"}]},{\"@type\":\"WebSite\",\"@id\":\"https:\\\/\\\/www.gaidaphotos.com\\\/blog\\\/#website\",\"url\":\"https:\\\/\\\/www.gaidaphotos.com\\\/blog\\\/\",\"name\":\"K\u00f6ln Rodenkirchen und die Welt\",\"description\":\"Einkaufen, Restaurants, Freizeit, Nachrichten und was uns sonst bewegt und begegnet\",\"publisher\":{\"@id\":\"https:\\\/\\\/www.gaidaphotos.com\\\/blog\\\/#organization\"},\"potentialAction\":[{\"@type\":\"SearchAction\",\"target\":{\"@type\":\"EntryPoint\",\"urlTemplate\":\"https:\\\/\\\/www.gaidaphotos.com\\\/blog\\\/?s={search_term_string}\"},\"query-input\":{\"@type\":\"PropertyValueSpecification\",\"valueRequired\":true,\"valueName\":\"search_term_string\"}}],\"inLanguage\":\"de\"},{\"@type\":\"Organization\",\"@id\":\"https:\\\/\\\/www.gaidaphotos.com\\\/blog\\\/#organization\",\"name\":\"gaidaphotos\",\"url\":\"https:\\\/\\\/www.gaidaphotos.com\\\/blog\\\/\",\"logo\":{\"@type\":\"ImageObject\",\"inLanguage\":\"de\",\"@id\":\"https:\\\/\\\/www.gaidaphotos.com\\\/blog\\\/#\\\/schema\\\/logo\\\/image\\\/\",\"url\":\"https:\\\/\\\/i0.wp.com\\\/www.gaidaphotos.com\\\/blog\\\/wp-content\\\/uploads\\\/2020\\\/07\\\/GAIDAPHOTOS-COM.jpg?fit=160%2C96&ssl=1\",\"contentUrl\":\"https:\\\/\\\/i0.wp.com\\\/www.gaidaphotos.com\\\/blog\\\/wp-content\\\/uploads\\\/2020\\\/07\\\/GAIDAPHOTOS-COM.jpg?fit=160%2C96&ssl=1\",\"width\":160,\"height\":96,\"caption\":\"gaidaphotos\"},\"image\":{\"@id\":\"https:\\\/\\\/www.gaidaphotos.com\\\/blog\\\/#\\\/schema\\\/logo\\\/image\\\/\"},\"sameAs\":[\"https:\\\/\\\/www.facebook.com\\\/Koeln.Rodenkirchen\",\"https:\\\/\\\/x.com\\\/gaidaphotos\",\"https:\\\/\\\/instagram.com\\\/gaidaphotos\\\/\",\"https:\\\/\\\/de.linkedin.com\\\/in\\\/gaidaphotos\",\"https:\\\/\\\/myspace.com\\\/gaidaphotos\",\"https:\\\/\\\/www.pinterest.com\\\/gaidaphotos\\\/\",\"https:\\\/\\\/www.youtube.com\\\/user\\\/gaidaphotos\"]},{\"@type\":\"Person\",\"@id\":\"https:\\\/\\\/www.gaidaphotos.com\\\/blog\\\/#\\\/schema\\\/person\\\/6c444a5b13ffc503c5c32f5a9ec68b21\",\"name\":\"Thomas\",\"sameAs\":[\"https:\\\/\\\/www.gaidaphotos.com\",\"https:\\\/\\\/www.facebook.com\\\/gaidaphotos\",\"https:\\\/\\\/instagram.com\\\/gaidaphotos\\\/\",\"https:\\\/\\\/www.linkedin.com\\\/in\\\/gaidaphotos\",\"http:\\\/\\\/www.pinterest.com\\\/gaidaphotos\\\/\",\"https:\\\/\\\/x.com\\\/gaidaphotos\",\"https:\\\/\\\/myspace.com\\\/gaidaphotos\",\"https:\\\/\\\/www.youtube.com\\\/user\\\/gaidaphotos\",\"https:\\\/\\\/gaidaphotos.tumblr.com\\\/\"]}]}<\/script>\n<!-- \/ Yoast SEO plugin. -->","yoast_head_json":{"title":"Vatertag - Himmelfahrt - verkaufsoffen am 17.05.2012","description":"Vatertag - Himmelfahrt - verkaufsoffen am 17.05.2012 - Wo kann man an Himmelfahrt einkaufen? Ideen zum Vatertag, Blumen und Geschenke zum Vatertag","robots":{"index":"index","follow":"follow","max-snippet":"max-snippet:-1","max-image-preview":"max-image-preview:large","max-video-preview":"max-video-preview:-1"},"canonical":"https:\/\/www.gaidaphotos.com\/blog\/2012\/05\/13\/vatertag-himmelfahrt-verkaufsoffen-am-17-05-2012\/","og_locale":"de_DE","og_type":"article","og_title":"Vatertag - Himmelfahrt - verkaufsoffen am 17.05.2012","og_description":"Vatertag - Himmelfahrt - verkaufsoffen am 17.05.2012 - Wo kann man an Himmelfahrt einkaufen? Ideen zum Vatertag, Blumen und Geschenke zum Vatertag","og_url":"https:\/\/www.gaidaphotos.com\/blog\/2012\/05\/13\/vatertag-himmelfahrt-verkaufsoffen-am-17-05-2012\/","og_site_name":"K\u00f6ln Rodenkirchen und die Welt","article_publisher":"https:\/\/www.facebook.com\/Koeln.Rodenkirchen","article_author":"https:\/\/www.facebook.com\/gaidaphotos","article_published_time":"2012-05-13T15:26:26+00:00","article_modified_time":"2019-06-30T13:39:52+00:00","og_image":[{"width":180,"height":121,"url":"https:\/\/i1.wp.com\/www.gaidaphotos.com\/blog\/wp-content\/uploads\/2012\/05\/vatertag-der-beste_tmb.jpg?fit=180%2C121&ssl=1","type":"image\/jpeg"}],"author":"Thomas","twitter_card":"summary_large_image","twitter_creator":"@gaidaphotos","twitter_site":"@gaidaphotos","twitter_misc":{"Verfasst von":"Thomas","Gesch\u00e4tzte Lesezeit":"1\u00a0Minute"},"schema":{"@context":"https:\/\/schema.org","@graph":[{"@type":"Article","@id":"https:\/\/www.gaidaphotos.com\/blog\/2012\/05\/13\/vatertag-himmelfahrt-verkaufsoffen-am-17-05-2012\/#article","isPartOf":{"@id":"https:\/\/www.gaidaphotos.com\/blog\/2012\/05\/13\/vatertag-himmelfahrt-verkaufsoffen-am-17-05-2012\/"},"author":{"name":"Thomas","@id":"https:\/\/www.gaidaphotos.com\/blog\/#\/schema\/person\/6c444a5b13ffc503c5c32f5a9ec68b21"},"headline":"Vatertag &#8211; Himmelfahrt &#8211; verkaufsoffen am 17.05.2012","datePublished":"2012-05-13T15:26:26+00:00","dateModified":"2019-06-30T13:39:52+00:00","mainEntityOfPage":{"@id":"https:\/\/www.gaidaphotos.com\/blog\/2012\/05\/13\/vatertag-himmelfahrt-verkaufsoffen-am-17-05-2012\/"},"wordCount":286,"commentCount":1,"publisher":{"@id":"https:\/\/www.gaidaphotos.com\/blog\/#organization"},"image":{"@id":"https:\/\/www.gaidaphotos.com\/blog\/2012\/05\/13\/vatertag-himmelfahrt-verkaufsoffen-am-17-05-2012\/#primaryimage"},"thumbnailUrl":"https:\/\/i0.wp.com\/www.gaidaphotos.com\/blog\/wp-content\/uploads\/2012\/05\/vatertag-der-beste_tmb.jpg?fit=180%2C121&ssl=1","keywords":["Vatertag","verkaufsoffener Sonntag"],"articleSection":["Vatertag","Verkaufsoffener Sonntag K\u00f6ln NRW"],"inLanguage":"de","potentialAction":[{"@type":"CommentAction","name":"Comment","target":["https:\/\/www.gaidaphotos.com\/blog\/2012\/05\/13\/vatertag-himmelfahrt-verkaufsoffen-am-17-05-2012\/#respond"]}]},{"@type":"WebPage","@id":"https:\/\/www.gaidaphotos.com\/blog\/2012\/05\/13\/vatertag-himmelfahrt-verkaufsoffen-am-17-05-2012\/","url":"https:\/\/www.gaidaphotos.com\/blog\/2012\/05\/13\/vatertag-himmelfahrt-verkaufsoffen-am-17-05-2012\/","name":"Vatertag - Himmelfahrt - verkaufsoffen am 17.05.2012","isPartOf":{"@id":"https:\/\/www.gaidaphotos.com\/blog\/#website"},"primaryImageOfPage":{"@id":"https:\/\/www.gaidaphotos.com\/blog\/2012\/05\/13\/vatertag-himmelfahrt-verkaufsoffen-am-17-05-2012\/#primaryimage"},"image":{"@id":"https:\/\/www.gaidaphotos.com\/blog\/2012\/05\/13\/vatertag-himmelfahrt-verkaufsoffen-am-17-05-2012\/#primaryimage"},"thumbnailUrl":"https:\/\/i0.wp.com\/www.gaidaphotos.com\/blog\/wp-content\/uploads\/2012\/05\/vatertag-der-beste_tmb.jpg?fit=180%2C121&ssl=1","datePublished":"2012-05-13T15:26:26+00:00","dateModified":"2019-06-30T13:39:52+00:00","description":"Vatertag - Himmelfahrt - verkaufsoffen am 17.05.2012 - Wo kann man an Himmelfahrt einkaufen? Ideen zum Vatertag, Blumen und Geschenke zum Vatertag","breadcrumb":{"@id":"https:\/\/www.gaidaphotos.com\/blog\/2012\/05\/13\/vatertag-himmelfahrt-verkaufsoffen-am-17-05-2012\/#breadcrumb"},"inLanguage":"de","potentialAction":[{"@type":"ReadAction","target":["https:\/\/www.gaidaphotos.com\/blog\/2012\/05\/13\/vatertag-himmelfahrt-verkaufsoffen-am-17-05-2012\/"]}]},{"@type":"ImageObject","inLanguage":"de","@id":"https:\/\/www.gaidaphotos.com\/blog\/2012\/05\/13\/vatertag-himmelfahrt-verkaufsoffen-am-17-05-2012\/#primaryimage","url":"https:\/\/i0.wp.com\/www.gaidaphotos.com\/blog\/wp-content\/uploads\/2012\/05\/vatertag-der-beste_tmb.jpg?fit=180%2C121&ssl=1","contentUrl":"https:\/\/i0.wp.com\/www.gaidaphotos.com\/blog\/wp-content\/uploads\/2012\/05\/vatertag-der-beste_tmb.jpg?fit=180%2C121&ssl=1","width":"180","height":"121"},{"@type":"BreadcrumbList","@id":"https:\/\/www.gaidaphotos.com\/blog\/2012\/05\/13\/vatertag-himmelfahrt-verkaufsoffen-am-17-05-2012\/#breadcrumb","itemListElement":[{"@type":"ListItem","position":1,"name":"Startseite","item":"https:\/\/www.gaidaphotos.com\/blog\/"},{"@type":"ListItem","position":2,"name":"Vatertag &#8211; Himmelfahrt &#8211; verkaufsoffen am 17.05.2012"}]},{"@type":"WebSite","@id":"https:\/\/www.gaidaphotos.com\/blog\/#website","url":"https:\/\/www.gaidaphotos.com\/blog\/","name":"K\u00f6ln Rodenkirchen und die Welt","description":"Einkaufen, Restaurants, Freizeit, Nachrichten und was uns sonst bewegt und begegnet","publisher":{"@id":"https:\/\/www.gaidaphotos.com\/blog\/#organization"},"potentialAction":[{"@type":"SearchAction","target":{"@type":"EntryPoint","urlTemplate":"https:\/\/www.gaidaphotos.com\/blog\/?s={search_term_string}"},"query-input":{"@type":"PropertyValueSpecification","valueRequired":true,"valueName":"search_term_string"}}],"inLanguage":"de"},{"@type":"Organization","@id":"https:\/\/www.gaidaphotos.com\/blog\/#organization","name":"gaidaphotos","url":"https:\/\/www.gaidaphotos.com\/blog\/","logo":{"@type":"ImageObject","inLanguage":"de","@id":"https:\/\/www.gaidaphotos.com\/blog\/#\/schema\/logo\/image\/","url":"https:\/\/i0.wp.com\/www.gaidaphotos.com\/blog\/wp-content\/uploads\/2020\/07\/GAIDAPHOTOS-COM.jpg?fit=160%2C96&ssl=1","contentUrl":"https:\/\/i0.wp.com\/www.gaidaphotos.com\/blog\/wp-content\/uploads\/2020\/07\/GAIDAPHOTOS-COM.jpg?fit=160%2C96&ssl=1","width":160,"height":96,"caption":"gaidaphotos"},"image":{"@id":"https:\/\/www.gaidaphotos.com\/blog\/#\/schema\/logo\/image\/"},"sameAs":["https:\/\/www.facebook.com\/Koeln.Rodenkirchen","https:\/\/x.com\/gaidaphotos","https:\/\/instagram.com\/gaidaphotos\/","https:\/\/de.linkedin.com\/in\/gaidaphotos","https:\/\/myspace.com\/gaidaphotos","https:\/\/www.pinterest.com\/gaidaphotos\/","https:\/\/www.youtube.com\/user\/gaidaphotos"]},{"@type":"Person","@id":"https:\/\/www.gaidaphotos.com\/blog\/#\/schema\/person\/6c444a5b13ffc503c5c32f5a9ec68b21","name":"Thomas","sameAs":["https:\/\/www.gaidaphotos.com","https:\/\/www.facebook.com\/gaidaphotos","https:\/\/instagram.com\/gaidaphotos\/","https:\/\/www.linkedin.com\/in\/gaidaphotos","http:\/\/www.pinterest.com\/gaidaphotos\/","https:\/\/x.com\/gaidaphotos","https:\/\/myspace.com\/gaidaphotos","https:\/\/www.youtube.com\/user\/gaidaphotos","https:\/\/gaidaphotos.tumblr.com\/"]}]}},"jetpack_publicize_connections":[],"jetpack_featured_media_url":"https:\/\/i0.wp.com\/www.gaidaphotos.com\/blog\/wp-content\/uploads\/2012\/05\/vatertag-der-beste_tmb.jpg?fit=180%2C121&ssl=1","jetpack_sharing_enabled":true,"jetpack_likes_enabled":true,"jetpack-related-posts":[{"id":6417,"url":"https:\/\/www.gaidaphotos.com\/blog\/2014\/05\/21\/einkaufen-am-vatertaghimmelfahrt\/","url_meta":{"origin":4664,"position":0},"title":"Einkaufen am Vatertag\/Himmelfahrt","author":"Thomas","date":"21. Mai 2014","format":false,"excerpt":"Einkaufen am Vatertag \/ Christi Himmelfahrt in Holland Der n\u00e4chste arbeitsfreie Feiertag \/ Br\u00fcckentag steht kurz bevor. N\u00e4chste Woche feiern wir Christi Himmelfahrt. Und in Deutschland wird an Himmelfahrt der Vatertag gefeiert. Historisch ist wird der \"Vatertag\" in Deutschland nicht wie der Muttertag begangen. Statt Fr\u00fchst\u00fcck am Bett und ein\u2026","rel":"","context":"In &quot;Holland&quot;","block_context":{"text":"Holland","link":"https:\/\/www.gaidaphotos.com\/blog\/category\/reise\/holland\/"},"img":{"alt_text":"","src":"https:\/\/i0.wp.com\/www.gaidaphotos.com\/blog\/wp-content\/uploads\/ngg_featured\/roermond-munsterkerk.jpg?fit=750%2C1000&ssl=1&resize=350%2C200","width":350,"height":200,"srcset":"https:\/\/i0.wp.com\/www.gaidaphotos.com\/blog\/wp-content\/uploads\/ngg_featured\/roermond-munsterkerk.jpg?fit=750%2C1000&ssl=1&resize=350%2C200 1x, https:\/\/i0.wp.com\/www.gaidaphotos.com\/blog\/wp-content\/uploads\/ngg_featured\/roermond-munsterkerk.jpg?fit=750%2C1000&ssl=1&resize=525%2C300 1.5x, https:\/\/i0.wp.com\/www.gaidaphotos.com\/blog\/wp-content\/uploads\/ngg_featured\/roermond-munsterkerk.jpg?fit=750%2C1000&ssl=1&resize=700%2C400 2x"},"classes":[]},{"id":3564,"url":"https:\/\/www.gaidaphotos.com\/blog\/2011\/05\/30\/achtung-vatertag-02-06-2011-kostenlose-grusskarten\/","url_meta":{"origin":4664,"position":1},"title":"Achtung Vatertag am 02.06.2011: Kostenlose Grusskarten","author":"Thomas","date":"30. Mai 2011","format":false,"excerpt":"Zum Vatertag kostenlose Grusskarten verschicken Am 2. Juni 2011 (Himmelfahrt) ist wieder Vatertag. Auch wenn der Vatertag in der Bedeutung und im Bewu\u00dftsein der Bev\u00f6lkerung wesentlich geringer ist als der Muttertag, so k\u00f6nnen Sie Ihrem Vater doch wenigstens eine Karte oder E-Card zum Vatertag schicken. Warum feiern wir Vatertag? Wegen\u2026","rel":"","context":"In &quot;K\u00f6ln Rodenkirchen Freizeit&quot;","block_context":{"text":"K\u00f6ln Rodenkirchen Freizeit","link":"https:\/\/www.gaidaphotos.com\/blog\/category\/koeln-rodenkirchen\/koeln-rodenkirchen-freizeit\/"},"img":{"alt_text":"","src":"https:\/\/www.gaidaphotos.com\/blog\/wp-content\/uploads\/2020\/08\/nggallery_import\/73_","width":350,"height":200},"classes":[]},{"id":2827,"url":"https:\/\/www.gaidaphotos.com\/blog\/2010\/04\/30\/vatertag-kostenlose-karten\/","url_meta":{"origin":4664,"position":2},"title":"Vatertag: Kostenlose Karten &#038; Ecards zum Vatertag","author":"Thomas","date":"30. April 2010","format":false,"excerpt":"Kostenlose Karten & E-cards zum Vatertag Am 09. Mai 2013 ist Vatertag Im Gegensatz zum Muttertag, eine US amerikanische Erfindung zum Gedenken an unsere M\u00fctter, hat der Vatertag in Deutschland unterschiedliche Urspr\u00fcnge und Hintergr\u00fcnde. W\u00e4hrend in den USA ab Mitte der 20er Jahre in Anlehnung an den Muttertag auch ein\u2026","rel":"","context":"In &quot;Neuigkeiten&quot;","block_context":{"text":"Neuigkeiten","link":"https:\/\/www.gaidaphotos.com\/blog\/category\/neuigkeiten\/"},"img":{"alt_text":"kostenlose Karten zum Vatertag, E-cards","src":"https:\/\/i0.wp.com\/www.gaidaphotos.com\/blog\/wp-content\/uploads\/fotos\/vatertagskarten-mannsbild-gaidaphotos.jpg?resize=350%2C200&ssl=1","width":350,"height":200},"classes":[]},{"id":3545,"url":"https:\/\/www.gaidaphotos.com\/blog\/2011\/04\/28\/verkaufsoffener-sonntag-1-05-2011-tag-der-arbeit\/","url_meta":{"origin":4664,"position":3},"title":"Verkaufsoffener Sonntag 1.05.2011 (Tag der Arbeit) in K\u00f6ln?","author":"Thomas","date":"28. April 2011","format":false,"excerpt":"Verkaufsoffener Sonntag 1.05.2011 (Tag der Arbeit) in K\u00f6ln? In welchem K\u00f6lner Veedel oder Stadteil sind am Tag der Arbeit 01.05.2011 die Gesch\u00e4fte ge\u00f6ffnet (verkaufsoffener Sonntag)? Wir sagen Ihnen nicht nur wo sondern auch was am verkaufsoffenen Sonntag in K\u00f6ln alles geboten wird. Begleitprogramm zum verkaufsoffenen Sonntag in K\u00f6ln mit K\u00fcnstlern\u2026","rel":"","context":"In &quot;Verkaufsoffener Sonntag K\u00f6ln NRW&quot;","block_context":{"text":"Verkaufsoffener Sonntag K\u00f6ln NRW","link":"https:\/\/www.gaidaphotos.com\/blog\/category\/kalender-archiv\/verkaufsoffener-sonntag-koln-nrw\/"},"img":{"alt_text":"","src":"https:\/\/www.gaidaphotos.com\/blog\/wp-content\/uploads\/2020\/08\/nggallery_import\/41_","width":350,"height":200},"classes":[]},{"id":3550,"url":"https:\/\/www.gaidaphotos.com\/blog\/2011\/05\/03\/08-05-2011-muttertag-und-kein-verkaufsoffener-sonntag-in-koln\/","url_meta":{"origin":4664,"position":4},"title":"08.05.2011: Muttertag und kein verkaufsoffener Sonntag in K\u00f6ln","author":"Thomas","date":"3. Mai 2011","format":false,"excerpt":"08.05.2011: Muttertag und kein verkaufsoffener Sonntag in K\u00f6ln Am .03.2011 ist Muttertag und in K\u00f6ln ist kein verkaufsoffener Sonntag. Ideen f\u00fcr den Muttertag: Laden Sie Ihre Mutter ein. Holen Sie Ihre Mutter ab und machen Sie mit Ihr einen sch\u00f6nen Muttertag. Bei Ihnen daheim oder ausw\u00e4rts. Das Wetter soll sch\u00f6n\u2026","rel":"","context":"In &quot;Muttertag&quot;","block_context":{"text":"Muttertag","link":"https:\/\/www.gaidaphotos.com\/blog\/category\/festtage-feiertage\/muttertag\/"},"img":{"alt_text":"08.05.2011: Muttertag und kein verkaufsoffener Sonntag in K\u00f6ln","src":"https:\/\/i0.wp.com\/www.gaidaphotos.com\/blog\/wp-content\/uploads\/2011\/05\/muttertagskarte-blume-gelb-blau.jpg?fit=640%2C427&ssl=1&resize=350%2C200","width":350,"height":200,"srcset":"https:\/\/i0.wp.com\/www.gaidaphotos.com\/blog\/wp-content\/uploads\/2011\/05\/muttertagskarte-blume-gelb-blau.jpg?fit=640%2C427&ssl=1&resize=350%2C200 1x, https:\/\/i0.wp.com\/www.gaidaphotos.com\/blog\/wp-content\/uploads\/2011\/05\/muttertagskarte-blume-gelb-blau.jpg?fit=640%2C427&ssl=1&resize=525%2C300 1.5x"},"classes":[]},{"id":580,"url":"https:\/\/www.gaidaphotos.com\/blog\/2009\/05\/10\/alles-liebe-zum-muttertag\/","url_meta":{"origin":4664,"position":5},"title":"Alles liebe zum Muttertag","author":"Thomas","date":"10. Mai 2009","format":false,"excerpt":"Wir w\u00fcnschen allen M\u00fcttern, wor allem unserer eigenen, alles liebe zum Muttertag! Die besten Empfehlungen zu Muttertag und Vatertag aus dem Internet: Viel Spa\u00df beim Feiern","rel":"","context":"In &quot;17&quot;","block_context":{"text":"17","link":"https:\/\/www.gaidaphotos.com\/blog\/category\/mobile_news_von_unterwegs\/mobile_news_von_unterwegs-n95\/"},"img":{"alt_text":"","src":"","width":0,"height":0},"classes":[]}],"_links":{"self":[{"href":"https:\/\/www.gaidaphotos.com\/blog\/wp-json\/wp\/v2\/posts\/4664","targetHints":{"allow":["GET"]}}],"collection":[{"href":"https:\/\/www.gaidaphotos.com\/blog\/wp-json\/wp\/v2\/posts"}],"about":[{"href":"https:\/\/www.gaidaphotos.com\/blog\/wp-json\/wp\/v2\/types\/post"}],"author":[{"embeddable":true,"href":"https:\/\/www.gaidaphotos.com\/blog\/wp-json\/wp\/v2\/users\/6"}],"replies":[{"embeddable":true,"href":"https:\/\/www.gaidaphotos.com\/blog\/wp-json\/wp\/v2\/comments?post=4664"}],"version-history":[{"count":0,"href":"https:\/\/www.gaidaphotos.com\/blog\/wp-json\/wp\/v2\/posts\/4664\/revisions"}],"wp:featuredmedia":[{"embeddable":true,"href":"https:\/\/www.gaidaphotos.com\/blog\/wp-json\/wp\/v2\/media\/4674"}],"wp:attachment":[{"href":"https:\/\/www.gaidaphotos.com\/blog\/wp-json\/wp\/v2\/media?parent=4664"}],"wp:term":[{"taxonomy":"category","embeddable":true,"href":"https:\/\/www.gaidaphotos.com\/blog\/wp-json\/wp\/v2\/categories?post=4664"},{"taxonomy":"post_tag","embeddable":true,"href":"https:\/\/www.gaidaphotos.com\/blog\/wp-json\/wp\/v2\/tags?post=4664"}],"curies":[{"name":"wp","href":"https:\/\/api.w.org\/{rel}","templated":true}]}}