{"id":4678,"date":"2012-05-14T17:08:13","date_gmt":"2012-05-14T15:08:13","guid":{"rendered":"http:\/\/www.gaidaphotos.com\/blog\/?p=4678"},"modified":"2012-05-14T17:19:59","modified_gmt":"2012-05-14T15:19:59","slug":"verkaufsoffener-sonntag-20-05-2012-in-koeln-nippeser-buergerfest","status":"publish","type":"post","link":"https:\/\/www.gaidaphotos.com\/blog\/2012\/05\/14\/verkaufsoffener-sonntag-20-05-2012-in-koeln-nippeser-buergerfest\/","title":{"rendered":"verkaufsoffener Sonntag 20.05.2012 in K\u00f6ln &#8211; Nippeser B\u00fcrgerfest"},"content":{"rendered":"<h2>verkaufsoffener Sonntag 20.05.2012 in K\u00f6ln &#8211; Nippeser B\u00fcrgerfest<\/h2>\n<p><figure style=\"width: 325px\" class=\"wp-caption alignright\"> ngg_shortcode_0_placeholder <figcaption class=\"wp-caption-text\">verkaufsoffener Sonntag<\/figcaption><\/figure>Endlich k\u00f6nnen wir wieder in <strong>K\u00f6ln <\/strong>beim verkaufsoffenen Sonntag nach Herzenslust shoppen. Am 20.05.2012 \u00f6ffnen die Gesch\u00e4fte in K\u00f6ln-Vogelsang, K\u00f6ln-Rath\/Heumar und in K\u00f6ln-Nippes. Die gr\u00f6\u00dfte Attraktion ist sicher das &#8222;Nippeser B\u00fcrgerfest&#8220; am verkaufsoffenen Sonntag, 20. Mai 2012.<\/p>\n<p>Die KKG Nippeser B\u00fcrgerwehr veranstaltet zum 14. Mal das <strong>Nippeser B\u00fcrgerfes<\/strong>t auf der Neusser Stra\u00dfe. Begleitend zum B\u00fcrgerfest unter dem Motto &#8222;Janz Neppes fiert&#8220; findet am Sonntag dort auch ein verkaufsoffener Sonntag statt.<br \/>\nAm Nippeser B\u00fcrgerfest beteiligen sich Ortsvereine ebenso wie dortige Unternehmer, L\u00e4den und vor allem die Gastronomie.<br \/>\nZwei Live B\u00fchnen und viele besondere Attraktionen f\u00fcr Kinder garantieren an den zwei Festtagen die gute Stimmung. Auf der Hauptb\u00fchne (Neusser Stra\u00dfe\/Scharnhorststra\u00dfe) pr\u00e4sentiert die KKG Nippeser B\u00fcrgerwehr &#8222;K\u00f6lsche Ton&#8220;. Internationale K\u00fcnstler mit einem bunten Programm sehen Sie auf der B\u00fchne Neusser Stra\u00dfe\/Kempener Stra\u00dfe.<br \/>\nDank der guten Beziehungen der KKG zum K\u00f6lner Karneval, werden auch 2012 wieder jede Menge lokale Gr\u00f6\u00dfen vor allem aus dem K\u00f6lner Karneval an diesem verkaufsoffenen Sonntag und Nippeser B\u00fcrgerfest dabei sein. So gelang es im Vorjahr folgende K\u00fcnstler zu engagieren: &#8222;6 Richtije, Die Breuers, Marita K\u00f6llner (\u201eEt fussich Julche\u201c), Nett-Colonia, die Labbese, Vajabunde, Greesberger und viele andere mehr&#8220;.<br \/>\nDer Einzelhandel pr\u00e4sentiert sich am verkaufsoffenen Sonntag ebenso wie \u00f6rtliche Dienstleister. So werden eine Reihe Nippeser K\u00fcnstler und Handwerker ihre Arbeiten vorstellen. Und die bekannt abwechslungsreiche Nippeser Gastronomie wird ebenso zum Wohlbefinden beitragen.<\/p>\n<p>Wir sind bem\u00fcht Sie noch rechtzeitig \u00fcber das aktuelle Programm zu informieren. Bitte schauen Sie im Laufe der Woche wieder bei uns vorbei.<\/p>\n<h3>verkaufsoffener Sonntag 20.05.2012 in K\u00f6ln &#8211; Nippeser B\u00fcrgerfest<\/h3>\n<p>\u00d6ffnungszeiten: <\/p>\n<ul>11-16 Uhr K\u00f6ln Vorgelsang<br \/>\n13-18 Uhr K\u00f6ln-Nippes, K\u00f6ln-Rath Heumar<\/ul>\n<ul>\n<li><strong>K\u00f6ln-Vogelsang:<\/strong> Im Bereich zwischen M\u00fchlenweg &#8211; Westendstra\u00dfe &#8211; Venloer Stra\u00dfe &#8211; Goldfasanenweg &#8211; Girlitzweg &#8211; Milit\u00e4rringstra\u00dfe<\/li>\n<li><strong>K\u00f6ln-Nippes<\/strong>: Mauenheimer G\u00fcrtel &#8211; westlich der Amsterdamer Stra\u00dfe &#8211; Innere Kanalstra\u00dfe &#8211; Bahntrasse<\/li>\n<li><strong>K\u00f6ln-Rath-Heumar:<\/strong>: H\u00fcttenweg &#8211; Rather Kirchweg &#8211; s\u00fcdlich der Erkerm\u00fchle &#8211; Verlauf des Flehbaches &#8211; \u00f6stliche Stadtgrenze &#8211; Alte-K\u00f6lner-Stra\u00dfe &#8211; Forsbacher Stra\u00dfe &#8211; Heumarer Mauspfad &#8211; Alte Forststra\u00dfe &#8211; Burg-R\u00f6ttgen &#8211; Maarh\u00e4user Weg &#8211; \u00f6stlich der Hansestra\u00dfe &#8211; Bundesautobahn A 59 &#8211; \u00f6stlich des Neubr\u00fccker Ringes<\/li>\n<\/ul>\n<p><?php include(\"wp-content\/include\/verkaufsoffener-sonntag.php\"); ?><\/p>\n<p>Gef\u00e4llt Ihnen dieser Artikel? Dann teilen Sie ihn doch mit Ihren Freunden. Buttons f\u00fcr Facebook und Google+ finden Sie unten.<\/p>\n","protected":false},"excerpt":{"rendered":"<p>verkaufsoffener Sonntag 20.05.2012 in K\u00f6ln &#8211; Nippeser B\u00fcrgerfest Endlich k\u00f6nnen wir wieder in K\u00f6ln beim verkaufsoffenen Sonntag nach Herzenslust shoppen.<\/p>\n","protected":false},"author":6,"featured_media":12300,"comment_status":"open","ping_status":"open","sticky":false,"template":"","format":"standard","meta":{"_crdt_document":"","ngg_post_thumbnail":0,"jetpack_post_was_ever_published":false,"_jetpack_newsletter_access":"","_jetpack_dont_email_post_to_subs":false,"_jetpack_newsletter_tier_id":0,"_jetpack_memberships_contains_paywalled_content":false,"_jetpack_memberships_contains_paid_content":false,"footnotes":"","jetpack_publicize_message":"","jetpack_publicize_feature_enabled":true,"jetpack_social_post_already_shared":false,"jetpack_social_options":{"image_generator_settings":{"template":"highway","default_image_id":0,"font":"","enabled":false},"version":2}},"categories":[178],"tags":[108,102,544,147],"class_list":["post-4678","post","type-post","status-publish","format-standard","has-post-thumbnail","hentry","category-verkaufsoffener-sonntag-koln-nrw","tag-einkaufen","tag-freizeit","tag-koeln","tag-verkaufsoffener-sonntag"],"yoast_head":"<!-- This site is optimized with the Yoast SEO plugin v27.5 - https:\/\/yoast.com\/product\/yoast-seo-wordpress\/ -->\n<title>verkaufsoffener Sonntag 20.05.2012 in K\u00f6ln - Nippeser B\u00fcrgerfest<\/title>\n<meta name=\"description\" content=\"verkaufsoffener Sonntag 20.05.2012 in K\u00f6ln-Vogelsang, K\u00f6ln-Rath\/Heumar, K\u00f6ln-Nippes - Nippeser B\u00fcrgerfest: Programm, Info\" \/>\n<meta name=\"robots\" content=\"index, follow, max-snippet:-1, max-image-preview:large, max-video-preview:-1\" \/>\n<link rel=\"canonical\" href=\"https:\/\/www.gaidaphotos.com\/blog\/2012\/05\/14\/verkaufsoffener-sonntag-20-05-2012-in-koeln-nippeser-buergerfest\/\" \/>\n<meta property=\"og:locale\" content=\"de_DE\" \/>\n<meta property=\"og:type\" content=\"article\" \/>\n<meta property=\"og:title\" content=\"verkaufsoffener Sonntag 20.05.2012 in K\u00f6ln - Nippeser B\u00fcrgerfest\" \/>\n<meta property=\"og:description\" content=\"verkaufsoffener Sonntag 20.05.2012 in K\u00f6ln-Vogelsang, K\u00f6ln-Rath\/Heumar, K\u00f6ln-Nippes - Nippeser B\u00fcrgerfest: Programm, Info\" \/>\n<meta property=\"og:url\" content=\"https:\/\/www.gaidaphotos.com\/blog\/2012\/05\/14\/verkaufsoffener-sonntag-20-05-2012-in-koeln-nippeser-buergerfest\/\" \/>\n<meta property=\"og:site_name\" content=\"K\u00f6ln Rodenkirchen und die Welt\" \/>\n<meta property=\"article:publisher\" content=\"https:\/\/www.facebook.com\/Koeln.Rodenkirchen\" \/>\n<meta property=\"article:author\" content=\"https:\/\/www.facebook.com\/gaidaphotos\" \/>\n<meta property=\"article:published_time\" content=\"2012-05-14T15:08:13+00:00\" \/>\n<meta property=\"article:modified_time\" content=\"2012-05-14T15:19:59+00:00\" \/>\n<meta property=\"og:image\" content=\"https:\/\/www.gaidaphotos.com\/blog\/wp-content\/uploads\/2020\/08\/nggallery_import\/13_\" \/>\n\t<meta property=\"og:image:width\" content=\"1000\" \/>\n\t<meta property=\"og:image:height\" content=\"667\" \/>\n\t<meta property=\"og:image:type\" content=\"image\/jpeg\" \/>\n<meta name=\"author\" content=\"Thomas\" \/>\n<meta name=\"twitter:card\" content=\"summary_large_image\" \/>\n<meta name=\"twitter:creator\" content=\"@gaidaphotos\" \/>\n<meta name=\"twitter:site\" content=\"@gaidaphotos\" \/>\n<meta name=\"twitter:label1\" content=\"Verfasst von\" \/>\n\t<meta name=\"twitter:data1\" content=\"Thomas\" \/>\n\t<meta name=\"twitter:label2\" content=\"Gesch\u00e4tzte Lesezeit\" \/>\n\t<meta name=\"twitter:data2\" content=\"2\u00a0Minuten\" \/>\n<script type=\"application\/ld+json\" class=\"yoast-schema-graph\">{\"@context\":\"https:\\\/\\\/schema.org\",\"@graph\":[{\"@type\":\"Article\",\"@id\":\"https:\\\/\\\/www.gaidaphotos.com\\\/blog\\\/2012\\\/05\\\/14\\\/verkaufsoffener-sonntag-20-05-2012-in-koeln-nippeser-buergerfest\\\/#article\",\"isPartOf\":{\"@id\":\"https:\\\/\\\/www.gaidaphotos.com\\\/blog\\\/2012\\\/05\\\/14\\\/verkaufsoffener-sonntag-20-05-2012-in-koeln-nippeser-buergerfest\\\/\"},\"author\":{\"name\":\"Thomas\",\"@id\":\"https:\\\/\\\/www.gaidaphotos.com\\\/blog\\\/#\\\/schema\\\/person\\\/6c444a5b13ffc503c5c32f5a9ec68b21\"},\"headline\":\"verkaufsoffener Sonntag 20.05.2012 in K\u00f6ln &#8211; Nippeser B\u00fcrgerfest\",\"datePublished\":\"2012-05-14T15:08:13+00:00\",\"dateModified\":\"2012-05-14T15:19:59+00:00\",\"mainEntityOfPage\":{\"@id\":\"https:\\\/\\\/www.gaidaphotos.com\\\/blog\\\/2012\\\/05\\\/14\\\/verkaufsoffener-sonntag-20-05-2012-in-koeln-nippeser-buergerfest\\\/\"},\"wordCount\":447,\"commentCount\":1,\"publisher\":{\"@id\":\"https:\\\/\\\/www.gaidaphotos.com\\\/blog\\\/#organization\"},\"image\":{\"@id\":\"https:\\\/\\\/www.gaidaphotos.com\\\/blog\\\/2012\\\/05\\\/14\\\/verkaufsoffener-sonntag-20-05-2012-in-koeln-nippeser-buergerfest\\\/#primaryimage\"},\"thumbnailUrl\":\"https:\\\/\\\/www.gaidaphotos.com\\\/blog\\\/wp-content\\\/uploads\\\/2020\\\/08\\\/nggallery_import\\\/13_\",\"keywords\":[\"Einkaufen\\\/ Shopping\",\"Freizeit-Ideen\",\"K\u00f6ln\",\"verkaufsoffener Sonntag\"],\"articleSection\":[\"Verkaufsoffener Sonntag K\u00f6ln NRW\"],\"inLanguage\":\"de\",\"potentialAction\":[{\"@type\":\"CommentAction\",\"name\":\"Comment\",\"target\":[\"https:\\\/\\\/www.gaidaphotos.com\\\/blog\\\/2012\\\/05\\\/14\\\/verkaufsoffener-sonntag-20-05-2012-in-koeln-nippeser-buergerfest\\\/#respond\"]}]},{\"@type\":\"WebPage\",\"@id\":\"https:\\\/\\\/www.gaidaphotos.com\\\/blog\\\/2012\\\/05\\\/14\\\/verkaufsoffener-sonntag-20-05-2012-in-koeln-nippeser-buergerfest\\\/\",\"url\":\"https:\\\/\\\/www.gaidaphotos.com\\\/blog\\\/2012\\\/05\\\/14\\\/verkaufsoffener-sonntag-20-05-2012-in-koeln-nippeser-buergerfest\\\/\",\"name\":\"verkaufsoffener Sonntag 20.05.2012 in K\u00f6ln - Nippeser B\u00fcrgerfest\",\"isPartOf\":{\"@id\":\"https:\\\/\\\/www.gaidaphotos.com\\\/blog\\\/#website\"},\"primaryImageOfPage\":{\"@id\":\"https:\\\/\\\/www.gaidaphotos.com\\\/blog\\\/2012\\\/05\\\/14\\\/verkaufsoffener-sonntag-20-05-2012-in-koeln-nippeser-buergerfest\\\/#primaryimage\"},\"image\":{\"@id\":\"https:\\\/\\\/www.gaidaphotos.com\\\/blog\\\/2012\\\/05\\\/14\\\/verkaufsoffener-sonntag-20-05-2012-in-koeln-nippeser-buergerfest\\\/#primaryimage\"},\"thumbnailUrl\":\"https:\\\/\\\/www.gaidaphotos.com\\\/blog\\\/wp-content\\\/uploads\\\/2020\\\/08\\\/nggallery_import\\\/13_\",\"datePublished\":\"2012-05-14T15:08:13+00:00\",\"dateModified\":\"2012-05-14T15:19:59+00:00\",\"description\":\"verkaufsoffener Sonntag 20.05.2012 in K\u00f6ln-Vogelsang, K\u00f6ln-Rath\\\/Heumar, K\u00f6ln-Nippes - Nippeser B\u00fcrgerfest: Programm, Info\",\"breadcrumb\":{\"@id\":\"https:\\\/\\\/www.gaidaphotos.com\\\/blog\\\/2012\\\/05\\\/14\\\/verkaufsoffener-sonntag-20-05-2012-in-koeln-nippeser-buergerfest\\\/#breadcrumb\"},\"inLanguage\":\"de\",\"potentialAction\":[{\"@type\":\"ReadAction\",\"target\":[\"https:\\\/\\\/www.gaidaphotos.com\\\/blog\\\/2012\\\/05\\\/14\\\/verkaufsoffener-sonntag-20-05-2012-in-koeln-nippeser-buergerfest\\\/\"]}]},{\"@type\":\"ImageObject\",\"inLanguage\":\"de\",\"@id\":\"https:\\\/\\\/www.gaidaphotos.com\\\/blog\\\/2012\\\/05\\\/14\\\/verkaufsoffener-sonntag-20-05-2012-in-koeln-nippeser-buergerfest\\\/#primaryimage\",\"url\":\"https:\\\/\\\/www.gaidaphotos.com\\\/blog\\\/wp-content\\\/uploads\\\/2020\\\/08\\\/nggallery_import\\\/13_\",\"contentUrl\":\"https:\\\/\\\/www.gaidaphotos.com\\\/blog\\\/wp-content\\\/uploads\\\/2020\\\/08\\\/nggallery_import\\\/13_\",\"width\":1000,\"height\":667},{\"@type\":\"BreadcrumbList\",\"@id\":\"https:\\\/\\\/www.gaidaphotos.com\\\/blog\\\/2012\\\/05\\\/14\\\/verkaufsoffener-sonntag-20-05-2012-in-koeln-nippeser-buergerfest\\\/#breadcrumb\",\"itemListElement\":[{\"@type\":\"ListItem\",\"position\":1,\"name\":\"Startseite\",\"item\":\"https:\\\/\\\/www.gaidaphotos.com\\\/blog\\\/\"},{\"@type\":\"ListItem\",\"position\":2,\"name\":\"verkaufsoffener Sonntag 20.05.2012 in K\u00f6ln &#8211; Nippeser B\u00fcrgerfest\"}]},{\"@type\":\"WebSite\",\"@id\":\"https:\\\/\\\/www.gaidaphotos.com\\\/blog\\\/#website\",\"url\":\"https:\\\/\\\/www.gaidaphotos.com\\\/blog\\\/\",\"name\":\"K\u00f6ln Rodenkirchen und die Welt\",\"description\":\"Einkaufen, Restaurants, Freizeit, Nachrichten und was uns sonst bewegt und begegnet\",\"publisher\":{\"@id\":\"https:\\\/\\\/www.gaidaphotos.com\\\/blog\\\/#organization\"},\"potentialAction\":[{\"@type\":\"SearchAction\",\"target\":{\"@type\":\"EntryPoint\",\"urlTemplate\":\"https:\\\/\\\/www.gaidaphotos.com\\\/blog\\\/?s={search_term_string}\"},\"query-input\":{\"@type\":\"PropertyValueSpecification\",\"valueRequired\":true,\"valueName\":\"search_term_string\"}}],\"inLanguage\":\"de\"},{\"@type\":\"Organization\",\"@id\":\"https:\\\/\\\/www.gaidaphotos.com\\\/blog\\\/#organization\",\"name\":\"gaidaphotos\",\"url\":\"https:\\\/\\\/www.gaidaphotos.com\\\/blog\\\/\",\"logo\":{\"@type\":\"ImageObject\",\"inLanguage\":\"de\",\"@id\":\"https:\\\/\\\/www.gaidaphotos.com\\\/blog\\\/#\\\/schema\\\/logo\\\/image\\\/\",\"url\":\"https:\\\/\\\/i0.wp.com\\\/www.gaidaphotos.com\\\/blog\\\/wp-content\\\/uploads\\\/2020\\\/07\\\/GAIDAPHOTOS-COM.jpg?fit=160%2C96&ssl=1\",\"contentUrl\":\"https:\\\/\\\/i0.wp.com\\\/www.gaidaphotos.com\\\/blog\\\/wp-content\\\/uploads\\\/2020\\\/07\\\/GAIDAPHOTOS-COM.jpg?fit=160%2C96&ssl=1\",\"width\":160,\"height\":96,\"caption\":\"gaidaphotos\"},\"image\":{\"@id\":\"https:\\\/\\\/www.gaidaphotos.com\\\/blog\\\/#\\\/schema\\\/logo\\\/image\\\/\"},\"sameAs\":[\"https:\\\/\\\/www.facebook.com\\\/Koeln.Rodenkirchen\",\"https:\\\/\\\/x.com\\\/gaidaphotos\",\"https:\\\/\\\/instagram.com\\\/gaidaphotos\\\/\",\"https:\\\/\\\/de.linkedin.com\\\/in\\\/gaidaphotos\",\"https:\\\/\\\/myspace.com\\\/gaidaphotos\",\"https:\\\/\\\/www.pinterest.com\\\/gaidaphotos\\\/\",\"https:\\\/\\\/www.youtube.com\\\/user\\\/gaidaphotos\"]},{\"@type\":\"Person\",\"@id\":\"https:\\\/\\\/www.gaidaphotos.com\\\/blog\\\/#\\\/schema\\\/person\\\/6c444a5b13ffc503c5c32f5a9ec68b21\",\"name\":\"Thomas\",\"sameAs\":[\"https:\\\/\\\/www.gaidaphotos.com\",\"https:\\\/\\\/www.facebook.com\\\/gaidaphotos\",\"https:\\\/\\\/instagram.com\\\/gaidaphotos\\\/\",\"https:\\\/\\\/www.linkedin.com\\\/in\\\/gaidaphotos\",\"http:\\\/\\\/www.pinterest.com\\\/gaidaphotos\\\/\",\"https:\\\/\\\/x.com\\\/gaidaphotos\",\"https:\\\/\\\/myspace.com\\\/gaidaphotos\",\"https:\\\/\\\/www.youtube.com\\\/user\\\/gaidaphotos\",\"https:\\\/\\\/gaidaphotos.tumblr.com\\\/\"]}]}<\/script>\n<!-- \/ Yoast SEO plugin. -->","yoast_head_json":{"title":"verkaufsoffener Sonntag 20.05.2012 in K\u00f6ln - Nippeser B\u00fcrgerfest","description":"verkaufsoffener Sonntag 20.05.2012 in K\u00f6ln-Vogelsang, K\u00f6ln-Rath\/Heumar, K\u00f6ln-Nippes - Nippeser B\u00fcrgerfest: Programm, Info","robots":{"index":"index","follow":"follow","max-snippet":"max-snippet:-1","max-image-preview":"max-image-preview:large","max-video-preview":"max-video-preview:-1"},"canonical":"https:\/\/www.gaidaphotos.com\/blog\/2012\/05\/14\/verkaufsoffener-sonntag-20-05-2012-in-koeln-nippeser-buergerfest\/","og_locale":"de_DE","og_type":"article","og_title":"verkaufsoffener Sonntag 20.05.2012 in K\u00f6ln - Nippeser B\u00fcrgerfest","og_description":"verkaufsoffener Sonntag 20.05.2012 in K\u00f6ln-Vogelsang, K\u00f6ln-Rath\/Heumar, K\u00f6ln-Nippes - Nippeser B\u00fcrgerfest: Programm, Info","og_url":"https:\/\/www.gaidaphotos.com\/blog\/2012\/05\/14\/verkaufsoffener-sonntag-20-05-2012-in-koeln-nippeser-buergerfest\/","og_site_name":"K\u00f6ln Rodenkirchen und die Welt","article_publisher":"https:\/\/www.facebook.com\/Koeln.Rodenkirchen","article_author":"https:\/\/www.facebook.com\/gaidaphotos","article_published_time":"2012-05-14T15:08:13+00:00","article_modified_time":"2012-05-14T15:19:59+00:00","og_image":[{"width":1000,"height":667,"url":"https:\/\/www.gaidaphotos.com\/blog\/wp-content\/uploads\/2020\/08\/nggallery_import\/13_","type":"image\/jpeg"}],"author":"Thomas","twitter_card":"summary_large_image","twitter_creator":"@gaidaphotos","twitter_site":"@gaidaphotos","twitter_misc":{"Verfasst von":"Thomas","Gesch\u00e4tzte Lesezeit":"2\u00a0Minuten"},"schema":{"@context":"https:\/\/schema.org","@graph":[{"@type":"Article","@id":"https:\/\/www.gaidaphotos.com\/blog\/2012\/05\/14\/verkaufsoffener-sonntag-20-05-2012-in-koeln-nippeser-buergerfest\/#article","isPartOf":{"@id":"https:\/\/www.gaidaphotos.com\/blog\/2012\/05\/14\/verkaufsoffener-sonntag-20-05-2012-in-koeln-nippeser-buergerfest\/"},"author":{"name":"Thomas","@id":"https:\/\/www.gaidaphotos.com\/blog\/#\/schema\/person\/6c444a5b13ffc503c5c32f5a9ec68b21"},"headline":"verkaufsoffener Sonntag 20.05.2012 in K\u00f6ln &#8211; Nippeser B\u00fcrgerfest","datePublished":"2012-05-14T15:08:13+00:00","dateModified":"2012-05-14T15:19:59+00:00","mainEntityOfPage":{"@id":"https:\/\/www.gaidaphotos.com\/blog\/2012\/05\/14\/verkaufsoffener-sonntag-20-05-2012-in-koeln-nippeser-buergerfest\/"},"wordCount":447,"commentCount":1,"publisher":{"@id":"https:\/\/www.gaidaphotos.com\/blog\/#organization"},"image":{"@id":"https:\/\/www.gaidaphotos.com\/blog\/2012\/05\/14\/verkaufsoffener-sonntag-20-05-2012-in-koeln-nippeser-buergerfest\/#primaryimage"},"thumbnailUrl":"https:\/\/www.gaidaphotos.com\/blog\/wp-content\/uploads\/2020\/08\/nggallery_import\/13_","keywords":["Einkaufen\/ Shopping","Freizeit-Ideen","K\u00f6ln","verkaufsoffener Sonntag"],"articleSection":["Verkaufsoffener Sonntag K\u00f6ln NRW"],"inLanguage":"de","potentialAction":[{"@type":"CommentAction","name":"Comment","target":["https:\/\/www.gaidaphotos.com\/blog\/2012\/05\/14\/verkaufsoffener-sonntag-20-05-2012-in-koeln-nippeser-buergerfest\/#respond"]}]},{"@type":"WebPage","@id":"https:\/\/www.gaidaphotos.com\/blog\/2012\/05\/14\/verkaufsoffener-sonntag-20-05-2012-in-koeln-nippeser-buergerfest\/","url":"https:\/\/www.gaidaphotos.com\/blog\/2012\/05\/14\/verkaufsoffener-sonntag-20-05-2012-in-koeln-nippeser-buergerfest\/","name":"verkaufsoffener Sonntag 20.05.2012 in K\u00f6ln - Nippeser B\u00fcrgerfest","isPartOf":{"@id":"https:\/\/www.gaidaphotos.com\/blog\/#website"},"primaryImageOfPage":{"@id":"https:\/\/www.gaidaphotos.com\/blog\/2012\/05\/14\/verkaufsoffener-sonntag-20-05-2012-in-koeln-nippeser-buergerfest\/#primaryimage"},"image":{"@id":"https:\/\/www.gaidaphotos.com\/blog\/2012\/05\/14\/verkaufsoffener-sonntag-20-05-2012-in-koeln-nippeser-buergerfest\/#primaryimage"},"thumbnailUrl":"https:\/\/www.gaidaphotos.com\/blog\/wp-content\/uploads\/2020\/08\/nggallery_import\/13_","datePublished":"2012-05-14T15:08:13+00:00","dateModified":"2012-05-14T15:19:59+00:00","description":"verkaufsoffener Sonntag 20.05.2012 in K\u00f6ln-Vogelsang, K\u00f6ln-Rath\/Heumar, K\u00f6ln-Nippes - Nippeser B\u00fcrgerfest: Programm, Info","breadcrumb":{"@id":"https:\/\/www.gaidaphotos.com\/blog\/2012\/05\/14\/verkaufsoffener-sonntag-20-05-2012-in-koeln-nippeser-buergerfest\/#breadcrumb"},"inLanguage":"de","potentialAction":[{"@type":"ReadAction","target":["https:\/\/www.gaidaphotos.com\/blog\/2012\/05\/14\/verkaufsoffener-sonntag-20-05-2012-in-koeln-nippeser-buergerfest\/"]}]},{"@type":"ImageObject","inLanguage":"de","@id":"https:\/\/www.gaidaphotos.com\/blog\/2012\/05\/14\/verkaufsoffener-sonntag-20-05-2012-in-koeln-nippeser-buergerfest\/#primaryimage","url":"https:\/\/www.gaidaphotos.com\/blog\/wp-content\/uploads\/2020\/08\/nggallery_import\/13_","contentUrl":"https:\/\/www.gaidaphotos.com\/blog\/wp-content\/uploads\/2020\/08\/nggallery_import\/13_","width":1000,"height":667},{"@type":"BreadcrumbList","@id":"https:\/\/www.gaidaphotos.com\/blog\/2012\/05\/14\/verkaufsoffener-sonntag-20-05-2012-in-koeln-nippeser-buergerfest\/#breadcrumb","itemListElement":[{"@type":"ListItem","position":1,"name":"Startseite","item":"https:\/\/www.gaidaphotos.com\/blog\/"},{"@type":"ListItem","position":2,"name":"verkaufsoffener Sonntag 20.05.2012 in K\u00f6ln &#8211; Nippeser B\u00fcrgerfest"}]},{"@type":"WebSite","@id":"https:\/\/www.gaidaphotos.com\/blog\/#website","url":"https:\/\/www.gaidaphotos.com\/blog\/","name":"K\u00f6ln Rodenkirchen und die Welt","description":"Einkaufen, Restaurants, Freizeit, Nachrichten und was uns sonst bewegt und begegnet","publisher":{"@id":"https:\/\/www.gaidaphotos.com\/blog\/#organization"},"potentialAction":[{"@type":"SearchAction","target":{"@type":"EntryPoint","urlTemplate":"https:\/\/www.gaidaphotos.com\/blog\/?s={search_term_string}"},"query-input":{"@type":"PropertyValueSpecification","valueRequired":true,"valueName":"search_term_string"}}],"inLanguage":"de"},{"@type":"Organization","@id":"https:\/\/www.gaidaphotos.com\/blog\/#organization","name":"gaidaphotos","url":"https:\/\/www.gaidaphotos.com\/blog\/","logo":{"@type":"ImageObject","inLanguage":"de","@id":"https:\/\/www.gaidaphotos.com\/blog\/#\/schema\/logo\/image\/","url":"https:\/\/i0.wp.com\/www.gaidaphotos.com\/blog\/wp-content\/uploads\/2020\/07\/GAIDAPHOTOS-COM.jpg?fit=160%2C96&ssl=1","contentUrl":"https:\/\/i0.wp.com\/www.gaidaphotos.com\/blog\/wp-content\/uploads\/2020\/07\/GAIDAPHOTOS-COM.jpg?fit=160%2C96&ssl=1","width":160,"height":96,"caption":"gaidaphotos"},"image":{"@id":"https:\/\/www.gaidaphotos.com\/blog\/#\/schema\/logo\/image\/"},"sameAs":["https:\/\/www.facebook.com\/Koeln.Rodenkirchen","https:\/\/x.com\/gaidaphotos","https:\/\/instagram.com\/gaidaphotos\/","https:\/\/de.linkedin.com\/in\/gaidaphotos","https:\/\/myspace.com\/gaidaphotos","https:\/\/www.pinterest.com\/gaidaphotos\/","https:\/\/www.youtube.com\/user\/gaidaphotos"]},{"@type":"Person","@id":"https:\/\/www.gaidaphotos.com\/blog\/#\/schema\/person\/6c444a5b13ffc503c5c32f5a9ec68b21","name":"Thomas","sameAs":["https:\/\/www.gaidaphotos.com","https:\/\/www.facebook.com\/gaidaphotos","https:\/\/instagram.com\/gaidaphotos\/","https:\/\/www.linkedin.com\/in\/gaidaphotos","http:\/\/www.pinterest.com\/gaidaphotos\/","https:\/\/x.com\/gaidaphotos","https:\/\/myspace.com\/gaidaphotos","https:\/\/www.youtube.com\/user\/gaidaphotos","https:\/\/gaidaphotos.tumblr.com\/"]}]}},"jetpack_publicize_connections":[],"jetpack_featured_media_url":"https:\/\/www.gaidaphotos.com\/blog\/wp-content\/uploads\/2020\/08\/nggallery_import\/13_","jetpack_sharing_enabled":true,"jetpack_likes_enabled":true,"jetpack-related-posts":[{"id":3453,"url":"https:\/\/www.gaidaphotos.com\/blog\/2010\/11\/30\/verkaufsoffener-sonntag-weihnachtsmarkt-in-koeln-nippes-am-5-12-2010\/","url_meta":{"origin":4678,"position":0},"title":"verkaufsoffener Sonntag &#038; Weihnachtsmarkt in K\u00f6ln Nippes am 5.12.2010","author":"Thomas","date":"30. November 2010","format":false,"excerpt":"verkaufsoffener Sonntag & Weihnachtsmarkt in K\u00f6ln Nippes am 5.12.2010 In den Stra\u00dfen und Str\u00e4\u00dfchen, Winkeln und Gassen in K\u00f6ln-Nippes zwischen Mauenheimer G\u00fcrtel - westlich der Amsterdamer Stra\u00dfe - Innere Kanalstra\u00dfe - Bahntrasse k\u00f6nnen Sie am verkaufsoffenen Sonntag nach Herzenslust Shoppen. Weihnachtsmarkt und Nikolausmarkt auf dem Schillplatz Veedelstreff von Nippeser Kaufleuten,\u2026","rel":"","context":"In &quot;Verkaufsoffener Sonntag K\u00f6ln NRW&quot;","block_context":{"text":"Verkaufsoffener Sonntag K\u00f6ln NRW","link":"https:\/\/www.gaidaphotos.com\/blog\/category\/kalender-archiv\/verkaufsoffener-sonntag-koln-nrw\/"},"img":{"alt_text":"","src":"","width":0,"height":0},"classes":[]},{"id":4989,"url":"https:\/\/www.gaidaphotos.com\/blog\/2012\/08\/27\/carreefest-verkaufsoffener-sonntag-02-09-2012-koeln\/","url_meta":{"origin":4678,"position":1},"title":"verkaufsoffener Sonntag 02.09.2012 in K\u00f6ln &#8211; Carreefest in S\u00fclz\/Klettenberg","author":"Thomas","date":"27. August 2012","format":false,"excerpt":"verkaufsoffener Sonntag 02.09.2012 in K\u00f6ln Kaum sind die Sommerferien vorbei geht es wieder richtig los mit den verkaufsoffenen Sonntagen in K\u00f6ln. Gleich drei Stadtteile laden Sie zum Shoppen und Feiern, Essen und Trinken. K\u00f6ln-S\u00fcrth: B\u00fcrgerfest von 13 - 18 Uhr K\u00f6ln S\u00fclz\/Klettenberg: Care\u00e8fest von 13-18 Uhr K\u00f6ln Worringen: Worringer Kirmes\u2026","rel":"","context":"In &quot;Verkaufsoffener Sonntag K\u00f6ln NRW&quot;","block_context":{"text":"Verkaufsoffener Sonntag K\u00f6ln NRW","link":"https:\/\/www.gaidaphotos.com\/blog\/category\/kalender-archiv\/verkaufsoffener-sonntag-koln-nrw\/"},"img":{"alt_text":"","src":"https:\/\/www.gaidaphotos.com\/blog\/wp-content\/uploads\/2020\/08\/nggallery_import\/113_","width":350,"height":200,"srcset":"https:\/\/www.gaidaphotos.com\/blog\/wp-content\/uploads\/2020\/08\/nggallery_import\/113_ 1x, https:\/\/www.gaidaphotos.com\/blog\/wp-content\/uploads\/2020\/08\/nggallery_import\/113_ 1.5x, https:\/\/www.gaidaphotos.com\/blog\/wp-content\/uploads\/2020\/08\/nggallery_import\/113_ 2x"},"classes":[]},{"id":5039,"url":"https:\/\/www.gaidaphotos.com\/blog\/2012\/09\/24\/verkaufsoffener-sonntag-30-09-2012-koeln-rund-am-eigelstein\/","url_meta":{"origin":4678,"position":2},"title":"Verkaufsoffener Sonntag 30.09.2012 K\u00f6ln: Rund am Eigelstein Radrennen","author":"Thomas","date":"24. September 2012","format":false,"excerpt":"Verkaufsoffener Sonntag 30.09.2012 K\u00f6ln: Rund am Eigelstein Radrennen Der 30. September 2012 ist ein Gro\u00dfkampftag f\u00fcr alle die den verkaufsoffenen Sonntag lieben. Gleich 6 K\u00f6lner Veedel laden unter verschiedenen Themen zum Shopping am Sonntag. Hei\u00dfester Tip: Das Radrennen \"Rund an der Eigelsteintorburg\" und das 40. Jahre Center-Jubil\u00e4um in K\u00f6ln Weiden.\u2026","rel":"","context":"In &quot;Verkaufsoffener Sonntag K\u00f6ln NRW&quot;","block_context":{"text":"Verkaufsoffener Sonntag K\u00f6ln NRW","link":"https:\/\/www.gaidaphotos.com\/blog\/category\/kalender-archiv\/verkaufsoffener-sonntag-koln-nrw\/"},"img":{"alt_text":"","src":"https:\/\/www.gaidaphotos.com\/blog\/wp-content\/uploads\/2020\/08\/nggallery_import\/115_","width":350,"height":200,"srcset":"https:\/\/www.gaidaphotos.com\/blog\/wp-content\/uploads\/2020\/08\/nggallery_import\/115_ 1x, https:\/\/www.gaidaphotos.com\/blog\/wp-content\/uploads\/2020\/08\/nggallery_import\/115_ 1.5x, https:\/\/www.gaidaphotos.com\/blog\/wp-content\/uploads\/2020\/08\/nggallery_import\/115_ 2x"},"classes":[]},{"id":5225,"url":"https:\/\/www.gaidaphotos.com\/blog\/2012\/12\/05\/verkaufsoffener-sonntag-nikolausmarkt-am-9-12-2012-koeln\/","url_meta":{"origin":4678,"position":3},"title":"verkaufsoffener Sonntag und Nikolausmarkt am 9.12.2012 in K\u00f6ln","author":"Thomas","date":"5. Dezember 2012","format":false,"excerpt":"verkaufsoffener Sonntag und Nikolausmarkt am 9.12.2012 in K\u00f6ln Vorletzter verkaufsoffener Sonntag f\u00fcr 2012 in K\u00f6ln und gleich in 6 Stadtteilen k\u00f6nnen Sie shoppen und Nikolausmarkt oder Weihnachtsmarkt\/Weihnachtsmeile besuchen. K\u00f6ln Nippes Nikolausmarkt und verkaufsoffener Sonntag am 9.12.2012 In K\u00f6ln Nippes ist Nikolausmarkt und die Gesch\u00e4fte haben von 13-18 Uhr ge\u00f6ffnet. Der\u2026","rel":"","context":"In &quot;Verkaufsoffener Sonntag K\u00f6ln NRW&quot;","block_context":{"text":"Verkaufsoffener Sonntag K\u00f6ln NRW","link":"https:\/\/www.gaidaphotos.com\/blog\/category\/kalender-archiv\/verkaufsoffener-sonntag-koln-nrw\/"},"img":{"alt_text":"","src":"https:\/\/www.gaidaphotos.com\/blog\/wp-content\/uploads\/2020\/08\/nggallery_import\/119_","width":350,"height":200},"classes":[]},{"id":3383,"url":"https:\/\/www.gaidaphotos.com\/blog\/2010\/09\/27\/verkaufsoffener-sonntag-03-10-2010-koeln-nrw-2\/","url_meta":{"origin":4678,"position":4},"title":"Verkaufsoffener Sonntag 03.10.2010 in K\u00f6ln, NRW?","author":"Thomas","date":"27. September 2010","format":false,"excerpt":"Verkaufsoffener Sonntag 03.10.2010 in K\u00f6ln. NRW? Am 03.10.2010 ist in K\u00f6ln kein verkaufsoffener Sonntag. Das ist auch kein Wunder, dass am 03.10.2010 in K\u00f6ln kein verkaufsoffener Sonntag stattfindet, denn es ist K\u00f6ln-Marathon. Die gesamte Innenstadt ist gesperrt bzw. man kommt durch den Rundkurs weder in die Stadt noch heraus. Das\u2026","rel":"","context":"In &quot;Verkaufsoffener Sonntag K\u00f6ln NRW&quot;","block_context":{"text":"Verkaufsoffener Sonntag K\u00f6ln NRW","link":"https:\/\/www.gaidaphotos.com\/blog\/category\/kalender-archiv\/verkaufsoffener-sonntag-koln-nrw\/"},"img":{"alt_text":"","src":"","width":0,"height":0},"classes":[]},{"id":3328,"url":"https:\/\/www.gaidaphotos.com\/blog\/2010\/08\/24\/29-08-2010-stadtwerke-koeln-tag-offenen-tuer\/","url_meta":{"origin":4678,"position":5},"title":"29.08.2010 Stadtwerke K\u00f6ln &#8211; Tag der offenen T\u00fcr","author":"Thomas","date":"24. August 2010","format":false,"excerpt":"29.08.2010 Stadtwerke K\u00f6ln - Tag der offenen T\u00fcr 50 Jahre Stadtwerke K\u00f6ln laden zu einem Blick hinter die Kulissen der Stadt. Am 29.08.2010 ist in K\u00f6ln leider kein verkaufsoffener Sonntag. Nutzen Sie den Tag und schauen Sie einmal was die Stadt bewegt, beim Tag der offenen T\u00fcr der Stadtwerke K\u00f6ln.\u2026","rel":"","context":"In &quot;K\u00f6ln&quot;","block_context":{"text":"K\u00f6ln","link":"https:\/\/www.gaidaphotos.com\/blog\/category\/koeln\/"},"img":{"alt_text":"","src":"","width":0,"height":0},"classes":[]}],"_links":{"self":[{"href":"https:\/\/www.gaidaphotos.com\/blog\/wp-json\/wp\/v2\/posts\/4678","targetHints":{"allow":["GET"]}}],"collection":[{"href":"https:\/\/www.gaidaphotos.com\/blog\/wp-json\/wp\/v2\/posts"}],"about":[{"href":"https:\/\/www.gaidaphotos.com\/blog\/wp-json\/wp\/v2\/types\/post"}],"author":[{"embeddable":true,"href":"https:\/\/www.gaidaphotos.com\/blog\/wp-json\/wp\/v2\/users\/6"}],"replies":[{"embeddable":true,"href":"https:\/\/www.gaidaphotos.com\/blog\/wp-json\/wp\/v2\/comments?post=4678"}],"version-history":[{"count":0,"href":"https:\/\/www.gaidaphotos.com\/blog\/wp-json\/wp\/v2\/posts\/4678\/revisions"}],"wp:featuredmedia":[{"embeddable":true,"href":"https:\/\/www.gaidaphotos.com\/blog\/wp-json\/wp\/v2\/media\/12300"}],"wp:attachment":[{"href":"https:\/\/www.gaidaphotos.com\/blog\/wp-json\/wp\/v2\/media?parent=4678"}],"wp:term":[{"taxonomy":"category","embeddable":true,"href":"https:\/\/www.gaidaphotos.com\/blog\/wp-json\/wp\/v2\/categories?post=4678"},{"taxonomy":"post_tag","embeddable":true,"href":"https:\/\/www.gaidaphotos.com\/blog\/wp-json\/wp\/v2\/tags?post=4678"}],"curies":[{"name":"wp","href":"https:\/\/api.w.org\/{rel}","templated":true}]}}