{"id":4876,"date":"2012-07-04T16:17:19","date_gmt":"2012-07-04T14:17:19","guid":{"rendered":"http:\/\/www.gaidaphotos.com\/blog\/?p=4876"},"modified":"2020-08-14T11:12:39","modified_gmt":"2020-08-14T09:12:39","slug":"rodenkirchen-strassenfest-fotos","status":"publish","type":"post","link":"https:\/\/www.gaidaphotos.com\/blog\/2012\/07\/04\/rodenkirchen-strassenfest-fotos\/","title":{"rendered":"Rodenkirchen Stra\u00dfenfest: Sch\u00f6nes Wetter &#8211; Sch\u00f6ne Fotos"},"content":{"rendered":"<h2>Rodenkirchen Strassenfest 2012 &#8211; Fotos, Bilder, Eindr\u00fccke<\/h2>\n<p><a title=\"Rodenkirchen Strassenfest 2012 - Hauptstra\u00dfe\" href=\"https:\/\/i0.wp.com\/www.gaidaphotos.com\/blog\/wp-content\/gallery\/rodenkirchener-strassenfest-2012\/rodenkirchen-strassenfest-2012-03.jpg?ssl=1\"><img data-recalc-dims=\"1\" decoding=\"async\" src=\"https:\/\/i0.wp.com\/www.gaidaphotos.com\/blog\/wp-content\/gallery\/rodenkirchener-strassenfest-2012\/thumbs\/thumbs_rodenkirchen-strassenfest-2012-03.jpg?w=910&#038;ssl=1\" alt=\"Rodenkirchen Strassenfest 2012\" align=\"middle\"><\/a><\/p>\n<p>Seit langem gab es wieder einmal ein trockenes und sogar \u00fcberwiegend sonnig und warmes Stra\u00dfenfest 2012 in Rodenkirchen. Nach den letzten kalten und regnerischen Jahren hatten wir schon fast alle Hoffnung aufgegeben.<\/p>\n<p>Dementsprechend gut besucht war das Rodenkirchener Stra\u00dfenfest 2012. Am Sonntagnachmittag musste man sich beinahe durch die Hauptstra\u00dfe zw\u00e4ngen. Einzige Ausnahme, die B\u00fchne an der Barbarastra\u00dfe. Hier war es fast unertr\u00e4glich laut. Die schlechte Akustik des Platzes trug ihr Teil dazu bei.<\/p>\n<p>Das Angebot war in diesem Jahr wesentlich interessanter und hochwertiger als in den Vorjahren. Viele neue H\u00e4ndler und appetitlich aussehende &#8222;Speisewagen&#8220; lockten die Rodenkirchener l\u00e4nger als gewohnt zum Stra\u00dfenfest 2012 zu verweilen.<\/p>\n<p>Das Ende kam dann aber schon erstaunlich fr\u00fch. Gegen 18:00h am Sonntag, also noch 4 Stunden vor dem endg\u00fcltigen Ende, begannen nicht nur die H\u00e4ndler sondern auch die &#8222;Fre\u00dfbuden&#8220; zusammen zu packen.<\/p>\n<p>Durch das gro\u00dfe Interesse am Rodenkirchener Stra\u00dfenfest 2012 schwappte am Sonntag das Stra\u00dfenfest dann auch auf den Maternusplatz. Hier war es ruhiger und nicht so gedr\u00e4ngt und man konnte dennoch K\u00f6lsch und Spie\u00dfbraten genie\u00dfen.<\/p>\n<h3>Rodenkirchen Strassenfest 2012 &#8211; Fotos<\/h3>\n<p>ngg_shortcode_0_placeholder<br \/>\n<!--?php include(\"wp-content\/include\/verkaufsoffener-sonntag.php\"); ?--><\/p>\n<p>Gef\u00e4llt Ihnen dieser Artikel? Dann teilen Sie ihn doch mit Ihren Freunden. Buttons f\u00fcr Facebook und Google+ finden Sie unten.<\/p>\n","protected":false},"excerpt":{"rendered":"<p>Rodenkirchen Strassenfest 2012 &#8211; Fotos, Bilder, Eindr\u00fccke Seit langem gab es wieder einmal ein trockenes und sogar \u00fcberwiegend sonnig und<\/p>\n","protected":false},"author":6,"featured_media":12309,"comment_status":"open","ping_status":"open","sticky":false,"template":"","format":"standard","meta":{"_crdt_document":"","ngg_post_thumbnail":0,"jetpack_post_was_ever_published":false,"_jetpack_newsletter_access":"","_jetpack_dont_email_post_to_subs":false,"_jetpack_newsletter_tier_id":0,"_jetpack_memberships_contains_paywalled_content":false,"_jetpack_memberships_contains_paid_content":false,"footnotes":"","jetpack_publicize_message":"","jetpack_publicize_feature_enabled":true,"jetpack_social_post_already_shared":false,"jetpack_social_options":{"image_generator_settings":{"template":"highway","default_image_id":0,"font":"","enabled":false},"version":2}},"categories":[52,135,362],"tags":[538,153],"class_list":["post-4876","post","type-post","status-publish","format-standard","has-post-thumbnail","hentry","category-koeln-rodenkirchen","category-koeln_rodenkirchen-fotos","category-strasenfest-koln","tag-koeln-rodenkirchen","tag-strassenfest"],"yoast_head":"<!-- This site is optimized with the Yoast SEO plugin v27.5 - https:\/\/yoast.com\/product\/yoast-seo-wordpress\/ -->\n<title>Rodenkirchen Stra\u00dfenfest: Sch\u00f6nes Wetter - Sch\u00f6ne Fotos<\/title>\n<meta name=\"description\" content=\"Rodenkirchen Stra\u00dfenfest: Sch\u00f6nes Wetter - Sch\u00f6ne Fotos - Eindr\u00fccke vom Stra\u00dfenfest 2012\" \/>\n<meta name=\"robots\" content=\"index, follow, max-snippet:-1, max-image-preview:large, max-video-preview:-1\" \/>\n<link rel=\"canonical\" href=\"https:\/\/www.gaidaphotos.com\/blog\/2012\/07\/04\/rodenkirchen-strassenfest-fotos\/\" \/>\n<meta property=\"og:locale\" content=\"de_DE\" \/>\n<meta property=\"og:type\" content=\"article\" \/>\n<meta property=\"og:title\" content=\"Rodenkirchen Stra\u00dfenfest: Sch\u00f6nes Wetter - Sch\u00f6ne Fotos\" \/>\n<meta property=\"og:description\" content=\"Rodenkirchen Stra\u00dfenfest: Sch\u00f6nes Wetter - Sch\u00f6ne Fotos - Eindr\u00fccke vom Stra\u00dfenfest 2012\" \/>\n<meta property=\"og:url\" content=\"https:\/\/www.gaidaphotos.com\/blog\/2012\/07\/04\/rodenkirchen-strassenfest-fotos\/\" \/>\n<meta property=\"og:site_name\" content=\"K\u00f6ln Rodenkirchen und die Welt\" \/>\n<meta property=\"article:publisher\" content=\"https:\/\/www.facebook.com\/Koeln.Rodenkirchen\" \/>\n<meta property=\"article:author\" content=\"https:\/\/www.facebook.com\/gaidaphotos\" \/>\n<meta property=\"article:published_time\" content=\"2012-07-04T14:17:19+00:00\" \/>\n<meta property=\"article:modified_time\" content=\"2020-08-14T09:12:39+00:00\" \/>\n<meta property=\"og:image\" content=\"https:\/\/www.gaidaphotos.com\/blog\/wp-content\/uploads\/2020\/08\/nggallery_import\/22_\" \/>\n\t<meta property=\"og:image:width\" content=\"667\" \/>\n\t<meta property=\"og:image:height\" content=\"1000\" \/>\n\t<meta property=\"og:image:type\" content=\"image\/jpeg\" \/>\n<meta name=\"author\" content=\"Thomas\" \/>\n<meta name=\"twitter:card\" content=\"summary_large_image\" \/>\n<meta name=\"twitter:creator\" content=\"@gaidaphotos\" \/>\n<meta name=\"twitter:site\" content=\"@gaidaphotos\" \/>\n<meta name=\"twitter:label1\" content=\"Verfasst von\" \/>\n\t<meta name=\"twitter:data1\" content=\"Thomas\" \/>\n\t<meta name=\"twitter:label2\" content=\"Gesch\u00e4tzte Lesezeit\" \/>\n\t<meta name=\"twitter:data2\" content=\"1\u00a0Minute\" \/>\n<script type=\"application\/ld+json\" class=\"yoast-schema-graph\">{\"@context\":\"https:\\\/\\\/schema.org\",\"@graph\":[{\"@type\":\"Article\",\"@id\":\"https:\\\/\\\/www.gaidaphotos.com\\\/blog\\\/2012\\\/07\\\/04\\\/rodenkirchen-strassenfest-fotos\\\/#article\",\"isPartOf\":{\"@id\":\"https:\\\/\\\/www.gaidaphotos.com\\\/blog\\\/2012\\\/07\\\/04\\\/rodenkirchen-strassenfest-fotos\\\/\"},\"author\":{\"name\":\"Thomas\",\"@id\":\"https:\\\/\\\/www.gaidaphotos.com\\\/blog\\\/#\\\/schema\\\/person\\\/6c444a5b13ffc503c5c32f5a9ec68b21\"},\"headline\":\"Rodenkirchen Stra\u00dfenfest: Sch\u00f6nes Wetter &#8211; Sch\u00f6ne Fotos\",\"datePublished\":\"2012-07-04T14:17:19+00:00\",\"dateModified\":\"2020-08-14T09:12:39+00:00\",\"mainEntityOfPage\":{\"@id\":\"https:\\\/\\\/www.gaidaphotos.com\\\/blog\\\/2012\\\/07\\\/04\\\/rodenkirchen-strassenfest-fotos\\\/\"},\"wordCount\":237,\"commentCount\":1,\"publisher\":{\"@id\":\"https:\\\/\\\/www.gaidaphotos.com\\\/blog\\\/#organization\"},\"image\":{\"@id\":\"https:\\\/\\\/www.gaidaphotos.com\\\/blog\\\/2012\\\/07\\\/04\\\/rodenkirchen-strassenfest-fotos\\\/#primaryimage\"},\"thumbnailUrl\":\"https:\\\/\\\/www.gaidaphotos.com\\\/blog\\\/wp-content\\\/uploads\\\/2020\\\/08\\\/nggallery_import\\\/22_\",\"keywords\":[\"K\u00f6ln Rodenkirchen\",\"Strassenfest\"],\"articleSection\":[\"K\u00f6ln Rodenkirchen\",\"K\u00f6ln-Rodenkirchen Fotos\",\"Stra\u00dfenfest K\u00f6ln\"],\"inLanguage\":\"de\",\"potentialAction\":[{\"@type\":\"CommentAction\",\"name\":\"Comment\",\"target\":[\"https:\\\/\\\/www.gaidaphotos.com\\\/blog\\\/2012\\\/07\\\/04\\\/rodenkirchen-strassenfest-fotos\\\/#respond\"]}]},{\"@type\":\"WebPage\",\"@id\":\"https:\\\/\\\/www.gaidaphotos.com\\\/blog\\\/2012\\\/07\\\/04\\\/rodenkirchen-strassenfest-fotos\\\/\",\"url\":\"https:\\\/\\\/www.gaidaphotos.com\\\/blog\\\/2012\\\/07\\\/04\\\/rodenkirchen-strassenfest-fotos\\\/\",\"name\":\"Rodenkirchen Stra\u00dfenfest: Sch\u00f6nes Wetter - Sch\u00f6ne Fotos\",\"isPartOf\":{\"@id\":\"https:\\\/\\\/www.gaidaphotos.com\\\/blog\\\/#website\"},\"primaryImageOfPage\":{\"@id\":\"https:\\\/\\\/www.gaidaphotos.com\\\/blog\\\/2012\\\/07\\\/04\\\/rodenkirchen-strassenfest-fotos\\\/#primaryimage\"},\"image\":{\"@id\":\"https:\\\/\\\/www.gaidaphotos.com\\\/blog\\\/2012\\\/07\\\/04\\\/rodenkirchen-strassenfest-fotos\\\/#primaryimage\"},\"thumbnailUrl\":\"https:\\\/\\\/www.gaidaphotos.com\\\/blog\\\/wp-content\\\/uploads\\\/2020\\\/08\\\/nggallery_import\\\/22_\",\"datePublished\":\"2012-07-04T14:17:19+00:00\",\"dateModified\":\"2020-08-14T09:12:39+00:00\",\"description\":\"Rodenkirchen Stra\u00dfenfest: Sch\u00f6nes Wetter - Sch\u00f6ne Fotos - Eindr\u00fccke vom Stra\u00dfenfest 2012\",\"breadcrumb\":{\"@id\":\"https:\\\/\\\/www.gaidaphotos.com\\\/blog\\\/2012\\\/07\\\/04\\\/rodenkirchen-strassenfest-fotos\\\/#breadcrumb\"},\"inLanguage\":\"de\",\"potentialAction\":[{\"@type\":\"ReadAction\",\"target\":[\"https:\\\/\\\/www.gaidaphotos.com\\\/blog\\\/2012\\\/07\\\/04\\\/rodenkirchen-strassenfest-fotos\\\/\"]}]},{\"@type\":\"ImageObject\",\"inLanguage\":\"de\",\"@id\":\"https:\\\/\\\/www.gaidaphotos.com\\\/blog\\\/2012\\\/07\\\/04\\\/rodenkirchen-strassenfest-fotos\\\/#primaryimage\",\"url\":\"https:\\\/\\\/www.gaidaphotos.com\\\/blog\\\/wp-content\\\/uploads\\\/2020\\\/08\\\/nggallery_import\\\/22_\",\"contentUrl\":\"https:\\\/\\\/www.gaidaphotos.com\\\/blog\\\/wp-content\\\/uploads\\\/2020\\\/08\\\/nggallery_import\\\/22_\",\"width\":667,\"height\":1000},{\"@type\":\"BreadcrumbList\",\"@id\":\"https:\\\/\\\/www.gaidaphotos.com\\\/blog\\\/2012\\\/07\\\/04\\\/rodenkirchen-strassenfest-fotos\\\/#breadcrumb\",\"itemListElement\":[{\"@type\":\"ListItem\",\"position\":1,\"name\":\"Startseite\",\"item\":\"https:\\\/\\\/www.gaidaphotos.com\\\/blog\\\/\"},{\"@type\":\"ListItem\",\"position\":2,\"name\":\"Rodenkirchen Stra\u00dfenfest: Sch\u00f6nes Wetter &#8211; Sch\u00f6ne Fotos\"}]},{\"@type\":\"WebSite\",\"@id\":\"https:\\\/\\\/www.gaidaphotos.com\\\/blog\\\/#website\",\"url\":\"https:\\\/\\\/www.gaidaphotos.com\\\/blog\\\/\",\"name\":\"K\u00f6ln Rodenkirchen und die Welt\",\"description\":\"Einkaufen, Restaurants, Freizeit, Nachrichten und was uns sonst bewegt und begegnet\",\"publisher\":{\"@id\":\"https:\\\/\\\/www.gaidaphotos.com\\\/blog\\\/#organization\"},\"potentialAction\":[{\"@type\":\"SearchAction\",\"target\":{\"@type\":\"EntryPoint\",\"urlTemplate\":\"https:\\\/\\\/www.gaidaphotos.com\\\/blog\\\/?s={search_term_string}\"},\"query-input\":{\"@type\":\"PropertyValueSpecification\",\"valueRequired\":true,\"valueName\":\"search_term_string\"}}],\"inLanguage\":\"de\"},{\"@type\":\"Organization\",\"@id\":\"https:\\\/\\\/www.gaidaphotos.com\\\/blog\\\/#organization\",\"name\":\"gaidaphotos\",\"url\":\"https:\\\/\\\/www.gaidaphotos.com\\\/blog\\\/\",\"logo\":{\"@type\":\"ImageObject\",\"inLanguage\":\"de\",\"@id\":\"https:\\\/\\\/www.gaidaphotos.com\\\/blog\\\/#\\\/schema\\\/logo\\\/image\\\/\",\"url\":\"https:\\\/\\\/i0.wp.com\\\/www.gaidaphotos.com\\\/blog\\\/wp-content\\\/uploads\\\/2020\\\/07\\\/GAIDAPHOTOS-COM.jpg?fit=160%2C96&ssl=1\",\"contentUrl\":\"https:\\\/\\\/i0.wp.com\\\/www.gaidaphotos.com\\\/blog\\\/wp-content\\\/uploads\\\/2020\\\/07\\\/GAIDAPHOTOS-COM.jpg?fit=160%2C96&ssl=1\",\"width\":160,\"height\":96,\"caption\":\"gaidaphotos\"},\"image\":{\"@id\":\"https:\\\/\\\/www.gaidaphotos.com\\\/blog\\\/#\\\/schema\\\/logo\\\/image\\\/\"},\"sameAs\":[\"https:\\\/\\\/www.facebook.com\\\/Koeln.Rodenkirchen\",\"https:\\\/\\\/x.com\\\/gaidaphotos\",\"https:\\\/\\\/instagram.com\\\/gaidaphotos\\\/\",\"https:\\\/\\\/de.linkedin.com\\\/in\\\/gaidaphotos\",\"https:\\\/\\\/myspace.com\\\/gaidaphotos\",\"https:\\\/\\\/www.pinterest.com\\\/gaidaphotos\\\/\",\"https:\\\/\\\/www.youtube.com\\\/user\\\/gaidaphotos\"]},{\"@type\":\"Person\",\"@id\":\"https:\\\/\\\/www.gaidaphotos.com\\\/blog\\\/#\\\/schema\\\/person\\\/6c444a5b13ffc503c5c32f5a9ec68b21\",\"name\":\"Thomas\",\"sameAs\":[\"https:\\\/\\\/www.gaidaphotos.com\",\"https:\\\/\\\/www.facebook.com\\\/gaidaphotos\",\"https:\\\/\\\/instagram.com\\\/gaidaphotos\\\/\",\"https:\\\/\\\/www.linkedin.com\\\/in\\\/gaidaphotos\",\"http:\\\/\\\/www.pinterest.com\\\/gaidaphotos\\\/\",\"https:\\\/\\\/x.com\\\/gaidaphotos\",\"https:\\\/\\\/myspace.com\\\/gaidaphotos\",\"https:\\\/\\\/www.youtube.com\\\/user\\\/gaidaphotos\",\"https:\\\/\\\/gaidaphotos.tumblr.com\\\/\"]}]}<\/script>\n<!-- \/ Yoast SEO plugin. -->","yoast_head_json":{"title":"Rodenkirchen Stra\u00dfenfest: Sch\u00f6nes Wetter - Sch\u00f6ne Fotos","description":"Rodenkirchen Stra\u00dfenfest: Sch\u00f6nes Wetter - Sch\u00f6ne Fotos - Eindr\u00fccke vom Stra\u00dfenfest 2012","robots":{"index":"index","follow":"follow","max-snippet":"max-snippet:-1","max-image-preview":"max-image-preview:large","max-video-preview":"max-video-preview:-1"},"canonical":"https:\/\/www.gaidaphotos.com\/blog\/2012\/07\/04\/rodenkirchen-strassenfest-fotos\/","og_locale":"de_DE","og_type":"article","og_title":"Rodenkirchen Stra\u00dfenfest: Sch\u00f6nes Wetter - Sch\u00f6ne Fotos","og_description":"Rodenkirchen Stra\u00dfenfest: Sch\u00f6nes Wetter - Sch\u00f6ne Fotos - Eindr\u00fccke vom Stra\u00dfenfest 2012","og_url":"https:\/\/www.gaidaphotos.com\/blog\/2012\/07\/04\/rodenkirchen-strassenfest-fotos\/","og_site_name":"K\u00f6ln Rodenkirchen und die Welt","article_publisher":"https:\/\/www.facebook.com\/Koeln.Rodenkirchen","article_author":"https:\/\/www.facebook.com\/gaidaphotos","article_published_time":"2012-07-04T14:17:19+00:00","article_modified_time":"2020-08-14T09:12:39+00:00","og_image":[{"width":667,"height":1000,"url":"https:\/\/www.gaidaphotos.com\/blog\/wp-content\/uploads\/2020\/08\/nggallery_import\/22_","type":"image\/jpeg"}],"author":"Thomas","twitter_card":"summary_large_image","twitter_creator":"@gaidaphotos","twitter_site":"@gaidaphotos","twitter_misc":{"Verfasst von":"Thomas","Gesch\u00e4tzte Lesezeit":"1\u00a0Minute"},"schema":{"@context":"https:\/\/schema.org","@graph":[{"@type":"Article","@id":"https:\/\/www.gaidaphotos.com\/blog\/2012\/07\/04\/rodenkirchen-strassenfest-fotos\/#article","isPartOf":{"@id":"https:\/\/www.gaidaphotos.com\/blog\/2012\/07\/04\/rodenkirchen-strassenfest-fotos\/"},"author":{"name":"Thomas","@id":"https:\/\/www.gaidaphotos.com\/blog\/#\/schema\/person\/6c444a5b13ffc503c5c32f5a9ec68b21"},"headline":"Rodenkirchen Stra\u00dfenfest: Sch\u00f6nes Wetter &#8211; Sch\u00f6ne Fotos","datePublished":"2012-07-04T14:17:19+00:00","dateModified":"2020-08-14T09:12:39+00:00","mainEntityOfPage":{"@id":"https:\/\/www.gaidaphotos.com\/blog\/2012\/07\/04\/rodenkirchen-strassenfest-fotos\/"},"wordCount":237,"commentCount":1,"publisher":{"@id":"https:\/\/www.gaidaphotos.com\/blog\/#organization"},"image":{"@id":"https:\/\/www.gaidaphotos.com\/blog\/2012\/07\/04\/rodenkirchen-strassenfest-fotos\/#primaryimage"},"thumbnailUrl":"https:\/\/www.gaidaphotos.com\/blog\/wp-content\/uploads\/2020\/08\/nggallery_import\/22_","keywords":["K\u00f6ln Rodenkirchen","Strassenfest"],"articleSection":["K\u00f6ln Rodenkirchen","K\u00f6ln-Rodenkirchen Fotos","Stra\u00dfenfest K\u00f6ln"],"inLanguage":"de","potentialAction":[{"@type":"CommentAction","name":"Comment","target":["https:\/\/www.gaidaphotos.com\/blog\/2012\/07\/04\/rodenkirchen-strassenfest-fotos\/#respond"]}]},{"@type":"WebPage","@id":"https:\/\/www.gaidaphotos.com\/blog\/2012\/07\/04\/rodenkirchen-strassenfest-fotos\/","url":"https:\/\/www.gaidaphotos.com\/blog\/2012\/07\/04\/rodenkirchen-strassenfest-fotos\/","name":"Rodenkirchen Stra\u00dfenfest: Sch\u00f6nes Wetter - Sch\u00f6ne Fotos","isPartOf":{"@id":"https:\/\/www.gaidaphotos.com\/blog\/#website"},"primaryImageOfPage":{"@id":"https:\/\/www.gaidaphotos.com\/blog\/2012\/07\/04\/rodenkirchen-strassenfest-fotos\/#primaryimage"},"image":{"@id":"https:\/\/www.gaidaphotos.com\/blog\/2012\/07\/04\/rodenkirchen-strassenfest-fotos\/#primaryimage"},"thumbnailUrl":"https:\/\/www.gaidaphotos.com\/blog\/wp-content\/uploads\/2020\/08\/nggallery_import\/22_","datePublished":"2012-07-04T14:17:19+00:00","dateModified":"2020-08-14T09:12:39+00:00","description":"Rodenkirchen Stra\u00dfenfest: Sch\u00f6nes Wetter - Sch\u00f6ne Fotos - Eindr\u00fccke vom Stra\u00dfenfest 2012","breadcrumb":{"@id":"https:\/\/www.gaidaphotos.com\/blog\/2012\/07\/04\/rodenkirchen-strassenfest-fotos\/#breadcrumb"},"inLanguage":"de","potentialAction":[{"@type":"ReadAction","target":["https:\/\/www.gaidaphotos.com\/blog\/2012\/07\/04\/rodenkirchen-strassenfest-fotos\/"]}]},{"@type":"ImageObject","inLanguage":"de","@id":"https:\/\/www.gaidaphotos.com\/blog\/2012\/07\/04\/rodenkirchen-strassenfest-fotos\/#primaryimage","url":"https:\/\/www.gaidaphotos.com\/blog\/wp-content\/uploads\/2020\/08\/nggallery_import\/22_","contentUrl":"https:\/\/www.gaidaphotos.com\/blog\/wp-content\/uploads\/2020\/08\/nggallery_import\/22_","width":667,"height":1000},{"@type":"BreadcrumbList","@id":"https:\/\/www.gaidaphotos.com\/blog\/2012\/07\/04\/rodenkirchen-strassenfest-fotos\/#breadcrumb","itemListElement":[{"@type":"ListItem","position":1,"name":"Startseite","item":"https:\/\/www.gaidaphotos.com\/blog\/"},{"@type":"ListItem","position":2,"name":"Rodenkirchen Stra\u00dfenfest: Sch\u00f6nes Wetter &#8211; Sch\u00f6ne Fotos"}]},{"@type":"WebSite","@id":"https:\/\/www.gaidaphotos.com\/blog\/#website","url":"https:\/\/www.gaidaphotos.com\/blog\/","name":"K\u00f6ln Rodenkirchen und die Welt","description":"Einkaufen, Restaurants, Freizeit, Nachrichten und was uns sonst bewegt und begegnet","publisher":{"@id":"https:\/\/www.gaidaphotos.com\/blog\/#organization"},"potentialAction":[{"@type":"SearchAction","target":{"@type":"EntryPoint","urlTemplate":"https:\/\/www.gaidaphotos.com\/blog\/?s={search_term_string}"},"query-input":{"@type":"PropertyValueSpecification","valueRequired":true,"valueName":"search_term_string"}}],"inLanguage":"de"},{"@type":"Organization","@id":"https:\/\/www.gaidaphotos.com\/blog\/#organization","name":"gaidaphotos","url":"https:\/\/www.gaidaphotos.com\/blog\/","logo":{"@type":"ImageObject","inLanguage":"de","@id":"https:\/\/www.gaidaphotos.com\/blog\/#\/schema\/logo\/image\/","url":"https:\/\/i0.wp.com\/www.gaidaphotos.com\/blog\/wp-content\/uploads\/2020\/07\/GAIDAPHOTOS-COM.jpg?fit=160%2C96&ssl=1","contentUrl":"https:\/\/i0.wp.com\/www.gaidaphotos.com\/blog\/wp-content\/uploads\/2020\/07\/GAIDAPHOTOS-COM.jpg?fit=160%2C96&ssl=1","width":160,"height":96,"caption":"gaidaphotos"},"image":{"@id":"https:\/\/www.gaidaphotos.com\/blog\/#\/schema\/logo\/image\/"},"sameAs":["https:\/\/www.facebook.com\/Koeln.Rodenkirchen","https:\/\/x.com\/gaidaphotos","https:\/\/instagram.com\/gaidaphotos\/","https:\/\/de.linkedin.com\/in\/gaidaphotos","https:\/\/myspace.com\/gaidaphotos","https:\/\/www.pinterest.com\/gaidaphotos\/","https:\/\/www.youtube.com\/user\/gaidaphotos"]},{"@type":"Person","@id":"https:\/\/www.gaidaphotos.com\/blog\/#\/schema\/person\/6c444a5b13ffc503c5c32f5a9ec68b21","name":"Thomas","sameAs":["https:\/\/www.gaidaphotos.com","https:\/\/www.facebook.com\/gaidaphotos","https:\/\/instagram.com\/gaidaphotos\/","https:\/\/www.linkedin.com\/in\/gaidaphotos","http:\/\/www.pinterest.com\/gaidaphotos\/","https:\/\/x.com\/gaidaphotos","https:\/\/myspace.com\/gaidaphotos","https:\/\/www.youtube.com\/user\/gaidaphotos","https:\/\/gaidaphotos.tumblr.com\/"]}]}},"jetpack_publicize_connections":[],"jetpack_featured_media_url":"https:\/\/www.gaidaphotos.com\/blog\/wp-content\/uploads\/2020\/08\/nggallery_import\/22_","jetpack_sharing_enabled":true,"jetpack_likes_enabled":true,"jetpack-related-posts":[{"id":730,"url":"https:\/\/www.gaidaphotos.com\/blog\/2009\/06\/15\/koeln-rodenkirchen-freizeit-sommertage-strassenfest\/","url_meta":{"origin":4876,"position":0},"title":"Koeln Rodenkirchen Freizeit: Sommertage Strassenfest","author":"Thomas","date":"15. Juni 2009","format":false,"excerpt":"Koeln Rodenkirchen Freizeit: Sommertage Strassenfest! Nicht vergessen! Am Wochenende ist in Koeln Rodenkirchen Strassenfest unter dem Motto \"Rodenkirchen im Hollywoodfieber\". Die Gesch\u00e4fte bieten Sonderangebote zum Einkaufen & Schlemmen zu Musik & Tanz.","rel":"","context":"In &quot;17&quot;","block_context":{"text":"17","link":"https:\/\/www.gaidaphotos.com\/blog\/category\/mobile_news_von_unterwegs\/mobile_news_von_unterwegs-n95\/"},"img":{"alt_text":"","src":"","width":0,"height":0},"classes":[]},{"id":5603,"url":"https:\/\/www.gaidaphotos.com\/blog\/2013\/07\/01\/sommerfest-2013-ein-voller-erfolg\/","url_meta":{"origin":4876,"position":1},"title":"Sommerfest 2013 ein voller Erfolg","author":"Thomas","date":"1. Juli 2013","format":false,"excerpt":"Rodenkirchener Sommerfest 2013 ein voller Erfolg Als dann am Sonntag Nachmittag auch noch die Sonne schien war es ein perfektes Sommerfest 2013. Viele Jahre haben wir einen solchen Andrang am Sonntagnachmittag beim Rodenkirchener Stra\u00dfenfest nicht mehr erlebt. Die Hauptstra\u00dfe war so voll Menschen gepackt, dass es zeitweilig sogar zu Staus\u2026","rel":"","context":"In &quot;K\u00f6ln Rodenkirchen Freizeit&quot;","block_context":{"text":"K\u00f6ln Rodenkirchen Freizeit","link":"https:\/\/www.gaidaphotos.com\/blog\/category\/koeln-rodenkirchen\/koeln-rodenkirchen-freizeit\/"},"img":{"alt_text":"","src":"https:\/\/www.gaidaphotos.com\/blog\/wp-content\/uploads\/2020\/08\/nggallery_import\/127_","width":350,"height":200,"srcset":"https:\/\/www.gaidaphotos.com\/blog\/wp-content\/uploads\/2020\/08\/nggallery_import\/127_ 1x, https:\/\/www.gaidaphotos.com\/blog\/wp-content\/uploads\/2020\/08\/nggallery_import\/127_ 1.5x"},"classes":[]},{"id":5025,"url":"https:\/\/www.gaidaphotos.com\/blog\/2012\/09\/11\/strasenfeste-in-koln-severinsviertel-maternusfest-in-rodenkirchen-16-09-2012\/","url_meta":{"origin":4876,"position":2},"title":"Stra\u00dfenfeste in K\u00f6ln: Severinsviertel &#8211; Maternusfest in Rodenkirchen 16.09.2012","author":"Thomas","date":"11. September 2012","format":false,"excerpt":"Stra\u00dfenfeste in K\u00f6ln: Severinsviertel \"D\u00e4 l\u00e4ngste Desch vun K\u00f6lle\" Maternusfest in Rodenkirchen 16.09.2012 \"D\u00c4 L\u00c4NGSTE DESCH VUN K\u00d6LLE\" 1980 - 2012 - Stra\u00dfenfest Severinsviertel am 15.\/16.09.2012 Der Tisch ist wieder gedeckt. Die festlich geschm\u00fcckte Severinstra\u00dfe feiert am 15. + 16. September 2012 zum 33. Mal das traditionelle Stra\u00dfenfest des \"Vringsveedel\"De\u2026","rel":"","context":"In &quot;K\u00f6ln&quot;","block_context":{"text":"K\u00f6ln","link":"https:\/\/www.gaidaphotos.com\/blog\/category\/koeln\/"},"img":{"alt_text":"Stra\u00dfenfest Severinsvierte","src":"https:\/\/i0.wp.com\/www.gaidaphotos.com\/blog\/wp-content\/uploads\/2012\/09\/strassenfest-severinsviertel-2012.jpg?fit=537%2C769&ssl=1&resize=350%2C200","width":350,"height":200,"srcset":"https:\/\/i0.wp.com\/www.gaidaphotos.com\/blog\/wp-content\/uploads\/2012\/09\/strassenfest-severinsviertel-2012.jpg?fit=537%2C769&ssl=1&resize=350%2C200 1x, https:\/\/i0.wp.com\/www.gaidaphotos.com\/blog\/wp-content\/uploads\/2012\/09\/strassenfest-severinsviertel-2012.jpg?fit=537%2C769&ssl=1&resize=525%2C300 1.5x"},"classes":[]},{"id":4782,"url":"https:\/\/www.gaidaphotos.com\/blog\/2012\/06\/21\/rodenkirchener-sommertage-2012-strassenfest\/","url_meta":{"origin":4876,"position":3},"title":"Rodenkirchener Sommertage &#8211; Stra\u00dfenfest 30.06.- 01.07.2012","author":"Thomas","date":"21. Juni 2012","format":false,"excerpt":"\u201eRodenkirchener Sommertage\/Stra\u00dfenfest 2012- Wir sind der 12. Mann!\u201c \u2026pr\u00e4sentiert von der Aktionsgemeinschaft Rodenkirchen e. V., Gaffel K\u00f6lsch, Schneider Automaten, Sparkasse K\u00f6lnBonn und T\u00f6nissteiner am 30.06. und 01.07.2012 Am spielfreien Samstag ist Rodenkirchen am Ball mit einem Stra\u00dfenfest. Die Rodenkirchener Sommertage sind im Fu\u00dfball-Fieber. Rodenkirchener Sommertage - Stra\u00dfenfest 2012 Was hat\u2026","rel":"","context":"In &quot;K\u00f6ln Rodenkirchen Freizeit&quot;","block_context":{"text":"K\u00f6ln Rodenkirchen Freizeit","link":"https:\/\/www.gaidaphotos.com\/blog\/category\/koeln-rodenkirchen\/koeln-rodenkirchen-freizeit\/"},"img":{"alt_text":"Rodenkirchener Sommertage: Stra\u00dfenfest 2012","src":"https:\/\/i0.wp.com\/www.gaidaphotos.com\/blog\/wp-content\/uploads\/2012\/06\/rodenkirchener-sommertage-gaidaphotos-com.jpg?fit=400%2C721&ssl=1&resize=350%2C200","width":350,"height":200},"classes":[]},{"id":3007,"url":"https:\/\/www.gaidaphotos.com\/blog\/2010\/06\/20\/strassenfest-koeln-rodenkirchen-lionel-ritchi\/","url_meta":{"origin":4876,"position":4},"title":"Strassenfest in K\u00f6ln-Rodenkirchen: All Night Long \u2013 A tribute to Lionel Richie 20:30h","author":"Thomas","date":"20. Juni 2010","format":false,"excerpt":"Live vom Strassenfest in K\u00f6ln-Rodenkirchen: All Night Long \u2013 A tribute to Lionel Richie 20:30h Ab halb neun rockte der Maternusplatz zu den Kl\u00e4ngen von Lionel Ritchie. Im Anschluss legt ab 22:30h bis ca. 23:00h ein DJ f\u00fcr die Rodenkirchener auf.","rel":"","context":"In &quot;Fotos vom CSD&quot;","block_context":{"text":"Fotos vom CSD","link":"https:\/\/www.gaidaphotos.com\/blog\/category\/foto\/fotos-vom-csd\/"},"img":{"alt_text":"Strassenfest K\u00f6ln Rodenkirchen Discofieber","src":"https:\/\/i0.wp.com\/www.gaidaphotos.com\/blog\/wp-content\/uploads\/2010\/06\/koeln-rodenkirchen-strassenfest-discofieber.jpg?resize=350%2C200&ssl=1","width":350,"height":200},"classes":[]},{"id":2978,"url":"https:\/\/www.gaidaphotos.com\/blog\/2010\/06\/19\/strassenfest-koeln-rodenkirchen-19-06-2010-live\/","url_meta":{"origin":4876,"position":5},"title":"Strassenfest Koeln-Rodenkirchen 19.06.2010 Live Bericht","author":"Thomas","date":"19. Juni 2010","format":false,"excerpt":"Strassenfest in Rodenkirchen: Der Maternusplatz ist bereit In weniger als 1h wird auf der B\u00fchne auf dem Maternusplatz in K\u00f6ln-Rodenkirchen das Stra\u00dfenfest er\u00f6ffnet. Wir berichten LIVE von den Aktivit\u00e4ten auf der Hauptb\u00fchne auf dem Maternusplatz, Maternusstra\u00dfe und Hauptstra\u00dfe in K\u00f6ln-Rodenkirchen. Leider herrscht wieder das \u00fcbliche \"Stra\u00dfenfest-Wetter\" mit k\u00fchlen 18\u00b0C und\u2026","rel":"","context":"In &quot;K\u00f6ln Rodenkirchen Einkaufen&quot;","block_context":{"text":"K\u00f6ln Rodenkirchen Einkaufen","link":"https:\/\/www.gaidaphotos.com\/blog\/category\/koeln-rodenkirchen\/koeln-rodenkirchen-einkaufen\/"},"img":{"alt_text":"Strassenfest K\u00f6ln Rodenkirchen 19.06.2010 LIVE","src":"https:\/\/i0.wp.com\/www.gaidaphotos.com\/blog\/wp-content\/uploads\/2010\/06\/strassenfest-koeln-19-06-2010.jpg?resize=350%2C200&ssl=1","width":350,"height":200},"classes":[]}],"_links":{"self":[{"href":"https:\/\/www.gaidaphotos.com\/blog\/wp-json\/wp\/v2\/posts\/4876","targetHints":{"allow":["GET"]}}],"collection":[{"href":"https:\/\/www.gaidaphotos.com\/blog\/wp-json\/wp\/v2\/posts"}],"about":[{"href":"https:\/\/www.gaidaphotos.com\/blog\/wp-json\/wp\/v2\/types\/post"}],"author":[{"embeddable":true,"href":"https:\/\/www.gaidaphotos.com\/blog\/wp-json\/wp\/v2\/users\/6"}],"replies":[{"embeddable":true,"href":"https:\/\/www.gaidaphotos.com\/blog\/wp-json\/wp\/v2\/comments?post=4876"}],"version-history":[{"count":0,"href":"https:\/\/www.gaidaphotos.com\/blog\/wp-json\/wp\/v2\/posts\/4876\/revisions"}],"wp:featuredmedia":[{"embeddable":true,"href":"https:\/\/www.gaidaphotos.com\/blog\/wp-json\/wp\/v2\/media\/12309"}],"wp:attachment":[{"href":"https:\/\/www.gaidaphotos.com\/blog\/wp-json\/wp\/v2\/media?parent=4876"}],"wp:term":[{"taxonomy":"category","embeddable":true,"href":"https:\/\/www.gaidaphotos.com\/blog\/wp-json\/wp\/v2\/categories?post=4876"},{"taxonomy":"post_tag","embeddable":true,"href":"https:\/\/www.gaidaphotos.com\/blog\/wp-json\/wp\/v2\/tags?post=4876"}],"curies":[{"name":"wp","href":"https:\/\/api.w.org\/{rel}","templated":true}]}}