{"id":4887,"date":"2012-07-04T17:48:20","date_gmt":"2012-07-04T15:48:20","guid":{"rendered":"http:\/\/www.gaidaphotos.com\/blog\/?p=4887"},"modified":"2018-09-22T15:56:31","modified_gmt":"2018-09-22T13:56:31","slug":"christopher-street-day-2012-koln-csd-parade","status":"publish","type":"post","link":"https:\/\/www.gaidaphotos.com\/blog\/2012\/07\/04\/christopher-street-day-2012-koln-csd-parade\/","title":{"rendered":"Christopher Street Day 2012 K\u00f6ln &#8211; CSD Parade"},"content":{"rendered":"<h2><\/h2>\n<p><figure style=\"width: 165px\" class=\"wp-caption alignleft\"> <a rel=\"lightbox[]\" href=\"https:\/\/i0.wp.com\/www.gaidaphotos.com\/blog\/wp-content\/gallery\/csd\/csd-christoper-street-day-2010-koeln-037.jpg?ssl=1\" title='CSD - Christoper Street Day Parade 2010 in K\u00f6ln'><img data-recalc-dims=\"1\" src=\"https:\/\/i0.wp.com\/www.gaidaphotos.com\/blog\/wp-content\/gallery\/csd\/thumbs\/thumbs_csd-christoper-street-day-2010-koeln-037.jpg?w=910&#038;ssl=1\" alt='CSD - Christoper Street Day Parade 2010 in K\u00f6ln' class='ngg-singlepic ngg-left' \/><\/a><figcaption class=\"wp-caption-text\">Christopher Street Day 2012 K\u00f6ln - CSD Parade<\/figcaption><\/figure>In wenigen Tagen beginnt in K\u00f6ln der &#8222;Sommer-Karneval&#8220; oder auch &#8222;Christopher Street Day&#8220;.<\/p>\n<h3>Warum Karneval am Christopher Street Day 2012 K\u00f6ln?<\/h3>\n<p>Homosexuell oder nicht, der K\u00f6lner kann keine Gelegenheit auslassen sich zu kost\u00fcmieren und auf den Stra\u00dfen der Stadt zu feiern. Der Anla\u00df ist weniger wichtig als das Wetter. Und da schl\u00e4gt der Christopher Street Day selbst an einem schlechten Tag klimatisch den echten Karneval. Viel besser noch, der CSD, wie der Christopher Street Day auch genannt wird, bietet jede Menge Gelegenheit nackte Haut und Tatsachen zu zeigen.<br \/>\nDass gef\u00e4llt allen, oder zumindest den meisten. Und so ist der CSD fast so gut besucht wie der Karneval und die CSD Parade is bekannt wie der Rosenmontagszug.<\/p>\n<p>Die sch\u00f6nsten Fotos vom <a href=\"http:\/\/www.gaidaphotos.de\/blog\/schone-fotos-vom-csd-2013-in-koeln\/\" title=\"CSD Christopher Street Day K\u00f6ln 2013 sch\u00f6ne Fotos\" target=\"_blank\"><strong>CSD 2013 in K\u00f6ln<\/strong><\/a><\/p>\n<h3>Warum Christopher Street Day<\/h3>\n<p>Dabei hat der CSD einen politischen und im Ursprung traurigen Hintergrund. Er begann als Protestzug gegen Homosexuelle in New York. <a href=\"http:\/\/de.wikipedia.org\/wiki\/Christopher_Street\" title=\"Christopher Street Day\" target=\"_blank\">Christopher Street<\/a> bei wikipedia<br \/>\nSeitdem wird zwischen Fr\u00fchjahr und Sommer in vielen St\u00e4dten rund um die Welt mit dem Christopher Street Day dieser Zeit gedacht, gefeiert und f\u00fcr mehr Toleranz gegen\u00fcber Homosexuellen geworben.<\/p>\n<h3>CSD in K\u00f6ln 2012 &#8211; Christopher Street Day Festival und Parade<\/h3>\n<p>Der Christopher Street Day in K\u00f6ln ist weit mehr als die in der \u00d6ffentlichkeit besonders bekannte Parade. Die Christopher Street Day Feierlichkeiten laufen mit vielen Events und Partys schon seit dem 23. Juni. Doch die H\u00f6hepunkte beginnen mit dem Stra\u00dfenfest am 06. Juli.<\/p>\n<h3>Die H\u00f6hepunkte des Christopher Street Day 2012<\/h3>\n<ul>\n<li><strong>CSD-Stra\u00dfenfest<\/strong> | Fr 6. bis So 8. Juli 2012 auf dem Heumarkt<br \/>\nEr\u00f6ffnung Info St\u00e4nde Fr. 06.07.12 ab 16:00h, B\u00fchnen ab 18:00h, Sa\/So ab 11:00h<br \/>\nChristopher Street Day Stra\u00dfenfest B\u00fchnenprogramm, Lageplan, Infos<\/li>\n<li><strong>K\u00f6lner Aids-Gala<\/strong> | Fr 6. Juli 2012 | 20 Uhr im Maritim<\/li>\n<li><strong>K\u00f6lner CSD-Parade<\/strong> | So 8. Juli 2012 | ab 12 Uhr<br \/>\nParadestrecke Christopher Street Day: Deutzer Br\u00fccke &#8211; Heumarkt &#8211; G\u00fcrzenichstra\u00dfe &#8211; Schildergasse &#8211; Krebsgasse &#8211; Am Alten Posthof Zeppelinstra\u00dfe &#8211; Neumarkt &#8211; Apostelnstra\u00dfe &#8211; Breite Stra\u00dfe &#8211; Neven-DuMont-Stra\u00dfe &#8211; Burgmauer &#8211; Kom\u00f6dienstra\u00dfe<\/li>\n<\/ul>\n<p>Christopher Street Day K\u00f6ln<\/p>\n<h3>Sch\u00f6ne Fotos beim Christopher Street Day in K\u00f6ln<\/h3>\n<p>Achten Sie besonders darauf, wo die Sonne steht. Viele Fotos werden mit Gegenlicht gemacht. Dann scheint die Sonne dem Fotografen direkt oder fast in die Kamera. Dadurch wird das Motiv meist zu dunkel (Gute Kameras w\u00e4hlen im Automatikmodus zumindest die Portraiteinstellungen und verhindern so Unterbelichtungen). Stellen Sie sich gleich so auf, dass die Sonne in Ihrem R\u00fccken steht. Dann haben Sie weniger Probleme mit der Belichtung.<br \/>\nUnd wenn Sie von unten nach oben auf die Wagen fotografieren haben Sie ein \u00e4hnliches Problem durch den hellen Himmel. Korrigieren Sie die Belichtung um 1-2 Stufen nach unten f\u00fcr diese Fotos.<\/p>\n<p>Gef\u00e4llt Ihnen dieser Artikel? Dann teilen Sie ihn doch mit Ihren Freunden. Buttons f\u00fcr Facebook und Google+ finden Sie unten.<\/p>\n","protected":false},"excerpt":{"rendered":"<p>In wenigen Tagen beginnt in K\u00f6ln der &#8222;Sommer-Karneval&#8220; oder auch &#8222;Christopher Street Day&#8220;. Warum Karneval am Christopher Street Day 2012<\/p>\n","protected":false},"author":6,"featured_media":12301,"comment_status":"open","ping_status":"open","sticky":false,"template":"","format":"standard","meta":{"_crdt_document":"","ngg_post_thumbnail":0,"jetpack_post_was_ever_published":false,"_jetpack_newsletter_access":"","_jetpack_dont_email_post_to_subs":false,"_jetpack_newsletter_tier_id":0,"_jetpack_memberships_contains_paywalled_content":false,"_jetpack_memberships_contains_paid_content":false,"footnotes":"","jetpack_publicize_message":"","jetpack_publicize_feature_enabled":true,"jetpack_social_post_already_shared":false,"jetpack_social_options":{"image_generator_settings":{"template":"highway","default_image_id":0,"font":"","enabled":false},"version":2}},"categories":[98,362],"tags":[545,307,102,544],"class_list":["post-4887","post","type-post","status-publish","format-standard","has-post-thumbnail","hentry","category-koeln","category-strasenfest-koln","tag-christopher-street-day-koeln","tag-foto-tips","tag-freizeit","tag-koeln"],"yoast_head":"<!-- This site is optimized with the Yoast SEO plugin v27.5 - https:\/\/yoast.com\/product\/yoast-seo-wordpress\/ -->\n<title>Christopher Street Day 2012 K\u00f6ln - CSD Parade<\/title>\n<meta name=\"description\" content=\"Christopher Street Day 2012 K\u00f6ln - CSD Parade, Stra\u00dfenfest, B\u00fchnenprogramm, Lageplan, Paradestrecke, Foto-Tips\" \/>\n<meta name=\"robots\" content=\"index, follow, max-snippet:-1, max-image-preview:large, max-video-preview:-1\" \/>\n<link rel=\"canonical\" href=\"https:\/\/www.gaidaphotos.com\/blog\/2012\/07\/04\/christopher-street-day-2012-koln-csd-parade\/\" \/>\n<meta property=\"og:locale\" content=\"de_DE\" \/>\n<meta property=\"og:type\" content=\"article\" \/>\n<meta property=\"og:title\" content=\"Christopher Street Day 2012 K\u00f6ln - CSD Parade\" \/>\n<meta property=\"og:description\" content=\"Christopher Street Day 2012 K\u00f6ln - CSD Parade, Stra\u00dfenfest, B\u00fchnenprogramm, Lageplan, Paradestrecke, Foto-Tips\" \/>\n<meta property=\"og:url\" content=\"https:\/\/www.gaidaphotos.com\/blog\/2012\/07\/04\/christopher-street-day-2012-koln-csd-parade\/\" \/>\n<meta property=\"og:site_name\" content=\"K\u00f6ln Rodenkirchen und die Welt\" \/>\n<meta property=\"article:publisher\" content=\"https:\/\/www.facebook.com\/Koeln.Rodenkirchen\" \/>\n<meta property=\"article:author\" content=\"https:\/\/www.facebook.com\/gaidaphotos\" \/>\n<meta property=\"article:published_time\" content=\"2012-07-04T15:48:20+00:00\" \/>\n<meta property=\"article:modified_time\" content=\"2018-09-22T13:56:31+00:00\" \/>\n<meta property=\"og:image\" content=\"https:\/\/www.gaidaphotos.com\/blog\/wp-content\/uploads\/2020\/08\/nggallery_import\/14_\" \/>\n\t<meta property=\"og:image:width\" content=\"480\" \/>\n\t<meta property=\"og:image:height\" content=\"360\" \/>\n\t<meta property=\"og:image:type\" content=\"image\/jpeg\" \/>\n<meta name=\"author\" content=\"Thomas\" \/>\n<meta name=\"twitter:card\" content=\"summary_large_image\" \/>\n<meta name=\"twitter:creator\" content=\"@gaidaphotos\" \/>\n<meta name=\"twitter:site\" content=\"@gaidaphotos\" \/>\n<meta name=\"twitter:label1\" content=\"Verfasst von\" \/>\n\t<meta name=\"twitter:data1\" content=\"Thomas\" \/>\n\t<meta name=\"twitter:label2\" content=\"Gesch\u00e4tzte Lesezeit\" \/>\n\t<meta name=\"twitter:data2\" content=\"2\u00a0Minuten\" \/>\n<script type=\"application\/ld+json\" class=\"yoast-schema-graph\">{\"@context\":\"https:\\\/\\\/schema.org\",\"@graph\":[{\"@type\":\"Article\",\"@id\":\"https:\\\/\\\/www.gaidaphotos.com\\\/blog\\\/2012\\\/07\\\/04\\\/christopher-street-day-2012-koln-csd-parade\\\/#article\",\"isPartOf\":{\"@id\":\"https:\\\/\\\/www.gaidaphotos.com\\\/blog\\\/2012\\\/07\\\/04\\\/christopher-street-day-2012-koln-csd-parade\\\/\"},\"author\":{\"name\":\"Thomas\",\"@id\":\"https:\\\/\\\/www.gaidaphotos.com\\\/blog\\\/#\\\/schema\\\/person\\\/6c444a5b13ffc503c5c32f5a9ec68b21\"},\"headline\":\"Christopher Street Day 2012 K\u00f6ln &#8211; CSD Parade\",\"datePublished\":\"2012-07-04T15:48:20+00:00\",\"dateModified\":\"2018-09-22T13:56:31+00:00\",\"mainEntityOfPage\":{\"@id\":\"https:\\\/\\\/www.gaidaphotos.com\\\/blog\\\/2012\\\/07\\\/04\\\/christopher-street-day-2012-koln-csd-parade\\\/\"},\"wordCount\":504,\"commentCount\":1,\"publisher\":{\"@id\":\"https:\\\/\\\/www.gaidaphotos.com\\\/blog\\\/#organization\"},\"image\":{\"@id\":\"https:\\\/\\\/www.gaidaphotos.com\\\/blog\\\/2012\\\/07\\\/04\\\/christopher-street-day-2012-koln-csd-parade\\\/#primaryimage\"},\"thumbnailUrl\":\"https:\\\/\\\/www.gaidaphotos.com\\\/blog\\\/wp-content\\\/uploads\\\/2020\\\/08\\\/nggallery_import\\\/14_\",\"keywords\":[\"CSD\",\"Foto-Tips\",\"Freizeit-Ideen\",\"K\u00f6ln\"],\"articleSection\":[\"K\u00f6ln\",\"Stra\u00dfenfest K\u00f6ln\"],\"inLanguage\":\"de\",\"potentialAction\":[{\"@type\":\"CommentAction\",\"name\":\"Comment\",\"target\":[\"https:\\\/\\\/www.gaidaphotos.com\\\/blog\\\/2012\\\/07\\\/04\\\/christopher-street-day-2012-koln-csd-parade\\\/#respond\"]}]},{\"@type\":\"WebPage\",\"@id\":\"https:\\\/\\\/www.gaidaphotos.com\\\/blog\\\/2012\\\/07\\\/04\\\/christopher-street-day-2012-koln-csd-parade\\\/\",\"url\":\"https:\\\/\\\/www.gaidaphotos.com\\\/blog\\\/2012\\\/07\\\/04\\\/christopher-street-day-2012-koln-csd-parade\\\/\",\"name\":\"Christopher Street Day 2012 K\u00f6ln - CSD Parade\",\"isPartOf\":{\"@id\":\"https:\\\/\\\/www.gaidaphotos.com\\\/blog\\\/#website\"},\"primaryImageOfPage\":{\"@id\":\"https:\\\/\\\/www.gaidaphotos.com\\\/blog\\\/2012\\\/07\\\/04\\\/christopher-street-day-2012-koln-csd-parade\\\/#primaryimage\"},\"image\":{\"@id\":\"https:\\\/\\\/www.gaidaphotos.com\\\/blog\\\/2012\\\/07\\\/04\\\/christopher-street-day-2012-koln-csd-parade\\\/#primaryimage\"},\"thumbnailUrl\":\"https:\\\/\\\/www.gaidaphotos.com\\\/blog\\\/wp-content\\\/uploads\\\/2020\\\/08\\\/nggallery_import\\\/14_\",\"datePublished\":\"2012-07-04T15:48:20+00:00\",\"dateModified\":\"2018-09-22T13:56:31+00:00\",\"description\":\"Christopher Street Day 2012 K\u00f6ln - CSD Parade, Stra\u00dfenfest, B\u00fchnenprogramm, Lageplan, Paradestrecke, Foto-Tips\",\"breadcrumb\":{\"@id\":\"https:\\\/\\\/www.gaidaphotos.com\\\/blog\\\/2012\\\/07\\\/04\\\/christopher-street-day-2012-koln-csd-parade\\\/#breadcrumb\"},\"inLanguage\":\"de\",\"potentialAction\":[{\"@type\":\"ReadAction\",\"target\":[\"https:\\\/\\\/www.gaidaphotos.com\\\/blog\\\/2012\\\/07\\\/04\\\/christopher-street-day-2012-koln-csd-parade\\\/\"]}]},{\"@type\":\"ImageObject\",\"inLanguage\":\"de\",\"@id\":\"https:\\\/\\\/www.gaidaphotos.com\\\/blog\\\/2012\\\/07\\\/04\\\/christopher-street-day-2012-koln-csd-parade\\\/#primaryimage\",\"url\":\"https:\\\/\\\/www.gaidaphotos.com\\\/blog\\\/wp-content\\\/uploads\\\/2020\\\/08\\\/nggallery_import\\\/14_\",\"contentUrl\":\"https:\\\/\\\/www.gaidaphotos.com\\\/blog\\\/wp-content\\\/uploads\\\/2020\\\/08\\\/nggallery_import\\\/14_\",\"width\":480,\"height\":360},{\"@type\":\"BreadcrumbList\",\"@id\":\"https:\\\/\\\/www.gaidaphotos.com\\\/blog\\\/2012\\\/07\\\/04\\\/christopher-street-day-2012-koln-csd-parade\\\/#breadcrumb\",\"itemListElement\":[{\"@type\":\"ListItem\",\"position\":1,\"name\":\"Startseite\",\"item\":\"https:\\\/\\\/www.gaidaphotos.com\\\/blog\\\/\"},{\"@type\":\"ListItem\",\"position\":2,\"name\":\"Christopher Street Day 2012 K\u00f6ln &#8211; CSD Parade\"}]},{\"@type\":\"WebSite\",\"@id\":\"https:\\\/\\\/www.gaidaphotos.com\\\/blog\\\/#website\",\"url\":\"https:\\\/\\\/www.gaidaphotos.com\\\/blog\\\/\",\"name\":\"K\u00f6ln Rodenkirchen und die Welt\",\"description\":\"Einkaufen, Restaurants, Freizeit, Nachrichten und was uns sonst bewegt und begegnet\",\"publisher\":{\"@id\":\"https:\\\/\\\/www.gaidaphotos.com\\\/blog\\\/#organization\"},\"potentialAction\":[{\"@type\":\"SearchAction\",\"target\":{\"@type\":\"EntryPoint\",\"urlTemplate\":\"https:\\\/\\\/www.gaidaphotos.com\\\/blog\\\/?s={search_term_string}\"},\"query-input\":{\"@type\":\"PropertyValueSpecification\",\"valueRequired\":true,\"valueName\":\"search_term_string\"}}],\"inLanguage\":\"de\"},{\"@type\":\"Organization\",\"@id\":\"https:\\\/\\\/www.gaidaphotos.com\\\/blog\\\/#organization\",\"name\":\"gaidaphotos\",\"url\":\"https:\\\/\\\/www.gaidaphotos.com\\\/blog\\\/\",\"logo\":{\"@type\":\"ImageObject\",\"inLanguage\":\"de\",\"@id\":\"https:\\\/\\\/www.gaidaphotos.com\\\/blog\\\/#\\\/schema\\\/logo\\\/image\\\/\",\"url\":\"https:\\\/\\\/i0.wp.com\\\/www.gaidaphotos.com\\\/blog\\\/wp-content\\\/uploads\\\/2020\\\/07\\\/GAIDAPHOTOS-COM.jpg?fit=160%2C96&ssl=1\",\"contentUrl\":\"https:\\\/\\\/i0.wp.com\\\/www.gaidaphotos.com\\\/blog\\\/wp-content\\\/uploads\\\/2020\\\/07\\\/GAIDAPHOTOS-COM.jpg?fit=160%2C96&ssl=1\",\"width\":160,\"height\":96,\"caption\":\"gaidaphotos\"},\"image\":{\"@id\":\"https:\\\/\\\/www.gaidaphotos.com\\\/blog\\\/#\\\/schema\\\/logo\\\/image\\\/\"},\"sameAs\":[\"https:\\\/\\\/www.facebook.com\\\/Koeln.Rodenkirchen\",\"https:\\\/\\\/x.com\\\/gaidaphotos\",\"https:\\\/\\\/instagram.com\\\/gaidaphotos\\\/\",\"https:\\\/\\\/de.linkedin.com\\\/in\\\/gaidaphotos\",\"https:\\\/\\\/myspace.com\\\/gaidaphotos\",\"https:\\\/\\\/www.pinterest.com\\\/gaidaphotos\\\/\",\"https:\\\/\\\/www.youtube.com\\\/user\\\/gaidaphotos\"]},{\"@type\":\"Person\",\"@id\":\"https:\\\/\\\/www.gaidaphotos.com\\\/blog\\\/#\\\/schema\\\/person\\\/6c444a5b13ffc503c5c32f5a9ec68b21\",\"name\":\"Thomas\",\"sameAs\":[\"https:\\\/\\\/www.gaidaphotos.com\",\"https:\\\/\\\/www.facebook.com\\\/gaidaphotos\",\"https:\\\/\\\/instagram.com\\\/gaidaphotos\\\/\",\"https:\\\/\\\/www.linkedin.com\\\/in\\\/gaidaphotos\",\"http:\\\/\\\/www.pinterest.com\\\/gaidaphotos\\\/\",\"https:\\\/\\\/x.com\\\/gaidaphotos\",\"https:\\\/\\\/myspace.com\\\/gaidaphotos\",\"https:\\\/\\\/www.youtube.com\\\/user\\\/gaidaphotos\",\"https:\\\/\\\/gaidaphotos.tumblr.com\\\/\"]}]}<\/script>\n<!-- \/ Yoast SEO plugin. -->","yoast_head_json":{"title":"Christopher Street Day 2012 K\u00f6ln - CSD Parade","description":"Christopher Street Day 2012 K\u00f6ln - CSD Parade, Stra\u00dfenfest, B\u00fchnenprogramm, Lageplan, Paradestrecke, Foto-Tips","robots":{"index":"index","follow":"follow","max-snippet":"max-snippet:-1","max-image-preview":"max-image-preview:large","max-video-preview":"max-video-preview:-1"},"canonical":"https:\/\/www.gaidaphotos.com\/blog\/2012\/07\/04\/christopher-street-day-2012-koln-csd-parade\/","og_locale":"de_DE","og_type":"article","og_title":"Christopher Street Day 2012 K\u00f6ln - CSD Parade","og_description":"Christopher Street Day 2012 K\u00f6ln - CSD Parade, Stra\u00dfenfest, B\u00fchnenprogramm, Lageplan, Paradestrecke, Foto-Tips","og_url":"https:\/\/www.gaidaphotos.com\/blog\/2012\/07\/04\/christopher-street-day-2012-koln-csd-parade\/","og_site_name":"K\u00f6ln Rodenkirchen und die Welt","article_publisher":"https:\/\/www.facebook.com\/Koeln.Rodenkirchen","article_author":"https:\/\/www.facebook.com\/gaidaphotos","article_published_time":"2012-07-04T15:48:20+00:00","article_modified_time":"2018-09-22T13:56:31+00:00","og_image":[{"width":480,"height":360,"url":"https:\/\/www.gaidaphotos.com\/blog\/wp-content\/uploads\/2020\/08\/nggallery_import\/14_","type":"image\/jpeg"}],"author":"Thomas","twitter_card":"summary_large_image","twitter_creator":"@gaidaphotos","twitter_site":"@gaidaphotos","twitter_misc":{"Verfasst von":"Thomas","Gesch\u00e4tzte Lesezeit":"2\u00a0Minuten"},"schema":{"@context":"https:\/\/schema.org","@graph":[{"@type":"Article","@id":"https:\/\/www.gaidaphotos.com\/blog\/2012\/07\/04\/christopher-street-day-2012-koln-csd-parade\/#article","isPartOf":{"@id":"https:\/\/www.gaidaphotos.com\/blog\/2012\/07\/04\/christopher-street-day-2012-koln-csd-parade\/"},"author":{"name":"Thomas","@id":"https:\/\/www.gaidaphotos.com\/blog\/#\/schema\/person\/6c444a5b13ffc503c5c32f5a9ec68b21"},"headline":"Christopher Street Day 2012 K\u00f6ln &#8211; CSD Parade","datePublished":"2012-07-04T15:48:20+00:00","dateModified":"2018-09-22T13:56:31+00:00","mainEntityOfPage":{"@id":"https:\/\/www.gaidaphotos.com\/blog\/2012\/07\/04\/christopher-street-day-2012-koln-csd-parade\/"},"wordCount":504,"commentCount":1,"publisher":{"@id":"https:\/\/www.gaidaphotos.com\/blog\/#organization"},"image":{"@id":"https:\/\/www.gaidaphotos.com\/blog\/2012\/07\/04\/christopher-street-day-2012-koln-csd-parade\/#primaryimage"},"thumbnailUrl":"https:\/\/www.gaidaphotos.com\/blog\/wp-content\/uploads\/2020\/08\/nggallery_import\/14_","keywords":["CSD","Foto-Tips","Freizeit-Ideen","K\u00f6ln"],"articleSection":["K\u00f6ln","Stra\u00dfenfest K\u00f6ln"],"inLanguage":"de","potentialAction":[{"@type":"CommentAction","name":"Comment","target":["https:\/\/www.gaidaphotos.com\/blog\/2012\/07\/04\/christopher-street-day-2012-koln-csd-parade\/#respond"]}]},{"@type":"WebPage","@id":"https:\/\/www.gaidaphotos.com\/blog\/2012\/07\/04\/christopher-street-day-2012-koln-csd-parade\/","url":"https:\/\/www.gaidaphotos.com\/blog\/2012\/07\/04\/christopher-street-day-2012-koln-csd-parade\/","name":"Christopher Street Day 2012 K\u00f6ln - CSD Parade","isPartOf":{"@id":"https:\/\/www.gaidaphotos.com\/blog\/#website"},"primaryImageOfPage":{"@id":"https:\/\/www.gaidaphotos.com\/blog\/2012\/07\/04\/christopher-street-day-2012-koln-csd-parade\/#primaryimage"},"image":{"@id":"https:\/\/www.gaidaphotos.com\/blog\/2012\/07\/04\/christopher-street-day-2012-koln-csd-parade\/#primaryimage"},"thumbnailUrl":"https:\/\/www.gaidaphotos.com\/blog\/wp-content\/uploads\/2020\/08\/nggallery_import\/14_","datePublished":"2012-07-04T15:48:20+00:00","dateModified":"2018-09-22T13:56:31+00:00","description":"Christopher Street Day 2012 K\u00f6ln - CSD Parade, Stra\u00dfenfest, B\u00fchnenprogramm, Lageplan, Paradestrecke, Foto-Tips","breadcrumb":{"@id":"https:\/\/www.gaidaphotos.com\/blog\/2012\/07\/04\/christopher-street-day-2012-koln-csd-parade\/#breadcrumb"},"inLanguage":"de","potentialAction":[{"@type":"ReadAction","target":["https:\/\/www.gaidaphotos.com\/blog\/2012\/07\/04\/christopher-street-day-2012-koln-csd-parade\/"]}]},{"@type":"ImageObject","inLanguage":"de","@id":"https:\/\/www.gaidaphotos.com\/blog\/2012\/07\/04\/christopher-street-day-2012-koln-csd-parade\/#primaryimage","url":"https:\/\/www.gaidaphotos.com\/blog\/wp-content\/uploads\/2020\/08\/nggallery_import\/14_","contentUrl":"https:\/\/www.gaidaphotos.com\/blog\/wp-content\/uploads\/2020\/08\/nggallery_import\/14_","width":480,"height":360},{"@type":"BreadcrumbList","@id":"https:\/\/www.gaidaphotos.com\/blog\/2012\/07\/04\/christopher-street-day-2012-koln-csd-parade\/#breadcrumb","itemListElement":[{"@type":"ListItem","position":1,"name":"Startseite","item":"https:\/\/www.gaidaphotos.com\/blog\/"},{"@type":"ListItem","position":2,"name":"Christopher Street Day 2012 K\u00f6ln &#8211; CSD Parade"}]},{"@type":"WebSite","@id":"https:\/\/www.gaidaphotos.com\/blog\/#website","url":"https:\/\/www.gaidaphotos.com\/blog\/","name":"K\u00f6ln Rodenkirchen und die Welt","description":"Einkaufen, Restaurants, Freizeit, Nachrichten und was uns sonst bewegt und begegnet","publisher":{"@id":"https:\/\/www.gaidaphotos.com\/blog\/#organization"},"potentialAction":[{"@type":"SearchAction","target":{"@type":"EntryPoint","urlTemplate":"https:\/\/www.gaidaphotos.com\/blog\/?s={search_term_string}"},"query-input":{"@type":"PropertyValueSpecification","valueRequired":true,"valueName":"search_term_string"}}],"inLanguage":"de"},{"@type":"Organization","@id":"https:\/\/www.gaidaphotos.com\/blog\/#organization","name":"gaidaphotos","url":"https:\/\/www.gaidaphotos.com\/blog\/","logo":{"@type":"ImageObject","inLanguage":"de","@id":"https:\/\/www.gaidaphotos.com\/blog\/#\/schema\/logo\/image\/","url":"https:\/\/i0.wp.com\/www.gaidaphotos.com\/blog\/wp-content\/uploads\/2020\/07\/GAIDAPHOTOS-COM.jpg?fit=160%2C96&ssl=1","contentUrl":"https:\/\/i0.wp.com\/www.gaidaphotos.com\/blog\/wp-content\/uploads\/2020\/07\/GAIDAPHOTOS-COM.jpg?fit=160%2C96&ssl=1","width":160,"height":96,"caption":"gaidaphotos"},"image":{"@id":"https:\/\/www.gaidaphotos.com\/blog\/#\/schema\/logo\/image\/"},"sameAs":["https:\/\/www.facebook.com\/Koeln.Rodenkirchen","https:\/\/x.com\/gaidaphotos","https:\/\/instagram.com\/gaidaphotos\/","https:\/\/de.linkedin.com\/in\/gaidaphotos","https:\/\/myspace.com\/gaidaphotos","https:\/\/www.pinterest.com\/gaidaphotos\/","https:\/\/www.youtube.com\/user\/gaidaphotos"]},{"@type":"Person","@id":"https:\/\/www.gaidaphotos.com\/blog\/#\/schema\/person\/6c444a5b13ffc503c5c32f5a9ec68b21","name":"Thomas","sameAs":["https:\/\/www.gaidaphotos.com","https:\/\/www.facebook.com\/gaidaphotos","https:\/\/instagram.com\/gaidaphotos\/","https:\/\/www.linkedin.com\/in\/gaidaphotos","http:\/\/www.pinterest.com\/gaidaphotos\/","https:\/\/x.com\/gaidaphotos","https:\/\/myspace.com\/gaidaphotos","https:\/\/www.youtube.com\/user\/gaidaphotos","https:\/\/gaidaphotos.tumblr.com\/"]}]}},"jetpack_publicize_connections":[],"jetpack_featured_media_url":"https:\/\/www.gaidaphotos.com\/blog\/wp-content\/uploads\/2020\/08\/nggallery_import\/14_","jetpack_sharing_enabled":true,"jetpack_likes_enabled":true,"jetpack-related-posts":[{"id":6824,"url":"https:\/\/www.gaidaphotos.com\/blog\/2014\/07\/02\/csd-parade-koeln-2014\/","url_meta":{"origin":4887,"position":0},"title":"CSD Parade K\u00f6ln 2014","author":"Thomas","date":"2. Juli 2014","format":false,"excerpt":"Christopher Street Day CSD Parade 2014 in K\u00f6ln Wir sind \u201cnur\u201d der rosa Karneval \u2013 K\u00f6ln demonstriert Vielfalt Am Wochenende zieht die gro\u00dfe Cristopher Street Day Parade wieder durch K\u00f6ln. Das Motto k\u00f6nnte f\u00fcr die Domstadt und berufsjecken K\u00f6lner nicht passender gew\u00e4hlt worden sein. colognepride, so nennen sich die Organisatoren\u2026","rel":"","context":"In &quot;Fotos vom CSD&quot;","block_context":{"text":"Fotos vom CSD","link":"https:\/\/www.gaidaphotos.com\/blog\/category\/foto\/fotos-vom-csd\/"},"img":{"alt_text":"","src":"https:\/\/i0.wp.com\/www.gaidaphotos.com\/blog\/wp-content\/uploads\/ngg_featured\/csd-koeln-2013-54.jpg?fit=1000%2C1000&ssl=1&resize=350%2C200","width":350,"height":200,"srcset":"https:\/\/i0.wp.com\/www.gaidaphotos.com\/blog\/wp-content\/uploads\/ngg_featured\/csd-koeln-2013-54.jpg?fit=1000%2C1000&ssl=1&resize=350%2C200 1x, https:\/\/i0.wp.com\/www.gaidaphotos.com\/blog\/wp-content\/uploads\/ngg_featured\/csd-koeln-2013-54.jpg?fit=1000%2C1000&ssl=1&resize=525%2C300 1.5x, https:\/\/i0.wp.com\/www.gaidaphotos.com\/blog\/wp-content\/uploads\/ngg_featured\/csd-koeln-2013-54.jpg?fit=1000%2C1000&ssl=1&resize=700%2C400 2x"},"classes":[]},{"id":3087,"url":"https:\/\/www.gaidaphotos.com\/blog\/2010\/07\/01\/csd-christopher-street-day-parade-2010\/","url_meta":{"origin":4887,"position":1},"title":"CSD &#8211; Christopher Street Day Parade 2010 in K\u00f6ln","author":"Thomas","date":"1. Juli 2010","format":false,"excerpt":"CSD - Christoper Street Day Parade 2010 in K\u00f6ln Auch in diesem jahr findet der CSD - Christoper Street Day 2010 in K\u00f6ln statt und wird mit einer Parade gefeiert. Das Motto f\u00fcr den CSD - Christoper Street Day Parade 2010 in K\u00f6ln lautet in diesem Jahr: Stolz bewegt -\u2026","rel":"","context":"In &quot;K\u00f6ln&quot;","block_context":{"text":"K\u00f6ln","link":"https:\/\/www.gaidaphotos.com\/blog\/category\/koeln\/"},"img":{"alt_text":"CSD - Christoper Street Day Parade 2010 in K\u00f6ln","src":"https:\/\/i0.wp.com\/www.gaidaphotos.com\/blog\/wp-content\/uploads\/2010\/07\/csd-christopher-street-day-koeln-04.jpg?resize=350%2C200&ssl=1","width":350,"height":200},"classes":[]},{"id":3086,"url":"https:\/\/www.gaidaphotos.com\/blog\/2010\/07\/01\/verkaufsoffener-sonntag-4-07-2010-koeln\/","url_meta":{"origin":4887,"position":2},"title":"verkaufsoffener Sonntag 4.7.2010 in K\u00f6ln Neustadt, Lindenthal und Longerich","author":"Thomas","date":"1. Juli 2010","format":false,"excerpt":"verkaufsoffener Sonntag 4.7.2010 in K\u00f6ln Neustadt, Lindenthal und Longerich: Was ist los und was wird geboten? Am Sonntag, 4.Juli 2010, ist in den K\u00f6lner Veedeln Lindenthal, Longerich und Neustadt verkaufsoffener Sonntag. Die Gesch\u00e4fte in K\u00f6ln Lindenthal, Longerich und Neustadt sind am verkaufsoffenen Sonntag 4.7.2010 von 13:00h bis 18:00h ge\u00f6ffnet. Verkaufsoffener\u2026","rel":"","context":"In &quot;K\u00f6ln&quot;","block_context":{"text":"K\u00f6ln","link":"https:\/\/www.gaidaphotos.com\/blog\/category\/koeln\/"},"img":{"alt_text":"CSD - Christoper Street Day Parade 2010 in K\u00f6ln","src":"https:\/\/i0.wp.com\/www.gaidaphotos.com\/blog\/wp-content\/uploads\/2010\/07\/csd-christopher-street-day-koeln-01.jpg?resize=350%2C200&ssl=1","width":350,"height":200},"classes":[]},{"id":1864,"url":"https:\/\/www.gaidaphotos.com\/blog\/2009\/07\/04\/csd-christoper-street-day-gay-pride\/","url_meta":{"origin":4887,"position":3},"title":"K\u00f6ln: CSD Christoper Street Day &#8211; Gay Pride Parade &#8211; Live Fotos","author":"Thomas","date":"4. Juli 2009","format":false,"excerpt":"Morgen, Sonntag 04.07.09, findet anl\u00e4\u00dflich der \"Gay Pride\" Tage in K\u00f6ln wieder die Parade zum \"CSD - Christopher Street Day\" statt. Im vergangenen Jahr haben wir mit der SLR Kamera Fotos gemacht und bei Flickr gezeigt \"CSD Christoper Street Day in K\u00f6ln\" in diesem jahr werden wir LIVE von und\u2026","rel":"","context":"In &quot;K\u00f6ln&quot;","block_context":{"text":"K\u00f6ln","link":"https:\/\/www.gaidaphotos.com\/blog\/category\/koeln\/"},"img":{"alt_text":"","src":"","width":0,"height":0},"classes":[]},{"id":1867,"url":"https:\/\/www.gaidaphotos.com\/blog\/2009\/07\/05\/csd-christopher-street-day-koeln-foto\/","url_meta":{"origin":4887,"position":4},"title":"CSD Christopher Street Day Koeln Foto","author":"Thomas","date":"5. Juli 2009","format":false,"excerpt":"","rel":"","context":"In &quot;17&quot;","block_context":{"text":"17","link":"https:\/\/www.gaidaphotos.com\/blog\/category\/mobile_news_von_unterwegs\/mobile_news_von_unterwegs-n95\/"},"img":{"alt_text":"","src":"","width":0,"height":0},"classes":[]},{"id":1869,"url":"https:\/\/www.gaidaphotos.com\/blog\/2009\/07\/05\/csd-christopher-street-day-koeln-foto-2\/","url_meta":{"origin":4887,"position":5},"title":"CSD Christopher Street Day Koeln Foto","author":"Thomas","date":"5. Juli 2009","format":false,"excerpt":"","rel":"","context":"In &quot;17&quot;","block_context":{"text":"17","link":"https:\/\/www.gaidaphotos.com\/blog\/category\/mobile_news_von_unterwegs\/mobile_news_von_unterwegs-n95\/"},"img":{"alt_text":"","src":"","width":0,"height":0},"classes":[]}],"_links":{"self":[{"href":"https:\/\/www.gaidaphotos.com\/blog\/wp-json\/wp\/v2\/posts\/4887","targetHints":{"allow":["GET"]}}],"collection":[{"href":"https:\/\/www.gaidaphotos.com\/blog\/wp-json\/wp\/v2\/posts"}],"about":[{"href":"https:\/\/www.gaidaphotos.com\/blog\/wp-json\/wp\/v2\/types\/post"}],"author":[{"embeddable":true,"href":"https:\/\/www.gaidaphotos.com\/blog\/wp-json\/wp\/v2\/users\/6"}],"replies":[{"embeddable":true,"href":"https:\/\/www.gaidaphotos.com\/blog\/wp-json\/wp\/v2\/comments?post=4887"}],"version-history":[{"count":0,"href":"https:\/\/www.gaidaphotos.com\/blog\/wp-json\/wp\/v2\/posts\/4887\/revisions"}],"wp:featuredmedia":[{"embeddable":true,"href":"https:\/\/www.gaidaphotos.com\/blog\/wp-json\/wp\/v2\/media\/12301"}],"wp:attachment":[{"href":"https:\/\/www.gaidaphotos.com\/blog\/wp-json\/wp\/v2\/media?parent=4887"}],"wp:term":[{"taxonomy":"category","embeddable":true,"href":"https:\/\/www.gaidaphotos.com\/blog\/wp-json\/wp\/v2\/categories?post=4887"},{"taxonomy":"post_tag","embeddable":true,"href":"https:\/\/www.gaidaphotos.com\/blog\/wp-json\/wp\/v2\/tags?post=4887"}],"curies":[{"name":"wp","href":"https:\/\/api.w.org\/{rel}","templated":true}]}}