{"id":4897,"date":"2012-07-12T15:25:16","date_gmt":"2012-07-12T13:25:16","guid":{"rendered":"http:\/\/www.gaidaphotos.com\/blog\/?p=4897"},"modified":"2020-12-30T15:53:00","modified_gmt":"2020-12-30T14:53:00","slug":"kolner-lichter-2012-stadtachte","status":"publish","type":"post","link":"https:\/\/www.gaidaphotos.com\/blog\/2012\/07\/12\/kolner-lichter-2012-stadtachte\/","title":{"rendered":"K\u00f6lner Lichter und Stadtachter 2012: Info, Tips, Foto-Tips"},"content":{"rendered":"<h2>K\u00f6lner Lichter 2012: Info, Tips, Foto-Tips<\/h2>\n<p><a title=\"K\u00f6lner Lichter 2012: Info, Tips, Foto-Tips\" href=\"https:\/\/i0.wp.com\/www.gaidaphotos.com\/blog\/wp-content\/gallery\/feuerwerk\/feuerwerk-canon-ixus-310-hs-04.jpg?ssl=1\" rel=\"lightbox[]\"><img data-recalc-dims=\"1\" decoding=\"async\" class=\"ngg-singlepic ngg-left alignleft\" src=\"https:\/\/i0.wp.com\/www.gaidaphotos.com\/blog\/wp-content\/gallery\/feuerwerk\/thumbs\/thumbs_feuerwerk-canon-ixus-310-hs-04.jpg?w=910&#038;ssl=1\" alt=\"K\u00f6lner Lichter 2012: Info, Tips, Foto-Tips\"><\/a><br \/>\n<strong>K\u00f6lner Lichter 2012<\/strong> bilden den H\u00f6hepunkt des K\u00f6lner Sommers, bevor sich die Einheimischen nach Mallorca oder in die T\u00fcrkei verziehen, Parkpl\u00e4tze frei werden und Touris die Stadt bev\u00f6lkern. Auch wenn es wetterbedingt in diesem Jahr wieder eher eine feuchtes Spektakel sein wird, ein Spektakel sind die K\u00f6lner Lichter 2012 allemal.<br \/>\nZum 12mal laden die K\u00f6lner Lichter ein, in diesem Jahr unter dem Motto &#8222;Freundschaften&#8220;. Die Musik zum Feuerwerk der K\u00f6lner Lichter kommt von den &#8222;H\u00f6hner&#8220; (40. Band Jubil\u00e4um) mit vielen Nachwuchsbands und -K\u00fcnstlern. Live h\u00f6ren k\u00f6nnen Sie die &#8222;H\u00f6hner&#8220; bei dem Konzert zu den K\u00f6lner Lichtern am Tanzbrunnen.<\/p>\n<h3>K\u00f6lner Lichter Ablauf<\/h3>\n<p>Die K\u00f6lner Lichter sind auch 2012 mehr als nur ein einziges Feuerwerk. 7 Begr\u00fc\u00dfungsfeuerwerke begleiten den Schiffskonvoi auf seiner Fahrt von S\u00fcden den Rhein aufw\u00e4rts bis M\u00fchlheim und dann zur\u00fcck zum Schauplatz des Hauptfeuerwerks.<\/p>\n<blockquote>\n<h3>K\u00f6lner Lichter Feuerwerke<\/h3>\n<p>1 Porzer Groov &#8211; Sammelstelle f\u00fcr den Schiffskonvoi<br \/>\n2 Feuerwerk in Porz und Start des Konvois (ca. 21:50 Uhr)<br \/>\n3 Feuerwerk in Rodenkirchen<br \/>\n4 Feuerwerk an den Poller Wiesen<br \/>\n5 Bengalische Beleuchtung im Rheinauhafen und Ballongl\u00fchen<br \/>\n6 Musikalisches Feuerwerk vor dem Tanzbrunnen (ca. 22:25 Uhr)<br \/>\n7 Feuerwerk auf dem Dach des DEVK Geb\u00e4udes<br \/>\n8 Feuerwerk in M\u00fclheim<br \/>\n9 Musiksynchrones Hauptfeuerwerk (ca. 23:30 Uhr)<\/p><\/blockquote>\n<p>Alle Information zu <a title=\"K\u00f6lner Lichter\" href=\"http:\/\/www.koelner-lichter.de\/\" target=\"_blank\" rel=\"noopener noreferrer\">K\u00f6lner Lichtern 2012<\/a>, alle Feuerwerke, Schiffskarten, Parties &amp; Locations, beste Sicht und Trib\u00fcnenkarten.<\/p>\n<h3>K\u00f6lner Lichter 2012 beste Sicht<\/h3>\n<p>Die beste Sicht haben Sie zwischen Hohenzollernbr\u00fccke und Rheinpark. Gute Sicht gibt es auch von den anderen K\u00f6lner Rheinbr\u00fccken bis hin nach Rodenkirchen. Allerdings werden die Br\u00fccken teilweise f\u00fcr Fu\u00dfg\u00e4nger gesperrt, um den Verkehr aufrecht zu erhalten.<\/p>\n<p>Wenn Ihnen das Hauptfeuerwerk zu dr\u00e4ngelig oder zu sp\u00e4t ist, k\u00f6nnen Sie ab ca. 22:00h gem\u00fctlich mit den Schiffen den Rhein hinauf wandern und ein Feuerwerk nach dem anderen genie\u00dfen.<\/p>\n<h3>K\u00f6lner Lichter Anfahrt und Abfahrt, Parken<\/h3>\n<p>Anfahrt, Abfahrt und Parken ist bei den K\u00f6lner Lichtern eine absolute Katastrophe. Selbst das Fahrrad k\u00f6nnen sie einen gro\u00dfen Teil des Weges nur schieben. Ausw\u00e4rtige sollten bis sp\u00e4testens 200oh anreisen.<br \/>\nLinksrheinisch, zwischen Hohenzollernbr\u00fccke und Bastei ist in den letzten Jahren bis zur letzten Minute eher ein Pl\u00e4tzchen zu finden als auf der anderen Seite. Planen Sie Ihre Anreise sorgf\u00e4ltig. Durch den gro\u00dfen Besucherandrang sind die Rheinbr\u00fccken immer wieder ein Flaschenhals!<br \/>\n<a href=\"http:\/\/www.stadt-koeln.de\/leben-in-koeln\/verkehr\/verkehrskalender\/\" target=\"_blank\" rel=\"noopener noreferrer\">Verkehrskalender Stadt K\u00f6ln<\/a> f\u00fcr die K\u00f6lner Lichter<\/p>\n<h3>K\u00f6lner Stadtachter am 14.07.2012<\/h3>\n<p>Am Nachmittag des 14.07.2012 findet in K\u00f6ln-Rodenkirchen auf dem Rhein der 82. Stadtachter statt.<br \/>\nDer &#8222;K\u00f6lner Stadtachter&#8220; ist ein Ruderwettbewerb der &#8222;Achter mit Steuermann&#8220; auf dem Rhein. Veranstaltet wird der Stadtachter vom K\u00f6lner Ruderverein von 1877 e.V, der in Rodenkirchen beheimatet ist.<\/p>\n<blockquote>\n<h3>K\u00f6lner Stadtachter 2012<\/h3>\n<p>16:00h Sch\u00fclerrennen<br \/>\n17:30h Siegerehrung durch OB Roter<br \/>\n20:15h Live Sendung WDR<br \/>\n<strong>21:15h Stadtachter Rennen<\/strong><br \/>\n21:30h Strandparty<br \/>\n22:00h Schiffskonvoi und Feuerwerk<br \/>\nanschlie\u00dfend Siegerehrung und Party<\/p><\/blockquote>\n<p>Der Stadtachter in K\u00f6ln-Rodenkirchen bietet Ihnen Party und Unterhaltung w\u00e4hrend Sie auf die Feuerwerke warten.<br \/>\n<a href=\"http:\/\/www.stadtachter.de\" target=\"_blank&quot;\" rel=\"noopener noreferrer\">82. K\u00f6lner Stadtachter<\/a><\/p>\n<h3>Feuerwerk Fotos bei K\u00f6lner Lichter<\/h3>\n<p>Wenn es nicht so kalt und regnerisch wie in diesem Jahr w\u00e4re, b\u00f6ten die K\u00f6lner Lichter eine ausgezeichnete Gelegenheit f\u00fcr Feuerwerksfotos.<\/p>\n<blockquote>\n<h3>Foto Tips f\u00fcr Feuerwerk bei den K\u00f6lner Lichtern<\/h3>\n<ul>\n<li>W\u00e4hlen Sie eine mittlere Brennweite (50-80mm)<\/li>\n<li>Befestigen Sie Ihre Kamera auf einem Stativ und nutzen Sie einen Fernausl\u00f6ser<\/li>\n<li>Stellen Sie Ihre Kamera in den Modus &#8222;M&#8220; f\u00fcr manuell<\/li>\n<li>W\u00e4hlen Sie eine m\u00f6glichst kleine Blende (gro\u00dfe Blendenzahl), z. B. 8<\/li>\n<li>Stellen Die eine lange Belichtungszeit, 2 Sekunden, ein (Bulb-Langzeitbelichtung)<\/li>\n<li>Stellen Sie eine niedrige ISO ein, um Bildrauschen zu vermeiden, z. B. ISO 100<\/li>\n<li>W\u00e4hlen Sie den Bildausschnitt gro\u00dfz\u00fcgig<\/li>\n<li>Stellen Sie den Autofokus auf &#8222;manuell&#8220; und fokussieren Sie &#8222;unendlich&#8220;<\/li>\n<li>Kompaktkameras: W\u00e4hlen Sie das Programm &#8222;Feuerwerk&#8220;<\/li>\n<\/ul>\n<\/blockquote>\n<h3>Feuerwerk Foto mit Canon Ixus und Canon Powershot bei den K\u00f6lner Lichtern<\/h3>\n<p>Besonders sch\u00f6ne Feuerwerk Fotos gelingen Ihnen mit den Canon Ixus und Powershotmodellen mit HS Technologie. Hier w\u00e4hlen Sie das Programm &#8222;Feuerwerk&#8220;. Die Kamera macht dann mehrere Fotos mit reduzierter Pixelzahl und setzt diese anschlie\u00dfend zu einem gro\u00dfen Bild zusammen. So werden starkes Bildrauschen und Verwackler vermieden.<br \/>\nAm besten funktioniert das, wenn Sie das Feuerwerk vor schwarzem Himmel fotografieren. Die leichten Verwackler zwischen den Fotos fallen nicht auf.<br \/>\nWenn Sie Hintergrund mit im Bild haben, z.B. beleuchtete Stra\u00dfen und Geb\u00e4ude, fallen die Verwackler eher auf. Stellen Sie die Kamera auf einen festen Untergrund oder ein Stativ.<\/p>\n<h3>Feuerwerk Fotos mit Canon &#8222;Feuerwerk&#8220; Programm<\/h3>\n<p>ngg_shortcode_0_placeholder<br \/>\nDie Fotos wurden gemacht mit einer Canon Ixus 310 HS.<\/p>\n<p>Gef\u00e4llt Ihnen dieser Artikel? Dann teilen Sie ihn doch mit Ihren Freunden. Buttons f\u00fcr Facebook und Google+ finden Sie unten.<\/p>\n","protected":false},"excerpt":{"rendered":"<p>K\u00f6lner Lichter 2012: Info, Tips, Foto-Tips K\u00f6lner Lichter 2012 bilden den H\u00f6hepunkt des K\u00f6lner Sommers, bevor sich die Einheimischen nach<\/p>\n","protected":false},"author":6,"featured_media":12312,"comment_status":"open","ping_status":"open","sticky":false,"template":"","format":"standard","meta":{"_crdt_document":"","ngg_post_thumbnail":0,"jetpack_post_was_ever_published":false,"_jetpack_newsletter_access":"","_jetpack_dont_email_post_to_subs":false,"_jetpack_newsletter_tier_id":0,"_jetpack_memberships_contains_paywalled_content":false,"_jetpack_memberships_contains_paid_content":false,"footnotes":"","jetpack_publicize_message":"","jetpack_publicize_feature_enabled":true,"jetpack_social_post_already_shared":false,"jetpack_social_options":{"image_generator_settings":{"template":"highway","default_image_id":0,"font":"","enabled":false},"version":2}},"categories":[282,98,101,326,325],"tags":[],"class_list":["post-4897","post","type-post","status-publish","format-standard","has-post-thumbnail","hentry","category-foto-kurs-fotografieren","category-koeln","category-koeln-rodenkirchen-freizeit","category-schoene-bilder","category-schoene-fotos"],"yoast_head":"<!-- This site is optimized with the Yoast SEO plugin v27.5 - https:\/\/yoast.com\/product\/yoast-seo-wordpress\/ -->\n<title>K\u00f6lner Lichter und Stadtachter 2012: Info, Tips, Foto-Tips<\/title>\n<meta name=\"description\" content=\"K\u00f6lner Lichter 2012 und K\u00f6lner Stadtachter: alle Infos, alle Feuerwerke, Trib\u00fcnen- u. Schiffskarten, beste Sicht, Foto Tips f\u00fcr Feuerwerk\" \/>\n<meta name=\"robots\" content=\"index, follow, max-snippet:-1, max-image-preview:large, max-video-preview:-1\" \/>\n<link rel=\"canonical\" href=\"https:\/\/www.gaidaphotos.com\/blog\/2012\/07\/12\/kolner-lichter-2012-stadtachte\/\" \/>\n<meta property=\"og:locale\" content=\"de_DE\" \/>\n<meta property=\"og:type\" content=\"article\" \/>\n<meta property=\"og:title\" content=\"K\u00f6lner Lichter und Stadtachter 2012: Info, Tips, Foto-Tips\" \/>\n<meta property=\"og:description\" content=\"K\u00f6lner Lichter 2012 und K\u00f6lner Stadtachter: alle Infos, alle Feuerwerke, Trib\u00fcnen- u. Schiffskarten, beste Sicht, Foto Tips f\u00fcr Feuerwerk\" \/>\n<meta property=\"og:url\" content=\"https:\/\/www.gaidaphotos.com\/blog\/2012\/07\/12\/kolner-lichter-2012-stadtachte\/\" \/>\n<meta property=\"og:site_name\" content=\"K\u00f6ln Rodenkirchen und die Welt\" \/>\n<meta property=\"article:publisher\" content=\"https:\/\/www.facebook.com\/Koeln.Rodenkirchen\" \/>\n<meta property=\"article:author\" content=\"https:\/\/www.facebook.com\/gaidaphotos\" \/>\n<meta property=\"article:published_time\" content=\"2012-07-12T13:25:16+00:00\" \/>\n<meta property=\"article:modified_time\" content=\"2020-12-30T14:53:00+00:00\" \/>\n<meta property=\"og:image\" content=\"https:\/\/www.gaidaphotos.com\/blog\/wp-content\/uploads\/2020\/08\/nggallery_import\/25_\" \/>\n\t<meta property=\"og:image:width\" content=\"1000\" \/>\n\t<meta property=\"og:image:height\" content=\"750\" \/>\n\t<meta property=\"og:image:type\" content=\"image\/jpeg\" \/>\n<meta name=\"author\" content=\"Thomas\" \/>\n<meta name=\"twitter:card\" content=\"summary_large_image\" \/>\n<meta name=\"twitter:creator\" content=\"@gaidaphotos\" \/>\n<meta name=\"twitter:site\" content=\"@gaidaphotos\" \/>\n<meta name=\"twitter:label1\" content=\"Verfasst von\" \/>\n\t<meta name=\"twitter:data1\" content=\"Thomas\" \/>\n\t<meta name=\"twitter:label2\" content=\"Gesch\u00e4tzte Lesezeit\" \/>\n\t<meta name=\"twitter:data2\" content=\"4\u00a0Minuten\" \/>\n<script type=\"application\/ld+json\" class=\"yoast-schema-graph\">{\"@context\":\"https:\\\/\\\/schema.org\",\"@graph\":[{\"@type\":\"Article\",\"@id\":\"https:\\\/\\\/www.gaidaphotos.com\\\/blog\\\/2012\\\/07\\\/12\\\/kolner-lichter-2012-stadtachte\\\/#article\",\"isPartOf\":{\"@id\":\"https:\\\/\\\/www.gaidaphotos.com\\\/blog\\\/2012\\\/07\\\/12\\\/kolner-lichter-2012-stadtachte\\\/\"},\"author\":{\"name\":\"Thomas\",\"@id\":\"https:\\\/\\\/www.gaidaphotos.com\\\/blog\\\/#\\\/schema\\\/person\\\/6c444a5b13ffc503c5c32f5a9ec68b21\"},\"headline\":\"K\u00f6lner Lichter und Stadtachter 2012: Info, Tips, Foto-Tips\",\"datePublished\":\"2012-07-12T13:25:16+00:00\",\"dateModified\":\"2020-12-30T14:53:00+00:00\",\"mainEntityOfPage\":{\"@id\":\"https:\\\/\\\/www.gaidaphotos.com\\\/blog\\\/2012\\\/07\\\/12\\\/kolner-lichter-2012-stadtachte\\\/\"},\"wordCount\":813,\"commentCount\":1,\"publisher\":{\"@id\":\"https:\\\/\\\/www.gaidaphotos.com\\\/blog\\\/#organization\"},\"image\":{\"@id\":\"https:\\\/\\\/www.gaidaphotos.com\\\/blog\\\/2012\\\/07\\\/12\\\/kolner-lichter-2012-stadtachte\\\/#primaryimage\"},\"thumbnailUrl\":\"https:\\\/\\\/www.gaidaphotos.com\\\/blog\\\/wp-content\\\/uploads\\\/2020\\\/08\\\/nggallery_import\\\/25_\",\"articleSection\":[\"Foto-Kurs : Fotografieren\",\"K\u00f6ln\",\"K\u00f6ln Rodenkirchen Freizeit\",\"schoene Bilder\",\"Schoene Fotos\"],\"inLanguage\":\"de\",\"potentialAction\":[{\"@type\":\"CommentAction\",\"name\":\"Comment\",\"target\":[\"https:\\\/\\\/www.gaidaphotos.com\\\/blog\\\/2012\\\/07\\\/12\\\/kolner-lichter-2012-stadtachte\\\/#respond\"]}]},{\"@type\":\"WebPage\",\"@id\":\"https:\\\/\\\/www.gaidaphotos.com\\\/blog\\\/2012\\\/07\\\/12\\\/kolner-lichter-2012-stadtachte\\\/\",\"url\":\"https:\\\/\\\/www.gaidaphotos.com\\\/blog\\\/2012\\\/07\\\/12\\\/kolner-lichter-2012-stadtachte\\\/\",\"name\":\"K\u00f6lner Lichter und Stadtachter 2012: Info, Tips, Foto-Tips\",\"isPartOf\":{\"@id\":\"https:\\\/\\\/www.gaidaphotos.com\\\/blog\\\/#website\"},\"primaryImageOfPage\":{\"@id\":\"https:\\\/\\\/www.gaidaphotos.com\\\/blog\\\/2012\\\/07\\\/12\\\/kolner-lichter-2012-stadtachte\\\/#primaryimage\"},\"image\":{\"@id\":\"https:\\\/\\\/www.gaidaphotos.com\\\/blog\\\/2012\\\/07\\\/12\\\/kolner-lichter-2012-stadtachte\\\/#primaryimage\"},\"thumbnailUrl\":\"https:\\\/\\\/www.gaidaphotos.com\\\/blog\\\/wp-content\\\/uploads\\\/2020\\\/08\\\/nggallery_import\\\/25_\",\"datePublished\":\"2012-07-12T13:25:16+00:00\",\"dateModified\":\"2020-12-30T14:53:00+00:00\",\"description\":\"K\u00f6lner Lichter 2012 und K\u00f6lner Stadtachter: alle Infos, alle Feuerwerke, Trib\u00fcnen- u. Schiffskarten, beste Sicht, Foto Tips f\u00fcr Feuerwerk\",\"breadcrumb\":{\"@id\":\"https:\\\/\\\/www.gaidaphotos.com\\\/blog\\\/2012\\\/07\\\/12\\\/kolner-lichter-2012-stadtachte\\\/#breadcrumb\"},\"inLanguage\":\"de\",\"potentialAction\":[{\"@type\":\"ReadAction\",\"target\":[\"https:\\\/\\\/www.gaidaphotos.com\\\/blog\\\/2012\\\/07\\\/12\\\/kolner-lichter-2012-stadtachte\\\/\"]}]},{\"@type\":\"ImageObject\",\"inLanguage\":\"de\",\"@id\":\"https:\\\/\\\/www.gaidaphotos.com\\\/blog\\\/2012\\\/07\\\/12\\\/kolner-lichter-2012-stadtachte\\\/#primaryimage\",\"url\":\"https:\\\/\\\/www.gaidaphotos.com\\\/blog\\\/wp-content\\\/uploads\\\/2020\\\/08\\\/nggallery_import\\\/25_\",\"contentUrl\":\"https:\\\/\\\/www.gaidaphotos.com\\\/blog\\\/wp-content\\\/uploads\\\/2020\\\/08\\\/nggallery_import\\\/25_\",\"width\":1000,\"height\":750},{\"@type\":\"BreadcrumbList\",\"@id\":\"https:\\\/\\\/www.gaidaphotos.com\\\/blog\\\/2012\\\/07\\\/12\\\/kolner-lichter-2012-stadtachte\\\/#breadcrumb\",\"itemListElement\":[{\"@type\":\"ListItem\",\"position\":1,\"name\":\"Startseite\",\"item\":\"https:\\\/\\\/www.gaidaphotos.com\\\/blog\\\/\"},{\"@type\":\"ListItem\",\"position\":2,\"name\":\"K\u00f6lner Lichter und Stadtachter 2012: Info, Tips, Foto-Tips\"}]},{\"@type\":\"WebSite\",\"@id\":\"https:\\\/\\\/www.gaidaphotos.com\\\/blog\\\/#website\",\"url\":\"https:\\\/\\\/www.gaidaphotos.com\\\/blog\\\/\",\"name\":\"K\u00f6ln Rodenkirchen und die Welt\",\"description\":\"Einkaufen, Restaurants, Freizeit, Nachrichten und was uns sonst bewegt und begegnet\",\"publisher\":{\"@id\":\"https:\\\/\\\/www.gaidaphotos.com\\\/blog\\\/#organization\"},\"potentialAction\":[{\"@type\":\"SearchAction\",\"target\":{\"@type\":\"EntryPoint\",\"urlTemplate\":\"https:\\\/\\\/www.gaidaphotos.com\\\/blog\\\/?s={search_term_string}\"},\"query-input\":{\"@type\":\"PropertyValueSpecification\",\"valueRequired\":true,\"valueName\":\"search_term_string\"}}],\"inLanguage\":\"de\"},{\"@type\":\"Organization\",\"@id\":\"https:\\\/\\\/www.gaidaphotos.com\\\/blog\\\/#organization\",\"name\":\"gaidaphotos\",\"url\":\"https:\\\/\\\/www.gaidaphotos.com\\\/blog\\\/\",\"logo\":{\"@type\":\"ImageObject\",\"inLanguage\":\"de\",\"@id\":\"https:\\\/\\\/www.gaidaphotos.com\\\/blog\\\/#\\\/schema\\\/logo\\\/image\\\/\",\"url\":\"https:\\\/\\\/i0.wp.com\\\/www.gaidaphotos.com\\\/blog\\\/wp-content\\\/uploads\\\/2020\\\/07\\\/GAIDAPHOTOS-COM.jpg?fit=160%2C96&ssl=1\",\"contentUrl\":\"https:\\\/\\\/i0.wp.com\\\/www.gaidaphotos.com\\\/blog\\\/wp-content\\\/uploads\\\/2020\\\/07\\\/GAIDAPHOTOS-COM.jpg?fit=160%2C96&ssl=1\",\"width\":160,\"height\":96,\"caption\":\"gaidaphotos\"},\"image\":{\"@id\":\"https:\\\/\\\/www.gaidaphotos.com\\\/blog\\\/#\\\/schema\\\/logo\\\/image\\\/\"},\"sameAs\":[\"https:\\\/\\\/www.facebook.com\\\/Koeln.Rodenkirchen\",\"https:\\\/\\\/x.com\\\/gaidaphotos\",\"https:\\\/\\\/instagram.com\\\/gaidaphotos\\\/\",\"https:\\\/\\\/de.linkedin.com\\\/in\\\/gaidaphotos\",\"https:\\\/\\\/myspace.com\\\/gaidaphotos\",\"https:\\\/\\\/www.pinterest.com\\\/gaidaphotos\\\/\",\"https:\\\/\\\/www.youtube.com\\\/user\\\/gaidaphotos\"]},{\"@type\":\"Person\",\"@id\":\"https:\\\/\\\/www.gaidaphotos.com\\\/blog\\\/#\\\/schema\\\/person\\\/6c444a5b13ffc503c5c32f5a9ec68b21\",\"name\":\"Thomas\",\"sameAs\":[\"https:\\\/\\\/www.gaidaphotos.com\",\"https:\\\/\\\/www.facebook.com\\\/gaidaphotos\",\"https:\\\/\\\/instagram.com\\\/gaidaphotos\\\/\",\"https:\\\/\\\/www.linkedin.com\\\/in\\\/gaidaphotos\",\"http:\\\/\\\/www.pinterest.com\\\/gaidaphotos\\\/\",\"https:\\\/\\\/x.com\\\/gaidaphotos\",\"https:\\\/\\\/myspace.com\\\/gaidaphotos\",\"https:\\\/\\\/www.youtube.com\\\/user\\\/gaidaphotos\",\"https:\\\/\\\/gaidaphotos.tumblr.com\\\/\"]}]}<\/script>\n<!-- \/ Yoast SEO plugin. -->","yoast_head_json":{"title":"K\u00f6lner Lichter und Stadtachter 2012: Info, Tips, Foto-Tips","description":"K\u00f6lner Lichter 2012 und K\u00f6lner Stadtachter: alle Infos, alle Feuerwerke, Trib\u00fcnen- u. Schiffskarten, beste Sicht, Foto Tips f\u00fcr Feuerwerk","robots":{"index":"index","follow":"follow","max-snippet":"max-snippet:-1","max-image-preview":"max-image-preview:large","max-video-preview":"max-video-preview:-1"},"canonical":"https:\/\/www.gaidaphotos.com\/blog\/2012\/07\/12\/kolner-lichter-2012-stadtachte\/","og_locale":"de_DE","og_type":"article","og_title":"K\u00f6lner Lichter und Stadtachter 2012: Info, Tips, Foto-Tips","og_description":"K\u00f6lner Lichter 2012 und K\u00f6lner Stadtachter: alle Infos, alle Feuerwerke, Trib\u00fcnen- u. Schiffskarten, beste Sicht, Foto Tips f\u00fcr Feuerwerk","og_url":"https:\/\/www.gaidaphotos.com\/blog\/2012\/07\/12\/kolner-lichter-2012-stadtachte\/","og_site_name":"K\u00f6ln Rodenkirchen und die Welt","article_publisher":"https:\/\/www.facebook.com\/Koeln.Rodenkirchen","article_author":"https:\/\/www.facebook.com\/gaidaphotos","article_published_time":"2012-07-12T13:25:16+00:00","article_modified_time":"2020-12-30T14:53:00+00:00","og_image":[{"width":1000,"height":750,"url":"https:\/\/www.gaidaphotos.com\/blog\/wp-content\/uploads\/2020\/08\/nggallery_import\/25_","type":"image\/jpeg"}],"author":"Thomas","twitter_card":"summary_large_image","twitter_creator":"@gaidaphotos","twitter_site":"@gaidaphotos","twitter_misc":{"Verfasst von":"Thomas","Gesch\u00e4tzte Lesezeit":"4\u00a0Minuten"},"schema":{"@context":"https:\/\/schema.org","@graph":[{"@type":"Article","@id":"https:\/\/www.gaidaphotos.com\/blog\/2012\/07\/12\/kolner-lichter-2012-stadtachte\/#article","isPartOf":{"@id":"https:\/\/www.gaidaphotos.com\/blog\/2012\/07\/12\/kolner-lichter-2012-stadtachte\/"},"author":{"name":"Thomas","@id":"https:\/\/www.gaidaphotos.com\/blog\/#\/schema\/person\/6c444a5b13ffc503c5c32f5a9ec68b21"},"headline":"K\u00f6lner Lichter und Stadtachter 2012: Info, Tips, Foto-Tips","datePublished":"2012-07-12T13:25:16+00:00","dateModified":"2020-12-30T14:53:00+00:00","mainEntityOfPage":{"@id":"https:\/\/www.gaidaphotos.com\/blog\/2012\/07\/12\/kolner-lichter-2012-stadtachte\/"},"wordCount":813,"commentCount":1,"publisher":{"@id":"https:\/\/www.gaidaphotos.com\/blog\/#organization"},"image":{"@id":"https:\/\/www.gaidaphotos.com\/blog\/2012\/07\/12\/kolner-lichter-2012-stadtachte\/#primaryimage"},"thumbnailUrl":"https:\/\/www.gaidaphotos.com\/blog\/wp-content\/uploads\/2020\/08\/nggallery_import\/25_","articleSection":["Foto-Kurs : Fotografieren","K\u00f6ln","K\u00f6ln Rodenkirchen Freizeit","schoene Bilder","Schoene Fotos"],"inLanguage":"de","potentialAction":[{"@type":"CommentAction","name":"Comment","target":["https:\/\/www.gaidaphotos.com\/blog\/2012\/07\/12\/kolner-lichter-2012-stadtachte\/#respond"]}]},{"@type":"WebPage","@id":"https:\/\/www.gaidaphotos.com\/blog\/2012\/07\/12\/kolner-lichter-2012-stadtachte\/","url":"https:\/\/www.gaidaphotos.com\/blog\/2012\/07\/12\/kolner-lichter-2012-stadtachte\/","name":"K\u00f6lner Lichter und Stadtachter 2012: Info, Tips, Foto-Tips","isPartOf":{"@id":"https:\/\/www.gaidaphotos.com\/blog\/#website"},"primaryImageOfPage":{"@id":"https:\/\/www.gaidaphotos.com\/blog\/2012\/07\/12\/kolner-lichter-2012-stadtachte\/#primaryimage"},"image":{"@id":"https:\/\/www.gaidaphotos.com\/blog\/2012\/07\/12\/kolner-lichter-2012-stadtachte\/#primaryimage"},"thumbnailUrl":"https:\/\/www.gaidaphotos.com\/blog\/wp-content\/uploads\/2020\/08\/nggallery_import\/25_","datePublished":"2012-07-12T13:25:16+00:00","dateModified":"2020-12-30T14:53:00+00:00","description":"K\u00f6lner Lichter 2012 und K\u00f6lner Stadtachter: alle Infos, alle Feuerwerke, Trib\u00fcnen- u. Schiffskarten, beste Sicht, Foto Tips f\u00fcr Feuerwerk","breadcrumb":{"@id":"https:\/\/www.gaidaphotos.com\/blog\/2012\/07\/12\/kolner-lichter-2012-stadtachte\/#breadcrumb"},"inLanguage":"de","potentialAction":[{"@type":"ReadAction","target":["https:\/\/www.gaidaphotos.com\/blog\/2012\/07\/12\/kolner-lichter-2012-stadtachte\/"]}]},{"@type":"ImageObject","inLanguage":"de","@id":"https:\/\/www.gaidaphotos.com\/blog\/2012\/07\/12\/kolner-lichter-2012-stadtachte\/#primaryimage","url":"https:\/\/www.gaidaphotos.com\/blog\/wp-content\/uploads\/2020\/08\/nggallery_import\/25_","contentUrl":"https:\/\/www.gaidaphotos.com\/blog\/wp-content\/uploads\/2020\/08\/nggallery_import\/25_","width":1000,"height":750},{"@type":"BreadcrumbList","@id":"https:\/\/www.gaidaphotos.com\/blog\/2012\/07\/12\/kolner-lichter-2012-stadtachte\/#breadcrumb","itemListElement":[{"@type":"ListItem","position":1,"name":"Startseite","item":"https:\/\/www.gaidaphotos.com\/blog\/"},{"@type":"ListItem","position":2,"name":"K\u00f6lner Lichter und Stadtachter 2012: Info, Tips, Foto-Tips"}]},{"@type":"WebSite","@id":"https:\/\/www.gaidaphotos.com\/blog\/#website","url":"https:\/\/www.gaidaphotos.com\/blog\/","name":"K\u00f6ln Rodenkirchen und die Welt","description":"Einkaufen, Restaurants, Freizeit, Nachrichten und was uns sonst bewegt und begegnet","publisher":{"@id":"https:\/\/www.gaidaphotos.com\/blog\/#organization"},"potentialAction":[{"@type":"SearchAction","target":{"@type":"EntryPoint","urlTemplate":"https:\/\/www.gaidaphotos.com\/blog\/?s={search_term_string}"},"query-input":{"@type":"PropertyValueSpecification","valueRequired":true,"valueName":"search_term_string"}}],"inLanguage":"de"},{"@type":"Organization","@id":"https:\/\/www.gaidaphotos.com\/blog\/#organization","name":"gaidaphotos","url":"https:\/\/www.gaidaphotos.com\/blog\/","logo":{"@type":"ImageObject","inLanguage":"de","@id":"https:\/\/www.gaidaphotos.com\/blog\/#\/schema\/logo\/image\/","url":"https:\/\/i0.wp.com\/www.gaidaphotos.com\/blog\/wp-content\/uploads\/2020\/07\/GAIDAPHOTOS-COM.jpg?fit=160%2C96&ssl=1","contentUrl":"https:\/\/i0.wp.com\/www.gaidaphotos.com\/blog\/wp-content\/uploads\/2020\/07\/GAIDAPHOTOS-COM.jpg?fit=160%2C96&ssl=1","width":160,"height":96,"caption":"gaidaphotos"},"image":{"@id":"https:\/\/www.gaidaphotos.com\/blog\/#\/schema\/logo\/image\/"},"sameAs":["https:\/\/www.facebook.com\/Koeln.Rodenkirchen","https:\/\/x.com\/gaidaphotos","https:\/\/instagram.com\/gaidaphotos\/","https:\/\/de.linkedin.com\/in\/gaidaphotos","https:\/\/myspace.com\/gaidaphotos","https:\/\/www.pinterest.com\/gaidaphotos\/","https:\/\/www.youtube.com\/user\/gaidaphotos"]},{"@type":"Person","@id":"https:\/\/www.gaidaphotos.com\/blog\/#\/schema\/person\/6c444a5b13ffc503c5c32f5a9ec68b21","name":"Thomas","sameAs":["https:\/\/www.gaidaphotos.com","https:\/\/www.facebook.com\/gaidaphotos","https:\/\/instagram.com\/gaidaphotos\/","https:\/\/www.linkedin.com\/in\/gaidaphotos","http:\/\/www.pinterest.com\/gaidaphotos\/","https:\/\/x.com\/gaidaphotos","https:\/\/myspace.com\/gaidaphotos","https:\/\/www.youtube.com\/user\/gaidaphotos","https:\/\/gaidaphotos.tumblr.com\/"]}]}},"jetpack_publicize_connections":[],"jetpack_featured_media_url":"https:\/\/www.gaidaphotos.com\/blog\/wp-content\/uploads\/2020\/08\/nggallery_import\/25_","jetpack_sharing_enabled":true,"jetpack_likes_enabled":true,"jetpack-related-posts":[{"id":3224,"url":"https:\/\/www.gaidaphotos.com\/blog\/2010\/07\/16\/koelner-lichter-17-07-2010-infos-tips-feuerwerk-fotografiere\/","url_meta":{"origin":4897,"position":0},"title":"K\u00f6lner Lichter 17.07.2010: Infos, Tips, Feuerwerk richtig fotografieren","author":"Thomas","date":"16. Juli 2010","format":false,"excerpt":"K\u00f6lner Lichter 17.07.2010: Infos, Tips, Feuerwerk richtig fotografieren Samstag, 17.07.2010, findet in K\u00f6ln wieder das allj\u00e4hrliche gr0\u00dfe Feuerwerk am Rhein statt. Wir zeigen Ihnen: alle Infos rund um die K\u00f6lner Lichter: Programm und alle Feuerwerke zwischen K\u00f6ln-Porz und K\u00f6ln-Rheinpark Anfahrt und Abfahrt zu den K\u00f6lner Lichtern Die beste Sicht aufs\u2026","rel":"","context":"In &quot;Foto-Kurs : Fotografieren&quot;","block_context":{"text":"Foto-Kurs : Fotografieren","link":"https:\/\/www.gaidaphotos.com\/blog\/category\/foto\/foto-kurs-fotografieren\/"},"img":{"alt_text":"Koelner Lichter - Feuerwerk fotografieren","src":"https:\/\/i0.wp.com\/www.gaidaphotos.com\/blog\/wp-content\/uploads\/2010\/07\/loelner-lichter-5s-f4-100.jpg?resize=350%2C200&ssl=1","width":350,"height":200},"classes":[]},{"id":4887,"url":"https:\/\/www.gaidaphotos.com\/blog\/2012\/07\/04\/christopher-street-day-2012-koln-csd-parade\/","url_meta":{"origin":4897,"position":1},"title":"Christopher Street Day 2012 K\u00f6ln &#8211; CSD Parade","author":"Thomas","date":"4. Juli 2012","format":false,"excerpt":"In wenigen Tagen beginnt in K\u00f6ln der \"Sommer-Karneval\" oder auch \"Christopher Street Day\". Warum Karneval am Christopher Street Day 2012 K\u00f6ln? Homosexuell oder nicht, der K\u00f6lner kann keine Gelegenheit auslassen sich zu kost\u00fcmieren und auf den Stra\u00dfen der Stadt zu feiern. Der Anla\u00df ist weniger wichtig als das Wetter. Und\u2026","rel":"","context":"In &quot;K\u00f6ln&quot;","block_context":{"text":"K\u00f6ln","link":"https:\/\/www.gaidaphotos.com\/blog\/category\/koeln\/"},"img":{"alt_text":"","src":"https:\/\/www.gaidaphotos.com\/blog\/wp-content\/uploads\/2020\/08\/nggallery_import\/14_","width":350,"height":200},"classes":[]},{"id":3735,"url":"https:\/\/www.gaidaphotos.com\/blog\/2011\/10\/12\/kein-verkaufsoffener-sonntag-strasenfest-16-10-2011-in-koln\/","url_meta":{"origin":4897,"position":2},"title":"Kein verkaufsoffener Sonntag &#038; Stra\u00dfenfest 16.10.2011 in K\u00f6ln","author":"Thomas","date":"12. Oktober 2011","format":false,"excerpt":"Kein Verkaufsoffener Sonntag am 16.10.2011 in K\u00f6ln? Wie w\u00e4r's mit einem Familienausflug zum Freilichtmuseum Kommern? Wo sich die Bl\u00e4tter zu f\u00e4rben beginnen ist das eine tolle Fotogelegenheit. Am 16.10.2011 ist in K\u00f6ln kein verkaufsoffener Sonntag. Foto oben: Langzeitbelichtung (1\/25 sec) mit Bewegungsunsch\u00e4rfe. In unserer neuen Kolumne \"Foto-Kurs - Fotografieren\" geben\u2026","rel":"","context":"In &quot;Verkaufsoffener Sonntag K\u00f6ln NRW&quot;","block_context":{"text":"Verkaufsoffener Sonntag K\u00f6ln NRW","link":"https:\/\/www.gaidaphotos.com\/blog\/category\/kalender-archiv\/verkaufsoffener-sonntag-koln-nrw\/"},"img":{"alt_text":"","src":"https:\/\/www.gaidaphotos.com\/blog\/wp-content\/uploads\/2020\/08\/nggallery_import\/109_","width":350,"height":200,"srcset":"https:\/\/www.gaidaphotos.com\/blog\/wp-content\/uploads\/2020\/08\/nggallery_import\/109_ 1x, https:\/\/www.gaidaphotos.com\/blog\/wp-content\/uploads\/2020\/08\/nggallery_import\/109_ 1.5x, https:\/\/www.gaidaphotos.com\/blog\/wp-content\/uploads\/2020\/08\/nggallery_import\/109_ 2x"},"classes":[]},{"id":6824,"url":"https:\/\/www.gaidaphotos.com\/blog\/2014\/07\/02\/csd-parade-koeln-2014\/","url_meta":{"origin":4897,"position":3},"title":"CSD Parade K\u00f6ln 2014","author":"Thomas","date":"2. Juli 2014","format":false,"excerpt":"Christopher Street Day CSD Parade 2014 in K\u00f6ln Wir sind \u201cnur\u201d der rosa Karneval \u2013 K\u00f6ln demonstriert Vielfalt Am Wochenende zieht die gro\u00dfe Cristopher Street Day Parade wieder durch K\u00f6ln. Das Motto k\u00f6nnte f\u00fcr die Domstadt und berufsjecken K\u00f6lner nicht passender gew\u00e4hlt worden sein. colognepride, so nennen sich die Organisatoren\u2026","rel":"","context":"In &quot;Fotos vom CSD&quot;","block_context":{"text":"Fotos vom CSD","link":"https:\/\/www.gaidaphotos.com\/blog\/category\/foto\/fotos-vom-csd\/"},"img":{"alt_text":"","src":"https:\/\/i0.wp.com\/www.gaidaphotos.com\/blog\/wp-content\/uploads\/ngg_featured\/csd-koeln-2013-54.jpg?fit=1000%2C1000&ssl=1&resize=350%2C200","width":350,"height":200,"srcset":"https:\/\/i0.wp.com\/www.gaidaphotos.com\/blog\/wp-content\/uploads\/ngg_featured\/csd-koeln-2013-54.jpg?fit=1000%2C1000&ssl=1&resize=350%2C200 1x, https:\/\/i0.wp.com\/www.gaidaphotos.com\/blog\/wp-content\/uploads\/ngg_featured\/csd-koeln-2013-54.jpg?fit=1000%2C1000&ssl=1&resize=525%2C300 1.5x, https:\/\/i0.wp.com\/www.gaidaphotos.com\/blog\/wp-content\/uploads\/ngg_featured\/csd-koeln-2013-54.jpg?fit=1000%2C1000&ssl=1&resize=700%2C400 2x"},"classes":[]},{"id":3500,"url":"https:\/\/www.gaidaphotos.com\/blog\/2011\/02\/08\/kamelien-fotos-in-der-flora-in-koeln\/","url_meta":{"origin":4897,"position":4},"title":"Kamelien-Fotos in der Flora in K\u00f6ln schie\u00dfen","author":"Thomas","date":"8. Februar 2011","format":false,"excerpt":"Kamelien-Fotos in der Flora in K\u00f6ln schie\u00dfen Es ist wieder soweit. Der Karneval und das Winterende nahen und die Kamelien in der K\u00f6lner Flora bl\u00fchen. Zeit die Kamera einzupacken und Kamlien-Fotos zu schie\u00dfen. Wer oder Was sind Kamelien? Die Kamelien (Camellia) sind eine Pflanzengattung aus der Familie der Teestrauchgew\u00e4chse (Theaceae).\u2026","rel":"","context":"In &quot;Ausflug&quot;","block_context":{"text":"Ausflug","link":"https:\/\/www.gaidaphotos.com\/blog\/category\/ausflug\/"},"img":{"alt_text":"","src":"","width":0,"height":0},"classes":[]},{"id":4547,"url":"https:\/\/www.gaidaphotos.com\/blog\/2012\/03\/21\/fruhlingsgruse-kamelien-ausstellung-in-der-kolner-flora\/","url_meta":{"origin":4897,"position":5},"title":"Fr\u00fchlingsgr\u00fc\u00dfe: Kamelien-Ausstellung in der K\u00f6lner Flora","author":"Thomas","date":"21. M\u00e4rz 2012","format":false,"excerpt":"Kamelien-Ausstellung in der K\u00f6lner Flora Kamelien-Ausstellung in der K\u00f6lner FloraWie in jedem Fr\u00fchjahr, erfreuen uns die Kamelien in der K\u00f6lner Flora und laden zum Fotografieren ein. Vom 14.01 bis 15.04.2012 bl\u00fchen mehr als 270 Arten und Sorten der \"K\u00f6nigin der Winterblumen\" in der K\u00f6lner FLORA, dem Botanischen Garten. Im Subtropen-Schauhaus\u2026","rel":"","context":"In &quot;K\u00f6ln&quot;","block_context":{"text":"K\u00f6ln","link":"https:\/\/www.gaidaphotos.com\/blog\/category\/koeln\/"},"img":{"alt_text":"","src":"https:\/\/www.gaidaphotos.com\/blog\/wp-content\/uploads\/2020\/08\/nggallery_import\/11_","width":350,"height":200,"srcset":"https:\/\/www.gaidaphotos.com\/blog\/wp-content\/uploads\/2020\/08\/nggallery_import\/11_ 1x, https:\/\/www.gaidaphotos.com\/blog\/wp-content\/uploads\/2020\/08\/nggallery_import\/11_ 1.5x"},"classes":[]}],"_links":{"self":[{"href":"https:\/\/www.gaidaphotos.com\/blog\/wp-json\/wp\/v2\/posts\/4897","targetHints":{"allow":["GET"]}}],"collection":[{"href":"https:\/\/www.gaidaphotos.com\/blog\/wp-json\/wp\/v2\/posts"}],"about":[{"href":"https:\/\/www.gaidaphotos.com\/blog\/wp-json\/wp\/v2\/types\/post"}],"author":[{"embeddable":true,"href":"https:\/\/www.gaidaphotos.com\/blog\/wp-json\/wp\/v2\/users\/6"}],"replies":[{"embeddable":true,"href":"https:\/\/www.gaidaphotos.com\/blog\/wp-json\/wp\/v2\/comments?post=4897"}],"version-history":[{"count":0,"href":"https:\/\/www.gaidaphotos.com\/blog\/wp-json\/wp\/v2\/posts\/4897\/revisions"}],"wp:featuredmedia":[{"embeddable":true,"href":"https:\/\/www.gaidaphotos.com\/blog\/wp-json\/wp\/v2\/media\/12312"}],"wp:attachment":[{"href":"https:\/\/www.gaidaphotos.com\/blog\/wp-json\/wp\/v2\/media?parent=4897"}],"wp:term":[{"taxonomy":"category","embeddable":true,"href":"https:\/\/www.gaidaphotos.com\/blog\/wp-json\/wp\/v2\/categories?post=4897"},{"taxonomy":"post_tag","embeddable":true,"href":"https:\/\/www.gaidaphotos.com\/blog\/wp-json\/wp\/v2\/tags?post=4897"}],"curies":[{"name":"wp","href":"https:\/\/api.w.org\/{rel}","templated":true}]}}