{"id":49,"date":"2009-01-19T17:55:07","date_gmt":"2009-01-19T16:55:07","guid":{"rendered":"http:\/\/gaidaphotos.com\/blog\/2009\/01\/19\/blognachrichten-jetzt-bei-twitter\/"},"modified":"2011-01-06T16:32:26","modified_gmt":"2011-01-06T15:32:26","slug":"blognachrichten-jetzt-bei-twitter","status":"publish","type":"post","link":"https:\/\/www.gaidaphotos.com\/blog\/2009\/01\/19\/blognachrichten-jetzt-bei-twitter\/","title":{"rendered":"Blognachrichten jetzt bei Twitter"},"content":{"rendered":"<p>Ab jetzt findet Ihr meine Blogeintr\u00e4ge auch bei Twitter.<\/p>\n","protected":false},"excerpt":{"rendered":"<p>Ab jetzt findet Ihr meine Blogeintr\u00e4ge auch bei Twitter.<\/p>\n","protected":false},"author":6,"featured_media":0,"comment_status":"closed","ping_status":"open","sticky":false,"template":"","format":"standard","meta":{"_crdt_document":"","ngg_post_thumbnail":0,"jetpack_post_was_ever_published":false,"_jetpack_newsletter_access":"","_jetpack_dont_email_post_to_subs":false,"_jetpack_newsletter_tier_id":0,"_jetpack_memberships_contains_paywalled_content":false,"_jetpack_memberships_contains_paid_content":false,"footnotes":"","jetpack_publicize_message":"","jetpack_publicize_feature_enabled":true,"jetpack_social_post_already_shared":false,"jetpack_social_options":{"image_generator_settings":{"template":"highway","default_image_id":0,"font":"","enabled":false},"version":2}},"categories":[3],"tags":[],"class_list":["post-49","post","type-post","status-publish","format-standard","hentry","category-site-info","comments-off"],"yoast_head":"<!-- This site is optimized with the Yoast SEO plugin v27.5 - https:\/\/yoast.com\/product\/yoast-seo-wordpress\/ -->\n<title>Blognachrichten jetzt bei Twitter - K\u00f6ln Rodenkirchen und die Welt<\/title>\n<meta name=\"robots\" content=\"index, follow, max-snippet:-1, max-image-preview:large, max-video-preview:-1\" \/>\n<link rel=\"canonical\" href=\"https:\/\/www.gaidaphotos.com\/blog\/2009\/01\/19\/blognachrichten-jetzt-bei-twitter\/\" \/>\n<meta property=\"og:locale\" content=\"de_DE\" \/>\n<meta property=\"og:type\" content=\"article\" \/>\n<meta property=\"og:title\" content=\"Blognachrichten jetzt bei Twitter - K\u00f6ln Rodenkirchen und die Welt\" \/>\n<meta property=\"og:description\" content=\"Ab jetzt findet Ihr meine Blogeintr\u00e4ge auch bei Twitter.\" \/>\n<meta property=\"og:url\" content=\"https:\/\/www.gaidaphotos.com\/blog\/2009\/01\/19\/blognachrichten-jetzt-bei-twitter\/\" \/>\n<meta property=\"og:site_name\" content=\"K\u00f6ln Rodenkirchen und die Welt\" \/>\n<meta property=\"article:publisher\" content=\"https:\/\/www.facebook.com\/Koeln.Rodenkirchen\" \/>\n<meta property=\"article:author\" content=\"https:\/\/www.facebook.com\/gaidaphotos\" \/>\n<meta property=\"article:published_time\" content=\"2009-01-19T16:55:07+00:00\" \/>\n<meta property=\"article:modified_time\" content=\"2011-01-06T15:32:26+00:00\" \/>\n<meta name=\"author\" content=\"Thomas\" \/>\n<meta name=\"twitter:card\" content=\"summary_large_image\" \/>\n<meta name=\"twitter:creator\" content=\"@gaidaphotos\" \/>\n<meta name=\"twitter:site\" content=\"@gaidaphotos\" \/>\n<meta name=\"twitter:label1\" content=\"Verfasst von\" \/>\n\t<meta name=\"twitter:data1\" content=\"Thomas\" \/>\n<script type=\"application\/ld+json\" class=\"yoast-schema-graph\">{\"@context\":\"https:\\\/\\\/schema.org\",\"@graph\":[{\"@type\":\"Article\",\"@id\":\"https:\\\/\\\/www.gaidaphotos.com\\\/blog\\\/2009\\\/01\\\/19\\\/blognachrichten-jetzt-bei-twitter\\\/#article\",\"isPartOf\":{\"@id\":\"https:\\\/\\\/www.gaidaphotos.com\\\/blog\\\/2009\\\/01\\\/19\\\/blognachrichten-jetzt-bei-twitter\\\/\"},\"author\":{\"name\":\"Thomas\",\"@id\":\"https:\\\/\\\/www.gaidaphotos.com\\\/blog\\\/#\\\/schema\\\/person\\\/6c444a5b13ffc503c5c32f5a9ec68b21\"},\"headline\":\"Blognachrichten jetzt bei Twitter\",\"datePublished\":\"2009-01-19T16:55:07+00:00\",\"dateModified\":\"2011-01-06T15:32:26+00:00\",\"mainEntityOfPage\":{\"@id\":\"https:\\\/\\\/www.gaidaphotos.com\\\/blog\\\/2009\\\/01\\\/19\\\/blognachrichten-jetzt-bei-twitter\\\/\"},\"wordCount\":14,\"publisher\":{\"@id\":\"https:\\\/\\\/www.gaidaphotos.com\\\/blog\\\/#organization\"},\"articleSection\":[\"Site Info\"],\"inLanguage\":\"de\"},{\"@type\":\"WebPage\",\"@id\":\"https:\\\/\\\/www.gaidaphotos.com\\\/blog\\\/2009\\\/01\\\/19\\\/blognachrichten-jetzt-bei-twitter\\\/\",\"url\":\"https:\\\/\\\/www.gaidaphotos.com\\\/blog\\\/2009\\\/01\\\/19\\\/blognachrichten-jetzt-bei-twitter\\\/\",\"name\":\"Blognachrichten jetzt bei Twitter - K\u00f6ln Rodenkirchen und die Welt\",\"isPartOf\":{\"@id\":\"https:\\\/\\\/www.gaidaphotos.com\\\/blog\\\/#website\"},\"datePublished\":\"2009-01-19T16:55:07+00:00\",\"dateModified\":\"2011-01-06T15:32:26+00:00\",\"breadcrumb\":{\"@id\":\"https:\\\/\\\/www.gaidaphotos.com\\\/blog\\\/2009\\\/01\\\/19\\\/blognachrichten-jetzt-bei-twitter\\\/#breadcrumb\"},\"inLanguage\":\"de\",\"potentialAction\":[{\"@type\":\"ReadAction\",\"target\":[\"https:\\\/\\\/www.gaidaphotos.com\\\/blog\\\/2009\\\/01\\\/19\\\/blognachrichten-jetzt-bei-twitter\\\/\"]}]},{\"@type\":\"BreadcrumbList\",\"@id\":\"https:\\\/\\\/www.gaidaphotos.com\\\/blog\\\/2009\\\/01\\\/19\\\/blognachrichten-jetzt-bei-twitter\\\/#breadcrumb\",\"itemListElement\":[{\"@type\":\"ListItem\",\"position\":1,\"name\":\"Startseite\",\"item\":\"https:\\\/\\\/www.gaidaphotos.com\\\/blog\\\/\"},{\"@type\":\"ListItem\",\"position\":2,\"name\":\"Blognachrichten jetzt bei Twitter\"}]},{\"@type\":\"WebSite\",\"@id\":\"https:\\\/\\\/www.gaidaphotos.com\\\/blog\\\/#website\",\"url\":\"https:\\\/\\\/www.gaidaphotos.com\\\/blog\\\/\",\"name\":\"K\u00f6ln Rodenkirchen und die Welt\",\"description\":\"Einkaufen, Restaurants, Freizeit, Nachrichten und was uns sonst bewegt und begegnet\",\"publisher\":{\"@id\":\"https:\\\/\\\/www.gaidaphotos.com\\\/blog\\\/#organization\"},\"potentialAction\":[{\"@type\":\"SearchAction\",\"target\":{\"@type\":\"EntryPoint\",\"urlTemplate\":\"https:\\\/\\\/www.gaidaphotos.com\\\/blog\\\/?s={search_term_string}\"},\"query-input\":{\"@type\":\"PropertyValueSpecification\",\"valueRequired\":true,\"valueName\":\"search_term_string\"}}],\"inLanguage\":\"de\"},{\"@type\":\"Organization\",\"@id\":\"https:\\\/\\\/www.gaidaphotos.com\\\/blog\\\/#organization\",\"name\":\"gaidaphotos\",\"url\":\"https:\\\/\\\/www.gaidaphotos.com\\\/blog\\\/\",\"logo\":{\"@type\":\"ImageObject\",\"inLanguage\":\"de\",\"@id\":\"https:\\\/\\\/www.gaidaphotos.com\\\/blog\\\/#\\\/schema\\\/logo\\\/image\\\/\",\"url\":\"https:\\\/\\\/i0.wp.com\\\/www.gaidaphotos.com\\\/blog\\\/wp-content\\\/uploads\\\/2020\\\/07\\\/GAIDAPHOTOS-COM.jpg?fit=160%2C96&ssl=1\",\"contentUrl\":\"https:\\\/\\\/i0.wp.com\\\/www.gaidaphotos.com\\\/blog\\\/wp-content\\\/uploads\\\/2020\\\/07\\\/GAIDAPHOTOS-COM.jpg?fit=160%2C96&ssl=1\",\"width\":160,\"height\":96,\"caption\":\"gaidaphotos\"},\"image\":{\"@id\":\"https:\\\/\\\/www.gaidaphotos.com\\\/blog\\\/#\\\/schema\\\/logo\\\/image\\\/\"},\"sameAs\":[\"https:\\\/\\\/www.facebook.com\\\/Koeln.Rodenkirchen\",\"https:\\\/\\\/x.com\\\/gaidaphotos\",\"https:\\\/\\\/instagram.com\\\/gaidaphotos\\\/\",\"https:\\\/\\\/de.linkedin.com\\\/in\\\/gaidaphotos\",\"https:\\\/\\\/myspace.com\\\/gaidaphotos\",\"https:\\\/\\\/www.pinterest.com\\\/gaidaphotos\\\/\",\"https:\\\/\\\/www.youtube.com\\\/user\\\/gaidaphotos\"]},{\"@type\":\"Person\",\"@id\":\"https:\\\/\\\/www.gaidaphotos.com\\\/blog\\\/#\\\/schema\\\/person\\\/6c444a5b13ffc503c5c32f5a9ec68b21\",\"name\":\"Thomas\",\"sameAs\":[\"https:\\\/\\\/www.gaidaphotos.com\",\"https:\\\/\\\/www.facebook.com\\\/gaidaphotos\",\"https:\\\/\\\/instagram.com\\\/gaidaphotos\\\/\",\"https:\\\/\\\/www.linkedin.com\\\/in\\\/gaidaphotos\",\"http:\\\/\\\/www.pinterest.com\\\/gaidaphotos\\\/\",\"https:\\\/\\\/x.com\\\/gaidaphotos\",\"https:\\\/\\\/myspace.com\\\/gaidaphotos\",\"https:\\\/\\\/www.youtube.com\\\/user\\\/gaidaphotos\",\"https:\\\/\\\/gaidaphotos.tumblr.com\\\/\"]}]}<\/script>\n<!-- \/ Yoast SEO plugin. -->","yoast_head_json":{"title":"Blognachrichten jetzt bei Twitter - K\u00f6ln Rodenkirchen und die Welt","robots":{"index":"index","follow":"follow","max-snippet":"max-snippet:-1","max-image-preview":"max-image-preview:large","max-video-preview":"max-video-preview:-1"},"canonical":"https:\/\/www.gaidaphotos.com\/blog\/2009\/01\/19\/blognachrichten-jetzt-bei-twitter\/","og_locale":"de_DE","og_type":"article","og_title":"Blognachrichten jetzt bei Twitter - K\u00f6ln Rodenkirchen und die Welt","og_description":"Ab jetzt findet Ihr meine Blogeintr\u00e4ge auch bei Twitter.","og_url":"https:\/\/www.gaidaphotos.com\/blog\/2009\/01\/19\/blognachrichten-jetzt-bei-twitter\/","og_site_name":"K\u00f6ln Rodenkirchen und die Welt","article_publisher":"https:\/\/www.facebook.com\/Koeln.Rodenkirchen","article_author":"https:\/\/www.facebook.com\/gaidaphotos","article_published_time":"2009-01-19T16:55:07+00:00","article_modified_time":"2011-01-06T15:32:26+00:00","author":"Thomas","twitter_card":"summary_large_image","twitter_creator":"@gaidaphotos","twitter_site":"@gaidaphotos","twitter_misc":{"Verfasst von":"Thomas"},"schema":{"@context":"https:\/\/schema.org","@graph":[{"@type":"Article","@id":"https:\/\/www.gaidaphotos.com\/blog\/2009\/01\/19\/blognachrichten-jetzt-bei-twitter\/#article","isPartOf":{"@id":"https:\/\/www.gaidaphotos.com\/blog\/2009\/01\/19\/blognachrichten-jetzt-bei-twitter\/"},"author":{"name":"Thomas","@id":"https:\/\/www.gaidaphotos.com\/blog\/#\/schema\/person\/6c444a5b13ffc503c5c32f5a9ec68b21"},"headline":"Blognachrichten jetzt bei Twitter","datePublished":"2009-01-19T16:55:07+00:00","dateModified":"2011-01-06T15:32:26+00:00","mainEntityOfPage":{"@id":"https:\/\/www.gaidaphotos.com\/blog\/2009\/01\/19\/blognachrichten-jetzt-bei-twitter\/"},"wordCount":14,"publisher":{"@id":"https:\/\/www.gaidaphotos.com\/blog\/#organization"},"articleSection":["Site Info"],"inLanguage":"de"},{"@type":"WebPage","@id":"https:\/\/www.gaidaphotos.com\/blog\/2009\/01\/19\/blognachrichten-jetzt-bei-twitter\/","url":"https:\/\/www.gaidaphotos.com\/blog\/2009\/01\/19\/blognachrichten-jetzt-bei-twitter\/","name":"Blognachrichten jetzt bei Twitter - K\u00f6ln Rodenkirchen und die Welt","isPartOf":{"@id":"https:\/\/www.gaidaphotos.com\/blog\/#website"},"datePublished":"2009-01-19T16:55:07+00:00","dateModified":"2011-01-06T15:32:26+00:00","breadcrumb":{"@id":"https:\/\/www.gaidaphotos.com\/blog\/2009\/01\/19\/blognachrichten-jetzt-bei-twitter\/#breadcrumb"},"inLanguage":"de","potentialAction":[{"@type":"ReadAction","target":["https:\/\/www.gaidaphotos.com\/blog\/2009\/01\/19\/blognachrichten-jetzt-bei-twitter\/"]}]},{"@type":"BreadcrumbList","@id":"https:\/\/www.gaidaphotos.com\/blog\/2009\/01\/19\/blognachrichten-jetzt-bei-twitter\/#breadcrumb","itemListElement":[{"@type":"ListItem","position":1,"name":"Startseite","item":"https:\/\/www.gaidaphotos.com\/blog\/"},{"@type":"ListItem","position":2,"name":"Blognachrichten jetzt bei Twitter"}]},{"@type":"WebSite","@id":"https:\/\/www.gaidaphotos.com\/blog\/#website","url":"https:\/\/www.gaidaphotos.com\/blog\/","name":"K\u00f6ln Rodenkirchen und die Welt","description":"Einkaufen, Restaurants, Freizeit, Nachrichten und was uns sonst bewegt und begegnet","publisher":{"@id":"https:\/\/www.gaidaphotos.com\/blog\/#organization"},"potentialAction":[{"@type":"SearchAction","target":{"@type":"EntryPoint","urlTemplate":"https:\/\/www.gaidaphotos.com\/blog\/?s={search_term_string}"},"query-input":{"@type":"PropertyValueSpecification","valueRequired":true,"valueName":"search_term_string"}}],"inLanguage":"de"},{"@type":"Organization","@id":"https:\/\/www.gaidaphotos.com\/blog\/#organization","name":"gaidaphotos","url":"https:\/\/www.gaidaphotos.com\/blog\/","logo":{"@type":"ImageObject","inLanguage":"de","@id":"https:\/\/www.gaidaphotos.com\/blog\/#\/schema\/logo\/image\/","url":"https:\/\/i0.wp.com\/www.gaidaphotos.com\/blog\/wp-content\/uploads\/2020\/07\/GAIDAPHOTOS-COM.jpg?fit=160%2C96&ssl=1","contentUrl":"https:\/\/i0.wp.com\/www.gaidaphotos.com\/blog\/wp-content\/uploads\/2020\/07\/GAIDAPHOTOS-COM.jpg?fit=160%2C96&ssl=1","width":160,"height":96,"caption":"gaidaphotos"},"image":{"@id":"https:\/\/www.gaidaphotos.com\/blog\/#\/schema\/logo\/image\/"},"sameAs":["https:\/\/www.facebook.com\/Koeln.Rodenkirchen","https:\/\/x.com\/gaidaphotos","https:\/\/instagram.com\/gaidaphotos\/","https:\/\/de.linkedin.com\/in\/gaidaphotos","https:\/\/myspace.com\/gaidaphotos","https:\/\/www.pinterest.com\/gaidaphotos\/","https:\/\/www.youtube.com\/user\/gaidaphotos"]},{"@type":"Person","@id":"https:\/\/www.gaidaphotos.com\/blog\/#\/schema\/person\/6c444a5b13ffc503c5c32f5a9ec68b21","name":"Thomas","sameAs":["https:\/\/www.gaidaphotos.com","https:\/\/www.facebook.com\/gaidaphotos","https:\/\/instagram.com\/gaidaphotos\/","https:\/\/www.linkedin.com\/in\/gaidaphotos","http:\/\/www.pinterest.com\/gaidaphotos\/","https:\/\/x.com\/gaidaphotos","https:\/\/myspace.com\/gaidaphotos","https:\/\/www.youtube.com\/user\/gaidaphotos","https:\/\/gaidaphotos.tumblr.com\/"]}]}},"jetpack_publicize_connections":[],"jetpack_featured_media_url":"","jetpack_sharing_enabled":true,"jetpack_likes_enabled":true,"jetpack-related-posts":[{"id":505,"url":"https:\/\/www.gaidaphotos.com\/blog\/2009\/04\/22\/twitter-gefah\/","url_meta":{"origin":49,"position":0},"title":"Wie gef\u00e4hrlich ist Twitter?","author":"Thomas","date":"22. April 2009","format":false,"excerpt":"Twitter ist zur Zeit die gr\u00f6\u00dfte und bekannteste Platform f\u00fcr micro-blogging. Sogar Gesch\u00e4fte nutzen heute Twitter zur Werbung und zum Marketing. Aber ist Twitter auch gef\u00e4hrlich? Auf den ersten Blick erscheint es nicht so, aber","rel":"","context":"In &quot;social networking&quot;","block_context":{"text":"social networking","link":"https:\/\/www.gaidaphotos.com\/blog\/category\/neuigkeiten\/social-networking\/"},"img":{"alt_text":"Rheinufer K\u00f6ln Rodenkirchen","src":"https:\/\/i0.wp.com\/www.gaidaphotos.com\/blog\/wp-content\/uploads\/2009\/04\/twitter.jpg?resize=350%2C200&ssl=1","width":350,"height":200},"classes":[]},{"id":1802,"url":"https:\/\/www.gaidaphotos.com\/blog\/2009\/06\/24\/blogging-mit-nokia-n95-bluetooth-tastatur-nokia-su-8w\/","url_meta":{"origin":49,"position":1},"title":"Blogging mit Nokia N95 &#038; Bluetooth Tastatur Nokia SU-8W","author":"Thomas","date":"24. Juni 2009","format":false,"excerpt":"Seid kurzem bin ich gl\u00fccklicher Besitzer der Nokia Bluetooth Tastatur SU-8W. Zusammen mit dem Nokia N95 habe ich einen Micro-PC, mit dem sich ausgezeichnet von unterwegs (wie jetzt) bloggen l\u00e4\u00dft. Leider ist die erste Verbindung zwischen Blogging Nokia N95 und Bluetooth Tastatur Nokia SU-8W etwas umst\u00e4ndlich. So wird`s gemacht :\u2026","rel":"","context":"In &quot;17&quot;","block_context":{"text":"17","link":"https:\/\/www.gaidaphotos.com\/blog\/category\/mobile_news_von_unterwegs\/mobile_news_von_unterwegs-n95\/"},"img":{"alt_text":"","src":"","width":0,"height":0},"classes":[]},{"id":58,"url":"https:\/\/www.gaidaphotos.com\/blog\/2009\/01\/20\/taglich-ein-spuch-fur-die-liebe\/","url_meta":{"origin":49,"position":2},"title":"T\u00e4glich ein Spuch f\u00fcr die Liebe","author":"Thomas","date":"20. Januar 2009","format":false,"excerpt":"Ab 1. Februar bis zum Valentinstag (14. Februar) gibt es jeden Tag einen neuen Spruch und eine e-card zum Thema Liebe. Jetzt den t\u00e4glichen Spruch und die e-card zu \"LIEBE\" abonnieren!","rel":"","context":"In &quot;Site Info&quot;","block_context":{"text":"Site Info","link":"https:\/\/www.gaidaphotos.com\/blog\/category\/neuigkeiten\/site-info\/"},"img":{"alt_text":"der t\u00e4gliche Spruch und e-card zu LIEBE","src":"https:\/\/i0.wp.com\/www.gaidaphotos.com\/bonus\/valentine\/sms\/Herz_rot_02.jpg?resize=350%2C200&ssl=1","width":350,"height":200},"classes":[]},{"id":1907,"url":"https:\/\/www.gaidaphotos.com\/blog\/2009\/07\/07\/koeln-rodenkirchen-domain\/","url_meta":{"origin":49,"position":3},"title":"Nachrichten aus K\u00f6ln Rodenkirchen jetzt mit eigener Domain","author":"Thomas","date":"7. Juli 2009","format":false,"excerpt":"Jetzt sind wir noch viel leichter und schneller im Internet zu finden: Unter diesen neuen Domain Namen koeln-rodenkirchen.org koeln-rodenkirchen.eu sind wir ab jetzt schnell und einfach im Internet zu finden. Davon unabh\u00e4ngig k\u00f6nnt Ihr unsere Eintr\u00e4ge automatisch in einem Newsreader oder als Email empfangen. Hier klicken um \"Nachrichten aus K\u00f6ln\u2026","rel":"","context":"In &quot;Neuigkeiten&quot;","block_context":{"text":"Neuigkeiten","link":"https:\/\/www.gaidaphotos.com\/blog\/category\/neuigkeiten\/"},"img":{"alt_text":"","src":"","width":0,"height":0},"classes":[]},{"id":9015,"url":"https:\/\/www.gaidaphotos.com\/blog\/2015\/09\/13\/verkaufsoffener-sonntag-27-september-2015\/","url_meta":{"origin":49,"position":4},"title":"Verkaufsoffener Sonntag 27. September 2015","author":"Thomas","date":"13. September 2015","format":false,"excerpt":"Verkaufsoffener Sonntag in 5 K\u00f6lschen Veedeln 27. September 2015 Hilfe die Landesregierung hat die verkaufsoffenen Sonntage geschrumpft. Jetzt sind es nur noch 11 Sonntage im Jahr an denen in K\u00f6ln die Gesch\u00e4fte ge\u00f6ffnet sein d\u00fcrfen. Und jedes Veedel darf an drei Terminen teilnehmen. Kein Wunder, wenn es sich knubbelt und\u2026","rel":"","context":"In &quot;K\u00f6ln Rodenkirchen Einkaufen&quot;","block_context":{"text":"K\u00f6ln Rodenkirchen Einkaufen","link":"https:\/\/www.gaidaphotos.com\/blog\/category\/koeln-rodenkirchen\/koeln-rodenkirchen-einkaufen\/"},"img":{"alt_text":"K\u00f6ln verkaufsoffener Sonntag- 7.09.2015","src":"https:\/\/i0.wp.com\/www.gaidaphotos.com\/blog\/wp-content\/uploads\/2015\/09\/verkaufsoffener-sonntag-27-09-2015-koeln.png?fit=730%2C739&ssl=1&resize=350%2C200","width":350,"height":200,"srcset":"https:\/\/i0.wp.com\/www.gaidaphotos.com\/blog\/wp-content\/uploads\/2015\/09\/verkaufsoffener-sonntag-27-09-2015-koeln.png?fit=730%2C739&ssl=1&resize=350%2C200 1x, https:\/\/i0.wp.com\/www.gaidaphotos.com\/blog\/wp-content\/uploads\/2015\/09\/verkaufsoffener-sonntag-27-09-2015-koeln.png?fit=730%2C739&ssl=1&resize=525%2C300 1.5x, https:\/\/i0.wp.com\/www.gaidaphotos.com\/blog\/wp-content\/uploads\/2015\/09\/verkaufsoffener-sonntag-27-09-2015-koeln.png?fit=730%2C739&ssl=1&resize=700%2C400 2x"},"classes":[]},{"id":7225,"url":"https:\/\/www.gaidaphotos.com\/blog\/2014\/08\/22\/seniorentag-in-rodenkirchen-29-08-2013\/","url_meta":{"origin":49,"position":5},"title":"Seniorentag in Rodenkirchen 29.08.2013","author":"Thomas","date":"22. August 2014","format":false,"excerpt":"Seniorentag in Rodenkirchen 29.08.2013 \"Wohnen im Alter\" - zu diesem Schwerpunktthema erfahren Sie mehr beim \"Seniorentag in Rodenkirchen\", am 29.08.2014 auf dem Maternusplatz. Die Bev\u00f6lkerung wird immer \u00e4lter. Darauf muss sich die Politik einstellen. Und auch die Betroffenen m\u00fcssen ihr Leben anpassen und sich mit den Gegebenheiten des Alterns abfinden\u2026","rel":"","context":"In &quot;K\u00f6ln Rodenkirchen Freizeit&quot;","block_context":{"text":"K\u00f6ln Rodenkirchen Freizeit","link":"https:\/\/www.gaidaphotos.com\/blog\/category\/koeln-rodenkirchen\/koeln-rodenkirchen-freizeit\/"},"img":{"alt_text":"","src":"https:\/\/i0.wp.com\/www.gaidaphotos.com\/blog\/wp-content\/uploads\/ngg_featured\/daddeln-senioren.JPG?fit=767%2C1024&ssl=1&resize=350%2C200","width":350,"height":200,"srcset":"https:\/\/i0.wp.com\/www.gaidaphotos.com\/blog\/wp-content\/uploads\/ngg_featured\/daddeln-senioren.JPG?fit=767%2C1024&ssl=1&resize=350%2C200 1x, https:\/\/i0.wp.com\/www.gaidaphotos.com\/blog\/wp-content\/uploads\/ngg_featured\/daddeln-senioren.JPG?fit=767%2C1024&ssl=1&resize=525%2C300 1.5x, https:\/\/i0.wp.com\/www.gaidaphotos.com\/blog\/wp-content\/uploads\/ngg_featured\/daddeln-senioren.JPG?fit=767%2C1024&ssl=1&resize=700%2C400 2x"},"classes":[]}],"_links":{"self":[{"href":"https:\/\/www.gaidaphotos.com\/blog\/wp-json\/wp\/v2\/posts\/49","targetHints":{"allow":["GET"]}}],"collection":[{"href":"https:\/\/www.gaidaphotos.com\/blog\/wp-json\/wp\/v2\/posts"}],"about":[{"href":"https:\/\/www.gaidaphotos.com\/blog\/wp-json\/wp\/v2\/types\/post"}],"author":[{"embeddable":true,"href":"https:\/\/www.gaidaphotos.com\/blog\/wp-json\/wp\/v2\/users\/6"}],"replies":[{"embeddable":true,"href":"https:\/\/www.gaidaphotos.com\/blog\/wp-json\/wp\/v2\/comments?post=49"}],"version-history":[{"count":0,"href":"https:\/\/www.gaidaphotos.com\/blog\/wp-json\/wp\/v2\/posts\/49\/revisions"}],"wp:attachment":[{"href":"https:\/\/www.gaidaphotos.com\/blog\/wp-json\/wp\/v2\/media?parent=49"}],"wp:term":[{"taxonomy":"category","embeddable":true,"href":"https:\/\/www.gaidaphotos.com\/blog\/wp-json\/wp\/v2\/categories?post=49"},{"taxonomy":"post_tag","embeddable":true,"href":"https:\/\/www.gaidaphotos.com\/blog\/wp-json\/wp\/v2\/tags?post=49"}],"curies":[{"name":"wp","href":"https:\/\/api.w.org\/{rel}","templated":true}]}}