{"id":4959,"date":"2012-07-19T14:10:02","date_gmt":"2012-07-19T12:10:02","guid":{"rendered":"http:\/\/www.gaidaphotos.com\/blog\/?p=4959"},"modified":"2020-08-06T15:35:21","modified_gmt":"2020-08-06T13:35:21","slug":"kolner-szene-lokal-pepe-aus-dem-belgischen-viertel","status":"publish","type":"post","link":"https:\/\/www.gaidaphotos.com\/blog\/2012\/07\/19\/kolner-szene-lokal-pepe-aus-dem-belgischen-viertel\/","title":{"rendered":"K\u00f6lner Szene-Lokal Pepe aus dem Belgischen Viertel"},"content":{"rendered":"<h2>Das K\u00f6lner Szene-Lokal Pepe aus dem Belgischen Viertel<\/h2>\n<figure id=\"attachment_4961\" aria-describedby=\"caption-attachment-4961\" style=\"width: 300px\" class=\"wp-caption alignleft\"><a href=\"https:\/\/i0.wp.com\/www.gaidaphotos.com\/blog\/wp-content\/uploads\/2012\/07\/PEPE-Outdoor.jpg?ssl=1\"><img data-recalc-dims=\"1\" loading=\"lazy\" decoding=\"async\" class=\"size-medium wp-image-4961\" title=\"Das K\u00f6lner Szene-Lokal Pepe aus dem Belgischen Viertel\" src=\"https:\/\/i0.wp.com\/www.gaidaphotos.com\/blog\/wp-content\/uploads\/2012\/07\/PEPE-Outdoor.jpg?resize=300%2C225&#038;ssl=1\" alt=\"Das K\u00f6lner Szene-Lokal Pepe aus dem Belgischen Viertel\" width=\"300\" height=\"225\" srcset=\"https:\/\/i0.wp.com\/www.gaidaphotos.com\/blog\/wp-content\/uploads\/2012\/07\/PEPE-Outdoor.jpg?resize=300%2C225&amp;ssl=1 300w, https:\/\/i0.wp.com\/www.gaidaphotos.com\/blog\/wp-content\/uploads\/2012\/07\/PEPE-Outdoor.jpg?resize=150%2C112&amp;ssl=1 150w, https:\/\/i0.wp.com\/www.gaidaphotos.com\/blog\/wp-content\/uploads\/2012\/07\/PEPE-Outdoor.jpg?resize=400%2C300&amp;ssl=1 400w, https:\/\/i0.wp.com\/www.gaidaphotos.com\/blog\/wp-content\/uploads\/2012\/07\/PEPE-Outdoor.jpg?w=1000&amp;ssl=1 1000w\" sizes=\"auto, (max-width: 300px) 100vw, 300px\" \/><\/a><figcaption id=\"caption-attachment-4961\" class=\"wp-caption-text\">Das K\u00f6lner Szene-Lokal Pepe aus dem Belgischen Viertel<\/figcaption><\/figure>\n<p><strong>Pepe <\/strong>&#8211; Mediterranes Restaurant und Cocktailbar zugleich; keinesfalls gew\u00f6hnlich! Es vereint s\u00fcdl\u00e4ndischen Charme mit k\u00f6lschem Frohsinn. Ein gehobenes Food- und Beverage-Angebot pr\u00e4sentiert die Mittelmeerk\u00fcche auf andere Art: Jede Woche wird das Rad im <strong>Pepe <\/strong>sprichw\u00f6rtlich neu erfunden. Die w\u00f6chentlich wechselnde Karte verspricht erfrischende, au\u00dfergew\u00f6hnliche und harmonische Speisen, die die <strong>mediterrane und heimische K\u00fcche auf moderne Art vereinen<\/strong>. Die frische Anlieferung der Lebensmittel aus s\u00fcdl\u00e4ndischen Regionen garantiert erstklassige Geschmackserlebnisse.<\/p>\n<p>Neben der unvergleichlichen Speisenvielfalt bietet <strong>Pepe <\/strong>zahlreiche erlesene Weinsorten aus aller Welt, die durch das umfangreiche Cocktail und vor allem Gin-Angebot erg\u00e4nzt wird. Das Szene-Lokal besitzt mit in etwa 160 Arten die meisten Gin-Sorten bundesweit und wurde diesbez\u00fcglich sogar schon in einer renommierten Gastro-Fachzeitschrift hervorgehoben. Bei diesem reichhaltigen Sortiment bleiben keine W\u00fcnsche offen!<\/p>\n<p>In schick, minimalistisch moderner und dennoch ungezwungener Atmosph\u00e4re l\u00e4dt das Pepe zum Verweilen ein. Im Pepe geht es nicht nur ums Essen oder Trinken \u2013 Die Verbindung von k\u00f6stlichen, au\u00dfergew\u00f6hnlichen Speisen ebenso wie besonderen Getr\u00e4nken und einer ordentlichen Portion Spa\u00df in einer authentischen Umgebung sind Pepes Erfolgsrezept. Leger, schick oder modern \u2013 im Pepe darf jeder er selbst sein und im Einklang zwischen Cocktailbar und mediterranem Restaurant so viele ungezwungene und unvergessliche Stunden wie gewollt verbringen.<\/p>\n<p>Selbst die geliebten Vierbeiner sind willkommen. Wissen Sie also einmal nicht wohin mit Ihrem Hund? Kein Problem! Bringen Sie ihn einfach mit \u2013 im Pepe wird auch er herzlich empfangen und verw\u00f6hnt.<\/p>\n<p>Lassen auch Sie sich vom mediterranen Charme des Pepe \u00fcberraschen und verf\u00fchren und kommen Sie ins Belgische Viertel die mediterrane, frische und voller Lebensfreude aufgeheizte Luft schnuppern.<\/p>\n<p>AKTUALISIERUNG:<br \/>\nSeit Februar 2019 ist das Pepe leider geschlossen.<\/p>\n","protected":false},"excerpt":{"rendered":"<p>Das K\u00f6lner Szene-Lokal Pepe aus dem Belgischen Viertel Pepe &#8211; Mediterranes Restaurant und Cocktailbar zugleich; keinesfalls gew\u00f6hnlich! Es vereint s\u00fcdl\u00e4ndischen<\/p>\n","protected":false},"author":6,"featured_media":4963,"comment_status":"open","ping_status":"open","sticky":false,"template":"","format":"standard","meta":{"_crdt_document":"","ngg_post_thumbnail":0,"jetpack_post_was_ever_published":false,"_jetpack_newsletter_access":"","_jetpack_dont_email_post_to_subs":false,"_jetpack_newsletter_tier_id":0,"_jetpack_memberships_contains_paywalled_content":false,"_jetpack_memberships_contains_paid_content":false,"footnotes":"","jetpack_publicize_message":"","jetpack_publicize_feature_enabled":true,"jetpack_social_post_already_shared":false,"jetpack_social_options":{"image_generator_settings":{"template":"highway","default_image_id":0,"font":"","enabled":false},"version":2}},"categories":[98],"tags":[544,54],"class_list":["post-4959","post","type-post","status-publish","format-standard","has-post-thumbnail","hentry","category-koeln","tag-koeln","tag-restaurants"],"yoast_head":"<!-- This site is optimized with the Yoast SEO plugin v27.5 - https:\/\/yoast.com\/product\/yoast-seo-wordpress\/ -->\n<title>K\u00f6lner Szene-Lokal Pepe aus dem Belgischen Viertel<\/title>\n<meta name=\"description\" content=\"Mediterrane und heimische K\u00fcche auf moderne Art vereint, das K\u00f6lner Szene-Lokal Pepe aus dem Belgischen Viertel\" \/>\n<meta name=\"robots\" content=\"index, follow, max-snippet:-1, max-image-preview:large, max-video-preview:-1\" \/>\n<link rel=\"canonical\" href=\"https:\/\/www.gaidaphotos.com\/blog\/2012\/07\/19\/kolner-szene-lokal-pepe-aus-dem-belgischen-viertel\/\" \/>\n<meta property=\"og:locale\" content=\"de_DE\" \/>\n<meta property=\"og:type\" content=\"article\" \/>\n<meta property=\"og:title\" content=\"K\u00f6lner Szene-Lokal Pepe aus dem Belgischen Viertel\" \/>\n<meta property=\"og:description\" content=\"Mediterrane und heimische K\u00fcche auf moderne Art vereint, das K\u00f6lner Szene-Lokal Pepe aus dem Belgischen Viertel\" \/>\n<meta property=\"og:url\" content=\"https:\/\/www.gaidaphotos.com\/blog\/2012\/07\/19\/kolner-szene-lokal-pepe-aus-dem-belgischen-viertel\/\" \/>\n<meta property=\"og:site_name\" content=\"K\u00f6ln Rodenkirchen und die Welt\" \/>\n<meta property=\"article:publisher\" content=\"https:\/\/www.facebook.com\/Koeln.Rodenkirchen\" \/>\n<meta property=\"article:author\" content=\"https:\/\/www.facebook.com\/gaidaphotos\" \/>\n<meta property=\"article:published_time\" content=\"2012-07-19T12:10:02+00:00\" \/>\n<meta property=\"article:modified_time\" content=\"2020-08-06T13:35:21+00:00\" \/>\n<meta property=\"og:image\" content=\"https:\/\/i2.wp.com\/www.gaidaphotos.com\/blog\/wp-content\/uploads\/2012\/07\/PEPE-Outdoor1.jpg?fit=1000%2C750&ssl=1\" \/>\n\t<meta property=\"og:image:width\" content=\"1000\" \/>\n\t<meta property=\"og:image:height\" content=\"750\" \/>\n\t<meta property=\"og:image:type\" content=\"image\/jpeg\" \/>\n<meta name=\"author\" content=\"Thomas\" \/>\n<meta name=\"twitter:card\" content=\"summary_large_image\" \/>\n<meta name=\"twitter:creator\" content=\"@gaidaphotos\" \/>\n<meta name=\"twitter:site\" content=\"@gaidaphotos\" \/>\n<meta name=\"twitter:label1\" content=\"Verfasst von\" \/>\n\t<meta name=\"twitter:data1\" content=\"Thomas\" \/>\n\t<meta name=\"twitter:label2\" content=\"Gesch\u00e4tzte Lesezeit\" \/>\n\t<meta name=\"twitter:data2\" content=\"2\u00a0Minuten\" \/>\n<script type=\"application\/ld+json\" class=\"yoast-schema-graph\">{\"@context\":\"https:\\\/\\\/schema.org\",\"@graph\":[{\"@type\":\"Article\",\"@id\":\"https:\\\/\\\/www.gaidaphotos.com\\\/blog\\\/2012\\\/07\\\/19\\\/kolner-szene-lokal-pepe-aus-dem-belgischen-viertel\\\/#article\",\"isPartOf\":{\"@id\":\"https:\\\/\\\/www.gaidaphotos.com\\\/blog\\\/2012\\\/07\\\/19\\\/kolner-szene-lokal-pepe-aus-dem-belgischen-viertel\\\/\"},\"author\":{\"name\":\"Thomas\",\"@id\":\"https:\\\/\\\/www.gaidaphotos.com\\\/blog\\\/#\\\/schema\\\/person\\\/6c444a5b13ffc503c5c32f5a9ec68b21\"},\"headline\":\"K\u00f6lner Szene-Lokal Pepe aus dem Belgischen Viertel\",\"datePublished\":\"2012-07-19T12:10:02+00:00\",\"dateModified\":\"2020-08-06T13:35:21+00:00\",\"mainEntityOfPage\":{\"@id\":\"https:\\\/\\\/www.gaidaphotos.com\\\/blog\\\/2012\\\/07\\\/19\\\/kolner-szene-lokal-pepe-aus-dem-belgischen-viertel\\\/\"},\"wordCount\":317,\"commentCount\":1,\"publisher\":{\"@id\":\"https:\\\/\\\/www.gaidaphotos.com\\\/blog\\\/#organization\"},\"image\":{\"@id\":\"https:\\\/\\\/www.gaidaphotos.com\\\/blog\\\/2012\\\/07\\\/19\\\/kolner-szene-lokal-pepe-aus-dem-belgischen-viertel\\\/#primaryimage\"},\"thumbnailUrl\":\"https:\\\/\\\/i0.wp.com\\\/www.gaidaphotos.com\\\/blog\\\/wp-content\\\/uploads\\\/2012\\\/07\\\/PEPE-Outdoor1.jpg?fit=1000%2C750&ssl=1\",\"keywords\":[\"K\u00f6ln\",\"Restaurants\"],\"articleSection\":[\"K\u00f6ln\"],\"inLanguage\":\"de\",\"potentialAction\":[{\"@type\":\"CommentAction\",\"name\":\"Comment\",\"target\":[\"https:\\\/\\\/www.gaidaphotos.com\\\/blog\\\/2012\\\/07\\\/19\\\/kolner-szene-lokal-pepe-aus-dem-belgischen-viertel\\\/#respond\"]}]},{\"@type\":\"WebPage\",\"@id\":\"https:\\\/\\\/www.gaidaphotos.com\\\/blog\\\/2012\\\/07\\\/19\\\/kolner-szene-lokal-pepe-aus-dem-belgischen-viertel\\\/\",\"url\":\"https:\\\/\\\/www.gaidaphotos.com\\\/blog\\\/2012\\\/07\\\/19\\\/kolner-szene-lokal-pepe-aus-dem-belgischen-viertel\\\/\",\"name\":\"K\u00f6lner Szene-Lokal Pepe aus dem Belgischen Viertel\",\"isPartOf\":{\"@id\":\"https:\\\/\\\/www.gaidaphotos.com\\\/blog\\\/#website\"},\"primaryImageOfPage\":{\"@id\":\"https:\\\/\\\/www.gaidaphotos.com\\\/blog\\\/2012\\\/07\\\/19\\\/kolner-szene-lokal-pepe-aus-dem-belgischen-viertel\\\/#primaryimage\"},\"image\":{\"@id\":\"https:\\\/\\\/www.gaidaphotos.com\\\/blog\\\/2012\\\/07\\\/19\\\/kolner-szene-lokal-pepe-aus-dem-belgischen-viertel\\\/#primaryimage\"},\"thumbnailUrl\":\"https:\\\/\\\/i0.wp.com\\\/www.gaidaphotos.com\\\/blog\\\/wp-content\\\/uploads\\\/2012\\\/07\\\/PEPE-Outdoor1.jpg?fit=1000%2C750&ssl=1\",\"datePublished\":\"2012-07-19T12:10:02+00:00\",\"dateModified\":\"2020-08-06T13:35:21+00:00\",\"description\":\"Mediterrane und heimische K\u00fcche auf moderne Art vereint, das K\u00f6lner Szene-Lokal Pepe aus dem Belgischen Viertel\",\"breadcrumb\":{\"@id\":\"https:\\\/\\\/www.gaidaphotos.com\\\/blog\\\/2012\\\/07\\\/19\\\/kolner-szene-lokal-pepe-aus-dem-belgischen-viertel\\\/#breadcrumb\"},\"inLanguage\":\"de\",\"potentialAction\":[{\"@type\":\"ReadAction\",\"target\":[\"https:\\\/\\\/www.gaidaphotos.com\\\/blog\\\/2012\\\/07\\\/19\\\/kolner-szene-lokal-pepe-aus-dem-belgischen-viertel\\\/\"]}]},{\"@type\":\"ImageObject\",\"inLanguage\":\"de\",\"@id\":\"https:\\\/\\\/www.gaidaphotos.com\\\/blog\\\/2012\\\/07\\\/19\\\/kolner-szene-lokal-pepe-aus-dem-belgischen-viertel\\\/#primaryimage\",\"url\":\"https:\\\/\\\/i0.wp.com\\\/www.gaidaphotos.com\\\/blog\\\/wp-content\\\/uploads\\\/2012\\\/07\\\/PEPE-Outdoor1.jpg?fit=1000%2C750&ssl=1\",\"contentUrl\":\"https:\\\/\\\/i0.wp.com\\\/www.gaidaphotos.com\\\/blog\\\/wp-content\\\/uploads\\\/2012\\\/07\\\/PEPE-Outdoor1.jpg?fit=1000%2C750&ssl=1\",\"width\":\"1000\",\"height\":\"750\"},{\"@type\":\"BreadcrumbList\",\"@id\":\"https:\\\/\\\/www.gaidaphotos.com\\\/blog\\\/2012\\\/07\\\/19\\\/kolner-szene-lokal-pepe-aus-dem-belgischen-viertel\\\/#breadcrumb\",\"itemListElement\":[{\"@type\":\"ListItem\",\"position\":1,\"name\":\"Startseite\",\"item\":\"https:\\\/\\\/www.gaidaphotos.com\\\/blog\\\/\"},{\"@type\":\"ListItem\",\"position\":2,\"name\":\"K\u00f6lner Szene-Lokal Pepe aus dem Belgischen Viertel\"}]},{\"@type\":\"WebSite\",\"@id\":\"https:\\\/\\\/www.gaidaphotos.com\\\/blog\\\/#website\",\"url\":\"https:\\\/\\\/www.gaidaphotos.com\\\/blog\\\/\",\"name\":\"K\u00f6ln Rodenkirchen und die Welt\",\"description\":\"Einkaufen, Restaurants, Freizeit, Nachrichten und was uns sonst bewegt und begegnet\",\"publisher\":{\"@id\":\"https:\\\/\\\/www.gaidaphotos.com\\\/blog\\\/#organization\"},\"potentialAction\":[{\"@type\":\"SearchAction\",\"target\":{\"@type\":\"EntryPoint\",\"urlTemplate\":\"https:\\\/\\\/www.gaidaphotos.com\\\/blog\\\/?s={search_term_string}\"},\"query-input\":{\"@type\":\"PropertyValueSpecification\",\"valueRequired\":true,\"valueName\":\"search_term_string\"}}],\"inLanguage\":\"de\"},{\"@type\":\"Organization\",\"@id\":\"https:\\\/\\\/www.gaidaphotos.com\\\/blog\\\/#organization\",\"name\":\"gaidaphotos\",\"url\":\"https:\\\/\\\/www.gaidaphotos.com\\\/blog\\\/\",\"logo\":{\"@type\":\"ImageObject\",\"inLanguage\":\"de\",\"@id\":\"https:\\\/\\\/www.gaidaphotos.com\\\/blog\\\/#\\\/schema\\\/logo\\\/image\\\/\",\"url\":\"https:\\\/\\\/i0.wp.com\\\/www.gaidaphotos.com\\\/blog\\\/wp-content\\\/uploads\\\/2020\\\/07\\\/GAIDAPHOTOS-COM.jpg?fit=160%2C96&ssl=1\",\"contentUrl\":\"https:\\\/\\\/i0.wp.com\\\/www.gaidaphotos.com\\\/blog\\\/wp-content\\\/uploads\\\/2020\\\/07\\\/GAIDAPHOTOS-COM.jpg?fit=160%2C96&ssl=1\",\"width\":160,\"height\":96,\"caption\":\"gaidaphotos\"},\"image\":{\"@id\":\"https:\\\/\\\/www.gaidaphotos.com\\\/blog\\\/#\\\/schema\\\/logo\\\/image\\\/\"},\"sameAs\":[\"https:\\\/\\\/www.facebook.com\\\/Koeln.Rodenkirchen\",\"https:\\\/\\\/x.com\\\/gaidaphotos\",\"https:\\\/\\\/instagram.com\\\/gaidaphotos\\\/\",\"https:\\\/\\\/de.linkedin.com\\\/in\\\/gaidaphotos\",\"https:\\\/\\\/myspace.com\\\/gaidaphotos\",\"https:\\\/\\\/www.pinterest.com\\\/gaidaphotos\\\/\",\"https:\\\/\\\/www.youtube.com\\\/user\\\/gaidaphotos\"]},{\"@type\":\"Person\",\"@id\":\"https:\\\/\\\/www.gaidaphotos.com\\\/blog\\\/#\\\/schema\\\/person\\\/6c444a5b13ffc503c5c32f5a9ec68b21\",\"name\":\"Thomas\",\"sameAs\":[\"https:\\\/\\\/www.gaidaphotos.com\",\"https:\\\/\\\/www.facebook.com\\\/gaidaphotos\",\"https:\\\/\\\/instagram.com\\\/gaidaphotos\\\/\",\"https:\\\/\\\/www.linkedin.com\\\/in\\\/gaidaphotos\",\"http:\\\/\\\/www.pinterest.com\\\/gaidaphotos\\\/\",\"https:\\\/\\\/x.com\\\/gaidaphotos\",\"https:\\\/\\\/myspace.com\\\/gaidaphotos\",\"https:\\\/\\\/www.youtube.com\\\/user\\\/gaidaphotos\",\"https:\\\/\\\/gaidaphotos.tumblr.com\\\/\"]}]}<\/script>\n<!-- \/ Yoast SEO plugin. -->","yoast_head_json":{"title":"K\u00f6lner Szene-Lokal Pepe aus dem Belgischen Viertel","description":"Mediterrane und heimische K\u00fcche auf moderne Art vereint, das K\u00f6lner Szene-Lokal Pepe aus dem Belgischen Viertel","robots":{"index":"index","follow":"follow","max-snippet":"max-snippet:-1","max-image-preview":"max-image-preview:large","max-video-preview":"max-video-preview:-1"},"canonical":"https:\/\/www.gaidaphotos.com\/blog\/2012\/07\/19\/kolner-szene-lokal-pepe-aus-dem-belgischen-viertel\/","og_locale":"de_DE","og_type":"article","og_title":"K\u00f6lner Szene-Lokal Pepe aus dem Belgischen Viertel","og_description":"Mediterrane und heimische K\u00fcche auf moderne Art vereint, das K\u00f6lner Szene-Lokal Pepe aus dem Belgischen Viertel","og_url":"https:\/\/www.gaidaphotos.com\/blog\/2012\/07\/19\/kolner-szene-lokal-pepe-aus-dem-belgischen-viertel\/","og_site_name":"K\u00f6ln Rodenkirchen und die Welt","article_publisher":"https:\/\/www.facebook.com\/Koeln.Rodenkirchen","article_author":"https:\/\/www.facebook.com\/gaidaphotos","article_published_time":"2012-07-19T12:10:02+00:00","article_modified_time":"2020-08-06T13:35:21+00:00","og_image":[{"width":1000,"height":750,"url":"https:\/\/i2.wp.com\/www.gaidaphotos.com\/blog\/wp-content\/uploads\/2012\/07\/PEPE-Outdoor1.jpg?fit=1000%2C750&ssl=1","type":"image\/jpeg"}],"author":"Thomas","twitter_card":"summary_large_image","twitter_creator":"@gaidaphotos","twitter_site":"@gaidaphotos","twitter_misc":{"Verfasst von":"Thomas","Gesch\u00e4tzte Lesezeit":"2\u00a0Minuten"},"schema":{"@context":"https:\/\/schema.org","@graph":[{"@type":"Article","@id":"https:\/\/www.gaidaphotos.com\/blog\/2012\/07\/19\/kolner-szene-lokal-pepe-aus-dem-belgischen-viertel\/#article","isPartOf":{"@id":"https:\/\/www.gaidaphotos.com\/blog\/2012\/07\/19\/kolner-szene-lokal-pepe-aus-dem-belgischen-viertel\/"},"author":{"name":"Thomas","@id":"https:\/\/www.gaidaphotos.com\/blog\/#\/schema\/person\/6c444a5b13ffc503c5c32f5a9ec68b21"},"headline":"K\u00f6lner Szene-Lokal Pepe aus dem Belgischen Viertel","datePublished":"2012-07-19T12:10:02+00:00","dateModified":"2020-08-06T13:35:21+00:00","mainEntityOfPage":{"@id":"https:\/\/www.gaidaphotos.com\/blog\/2012\/07\/19\/kolner-szene-lokal-pepe-aus-dem-belgischen-viertel\/"},"wordCount":317,"commentCount":1,"publisher":{"@id":"https:\/\/www.gaidaphotos.com\/blog\/#organization"},"image":{"@id":"https:\/\/www.gaidaphotos.com\/blog\/2012\/07\/19\/kolner-szene-lokal-pepe-aus-dem-belgischen-viertel\/#primaryimage"},"thumbnailUrl":"https:\/\/i0.wp.com\/www.gaidaphotos.com\/blog\/wp-content\/uploads\/2012\/07\/PEPE-Outdoor1.jpg?fit=1000%2C750&ssl=1","keywords":["K\u00f6ln","Restaurants"],"articleSection":["K\u00f6ln"],"inLanguage":"de","potentialAction":[{"@type":"CommentAction","name":"Comment","target":["https:\/\/www.gaidaphotos.com\/blog\/2012\/07\/19\/kolner-szene-lokal-pepe-aus-dem-belgischen-viertel\/#respond"]}]},{"@type":"WebPage","@id":"https:\/\/www.gaidaphotos.com\/blog\/2012\/07\/19\/kolner-szene-lokal-pepe-aus-dem-belgischen-viertel\/","url":"https:\/\/www.gaidaphotos.com\/blog\/2012\/07\/19\/kolner-szene-lokal-pepe-aus-dem-belgischen-viertel\/","name":"K\u00f6lner Szene-Lokal Pepe aus dem Belgischen Viertel","isPartOf":{"@id":"https:\/\/www.gaidaphotos.com\/blog\/#website"},"primaryImageOfPage":{"@id":"https:\/\/www.gaidaphotos.com\/blog\/2012\/07\/19\/kolner-szene-lokal-pepe-aus-dem-belgischen-viertel\/#primaryimage"},"image":{"@id":"https:\/\/www.gaidaphotos.com\/blog\/2012\/07\/19\/kolner-szene-lokal-pepe-aus-dem-belgischen-viertel\/#primaryimage"},"thumbnailUrl":"https:\/\/i0.wp.com\/www.gaidaphotos.com\/blog\/wp-content\/uploads\/2012\/07\/PEPE-Outdoor1.jpg?fit=1000%2C750&ssl=1","datePublished":"2012-07-19T12:10:02+00:00","dateModified":"2020-08-06T13:35:21+00:00","description":"Mediterrane und heimische K\u00fcche auf moderne Art vereint, das K\u00f6lner Szene-Lokal Pepe aus dem Belgischen Viertel","breadcrumb":{"@id":"https:\/\/www.gaidaphotos.com\/blog\/2012\/07\/19\/kolner-szene-lokal-pepe-aus-dem-belgischen-viertel\/#breadcrumb"},"inLanguage":"de","potentialAction":[{"@type":"ReadAction","target":["https:\/\/www.gaidaphotos.com\/blog\/2012\/07\/19\/kolner-szene-lokal-pepe-aus-dem-belgischen-viertel\/"]}]},{"@type":"ImageObject","inLanguage":"de","@id":"https:\/\/www.gaidaphotos.com\/blog\/2012\/07\/19\/kolner-szene-lokal-pepe-aus-dem-belgischen-viertel\/#primaryimage","url":"https:\/\/i0.wp.com\/www.gaidaphotos.com\/blog\/wp-content\/uploads\/2012\/07\/PEPE-Outdoor1.jpg?fit=1000%2C750&ssl=1","contentUrl":"https:\/\/i0.wp.com\/www.gaidaphotos.com\/blog\/wp-content\/uploads\/2012\/07\/PEPE-Outdoor1.jpg?fit=1000%2C750&ssl=1","width":"1000","height":"750"},{"@type":"BreadcrumbList","@id":"https:\/\/www.gaidaphotos.com\/blog\/2012\/07\/19\/kolner-szene-lokal-pepe-aus-dem-belgischen-viertel\/#breadcrumb","itemListElement":[{"@type":"ListItem","position":1,"name":"Startseite","item":"https:\/\/www.gaidaphotos.com\/blog\/"},{"@type":"ListItem","position":2,"name":"K\u00f6lner Szene-Lokal Pepe aus dem Belgischen Viertel"}]},{"@type":"WebSite","@id":"https:\/\/www.gaidaphotos.com\/blog\/#website","url":"https:\/\/www.gaidaphotos.com\/blog\/","name":"K\u00f6ln Rodenkirchen und die Welt","description":"Einkaufen, Restaurants, Freizeit, Nachrichten und was uns sonst bewegt und begegnet","publisher":{"@id":"https:\/\/www.gaidaphotos.com\/blog\/#organization"},"potentialAction":[{"@type":"SearchAction","target":{"@type":"EntryPoint","urlTemplate":"https:\/\/www.gaidaphotos.com\/blog\/?s={search_term_string}"},"query-input":{"@type":"PropertyValueSpecification","valueRequired":true,"valueName":"search_term_string"}}],"inLanguage":"de"},{"@type":"Organization","@id":"https:\/\/www.gaidaphotos.com\/blog\/#organization","name":"gaidaphotos","url":"https:\/\/www.gaidaphotos.com\/blog\/","logo":{"@type":"ImageObject","inLanguage":"de","@id":"https:\/\/www.gaidaphotos.com\/blog\/#\/schema\/logo\/image\/","url":"https:\/\/i0.wp.com\/www.gaidaphotos.com\/blog\/wp-content\/uploads\/2020\/07\/GAIDAPHOTOS-COM.jpg?fit=160%2C96&ssl=1","contentUrl":"https:\/\/i0.wp.com\/www.gaidaphotos.com\/blog\/wp-content\/uploads\/2020\/07\/GAIDAPHOTOS-COM.jpg?fit=160%2C96&ssl=1","width":160,"height":96,"caption":"gaidaphotos"},"image":{"@id":"https:\/\/www.gaidaphotos.com\/blog\/#\/schema\/logo\/image\/"},"sameAs":["https:\/\/www.facebook.com\/Koeln.Rodenkirchen","https:\/\/x.com\/gaidaphotos","https:\/\/instagram.com\/gaidaphotos\/","https:\/\/de.linkedin.com\/in\/gaidaphotos","https:\/\/myspace.com\/gaidaphotos","https:\/\/www.pinterest.com\/gaidaphotos\/","https:\/\/www.youtube.com\/user\/gaidaphotos"]},{"@type":"Person","@id":"https:\/\/www.gaidaphotos.com\/blog\/#\/schema\/person\/6c444a5b13ffc503c5c32f5a9ec68b21","name":"Thomas","sameAs":["https:\/\/www.gaidaphotos.com","https:\/\/www.facebook.com\/gaidaphotos","https:\/\/instagram.com\/gaidaphotos\/","https:\/\/www.linkedin.com\/in\/gaidaphotos","http:\/\/www.pinterest.com\/gaidaphotos\/","https:\/\/x.com\/gaidaphotos","https:\/\/myspace.com\/gaidaphotos","https:\/\/www.youtube.com\/user\/gaidaphotos","https:\/\/gaidaphotos.tumblr.com\/"]}]}},"jetpack_publicize_connections":[],"jetpack_featured_media_url":"https:\/\/i0.wp.com\/www.gaidaphotos.com\/blog\/wp-content\/uploads\/2012\/07\/PEPE-Outdoor1.jpg?fit=1000%2C750&ssl=1","jetpack_sharing_enabled":true,"jetpack_likes_enabled":true,"jetpack-related-posts":[{"id":3541,"url":"https:\/\/www.gaidaphotos.com\/blog\/2011\/04\/20\/restaurants-in-koeln-luis-dias-rheinufer-in-rodenkirchen\/","url_meta":{"origin":4959,"position":0},"title":"Restaurants in K\u00f6ln: Luis Dias am Rheinufer in Rodenkirchen","author":"Thomas","date":"20. April 2011","format":false,"excerpt":"Luis Dias am Rheinufer in Rodenkirchen - ein neues Edel-Restaurant f\u00fcr K\u00f6ln Das \"Luis Dias\" in Rodenkirchen am Rhein ist mittlerweile geschlossen. Dort ist nun ein neues Steakhaus \"the grill cologne\" zu finden, \u00fcber das wir noch berichten werden. Wer dem Spitzenkoch Luis Diaz nachtrauert, findet ihn in seinem neuen\u2026","rel":"","context":"In &quot;K\u00f6ln Rodenkirchen Restaurant&quot;","block_context":{"text":"K\u00f6ln Rodenkirchen Restaurant","link":"https:\/\/www.gaidaphotos.com\/blog\/category\/koeln-rodenkirchen\/koeln-rodenkirchen-restaurant\/"},"img":{"alt_text":"","src":"https:\/\/www.gaidaphotos.com\/blog\/wp-content\/uploads\/2020\/08\/nggallery_import\/60_","width":350,"height":200},"classes":[]},{"id":4181,"url":"https:\/\/www.gaidaphotos.com\/blog\/2012\/02\/13\/karnevalszug-in-koeln-weiberfastnacht-2012\/","url_meta":{"origin":4959,"position":1},"title":"Karnevalszug in K\u00f6ln: Weiberfastnacht 16.02.2012","author":"Thomas","date":"13. Februar 2012","format":false,"excerpt":"Karnevalszug in K\u00f6ln: Weiberfastnacht 16.02.2012 Jan und Griet Weiberfastnacht (Wieverfastelovend) - Donnerstag, den 16.02.2012 Auch in diesem Jahr wird an Weiberfastnacht (auf K\u00f6lsch: Wieverfastelovend) der Stra\u00dfenkarneval er\u00f6ffnet. Auf dem Alter Markt sammeln sich Karnevalstver\u00fcckte und Karnevalsver\u00fccktinnen zu einer gro\u00dfen Freiluftsitzung ab 10 Uhr. Die Er\u00f6ffnung des Stra\u00dfenkarnevals wird auch auf\u2026","rel":"","context":"In &quot;K\u00f6ln&quot;","block_context":{"text":"K\u00f6ln","link":"https:\/\/www.gaidaphotos.com\/blog\/category\/koeln\/"},"img":{"alt_text":"","src":"https:\/\/www.gaidaphotos.com\/blog\/wp-content\/uploads\/2020\/08\/nggallery_import\/55_","width":350,"height":200},"classes":[]},{"id":5355,"url":"https:\/\/www.gaidaphotos.com\/blog\/2013\/02\/04\/weiberfastnacht-2013-in-koln\/","url_meta":{"origin":4959,"position":2},"title":"Weiberfastnacht 2013 in K\u00f6ln","author":"Thomas","date":"4. Februar 2013","format":false,"excerpt":"Karnevalszug in K\u00f6ln: Weiberfastnacht 07.02.2013 Weiberfastnacht (Wieverfastelovend) - Donnerstag, den 07.02.2013 Weiberfastnacht (auf K\u00f6lsch: Wieverfastelovend) wird der Stra\u00dfenkarneval er\u00f6ffnet. Auf dem Alter Markt sammeln sich Jecke und Jeckinnen zu einer gro\u00dfen Freiluftsitzung ab 10 Uhr. Die Er\u00f6ffnung des Stra\u00dfenkarnevals wird auch auf eine Gro\u00dfbildleinwand auf den Heumarkt \u00fcbertragen. Um 11:11h\u2026","rel":"","context":"In &quot;Karneval&quot;","block_context":{"text":"Karneval","link":"https:\/\/www.gaidaphotos.com\/blog\/category\/festtage-feiertage\/karneval\/"},"img":{"alt_text":"","src":"https:\/\/www.gaidaphotos.com\/blog\/wp-content\/uploads\/2020\/08\/nggallery_import\/121_","width":350,"height":200,"srcset":"https:\/\/www.gaidaphotos.com\/blog\/wp-content\/uploads\/2020\/08\/nggallery_import\/121_ 1x, https:\/\/www.gaidaphotos.com\/blog\/wp-content\/uploads\/2020\/08\/nggallery_import\/121_ 1.5x, https:\/\/www.gaidaphotos.com\/blog\/wp-content\/uploads\/2020\/08\/nggallery_import\/121_ 2x"},"classes":[]},{"id":12245,"url":"https:\/\/www.gaidaphotos.com\/blog\/2020\/08\/06\/maastricht-besuch-in-corona-zeiten\/","url_meta":{"origin":4959,"position":3},"title":"Maastricht Besuch in Corona Zeiten","author":"Thomas","date":"6. August 2020","format":false,"excerpt":"Wir fahren gerne nach Maastricht. Die kleine holl\u00e4ndische Stadt an der Maas ist nur ca. 100km von K\u00f6ln entfernt und mit dem Auto schnell zu erreichen. Und damit Sie auf die Corona Ma\u00dfnahmen vorbereitet sind, hier ein paar Informationen.","rel":"","context":"In &quot;Holland&quot;","block_context":{"text":"Holland","link":"https:\/\/www.gaidaphotos.com\/blog\/category\/reise\/holland\/"},"img":{"alt_text":"Maastricht, Corona, Einbahnstra\u00dfe","src":"https:\/\/i0.wp.com\/www.gaidaphotos.com\/blog\/wp-content\/uploads\/2020\/08\/maastricht.jpg?fit=769%2C1024&ssl=1&resize=350%2C200","width":350,"height":200,"srcset":"https:\/\/i0.wp.com\/www.gaidaphotos.com\/blog\/wp-content\/uploads\/2020\/08\/maastricht.jpg?fit=769%2C1024&ssl=1&resize=350%2C200 1x, https:\/\/i0.wp.com\/www.gaidaphotos.com\/blog\/wp-content\/uploads\/2020\/08\/maastricht.jpg?fit=769%2C1024&ssl=1&resize=525%2C300 1.5x, https:\/\/i0.wp.com\/www.gaidaphotos.com\/blog\/wp-content\/uploads\/2020\/08\/maastricht.jpg?fit=769%2C1024&ssl=1&resize=700%2C400 2x"},"classes":[]},{"id":2645,"url":"https:\/\/www.gaidaphotos.com\/blog\/2010\/02\/26\/jana-ina-giovanni-restaurant\/","url_meta":{"origin":4959,"position":4},"title":"Jana Ina &#8211; Giovanni: Restaurant in Rodenkirchen &#8211; erster Bericht","author":"Thomas","date":"26. Februar 2010","format":false,"excerpt":"Jana Ina und Giovanni: Erster Bericht aus dem Restaurant \"Settantotto\" Update 02.01.2013: Das Restaurant ist seit einiger Zeit geschlossen und steht zur Verpachtung. Hier zeigen sich Vor- und Nachteil der Prominenz. Wenn das Restaurant in erster Linie von der Prominenz des Inhabers \"lebt\", dann endet es auch mit dieser. Dauerhaft\u2026","rel":"","context":"In &quot;K\u00f6ln Rodenkirchen Restaurant&quot;","block_context":{"text":"K\u00f6ln Rodenkirchen Restaurant","link":"https:\/\/www.gaidaphotos.com\/blog\/category\/koeln-rodenkirchen\/koeln-rodenkirchen-restaurant\/"},"img":{"alt_text":"jana ina und giovanni zarrella  Restaurant","src":"https:\/\/i0.wp.com\/www.gaidaphotos.com\/blog\/wp-content\/uploads\/2010\/02\/jana-ina-giovanni-resturant-settantotto-225x300.jpg?resize=350%2C200&ssl=1","width":350,"height":200},"classes":[]},{"id":3681,"url":"https:\/\/www.gaidaphotos.com\/blog\/2011\/09\/12\/koeln-severinsviertel-worringen-rath-heumar-verkaufsoffener-sonntag-strassenfest-18-09-2011\/","url_meta":{"origin":4959,"position":5},"title":"K\u00f6ln Severinsviertel,  Worringen,  Rath,  Heumar  &#8211; verkaufsoffener Sonntag &#038;  Stra\u00dfenfest 18.09.2011","author":"Thomas","date":"12. September 2011","format":false,"excerpt":"K\u00f6ln Severinsviertel,\u00a0 Worringen,\u00a0 Rath,\u00a0 Heumar Verkaufsoffener Sonntag Stra\u00dfenfest 18.09.2011 Endlich ist es wieder soweit und die K\u00f6lner k\u00f6nnen auch am Sonntag die lokale Wirtschaft und die Lokale beleben. Besonderes Highlight am 17.\/ und 18.09.2011 ist \"D\u00e4 L\u00e4ngste Desch von K\u00f6lle\", das Stra\u00dfenfest rund um Severinstorburg und Severinstra\u00dfe. Neben dem umfangreichen\u2026","rel":"","context":"In &quot;Verkaufsoffener Sonntag K\u00f6ln NRW&quot;","block_context":{"text":"Verkaufsoffener Sonntag K\u00f6ln NRW","link":"https:\/\/www.gaidaphotos.com\/blog\/category\/kalender-archiv\/verkaufsoffener-sonntag-koln-nrw\/"},"img":{"alt_text":"","src":"https:\/\/www.gaidaphotos.com\/blog\/wp-content\/uploads\/2020\/08\/nggallery_import\/86_","width":350,"height":200,"srcset":"https:\/\/www.gaidaphotos.com\/blog\/wp-content\/uploads\/2020\/08\/nggallery_import\/86_ 1x, https:\/\/www.gaidaphotos.com\/blog\/wp-content\/uploads\/2020\/08\/nggallery_import\/86_ 1.5x, https:\/\/www.gaidaphotos.com\/blog\/wp-content\/uploads\/2020\/08\/nggallery_import\/86_ 2x"},"classes":[]}],"_links":{"self":[{"href":"https:\/\/www.gaidaphotos.com\/blog\/wp-json\/wp\/v2\/posts\/4959","targetHints":{"allow":["GET"]}}],"collection":[{"href":"https:\/\/www.gaidaphotos.com\/blog\/wp-json\/wp\/v2\/posts"}],"about":[{"href":"https:\/\/www.gaidaphotos.com\/blog\/wp-json\/wp\/v2\/types\/post"}],"author":[{"embeddable":true,"href":"https:\/\/www.gaidaphotos.com\/blog\/wp-json\/wp\/v2\/users\/6"}],"replies":[{"embeddable":true,"href":"https:\/\/www.gaidaphotos.com\/blog\/wp-json\/wp\/v2\/comments?post=4959"}],"version-history":[{"count":0,"href":"https:\/\/www.gaidaphotos.com\/blog\/wp-json\/wp\/v2\/posts\/4959\/revisions"}],"wp:featuredmedia":[{"embeddable":true,"href":"https:\/\/www.gaidaphotos.com\/blog\/wp-json\/wp\/v2\/media\/4963"}],"wp:attachment":[{"href":"https:\/\/www.gaidaphotos.com\/blog\/wp-json\/wp\/v2\/media?parent=4959"}],"wp:term":[{"taxonomy":"category","embeddable":true,"href":"https:\/\/www.gaidaphotos.com\/blog\/wp-json\/wp\/v2\/categories?post=4959"},{"taxonomy":"post_tag","embeddable":true,"href":"https:\/\/www.gaidaphotos.com\/blog\/wp-json\/wp\/v2\/tags?post=4959"}],"curies":[{"name":"wp","href":"https:\/\/api.w.org\/{rel}","templated":true}]}}