{"id":4971,"date":"2012-07-25T15:36:26","date_gmt":"2012-07-25T13:36:26","guid":{"rendered":"http:\/\/www.gaidaphotos.com\/blog\/?p=4971"},"modified":"2012-07-25T15:36:26","modified_gmt":"2012-07-25T13:36:26","slug":"verkaufsoffener-sonntag-und-strasenfest-in-koeln-deutz-05-08-2012","status":"publish","type":"post","link":"https:\/\/www.gaidaphotos.com\/blog\/2012\/07\/25\/verkaufsoffener-sonntag-und-strasenfest-in-koeln-deutz-05-08-2012\/","title":{"rendered":"verkaufsoffener Sonntag und Stra\u00dfenfest in K\u00f6ln Deutz 05.08.2012"},"content":{"rendered":"<h2><\/h2>\n<p><figure style=\"width: 165px\" class=\"wp-caption alignleft\"> <a rel=\"lightbox[]\" href=\"https:\/\/i0.wp.com\/www.gaidaphotos.com\/blog\/wp-content\/gallery\/rodenkirchener-strassenfest-2012\/einsatzleitung-06.jpg?ssl=1\" title='Rodenkirchen Strassenfest 2012 - Einsatzleitung'><img data-recalc-dims=\"1\" src=\"https:\/\/i0.wp.com\/www.gaidaphotos.com\/blog\/wp-content\/gallery\/rodenkirchener-strassenfest-2012\/thumbs\/thumbs_einsatzleitung-06.jpg?w=910&#038;ssl=1\" alt='Rodenkirchen Strassenfest 2012' class='ngg-singlepic ngg-left' \/><\/a> <figcaption class=\"wp-caption-text\">verkaufsoffener Sonntag und Stra\u00dfenfest in Deutz 05.08.2012<\/figcaption><\/figure>Auf, auf, zum einzigen <strong>verkaufsoffenen Sonntag<\/strong> im August am <strong>05.08.2012<\/strong>, wenn ganz K\u00f6ln in Deutz das Stra\u00dfenfest feiert.<br \/>\nDer 05.08.2012 ist ein schwieriger Termin f\u00fcr ein Stra\u00dfenfest und einen verkaufsoffenen Sonntag. Denn bis zum 21.08.2012 sind in Deutz, K\u00f6ln und Nordrhein-Westfalen Sommerferien. Andererseits haben die Deutzer dadurch auch weniger &#8222;Konkurrenz&#8220;, um die Aufmerksamkeit der K\u00f6lner.<\/p>\n<h3>verkaufsoffener Sonntag und Stra\u00dfenfest in Deutz 05.08.2012<br \/>\nDeutz in Feierlaune \u2013 14. Stadtteilfest<\/h3>\n<p>Am 4. und 5. August wird in Deutz wieder gefeiert. Bunte Verkaufsst\u00e4nde, Mitmach-Aktionen, kulinarische K\u00f6stlichkeiten und ein einzigartiges B\u00fchnenprogramm warten auf die gro\u00dfen und kleinen Besucher. Beim Deutzer Stra\u00dfen-, Stadtteil- und Familienfest wird f\u00fcr jeden etwas Spannendes geboten.<\/p>\n<h3>Kostenloser Kinderspa\u00df beim verkaufsoffenen Sonntag und Stra\u00dfenfest in Deutz am 05.08.2012<\/h2>\n<p>Eine riesige Memorywand, eine spannende Experimentierlandschaft, Wasserspa\u00df und vieles mehr erwarten die Kinder an diesem Wochenende. Also Kinderlaufkarte besorgen, an den Spielen teilnehmen und sich f\u00fcr jede absolvierte Aktion einen Stempel geben lassen. F\u00fcr eine komplett ausgef\u00fcllte Karte gibt es beim REWE-Markt Rahmati eine tolle \u00dcberraschungst\u00fcte.<\/p>\n<h3>RTL hilft Kindern \u2013 wir helfen mit<br \/>\nbeim verkaufsoffenem Sonntag und Stra\u00dfenfest in K\u00f6ln-Deutz<\/h3>\n<p>Mit gro\u00dfer RTL Tombola, vielen Stars und als H\u00f6hepunkt die Cocktailbar des HoteLux. An beiden Tagen werden einige Stars des Senders RTL von 16 bis 18 Uhr als Barkeeper im Einsatz sein und leckere Cocktails f\u00fcr den guten Zweck verkaufen.<\/p>\n<h3>Unterhaltungsprogramm beim<br \/>\nDeutzer verkaufsoffenen Sonntag und Stra\u00dfenfest<\/h3>\n<p>&#8222;Hauptb\u00fchne&#8220; (Deutzer Freiheit,  an der Kirche)<br \/>\nErwartet werden u.a.: Medi Dance Group &#8211; Ne Spetzboov &#8211; Gino dal Nero &#8211; Teddy Fl\u00f6ck &#8211; Danny Keen &#8211; K\u00f6lsche Kraat &#8211; Martin Scholz &#8211; Christin Stark &#8211; Rony &#8211; Palina &#8211; Justin Winter &#8211; Daniel Beck &#8211; Andreas Oskar &#8211; Tommy Walter  &#8211; Rick Arena &#8211; Axel Fischer &#8211; Michael Karp &#8211; Michael Fischer &#8211; Danny Keen &#8211; Christin Stark &#8211; Martin Scholz &#8211; P\u00f6 a P\u00f6 &#8211; De Ruse &#8211; Marita K\u00f6llner &#8211; Col\u00f6r &#8211; Klar!<\/p>\n<p>Toyota h.f.x mittlere B\u00fchne (Gotenring)<br \/>\nSamstag 04.08.2012<br \/>\n14:30h Kindertanzen<br \/>\n16:30h Wolkenkino (Deutzer Nachwuchsband)<br \/>\n<strong>18:00h Kasalla<\/strong><br \/>\n19:30h The Beat Goes On (Cover Band 60er, 70er, 80er Jahre)<\/p>\n<p>Sonntag 05.08.2012<br \/>\n10:30h Open-Air Gottesdienst vor St. Heribert<br \/>\n13:00h Himmel un \u00c4d &#8211; K\u00f6lsche T\u00f6n und mehr<br \/>\n14:30h Kindertanzen<br \/>\n16:00h Odysseum Kinder Mitmach Spiele Show<br \/>\n17:00h Tommy D\u00fcx &#8211; Lieder f\u00fcr&#8217;s Veedel<br \/>\n18:00h You Who (Cover Band 80er, 90er und Top 40)<\/p>\n<p>\u00d6ffnungszeiten beim  Stra\u00dfenfest:<br \/>\nSamstag,  4. August 2012 14:00  &#8211;  23:00  Uhr<br \/>\nSonntag,  5. August 2012 11:00  &#8211;  21:00  Uhr<br \/>\n&#8222;verkaufsoffener Sonntag&#8220; 05.08.2012: 13:00  &#8211;  18:00  Uhr<\/p>\n<p>DIE  DEUTZER FREIHEIT  WIRD GESPERRT !<br \/>\nAnl\u00e4sslich der Veranstaltung wird die Deutzer Freiheit von  Freitag,  3. August,  19:00  Uhr  bis  Montag,  6. August,  5:00 Uhr gesperrt,  sowie auf einigen Seitenstra\u00dfen &#8222;Halteverbote&#8220; eingerichtet.<\/p>\n<p>Veranstaltung-Hotline   0221 \/ 170 77 88<\/p>\n<p><?php include(\"wp-content\/include\/verkaufsoffener-sonntag.php\"); ?><\/p>\n<p>Gef\u00e4llt Ihnen dieser Artikel? Dann teilen Sie ihn doch mit Ihren Freunden. Buttons f\u00fcr Facebook und Google+ finden Sie unten.<\/p>\n","protected":false},"excerpt":{"rendered":"<p>Auf, auf, zum einzigen verkaufsoffenen Sonntag im August am 05.08.2012, wenn ganz K\u00f6ln in Deutz das Stra\u00dfenfest feiert. Der 05.08.2012<\/p>\n","protected":false},"author":6,"featured_media":12321,"comment_status":"open","ping_status":"open","sticky":false,"template":"","format":"standard","meta":{"_crdt_document":"","ngg_post_thumbnail":0,"jetpack_post_was_ever_published":false,"_jetpack_newsletter_access":"","_jetpack_dont_email_post_to_subs":false,"_jetpack_newsletter_tier_id":0,"_jetpack_memberships_contains_paywalled_content":false,"_jetpack_memberships_contains_paid_content":false,"footnotes":"","jetpack_publicize_message":"","jetpack_publicize_feature_enabled":true,"jetpack_social_post_already_shared":false,"jetpack_social_options":{"image_generator_settings":{"template":"highway","default_image_id":0,"font":"","enabled":false},"version":2}},"categories":[362,178],"tags":[108,102,544,153,147],"class_list":["post-4971","post","type-post","status-publish","format-standard","has-post-thumbnail","hentry","category-strasenfest-koln","category-verkaufsoffener-sonntag-koln-nrw","tag-einkaufen","tag-freizeit","tag-koeln","tag-strassenfest","tag-verkaufsoffener-sonntag"],"yoast_head":"<!-- This site is optimized with the Yoast SEO plugin v27.5 - https:\/\/yoast.com\/product\/yoast-seo-wordpress\/ -->\n<title>verkaufsoffener Sonntag und Stra\u00dfenfest in K\u00f6ln Deutz 05.08.2012<\/title>\n<meta name=\"description\" content=\"verkaufsoffener Sonntag und Stra\u00dfenfest in K\u00f6ln Deutz 05.08.2012 - Programm, K\u00fcnstler, Verkehr, Hinweise, Infos\" \/>\n<meta name=\"robots\" content=\"index, follow, max-snippet:-1, max-image-preview:large, max-video-preview:-1\" \/>\n<link rel=\"canonical\" href=\"https:\/\/www.gaidaphotos.com\/blog\/2012\/07\/25\/verkaufsoffener-sonntag-und-strasenfest-in-koeln-deutz-05-08-2012\/\" \/>\n<meta property=\"og:locale\" content=\"de_DE\" \/>\n<meta property=\"og:type\" content=\"article\" \/>\n<meta property=\"og:title\" content=\"verkaufsoffener Sonntag und Stra\u00dfenfest in K\u00f6ln Deutz 05.08.2012\" \/>\n<meta property=\"og:description\" content=\"verkaufsoffener Sonntag und Stra\u00dfenfest in K\u00f6ln Deutz 05.08.2012 - Programm, K\u00fcnstler, Verkehr, Hinweise, Infos\" \/>\n<meta property=\"og:url\" content=\"https:\/\/www.gaidaphotos.com\/blog\/2012\/07\/25\/verkaufsoffener-sonntag-und-strasenfest-in-koeln-deutz-05-08-2012\/\" \/>\n<meta property=\"og:site_name\" content=\"K\u00f6ln Rodenkirchen und die Welt\" \/>\n<meta property=\"article:publisher\" content=\"https:\/\/www.facebook.com\/Koeln.Rodenkirchen\" \/>\n<meta property=\"article:author\" content=\"https:\/\/www.facebook.com\/gaidaphotos\" \/>\n<meta property=\"article:published_time\" content=\"2012-07-25T13:36:26+00:00\" \/>\n<meta property=\"og:image\" content=\"https:\/\/www.gaidaphotos.com\/blog\/wp-content\/uploads\/2020\/08\/nggallery_import\/34_\" \/>\n\t<meta property=\"og:image:width\" content=\"1000\" \/>\n\t<meta property=\"og:image:height\" content=\"667\" \/>\n\t<meta property=\"og:image:type\" content=\"image\/jpeg\" \/>\n<meta name=\"author\" content=\"Thomas\" \/>\n<meta name=\"twitter:card\" content=\"summary_large_image\" \/>\n<meta name=\"twitter:creator\" content=\"@gaidaphotos\" \/>\n<meta name=\"twitter:site\" content=\"@gaidaphotos\" \/>\n<meta name=\"twitter:label1\" content=\"Verfasst von\" \/>\n\t<meta name=\"twitter:data1\" content=\"Thomas\" \/>\n\t<meta name=\"twitter:label2\" content=\"Gesch\u00e4tzte Lesezeit\" \/>\n\t<meta name=\"twitter:data2\" content=\"2\u00a0Minuten\" \/>\n<script type=\"application\/ld+json\" class=\"yoast-schema-graph\">{\"@context\":\"https:\\\/\\\/schema.org\",\"@graph\":[{\"@type\":\"Article\",\"@id\":\"https:\\\/\\\/www.gaidaphotos.com\\\/blog\\\/2012\\\/07\\\/25\\\/verkaufsoffener-sonntag-und-strasenfest-in-koeln-deutz-05-08-2012\\\/#article\",\"isPartOf\":{\"@id\":\"https:\\\/\\\/www.gaidaphotos.com\\\/blog\\\/2012\\\/07\\\/25\\\/verkaufsoffener-sonntag-und-strasenfest-in-koeln-deutz-05-08-2012\\\/\"},\"author\":{\"name\":\"Thomas\",\"@id\":\"https:\\\/\\\/www.gaidaphotos.com\\\/blog\\\/#\\\/schema\\\/person\\\/6c444a5b13ffc503c5c32f5a9ec68b21\"},\"headline\":\"verkaufsoffener Sonntag und Stra\u00dfenfest in K\u00f6ln Deutz 05.08.2012\",\"datePublished\":\"2012-07-25T13:36:26+00:00\",\"mainEntityOfPage\":{\"@id\":\"https:\\\/\\\/www.gaidaphotos.com\\\/blog\\\/2012\\\/07\\\/25\\\/verkaufsoffener-sonntag-und-strasenfest-in-koeln-deutz-05-08-2012\\\/\"},\"wordCount\":490,\"commentCount\":1,\"publisher\":{\"@id\":\"https:\\\/\\\/www.gaidaphotos.com\\\/blog\\\/#organization\"},\"image\":{\"@id\":\"https:\\\/\\\/www.gaidaphotos.com\\\/blog\\\/2012\\\/07\\\/25\\\/verkaufsoffener-sonntag-und-strasenfest-in-koeln-deutz-05-08-2012\\\/#primaryimage\"},\"thumbnailUrl\":\"https:\\\/\\\/www.gaidaphotos.com\\\/blog\\\/wp-content\\\/uploads\\\/2020\\\/08\\\/nggallery_import\\\/34_\",\"keywords\":[\"Einkaufen\\\/ Shopping\",\"Freizeit-Ideen\",\"K\u00f6ln\",\"Strassenfest\",\"verkaufsoffener Sonntag\"],\"articleSection\":[\"Stra\u00dfenfest K\u00f6ln\",\"Verkaufsoffener Sonntag K\u00f6ln NRW\"],\"inLanguage\":\"de\",\"potentialAction\":[{\"@type\":\"CommentAction\",\"name\":\"Comment\",\"target\":[\"https:\\\/\\\/www.gaidaphotos.com\\\/blog\\\/2012\\\/07\\\/25\\\/verkaufsoffener-sonntag-und-strasenfest-in-koeln-deutz-05-08-2012\\\/#respond\"]}]},{\"@type\":\"WebPage\",\"@id\":\"https:\\\/\\\/www.gaidaphotos.com\\\/blog\\\/2012\\\/07\\\/25\\\/verkaufsoffener-sonntag-und-strasenfest-in-koeln-deutz-05-08-2012\\\/\",\"url\":\"https:\\\/\\\/www.gaidaphotos.com\\\/blog\\\/2012\\\/07\\\/25\\\/verkaufsoffener-sonntag-und-strasenfest-in-koeln-deutz-05-08-2012\\\/\",\"name\":\"verkaufsoffener Sonntag und Stra\u00dfenfest in K\u00f6ln Deutz 05.08.2012\",\"isPartOf\":{\"@id\":\"https:\\\/\\\/www.gaidaphotos.com\\\/blog\\\/#website\"},\"primaryImageOfPage\":{\"@id\":\"https:\\\/\\\/www.gaidaphotos.com\\\/blog\\\/2012\\\/07\\\/25\\\/verkaufsoffener-sonntag-und-strasenfest-in-koeln-deutz-05-08-2012\\\/#primaryimage\"},\"image\":{\"@id\":\"https:\\\/\\\/www.gaidaphotos.com\\\/blog\\\/2012\\\/07\\\/25\\\/verkaufsoffener-sonntag-und-strasenfest-in-koeln-deutz-05-08-2012\\\/#primaryimage\"},\"thumbnailUrl\":\"https:\\\/\\\/www.gaidaphotos.com\\\/blog\\\/wp-content\\\/uploads\\\/2020\\\/08\\\/nggallery_import\\\/34_\",\"datePublished\":\"2012-07-25T13:36:26+00:00\",\"description\":\"verkaufsoffener Sonntag und Stra\u00dfenfest in K\u00f6ln Deutz 05.08.2012 - Programm, K\u00fcnstler, Verkehr, Hinweise, Infos\",\"breadcrumb\":{\"@id\":\"https:\\\/\\\/www.gaidaphotos.com\\\/blog\\\/2012\\\/07\\\/25\\\/verkaufsoffener-sonntag-und-strasenfest-in-koeln-deutz-05-08-2012\\\/#breadcrumb\"},\"inLanguage\":\"de\",\"potentialAction\":[{\"@type\":\"ReadAction\",\"target\":[\"https:\\\/\\\/www.gaidaphotos.com\\\/blog\\\/2012\\\/07\\\/25\\\/verkaufsoffener-sonntag-und-strasenfest-in-koeln-deutz-05-08-2012\\\/\"]}]},{\"@type\":\"ImageObject\",\"inLanguage\":\"de\",\"@id\":\"https:\\\/\\\/www.gaidaphotos.com\\\/blog\\\/2012\\\/07\\\/25\\\/verkaufsoffener-sonntag-und-strasenfest-in-koeln-deutz-05-08-2012\\\/#primaryimage\",\"url\":\"https:\\\/\\\/www.gaidaphotos.com\\\/blog\\\/wp-content\\\/uploads\\\/2020\\\/08\\\/nggallery_import\\\/34_\",\"contentUrl\":\"https:\\\/\\\/www.gaidaphotos.com\\\/blog\\\/wp-content\\\/uploads\\\/2020\\\/08\\\/nggallery_import\\\/34_\",\"width\":1000,\"height\":667},{\"@type\":\"BreadcrumbList\",\"@id\":\"https:\\\/\\\/www.gaidaphotos.com\\\/blog\\\/2012\\\/07\\\/25\\\/verkaufsoffener-sonntag-und-strasenfest-in-koeln-deutz-05-08-2012\\\/#breadcrumb\",\"itemListElement\":[{\"@type\":\"ListItem\",\"position\":1,\"name\":\"Startseite\",\"item\":\"https:\\\/\\\/www.gaidaphotos.com\\\/blog\\\/\"},{\"@type\":\"ListItem\",\"position\":2,\"name\":\"verkaufsoffener Sonntag und Stra\u00dfenfest in K\u00f6ln Deutz 05.08.2012\"}]},{\"@type\":\"WebSite\",\"@id\":\"https:\\\/\\\/www.gaidaphotos.com\\\/blog\\\/#website\",\"url\":\"https:\\\/\\\/www.gaidaphotos.com\\\/blog\\\/\",\"name\":\"K\u00f6ln Rodenkirchen und die Welt\",\"description\":\"Einkaufen, Restaurants, Freizeit, Nachrichten und was uns sonst bewegt und begegnet\",\"publisher\":{\"@id\":\"https:\\\/\\\/www.gaidaphotos.com\\\/blog\\\/#organization\"},\"potentialAction\":[{\"@type\":\"SearchAction\",\"target\":{\"@type\":\"EntryPoint\",\"urlTemplate\":\"https:\\\/\\\/www.gaidaphotos.com\\\/blog\\\/?s={search_term_string}\"},\"query-input\":{\"@type\":\"PropertyValueSpecification\",\"valueRequired\":true,\"valueName\":\"search_term_string\"}}],\"inLanguage\":\"de\"},{\"@type\":\"Organization\",\"@id\":\"https:\\\/\\\/www.gaidaphotos.com\\\/blog\\\/#organization\",\"name\":\"gaidaphotos\",\"url\":\"https:\\\/\\\/www.gaidaphotos.com\\\/blog\\\/\",\"logo\":{\"@type\":\"ImageObject\",\"inLanguage\":\"de\",\"@id\":\"https:\\\/\\\/www.gaidaphotos.com\\\/blog\\\/#\\\/schema\\\/logo\\\/image\\\/\",\"url\":\"https:\\\/\\\/i0.wp.com\\\/www.gaidaphotos.com\\\/blog\\\/wp-content\\\/uploads\\\/2020\\\/07\\\/GAIDAPHOTOS-COM.jpg?fit=160%2C96&ssl=1\",\"contentUrl\":\"https:\\\/\\\/i0.wp.com\\\/www.gaidaphotos.com\\\/blog\\\/wp-content\\\/uploads\\\/2020\\\/07\\\/GAIDAPHOTOS-COM.jpg?fit=160%2C96&ssl=1\",\"width\":160,\"height\":96,\"caption\":\"gaidaphotos\"},\"image\":{\"@id\":\"https:\\\/\\\/www.gaidaphotos.com\\\/blog\\\/#\\\/schema\\\/logo\\\/image\\\/\"},\"sameAs\":[\"https:\\\/\\\/www.facebook.com\\\/Koeln.Rodenkirchen\",\"https:\\\/\\\/x.com\\\/gaidaphotos\",\"https:\\\/\\\/instagram.com\\\/gaidaphotos\\\/\",\"https:\\\/\\\/de.linkedin.com\\\/in\\\/gaidaphotos\",\"https:\\\/\\\/myspace.com\\\/gaidaphotos\",\"https:\\\/\\\/www.pinterest.com\\\/gaidaphotos\\\/\",\"https:\\\/\\\/www.youtube.com\\\/user\\\/gaidaphotos\"]},{\"@type\":\"Person\",\"@id\":\"https:\\\/\\\/www.gaidaphotos.com\\\/blog\\\/#\\\/schema\\\/person\\\/6c444a5b13ffc503c5c32f5a9ec68b21\",\"name\":\"Thomas\",\"sameAs\":[\"https:\\\/\\\/www.gaidaphotos.com\",\"https:\\\/\\\/www.facebook.com\\\/gaidaphotos\",\"https:\\\/\\\/instagram.com\\\/gaidaphotos\\\/\",\"https:\\\/\\\/www.linkedin.com\\\/in\\\/gaidaphotos\",\"http:\\\/\\\/www.pinterest.com\\\/gaidaphotos\\\/\",\"https:\\\/\\\/x.com\\\/gaidaphotos\",\"https:\\\/\\\/myspace.com\\\/gaidaphotos\",\"https:\\\/\\\/www.youtube.com\\\/user\\\/gaidaphotos\",\"https:\\\/\\\/gaidaphotos.tumblr.com\\\/\"]}]}<\/script>\n<!-- \/ Yoast SEO plugin. -->","yoast_head_json":{"title":"verkaufsoffener Sonntag und Stra\u00dfenfest in K\u00f6ln Deutz 05.08.2012","description":"verkaufsoffener Sonntag und Stra\u00dfenfest in K\u00f6ln Deutz 05.08.2012 - Programm, K\u00fcnstler, Verkehr, Hinweise, Infos","robots":{"index":"index","follow":"follow","max-snippet":"max-snippet:-1","max-image-preview":"max-image-preview:large","max-video-preview":"max-video-preview:-1"},"canonical":"https:\/\/www.gaidaphotos.com\/blog\/2012\/07\/25\/verkaufsoffener-sonntag-und-strasenfest-in-koeln-deutz-05-08-2012\/","og_locale":"de_DE","og_type":"article","og_title":"verkaufsoffener Sonntag und Stra\u00dfenfest in K\u00f6ln Deutz 05.08.2012","og_description":"verkaufsoffener Sonntag und Stra\u00dfenfest in K\u00f6ln Deutz 05.08.2012 - Programm, K\u00fcnstler, Verkehr, Hinweise, Infos","og_url":"https:\/\/www.gaidaphotos.com\/blog\/2012\/07\/25\/verkaufsoffener-sonntag-und-strasenfest-in-koeln-deutz-05-08-2012\/","og_site_name":"K\u00f6ln Rodenkirchen und die Welt","article_publisher":"https:\/\/www.facebook.com\/Koeln.Rodenkirchen","article_author":"https:\/\/www.facebook.com\/gaidaphotos","article_published_time":"2012-07-25T13:36:26+00:00","og_image":[{"width":1000,"height":667,"url":"https:\/\/www.gaidaphotos.com\/blog\/wp-content\/uploads\/2020\/08\/nggallery_import\/34_","type":"image\/jpeg"}],"author":"Thomas","twitter_card":"summary_large_image","twitter_creator":"@gaidaphotos","twitter_site":"@gaidaphotos","twitter_misc":{"Verfasst von":"Thomas","Gesch\u00e4tzte Lesezeit":"2\u00a0Minuten"},"schema":{"@context":"https:\/\/schema.org","@graph":[{"@type":"Article","@id":"https:\/\/www.gaidaphotos.com\/blog\/2012\/07\/25\/verkaufsoffener-sonntag-und-strasenfest-in-koeln-deutz-05-08-2012\/#article","isPartOf":{"@id":"https:\/\/www.gaidaphotos.com\/blog\/2012\/07\/25\/verkaufsoffener-sonntag-und-strasenfest-in-koeln-deutz-05-08-2012\/"},"author":{"name":"Thomas","@id":"https:\/\/www.gaidaphotos.com\/blog\/#\/schema\/person\/6c444a5b13ffc503c5c32f5a9ec68b21"},"headline":"verkaufsoffener Sonntag und Stra\u00dfenfest in K\u00f6ln Deutz 05.08.2012","datePublished":"2012-07-25T13:36:26+00:00","mainEntityOfPage":{"@id":"https:\/\/www.gaidaphotos.com\/blog\/2012\/07\/25\/verkaufsoffener-sonntag-und-strasenfest-in-koeln-deutz-05-08-2012\/"},"wordCount":490,"commentCount":1,"publisher":{"@id":"https:\/\/www.gaidaphotos.com\/blog\/#organization"},"image":{"@id":"https:\/\/www.gaidaphotos.com\/blog\/2012\/07\/25\/verkaufsoffener-sonntag-und-strasenfest-in-koeln-deutz-05-08-2012\/#primaryimage"},"thumbnailUrl":"https:\/\/www.gaidaphotos.com\/blog\/wp-content\/uploads\/2020\/08\/nggallery_import\/34_","keywords":["Einkaufen\/ Shopping","Freizeit-Ideen","K\u00f6ln","Strassenfest","verkaufsoffener Sonntag"],"articleSection":["Stra\u00dfenfest K\u00f6ln","Verkaufsoffener Sonntag K\u00f6ln NRW"],"inLanguage":"de","potentialAction":[{"@type":"CommentAction","name":"Comment","target":["https:\/\/www.gaidaphotos.com\/blog\/2012\/07\/25\/verkaufsoffener-sonntag-und-strasenfest-in-koeln-deutz-05-08-2012\/#respond"]}]},{"@type":"WebPage","@id":"https:\/\/www.gaidaphotos.com\/blog\/2012\/07\/25\/verkaufsoffener-sonntag-und-strasenfest-in-koeln-deutz-05-08-2012\/","url":"https:\/\/www.gaidaphotos.com\/blog\/2012\/07\/25\/verkaufsoffener-sonntag-und-strasenfest-in-koeln-deutz-05-08-2012\/","name":"verkaufsoffener Sonntag und Stra\u00dfenfest in K\u00f6ln Deutz 05.08.2012","isPartOf":{"@id":"https:\/\/www.gaidaphotos.com\/blog\/#website"},"primaryImageOfPage":{"@id":"https:\/\/www.gaidaphotos.com\/blog\/2012\/07\/25\/verkaufsoffener-sonntag-und-strasenfest-in-koeln-deutz-05-08-2012\/#primaryimage"},"image":{"@id":"https:\/\/www.gaidaphotos.com\/blog\/2012\/07\/25\/verkaufsoffener-sonntag-und-strasenfest-in-koeln-deutz-05-08-2012\/#primaryimage"},"thumbnailUrl":"https:\/\/www.gaidaphotos.com\/blog\/wp-content\/uploads\/2020\/08\/nggallery_import\/34_","datePublished":"2012-07-25T13:36:26+00:00","description":"verkaufsoffener Sonntag und Stra\u00dfenfest in K\u00f6ln Deutz 05.08.2012 - Programm, K\u00fcnstler, Verkehr, Hinweise, Infos","breadcrumb":{"@id":"https:\/\/www.gaidaphotos.com\/blog\/2012\/07\/25\/verkaufsoffener-sonntag-und-strasenfest-in-koeln-deutz-05-08-2012\/#breadcrumb"},"inLanguage":"de","potentialAction":[{"@type":"ReadAction","target":["https:\/\/www.gaidaphotos.com\/blog\/2012\/07\/25\/verkaufsoffener-sonntag-und-strasenfest-in-koeln-deutz-05-08-2012\/"]}]},{"@type":"ImageObject","inLanguage":"de","@id":"https:\/\/www.gaidaphotos.com\/blog\/2012\/07\/25\/verkaufsoffener-sonntag-und-strasenfest-in-koeln-deutz-05-08-2012\/#primaryimage","url":"https:\/\/www.gaidaphotos.com\/blog\/wp-content\/uploads\/2020\/08\/nggallery_import\/34_","contentUrl":"https:\/\/www.gaidaphotos.com\/blog\/wp-content\/uploads\/2020\/08\/nggallery_import\/34_","width":1000,"height":667},{"@type":"BreadcrumbList","@id":"https:\/\/www.gaidaphotos.com\/blog\/2012\/07\/25\/verkaufsoffener-sonntag-und-strasenfest-in-koeln-deutz-05-08-2012\/#breadcrumb","itemListElement":[{"@type":"ListItem","position":1,"name":"Startseite","item":"https:\/\/www.gaidaphotos.com\/blog\/"},{"@type":"ListItem","position":2,"name":"verkaufsoffener Sonntag und Stra\u00dfenfest in K\u00f6ln Deutz 05.08.2012"}]},{"@type":"WebSite","@id":"https:\/\/www.gaidaphotos.com\/blog\/#website","url":"https:\/\/www.gaidaphotos.com\/blog\/","name":"K\u00f6ln Rodenkirchen und die Welt","description":"Einkaufen, Restaurants, Freizeit, Nachrichten und was uns sonst bewegt und begegnet","publisher":{"@id":"https:\/\/www.gaidaphotos.com\/blog\/#organization"},"potentialAction":[{"@type":"SearchAction","target":{"@type":"EntryPoint","urlTemplate":"https:\/\/www.gaidaphotos.com\/blog\/?s={search_term_string}"},"query-input":{"@type":"PropertyValueSpecification","valueRequired":true,"valueName":"search_term_string"}}],"inLanguage":"de"},{"@type":"Organization","@id":"https:\/\/www.gaidaphotos.com\/blog\/#organization","name":"gaidaphotos","url":"https:\/\/www.gaidaphotos.com\/blog\/","logo":{"@type":"ImageObject","inLanguage":"de","@id":"https:\/\/www.gaidaphotos.com\/blog\/#\/schema\/logo\/image\/","url":"https:\/\/i0.wp.com\/www.gaidaphotos.com\/blog\/wp-content\/uploads\/2020\/07\/GAIDAPHOTOS-COM.jpg?fit=160%2C96&ssl=1","contentUrl":"https:\/\/i0.wp.com\/www.gaidaphotos.com\/blog\/wp-content\/uploads\/2020\/07\/GAIDAPHOTOS-COM.jpg?fit=160%2C96&ssl=1","width":160,"height":96,"caption":"gaidaphotos"},"image":{"@id":"https:\/\/www.gaidaphotos.com\/blog\/#\/schema\/logo\/image\/"},"sameAs":["https:\/\/www.facebook.com\/Koeln.Rodenkirchen","https:\/\/x.com\/gaidaphotos","https:\/\/instagram.com\/gaidaphotos\/","https:\/\/de.linkedin.com\/in\/gaidaphotos","https:\/\/myspace.com\/gaidaphotos","https:\/\/www.pinterest.com\/gaidaphotos\/","https:\/\/www.youtube.com\/user\/gaidaphotos"]},{"@type":"Person","@id":"https:\/\/www.gaidaphotos.com\/blog\/#\/schema\/person\/6c444a5b13ffc503c5c32f5a9ec68b21","name":"Thomas","sameAs":["https:\/\/www.gaidaphotos.com","https:\/\/www.facebook.com\/gaidaphotos","https:\/\/instagram.com\/gaidaphotos\/","https:\/\/www.linkedin.com\/in\/gaidaphotos","http:\/\/www.pinterest.com\/gaidaphotos\/","https:\/\/x.com\/gaidaphotos","https:\/\/myspace.com\/gaidaphotos","https:\/\/www.youtube.com\/user\/gaidaphotos","https:\/\/gaidaphotos.tumblr.com\/"]}]}},"jetpack_publicize_connections":[],"jetpack_featured_media_url":"https:\/\/www.gaidaphotos.com\/blog\/wp-content\/uploads\/2020\/08\/nggallery_import\/34_","jetpack_sharing_enabled":true,"jetpack_likes_enabled":true,"jetpack-related-posts":[{"id":3239,"url":"https:\/\/www.gaidaphotos.com\/blog\/2010\/07\/28\/verkaufsoffener-sonntag-01-08-2010-in-koeln-deutz-nrw\/","url_meta":{"origin":4971,"position":0},"title":"verkaufsoffener Sonntag 01.08.2010 in K\u00f6ln Deutz, NRW","author":"Thomas","date":"28. Juli 2010","format":false,"excerpt":"Verkaufsoffener Sonntag 01.08.2010 in K\u00f6ln Deutz, NRW, mit Stra\u00dfenfest 12. DEUTZER STRA\u00dfENFEST und verkaufsoffener Sonntag: DEUTZER FREIHEIT + GRAF-GESSLER-STRASSE! Zum verkaufsoffenen Sonntag 01.08.2010 l\u00e4dt die IG Deutz zum 12. Mal auf die Deutzer Freiheit. Unterst\u00fctzung findet das Stra\u00dfenfest durch Reissdorf-Brauerei, Coca-Cola, dem EXPRESS, der PSD-Bank und der K\u00f6lnmesse Verkaufsoffener Sonntag\u2026","rel":"","context":"In &quot;Verkaufsoffener Sonntag K\u00f6ln NRW&quot;","block_context":{"text":"Verkaufsoffener Sonntag K\u00f6ln NRW","link":"https:\/\/www.gaidaphotos.com\/blog\/category\/kalender-archiv\/verkaufsoffener-sonntag-koln-nrw\/"},"img":{"alt_text":"verkaufsoffener Sonntag 01.08.2010 in K\u00f6ln Deutz, NRW","src":"https:\/\/i0.wp.com\/www.gaidaphotos.com\/blog\/wp-content\/uploads\/2010\/07\/verkaufsoffener-sonntag-1-8-2010-koeln-deutz.jpg?resize=350%2C200&ssl=1","width":350,"height":200},"classes":[]},{"id":3590,"url":"https:\/\/www.gaidaphotos.com\/blog\/2011\/08\/02\/strassenfes-7-8-2011-koeln-deutz\/","url_meta":{"origin":4971,"position":1},"title":"Stra\u00dfenfest &#038; verkaufsoffener Sonntag 7.8.2011 in K\u00f6ln Deutz","author":"Thomas","date":"2. August 2011","format":false,"excerpt":"Verkaufsoffener Sonntag 7.8.2011 in K\u00f6ln Deutz Beim 13. Deutzer Stra\u00dfenfest steht die Familie im Mittelpunkt Zum zweiten Mal in diesem Jahr lockt ein verkaufsoffener Sonntag die K\u00f6lner ins rechtsrheinische Deutz. Dort \u00f6ffnen am Sonntag 7. August 2011 von 13 bis 18 Uhr weit \u00fcber 50 Gesch\u00e4fte. Eingebunden ist der Event\u2026","rel":"","context":"In &quot;Verkaufsoffener Sonntag K\u00f6ln NRW&quot;","block_context":{"text":"Verkaufsoffener Sonntag K\u00f6ln NRW","link":"https:\/\/www.gaidaphotos.com\/blog\/category\/kalender-archiv\/verkaufsoffener-sonntag-koln-nrw\/"},"img":{"alt_text":"","src":"https:\/\/www.gaidaphotos.com\/blog\/wp-content\/uploads\/2020\/08\/nggallery_import\/78_","width":350,"height":200},"classes":[]},{"id":3830,"url":"https:\/\/www.gaidaphotos.com\/blog\/2011\/11\/28\/weihnachtsmarkt-nikolausfest-und-verkaufsoffener-sonntag-04-12-2011\/","url_meta":{"origin":4971,"position":2},"title":"Weihnachtsmarkt, Nikolausfest und verkaufsoffener Sonntag 04.12.2011","author":"Thomas","date":"28. November 2011","format":false,"excerpt":"Weihnachtsmarkt, Nikolausfest und verkaufsoffener Sonntag Der 2. Advent-Sonntag ist wieder ein Shopping-Gro\u00dfkampftag.. Und so haben am 2. Advent nicht nur die K\u00f6lner Weihnachtsm\u00e4rkte ge\u00f6ffnet sondern auch die Gesch\u00e4fte in gleich 8 Stadtteilen. Die gr\u00f6\u00dfte Auswahl bietet der \"D\u00fcxer Advent\". In Godorf und Ossendorf haben die IKEA H\u00e4user ge\u00f6ffnet, das wird\u2026","rel":"","context":"In &quot;Verkaufsoffener Sonntag K\u00f6ln NRW&quot;","block_context":{"text":"Verkaufsoffener Sonntag K\u00f6ln NRW","link":"https:\/\/www.gaidaphotos.com\/blog\/category\/kalender-archiv\/verkaufsoffener-sonntag-koln-nrw\/"},"img":{"alt_text":"","src":"https:\/\/www.gaidaphotos.com\/blog\/wp-content\/uploads\/2020\/08\/nggallery_import\/97_","width":350,"height":200,"srcset":"https:\/\/www.gaidaphotos.com\/blog\/wp-content\/uploads\/2020\/08\/nggallery_import\/97_ 1x, https:\/\/www.gaidaphotos.com\/blog\/wp-content\/uploads\/2020\/08\/nggallery_import\/97_ 1.5x, https:\/\/www.gaidaphotos.com\/blog\/wp-content\/uploads\/2020\/08\/nggallery_import\/97_ 2x"},"classes":[]},{"id":2852,"url":"https:\/\/www.gaidaphotos.com\/blog\/2010\/05\/12\/verkaufsoffener-sonntag-16-05-2010-koeln\/","url_meta":{"origin":4971,"position":3},"title":"verkaufsoffener Sonntag 16.05.2010 in K\u00f6ln","author":"Thomas","date":"12. Mai 2010","format":false,"excerpt":"Am 16.05.2010 ist verkaufsoffener Sonntag in K\u00f6ln Deutz - Vogelsang - M\u00fchlheim Wie \u00fcblich haben die Gesch\u00e4fte in K\u00f6ln-Deutz, K\u00f6ln-M\u00fchlheim und K\u00f6ln-Vogelsang am verkaufsoffenen Sonntag\u00a0 16.05.2010 von 13:00h bis 18:00h ge\u00f6ffnet (K\u00f6ln-Vogelsang \u00d6ffnungszeiten 12:00h - 17:00h). Die \u00f6rtlichen Gemeinschaften bieten anl\u00e4\u00dflich des verkaufsoffenen Sonntag teilweise ein buntes Programm. So kann\u2026","rel":"","context":"In &quot;K\u00f6ln&quot;","block_context":{"text":"K\u00f6ln","link":"https:\/\/www.gaidaphotos.com\/blog\/category\/koeln\/"},"img":{"alt_text":"","src":"","width":0,"height":0},"classes":[]},{"id":3558,"url":"https:\/\/www.gaidaphotos.com\/blog\/2011\/05\/23\/verkaufsoffener-sonntag-29-05-2011-koeln-chorweiler-deutz-dellbrueck-porz\/","url_meta":{"origin":4971,"position":4},"title":"Verkaufsoffener Sonntag 29.05.2011 in K\u00f6ln Chorweiler, Deutz, Dellbr\u00fcck und Porz","author":"Thomas","date":"23. Mai 2011","format":false,"excerpt":"Verkaufsoffener Sonntag 29.05.2011 in K\u00f6ln Chorweiler, Deutz, Dellbr\u00fcck und Porz) In diesen K\u00f6lner Stadtteilen k\u00f6nnen Sie am 29.05.2011 (verkaufsoffener Sonntag) nach Herzenslust shoppen. K\u00f6ln Chroweiler verkaufsoffener Sonntag von 13:00-18:00h Mercatorstra\u00dfe - Weichselring - Merianstra\u00dfe - Willi-Suth-Allee Das Automobil wird 125 Jahre! Gemeinsam mit Mercedes-Benz feiert das City Center Chorweiler dieses\u2026","rel":"","context":"Mit 1 Kommentar","block_context":{"text":"Mit 1 Kommentar","link":"https:\/\/www.gaidaphotos.com\/blog\/2011\/05\/23\/verkaufsoffener-sonntag-29-05-2011-koeln-chorweiler-deutz-dellbrueck-porz\/#comments"},"img":{"alt_text":"","src":"https:\/\/www.gaidaphotos.com\/blog\/wp-content\/uploads\/2020\/08\/nggallery_import\/71_","width":350,"height":200,"srcset":"https:\/\/www.gaidaphotos.com\/blog\/wp-content\/uploads\/2020\/08\/nggallery_import\/71_ 1x, https:\/\/www.gaidaphotos.com\/blog\/wp-content\/uploads\/2020\/08\/nggallery_import\/71_ 1.5x, https:\/\/www.gaidaphotos.com\/blog\/wp-content\/uploads\/2020\/08\/nggallery_import\/71_ 2x, https:\/\/www.gaidaphotos.com\/blog\/wp-content\/uploads\/2020\/08\/nggallery_import\/71_ 3x"},"classes":[]},{"id":3478,"url":"https:\/\/www.gaidaphotos.com\/blog\/2010\/12\/31\/verkaufsoffener-sonntag-2011-strassenfest-in-koln-nrw\/","url_meta":{"origin":4971,"position":5},"title":"Verkaufsoffener Sonntag &#038; Stra\u00dfenfest 2011 in K\u00f6ln (NRW): \u00dcbersicht","author":"Thomas","date":"31. Dezember 2010","format":false,"excerpt":"Verkaufsoffener Sonntag & Stra\u00dfenfest 2011 in K\u00f6ln (NRW): \u00dcbersicht Wir verschaffen Ihnen einen \u00dcberblick \u00fcber die verkaufsoffenen Sonntage 2011 in K\u00f6ln (NRW) und sagen Ihnen wo gleichzeitig ein Stra\u00dfenfest geboten wird. Nach Monaten geordnet finden Sie die verkaufsoffenen Sonntage in K\u00f6ln mit Angabe des Stadtteils und der \u00d6ffnungszeiten. Wie schon\u2026","rel":"","context":"In &quot;Verkaufsoffener Sonntag K\u00f6ln NRW&quot;","block_context":{"text":"Verkaufsoffener Sonntag K\u00f6ln NRW","link":"https:\/\/www.gaidaphotos.com\/blog\/category\/kalender-archiv\/verkaufsoffener-sonntag-koln-nrw\/"},"img":{"alt_text":"","src":"","width":0,"height":0},"classes":[]}],"_links":{"self":[{"href":"https:\/\/www.gaidaphotos.com\/blog\/wp-json\/wp\/v2\/posts\/4971","targetHints":{"allow":["GET"]}}],"collection":[{"href":"https:\/\/www.gaidaphotos.com\/blog\/wp-json\/wp\/v2\/posts"}],"about":[{"href":"https:\/\/www.gaidaphotos.com\/blog\/wp-json\/wp\/v2\/types\/post"}],"author":[{"embeddable":true,"href":"https:\/\/www.gaidaphotos.com\/blog\/wp-json\/wp\/v2\/users\/6"}],"replies":[{"embeddable":true,"href":"https:\/\/www.gaidaphotos.com\/blog\/wp-json\/wp\/v2\/comments?post=4971"}],"version-history":[{"count":0,"href":"https:\/\/www.gaidaphotos.com\/blog\/wp-json\/wp\/v2\/posts\/4971\/revisions"}],"wp:featuredmedia":[{"embeddable":true,"href":"https:\/\/www.gaidaphotos.com\/blog\/wp-json\/wp\/v2\/media\/12321"}],"wp:attachment":[{"href":"https:\/\/www.gaidaphotos.com\/blog\/wp-json\/wp\/v2\/media?parent=4971"}],"wp:term":[{"taxonomy":"category","embeddable":true,"href":"https:\/\/www.gaidaphotos.com\/blog\/wp-json\/wp\/v2\/categories?post=4971"},{"taxonomy":"post_tag","embeddable":true,"href":"https:\/\/www.gaidaphotos.com\/blog\/wp-json\/wp\/v2\/tags?post=4971"}],"curies":[{"name":"wp","href":"https:\/\/api.w.org\/{rel}","templated":true}]}}