{"id":505,"date":"2009-04-22T14:04:38","date_gmt":"2009-04-22T12:04:38","guid":{"rendered":"http:\/\/gaidaphotos.com\/blog\/?p=505"},"modified":"2011-01-06T16:31:53","modified_gmt":"2011-01-06T15:31:53","slug":"twitter-gefah","status":"publish","type":"post","link":"https:\/\/www.gaidaphotos.com\/blog\/2009\/04\/22\/twitter-gefah\/","title":{"rendered":"Wie gef\u00e4hrlich ist Twitter?"},"content":{"rendered":"<figure id=\"attachment_506\" aria-describedby=\"caption-attachment-506\" style=\"width: 240px\" class=\"wp-caption alignleft\"><a href=\"https:\/\/www.gaidaphotos.com\/blog\/tag\/koeln-rodenkirchen\/\"><img data-recalc-dims=\"1\" loading=\"lazy\" decoding=\"async\" class=\"size-full wp-image-506\" title=\"twitter\" src=\"https:\/\/i0.wp.com\/www.gaidaphotos.com\/blog\/wp-content\/uploads\/2009\/04\/twitter.jpg?resize=240%2C360&#038;ssl=1\" alt=\"Rheinufer K\u00f6ln Rodenkirchen\" width=\"240\" height=\"360\" srcset=\"https:\/\/i0.wp.com\/www.gaidaphotos.com\/blog\/wp-content\/uploads\/2009\/04\/twitter.jpg?w=240&amp;ssl=1 240w, https:\/\/i0.wp.com\/www.gaidaphotos.com\/blog\/wp-content\/uploads\/2009\/04\/twitter.jpg?resize=200%2C300&amp;ssl=1 200w\" sizes=\"auto, (max-width: 240px) 100vw, 240px\" \/><\/a><figcaption id=\"caption-attachment-506\" class=\"wp-caption-text\">Rheinufer K\u00f6ln Rodenkirchen<\/figcaption><\/figure>\n<p>Oder:\u00a0 Kann Twitter gef\u00e4hrlich werden?<\/p>\n<p>Twitter ist zur Zeit die gr\u00f6\u00dfte und bekannteste Platform f\u00fcr micro-blogging. Sogar Gesch\u00e4fte nutzen heute Twitter zur Werbung und zum Marketing.<\/p>\n<p>Aber ist Twitter auch gef\u00e4hrlich? Auf den ersten Blick erscheint es nicht so, aber<\/p>\n<h1>Verk\u00fcrzte URL:<\/h1>\n<p>Twitter verwendet nur bis zu 141 Zeichen lange Nachrichten. Was danach kommt ist unsichtbar. Und schlimmer, man kann nicht erkennen wohin die sogenannte TinyURL f\u00fchrt.<\/p>\n<p>Das ist wie in den Anf\u00e4ngen der Emails. Alles wurde einfach ge\u00f6ffnet und gelesen. Aber wir haben \u00fcber Safe-Email gelernt und gelernt nicht einfach jeder Nachricht zu trauen sondern erst zu sehen von WEM sie stammt. Und nicht einfach auf jeden Link zu klicken.<\/p>\n<p>Wir m\u00fcssen noch lernen auch bei Twitter und Facebook erst genau zu schauen wer uns da was sendet und lieber noch einmal nachzufragen.<\/p>\n<p>Sonst haben wir uns schnell bei Twitter einen Virus, Wurm oder Trojaner gefangen.<\/p>\n<h1>Folge nicht jedem Fremden<\/h1>\n<p>Schon als Kinder lernen wir nicht mit jedem fremden zu gehen. Aber bei twitter folgen wir h\u00e4ufig jedem, der auch uns folgt.<\/p>\n<p>Daran liegt eine gro\u00dfe Gefahr, den Spammern unter den twitter Benutzern Rang und Namen zu verleihen. Wir sind dann die, die den b\u00f6sen Onkel auch noch vorstellen und weiter empfehlen.<\/p>\n<p>Und wir erz\u00e4hlen dann auch noch dem b\u00f6sen Onkel alle Geheimnisse. Wir sollten die Twitter Beitr\u00e4ge wie eine Unterhaltung in der \u00d6ffentlichkeit verstehen und entsprechende Vorsicht auch bei Twitter walten lssen. Die Gefahr, dass bei twitter ein Feind, ein Mitbewerber oder einfach nur der b\u00f6se Onkel mitlauscht ist riesig gro\u00df. Wir sitzen alleine zu Hause am PC und sehen nicht welche gefahr bei twitter durch das mith\u00f6ren droht.<\/p>\n<h1>Fehlende E-Mail Verifikation<\/h1>\n<p>Wer bei Twitter ein Konto anlegt braucht nicht einmal eine existierende Adresse. Solange die Domaine existiert, kann bei Twitter jede denkbare Adresse angelegt werden (z.B. gottvater@vatican.com). Die Gefahr bei Twitter ist nicht zu gro\u00df, kann man doch auch bei vielen anderen Sites falsche Adressen verwenden.<\/p>\n<p>Dennoch macht das den Spammern das Leben leicht. Und nat\u00fcrlich auch allen die unbemerkt mitlauschen wollen. Z.B. betrogene Ehefrauen, der verlassene freund, der Nachbar und heimliche Stalker und und und<\/p>\n<p>Also bitte aufge\u00dfat bei Twitter Nicht alles ist Gold was gl\u00e4nzt. Je toller das Angebot, dsto wahrscheinlicher verbirgt sich dahinter auch Gefahr. Twitter Gefahr<\/p>\n","protected":false},"excerpt":{"rendered":"<p>Twitter ist zur Zeit die gr\u00f6\u00dfte und bekannteste Platform f\u00fcr micro-blogging. Sogar Gesch\u00e4fte nutzen heute Twitter zur Werbung und zum Marketing.<\/p>\n<p>Aber ist Twitter auch gef\u00e4hrlich? Auf den ersten Blick erscheint es nicht so, aber<\/p>\n","protected":false},"author":6,"featured_media":0,"comment_status":"open","ping_status":"open","sticky":false,"template":"","format":"standard","meta":{"_crdt_document":"","ngg_post_thumbnail":0,"jetpack_post_was_ever_published":false,"_jetpack_newsletter_access":"","_jetpack_dont_email_post_to_subs":false,"_jetpack_newsletter_tier_id":0,"_jetpack_memberships_contains_paywalled_content":false,"_jetpack_memberships_contains_paid_content":false,"footnotes":"","jetpack_publicize_message":"","jetpack_publicize_feature_enabled":true,"jetpack_social_post_already_shared":false,"jetpack_social_options":{"image_generator_settings":{"template":"highway","default_image_id":0,"font":"","enabled":false},"version":2}},"categories":[92],"tags":[],"class_list":["post-505","post","type-post","status-publish","format-standard","hentry","category-social-networking"],"yoast_head":"<!-- This site is optimized with the Yoast SEO plugin v27.5 - https:\/\/yoast.com\/product\/yoast-seo-wordpress\/ -->\n<title>Wie gef\u00e4hrlich ist Twitter?<\/title>\n<meta name=\"description\" content=\"Auch wenn es so einfach und unklompiziert ist, bei Twitter lauern Gefahren. Die gr\u00f6\u00dften gefahren bei twitter jetzt lesen\" \/>\n<meta name=\"robots\" content=\"index, follow, max-snippet:-1, max-image-preview:large, max-video-preview:-1\" \/>\n<link rel=\"canonical\" href=\"https:\/\/www.gaidaphotos.com\/blog\/2009\/04\/22\/twitter-gefah\/\" \/>\n<meta property=\"og:locale\" content=\"de_DE\" \/>\n<meta property=\"og:type\" content=\"article\" \/>\n<meta property=\"og:title\" content=\"Wie gef\u00e4hrlich ist Twitter?\" \/>\n<meta property=\"og:description\" content=\"Auch wenn es so einfach und unklompiziert ist, bei Twitter lauern Gefahren. Die gr\u00f6\u00dften gefahren bei twitter jetzt lesen\" \/>\n<meta property=\"og:url\" content=\"https:\/\/www.gaidaphotos.com\/blog\/2009\/04\/22\/twitter-gefah\/\" \/>\n<meta property=\"og:site_name\" content=\"K\u00f6ln Rodenkirchen und die Welt\" \/>\n<meta property=\"article:publisher\" content=\"https:\/\/www.facebook.com\/Koeln.Rodenkirchen\" \/>\n<meta property=\"article:author\" content=\"https:\/\/www.facebook.com\/gaidaphotos\" \/>\n<meta property=\"article:published_time\" content=\"2009-04-22T12:04:38+00:00\" \/>\n<meta property=\"article:modified_time\" content=\"2011-01-06T15:31:53+00:00\" \/>\n<meta property=\"og:image\" content=\"https:\/\/www.gaidaphotos.com\/blog\/wp-content\/uploads\/2009\/04\/twitter.jpg\" \/>\n<meta name=\"author\" content=\"Thomas\" \/>\n<meta name=\"twitter:card\" content=\"summary_large_image\" \/>\n<meta name=\"twitter:creator\" content=\"@gaidaphotos\" \/>\n<meta name=\"twitter:site\" content=\"@gaidaphotos\" \/>\n<meta name=\"twitter:label1\" content=\"Verfasst von\" \/>\n\t<meta name=\"twitter:data1\" content=\"Thomas\" \/>\n\t<meta name=\"twitter:label2\" content=\"Gesch\u00e4tzte Lesezeit\" \/>\n\t<meta name=\"twitter:data2\" content=\"2\u00a0Minuten\" \/>\n<script type=\"application\/ld+json\" class=\"yoast-schema-graph\">{\"@context\":\"https:\\\/\\\/schema.org\",\"@graph\":[{\"@type\":\"Article\",\"@id\":\"https:\\\/\\\/www.gaidaphotos.com\\\/blog\\\/2009\\\/04\\\/22\\\/twitter-gefah\\\/#article\",\"isPartOf\":{\"@id\":\"https:\\\/\\\/www.gaidaphotos.com\\\/blog\\\/2009\\\/04\\\/22\\\/twitter-gefah\\\/\"},\"author\":{\"name\":\"Thomas\",\"@id\":\"https:\\\/\\\/www.gaidaphotos.com\\\/blog\\\/#\\\/schema\\\/person\\\/6c444a5b13ffc503c5c32f5a9ec68b21\"},\"headline\":\"Wie gef\u00e4hrlich ist Twitter?\",\"datePublished\":\"2009-04-22T12:04:38+00:00\",\"dateModified\":\"2011-01-06T15:31:53+00:00\",\"mainEntityOfPage\":{\"@id\":\"https:\\\/\\\/www.gaidaphotos.com\\\/blog\\\/2009\\\/04\\\/22\\\/twitter-gefah\\\/\"},\"wordCount\":414,\"commentCount\":1,\"publisher\":{\"@id\":\"https:\\\/\\\/www.gaidaphotos.com\\\/blog\\\/#organization\"},\"image\":{\"@id\":\"https:\\\/\\\/www.gaidaphotos.com\\\/blog\\\/2009\\\/04\\\/22\\\/twitter-gefah\\\/#primaryimage\"},\"thumbnailUrl\":\"https:\\\/\\\/www.gaidaphotos.com\\\/blog\\\/wp-content\\\/uploads\\\/2009\\\/04\\\/twitter.jpg\",\"articleSection\":[\"social networking\"],\"inLanguage\":\"de\",\"potentialAction\":[{\"@type\":\"CommentAction\",\"name\":\"Comment\",\"target\":[\"https:\\\/\\\/www.gaidaphotos.com\\\/blog\\\/2009\\\/04\\\/22\\\/twitter-gefah\\\/#respond\"]}]},{\"@type\":\"WebPage\",\"@id\":\"https:\\\/\\\/www.gaidaphotos.com\\\/blog\\\/2009\\\/04\\\/22\\\/twitter-gefah\\\/\",\"url\":\"https:\\\/\\\/www.gaidaphotos.com\\\/blog\\\/2009\\\/04\\\/22\\\/twitter-gefah\\\/\",\"name\":\"Wie gef\u00e4hrlich ist Twitter?\",\"isPartOf\":{\"@id\":\"https:\\\/\\\/www.gaidaphotos.com\\\/blog\\\/#website\"},\"primaryImageOfPage\":{\"@id\":\"https:\\\/\\\/www.gaidaphotos.com\\\/blog\\\/2009\\\/04\\\/22\\\/twitter-gefah\\\/#primaryimage\"},\"image\":{\"@id\":\"https:\\\/\\\/www.gaidaphotos.com\\\/blog\\\/2009\\\/04\\\/22\\\/twitter-gefah\\\/#primaryimage\"},\"thumbnailUrl\":\"https:\\\/\\\/www.gaidaphotos.com\\\/blog\\\/wp-content\\\/uploads\\\/2009\\\/04\\\/twitter.jpg\",\"datePublished\":\"2009-04-22T12:04:38+00:00\",\"dateModified\":\"2011-01-06T15:31:53+00:00\",\"description\":\"Auch wenn es so einfach und unklompiziert ist, bei Twitter lauern Gefahren. Die gr\u00f6\u00dften gefahren bei twitter jetzt lesen\",\"breadcrumb\":{\"@id\":\"https:\\\/\\\/www.gaidaphotos.com\\\/blog\\\/2009\\\/04\\\/22\\\/twitter-gefah\\\/#breadcrumb\"},\"inLanguage\":\"de\",\"potentialAction\":[{\"@type\":\"ReadAction\",\"target\":[\"https:\\\/\\\/www.gaidaphotos.com\\\/blog\\\/2009\\\/04\\\/22\\\/twitter-gefah\\\/\"]}]},{\"@type\":\"ImageObject\",\"inLanguage\":\"de\",\"@id\":\"https:\\\/\\\/www.gaidaphotos.com\\\/blog\\\/2009\\\/04\\\/22\\\/twitter-gefah\\\/#primaryimage\",\"url\":\"https:\\\/\\\/i0.wp.com\\\/www.gaidaphotos.com\\\/blog\\\/wp-content\\\/uploads\\\/2009\\\/04\\\/twitter.jpg?fit=240%2C360&ssl=1\",\"contentUrl\":\"https:\\\/\\\/i0.wp.com\\\/www.gaidaphotos.com\\\/blog\\\/wp-content\\\/uploads\\\/2009\\\/04\\\/twitter.jpg?fit=240%2C360&ssl=1\",\"width\":\"240\",\"height\":\"360\",\"caption\":\"Rheinufer K\u00f6ln Rodenkirchen\"},{\"@type\":\"BreadcrumbList\",\"@id\":\"https:\\\/\\\/www.gaidaphotos.com\\\/blog\\\/2009\\\/04\\\/22\\\/twitter-gefah\\\/#breadcrumb\",\"itemListElement\":[{\"@type\":\"ListItem\",\"position\":1,\"name\":\"Startseite\",\"item\":\"https:\\\/\\\/www.gaidaphotos.com\\\/blog\\\/\"},{\"@type\":\"ListItem\",\"position\":2,\"name\":\"Wie gef\u00e4hrlich ist Twitter?\"}]},{\"@type\":\"WebSite\",\"@id\":\"https:\\\/\\\/www.gaidaphotos.com\\\/blog\\\/#website\",\"url\":\"https:\\\/\\\/www.gaidaphotos.com\\\/blog\\\/\",\"name\":\"K\u00f6ln Rodenkirchen und die Welt\",\"description\":\"Einkaufen, Restaurants, Freizeit, Nachrichten und was uns sonst bewegt und begegnet\",\"publisher\":{\"@id\":\"https:\\\/\\\/www.gaidaphotos.com\\\/blog\\\/#organization\"},\"potentialAction\":[{\"@type\":\"SearchAction\",\"target\":{\"@type\":\"EntryPoint\",\"urlTemplate\":\"https:\\\/\\\/www.gaidaphotos.com\\\/blog\\\/?s={search_term_string}\"},\"query-input\":{\"@type\":\"PropertyValueSpecification\",\"valueRequired\":true,\"valueName\":\"search_term_string\"}}],\"inLanguage\":\"de\"},{\"@type\":\"Organization\",\"@id\":\"https:\\\/\\\/www.gaidaphotos.com\\\/blog\\\/#organization\",\"name\":\"gaidaphotos\",\"url\":\"https:\\\/\\\/www.gaidaphotos.com\\\/blog\\\/\",\"logo\":{\"@type\":\"ImageObject\",\"inLanguage\":\"de\",\"@id\":\"https:\\\/\\\/www.gaidaphotos.com\\\/blog\\\/#\\\/schema\\\/logo\\\/image\\\/\",\"url\":\"https:\\\/\\\/i0.wp.com\\\/www.gaidaphotos.com\\\/blog\\\/wp-content\\\/uploads\\\/2020\\\/07\\\/GAIDAPHOTOS-COM.jpg?fit=160%2C96&ssl=1\",\"contentUrl\":\"https:\\\/\\\/i0.wp.com\\\/www.gaidaphotos.com\\\/blog\\\/wp-content\\\/uploads\\\/2020\\\/07\\\/GAIDAPHOTOS-COM.jpg?fit=160%2C96&ssl=1\",\"width\":160,\"height\":96,\"caption\":\"gaidaphotos\"},\"image\":{\"@id\":\"https:\\\/\\\/www.gaidaphotos.com\\\/blog\\\/#\\\/schema\\\/logo\\\/image\\\/\"},\"sameAs\":[\"https:\\\/\\\/www.facebook.com\\\/Koeln.Rodenkirchen\",\"https:\\\/\\\/x.com\\\/gaidaphotos\",\"https:\\\/\\\/instagram.com\\\/gaidaphotos\\\/\",\"https:\\\/\\\/de.linkedin.com\\\/in\\\/gaidaphotos\",\"https:\\\/\\\/myspace.com\\\/gaidaphotos\",\"https:\\\/\\\/www.pinterest.com\\\/gaidaphotos\\\/\",\"https:\\\/\\\/www.youtube.com\\\/user\\\/gaidaphotos\"]},{\"@type\":\"Person\",\"@id\":\"https:\\\/\\\/www.gaidaphotos.com\\\/blog\\\/#\\\/schema\\\/person\\\/6c444a5b13ffc503c5c32f5a9ec68b21\",\"name\":\"Thomas\",\"sameAs\":[\"https:\\\/\\\/www.gaidaphotos.com\",\"https:\\\/\\\/www.facebook.com\\\/gaidaphotos\",\"https:\\\/\\\/instagram.com\\\/gaidaphotos\\\/\",\"https:\\\/\\\/www.linkedin.com\\\/in\\\/gaidaphotos\",\"http:\\\/\\\/www.pinterest.com\\\/gaidaphotos\\\/\",\"https:\\\/\\\/x.com\\\/gaidaphotos\",\"https:\\\/\\\/myspace.com\\\/gaidaphotos\",\"https:\\\/\\\/www.youtube.com\\\/user\\\/gaidaphotos\",\"https:\\\/\\\/gaidaphotos.tumblr.com\\\/\"]}]}<\/script>\n<!-- \/ Yoast SEO plugin. -->","yoast_head_json":{"title":"Wie gef\u00e4hrlich ist Twitter?","description":"Auch wenn es so einfach und unklompiziert ist, bei Twitter lauern Gefahren. Die gr\u00f6\u00dften gefahren bei twitter jetzt lesen","robots":{"index":"index","follow":"follow","max-snippet":"max-snippet:-1","max-image-preview":"max-image-preview:large","max-video-preview":"max-video-preview:-1"},"canonical":"https:\/\/www.gaidaphotos.com\/blog\/2009\/04\/22\/twitter-gefah\/","og_locale":"de_DE","og_type":"article","og_title":"Wie gef\u00e4hrlich ist Twitter?","og_description":"Auch wenn es so einfach und unklompiziert ist, bei Twitter lauern Gefahren. Die gr\u00f6\u00dften gefahren bei twitter jetzt lesen","og_url":"https:\/\/www.gaidaphotos.com\/blog\/2009\/04\/22\/twitter-gefah\/","og_site_name":"K\u00f6ln Rodenkirchen und die Welt","article_publisher":"https:\/\/www.facebook.com\/Koeln.Rodenkirchen","article_author":"https:\/\/www.facebook.com\/gaidaphotos","article_published_time":"2009-04-22T12:04:38+00:00","article_modified_time":"2011-01-06T15:31:53+00:00","og_image":[{"url":"https:\/\/www.gaidaphotos.com\/blog\/wp-content\/uploads\/2009\/04\/twitter.jpg","type":"","width":"","height":""}],"author":"Thomas","twitter_card":"summary_large_image","twitter_creator":"@gaidaphotos","twitter_site":"@gaidaphotos","twitter_misc":{"Verfasst von":"Thomas","Gesch\u00e4tzte Lesezeit":"2\u00a0Minuten"},"schema":{"@context":"https:\/\/schema.org","@graph":[{"@type":"Article","@id":"https:\/\/www.gaidaphotos.com\/blog\/2009\/04\/22\/twitter-gefah\/#article","isPartOf":{"@id":"https:\/\/www.gaidaphotos.com\/blog\/2009\/04\/22\/twitter-gefah\/"},"author":{"name":"Thomas","@id":"https:\/\/www.gaidaphotos.com\/blog\/#\/schema\/person\/6c444a5b13ffc503c5c32f5a9ec68b21"},"headline":"Wie gef\u00e4hrlich ist Twitter?","datePublished":"2009-04-22T12:04:38+00:00","dateModified":"2011-01-06T15:31:53+00:00","mainEntityOfPage":{"@id":"https:\/\/www.gaidaphotos.com\/blog\/2009\/04\/22\/twitter-gefah\/"},"wordCount":414,"commentCount":1,"publisher":{"@id":"https:\/\/www.gaidaphotos.com\/blog\/#organization"},"image":{"@id":"https:\/\/www.gaidaphotos.com\/blog\/2009\/04\/22\/twitter-gefah\/#primaryimage"},"thumbnailUrl":"https:\/\/www.gaidaphotos.com\/blog\/wp-content\/uploads\/2009\/04\/twitter.jpg","articleSection":["social networking"],"inLanguage":"de","potentialAction":[{"@type":"CommentAction","name":"Comment","target":["https:\/\/www.gaidaphotos.com\/blog\/2009\/04\/22\/twitter-gefah\/#respond"]}]},{"@type":"WebPage","@id":"https:\/\/www.gaidaphotos.com\/blog\/2009\/04\/22\/twitter-gefah\/","url":"https:\/\/www.gaidaphotos.com\/blog\/2009\/04\/22\/twitter-gefah\/","name":"Wie gef\u00e4hrlich ist Twitter?","isPartOf":{"@id":"https:\/\/www.gaidaphotos.com\/blog\/#website"},"primaryImageOfPage":{"@id":"https:\/\/www.gaidaphotos.com\/blog\/2009\/04\/22\/twitter-gefah\/#primaryimage"},"image":{"@id":"https:\/\/www.gaidaphotos.com\/blog\/2009\/04\/22\/twitter-gefah\/#primaryimage"},"thumbnailUrl":"https:\/\/www.gaidaphotos.com\/blog\/wp-content\/uploads\/2009\/04\/twitter.jpg","datePublished":"2009-04-22T12:04:38+00:00","dateModified":"2011-01-06T15:31:53+00:00","description":"Auch wenn es so einfach und unklompiziert ist, bei Twitter lauern Gefahren. Die gr\u00f6\u00dften gefahren bei twitter jetzt lesen","breadcrumb":{"@id":"https:\/\/www.gaidaphotos.com\/blog\/2009\/04\/22\/twitter-gefah\/#breadcrumb"},"inLanguage":"de","potentialAction":[{"@type":"ReadAction","target":["https:\/\/www.gaidaphotos.com\/blog\/2009\/04\/22\/twitter-gefah\/"]}]},{"@type":"ImageObject","inLanguage":"de","@id":"https:\/\/www.gaidaphotos.com\/blog\/2009\/04\/22\/twitter-gefah\/#primaryimage","url":"https:\/\/i0.wp.com\/www.gaidaphotos.com\/blog\/wp-content\/uploads\/2009\/04\/twitter.jpg?fit=240%2C360&ssl=1","contentUrl":"https:\/\/i0.wp.com\/www.gaidaphotos.com\/blog\/wp-content\/uploads\/2009\/04\/twitter.jpg?fit=240%2C360&ssl=1","width":"240","height":"360","caption":"Rheinufer K\u00f6ln Rodenkirchen"},{"@type":"BreadcrumbList","@id":"https:\/\/www.gaidaphotos.com\/blog\/2009\/04\/22\/twitter-gefah\/#breadcrumb","itemListElement":[{"@type":"ListItem","position":1,"name":"Startseite","item":"https:\/\/www.gaidaphotos.com\/blog\/"},{"@type":"ListItem","position":2,"name":"Wie gef\u00e4hrlich ist Twitter?"}]},{"@type":"WebSite","@id":"https:\/\/www.gaidaphotos.com\/blog\/#website","url":"https:\/\/www.gaidaphotos.com\/blog\/","name":"K\u00f6ln Rodenkirchen und die Welt","description":"Einkaufen, Restaurants, Freizeit, Nachrichten und was uns sonst bewegt und begegnet","publisher":{"@id":"https:\/\/www.gaidaphotos.com\/blog\/#organization"},"potentialAction":[{"@type":"SearchAction","target":{"@type":"EntryPoint","urlTemplate":"https:\/\/www.gaidaphotos.com\/blog\/?s={search_term_string}"},"query-input":{"@type":"PropertyValueSpecification","valueRequired":true,"valueName":"search_term_string"}}],"inLanguage":"de"},{"@type":"Organization","@id":"https:\/\/www.gaidaphotos.com\/blog\/#organization","name":"gaidaphotos","url":"https:\/\/www.gaidaphotos.com\/blog\/","logo":{"@type":"ImageObject","inLanguage":"de","@id":"https:\/\/www.gaidaphotos.com\/blog\/#\/schema\/logo\/image\/","url":"https:\/\/i0.wp.com\/www.gaidaphotos.com\/blog\/wp-content\/uploads\/2020\/07\/GAIDAPHOTOS-COM.jpg?fit=160%2C96&ssl=1","contentUrl":"https:\/\/i0.wp.com\/www.gaidaphotos.com\/blog\/wp-content\/uploads\/2020\/07\/GAIDAPHOTOS-COM.jpg?fit=160%2C96&ssl=1","width":160,"height":96,"caption":"gaidaphotos"},"image":{"@id":"https:\/\/www.gaidaphotos.com\/blog\/#\/schema\/logo\/image\/"},"sameAs":["https:\/\/www.facebook.com\/Koeln.Rodenkirchen","https:\/\/x.com\/gaidaphotos","https:\/\/instagram.com\/gaidaphotos\/","https:\/\/de.linkedin.com\/in\/gaidaphotos","https:\/\/myspace.com\/gaidaphotos","https:\/\/www.pinterest.com\/gaidaphotos\/","https:\/\/www.youtube.com\/user\/gaidaphotos"]},{"@type":"Person","@id":"https:\/\/www.gaidaphotos.com\/blog\/#\/schema\/person\/6c444a5b13ffc503c5c32f5a9ec68b21","name":"Thomas","sameAs":["https:\/\/www.gaidaphotos.com","https:\/\/www.facebook.com\/gaidaphotos","https:\/\/instagram.com\/gaidaphotos\/","https:\/\/www.linkedin.com\/in\/gaidaphotos","http:\/\/www.pinterest.com\/gaidaphotos\/","https:\/\/x.com\/gaidaphotos","https:\/\/myspace.com\/gaidaphotos","https:\/\/www.youtube.com\/user\/gaidaphotos","https:\/\/gaidaphotos.tumblr.com\/"]}]}},"jetpack_publicize_connections":[],"jetpack_featured_media_url":"","jetpack_sharing_enabled":true,"jetpack_likes_enabled":true,"jetpack-related-posts":[{"id":3049,"url":"https:\/\/www.gaidaphotos.com\/blog\/2010\/06\/23\/verkaufsoffener-sonntag-27-06-2010-koeln\/","url_meta":{"origin":505,"position":0},"title":"verkaufsoffener Sonntag 27.06.2010 in K\u00f6ln Neu-Ehrenfeld und K\u00f6ln H\u00f6henhaus","author":"Thomas","date":"23. Juni 2010","format":false,"excerpt":"Verkaufsoffener Sonntag 27.06.2010 in K\u00f6ln Gro\u00dfes Stra\u00dfenfest und verkaufsoffener Sonntag auf der Landmannstra\u00dfe in K\u00f6ln Neu-Ehrenfeld Fast alle H\u00e4ndler und Gewerbetreibenden sind auch in diesem Jahr wieder (zum 6. Mal seit 2004) mit St\u00e4nden und Aktionen zum verkaufsoffenen Sonntag vertreten. Hier findet sich das gesamte Spektrum des Einzelhandels und der\u2026","rel":"","context":"In &quot;K\u00f6ln&quot;","block_context":{"text":"K\u00f6ln","link":"https:\/\/www.gaidaphotos.com\/blog\/category\/koeln\/"},"img":{"alt_text":"","src":"","width":0,"height":0},"classes":[]},{"id":7306,"url":"https:\/\/www.gaidaphotos.com\/blog\/2014\/09\/05\/kalender-rodenkirchen\/","url_meta":{"origin":505,"position":1},"title":"Gru\u00df aus Rodenkirchen Kalender 2015","author":"Thomas","date":"5. September 2014","format":false,"excerpt":"Gru\u00df aus Rodenkirchen Kalender 2015 mit historischen Postkarten Ansichtskarten von Rodenkirchen vor mehr als 100 Jahren als Wandkalender f\u00fcr 2015. Unser sch\u00f6nes Rodenkirchen war nicht immer so ein pulsierendes k\u00f6lsches Veedel. Vor 100 Jahren war Rodenkirchen eher ein verschlafenes Dorf im K\u00f6lner S\u00fcden. Ein \"verschlafenes Dorf\"? Mit ein paar gro\u00dfen\u2026","rel":"","context":"In &quot;Alte Bilder aus K\u00f6ln Rodenkirchen&quot;","block_context":{"text":"Alte Bilder aus K\u00f6ln Rodenkirchen","link":"https:\/\/www.gaidaphotos.com\/blog\/category\/foto\/alte-bilder-aus-koln-rodenkirchen\/"},"img":{"alt_text":"","src":"https:\/\/i0.wp.com\/www.gaidaphotos.com\/blog\/wp-content\/uploads\/ngg_featured\/rodenkirchen-kalender-2014-03.jpg?fit=724%2C1024&ssl=1&resize=350%2C200","width":350,"height":200,"srcset":"https:\/\/i0.wp.com\/www.gaidaphotos.com\/blog\/wp-content\/uploads\/ngg_featured\/rodenkirchen-kalender-2014-03.jpg?fit=724%2C1024&ssl=1&resize=350%2C200 1x, https:\/\/i0.wp.com\/www.gaidaphotos.com\/blog\/wp-content\/uploads\/ngg_featured\/rodenkirchen-kalender-2014-03.jpg?fit=724%2C1024&ssl=1&resize=525%2C300 1.5x, https:\/\/i0.wp.com\/www.gaidaphotos.com\/blog\/wp-content\/uploads\/ngg_featured\/rodenkirchen-kalender-2014-03.jpg?fit=724%2C1024&ssl=1&resize=700%2C400 2x"},"classes":[]},{"id":1907,"url":"https:\/\/www.gaidaphotos.com\/blog\/2009\/07\/07\/koeln-rodenkirchen-domain\/","url_meta":{"origin":505,"position":2},"title":"Nachrichten aus K\u00f6ln Rodenkirchen jetzt mit eigener Domain","author":"Thomas","date":"7. Juli 2009","format":false,"excerpt":"Jetzt sind wir noch viel leichter und schneller im Internet zu finden: Unter diesen neuen Domain Namen koeln-rodenkirchen.org koeln-rodenkirchen.eu sind wir ab jetzt schnell und einfach im Internet zu finden. Davon unabh\u00e4ngig k\u00f6nnt Ihr unsere Eintr\u00e4ge automatisch in einem Newsreader oder als Email empfangen. Hier klicken um \"Nachrichten aus K\u00f6ln\u2026","rel":"","context":"In &quot;Neuigkeiten&quot;","block_context":{"text":"Neuigkeiten","link":"https:\/\/www.gaidaphotos.com\/blog\/category\/neuigkeiten\/"},"img":{"alt_text":"","src":"","width":0,"height":0},"classes":[]},{"id":1802,"url":"https:\/\/www.gaidaphotos.com\/blog\/2009\/06\/24\/blogging-mit-nokia-n95-bluetooth-tastatur-nokia-su-8w\/","url_meta":{"origin":505,"position":3},"title":"Blogging mit Nokia N95 &#038; Bluetooth Tastatur Nokia SU-8W","author":"Thomas","date":"24. Juni 2009","format":false,"excerpt":"Seid kurzem bin ich gl\u00fccklicher Besitzer der Nokia Bluetooth Tastatur SU-8W. Zusammen mit dem Nokia N95 habe ich einen Micro-PC, mit dem sich ausgezeichnet von unterwegs (wie jetzt) bloggen l\u00e4\u00dft. Leider ist die erste Verbindung zwischen Blogging Nokia N95 und Bluetooth Tastatur Nokia SU-8W etwas umst\u00e4ndlich. So wird`s gemacht :\u2026","rel":"","context":"In &quot;17&quot;","block_context":{"text":"17","link":"https:\/\/www.gaidaphotos.com\/blog\/category\/mobile_news_von_unterwegs\/mobile_news_von_unterwegs-n95\/"},"img":{"alt_text":"","src":"","width":0,"height":0},"classes":[]},{"id":12049,"url":"https:\/\/www.gaidaphotos.com\/blog\/2020\/03\/21\/corona-information-und-hilfe-fuer-rodenkirchen\/","url_meta":{"origin":505,"position":4},"title":"Corona Information und Hilfe f\u00fcr Rodenkirchen","author":"Thomas","date":"21. M\u00e4rz 2020","format":false,"excerpt":"Information und Hilfe w\u00e4hrend der Corona-Krise in K\u00f6ln-Rodenkirchen Die Einschr\u00e4nkungen infolge von Corona oder Covid19 halten uns fest im Griff. Und dabei stehen wir erst am Anfang. In den n\u00e4chsten Wochen werden wir von Tag zu Tag die Folgen st\u00e4rker sp\u00fcren. Es wird mehr Infizierte in h\u00e4uslicher Quarant\u00e4ne geben die\u2026","rel":"","context":"In &quot;K\u00f6ln Rodenkirchen&quot;","block_context":{"text":"K\u00f6ln Rodenkirchen","link":"https:\/\/www.gaidaphotos.com\/blog\/category\/koeln-rodenkirchen\/"},"img":{"alt_text":"","src":"https:\/\/i0.wp.com\/www.gaidaphotos.com\/blog\/wp-content\/uploads\/2020\/03\/rodenkirchen-corona2.jpg?fit=1200%2C800&ssl=1&resize=350%2C200","width":350,"height":200,"srcset":"https:\/\/i0.wp.com\/www.gaidaphotos.com\/blog\/wp-content\/uploads\/2020\/03\/rodenkirchen-corona2.jpg?fit=1200%2C800&ssl=1&resize=350%2C200 1x, https:\/\/i0.wp.com\/www.gaidaphotos.com\/blog\/wp-content\/uploads\/2020\/03\/rodenkirchen-corona2.jpg?fit=1200%2C800&ssl=1&resize=525%2C300 1.5x, https:\/\/i0.wp.com\/www.gaidaphotos.com\/blog\/wp-content\/uploads\/2020\/03\/rodenkirchen-corona2.jpg?fit=1200%2C800&ssl=1&resize=700%2C400 2x, https:\/\/i0.wp.com\/www.gaidaphotos.com\/blog\/wp-content\/uploads\/2020\/03\/rodenkirchen-corona2.jpg?fit=1200%2C800&ssl=1&resize=1050%2C600 3x"},"classes":[]},{"id":9015,"url":"https:\/\/www.gaidaphotos.com\/blog\/2015\/09\/13\/verkaufsoffener-sonntag-27-september-2015\/","url_meta":{"origin":505,"position":5},"title":"Verkaufsoffener Sonntag 27. September 2015","author":"Thomas","date":"13. September 2015","format":false,"excerpt":"Verkaufsoffener Sonntag in 5 K\u00f6lschen Veedeln 27. September 2015 Hilfe die Landesregierung hat die verkaufsoffenen Sonntage geschrumpft. Jetzt sind es nur noch 11 Sonntage im Jahr an denen in K\u00f6ln die Gesch\u00e4fte ge\u00f6ffnet sein d\u00fcrfen. Und jedes Veedel darf an drei Terminen teilnehmen. Kein Wunder, wenn es sich knubbelt und\u2026","rel":"","context":"In &quot;K\u00f6ln Rodenkirchen Einkaufen&quot;","block_context":{"text":"K\u00f6ln Rodenkirchen Einkaufen","link":"https:\/\/www.gaidaphotos.com\/blog\/category\/koeln-rodenkirchen\/koeln-rodenkirchen-einkaufen\/"},"img":{"alt_text":"K\u00f6ln verkaufsoffener Sonntag- 7.09.2015","src":"https:\/\/i0.wp.com\/www.gaidaphotos.com\/blog\/wp-content\/uploads\/2015\/09\/verkaufsoffener-sonntag-27-09-2015-koeln.png?fit=730%2C739&ssl=1&resize=350%2C200","width":350,"height":200,"srcset":"https:\/\/i0.wp.com\/www.gaidaphotos.com\/blog\/wp-content\/uploads\/2015\/09\/verkaufsoffener-sonntag-27-09-2015-koeln.png?fit=730%2C739&ssl=1&resize=350%2C200 1x, https:\/\/i0.wp.com\/www.gaidaphotos.com\/blog\/wp-content\/uploads\/2015\/09\/verkaufsoffener-sonntag-27-09-2015-koeln.png?fit=730%2C739&ssl=1&resize=525%2C300 1.5x, https:\/\/i0.wp.com\/www.gaidaphotos.com\/blog\/wp-content\/uploads\/2015\/09\/verkaufsoffener-sonntag-27-09-2015-koeln.png?fit=730%2C739&ssl=1&resize=700%2C400 2x"},"classes":[]}],"_links":{"self":[{"href":"https:\/\/www.gaidaphotos.com\/blog\/wp-json\/wp\/v2\/posts\/505","targetHints":{"allow":["GET"]}}],"collection":[{"href":"https:\/\/www.gaidaphotos.com\/blog\/wp-json\/wp\/v2\/posts"}],"about":[{"href":"https:\/\/www.gaidaphotos.com\/blog\/wp-json\/wp\/v2\/types\/post"}],"author":[{"embeddable":true,"href":"https:\/\/www.gaidaphotos.com\/blog\/wp-json\/wp\/v2\/users\/6"}],"replies":[{"embeddable":true,"href":"https:\/\/www.gaidaphotos.com\/blog\/wp-json\/wp\/v2\/comments?post=505"}],"version-history":[{"count":0,"href":"https:\/\/www.gaidaphotos.com\/blog\/wp-json\/wp\/v2\/posts\/505\/revisions"}],"wp:attachment":[{"href":"https:\/\/www.gaidaphotos.com\/blog\/wp-json\/wp\/v2\/media?parent=505"}],"wp:term":[{"taxonomy":"category","embeddable":true,"href":"https:\/\/www.gaidaphotos.com\/blog\/wp-json\/wp\/v2\/categories?post=505"},{"taxonomy":"post_tag","embeddable":true,"href":"https:\/\/www.gaidaphotos.com\/blog\/wp-json\/wp\/v2\/tags?post=505"}],"curies":[{"name":"wp","href":"https:\/\/api.w.org\/{rel}","templated":true}]}}