{"id":526,"date":"2009-04-22T15:35:27","date_gmt":"2009-04-22T14:35:27","guid":{"rendered":""},"modified":"2009-06-23T16:09:09","modified_gmt":"2009-06-23T15:09:09","slug":"feuerwehreinsatz-koln-rodenkirchen-maternusplatz-foto","status":"publish","type":"post","link":"https:\/\/www.gaidaphotos.com\/blog\/2009\/04\/22\/feuerwehreinsatz-koln-rodenkirchen-maternusplatz-foto\/","title":{"rendered":"Feuerwehreinsatz K\u00f6ln Rodenkirchen Maternusplatz (Foto)"},"content":{"rendered":"<div class=\"Lifeblog_Posting\">\n<div class=\"Lifeblog_Resource\">\n<img data-recalc-dims=\"1\" decoding=\"async\" src=\"https:\/\/i0.wp.com\/www.gaidaphotos.com\/blog\/wp-content\/uploads\/lifeblog-22042009025.jpg?w=910&#038;ssl=1\" alt=\"Mi 22.04.2009 16:30 K&Atilde;&para;ln Rodenkirchen Maternusplatz\" \/><\/div>\n<p>Warum steht die Feuerwehr in K\u00f6ln Rodenkirchen auf dem Maternusplatz? es ist kein Feuer zu seien und ich grille auch nicht. \ud83d\ude42\n<\/p><\/div>\n","protected":false},"excerpt":{"rendered":"<p>Warum steht die Feuerwehr in K\u00f6ln Rodenkirchen auf dem Maternusplatz? es ist kein Feuer zu seien und ich grille auch<\/p>\n","protected":false},"author":6,"featured_media":0,"comment_status":"open","ping_status":"open","sticky":false,"template":"","format":"standard","meta":{"_crdt_document":"","ngg_post_thumbnail":0,"jetpack_post_was_ever_published":false,"_jetpack_newsletter_access":"","_jetpack_dont_email_post_to_subs":false,"_jetpack_newsletter_tier_id":0,"_jetpack_memberships_contains_paywalled_content":false,"_jetpack_memberships_contains_paid_content":false,"footnotes":"","jetpack_publicize_message":"","jetpack_publicize_feature_enabled":true,"jetpack_social_post_already_shared":false,"jetpack_social_options":{"image_generator_settings":{"template":"highway","default_image_id":0,"font":"","enabled":false},"version":2}},"categories":[20,52,39],"tags":[538],"class_list":["post-526","post","type-post","status-publish","format-standard","hentry","category-mobile_news_von_unterwegs-n95","category-koeln-rodenkirchen","category-neuigkeiten","tag-koeln-rodenkirchen"],"yoast_head":"<!-- This site is optimized with the Yoast SEO plugin v27.5 - https:\/\/yoast.com\/product\/yoast-seo-wordpress\/ -->\n<title>Feuerwehreinsatz K\u00f6ln Rodenkirchen Maternusplatz (Foto) - K\u00f6ln Rodenkirchen und die Welt<\/title>\n<meta name=\"robots\" content=\"index, follow, max-snippet:-1, max-image-preview:large, max-video-preview:-1\" \/>\n<link rel=\"canonical\" href=\"https:\/\/www.gaidaphotos.com\/blog\/2009\/04\/22\/feuerwehreinsatz-koln-rodenkirchen-maternusplatz-foto\/\" \/>\n<meta property=\"og:locale\" content=\"de_DE\" \/>\n<meta property=\"og:type\" content=\"article\" \/>\n<meta property=\"og:title\" content=\"Feuerwehreinsatz K\u00f6ln Rodenkirchen Maternusplatz (Foto) - K\u00f6ln Rodenkirchen und die Welt\" \/>\n<meta property=\"og:description\" content=\"Warum steht die Feuerwehr in K\u00f6ln Rodenkirchen auf dem Maternusplatz? es ist kein Feuer zu seien und ich grille auch\" \/>\n<meta property=\"og:url\" content=\"https:\/\/www.gaidaphotos.com\/blog\/2009\/04\/22\/feuerwehreinsatz-koln-rodenkirchen-maternusplatz-foto\/\" \/>\n<meta property=\"og:site_name\" content=\"K\u00f6ln Rodenkirchen und die Welt\" \/>\n<meta property=\"article:publisher\" content=\"https:\/\/www.facebook.com\/Koeln.Rodenkirchen\" \/>\n<meta property=\"article:author\" content=\"https:\/\/www.facebook.com\/gaidaphotos\" \/>\n<meta property=\"article:published_time\" content=\"2009-04-22T14:35:27+00:00\" \/>\n<meta property=\"article:modified_time\" content=\"2009-06-23T15:09:09+00:00\" \/>\n<meta property=\"og:image\" content=\"https:\/\/www.gaidaphotos.com\/blog\/wp-content\/uploads\/lifeblog-22042009025.jpg\" \/>\n<meta name=\"author\" content=\"Thomas\" \/>\n<meta name=\"twitter:card\" content=\"summary_large_image\" \/>\n<meta name=\"twitter:creator\" content=\"@gaidaphotos\" \/>\n<meta name=\"twitter:site\" content=\"@gaidaphotos\" \/>\n<meta name=\"twitter:label1\" content=\"Verfasst von\" \/>\n\t<meta name=\"twitter:data1\" content=\"Thomas\" \/>\n<script type=\"application\/ld+json\" class=\"yoast-schema-graph\">{\"@context\":\"https:\\\/\\\/schema.org\",\"@graph\":[{\"@type\":\"Article\",\"@id\":\"https:\\\/\\\/www.gaidaphotos.com\\\/blog\\\/2009\\\/04\\\/22\\\/feuerwehreinsatz-koln-rodenkirchen-maternusplatz-foto\\\/#article\",\"isPartOf\":{\"@id\":\"https:\\\/\\\/www.gaidaphotos.com\\\/blog\\\/2009\\\/04\\\/22\\\/feuerwehreinsatz-koln-rodenkirchen-maternusplatz-foto\\\/\"},\"author\":{\"name\":\"Thomas\",\"@id\":\"https:\\\/\\\/www.gaidaphotos.com\\\/blog\\\/#\\\/schema\\\/person\\\/6c444a5b13ffc503c5c32f5a9ec68b21\"},\"headline\":\"Feuerwehreinsatz K\u00f6ln Rodenkirchen Maternusplatz (Foto)\",\"datePublished\":\"2009-04-22T14:35:27+00:00\",\"dateModified\":\"2009-06-23T15:09:09+00:00\",\"mainEntityOfPage\":{\"@id\":\"https:\\\/\\\/www.gaidaphotos.com\\\/blog\\\/2009\\\/04\\\/22\\\/feuerwehreinsatz-koln-rodenkirchen-maternusplatz-foto\\\/\"},\"wordCount\":28,\"commentCount\":0,\"publisher\":{\"@id\":\"https:\\\/\\\/www.gaidaphotos.com\\\/blog\\\/#organization\"},\"image\":{\"@id\":\"https:\\\/\\\/www.gaidaphotos.com\\\/blog\\\/2009\\\/04\\\/22\\\/feuerwehreinsatz-koln-rodenkirchen-maternusplatz-foto\\\/#primaryimage\"},\"thumbnailUrl\":\"https:\\\/\\\/www.gaidaphotos.com\\\/blog\\\/wp-content\\\/uploads\\\/lifeblog-22042009025.jpg\",\"keywords\":[\"K\u00f6ln Rodenkirchen\"],\"articleSection\":[\"17\",\"K\u00f6ln Rodenkirchen\",\"Neuigkeiten\"],\"inLanguage\":\"de\",\"potentialAction\":[{\"@type\":\"CommentAction\",\"name\":\"Comment\",\"target\":[\"https:\\\/\\\/www.gaidaphotos.com\\\/blog\\\/2009\\\/04\\\/22\\\/feuerwehreinsatz-koln-rodenkirchen-maternusplatz-foto\\\/#respond\"]}]},{\"@type\":\"WebPage\",\"@id\":\"https:\\\/\\\/www.gaidaphotos.com\\\/blog\\\/2009\\\/04\\\/22\\\/feuerwehreinsatz-koln-rodenkirchen-maternusplatz-foto\\\/\",\"url\":\"https:\\\/\\\/www.gaidaphotos.com\\\/blog\\\/2009\\\/04\\\/22\\\/feuerwehreinsatz-koln-rodenkirchen-maternusplatz-foto\\\/\",\"name\":\"Feuerwehreinsatz K\u00f6ln Rodenkirchen Maternusplatz (Foto) - K\u00f6ln Rodenkirchen und die Welt\",\"isPartOf\":{\"@id\":\"https:\\\/\\\/www.gaidaphotos.com\\\/blog\\\/#website\"},\"primaryImageOfPage\":{\"@id\":\"https:\\\/\\\/www.gaidaphotos.com\\\/blog\\\/2009\\\/04\\\/22\\\/feuerwehreinsatz-koln-rodenkirchen-maternusplatz-foto\\\/#primaryimage\"},\"image\":{\"@id\":\"https:\\\/\\\/www.gaidaphotos.com\\\/blog\\\/2009\\\/04\\\/22\\\/feuerwehreinsatz-koln-rodenkirchen-maternusplatz-foto\\\/#primaryimage\"},\"thumbnailUrl\":\"https:\\\/\\\/www.gaidaphotos.com\\\/blog\\\/wp-content\\\/uploads\\\/lifeblog-22042009025.jpg\",\"datePublished\":\"2009-04-22T14:35:27+00:00\",\"dateModified\":\"2009-06-23T15:09:09+00:00\",\"breadcrumb\":{\"@id\":\"https:\\\/\\\/www.gaidaphotos.com\\\/blog\\\/2009\\\/04\\\/22\\\/feuerwehreinsatz-koln-rodenkirchen-maternusplatz-foto\\\/#breadcrumb\"},\"inLanguage\":\"de\",\"potentialAction\":[{\"@type\":\"ReadAction\",\"target\":[\"https:\\\/\\\/www.gaidaphotos.com\\\/blog\\\/2009\\\/04\\\/22\\\/feuerwehreinsatz-koln-rodenkirchen-maternusplatz-foto\\\/\"]}]},{\"@type\":\"ImageObject\",\"inLanguage\":\"de\",\"@id\":\"https:\\\/\\\/www.gaidaphotos.com\\\/blog\\\/2009\\\/04\\\/22\\\/feuerwehreinsatz-koln-rodenkirchen-maternusplatz-foto\\\/#primaryimage\",\"url\":\"https:\\\/\\\/www.gaidaphotos.com\\\/blog\\\/wp-content\\\/uploads\\\/lifeblog-22042009025.jpg\",\"contentUrl\":\"https:\\\/\\\/www.gaidaphotos.com\\\/blog\\\/wp-content\\\/uploads\\\/lifeblog-22042009025.jpg\"},{\"@type\":\"BreadcrumbList\",\"@id\":\"https:\\\/\\\/www.gaidaphotos.com\\\/blog\\\/2009\\\/04\\\/22\\\/feuerwehreinsatz-koln-rodenkirchen-maternusplatz-foto\\\/#breadcrumb\",\"itemListElement\":[{\"@type\":\"ListItem\",\"position\":1,\"name\":\"Startseite\",\"item\":\"https:\\\/\\\/www.gaidaphotos.com\\\/blog\\\/\"},{\"@type\":\"ListItem\",\"position\":2,\"name\":\"Feuerwehreinsatz K\u00f6ln Rodenkirchen Maternusplatz (Foto)\"}]},{\"@type\":\"WebSite\",\"@id\":\"https:\\\/\\\/www.gaidaphotos.com\\\/blog\\\/#website\",\"url\":\"https:\\\/\\\/www.gaidaphotos.com\\\/blog\\\/\",\"name\":\"K\u00f6ln Rodenkirchen und die Welt\",\"description\":\"Einkaufen, Restaurants, Freizeit, Nachrichten und was uns sonst bewegt und begegnet\",\"publisher\":{\"@id\":\"https:\\\/\\\/www.gaidaphotos.com\\\/blog\\\/#organization\"},\"potentialAction\":[{\"@type\":\"SearchAction\",\"target\":{\"@type\":\"EntryPoint\",\"urlTemplate\":\"https:\\\/\\\/www.gaidaphotos.com\\\/blog\\\/?s={search_term_string}\"},\"query-input\":{\"@type\":\"PropertyValueSpecification\",\"valueRequired\":true,\"valueName\":\"search_term_string\"}}],\"inLanguage\":\"de\"},{\"@type\":\"Organization\",\"@id\":\"https:\\\/\\\/www.gaidaphotos.com\\\/blog\\\/#organization\",\"name\":\"gaidaphotos\",\"url\":\"https:\\\/\\\/www.gaidaphotos.com\\\/blog\\\/\",\"logo\":{\"@type\":\"ImageObject\",\"inLanguage\":\"de\",\"@id\":\"https:\\\/\\\/www.gaidaphotos.com\\\/blog\\\/#\\\/schema\\\/logo\\\/image\\\/\",\"url\":\"https:\\\/\\\/i0.wp.com\\\/www.gaidaphotos.com\\\/blog\\\/wp-content\\\/uploads\\\/2020\\\/07\\\/GAIDAPHOTOS-COM.jpg?fit=160%2C96&ssl=1\",\"contentUrl\":\"https:\\\/\\\/i0.wp.com\\\/www.gaidaphotos.com\\\/blog\\\/wp-content\\\/uploads\\\/2020\\\/07\\\/GAIDAPHOTOS-COM.jpg?fit=160%2C96&ssl=1\",\"width\":160,\"height\":96,\"caption\":\"gaidaphotos\"},\"image\":{\"@id\":\"https:\\\/\\\/www.gaidaphotos.com\\\/blog\\\/#\\\/schema\\\/logo\\\/image\\\/\"},\"sameAs\":[\"https:\\\/\\\/www.facebook.com\\\/Koeln.Rodenkirchen\",\"https:\\\/\\\/x.com\\\/gaidaphotos\",\"https:\\\/\\\/instagram.com\\\/gaidaphotos\\\/\",\"https:\\\/\\\/de.linkedin.com\\\/in\\\/gaidaphotos\",\"https:\\\/\\\/myspace.com\\\/gaidaphotos\",\"https:\\\/\\\/www.pinterest.com\\\/gaidaphotos\\\/\",\"https:\\\/\\\/www.youtube.com\\\/user\\\/gaidaphotos\"]},{\"@type\":\"Person\",\"@id\":\"https:\\\/\\\/www.gaidaphotos.com\\\/blog\\\/#\\\/schema\\\/person\\\/6c444a5b13ffc503c5c32f5a9ec68b21\",\"name\":\"Thomas\",\"sameAs\":[\"https:\\\/\\\/www.gaidaphotos.com\",\"https:\\\/\\\/www.facebook.com\\\/gaidaphotos\",\"https:\\\/\\\/instagram.com\\\/gaidaphotos\\\/\",\"https:\\\/\\\/www.linkedin.com\\\/in\\\/gaidaphotos\",\"http:\\\/\\\/www.pinterest.com\\\/gaidaphotos\\\/\",\"https:\\\/\\\/x.com\\\/gaidaphotos\",\"https:\\\/\\\/myspace.com\\\/gaidaphotos\",\"https:\\\/\\\/www.youtube.com\\\/user\\\/gaidaphotos\",\"https:\\\/\\\/gaidaphotos.tumblr.com\\\/\"]}]}<\/script>\n<!-- \/ Yoast SEO plugin. -->","yoast_head_json":{"title":"Feuerwehreinsatz K\u00f6ln Rodenkirchen Maternusplatz (Foto) - K\u00f6ln Rodenkirchen und die Welt","robots":{"index":"index","follow":"follow","max-snippet":"max-snippet:-1","max-image-preview":"max-image-preview:large","max-video-preview":"max-video-preview:-1"},"canonical":"https:\/\/www.gaidaphotos.com\/blog\/2009\/04\/22\/feuerwehreinsatz-koln-rodenkirchen-maternusplatz-foto\/","og_locale":"de_DE","og_type":"article","og_title":"Feuerwehreinsatz K\u00f6ln Rodenkirchen Maternusplatz (Foto) - K\u00f6ln Rodenkirchen und die Welt","og_description":"Warum steht die Feuerwehr in K\u00f6ln Rodenkirchen auf dem Maternusplatz? es ist kein Feuer zu seien und ich grille auch","og_url":"https:\/\/www.gaidaphotos.com\/blog\/2009\/04\/22\/feuerwehreinsatz-koln-rodenkirchen-maternusplatz-foto\/","og_site_name":"K\u00f6ln Rodenkirchen und die Welt","article_publisher":"https:\/\/www.facebook.com\/Koeln.Rodenkirchen","article_author":"https:\/\/www.facebook.com\/gaidaphotos","article_published_time":"2009-04-22T14:35:27+00:00","article_modified_time":"2009-06-23T15:09:09+00:00","og_image":[{"url":"https:\/\/www.gaidaphotos.com\/blog\/wp-content\/uploads\/lifeblog-22042009025.jpg","type":"","width":"","height":""}],"author":"Thomas","twitter_card":"summary_large_image","twitter_creator":"@gaidaphotos","twitter_site":"@gaidaphotos","twitter_misc":{"Verfasst von":"Thomas"},"schema":{"@context":"https:\/\/schema.org","@graph":[{"@type":"Article","@id":"https:\/\/www.gaidaphotos.com\/blog\/2009\/04\/22\/feuerwehreinsatz-koln-rodenkirchen-maternusplatz-foto\/#article","isPartOf":{"@id":"https:\/\/www.gaidaphotos.com\/blog\/2009\/04\/22\/feuerwehreinsatz-koln-rodenkirchen-maternusplatz-foto\/"},"author":{"name":"Thomas","@id":"https:\/\/www.gaidaphotos.com\/blog\/#\/schema\/person\/6c444a5b13ffc503c5c32f5a9ec68b21"},"headline":"Feuerwehreinsatz K\u00f6ln Rodenkirchen Maternusplatz (Foto)","datePublished":"2009-04-22T14:35:27+00:00","dateModified":"2009-06-23T15:09:09+00:00","mainEntityOfPage":{"@id":"https:\/\/www.gaidaphotos.com\/blog\/2009\/04\/22\/feuerwehreinsatz-koln-rodenkirchen-maternusplatz-foto\/"},"wordCount":28,"commentCount":0,"publisher":{"@id":"https:\/\/www.gaidaphotos.com\/blog\/#organization"},"image":{"@id":"https:\/\/www.gaidaphotos.com\/blog\/2009\/04\/22\/feuerwehreinsatz-koln-rodenkirchen-maternusplatz-foto\/#primaryimage"},"thumbnailUrl":"https:\/\/www.gaidaphotos.com\/blog\/wp-content\/uploads\/lifeblog-22042009025.jpg","keywords":["K\u00f6ln Rodenkirchen"],"articleSection":["17","K\u00f6ln Rodenkirchen","Neuigkeiten"],"inLanguage":"de","potentialAction":[{"@type":"CommentAction","name":"Comment","target":["https:\/\/www.gaidaphotos.com\/blog\/2009\/04\/22\/feuerwehreinsatz-koln-rodenkirchen-maternusplatz-foto\/#respond"]}]},{"@type":"WebPage","@id":"https:\/\/www.gaidaphotos.com\/blog\/2009\/04\/22\/feuerwehreinsatz-koln-rodenkirchen-maternusplatz-foto\/","url":"https:\/\/www.gaidaphotos.com\/blog\/2009\/04\/22\/feuerwehreinsatz-koln-rodenkirchen-maternusplatz-foto\/","name":"Feuerwehreinsatz K\u00f6ln Rodenkirchen Maternusplatz (Foto) - K\u00f6ln Rodenkirchen und die Welt","isPartOf":{"@id":"https:\/\/www.gaidaphotos.com\/blog\/#website"},"primaryImageOfPage":{"@id":"https:\/\/www.gaidaphotos.com\/blog\/2009\/04\/22\/feuerwehreinsatz-koln-rodenkirchen-maternusplatz-foto\/#primaryimage"},"image":{"@id":"https:\/\/www.gaidaphotos.com\/blog\/2009\/04\/22\/feuerwehreinsatz-koln-rodenkirchen-maternusplatz-foto\/#primaryimage"},"thumbnailUrl":"https:\/\/www.gaidaphotos.com\/blog\/wp-content\/uploads\/lifeblog-22042009025.jpg","datePublished":"2009-04-22T14:35:27+00:00","dateModified":"2009-06-23T15:09:09+00:00","breadcrumb":{"@id":"https:\/\/www.gaidaphotos.com\/blog\/2009\/04\/22\/feuerwehreinsatz-koln-rodenkirchen-maternusplatz-foto\/#breadcrumb"},"inLanguage":"de","potentialAction":[{"@type":"ReadAction","target":["https:\/\/www.gaidaphotos.com\/blog\/2009\/04\/22\/feuerwehreinsatz-koln-rodenkirchen-maternusplatz-foto\/"]}]},{"@type":"ImageObject","inLanguage":"de","@id":"https:\/\/www.gaidaphotos.com\/blog\/2009\/04\/22\/feuerwehreinsatz-koln-rodenkirchen-maternusplatz-foto\/#primaryimage","url":"https:\/\/www.gaidaphotos.com\/blog\/wp-content\/uploads\/lifeblog-22042009025.jpg","contentUrl":"https:\/\/www.gaidaphotos.com\/blog\/wp-content\/uploads\/lifeblog-22042009025.jpg"},{"@type":"BreadcrumbList","@id":"https:\/\/www.gaidaphotos.com\/blog\/2009\/04\/22\/feuerwehreinsatz-koln-rodenkirchen-maternusplatz-foto\/#breadcrumb","itemListElement":[{"@type":"ListItem","position":1,"name":"Startseite","item":"https:\/\/www.gaidaphotos.com\/blog\/"},{"@type":"ListItem","position":2,"name":"Feuerwehreinsatz K\u00f6ln Rodenkirchen Maternusplatz (Foto)"}]},{"@type":"WebSite","@id":"https:\/\/www.gaidaphotos.com\/blog\/#website","url":"https:\/\/www.gaidaphotos.com\/blog\/","name":"K\u00f6ln Rodenkirchen und die Welt","description":"Einkaufen, Restaurants, Freizeit, Nachrichten und was uns sonst bewegt und begegnet","publisher":{"@id":"https:\/\/www.gaidaphotos.com\/blog\/#organization"},"potentialAction":[{"@type":"SearchAction","target":{"@type":"EntryPoint","urlTemplate":"https:\/\/www.gaidaphotos.com\/blog\/?s={search_term_string}"},"query-input":{"@type":"PropertyValueSpecification","valueRequired":true,"valueName":"search_term_string"}}],"inLanguage":"de"},{"@type":"Organization","@id":"https:\/\/www.gaidaphotos.com\/blog\/#organization","name":"gaidaphotos","url":"https:\/\/www.gaidaphotos.com\/blog\/","logo":{"@type":"ImageObject","inLanguage":"de","@id":"https:\/\/www.gaidaphotos.com\/blog\/#\/schema\/logo\/image\/","url":"https:\/\/i0.wp.com\/www.gaidaphotos.com\/blog\/wp-content\/uploads\/2020\/07\/GAIDAPHOTOS-COM.jpg?fit=160%2C96&ssl=1","contentUrl":"https:\/\/i0.wp.com\/www.gaidaphotos.com\/blog\/wp-content\/uploads\/2020\/07\/GAIDAPHOTOS-COM.jpg?fit=160%2C96&ssl=1","width":160,"height":96,"caption":"gaidaphotos"},"image":{"@id":"https:\/\/www.gaidaphotos.com\/blog\/#\/schema\/logo\/image\/"},"sameAs":["https:\/\/www.facebook.com\/Koeln.Rodenkirchen","https:\/\/x.com\/gaidaphotos","https:\/\/instagram.com\/gaidaphotos\/","https:\/\/de.linkedin.com\/in\/gaidaphotos","https:\/\/myspace.com\/gaidaphotos","https:\/\/www.pinterest.com\/gaidaphotos\/","https:\/\/www.youtube.com\/user\/gaidaphotos"]},{"@type":"Person","@id":"https:\/\/www.gaidaphotos.com\/blog\/#\/schema\/person\/6c444a5b13ffc503c5c32f5a9ec68b21","name":"Thomas","sameAs":["https:\/\/www.gaidaphotos.com","https:\/\/www.facebook.com\/gaidaphotos","https:\/\/instagram.com\/gaidaphotos\/","https:\/\/www.linkedin.com\/in\/gaidaphotos","http:\/\/www.pinterest.com\/gaidaphotos\/","https:\/\/x.com\/gaidaphotos","https:\/\/myspace.com\/gaidaphotos","https:\/\/www.youtube.com\/user\/gaidaphotos","https:\/\/gaidaphotos.tumblr.com\/"]}]}},"jetpack_publicize_connections":[],"jetpack_featured_media_url":"","jetpack_sharing_enabled":true,"jetpack_likes_enabled":true,"jetpack-related-posts":[{"id":2066,"url":"https:\/\/www.gaidaphotos.com\/blog\/2009\/09\/02\/koln-rodenkirchen-feuerwehreinsatz-auf-dem%c2%a0maternusplatz\/","url_meta":{"origin":526,"position":0},"title":"K\u00f6ln-Rodenkirchen: Feuerwehreinsatz auf dem\u00a0Maternusplatz","author":"Thomas","date":"2. September 2009","format":false,"excerpt":"War da heute (02.09.09)' ein\u00a0Feuerweheinsatz auf dem Maternusplatz?Wer heute in K\u00f6ln Rodenkirchen einen spektakul\u00e4ren Feuerwehreinsatz auf dem Maternusplatz erwartet hat wurde entt\u00e4uscht. Die Feuerwehr hat lediglich ausprobiert, ob w\u00e4hrend des Marktes auf dem\u00a0Maternusplatz in K\u00f6ln\u00a0Rodenkirchen Rettungseins\u00e4tze m\u00f6glich sind. Hintergrund ist die geplante Erweiterung des Marktes. Doch leider wird der Wochenmarkt\u2026","rel":"","context":"In &quot;17&quot;","block_context":{"text":"17","link":"https:\/\/www.gaidaphotos.com\/blog\/category\/mobile_news_von_unterwegs\/mobile_news_von_unterwegs-n95\/"},"img":{"alt_text":"","src":"","width":0,"height":0},"classes":[]},{"id":2279,"url":"https:\/\/www.gaidaphotos.com\/blog\/2009\/11\/27\/koln-rodenkirchen-maternusplatz-ganz-wie-in-wien\/","url_meta":{"origin":526,"position":1},"title":"K\u00f6ln-Rodenkirchen: Maternusplatz ganz wie in Wien","author":"01726903617@vodafone.de","date":"27. November 2009","format":false,"excerpt":"Schon vor ein paar Wochen hat in K\u00f6ln-Rodenkirchen das Cafe Central am Maternusplatz ge\u00f6ffnet. Neben deutschen, italienischen, franz\u00f6sischen und t\u00fcrkischen Angeboten h\u00e4lt jetzt auch \u00f6sterreichische Kaffeekultur in K\u00f6ln Rodenkirchen Einzug. Das Cafe in K\u00f6ln-Rodenkirchen am Maternusplatz ist Mo-Sa von 7:30 h bis 20:00 h ge\u00f6ffnet. Leider wird es wohl keine\u2026","rel":"","context":"In &quot;17&quot;","block_context":{"text":"17","link":"https:\/\/www.gaidaphotos.com\/blog\/category\/mobile_news_von_unterwegs\/mobile_news_von_unterwegs-n95\/"},"img":{"alt_text":"","src":"","width":0,"height":0},"classes":[]},{"id":8241,"url":"https:\/\/www.gaidaphotos.com\/blog\/2014\/11\/30\/weihnachtsbaumverkauf-in-rodenkirchen\/","url_meta":{"origin":526,"position":2},"title":"Weihnachtsbaumverkauf in Rodenkirchen","author":"Thomas","date":"30. November 2014","format":false,"excerpt":"Weihnachtsbaum kaufen und Gutes tun Zu Weihnachten geh\u00f6rt ein Weihnachtsbaum. Sch\u00f6n geschm\u00fcckt, nach Art des Hauses, mit echten Kerzen oder LED ist der Tannenbaum in der Stube Pflicht. In Rodenkirchen kauft man seinen Baum bei der Jugendfeuerwehr oder dem Lion's Club und unterst\u00fctzt damit gleichzeitig einen guten Zweck. Der Weihnachtsbaumschmuck\u2026","rel":"","context":"In &quot;K\u00f6ln Rodenkirchen Einkaufen&quot;","block_context":{"text":"K\u00f6ln Rodenkirchen Einkaufen","link":"https:\/\/www.gaidaphotos.com\/blog\/category\/koeln-rodenkirchen\/koeln-rodenkirchen-einkaufen\/"},"img":{"alt_text":"","src":"https:\/\/i0.wp.com\/www.gaidaphotos.com\/blog\/wp-content\/uploads\/ngg_featured\/weihnachten-gedichte-sprueche-01.jpg?fit=293%2C440&ssl=1&resize=350%2C200","width":350,"height":200},"classes":[]},{"id":5890,"url":"https:\/\/www.gaidaphotos.com\/blog\/2013\/12\/10\/weihnachtsbaumverkauf-der-feuerwehr-in-rodenkirchen\/","url_meta":{"origin":526,"position":3},"title":"Weihnachtsbaumverkauf der Feuerwehr in Rodenkirchen","author":"Thomas","date":"10. Dezember 2013","format":false,"excerpt":"Weihnachtsbaumverkauf zum guten Zweck Es ist wieder soweit. Weihnachten droht und wir brauchen einen sch\u00f6nen, frisch geschlagenen Weihnachtsbaum. Wer in Rodenkirchen und Umgebung wohnt hat am Wochenende gleich zwei Gelegenheiten einen Weihnachtsbaum zu kaufen und einen guten Zweck zu unterst\u00fctzen. Zum einen bekommen Sie einen sch\u00f6nen Weihnachtsbaum, frisch geschlagen aus\u2026","rel":"","context":"In &quot;K\u00f6ln Rodenkirchen Einkaufen&quot;","block_context":{"text":"K\u00f6ln Rodenkirchen Einkaufen","link":"https:\/\/www.gaidaphotos.com\/blog\/category\/koeln-rodenkirchen\/koeln-rodenkirchen-einkaufen\/"},"img":{"alt_text":"","src":"https:\/\/i0.wp.com\/www.gaidaphotos.com\/blog\/wp-content\/uploads\/ngg_featured\/rodenkirchen-nikolaus-weihnachtsmarkt-02.jpg?fit=1000%2C667&ssl=1&resize=350%2C200","width":350,"height":200,"srcset":"https:\/\/i0.wp.com\/www.gaidaphotos.com\/blog\/wp-content\/uploads\/ngg_featured\/rodenkirchen-nikolaus-weihnachtsmarkt-02.jpg?fit=1000%2C667&ssl=1&resize=350%2C200 1x, https:\/\/i0.wp.com\/www.gaidaphotos.com\/blog\/wp-content\/uploads\/ngg_featured\/rodenkirchen-nikolaus-weihnachtsmarkt-02.jpg?fit=1000%2C667&ssl=1&resize=525%2C300 1.5x, https:\/\/i0.wp.com\/www.gaidaphotos.com\/blog\/wp-content\/uploads\/ngg_featured\/rodenkirchen-nikolaus-weihnachtsmarkt-02.jpg?fit=1000%2C667&ssl=1&resize=700%2C400 2x"},"classes":[]},{"id":9133,"url":"https:\/\/www.gaidaphotos.com\/blog\/2015\/12\/02\/weihnachtsbaumverkauf-in-rodenkirchen-2015\/","url_meta":{"origin":526,"position":4},"title":"Weihnachtsbaumverkauf in Rodenkirchen 2015","author":"Thomas","date":"2. Dezember 2015","format":false,"excerpt":"Weihnachtsbaum kaufen und Gutes tun wohlt\u00e4tiger Weihnachtsbaumverkauf in Rodenkirchen 2015 Im Dezember k\u00f6nnen Sie wieder in Rodenkirchen g\u00fcnstig einen Weihnachtsbaum erwerben und gleichzeitig einen guten Zweck unterst\u00fctzen. Am 12.\/13.12.15 verkaufen der Lions Club und am 18.\/19.\/20.12.15 die Jugendfeuerwehr Christb\u00e4ume. Zu Weihnachten geh\u00f6rt ein Weihnachtsbaum. Seit der Prinzregent im Deutsch-Franz\u00f6sischen Krieg\u2026","rel":"","context":"In &quot;K\u00f6ln Rodenkirchen Einkaufen&quot;","block_context":{"text":"K\u00f6ln Rodenkirchen Einkaufen","link":"https:\/\/www.gaidaphotos.com\/blog\/category\/koeln-rodenkirchen\/koeln-rodenkirchen-einkaufen\/"},"img":{"alt_text":"","src":"https:\/\/i0.wp.com\/www.gaidaphotos.com\/blog\/wp-content\/uploads\/ngg_featured\/weihnachtskugel-08.jpg?fit=1024%2C683&ssl=1&resize=350%2C200","width":350,"height":200,"srcset":"https:\/\/i0.wp.com\/www.gaidaphotos.com\/blog\/wp-content\/uploads\/ngg_featured\/weihnachtskugel-08.jpg?fit=1024%2C683&ssl=1&resize=350%2C200 1x, https:\/\/i0.wp.com\/www.gaidaphotos.com\/blog\/wp-content\/uploads\/ngg_featured\/weihnachtskugel-08.jpg?fit=1024%2C683&ssl=1&resize=525%2C300 1.5x, https:\/\/i0.wp.com\/www.gaidaphotos.com\/blog\/wp-content\/uploads\/ngg_featured\/weihnachtskugel-08.jpg?fit=1024%2C683&ssl=1&resize=700%2C400 2x"},"classes":[]},{"id":3179,"url":"https:\/\/www.gaidaphotos.com\/blog\/2010\/07\/09\/freiwillige-feuerwehr-rodenkirchen\/","url_meta":{"origin":526,"position":5},"title":"Freiwillige Feuerwehr Rodenkirchen: Tag der offenen T\u00fcr 10.07.2010","author":"Thomas","date":"9. Juli 2010","format":false,"excerpt":"Freiwillige Feuerwehr Rodenkirchen; Tag der offenen T\u00fcr 10.07.2010 Feiern bis die Feuerwehr kommt? Am Samstag 10.Juli 2010 l\u00e4dt die Freiwillige Feuerwehr Rodenkirchen zum Tag der \u00f6ffnen T\u00fcr. Ab 1000 Uhr sind in der Feuerwache Rodenkirchen der Freiwilligen Feuerwehr an der Schillingsrotter Stra\u00dfe (Ecke Ringstra\u00dfe) Fahrzeuge ausgestellt. Weiterhin gibt es spektakul\u00e4re\u2026","rel":"","context":"In &quot;K\u00f6ln Rodenkirchen Freizeit&quot;","block_context":{"text":"K\u00f6ln Rodenkirchen Freizeit","link":"https:\/\/www.gaidaphotos.com\/blog\/category\/koeln-rodenkirchen\/koeln-rodenkirchen-freizeit\/"},"img":{"alt_text":"","src":"","width":0,"height":0},"classes":[]}],"_links":{"self":[{"href":"https:\/\/www.gaidaphotos.com\/blog\/wp-json\/wp\/v2\/posts\/526","targetHints":{"allow":["GET"]}}],"collection":[{"href":"https:\/\/www.gaidaphotos.com\/blog\/wp-json\/wp\/v2\/posts"}],"about":[{"href":"https:\/\/www.gaidaphotos.com\/blog\/wp-json\/wp\/v2\/types\/post"}],"author":[{"embeddable":true,"href":"https:\/\/www.gaidaphotos.com\/blog\/wp-json\/wp\/v2\/users\/6"}],"replies":[{"embeddable":true,"href":"https:\/\/www.gaidaphotos.com\/blog\/wp-json\/wp\/v2\/comments?post=526"}],"version-history":[{"count":0,"href":"https:\/\/www.gaidaphotos.com\/blog\/wp-json\/wp\/v2\/posts\/526\/revisions"}],"wp:attachment":[{"href":"https:\/\/www.gaidaphotos.com\/blog\/wp-json\/wp\/v2\/media?parent=526"}],"wp:term":[{"taxonomy":"category","embeddable":true,"href":"https:\/\/www.gaidaphotos.com\/blog\/wp-json\/wp\/v2\/categories?post=526"},{"taxonomy":"post_tag","embeddable":true,"href":"https:\/\/www.gaidaphotos.com\/blog\/wp-json\/wp\/v2\/tags?post=526"}],"curies":[{"name":"wp","href":"https:\/\/api.w.org\/{rel}","templated":true}]}}