{"id":528,"date":"2009-04-24T16:48:45","date_gmt":"2009-04-24T15:48:45","guid":{"rendered":""},"modified":"2009-04-24T16:48:55","modified_gmt":"2009-04-24T15:48:55","slug":"blutenstaub-im-power-fruhling-foto","status":"publish","type":"post","link":"https:\/\/www.gaidaphotos.com\/blog\/2009\/04\/24\/blutenstaub-im-power-fruhling-foto\/","title":{"rendered":"Bl\u00fctenstaub im Power-Fr\u00fchling (Foto)"},"content":{"rendered":"<div class=\"Lifeblog_Posting\">\n<div class=\"Lifeblog_Resource\">\n<img data-recalc-dims=\"1\" decoding=\"async\" src=\"https:\/\/i0.wp.com\/www.gaidaphotos.com\/blog\/wp-content\/uploads\/lifeblog-24042009028.jpg?w=910&#038;ssl=1\" alt=\"Fr 24.04.2009 17:43 Bl&Atilde;&frac14;tenstaub im Power-Fr&Atilde;&frac14;hling\" \/><\/div>\n<p>Durch den langen Winter und super Fr\u00fchling explodiert die Natur. Kru das mein Auto oder die schnellste Bl\u00fcte der Welt?\n<\/p><\/div>\n","protected":false},"excerpt":{"rendered":"<p>Durch den langen Winter und super Fr\u00fchling explodiert die Natur. Kru das mein Auto oder die schnellste Bl\u00fcte der Welt?<\/p>\n","protected":false},"author":6,"featured_media":0,"comment_status":"open","ping_status":"open","sticky":false,"template":"","format":"standard","meta":{"_crdt_document":"","ngg_post_thumbnail":0,"jetpack_post_was_ever_published":false,"_jetpack_newsletter_access":"","_jetpack_dont_email_post_to_subs":false,"_jetpack_newsletter_tier_id":0,"_jetpack_memberships_contains_paywalled_content":false,"_jetpack_memberships_contains_paid_content":false,"footnotes":"","jetpack_publicize_message":"","jetpack_publicize_feature_enabled":true,"jetpack_social_post_already_shared":false,"jetpack_social_options":{"image_generator_settings":{"template":"highway","default_image_id":0,"font":"","enabled":false},"version":2}},"categories":[20],"tags":[],"class_list":["post-528","post","type-post","status-publish","format-standard","hentry","category-mobile_news_von_unterwegs-n95"],"yoast_head":"<!-- This site is optimized with the Yoast SEO plugin v27.5 - https:\/\/yoast.com\/product\/yoast-seo-wordpress\/ -->\n<title>Bl\u00fctenstaub im Power-Fr\u00fchling (Foto) - K\u00f6ln Rodenkirchen und die Welt<\/title>\n<meta name=\"robots\" content=\"index, follow, max-snippet:-1, max-image-preview:large, max-video-preview:-1\" \/>\n<link rel=\"canonical\" href=\"https:\/\/www.gaidaphotos.com\/blog\/2009\/04\/24\/blutenstaub-im-power-fruhling-foto\/\" \/>\n<meta property=\"og:locale\" content=\"de_DE\" \/>\n<meta property=\"og:type\" content=\"article\" \/>\n<meta property=\"og:title\" content=\"Bl\u00fctenstaub im Power-Fr\u00fchling (Foto) - K\u00f6ln Rodenkirchen und die Welt\" \/>\n<meta property=\"og:description\" content=\"Durch den langen Winter und super Fr\u00fchling explodiert die Natur. Kru das mein Auto oder die schnellste Bl\u00fcte der Welt?\" \/>\n<meta property=\"og:url\" content=\"https:\/\/www.gaidaphotos.com\/blog\/2009\/04\/24\/blutenstaub-im-power-fruhling-foto\/\" \/>\n<meta property=\"og:site_name\" content=\"K\u00f6ln Rodenkirchen und die Welt\" \/>\n<meta property=\"article:publisher\" content=\"https:\/\/www.facebook.com\/Koeln.Rodenkirchen\" \/>\n<meta property=\"article:author\" content=\"https:\/\/www.facebook.com\/gaidaphotos\" \/>\n<meta property=\"article:published_time\" content=\"2009-04-24T15:48:45+00:00\" \/>\n<meta property=\"article:modified_time\" content=\"2009-04-24T15:48:55+00:00\" \/>\n<meta property=\"og:image\" content=\"https:\/\/www.gaidaphotos.com\/blog\/wp-content\/uploads\/lifeblog-24042009028.jpg\" \/>\n<meta name=\"author\" content=\"Thomas\" \/>\n<meta name=\"twitter:card\" content=\"summary_large_image\" \/>\n<meta name=\"twitter:creator\" content=\"@gaidaphotos\" \/>\n<meta name=\"twitter:site\" content=\"@gaidaphotos\" \/>\n<meta name=\"twitter:label1\" content=\"Verfasst von\" \/>\n\t<meta name=\"twitter:data1\" content=\"Thomas\" \/>\n<script type=\"application\/ld+json\" class=\"yoast-schema-graph\">{\"@context\":\"https:\\\/\\\/schema.org\",\"@graph\":[{\"@type\":\"Article\",\"@id\":\"https:\\\/\\\/www.gaidaphotos.com\\\/blog\\\/2009\\\/04\\\/24\\\/blutenstaub-im-power-fruhling-foto\\\/#article\",\"isPartOf\":{\"@id\":\"https:\\\/\\\/www.gaidaphotos.com\\\/blog\\\/2009\\\/04\\\/24\\\/blutenstaub-im-power-fruhling-foto\\\/\"},\"author\":{\"name\":\"Thomas\",\"@id\":\"https:\\\/\\\/www.gaidaphotos.com\\\/blog\\\/#\\\/schema\\\/person\\\/6c444a5b13ffc503c5c32f5a9ec68b21\"},\"headline\":\"Bl\u00fctenstaub im Power-Fr\u00fchling (Foto)\",\"datePublished\":\"2009-04-24T15:48:45+00:00\",\"dateModified\":\"2009-04-24T15:48:55+00:00\",\"mainEntityOfPage\":{\"@id\":\"https:\\\/\\\/www.gaidaphotos.com\\\/blog\\\/2009\\\/04\\\/24\\\/blutenstaub-im-power-fruhling-foto\\\/\"},\"wordCount\":28,\"commentCount\":0,\"publisher\":{\"@id\":\"https:\\\/\\\/www.gaidaphotos.com\\\/blog\\\/#organization\"},\"image\":{\"@id\":\"https:\\\/\\\/www.gaidaphotos.com\\\/blog\\\/2009\\\/04\\\/24\\\/blutenstaub-im-power-fruhling-foto\\\/#primaryimage\"},\"thumbnailUrl\":\"https:\\\/\\\/www.gaidaphotos.com\\\/blog\\\/wp-content\\\/uploads\\\/lifeblog-24042009028.jpg\",\"articleSection\":[\"17\"],\"inLanguage\":\"de\",\"potentialAction\":[{\"@type\":\"CommentAction\",\"name\":\"Comment\",\"target\":[\"https:\\\/\\\/www.gaidaphotos.com\\\/blog\\\/2009\\\/04\\\/24\\\/blutenstaub-im-power-fruhling-foto\\\/#respond\"]}]},{\"@type\":\"WebPage\",\"@id\":\"https:\\\/\\\/www.gaidaphotos.com\\\/blog\\\/2009\\\/04\\\/24\\\/blutenstaub-im-power-fruhling-foto\\\/\",\"url\":\"https:\\\/\\\/www.gaidaphotos.com\\\/blog\\\/2009\\\/04\\\/24\\\/blutenstaub-im-power-fruhling-foto\\\/\",\"name\":\"Bl\u00fctenstaub im Power-Fr\u00fchling (Foto) - K\u00f6ln Rodenkirchen und die Welt\",\"isPartOf\":{\"@id\":\"https:\\\/\\\/www.gaidaphotos.com\\\/blog\\\/#website\"},\"primaryImageOfPage\":{\"@id\":\"https:\\\/\\\/www.gaidaphotos.com\\\/blog\\\/2009\\\/04\\\/24\\\/blutenstaub-im-power-fruhling-foto\\\/#primaryimage\"},\"image\":{\"@id\":\"https:\\\/\\\/www.gaidaphotos.com\\\/blog\\\/2009\\\/04\\\/24\\\/blutenstaub-im-power-fruhling-foto\\\/#primaryimage\"},\"thumbnailUrl\":\"https:\\\/\\\/www.gaidaphotos.com\\\/blog\\\/wp-content\\\/uploads\\\/lifeblog-24042009028.jpg\",\"datePublished\":\"2009-04-24T15:48:45+00:00\",\"dateModified\":\"2009-04-24T15:48:55+00:00\",\"breadcrumb\":{\"@id\":\"https:\\\/\\\/www.gaidaphotos.com\\\/blog\\\/2009\\\/04\\\/24\\\/blutenstaub-im-power-fruhling-foto\\\/#breadcrumb\"},\"inLanguage\":\"de\",\"potentialAction\":[{\"@type\":\"ReadAction\",\"target\":[\"https:\\\/\\\/www.gaidaphotos.com\\\/blog\\\/2009\\\/04\\\/24\\\/blutenstaub-im-power-fruhling-foto\\\/\"]}]},{\"@type\":\"ImageObject\",\"inLanguage\":\"de\",\"@id\":\"https:\\\/\\\/www.gaidaphotos.com\\\/blog\\\/2009\\\/04\\\/24\\\/blutenstaub-im-power-fruhling-foto\\\/#primaryimage\",\"url\":\"https:\\\/\\\/www.gaidaphotos.com\\\/blog\\\/wp-content\\\/uploads\\\/lifeblog-24042009028.jpg\",\"contentUrl\":\"https:\\\/\\\/www.gaidaphotos.com\\\/blog\\\/wp-content\\\/uploads\\\/lifeblog-24042009028.jpg\"},{\"@type\":\"BreadcrumbList\",\"@id\":\"https:\\\/\\\/www.gaidaphotos.com\\\/blog\\\/2009\\\/04\\\/24\\\/blutenstaub-im-power-fruhling-foto\\\/#breadcrumb\",\"itemListElement\":[{\"@type\":\"ListItem\",\"position\":1,\"name\":\"Startseite\",\"item\":\"https:\\\/\\\/www.gaidaphotos.com\\\/blog\\\/\"},{\"@type\":\"ListItem\",\"position\":2,\"name\":\"Bl\u00fctenstaub im Power-Fr\u00fchling (Foto)\"}]},{\"@type\":\"WebSite\",\"@id\":\"https:\\\/\\\/www.gaidaphotos.com\\\/blog\\\/#website\",\"url\":\"https:\\\/\\\/www.gaidaphotos.com\\\/blog\\\/\",\"name\":\"K\u00f6ln Rodenkirchen und die Welt\",\"description\":\"Einkaufen, Restaurants, Freizeit, Nachrichten und was uns sonst bewegt und begegnet\",\"publisher\":{\"@id\":\"https:\\\/\\\/www.gaidaphotos.com\\\/blog\\\/#organization\"},\"potentialAction\":[{\"@type\":\"SearchAction\",\"target\":{\"@type\":\"EntryPoint\",\"urlTemplate\":\"https:\\\/\\\/www.gaidaphotos.com\\\/blog\\\/?s={search_term_string}\"},\"query-input\":{\"@type\":\"PropertyValueSpecification\",\"valueRequired\":true,\"valueName\":\"search_term_string\"}}],\"inLanguage\":\"de\"},{\"@type\":\"Organization\",\"@id\":\"https:\\\/\\\/www.gaidaphotos.com\\\/blog\\\/#organization\",\"name\":\"gaidaphotos\",\"url\":\"https:\\\/\\\/www.gaidaphotos.com\\\/blog\\\/\",\"logo\":{\"@type\":\"ImageObject\",\"inLanguage\":\"de\",\"@id\":\"https:\\\/\\\/www.gaidaphotos.com\\\/blog\\\/#\\\/schema\\\/logo\\\/image\\\/\",\"url\":\"https:\\\/\\\/i0.wp.com\\\/www.gaidaphotos.com\\\/blog\\\/wp-content\\\/uploads\\\/2020\\\/07\\\/GAIDAPHOTOS-COM.jpg?fit=160%2C96&ssl=1\",\"contentUrl\":\"https:\\\/\\\/i0.wp.com\\\/www.gaidaphotos.com\\\/blog\\\/wp-content\\\/uploads\\\/2020\\\/07\\\/GAIDAPHOTOS-COM.jpg?fit=160%2C96&ssl=1\",\"width\":160,\"height\":96,\"caption\":\"gaidaphotos\"},\"image\":{\"@id\":\"https:\\\/\\\/www.gaidaphotos.com\\\/blog\\\/#\\\/schema\\\/logo\\\/image\\\/\"},\"sameAs\":[\"https:\\\/\\\/www.facebook.com\\\/Koeln.Rodenkirchen\",\"https:\\\/\\\/x.com\\\/gaidaphotos\",\"https:\\\/\\\/instagram.com\\\/gaidaphotos\\\/\",\"https:\\\/\\\/de.linkedin.com\\\/in\\\/gaidaphotos\",\"https:\\\/\\\/myspace.com\\\/gaidaphotos\",\"https:\\\/\\\/www.pinterest.com\\\/gaidaphotos\\\/\",\"https:\\\/\\\/www.youtube.com\\\/user\\\/gaidaphotos\"]},{\"@type\":\"Person\",\"@id\":\"https:\\\/\\\/www.gaidaphotos.com\\\/blog\\\/#\\\/schema\\\/person\\\/6c444a5b13ffc503c5c32f5a9ec68b21\",\"name\":\"Thomas\",\"sameAs\":[\"https:\\\/\\\/www.gaidaphotos.com\",\"https:\\\/\\\/www.facebook.com\\\/gaidaphotos\",\"https:\\\/\\\/instagram.com\\\/gaidaphotos\\\/\",\"https:\\\/\\\/www.linkedin.com\\\/in\\\/gaidaphotos\",\"http:\\\/\\\/www.pinterest.com\\\/gaidaphotos\\\/\",\"https:\\\/\\\/x.com\\\/gaidaphotos\",\"https:\\\/\\\/myspace.com\\\/gaidaphotos\",\"https:\\\/\\\/www.youtube.com\\\/user\\\/gaidaphotos\",\"https:\\\/\\\/gaidaphotos.tumblr.com\\\/\"]}]}<\/script>\n<!-- \/ Yoast SEO plugin. -->","yoast_head_json":{"title":"Bl\u00fctenstaub im Power-Fr\u00fchling (Foto) - K\u00f6ln Rodenkirchen und die Welt","robots":{"index":"index","follow":"follow","max-snippet":"max-snippet:-1","max-image-preview":"max-image-preview:large","max-video-preview":"max-video-preview:-1"},"canonical":"https:\/\/www.gaidaphotos.com\/blog\/2009\/04\/24\/blutenstaub-im-power-fruhling-foto\/","og_locale":"de_DE","og_type":"article","og_title":"Bl\u00fctenstaub im Power-Fr\u00fchling (Foto) - K\u00f6ln Rodenkirchen und die Welt","og_description":"Durch den langen Winter und super Fr\u00fchling explodiert die Natur. Kru das mein Auto oder die schnellste Bl\u00fcte der Welt?","og_url":"https:\/\/www.gaidaphotos.com\/blog\/2009\/04\/24\/blutenstaub-im-power-fruhling-foto\/","og_site_name":"K\u00f6ln Rodenkirchen und die Welt","article_publisher":"https:\/\/www.facebook.com\/Koeln.Rodenkirchen","article_author":"https:\/\/www.facebook.com\/gaidaphotos","article_published_time":"2009-04-24T15:48:45+00:00","article_modified_time":"2009-04-24T15:48:55+00:00","og_image":[{"url":"https:\/\/www.gaidaphotos.com\/blog\/wp-content\/uploads\/lifeblog-24042009028.jpg","type":"","width":"","height":""}],"author":"Thomas","twitter_card":"summary_large_image","twitter_creator":"@gaidaphotos","twitter_site":"@gaidaphotos","twitter_misc":{"Verfasst von":"Thomas"},"schema":{"@context":"https:\/\/schema.org","@graph":[{"@type":"Article","@id":"https:\/\/www.gaidaphotos.com\/blog\/2009\/04\/24\/blutenstaub-im-power-fruhling-foto\/#article","isPartOf":{"@id":"https:\/\/www.gaidaphotos.com\/blog\/2009\/04\/24\/blutenstaub-im-power-fruhling-foto\/"},"author":{"name":"Thomas","@id":"https:\/\/www.gaidaphotos.com\/blog\/#\/schema\/person\/6c444a5b13ffc503c5c32f5a9ec68b21"},"headline":"Bl\u00fctenstaub im Power-Fr\u00fchling (Foto)","datePublished":"2009-04-24T15:48:45+00:00","dateModified":"2009-04-24T15:48:55+00:00","mainEntityOfPage":{"@id":"https:\/\/www.gaidaphotos.com\/blog\/2009\/04\/24\/blutenstaub-im-power-fruhling-foto\/"},"wordCount":28,"commentCount":0,"publisher":{"@id":"https:\/\/www.gaidaphotos.com\/blog\/#organization"},"image":{"@id":"https:\/\/www.gaidaphotos.com\/blog\/2009\/04\/24\/blutenstaub-im-power-fruhling-foto\/#primaryimage"},"thumbnailUrl":"https:\/\/www.gaidaphotos.com\/blog\/wp-content\/uploads\/lifeblog-24042009028.jpg","articleSection":["17"],"inLanguage":"de","potentialAction":[{"@type":"CommentAction","name":"Comment","target":["https:\/\/www.gaidaphotos.com\/blog\/2009\/04\/24\/blutenstaub-im-power-fruhling-foto\/#respond"]}]},{"@type":"WebPage","@id":"https:\/\/www.gaidaphotos.com\/blog\/2009\/04\/24\/blutenstaub-im-power-fruhling-foto\/","url":"https:\/\/www.gaidaphotos.com\/blog\/2009\/04\/24\/blutenstaub-im-power-fruhling-foto\/","name":"Bl\u00fctenstaub im Power-Fr\u00fchling (Foto) - K\u00f6ln Rodenkirchen und die Welt","isPartOf":{"@id":"https:\/\/www.gaidaphotos.com\/blog\/#website"},"primaryImageOfPage":{"@id":"https:\/\/www.gaidaphotos.com\/blog\/2009\/04\/24\/blutenstaub-im-power-fruhling-foto\/#primaryimage"},"image":{"@id":"https:\/\/www.gaidaphotos.com\/blog\/2009\/04\/24\/blutenstaub-im-power-fruhling-foto\/#primaryimage"},"thumbnailUrl":"https:\/\/www.gaidaphotos.com\/blog\/wp-content\/uploads\/lifeblog-24042009028.jpg","datePublished":"2009-04-24T15:48:45+00:00","dateModified":"2009-04-24T15:48:55+00:00","breadcrumb":{"@id":"https:\/\/www.gaidaphotos.com\/blog\/2009\/04\/24\/blutenstaub-im-power-fruhling-foto\/#breadcrumb"},"inLanguage":"de","potentialAction":[{"@type":"ReadAction","target":["https:\/\/www.gaidaphotos.com\/blog\/2009\/04\/24\/blutenstaub-im-power-fruhling-foto\/"]}]},{"@type":"ImageObject","inLanguage":"de","@id":"https:\/\/www.gaidaphotos.com\/blog\/2009\/04\/24\/blutenstaub-im-power-fruhling-foto\/#primaryimage","url":"https:\/\/www.gaidaphotos.com\/blog\/wp-content\/uploads\/lifeblog-24042009028.jpg","contentUrl":"https:\/\/www.gaidaphotos.com\/blog\/wp-content\/uploads\/lifeblog-24042009028.jpg"},{"@type":"BreadcrumbList","@id":"https:\/\/www.gaidaphotos.com\/blog\/2009\/04\/24\/blutenstaub-im-power-fruhling-foto\/#breadcrumb","itemListElement":[{"@type":"ListItem","position":1,"name":"Startseite","item":"https:\/\/www.gaidaphotos.com\/blog\/"},{"@type":"ListItem","position":2,"name":"Bl\u00fctenstaub im Power-Fr\u00fchling (Foto)"}]},{"@type":"WebSite","@id":"https:\/\/www.gaidaphotos.com\/blog\/#website","url":"https:\/\/www.gaidaphotos.com\/blog\/","name":"K\u00f6ln Rodenkirchen und die Welt","description":"Einkaufen, Restaurants, Freizeit, Nachrichten und was uns sonst bewegt und begegnet","publisher":{"@id":"https:\/\/www.gaidaphotos.com\/blog\/#organization"},"potentialAction":[{"@type":"SearchAction","target":{"@type":"EntryPoint","urlTemplate":"https:\/\/www.gaidaphotos.com\/blog\/?s={search_term_string}"},"query-input":{"@type":"PropertyValueSpecification","valueRequired":true,"valueName":"search_term_string"}}],"inLanguage":"de"},{"@type":"Organization","@id":"https:\/\/www.gaidaphotos.com\/blog\/#organization","name":"gaidaphotos","url":"https:\/\/www.gaidaphotos.com\/blog\/","logo":{"@type":"ImageObject","inLanguage":"de","@id":"https:\/\/www.gaidaphotos.com\/blog\/#\/schema\/logo\/image\/","url":"https:\/\/i0.wp.com\/www.gaidaphotos.com\/blog\/wp-content\/uploads\/2020\/07\/GAIDAPHOTOS-COM.jpg?fit=160%2C96&ssl=1","contentUrl":"https:\/\/i0.wp.com\/www.gaidaphotos.com\/blog\/wp-content\/uploads\/2020\/07\/GAIDAPHOTOS-COM.jpg?fit=160%2C96&ssl=1","width":160,"height":96,"caption":"gaidaphotos"},"image":{"@id":"https:\/\/www.gaidaphotos.com\/blog\/#\/schema\/logo\/image\/"},"sameAs":["https:\/\/www.facebook.com\/Koeln.Rodenkirchen","https:\/\/x.com\/gaidaphotos","https:\/\/instagram.com\/gaidaphotos\/","https:\/\/de.linkedin.com\/in\/gaidaphotos","https:\/\/myspace.com\/gaidaphotos","https:\/\/www.pinterest.com\/gaidaphotos\/","https:\/\/www.youtube.com\/user\/gaidaphotos"]},{"@type":"Person","@id":"https:\/\/www.gaidaphotos.com\/blog\/#\/schema\/person\/6c444a5b13ffc503c5c32f5a9ec68b21","name":"Thomas","sameAs":["https:\/\/www.gaidaphotos.com","https:\/\/www.facebook.com\/gaidaphotos","https:\/\/instagram.com\/gaidaphotos\/","https:\/\/www.linkedin.com\/in\/gaidaphotos","http:\/\/www.pinterest.com\/gaidaphotos\/","https:\/\/x.com\/gaidaphotos","https:\/\/myspace.com\/gaidaphotos","https:\/\/www.youtube.com\/user\/gaidaphotos","https:\/\/gaidaphotos.tumblr.com\/"]}]}},"jetpack_publicize_connections":[],"jetpack_featured_media_url":"","jetpack_sharing_enabled":true,"jetpack_likes_enabled":true,"jetpack-related-posts":[{"id":189,"url":"https:\/\/www.gaidaphotos.com\/blog\/2009\/03\/02\/der-fruhling-kommt\/","url_meta":{"origin":528,"position":0},"title":"Der Fr\u00fchling kommt!","author":"Thomas","date":"2. M\u00e4rz 2009","format":false,"excerpt":"Kaum steigen die Temperaturen ein wenig, sind auf dem Balkon schon die ersten Krokusse zu seien, es wird Fr\u00fchling. Mehr Bilder vom Fr\u00fchling oder Nicht-Fr\u00fchling in den n\u00e4chsten Tagen.","rel":"","context":"In &quot;17&quot;","block_context":{"text":"17","link":"https:\/\/www.gaidaphotos.com\/blog\/category\/mobile_news_von_unterwegs\/mobile_news_von_unterwegs-n95\/"},"img":{"alt_text":"","src":"","width":0,"height":0},"classes":[]},{"id":191,"url":"https:\/\/www.gaidaphotos.com\/blog\/2009\/03\/03\/weitere-fruhlings-boten\/","url_meta":{"origin":528,"position":1},"title":"Weitere Fr\u00fchlings-boten","author":"Thomas","date":"3. M\u00e4rz 2009","format":false,"excerpt":"Der dritte fr\u00fchling-shafte Tag + die Dahlien schlagen aus. Leider ist der Fr\u00fchling morgen schon wieder vorbei.","rel":"","context":"In &quot;17&quot;","block_context":{"text":"17","link":"https:\/\/www.gaidaphotos.com\/blog\/category\/mobile_news_von_unterwegs\/mobile_news_von_unterwegs-n95\/"},"img":{"alt_text":"","src":"","width":0,"height":0},"classes":[]},{"id":73,"url":"https:\/\/www.gaidaphotos.com\/blog\/2009\/01\/28\/fruhling\/","url_meta":{"origin":528,"position":2},"title":"Fr\u00fchling?","author":"Thomas","date":"28. Januar 2009","format":false,"excerpt":"Ist denn schon Fr\u00fchling? Bei vor auf dem Markt","rel":"","context":"In &quot;17&quot;","block_context":{"text":"17","link":"https:\/\/www.gaidaphotos.com\/blog\/category\/mobile_news_von_unterwegs\/mobile_news_von_unterwegs-n95\/"},"img":{"alt_text":"","src":"","width":0,"height":0},"classes":[]},{"id":22,"url":"https:\/\/www.gaidaphotos.com\/blog\/2008\/03\/03\/es-wird-fruhling-desktop-kalender-und-geburtstagskarten\/","url_meta":{"origin":528,"position":3},"title":"Es wird Fr\u00fchling: Desktop-Kalender und Geburtstagskarten","author":"gaidaphotos","date":"3. M\u00e4rz 2008","format":false,"excerpt":"Ihr habt sicher schon bemerkt, dass wir neue Kalnderbl\u00e4tter f\u00fcr M\u00e4rz 2008 zum gratis Download bereit stellen.","rel":"","context":"In &quot;Kalender&quot;","block_context":{"text":"Kalender","link":"https:\/\/www.gaidaphotos.com\/blog\/category\/kalender-archiv\/"},"img":{"alt_text":"Geburtstagskarte Dahlie kostenlos","src":"https:\/\/i0.wp.com\/www.gaidaphotos.com\/bonus\/birthday\/Geburtstag-Dahlie.jpg?resize=350%2C200&ssl=1","width":350,"height":200},"classes":[]},{"id":23,"url":"https:\/\/www.gaidaphotos.com\/blog\/2008\/03\/03\/es-wird-fruhling-desktop-kalender-und-geburtstagskarten-2\/","url_meta":{"origin":528,"position":4},"title":"Es wird Fr\u00fchling: Desktop-Kalender und Geburtstagskarten","author":"gaidaphotos","date":"3. M\u00e4rz 2008","format":false,"excerpt":"Geburtstagskarten verschicken: kostenlos Zitate \u00fcber Liebe Sch\u00f6ne Karten zum Geburtstag und Geburtstagskarten findet Ihr hier. Der Kalender Service wurde leider eingestellt! Ihr habt sicher schon bemerkt, dass wir neue Kalenderbl\u00e4tter f\u00fcr M\u00e4rz 2008 zum gratis Download bereit stellen.Zitate \u00fcber Liebe","rel":"","context":"In &quot;Kalender&quot;","block_context":{"text":"Kalender","link":"https:\/\/www.gaidaphotos.com\/blog\/category\/kalender-archiv\/"},"img":{"alt_text":"","src":"","width":0,"height":0},"classes":[]},{"id":6230,"url":"https:\/\/www.gaidaphotos.com\/blog\/2014\/03\/24\/fruehlings-flohmarkt-der-ev-kirche-rodenkirchen\/","url_meta":{"origin":528,"position":5},"title":"Fr\u00fchlings-Flohmarkt der ev. Kirche Rodenkirchen","author":"Thomas","date":"24. M\u00e4rz 2014","format":false,"excerpt":"Fr\u00fchlings-Flohmarkt der evangelischen Kirche K\u00f6ln-Rodenkirchen Am kommenden Sonntag ist es endlich wieder soweit. Der Fr\u00fchlings-Flohmarkt der evangelischen Kirche in K\u00f6ln-Rodenkirchen \u00f6ffnet seine T\u00fcren. Der Fr\u00fchlings-Flohmarkt hat als besonderen Schwerpunkt in diesem Jahr wieder das gesamte Spektrum der Osterdekoration. Und es bietet sich eine Gelegenheit, f\u00fcr die anstehende Kommunion oder Konfirmation\u2026","rel":"","context":"In &quot;Flohmarkt\/Troedelmarkt&quot;","block_context":{"text":"Flohmarkt\/Troedelmarkt","link":"https:\/\/www.gaidaphotos.com\/blog\/category\/flohmarkttroedelmarkt-2\/"},"img":{"alt_text":"","src":"https:\/\/i0.wp.com\/www.gaidaphotos.com\/blog\/wp-content\/uploads\/ngg_featured\/09102011-flohmarkt-rodenkirchen-schwan.jpg?fit=667%2C1000&ssl=1&resize=350%2C200","width":350,"height":200,"srcset":"https:\/\/i0.wp.com\/www.gaidaphotos.com\/blog\/wp-content\/uploads\/ngg_featured\/09102011-flohmarkt-rodenkirchen-schwan.jpg?fit=667%2C1000&ssl=1&resize=350%2C200 1x, https:\/\/i0.wp.com\/www.gaidaphotos.com\/blog\/wp-content\/uploads\/ngg_featured\/09102011-flohmarkt-rodenkirchen-schwan.jpg?fit=667%2C1000&ssl=1&resize=525%2C300 1.5x"},"classes":[]}],"_links":{"self":[{"href":"https:\/\/www.gaidaphotos.com\/blog\/wp-json\/wp\/v2\/posts\/528","targetHints":{"allow":["GET"]}}],"collection":[{"href":"https:\/\/www.gaidaphotos.com\/blog\/wp-json\/wp\/v2\/posts"}],"about":[{"href":"https:\/\/www.gaidaphotos.com\/blog\/wp-json\/wp\/v2\/types\/post"}],"author":[{"embeddable":true,"href":"https:\/\/www.gaidaphotos.com\/blog\/wp-json\/wp\/v2\/users\/6"}],"replies":[{"embeddable":true,"href":"https:\/\/www.gaidaphotos.com\/blog\/wp-json\/wp\/v2\/comments?post=528"}],"version-history":[{"count":0,"href":"https:\/\/www.gaidaphotos.com\/blog\/wp-json\/wp\/v2\/posts\/528\/revisions"}],"wp:attachment":[{"href":"https:\/\/www.gaidaphotos.com\/blog\/wp-json\/wp\/v2\/media?parent=528"}],"wp:term":[{"taxonomy":"category","embeddable":true,"href":"https:\/\/www.gaidaphotos.com\/blog\/wp-json\/wp\/v2\/categories?post=528"},{"taxonomy":"post_tag","embeddable":true,"href":"https:\/\/www.gaidaphotos.com\/blog\/wp-json\/wp\/v2\/tags?post=528"}],"curies":[{"name":"wp","href":"https:\/\/api.w.org\/{rel}","templated":true}]}}