{"id":55,"date":"2009-01-20T10:12:45","date_gmt":"2009-01-20T09:12:45","guid":{"rendered":"http:\/\/gaidaphotos.com\/blog\/2009\/01\/20\/die-ersten-wolken-ziehen-auf\/"},"modified":"2009-04-13T16:19:51","modified_gmt":"2009-04-13T15:19:51","slug":"die-ersten-wolken-ziehen-auf","status":"publish","type":"post","link":"https:\/\/www.gaidaphotos.com\/blog\/2009\/01\/20\/die-ersten-wolken-ziehen-auf\/","title":{"rendered":"Die ersten Wolken ziehen auf"},"content":{"rendered":"<div class=\"Lifeblog_Posting\">\n<div class=\"Lifeblog_Resource\"><img data-recalc-dims=\"1\" loading=\"lazy\" decoding=\"async\" src=\"https:\/\/i0.wp.com\/www.gaidaphotos.com\/blog\/wp-content\/uploads\/lifeblog-20012009031.jpg?resize=394%2C265&#038;ssl=1\" alt=\"wetter rodenkirchen\" width=\"394\" height=\"265\" \/><\/div>\n<p>Noch ist es ein sonniger Morgen aber im Westen ziehen Wolken auf.<\/p><\/div>\n","protected":false},"excerpt":{"rendered":"<p>Noch ist es ein sonniger Morgen aber im Westen ziehen Wolken auf.<\/p>\n","protected":false},"author":6,"featured_media":0,"comment_status":"closed","ping_status":"open","sticky":false,"template":"","format":"standard","meta":{"_crdt_document":"","ngg_post_thumbnail":0,"jetpack_post_was_ever_published":false,"_jetpack_newsletter_access":"","_jetpack_dont_email_post_to_subs":false,"_jetpack_newsletter_tier_id":0,"_jetpack_memberships_contains_paywalled_content":false,"_jetpack_memberships_contains_paid_content":false,"footnotes":"","jetpack_publicize_message":"","jetpack_publicize_feature_enabled":true,"jetpack_social_post_already_shared":false,"jetpack_social_options":{"image_generator_settings":{"template":"highway","default_image_id":0,"font":"","enabled":false},"version":2}},"categories":[20,74,52,18],"tags":[],"class_list":["post-55","post","type-post","status-publish","format-standard","hentry","category-mobile_news_von_unterwegs-n95","category-foto","category-koeln-rodenkirchen","category-mobile_news_von_unterwegs","comments-off"],"yoast_head":"<!-- This site is optimized with the Yoast SEO plugin v27.5 - https:\/\/yoast.com\/product\/yoast-seo-wordpress\/ -->\n<title>Die ersten Wolken ziehen auf - K\u00f6ln Rodenkirchen und die Welt<\/title>\n<meta name=\"robots\" content=\"index, follow, max-snippet:-1, max-image-preview:large, max-video-preview:-1\" \/>\n<link rel=\"canonical\" href=\"https:\/\/www.gaidaphotos.com\/blog\/2009\/01\/20\/die-ersten-wolken-ziehen-auf\/\" \/>\n<meta property=\"og:locale\" content=\"de_DE\" \/>\n<meta property=\"og:type\" content=\"article\" \/>\n<meta property=\"og:title\" content=\"Die ersten Wolken ziehen auf - K\u00f6ln Rodenkirchen und die Welt\" \/>\n<meta property=\"og:description\" content=\"Noch ist es ein sonniger Morgen aber im Westen ziehen Wolken auf.\" \/>\n<meta property=\"og:url\" content=\"https:\/\/www.gaidaphotos.com\/blog\/2009\/01\/20\/die-ersten-wolken-ziehen-auf\/\" \/>\n<meta property=\"og:site_name\" content=\"K\u00f6ln Rodenkirchen und die Welt\" \/>\n<meta property=\"article:publisher\" content=\"https:\/\/www.facebook.com\/Koeln.Rodenkirchen\" \/>\n<meta property=\"article:author\" content=\"https:\/\/www.facebook.com\/gaidaphotos\" \/>\n<meta property=\"article:published_time\" content=\"2009-01-20T09:12:45+00:00\" \/>\n<meta property=\"article:modified_time\" content=\"2009-04-13T15:19:51+00:00\" \/>\n<meta property=\"og:image\" content=\"https:\/\/www.gaidaphotos.com\/blog\/wp-content\/uploads\/lifeblog-20012009031.jpg\" \/>\n<meta name=\"author\" content=\"Thomas\" \/>\n<meta name=\"twitter:card\" content=\"summary_large_image\" \/>\n<meta name=\"twitter:creator\" content=\"@gaidaphotos\" \/>\n<meta name=\"twitter:site\" content=\"@gaidaphotos\" \/>\n<meta name=\"twitter:label1\" content=\"Verfasst von\" \/>\n\t<meta name=\"twitter:data1\" content=\"Thomas\" \/>\n<script type=\"application\/ld+json\" class=\"yoast-schema-graph\">{\"@context\":\"https:\\\/\\\/schema.org\",\"@graph\":[{\"@type\":\"Article\",\"@id\":\"https:\\\/\\\/www.gaidaphotos.com\\\/blog\\\/2009\\\/01\\\/20\\\/die-ersten-wolken-ziehen-auf\\\/#article\",\"isPartOf\":{\"@id\":\"https:\\\/\\\/www.gaidaphotos.com\\\/blog\\\/2009\\\/01\\\/20\\\/die-ersten-wolken-ziehen-auf\\\/\"},\"author\":{\"name\":\"Thomas\",\"@id\":\"https:\\\/\\\/www.gaidaphotos.com\\\/blog\\\/#\\\/schema\\\/person\\\/6c444a5b13ffc503c5c32f5a9ec68b21\"},\"headline\":\"Die ersten Wolken ziehen auf\",\"datePublished\":\"2009-01-20T09:12:45+00:00\",\"dateModified\":\"2009-04-13T15:19:51+00:00\",\"mainEntityOfPage\":{\"@id\":\"https:\\\/\\\/www.gaidaphotos.com\\\/blog\\\/2009\\\/01\\\/20\\\/die-ersten-wolken-ziehen-auf\\\/\"},\"wordCount\":17,\"publisher\":{\"@id\":\"https:\\\/\\\/www.gaidaphotos.com\\\/blog\\\/#organization\"},\"image\":{\"@id\":\"https:\\\/\\\/www.gaidaphotos.com\\\/blog\\\/2009\\\/01\\\/20\\\/die-ersten-wolken-ziehen-auf\\\/#primaryimage\"},\"thumbnailUrl\":\"https:\\\/\\\/www.gaidaphotos.com\\\/blog\\\/wp-content\\\/uploads\\\/lifeblog-20012009031.jpg\",\"articleSection\":[\"17\",\"Foto\",\"K\u00f6ln Rodenkirchen\",\"Mobil\"],\"inLanguage\":\"de\"},{\"@type\":\"WebPage\",\"@id\":\"https:\\\/\\\/www.gaidaphotos.com\\\/blog\\\/2009\\\/01\\\/20\\\/die-ersten-wolken-ziehen-auf\\\/\",\"url\":\"https:\\\/\\\/www.gaidaphotos.com\\\/blog\\\/2009\\\/01\\\/20\\\/die-ersten-wolken-ziehen-auf\\\/\",\"name\":\"Die ersten Wolken ziehen auf - K\u00f6ln Rodenkirchen und die Welt\",\"isPartOf\":{\"@id\":\"https:\\\/\\\/www.gaidaphotos.com\\\/blog\\\/#website\"},\"primaryImageOfPage\":{\"@id\":\"https:\\\/\\\/www.gaidaphotos.com\\\/blog\\\/2009\\\/01\\\/20\\\/die-ersten-wolken-ziehen-auf\\\/#primaryimage\"},\"image\":{\"@id\":\"https:\\\/\\\/www.gaidaphotos.com\\\/blog\\\/2009\\\/01\\\/20\\\/die-ersten-wolken-ziehen-auf\\\/#primaryimage\"},\"thumbnailUrl\":\"https:\\\/\\\/www.gaidaphotos.com\\\/blog\\\/wp-content\\\/uploads\\\/lifeblog-20012009031.jpg\",\"datePublished\":\"2009-01-20T09:12:45+00:00\",\"dateModified\":\"2009-04-13T15:19:51+00:00\",\"breadcrumb\":{\"@id\":\"https:\\\/\\\/www.gaidaphotos.com\\\/blog\\\/2009\\\/01\\\/20\\\/die-ersten-wolken-ziehen-auf\\\/#breadcrumb\"},\"inLanguage\":\"de\",\"potentialAction\":[{\"@type\":\"ReadAction\",\"target\":[\"https:\\\/\\\/www.gaidaphotos.com\\\/blog\\\/2009\\\/01\\\/20\\\/die-ersten-wolken-ziehen-auf\\\/\"]}]},{\"@type\":\"ImageObject\",\"inLanguage\":\"de\",\"@id\":\"https:\\\/\\\/www.gaidaphotos.com\\\/blog\\\/2009\\\/01\\\/20\\\/die-ersten-wolken-ziehen-auf\\\/#primaryimage\",\"url\":\"https:\\\/\\\/www.gaidaphotos.com\\\/blog\\\/wp-content\\\/uploads\\\/lifeblog-20012009031.jpg\",\"contentUrl\":\"https:\\\/\\\/www.gaidaphotos.com\\\/blog\\\/wp-content\\\/uploads\\\/lifeblog-20012009031.jpg\"},{\"@type\":\"BreadcrumbList\",\"@id\":\"https:\\\/\\\/www.gaidaphotos.com\\\/blog\\\/2009\\\/01\\\/20\\\/die-ersten-wolken-ziehen-auf\\\/#breadcrumb\",\"itemListElement\":[{\"@type\":\"ListItem\",\"position\":1,\"name\":\"Startseite\",\"item\":\"https:\\\/\\\/www.gaidaphotos.com\\\/blog\\\/\"},{\"@type\":\"ListItem\",\"position\":2,\"name\":\"Die ersten Wolken ziehen auf\"}]},{\"@type\":\"WebSite\",\"@id\":\"https:\\\/\\\/www.gaidaphotos.com\\\/blog\\\/#website\",\"url\":\"https:\\\/\\\/www.gaidaphotos.com\\\/blog\\\/\",\"name\":\"K\u00f6ln Rodenkirchen und die Welt\",\"description\":\"Einkaufen, Restaurants, Freizeit, Nachrichten und was uns sonst bewegt und begegnet\",\"publisher\":{\"@id\":\"https:\\\/\\\/www.gaidaphotos.com\\\/blog\\\/#organization\"},\"potentialAction\":[{\"@type\":\"SearchAction\",\"target\":{\"@type\":\"EntryPoint\",\"urlTemplate\":\"https:\\\/\\\/www.gaidaphotos.com\\\/blog\\\/?s={search_term_string}\"},\"query-input\":{\"@type\":\"PropertyValueSpecification\",\"valueRequired\":true,\"valueName\":\"search_term_string\"}}],\"inLanguage\":\"de\"},{\"@type\":\"Organization\",\"@id\":\"https:\\\/\\\/www.gaidaphotos.com\\\/blog\\\/#organization\",\"name\":\"gaidaphotos\",\"url\":\"https:\\\/\\\/www.gaidaphotos.com\\\/blog\\\/\",\"logo\":{\"@type\":\"ImageObject\",\"inLanguage\":\"de\",\"@id\":\"https:\\\/\\\/www.gaidaphotos.com\\\/blog\\\/#\\\/schema\\\/logo\\\/image\\\/\",\"url\":\"https:\\\/\\\/i0.wp.com\\\/www.gaidaphotos.com\\\/blog\\\/wp-content\\\/uploads\\\/2020\\\/07\\\/GAIDAPHOTOS-COM.jpg?fit=160%2C96&ssl=1\",\"contentUrl\":\"https:\\\/\\\/i0.wp.com\\\/www.gaidaphotos.com\\\/blog\\\/wp-content\\\/uploads\\\/2020\\\/07\\\/GAIDAPHOTOS-COM.jpg?fit=160%2C96&ssl=1\",\"width\":160,\"height\":96,\"caption\":\"gaidaphotos\"},\"image\":{\"@id\":\"https:\\\/\\\/www.gaidaphotos.com\\\/blog\\\/#\\\/schema\\\/logo\\\/image\\\/\"},\"sameAs\":[\"https:\\\/\\\/www.facebook.com\\\/Koeln.Rodenkirchen\",\"https:\\\/\\\/x.com\\\/gaidaphotos\",\"https:\\\/\\\/instagram.com\\\/gaidaphotos\\\/\",\"https:\\\/\\\/de.linkedin.com\\\/in\\\/gaidaphotos\",\"https:\\\/\\\/myspace.com\\\/gaidaphotos\",\"https:\\\/\\\/www.pinterest.com\\\/gaidaphotos\\\/\",\"https:\\\/\\\/www.youtube.com\\\/user\\\/gaidaphotos\"]},{\"@type\":\"Person\",\"@id\":\"https:\\\/\\\/www.gaidaphotos.com\\\/blog\\\/#\\\/schema\\\/person\\\/6c444a5b13ffc503c5c32f5a9ec68b21\",\"name\":\"Thomas\",\"sameAs\":[\"https:\\\/\\\/www.gaidaphotos.com\",\"https:\\\/\\\/www.facebook.com\\\/gaidaphotos\",\"https:\\\/\\\/instagram.com\\\/gaidaphotos\\\/\",\"https:\\\/\\\/www.linkedin.com\\\/in\\\/gaidaphotos\",\"http:\\\/\\\/www.pinterest.com\\\/gaidaphotos\\\/\",\"https:\\\/\\\/x.com\\\/gaidaphotos\",\"https:\\\/\\\/myspace.com\\\/gaidaphotos\",\"https:\\\/\\\/www.youtube.com\\\/user\\\/gaidaphotos\",\"https:\\\/\\\/gaidaphotos.tumblr.com\\\/\"]}]}<\/script>\n<!-- \/ Yoast SEO plugin. -->","yoast_head_json":{"title":"Die ersten Wolken ziehen auf - K\u00f6ln Rodenkirchen und die Welt","robots":{"index":"index","follow":"follow","max-snippet":"max-snippet:-1","max-image-preview":"max-image-preview:large","max-video-preview":"max-video-preview:-1"},"canonical":"https:\/\/www.gaidaphotos.com\/blog\/2009\/01\/20\/die-ersten-wolken-ziehen-auf\/","og_locale":"de_DE","og_type":"article","og_title":"Die ersten Wolken ziehen auf - K\u00f6ln Rodenkirchen und die Welt","og_description":"Noch ist es ein sonniger Morgen aber im Westen ziehen Wolken auf.","og_url":"https:\/\/www.gaidaphotos.com\/blog\/2009\/01\/20\/die-ersten-wolken-ziehen-auf\/","og_site_name":"K\u00f6ln Rodenkirchen und die Welt","article_publisher":"https:\/\/www.facebook.com\/Koeln.Rodenkirchen","article_author":"https:\/\/www.facebook.com\/gaidaphotos","article_published_time":"2009-01-20T09:12:45+00:00","article_modified_time":"2009-04-13T15:19:51+00:00","og_image":[{"url":"https:\/\/www.gaidaphotos.com\/blog\/wp-content\/uploads\/lifeblog-20012009031.jpg","type":"","width":"","height":""}],"author":"Thomas","twitter_card":"summary_large_image","twitter_creator":"@gaidaphotos","twitter_site":"@gaidaphotos","twitter_misc":{"Verfasst von":"Thomas"},"schema":{"@context":"https:\/\/schema.org","@graph":[{"@type":"Article","@id":"https:\/\/www.gaidaphotos.com\/blog\/2009\/01\/20\/die-ersten-wolken-ziehen-auf\/#article","isPartOf":{"@id":"https:\/\/www.gaidaphotos.com\/blog\/2009\/01\/20\/die-ersten-wolken-ziehen-auf\/"},"author":{"name":"Thomas","@id":"https:\/\/www.gaidaphotos.com\/blog\/#\/schema\/person\/6c444a5b13ffc503c5c32f5a9ec68b21"},"headline":"Die ersten Wolken ziehen auf","datePublished":"2009-01-20T09:12:45+00:00","dateModified":"2009-04-13T15:19:51+00:00","mainEntityOfPage":{"@id":"https:\/\/www.gaidaphotos.com\/blog\/2009\/01\/20\/die-ersten-wolken-ziehen-auf\/"},"wordCount":17,"publisher":{"@id":"https:\/\/www.gaidaphotos.com\/blog\/#organization"},"image":{"@id":"https:\/\/www.gaidaphotos.com\/blog\/2009\/01\/20\/die-ersten-wolken-ziehen-auf\/#primaryimage"},"thumbnailUrl":"https:\/\/www.gaidaphotos.com\/blog\/wp-content\/uploads\/lifeblog-20012009031.jpg","articleSection":["17","Foto","K\u00f6ln Rodenkirchen","Mobil"],"inLanguage":"de"},{"@type":"WebPage","@id":"https:\/\/www.gaidaphotos.com\/blog\/2009\/01\/20\/die-ersten-wolken-ziehen-auf\/","url":"https:\/\/www.gaidaphotos.com\/blog\/2009\/01\/20\/die-ersten-wolken-ziehen-auf\/","name":"Die ersten Wolken ziehen auf - K\u00f6ln Rodenkirchen und die Welt","isPartOf":{"@id":"https:\/\/www.gaidaphotos.com\/blog\/#website"},"primaryImageOfPage":{"@id":"https:\/\/www.gaidaphotos.com\/blog\/2009\/01\/20\/die-ersten-wolken-ziehen-auf\/#primaryimage"},"image":{"@id":"https:\/\/www.gaidaphotos.com\/blog\/2009\/01\/20\/die-ersten-wolken-ziehen-auf\/#primaryimage"},"thumbnailUrl":"https:\/\/www.gaidaphotos.com\/blog\/wp-content\/uploads\/lifeblog-20012009031.jpg","datePublished":"2009-01-20T09:12:45+00:00","dateModified":"2009-04-13T15:19:51+00:00","breadcrumb":{"@id":"https:\/\/www.gaidaphotos.com\/blog\/2009\/01\/20\/die-ersten-wolken-ziehen-auf\/#breadcrumb"},"inLanguage":"de","potentialAction":[{"@type":"ReadAction","target":["https:\/\/www.gaidaphotos.com\/blog\/2009\/01\/20\/die-ersten-wolken-ziehen-auf\/"]}]},{"@type":"ImageObject","inLanguage":"de","@id":"https:\/\/www.gaidaphotos.com\/blog\/2009\/01\/20\/die-ersten-wolken-ziehen-auf\/#primaryimage","url":"https:\/\/www.gaidaphotos.com\/blog\/wp-content\/uploads\/lifeblog-20012009031.jpg","contentUrl":"https:\/\/www.gaidaphotos.com\/blog\/wp-content\/uploads\/lifeblog-20012009031.jpg"},{"@type":"BreadcrumbList","@id":"https:\/\/www.gaidaphotos.com\/blog\/2009\/01\/20\/die-ersten-wolken-ziehen-auf\/#breadcrumb","itemListElement":[{"@type":"ListItem","position":1,"name":"Startseite","item":"https:\/\/www.gaidaphotos.com\/blog\/"},{"@type":"ListItem","position":2,"name":"Die ersten Wolken ziehen auf"}]},{"@type":"WebSite","@id":"https:\/\/www.gaidaphotos.com\/blog\/#website","url":"https:\/\/www.gaidaphotos.com\/blog\/","name":"K\u00f6ln Rodenkirchen und die Welt","description":"Einkaufen, Restaurants, Freizeit, Nachrichten und was uns sonst bewegt und begegnet","publisher":{"@id":"https:\/\/www.gaidaphotos.com\/blog\/#organization"},"potentialAction":[{"@type":"SearchAction","target":{"@type":"EntryPoint","urlTemplate":"https:\/\/www.gaidaphotos.com\/blog\/?s={search_term_string}"},"query-input":{"@type":"PropertyValueSpecification","valueRequired":true,"valueName":"search_term_string"}}],"inLanguage":"de"},{"@type":"Organization","@id":"https:\/\/www.gaidaphotos.com\/blog\/#organization","name":"gaidaphotos","url":"https:\/\/www.gaidaphotos.com\/blog\/","logo":{"@type":"ImageObject","inLanguage":"de","@id":"https:\/\/www.gaidaphotos.com\/blog\/#\/schema\/logo\/image\/","url":"https:\/\/i0.wp.com\/www.gaidaphotos.com\/blog\/wp-content\/uploads\/2020\/07\/GAIDAPHOTOS-COM.jpg?fit=160%2C96&ssl=1","contentUrl":"https:\/\/i0.wp.com\/www.gaidaphotos.com\/blog\/wp-content\/uploads\/2020\/07\/GAIDAPHOTOS-COM.jpg?fit=160%2C96&ssl=1","width":160,"height":96,"caption":"gaidaphotos"},"image":{"@id":"https:\/\/www.gaidaphotos.com\/blog\/#\/schema\/logo\/image\/"},"sameAs":["https:\/\/www.facebook.com\/Koeln.Rodenkirchen","https:\/\/x.com\/gaidaphotos","https:\/\/instagram.com\/gaidaphotos\/","https:\/\/de.linkedin.com\/in\/gaidaphotos","https:\/\/myspace.com\/gaidaphotos","https:\/\/www.pinterest.com\/gaidaphotos\/","https:\/\/www.youtube.com\/user\/gaidaphotos"]},{"@type":"Person","@id":"https:\/\/www.gaidaphotos.com\/blog\/#\/schema\/person\/6c444a5b13ffc503c5c32f5a9ec68b21","name":"Thomas","sameAs":["https:\/\/www.gaidaphotos.com","https:\/\/www.facebook.com\/gaidaphotos","https:\/\/instagram.com\/gaidaphotos\/","https:\/\/www.linkedin.com\/in\/gaidaphotos","http:\/\/www.pinterest.com\/gaidaphotos\/","https:\/\/x.com\/gaidaphotos","https:\/\/myspace.com\/gaidaphotos","https:\/\/www.youtube.com\/user\/gaidaphotos","https:\/\/gaidaphotos.tumblr.com\/"]}]}},"jetpack_publicize_connections":[],"jetpack_featured_media_url":"","jetpack_sharing_enabled":true,"jetpack_likes_enabled":true,"jetpack-related-posts":[{"id":470,"url":"https:\/\/www.gaidaphotos.com\/blog\/2009\/04\/17\/lifeblog-inhalt-3\/","url_meta":{"origin":55,"position":0},"title":"Bau-wahnsinn Fortsetzung K\u00f6ln Rodenkirchen","author":"Thomas","date":"17. April 2009","format":false,"excerpt":"Ein weiteres Foto von den flei\u00dfigen Stra\u00dfenarbeitern im Auftrag der Stadt K\u00f6ln. Sperren wir erstmal f\u00fcr 3 Tage und schicken wir die Arbeiter in's fr\u00fche Wochenende? Die Maschinen in K\u00f6ln Rodenkirchen Nibelungenweg rosten im Regen so vor sich hin. Wer RASTET der ROSTET - Volksmund - Mu\u00df sich aber um\u2026","rel":"","context":"In &quot;17&quot;","block_context":{"text":"17","link":"https:\/\/www.gaidaphotos.com\/blog\/category\/mobile_news_von_unterwegs\/mobile_news_von_unterwegs-n95\/"},"img":{"alt_text":"","src":"","width":0,"height":0},"classes":[]},{"id":3411,"url":"https:\/\/www.gaidaphotos.com\/blog\/2010\/11\/03\/verkaufsoffener-sonntag-31-10-2010-in-koeln-marsdorf-herbstmarkt\/","url_meta":{"origin":55,"position":1},"title":"Verkaufsoffener Sonntag 31.10.2010 in K\u00f6ln Marsdorf &#8222;Martinsmarkt&#8220;","author":"Thomas","date":"3. November 2010","format":false,"excerpt":"Verkaufsoffener Sonntag 7.11.2010 in K\u00f6ln Marsdorf \"Martinsmarkt\" In den Stra\u00dfen und Str\u00e4\u00dfchen, Winkeln und Gassen in K\u00f6ln Marsdorf - zwischen Autobahnkreuz West - Bundesautobahn A 4 - Gleueler Stra\u00dfe - s\u00fcdwestliche Stadtgrenze - Bundesautobahn A 1 - k\u00f6nnen Sie am verkaufsoffenen Sonntag 7.11.2010 nach Herzenslust Shoppen. Am 7.11.2010 ist in\u2026","rel":"","context":"In &quot;Verkaufsoffener Sonntag K\u00f6ln NRW&quot;","block_context":{"text":"Verkaufsoffener Sonntag K\u00f6ln NRW","link":"https:\/\/www.gaidaphotos.com\/blog\/category\/kalender-archiv\/verkaufsoffener-sonntag-koln-nrw\/"},"img":{"alt_text":"","src":"","width":0,"height":0},"classes":[]},{"id":6817,"url":"https:\/\/www.gaidaphotos.com\/blog\/2014\/06\/29\/strassenfest-in-rodenkirchen\/","url_meta":{"origin":55,"position":2},"title":"Stra\u00dfenfest in Rodenkirchen","author":"Thomas","date":"29. Juni 2014","format":false,"excerpt":"Rodenkirchen trotzt Regenwetter Der Wettergott meint es nicht gut mit der \"K\u00f6lschen Riviera\" in diesem Jahr. Immer wieder tr\u00fcben dunkle Wolken und Gewitter das Vergn\u00fcgen. Die wenigen trockenen Minuten und noch weniger Sonnenstrahlen werden umso intendiver genutzt. Das Angebot ist in diesem Jahr bunter und interessanter mit sehr viel lokaler\u2026","rel":"","context":"In &quot;K\u00f6ln Rodenkirchen Freizeit&quot;","block_context":{"text":"K\u00f6ln Rodenkirchen Freizeit","link":"https:\/\/www.gaidaphotos.com\/blog\/category\/koeln-rodenkirchen\/koeln-rodenkirchen-freizeit\/"},"img":{"alt_text":"","src":"https:\/\/i0.wp.com\/www.gaidaphotos.com\/blog\/wp-content\/uploads\/2014\/06\/wpid-img_1698.jpg?fit=730%2C548&ssl=1&resize=350%2C200","width":350,"height":200,"srcset":"https:\/\/i0.wp.com\/www.gaidaphotos.com\/blog\/wp-content\/uploads\/2014\/06\/wpid-img_1698.jpg?fit=730%2C548&ssl=1&resize=350%2C200 1x, https:\/\/i0.wp.com\/www.gaidaphotos.com\/blog\/wp-content\/uploads\/2014\/06\/wpid-img_1698.jpg?fit=730%2C548&ssl=1&resize=525%2C300 1.5x, https:\/\/i0.wp.com\/www.gaidaphotos.com\/blog\/wp-content\/uploads\/2014\/06\/wpid-img_1698.jpg?fit=730%2C548&ssl=1&resize=700%2C400 2x"},"classes":[]},{"id":3486,"url":"https:\/\/www.gaidaphotos.com\/blog\/2011\/01\/10\/rhein-hochwasser-2011-in-koeln-rodenkirchen-aktuelle-fotos\/","url_meta":{"origin":55,"position":3},"title":"Rhein-Hochwasser 2011 in K\u00f6ln-Rodenkirchen: Aktuelle Fotos","author":"Thomas","date":"10. Januar 2011","format":false,"excerpt":"Rhein-Hochwasser 2011 in K\u00f6ln-Rodenkirchen: Aktuelle Fotos Eigentlich ist es jedes Jahr dasselbe. Erst regnet es stark und dann kommt das Hochwasser an Weihnachten. Alte Rodenkirchener kennen das Rhein-hochwassser zu dieser zeit als \"Weihnachtshochwasser\". Und ebenso regelm\u00e4\u00dfig \"soff\" das Rheinufer und das Auenviertel in K\u00f6ln-Rodenkirchen ab. Seit einigen Jahren sch\u00fctzt ein\u2026","rel":"","context":"In &quot;K\u00f6ln Rodenkirchen&quot;","block_context":{"text":"K\u00f6ln Rodenkirchen","link":"https:\/\/www.gaidaphotos.com\/blog\/category\/koeln-rodenkirchen\/"},"img":{"alt_text":"","src":"","width":0,"height":0},"classes":[]},{"id":3453,"url":"https:\/\/www.gaidaphotos.com\/blog\/2010\/11\/30\/verkaufsoffener-sonntag-weihnachtsmarkt-in-koeln-nippes-am-5-12-2010\/","url_meta":{"origin":55,"position":4},"title":"verkaufsoffener Sonntag &#038; Weihnachtsmarkt in K\u00f6ln Nippes am 5.12.2010","author":"Thomas","date":"30. November 2010","format":false,"excerpt":"verkaufsoffener Sonntag & Weihnachtsmarkt in K\u00f6ln Nippes am 5.12.2010 In den Stra\u00dfen und Str\u00e4\u00dfchen, Winkeln und Gassen in K\u00f6ln-Nippes zwischen Mauenheimer G\u00fcrtel - westlich der Amsterdamer Stra\u00dfe - Innere Kanalstra\u00dfe - Bahntrasse k\u00f6nnen Sie am verkaufsoffenen Sonntag nach Herzenslust Shoppen. Weihnachtsmarkt und Nikolausmarkt auf dem Schillplatz Veedelstreff von Nippeser Kaufleuten,\u2026","rel":"","context":"In &quot;Verkaufsoffener Sonntag K\u00f6ln NRW&quot;","block_context":{"text":"Verkaufsoffener Sonntag K\u00f6ln NRW","link":"https:\/\/www.gaidaphotos.com\/blog\/category\/kalender-archiv\/verkaufsoffener-sonntag-koln-nrw\/"},"img":{"alt_text":"","src":"","width":0,"height":0},"classes":[]},{"id":3590,"url":"https:\/\/www.gaidaphotos.com\/blog\/2011\/08\/02\/strassenfes-7-8-2011-koeln-deutz\/","url_meta":{"origin":55,"position":5},"title":"Stra\u00dfenfest &#038; verkaufsoffener Sonntag 7.8.2011 in K\u00f6ln Deutz","author":"Thomas","date":"2. August 2011","format":false,"excerpt":"Verkaufsoffener Sonntag 7.8.2011 in K\u00f6ln Deutz Beim 13. Deutzer Stra\u00dfenfest steht die Familie im Mittelpunkt Zum zweiten Mal in diesem Jahr lockt ein verkaufsoffener Sonntag die K\u00f6lner ins rechtsrheinische Deutz. Dort \u00f6ffnen am Sonntag 7. August 2011 von 13 bis 18 Uhr weit \u00fcber 50 Gesch\u00e4fte. Eingebunden ist der Event\u2026","rel":"","context":"In &quot;Verkaufsoffener Sonntag K\u00f6ln NRW&quot;","block_context":{"text":"Verkaufsoffener Sonntag K\u00f6ln NRW","link":"https:\/\/www.gaidaphotos.com\/blog\/category\/kalender-archiv\/verkaufsoffener-sonntag-koln-nrw\/"},"img":{"alt_text":"","src":"https:\/\/www.gaidaphotos.com\/blog\/wp-content\/uploads\/2020\/08\/nggallery_import\/78_","width":350,"height":200},"classes":[]}],"_links":{"self":[{"href":"https:\/\/www.gaidaphotos.com\/blog\/wp-json\/wp\/v2\/posts\/55","targetHints":{"allow":["GET"]}}],"collection":[{"href":"https:\/\/www.gaidaphotos.com\/blog\/wp-json\/wp\/v2\/posts"}],"about":[{"href":"https:\/\/www.gaidaphotos.com\/blog\/wp-json\/wp\/v2\/types\/post"}],"author":[{"embeddable":true,"href":"https:\/\/www.gaidaphotos.com\/blog\/wp-json\/wp\/v2\/users\/6"}],"replies":[{"embeddable":true,"href":"https:\/\/www.gaidaphotos.com\/blog\/wp-json\/wp\/v2\/comments?post=55"}],"version-history":[{"count":0,"href":"https:\/\/www.gaidaphotos.com\/blog\/wp-json\/wp\/v2\/posts\/55\/revisions"}],"wp:attachment":[{"href":"https:\/\/www.gaidaphotos.com\/blog\/wp-json\/wp\/v2\/media?parent=55"}],"wp:term":[{"taxonomy":"category","embeddable":true,"href":"https:\/\/www.gaidaphotos.com\/blog\/wp-json\/wp\/v2\/categories?post=55"},{"taxonomy":"post_tag","embeddable":true,"href":"https:\/\/www.gaidaphotos.com\/blog\/wp-json\/wp\/v2\/tags?post=55"}],"curies":[{"name":"wp","href":"https:\/\/api.w.org\/{rel}","templated":true}]}}