{"id":5603,"date":"2013-07-01T15:23:55","date_gmt":"2013-07-01T13:23:55","guid":{"rendered":"http:\/\/www.gaidaphotos.com\/blog\/?p=5603"},"modified":"2020-12-28T12:18:35","modified_gmt":"2020-12-28T11:18:35","slug":"sommerfest-2013-ein-voller-erfolg","status":"publish","type":"post","link":"https:\/\/www.gaidaphotos.com\/blog\/2013\/07\/01\/sommerfest-2013-ein-voller-erfolg\/","title":{"rendered":"Sommerfest 2013 ein voller Erfolg"},"content":{"rendered":"<h2>Rodenkirchener Sommerfest 2013<br \/>\nein voller Erfolg<\/h2>\n<p><figure style=\"width: 165px\" class=\"wp-caption alignleft\"><a rel=\"lightbox[]\" href=\"https:\/\/i0.wp.com\/www.gaidaphotos.com\/blog\/wp-content\/gallery\/rodenkirchen-sommerfest-2013\/rodenkirchen-sommerfest-2013-09.jpg?ssl=1\" title=\"Rodenkirchener Sommerfest 2013\"><img data-recalc-dims=\"1\" decoding=\"async\" src=\"https:\/\/i0.wp.com\/www.gaidaphotos.com\/blog\/wp-content\/gallery\/rodenkirchen-sommerfest-2013\/thumbs\/thumbs_rodenkirchen-sommerfest-2013-09.jpg?w=910&#038;ssl=1\" alt=\"Rodenkirchener Sommerfest 2013\" class=\"ngg-singlepic ngg-none\"><\/a><figcaption class=\"wp-caption-text\">Sommerfest 2013<\/figcaption><\/figure>Als dann am Sonntag Nachmittag auch noch die Sonne schien war es ein <strong>perfektes Sommerfest 2013<\/strong>.<br \/>\nViele Jahre haben wir einen solchen Andrang am Sonntagnachmittag beim Rodenkirchener Stra\u00dfenfest nicht mehr erlebt. Die Hauptstra\u00dfe war so voll Menschen gepackt, dass es zeitweilig sogar zu Staus kam. Die Rodenkirchener haben aber diesmal auch richtig Gl\u00fcck gehabt mit dem Sommerfest. Am Wochenende war bei den meisten schon das Gehalt auf dem Konto und nach den langen kalten und regnerischen Wochen zog es die Besucher in Str\u00f6men zum Sommerfest.<\/p>\n<h3>Manege frei in Rodenkirchen?<\/h3>\n<p>Vieles stimmte beim <strong>Sommerfest 2013 in Rodenkirchen<\/strong>. Das <strong>Angebot <\/strong>an Waren war wertig und recht ausgefallen. Lange haben wir keine so interessanten Schn\u00e4ppchen gesehen. Und nur ganz wenige der zugereisten H\u00e4ndler hatten billige Waren an Ihrem Stand.<br \/>\nSehr auffallend, positiv, war die <strong>kulinarische Vielfalt<\/strong>. Asia Grill, Buger-Bus, Fladenbrote, afrikanische Spezialit\u00e4ten &#8211;  reichliche Auswahl von guter Qualit\u00e4t war an jeder Ecke und auch dazwischen zu finden.<br \/>\nErfreulich auch, wie viele <strong>Dienstleister <\/strong>das Sommerfest nutzen, um Ihr Angebot bekannt zu machen. Da \u00fcberraschte die Vielfalt, die in und f\u00fcr Rodenkirchen verf\u00fcgbar ist.<\/p>\n<p>Nur die Manege, die Gaukler, Akrobaten und Zauberer waren sehr d\u00fcnn gestreut. Oder sollten Ballonbastler, Stelzenmann und Orgelspielerin der ganze Zirkus gewesene sein? Da fragt man sich, warum das Rodenkirchener Stra\u00dfenfest \u00fcberhaupt ein<strong> Motto braucht<\/strong>? Andere Veedel, z.B. Stra\u00dfenfest Landmannstra\u00dfe ebenfalls gestern, kommen auch ohne aus.<br \/>\nInsgesamt gibt es viel zu viele Marken und Botschaften in Rodenkirchen und beim Rodenkirchener Sommerfest 2013. &#8222;<strong>Treffpunkt Rodenkirchen<\/strong>&#8220; ist die neu erfundene Marke, unter der die Gesch\u00e4ftwelt aus K\u00f6lns s\u00fcdlichstem Stadtteil auftritt. Klingt irgendwie nach Bahnhof oder Flughafen.<br \/>\nWarum bel\u00e4sst man es nicht bei Rodenkirchens inoffizieller Zweitbezeichnung &#8222;<strong>K\u00f6lner Riviera<\/strong>&#8222;! Da wei\u00df man gleich worauf man sich einl\u00e4sst. Und &#8222;Riviera&#8220; klingt allemal besser und mond\u00e4ner als &#8222;Treffpunkt&#8220;.<\/p>\n<h3>New York, Paris, London, Rodenkirchen<\/h3>\n<p>Ein gro\u00dfer Hit und sch\u00f6ner Werbegag f\u00fcr K\u00f6ln sind die neuen <strong>T-Shirts<\/strong> mit der Aufschrift &#8222;New York, Paris, London, Rodenkirchen&#8220;. Das klingt doch anders als &#8222;Manege frei f\u00fcr Rodenkirchener Freizeittiger&#8220;. Super Idee der IG Rodenkirchen sind die T-Shirts f\u00fcr 10-15 \u20ac.<\/p>\n<h3>Fotos vom Rodenkirchener Sommerfest 2013<\/h3>\n<p>Hier noch ein paar ganz pers\u00f6nliche Eindr\u00fccke vom diesj\u00e4hrigen Stra\u00dfenfest.<br \/>\nngg_shortcode_0_placeholder<\/p>\n","protected":false},"excerpt":{"rendered":"<p>Rodenkirchener Sommerfest 2013 ein voller Erfolg Als dann am Sonntag Nachmittag auch noch die Sonne schien war es ein perfektes<\/p>\n","protected":false},"author":6,"featured_media":12414,"comment_status":"open","ping_status":"open","sticky":false,"template":"","format":"standard","meta":{"_crdt_document":"","ngg_post_thumbnail":0,"jetpack_post_was_ever_published":false,"_jetpack_newsletter_access":"","_jetpack_dont_email_post_to_subs":false,"_jetpack_newsletter_tier_id":0,"_jetpack_memberships_contains_paywalled_content":false,"_jetpack_memberships_contains_paid_content":false,"footnotes":"","jetpack_publicize_message":"","jetpack_publicize_feature_enabled":true,"jetpack_social_post_already_shared":true,"jetpack_social_options":{"image_generator_settings":{"template":"highway","default_image_id":0,"font":"","enabled":false},"version":2}},"categories":[101,135,362],"tags":[538,153],"class_list":["post-5603","post","type-post","status-publish","format-standard","has-post-thumbnail","hentry","category-koeln-rodenkirchen-freizeit","category-koeln_rodenkirchen-fotos","category-strasenfest-koln","tag-koeln-rodenkirchen","tag-strassenfest"],"yoast_head":"<!-- This site is optimized with the Yoast SEO plugin v27.5 - https:\/\/yoast.com\/product\/yoast-seo-wordpress\/ -->\n<title>Sommerfest Rodenkirchen 2013 - Fotos<\/title>\n<meta name=\"description\" content=\"Bericht und Fotos vom rundum gelungenen Stra\u00dfenfest 2013 in K\u00f6ln Rodenkirchen.\" \/>\n<meta name=\"robots\" content=\"index, follow, max-snippet:-1, max-image-preview:large, max-video-preview:-1\" \/>\n<link rel=\"canonical\" href=\"https:\/\/www.gaidaphotos.com\/blog\/2013\/07\/01\/sommerfest-2013-ein-voller-erfolg\/\" \/>\n<meta property=\"og:locale\" content=\"de_DE\" \/>\n<meta property=\"og:type\" content=\"article\" \/>\n<meta property=\"og:title\" content=\"Sommerfest Rodenkirchen 2013 - Fotos\" \/>\n<meta property=\"og:description\" content=\"Bericht und Fotos vom rundum gelungenen Stra\u00dfenfest 2013 in K\u00f6ln Rodenkirchen.\" \/>\n<meta property=\"og:url\" content=\"https:\/\/www.gaidaphotos.com\/blog\/2013\/07\/01\/sommerfest-2013-ein-voller-erfolg\/\" \/>\n<meta property=\"og:site_name\" content=\"K\u00f6ln Rodenkirchen und die Welt\" \/>\n<meta property=\"article:publisher\" content=\"https:\/\/www.facebook.com\/Koeln.Rodenkirchen\" \/>\n<meta property=\"article:author\" content=\"https:\/\/www.facebook.com\/gaidaphotos\" \/>\n<meta property=\"article:published_time\" content=\"2013-07-01T13:23:55+00:00\" \/>\n<meta property=\"article:modified_time\" content=\"2020-12-28T11:18:35+00:00\" \/>\n<meta property=\"og:image\" content=\"https:\/\/www.gaidaphotos.com\/blog\/wp-content\/uploads\/2020\/08\/nggallery_import\/127_\" \/>\n\t<meta property=\"og:image:width\" content=\"667\" \/>\n\t<meta property=\"og:image:height\" content=\"1000\" \/>\n\t<meta property=\"og:image:type\" content=\"image\/jpeg\" \/>\n<meta name=\"author\" content=\"Thomas\" \/>\n<meta name=\"twitter:card\" content=\"summary_large_image\" \/>\n<meta name=\"twitter:creator\" content=\"@gaidaphotos\" \/>\n<meta name=\"twitter:site\" content=\"@gaidaphotos\" \/>\n<meta name=\"twitter:label1\" content=\"Verfasst von\" \/>\n\t<meta name=\"twitter:data1\" content=\"Thomas\" \/>\n\t<meta name=\"twitter:label2\" content=\"Gesch\u00e4tzte Lesezeit\" \/>\n\t<meta name=\"twitter:data2\" content=\"2\u00a0Minuten\" \/>\n<script type=\"application\/ld+json\" class=\"yoast-schema-graph\">{\"@context\":\"https:\\\/\\\/schema.org\",\"@graph\":[{\"@type\":\"Article\",\"@id\":\"https:\\\/\\\/www.gaidaphotos.com\\\/blog\\\/2013\\\/07\\\/01\\\/sommerfest-2013-ein-voller-erfolg\\\/#article\",\"isPartOf\":{\"@id\":\"https:\\\/\\\/www.gaidaphotos.com\\\/blog\\\/2013\\\/07\\\/01\\\/sommerfest-2013-ein-voller-erfolg\\\/\"},\"author\":{\"name\":\"Thomas\",\"@id\":\"https:\\\/\\\/www.gaidaphotos.com\\\/blog\\\/#\\\/schema\\\/person\\\/6c444a5b13ffc503c5c32f5a9ec68b21\"},\"headline\":\"Sommerfest 2013 ein voller Erfolg\",\"datePublished\":\"2013-07-01T13:23:55+00:00\",\"dateModified\":\"2020-12-28T11:18:35+00:00\",\"mainEntityOfPage\":{\"@id\":\"https:\\\/\\\/www.gaidaphotos.com\\\/blog\\\/2013\\\/07\\\/01\\\/sommerfest-2013-ein-voller-erfolg\\\/\"},\"wordCount\":404,\"commentCount\":0,\"publisher\":{\"@id\":\"https:\\\/\\\/www.gaidaphotos.com\\\/blog\\\/#organization\"},\"image\":{\"@id\":\"https:\\\/\\\/www.gaidaphotos.com\\\/blog\\\/2013\\\/07\\\/01\\\/sommerfest-2013-ein-voller-erfolg\\\/#primaryimage\"},\"thumbnailUrl\":\"https:\\\/\\\/www.gaidaphotos.com\\\/blog\\\/wp-content\\\/uploads\\\/2020\\\/08\\\/nggallery_import\\\/127_\",\"keywords\":[\"K\u00f6ln Rodenkirchen\",\"Strassenfest\"],\"articleSection\":[\"K\u00f6ln Rodenkirchen Freizeit\",\"K\u00f6ln-Rodenkirchen Fotos\",\"Stra\u00dfenfest K\u00f6ln\"],\"inLanguage\":\"de\",\"potentialAction\":[{\"@type\":\"CommentAction\",\"name\":\"Comment\",\"target\":[\"https:\\\/\\\/www.gaidaphotos.com\\\/blog\\\/2013\\\/07\\\/01\\\/sommerfest-2013-ein-voller-erfolg\\\/#respond\"]}]},{\"@type\":\"WebPage\",\"@id\":\"https:\\\/\\\/www.gaidaphotos.com\\\/blog\\\/2013\\\/07\\\/01\\\/sommerfest-2013-ein-voller-erfolg\\\/\",\"url\":\"https:\\\/\\\/www.gaidaphotos.com\\\/blog\\\/2013\\\/07\\\/01\\\/sommerfest-2013-ein-voller-erfolg\\\/\",\"name\":\"Sommerfest Rodenkirchen 2013 - Fotos\",\"isPartOf\":{\"@id\":\"https:\\\/\\\/www.gaidaphotos.com\\\/blog\\\/#website\"},\"primaryImageOfPage\":{\"@id\":\"https:\\\/\\\/www.gaidaphotos.com\\\/blog\\\/2013\\\/07\\\/01\\\/sommerfest-2013-ein-voller-erfolg\\\/#primaryimage\"},\"image\":{\"@id\":\"https:\\\/\\\/www.gaidaphotos.com\\\/blog\\\/2013\\\/07\\\/01\\\/sommerfest-2013-ein-voller-erfolg\\\/#primaryimage\"},\"thumbnailUrl\":\"https:\\\/\\\/www.gaidaphotos.com\\\/blog\\\/wp-content\\\/uploads\\\/2020\\\/08\\\/nggallery_import\\\/127_\",\"datePublished\":\"2013-07-01T13:23:55+00:00\",\"dateModified\":\"2020-12-28T11:18:35+00:00\",\"description\":\"Bericht und Fotos vom rundum gelungenen Stra\u00dfenfest 2013 in K\u00f6ln Rodenkirchen.\",\"breadcrumb\":{\"@id\":\"https:\\\/\\\/www.gaidaphotos.com\\\/blog\\\/2013\\\/07\\\/01\\\/sommerfest-2013-ein-voller-erfolg\\\/#breadcrumb\"},\"inLanguage\":\"de\",\"potentialAction\":[{\"@type\":\"ReadAction\",\"target\":[\"https:\\\/\\\/www.gaidaphotos.com\\\/blog\\\/2013\\\/07\\\/01\\\/sommerfest-2013-ein-voller-erfolg\\\/\"]}]},{\"@type\":\"ImageObject\",\"inLanguage\":\"de\",\"@id\":\"https:\\\/\\\/www.gaidaphotos.com\\\/blog\\\/2013\\\/07\\\/01\\\/sommerfest-2013-ein-voller-erfolg\\\/#primaryimage\",\"url\":\"https:\\\/\\\/www.gaidaphotos.com\\\/blog\\\/wp-content\\\/uploads\\\/2020\\\/08\\\/nggallery_import\\\/127_\",\"contentUrl\":\"https:\\\/\\\/www.gaidaphotos.com\\\/blog\\\/wp-content\\\/uploads\\\/2020\\\/08\\\/nggallery_import\\\/127_\",\"width\":667,\"height\":1000},{\"@type\":\"BreadcrumbList\",\"@id\":\"https:\\\/\\\/www.gaidaphotos.com\\\/blog\\\/2013\\\/07\\\/01\\\/sommerfest-2013-ein-voller-erfolg\\\/#breadcrumb\",\"itemListElement\":[{\"@type\":\"ListItem\",\"position\":1,\"name\":\"Startseite\",\"item\":\"https:\\\/\\\/www.gaidaphotos.com\\\/blog\\\/\"},{\"@type\":\"ListItem\",\"position\":2,\"name\":\"Sommerfest 2013 ein voller Erfolg\"}]},{\"@type\":\"WebSite\",\"@id\":\"https:\\\/\\\/www.gaidaphotos.com\\\/blog\\\/#website\",\"url\":\"https:\\\/\\\/www.gaidaphotos.com\\\/blog\\\/\",\"name\":\"K\u00f6ln Rodenkirchen und die Welt\",\"description\":\"Einkaufen, Restaurants, Freizeit, Nachrichten und was uns sonst bewegt und begegnet\",\"publisher\":{\"@id\":\"https:\\\/\\\/www.gaidaphotos.com\\\/blog\\\/#organization\"},\"potentialAction\":[{\"@type\":\"SearchAction\",\"target\":{\"@type\":\"EntryPoint\",\"urlTemplate\":\"https:\\\/\\\/www.gaidaphotos.com\\\/blog\\\/?s={search_term_string}\"},\"query-input\":{\"@type\":\"PropertyValueSpecification\",\"valueRequired\":true,\"valueName\":\"search_term_string\"}}],\"inLanguage\":\"de\"},{\"@type\":\"Organization\",\"@id\":\"https:\\\/\\\/www.gaidaphotos.com\\\/blog\\\/#organization\",\"name\":\"gaidaphotos\",\"url\":\"https:\\\/\\\/www.gaidaphotos.com\\\/blog\\\/\",\"logo\":{\"@type\":\"ImageObject\",\"inLanguage\":\"de\",\"@id\":\"https:\\\/\\\/www.gaidaphotos.com\\\/blog\\\/#\\\/schema\\\/logo\\\/image\\\/\",\"url\":\"https:\\\/\\\/i0.wp.com\\\/www.gaidaphotos.com\\\/blog\\\/wp-content\\\/uploads\\\/2020\\\/07\\\/GAIDAPHOTOS-COM.jpg?fit=160%2C96&ssl=1\",\"contentUrl\":\"https:\\\/\\\/i0.wp.com\\\/www.gaidaphotos.com\\\/blog\\\/wp-content\\\/uploads\\\/2020\\\/07\\\/GAIDAPHOTOS-COM.jpg?fit=160%2C96&ssl=1\",\"width\":160,\"height\":96,\"caption\":\"gaidaphotos\"},\"image\":{\"@id\":\"https:\\\/\\\/www.gaidaphotos.com\\\/blog\\\/#\\\/schema\\\/logo\\\/image\\\/\"},\"sameAs\":[\"https:\\\/\\\/www.facebook.com\\\/Koeln.Rodenkirchen\",\"https:\\\/\\\/x.com\\\/gaidaphotos\",\"https:\\\/\\\/instagram.com\\\/gaidaphotos\\\/\",\"https:\\\/\\\/de.linkedin.com\\\/in\\\/gaidaphotos\",\"https:\\\/\\\/myspace.com\\\/gaidaphotos\",\"https:\\\/\\\/www.pinterest.com\\\/gaidaphotos\\\/\",\"https:\\\/\\\/www.youtube.com\\\/user\\\/gaidaphotos\"]},{\"@type\":\"Person\",\"@id\":\"https:\\\/\\\/www.gaidaphotos.com\\\/blog\\\/#\\\/schema\\\/person\\\/6c444a5b13ffc503c5c32f5a9ec68b21\",\"name\":\"Thomas\",\"sameAs\":[\"https:\\\/\\\/www.gaidaphotos.com\",\"https:\\\/\\\/www.facebook.com\\\/gaidaphotos\",\"https:\\\/\\\/instagram.com\\\/gaidaphotos\\\/\",\"https:\\\/\\\/www.linkedin.com\\\/in\\\/gaidaphotos\",\"http:\\\/\\\/www.pinterest.com\\\/gaidaphotos\\\/\",\"https:\\\/\\\/x.com\\\/gaidaphotos\",\"https:\\\/\\\/myspace.com\\\/gaidaphotos\",\"https:\\\/\\\/www.youtube.com\\\/user\\\/gaidaphotos\",\"https:\\\/\\\/gaidaphotos.tumblr.com\\\/\"]}]}<\/script>\n<!-- \/ Yoast SEO plugin. -->","yoast_head_json":{"title":"Sommerfest Rodenkirchen 2013 - Fotos","description":"Bericht und Fotos vom rundum gelungenen Stra\u00dfenfest 2013 in K\u00f6ln Rodenkirchen.","robots":{"index":"index","follow":"follow","max-snippet":"max-snippet:-1","max-image-preview":"max-image-preview:large","max-video-preview":"max-video-preview:-1"},"canonical":"https:\/\/www.gaidaphotos.com\/blog\/2013\/07\/01\/sommerfest-2013-ein-voller-erfolg\/","og_locale":"de_DE","og_type":"article","og_title":"Sommerfest Rodenkirchen 2013 - Fotos","og_description":"Bericht und Fotos vom rundum gelungenen Stra\u00dfenfest 2013 in K\u00f6ln Rodenkirchen.","og_url":"https:\/\/www.gaidaphotos.com\/blog\/2013\/07\/01\/sommerfest-2013-ein-voller-erfolg\/","og_site_name":"K\u00f6ln Rodenkirchen und die Welt","article_publisher":"https:\/\/www.facebook.com\/Koeln.Rodenkirchen","article_author":"https:\/\/www.facebook.com\/gaidaphotos","article_published_time":"2013-07-01T13:23:55+00:00","article_modified_time":"2020-12-28T11:18:35+00:00","og_image":[{"width":667,"height":1000,"url":"https:\/\/www.gaidaphotos.com\/blog\/wp-content\/uploads\/2020\/08\/nggallery_import\/127_","type":"image\/jpeg"}],"author":"Thomas","twitter_card":"summary_large_image","twitter_creator":"@gaidaphotos","twitter_site":"@gaidaphotos","twitter_misc":{"Verfasst von":"Thomas","Gesch\u00e4tzte Lesezeit":"2\u00a0Minuten"},"schema":{"@context":"https:\/\/schema.org","@graph":[{"@type":"Article","@id":"https:\/\/www.gaidaphotos.com\/blog\/2013\/07\/01\/sommerfest-2013-ein-voller-erfolg\/#article","isPartOf":{"@id":"https:\/\/www.gaidaphotos.com\/blog\/2013\/07\/01\/sommerfest-2013-ein-voller-erfolg\/"},"author":{"name":"Thomas","@id":"https:\/\/www.gaidaphotos.com\/blog\/#\/schema\/person\/6c444a5b13ffc503c5c32f5a9ec68b21"},"headline":"Sommerfest 2013 ein voller Erfolg","datePublished":"2013-07-01T13:23:55+00:00","dateModified":"2020-12-28T11:18:35+00:00","mainEntityOfPage":{"@id":"https:\/\/www.gaidaphotos.com\/blog\/2013\/07\/01\/sommerfest-2013-ein-voller-erfolg\/"},"wordCount":404,"commentCount":0,"publisher":{"@id":"https:\/\/www.gaidaphotos.com\/blog\/#organization"},"image":{"@id":"https:\/\/www.gaidaphotos.com\/blog\/2013\/07\/01\/sommerfest-2013-ein-voller-erfolg\/#primaryimage"},"thumbnailUrl":"https:\/\/www.gaidaphotos.com\/blog\/wp-content\/uploads\/2020\/08\/nggallery_import\/127_","keywords":["K\u00f6ln Rodenkirchen","Strassenfest"],"articleSection":["K\u00f6ln Rodenkirchen Freizeit","K\u00f6ln-Rodenkirchen Fotos","Stra\u00dfenfest K\u00f6ln"],"inLanguage":"de","potentialAction":[{"@type":"CommentAction","name":"Comment","target":["https:\/\/www.gaidaphotos.com\/blog\/2013\/07\/01\/sommerfest-2013-ein-voller-erfolg\/#respond"]}]},{"@type":"WebPage","@id":"https:\/\/www.gaidaphotos.com\/blog\/2013\/07\/01\/sommerfest-2013-ein-voller-erfolg\/","url":"https:\/\/www.gaidaphotos.com\/blog\/2013\/07\/01\/sommerfest-2013-ein-voller-erfolg\/","name":"Sommerfest Rodenkirchen 2013 - Fotos","isPartOf":{"@id":"https:\/\/www.gaidaphotos.com\/blog\/#website"},"primaryImageOfPage":{"@id":"https:\/\/www.gaidaphotos.com\/blog\/2013\/07\/01\/sommerfest-2013-ein-voller-erfolg\/#primaryimage"},"image":{"@id":"https:\/\/www.gaidaphotos.com\/blog\/2013\/07\/01\/sommerfest-2013-ein-voller-erfolg\/#primaryimage"},"thumbnailUrl":"https:\/\/www.gaidaphotos.com\/blog\/wp-content\/uploads\/2020\/08\/nggallery_import\/127_","datePublished":"2013-07-01T13:23:55+00:00","dateModified":"2020-12-28T11:18:35+00:00","description":"Bericht und Fotos vom rundum gelungenen Stra\u00dfenfest 2013 in K\u00f6ln Rodenkirchen.","breadcrumb":{"@id":"https:\/\/www.gaidaphotos.com\/blog\/2013\/07\/01\/sommerfest-2013-ein-voller-erfolg\/#breadcrumb"},"inLanguage":"de","potentialAction":[{"@type":"ReadAction","target":["https:\/\/www.gaidaphotos.com\/blog\/2013\/07\/01\/sommerfest-2013-ein-voller-erfolg\/"]}]},{"@type":"ImageObject","inLanguage":"de","@id":"https:\/\/www.gaidaphotos.com\/blog\/2013\/07\/01\/sommerfest-2013-ein-voller-erfolg\/#primaryimage","url":"https:\/\/www.gaidaphotos.com\/blog\/wp-content\/uploads\/2020\/08\/nggallery_import\/127_","contentUrl":"https:\/\/www.gaidaphotos.com\/blog\/wp-content\/uploads\/2020\/08\/nggallery_import\/127_","width":667,"height":1000},{"@type":"BreadcrumbList","@id":"https:\/\/www.gaidaphotos.com\/blog\/2013\/07\/01\/sommerfest-2013-ein-voller-erfolg\/#breadcrumb","itemListElement":[{"@type":"ListItem","position":1,"name":"Startseite","item":"https:\/\/www.gaidaphotos.com\/blog\/"},{"@type":"ListItem","position":2,"name":"Sommerfest 2013 ein voller Erfolg"}]},{"@type":"WebSite","@id":"https:\/\/www.gaidaphotos.com\/blog\/#website","url":"https:\/\/www.gaidaphotos.com\/blog\/","name":"K\u00f6ln Rodenkirchen und die Welt","description":"Einkaufen, Restaurants, Freizeit, Nachrichten und was uns sonst bewegt und begegnet","publisher":{"@id":"https:\/\/www.gaidaphotos.com\/blog\/#organization"},"potentialAction":[{"@type":"SearchAction","target":{"@type":"EntryPoint","urlTemplate":"https:\/\/www.gaidaphotos.com\/blog\/?s={search_term_string}"},"query-input":{"@type":"PropertyValueSpecification","valueRequired":true,"valueName":"search_term_string"}}],"inLanguage":"de"},{"@type":"Organization","@id":"https:\/\/www.gaidaphotos.com\/blog\/#organization","name":"gaidaphotos","url":"https:\/\/www.gaidaphotos.com\/blog\/","logo":{"@type":"ImageObject","inLanguage":"de","@id":"https:\/\/www.gaidaphotos.com\/blog\/#\/schema\/logo\/image\/","url":"https:\/\/i0.wp.com\/www.gaidaphotos.com\/blog\/wp-content\/uploads\/2020\/07\/GAIDAPHOTOS-COM.jpg?fit=160%2C96&ssl=1","contentUrl":"https:\/\/i0.wp.com\/www.gaidaphotos.com\/blog\/wp-content\/uploads\/2020\/07\/GAIDAPHOTOS-COM.jpg?fit=160%2C96&ssl=1","width":160,"height":96,"caption":"gaidaphotos"},"image":{"@id":"https:\/\/www.gaidaphotos.com\/blog\/#\/schema\/logo\/image\/"},"sameAs":["https:\/\/www.facebook.com\/Koeln.Rodenkirchen","https:\/\/x.com\/gaidaphotos","https:\/\/instagram.com\/gaidaphotos\/","https:\/\/de.linkedin.com\/in\/gaidaphotos","https:\/\/myspace.com\/gaidaphotos","https:\/\/www.pinterest.com\/gaidaphotos\/","https:\/\/www.youtube.com\/user\/gaidaphotos"]},{"@type":"Person","@id":"https:\/\/www.gaidaphotos.com\/blog\/#\/schema\/person\/6c444a5b13ffc503c5c32f5a9ec68b21","name":"Thomas","sameAs":["https:\/\/www.gaidaphotos.com","https:\/\/www.facebook.com\/gaidaphotos","https:\/\/instagram.com\/gaidaphotos\/","https:\/\/www.linkedin.com\/in\/gaidaphotos","http:\/\/www.pinterest.com\/gaidaphotos\/","https:\/\/x.com\/gaidaphotos","https:\/\/myspace.com\/gaidaphotos","https:\/\/www.youtube.com\/user\/gaidaphotos","https:\/\/gaidaphotos.tumblr.com\/"]}]}},"jetpack_publicize_connections":[],"jetpack_featured_media_url":"https:\/\/www.gaidaphotos.com\/blog\/wp-content\/uploads\/2020\/08\/nggallery_import\/127_","jetpack_sharing_enabled":true,"jetpack_likes_enabled":true,"jetpack-related-posts":[{"id":3586,"url":"https:\/\/www.gaidaphotos.com\/blog\/2011\/07\/17\/sommerfest-2011-koeln-rodenkirchen\/","url_meta":{"origin":5603,"position":0},"title":"Sommerfest 2011 in K\u00f6ln Rodenkirchen: Summer of Love and Rain","author":"Thomas","date":"17. Juli 2011","format":false,"excerpt":"Sommerfest 2011 in K\u00f6ln Rodenkirchen: Summer of Love and Rain Dicht gedr\u00e4ngt schoben Sie die Besucher gestern Nachmittag \u00fcber die Hauptstra\u00dfe. Das Rodenkirchener Sommerfest 2011 ist ein voller Erfolg. Obwohl hier und da ein Tr\u00f6pfchen viel, lie\u00dfen Sie die Rodenkirchener und Besucher nicht davon abhalten Ihr Veedel zu feiern. Zumindest\u2026","rel":"","context":"In &quot;K\u00f6ln Rodenkirchen Einkaufen&quot;","block_context":{"text":"K\u00f6ln Rodenkirchen Einkaufen","link":"https:\/\/www.gaidaphotos.com\/blog\/category\/koeln-rodenkirchen\/koeln-rodenkirchen-einkaufen\/"},"img":{"alt_text":"","src":"https:\/\/www.gaidaphotos.com\/blog\/wp-content\/uploads\/2020\/08\/nggallery_import\/46_","width":350,"height":200,"srcset":"https:\/\/www.gaidaphotos.com\/blog\/wp-content\/uploads\/2020\/08\/nggallery_import\/46_ 1x, https:\/\/www.gaidaphotos.com\/blog\/wp-content\/uploads\/2020\/08\/nggallery_import\/46_ 1.5x, https:\/\/www.gaidaphotos.com\/blog\/wp-content\/uploads\/2020\/08\/nggallery_import\/46_ 2x, https:\/\/www.gaidaphotos.com\/blog\/wp-content\/uploads\/2020\/08\/nggallery_import\/46_ 3x"},"classes":[]},{"id":5579,"url":"https:\/\/www.gaidaphotos.com\/blog\/2013\/06\/19\/rodenkirchener-sommertage-2013\/","url_meta":{"origin":5603,"position":1},"title":"Rodenkirchener Sommertage 2013","author":"Thomas","date":"19. Juni 2013","format":false,"excerpt":"Stra\u00dfenfest 2013: Manege frei f\u00fcr die Rodenkirchener Sommertage Das Rodenkirchener Stra\u00dfenfest 2013 wird ein gro\u00dfer Zirkus. Gaukler, Artisten und Zauberer heizen mit Musik, Show und Tanz die Stimmung beim Rodenkirchener Sommerfest 2013 an. Sommerfest = Stra\u00dfenfest ohne verkaufsoffener Sonntag Auf Hauptstra\u00dfe (ab Kirchstra\u00dfe bis Walther-Rathenau-Stra\u00dfe) und Maternusstra\u00dfe (Hauptstra\u00dfe bis Wilhelmstra\u00dfe)\u2026","rel":"","context":"In &quot;K\u00f6ln Rodenkirchen&quot;","block_context":{"text":"K\u00f6ln Rodenkirchen","link":"https:\/\/www.gaidaphotos.com\/blog\/category\/koeln-rodenkirchen\/"},"img":{"alt_text":"Rodenkirchen Stra\u00dfenfest 2013 Plakat","src":"https:\/\/i0.wp.com\/www.gaidaphotos.com\/blog\/wp-content\/uploads\/2013\/06\/rodenkirchener-sommertage-2013.jpg?fit=459%2C510&ssl=1&resize=350%2C200","width":350,"height":200},"classes":[]},{"id":1692,"url":"https:\/\/www.gaidaphotos.com\/blog\/2009\/06\/20\/koln-rodenkirchen-strasenfest-hier-wird-kraftig-aufgebaut\/","url_meta":{"origin":5603,"position":2},"title":"K\u00f6ln Rodenkirchen Stra\u00dfenfest 2009: Hier wird kr\u00e4ftig aufgebaut","author":"Thomas","date":"20. Juni 2009","format":false,"excerpt":"Jetzt geht's bald los Hier wird kr\u00e4ftig f\u00fcr das Sommerfest 2009 in Rodenkirchen aufgebaut.","rel":"","context":"In &quot;17&quot;","block_context":{"text":"17","link":"https:\/\/www.gaidaphotos.com\/blog\/category\/mobile_news_von_unterwegs\/mobile_news_von_unterwegs-n95\/"},"img":{"alt_text":"Rodenkirchen Stra\u00dfenfest 2009 Aufbau","src":"https:\/\/i0.wp.com\/www.gaidaphotos.com\/blog\/wp-content\/uploads\/2020\/07\/lifeblog-20062009159.jpg?fit=640%2C480&ssl=1&resize=350%2C200","width":350,"height":200,"srcset":"https:\/\/i0.wp.com\/www.gaidaphotos.com\/blog\/wp-content\/uploads\/2020\/07\/lifeblog-20062009159.jpg?fit=640%2C480&ssl=1&resize=350%2C200 1x, https:\/\/i0.wp.com\/www.gaidaphotos.com\/blog\/wp-content\/uploads\/2020\/07\/lifeblog-20062009159.jpg?fit=640%2C480&ssl=1&resize=525%2C300 1.5x"},"classes":[]},{"id":8969,"url":"https:\/\/www.gaidaphotos.com\/blog\/2015\/08\/17\/10-rodenkirchener-sommertage-2015\/","url_meta":{"origin":5603,"position":3},"title":"10. Rodenkirchener Sommertage 2015","author":"Thomas","date":"17. August 2015","format":false,"excerpt":"\u201eRodenkirchener Sommertage - Ein Potpourri aus 10 Jahren!\u201c Rodenkirchen feiert am 22. und 23. August 2015 sich selbst und den zehnten Jahrestag des Sommerfest der Aktionsgemeinschaft. Wir k\u00f6nnen uns in diesem Jubil\u00e4umsjahr \u00fcber eine gro\u00dfe Zahl attraktiver Bands und K\u00fcnstler freuen. Das Jubil\u00e4um ist gleichzeitig das Motto. Und die Veranstalter\u2026","rel":"","context":"In &quot;K\u00f6ln Rodenkirchen Einkaufen&quot;","block_context":{"text":"K\u00f6ln Rodenkirchen Einkaufen","link":"https:\/\/www.gaidaphotos.com\/blog\/category\/koeln-rodenkirchen\/koeln-rodenkirchen-einkaufen\/"},"img":{"alt_text":"","src":"https:\/\/i0.wp.com\/www.gaidaphotos.com\/blog\/wp-content\/uploads\/ngg_featured\/strassenfest-rodenkirchen-2015.jpg?fit=683%2C1024&ssl=1&resize=350%2C200","width":350,"height":200,"srcset":"https:\/\/i0.wp.com\/www.gaidaphotos.com\/blog\/wp-content\/uploads\/ngg_featured\/strassenfest-rodenkirchen-2015.jpg?fit=683%2C1024&ssl=1&resize=350%2C200 1x, https:\/\/i0.wp.com\/www.gaidaphotos.com\/blog\/wp-content\/uploads\/ngg_featured\/strassenfest-rodenkirchen-2015.jpg?fit=683%2C1024&ssl=1&resize=525%2C300 1.5x"},"classes":[]},{"id":2032,"url":"https:\/\/www.gaidaphotos.com\/blog\/2009\/08\/15\/koln-rodenkirchen-freizeit-sommer-feststrassen-fest-der-grkg-am-22-08-2009\/","url_meta":{"origin":5603,"position":4},"title":"K\u00f6ln-Rodenkirchen Freizeit: Sommer-fest\/Strassen-fest der GRKG am 22.08.2009","author":"01726903617@vodafone.de","date":"15. August 2009","format":false,"excerpt":"Freizeit-tip f\u00fcr K\u00f6ln-Rodenkirchen am 22.08.2009 Die gro\u00dfe Rodenkirchener Karnevalsgesellschaft feiert am 22.08.2009 ab 16:00h in der Arche (Augustastr. ganz am Ende, K\u00f6ln\u00a0Rodenkirchen) ihr allj\u00e4hrliches Sommer-fest\/Strassenfest mit H\u00fcpfburg, Waffeln und vor allem K\u00f6lsch und Grill-Angeboten. Ab 19:00h spielen \"Die Playbacks\". Weitere Informationen gibt es leider auch nicht unter www.grkg.de","rel":"","context":"In &quot;17&quot;","block_context":{"text":"17","link":"https:\/\/www.gaidaphotos.com\/blog\/category\/mobile_news_von_unterwegs\/mobile_news_von_unterwegs-n95\/"},"img":{"alt_text":"","src":"https:\/\/i0.wp.com\/www.gaidaphotos.com\/blog\/wp-content\/uploads\/2009\/08\/lifeblog-13082009430-001.jpg?fit=485%2C640&ssl=1&resize=350%2C200","width":350,"height":200},"classes":[]},{"id":3559,"url":"https:\/\/www.gaidaphotos.com\/blog\/2011\/05\/30\/koln-rodenkirchen-sommerfest-2011-summer-of-love\/","url_meta":{"origin":5603,"position":5},"title":"K\u00f6ln Rodenkirchen: Sommerfest 2011 &#8222;Summer of Love&#8220;","author":"Thomas","date":"30. Mai 2011","format":false,"excerpt":"Sommerfest 2011 in K\u00f6ln-Rodenkirchen: \"Summer of Love\" Am 16.06.2011 und 17.06.2011 ist es wieder soweit. Ganz K\u00f6ln Rodenkirchen feiert auf der Hauptstra\u00dfe und vor dem Rathhaus. Nach Hollywood und Afrika erleben wir nun das k\u00f6lsche Woodstock in Rodenkirchen. Dem Trend folgend, feiern wir mit Flower Power und den gr\u00f6\u00dften internationalen\u2026","rel":"","context":"In &quot;K\u00f6ln Rodenkirchen&quot;","block_context":{"text":"K\u00f6ln Rodenkirchen","link":"https:\/\/www.gaidaphotos.com\/blog\/category\/koeln-rodenkirchen\/"},"img":{"alt_text":"","src":"https:\/\/www.gaidaphotos.com\/blog\/wp-content\/uploads\/2020\/08\/nggallery_import\/48_","width":350,"height":200},"classes":[]}],"_links":{"self":[{"href":"https:\/\/www.gaidaphotos.com\/blog\/wp-json\/wp\/v2\/posts\/5603","targetHints":{"allow":["GET"]}}],"collection":[{"href":"https:\/\/www.gaidaphotos.com\/blog\/wp-json\/wp\/v2\/posts"}],"about":[{"href":"https:\/\/www.gaidaphotos.com\/blog\/wp-json\/wp\/v2\/types\/post"}],"author":[{"embeddable":true,"href":"https:\/\/www.gaidaphotos.com\/blog\/wp-json\/wp\/v2\/users\/6"}],"replies":[{"embeddable":true,"href":"https:\/\/www.gaidaphotos.com\/blog\/wp-json\/wp\/v2\/comments?post=5603"}],"version-history":[{"count":0,"href":"https:\/\/www.gaidaphotos.com\/blog\/wp-json\/wp\/v2\/posts\/5603\/revisions"}],"wp:featuredmedia":[{"embeddable":true,"href":"https:\/\/www.gaidaphotos.com\/blog\/wp-json\/wp\/v2\/media\/12414"}],"wp:attachment":[{"href":"https:\/\/www.gaidaphotos.com\/blog\/wp-json\/wp\/v2\/media?parent=5603"}],"wp:term":[{"taxonomy":"category","embeddable":true,"href":"https:\/\/www.gaidaphotos.com\/blog\/wp-json\/wp\/v2\/categories?post=5603"},{"taxonomy":"post_tag","embeddable":true,"href":"https:\/\/www.gaidaphotos.com\/blog\/wp-json\/wp\/v2\/tags?post=5603"}],"curies":[{"name":"wp","href":"https:\/\/api.w.org\/{rel}","templated":true}]}}