{"id":5633,"date":"2013-07-11T17:27:22","date_gmt":"2013-07-11T15:27:22","guid":{"rendered":"http:\/\/www.gaidaphotos.com\/blog\/?p=5633"},"modified":"2013-07-11T17:27:22","modified_gmt":"2013-07-11T15:27:22","slug":"koelner-lichter-stadtachter-feuerwerk-fotografieren","status":"publish","type":"post","link":"https:\/\/www.gaidaphotos.com\/blog\/2013\/07\/11\/koelner-lichter-stadtachter-feuerwerk-fotografieren\/","title":{"rendered":"K\u00f6lner Lichter &#8211; Feuerwerk sch\u00f6n fotografieren"},"content":{"rendered":"<h2>K\u00f6lner Lichter und K\u00f6lner Stadtachter am 13.7.2013<br \/>\nFeuerwerk sch\u00f6n fotografieren<\/h2>\n<p><figure id=\"attachment_3269\" aria-describedby=\"caption-attachment-3269\" style=\"width: 150px\" class=\"wp-caption alignleft\"><a rel=\"lightbox[]href=\"https:\/\/www.gaidaphotos.com\/blog\/wp-content\/uploads\/2010\/07\/loelner-lichter-04.jpg\"><img data-recalc-dims=\"1\" loading=\"lazy\" decoding=\"async\" src=\"https:\/\/i0.wp.com\/www.gaidaphotos.com\/blog\/wp-content\/uploads\/2010\/07\/loelner-lichter-04.jpg?resize=150%2C150&#038;ssl=1\" alt=\"K\u00f6lner Lichter 2010: Feuerwerk Fotos\" width=\"150\" height=\"150\" class=\"size-thumbnail wp-image-3269\" srcset=\"https:\/\/i0.wp.com\/www.gaidaphotos.com\/blog\/wp-content\/uploads\/2010\/07\/loelner-lichter-04.jpg?resize=150%2C150&amp;ssl=1 150w, https:\/\/i0.wp.com\/www.gaidaphotos.com\/blog\/wp-content\/uploads\/2010\/07\/loelner-lichter-04.jpg?zoom=2&amp;resize=150%2C150&amp;ssl=1 300w, https:\/\/i0.wp.com\/www.gaidaphotos.com\/blog\/wp-content\/uploads\/2010\/07\/loelner-lichter-04.jpg?zoom=3&amp;resize=150%2C150&amp;ssl=1 450w\" sizes=\"auto, (max-width: 150px) 100vw, 150px\" \/><\/a><figcaption id=\"caption-attachment-3269\" class=\"wp-caption-text\">K\u00f6lner Lichter 2010: Feuerwerk Fotos<\/figcaption><\/figure><strong>K\u00f6lner Lichter, K\u00f6lner Stadtachter, Beachparty<\/strong> in Rodenkirchen &#8211; am kommenden Samstag, 13.07.2013, ist wieder jede Menge los in K\u00f6ln Rodenkirchen.<\/p>\n<h3>K\u00f6lner Lichter 2013<\/h3>\n<p>Die &#8222;<strong>K\u00f6lner Lichter<\/strong>&#8220; sind weit mehr als nur ein Feuerwerk, sie sind ein <strong>Feuerwerksspektakel<\/strong>.<br \/>\nEs beginnt am sp\u00e4ten Abend gegen 21:50h mit einem <strong>Feuerwerk in Porz<\/strong>. Dort sammeln sich die Besucherschiffe und fahren stromabw\u00e4rts, begleitet von mehreren Feuerwerken, bis zur M\u00fchlheimer Br\u00fccke und zur\u00fcck zum Dom.<br \/>\nAngef\u00fchrt werden die Boote durch ein &#8222;<strong>Feuerschiff<\/strong>&#8222;, vom dem fast ununterbrochen Feuerwerk gez\u00fcndet wird. In <strong>Rodenkirchen <\/strong>und an den <strong>Poller Wiesen<\/strong>, H\u00f6he S\u00fcdbr\u00fccke, werden die Schiffe von <strong>weiteren Feuerwerken<\/strong> begr\u00fc\u00dft.<br \/>\n<strong>Ballongl\u00fchen und bengalisches Feuer<\/strong> gibt es am Rheinauhafen. Gegen 22:30h wird vor dem Tanzbrunnen ein &#8222;<strong>musikalisches Feuerwerk<\/strong>&#8220; gez\u00fcndet, gefolgt von einem weiteren vom <strong>Dach des DEVK<\/strong> Geb\u00e4udes und in M\u00fchlheim.<br \/>\nDie &#8222;K\u00f6lner Lichter&#8220; erreichen gegen 23:30h mit dem musiksynchronen<strong> Feuerwerk vor dem Dom<\/strong> ihren H\u00f6hepunkt.<br \/>\nDie Musik stammt in diesem jahr von der k\u00f6lschen Band &#8222;Bl\u00e4ck F\u00f6\u00f6ss&#8220; und wird live im Radio und im Internet \u00fcbertragen.<br \/>\nAlle Infos zu &#8222;<a href=\"http:\/\/www.koelner-lichter.de\/\" title=\"K\u00f6lner Lichter\" target=\"_blank\">K\u00f6lner Lichter<\/a>&#8220; &#8211; Schiffs- und Trib\u00fcnenkarten, Parties und Locations, die besten Stehpl\u00e4tze, Anfahrt und Abfahrt.<\/p>\n<h3>K\u00f6lner Stadtachter 2013<\/h3>\n<p>Fast gleichzeitig zu den K\u00f6lner Lichtern findet der <strong>K\u00f6lner Stadtachter<\/strong> statt.<br \/>\nDie <strong>Traditionsregatta<\/strong>, seit 1909, wird auf dem Rhein zwischen Rodenkirchen und Tanzbrunnen, ca. 2,5 km, ausgetragen. Teilnehmer sind vor allem die K\u00f6lner Rudervereine und solche aus den Nachbarst\u00e4dten, aber aus G\u00e4ste aus Sachsen und Holland sind gerne gesehen.<br \/>\nDie Regatta startet um 21:15h in Rodenkirchen s\u00fcdlich der Autobahnbr\u00fccke und wird live vom WDR \u00fcbertragen.<br \/>\nInfo und Anmeldung zum &#8222;<a href=\"http:\/\/www.stadtachter.de\/\" title=\"K\u00f6lner Stadtachter\" target=\"_blank\">K\u00f6lner Stadtachter<\/a>&#8220;<\/p>\n<h3>Beachparty in Rodenkirchen<\/h3>\n<p>Die <strong>Beachparty in Rodenkirchen<\/strong> ist ein Insider-Tipp f\u00fcr den Abend der K\u00f6lner Lichter und des K\u00f6lner Statdtachter. Hier feiern die teilnehmenden Teams mit den Rodenkirchener B\u00fcrgern am Rheinstrand bis sp\u00e4t in die Nacht.<br \/>\nSo kann man Regatta und die Feuerwerke ausgiebig genie\u00dfen.<\/p>\n<h3>Feuerwerk sch\u00f6n fotografieren<\/h3>\n<p>Vor dunklem Nachthimmel explodierende Raketen geben immer ein sch\u00f6nes Bild ab, dass wir gerne als Foto festzuhalten versuchen. Unser Schwester-Blog gaidaphotos.de hat hierzu einen umfangreichen Beitrag ver\u00f6ffentlicht. Das sind die wichtigsten Tipps damit Sie sch\u00f6ne <a href=\"http:\/\/www.gaidaphotos.de\/blog\/schoene-feuerwerk-fotos-anleitung\/\" title=\"schoene Fotos vom Feuerwerk machen\" target=\"_blank\"><strong>Fotos von Feuerwerken<\/strong><\/a> machen<\/p>\n<ul>\n<li><strong>Smartphone<\/strong>:<br \/>\nSie k\u00f6nnen nur dann sch\u00f6ne Feuerwerksfotos machen, wenn Sie entweder die entsprechende Automatik einschalten oder manuelle Einstellungen f\u00fcr Ihre Smartphone-Kamera w\u00e4hlen k\u00f6nnen. Die mit der normalen Automatik geschossenen Fotos sind unbrauchbar.<\/li>\n<li><strong>Kompaktkamera, Bridgekamera<\/strong>:<br \/>\nW\u00e4hlen Sie die Feuerwerk-Automatik oder wechseln Sie zu manueller Einstellung der Kamera f\u00fcr Feuerwerksfotos. Die &#8222;normale&#8220; Automatik versagt bei dieser Art Fotos.<\/li>\n<li><strong>Spiegellose Systemkamera oder Spiegelreflexkamera<\/strong>:<br \/>\nStellen Sie die im folgenden angegebenen Einstellungen an Ihrer Kamera ein, wenn Sie ganz besondere Fotos vom Feuerwerk fotografieren wollen.<\/li>\n<li><strong>Stativ<\/strong>: Ein Stativ ist ein Muss. Zur Not legen Sie die Kamera auf eine Mauer, eine Bank oder den Boden. Das gilt auch f\u00fcr Kameras mit Feuerwerk-Automatik.<\/li>\n<li><strong>Fernausl\u00f6ser <\/strong>oder Selbstausl\u00f6ser: Ein Fernausl\u00f6ser gibt Ihnen die meiste Kontrolle \u00fcber Ihr Bild. Der Selbstausl\u00f6ser, mit sehr kurzer Vorlaufzeit, tut es ebenso.<\/li>\n<li><strong>ISO<\/strong>: W\u00e4hlen Sie niedrige ISO Werte f\u00fcr einen knackig schwarzen Hintergrund.<\/li>\n<li><strong>Autofokus<\/strong>: Schalten Sie den Autofokus ab und stellen Sie manuell auf &#8222;unendlich&#8220; scharf. Oder w\u00e4hlen Sie die Fokuseinstellung f\u00fcr &#8222;Landschaft&#8220;.<\/li>\n<li><strong>Blende<\/strong>: W\u00e4hlen Sie eine hohe Blende (f 8 &#8211; 11) um \u00dcberbelichtung durch Explosionen zu vermeiden.<\/li>\n<li><strong>Belichtungszeit<\/strong>: Variieren Sie die Belichtungszeit zwischen 1-16 sec. Je l\u00e4nger Sie den Verschluss ge\u00f6ffnet haben, desto mehr Hintergrund wird sichtbar und desto mehr Explosionen k\u00f6nnen Sie einfangen.<\/li>\n<li><strong>kurze Brennweite<\/strong>: Finger weg vom Zoom, arbeiten Sie mit einem weiten Winkel also einer niedrigen Brennweite. Sonst &#8222;verfehlen&#8220; Sie die Explosionen.<\/li>\n<\/ul>\n","protected":false},"excerpt":{"rendered":"<p>K\u00f6lner Lichter und K\u00f6lner Stadtachter am 13.7.2013 Feuerwerk sch\u00f6n fotografieren K\u00f6lner Lichter, K\u00f6lner Stadtachter, Beachparty in Rodenkirchen &#8211; am kommenden<\/p>\n","protected":false},"author":6,"featured_media":3273,"comment_status":"open","ping_status":"open","sticky":false,"template":"","format":"standard","meta":{"_crdt_document":"","ngg_post_thumbnail":0,"jetpack_post_was_ever_published":false,"_jetpack_newsletter_access":"","_jetpack_dont_email_post_to_subs":false,"_jetpack_newsletter_tier_id":0,"_jetpack_memberships_contains_paywalled_content":false,"_jetpack_memberships_contains_paid_content":false,"footnotes":"","jetpack_publicize_message":"","jetpack_publicize_feature_enabled":true,"jetpack_social_post_already_shared":true,"jetpack_social_options":{"image_generator_settings":{"template":"highway","default_image_id":0,"font":"","enabled":false},"version":2}},"categories":[282,101],"tags":[86,102,544,538],"class_list":["post-5633","post","type-post","status-publish","format-standard","has-post-thumbnail","hentry","category-foto-kurs-fotografieren","category-koeln-rodenkirchen-freizeit","tag-fotografie","tag-freizeit","tag-koeln","tag-koeln-rodenkirchen"],"yoast_head":"<!-- This site is optimized with the Yoast SEO plugin v27.5 - https:\/\/yoast.com\/product\/yoast-seo-wordpress\/ -->\n<title>K\u00f6lner Lichter - K\u00f6lner Stadtachter<\/title>\n<meta name=\"description\" content=\"Am 13.07.2013 ist was los in Rodenkirchen mit K\u00f6lner Lichtern und Stadtachter - alle Details &amp; Links, Tipps f\u00fcr sch\u00f6ne Fotos vom Feuerwerk\" \/>\n<meta name=\"robots\" content=\"index, follow, max-snippet:-1, max-image-preview:large, max-video-preview:-1\" \/>\n<link rel=\"canonical\" href=\"https:\/\/www.gaidaphotos.com\/blog\/2013\/07\/11\/koelner-lichter-stadtachter-feuerwerk-fotografieren\/\" \/>\n<meta property=\"og:locale\" content=\"de_DE\" \/>\n<meta property=\"og:type\" content=\"article\" \/>\n<meta property=\"og:title\" content=\"K\u00f6lner Lichter - K\u00f6lner Stadtachter\" \/>\n<meta property=\"og:description\" content=\"Am 13.07.2013 ist was los in Rodenkirchen mit K\u00f6lner Lichtern und Stadtachter - alle Details &amp; Links, Tipps f\u00fcr sch\u00f6ne Fotos vom Feuerwerk\" \/>\n<meta property=\"og:url\" content=\"https:\/\/www.gaidaphotos.com\/blog\/2013\/07\/11\/koelner-lichter-stadtachter-feuerwerk-fotografieren\/\" \/>\n<meta property=\"og:site_name\" content=\"K\u00f6ln Rodenkirchen und die Welt\" \/>\n<meta property=\"article:publisher\" content=\"https:\/\/www.facebook.com\/Koeln.Rodenkirchen\" \/>\n<meta property=\"article:author\" content=\"https:\/\/www.facebook.com\/gaidaphotos\" \/>\n<meta property=\"article:published_time\" content=\"2013-07-11T15:27:22+00:00\" \/>\n<meta property=\"og:image\" content=\"https:\/\/i2.wp.com\/www.gaidaphotos.com\/blog\/wp-content\/uploads\/2010\/07\/loelner-lichter-09.jpg?fit=480%2C360&ssl=1\" \/>\n\t<meta property=\"og:image:width\" content=\"480\" \/>\n\t<meta property=\"og:image:height\" content=\"360\" \/>\n\t<meta property=\"og:image:type\" content=\"image\/jpeg\" \/>\n<meta name=\"author\" content=\"Thomas\" \/>\n<meta name=\"twitter:card\" content=\"summary_large_image\" \/>\n<meta name=\"twitter:creator\" content=\"@gaidaphotos\" \/>\n<meta name=\"twitter:site\" content=\"@gaidaphotos\" \/>\n<meta name=\"twitter:label1\" content=\"Verfasst von\" \/>\n\t<meta name=\"twitter:data1\" content=\"Thomas\" \/>\n<script type=\"application\/ld+json\" class=\"yoast-schema-graph\">{\"@context\":\"https:\\\/\\\/schema.org\",\"@graph\":[{\"@type\":\"Article\",\"@id\":\"https:\\\/\\\/www.gaidaphotos.com\\\/blog\\\/2013\\\/07\\\/11\\\/koelner-lichter-stadtachter-feuerwerk-fotografieren\\\/#article\",\"isPartOf\":{\"@id\":\"https:\\\/\\\/www.gaidaphotos.com\\\/blog\\\/2013\\\/07\\\/11\\\/koelner-lichter-stadtachter-feuerwerk-fotografieren\\\/\"},\"author\":{\"name\":\"Thomas\",\"@id\":\"https:\\\/\\\/www.gaidaphotos.com\\\/blog\\\/#\\\/schema\\\/person\\\/6c444a5b13ffc503c5c32f5a9ec68b21\"},\"headline\":\"K\u00f6lner Lichter &#8211; Feuerwerk sch\u00f6n fotografieren\",\"datePublished\":\"2013-07-11T15:27:22+00:00\",\"mainEntityOfPage\":{\"@id\":\"https:\\\/\\\/www.gaidaphotos.com\\\/blog\\\/2013\\\/07\\\/11\\\/koelner-lichter-stadtachter-feuerwerk-fotografieren\\\/\"},\"wordCount\":26,\"commentCount\":0,\"publisher\":{\"@id\":\"https:\\\/\\\/www.gaidaphotos.com\\\/blog\\\/#organization\"},\"image\":{\"@id\":\"https:\\\/\\\/www.gaidaphotos.com\\\/blog\\\/2013\\\/07\\\/11\\\/koelner-lichter-stadtachter-feuerwerk-fotografieren\\\/#primaryimage\"},\"thumbnailUrl\":\"https:\\\/\\\/i0.wp.com\\\/www.gaidaphotos.com\\\/blog\\\/wp-content\\\/uploads\\\/2010\\\/07\\\/loelner-lichter-09.jpg?fit=480%2C360&ssl=1\",\"keywords\":[\"Fotografie\",\"Freizeit-Ideen\",\"K\u00f6ln\",\"K\u00f6ln Rodenkirchen\"],\"articleSection\":[\"Foto-Kurs : Fotografieren\",\"K\u00f6ln Rodenkirchen Freizeit\"],\"inLanguage\":\"de\",\"potentialAction\":[{\"@type\":\"CommentAction\",\"name\":\"Comment\",\"target\":[\"https:\\\/\\\/www.gaidaphotos.com\\\/blog\\\/2013\\\/07\\\/11\\\/koelner-lichter-stadtachter-feuerwerk-fotografieren\\\/#respond\"]}]},{\"@type\":\"WebPage\",\"@id\":\"https:\\\/\\\/www.gaidaphotos.com\\\/blog\\\/2013\\\/07\\\/11\\\/koelner-lichter-stadtachter-feuerwerk-fotografieren\\\/\",\"url\":\"https:\\\/\\\/www.gaidaphotos.com\\\/blog\\\/2013\\\/07\\\/11\\\/koelner-lichter-stadtachter-feuerwerk-fotografieren\\\/\",\"name\":\"K\u00f6lner Lichter - K\u00f6lner Stadtachter\",\"isPartOf\":{\"@id\":\"https:\\\/\\\/www.gaidaphotos.com\\\/blog\\\/#website\"},\"primaryImageOfPage\":{\"@id\":\"https:\\\/\\\/www.gaidaphotos.com\\\/blog\\\/2013\\\/07\\\/11\\\/koelner-lichter-stadtachter-feuerwerk-fotografieren\\\/#primaryimage\"},\"image\":{\"@id\":\"https:\\\/\\\/www.gaidaphotos.com\\\/blog\\\/2013\\\/07\\\/11\\\/koelner-lichter-stadtachter-feuerwerk-fotografieren\\\/#primaryimage\"},\"thumbnailUrl\":\"https:\\\/\\\/i0.wp.com\\\/www.gaidaphotos.com\\\/blog\\\/wp-content\\\/uploads\\\/2010\\\/07\\\/loelner-lichter-09.jpg?fit=480%2C360&ssl=1\",\"datePublished\":\"2013-07-11T15:27:22+00:00\",\"description\":\"Am 13.07.2013 ist was los in Rodenkirchen mit K\u00f6lner Lichtern und Stadtachter - alle Details & Links, Tipps f\u00fcr sch\u00f6ne Fotos vom Feuerwerk\",\"breadcrumb\":{\"@id\":\"https:\\\/\\\/www.gaidaphotos.com\\\/blog\\\/2013\\\/07\\\/11\\\/koelner-lichter-stadtachter-feuerwerk-fotografieren\\\/#breadcrumb\"},\"inLanguage\":\"de\",\"potentialAction\":[{\"@type\":\"ReadAction\",\"target\":[\"https:\\\/\\\/www.gaidaphotos.com\\\/blog\\\/2013\\\/07\\\/11\\\/koelner-lichter-stadtachter-feuerwerk-fotografieren\\\/\"]}]},{\"@type\":\"ImageObject\",\"inLanguage\":\"de\",\"@id\":\"https:\\\/\\\/www.gaidaphotos.com\\\/blog\\\/2013\\\/07\\\/11\\\/koelner-lichter-stadtachter-feuerwerk-fotografieren\\\/#primaryimage\",\"url\":\"https:\\\/\\\/i0.wp.com\\\/www.gaidaphotos.com\\\/blog\\\/wp-content\\\/uploads\\\/2010\\\/07\\\/loelner-lichter-09.jpg?fit=480%2C360&ssl=1\",\"contentUrl\":\"https:\\\/\\\/i0.wp.com\\\/www.gaidaphotos.com\\\/blog\\\/wp-content\\\/uploads\\\/2010\\\/07\\\/loelner-lichter-09.jpg?fit=480%2C360&ssl=1\",\"width\":\"480\",\"height\":\"360\",\"caption\":\"K\u00f6lner Lichter 2010: Feuerwerk Fotos\"},{\"@type\":\"BreadcrumbList\",\"@id\":\"https:\\\/\\\/www.gaidaphotos.com\\\/blog\\\/2013\\\/07\\\/11\\\/koelner-lichter-stadtachter-feuerwerk-fotografieren\\\/#breadcrumb\",\"itemListElement\":[{\"@type\":\"ListItem\",\"position\":1,\"name\":\"Startseite\",\"item\":\"https:\\\/\\\/www.gaidaphotos.com\\\/blog\\\/\"},{\"@type\":\"ListItem\",\"position\":2,\"name\":\"K\u00f6lner Lichter &#8211; Feuerwerk sch\u00f6n fotografieren\"}]},{\"@type\":\"WebSite\",\"@id\":\"https:\\\/\\\/www.gaidaphotos.com\\\/blog\\\/#website\",\"url\":\"https:\\\/\\\/www.gaidaphotos.com\\\/blog\\\/\",\"name\":\"K\u00f6ln Rodenkirchen und die Welt\",\"description\":\"Einkaufen, Restaurants, Freizeit, Nachrichten und was uns sonst bewegt und begegnet\",\"publisher\":{\"@id\":\"https:\\\/\\\/www.gaidaphotos.com\\\/blog\\\/#organization\"},\"potentialAction\":[{\"@type\":\"SearchAction\",\"target\":{\"@type\":\"EntryPoint\",\"urlTemplate\":\"https:\\\/\\\/www.gaidaphotos.com\\\/blog\\\/?s={search_term_string}\"},\"query-input\":{\"@type\":\"PropertyValueSpecification\",\"valueRequired\":true,\"valueName\":\"search_term_string\"}}],\"inLanguage\":\"de\"},{\"@type\":\"Organization\",\"@id\":\"https:\\\/\\\/www.gaidaphotos.com\\\/blog\\\/#organization\",\"name\":\"gaidaphotos\",\"url\":\"https:\\\/\\\/www.gaidaphotos.com\\\/blog\\\/\",\"logo\":{\"@type\":\"ImageObject\",\"inLanguage\":\"de\",\"@id\":\"https:\\\/\\\/www.gaidaphotos.com\\\/blog\\\/#\\\/schema\\\/logo\\\/image\\\/\",\"url\":\"https:\\\/\\\/i0.wp.com\\\/www.gaidaphotos.com\\\/blog\\\/wp-content\\\/uploads\\\/2020\\\/07\\\/GAIDAPHOTOS-COM.jpg?fit=160%2C96&ssl=1\",\"contentUrl\":\"https:\\\/\\\/i0.wp.com\\\/www.gaidaphotos.com\\\/blog\\\/wp-content\\\/uploads\\\/2020\\\/07\\\/GAIDAPHOTOS-COM.jpg?fit=160%2C96&ssl=1\",\"width\":160,\"height\":96,\"caption\":\"gaidaphotos\"},\"image\":{\"@id\":\"https:\\\/\\\/www.gaidaphotos.com\\\/blog\\\/#\\\/schema\\\/logo\\\/image\\\/\"},\"sameAs\":[\"https:\\\/\\\/www.facebook.com\\\/Koeln.Rodenkirchen\",\"https:\\\/\\\/x.com\\\/gaidaphotos\",\"https:\\\/\\\/instagram.com\\\/gaidaphotos\\\/\",\"https:\\\/\\\/de.linkedin.com\\\/in\\\/gaidaphotos\",\"https:\\\/\\\/myspace.com\\\/gaidaphotos\",\"https:\\\/\\\/www.pinterest.com\\\/gaidaphotos\\\/\",\"https:\\\/\\\/www.youtube.com\\\/user\\\/gaidaphotos\"]},{\"@type\":\"Person\",\"@id\":\"https:\\\/\\\/www.gaidaphotos.com\\\/blog\\\/#\\\/schema\\\/person\\\/6c444a5b13ffc503c5c32f5a9ec68b21\",\"name\":\"Thomas\",\"sameAs\":[\"https:\\\/\\\/www.gaidaphotos.com\",\"https:\\\/\\\/www.facebook.com\\\/gaidaphotos\",\"https:\\\/\\\/instagram.com\\\/gaidaphotos\\\/\",\"https:\\\/\\\/www.linkedin.com\\\/in\\\/gaidaphotos\",\"http:\\\/\\\/www.pinterest.com\\\/gaidaphotos\\\/\",\"https:\\\/\\\/x.com\\\/gaidaphotos\",\"https:\\\/\\\/myspace.com\\\/gaidaphotos\",\"https:\\\/\\\/www.youtube.com\\\/user\\\/gaidaphotos\",\"https:\\\/\\\/gaidaphotos.tumblr.com\\\/\"]}]}<\/script>\n<!-- \/ Yoast SEO plugin. -->","yoast_head_json":{"title":"K\u00f6lner Lichter - K\u00f6lner Stadtachter","description":"Am 13.07.2013 ist was los in Rodenkirchen mit K\u00f6lner Lichtern und Stadtachter - alle Details & Links, Tipps f\u00fcr sch\u00f6ne Fotos vom Feuerwerk","robots":{"index":"index","follow":"follow","max-snippet":"max-snippet:-1","max-image-preview":"max-image-preview:large","max-video-preview":"max-video-preview:-1"},"canonical":"https:\/\/www.gaidaphotos.com\/blog\/2013\/07\/11\/koelner-lichter-stadtachter-feuerwerk-fotografieren\/","og_locale":"de_DE","og_type":"article","og_title":"K\u00f6lner Lichter - K\u00f6lner Stadtachter","og_description":"Am 13.07.2013 ist was los in Rodenkirchen mit K\u00f6lner Lichtern und Stadtachter - alle Details & Links, Tipps f\u00fcr sch\u00f6ne Fotos vom Feuerwerk","og_url":"https:\/\/www.gaidaphotos.com\/blog\/2013\/07\/11\/koelner-lichter-stadtachter-feuerwerk-fotografieren\/","og_site_name":"K\u00f6ln Rodenkirchen und die Welt","article_publisher":"https:\/\/www.facebook.com\/Koeln.Rodenkirchen","article_author":"https:\/\/www.facebook.com\/gaidaphotos","article_published_time":"2013-07-11T15:27:22+00:00","og_image":[{"width":480,"height":360,"url":"https:\/\/i2.wp.com\/www.gaidaphotos.com\/blog\/wp-content\/uploads\/2010\/07\/loelner-lichter-09.jpg?fit=480%2C360&ssl=1","type":"image\/jpeg"}],"author":"Thomas","twitter_card":"summary_large_image","twitter_creator":"@gaidaphotos","twitter_site":"@gaidaphotos","twitter_misc":{"Verfasst von":"Thomas"},"schema":{"@context":"https:\/\/schema.org","@graph":[{"@type":"Article","@id":"https:\/\/www.gaidaphotos.com\/blog\/2013\/07\/11\/koelner-lichter-stadtachter-feuerwerk-fotografieren\/#article","isPartOf":{"@id":"https:\/\/www.gaidaphotos.com\/blog\/2013\/07\/11\/koelner-lichter-stadtachter-feuerwerk-fotografieren\/"},"author":{"name":"Thomas","@id":"https:\/\/www.gaidaphotos.com\/blog\/#\/schema\/person\/6c444a5b13ffc503c5c32f5a9ec68b21"},"headline":"K\u00f6lner Lichter &#8211; Feuerwerk sch\u00f6n fotografieren","datePublished":"2013-07-11T15:27:22+00:00","mainEntityOfPage":{"@id":"https:\/\/www.gaidaphotos.com\/blog\/2013\/07\/11\/koelner-lichter-stadtachter-feuerwerk-fotografieren\/"},"wordCount":26,"commentCount":0,"publisher":{"@id":"https:\/\/www.gaidaphotos.com\/blog\/#organization"},"image":{"@id":"https:\/\/www.gaidaphotos.com\/blog\/2013\/07\/11\/koelner-lichter-stadtachter-feuerwerk-fotografieren\/#primaryimage"},"thumbnailUrl":"https:\/\/i0.wp.com\/www.gaidaphotos.com\/blog\/wp-content\/uploads\/2010\/07\/loelner-lichter-09.jpg?fit=480%2C360&ssl=1","keywords":["Fotografie","Freizeit-Ideen","K\u00f6ln","K\u00f6ln Rodenkirchen"],"articleSection":["Foto-Kurs : Fotografieren","K\u00f6ln Rodenkirchen Freizeit"],"inLanguage":"de","potentialAction":[{"@type":"CommentAction","name":"Comment","target":["https:\/\/www.gaidaphotos.com\/blog\/2013\/07\/11\/koelner-lichter-stadtachter-feuerwerk-fotografieren\/#respond"]}]},{"@type":"WebPage","@id":"https:\/\/www.gaidaphotos.com\/blog\/2013\/07\/11\/koelner-lichter-stadtachter-feuerwerk-fotografieren\/","url":"https:\/\/www.gaidaphotos.com\/blog\/2013\/07\/11\/koelner-lichter-stadtachter-feuerwerk-fotografieren\/","name":"K\u00f6lner Lichter - K\u00f6lner Stadtachter","isPartOf":{"@id":"https:\/\/www.gaidaphotos.com\/blog\/#website"},"primaryImageOfPage":{"@id":"https:\/\/www.gaidaphotos.com\/blog\/2013\/07\/11\/koelner-lichter-stadtachter-feuerwerk-fotografieren\/#primaryimage"},"image":{"@id":"https:\/\/www.gaidaphotos.com\/blog\/2013\/07\/11\/koelner-lichter-stadtachter-feuerwerk-fotografieren\/#primaryimage"},"thumbnailUrl":"https:\/\/i0.wp.com\/www.gaidaphotos.com\/blog\/wp-content\/uploads\/2010\/07\/loelner-lichter-09.jpg?fit=480%2C360&ssl=1","datePublished":"2013-07-11T15:27:22+00:00","description":"Am 13.07.2013 ist was los in Rodenkirchen mit K\u00f6lner Lichtern und Stadtachter - alle Details & Links, Tipps f\u00fcr sch\u00f6ne Fotos vom Feuerwerk","breadcrumb":{"@id":"https:\/\/www.gaidaphotos.com\/blog\/2013\/07\/11\/koelner-lichter-stadtachter-feuerwerk-fotografieren\/#breadcrumb"},"inLanguage":"de","potentialAction":[{"@type":"ReadAction","target":["https:\/\/www.gaidaphotos.com\/blog\/2013\/07\/11\/koelner-lichter-stadtachter-feuerwerk-fotografieren\/"]}]},{"@type":"ImageObject","inLanguage":"de","@id":"https:\/\/www.gaidaphotos.com\/blog\/2013\/07\/11\/koelner-lichter-stadtachter-feuerwerk-fotografieren\/#primaryimage","url":"https:\/\/i0.wp.com\/www.gaidaphotos.com\/blog\/wp-content\/uploads\/2010\/07\/loelner-lichter-09.jpg?fit=480%2C360&ssl=1","contentUrl":"https:\/\/i0.wp.com\/www.gaidaphotos.com\/blog\/wp-content\/uploads\/2010\/07\/loelner-lichter-09.jpg?fit=480%2C360&ssl=1","width":"480","height":"360","caption":"K\u00f6lner Lichter 2010: Feuerwerk Fotos"},{"@type":"BreadcrumbList","@id":"https:\/\/www.gaidaphotos.com\/blog\/2013\/07\/11\/koelner-lichter-stadtachter-feuerwerk-fotografieren\/#breadcrumb","itemListElement":[{"@type":"ListItem","position":1,"name":"Startseite","item":"https:\/\/www.gaidaphotos.com\/blog\/"},{"@type":"ListItem","position":2,"name":"K\u00f6lner Lichter &#8211; Feuerwerk sch\u00f6n fotografieren"}]},{"@type":"WebSite","@id":"https:\/\/www.gaidaphotos.com\/blog\/#website","url":"https:\/\/www.gaidaphotos.com\/blog\/","name":"K\u00f6ln Rodenkirchen und die Welt","description":"Einkaufen, Restaurants, Freizeit, Nachrichten und was uns sonst bewegt und begegnet","publisher":{"@id":"https:\/\/www.gaidaphotos.com\/blog\/#organization"},"potentialAction":[{"@type":"SearchAction","target":{"@type":"EntryPoint","urlTemplate":"https:\/\/www.gaidaphotos.com\/blog\/?s={search_term_string}"},"query-input":{"@type":"PropertyValueSpecification","valueRequired":true,"valueName":"search_term_string"}}],"inLanguage":"de"},{"@type":"Organization","@id":"https:\/\/www.gaidaphotos.com\/blog\/#organization","name":"gaidaphotos","url":"https:\/\/www.gaidaphotos.com\/blog\/","logo":{"@type":"ImageObject","inLanguage":"de","@id":"https:\/\/www.gaidaphotos.com\/blog\/#\/schema\/logo\/image\/","url":"https:\/\/i0.wp.com\/www.gaidaphotos.com\/blog\/wp-content\/uploads\/2020\/07\/GAIDAPHOTOS-COM.jpg?fit=160%2C96&ssl=1","contentUrl":"https:\/\/i0.wp.com\/www.gaidaphotos.com\/blog\/wp-content\/uploads\/2020\/07\/GAIDAPHOTOS-COM.jpg?fit=160%2C96&ssl=1","width":160,"height":96,"caption":"gaidaphotos"},"image":{"@id":"https:\/\/www.gaidaphotos.com\/blog\/#\/schema\/logo\/image\/"},"sameAs":["https:\/\/www.facebook.com\/Koeln.Rodenkirchen","https:\/\/x.com\/gaidaphotos","https:\/\/instagram.com\/gaidaphotos\/","https:\/\/de.linkedin.com\/in\/gaidaphotos","https:\/\/myspace.com\/gaidaphotos","https:\/\/www.pinterest.com\/gaidaphotos\/","https:\/\/www.youtube.com\/user\/gaidaphotos"]},{"@type":"Person","@id":"https:\/\/www.gaidaphotos.com\/blog\/#\/schema\/person\/6c444a5b13ffc503c5c32f5a9ec68b21","name":"Thomas","sameAs":["https:\/\/www.gaidaphotos.com","https:\/\/www.facebook.com\/gaidaphotos","https:\/\/instagram.com\/gaidaphotos\/","https:\/\/www.linkedin.com\/in\/gaidaphotos","http:\/\/www.pinterest.com\/gaidaphotos\/","https:\/\/x.com\/gaidaphotos","https:\/\/myspace.com\/gaidaphotos","https:\/\/www.youtube.com\/user\/gaidaphotos","https:\/\/gaidaphotos.tumblr.com\/"]}]}},"jetpack_publicize_connections":[],"jetpack_featured_media_url":"https:\/\/i0.wp.com\/www.gaidaphotos.com\/blog\/wp-content\/uploads\/2010\/07\/loelner-lichter-09.jpg?fit=480%2C360&ssl=1","jetpack_sharing_enabled":true,"jetpack_likes_enabled":true,"jetpack-related-posts":[{"id":3224,"url":"https:\/\/www.gaidaphotos.com\/blog\/2010\/07\/16\/koelner-lichter-17-07-2010-infos-tips-feuerwerk-fotografiere\/","url_meta":{"origin":5633,"position":0},"title":"K\u00f6lner Lichter 17.07.2010: Infos, Tips, Feuerwerk richtig fotografieren","author":"Thomas","date":"16. Juli 2010","format":false,"excerpt":"K\u00f6lner Lichter 17.07.2010: Infos, Tips, Feuerwerk richtig fotografieren Samstag, 17.07.2010, findet in K\u00f6ln wieder das allj\u00e4hrliche gr0\u00dfe Feuerwerk am Rhein statt. Wir zeigen Ihnen: alle Infos rund um die K\u00f6lner Lichter: Programm und alle Feuerwerke zwischen K\u00f6ln-Porz und K\u00f6ln-Rheinpark Anfahrt und Abfahrt zu den K\u00f6lner Lichtern Die beste Sicht aufs\u2026","rel":"","context":"In &quot;Foto-Kurs : Fotografieren&quot;","block_context":{"text":"Foto-Kurs : Fotografieren","link":"https:\/\/www.gaidaphotos.com\/blog\/category\/foto\/foto-kurs-fotografieren\/"},"img":{"alt_text":"Koelner Lichter - Feuerwerk fotografieren","src":"https:\/\/i0.wp.com\/www.gaidaphotos.com\/blog\/wp-content\/uploads\/2010\/07\/loelner-lichter-5s-f4-100.jpg?resize=350%2C200&ssl=1","width":350,"height":200},"classes":[]},{"id":8945,"url":"https:\/\/www.gaidaphotos.com\/blog\/2015\/06\/24\/stadtachter-koelner-lichter-11-07-2015\/","url_meta":{"origin":5633,"position":1},"title":"Stadtachter &#8211; K\u00f6lner Lichter 11.07.2015","author":"Thomas","date":"24. Juni 2015","format":false,"excerpt":"Beachparty an der k\u00f6lschen Riviera - 11. Juli 2015 85. Stadtachter in K\u00f6ln-Rodenkirchen K\u00f6lner Lichter Am 11. Juli 2015 wird in K\u00f6ln und Rodenkirchen wieder einmal ganz gro\u00df gefeiert. Anlass bieten der 85. K\u00f6lner Stadtachter und die K\u00f6lner Lichter. Da treffen Sportbegeisterte auf Feuerwerksfotografen und die \u00fcbliche Rodenkirchener Partygemeinde. Am\u2026","rel":"","context":"In &quot;K\u00f6ln&quot;","block_context":{"text":"K\u00f6ln","link":"https:\/\/www.gaidaphotos.com\/blog\/category\/koeln\/"},"img":{"alt_text":"","src":"https:\/\/i0.wp.com\/www.gaidaphotos.com\/blog\/wp-content\/uploads\/ngg_featured\/rodenkirchen-stadtachter-2013.jpg?fit=1024%2C682&ssl=1&resize=350%2C200","width":350,"height":200,"srcset":"https:\/\/i0.wp.com\/www.gaidaphotos.com\/blog\/wp-content\/uploads\/ngg_featured\/rodenkirchen-stadtachter-2013.jpg?fit=1024%2C682&ssl=1&resize=350%2C200 1x, https:\/\/i0.wp.com\/www.gaidaphotos.com\/blog\/wp-content\/uploads\/ngg_featured\/rodenkirchen-stadtachter-2013.jpg?fit=1024%2C682&ssl=1&resize=525%2C300 1.5x, https:\/\/i0.wp.com\/www.gaidaphotos.com\/blog\/wp-content\/uploads\/ngg_featured\/rodenkirchen-stadtachter-2013.jpg?fit=1024%2C682&ssl=1&resize=700%2C400 2x"},"classes":[]},{"id":4897,"url":"https:\/\/www.gaidaphotos.com\/blog\/2012\/07\/12\/kolner-lichter-2012-stadtachte\/","url_meta":{"origin":5633,"position":2},"title":"K\u00f6lner Lichter und Stadtachter 2012: Info, Tips, Foto-Tips","author":"Thomas","date":"12. Juli 2012","format":false,"excerpt":"K\u00f6lner Lichter 2012: Info, Tips, Foto-Tips K\u00f6lner Lichter 2012 bilden den H\u00f6hepunkt des K\u00f6lner Sommers, bevor sich die Einheimischen nach Mallorca oder in die T\u00fcrkei verziehen, Parkpl\u00e4tze frei werden und Touris die Stadt bev\u00f6lkern. Auch wenn es wetterbedingt in diesem Jahr wieder eher eine feuchtes Spektakel sein wird, ein Spektakel\u2026","rel":"","context":"In &quot;Foto-Kurs : Fotografieren&quot;","block_context":{"text":"Foto-Kurs : Fotografieren","link":"https:\/\/www.gaidaphotos.com\/blog\/category\/foto\/foto-kurs-fotografieren\/"},"img":{"alt_text":"","src":"https:\/\/www.gaidaphotos.com\/blog\/wp-content\/uploads\/2020\/08\/nggallery_import\/25_","width":350,"height":200,"srcset":"https:\/\/www.gaidaphotos.com\/blog\/wp-content\/uploads\/2020\/08\/nggallery_import\/25_ 1x, https:\/\/www.gaidaphotos.com\/blog\/wp-content\/uploads\/2020\/08\/nggallery_import\/25_ 1.5x, https:\/\/www.gaidaphotos.com\/blog\/wp-content\/uploads\/2020\/08\/nggallery_import\/25_ 2x"},"classes":[]},{"id":3264,"url":"https:\/\/www.gaidaphotos.com\/blog\/2010\/07\/18\/kolner-lichter-2010-feuerwerk-fotos\/","url_meta":{"origin":5633,"position":3},"title":"K\u00f6lner Lichter 2010: Feuerwerk Fotos","author":"Thomas","date":"18. Juli 2010","format":false,"excerpt":"K\u00f6lner Lichter 2010: Feuerwerk Fotos Zum \"gro\u00dfen\" Feuerwerk um 22:30h am Rheinpark hatten wir keine Lust. Aber Stadtachter und die s\u00fcdlichen Feuerwerke in Rodenirchen und Poll wollten wir uns dann doch nicht entgehen lassen. Der Stadtachter war eine Entt\u00e4uschung. Nix Ziel in Rodenkirchen, sondern irgendwo am Hafen. Was macht \"unser\"\u2026","rel":"","context":"In &quot;K\u00f6ln Rodenkirchen Einkaufen&quot;","block_context":{"text":"K\u00f6ln Rodenkirchen Einkaufen","link":"https:\/\/www.gaidaphotos.com\/blog\/category\/koeln-rodenkirchen\/koeln-rodenkirchen-einkaufen\/"},"img":{"alt_text":"K\u00f6lner Lichter 2010: Feuerwerk Fotos","src":"https:\/\/i0.wp.com\/www.gaidaphotos.com\/blog\/wp-content\/uploads\/2010\/07\/picknik-am-rhein.jpg?resize=350%2C200&ssl=1","width":350,"height":200},"classes":[]},{"id":2130,"url":"https:\/\/www.gaidaphotos.com\/blog\/2009\/09\/28\/koeln-rodenkirchen-freizeit-kirmes-am-rhein\/","url_meta":{"origin":5633,"position":4},"title":"K\u00f6ln Rodenkirchen Freizeit: Kirmes am Rhein","author":"Thomas","date":"28. September 2009","format":false,"excerpt":"Wie in jedem Jahr findet auch 2009 die Kirmes in K\u00f6ln-Rodenkirchen am Rheinufer statt. Das ist bei sch\u00f6nem Wetter (wie jetzt) besonders angenehm. Auch wenn die Fahrgesch\u00e4fte nicht SO viel hermachen, kann man in Rodenkirchen am Rhein in der Sonne sitzen und ein lecker K\u00f6lsch genie\u00dfen. Ein Spaziergang am Rhein\u2026","rel":"","context":"In &quot;K\u00f6ln Rodenkirchen Freizeit&quot;","block_context":{"text":"K\u00f6ln Rodenkirchen Freizeit","link":"https:\/\/www.gaidaphotos.com\/blog\/category\/koeln-rodenkirchen\/koeln-rodenkirchen-freizeit\/"},"img":{"alt_text":"Koeln Rodenkirchen Freizeit: Kirmes am Rhein","src":"https:\/\/i0.wp.com\/www.gaidaphotos.com\/blog\/wp-content\/uploads\/2009\/09\/koeln-rodenkirchen-kirmes-rheinufer-02-300x200.jpg?resize=350%2C200&ssl=1","width":350,"height":200},"classes":[]},{"id":5255,"url":"https:\/\/www.gaidaphotos.com\/blog\/2013\/01\/01\/neujahrsnacht-koeln-alte-liebe-stegbruch-feuerwerk\/","url_meta":{"origin":5633,"position":5},"title":"Neujahrsnacht in K\u00f6ln: &#8222;Alte Liebe&#8220; Nasse F\u00fc\u00dfe beim Stegbruch, Feuerwerk am Rhein","author":"Thomas","date":"1. Januar 2013","format":false,"excerpt":"\"Alte Liebe\": Steg bricht durch \u00dcberladung Keine schweren Verletzungen Feuerwerk am Rhein Das ist gerade noch einmal gut gegangen. Vermutlich durch \u00dcberlastung ist der Steg zum Restaurantschiff \"Alte Liebe\" zum Jahreswechsel gebrochen. Zu viele G\u00e4ste des beliebten Ausflugslokals am Rheinufer in Rodenkirchen wollten gleichzeitig vom Steg aus das Feuerwerk am\u2026","rel":"","context":"In &quot;K\u00f6ln Rodenkirchen&quot;","block_context":{"text":"K\u00f6ln Rodenkirchen","link":"https:\/\/www.gaidaphotos.com\/blog\/category\/koeln-rodenkirchen\/"},"img":{"alt_text":"","src":"https:\/\/www.gaidaphotos.com\/blog\/wp-content\/uploads\/2020\/08\/nggallery_import\/129_","width":350,"height":200,"srcset":"https:\/\/www.gaidaphotos.com\/blog\/wp-content\/uploads\/2020\/08\/nggallery_import\/129_ 1x, https:\/\/www.gaidaphotos.com\/blog\/wp-content\/uploads\/2020\/08\/nggallery_import\/129_ 1.5x"},"classes":[]}],"_links":{"self":[{"href":"https:\/\/www.gaidaphotos.com\/blog\/wp-json\/wp\/v2\/posts\/5633","targetHints":{"allow":["GET"]}}],"collection":[{"href":"https:\/\/www.gaidaphotos.com\/blog\/wp-json\/wp\/v2\/posts"}],"about":[{"href":"https:\/\/www.gaidaphotos.com\/blog\/wp-json\/wp\/v2\/types\/post"}],"author":[{"embeddable":true,"href":"https:\/\/www.gaidaphotos.com\/blog\/wp-json\/wp\/v2\/users\/6"}],"replies":[{"embeddable":true,"href":"https:\/\/www.gaidaphotos.com\/blog\/wp-json\/wp\/v2\/comments?post=5633"}],"version-history":[{"count":0,"href":"https:\/\/www.gaidaphotos.com\/blog\/wp-json\/wp\/v2\/posts\/5633\/revisions"}],"wp:featuredmedia":[{"embeddable":true,"href":"https:\/\/www.gaidaphotos.com\/blog\/wp-json\/wp\/v2\/media\/3273"}],"wp:attachment":[{"href":"https:\/\/www.gaidaphotos.com\/blog\/wp-json\/wp\/v2\/media?parent=5633"}],"wp:term":[{"taxonomy":"category","embeddable":true,"href":"https:\/\/www.gaidaphotos.com\/blog\/wp-json\/wp\/v2\/categories?post=5633"},{"taxonomy":"post_tag","embeddable":true,"href":"https:\/\/www.gaidaphotos.com\/blog\/wp-json\/wp\/v2\/tags?post=5633"}],"curies":[{"name":"wp","href":"https:\/\/api.w.org\/{rel}","templated":true}]}}