{"id":5750,"date":"2013-09-18T12:12:15","date_gmt":"2013-09-18T10:12:15","guid":{"rendered":"http:\/\/www.gaidaphotos.com\/blog\/?p=5750"},"modified":"2013-09-18T12:12:15","modified_gmt":"2013-09-18T10:12:15","slug":"strassenfest-im-severinsviertel-am-21-22-09-2013","status":"publish","type":"post","link":"https:\/\/www.gaidaphotos.com\/blog\/2013\/09\/18\/strassenfest-im-severinsviertel-am-21-22-09-2013\/","title":{"rendered":"Stra\u00dfenfest im Severinsviertel am 21.-22.09.2013"},"content":{"rendered":"<h2>D\u00c4 L\u00c4NGSTE DESCH VUN K\u00d6LLE<br \/>\n    STRASSENFEST IM SEVERINSVEEDEL am 21.-22.09.2013<\/h2>\n<p><a rel=\"lightbox[]\" data-ngfb-ngg-pid=\"294\" href=\"https:\/\/i0.wp.com\/www.gaidaphotos.com\/blog\/wp-content\/gallery\/alte-bilder-von-koeln-rodenkirchen\/rodenkirchen-shopping-60iger.jpg?ssl=1\" title='Alte Bilder von K\u00f6ln Rodenkirchen: Shopping in Rodenkirchenin den 60iger Jahren'><img data-recalc-dims=\"1\" src=\"https:\/\/i0.wp.com\/www.gaidaphotos.com\/blog\/wp-content\/gallery\/alte-bilder-von-koeln-rodenkirchen\/thumbs\/thumbs_rodenkirchen-shopping-60iger.jpg?w=910&#038;ssl=1\" alt='Alte Bilder von K\u00f6ln Rodenkirchen:' class='ngg-singlepic ngg-left' \/><\/a>Das Sevringsviertel, oder auf K\u00f6lsch kuz &quot;et Vringsveedel&quot; l\u00e4dt in diesem jahr zum 34 Mal zum traditionellen <strong>Stra\u00dfenfest &#8222;D\u00e4   l\u00e4ngste Desch vun K\u00f6lle&#8220;<\/strong> (Hochdeutsch: Der l\u00e4ngste Tisch K\u00f6lns). Mehr als 90 teilnehmende Gesch\u00e4fte, der gr\u00f6\u00dfte Teil ortsans\u00e4ssig, unterst\u00fctzt und gestaltet die Kultvernatslatung im S\u00fcden K\u00f6lns.<\/p>\n<p>Viele gro\u00dfe Sponsoren, darunter Radio K\u00f6ln, EXPRESS, Coca Cola und die Reissdorf Brauerei finanzieren einen gro\u00dfen Teil der Vernastaltung. Das Ergebnis ist ein Stra\u00dfenfest der besonderen Art mit einem beeindruckenden Musikprogramm an beiden Tagen.<\/p>\n<h3>W\u00e4hlen gehen: Bundestagswahl<\/h3>\n<p>Verbinden Sie den Besuch des Stra\u00dfenfest mit der Wahl zum Bundestag. Erst gehen Papa und Mama w\u00e4hlen und dann wird die Familie mit einem Besuch des Stra\u00dfenfest belohnt.<\/p>\n<h3>Angebote zum verkaufsoffenen Sonntag<\/h3>\n<p>&nbsp;Zum <strong>verkaufsoffenen Sonntag am 22.09.2013<\/strong> pr\u00e4sentiert sich auf den Stra\u00dfen rund um die Severinstorburg ein bunt gef\u00e4chertes Angebote:<\/p>\n<p>&nbsp;A.S.VC.   VING CHUNG,&nbsp; ACCENT HOTEL SEVERIN,&nbsp; ADAS AMBULANTE DIENSTE,&nbsp; ALL TOURS   REISECENTER,&nbsp; APOLLO GRILL,&nbsp; ART &amp; BIJOU,&nbsp; B\u00c4CKEREI OEBEL,&nbsp; B\u00c4CKEREI   SCHMITZ + NITTENWILM,&nbsp; BACKWERK,&nbsp; BLAUES HAUS,&nbsp; BLUE INSURE,&nbsp; BLUMEN   RISSE,&nbsp; BS-SHOP MOBILFUNK,&nbsp; BUTT,&nbsp; CAF\u00c8 SCHULZE,&nbsp; COLONIA MAT,&nbsp; CSE KOLN   ENTERTAINMENT,&nbsp; DER GR\u00dcNE ZWERG,&nbsp; DIAKONIE MICHELSHOVEN,&nbsp; EISCAFE GEA,&nbsp;   EM SCHEFFGE,&nbsp; E-PLUS PS SEVERIN,&nbsp; ESELS\u00d6HRCHEN,&nbsp; EUROKAUFHAUS,&nbsp; FISCH   HEMBSCH,&nbsp; FOTOMARKT,&nbsp; G.S. MODEN,&nbsp; GASTRONOMIE NIEHOFF,&nbsp; GASTST\u00c4TTE   SCHMIDT,&nbsp; GELATISSIMO,&nbsp; GETR\u00c4NKEMARKT MALKOE,&nbsp; GINA LAURA,&nbsp; HOOT   COUTURE,&nbsp; IG SEVERINSVIERTEL,&nbsp; IL GELATIERE,&nbsp; INDIEN CURRY HAUS,&nbsp; JIM   MENSHOP,&nbsp; J\u00d6RG\u00b4S S\u00dcDSTADT PIERCING,&nbsp; JUWELIER BALKE-WANT,&nbsp; KAMPS&nbsp;   FRANCHISEPARTNER,&nbsp; KERSCHKAMP\u00b4S,&nbsp; KIOSK EM VEEDEL,&nbsp; K\u00d6LN GOLD,&nbsp; K\u00d6LNER   VEEDELSVEREIN &#8222;Spillmannsgasser Junge&#8220;,&nbsp; K\u00d6TTGEN H\u00d6RAKUSTIK,&nbsp; LA   ESQUINA,&nbsp; LA VECCHIA,&nbsp; LUDARI,&nbsp; LYSKIRCHER JUNGE,&nbsp; METZGEREI +   PARTYSERVICE ST\u00dcRMER,&nbsp; METZGEREI WERNER,&nbsp; MUSKELKATER SPORT,&nbsp; NATUR   STROMHANDEL,&nbsp; O2 PARTNERSHOP,&nbsp; OPTIK HEES,&nbsp; ORIGINAL NEGERK\u00d6PP,&nbsp;   PARF\u00dcMERIE MALLACH,&nbsp; PARF\u00dcMERIE TAPPERT,&nbsp; PIZZA PEPERONI,&nbsp; PIZZERIA DEL   BAJAZZO,&nbsp; PIZZERIA PALERMO,&nbsp; PRINCIPESSA,&nbsp; REISSDORF-BRAUSTUBE NIEHOFF,&nbsp;   REKLAME FIPS,&nbsp; SAHAN MARKET,&nbsp; SAMEN-ZOO BLUHME,&nbsp; SANIT\u00c4TSHAUS   WILLECKE,&nbsp; SCHNEIDER RADSPORT,&nbsp; SEVERINSKLAUSE,&nbsp; SPORTLIFE &#8211; DI PERRI,&nbsp;   STEFAN SCHULZE,&nbsp; STRASS K\u00d6NIG,&nbsp; S\u00dcDSTADT KIOSK,&nbsp; TABAKWAREN K\u00dcHN,&nbsp;   TAXI-RUF K\u00d6LN,&nbsp; TREND-MODE,&nbsp; TR\u00dcFFEL ULRICH,&nbsp; TURISTA S\u00dcD,&nbsp; WEISS,&nbsp; WILD   &amp; GEFL\u00dcGEL ERHARDT,&nbsp; ZUR ALTEN BRAUEREI&nbsp; u.v.m.<\/p>\n<h3>&nbsp;Musikprogramm zum Stra\u00dfenfest<\/h3>\n<p>Die Interessengemeinschaft Severinsviertel e.V. und  die Brauerei Heinrich Reissdorf pr\u00e4sentieren gemeinsam mit RADIO K\u00d6LN ein gro\u00dfes Programm auf mehreren B\u00fchnen und unterschiedlichen Themen.<\/p>\n<h3>&nbsp;&#8222;Hauptb\u00fchne&#8220; Severinskirchplatz:<br \/>\n  k\u00f6lsche T\u00f6n und Cover-Musik<\/h3>\n<ul>\n<li>5 Jraad <\/li>\n<li>Alpenk\u00f6lsch <\/li>\n<li>Angie <\/li>\n<li>Col\u00f6r <\/li>\n<li>Daniel Basalla <\/li>\n<li>De Boore <\/li>\n<li>De Vajabunde <\/li>\n<li>Dennis Harder <\/li>\n<li>Der Fredi <\/li>\n<li>Die Filue <\/li>\n<li>Die Jungen Trompeter <\/li>\n<li>Domstadtbande <\/li>\n<li>Domst\u00fcrmer <\/li>\n<li>Fl\u00f6ckchen <\/li>\n<li>Funky Marys <\/li>\n<li>Gino dal Nero <\/li>\n<li>K\u00f6lsche Adler <\/li>\n<li>K\u00f6lsche Gresberger <\/li>\n<li>K\u00f6lsche Kraat <\/li>\n<li>K\u00f6lschfraktion <\/li>\n<li>K\u00f6lschkartell <\/li>\n<li>Kragekn\u00f6pp <\/li>\n<li>Lyskircher Junge <\/li>\n<li>Manfred Schweinheim <\/li>\n<li>N\u00fcggele <\/li>\n<li>Philipp Schmitz <\/li>\n<li>Sch\u00e4ng <\/li>\n<li>Stefan Dahm <\/li>\n<li>Tommy Walter<\/li>\n<li>Marita K\u00f6llner <\/li>\n<li>Hanak <\/li>\n<li>Schachmatt<br \/>\n    die erfolgreiche Cover-Band<\/li>\n<\/ul>\n<p>&nbsp;Moderation: Tommy Walter&nbsp;<\/p>\n<h3> B\u00fchne auf der Severinstra\u00dfe \/ Ecke Karl-Berbuer-Platz<br \/>\n  &#8222;Hits und Schlager&#8220;<\/h3>\n<p>Hier pr\u00e4sentiert Ex-RTL-Moderator Uwe H\u00fcbner&nbsp; (Hitparade) zusammen mit  Larry G. Rieger die gro\u00dfe<strong> Schlager-Parade:<br \/>\n  <\/strong><\/p>\n<ul>\n<li>hitPARADIES.<\/li>\n<li>Billy &amp; The 2 Tones <\/li>\n<li>Dennis Harder <\/li>\n<li>Der Fredi <\/li>\n<li>Diggi Emil Schwenke <\/li>\n<li>Eva Gruse <\/li>\n<li>Helmut Engeln <\/li>\n<li>J\u00fcrgen Peter <\/li>\n<li>Martin Scholz <\/li>\n<li>Mirco Andre <\/li>\n<li>Pascal L\u00fcders <\/li>\n<li>Ren\u00e9 Kretschmar<\/li>\n<li>Generation Spass <\/li>\n<li>u.v.m. <\/li>\n<\/ul>\n<p>&nbsp;(\u00c4nderungen vorbehalten)<\/p>\n<p>&nbsp;<u>VERANSTALTUNGSHINWEISE:<\/u><\/p>\n<p><strong>Veranstaltungsort<\/strong>:&nbsp;<br \/>\n  K\u00f6ln S\u00fcdstadt, Severinstra\u00dfe, von der Severinstorburg bis zur Severinsbr\u00fccke, sowie auf dem&nbsp; Severinskirchplatz<\/p>\n<p><strong>Veranstaltungstermin<\/strong>:<br \/>\n  &nbsp;    21.&nbsp;&nbsp; und&nbsp;&nbsp; 22.&nbsp; September&nbsp; 2013 (Samstag und Sonntag)<\/p>\n<p>Veranstaltungs-Hotline: 0221 \/ 170 77 88<br \/>\n  (Nur w\u00e4hrend der Veranstaltung)<\/p>\n<p><strong>Stra\u00dfensperrung<\/strong><br \/>\n  Anl\u00e4sslich unserer Veranstaltung werden wieder diverse Stra\u00dfen gesperrt bzw. Umgeleitet. Die Sperrung beginnt am&nbsp; Freitag,&nbsp; 20. September um 19:00&nbsp; Uhr,&nbsp; und wird am&nbsp; Montag,&nbsp; 23. September&nbsp; um&nbsp; 5:00&nbsp; Uhr&nbsp; aufgehoben.<br \/>\n  In dieser Zeit werden abgestellte Fahrzeuge auf den folgenden Stra\u00dfen kostenpflichtig abgeschleppt.&nbsp;<\/p>\n<p>Gesperrt werden die Stra\u00dfen:<br \/>\n  Severinstra\u00dfe,   Severinskirchplatz, Severinskloster, Hirschg\u00e4\u00dfchen, An St. Magdalenen,   Kart\u00e4userhof, Jakobstr., Achterg\u00e4\u00dfchen, Josephstr., Rosenstr., Im Dau,   Landsbergstr.&nbsp; sowie Severinskirchplatz&nbsp;&nbsp; und&nbsp;&nbsp; Karl-Berbuer-Platz.<\/p>\n","protected":false},"excerpt":{"rendered":"<p>D\u00c4 L\u00c4NGSTE DESCH VUN K\u00d6LLE STRASSENFEST IM SEVERINSVEEDEL am 21.-22.09.2013 Das Sevringsviertel, oder auf K\u00f6lsch kuz &quot;et Vringsveedel&quot; l\u00e4dt in<\/p>\n","protected":false},"author":6,"featured_media":12430,"comment_status":"open","ping_status":"open","sticky":false,"template":"","format":"standard","meta":{"_crdt_document":"","ngg_post_thumbnail":0,"jetpack_post_was_ever_published":false,"_jetpack_newsletter_access":"","_jetpack_dont_email_post_to_subs":false,"_jetpack_newsletter_tier_id":0,"_jetpack_memberships_contains_paywalled_content":false,"_jetpack_memberships_contains_paid_content":false,"footnotes":"","jetpack_publicize_message":"","jetpack_publicize_feature_enabled":true,"jetpack_social_post_already_shared":true,"jetpack_social_options":{"image_generator_settings":{"template":"highway","default_image_id":0,"font":"","enabled":false},"version":2}},"categories":[178],"tags":[108,102,544,153,147],"class_list":["post-5750","post","type-post","status-publish","format-standard","has-post-thumbnail","hentry","category-verkaufsoffener-sonntag-koln-nrw","tag-einkaufen","tag-freizeit","tag-koeln","tag-strassenfest","tag-verkaufsoffener-sonntag"],"yoast_head":"<!-- This site is optimized with the Yoast SEO plugin v27.5 - https:\/\/yoast.com\/product\/yoast-seo-wordpress\/ -->\n<title>STRASSENFEST IM SEVERINSVEEDEL am 21.-22.09.2013<\/title>\n<meta name=\"description\" content=\"verkaufsoffener Sonntag und Kult-Stra\u00dfenfest &quot;Der l\u00e4ngste Desch vun K\u00f6lle&quot;: Angebote, Musikprogramm, Infos\" \/>\n<meta name=\"robots\" content=\"index, follow, max-snippet:-1, max-image-preview:large, max-video-preview:-1\" \/>\n<link rel=\"canonical\" href=\"https:\/\/www.gaidaphotos.com\/blog\/2013\/09\/18\/strassenfest-im-severinsviertel-am-21-22-09-2013\/\" \/>\n<meta property=\"og:locale\" content=\"de_DE\" \/>\n<meta property=\"og:type\" content=\"article\" \/>\n<meta property=\"og:title\" content=\"STRASSENFEST IM SEVERINSVEEDEL am 21.-22.09.2013\" \/>\n<meta property=\"og:description\" content=\"verkaufsoffener Sonntag und Kult-Stra\u00dfenfest &quot;Der l\u00e4ngste Desch vun K\u00f6lle&quot;: Angebote, Musikprogramm, Infos\" \/>\n<meta property=\"og:url\" content=\"https:\/\/www.gaidaphotos.com\/blog\/2013\/09\/18\/strassenfest-im-severinsviertel-am-21-22-09-2013\/\" \/>\n<meta property=\"og:site_name\" content=\"K\u00f6ln Rodenkirchen und die Welt\" \/>\n<meta property=\"article:publisher\" content=\"https:\/\/www.facebook.com\/Koeln.Rodenkirchen\" \/>\n<meta property=\"article:author\" content=\"https:\/\/www.facebook.com\/gaidaphotos\" \/>\n<meta property=\"article:published_time\" content=\"2013-09-18T10:12:15+00:00\" \/>\n<meta property=\"og:image\" content=\"https:\/\/www.gaidaphotos.com\/blog\/wp-content\/uploads\/2020\/08\/nggallery_import\/143_\" \/>\n\t<meta property=\"og:image:width\" content=\"1754\" \/>\n\t<meta property=\"og:image:height\" content=\"1736\" \/>\n\t<meta property=\"og:image:type\" content=\"image\/jpeg\" \/>\n<meta name=\"author\" content=\"Thomas\" \/>\n<meta name=\"twitter:card\" content=\"summary_large_image\" \/>\n<meta name=\"twitter:creator\" content=\"@gaidaphotos\" \/>\n<meta name=\"twitter:site\" content=\"@gaidaphotos\" \/>\n<meta name=\"twitter:label1\" content=\"Verfasst von\" \/>\n\t<meta name=\"twitter:data1\" content=\"Thomas\" \/>\n\t<meta name=\"twitter:label2\" content=\"Gesch\u00e4tzte Lesezeit\" \/>\n\t<meta name=\"twitter:data2\" content=\"4\u00a0Minuten\" \/>\n<script type=\"application\/ld+json\" class=\"yoast-schema-graph\">{\"@context\":\"https:\\\/\\\/schema.org\",\"@graph\":[{\"@type\":\"Article\",\"@id\":\"https:\\\/\\\/www.gaidaphotos.com\\\/blog\\\/2013\\\/09\\\/18\\\/strassenfest-im-severinsviertel-am-21-22-09-2013\\\/#article\",\"isPartOf\":{\"@id\":\"https:\\\/\\\/www.gaidaphotos.com\\\/blog\\\/2013\\\/09\\\/18\\\/strassenfest-im-severinsviertel-am-21-22-09-2013\\\/\"},\"author\":{\"name\":\"Thomas\",\"@id\":\"https:\\\/\\\/www.gaidaphotos.com\\\/blog\\\/#\\\/schema\\\/person\\\/6c444a5b13ffc503c5c32f5a9ec68b21\"},\"headline\":\"Stra\u00dfenfest im Severinsviertel am 21.-22.09.2013\",\"datePublished\":\"2013-09-18T10:12:15+00:00\",\"mainEntityOfPage\":{\"@id\":\"https:\\\/\\\/www.gaidaphotos.com\\\/blog\\\/2013\\\/09\\\/18\\\/strassenfest-im-severinsviertel-am-21-22-09-2013\\\/\"},\"wordCount\":769,\"commentCount\":0,\"publisher\":{\"@id\":\"https:\\\/\\\/www.gaidaphotos.com\\\/blog\\\/#organization\"},\"image\":{\"@id\":\"https:\\\/\\\/www.gaidaphotos.com\\\/blog\\\/2013\\\/09\\\/18\\\/strassenfest-im-severinsviertel-am-21-22-09-2013\\\/#primaryimage\"},\"thumbnailUrl\":\"https:\\\/\\\/www.gaidaphotos.com\\\/blog\\\/wp-content\\\/uploads\\\/2020\\\/08\\\/nggallery_import\\\/143_\",\"keywords\":[\"Einkaufen\\\/ Shopping\",\"Freizeit-Ideen\",\"K\u00f6ln\",\"Strassenfest\",\"verkaufsoffener Sonntag\"],\"articleSection\":[\"Verkaufsoffener Sonntag K\u00f6ln NRW\"],\"inLanguage\":\"de\",\"potentialAction\":[{\"@type\":\"CommentAction\",\"name\":\"Comment\",\"target\":[\"https:\\\/\\\/www.gaidaphotos.com\\\/blog\\\/2013\\\/09\\\/18\\\/strassenfest-im-severinsviertel-am-21-22-09-2013\\\/#respond\"]}]},{\"@type\":\"WebPage\",\"@id\":\"https:\\\/\\\/www.gaidaphotos.com\\\/blog\\\/2013\\\/09\\\/18\\\/strassenfest-im-severinsviertel-am-21-22-09-2013\\\/\",\"url\":\"https:\\\/\\\/www.gaidaphotos.com\\\/blog\\\/2013\\\/09\\\/18\\\/strassenfest-im-severinsviertel-am-21-22-09-2013\\\/\",\"name\":\"STRASSENFEST IM SEVERINSVEEDEL am 21.-22.09.2013\",\"isPartOf\":{\"@id\":\"https:\\\/\\\/www.gaidaphotos.com\\\/blog\\\/#website\"},\"primaryImageOfPage\":{\"@id\":\"https:\\\/\\\/www.gaidaphotos.com\\\/blog\\\/2013\\\/09\\\/18\\\/strassenfest-im-severinsviertel-am-21-22-09-2013\\\/#primaryimage\"},\"image\":{\"@id\":\"https:\\\/\\\/www.gaidaphotos.com\\\/blog\\\/2013\\\/09\\\/18\\\/strassenfest-im-severinsviertel-am-21-22-09-2013\\\/#primaryimage\"},\"thumbnailUrl\":\"https:\\\/\\\/www.gaidaphotos.com\\\/blog\\\/wp-content\\\/uploads\\\/2020\\\/08\\\/nggallery_import\\\/143_\",\"datePublished\":\"2013-09-18T10:12:15+00:00\",\"description\":\"verkaufsoffener Sonntag und Kult-Stra\u00dfenfest \\\"Der l\u00e4ngste Desch vun K\u00f6lle\\\": Angebote, Musikprogramm, Infos\",\"breadcrumb\":{\"@id\":\"https:\\\/\\\/www.gaidaphotos.com\\\/blog\\\/2013\\\/09\\\/18\\\/strassenfest-im-severinsviertel-am-21-22-09-2013\\\/#breadcrumb\"},\"inLanguage\":\"de\",\"potentialAction\":[{\"@type\":\"ReadAction\",\"target\":[\"https:\\\/\\\/www.gaidaphotos.com\\\/blog\\\/2013\\\/09\\\/18\\\/strassenfest-im-severinsviertel-am-21-22-09-2013\\\/\"]}]},{\"@type\":\"ImageObject\",\"inLanguage\":\"de\",\"@id\":\"https:\\\/\\\/www.gaidaphotos.com\\\/blog\\\/2013\\\/09\\\/18\\\/strassenfest-im-severinsviertel-am-21-22-09-2013\\\/#primaryimage\",\"url\":\"https:\\\/\\\/www.gaidaphotos.com\\\/blog\\\/wp-content\\\/uploads\\\/2020\\\/08\\\/nggallery_import\\\/143_\",\"contentUrl\":\"https:\\\/\\\/www.gaidaphotos.com\\\/blog\\\/wp-content\\\/uploads\\\/2020\\\/08\\\/nggallery_import\\\/143_\",\"width\":1754,\"height\":1736},{\"@type\":\"BreadcrumbList\",\"@id\":\"https:\\\/\\\/www.gaidaphotos.com\\\/blog\\\/2013\\\/09\\\/18\\\/strassenfest-im-severinsviertel-am-21-22-09-2013\\\/#breadcrumb\",\"itemListElement\":[{\"@type\":\"ListItem\",\"position\":1,\"name\":\"Startseite\",\"item\":\"https:\\\/\\\/www.gaidaphotos.com\\\/blog\\\/\"},{\"@type\":\"ListItem\",\"position\":2,\"name\":\"Stra\u00dfenfest im Severinsviertel am 21.-22.09.2013\"}]},{\"@type\":\"WebSite\",\"@id\":\"https:\\\/\\\/www.gaidaphotos.com\\\/blog\\\/#website\",\"url\":\"https:\\\/\\\/www.gaidaphotos.com\\\/blog\\\/\",\"name\":\"K\u00f6ln Rodenkirchen und die Welt\",\"description\":\"Einkaufen, Restaurants, Freizeit, Nachrichten und was uns sonst bewegt und begegnet\",\"publisher\":{\"@id\":\"https:\\\/\\\/www.gaidaphotos.com\\\/blog\\\/#organization\"},\"potentialAction\":[{\"@type\":\"SearchAction\",\"target\":{\"@type\":\"EntryPoint\",\"urlTemplate\":\"https:\\\/\\\/www.gaidaphotos.com\\\/blog\\\/?s={search_term_string}\"},\"query-input\":{\"@type\":\"PropertyValueSpecification\",\"valueRequired\":true,\"valueName\":\"search_term_string\"}}],\"inLanguage\":\"de\"},{\"@type\":\"Organization\",\"@id\":\"https:\\\/\\\/www.gaidaphotos.com\\\/blog\\\/#organization\",\"name\":\"gaidaphotos\",\"url\":\"https:\\\/\\\/www.gaidaphotos.com\\\/blog\\\/\",\"logo\":{\"@type\":\"ImageObject\",\"inLanguage\":\"de\",\"@id\":\"https:\\\/\\\/www.gaidaphotos.com\\\/blog\\\/#\\\/schema\\\/logo\\\/image\\\/\",\"url\":\"https:\\\/\\\/i0.wp.com\\\/www.gaidaphotos.com\\\/blog\\\/wp-content\\\/uploads\\\/2020\\\/07\\\/GAIDAPHOTOS-COM.jpg?fit=160%2C96&ssl=1\",\"contentUrl\":\"https:\\\/\\\/i0.wp.com\\\/www.gaidaphotos.com\\\/blog\\\/wp-content\\\/uploads\\\/2020\\\/07\\\/GAIDAPHOTOS-COM.jpg?fit=160%2C96&ssl=1\",\"width\":160,\"height\":96,\"caption\":\"gaidaphotos\"},\"image\":{\"@id\":\"https:\\\/\\\/www.gaidaphotos.com\\\/blog\\\/#\\\/schema\\\/logo\\\/image\\\/\"},\"sameAs\":[\"https:\\\/\\\/www.facebook.com\\\/Koeln.Rodenkirchen\",\"https:\\\/\\\/x.com\\\/gaidaphotos\",\"https:\\\/\\\/instagram.com\\\/gaidaphotos\\\/\",\"https:\\\/\\\/de.linkedin.com\\\/in\\\/gaidaphotos\",\"https:\\\/\\\/myspace.com\\\/gaidaphotos\",\"https:\\\/\\\/www.pinterest.com\\\/gaidaphotos\\\/\",\"https:\\\/\\\/www.youtube.com\\\/user\\\/gaidaphotos\"]},{\"@type\":\"Person\",\"@id\":\"https:\\\/\\\/www.gaidaphotos.com\\\/blog\\\/#\\\/schema\\\/person\\\/6c444a5b13ffc503c5c32f5a9ec68b21\",\"name\":\"Thomas\",\"sameAs\":[\"https:\\\/\\\/www.gaidaphotos.com\",\"https:\\\/\\\/www.facebook.com\\\/gaidaphotos\",\"https:\\\/\\\/instagram.com\\\/gaidaphotos\\\/\",\"https:\\\/\\\/www.linkedin.com\\\/in\\\/gaidaphotos\",\"http:\\\/\\\/www.pinterest.com\\\/gaidaphotos\\\/\",\"https:\\\/\\\/x.com\\\/gaidaphotos\",\"https:\\\/\\\/myspace.com\\\/gaidaphotos\",\"https:\\\/\\\/www.youtube.com\\\/user\\\/gaidaphotos\",\"https:\\\/\\\/gaidaphotos.tumblr.com\\\/\"]}]}<\/script>\n<!-- \/ Yoast SEO plugin. -->","yoast_head_json":{"title":"STRASSENFEST IM SEVERINSVEEDEL am 21.-22.09.2013","description":"verkaufsoffener Sonntag und Kult-Stra\u00dfenfest \"Der l\u00e4ngste Desch vun K\u00f6lle\": Angebote, Musikprogramm, Infos","robots":{"index":"index","follow":"follow","max-snippet":"max-snippet:-1","max-image-preview":"max-image-preview:large","max-video-preview":"max-video-preview:-1"},"canonical":"https:\/\/www.gaidaphotos.com\/blog\/2013\/09\/18\/strassenfest-im-severinsviertel-am-21-22-09-2013\/","og_locale":"de_DE","og_type":"article","og_title":"STRASSENFEST IM SEVERINSVEEDEL am 21.-22.09.2013","og_description":"verkaufsoffener Sonntag und Kult-Stra\u00dfenfest \"Der l\u00e4ngste Desch vun K\u00f6lle\": Angebote, Musikprogramm, Infos","og_url":"https:\/\/www.gaidaphotos.com\/blog\/2013\/09\/18\/strassenfest-im-severinsviertel-am-21-22-09-2013\/","og_site_name":"K\u00f6ln Rodenkirchen und die Welt","article_publisher":"https:\/\/www.facebook.com\/Koeln.Rodenkirchen","article_author":"https:\/\/www.facebook.com\/gaidaphotos","article_published_time":"2013-09-18T10:12:15+00:00","og_image":[{"width":1754,"height":1736,"url":"https:\/\/www.gaidaphotos.com\/blog\/wp-content\/uploads\/2020\/08\/nggallery_import\/143_","type":"image\/jpeg"}],"author":"Thomas","twitter_card":"summary_large_image","twitter_creator":"@gaidaphotos","twitter_site":"@gaidaphotos","twitter_misc":{"Verfasst von":"Thomas","Gesch\u00e4tzte Lesezeit":"4\u00a0Minuten"},"schema":{"@context":"https:\/\/schema.org","@graph":[{"@type":"Article","@id":"https:\/\/www.gaidaphotos.com\/blog\/2013\/09\/18\/strassenfest-im-severinsviertel-am-21-22-09-2013\/#article","isPartOf":{"@id":"https:\/\/www.gaidaphotos.com\/blog\/2013\/09\/18\/strassenfest-im-severinsviertel-am-21-22-09-2013\/"},"author":{"name":"Thomas","@id":"https:\/\/www.gaidaphotos.com\/blog\/#\/schema\/person\/6c444a5b13ffc503c5c32f5a9ec68b21"},"headline":"Stra\u00dfenfest im Severinsviertel am 21.-22.09.2013","datePublished":"2013-09-18T10:12:15+00:00","mainEntityOfPage":{"@id":"https:\/\/www.gaidaphotos.com\/blog\/2013\/09\/18\/strassenfest-im-severinsviertel-am-21-22-09-2013\/"},"wordCount":769,"commentCount":0,"publisher":{"@id":"https:\/\/www.gaidaphotos.com\/blog\/#organization"},"image":{"@id":"https:\/\/www.gaidaphotos.com\/blog\/2013\/09\/18\/strassenfest-im-severinsviertel-am-21-22-09-2013\/#primaryimage"},"thumbnailUrl":"https:\/\/www.gaidaphotos.com\/blog\/wp-content\/uploads\/2020\/08\/nggallery_import\/143_","keywords":["Einkaufen\/ Shopping","Freizeit-Ideen","K\u00f6ln","Strassenfest","verkaufsoffener Sonntag"],"articleSection":["Verkaufsoffener Sonntag K\u00f6ln NRW"],"inLanguage":"de","potentialAction":[{"@type":"CommentAction","name":"Comment","target":["https:\/\/www.gaidaphotos.com\/blog\/2013\/09\/18\/strassenfest-im-severinsviertel-am-21-22-09-2013\/#respond"]}]},{"@type":"WebPage","@id":"https:\/\/www.gaidaphotos.com\/blog\/2013\/09\/18\/strassenfest-im-severinsviertel-am-21-22-09-2013\/","url":"https:\/\/www.gaidaphotos.com\/blog\/2013\/09\/18\/strassenfest-im-severinsviertel-am-21-22-09-2013\/","name":"STRASSENFEST IM SEVERINSVEEDEL am 21.-22.09.2013","isPartOf":{"@id":"https:\/\/www.gaidaphotos.com\/blog\/#website"},"primaryImageOfPage":{"@id":"https:\/\/www.gaidaphotos.com\/blog\/2013\/09\/18\/strassenfest-im-severinsviertel-am-21-22-09-2013\/#primaryimage"},"image":{"@id":"https:\/\/www.gaidaphotos.com\/blog\/2013\/09\/18\/strassenfest-im-severinsviertel-am-21-22-09-2013\/#primaryimage"},"thumbnailUrl":"https:\/\/www.gaidaphotos.com\/blog\/wp-content\/uploads\/2020\/08\/nggallery_import\/143_","datePublished":"2013-09-18T10:12:15+00:00","description":"verkaufsoffener Sonntag und Kult-Stra\u00dfenfest \"Der l\u00e4ngste Desch vun K\u00f6lle\": Angebote, Musikprogramm, Infos","breadcrumb":{"@id":"https:\/\/www.gaidaphotos.com\/blog\/2013\/09\/18\/strassenfest-im-severinsviertel-am-21-22-09-2013\/#breadcrumb"},"inLanguage":"de","potentialAction":[{"@type":"ReadAction","target":["https:\/\/www.gaidaphotos.com\/blog\/2013\/09\/18\/strassenfest-im-severinsviertel-am-21-22-09-2013\/"]}]},{"@type":"ImageObject","inLanguage":"de","@id":"https:\/\/www.gaidaphotos.com\/blog\/2013\/09\/18\/strassenfest-im-severinsviertel-am-21-22-09-2013\/#primaryimage","url":"https:\/\/www.gaidaphotos.com\/blog\/wp-content\/uploads\/2020\/08\/nggallery_import\/143_","contentUrl":"https:\/\/www.gaidaphotos.com\/blog\/wp-content\/uploads\/2020\/08\/nggallery_import\/143_","width":1754,"height":1736},{"@type":"BreadcrumbList","@id":"https:\/\/www.gaidaphotos.com\/blog\/2013\/09\/18\/strassenfest-im-severinsviertel-am-21-22-09-2013\/#breadcrumb","itemListElement":[{"@type":"ListItem","position":1,"name":"Startseite","item":"https:\/\/www.gaidaphotos.com\/blog\/"},{"@type":"ListItem","position":2,"name":"Stra\u00dfenfest im Severinsviertel am 21.-22.09.2013"}]},{"@type":"WebSite","@id":"https:\/\/www.gaidaphotos.com\/blog\/#website","url":"https:\/\/www.gaidaphotos.com\/blog\/","name":"K\u00f6ln Rodenkirchen und die Welt","description":"Einkaufen, Restaurants, Freizeit, Nachrichten und was uns sonst bewegt und begegnet","publisher":{"@id":"https:\/\/www.gaidaphotos.com\/blog\/#organization"},"potentialAction":[{"@type":"SearchAction","target":{"@type":"EntryPoint","urlTemplate":"https:\/\/www.gaidaphotos.com\/blog\/?s={search_term_string}"},"query-input":{"@type":"PropertyValueSpecification","valueRequired":true,"valueName":"search_term_string"}}],"inLanguage":"de"},{"@type":"Organization","@id":"https:\/\/www.gaidaphotos.com\/blog\/#organization","name":"gaidaphotos","url":"https:\/\/www.gaidaphotos.com\/blog\/","logo":{"@type":"ImageObject","inLanguage":"de","@id":"https:\/\/www.gaidaphotos.com\/blog\/#\/schema\/logo\/image\/","url":"https:\/\/i0.wp.com\/www.gaidaphotos.com\/blog\/wp-content\/uploads\/2020\/07\/GAIDAPHOTOS-COM.jpg?fit=160%2C96&ssl=1","contentUrl":"https:\/\/i0.wp.com\/www.gaidaphotos.com\/blog\/wp-content\/uploads\/2020\/07\/GAIDAPHOTOS-COM.jpg?fit=160%2C96&ssl=1","width":160,"height":96,"caption":"gaidaphotos"},"image":{"@id":"https:\/\/www.gaidaphotos.com\/blog\/#\/schema\/logo\/image\/"},"sameAs":["https:\/\/www.facebook.com\/Koeln.Rodenkirchen","https:\/\/x.com\/gaidaphotos","https:\/\/instagram.com\/gaidaphotos\/","https:\/\/de.linkedin.com\/in\/gaidaphotos","https:\/\/myspace.com\/gaidaphotos","https:\/\/www.pinterest.com\/gaidaphotos\/","https:\/\/www.youtube.com\/user\/gaidaphotos"]},{"@type":"Person","@id":"https:\/\/www.gaidaphotos.com\/blog\/#\/schema\/person\/6c444a5b13ffc503c5c32f5a9ec68b21","name":"Thomas","sameAs":["https:\/\/www.gaidaphotos.com","https:\/\/www.facebook.com\/gaidaphotos","https:\/\/instagram.com\/gaidaphotos\/","https:\/\/www.linkedin.com\/in\/gaidaphotos","http:\/\/www.pinterest.com\/gaidaphotos\/","https:\/\/x.com\/gaidaphotos","https:\/\/myspace.com\/gaidaphotos","https:\/\/www.youtube.com\/user\/gaidaphotos","https:\/\/gaidaphotos.tumblr.com\/"]}]}},"jetpack_publicize_connections":[],"jetpack_featured_media_url":"https:\/\/www.gaidaphotos.com\/blog\/wp-content\/uploads\/2020\/08\/nggallery_import\/143_","jetpack_sharing_enabled":true,"jetpack_likes_enabled":true,"jetpack-related-posts":[{"id":3681,"url":"https:\/\/www.gaidaphotos.com\/blog\/2011\/09\/12\/koeln-severinsviertel-worringen-rath-heumar-verkaufsoffener-sonntag-strassenfest-18-09-2011\/","url_meta":{"origin":5750,"position":0},"title":"K\u00f6ln Severinsviertel,  Worringen,  Rath,  Heumar  &#8211; verkaufsoffener Sonntag &#038;  Stra\u00dfenfest 18.09.2011","author":"Thomas","date":"12. September 2011","format":false,"excerpt":"K\u00f6ln Severinsviertel,\u00a0 Worringen,\u00a0 Rath,\u00a0 Heumar Verkaufsoffener Sonntag Stra\u00dfenfest 18.09.2011 Endlich ist es wieder soweit und die K\u00f6lner k\u00f6nnen auch am Sonntag die lokale Wirtschaft und die Lokale beleben. Besonderes Highlight am 17.\/ und 18.09.2011 ist \"D\u00e4 L\u00e4ngste Desch von K\u00f6lle\", das Stra\u00dfenfest rund um Severinstorburg und Severinstra\u00dfe. Neben dem umfangreichen\u2026","rel":"","context":"In &quot;Verkaufsoffener Sonntag K\u00f6ln NRW&quot;","block_context":{"text":"Verkaufsoffener Sonntag K\u00f6ln NRW","link":"https:\/\/www.gaidaphotos.com\/blog\/category\/kalender-archiv\/verkaufsoffener-sonntag-koln-nrw\/"},"img":{"alt_text":"","src":"https:\/\/www.gaidaphotos.com\/blog\/wp-content\/uploads\/2020\/08\/nggallery_import\/86_","width":350,"height":200,"srcset":"https:\/\/www.gaidaphotos.com\/blog\/wp-content\/uploads\/2020\/08\/nggallery_import\/86_ 1x, https:\/\/www.gaidaphotos.com\/blog\/wp-content\/uploads\/2020\/08\/nggallery_import\/86_ 1.5x, https:\/\/www.gaidaphotos.com\/blog\/wp-content\/uploads\/2020\/08\/nggallery_import\/86_ 2x"},"classes":[]},{"id":7442,"url":"https:\/\/www.gaidaphotos.com\/blog\/2014\/09\/09\/dae-laengste-desch-vun-koelle-20-21-09-2014\/","url_meta":{"origin":5750,"position":1},"title":"D\u00e4 l\u00e4ngste Desch vun K\u00f6lle &#8211; 20.\/21.09.2014","author":"Thomas","date":"9. September 2014","format":false,"excerpt":"Stra\u00dfenfest und verkaufsoffener Sonntag im Severinsviertel Das Severinsviertel hat aufgedeckt und l\u00e4dt zum 35. mal zum \"D\u00e4 l\u00e4ngste Desch vun K\u00f6lle\" am 21. und 22. 09.2014 Wieder einmal hei\u00dft es \"jo, mer k\u00fcnne fiere!\", wenn das Vringsveedel zum sp\u00e4tsommerlichen Stra\u00dfenfest ruft. Die IGS (Interessengemeinschaft Severinsviertel e.V.) und die m\u00e4chtigen Sponsoren\u2026","rel":"","context":"In &quot;Stra\u00dfenfest K\u00f6ln&quot;","block_context":{"text":"Stra\u00dfenfest K\u00f6ln","link":"https:\/\/www.gaidaphotos.com\/blog\/category\/kalender-archiv\/strasenfest-koln\/"},"img":{"alt_text":"","src":"https:\/\/i0.wp.com\/www.gaidaphotos.com\/blog\/wp-content\/uploads\/ngg_featured\/severinsstrasse-verkaufsoffener-sonntag-21-09-2014-1.jpg?fit=844%2C1188&ssl=1&resize=350%2C200","width":350,"height":200,"srcset":"https:\/\/i0.wp.com\/www.gaidaphotos.com\/blog\/wp-content\/uploads\/ngg_featured\/severinsstrasse-verkaufsoffener-sonntag-21-09-2014-1.jpg?fit=844%2C1188&ssl=1&resize=350%2C200 1x, https:\/\/i0.wp.com\/www.gaidaphotos.com\/blog\/wp-content\/uploads\/ngg_featured\/severinsstrasse-verkaufsoffener-sonntag-21-09-2014-1.jpg?fit=844%2C1188&ssl=1&resize=525%2C300 1.5x, https:\/\/i0.wp.com\/www.gaidaphotos.com\/blog\/wp-content\/uploads\/ngg_featured\/severinsstrasse-verkaufsoffener-sonntag-21-09-2014-1.jpg?fit=844%2C1188&ssl=1&resize=700%2C400 2x"},"classes":[]},{"id":5025,"url":"https:\/\/www.gaidaphotos.com\/blog\/2012\/09\/11\/strasenfeste-in-koln-severinsviertel-maternusfest-in-rodenkirchen-16-09-2012\/","url_meta":{"origin":5750,"position":2},"title":"Stra\u00dfenfeste in K\u00f6ln: Severinsviertel &#8211; Maternusfest in Rodenkirchen 16.09.2012","author":"Thomas","date":"11. September 2012","format":false,"excerpt":"Stra\u00dfenfeste in K\u00f6ln: Severinsviertel \"D\u00e4 l\u00e4ngste Desch vun K\u00f6lle\" Maternusfest in Rodenkirchen 16.09.2012 \"D\u00c4 L\u00c4NGSTE DESCH VUN K\u00d6LLE\" 1980 - 2012 - Stra\u00dfenfest Severinsviertel am 15.\/16.09.2012 Der Tisch ist wieder gedeckt. Die festlich geschm\u00fcckte Severinstra\u00dfe feiert am 15. + 16. September 2012 zum 33. Mal das traditionelle Stra\u00dfenfest des \"Vringsveedel\"De\u2026","rel":"","context":"In &quot;K\u00f6ln&quot;","block_context":{"text":"K\u00f6ln","link":"https:\/\/www.gaidaphotos.com\/blog\/category\/koeln\/"},"img":{"alt_text":"Stra\u00dfenfest Severinsvierte","src":"https:\/\/i0.wp.com\/www.gaidaphotos.com\/blog\/wp-content\/uploads\/2012\/09\/strassenfest-severinsviertel-2012.jpg?fit=537%2C769&ssl=1&resize=350%2C200","width":350,"height":200,"srcset":"https:\/\/i0.wp.com\/www.gaidaphotos.com\/blog\/wp-content\/uploads\/2012\/09\/strassenfest-severinsviertel-2012.jpg?fit=537%2C769&ssl=1&resize=350%2C200 1x, https:\/\/i0.wp.com\/www.gaidaphotos.com\/blog\/wp-content\/uploads\/2012\/09\/strassenfest-severinsviertel-2012.jpg?fit=537%2C769&ssl=1&resize=525%2C300 1.5x"},"classes":[]},{"id":9020,"url":"https:\/\/www.gaidaphotos.com\/blog\/2015\/09\/14\/strassenfest-severinstrasse-19-20-09-2015\/","url_meta":{"origin":5750,"position":3},"title":"Stra\u00dfenfest Severinstra\u00dfe 19.\/20.09.2015","author":"Thomas","date":"14. September 2015","format":false,"excerpt":"\"D\u00e4 l\u00e4ngste Desch vun K\u00f6lle\" Stra\u00dfenfest im Severinsviertel \u201eDer L\u00e4ngste Desch ist wieder gedeckt...\u201c Die Fachh\u00e4ndler und Gastronomen der Severinstra\u00dfe tischen auf: VIELFALT, QUALIT\u00c4T, N\u00c4HE, K\u00d6LSCH-JEF\u00d6HL Wieder einmal hei\u00dft es \"jo, mer k\u00fcnne fiere!\", wenn am dritten Septemberwochenende zum 36. Mal der \"l\u00e4ngste Desch\" im Vringsveedel gedeckt ist. So pr\u00e4sentiert\u2026","rel":"","context":"In &quot;K\u00f6ln&quot;","block_context":{"text":"K\u00f6ln","link":"https:\/\/www.gaidaphotos.com\/blog\/category\/koeln\/"},"img":{"alt_text":"","src":"https:\/\/i0.wp.com\/www.gaidaphotos.com\/blog\/wp-content\/uploads\/ngg_featured\/eyecatcher-augen.jpg?fit=1024%2C683&ssl=1&resize=350%2C200","width":350,"height":200,"srcset":"https:\/\/i0.wp.com\/www.gaidaphotos.com\/blog\/wp-content\/uploads\/ngg_featured\/eyecatcher-augen.jpg?fit=1024%2C683&ssl=1&resize=350%2C200 1x, https:\/\/i0.wp.com\/www.gaidaphotos.com\/blog\/wp-content\/uploads\/ngg_featured\/eyecatcher-augen.jpg?fit=1024%2C683&ssl=1&resize=525%2C300 1.5x, https:\/\/i0.wp.com\/www.gaidaphotos.com\/blog\/wp-content\/uploads\/ngg_featured\/eyecatcher-augen.jpg?fit=1024%2C683&ssl=1&resize=700%2C400 2x"},"classes":[]},{"id":3379,"url":"https:\/\/www.gaidaphotos.com\/blog\/2010\/09\/14\/verkaufsoffener-sonntag-19-09-2010-in-koln-nrw\/","url_meta":{"origin":5750,"position":4},"title":"verkaufsoffener Sonntag 19.09.2010 in K\u00f6ln, NRW","author":"Thomas","date":"14. September 2010","format":false,"excerpt":"verkaufsoffener Sonntag 19.09.2010 in K\u00f6ln, NRW Am Sonntag, 19.09.2010, ist nicht nur verkaufsoffener Sonntag im K\u00f6lner Severinsviertel, sondern gleichzeitig 30 Jahre \u201eD\u00e4 l\u00e4ngste Desch vun K\u00f6lle\u201c. Das verspricht einen verkaufsoffenen Sonntag der Extraklasse: \u00a0 980 \u2013 2010: 30 Jahre \u201eD\u00e4 l\u00e4ngste Desch vun K\u00f6lle\u201c Jubil\u00e4ums-B\u00fchnenprogramm auf dem Severinskirchplatz Moderation: J\u00fcrgen\u2026","rel":"","context":"In &quot;K\u00f6ln&quot;","block_context":{"text":"K\u00f6ln","link":"https:\/\/www.gaidaphotos.com\/blog\/category\/koeln\/"},"img":{"alt_text":"","src":"","width":0,"height":0},"classes":[]},{"id":2913,"url":"https:\/\/www.gaidaphotos.com\/blog\/2010\/06\/14\/verkaufsoffener-sonntag-20-06-2010\/","url_meta":{"origin":5750,"position":5},"title":"verkaufsoffener Sonntag 20.06.2010 in K\u00f6ln","author":"Thomas","date":"14. Juni 2010","format":false,"excerpt":"Verkaufsoffener Sonntag 20.06.2010 und Stra\u00dfenfeste in K\u00f6ln Rodenkirchen, K\u00f6ln Porz und K\u00f6ln Kalk Am Sonntag dem 20.06.2010 wird wieder in vielen K\u00f6lner Veedeln gefeiert und geshoppt. Hier findet Ihr alle Termine, das B\u00fchnenprogramm (soweit vorhanden) und alle Details zum verkaufsoffenen Sonntag in K\u00f6ln-Rodenkirchen, K\u00f6ln-Porz und K\u00f6ln-Kalk Stra\u00dfenfest in K\u00f6ln-Rodenkirchen am\u2026","rel":"","context":"In &quot;K\u00f6ln&quot;","block_context":{"text":"K\u00f6ln","link":"https:\/\/www.gaidaphotos.com\/blog\/category\/koeln\/"},"img":{"alt_text":"verkaufsoffener Sonntag 20.06.2010","src":"https:\/\/i0.wp.com\/www.gaidaphotos.com\/blog\/wp-content\/uploads\/2010\/06\/verkaufsoffener-sonntag-20-06-2010.jpg?resize=350%2C200&ssl=1","width":350,"height":200},"classes":[]}],"_links":{"self":[{"href":"https:\/\/www.gaidaphotos.com\/blog\/wp-json\/wp\/v2\/posts\/5750","targetHints":{"allow":["GET"]}}],"collection":[{"href":"https:\/\/www.gaidaphotos.com\/blog\/wp-json\/wp\/v2\/posts"}],"about":[{"href":"https:\/\/www.gaidaphotos.com\/blog\/wp-json\/wp\/v2\/types\/post"}],"author":[{"embeddable":true,"href":"https:\/\/www.gaidaphotos.com\/blog\/wp-json\/wp\/v2\/users\/6"}],"replies":[{"embeddable":true,"href":"https:\/\/www.gaidaphotos.com\/blog\/wp-json\/wp\/v2\/comments?post=5750"}],"version-history":[{"count":0,"href":"https:\/\/www.gaidaphotos.com\/blog\/wp-json\/wp\/v2\/posts\/5750\/revisions"}],"wp:featuredmedia":[{"embeddable":true,"href":"https:\/\/www.gaidaphotos.com\/blog\/wp-json\/wp\/v2\/media\/12430"}],"wp:attachment":[{"href":"https:\/\/www.gaidaphotos.com\/blog\/wp-json\/wp\/v2\/media?parent=5750"}],"wp:term":[{"taxonomy":"category","embeddable":true,"href":"https:\/\/www.gaidaphotos.com\/blog\/wp-json\/wp\/v2\/categories?post=5750"},{"taxonomy":"post_tag","embeddable":true,"href":"https:\/\/www.gaidaphotos.com\/blog\/wp-json\/wp\/v2\/tags?post=5750"}],"curies":[{"name":"wp","href":"https:\/\/api.w.org\/{rel}","templated":true}]}}