{"id":58,"date":"2009-01-20T17:00:45","date_gmt":"2009-01-20T15:00:45","guid":{"rendered":"http:\/\/gaidaphotos.com\/blog\/?p=58"},"modified":"2009-06-23T16:17:23","modified_gmt":"2009-06-23T15:17:23","slug":"taglich-ein-spuch-fur-die-liebe","status":"publish","type":"post","link":"https:\/\/www.gaidaphotos.com\/blog\/2009\/01\/20\/taglich-ein-spuch-fur-die-liebe\/","title":{"rendered":"T\u00e4glich ein Spuch f\u00fcr die Liebe"},"content":{"rendered":"<p>Ab 1. Februar bis zum Valentinstag (14. Februar) gibt es jeden Tag einen neuen Spruch und eine e-card zum Thema Liebe.<\/p>\n<p>Jetzt den <a title=\"der t\u00e4gliche Spruch und e-card zu &quot;LIEBE&quot;\" href=\"http:\/\/feeds.feedburner.com\/gaidaphotos\">t\u00e4glichen Spruch und die e-card zu &#8222;LIEBE&#8220;<\/a> abonnieren!<\/p>\n<figure style=\"width: 213px\" class=\"wp-caption alignleft\"><a href=\"http:\/\/feeds.feedburner.com\/gaidaphotos\"><img data-recalc-dims=\"1\" loading=\"lazy\" decoding=\"async\" title=\"der t\u00e4gliche Spruch und e-card zu LIEBE\" src=\"https:\/\/i0.wp.com\/www.gaidaphotos.com\/bonus\/valentine\/sms\/Herz_rot_02.jpg?resize=213%2C320&#038;ssl=1\" alt=\"der t\u00e4gliche Spruch und e-card zu LIEBE\" width=\"213\" height=\"320\" \/><\/a><figcaption class=\"wp-caption-text\">der t\u00e4gliche Spruch und e-card zu &quot;LIEBE&quot;<\/figcaption><\/figure>\n","protected":false},"excerpt":{"rendered":"<p>Ab 1. Februar bis zum Valentinstag (14. Februar) gibt es jeden Tag einen neuen Spruch und eine e-card zum Thema<\/p>\n","protected":false},"author":6,"featured_media":0,"comment_status":"closed","ping_status":"open","sticky":false,"template":"","format":"standard","meta":{"_crdt_document":"","ngg_post_thumbnail":0,"jetpack_post_was_ever_published":false,"_jetpack_newsletter_access":"","_jetpack_dont_email_post_to_subs":false,"_jetpack_newsletter_tier_id":0,"_jetpack_memberships_contains_paywalled_content":false,"_jetpack_memberships_contains_paid_content":false,"footnotes":"","jetpack_publicize_message":"","jetpack_publicize_feature_enabled":true,"jetpack_social_post_already_shared":false,"jetpack_social_options":{"image_generator_settings":{"template":"highway","default_image_id":0,"font":"","enabled":false},"version":2}},"categories":[3],"tags":[531],"class_list":["post-58","post","type-post","status-publish","format-standard","hentry","category-site-info","tag-liebe","comments-off"],"yoast_head":"<!-- This site is optimized with the Yoast SEO plugin v27.5 - https:\/\/yoast.com\/product\/yoast-seo-wordpress\/ -->\n<title>T\u00e4glich ein Spuch f\u00fcr die Liebe - K\u00f6ln Rodenkirchen und die Welt<\/title>\n<meta name=\"robots\" content=\"index, follow, max-snippet:-1, max-image-preview:large, max-video-preview:-1\" \/>\n<link rel=\"canonical\" href=\"https:\/\/www.gaidaphotos.com\/blog\/2009\/01\/20\/taglich-ein-spuch-fur-die-liebe\/\" \/>\n<meta property=\"og:locale\" content=\"de_DE\" \/>\n<meta property=\"og:type\" content=\"article\" \/>\n<meta property=\"og:title\" content=\"T\u00e4glich ein Spuch f\u00fcr die Liebe - K\u00f6ln Rodenkirchen und die Welt\" \/>\n<meta property=\"og:description\" content=\"Ab 1. Februar bis zum Valentinstag (14. Februar) gibt es jeden Tag einen neuen Spruch und eine e-card zum Thema\" \/>\n<meta property=\"og:url\" content=\"https:\/\/www.gaidaphotos.com\/blog\/2009\/01\/20\/taglich-ein-spuch-fur-die-liebe\/\" \/>\n<meta property=\"og:site_name\" content=\"K\u00f6ln Rodenkirchen und die Welt\" \/>\n<meta property=\"article:publisher\" content=\"https:\/\/www.facebook.com\/Koeln.Rodenkirchen\" \/>\n<meta property=\"article:author\" content=\"https:\/\/www.facebook.com\/gaidaphotos\" \/>\n<meta property=\"article:published_time\" content=\"2009-01-20T15:00:45+00:00\" \/>\n<meta property=\"article:modified_time\" content=\"2009-06-23T15:17:23+00:00\" \/>\n<meta property=\"og:image\" content=\"https:\/\/www.gaidaphotos.com\/bonus\/valentine\/sms\/Herz_rot_02.jpg\" \/>\n<meta name=\"author\" content=\"Thomas\" \/>\n<meta name=\"twitter:card\" content=\"summary_large_image\" \/>\n<meta name=\"twitter:creator\" content=\"@gaidaphotos\" \/>\n<meta name=\"twitter:site\" content=\"@gaidaphotos\" \/>\n<meta name=\"twitter:label1\" content=\"Verfasst von\" \/>\n\t<meta name=\"twitter:data1\" content=\"Thomas\" \/>\n<script type=\"application\/ld+json\" class=\"yoast-schema-graph\">{\"@context\":\"https:\\\/\\\/schema.org\",\"@graph\":[{\"@type\":\"Article\",\"@id\":\"https:\\\/\\\/www.gaidaphotos.com\\\/blog\\\/2009\\\/01\\\/20\\\/taglich-ein-spuch-fur-die-liebe\\\/#article\",\"isPartOf\":{\"@id\":\"https:\\\/\\\/www.gaidaphotos.com\\\/blog\\\/2009\\\/01\\\/20\\\/taglich-ein-spuch-fur-die-liebe\\\/\"},\"author\":{\"name\":\"Thomas\",\"@id\":\"https:\\\/\\\/www.gaidaphotos.com\\\/blog\\\/#\\\/schema\\\/person\\\/6c444a5b13ffc503c5c32f5a9ec68b21\"},\"headline\":\"T\u00e4glich ein Spuch f\u00fcr die Liebe\",\"datePublished\":\"2009-01-20T15:00:45+00:00\",\"dateModified\":\"2009-06-23T15:17:23+00:00\",\"mainEntityOfPage\":{\"@id\":\"https:\\\/\\\/www.gaidaphotos.com\\\/blog\\\/2009\\\/01\\\/20\\\/taglich-ein-spuch-fur-die-liebe\\\/\"},\"wordCount\":55,\"publisher\":{\"@id\":\"https:\\\/\\\/www.gaidaphotos.com\\\/blog\\\/#organization\"},\"image\":{\"@id\":\"https:\\\/\\\/www.gaidaphotos.com\\\/blog\\\/2009\\\/01\\\/20\\\/taglich-ein-spuch-fur-die-liebe\\\/#primaryimage\"},\"thumbnailUrl\":\"https:\\\/\\\/www.gaidaphotos.com\\\/bonus\\\/valentine\\\/sms\\\/Herz_rot_02.jpg\",\"keywords\":[\"Liebe\"],\"articleSection\":[\"Site Info\"],\"inLanguage\":\"de\"},{\"@type\":\"WebPage\",\"@id\":\"https:\\\/\\\/www.gaidaphotos.com\\\/blog\\\/2009\\\/01\\\/20\\\/taglich-ein-spuch-fur-die-liebe\\\/\",\"url\":\"https:\\\/\\\/www.gaidaphotos.com\\\/blog\\\/2009\\\/01\\\/20\\\/taglich-ein-spuch-fur-die-liebe\\\/\",\"name\":\"T\u00e4glich ein Spuch f\u00fcr die Liebe - K\u00f6ln Rodenkirchen und die Welt\",\"isPartOf\":{\"@id\":\"https:\\\/\\\/www.gaidaphotos.com\\\/blog\\\/#website\"},\"primaryImageOfPage\":{\"@id\":\"https:\\\/\\\/www.gaidaphotos.com\\\/blog\\\/2009\\\/01\\\/20\\\/taglich-ein-spuch-fur-die-liebe\\\/#primaryimage\"},\"image\":{\"@id\":\"https:\\\/\\\/www.gaidaphotos.com\\\/blog\\\/2009\\\/01\\\/20\\\/taglich-ein-spuch-fur-die-liebe\\\/#primaryimage\"},\"thumbnailUrl\":\"https:\\\/\\\/www.gaidaphotos.com\\\/bonus\\\/valentine\\\/sms\\\/Herz_rot_02.jpg\",\"datePublished\":\"2009-01-20T15:00:45+00:00\",\"dateModified\":\"2009-06-23T15:17:23+00:00\",\"breadcrumb\":{\"@id\":\"https:\\\/\\\/www.gaidaphotos.com\\\/blog\\\/2009\\\/01\\\/20\\\/taglich-ein-spuch-fur-die-liebe\\\/#breadcrumb\"},\"inLanguage\":\"de\",\"potentialAction\":[{\"@type\":\"ReadAction\",\"target\":[\"https:\\\/\\\/www.gaidaphotos.com\\\/blog\\\/2009\\\/01\\\/20\\\/taglich-ein-spuch-fur-die-liebe\\\/\"]}]},{\"@type\":\"ImageObject\",\"inLanguage\":\"de\",\"@id\":\"https:\\\/\\\/www.gaidaphotos.com\\\/blog\\\/2009\\\/01\\\/20\\\/taglich-ein-spuch-fur-die-liebe\\\/#primaryimage\",\"url\":\"https:\\\/\\\/www.gaidaphotos.com\\\/bonus\\\/valentine\\\/sms\\\/Herz_rot_02.jpg\",\"contentUrl\":\"https:\\\/\\\/www.gaidaphotos.com\\\/bonus\\\/valentine\\\/sms\\\/Herz_rot_02.jpg\"},{\"@type\":\"BreadcrumbList\",\"@id\":\"https:\\\/\\\/www.gaidaphotos.com\\\/blog\\\/2009\\\/01\\\/20\\\/taglich-ein-spuch-fur-die-liebe\\\/#breadcrumb\",\"itemListElement\":[{\"@type\":\"ListItem\",\"position\":1,\"name\":\"Startseite\",\"item\":\"https:\\\/\\\/www.gaidaphotos.com\\\/blog\\\/\"},{\"@type\":\"ListItem\",\"position\":2,\"name\":\"T\u00e4glich ein Spuch f\u00fcr die Liebe\"}]},{\"@type\":\"WebSite\",\"@id\":\"https:\\\/\\\/www.gaidaphotos.com\\\/blog\\\/#website\",\"url\":\"https:\\\/\\\/www.gaidaphotos.com\\\/blog\\\/\",\"name\":\"K\u00f6ln Rodenkirchen und die Welt\",\"description\":\"Einkaufen, Restaurants, Freizeit, Nachrichten und was uns sonst bewegt und begegnet\",\"publisher\":{\"@id\":\"https:\\\/\\\/www.gaidaphotos.com\\\/blog\\\/#organization\"},\"potentialAction\":[{\"@type\":\"SearchAction\",\"target\":{\"@type\":\"EntryPoint\",\"urlTemplate\":\"https:\\\/\\\/www.gaidaphotos.com\\\/blog\\\/?s={search_term_string}\"},\"query-input\":{\"@type\":\"PropertyValueSpecification\",\"valueRequired\":true,\"valueName\":\"search_term_string\"}}],\"inLanguage\":\"de\"},{\"@type\":\"Organization\",\"@id\":\"https:\\\/\\\/www.gaidaphotos.com\\\/blog\\\/#organization\",\"name\":\"gaidaphotos\",\"url\":\"https:\\\/\\\/www.gaidaphotos.com\\\/blog\\\/\",\"logo\":{\"@type\":\"ImageObject\",\"inLanguage\":\"de\",\"@id\":\"https:\\\/\\\/www.gaidaphotos.com\\\/blog\\\/#\\\/schema\\\/logo\\\/image\\\/\",\"url\":\"https:\\\/\\\/i0.wp.com\\\/www.gaidaphotos.com\\\/blog\\\/wp-content\\\/uploads\\\/2020\\\/07\\\/GAIDAPHOTOS-COM.jpg?fit=160%2C96&ssl=1\",\"contentUrl\":\"https:\\\/\\\/i0.wp.com\\\/www.gaidaphotos.com\\\/blog\\\/wp-content\\\/uploads\\\/2020\\\/07\\\/GAIDAPHOTOS-COM.jpg?fit=160%2C96&ssl=1\",\"width\":160,\"height\":96,\"caption\":\"gaidaphotos\"},\"image\":{\"@id\":\"https:\\\/\\\/www.gaidaphotos.com\\\/blog\\\/#\\\/schema\\\/logo\\\/image\\\/\"},\"sameAs\":[\"https:\\\/\\\/www.facebook.com\\\/Koeln.Rodenkirchen\",\"https:\\\/\\\/x.com\\\/gaidaphotos\",\"https:\\\/\\\/instagram.com\\\/gaidaphotos\\\/\",\"https:\\\/\\\/de.linkedin.com\\\/in\\\/gaidaphotos\",\"https:\\\/\\\/myspace.com\\\/gaidaphotos\",\"https:\\\/\\\/www.pinterest.com\\\/gaidaphotos\\\/\",\"https:\\\/\\\/www.youtube.com\\\/user\\\/gaidaphotos\"]},{\"@type\":\"Person\",\"@id\":\"https:\\\/\\\/www.gaidaphotos.com\\\/blog\\\/#\\\/schema\\\/person\\\/6c444a5b13ffc503c5c32f5a9ec68b21\",\"name\":\"Thomas\",\"sameAs\":[\"https:\\\/\\\/www.gaidaphotos.com\",\"https:\\\/\\\/www.facebook.com\\\/gaidaphotos\",\"https:\\\/\\\/instagram.com\\\/gaidaphotos\\\/\",\"https:\\\/\\\/www.linkedin.com\\\/in\\\/gaidaphotos\",\"http:\\\/\\\/www.pinterest.com\\\/gaidaphotos\\\/\",\"https:\\\/\\\/x.com\\\/gaidaphotos\",\"https:\\\/\\\/myspace.com\\\/gaidaphotos\",\"https:\\\/\\\/www.youtube.com\\\/user\\\/gaidaphotos\",\"https:\\\/\\\/gaidaphotos.tumblr.com\\\/\"]}]}<\/script>\n<!-- \/ Yoast SEO plugin. -->","yoast_head_json":{"title":"T\u00e4glich ein Spuch f\u00fcr die Liebe - K\u00f6ln Rodenkirchen und die Welt","robots":{"index":"index","follow":"follow","max-snippet":"max-snippet:-1","max-image-preview":"max-image-preview:large","max-video-preview":"max-video-preview:-1"},"canonical":"https:\/\/www.gaidaphotos.com\/blog\/2009\/01\/20\/taglich-ein-spuch-fur-die-liebe\/","og_locale":"de_DE","og_type":"article","og_title":"T\u00e4glich ein Spuch f\u00fcr die Liebe - K\u00f6ln Rodenkirchen und die Welt","og_description":"Ab 1. Februar bis zum Valentinstag (14. Februar) gibt es jeden Tag einen neuen Spruch und eine e-card zum Thema","og_url":"https:\/\/www.gaidaphotos.com\/blog\/2009\/01\/20\/taglich-ein-spuch-fur-die-liebe\/","og_site_name":"K\u00f6ln Rodenkirchen und die Welt","article_publisher":"https:\/\/www.facebook.com\/Koeln.Rodenkirchen","article_author":"https:\/\/www.facebook.com\/gaidaphotos","article_published_time":"2009-01-20T15:00:45+00:00","article_modified_time":"2009-06-23T15:17:23+00:00","og_image":[{"url":"https:\/\/www.gaidaphotos.com\/bonus\/valentine\/sms\/Herz_rot_02.jpg","type":"","width":"","height":""}],"author":"Thomas","twitter_card":"summary_large_image","twitter_creator":"@gaidaphotos","twitter_site":"@gaidaphotos","twitter_misc":{"Verfasst von":"Thomas"},"schema":{"@context":"https:\/\/schema.org","@graph":[{"@type":"Article","@id":"https:\/\/www.gaidaphotos.com\/blog\/2009\/01\/20\/taglich-ein-spuch-fur-die-liebe\/#article","isPartOf":{"@id":"https:\/\/www.gaidaphotos.com\/blog\/2009\/01\/20\/taglich-ein-spuch-fur-die-liebe\/"},"author":{"name":"Thomas","@id":"https:\/\/www.gaidaphotos.com\/blog\/#\/schema\/person\/6c444a5b13ffc503c5c32f5a9ec68b21"},"headline":"T\u00e4glich ein Spuch f\u00fcr die Liebe","datePublished":"2009-01-20T15:00:45+00:00","dateModified":"2009-06-23T15:17:23+00:00","mainEntityOfPage":{"@id":"https:\/\/www.gaidaphotos.com\/blog\/2009\/01\/20\/taglich-ein-spuch-fur-die-liebe\/"},"wordCount":55,"publisher":{"@id":"https:\/\/www.gaidaphotos.com\/blog\/#organization"},"image":{"@id":"https:\/\/www.gaidaphotos.com\/blog\/2009\/01\/20\/taglich-ein-spuch-fur-die-liebe\/#primaryimage"},"thumbnailUrl":"https:\/\/www.gaidaphotos.com\/bonus\/valentine\/sms\/Herz_rot_02.jpg","keywords":["Liebe"],"articleSection":["Site Info"],"inLanguage":"de"},{"@type":"WebPage","@id":"https:\/\/www.gaidaphotos.com\/blog\/2009\/01\/20\/taglich-ein-spuch-fur-die-liebe\/","url":"https:\/\/www.gaidaphotos.com\/blog\/2009\/01\/20\/taglich-ein-spuch-fur-die-liebe\/","name":"T\u00e4glich ein Spuch f\u00fcr die Liebe - K\u00f6ln Rodenkirchen und die Welt","isPartOf":{"@id":"https:\/\/www.gaidaphotos.com\/blog\/#website"},"primaryImageOfPage":{"@id":"https:\/\/www.gaidaphotos.com\/blog\/2009\/01\/20\/taglich-ein-spuch-fur-die-liebe\/#primaryimage"},"image":{"@id":"https:\/\/www.gaidaphotos.com\/blog\/2009\/01\/20\/taglich-ein-spuch-fur-die-liebe\/#primaryimage"},"thumbnailUrl":"https:\/\/www.gaidaphotos.com\/bonus\/valentine\/sms\/Herz_rot_02.jpg","datePublished":"2009-01-20T15:00:45+00:00","dateModified":"2009-06-23T15:17:23+00:00","breadcrumb":{"@id":"https:\/\/www.gaidaphotos.com\/blog\/2009\/01\/20\/taglich-ein-spuch-fur-die-liebe\/#breadcrumb"},"inLanguage":"de","potentialAction":[{"@type":"ReadAction","target":["https:\/\/www.gaidaphotos.com\/blog\/2009\/01\/20\/taglich-ein-spuch-fur-die-liebe\/"]}]},{"@type":"ImageObject","inLanguage":"de","@id":"https:\/\/www.gaidaphotos.com\/blog\/2009\/01\/20\/taglich-ein-spuch-fur-die-liebe\/#primaryimage","url":"https:\/\/www.gaidaphotos.com\/bonus\/valentine\/sms\/Herz_rot_02.jpg","contentUrl":"https:\/\/www.gaidaphotos.com\/bonus\/valentine\/sms\/Herz_rot_02.jpg"},{"@type":"BreadcrumbList","@id":"https:\/\/www.gaidaphotos.com\/blog\/2009\/01\/20\/taglich-ein-spuch-fur-die-liebe\/#breadcrumb","itemListElement":[{"@type":"ListItem","position":1,"name":"Startseite","item":"https:\/\/www.gaidaphotos.com\/blog\/"},{"@type":"ListItem","position":2,"name":"T\u00e4glich ein Spuch f\u00fcr die Liebe"}]},{"@type":"WebSite","@id":"https:\/\/www.gaidaphotos.com\/blog\/#website","url":"https:\/\/www.gaidaphotos.com\/blog\/","name":"K\u00f6ln Rodenkirchen und die Welt","description":"Einkaufen, Restaurants, Freizeit, Nachrichten und was uns sonst bewegt und begegnet","publisher":{"@id":"https:\/\/www.gaidaphotos.com\/blog\/#organization"},"potentialAction":[{"@type":"SearchAction","target":{"@type":"EntryPoint","urlTemplate":"https:\/\/www.gaidaphotos.com\/blog\/?s={search_term_string}"},"query-input":{"@type":"PropertyValueSpecification","valueRequired":true,"valueName":"search_term_string"}}],"inLanguage":"de"},{"@type":"Organization","@id":"https:\/\/www.gaidaphotos.com\/blog\/#organization","name":"gaidaphotos","url":"https:\/\/www.gaidaphotos.com\/blog\/","logo":{"@type":"ImageObject","inLanguage":"de","@id":"https:\/\/www.gaidaphotos.com\/blog\/#\/schema\/logo\/image\/","url":"https:\/\/i0.wp.com\/www.gaidaphotos.com\/blog\/wp-content\/uploads\/2020\/07\/GAIDAPHOTOS-COM.jpg?fit=160%2C96&ssl=1","contentUrl":"https:\/\/i0.wp.com\/www.gaidaphotos.com\/blog\/wp-content\/uploads\/2020\/07\/GAIDAPHOTOS-COM.jpg?fit=160%2C96&ssl=1","width":160,"height":96,"caption":"gaidaphotos"},"image":{"@id":"https:\/\/www.gaidaphotos.com\/blog\/#\/schema\/logo\/image\/"},"sameAs":["https:\/\/www.facebook.com\/Koeln.Rodenkirchen","https:\/\/x.com\/gaidaphotos","https:\/\/instagram.com\/gaidaphotos\/","https:\/\/de.linkedin.com\/in\/gaidaphotos","https:\/\/myspace.com\/gaidaphotos","https:\/\/www.pinterest.com\/gaidaphotos\/","https:\/\/www.youtube.com\/user\/gaidaphotos"]},{"@type":"Person","@id":"https:\/\/www.gaidaphotos.com\/blog\/#\/schema\/person\/6c444a5b13ffc503c5c32f5a9ec68b21","name":"Thomas","sameAs":["https:\/\/www.gaidaphotos.com","https:\/\/www.facebook.com\/gaidaphotos","https:\/\/instagram.com\/gaidaphotos\/","https:\/\/www.linkedin.com\/in\/gaidaphotos","http:\/\/www.pinterest.com\/gaidaphotos\/","https:\/\/x.com\/gaidaphotos","https:\/\/myspace.com\/gaidaphotos","https:\/\/www.youtube.com\/user\/gaidaphotos","https:\/\/gaidaphotos.tumblr.com\/"]}]}},"jetpack_publicize_connections":[],"jetpack_featured_media_url":"","jetpack_sharing_enabled":true,"jetpack_likes_enabled":true,"jetpack-related-posts":[{"id":78,"url":"https:\/\/www.gaidaphotos.com\/blog\/2009\/02\/02\/noch-13-tage-bis-valentinstag\/","url_meta":{"origin":58,"position":0},"title":"Noch 13 Tage bis Valentinstag","author":"Thomas","date":"2. Februar 2009","format":false,"excerpt":"Nicht vergessen! Samstag in ZWEI Wochen ist Valentinstag! Wer schlau ist bucht jetzt schon ein Restaurant. Und wer clever ist, holt sich jeden Tag automatisch den besten Spruch f\u00fcr die Liebe und die passende Liebes- SMS -MMS gleich dazu. Die gro\u00dfe Spr\u00fcchesammlung f\u00fcr die \"Ich Liebe Dich\" \u00dcbersetzungen \u00dcbersetzungen und\u2026","rel":"","context":"In &quot;Liebe&quot;","block_context":{"text":"Liebe","link":"https:\/\/www.gaidaphotos.com\/blog\/category\/festtage-feiertage\/liebe\/"},"img":{"alt_text":"","src":"https:\/\/i0.wp.com\/www.gaidaphotos.com\/bonus\/valentine\/Herz_gebrochen.jpg?resize=350%2C200&ssl=1","width":350,"height":200},"classes":[]},{"id":82,"url":"https:\/\/www.gaidaphotos.com\/blog\/2009\/02\/03\/nur-noch-12-tage-bis-valentinstag\/","url_meta":{"origin":58,"position":1},"title":"Nur noch 12 Tage bis Valentinstag!","author":"Thomas","date":"3. Februar 2009","format":false,"excerpt":"Nicht vergessen! In 13 (!) Tagen ist Valentinstag! Haben Sie schon ein Geschenk gekauft?.\u00a0 Hier finden Sie Zitate \u00fcber Liebe Und wer clever ist, holt sich jeden Tag automatisch den besten Spruch f\u00fcr die Liebe und die passende Liebes- SMS -MMS gleich dazu. Die gro\u00dfe Spr\u00fcchesammlung f\u00fcr die \"Ich Liebe\u2026","rel":"","context":"In &quot;Liebe&quot;","block_context":{"text":"Liebe","link":"https:\/\/www.gaidaphotos.com\/blog\/category\/festtage-feiertage\/liebe\/"},"img":{"alt_text":"","src":"https:\/\/i0.wp.com\/www.gaidaphotos.com\/bonus\/valentine\/sms\/gaidaphotos_ti_%20amo_01.jpg?resize=350%2C200&ssl=1","width":350,"height":200},"classes":[]},{"id":76,"url":"https:\/\/www.gaidaphotos.com\/blog\/2009\/02\/01\/2-wochen-bis-valentinstag\/","url_meta":{"origin":58,"position":2},"title":"Nur noch 2 Wochen bis Valentinstag!","author":"Thomas","date":"1. Februar 2009","format":false,"excerpt":"\"Ich Liebe Dich\" \u00dcbersetzungenNicht vergessen! Samstag in ZWEI Wochen ist Valentinstag! Wer schlau ist bucht jetzt schon ein Restaurant. Und wer clever ist, holt sich jeden Tag automatisch den besten Spruch f\u00fcr die Liebe und die passende Liebes- SMS -MMS gleich dazu. Die gro\u00dfe Spr\u00fcchesammlung f\u00fcr die \"Ich Liebe Dich\"\u2026","rel":"","context":"In &quot;Liebe&quot;","block_context":{"text":"Liebe","link":"https:\/\/www.gaidaphotos.com\/blog\/category\/festtage-feiertage\/liebe\/"},"img":{"alt_text":"","src":"","width":0,"height":0},"classes":[]},{"id":2397,"url":"https:\/\/www.gaidaphotos.com\/blog\/2010\/02\/02\/sprueche-karten-zum-valentinstag-liebe\/","url_meta":{"origin":58,"position":3},"title":"Spr\u00fcche und Karten zum Valentinstag und f\u00fcr die Liebe &#8211; Selber machen","author":"Thomas","date":"2. Februar 2010","format":false,"excerpt":"Jetzt aber hurtig! In weniger als 2 Wochen ist VALENTINSTAG! Das Fest der Liebe und der Liebenden. Grusskarten zum Valentinstag \u00dcberraschen Sie Ihren Liebsten zum Valentinstag doch einmal mit einer MMS Grusskarte zum Valentinstag direkt auf sein Handy. Am 14. Februar ist Valentinstag! Kostenlose Liebesbriefe verschicken und Geschenk bestellen! unsere\u2026","rel":"","context":"In &quot;Liebe&quot;","block_context":{"text":"Liebe","link":"https:\/\/www.gaidaphotos.com\/blog\/category\/festtage-feiertage\/liebe\/"},"img":{"alt_text":"Grusskarte Ich Liebe Dich zum Valentinstag","src":"https:\/\/i0.wp.com\/www.gaidaphotos.com\/blog\/wp-content\/uploads\/2010\/02\/grusskarte-ich-liebe-dich-199x300.jpg?resize=350%2C200&ssl=1","width":350,"height":200},"classes":[]},{"id":32,"url":"https:\/\/www.gaidaphotos.com\/blog\/2008\/05\/16\/spruche-wunsche-gedichte-kostenlose-ecards-zum-geburtstag\/","url_meta":{"origin":58,"position":4},"title":"Spr\u00fcche W\u00fcnsche Gedichte kostenlose Ecards zum Geburtstag","author":"gaidaphotos","date":"16. Mai 2008","format":false,"excerpt":"Spr\u00fcche - W\u00fcnsche - Ecards - Gru\u00dfkarten zum Geburtstag: Spr\u00fcche, W\u00fcnsche, Gedichte zum Geburtstag und verwandten Themen finden Sie zusammen mit kostenlosen (gratis, umsonst) E-cards als SMS\/MMS Grusskarte. Laden Sie sich die gratis Bilder und verschicken Sie sie als SMS Geburtstagsgru\u00df zusammen mit dem passenden Spruch. Alter- Spr\u00fcche Alter- Sprichworte\u2026","rel":"","context":"In &quot;Geburtstag&quot;","block_context":{"text":"Geburtstag","link":"https:\/\/www.gaidaphotos.com\/blog\/category\/festtage-feiertage\/geburtstag_birthday\/"},"img":{"alt_text":"","src":"","width":0,"height":0},"classes":[]},{"id":2827,"url":"https:\/\/www.gaidaphotos.com\/blog\/2010\/04\/30\/vatertag-kostenlose-karten\/","url_meta":{"origin":58,"position":5},"title":"Vatertag: Kostenlose Karten &#038; Ecards zum Vatertag","author":"Thomas","date":"30. April 2010","format":false,"excerpt":"Kostenlose Karten & E-cards zum Vatertag Am 09. Mai 2013 ist Vatertag Im Gegensatz zum Muttertag, eine US amerikanische Erfindung zum Gedenken an unsere M\u00fctter, hat der Vatertag in Deutschland unterschiedliche Urspr\u00fcnge und Hintergr\u00fcnde. W\u00e4hrend in den USA ab Mitte der 20er Jahre in Anlehnung an den Muttertag auch ein\u2026","rel":"","context":"In &quot;Neuigkeiten&quot;","block_context":{"text":"Neuigkeiten","link":"https:\/\/www.gaidaphotos.com\/blog\/category\/neuigkeiten\/"},"img":{"alt_text":"kostenlose Karten zum Vatertag, E-cards","src":"https:\/\/i0.wp.com\/www.gaidaphotos.com\/blog\/wp-content\/uploads\/fotos\/vatertagskarten-mannsbild-gaidaphotos.jpg?resize=350%2C200&ssl=1","width":350,"height":200},"classes":[]}],"_links":{"self":[{"href":"https:\/\/www.gaidaphotos.com\/blog\/wp-json\/wp\/v2\/posts\/58","targetHints":{"allow":["GET"]}}],"collection":[{"href":"https:\/\/www.gaidaphotos.com\/blog\/wp-json\/wp\/v2\/posts"}],"about":[{"href":"https:\/\/www.gaidaphotos.com\/blog\/wp-json\/wp\/v2\/types\/post"}],"author":[{"embeddable":true,"href":"https:\/\/www.gaidaphotos.com\/blog\/wp-json\/wp\/v2\/users\/6"}],"replies":[{"embeddable":true,"href":"https:\/\/www.gaidaphotos.com\/blog\/wp-json\/wp\/v2\/comments?post=58"}],"version-history":[{"count":0,"href":"https:\/\/www.gaidaphotos.com\/blog\/wp-json\/wp\/v2\/posts\/58\/revisions"}],"wp:attachment":[{"href":"https:\/\/www.gaidaphotos.com\/blog\/wp-json\/wp\/v2\/media?parent=58"}],"wp:term":[{"taxonomy":"category","embeddable":true,"href":"https:\/\/www.gaidaphotos.com\/blog\/wp-json\/wp\/v2\/categories?post=58"},{"taxonomy":"post_tag","embeddable":true,"href":"https:\/\/www.gaidaphotos.com\/blog\/wp-json\/wp\/v2\/tags?post=58"}],"curies":[{"name":"wp","href":"https:\/\/api.w.org\/{rel}","templated":true}]}}