{"id":62,"date":"2009-01-23T09:58:30","date_gmt":"2009-01-23T08:58:30","guid":{"rendered":"http:\/\/gaidaphotos.com\/blog\/2009\/01\/23\/winter-in-darmstadt\/"},"modified":"2009-04-13T16:19:01","modified_gmt":"2009-04-13T15:19:01","slug":"winter-in-darmstadt","status":"publish","type":"post","link":"https:\/\/www.gaidaphotos.com\/blog\/2009\/01\/23\/winter-in-darmstadt\/","title":{"rendered":"Winter in Darmstadt"},"content":{"rendered":"<div class=\"Lifeblog_Posting\">\n<div class=\"Lifeblog_Resource\">\n<img data-recalc-dims=\"1\" decoding=\"async\" src=\"https:\/\/i0.wp.com\/www.gaidaphotos.com\/blog\/wp-content\/uploads\/lifeblog-23012009036.jpg?w=910&#038;ssl=1\" alt=\"Fr 23.01.2009 08:53 23012009036\" \/><\/div>\n<p>Auch in Darmstadt ist der Winter nicht einladender\n<\/p><\/div>\n","protected":false},"excerpt":{"rendered":"<p>Auch in Darmstadt ist der Winter nicht einladender<\/p>\n","protected":false},"author":6,"featured_media":0,"comment_status":"closed","ping_status":"open","sticky":false,"template":"","format":"standard","meta":{"_crdt_document":"","ngg_post_thumbnail":0,"jetpack_post_was_ever_published":false,"_jetpack_newsletter_access":"","_jetpack_dont_email_post_to_subs":false,"_jetpack_newsletter_tier_id":0,"_jetpack_memberships_contains_paywalled_content":false,"_jetpack_memberships_contains_paid_content":false,"footnotes":"","jetpack_publicize_message":"","jetpack_publicize_feature_enabled":true,"jetpack_social_post_already_shared":false,"jetpack_social_options":{"image_generator_settings":{"template":"highway","default_image_id":0,"font":"","enabled":false},"version":2}},"categories":[20,74,82],"tags":[],"class_list":["post-62","post","type-post","status-publish","format-standard","hentry","category-mobile_news_von_unterwegs-n95","category-foto","category-reise","comments-off"],"yoast_head":"<!-- This site is optimized with the Yoast SEO plugin v27.5 - https:\/\/yoast.com\/product\/yoast-seo-wordpress\/ -->\n<title>Winter in Darmstadt - K\u00f6ln Rodenkirchen und die Welt<\/title>\n<meta name=\"robots\" content=\"index, follow, max-snippet:-1, max-image-preview:large, max-video-preview:-1\" \/>\n<link rel=\"canonical\" href=\"https:\/\/www.gaidaphotos.com\/blog\/2009\/01\/23\/winter-in-darmstadt\/\" \/>\n<meta property=\"og:locale\" content=\"de_DE\" \/>\n<meta property=\"og:type\" content=\"article\" \/>\n<meta property=\"og:title\" content=\"Winter in Darmstadt - K\u00f6ln Rodenkirchen und die Welt\" \/>\n<meta property=\"og:description\" content=\"Auch in Darmstadt ist der Winter nicht einladender\" \/>\n<meta property=\"og:url\" content=\"https:\/\/www.gaidaphotos.com\/blog\/2009\/01\/23\/winter-in-darmstadt\/\" \/>\n<meta property=\"og:site_name\" content=\"K\u00f6ln Rodenkirchen und die Welt\" \/>\n<meta property=\"article:publisher\" content=\"https:\/\/www.facebook.com\/Koeln.Rodenkirchen\" \/>\n<meta property=\"article:author\" content=\"https:\/\/www.facebook.com\/gaidaphotos\" \/>\n<meta property=\"article:published_time\" content=\"2009-01-23T08:58:30+00:00\" \/>\n<meta property=\"article:modified_time\" content=\"2009-04-13T15:19:01+00:00\" \/>\n<meta property=\"og:image\" content=\"https:\/\/www.gaidaphotos.com\/blog\/wp-content\/uploads\/lifeblog-23012009036.jpg\" \/>\n<meta name=\"author\" content=\"Thomas\" \/>\n<meta name=\"twitter:card\" content=\"summary_large_image\" \/>\n<meta name=\"twitter:creator\" content=\"@gaidaphotos\" \/>\n<meta name=\"twitter:site\" content=\"@gaidaphotos\" \/>\n<meta name=\"twitter:label1\" content=\"Verfasst von\" \/>\n\t<meta name=\"twitter:data1\" content=\"Thomas\" \/>\n<script type=\"application\/ld+json\" class=\"yoast-schema-graph\">{\"@context\":\"https:\\\/\\\/schema.org\",\"@graph\":[{\"@type\":\"Article\",\"@id\":\"https:\\\/\\\/www.gaidaphotos.com\\\/blog\\\/2009\\\/01\\\/23\\\/winter-in-darmstadt\\\/#article\",\"isPartOf\":{\"@id\":\"https:\\\/\\\/www.gaidaphotos.com\\\/blog\\\/2009\\\/01\\\/23\\\/winter-in-darmstadt\\\/\"},\"author\":{\"name\":\"Thomas\",\"@id\":\"https:\\\/\\\/www.gaidaphotos.com\\\/blog\\\/#\\\/schema\\\/person\\\/6c444a5b13ffc503c5c32f5a9ec68b21\"},\"headline\":\"Winter in Darmstadt\",\"datePublished\":\"2009-01-23T08:58:30+00:00\",\"dateModified\":\"2009-04-13T15:19:01+00:00\",\"mainEntityOfPage\":{\"@id\":\"https:\\\/\\\/www.gaidaphotos.com\\\/blog\\\/2009\\\/01\\\/23\\\/winter-in-darmstadt\\\/\"},\"wordCount\":11,\"publisher\":{\"@id\":\"https:\\\/\\\/www.gaidaphotos.com\\\/blog\\\/#organization\"},\"image\":{\"@id\":\"https:\\\/\\\/www.gaidaphotos.com\\\/blog\\\/2009\\\/01\\\/23\\\/winter-in-darmstadt\\\/#primaryimage\"},\"thumbnailUrl\":\"https:\\\/\\\/www.gaidaphotos.com\\\/blog\\\/wp-content\\\/uploads\\\/lifeblog-23012009036.jpg\",\"articleSection\":[\"17\",\"Foto\",\"Reise\\\/ Reisen\"],\"inLanguage\":\"de\"},{\"@type\":\"WebPage\",\"@id\":\"https:\\\/\\\/www.gaidaphotos.com\\\/blog\\\/2009\\\/01\\\/23\\\/winter-in-darmstadt\\\/\",\"url\":\"https:\\\/\\\/www.gaidaphotos.com\\\/blog\\\/2009\\\/01\\\/23\\\/winter-in-darmstadt\\\/\",\"name\":\"Winter in Darmstadt - K\u00f6ln Rodenkirchen und die Welt\",\"isPartOf\":{\"@id\":\"https:\\\/\\\/www.gaidaphotos.com\\\/blog\\\/#website\"},\"primaryImageOfPage\":{\"@id\":\"https:\\\/\\\/www.gaidaphotos.com\\\/blog\\\/2009\\\/01\\\/23\\\/winter-in-darmstadt\\\/#primaryimage\"},\"image\":{\"@id\":\"https:\\\/\\\/www.gaidaphotos.com\\\/blog\\\/2009\\\/01\\\/23\\\/winter-in-darmstadt\\\/#primaryimage\"},\"thumbnailUrl\":\"https:\\\/\\\/www.gaidaphotos.com\\\/blog\\\/wp-content\\\/uploads\\\/lifeblog-23012009036.jpg\",\"datePublished\":\"2009-01-23T08:58:30+00:00\",\"dateModified\":\"2009-04-13T15:19:01+00:00\",\"breadcrumb\":{\"@id\":\"https:\\\/\\\/www.gaidaphotos.com\\\/blog\\\/2009\\\/01\\\/23\\\/winter-in-darmstadt\\\/#breadcrumb\"},\"inLanguage\":\"de\",\"potentialAction\":[{\"@type\":\"ReadAction\",\"target\":[\"https:\\\/\\\/www.gaidaphotos.com\\\/blog\\\/2009\\\/01\\\/23\\\/winter-in-darmstadt\\\/\"]}]},{\"@type\":\"ImageObject\",\"inLanguage\":\"de\",\"@id\":\"https:\\\/\\\/www.gaidaphotos.com\\\/blog\\\/2009\\\/01\\\/23\\\/winter-in-darmstadt\\\/#primaryimage\",\"url\":\"https:\\\/\\\/www.gaidaphotos.com\\\/blog\\\/wp-content\\\/uploads\\\/lifeblog-23012009036.jpg\",\"contentUrl\":\"https:\\\/\\\/www.gaidaphotos.com\\\/blog\\\/wp-content\\\/uploads\\\/lifeblog-23012009036.jpg\"},{\"@type\":\"BreadcrumbList\",\"@id\":\"https:\\\/\\\/www.gaidaphotos.com\\\/blog\\\/2009\\\/01\\\/23\\\/winter-in-darmstadt\\\/#breadcrumb\",\"itemListElement\":[{\"@type\":\"ListItem\",\"position\":1,\"name\":\"Startseite\",\"item\":\"https:\\\/\\\/www.gaidaphotos.com\\\/blog\\\/\"},{\"@type\":\"ListItem\",\"position\":2,\"name\":\"Winter in Darmstadt\"}]},{\"@type\":\"WebSite\",\"@id\":\"https:\\\/\\\/www.gaidaphotos.com\\\/blog\\\/#website\",\"url\":\"https:\\\/\\\/www.gaidaphotos.com\\\/blog\\\/\",\"name\":\"K\u00f6ln Rodenkirchen und die Welt\",\"description\":\"Einkaufen, Restaurants, Freizeit, Nachrichten und was uns sonst bewegt und begegnet\",\"publisher\":{\"@id\":\"https:\\\/\\\/www.gaidaphotos.com\\\/blog\\\/#organization\"},\"potentialAction\":[{\"@type\":\"SearchAction\",\"target\":{\"@type\":\"EntryPoint\",\"urlTemplate\":\"https:\\\/\\\/www.gaidaphotos.com\\\/blog\\\/?s={search_term_string}\"},\"query-input\":{\"@type\":\"PropertyValueSpecification\",\"valueRequired\":true,\"valueName\":\"search_term_string\"}}],\"inLanguage\":\"de\"},{\"@type\":\"Organization\",\"@id\":\"https:\\\/\\\/www.gaidaphotos.com\\\/blog\\\/#organization\",\"name\":\"gaidaphotos\",\"url\":\"https:\\\/\\\/www.gaidaphotos.com\\\/blog\\\/\",\"logo\":{\"@type\":\"ImageObject\",\"inLanguage\":\"de\",\"@id\":\"https:\\\/\\\/www.gaidaphotos.com\\\/blog\\\/#\\\/schema\\\/logo\\\/image\\\/\",\"url\":\"https:\\\/\\\/i0.wp.com\\\/www.gaidaphotos.com\\\/blog\\\/wp-content\\\/uploads\\\/2020\\\/07\\\/GAIDAPHOTOS-COM.jpg?fit=160%2C96&ssl=1\",\"contentUrl\":\"https:\\\/\\\/i0.wp.com\\\/www.gaidaphotos.com\\\/blog\\\/wp-content\\\/uploads\\\/2020\\\/07\\\/GAIDAPHOTOS-COM.jpg?fit=160%2C96&ssl=1\",\"width\":160,\"height\":96,\"caption\":\"gaidaphotos\"},\"image\":{\"@id\":\"https:\\\/\\\/www.gaidaphotos.com\\\/blog\\\/#\\\/schema\\\/logo\\\/image\\\/\"},\"sameAs\":[\"https:\\\/\\\/www.facebook.com\\\/Koeln.Rodenkirchen\",\"https:\\\/\\\/x.com\\\/gaidaphotos\",\"https:\\\/\\\/instagram.com\\\/gaidaphotos\\\/\",\"https:\\\/\\\/de.linkedin.com\\\/in\\\/gaidaphotos\",\"https:\\\/\\\/myspace.com\\\/gaidaphotos\",\"https:\\\/\\\/www.pinterest.com\\\/gaidaphotos\\\/\",\"https:\\\/\\\/www.youtube.com\\\/user\\\/gaidaphotos\"]},{\"@type\":\"Person\",\"@id\":\"https:\\\/\\\/www.gaidaphotos.com\\\/blog\\\/#\\\/schema\\\/person\\\/6c444a5b13ffc503c5c32f5a9ec68b21\",\"name\":\"Thomas\",\"sameAs\":[\"https:\\\/\\\/www.gaidaphotos.com\",\"https:\\\/\\\/www.facebook.com\\\/gaidaphotos\",\"https:\\\/\\\/instagram.com\\\/gaidaphotos\\\/\",\"https:\\\/\\\/www.linkedin.com\\\/in\\\/gaidaphotos\",\"http:\\\/\\\/www.pinterest.com\\\/gaidaphotos\\\/\",\"https:\\\/\\\/x.com\\\/gaidaphotos\",\"https:\\\/\\\/myspace.com\\\/gaidaphotos\",\"https:\\\/\\\/www.youtube.com\\\/user\\\/gaidaphotos\",\"https:\\\/\\\/gaidaphotos.tumblr.com\\\/\"]}]}<\/script>\n<!-- \/ Yoast SEO plugin. -->","yoast_head_json":{"title":"Winter in Darmstadt - K\u00f6ln Rodenkirchen und die Welt","robots":{"index":"index","follow":"follow","max-snippet":"max-snippet:-1","max-image-preview":"max-image-preview:large","max-video-preview":"max-video-preview:-1"},"canonical":"https:\/\/www.gaidaphotos.com\/blog\/2009\/01\/23\/winter-in-darmstadt\/","og_locale":"de_DE","og_type":"article","og_title":"Winter in Darmstadt - K\u00f6ln Rodenkirchen und die Welt","og_description":"Auch in Darmstadt ist der Winter nicht einladender","og_url":"https:\/\/www.gaidaphotos.com\/blog\/2009\/01\/23\/winter-in-darmstadt\/","og_site_name":"K\u00f6ln Rodenkirchen und die Welt","article_publisher":"https:\/\/www.facebook.com\/Koeln.Rodenkirchen","article_author":"https:\/\/www.facebook.com\/gaidaphotos","article_published_time":"2009-01-23T08:58:30+00:00","article_modified_time":"2009-04-13T15:19:01+00:00","og_image":[{"url":"https:\/\/www.gaidaphotos.com\/blog\/wp-content\/uploads\/lifeblog-23012009036.jpg","type":"","width":"","height":""}],"author":"Thomas","twitter_card":"summary_large_image","twitter_creator":"@gaidaphotos","twitter_site":"@gaidaphotos","twitter_misc":{"Verfasst von":"Thomas"},"schema":{"@context":"https:\/\/schema.org","@graph":[{"@type":"Article","@id":"https:\/\/www.gaidaphotos.com\/blog\/2009\/01\/23\/winter-in-darmstadt\/#article","isPartOf":{"@id":"https:\/\/www.gaidaphotos.com\/blog\/2009\/01\/23\/winter-in-darmstadt\/"},"author":{"name":"Thomas","@id":"https:\/\/www.gaidaphotos.com\/blog\/#\/schema\/person\/6c444a5b13ffc503c5c32f5a9ec68b21"},"headline":"Winter in Darmstadt","datePublished":"2009-01-23T08:58:30+00:00","dateModified":"2009-04-13T15:19:01+00:00","mainEntityOfPage":{"@id":"https:\/\/www.gaidaphotos.com\/blog\/2009\/01\/23\/winter-in-darmstadt\/"},"wordCount":11,"publisher":{"@id":"https:\/\/www.gaidaphotos.com\/blog\/#organization"},"image":{"@id":"https:\/\/www.gaidaphotos.com\/blog\/2009\/01\/23\/winter-in-darmstadt\/#primaryimage"},"thumbnailUrl":"https:\/\/www.gaidaphotos.com\/blog\/wp-content\/uploads\/lifeblog-23012009036.jpg","articleSection":["17","Foto","Reise\/ Reisen"],"inLanguage":"de"},{"@type":"WebPage","@id":"https:\/\/www.gaidaphotos.com\/blog\/2009\/01\/23\/winter-in-darmstadt\/","url":"https:\/\/www.gaidaphotos.com\/blog\/2009\/01\/23\/winter-in-darmstadt\/","name":"Winter in Darmstadt - K\u00f6ln Rodenkirchen und die Welt","isPartOf":{"@id":"https:\/\/www.gaidaphotos.com\/blog\/#website"},"primaryImageOfPage":{"@id":"https:\/\/www.gaidaphotos.com\/blog\/2009\/01\/23\/winter-in-darmstadt\/#primaryimage"},"image":{"@id":"https:\/\/www.gaidaphotos.com\/blog\/2009\/01\/23\/winter-in-darmstadt\/#primaryimage"},"thumbnailUrl":"https:\/\/www.gaidaphotos.com\/blog\/wp-content\/uploads\/lifeblog-23012009036.jpg","datePublished":"2009-01-23T08:58:30+00:00","dateModified":"2009-04-13T15:19:01+00:00","breadcrumb":{"@id":"https:\/\/www.gaidaphotos.com\/blog\/2009\/01\/23\/winter-in-darmstadt\/#breadcrumb"},"inLanguage":"de","potentialAction":[{"@type":"ReadAction","target":["https:\/\/www.gaidaphotos.com\/blog\/2009\/01\/23\/winter-in-darmstadt\/"]}]},{"@type":"ImageObject","inLanguage":"de","@id":"https:\/\/www.gaidaphotos.com\/blog\/2009\/01\/23\/winter-in-darmstadt\/#primaryimage","url":"https:\/\/www.gaidaphotos.com\/blog\/wp-content\/uploads\/lifeblog-23012009036.jpg","contentUrl":"https:\/\/www.gaidaphotos.com\/blog\/wp-content\/uploads\/lifeblog-23012009036.jpg"},{"@type":"BreadcrumbList","@id":"https:\/\/www.gaidaphotos.com\/blog\/2009\/01\/23\/winter-in-darmstadt\/#breadcrumb","itemListElement":[{"@type":"ListItem","position":1,"name":"Startseite","item":"https:\/\/www.gaidaphotos.com\/blog\/"},{"@type":"ListItem","position":2,"name":"Winter in Darmstadt"}]},{"@type":"WebSite","@id":"https:\/\/www.gaidaphotos.com\/blog\/#website","url":"https:\/\/www.gaidaphotos.com\/blog\/","name":"K\u00f6ln Rodenkirchen und die Welt","description":"Einkaufen, Restaurants, Freizeit, Nachrichten und was uns sonst bewegt und begegnet","publisher":{"@id":"https:\/\/www.gaidaphotos.com\/blog\/#organization"},"potentialAction":[{"@type":"SearchAction","target":{"@type":"EntryPoint","urlTemplate":"https:\/\/www.gaidaphotos.com\/blog\/?s={search_term_string}"},"query-input":{"@type":"PropertyValueSpecification","valueRequired":true,"valueName":"search_term_string"}}],"inLanguage":"de"},{"@type":"Organization","@id":"https:\/\/www.gaidaphotos.com\/blog\/#organization","name":"gaidaphotos","url":"https:\/\/www.gaidaphotos.com\/blog\/","logo":{"@type":"ImageObject","inLanguage":"de","@id":"https:\/\/www.gaidaphotos.com\/blog\/#\/schema\/logo\/image\/","url":"https:\/\/i0.wp.com\/www.gaidaphotos.com\/blog\/wp-content\/uploads\/2020\/07\/GAIDAPHOTOS-COM.jpg?fit=160%2C96&ssl=1","contentUrl":"https:\/\/i0.wp.com\/www.gaidaphotos.com\/blog\/wp-content\/uploads\/2020\/07\/GAIDAPHOTOS-COM.jpg?fit=160%2C96&ssl=1","width":160,"height":96,"caption":"gaidaphotos"},"image":{"@id":"https:\/\/www.gaidaphotos.com\/blog\/#\/schema\/logo\/image\/"},"sameAs":["https:\/\/www.facebook.com\/Koeln.Rodenkirchen","https:\/\/x.com\/gaidaphotos","https:\/\/instagram.com\/gaidaphotos\/","https:\/\/de.linkedin.com\/in\/gaidaphotos","https:\/\/myspace.com\/gaidaphotos","https:\/\/www.pinterest.com\/gaidaphotos\/","https:\/\/www.youtube.com\/user\/gaidaphotos"]},{"@type":"Person","@id":"https:\/\/www.gaidaphotos.com\/blog\/#\/schema\/person\/6c444a5b13ffc503c5c32f5a9ec68b21","name":"Thomas","sameAs":["https:\/\/www.gaidaphotos.com","https:\/\/www.facebook.com\/gaidaphotos","https:\/\/instagram.com\/gaidaphotos\/","https:\/\/www.linkedin.com\/in\/gaidaphotos","http:\/\/www.pinterest.com\/gaidaphotos\/","https:\/\/x.com\/gaidaphotos","https:\/\/myspace.com\/gaidaphotos","https:\/\/www.youtube.com\/user\/gaidaphotos","https:\/\/gaidaphotos.tumblr.com\/"]}]}},"jetpack_publicize_connections":[],"jetpack_featured_media_url":"","jetpack_sharing_enabled":true,"jetpack_likes_enabled":true,"jetpack-related-posts":[{"id":3768,"url":"https:\/\/www.gaidaphotos.com\/blog\/2011\/10\/27\/verkaufsoffener-sonntag-strassenfest-30-10-2011-in-koeln\/","url_meta":{"origin":62,"position":0},"title":"Verkaufsoffener Sonntag &#038; Stra\u00dfenfest 30.10.2011 in K\u00f6ln","author":"Thomas","date":"27. Oktober 2011","format":false,"excerpt":"Verkaufsoffener Sonntag 30.11.2011 in K\u00f6ln Endlich sind in K\u00f6ln wieder die Gesch\u00e4fte ge\u00f6ffnet! In drei Veedeln, Innenstadt, Severinsviertel und in K\u00f6ln-Kalk k\u00f6nnen Sie auch am Sonntag wieder nach Herzenslust shoppen. Und alle drei Stadtteile sind f\u00fcr Ihre verkaufsoffenen Sonntage bekannt. In K\u00f6ln-Kalk sind es vor allem die Kalk-Arkaden, die zum\u2026","rel":"","context":"In &quot;Verkaufsoffener Sonntag K\u00f6ln NRW&quot;","block_context":{"text":"Verkaufsoffener Sonntag K\u00f6ln NRW","link":"https:\/\/www.gaidaphotos.com\/blog\/category\/kalender-archiv\/verkaufsoffener-sonntag-koln-nrw\/"},"img":{"alt_text":"","src":"https:\/\/www.gaidaphotos.com\/blog\/wp-content\/uploads\/2020\/08\/nggallery_import\/54_","width":350,"height":200},"classes":[]},{"id":8214,"url":"https:\/\/www.gaidaphotos.com\/blog\/2014\/11\/25\/rodenkirchener-winterzauber-nikolausfest\/","url_meta":{"origin":62,"position":1},"title":"Rodenkirchener Winterzauber, Nikolausfest","author":"Thomas","date":"25. November 2014","format":false,"excerpt":"Rodenkirchener Winterzauber Der Nikolaus kommt Wie schon in den Vorjahren ist das sch\u00f6ne Rodenkirchen weihnachtlich geschm\u00fcckt. Die Stra\u00dfen erstrahlen im Lichterglanz und vor allen Gesch\u00e4ften stehen kleine, individuell geschm\u00fcckte Weihnachtsb\u00e4ume. Und rechtzeitig zum verkaufsoffenen Sonntag am 07. Dezember kommt auch der Nikolaus wieder nach Rodenkirchen. Nikolausfest und verkaufsoffener Sonntag Am\u2026","rel":"","context":"In &quot;K\u00f6ln Rodenkirchen Einkaufen&quot;","block_context":{"text":"K\u00f6ln Rodenkirchen Einkaufen","link":"https:\/\/www.gaidaphotos.com\/blog\/category\/koeln-rodenkirchen\/koeln-rodenkirchen-einkaufen\/"},"img":{"alt_text":"","src":"https:\/\/i0.wp.com\/www.gaidaphotos.com\/blog\/wp-content\/uploads\/ngg_featured\/nikolaus-santa-claus-weihnachtsmann.jpg?fit=1024%2C683&ssl=1&resize=350%2C200","width":350,"height":200,"srcset":"https:\/\/i0.wp.com\/www.gaidaphotos.com\/blog\/wp-content\/uploads\/ngg_featured\/nikolaus-santa-claus-weihnachtsmann.jpg?fit=1024%2C683&ssl=1&resize=350%2C200 1x, https:\/\/i0.wp.com\/www.gaidaphotos.com\/blog\/wp-content\/uploads\/ngg_featured\/nikolaus-santa-claus-weihnachtsmann.jpg?fit=1024%2C683&ssl=1&resize=525%2C300 1.5x, https:\/\/i0.wp.com\/www.gaidaphotos.com\/blog\/wp-content\/uploads\/ngg_featured\/nikolaus-santa-claus-weihnachtsmann.jpg?fit=1024%2C683&ssl=1&resize=700%2C400 2x"},"classes":[]},{"id":1945,"url":"https:\/\/www.gaidaphotos.com\/blog\/2009\/07\/24\/riccione-italien-reise-der-neugestaltete-lungomare-immer-noch-garbino\/","url_meta":{"origin":62,"position":2},"title":"Riccione-Italien-Reise: Der neugestaltete Lungomare; immer noch Garbino","author":"Thomas","date":"24. Juli 2009","format":false,"excerpt":"\"Lungomare\" - so hei\u00dft die Stra\u00dfe, die in Riccione am Strand entlang f\u00fchrt. Fr\u00fcher war das typisch: B\u00fcrgersteig, Parkpl\u00e4tze und Stra\u00dfe. Abends fuhr eine endlose Karawane im Schritttempo den Lungomare im Urlaub in Italien entlang, zum Flirten und Abschleppen ;-). Bisher wurde der Abschnitt zwischen Hafen und P.LEe Roma neu\u2026","rel":"","context":"In &quot;17&quot;","block_context":{"text":"17","link":"https:\/\/www.gaidaphotos.com\/blog\/category\/mobile_news_von_unterwegs\/mobile_news_von_unterwegs-n95\/"},"img":{"alt_text":"","src":"","width":0,"height":0},"classes":[]},{"id":2802,"url":"https:\/\/www.gaidaphotos.com\/blog\/2010\/04\/14\/kamelien-ausstellung-in-der-flora-verlangert\/","url_meta":{"origin":62,"position":3},"title":"Kamelien-Ausstellung in der Flora verl\u00e4ngert","author":"Thomas","date":"14. April 2010","format":false,"excerpt":"Kamelien-Ausstellung in der Flora wird verl\u00e4ngert Fern\u00f6stlicher Bl\u00fctenzauber wegen k\u00fchler Witterung noch bis 25. April 2010 Die \"K\u00f6nigin der Winterblumen\" verzaubert mit ihrer Bl\u00fctenpracht weiterhin das Subtropenhaus im Botanischen Garten und den \"Kamelienwald\". Wegen des langen kalten Winters stehen die Teegew\u00e4chse noch immer in Bl\u00fcte, die im Freiland ausgepflanzten Kamelien\u2026","rel":"","context":"In &quot;Foto&quot;","block_context":{"text":"Foto","link":"https:\/\/www.gaidaphotos.com\/blog\/category\/foto\/"},"img":{"alt_text":"","src":"","width":0,"height":0},"classes":[]},{"id":61,"url":"https:\/\/www.gaidaphotos.com\/blog\/2009\/01\/21\/winter-in-koln\/","url_meta":{"origin":62,"position":4},"title":"Winter in K\u00f6ln","author":"Thomas","date":"21. Januar 2009","format":false,"excerpt":"So trostlos kann der Winter sein.","rel":"","context":"In &quot;17&quot;","block_context":{"text":"17","link":"https:\/\/www.gaidaphotos.com\/blog\/category\/mobile_news_von_unterwegs\/mobile_news_von_unterwegs-n95\/"},"img":{"alt_text":"","src":"","width":0,"height":0},"classes":[]},{"id":9122,"url":"https:\/\/www.gaidaphotos.com\/blog\/2015\/11\/24\/rodenkirchener-winterzauber-und-verkaufsoffener-sonntag\/","url_meta":{"origin":62,"position":5},"title":"Rodenkirchener Winterzauber","author":"Thomas","date":"24. November 2015","format":false,"excerpt":"Rodenkirchener Winterzauber und verkaufsoffener Sonntag 3 Tage Weihnachtsmarkt, Schlittschuhbahn und vor-weihnachtliche Unterhaltung auf dem Maternusplatz in Rodenkirchen. Mit gro\u00dfem Weihnachtsprogramm l\u00e4dt die AG Rodenkirchen in diesem Jahr zu einem 4-t\u00e4gigen Weihnachtsmarkt in die Ortsmitte ein. Wenn in K\u00f6ln an allen Ecken und Enden Weihnachtsm\u00e4rkte stehen darf das sch\u00f6ne Rodenkirchen nat\u00fcrlich\u2026","rel":"","context":"In &quot;K\u00f6ln Rodenkirchen Einkaufen&quot;","block_context":{"text":"K\u00f6ln Rodenkirchen Einkaufen","link":"https:\/\/www.gaidaphotos.com\/blog\/category\/koeln-rodenkirchen\/koeln-rodenkirchen-einkaufen\/"},"img":{"alt_text":"","src":"https:\/\/i0.wp.com\/www.gaidaphotos.com\/blog\/wp-content\/uploads\/ngg_featured\/rodenkirchen-winterzauber-02.jpg?fit=1024%2C575&ssl=1&resize=350%2C200","width":350,"height":200,"srcset":"https:\/\/i0.wp.com\/www.gaidaphotos.com\/blog\/wp-content\/uploads\/ngg_featured\/rodenkirchen-winterzauber-02.jpg?fit=1024%2C575&ssl=1&resize=350%2C200 1x, https:\/\/i0.wp.com\/www.gaidaphotos.com\/blog\/wp-content\/uploads\/ngg_featured\/rodenkirchen-winterzauber-02.jpg?fit=1024%2C575&ssl=1&resize=525%2C300 1.5x, https:\/\/i0.wp.com\/www.gaidaphotos.com\/blog\/wp-content\/uploads\/ngg_featured\/rodenkirchen-winterzauber-02.jpg?fit=1024%2C575&ssl=1&resize=700%2C400 2x"},"classes":[]}],"_links":{"self":[{"href":"https:\/\/www.gaidaphotos.com\/blog\/wp-json\/wp\/v2\/posts\/62","targetHints":{"allow":["GET"]}}],"collection":[{"href":"https:\/\/www.gaidaphotos.com\/blog\/wp-json\/wp\/v2\/posts"}],"about":[{"href":"https:\/\/www.gaidaphotos.com\/blog\/wp-json\/wp\/v2\/types\/post"}],"author":[{"embeddable":true,"href":"https:\/\/www.gaidaphotos.com\/blog\/wp-json\/wp\/v2\/users\/6"}],"replies":[{"embeddable":true,"href":"https:\/\/www.gaidaphotos.com\/blog\/wp-json\/wp\/v2\/comments?post=62"}],"version-history":[{"count":0,"href":"https:\/\/www.gaidaphotos.com\/blog\/wp-json\/wp\/v2\/posts\/62\/revisions"}],"wp:attachment":[{"href":"https:\/\/www.gaidaphotos.com\/blog\/wp-json\/wp\/v2\/media?parent=62"}],"wp:term":[{"taxonomy":"category","embeddable":true,"href":"https:\/\/www.gaidaphotos.com\/blog\/wp-json\/wp\/v2\/categories?post=62"},{"taxonomy":"post_tag","embeddable":true,"href":"https:\/\/www.gaidaphotos.com\/blog\/wp-json\/wp\/v2\/tags?post=62"}],"curies":[{"name":"wp","href":"https:\/\/api.w.org\/{rel}","templated":true}]}}