{"id":63,"date":"2009-01-25T16:06:14","date_gmt":"2009-01-25T15:06:14","guid":{"rendered":"http:\/\/gaidaphotos.com\/blog\/2009\/01\/25\/s-m-seife\/"},"modified":"2009-04-13T16:18:48","modified_gmt":"2009-04-13T15:18:48","slug":"s-m-seife","status":"publish","type":"post","link":"https:\/\/www.gaidaphotos.com\/blog\/2009\/01\/25\/s-m-seife\/","title":{"rendered":"S &#038; M Seife?"},"content":{"rendered":"<div class=\"Lifeblog_Posting\">\n<div class=\"Lifeblog_Resource\"><img data-recalc-dims=\"1\" loading=\"lazy\" decoding=\"async\" class=\"alignleft\" src=\"https:\/\/i0.wp.com\/www.gaidaphotos.com\/blog\/wp-content\/uploads\/lifeblog-25012009041.jpg?resize=77%2C103&#038;ssl=1\" alt=\"So 25.01.2009 14:51 25012009041\" width=\"77\" height=\"103\" \/><\/div>\n<p>Wer h\u00e4tte gedacht, dass es extra Seife f\u00fcr S&amp;M gibt! Brennt die mehr oder was?<\/p>\n<p><a title=\"lizenzfreie Fotos Fotoarchiv\" href=\"https:\/\/www.gaidaphotos.com\">gaidaphotos.com<\/a><\/div>\n","protected":false},"excerpt":{"rendered":"<p>Wer h\u00e4tte gedacht, dass es extra Seife f\u00fcr S&amp;M gibt! Brennt die mehr oder was? gaidaphotos.com<\/p>\n","protected":false},"author":6,"featured_media":0,"comment_status":"closed","ping_status":"open","sticky":false,"template":"","format":"standard","meta":{"_crdt_document":"","ngg_post_thumbnail":0,"jetpack_post_was_ever_published":false,"_jetpack_newsletter_access":"","_jetpack_dont_email_post_to_subs":false,"_jetpack_newsletter_tier_id":0,"_jetpack_memberships_contains_paywalled_content":false,"_jetpack_memberships_contains_paid_content":false,"footnotes":"","jetpack_publicize_message":"","jetpack_publicize_feature_enabled":true,"jetpack_social_post_already_shared":false,"jetpack_social_options":{"image_generator_settings":{"template":"highway","default_image_id":0,"font":"","enabled":false},"version":2}},"categories":[20,74,33],"tags":[],"class_list":["post-63","post","type-post","status-publish","format-standard","hentry","category-mobile_news_von_unterwegs-n95","category-foto","category-humor","comments-off"],"yoast_head":"<!-- This site is optimized with the Yoast SEO plugin v27.5 - https:\/\/yoast.com\/product\/yoast-seo-wordpress\/ -->\n<title>S &amp; M Seife? - K\u00f6ln Rodenkirchen und die Welt<\/title>\n<meta name=\"robots\" content=\"index, follow, max-snippet:-1, max-image-preview:large, max-video-preview:-1\" \/>\n<link rel=\"canonical\" href=\"https:\/\/www.gaidaphotos.com\/blog\/2009\/01\/25\/s-m-seife\/\" \/>\n<meta property=\"og:locale\" content=\"de_DE\" \/>\n<meta property=\"og:type\" content=\"article\" \/>\n<meta property=\"og:title\" content=\"S &amp; M Seife? - K\u00f6ln Rodenkirchen und die Welt\" \/>\n<meta property=\"og:description\" content=\"Wer h\u00e4tte gedacht, dass es extra Seife f\u00fcr S&amp;M gibt! Brennt die mehr oder was? gaidaphotos.com\" \/>\n<meta property=\"og:url\" content=\"https:\/\/www.gaidaphotos.com\/blog\/2009\/01\/25\/s-m-seife\/\" \/>\n<meta property=\"og:site_name\" content=\"K\u00f6ln Rodenkirchen und die Welt\" \/>\n<meta property=\"article:publisher\" content=\"https:\/\/www.facebook.com\/Koeln.Rodenkirchen\" \/>\n<meta property=\"article:author\" content=\"https:\/\/www.facebook.com\/gaidaphotos\" \/>\n<meta property=\"article:published_time\" content=\"2009-01-25T15:06:14+00:00\" \/>\n<meta property=\"article:modified_time\" content=\"2009-04-13T15:18:48+00:00\" \/>\n<meta property=\"og:image\" content=\"https:\/\/www.gaidaphotos.com\/blog\/wp-content\/uploads\/lifeblog-25012009041.jpg\" \/>\n<meta name=\"author\" content=\"Thomas\" \/>\n<meta name=\"twitter:card\" content=\"summary_large_image\" \/>\n<meta name=\"twitter:creator\" content=\"@gaidaphotos\" \/>\n<meta name=\"twitter:site\" content=\"@gaidaphotos\" \/>\n<meta name=\"twitter:label1\" content=\"Verfasst von\" \/>\n\t<meta name=\"twitter:data1\" content=\"Thomas\" \/>\n<script type=\"application\/ld+json\" class=\"yoast-schema-graph\">{\"@context\":\"https:\\\/\\\/schema.org\",\"@graph\":[{\"@type\":\"Article\",\"@id\":\"https:\\\/\\\/www.gaidaphotos.com\\\/blog\\\/2009\\\/01\\\/25\\\/s-m-seife\\\/#article\",\"isPartOf\":{\"@id\":\"https:\\\/\\\/www.gaidaphotos.com\\\/blog\\\/2009\\\/01\\\/25\\\/s-m-seife\\\/\"},\"author\":{\"name\":\"Thomas\",\"@id\":\"https:\\\/\\\/www.gaidaphotos.com\\\/blog\\\/#\\\/schema\\\/person\\\/6c444a5b13ffc503c5c32f5a9ec68b21\"},\"headline\":\"S &#038; M Seife?\",\"datePublished\":\"2009-01-25T15:06:14+00:00\",\"dateModified\":\"2009-04-13T15:18:48+00:00\",\"mainEntityOfPage\":{\"@id\":\"https:\\\/\\\/www.gaidaphotos.com\\\/blog\\\/2009\\\/01\\\/25\\\/s-m-seife\\\/\"},\"wordCount\":24,\"publisher\":{\"@id\":\"https:\\\/\\\/www.gaidaphotos.com\\\/blog\\\/#organization\"},\"image\":{\"@id\":\"https:\\\/\\\/www.gaidaphotos.com\\\/blog\\\/2009\\\/01\\\/25\\\/s-m-seife\\\/#primaryimage\"},\"thumbnailUrl\":\"https:\\\/\\\/www.gaidaphotos.com\\\/blog\\\/wp-content\\\/uploads\\\/lifeblog-25012009041.jpg\",\"articleSection\":[\"17\",\"Foto\",\"Humor\"],\"inLanguage\":\"de\"},{\"@type\":\"WebPage\",\"@id\":\"https:\\\/\\\/www.gaidaphotos.com\\\/blog\\\/2009\\\/01\\\/25\\\/s-m-seife\\\/\",\"url\":\"https:\\\/\\\/www.gaidaphotos.com\\\/blog\\\/2009\\\/01\\\/25\\\/s-m-seife\\\/\",\"name\":\"S & M Seife? - K\u00f6ln Rodenkirchen und die Welt\",\"isPartOf\":{\"@id\":\"https:\\\/\\\/www.gaidaphotos.com\\\/blog\\\/#website\"},\"primaryImageOfPage\":{\"@id\":\"https:\\\/\\\/www.gaidaphotos.com\\\/blog\\\/2009\\\/01\\\/25\\\/s-m-seife\\\/#primaryimage\"},\"image\":{\"@id\":\"https:\\\/\\\/www.gaidaphotos.com\\\/blog\\\/2009\\\/01\\\/25\\\/s-m-seife\\\/#primaryimage\"},\"thumbnailUrl\":\"https:\\\/\\\/www.gaidaphotos.com\\\/blog\\\/wp-content\\\/uploads\\\/lifeblog-25012009041.jpg\",\"datePublished\":\"2009-01-25T15:06:14+00:00\",\"dateModified\":\"2009-04-13T15:18:48+00:00\",\"breadcrumb\":{\"@id\":\"https:\\\/\\\/www.gaidaphotos.com\\\/blog\\\/2009\\\/01\\\/25\\\/s-m-seife\\\/#breadcrumb\"},\"inLanguage\":\"de\",\"potentialAction\":[{\"@type\":\"ReadAction\",\"target\":[\"https:\\\/\\\/www.gaidaphotos.com\\\/blog\\\/2009\\\/01\\\/25\\\/s-m-seife\\\/\"]}]},{\"@type\":\"ImageObject\",\"inLanguage\":\"de\",\"@id\":\"https:\\\/\\\/www.gaidaphotos.com\\\/blog\\\/2009\\\/01\\\/25\\\/s-m-seife\\\/#primaryimage\",\"url\":\"https:\\\/\\\/www.gaidaphotos.com\\\/blog\\\/wp-content\\\/uploads\\\/lifeblog-25012009041.jpg\",\"contentUrl\":\"https:\\\/\\\/www.gaidaphotos.com\\\/blog\\\/wp-content\\\/uploads\\\/lifeblog-25012009041.jpg\"},{\"@type\":\"BreadcrumbList\",\"@id\":\"https:\\\/\\\/www.gaidaphotos.com\\\/blog\\\/2009\\\/01\\\/25\\\/s-m-seife\\\/#breadcrumb\",\"itemListElement\":[{\"@type\":\"ListItem\",\"position\":1,\"name\":\"Startseite\",\"item\":\"https:\\\/\\\/www.gaidaphotos.com\\\/blog\\\/\"},{\"@type\":\"ListItem\",\"position\":2,\"name\":\"S &#038; M Seife?\"}]},{\"@type\":\"WebSite\",\"@id\":\"https:\\\/\\\/www.gaidaphotos.com\\\/blog\\\/#website\",\"url\":\"https:\\\/\\\/www.gaidaphotos.com\\\/blog\\\/\",\"name\":\"K\u00f6ln Rodenkirchen und die Welt\",\"description\":\"Einkaufen, Restaurants, Freizeit, Nachrichten und was uns sonst bewegt und begegnet\",\"publisher\":{\"@id\":\"https:\\\/\\\/www.gaidaphotos.com\\\/blog\\\/#organization\"},\"potentialAction\":[{\"@type\":\"SearchAction\",\"target\":{\"@type\":\"EntryPoint\",\"urlTemplate\":\"https:\\\/\\\/www.gaidaphotos.com\\\/blog\\\/?s={search_term_string}\"},\"query-input\":{\"@type\":\"PropertyValueSpecification\",\"valueRequired\":true,\"valueName\":\"search_term_string\"}}],\"inLanguage\":\"de\"},{\"@type\":\"Organization\",\"@id\":\"https:\\\/\\\/www.gaidaphotos.com\\\/blog\\\/#organization\",\"name\":\"gaidaphotos\",\"url\":\"https:\\\/\\\/www.gaidaphotos.com\\\/blog\\\/\",\"logo\":{\"@type\":\"ImageObject\",\"inLanguage\":\"de\",\"@id\":\"https:\\\/\\\/www.gaidaphotos.com\\\/blog\\\/#\\\/schema\\\/logo\\\/image\\\/\",\"url\":\"https:\\\/\\\/i0.wp.com\\\/www.gaidaphotos.com\\\/blog\\\/wp-content\\\/uploads\\\/2020\\\/07\\\/GAIDAPHOTOS-COM.jpg?fit=160%2C96&ssl=1\",\"contentUrl\":\"https:\\\/\\\/i0.wp.com\\\/www.gaidaphotos.com\\\/blog\\\/wp-content\\\/uploads\\\/2020\\\/07\\\/GAIDAPHOTOS-COM.jpg?fit=160%2C96&ssl=1\",\"width\":160,\"height\":96,\"caption\":\"gaidaphotos\"},\"image\":{\"@id\":\"https:\\\/\\\/www.gaidaphotos.com\\\/blog\\\/#\\\/schema\\\/logo\\\/image\\\/\"},\"sameAs\":[\"https:\\\/\\\/www.facebook.com\\\/Koeln.Rodenkirchen\",\"https:\\\/\\\/x.com\\\/gaidaphotos\",\"https:\\\/\\\/instagram.com\\\/gaidaphotos\\\/\",\"https:\\\/\\\/de.linkedin.com\\\/in\\\/gaidaphotos\",\"https:\\\/\\\/myspace.com\\\/gaidaphotos\",\"https:\\\/\\\/www.pinterest.com\\\/gaidaphotos\\\/\",\"https:\\\/\\\/www.youtube.com\\\/user\\\/gaidaphotos\"]},{\"@type\":\"Person\",\"@id\":\"https:\\\/\\\/www.gaidaphotos.com\\\/blog\\\/#\\\/schema\\\/person\\\/6c444a5b13ffc503c5c32f5a9ec68b21\",\"name\":\"Thomas\",\"sameAs\":[\"https:\\\/\\\/www.gaidaphotos.com\",\"https:\\\/\\\/www.facebook.com\\\/gaidaphotos\",\"https:\\\/\\\/instagram.com\\\/gaidaphotos\\\/\",\"https:\\\/\\\/www.linkedin.com\\\/in\\\/gaidaphotos\",\"http:\\\/\\\/www.pinterest.com\\\/gaidaphotos\\\/\",\"https:\\\/\\\/x.com\\\/gaidaphotos\",\"https:\\\/\\\/myspace.com\\\/gaidaphotos\",\"https:\\\/\\\/www.youtube.com\\\/user\\\/gaidaphotos\",\"https:\\\/\\\/gaidaphotos.tumblr.com\\\/\"]}]}<\/script>\n<!-- \/ Yoast SEO plugin. -->","yoast_head_json":{"title":"S & M Seife? - K\u00f6ln Rodenkirchen und die Welt","robots":{"index":"index","follow":"follow","max-snippet":"max-snippet:-1","max-image-preview":"max-image-preview:large","max-video-preview":"max-video-preview:-1"},"canonical":"https:\/\/www.gaidaphotos.com\/blog\/2009\/01\/25\/s-m-seife\/","og_locale":"de_DE","og_type":"article","og_title":"S & M Seife? - K\u00f6ln Rodenkirchen und die Welt","og_description":"Wer h\u00e4tte gedacht, dass es extra Seife f\u00fcr S&amp;M gibt! Brennt die mehr oder was? gaidaphotos.com","og_url":"https:\/\/www.gaidaphotos.com\/blog\/2009\/01\/25\/s-m-seife\/","og_site_name":"K\u00f6ln Rodenkirchen und die Welt","article_publisher":"https:\/\/www.facebook.com\/Koeln.Rodenkirchen","article_author":"https:\/\/www.facebook.com\/gaidaphotos","article_published_time":"2009-01-25T15:06:14+00:00","article_modified_time":"2009-04-13T15:18:48+00:00","og_image":[{"url":"https:\/\/www.gaidaphotos.com\/blog\/wp-content\/uploads\/lifeblog-25012009041.jpg","type":"","width":"","height":""}],"author":"Thomas","twitter_card":"summary_large_image","twitter_creator":"@gaidaphotos","twitter_site":"@gaidaphotos","twitter_misc":{"Verfasst von":"Thomas"},"schema":{"@context":"https:\/\/schema.org","@graph":[{"@type":"Article","@id":"https:\/\/www.gaidaphotos.com\/blog\/2009\/01\/25\/s-m-seife\/#article","isPartOf":{"@id":"https:\/\/www.gaidaphotos.com\/blog\/2009\/01\/25\/s-m-seife\/"},"author":{"name":"Thomas","@id":"https:\/\/www.gaidaphotos.com\/blog\/#\/schema\/person\/6c444a5b13ffc503c5c32f5a9ec68b21"},"headline":"S &#038; M Seife?","datePublished":"2009-01-25T15:06:14+00:00","dateModified":"2009-04-13T15:18:48+00:00","mainEntityOfPage":{"@id":"https:\/\/www.gaidaphotos.com\/blog\/2009\/01\/25\/s-m-seife\/"},"wordCount":24,"publisher":{"@id":"https:\/\/www.gaidaphotos.com\/blog\/#organization"},"image":{"@id":"https:\/\/www.gaidaphotos.com\/blog\/2009\/01\/25\/s-m-seife\/#primaryimage"},"thumbnailUrl":"https:\/\/www.gaidaphotos.com\/blog\/wp-content\/uploads\/lifeblog-25012009041.jpg","articleSection":["17","Foto","Humor"],"inLanguage":"de"},{"@type":"WebPage","@id":"https:\/\/www.gaidaphotos.com\/blog\/2009\/01\/25\/s-m-seife\/","url":"https:\/\/www.gaidaphotos.com\/blog\/2009\/01\/25\/s-m-seife\/","name":"S & M Seife? - K\u00f6ln Rodenkirchen und die Welt","isPartOf":{"@id":"https:\/\/www.gaidaphotos.com\/blog\/#website"},"primaryImageOfPage":{"@id":"https:\/\/www.gaidaphotos.com\/blog\/2009\/01\/25\/s-m-seife\/#primaryimage"},"image":{"@id":"https:\/\/www.gaidaphotos.com\/blog\/2009\/01\/25\/s-m-seife\/#primaryimage"},"thumbnailUrl":"https:\/\/www.gaidaphotos.com\/blog\/wp-content\/uploads\/lifeblog-25012009041.jpg","datePublished":"2009-01-25T15:06:14+00:00","dateModified":"2009-04-13T15:18:48+00:00","breadcrumb":{"@id":"https:\/\/www.gaidaphotos.com\/blog\/2009\/01\/25\/s-m-seife\/#breadcrumb"},"inLanguage":"de","potentialAction":[{"@type":"ReadAction","target":["https:\/\/www.gaidaphotos.com\/blog\/2009\/01\/25\/s-m-seife\/"]}]},{"@type":"ImageObject","inLanguage":"de","@id":"https:\/\/www.gaidaphotos.com\/blog\/2009\/01\/25\/s-m-seife\/#primaryimage","url":"https:\/\/www.gaidaphotos.com\/blog\/wp-content\/uploads\/lifeblog-25012009041.jpg","contentUrl":"https:\/\/www.gaidaphotos.com\/blog\/wp-content\/uploads\/lifeblog-25012009041.jpg"},{"@type":"BreadcrumbList","@id":"https:\/\/www.gaidaphotos.com\/blog\/2009\/01\/25\/s-m-seife\/#breadcrumb","itemListElement":[{"@type":"ListItem","position":1,"name":"Startseite","item":"https:\/\/www.gaidaphotos.com\/blog\/"},{"@type":"ListItem","position":2,"name":"S &#038; M Seife?"}]},{"@type":"WebSite","@id":"https:\/\/www.gaidaphotos.com\/blog\/#website","url":"https:\/\/www.gaidaphotos.com\/blog\/","name":"K\u00f6ln Rodenkirchen und die Welt","description":"Einkaufen, Restaurants, Freizeit, Nachrichten und was uns sonst bewegt und begegnet","publisher":{"@id":"https:\/\/www.gaidaphotos.com\/blog\/#organization"},"potentialAction":[{"@type":"SearchAction","target":{"@type":"EntryPoint","urlTemplate":"https:\/\/www.gaidaphotos.com\/blog\/?s={search_term_string}"},"query-input":{"@type":"PropertyValueSpecification","valueRequired":true,"valueName":"search_term_string"}}],"inLanguage":"de"},{"@type":"Organization","@id":"https:\/\/www.gaidaphotos.com\/blog\/#organization","name":"gaidaphotos","url":"https:\/\/www.gaidaphotos.com\/blog\/","logo":{"@type":"ImageObject","inLanguage":"de","@id":"https:\/\/www.gaidaphotos.com\/blog\/#\/schema\/logo\/image\/","url":"https:\/\/i0.wp.com\/www.gaidaphotos.com\/blog\/wp-content\/uploads\/2020\/07\/GAIDAPHOTOS-COM.jpg?fit=160%2C96&ssl=1","contentUrl":"https:\/\/i0.wp.com\/www.gaidaphotos.com\/blog\/wp-content\/uploads\/2020\/07\/GAIDAPHOTOS-COM.jpg?fit=160%2C96&ssl=1","width":160,"height":96,"caption":"gaidaphotos"},"image":{"@id":"https:\/\/www.gaidaphotos.com\/blog\/#\/schema\/logo\/image\/"},"sameAs":["https:\/\/www.facebook.com\/Koeln.Rodenkirchen","https:\/\/x.com\/gaidaphotos","https:\/\/instagram.com\/gaidaphotos\/","https:\/\/de.linkedin.com\/in\/gaidaphotos","https:\/\/myspace.com\/gaidaphotos","https:\/\/www.pinterest.com\/gaidaphotos\/","https:\/\/www.youtube.com\/user\/gaidaphotos"]},{"@type":"Person","@id":"https:\/\/www.gaidaphotos.com\/blog\/#\/schema\/person\/6c444a5b13ffc503c5c32f5a9ec68b21","name":"Thomas","sameAs":["https:\/\/www.gaidaphotos.com","https:\/\/www.facebook.com\/gaidaphotos","https:\/\/instagram.com\/gaidaphotos\/","https:\/\/www.linkedin.com\/in\/gaidaphotos","http:\/\/www.pinterest.com\/gaidaphotos\/","https:\/\/x.com\/gaidaphotos","https:\/\/myspace.com\/gaidaphotos","https:\/\/www.youtube.com\/user\/gaidaphotos","https:\/\/gaidaphotos.tumblr.com\/"]}]}},"jetpack_publicize_connections":[],"jetpack_featured_media_url":"","jetpack_sharing_enabled":true,"jetpack_likes_enabled":true,"jetpack-related-posts":[{"id":2123,"url":"https:\/\/www.gaidaphotos.com\/blog\/2009\/09\/23\/koln-dmexco-messe-hammer-foto-und-messe-bericht\/","url_meta":{"origin":63,"position":0},"title":"K\u00f6ln: dmexco Messe Hammer (Foto) und Messe Bericht","author":"Thomas","date":"23. September 2009","format":false,"excerpt":"Eben sind wir von der dmexco Konferenz und Messe in K\u00f6ln zur\u00fcck. Die dmexco ist eine Messe und Konferenz in K\u00f6ln rund um Internet Marketing. Die Messe selbst war sehr gut besucht und ich habe selten so viele Aussteller im Gespr\u00e4ch mit Besuchern erlebt. Da war richtig \"buzz\" im \"channel\".\u2026","rel":"","context":"In &quot;17&quot;","block_context":{"text":"17","link":"https:\/\/www.gaidaphotos.com\/blog\/category\/mobile_news_von_unterwegs\/mobile_news_von_unterwegs-n95\/"},"img":{"alt_text":"","src":"","width":0,"height":0},"classes":[]},{"id":117,"url":"https:\/\/www.gaidaphotos.com\/blog\/2009\/02\/23\/heinz-erhardt-humor\/","url_meta":{"origin":63,"position":1},"title":"Zum 100. Geburtstag von Heinz Erhardt","author":"Thomas","date":"23. Februar 2009","format":false,"excerpt":"Auch wir gratulieren Heinz Erhardt zum 100. Geburtstag mit einer kleinen Auswahl an Aphorismen, Spr\u00fcchen, Gedichten, Reime und anderen Beispielen seines wundervollen Humors.","rel":"","context":"In &quot;Humor&quot;","block_context":{"text":"Humor","link":"https:\/\/www.gaidaphotos.com\/blog\/category\/humor\/"},"img":{"alt_text":"Heinz Erhardt, Spr\u00fcche, Reime, Gedichte, Humor Aphorismen","src":"https:\/\/i0.wp.com\/www.gaidaphotos.com\/humor\/bilder\/lauefer.jpg?resize=350%2C200&ssl=1","width":350,"height":200},"classes":[]},{"id":629,"url":"https:\/\/www.gaidaphotos.com\/blog\/2009\/05\/25\/das-restaurant-in-luftiger-hohe-sky-dinner-foto\/","url_meta":{"origin":63,"position":2},"title":"Das Restaurant  in luftiger  H\u00f6he: Sky Dinner (Foto)","author":"Thomas","date":"25. Mai 2009","format":false,"excerpt":"Dinner in the Sky: Restaurant in luftiger H\u00f6he.","rel":"","context":"In &quot;17&quot;","block_context":{"text":"17","link":"https:\/\/www.gaidaphotos.com\/blog\/category\/mobile_news_von_unterwegs\/mobile_news_von_unterwegs-n95\/"},"img":{"alt_text":"","src":"","width":0,"height":0},"classes":[]},{"id":84,"url":"https:\/\/www.gaidaphotos.com\/blog\/2009\/02\/02\/paperworld-in-frankfurt\/","url_meta":{"origin":63,"position":3},"title":"Paperworld in Frankfurt","author":"Thomas","date":"2. Februar 2009","format":false,"excerpt":"Wer SO viel abzulegen hat sollte lieber alles wegwerfen oder gleich ein neues Leben beginnen. Der vielleicht gr\u00f6\u00dfte Ordner der Welt! :)","rel":"","context":"In &quot;17&quot;","block_context":{"text":"17","link":"https:\/\/www.gaidaphotos.com\/blog\/category\/mobile_news_von_unterwegs\/mobile_news_von_unterwegs-n95\/"},"img":{"alt_text":"","src":"","width":0,"height":0},"classes":[]},{"id":1696,"url":"https:\/\/www.gaidaphotos.com\/blog\/2009\/06\/21\/koln-rodenkirchen-strassenfest-die-zeltstadt-steht-jetzt-gehts-weiter-foto\/","url_meta":{"origin":63,"position":4},"title":"K\u00f6ln Rodenkirchen Strassenfest: Die Zeltstadt steht &#8211; jetzt geht`s weiter (Foto)","author":"Thomas","date":"21. Juni 2009","format":false,"excerpt":"Trotz Regen lassen wir uns nicht davon abhalten, in K\u00f6ln\u00a0Rodenkirchen das Strassenfest zu feiern. \"Rodenkirchen im Hollywoodfieber\". Die erste Band baut auf und bald geht`s los.","rel":"","context":"In &quot;17&quot;","block_context":{"text":"17","link":"https:\/\/www.gaidaphotos.com\/blog\/category\/mobile_news_von_unterwegs\/mobile_news_von_unterwegs-n95\/"},"img":{"alt_text":"","src":"","width":0,"height":0},"classes":[]},{"id":646,"url":"https:\/\/www.gaidaphotos.com\/blog\/2009\/05\/28\/humor-lustige-schilder-foto\/","url_meta":{"origin":63,"position":5},"title":"Humor: lustige Schilder (Foto)","author":"Thomas","date":"28. Mai 2009","format":false,"excerpt":"Lustige Schilder von unterwegs! Ist das jetzt ein Goldschmied oder ein Holzschmied? Oder hat da jemand den Beruf verfehlt? Unfreiwilliger Humor.","rel":"","context":"In &quot;17&quot;","block_context":{"text":"17","link":"https:\/\/www.gaidaphotos.com\/blog\/category\/mobile_news_von_unterwegs\/mobile_news_von_unterwegs-n95\/"},"img":{"alt_text":"","src":"","width":0,"height":0},"classes":[]}],"_links":{"self":[{"href":"https:\/\/www.gaidaphotos.com\/blog\/wp-json\/wp\/v2\/posts\/63","targetHints":{"allow":["GET"]}}],"collection":[{"href":"https:\/\/www.gaidaphotos.com\/blog\/wp-json\/wp\/v2\/posts"}],"about":[{"href":"https:\/\/www.gaidaphotos.com\/blog\/wp-json\/wp\/v2\/types\/post"}],"author":[{"embeddable":true,"href":"https:\/\/www.gaidaphotos.com\/blog\/wp-json\/wp\/v2\/users\/6"}],"replies":[{"embeddable":true,"href":"https:\/\/www.gaidaphotos.com\/blog\/wp-json\/wp\/v2\/comments?post=63"}],"version-history":[{"count":0,"href":"https:\/\/www.gaidaphotos.com\/blog\/wp-json\/wp\/v2\/posts\/63\/revisions"}],"wp:attachment":[{"href":"https:\/\/www.gaidaphotos.com\/blog\/wp-json\/wp\/v2\/media?parent=63"}],"wp:term":[{"taxonomy":"category","embeddable":true,"href":"https:\/\/www.gaidaphotos.com\/blog\/wp-json\/wp\/v2\/categories?post=63"},{"taxonomy":"post_tag","embeddable":true,"href":"https:\/\/www.gaidaphotos.com\/blog\/wp-json\/wp\/v2\/tags?post=63"}],"curies":[{"name":"wp","href":"https:\/\/api.w.org\/{rel}","templated":true}]}}