{"id":64,"date":"2009-01-26T11:18:17","date_gmt":"2009-01-26T10:18:17","guid":{"rendered":"http:\/\/gaidaphotos.com\/blog\/2009\/01\/26\/lifeblog-inhalt\/"},"modified":"2014-06-23T17:12:19","modified_gmt":"2014-06-23T15:12:19","slug":"lifeblog-inhalt","status":"publish","type":"post","link":"https:\/\/www.gaidaphotos.com\/blog\/2009\/01\/26\/lifeblog-inhalt\/","title":{"rendered":"Mit Liebe aufwachen?"},"content":{"rendered":"<div class=\"Lifeblog_Posting\">\n<div class=\"Lifeblog_Resource\"><img data-recalc-dims=\"1\" loading=\"lazy\" decoding=\"async\" src=\"https:\/\/i0.wp.com\/www.gaidaphotos.com\/blog\/wp-content\/uploads\/lifeblog-26012009042.jpg?resize=471%2C353&#038;ssl=1\" alt=\"Mo 26.01.2009 10:03 26012009042\" width=\"471\" height=\"353\" \/><\/div>\n<div class=\"Lifeblog_Resource\"><\/div>\n<div class=\"Lifeblog_Resource\">Wer m\u00f6chte nicht mit diesem Blick aufwachen?<\/div>\n<div class=\"Lifeblog_Resource\">Nicht vergessen, bald ist <strong>VALENTINSTAG<\/strong>!<\/div>\n<div class=\"Lifeblog_Resource\">Coole Spr\u00fcche, besinnliche Gedanken, Weisheiten, kluge Zitate zum Thema &#8222;<a title=\"Liebe, verliebt, Valentinstag, Valentin\" href=\"https:\/\/www.gaidaphotos.com\/kostenlose-grusskarten-und-sprueche\/liebe-valentinstag\/\">Liebe, verliebt, Valentinstag, Valentin<\/a> findet Ihr unter <a title=\"Liebe, verliebt, Valentinstag, Valentin\" href=\"https:\/\/www.gaidaphotos.com\/kostenlose-grusskarten-und-sprueche\/liebe-valentinstag\/\">https:\/\/www.gaidaphotos.com\/sprueche-gedichte-zur-hochzeit.html<\/a><\/div>\n<\/div>\n<\/div>\n<p><!-- Site Advert --><\/p>\n<table width=\"90%\" border=\"0\" cellspacing=\"0\" cellpadding=\"2\">\n<tr>\n<td colspan=\"2\" align=\"center\" valign=\"top\">\n<h3>Am 14. Februar ist Valentinstag! Kostenlose Liebesbriefe verschicken und Geschenk bestellen!<\/h3>\n<\/td>\n<\/tr>\n<tr>\n<td align=\"center\" valign=\"middle\">\n      <img data-recalc-dims=\"1\" loading=\"lazy\" decoding=\"async\" src=\"https:\/\/i0.wp.com\/www.gaidaphotos.com\/bilder\/liebesbrief-zum-valentinstag.jpg?resize=133%2C200&#038;ssl=1\" alt=\"Liebesbrief, Liebeserkl\u00e4rung, Liebebeweis, zum Valentinstag\" width=\"133\" height=\"200\" title=\"Weihnachtskarten\"\/><\/td>\n<td align=\"left\" valign=\"top\">\n<p>unsere <strong>Empfehlungen<\/strong> (externe Links):<\/p>\n<p><a href=\"http:\/\/grusskarten-neu.org\/zum-valentinstag-liebesbrief-liebeserklaerung-liebesbeweis\/\" title=\"Zum Valentinstag: Liebesbrief, Liebeserkl\u00e4rung, Liebesbeweis\" target=\"_blank\" rel=\"nofollow\" style=\"color:#0000FF\">Zum Valentinstag: Liebesbrief, Liebeserkl\u00e4rung, Liebesbeweis<\/a> kostenlose Ecards, Motive, Bilder und Gru\u00dfkarten<br \/>\n        <a href=\"https:\/\/www.gaidaphotos.com\/kostenlose-grusskarten-und-sprueche\/liebe-valentinstag\/\" title=\"zur Hochzeit Liebesgedichte goldene Gl\u00fcckw\u00fcnsche Gedichte Gl\u00fcckwunsch Karte Karten silberne\" target=\"_blank\" rel=\"nofollow\" alt=\"W\u00fcnsche zur Hochzewit, Sprueche zur Verlobung, Gedichte zum jahrestag, grtatis Gl\u00fcckwunschkarten, Liebesgedichte\" style=\"color:#0000FF\">Zum Valentinstag: W\u00fcnsche zur Hochzeit, Spr\u00fcche        zur Verlobung,        Gedichte zum Jahrestag, gratis Gl\u00fcckwunschkarten, Liebesgedichte<\/a><br \/>\n        <a href=\"http:\/\/sprueche-neu.org\/category\/liebe\/\" target=\"_blank\" title=\"Zum Valentinstag: Spr\u00fcche, Zitate, Weisheiten, Sprichw\u00f6rter \u00fcber Liebe, Beziehung und Sex\" rel=\"nofollow\" style=\"color:#0000FF\">Zum Valentinstag: Spr\u00fcche, Zitate, Weisheiten, Sprichw\u00f6rter \u00fcber Liebe, Beziehung und Sex<\/a><\/p>\n<\/td>\n<\/tr>\n<tr>\n<td  align=\"left\" valign=\"top\">\n<?php include(\"wp-content\/include\/valentinstag-ads-1.php\"); ?>\n <\/td>\n<td><\/td>\n<\/tr>\n<\/table>\n<p><!-- Site Advert end --><\/p>\n","protected":false},"excerpt":{"rendered":"<p>Wer m\u00f6chte nicht mit diesem Blick aufwachen? Nicht vergessen, bald ist VALENTINSTAG! Coole Spr\u00fcche, besinnliche Gedanken, Weisheiten, kluge Zitate zum<\/p>\n","protected":false},"author":6,"featured_media":0,"comment_status":"closed","ping_status":"open","sticky":false,"template":"","format":"standard","meta":{"_crdt_document":"","ngg_post_thumbnail":0,"jetpack_post_was_ever_published":false,"_jetpack_newsletter_access":"","_jetpack_dont_email_post_to_subs":false,"_jetpack_newsletter_tier_id":0,"_jetpack_memberships_contains_paywalled_content":false,"_jetpack_memberships_contains_paid_content":false,"footnotes":"","jetpack_publicize_message":"","jetpack_publicize_feature_enabled":true,"jetpack_social_post_already_shared":false,"jetpack_social_options":{"image_generator_settings":{"template":"highway","default_image_id":0,"font":"","enabled":false},"version":2}},"categories":[20,74,6],"tags":[531],"class_list":["post-64","post","type-post","status-publish","format-standard","hentry","category-mobile_news_von_unterwegs-n95","category-foto","category-liebe","tag-liebe","comments-off"],"yoast_head":"<!-- This site is optimized with the Yoast SEO plugin v27.5 - https:\/\/yoast.com\/product\/yoast-seo-wordpress\/ -->\n<title>Mit Liebe aufwachen? - K\u00f6ln Rodenkirchen und die Welt<\/title>\n<meta name=\"robots\" content=\"index, follow, max-snippet:-1, max-image-preview:large, max-video-preview:-1\" \/>\n<link rel=\"canonical\" href=\"https:\/\/www.gaidaphotos.com\/blog\/2009\/01\/26\/lifeblog-inhalt\/\" \/>\n<meta property=\"og:locale\" content=\"de_DE\" \/>\n<meta property=\"og:type\" content=\"article\" \/>\n<meta property=\"og:title\" content=\"Mit Liebe aufwachen? - K\u00f6ln Rodenkirchen und die Welt\" \/>\n<meta property=\"og:description\" content=\"Wer m\u00f6chte nicht mit diesem Blick aufwachen? Nicht vergessen, bald ist VALENTINSTAG! Coole Spr\u00fcche, besinnliche Gedanken, Weisheiten, kluge Zitate zum\" \/>\n<meta property=\"og:url\" content=\"https:\/\/www.gaidaphotos.com\/blog\/2009\/01\/26\/lifeblog-inhalt\/\" \/>\n<meta property=\"og:site_name\" content=\"K\u00f6ln Rodenkirchen und die Welt\" \/>\n<meta property=\"article:publisher\" content=\"https:\/\/www.facebook.com\/Koeln.Rodenkirchen\" \/>\n<meta property=\"article:author\" content=\"https:\/\/www.facebook.com\/gaidaphotos\" \/>\n<meta property=\"article:published_time\" content=\"2009-01-26T10:18:17+00:00\" \/>\n<meta property=\"article:modified_time\" content=\"2014-06-23T15:12:19+00:00\" \/>\n<meta property=\"og:image\" content=\"https:\/\/www.gaidaphotos.com\/blog\/wp-content\/uploads\/lifeblog-26012009042.jpg\" \/>\n<meta name=\"author\" content=\"Thomas\" \/>\n<meta name=\"twitter:card\" content=\"summary_large_image\" \/>\n<meta name=\"twitter:creator\" content=\"@gaidaphotos\" \/>\n<meta name=\"twitter:site\" content=\"@gaidaphotos\" \/>\n<meta name=\"twitter:label1\" content=\"Verfasst von\" \/>\n\t<meta name=\"twitter:data1\" content=\"Thomas\" \/>\n<script type=\"application\/ld+json\" class=\"yoast-schema-graph\">{\"@context\":\"https:\\\/\\\/schema.org\",\"@graph\":[{\"@type\":\"Article\",\"@id\":\"https:\\\/\\\/www.gaidaphotos.com\\\/blog\\\/2009\\\/01\\\/26\\\/lifeblog-inhalt\\\/#article\",\"isPartOf\":{\"@id\":\"https:\\\/\\\/www.gaidaphotos.com\\\/blog\\\/2009\\\/01\\\/26\\\/lifeblog-inhalt\\\/\"},\"author\":{\"name\":\"Thomas\",\"@id\":\"https:\\\/\\\/www.gaidaphotos.com\\\/blog\\\/#\\\/schema\\\/person\\\/6c444a5b13ffc503c5c32f5a9ec68b21\"},\"headline\":\"Mit Liebe aufwachen?\",\"datePublished\":\"2009-01-26T10:18:17+00:00\",\"dateModified\":\"2014-06-23T15:12:19+00:00\",\"mainEntityOfPage\":{\"@id\":\"https:\\\/\\\/www.gaidaphotos.com\\\/blog\\\/2009\\\/01\\\/26\\\/lifeblog-inhalt\\\/\"},\"wordCount\":96,\"publisher\":{\"@id\":\"https:\\\/\\\/www.gaidaphotos.com\\\/blog\\\/#organization\"},\"image\":{\"@id\":\"https:\\\/\\\/www.gaidaphotos.com\\\/blog\\\/2009\\\/01\\\/26\\\/lifeblog-inhalt\\\/#primaryimage\"},\"thumbnailUrl\":\"https:\\\/\\\/www.gaidaphotos.com\\\/blog\\\/wp-content\\\/uploads\\\/lifeblog-26012009042.jpg\",\"keywords\":[\"Liebe\"],\"articleSection\":[\"17\",\"Foto\",\"Liebe\"],\"inLanguage\":\"de\"},{\"@type\":\"WebPage\",\"@id\":\"https:\\\/\\\/www.gaidaphotos.com\\\/blog\\\/2009\\\/01\\\/26\\\/lifeblog-inhalt\\\/\",\"url\":\"https:\\\/\\\/www.gaidaphotos.com\\\/blog\\\/2009\\\/01\\\/26\\\/lifeblog-inhalt\\\/\",\"name\":\"Mit Liebe aufwachen? - K\u00f6ln Rodenkirchen und die Welt\",\"isPartOf\":{\"@id\":\"https:\\\/\\\/www.gaidaphotos.com\\\/blog\\\/#website\"},\"primaryImageOfPage\":{\"@id\":\"https:\\\/\\\/www.gaidaphotos.com\\\/blog\\\/2009\\\/01\\\/26\\\/lifeblog-inhalt\\\/#primaryimage\"},\"image\":{\"@id\":\"https:\\\/\\\/www.gaidaphotos.com\\\/blog\\\/2009\\\/01\\\/26\\\/lifeblog-inhalt\\\/#primaryimage\"},\"thumbnailUrl\":\"https:\\\/\\\/www.gaidaphotos.com\\\/blog\\\/wp-content\\\/uploads\\\/lifeblog-26012009042.jpg\",\"datePublished\":\"2009-01-26T10:18:17+00:00\",\"dateModified\":\"2014-06-23T15:12:19+00:00\",\"breadcrumb\":{\"@id\":\"https:\\\/\\\/www.gaidaphotos.com\\\/blog\\\/2009\\\/01\\\/26\\\/lifeblog-inhalt\\\/#breadcrumb\"},\"inLanguage\":\"de\",\"potentialAction\":[{\"@type\":\"ReadAction\",\"target\":[\"https:\\\/\\\/www.gaidaphotos.com\\\/blog\\\/2009\\\/01\\\/26\\\/lifeblog-inhalt\\\/\"]}]},{\"@type\":\"ImageObject\",\"inLanguage\":\"de\",\"@id\":\"https:\\\/\\\/www.gaidaphotos.com\\\/blog\\\/2009\\\/01\\\/26\\\/lifeblog-inhalt\\\/#primaryimage\",\"url\":\"https:\\\/\\\/www.gaidaphotos.com\\\/blog\\\/wp-content\\\/uploads\\\/lifeblog-26012009042.jpg\",\"contentUrl\":\"https:\\\/\\\/www.gaidaphotos.com\\\/blog\\\/wp-content\\\/uploads\\\/lifeblog-26012009042.jpg\"},{\"@type\":\"BreadcrumbList\",\"@id\":\"https:\\\/\\\/www.gaidaphotos.com\\\/blog\\\/2009\\\/01\\\/26\\\/lifeblog-inhalt\\\/#breadcrumb\",\"itemListElement\":[{\"@type\":\"ListItem\",\"position\":1,\"name\":\"Startseite\",\"item\":\"https:\\\/\\\/www.gaidaphotos.com\\\/blog\\\/\"},{\"@type\":\"ListItem\",\"position\":2,\"name\":\"Mit Liebe aufwachen?\"}]},{\"@type\":\"WebSite\",\"@id\":\"https:\\\/\\\/www.gaidaphotos.com\\\/blog\\\/#website\",\"url\":\"https:\\\/\\\/www.gaidaphotos.com\\\/blog\\\/\",\"name\":\"K\u00f6ln Rodenkirchen und die Welt\",\"description\":\"Einkaufen, Restaurants, Freizeit, Nachrichten und was uns sonst bewegt und begegnet\",\"publisher\":{\"@id\":\"https:\\\/\\\/www.gaidaphotos.com\\\/blog\\\/#organization\"},\"potentialAction\":[{\"@type\":\"SearchAction\",\"target\":{\"@type\":\"EntryPoint\",\"urlTemplate\":\"https:\\\/\\\/www.gaidaphotos.com\\\/blog\\\/?s={search_term_string}\"},\"query-input\":{\"@type\":\"PropertyValueSpecification\",\"valueRequired\":true,\"valueName\":\"search_term_string\"}}],\"inLanguage\":\"de\"},{\"@type\":\"Organization\",\"@id\":\"https:\\\/\\\/www.gaidaphotos.com\\\/blog\\\/#organization\",\"name\":\"gaidaphotos\",\"url\":\"https:\\\/\\\/www.gaidaphotos.com\\\/blog\\\/\",\"logo\":{\"@type\":\"ImageObject\",\"inLanguage\":\"de\",\"@id\":\"https:\\\/\\\/www.gaidaphotos.com\\\/blog\\\/#\\\/schema\\\/logo\\\/image\\\/\",\"url\":\"https:\\\/\\\/i0.wp.com\\\/www.gaidaphotos.com\\\/blog\\\/wp-content\\\/uploads\\\/2020\\\/07\\\/GAIDAPHOTOS-COM.jpg?fit=160%2C96&ssl=1\",\"contentUrl\":\"https:\\\/\\\/i0.wp.com\\\/www.gaidaphotos.com\\\/blog\\\/wp-content\\\/uploads\\\/2020\\\/07\\\/GAIDAPHOTOS-COM.jpg?fit=160%2C96&ssl=1\",\"width\":160,\"height\":96,\"caption\":\"gaidaphotos\"},\"image\":{\"@id\":\"https:\\\/\\\/www.gaidaphotos.com\\\/blog\\\/#\\\/schema\\\/logo\\\/image\\\/\"},\"sameAs\":[\"https:\\\/\\\/www.facebook.com\\\/Koeln.Rodenkirchen\",\"https:\\\/\\\/x.com\\\/gaidaphotos\",\"https:\\\/\\\/instagram.com\\\/gaidaphotos\\\/\",\"https:\\\/\\\/de.linkedin.com\\\/in\\\/gaidaphotos\",\"https:\\\/\\\/myspace.com\\\/gaidaphotos\",\"https:\\\/\\\/www.pinterest.com\\\/gaidaphotos\\\/\",\"https:\\\/\\\/www.youtube.com\\\/user\\\/gaidaphotos\"]},{\"@type\":\"Person\",\"@id\":\"https:\\\/\\\/www.gaidaphotos.com\\\/blog\\\/#\\\/schema\\\/person\\\/6c444a5b13ffc503c5c32f5a9ec68b21\",\"name\":\"Thomas\",\"sameAs\":[\"https:\\\/\\\/www.gaidaphotos.com\",\"https:\\\/\\\/www.facebook.com\\\/gaidaphotos\",\"https:\\\/\\\/instagram.com\\\/gaidaphotos\\\/\",\"https:\\\/\\\/www.linkedin.com\\\/in\\\/gaidaphotos\",\"http:\\\/\\\/www.pinterest.com\\\/gaidaphotos\\\/\",\"https:\\\/\\\/x.com\\\/gaidaphotos\",\"https:\\\/\\\/myspace.com\\\/gaidaphotos\",\"https:\\\/\\\/www.youtube.com\\\/user\\\/gaidaphotos\",\"https:\\\/\\\/gaidaphotos.tumblr.com\\\/\"]}]}<\/script>\n<!-- \/ Yoast SEO plugin. -->","yoast_head_json":{"title":"Mit Liebe aufwachen? - K\u00f6ln Rodenkirchen und die Welt","robots":{"index":"index","follow":"follow","max-snippet":"max-snippet:-1","max-image-preview":"max-image-preview:large","max-video-preview":"max-video-preview:-1"},"canonical":"https:\/\/www.gaidaphotos.com\/blog\/2009\/01\/26\/lifeblog-inhalt\/","og_locale":"de_DE","og_type":"article","og_title":"Mit Liebe aufwachen? - K\u00f6ln Rodenkirchen und die Welt","og_description":"Wer m\u00f6chte nicht mit diesem Blick aufwachen? Nicht vergessen, bald ist VALENTINSTAG! Coole Spr\u00fcche, besinnliche Gedanken, Weisheiten, kluge Zitate zum","og_url":"https:\/\/www.gaidaphotos.com\/blog\/2009\/01\/26\/lifeblog-inhalt\/","og_site_name":"K\u00f6ln Rodenkirchen und die Welt","article_publisher":"https:\/\/www.facebook.com\/Koeln.Rodenkirchen","article_author":"https:\/\/www.facebook.com\/gaidaphotos","article_published_time":"2009-01-26T10:18:17+00:00","article_modified_time":"2014-06-23T15:12:19+00:00","og_image":[{"url":"https:\/\/www.gaidaphotos.com\/blog\/wp-content\/uploads\/lifeblog-26012009042.jpg","type":"","width":"","height":""}],"author":"Thomas","twitter_card":"summary_large_image","twitter_creator":"@gaidaphotos","twitter_site":"@gaidaphotos","twitter_misc":{"Verfasst von":"Thomas"},"schema":{"@context":"https:\/\/schema.org","@graph":[{"@type":"Article","@id":"https:\/\/www.gaidaphotos.com\/blog\/2009\/01\/26\/lifeblog-inhalt\/#article","isPartOf":{"@id":"https:\/\/www.gaidaphotos.com\/blog\/2009\/01\/26\/lifeblog-inhalt\/"},"author":{"name":"Thomas","@id":"https:\/\/www.gaidaphotos.com\/blog\/#\/schema\/person\/6c444a5b13ffc503c5c32f5a9ec68b21"},"headline":"Mit Liebe aufwachen?","datePublished":"2009-01-26T10:18:17+00:00","dateModified":"2014-06-23T15:12:19+00:00","mainEntityOfPage":{"@id":"https:\/\/www.gaidaphotos.com\/blog\/2009\/01\/26\/lifeblog-inhalt\/"},"wordCount":96,"publisher":{"@id":"https:\/\/www.gaidaphotos.com\/blog\/#organization"},"image":{"@id":"https:\/\/www.gaidaphotos.com\/blog\/2009\/01\/26\/lifeblog-inhalt\/#primaryimage"},"thumbnailUrl":"https:\/\/www.gaidaphotos.com\/blog\/wp-content\/uploads\/lifeblog-26012009042.jpg","keywords":["Liebe"],"articleSection":["17","Foto","Liebe"],"inLanguage":"de"},{"@type":"WebPage","@id":"https:\/\/www.gaidaphotos.com\/blog\/2009\/01\/26\/lifeblog-inhalt\/","url":"https:\/\/www.gaidaphotos.com\/blog\/2009\/01\/26\/lifeblog-inhalt\/","name":"Mit Liebe aufwachen? - K\u00f6ln Rodenkirchen und die Welt","isPartOf":{"@id":"https:\/\/www.gaidaphotos.com\/blog\/#website"},"primaryImageOfPage":{"@id":"https:\/\/www.gaidaphotos.com\/blog\/2009\/01\/26\/lifeblog-inhalt\/#primaryimage"},"image":{"@id":"https:\/\/www.gaidaphotos.com\/blog\/2009\/01\/26\/lifeblog-inhalt\/#primaryimage"},"thumbnailUrl":"https:\/\/www.gaidaphotos.com\/blog\/wp-content\/uploads\/lifeblog-26012009042.jpg","datePublished":"2009-01-26T10:18:17+00:00","dateModified":"2014-06-23T15:12:19+00:00","breadcrumb":{"@id":"https:\/\/www.gaidaphotos.com\/blog\/2009\/01\/26\/lifeblog-inhalt\/#breadcrumb"},"inLanguage":"de","potentialAction":[{"@type":"ReadAction","target":["https:\/\/www.gaidaphotos.com\/blog\/2009\/01\/26\/lifeblog-inhalt\/"]}]},{"@type":"ImageObject","inLanguage":"de","@id":"https:\/\/www.gaidaphotos.com\/blog\/2009\/01\/26\/lifeblog-inhalt\/#primaryimage","url":"https:\/\/www.gaidaphotos.com\/blog\/wp-content\/uploads\/lifeblog-26012009042.jpg","contentUrl":"https:\/\/www.gaidaphotos.com\/blog\/wp-content\/uploads\/lifeblog-26012009042.jpg"},{"@type":"BreadcrumbList","@id":"https:\/\/www.gaidaphotos.com\/blog\/2009\/01\/26\/lifeblog-inhalt\/#breadcrumb","itemListElement":[{"@type":"ListItem","position":1,"name":"Startseite","item":"https:\/\/www.gaidaphotos.com\/blog\/"},{"@type":"ListItem","position":2,"name":"Mit Liebe aufwachen?"}]},{"@type":"WebSite","@id":"https:\/\/www.gaidaphotos.com\/blog\/#website","url":"https:\/\/www.gaidaphotos.com\/blog\/","name":"K\u00f6ln Rodenkirchen und die Welt","description":"Einkaufen, Restaurants, Freizeit, Nachrichten und was uns sonst bewegt und begegnet","publisher":{"@id":"https:\/\/www.gaidaphotos.com\/blog\/#organization"},"potentialAction":[{"@type":"SearchAction","target":{"@type":"EntryPoint","urlTemplate":"https:\/\/www.gaidaphotos.com\/blog\/?s={search_term_string}"},"query-input":{"@type":"PropertyValueSpecification","valueRequired":true,"valueName":"search_term_string"}}],"inLanguage":"de"},{"@type":"Organization","@id":"https:\/\/www.gaidaphotos.com\/blog\/#organization","name":"gaidaphotos","url":"https:\/\/www.gaidaphotos.com\/blog\/","logo":{"@type":"ImageObject","inLanguage":"de","@id":"https:\/\/www.gaidaphotos.com\/blog\/#\/schema\/logo\/image\/","url":"https:\/\/i0.wp.com\/www.gaidaphotos.com\/blog\/wp-content\/uploads\/2020\/07\/GAIDAPHOTOS-COM.jpg?fit=160%2C96&ssl=1","contentUrl":"https:\/\/i0.wp.com\/www.gaidaphotos.com\/blog\/wp-content\/uploads\/2020\/07\/GAIDAPHOTOS-COM.jpg?fit=160%2C96&ssl=1","width":160,"height":96,"caption":"gaidaphotos"},"image":{"@id":"https:\/\/www.gaidaphotos.com\/blog\/#\/schema\/logo\/image\/"},"sameAs":["https:\/\/www.facebook.com\/Koeln.Rodenkirchen","https:\/\/x.com\/gaidaphotos","https:\/\/instagram.com\/gaidaphotos\/","https:\/\/de.linkedin.com\/in\/gaidaphotos","https:\/\/myspace.com\/gaidaphotos","https:\/\/www.pinterest.com\/gaidaphotos\/","https:\/\/www.youtube.com\/user\/gaidaphotos"]},{"@type":"Person","@id":"https:\/\/www.gaidaphotos.com\/blog\/#\/schema\/person\/6c444a5b13ffc503c5c32f5a9ec68b21","name":"Thomas","sameAs":["https:\/\/www.gaidaphotos.com","https:\/\/www.facebook.com\/gaidaphotos","https:\/\/instagram.com\/gaidaphotos\/","https:\/\/www.linkedin.com\/in\/gaidaphotos","http:\/\/www.pinterest.com\/gaidaphotos\/","https:\/\/x.com\/gaidaphotos","https:\/\/myspace.com\/gaidaphotos","https:\/\/www.youtube.com\/user\/gaidaphotos","https:\/\/gaidaphotos.tumblr.com\/"]}]}},"jetpack_publicize_connections":[],"jetpack_featured_media_url":"","jetpack_sharing_enabled":true,"jetpack_likes_enabled":true,"jetpack-related-posts":[{"id":85,"url":"https:\/\/www.gaidaphotos.com\/blog\/2009\/02\/04\/tag-der-liebe\/","url_meta":{"origin":64,"position":0},"title":"Noch 11 mal Aufwachen bis zum Tag der Liebe","author":"Thomas","date":"4. Februar 2009","format":false,"excerpt":"Jetzt wird es Zeit, ein Geschenk f\u00fcr die Liebste zum Valentinstag auszusuchen! Hier k\u00f6nnen Sie noch rechtzeitig bestellen: Geschenke zum Valentinstag von amazon: Schmuck, Handtaschen bis zu 30% reduziert, romantische Kom\u00f6dien auf DVD, liebevolle Geschenkb\u00fccher, Parf\u00fcm, Bettw\u00e4sche f\u00fcr Verliebte und vieles mehr. Und dazu ein \"Liebe ist\" Spruch und eine\u2026","rel":"","context":"In &quot;Liebe&quot;","block_context":{"text":"Liebe","link":"https:\/\/www.gaidaphotos.com\/blog\/category\/festtage-feiertage\/liebe\/"},"img":{"alt_text":"sch\u00f6nste Liebesspr\u00fcche, Liebesbeweis, Liebeserkl\u00e4rung, Liebe ist","src":"https:\/\/i0.wp.com\/www.gaidaphotos.com\/bonus\/valentine\/sms\/herz_holz_rot.jpg?resize=350%2C200&ssl=1","width":350,"height":200},"classes":[]},{"id":2397,"url":"https:\/\/www.gaidaphotos.com\/blog\/2010\/02\/02\/sprueche-karten-zum-valentinstag-liebe\/","url_meta":{"origin":64,"position":1},"title":"Spr\u00fcche und Karten zum Valentinstag und f\u00fcr die Liebe &#8211; Selber machen","author":"Thomas","date":"2. Februar 2010","format":false,"excerpt":"Jetzt aber hurtig! In weniger als 2 Wochen ist VALENTINSTAG! Das Fest der Liebe und der Liebenden. Grusskarten zum Valentinstag \u00dcberraschen Sie Ihren Liebsten zum Valentinstag doch einmal mit einer MMS Grusskarte zum Valentinstag direkt auf sein Handy. Am 14. Februar ist Valentinstag! Kostenlose Liebesbriefe verschicken und Geschenk bestellen! unsere\u2026","rel":"","context":"In &quot;Liebe&quot;","block_context":{"text":"Liebe","link":"https:\/\/www.gaidaphotos.com\/blog\/category\/festtage-feiertage\/liebe\/"},"img":{"alt_text":"Grusskarte Ich Liebe Dich zum Valentinstag","src":"https:\/\/i0.wp.com\/www.gaidaphotos.com\/blog\/wp-content\/uploads\/2010\/02\/grusskarte-ich-liebe-dich-199x300.jpg?resize=350%2C200&ssl=1","width":350,"height":200},"classes":[]},{"id":2393,"url":"https:\/\/www.gaidaphotos.com\/blog\/2010\/01\/27\/zum-valentinstag-grusskarten-liebe\/","url_meta":{"origin":64,"position":2},"title":"Zum Valentinstag: Grusskarten f\u00fcr die Liebe","author":"Thomas","date":"27. Januar 2010","format":false,"excerpt":"In 18 Tagen ist Valentinstag! Denken Sie schon jetzt an Ihre\/Ihren Liebste\/Liebsten und verschicken Sie Grusskarten f\u00fcr die Liebe: Hier finden Sie: Sch\u00f6ne und lustige Spr\u00fcche f\u00fcr die Liebe, Hochzeit, Ehe Grusskarten f\u00fcr die Liebe Am 14. Februar ist Valentinstag! Kostenlose Liebesbriefe verschicken und Geschenk bestellen! unsere Empfehlungen (externe Links):\u2026","rel":"","context":"In &quot;Liebe&quot;","block_context":{"text":"Liebe","link":"https:\/\/www.gaidaphotos.com\/blog\/category\/festtage-feiertage\/liebe\/"},"img":{"alt_text":"Valentinstag Grusskarten Liebe","src":"https:\/\/i0.wp.com\/www.gaidaphotos.com\/blog\/wp-content\/uploads\/2010\/01\/grusskarten-liebe-200x300.jpg?resize=350%2C200&ssl=1","width":350,"height":200},"classes":[]},{"id":3496,"url":"https:\/\/www.gaidaphotos.com\/blog\/2011\/01\/26\/zum-valentinstag-liebesbriefe-liebeserklaerung-liebesbeweis-kostenlos\/","url_meta":{"origin":64,"position":3},"title":"Zum Valentinstag: Liebesbriefe, Liebeserkl\u00e4rung, Liebesbeweis kostenlos","author":"Thomas","date":"26. Januar 2011","format":false,"excerpt":"Am 14. Februar ist Valentinstag! Kostenlose Liebesbriefe verschicken und Geschenk bestellen! unsere Empfehlungen (externe Links): Zum Valentinstag: Liebesbrief, Liebeserkl\u00e4rung, Liebesbeweis kostenlose Ecards, Motive, Bilder und Gru\u00dfkarten Zum Valentinstag: W\u00fcnsche zur Hochzeit, Spr\u00fcche zur Verlobung, Gedichte zum Jahrestag, gratis Gl\u00fcckwunschkarten, Liebesgedichte Zum Valentinstag: Spr\u00fcche, Zitate, Weisheiten, Sprichw\u00f6rter \u00fcber Liebe, Beziehung und\u2026","rel":"","context":"In &quot;Neuigkeiten&quot;","block_context":{"text":"Neuigkeiten","link":"https:\/\/www.gaidaphotos.com\/blog\/category\/neuigkeiten\/"},"img":{"alt_text":"kostenlos Weihnachtskarten","src":"https:\/\/i0.wp.com\/www.gaidaphotos.com\/blog\/wp-content\/uploads\/fotos\/liebesbrief-zum-valentinstag.jpg?resize=350%2C200&ssl=1","width":350,"height":200},"classes":[]},{"id":78,"url":"https:\/\/www.gaidaphotos.com\/blog\/2009\/02\/02\/noch-13-tage-bis-valentinstag\/","url_meta":{"origin":64,"position":4},"title":"Noch 13 Tage bis Valentinstag","author":"Thomas","date":"2. Februar 2009","format":false,"excerpt":"Nicht vergessen! Samstag in ZWEI Wochen ist Valentinstag! Wer schlau ist bucht jetzt schon ein Restaurant. Und wer clever ist, holt sich jeden Tag automatisch den besten Spruch f\u00fcr die Liebe und die passende Liebes- SMS -MMS gleich dazu. Die gro\u00dfe Spr\u00fcchesammlung f\u00fcr die \"Ich Liebe Dich\" \u00dcbersetzungen \u00dcbersetzungen und\u2026","rel":"","context":"In &quot;Liebe&quot;","block_context":{"text":"Liebe","link":"https:\/\/www.gaidaphotos.com\/blog\/category\/festtage-feiertage\/liebe\/"},"img":{"alt_text":"","src":"https:\/\/i0.wp.com\/www.gaidaphotos.com\/bonus\/valentine\/Herz_gebrochen.jpg?resize=350%2C200&ssl=1","width":350,"height":200},"classes":[]},{"id":82,"url":"https:\/\/www.gaidaphotos.com\/blog\/2009\/02\/03\/nur-noch-12-tage-bis-valentinstag\/","url_meta":{"origin":64,"position":5},"title":"Nur noch 12 Tage bis Valentinstag!","author":"Thomas","date":"3. Februar 2009","format":false,"excerpt":"Nicht vergessen! In 13 (!) Tagen ist Valentinstag! Haben Sie schon ein Geschenk gekauft?.\u00a0 Hier finden Sie Zitate \u00fcber Liebe Und wer clever ist, holt sich jeden Tag automatisch den besten Spruch f\u00fcr die Liebe und die passende Liebes- SMS -MMS gleich dazu. Die gro\u00dfe Spr\u00fcchesammlung f\u00fcr die \"Ich Liebe\u2026","rel":"","context":"In &quot;Liebe&quot;","block_context":{"text":"Liebe","link":"https:\/\/www.gaidaphotos.com\/blog\/category\/festtage-feiertage\/liebe\/"},"img":{"alt_text":"","src":"https:\/\/i0.wp.com\/www.gaidaphotos.com\/bonus\/valentine\/sms\/gaidaphotos_ti_%20amo_01.jpg?resize=350%2C200&ssl=1","width":350,"height":200},"classes":[]}],"_links":{"self":[{"href":"https:\/\/www.gaidaphotos.com\/blog\/wp-json\/wp\/v2\/posts\/64","targetHints":{"allow":["GET"]}}],"collection":[{"href":"https:\/\/www.gaidaphotos.com\/blog\/wp-json\/wp\/v2\/posts"}],"about":[{"href":"https:\/\/www.gaidaphotos.com\/blog\/wp-json\/wp\/v2\/types\/post"}],"author":[{"embeddable":true,"href":"https:\/\/www.gaidaphotos.com\/blog\/wp-json\/wp\/v2\/users\/6"}],"replies":[{"embeddable":true,"href":"https:\/\/www.gaidaphotos.com\/blog\/wp-json\/wp\/v2\/comments?post=64"}],"version-history":[{"count":0,"href":"https:\/\/www.gaidaphotos.com\/blog\/wp-json\/wp\/v2\/posts\/64\/revisions"}],"wp:attachment":[{"href":"https:\/\/www.gaidaphotos.com\/blog\/wp-json\/wp\/v2\/media?parent=64"}],"wp:term":[{"taxonomy":"category","embeddable":true,"href":"https:\/\/www.gaidaphotos.com\/blog\/wp-json\/wp\/v2\/categories?post=64"},{"taxonomy":"post_tag","embeddable":true,"href":"https:\/\/www.gaidaphotos.com\/blog\/wp-json\/wp\/v2\/tags?post=64"}],"curies":[{"name":"wp","href":"https:\/\/api.w.org\/{rel}","templated":true}]}}