{"id":6417,"date":"2014-05-21T15:57:31","date_gmt":"2014-05-21T13:57:31","guid":{"rendered":"http:\/\/www.gaidaphotos.com\/blog\/?p=6417"},"modified":"2014-05-21T15:57:31","modified_gmt":"2014-05-21T13:57:31","slug":"einkaufen-am-vatertaghimmelfahrt","status":"publish","type":"post","link":"https:\/\/www.gaidaphotos.com\/blog\/2014\/05\/21\/einkaufen-am-vatertaghimmelfahrt\/","title":{"rendered":"Einkaufen am Vatertag\/Himmelfahrt"},"content":{"rendered":"<h2>Einkaufen am Vatertag \/ Christi Himmelfahrt in Holland<\/h2>\n<p><figure style=\"width: 190px\" class=\"wp-caption alignleft\"><a href=\"https:\/\/i0.wp.com\/www.gaidaphotos.com\/blog\/wp-content\/gallery\/roermond-holland\/roermond-munsterkerk.jpg?ssl=1\" title='Munsterkerk und Munsterplein in Roermond Holland'><img data-recalc-dims=\"1\" src=\"https:\/\/i0.wp.com\/www.gaidaphotos.com\/blog\/wp-content\/gallery\/roermond-holland\/thumbs\/thumbs_roermond-munsterkerk.jpg?w=910&#038;ssl=1\" alt='Roermond Munsterkerk' align='center' \/><\/a><figcaption class=\"wp-caption-text\">Roermond, Munsterkerk<\/figcaption><\/figure><br \/>\nDer n\u00e4chste arbeitsfreie Feiertag \/ Br\u00fcckentag steht kurz bevor. N\u00e4chste Woche feiern wir <strong>Christi Himmelfahrt<\/strong>. Und in Deutschland wird an Himmelfahrt der <strong>Vatertag <\/strong>gefeiert.<\/p>\n<p>Historisch ist wird der &#8222;<strong>Vatertag<\/strong>&#8220; in Deutschland nicht wie der Muttertag begangen. Statt Fr\u00fchst\u00fcck am Bett und ein Essen mit der Familie zieht es die V\u00e4ter hinaus in die freie Natur. Bei den Ausfl\u00fcgen am Vatertag, auch &#8222;<strong>Herrenpartie<\/strong>&#8220; genannt, steht allerdings nicht die Natur in all&#8216; ihrer Sch\u00f6nheit im Vordergrund sondern die fl\u00fcssige Natur, der Alkohol. Und so zieht man mit F\u00e4sschen beladene Bollerwagen durch die Landschaft oder schiebt ausrangierte Kinderwagen mit Hochprozentigem vor sich her. Gerne werden auch Kutschen, Traktor mit Anh\u00e4nger, Boote oder Bierbikes gemietet.<\/p>\n<p>Diese als &#8222;<strong>Aufnahmeritual<\/strong>&#8220; titulierten M\u00e4nnlichkeitsbeweisveranstaltungen entstanden im ausgehenden 19. Jahrhundert in Berlin. Dabei sollte die jungen M\u00e4nnern mit den Sitten (und Unsitten) der M\u00e4nner bekannt gemacht werden. Nachdem Rauchen fast \u00fcberall verboten ist, der Alkohol immer teurer wird und Puff-Besuche bei der Weiblichkeit nicht hoch im Kurs stehen, m\u00fcssen die V\u00e4ter am Vatertag nach anderer Freizeitgestaltung Ausschau halten.<\/p>\n<h3>Zum Feiertags-Shopping zu unseren Nachbarn nach Holland<\/h3>\n<p>Politisch und moralisch korrekt verh\u00e4lt sich der Vater, wenn er am <strong>Vatertag <\/strong>einen <strong>Familienausflug <\/strong>ansetzt. Besonders beliebt macht er sich dabei, wenn er die ganze Familie zum <strong>Einkaufsbummel <\/strong>und anschlie\u00dfenden Restaurantbesuch einl\u00e4dt. Doch leider schieben die deutschen Politiker dem einen Riegel vor und lassen die Gesch\u00e4fte an diesem Feiertag geschlossen.<\/p>\n<p>Der bitter entt\u00e4uschte deutsche Familienvater, der tief betr\u00fcbt seiner Familie nicht mit gebrochenem Versprechen in die Augen sehen kann weicht daher in&#8217;s benachbarte Holland aus. In <strong>Maastricht <\/strong>und <strong>Roermond <\/strong>erwarten die deutsche Familie und ihre Euros ebenso gl\u00e4ubige aber weitaus gesch\u00e4ftst\u00fcchtigere Holl\u00e4nder.<br \/>\nDie eine Familie schlendert gerne durch die Altstadt von Maastricht am <strong>verkaufsoffenen Vatertag\/Feiertag<\/strong>, die andere sucht den Trubel im Einkaufszentrum in Roermond. In beiden St\u00e4dten sind die Parkpl\u00e4tze hei\u00df begehrt und der weise Familienvater hat sich mit Getr\u00e4nken und S\u00fc\u00dfigkeiten auf die Wartezeit vorbereitet.<br \/>\n\u00d6ffnungszeiten, Parkpl\u00e4tze und mehr Information finden Sie auf unseren \u00dcbersichtsseiten zu verkaufsoffenen Sonntagen und Feiertagen in K\u00f6ln, Maastricht, Roermond und Maas-Mechelen (BE).<br \/>\n<?php include(\"wp-content\/include\/verkaufsoffener-sonntag.php\"); ?><br \/>\nDa bleibt dann nur noch die Frage warum am Muttertag die Mutter gefeiert wird und am Vatertag der Vater die Feier organisieren muss?<\/p>\n<p>Sch\u00f6nen Vatertag!<br \/>\n<?php include(\"wp-content\/include\/mtag-vtag.php\"); ?><\/p>\n","protected":false},"excerpt":{"rendered":"<p>Einkaufen am Vatertag \/ Christi Himmelfahrt in Holland Der n\u00e4chste arbeitsfreie Feiertag \/ Br\u00fcckentag steht kurz bevor. N\u00e4chste Woche feiern<\/p>\n","protected":false},"author":6,"featured_media":6423,"comment_status":"open","ping_status":"open","sticky":false,"template":"","format":"standard","meta":{"_crdt_document":"","ngg_post_thumbnail":0,"jetpack_post_was_ever_published":false,"_jetpack_newsletter_access":"","_jetpack_dont_email_post_to_subs":false,"_jetpack_newsletter_tier_id":0,"_jetpack_memberships_contains_paywalled_content":false,"_jetpack_memberships_contains_paid_content":false,"footnotes":"","jetpack_publicize_message":"","jetpack_publicize_feature_enabled":true,"jetpack_social_post_already_shared":true,"jetpack_social_options":{"image_generator_settings":{"template":"highway","default_image_id":0,"font":"","enabled":false},"version":2}},"categories":[76,109,146,178],"tags":[108,102,550,558,147],"class_list":["post-6417","post","type-post","status-publish","format-standard","has-post-thumbnail","hentry","category-holland","category-maastricht-einkaufen-restaurants","category-vatertag","category-verkaufsoffener-sonntag-koln-nrw","tag-einkaufen","tag-freizeit","tag-maastricht","tag-roermond","tag-verkaufsoffener-sonntag"],"yoast_head":"<!-- This site is optimized with the Yoast SEO plugin v27.5 - https:\/\/yoast.com\/product\/yoast-seo-wordpress\/ -->\n<title>Einkaufen am Vatertag\/Himmelfahrt - koeln-rodenkirchen.eu<\/title>\n<meta name=\"description\" content=\"Vatertag \/ Himmelfahrt zum Einkaufen nach Maastricht oder Roermond, \u00d6ffnungszeiten, Parken, Hinweise,\" \/>\n<meta name=\"robots\" content=\"index, follow, max-snippet:-1, max-image-preview:large, max-video-preview:-1\" \/>\n<link rel=\"canonical\" href=\"https:\/\/www.gaidaphotos.com\/blog\/2014\/05\/21\/einkaufen-am-vatertaghimmelfahrt\/\" \/>\n<meta property=\"og:locale\" content=\"de_DE\" \/>\n<meta property=\"og:type\" content=\"article\" \/>\n<meta property=\"og:title\" content=\"Einkaufen am Vatertag\/Himmelfahrt - koeln-rodenkirchen.eu\" \/>\n<meta property=\"og:description\" content=\"Vatertag \/ Himmelfahrt zum Einkaufen nach Maastricht oder Roermond, \u00d6ffnungszeiten, Parken, Hinweise,\" \/>\n<meta property=\"og:url\" content=\"https:\/\/www.gaidaphotos.com\/blog\/2014\/05\/21\/einkaufen-am-vatertaghimmelfahrt\/\" \/>\n<meta property=\"og:site_name\" content=\"K\u00f6ln Rodenkirchen und die Welt\" \/>\n<meta property=\"article:publisher\" content=\"https:\/\/www.facebook.com\/Koeln.Rodenkirchen\" \/>\n<meta property=\"article:author\" content=\"https:\/\/www.facebook.com\/gaidaphotos\" \/>\n<meta property=\"article:published_time\" content=\"2014-05-21T13:57:31+00:00\" \/>\n<meta property=\"og:image\" content=\"https:\/\/i1.wp.com\/www.gaidaphotos.com\/blog\/wp-content\/uploads\/ngg_featured\/roermond-munsterkerk.jpg?fit=750%2C1000&ssl=1\" \/>\n\t<meta property=\"og:image:width\" content=\"750\" \/>\n\t<meta property=\"og:image:height\" content=\"1000\" \/>\n\t<meta property=\"og:image:type\" content=\"image\/jpeg\" \/>\n<meta name=\"author\" content=\"Thomas\" \/>\n<meta name=\"twitter:card\" content=\"summary_large_image\" \/>\n<meta name=\"twitter:creator\" content=\"@gaidaphotos\" \/>\n<meta name=\"twitter:site\" content=\"@gaidaphotos\" \/>\n<meta name=\"twitter:label1\" content=\"Verfasst von\" \/>\n\t<meta name=\"twitter:data1\" content=\"Thomas\" \/>\n\t<meta name=\"twitter:label2\" content=\"Gesch\u00e4tzte Lesezeit\" \/>\n\t<meta name=\"twitter:data2\" content=\"2\u00a0Minuten\" \/>\n<script type=\"application\/ld+json\" class=\"yoast-schema-graph\">{\"@context\":\"https:\\\/\\\/schema.org\",\"@graph\":[{\"@type\":\"Article\",\"@id\":\"https:\\\/\\\/www.gaidaphotos.com\\\/blog\\\/2014\\\/05\\\/21\\\/einkaufen-am-vatertaghimmelfahrt\\\/#article\",\"isPartOf\":{\"@id\":\"https:\\\/\\\/www.gaidaphotos.com\\\/blog\\\/2014\\\/05\\\/21\\\/einkaufen-am-vatertaghimmelfahrt\\\/\"},\"author\":{\"name\":\"Thomas\",\"@id\":\"https:\\\/\\\/www.gaidaphotos.com\\\/blog\\\/#\\\/schema\\\/person\\\/6c444a5b13ffc503c5c32f5a9ec68b21\"},\"headline\":\"Einkaufen am Vatertag\\\/Himmelfahrt\",\"datePublished\":\"2014-05-21T13:57:31+00:00\",\"mainEntityOfPage\":{\"@id\":\"https:\\\/\\\/www.gaidaphotos.com\\\/blog\\\/2014\\\/05\\\/21\\\/einkaufen-am-vatertaghimmelfahrt\\\/\"},\"wordCount\":412,\"commentCount\":1,\"publisher\":{\"@id\":\"https:\\\/\\\/www.gaidaphotos.com\\\/blog\\\/#organization\"},\"image\":{\"@id\":\"https:\\\/\\\/www.gaidaphotos.com\\\/blog\\\/2014\\\/05\\\/21\\\/einkaufen-am-vatertaghimmelfahrt\\\/#primaryimage\"},\"thumbnailUrl\":\"https:\\\/\\\/i0.wp.com\\\/www.gaidaphotos.com\\\/blog\\\/wp-content\\\/uploads\\\/ngg_featured\\\/roermond-munsterkerk.jpg?fit=750%2C1000&ssl=1\",\"keywords\":[\"Einkaufen\\\/ Shopping\",\"Freizeit-Ideen\",\"Maastricht\",\"Roermond\",\"verkaufsoffener Sonntag\"],\"articleSection\":[\"Holland\",\"Maastricht: Einkaufen, Restaurant &amp; Freizeit\",\"Vatertag\",\"Verkaufsoffener Sonntag K\u00f6ln NRW\"],\"inLanguage\":\"de\",\"potentialAction\":[{\"@type\":\"CommentAction\",\"name\":\"Comment\",\"target\":[\"https:\\\/\\\/www.gaidaphotos.com\\\/blog\\\/2014\\\/05\\\/21\\\/einkaufen-am-vatertaghimmelfahrt\\\/#respond\"]}]},{\"@type\":\"WebPage\",\"@id\":\"https:\\\/\\\/www.gaidaphotos.com\\\/blog\\\/2014\\\/05\\\/21\\\/einkaufen-am-vatertaghimmelfahrt\\\/\",\"url\":\"https:\\\/\\\/www.gaidaphotos.com\\\/blog\\\/2014\\\/05\\\/21\\\/einkaufen-am-vatertaghimmelfahrt\\\/\",\"name\":\"Einkaufen am Vatertag\\\/Himmelfahrt - koeln-rodenkirchen.eu\",\"isPartOf\":{\"@id\":\"https:\\\/\\\/www.gaidaphotos.com\\\/blog\\\/#website\"},\"primaryImageOfPage\":{\"@id\":\"https:\\\/\\\/www.gaidaphotos.com\\\/blog\\\/2014\\\/05\\\/21\\\/einkaufen-am-vatertaghimmelfahrt\\\/#primaryimage\"},\"image\":{\"@id\":\"https:\\\/\\\/www.gaidaphotos.com\\\/blog\\\/2014\\\/05\\\/21\\\/einkaufen-am-vatertaghimmelfahrt\\\/#primaryimage\"},\"thumbnailUrl\":\"https:\\\/\\\/i0.wp.com\\\/www.gaidaphotos.com\\\/blog\\\/wp-content\\\/uploads\\\/ngg_featured\\\/roermond-munsterkerk.jpg?fit=750%2C1000&ssl=1\",\"datePublished\":\"2014-05-21T13:57:31+00:00\",\"description\":\"Vatertag \\\/ Himmelfahrt zum Einkaufen nach Maastricht oder Roermond, \u00d6ffnungszeiten, Parken, Hinweise,\",\"breadcrumb\":{\"@id\":\"https:\\\/\\\/www.gaidaphotos.com\\\/blog\\\/2014\\\/05\\\/21\\\/einkaufen-am-vatertaghimmelfahrt\\\/#breadcrumb\"},\"inLanguage\":\"de\",\"potentialAction\":[{\"@type\":\"ReadAction\",\"target\":[\"https:\\\/\\\/www.gaidaphotos.com\\\/blog\\\/2014\\\/05\\\/21\\\/einkaufen-am-vatertaghimmelfahrt\\\/\"]}]},{\"@type\":\"ImageObject\",\"inLanguage\":\"de\",\"@id\":\"https:\\\/\\\/www.gaidaphotos.com\\\/blog\\\/2014\\\/05\\\/21\\\/einkaufen-am-vatertaghimmelfahrt\\\/#primaryimage\",\"url\":\"https:\\\/\\\/i0.wp.com\\\/www.gaidaphotos.com\\\/blog\\\/wp-content\\\/uploads\\\/ngg_featured\\\/roermond-munsterkerk.jpg?fit=750%2C1000&ssl=1\",\"contentUrl\":\"https:\\\/\\\/i0.wp.com\\\/www.gaidaphotos.com\\\/blog\\\/wp-content\\\/uploads\\\/ngg_featured\\\/roermond-munsterkerk.jpg?fit=750%2C1000&ssl=1\",\"width\":750,\"height\":1000},{\"@type\":\"BreadcrumbList\",\"@id\":\"https:\\\/\\\/www.gaidaphotos.com\\\/blog\\\/2014\\\/05\\\/21\\\/einkaufen-am-vatertaghimmelfahrt\\\/#breadcrumb\",\"itemListElement\":[{\"@type\":\"ListItem\",\"position\":1,\"name\":\"Startseite\",\"item\":\"https:\\\/\\\/www.gaidaphotos.com\\\/blog\\\/\"},{\"@type\":\"ListItem\",\"position\":2,\"name\":\"Einkaufen am Vatertag\\\/Himmelfahrt\"}]},{\"@type\":\"WebSite\",\"@id\":\"https:\\\/\\\/www.gaidaphotos.com\\\/blog\\\/#website\",\"url\":\"https:\\\/\\\/www.gaidaphotos.com\\\/blog\\\/\",\"name\":\"K\u00f6ln Rodenkirchen und die Welt\",\"description\":\"Einkaufen, Restaurants, Freizeit, Nachrichten und was uns sonst bewegt und begegnet\",\"publisher\":{\"@id\":\"https:\\\/\\\/www.gaidaphotos.com\\\/blog\\\/#organization\"},\"potentialAction\":[{\"@type\":\"SearchAction\",\"target\":{\"@type\":\"EntryPoint\",\"urlTemplate\":\"https:\\\/\\\/www.gaidaphotos.com\\\/blog\\\/?s={search_term_string}\"},\"query-input\":{\"@type\":\"PropertyValueSpecification\",\"valueRequired\":true,\"valueName\":\"search_term_string\"}}],\"inLanguage\":\"de\"},{\"@type\":\"Organization\",\"@id\":\"https:\\\/\\\/www.gaidaphotos.com\\\/blog\\\/#organization\",\"name\":\"gaidaphotos\",\"url\":\"https:\\\/\\\/www.gaidaphotos.com\\\/blog\\\/\",\"logo\":{\"@type\":\"ImageObject\",\"inLanguage\":\"de\",\"@id\":\"https:\\\/\\\/www.gaidaphotos.com\\\/blog\\\/#\\\/schema\\\/logo\\\/image\\\/\",\"url\":\"https:\\\/\\\/i0.wp.com\\\/www.gaidaphotos.com\\\/blog\\\/wp-content\\\/uploads\\\/2020\\\/07\\\/GAIDAPHOTOS-COM.jpg?fit=160%2C96&ssl=1\",\"contentUrl\":\"https:\\\/\\\/i0.wp.com\\\/www.gaidaphotos.com\\\/blog\\\/wp-content\\\/uploads\\\/2020\\\/07\\\/GAIDAPHOTOS-COM.jpg?fit=160%2C96&ssl=1\",\"width\":160,\"height\":96,\"caption\":\"gaidaphotos\"},\"image\":{\"@id\":\"https:\\\/\\\/www.gaidaphotos.com\\\/blog\\\/#\\\/schema\\\/logo\\\/image\\\/\"},\"sameAs\":[\"https:\\\/\\\/www.facebook.com\\\/Koeln.Rodenkirchen\",\"https:\\\/\\\/x.com\\\/gaidaphotos\",\"https:\\\/\\\/instagram.com\\\/gaidaphotos\\\/\",\"https:\\\/\\\/de.linkedin.com\\\/in\\\/gaidaphotos\",\"https:\\\/\\\/myspace.com\\\/gaidaphotos\",\"https:\\\/\\\/www.pinterest.com\\\/gaidaphotos\\\/\",\"https:\\\/\\\/www.youtube.com\\\/user\\\/gaidaphotos\"]},{\"@type\":\"Person\",\"@id\":\"https:\\\/\\\/www.gaidaphotos.com\\\/blog\\\/#\\\/schema\\\/person\\\/6c444a5b13ffc503c5c32f5a9ec68b21\",\"name\":\"Thomas\",\"sameAs\":[\"https:\\\/\\\/www.gaidaphotos.com\",\"https:\\\/\\\/www.facebook.com\\\/gaidaphotos\",\"https:\\\/\\\/instagram.com\\\/gaidaphotos\\\/\",\"https:\\\/\\\/www.linkedin.com\\\/in\\\/gaidaphotos\",\"http:\\\/\\\/www.pinterest.com\\\/gaidaphotos\\\/\",\"https:\\\/\\\/x.com\\\/gaidaphotos\",\"https:\\\/\\\/myspace.com\\\/gaidaphotos\",\"https:\\\/\\\/www.youtube.com\\\/user\\\/gaidaphotos\",\"https:\\\/\\\/gaidaphotos.tumblr.com\\\/\"]}]}<\/script>\n<!-- \/ Yoast SEO plugin. -->","yoast_head_json":{"title":"Einkaufen am Vatertag\/Himmelfahrt - koeln-rodenkirchen.eu","description":"Vatertag \/ Himmelfahrt zum Einkaufen nach Maastricht oder Roermond, \u00d6ffnungszeiten, Parken, Hinweise,","robots":{"index":"index","follow":"follow","max-snippet":"max-snippet:-1","max-image-preview":"max-image-preview:large","max-video-preview":"max-video-preview:-1"},"canonical":"https:\/\/www.gaidaphotos.com\/blog\/2014\/05\/21\/einkaufen-am-vatertaghimmelfahrt\/","og_locale":"de_DE","og_type":"article","og_title":"Einkaufen am Vatertag\/Himmelfahrt - koeln-rodenkirchen.eu","og_description":"Vatertag \/ Himmelfahrt zum Einkaufen nach Maastricht oder Roermond, \u00d6ffnungszeiten, Parken, Hinweise,","og_url":"https:\/\/www.gaidaphotos.com\/blog\/2014\/05\/21\/einkaufen-am-vatertaghimmelfahrt\/","og_site_name":"K\u00f6ln Rodenkirchen und die Welt","article_publisher":"https:\/\/www.facebook.com\/Koeln.Rodenkirchen","article_author":"https:\/\/www.facebook.com\/gaidaphotos","article_published_time":"2014-05-21T13:57:31+00:00","og_image":[{"width":750,"height":1000,"url":"https:\/\/i1.wp.com\/www.gaidaphotos.com\/blog\/wp-content\/uploads\/ngg_featured\/roermond-munsterkerk.jpg?fit=750%2C1000&ssl=1","type":"image\/jpeg"}],"author":"Thomas","twitter_card":"summary_large_image","twitter_creator":"@gaidaphotos","twitter_site":"@gaidaphotos","twitter_misc":{"Verfasst von":"Thomas","Gesch\u00e4tzte Lesezeit":"2\u00a0Minuten"},"schema":{"@context":"https:\/\/schema.org","@graph":[{"@type":"Article","@id":"https:\/\/www.gaidaphotos.com\/blog\/2014\/05\/21\/einkaufen-am-vatertaghimmelfahrt\/#article","isPartOf":{"@id":"https:\/\/www.gaidaphotos.com\/blog\/2014\/05\/21\/einkaufen-am-vatertaghimmelfahrt\/"},"author":{"name":"Thomas","@id":"https:\/\/www.gaidaphotos.com\/blog\/#\/schema\/person\/6c444a5b13ffc503c5c32f5a9ec68b21"},"headline":"Einkaufen am Vatertag\/Himmelfahrt","datePublished":"2014-05-21T13:57:31+00:00","mainEntityOfPage":{"@id":"https:\/\/www.gaidaphotos.com\/blog\/2014\/05\/21\/einkaufen-am-vatertaghimmelfahrt\/"},"wordCount":412,"commentCount":1,"publisher":{"@id":"https:\/\/www.gaidaphotos.com\/blog\/#organization"},"image":{"@id":"https:\/\/www.gaidaphotos.com\/blog\/2014\/05\/21\/einkaufen-am-vatertaghimmelfahrt\/#primaryimage"},"thumbnailUrl":"https:\/\/i0.wp.com\/www.gaidaphotos.com\/blog\/wp-content\/uploads\/ngg_featured\/roermond-munsterkerk.jpg?fit=750%2C1000&ssl=1","keywords":["Einkaufen\/ Shopping","Freizeit-Ideen","Maastricht","Roermond","verkaufsoffener Sonntag"],"articleSection":["Holland","Maastricht: Einkaufen, Restaurant &amp; Freizeit","Vatertag","Verkaufsoffener Sonntag K\u00f6ln NRW"],"inLanguage":"de","potentialAction":[{"@type":"CommentAction","name":"Comment","target":["https:\/\/www.gaidaphotos.com\/blog\/2014\/05\/21\/einkaufen-am-vatertaghimmelfahrt\/#respond"]}]},{"@type":"WebPage","@id":"https:\/\/www.gaidaphotos.com\/blog\/2014\/05\/21\/einkaufen-am-vatertaghimmelfahrt\/","url":"https:\/\/www.gaidaphotos.com\/blog\/2014\/05\/21\/einkaufen-am-vatertaghimmelfahrt\/","name":"Einkaufen am Vatertag\/Himmelfahrt - koeln-rodenkirchen.eu","isPartOf":{"@id":"https:\/\/www.gaidaphotos.com\/blog\/#website"},"primaryImageOfPage":{"@id":"https:\/\/www.gaidaphotos.com\/blog\/2014\/05\/21\/einkaufen-am-vatertaghimmelfahrt\/#primaryimage"},"image":{"@id":"https:\/\/www.gaidaphotos.com\/blog\/2014\/05\/21\/einkaufen-am-vatertaghimmelfahrt\/#primaryimage"},"thumbnailUrl":"https:\/\/i0.wp.com\/www.gaidaphotos.com\/blog\/wp-content\/uploads\/ngg_featured\/roermond-munsterkerk.jpg?fit=750%2C1000&ssl=1","datePublished":"2014-05-21T13:57:31+00:00","description":"Vatertag \/ Himmelfahrt zum Einkaufen nach Maastricht oder Roermond, \u00d6ffnungszeiten, Parken, Hinweise,","breadcrumb":{"@id":"https:\/\/www.gaidaphotos.com\/blog\/2014\/05\/21\/einkaufen-am-vatertaghimmelfahrt\/#breadcrumb"},"inLanguage":"de","potentialAction":[{"@type":"ReadAction","target":["https:\/\/www.gaidaphotos.com\/blog\/2014\/05\/21\/einkaufen-am-vatertaghimmelfahrt\/"]}]},{"@type":"ImageObject","inLanguage":"de","@id":"https:\/\/www.gaidaphotos.com\/blog\/2014\/05\/21\/einkaufen-am-vatertaghimmelfahrt\/#primaryimage","url":"https:\/\/i0.wp.com\/www.gaidaphotos.com\/blog\/wp-content\/uploads\/ngg_featured\/roermond-munsterkerk.jpg?fit=750%2C1000&ssl=1","contentUrl":"https:\/\/i0.wp.com\/www.gaidaphotos.com\/blog\/wp-content\/uploads\/ngg_featured\/roermond-munsterkerk.jpg?fit=750%2C1000&ssl=1","width":750,"height":1000},{"@type":"BreadcrumbList","@id":"https:\/\/www.gaidaphotos.com\/blog\/2014\/05\/21\/einkaufen-am-vatertaghimmelfahrt\/#breadcrumb","itemListElement":[{"@type":"ListItem","position":1,"name":"Startseite","item":"https:\/\/www.gaidaphotos.com\/blog\/"},{"@type":"ListItem","position":2,"name":"Einkaufen am Vatertag\/Himmelfahrt"}]},{"@type":"WebSite","@id":"https:\/\/www.gaidaphotos.com\/blog\/#website","url":"https:\/\/www.gaidaphotos.com\/blog\/","name":"K\u00f6ln Rodenkirchen und die Welt","description":"Einkaufen, Restaurants, Freizeit, Nachrichten und was uns sonst bewegt und begegnet","publisher":{"@id":"https:\/\/www.gaidaphotos.com\/blog\/#organization"},"potentialAction":[{"@type":"SearchAction","target":{"@type":"EntryPoint","urlTemplate":"https:\/\/www.gaidaphotos.com\/blog\/?s={search_term_string}"},"query-input":{"@type":"PropertyValueSpecification","valueRequired":true,"valueName":"search_term_string"}}],"inLanguage":"de"},{"@type":"Organization","@id":"https:\/\/www.gaidaphotos.com\/blog\/#organization","name":"gaidaphotos","url":"https:\/\/www.gaidaphotos.com\/blog\/","logo":{"@type":"ImageObject","inLanguage":"de","@id":"https:\/\/www.gaidaphotos.com\/blog\/#\/schema\/logo\/image\/","url":"https:\/\/i0.wp.com\/www.gaidaphotos.com\/blog\/wp-content\/uploads\/2020\/07\/GAIDAPHOTOS-COM.jpg?fit=160%2C96&ssl=1","contentUrl":"https:\/\/i0.wp.com\/www.gaidaphotos.com\/blog\/wp-content\/uploads\/2020\/07\/GAIDAPHOTOS-COM.jpg?fit=160%2C96&ssl=1","width":160,"height":96,"caption":"gaidaphotos"},"image":{"@id":"https:\/\/www.gaidaphotos.com\/blog\/#\/schema\/logo\/image\/"},"sameAs":["https:\/\/www.facebook.com\/Koeln.Rodenkirchen","https:\/\/x.com\/gaidaphotos","https:\/\/instagram.com\/gaidaphotos\/","https:\/\/de.linkedin.com\/in\/gaidaphotos","https:\/\/myspace.com\/gaidaphotos","https:\/\/www.pinterest.com\/gaidaphotos\/","https:\/\/www.youtube.com\/user\/gaidaphotos"]},{"@type":"Person","@id":"https:\/\/www.gaidaphotos.com\/blog\/#\/schema\/person\/6c444a5b13ffc503c5c32f5a9ec68b21","name":"Thomas","sameAs":["https:\/\/www.gaidaphotos.com","https:\/\/www.facebook.com\/gaidaphotos","https:\/\/instagram.com\/gaidaphotos\/","https:\/\/www.linkedin.com\/in\/gaidaphotos","http:\/\/www.pinterest.com\/gaidaphotos\/","https:\/\/x.com\/gaidaphotos","https:\/\/myspace.com\/gaidaphotos","https:\/\/www.youtube.com\/user\/gaidaphotos","https:\/\/gaidaphotos.tumblr.com\/"]}]}},"jetpack_publicize_connections":[],"jetpack_featured_media_url":"https:\/\/i0.wp.com\/www.gaidaphotos.com\/blog\/wp-content\/uploads\/ngg_featured\/roermond-munsterkerk.jpg?fit=750%2C1000&ssl=1","jetpack_sharing_enabled":true,"jetpack_likes_enabled":true,"jetpack-related-posts":[{"id":4664,"url":"https:\/\/www.gaidaphotos.com\/blog\/2012\/05\/13\/vatertag-himmelfahrt-verkaufsoffen-am-17-05-2012\/","url_meta":{"origin":6417,"position":0},"title":"Vatertag &#8211; Himmelfahrt &#8211; verkaufsoffen am 17.05.2012","author":"Thomas","date":"13. Mai 2012","format":false,"excerpt":"Vatertag - Himmelfahrt - verkaufsoffen am 17.05.2012 Am 17.05.2012 ist wieder \"Christi Himmelfahrt\" und, wie immer \"Vatertag\". Wer die Gelegenheit nutzen und mit seinem Vater am Vatertag shoppen m\u00f6chte, muss f\u00fcr den verkaufsoffenen Himmerfahrtstag ins benachbarte Ausland ausweichen. In Deutschland sind an Himmelfahrt, Vatertag hin oder Vatertag her, die Gesch\u00e4ft\u2026","rel":"","context":"In &quot;Vatertag&quot;","block_context":{"text":"Vatertag","link":"https:\/\/www.gaidaphotos.com\/blog\/category\/festtage-feiertage\/vatertag\/"},"img":{"alt_text":"Vatertag - Himmelfahrt - verkaufsoffen am 17.05.2012","src":"https:\/\/i0.wp.com\/www.gaidaphotos.com\/blog\/wp-content\/uploads\/fotos\/vatertag-der-beste_tmb.jpg?resize=350%2C200&ssl=1","width":350,"height":200},"classes":[]},{"id":3564,"url":"https:\/\/www.gaidaphotos.com\/blog\/2011\/05\/30\/achtung-vatertag-02-06-2011-kostenlose-grusskarten\/","url_meta":{"origin":6417,"position":1},"title":"Achtung Vatertag am 02.06.2011: Kostenlose Grusskarten","author":"Thomas","date":"30. Mai 2011","format":false,"excerpt":"Zum Vatertag kostenlose Grusskarten verschicken Am 2. Juni 2011 (Himmelfahrt) ist wieder Vatertag. Auch wenn der Vatertag in der Bedeutung und im Bewu\u00dftsein der Bev\u00f6lkerung wesentlich geringer ist als der Muttertag, so k\u00f6nnen Sie Ihrem Vater doch wenigstens eine Karte oder E-Card zum Vatertag schicken. Warum feiern wir Vatertag? Wegen\u2026","rel":"","context":"In &quot;K\u00f6ln Rodenkirchen Freizeit&quot;","block_context":{"text":"K\u00f6ln Rodenkirchen Freizeit","link":"https:\/\/www.gaidaphotos.com\/blog\/category\/koeln-rodenkirchen\/koeln-rodenkirchen-freizeit\/"},"img":{"alt_text":"","src":"https:\/\/www.gaidaphotos.com\/blog\/wp-content\/uploads\/2020\/08\/nggallery_import\/73_","width":350,"height":200},"classes":[]},{"id":2827,"url":"https:\/\/www.gaidaphotos.com\/blog\/2010\/04\/30\/vatertag-kostenlose-karten\/","url_meta":{"origin":6417,"position":2},"title":"Vatertag: Kostenlose Karten &#038; Ecards zum Vatertag","author":"Thomas","date":"30. April 2010","format":false,"excerpt":"Kostenlose Karten & E-cards zum Vatertag Am 09. Mai 2013 ist Vatertag Im Gegensatz zum Muttertag, eine US amerikanische Erfindung zum Gedenken an unsere M\u00fctter, hat der Vatertag in Deutschland unterschiedliche Urspr\u00fcnge und Hintergr\u00fcnde. W\u00e4hrend in den USA ab Mitte der 20er Jahre in Anlehnung an den Muttertag auch ein\u2026","rel":"","context":"In &quot;Neuigkeiten&quot;","block_context":{"text":"Neuigkeiten","link":"https:\/\/www.gaidaphotos.com\/blog\/category\/neuigkeiten\/"},"img":{"alt_text":"kostenlose Karten zum Vatertag, E-cards","src":"https:\/\/i0.wp.com\/www.gaidaphotos.com\/blog\/wp-content\/uploads\/fotos\/vatertagskarten-mannsbild-gaidaphotos.jpg?resize=350%2C200&ssl=1","width":350,"height":200},"classes":[]},{"id":2714,"url":"https:\/\/www.gaidaphotos.com\/blog\/2010\/03\/23\/verkaufsoffener-sonntag-feiertag-maastricht\/","url_meta":{"origin":6417,"position":3},"title":"Verkaufsoffener Sonntag &#038; Feiertag in Maastricht (NL)","author":"Thomas","date":"23. M\u00e4rz 2010","format":false,"excerpt":"verkaufsoffener Sonntag & Feiertag in Maastricht (Holland) Hier finden Sie eine \u00dcbersicht der verkaufsoffenen Sonntage und Feiertage in Maastricht Holland f\u00fcr 2010, sowie die \u00d6ffnungszeiten: Verkaufsoffener Sonntag 2010 Jeden ersten Sonntag im Monat sind in Maastricht die Gesch\u00e4fte von 12:00h bis 17\/18:00h ge\u00f6ffnet. Lediglich am Ostersonntag (04.04.2010) bleiben die Gesch\u00e4fte\u2026","rel":"","context":"In &quot;Maastricht: Einkaufen, Restaurant &amp; Freizeit&quot;","block_context":{"text":"Maastricht: Einkaufen, Restaurant &amp; Freizeit","link":"https:\/\/www.gaidaphotos.com\/blog\/category\/reise\/holland\/maastricht-einkaufen-restaurants\/"},"img":{"alt_text":"verkaufsoffener Sonntag\/Feiertag in Maastricht","src":"https:\/\/i0.wp.com\/www.gaidaphotos.com\/blog\/wp-content\/uploads\/2010\/03\/verkaufsoffener-sonntag-maastricht-224x300.jpg?resize=350%2C200&ssl=1","width":350,"height":200},"classes":[]},{"id":3545,"url":"https:\/\/www.gaidaphotos.com\/blog\/2011\/04\/28\/verkaufsoffener-sonntag-1-05-2011-tag-der-arbeit\/","url_meta":{"origin":6417,"position":4},"title":"Verkaufsoffener Sonntag 1.05.2011 (Tag der Arbeit) in K\u00f6ln?","author":"Thomas","date":"28. April 2011","format":false,"excerpt":"Verkaufsoffener Sonntag 1.05.2011 (Tag der Arbeit) in K\u00f6ln? In welchem K\u00f6lner Veedel oder Stadteil sind am Tag der Arbeit 01.05.2011 die Gesch\u00e4fte ge\u00f6ffnet (verkaufsoffener Sonntag)? Wir sagen Ihnen nicht nur wo sondern auch was am verkaufsoffenen Sonntag in K\u00f6ln alles geboten wird. Begleitprogramm zum verkaufsoffenen Sonntag in K\u00f6ln mit K\u00fcnstlern\u2026","rel":"","context":"In &quot;Verkaufsoffener Sonntag K\u00f6ln NRW&quot;","block_context":{"text":"Verkaufsoffener Sonntag K\u00f6ln NRW","link":"https:\/\/www.gaidaphotos.com\/blog\/category\/kalender-archiv\/verkaufsoffener-sonntag-koln-nrw\/"},"img":{"alt_text":"","src":"https:\/\/www.gaidaphotos.com\/blog\/wp-content\/uploads\/2020\/08\/nggallery_import\/41_","width":350,"height":200},"classes":[]},{"id":3475,"url":"https:\/\/www.gaidaphotos.com\/blog\/2010\/12\/31\/verkaufsoffener-sonntag-feiertag-2011-maastricht-holland\/","url_meta":{"origin":6417,"position":5},"title":"Verkaufsoffener Sonntag und Feiertag 2011 in Maastricht (Holland): \u00dcbersicht","author":"Thomas","date":"31. Dezember 2010","format":false,"excerpt":"Verkaufsoffener Sonntag\/Feiertag 2011 in Maastricht (Holland): Wenn in K\u00f6ln die Gesch\u00e4fte geschlossen sind, ist Maastricht in Holland, ca. 100km von K\u00f6ln, ein beliebtes Einkaufsziel. Die historische Innenstadt ist als Fu\u00dfg\u00e4ngerzone ausgelegt und wird von vielen kleinen Einzelh\u00e4ndlern statt gro\u00dfen Pal\u00e4sten bekannter Ketten gepr\u00e4gt. So findet man eine breitere Auswahl statt\u2026","rel":"","context":"In &quot;Maastricht: Einkaufen, Restaurant &amp; Freizeit&quot;","block_context":{"text":"Maastricht: Einkaufen, Restaurant &amp; Freizeit","link":"https:\/\/www.gaidaphotos.com\/blog\/category\/reise\/holland\/maastricht-einkaufen-restaurants\/"},"img":{"alt_text":"Maastricht, Haus mit Wegkreuz","src":"https:\/\/i0.wp.com\/www.gaidaphotos.com\/blog\/wp-content\/uploads\/2010\/12\/maastricht-haus-wegkreuz.jpg?fit=675%2C1024&ssl=1&resize=350%2C200","width":350,"height":200,"srcset":"https:\/\/i0.wp.com\/www.gaidaphotos.com\/blog\/wp-content\/uploads\/2010\/12\/maastricht-haus-wegkreuz.jpg?fit=675%2C1024&ssl=1&resize=350%2C200 1x, https:\/\/i0.wp.com\/www.gaidaphotos.com\/blog\/wp-content\/uploads\/2010\/12\/maastricht-haus-wegkreuz.jpg?fit=675%2C1024&ssl=1&resize=525%2C300 1.5x"},"classes":[]}],"_links":{"self":[{"href":"https:\/\/www.gaidaphotos.com\/blog\/wp-json\/wp\/v2\/posts\/6417","targetHints":{"allow":["GET"]}}],"collection":[{"href":"https:\/\/www.gaidaphotos.com\/blog\/wp-json\/wp\/v2\/posts"}],"about":[{"href":"https:\/\/www.gaidaphotos.com\/blog\/wp-json\/wp\/v2\/types\/post"}],"author":[{"embeddable":true,"href":"https:\/\/www.gaidaphotos.com\/blog\/wp-json\/wp\/v2\/users\/6"}],"replies":[{"embeddable":true,"href":"https:\/\/www.gaidaphotos.com\/blog\/wp-json\/wp\/v2\/comments?post=6417"}],"version-history":[{"count":0,"href":"https:\/\/www.gaidaphotos.com\/blog\/wp-json\/wp\/v2\/posts\/6417\/revisions"}],"wp:featuredmedia":[{"embeddable":true,"href":"https:\/\/www.gaidaphotos.com\/blog\/wp-json\/wp\/v2\/media\/6423"}],"wp:attachment":[{"href":"https:\/\/www.gaidaphotos.com\/blog\/wp-json\/wp\/v2\/media?parent=6417"}],"wp:term":[{"taxonomy":"category","embeddable":true,"href":"https:\/\/www.gaidaphotos.com\/blog\/wp-json\/wp\/v2\/categories?post=6417"},{"taxonomy":"post_tag","embeddable":true,"href":"https:\/\/www.gaidaphotos.com\/blog\/wp-json\/wp\/v2\/tags?post=6417"}],"curies":[{"name":"wp","href":"https:\/\/api.w.org\/{rel}","templated":true}]}}