{"id":6440,"date":"2014-06-17T18:09:43","date_gmt":"2014-06-17T16:09:43","guid":{"rendered":"http:\/\/www.gaidaphotos.com\/blog\/?p=6440"},"modified":"2014-06-20T14:04:21","modified_gmt":"2014-06-20T12:04:21","slug":"rodenkirchener-sommertage-28-29-06-2014","status":"publish","type":"post","link":"https:\/\/www.gaidaphotos.com\/blog\/2014\/06\/17\/rodenkirchener-sommertage-28-29-06-2014\/","title":{"rendered":"Rodenkirchener Sommertage 28. &#038; 29.06.2014"},"content":{"rendered":"<h2>Rodenkirchener Sommertage 2014<\/h2>\n<p><figure style=\"width: 175px\" class=\"wp-caption alignleft\"><a href=\"https:\/\/i0.wp.com\/www.gaidaphotos.com\/blog\/wp-content\/gallery\/rodenkirchen-sommerfest-2013\/rodenkirchen-sommerfest-2013-09.jpg?ssl=1\" title='Rodenkirchener Sommerfest 2013'><img data-recalc-dims=\"1\" src=\"https:\/\/i0.wp.com\/www.gaidaphotos.com\/blog\/wp-content\/gallery\/rodenkirchen-sommerfest-2013\/thumbs\/thumbs_rodenkirchen-sommerfest-2013-09.jpg?w=910&#038;ssl=1\" alt='Rodenkirchener Sommerfest 2013' align='center' \/><\/a><figcaption class=\"wp-caption-text\">K\u00f6lsche Riviera - Nabel der Welt<\/figcaption><\/figure><br \/>\n  Der K\u00f6lner S\u00fcden trifft sich am <strong>28. und 29. Juni 2014<\/strong> in Rodenkirchen zum gro\u00dfen <strong>Stra\u00dfenfest<\/strong> und <strong>verkaufsoffenem Sonntag<\/strong>.<\/p>\n<p>  Das Motto in diesem jahr lautet: <strong>Copacabana &#8211; Hei\u00dfe Rhythmen auf den Stra\u00dfen Rodenkirchens<\/strong> Mit dem Motto passend zum Gastgeber der diesj\u00e4hrigen Fu\u00dfball WM \u00fcberrascht uns der Veranstalter der Sommertage, die Aktionsgemeinschaft Rodenkirchen, in diesem Jahr. Wir sind gespannt, wie das Motto umgesetzt wird. Angek\u00fcndigt sind <strong>Samba Show<\/strong> und <strong>Samba Tanzshow<\/strong> sowie zum Thema passende Dekoration der B\u00fchnen und Stra\u00dfen. Der H\u00f6hepunkt der Sommertage ist sicherlich der Auftritt von <strong>Kasalla<\/strong>.<br \/>\nSponsoren des Stra\u00dfenfest sind Reissdorf K\u00f6lsch, Schneider Automaten, T\u00f6nissteiner Mineralbrunnen &#038; Treffpunkt Rodenkirchen.<\/p>\n<p>Auf <strong>zwei B\u00fchnen<\/strong> wechseln sich Live Bands und &#8222;Showacts&#8220; ab. Und in den Bierg\u00e4rten vor den B\u00fchnen ist Platz f\u00fcr Zuschauer und Besucher. Auf der Rheingalerieb\u00fchne pr\u00e4sentiert sich der ans\u00e4ssige Fachhandel mit <strong>Modeschauen<\/strong> und anderen Attraktionen. <\/p>\n<h3>Treffpunkt Rodenkirchen B\u00fchne <\/h3>\n<p><h4>Schneider B\u00fchne<\/h4>\n<p>Haupstra\u00dfe Ecke Barbarastra\u00dfe<\/p>\n<ul><strong>Samstag, 28.06.2014<\/strong><\/p>\n<li>12:00h &#8211; Tanzschule Stallning<br \/>\nNierhaus meets Copacabana<\/li>\n<li>13:15h Stimmwerkstatt<\/li>\n<li>14:00h  Tanzschule van Hasselt<\/li>\n<li>15:00h Er\u00f6ffnung Show Samba Girls<\/li>\n<li>15:45h Trio Bonn Brasil<\/li>\n<li>17:00h Samba der Tanzschule K\u00f6ln-S\u00fcd<\/li>\n<li>18:00h La Fiesta Band<\/li>\n<li><strong>21:00h Kasalla<\/strong><\/li>\n<li>22:15h Bj\u00f6rn Heuser<\/li>\n<p>Moderation Gottfried G\u00f6rtz\n<\/ul>\n<ul>\n<strong>Verkaufsoffener Sonntag, 29.06.2014<\/strong><\/p>\n<li>12:00h Tanzschule van Hasselt<\/li>\n<li>12:45h Tanzschule Stallning Nierhaus<\/li>\n<li>13:30h Samba Show<\/li>\n<li>14:00h Josh &#038; Musical Hair<\/li>\n<li>15:00h Copacabana Dance<\/li>\n<li>16:00h Band Tales from Brasil<\/li>\n<li>17:00h Roof Groove<\/li>\n<\/ul>\n<h4>B\u00fchne Rheingalerie<\/h4>\n<p>Rheingalerie, Hauptstra\u00dfe<\/p>\n<ul><strong>Samstag, 28.06.2014<\/strong><\/p>\n<li>14:00h Stimmwerkstatt<\/li>\n<li>14:30h Tanzschule Stallning Nierhaus<\/li>\n<li>15:30h Samba Show<\/li>\n<li>16:00h Copa Deluxe Band<\/li>\n<li>17:00h Tanzschule van Hasselt<\/li>\n<li>18:00h Music Academy K\u00f6ln-S\u00fcd<\/li>\n<li>19:00h Stella &#038; Band<\/li>\n<li>22:00h DJ<\/li>\n<\/ul>\n<ul>\n<strong>Verkaufsoffener Sonntag, 29.06.2014<\/strong><\/p>\n<li>12:00h Stimmwerkstatt<\/li>\n<li>13:00h Brazil Dance van Hasselt<\/li>\n<li>14:00h Fiesta do Brazil Stallning Nierhaus<\/li>\n<li>15:00h Samba Show<\/li>\n<li><strong>15:30h JJ and the Acoustic Machine Academy<\/strong><\/li>\n<li>17:00h Cult<\/li>\n<\/ul>\n<p>Mit insgesamt 8,75  Stunden Tanzschulenauftritten, mehr als 25% des Gesamtprogramms,  ist das Angebot der beiden gro\u00dfen Tanzakademien im K\u00f6lner S\u00fcden gut aufgestellt. Hinzu kommt noch die van Hasselt eigene Showb\u00fchne. Was w\u00fcrden wir ohne die Tanzw\u00fctigen aus dem Rheinbogen beim Stra\u00dfenfest zeigen?<\/p>\n<h4>Van Hasselt B\u00fchne Rathaus:<\/h4>\n<ul>\n<strong>Verkaufsoffener Sonntag, 29.06.2014<\/strong>:<\/p>\n<li>ab 13:00h Non Stop Showtanz \u201e Show Brasil\u201c ! mit Samba, Zumba u.v.m.<\/li>\n<li>15:30h Jugendchor St. Stephan<\/li>\n<\/ul>\n<p>Gro\u00dfer <strong>Biergarten<\/strong> und gastronomische Angebote.<\/p>\n<h3>Verkaufsoffener Sonntag 29.06.2014 in Rodenkirchen<\/h3>\n<p>Passend zum Stra\u00dfenfest pr\u00e4sentiert sich der <strong>Einzelhandel in Rodenkirchen<\/strong>, der dank des <strong>verkaufsoffenen Sonntag<\/strong> am Stra\u00dfenfest hoffentlich mit verdienen darf. &#8222;Erg\u00e4nzt&#8220; wird das lokale Angebot durch ausgew\u00e4hlte reisende H\u00e4ndler und viele Angebote f\u00fcr das leibliche Wohl.<\/p>\n<p>Speziell f\u00fcr die <strong>Kleinen<\/strong> betreut der Turnverein Rodenkirchen einen <strong>Tummelplatz<\/strong> vor dem Rathaus. Hier finden sich Kinderschminken, Torwandschie\u00dfen, eine riesige Wasserrutsche und viele andere Spielm\u00f6glichkeiten.<\/p>\n<h3>Stra\u00dfensperrung<\/h3>\n<p>Barbarastra\u00dfe ab Ecke Hauptstra\u00dfe bis Ecke Oststra\u00dfe<br \/>\nHauptstra\u00dfe ab Ecke Kirchstra\u00dfe bis Walther-Rathenaustra\u00dfe<br \/>\nMaternusstra\u00dfe ab Wilhelmstra\u00dfe bis Ecke Hauptstra\u00dfe<br \/>\nRheingalerie-Parkplatz &#038; Rathausplatz<\/p>\n<p>Veranstalter AG Rodenkirchen e.v<br \/>\nOrganisation:<br \/>\nC\u00f6lln Event<br \/>\nLuca &#038; Duschat GbR<br \/>\nBismarkstr. 9<br \/>\n50672 K\u00f6ln<\/p>\n<p>Tel.:\t0221-4929933<br \/>\nFax.:\t0221-4929935<\/p>\n<p>info@rodenkirchener-sommertage.de<br \/>\n<a href=\"http:\/\/www.Rodenkirchener-Sommertage.de\" title=\"Rodenkirchener Sommertage\" target=\"_blank\">www.Rodenkirchener-Sommertage.de<\/a><\/p>\n","protected":false},"excerpt":{"rendered":"<p>Rodenkirchener Sommertage 2014 Der K\u00f6lner S\u00fcden trifft sich am 28. und 29. Juni 2014 in Rodenkirchen zum gro\u00dfen Stra\u00dfenfest und<\/p>\n","protected":false},"author":6,"featured_media":6441,"comment_status":"open","ping_status":"open","sticky":false,"template":"","format":"standard","meta":{"_crdt_document":"","ngg_post_thumbnail":0,"jetpack_post_was_ever_published":false,"_jetpack_newsletter_access":"","_jetpack_dont_email_post_to_subs":false,"_jetpack_newsletter_tier_id":0,"_jetpack_memberships_contains_paywalled_content":false,"_jetpack_memberships_contains_paid_content":false,"footnotes":"","jetpack_publicize_message":"","jetpack_publicize_feature_enabled":true,"jetpack_social_post_already_shared":true,"jetpack_social_options":{"image_generator_settings":{"template":"highway","default_image_id":0,"font":"","enabled":false},"version":2}},"categories":[52,89,101,362,178],"tags":[108,102,538,153,147],"class_list":["post-6440","post","type-post","status-publish","format-standard","has-post-thumbnail","hentry","category-koeln-rodenkirchen","category-koeln-rodenkirchen-einkaufen","category-koeln-rodenkirchen-freizeit","category-strasenfest-koln","category-verkaufsoffener-sonntag-koln-nrw","tag-einkaufen","tag-freizeit","tag-koeln-rodenkirchen","tag-strassenfest","tag-verkaufsoffener-sonntag"],"yoast_head":"<!-- This site is optimized with the Yoast SEO plugin v27.5 - https:\/\/yoast.com\/product\/yoast-seo-wordpress\/ -->\n<title>Rodenkirchener Sommertage 28. &amp; 29.06.2014 - K\u00f6ln Rodenkirchen und die Welt<\/title>\n<meta name=\"description\" content=\"Sommertage 2014 in Rodenkirchen: Stra\u00dfenfest und verkaufsoffener Sonntag, B\u00fchnenprogramm, Stra\u00dfensperrung, Infos - In diesem Jahr mit KASALLA\" \/>\n<meta name=\"robots\" content=\"index, follow, max-snippet:-1, max-image-preview:large, max-video-preview:-1\" \/>\n<link rel=\"canonical\" href=\"https:\/\/www.gaidaphotos.com\/blog\/2014\/06\/17\/rodenkirchener-sommertage-28-29-06-2014\/\" \/>\n<meta property=\"og:locale\" content=\"de_DE\" \/>\n<meta property=\"og:type\" content=\"article\" \/>\n<meta property=\"og:title\" content=\"Rodenkirchener Sommertage 28. &amp; 29.06.2014 - K\u00f6ln Rodenkirchen und die Welt\" \/>\n<meta property=\"og:description\" content=\"Sommertage 2014 in Rodenkirchen: Stra\u00dfenfest und verkaufsoffener Sonntag, B\u00fchnenprogramm, Stra\u00dfensperrung, Infos - In diesem Jahr mit KASALLA\" \/>\n<meta property=\"og:url\" content=\"https:\/\/www.gaidaphotos.com\/blog\/2014\/06\/17\/rodenkirchener-sommertage-28-29-06-2014\/\" \/>\n<meta property=\"og:site_name\" content=\"K\u00f6ln Rodenkirchen und die Welt\" \/>\n<meta property=\"article:publisher\" content=\"https:\/\/www.facebook.com\/Koeln.Rodenkirchen\" \/>\n<meta property=\"article:author\" content=\"https:\/\/www.facebook.com\/gaidaphotos\" \/>\n<meta property=\"article:published_time\" content=\"2014-06-17T16:09:43+00:00\" \/>\n<meta property=\"article:modified_time\" content=\"2014-06-20T12:04:21+00:00\" \/>\n<meta property=\"og:image\" content=\"https:\/\/i2.wp.com\/www.gaidaphotos.com\/blog\/wp-content\/uploads\/ngg_featured\/rodenkirchen-sommerfest-2013-09.jpg?fit=667%2C1000&ssl=1\" \/>\n\t<meta property=\"og:image:width\" content=\"667\" \/>\n\t<meta property=\"og:image:height\" content=\"1000\" \/>\n\t<meta property=\"og:image:type\" content=\"image\/jpeg\" \/>\n<meta name=\"author\" content=\"Thomas\" \/>\n<meta name=\"twitter:card\" content=\"summary_large_image\" \/>\n<meta name=\"twitter:creator\" content=\"@gaidaphotos\" \/>\n<meta name=\"twitter:site\" content=\"@gaidaphotos\" \/>\n<meta name=\"twitter:label1\" content=\"Verfasst von\" \/>\n\t<meta name=\"twitter:data1\" content=\"Thomas\" \/>\n\t<meta name=\"twitter:label2\" content=\"Gesch\u00e4tzte Lesezeit\" \/>\n\t<meta name=\"twitter:data2\" content=\"3\u00a0Minuten\" \/>\n<script type=\"application\/ld+json\" class=\"yoast-schema-graph\">{\"@context\":\"https:\\\/\\\/schema.org\",\"@graph\":[{\"@type\":\"Article\",\"@id\":\"https:\\\/\\\/www.gaidaphotos.com\\\/blog\\\/2014\\\/06\\\/17\\\/rodenkirchener-sommertage-28-29-06-2014\\\/#article\",\"isPartOf\":{\"@id\":\"https:\\\/\\\/www.gaidaphotos.com\\\/blog\\\/2014\\\/06\\\/17\\\/rodenkirchener-sommertage-28-29-06-2014\\\/\"},\"author\":{\"name\":\"Thomas\",\"@id\":\"https:\\\/\\\/www.gaidaphotos.com\\\/blog\\\/#\\\/schema\\\/person\\\/6c444a5b13ffc503c5c32f5a9ec68b21\"},\"headline\":\"Rodenkirchener Sommertage 28. &#038; 29.06.2014\",\"datePublished\":\"2014-06-17T16:09:43+00:00\",\"dateModified\":\"2014-06-20T12:04:21+00:00\",\"mainEntityOfPage\":{\"@id\":\"https:\\\/\\\/www.gaidaphotos.com\\\/blog\\\/2014\\\/06\\\/17\\\/rodenkirchener-sommertage-28-29-06-2014\\\/\"},\"wordCount\":530,\"commentCount\":2,\"publisher\":{\"@id\":\"https:\\\/\\\/www.gaidaphotos.com\\\/blog\\\/#organization\"},\"image\":{\"@id\":\"https:\\\/\\\/www.gaidaphotos.com\\\/blog\\\/2014\\\/06\\\/17\\\/rodenkirchener-sommertage-28-29-06-2014\\\/#primaryimage\"},\"thumbnailUrl\":\"https:\\\/\\\/i0.wp.com\\\/www.gaidaphotos.com\\\/blog\\\/wp-content\\\/uploads\\\/ngg_featured\\\/rodenkirchen-sommerfest-2013-09.jpg?fit=667%2C1000&ssl=1\",\"keywords\":[\"Einkaufen\\\/ Shopping\",\"Freizeit-Ideen\",\"K\u00f6ln Rodenkirchen\",\"Strassenfest\",\"verkaufsoffener Sonntag\"],\"articleSection\":[\"K\u00f6ln Rodenkirchen\",\"K\u00f6ln Rodenkirchen Einkaufen\",\"K\u00f6ln Rodenkirchen Freizeit\",\"Stra\u00dfenfest K\u00f6ln\",\"Verkaufsoffener Sonntag K\u00f6ln NRW\"],\"inLanguage\":\"de\",\"potentialAction\":[{\"@type\":\"CommentAction\",\"name\":\"Comment\",\"target\":[\"https:\\\/\\\/www.gaidaphotos.com\\\/blog\\\/2014\\\/06\\\/17\\\/rodenkirchener-sommertage-28-29-06-2014\\\/#respond\"]}]},{\"@type\":\"WebPage\",\"@id\":\"https:\\\/\\\/www.gaidaphotos.com\\\/blog\\\/2014\\\/06\\\/17\\\/rodenkirchener-sommertage-28-29-06-2014\\\/\",\"url\":\"https:\\\/\\\/www.gaidaphotos.com\\\/blog\\\/2014\\\/06\\\/17\\\/rodenkirchener-sommertage-28-29-06-2014\\\/\",\"name\":\"Rodenkirchener Sommertage 28. & 29.06.2014 - K\u00f6ln Rodenkirchen und die Welt\",\"isPartOf\":{\"@id\":\"https:\\\/\\\/www.gaidaphotos.com\\\/blog\\\/#website\"},\"primaryImageOfPage\":{\"@id\":\"https:\\\/\\\/www.gaidaphotos.com\\\/blog\\\/2014\\\/06\\\/17\\\/rodenkirchener-sommertage-28-29-06-2014\\\/#primaryimage\"},\"image\":{\"@id\":\"https:\\\/\\\/www.gaidaphotos.com\\\/blog\\\/2014\\\/06\\\/17\\\/rodenkirchener-sommertage-28-29-06-2014\\\/#primaryimage\"},\"thumbnailUrl\":\"https:\\\/\\\/i0.wp.com\\\/www.gaidaphotos.com\\\/blog\\\/wp-content\\\/uploads\\\/ngg_featured\\\/rodenkirchen-sommerfest-2013-09.jpg?fit=667%2C1000&ssl=1\",\"datePublished\":\"2014-06-17T16:09:43+00:00\",\"dateModified\":\"2014-06-20T12:04:21+00:00\",\"description\":\"Sommertage 2014 in Rodenkirchen: Stra\u00dfenfest und verkaufsoffener Sonntag, B\u00fchnenprogramm, Stra\u00dfensperrung, Infos - In diesem Jahr mit KASALLA\",\"breadcrumb\":{\"@id\":\"https:\\\/\\\/www.gaidaphotos.com\\\/blog\\\/2014\\\/06\\\/17\\\/rodenkirchener-sommertage-28-29-06-2014\\\/#breadcrumb\"},\"inLanguage\":\"de\",\"potentialAction\":[{\"@type\":\"ReadAction\",\"target\":[\"https:\\\/\\\/www.gaidaphotos.com\\\/blog\\\/2014\\\/06\\\/17\\\/rodenkirchener-sommertage-28-29-06-2014\\\/\"]}]},{\"@type\":\"ImageObject\",\"inLanguage\":\"de\",\"@id\":\"https:\\\/\\\/www.gaidaphotos.com\\\/blog\\\/2014\\\/06\\\/17\\\/rodenkirchener-sommertage-28-29-06-2014\\\/#primaryimage\",\"url\":\"https:\\\/\\\/i0.wp.com\\\/www.gaidaphotos.com\\\/blog\\\/wp-content\\\/uploads\\\/ngg_featured\\\/rodenkirchen-sommerfest-2013-09.jpg?fit=667%2C1000&ssl=1\",\"contentUrl\":\"https:\\\/\\\/i0.wp.com\\\/www.gaidaphotos.com\\\/blog\\\/wp-content\\\/uploads\\\/ngg_featured\\\/rodenkirchen-sommerfest-2013-09.jpg?fit=667%2C1000&ssl=1\",\"width\":667,\"height\":1000},{\"@type\":\"BreadcrumbList\",\"@id\":\"https:\\\/\\\/www.gaidaphotos.com\\\/blog\\\/2014\\\/06\\\/17\\\/rodenkirchener-sommertage-28-29-06-2014\\\/#breadcrumb\",\"itemListElement\":[{\"@type\":\"ListItem\",\"position\":1,\"name\":\"Startseite\",\"item\":\"https:\\\/\\\/www.gaidaphotos.com\\\/blog\\\/\"},{\"@type\":\"ListItem\",\"position\":2,\"name\":\"Rodenkirchener Sommertage 28. &#038; 29.06.2014\"}]},{\"@type\":\"WebSite\",\"@id\":\"https:\\\/\\\/www.gaidaphotos.com\\\/blog\\\/#website\",\"url\":\"https:\\\/\\\/www.gaidaphotos.com\\\/blog\\\/\",\"name\":\"K\u00f6ln Rodenkirchen und die Welt\",\"description\":\"Einkaufen, Restaurants, Freizeit, Nachrichten und was uns sonst bewegt und begegnet\",\"publisher\":{\"@id\":\"https:\\\/\\\/www.gaidaphotos.com\\\/blog\\\/#organization\"},\"potentialAction\":[{\"@type\":\"SearchAction\",\"target\":{\"@type\":\"EntryPoint\",\"urlTemplate\":\"https:\\\/\\\/www.gaidaphotos.com\\\/blog\\\/?s={search_term_string}\"},\"query-input\":{\"@type\":\"PropertyValueSpecification\",\"valueRequired\":true,\"valueName\":\"search_term_string\"}}],\"inLanguage\":\"de\"},{\"@type\":\"Organization\",\"@id\":\"https:\\\/\\\/www.gaidaphotos.com\\\/blog\\\/#organization\",\"name\":\"gaidaphotos\",\"url\":\"https:\\\/\\\/www.gaidaphotos.com\\\/blog\\\/\",\"logo\":{\"@type\":\"ImageObject\",\"inLanguage\":\"de\",\"@id\":\"https:\\\/\\\/www.gaidaphotos.com\\\/blog\\\/#\\\/schema\\\/logo\\\/image\\\/\",\"url\":\"https:\\\/\\\/i0.wp.com\\\/www.gaidaphotos.com\\\/blog\\\/wp-content\\\/uploads\\\/2020\\\/07\\\/GAIDAPHOTOS-COM.jpg?fit=160%2C96&ssl=1\",\"contentUrl\":\"https:\\\/\\\/i0.wp.com\\\/www.gaidaphotos.com\\\/blog\\\/wp-content\\\/uploads\\\/2020\\\/07\\\/GAIDAPHOTOS-COM.jpg?fit=160%2C96&ssl=1\",\"width\":160,\"height\":96,\"caption\":\"gaidaphotos\"},\"image\":{\"@id\":\"https:\\\/\\\/www.gaidaphotos.com\\\/blog\\\/#\\\/schema\\\/logo\\\/image\\\/\"},\"sameAs\":[\"https:\\\/\\\/www.facebook.com\\\/Koeln.Rodenkirchen\",\"https:\\\/\\\/x.com\\\/gaidaphotos\",\"https:\\\/\\\/instagram.com\\\/gaidaphotos\\\/\",\"https:\\\/\\\/de.linkedin.com\\\/in\\\/gaidaphotos\",\"https:\\\/\\\/myspace.com\\\/gaidaphotos\",\"https:\\\/\\\/www.pinterest.com\\\/gaidaphotos\\\/\",\"https:\\\/\\\/www.youtube.com\\\/user\\\/gaidaphotos\"]},{\"@type\":\"Person\",\"@id\":\"https:\\\/\\\/www.gaidaphotos.com\\\/blog\\\/#\\\/schema\\\/person\\\/6c444a5b13ffc503c5c32f5a9ec68b21\",\"name\":\"Thomas\",\"sameAs\":[\"https:\\\/\\\/www.gaidaphotos.com\",\"https:\\\/\\\/www.facebook.com\\\/gaidaphotos\",\"https:\\\/\\\/instagram.com\\\/gaidaphotos\\\/\",\"https:\\\/\\\/www.linkedin.com\\\/in\\\/gaidaphotos\",\"http:\\\/\\\/www.pinterest.com\\\/gaidaphotos\\\/\",\"https:\\\/\\\/x.com\\\/gaidaphotos\",\"https:\\\/\\\/myspace.com\\\/gaidaphotos\",\"https:\\\/\\\/www.youtube.com\\\/user\\\/gaidaphotos\",\"https:\\\/\\\/gaidaphotos.tumblr.com\\\/\"]}]}<\/script>\n<!-- \/ Yoast SEO plugin. -->","yoast_head_json":{"title":"Rodenkirchener Sommertage 28. & 29.06.2014 - K\u00f6ln Rodenkirchen und die Welt","description":"Sommertage 2014 in Rodenkirchen: Stra\u00dfenfest und verkaufsoffener Sonntag, B\u00fchnenprogramm, Stra\u00dfensperrung, Infos - In diesem Jahr mit KASALLA","robots":{"index":"index","follow":"follow","max-snippet":"max-snippet:-1","max-image-preview":"max-image-preview:large","max-video-preview":"max-video-preview:-1"},"canonical":"https:\/\/www.gaidaphotos.com\/blog\/2014\/06\/17\/rodenkirchener-sommertage-28-29-06-2014\/","og_locale":"de_DE","og_type":"article","og_title":"Rodenkirchener Sommertage 28. & 29.06.2014 - K\u00f6ln Rodenkirchen und die Welt","og_description":"Sommertage 2014 in Rodenkirchen: Stra\u00dfenfest und verkaufsoffener Sonntag, B\u00fchnenprogramm, Stra\u00dfensperrung, Infos - In diesem Jahr mit KASALLA","og_url":"https:\/\/www.gaidaphotos.com\/blog\/2014\/06\/17\/rodenkirchener-sommertage-28-29-06-2014\/","og_site_name":"K\u00f6ln Rodenkirchen und die Welt","article_publisher":"https:\/\/www.facebook.com\/Koeln.Rodenkirchen","article_author":"https:\/\/www.facebook.com\/gaidaphotos","article_published_time":"2014-06-17T16:09:43+00:00","article_modified_time":"2014-06-20T12:04:21+00:00","og_image":[{"width":667,"height":1000,"url":"https:\/\/i2.wp.com\/www.gaidaphotos.com\/blog\/wp-content\/uploads\/ngg_featured\/rodenkirchen-sommerfest-2013-09.jpg?fit=667%2C1000&ssl=1","type":"image\/jpeg"}],"author":"Thomas","twitter_card":"summary_large_image","twitter_creator":"@gaidaphotos","twitter_site":"@gaidaphotos","twitter_misc":{"Verfasst von":"Thomas","Gesch\u00e4tzte Lesezeit":"3\u00a0Minuten"},"schema":{"@context":"https:\/\/schema.org","@graph":[{"@type":"Article","@id":"https:\/\/www.gaidaphotos.com\/blog\/2014\/06\/17\/rodenkirchener-sommertage-28-29-06-2014\/#article","isPartOf":{"@id":"https:\/\/www.gaidaphotos.com\/blog\/2014\/06\/17\/rodenkirchener-sommertage-28-29-06-2014\/"},"author":{"name":"Thomas","@id":"https:\/\/www.gaidaphotos.com\/blog\/#\/schema\/person\/6c444a5b13ffc503c5c32f5a9ec68b21"},"headline":"Rodenkirchener Sommertage 28. &#038; 29.06.2014","datePublished":"2014-06-17T16:09:43+00:00","dateModified":"2014-06-20T12:04:21+00:00","mainEntityOfPage":{"@id":"https:\/\/www.gaidaphotos.com\/blog\/2014\/06\/17\/rodenkirchener-sommertage-28-29-06-2014\/"},"wordCount":530,"commentCount":2,"publisher":{"@id":"https:\/\/www.gaidaphotos.com\/blog\/#organization"},"image":{"@id":"https:\/\/www.gaidaphotos.com\/blog\/2014\/06\/17\/rodenkirchener-sommertage-28-29-06-2014\/#primaryimage"},"thumbnailUrl":"https:\/\/i0.wp.com\/www.gaidaphotos.com\/blog\/wp-content\/uploads\/ngg_featured\/rodenkirchen-sommerfest-2013-09.jpg?fit=667%2C1000&ssl=1","keywords":["Einkaufen\/ Shopping","Freizeit-Ideen","K\u00f6ln Rodenkirchen","Strassenfest","verkaufsoffener Sonntag"],"articleSection":["K\u00f6ln Rodenkirchen","K\u00f6ln Rodenkirchen Einkaufen","K\u00f6ln Rodenkirchen Freizeit","Stra\u00dfenfest K\u00f6ln","Verkaufsoffener Sonntag K\u00f6ln NRW"],"inLanguage":"de","potentialAction":[{"@type":"CommentAction","name":"Comment","target":["https:\/\/www.gaidaphotos.com\/blog\/2014\/06\/17\/rodenkirchener-sommertage-28-29-06-2014\/#respond"]}]},{"@type":"WebPage","@id":"https:\/\/www.gaidaphotos.com\/blog\/2014\/06\/17\/rodenkirchener-sommertage-28-29-06-2014\/","url":"https:\/\/www.gaidaphotos.com\/blog\/2014\/06\/17\/rodenkirchener-sommertage-28-29-06-2014\/","name":"Rodenkirchener Sommertage 28. & 29.06.2014 - K\u00f6ln Rodenkirchen und die Welt","isPartOf":{"@id":"https:\/\/www.gaidaphotos.com\/blog\/#website"},"primaryImageOfPage":{"@id":"https:\/\/www.gaidaphotos.com\/blog\/2014\/06\/17\/rodenkirchener-sommertage-28-29-06-2014\/#primaryimage"},"image":{"@id":"https:\/\/www.gaidaphotos.com\/blog\/2014\/06\/17\/rodenkirchener-sommertage-28-29-06-2014\/#primaryimage"},"thumbnailUrl":"https:\/\/i0.wp.com\/www.gaidaphotos.com\/blog\/wp-content\/uploads\/ngg_featured\/rodenkirchen-sommerfest-2013-09.jpg?fit=667%2C1000&ssl=1","datePublished":"2014-06-17T16:09:43+00:00","dateModified":"2014-06-20T12:04:21+00:00","description":"Sommertage 2014 in Rodenkirchen: Stra\u00dfenfest und verkaufsoffener Sonntag, B\u00fchnenprogramm, Stra\u00dfensperrung, Infos - In diesem Jahr mit KASALLA","breadcrumb":{"@id":"https:\/\/www.gaidaphotos.com\/blog\/2014\/06\/17\/rodenkirchener-sommertage-28-29-06-2014\/#breadcrumb"},"inLanguage":"de","potentialAction":[{"@type":"ReadAction","target":["https:\/\/www.gaidaphotos.com\/blog\/2014\/06\/17\/rodenkirchener-sommertage-28-29-06-2014\/"]}]},{"@type":"ImageObject","inLanguage":"de","@id":"https:\/\/www.gaidaphotos.com\/blog\/2014\/06\/17\/rodenkirchener-sommertage-28-29-06-2014\/#primaryimage","url":"https:\/\/i0.wp.com\/www.gaidaphotos.com\/blog\/wp-content\/uploads\/ngg_featured\/rodenkirchen-sommerfest-2013-09.jpg?fit=667%2C1000&ssl=1","contentUrl":"https:\/\/i0.wp.com\/www.gaidaphotos.com\/blog\/wp-content\/uploads\/ngg_featured\/rodenkirchen-sommerfest-2013-09.jpg?fit=667%2C1000&ssl=1","width":667,"height":1000},{"@type":"BreadcrumbList","@id":"https:\/\/www.gaidaphotos.com\/blog\/2014\/06\/17\/rodenkirchener-sommertage-28-29-06-2014\/#breadcrumb","itemListElement":[{"@type":"ListItem","position":1,"name":"Startseite","item":"https:\/\/www.gaidaphotos.com\/blog\/"},{"@type":"ListItem","position":2,"name":"Rodenkirchener Sommertage 28. &#038; 29.06.2014"}]},{"@type":"WebSite","@id":"https:\/\/www.gaidaphotos.com\/blog\/#website","url":"https:\/\/www.gaidaphotos.com\/blog\/","name":"K\u00f6ln Rodenkirchen und die Welt","description":"Einkaufen, Restaurants, Freizeit, Nachrichten und was uns sonst bewegt und begegnet","publisher":{"@id":"https:\/\/www.gaidaphotos.com\/blog\/#organization"},"potentialAction":[{"@type":"SearchAction","target":{"@type":"EntryPoint","urlTemplate":"https:\/\/www.gaidaphotos.com\/blog\/?s={search_term_string}"},"query-input":{"@type":"PropertyValueSpecification","valueRequired":true,"valueName":"search_term_string"}}],"inLanguage":"de"},{"@type":"Organization","@id":"https:\/\/www.gaidaphotos.com\/blog\/#organization","name":"gaidaphotos","url":"https:\/\/www.gaidaphotos.com\/blog\/","logo":{"@type":"ImageObject","inLanguage":"de","@id":"https:\/\/www.gaidaphotos.com\/blog\/#\/schema\/logo\/image\/","url":"https:\/\/i0.wp.com\/www.gaidaphotos.com\/blog\/wp-content\/uploads\/2020\/07\/GAIDAPHOTOS-COM.jpg?fit=160%2C96&ssl=1","contentUrl":"https:\/\/i0.wp.com\/www.gaidaphotos.com\/blog\/wp-content\/uploads\/2020\/07\/GAIDAPHOTOS-COM.jpg?fit=160%2C96&ssl=1","width":160,"height":96,"caption":"gaidaphotos"},"image":{"@id":"https:\/\/www.gaidaphotos.com\/blog\/#\/schema\/logo\/image\/"},"sameAs":["https:\/\/www.facebook.com\/Koeln.Rodenkirchen","https:\/\/x.com\/gaidaphotos","https:\/\/instagram.com\/gaidaphotos\/","https:\/\/de.linkedin.com\/in\/gaidaphotos","https:\/\/myspace.com\/gaidaphotos","https:\/\/www.pinterest.com\/gaidaphotos\/","https:\/\/www.youtube.com\/user\/gaidaphotos"]},{"@type":"Person","@id":"https:\/\/www.gaidaphotos.com\/blog\/#\/schema\/person\/6c444a5b13ffc503c5c32f5a9ec68b21","name":"Thomas","sameAs":["https:\/\/www.gaidaphotos.com","https:\/\/www.facebook.com\/gaidaphotos","https:\/\/instagram.com\/gaidaphotos\/","https:\/\/www.linkedin.com\/in\/gaidaphotos","http:\/\/www.pinterest.com\/gaidaphotos\/","https:\/\/x.com\/gaidaphotos","https:\/\/myspace.com\/gaidaphotos","https:\/\/www.youtube.com\/user\/gaidaphotos","https:\/\/gaidaphotos.tumblr.com\/"]}]}},"jetpack_publicize_connections":[],"jetpack_featured_media_url":"https:\/\/i0.wp.com\/www.gaidaphotos.com\/blog\/wp-content\/uploads\/ngg_featured\/rodenkirchen-sommerfest-2013-09.jpg?fit=667%2C1000&ssl=1","jetpack_sharing_enabled":true,"jetpack_likes_enabled":true,"jetpack-related-posts":[{"id":742,"url":"https:\/\/www.gaidaphotos.com\/blog\/2009\/06\/18\/koeln-rodenkirchen-verkaufsoffener-sonntag-sommertag\/","url_meta":{"origin":6440,"position":0},"title":"K\u00f6ln Rodenkirchen Einkaufen: verkaufsoffener Sonntag w\u00e4hrend der Rodenkirchener Sommertage","author":"Thomas","date":"18. Juni 2009","format":false,"excerpt":"K\u00f6ln Rodenkirchen Einkaufen: verkaufsoffener Sonntag w\u00e4hrend der Rodenkirchener Sommertage Nicht vergessen! Am kommenden Wochenende ist in K\u00f6ln Rodenkirchen auf dem Maternusplatz Strassenfest. Das Motto der Rodenkirchener Sommertage lautet \"Rodenkirchen im Hollywoodfieber\". Dazu gibt es Schn\u00e4ppchen beim Einkaufen, Musik und Tanz. Der Sonntag ist verkaufsoffen und man kann feiern und shoppen.\u2026","rel":"","context":"In &quot;K\u00f6ln&quot;","block_context":{"text":"K\u00f6ln","link":"https:\/\/www.gaidaphotos.com\/blog\/category\/koeln\/"},"img":{"alt_text":"Maternusplatz - Schauplatz der Rodenkirchener Sommertage","src":"https:\/\/i0.wp.com\/www.gaidaphotos.com\/blog\/wp-content\/uploads\/2009\/06\/koeln-rodenkirchener-sommertage-300x225.jpg?resize=350%2C200&ssl=1","width":350,"height":200},"classes":[]},{"id":730,"url":"https:\/\/www.gaidaphotos.com\/blog\/2009\/06\/15\/koeln-rodenkirchen-freizeit-sommertage-strassenfest\/","url_meta":{"origin":6440,"position":1},"title":"Koeln Rodenkirchen Freizeit: Sommertage Strassenfest","author":"Thomas","date":"15. Juni 2009","format":false,"excerpt":"Koeln Rodenkirchen Freizeit: Sommertage Strassenfest! Nicht vergessen! Am Wochenende ist in Koeln Rodenkirchen Strassenfest unter dem Motto \"Rodenkirchen im Hollywoodfieber\". Die Gesch\u00e4fte bieten Sonderangebote zum Einkaufen & Schlemmen zu Musik & Tanz.","rel":"","context":"In &quot;17&quot;","block_context":{"text":"17","link":"https:\/\/www.gaidaphotos.com\/blog\/category\/mobile_news_von_unterwegs\/mobile_news_von_unterwegs-n95\/"},"img":{"alt_text":"","src":"","width":0,"height":0},"classes":[]},{"id":669,"url":"https:\/\/www.gaidaphotos.com\/blog\/2009\/06\/03\/roedenkirchener-sommertage\/","url_meta":{"origin":6440,"position":2},"title":"K\u00f6ln-Rodenkirchen: Hollywood auf dem Maternusplatz?","author":"Thomas","date":"3. Juni 2009","format":false,"excerpt":"Rodenkirchener Sommertage? Rodenkirchener Sommertage 20. und 21. Juni 2009 Die allseits beliebten Rodenkirchener Sommertage finden in diesem Jahr zum ersten Mal, man k\u00f6nnte sagen endlich, auf dem Maternusplatz in K\u00f6ln Rodenkirchen statt. Bei ausreichender Beteiligung sind die Rodenkirchener Sommertage auch auf der Maternusstra\u00dfe, Wilhelmstra\u00dfe und Augustastra\u00dfe in K\u00f6ln Rodenkirchen zu\u2026","rel":"","context":"In &quot;K\u00f6ln Rodenkirchen Einkaufen&quot;","block_context":{"text":"K\u00f6ln Rodenkirchen Einkaufen","link":"https:\/\/www.gaidaphotos.com\/blog\/category\/koeln-rodenkirchen\/koeln-rodenkirchen-einkaufen\/"},"img":{"alt_text":"Rodenkirchener Sommertage","src":"https:\/\/i0.wp.com\/www.gaidaphotos.com\/blog\/wp-content\/uploads\/2009\/06\/hollywood-koeln-rodenkirchen-172x300.jpg?resize=350%2C200&ssl=1","width":350,"height":200},"classes":[]},{"id":8969,"url":"https:\/\/www.gaidaphotos.com\/blog\/2015\/08\/17\/10-rodenkirchener-sommertage-2015\/","url_meta":{"origin":6440,"position":3},"title":"10. Rodenkirchener Sommertage 2015","author":"Thomas","date":"17. August 2015","format":false,"excerpt":"\u201eRodenkirchener Sommertage - Ein Potpourri aus 10 Jahren!\u201c Rodenkirchen feiert am 22. und 23. August 2015 sich selbst und den zehnten Jahrestag des Sommerfest der Aktionsgemeinschaft. Wir k\u00f6nnen uns in diesem Jubil\u00e4umsjahr \u00fcber eine gro\u00dfe Zahl attraktiver Bands und K\u00fcnstler freuen. Das Jubil\u00e4um ist gleichzeitig das Motto. Und die Veranstalter\u2026","rel":"","context":"In &quot;K\u00f6ln Rodenkirchen Einkaufen&quot;","block_context":{"text":"K\u00f6ln Rodenkirchen Einkaufen","link":"https:\/\/www.gaidaphotos.com\/blog\/category\/koeln-rodenkirchen\/koeln-rodenkirchen-einkaufen\/"},"img":{"alt_text":"","src":"https:\/\/i0.wp.com\/www.gaidaphotos.com\/blog\/wp-content\/uploads\/ngg_featured\/strassenfest-rodenkirchen-2015.jpg?fit=683%2C1024&ssl=1&resize=350%2C200","width":350,"height":200,"srcset":"https:\/\/i0.wp.com\/www.gaidaphotos.com\/blog\/wp-content\/uploads\/ngg_featured\/strassenfest-rodenkirchen-2015.jpg?fit=683%2C1024&ssl=1&resize=350%2C200 1x, https:\/\/i0.wp.com\/www.gaidaphotos.com\/blog\/wp-content\/uploads\/ngg_featured\/strassenfest-rodenkirchen-2015.jpg?fit=683%2C1024&ssl=1&resize=525%2C300 1.5x"},"classes":[]},{"id":9440,"url":"https:\/\/www.gaidaphotos.com\/blog\/2016\/07\/19\/11-rodenkirchener-sommertage-2016\/","url_meta":{"origin":6440,"position":4},"title":"11. Rodenkirchener Sommertage 20.-21. August 2016","author":"Thomas","date":"19. Juli 2016","format":false,"excerpt":"11. Rodenkirchener Sommertage 2016 - \"La k\u00f6lsche Vita\" Am 20. und 21. August 2016 pr\u00e4sentieren sich wieder die \"Rodenkirchener Sommertage\" Nun schon zum 11. Mal. \"La k\u00f6lsche Vita\" hei\u00dft das Motto in diesem Jahr. \"La k\u00f6lsche Vita = das s\u00fc\u00dfe, leichte italienische Leben, gepaart mit der k\u00f6lschen, lockeren Mentalit\u00e4t. Die\u2026","rel":"","context":"In &quot;K\u00f6ln Rodenkirchen Einkaufen&quot;","block_context":{"text":"K\u00f6ln Rodenkirchen Einkaufen","link":"https:\/\/www.gaidaphotos.com\/blog\/category\/koeln-rodenkirchen\/koeln-rodenkirchen-einkaufen\/"},"img":{"alt_text":"","src":"https:\/\/i0.wp.com\/www.gaidaphotos.com\/blog\/wp-content\/uploads\/ngg_featured\/rodebkirchen-sommertage-2015-1.jpg?fit=1024%2C683&ssl=1&resize=350%2C200","width":350,"height":200,"srcset":"https:\/\/i0.wp.com\/www.gaidaphotos.com\/blog\/wp-content\/uploads\/ngg_featured\/rodebkirchen-sommertage-2015-1.jpg?fit=1024%2C683&ssl=1&resize=350%2C200 1x, https:\/\/i0.wp.com\/www.gaidaphotos.com\/blog\/wp-content\/uploads\/ngg_featured\/rodebkirchen-sommertage-2015-1.jpg?fit=1024%2C683&ssl=1&resize=525%2C300 1.5x, https:\/\/i0.wp.com\/www.gaidaphotos.com\/blog\/wp-content\/uploads\/ngg_featured\/rodebkirchen-sommertage-2015-1.jpg?fit=1024%2C683&ssl=1&resize=700%2C400 2x"},"classes":[]},{"id":4782,"url":"https:\/\/www.gaidaphotos.com\/blog\/2012\/06\/21\/rodenkirchener-sommertage-2012-strassenfest\/","url_meta":{"origin":6440,"position":5},"title":"Rodenkirchener Sommertage &#8211; Stra\u00dfenfest 30.06.- 01.07.2012","author":"Thomas","date":"21. Juni 2012","format":false,"excerpt":"\u201eRodenkirchener Sommertage\/Stra\u00dfenfest 2012- Wir sind der 12. Mann!\u201c \u2026pr\u00e4sentiert von der Aktionsgemeinschaft Rodenkirchen e. V., Gaffel K\u00f6lsch, Schneider Automaten, Sparkasse K\u00f6lnBonn und T\u00f6nissteiner am 30.06. und 01.07.2012 Am spielfreien Samstag ist Rodenkirchen am Ball mit einem Stra\u00dfenfest. Die Rodenkirchener Sommertage sind im Fu\u00dfball-Fieber. Rodenkirchener Sommertage - Stra\u00dfenfest 2012 Was hat\u2026","rel":"","context":"In &quot;K\u00f6ln Rodenkirchen Freizeit&quot;","block_context":{"text":"K\u00f6ln Rodenkirchen Freizeit","link":"https:\/\/www.gaidaphotos.com\/blog\/category\/koeln-rodenkirchen\/koeln-rodenkirchen-freizeit\/"},"img":{"alt_text":"Rodenkirchener Sommertage: Stra\u00dfenfest 2012","src":"https:\/\/i0.wp.com\/www.gaidaphotos.com\/blog\/wp-content\/uploads\/2012\/06\/rodenkirchener-sommertage-gaidaphotos-com.jpg?fit=400%2C721&ssl=1&resize=350%2C200","width":350,"height":200},"classes":[]}],"_links":{"self":[{"href":"https:\/\/www.gaidaphotos.com\/blog\/wp-json\/wp\/v2\/posts\/6440","targetHints":{"allow":["GET"]}}],"collection":[{"href":"https:\/\/www.gaidaphotos.com\/blog\/wp-json\/wp\/v2\/posts"}],"about":[{"href":"https:\/\/www.gaidaphotos.com\/blog\/wp-json\/wp\/v2\/types\/post"}],"author":[{"embeddable":true,"href":"https:\/\/www.gaidaphotos.com\/blog\/wp-json\/wp\/v2\/users\/6"}],"replies":[{"embeddable":true,"href":"https:\/\/www.gaidaphotos.com\/blog\/wp-json\/wp\/v2\/comments?post=6440"}],"version-history":[{"count":0,"href":"https:\/\/www.gaidaphotos.com\/blog\/wp-json\/wp\/v2\/posts\/6440\/revisions"}],"wp:featuredmedia":[{"embeddable":true,"href":"https:\/\/www.gaidaphotos.com\/blog\/wp-json\/wp\/v2\/media\/6441"}],"wp:attachment":[{"href":"https:\/\/www.gaidaphotos.com\/blog\/wp-json\/wp\/v2\/media?parent=6440"}],"wp:term":[{"taxonomy":"category","embeddable":true,"href":"https:\/\/www.gaidaphotos.com\/blog\/wp-json\/wp\/v2\/categories?post=6440"},{"taxonomy":"post_tag","embeddable":true,"href":"https:\/\/www.gaidaphotos.com\/blog\/wp-json\/wp\/v2\/tags?post=6440"}],"curies":[{"name":"wp","href":"https:\/\/api.w.org\/{rel}","templated":true}]}}