{"id":6446,"date":"2014-06-18T17:17:35","date_gmt":"2014-06-18T15:17:35","guid":{"rendered":"http:\/\/www.gaidaphotos.com\/blog\/?p=6446"},"modified":"2014-06-18T17:17:35","modified_gmt":"2014-06-18T15:17:35","slug":"eigelsteinfest-21-22-06-2014","status":"publish","type":"post","link":"https:\/\/www.gaidaphotos.com\/blog\/2014\/06\/18\/eigelsteinfest-21-22-06-2014\/","title":{"rendered":"Eigelsteinfest &#8211; 21.-22.06.2014"},"content":{"rendered":"<h2>Stra\u00dfenfest am Eigelstein &#8211; 21.-22.06.2014<\/h2>\n<p><figure style=\"width: 175px\" class=\"wp-caption alignleft\"><a href=\"https:\/\/i0.wp.com\/www.gaidaphotos.com\/blog\/wp-content\/gallery\/rodenkirchen-sommerfest-2013\/rodenkirchen-sommerfest-2013-13.jpg?ssl=1\" title='Rodenkirchener Sommerfest 2013'><img data-recalc-dims=\"1\" src=\"https:\/\/i0.wp.com\/www.gaidaphotos.com\/blog\/wp-content\/gallery\/rodenkirchen-sommerfest-2013\/thumbs\/thumbs_rodenkirchen-sommerfest-2013-13.jpg?w=910&#038;ssl=1\" alt='Rodenkirchener Sommerfest 2013' align='center' \/><\/a><figcaption class=\"wp-caption-text\">Willkommen am Eigelstein<\/figcaption><\/figure><br \/>\nDie &#8222;<strong>Mutter aller Stra\u00dfenfeste<\/strong>&#8220; ist wieder da. Das \u00e4lteste professionell organisierte Stra\u00dfenfest, Vorbild vieler Stra\u00dfen- und Stadtfeste in K\u00f6ln und ganz Deutschland, ist endlich wieder am Eigelstein zu finden. (Angaben laut Veranstalter)<\/p>\n<p>Alter sch\u00fctzt vor Ausfall nicht und so wurde das <strong>Eigelsteinfest <\/strong>vor sieben Jahren sang- und klanglos aus Kostengr\u00fcnden eingestellt. <\/p>\n<p>Als Retter wurde die &#8222;IG Eigelstein &#038; Friends&#8220; von engagierten Einzelh\u00e4ndlern gegr\u00fcndet. Und um die Attraktivit\u00e4t des Viertels rund um die <strong>Eigelstein-Torburg<\/strong> zu erh\u00f6hen, Besucher aus anderen Veedeln anzulocken und den Gemeinschaftsgeist zu f\u00f6rdern l\u00e4dt die IG in diesem Jahr wieder zum <strong>Stra\u00dfenfest <\/strong>am Eigelstein.<\/p>\n<p>Im repr\u00e4sentativen Abschnitt auf dem Stra\u00dfenzug Eigelstein,<strong> zwischen Torburg und Machabaerstra\u00dfe<\/strong>, konzentriert sich das Angebot der H\u00e4ndler und Aussteller mit Ihren St\u00e4nden und Waren. Auch wenn es kein verkaufsoffener Sonntag ist, hoffen die Veranstalter auf regen Besuch. Neben den zugereisten Ausstellern pr\u00e4sentiert sich der Einzelhandel vom Eigelstein:  EM K\u00d6LSCHE BOOR,  ET FESCH HUS,  F\u00d6HLISCH BRILLEN GmbH &#038; Co. KG,  KOMET GmbH,  METZGEREI BECKER &#038; WELTER,  Parf\u00fcm &#038; Kosmetik GRALLERT GmbH,  REWE-Markt Ridders oHG,  TCHIBO,  WEINHAUS VOGEL  u.v.m.<\/p>\n<h3>B\u00fchnenprogramm Eigelsteinfest<\/h3>\n<p>Und da &#8222;<strong>Am Eigelstein is&#8216; Musik<\/strong> \u2026&#8220; ist, wird ein ansehnliches B\u00fchnenprogramm geboten.<\/p>\n<h4>B\u00fchne Eigelstein-Torburg<\/h4>\n<p><strong>Samstag, 21. Juni &#8211; 14:00-22:00 Uhr<\/strong><\/p>\n<ul>\n<li>Pascal L\u00fcders<\/li>\n<li>Die Kalauer<\/li>\n<li>Ne joode Jung<\/li>\n<li>Jed\u00f6ns<\/li>\n<li>Kragekn\u00f6pp<\/li>\n<li>Teddy Fl\u00f6ck<\/li>\n<li>3Colonias<\/li>\n<li>Gino dal Nero<\/li>\n<li>Thomas Wirtz<\/li>\n<li>sowie die erfolgreiche Cover-Band<br \/>\nInto Deep<\/li>\n<p>Moderation:  Larry G. Rieger\n<\/ul>\n<p><strong>Sonntag, 22. Juni &#8211; 12:30-21:00 Uhr<\/strong><\/p>\n<ul>\n<li>Gro\u00dfe Kg von 1823<\/li>\n<li>Kinderprogramm und Aktionen mit Rick Junior<\/li>\n<li>Mirco Andr\u00e9<\/li>\n<li>Jerry Gold \u2013 &#8222;Die goldene Stimme aus Holland&#8220;<\/li>\n<li>Dennis Harder \u2013 &#8222;Mister Swing&#8220;<\/li>\n<li>Tommy Walter<\/li>\n<li>K\u00f6lsche Adler<\/li>\n<li>Vajabunde<\/li>\n<li>Fetz<\/li>\n<li>Hanak<\/li>\n<li>Filue<\/li>\n<li>Kl\u00e4\u00e4vbootze<\/li>\n<p>Moderation:  Tommy Walter und Daniel Basalla\n<\/ul>\n<p>(\u00c4nderungen vorbehalten)<\/p>\n<h4>Eigelsteinfest Termin:<\/h4>\n<p>Samstag, 21. Juni  und  Sonntag,  22. Juni  2014<\/p>\n<p>\u00d6ffnungszeiten:<br \/>\nAn beiden Tagen  11:00  bis  22:00  Uhr<br \/>\n(Kein verkaufsoffener Sonntag)<\/p>\n<p>Veranstaltungsort:<br \/>\nEigelstein (Stra\u00dfe), 50668 K\u00f6ln (Innenstadt)<br \/>\nZwischen Torburg und Machabaerstra\u00dfe<\/p>\n<p>Veranstalter:<br \/>\nIG Eigelstein &#038; Friends<br \/>\nHotline w\u00e4hrend der Veranstaltung:  0221 . 170 77 88<\/p>\n","protected":false},"excerpt":{"rendered":"<p>Stra\u00dfenfest am Eigelstein &#8211; 21.-22.06.2014 Die &#8222;Mutter aller Stra\u00dfenfeste&#8220; ist wieder da. Das \u00e4lteste professionell organisierte Stra\u00dfenfest, Vorbild vieler Stra\u00dfen-<\/p>\n","protected":false},"author":6,"featured_media":6447,"comment_status":"open","ping_status":"open","sticky":false,"template":"","format":"standard","meta":{"_crdt_document":"","ngg_post_thumbnail":0,"jetpack_post_was_ever_published":false,"_jetpack_newsletter_access":"","_jetpack_dont_email_post_to_subs":false,"_jetpack_newsletter_tier_id":0,"_jetpack_memberships_contains_paywalled_content":false,"_jetpack_memberships_contains_paid_content":false,"footnotes":"","jetpack_publicize_message":"","jetpack_publicize_feature_enabled":true,"jetpack_social_post_already_shared":true,"jetpack_social_options":{"image_generator_settings":{"template":"highway","default_image_id":0,"font":"","enabled":false},"version":2}},"categories":[98,362],"tags":[108,102,544,53,153],"class_list":["post-6446","post","type-post","status-publish","format-standard","has-post-thumbnail","hentry","category-koeln","category-strasenfest-koln","tag-einkaufen","tag-freizeit","tag-koeln","tag-shopping","tag-strassenfest"],"yoast_head":"<!-- This site is optimized with the Yoast SEO plugin v27.5 - https:\/\/yoast.com\/product\/yoast-seo-wordpress\/ -->\n<title>Eigelsteinfest - 21.-22.06.2014 - K\u00f6ln Rodenkirchen und die Welt<\/title>\n<meta name=\"description\" content=\"Stra\u00dfenfest am Eigelstein, 21.-22.06.2014 - auch wenn kein verkaufsoffener Sonntag gilt hier &quot;Am Eigelstein is&#039; Musik&quot; mit tollem B\u00fchnenprogramm uvm\" \/>\n<meta name=\"robots\" content=\"index, follow, max-snippet:-1, max-image-preview:large, max-video-preview:-1\" \/>\n<link rel=\"canonical\" href=\"https:\/\/www.gaidaphotos.com\/blog\/2014\/06\/18\/eigelsteinfest-21-22-06-2014\/\" \/>\n<meta property=\"og:locale\" content=\"de_DE\" \/>\n<meta property=\"og:type\" content=\"article\" \/>\n<meta property=\"og:title\" content=\"Eigelsteinfest - 21.-22.06.2014 - K\u00f6ln Rodenkirchen und die Welt\" \/>\n<meta property=\"og:description\" content=\"Stra\u00dfenfest am Eigelstein, 21.-22.06.2014 - auch wenn kein verkaufsoffener Sonntag gilt hier &quot;Am Eigelstein is&#039; Musik&quot; mit tollem B\u00fchnenprogramm uvm\" \/>\n<meta property=\"og:url\" content=\"https:\/\/www.gaidaphotos.com\/blog\/2014\/06\/18\/eigelsteinfest-21-22-06-2014\/\" \/>\n<meta property=\"og:site_name\" content=\"K\u00f6ln Rodenkirchen und die Welt\" \/>\n<meta property=\"article:publisher\" content=\"https:\/\/www.facebook.com\/Koeln.Rodenkirchen\" \/>\n<meta property=\"article:author\" content=\"https:\/\/www.facebook.com\/gaidaphotos\" \/>\n<meta property=\"article:published_time\" content=\"2014-06-18T15:17:35+00:00\" \/>\n<meta property=\"og:image\" content=\"https:\/\/i2.wp.com\/www.gaidaphotos.com\/blog\/wp-content\/uploads\/ngg_featured\/rodenkirchen-sommerfest-2013-13.jpg?fit=667%2C1000&ssl=1\" \/>\n\t<meta property=\"og:image:width\" content=\"667\" \/>\n\t<meta property=\"og:image:height\" content=\"1000\" \/>\n\t<meta property=\"og:image:type\" content=\"image\/jpeg\" \/>\n<meta name=\"author\" content=\"Thomas\" \/>\n<meta name=\"twitter:card\" content=\"summary_large_image\" \/>\n<meta name=\"twitter:creator\" content=\"@gaidaphotos\" \/>\n<meta name=\"twitter:site\" content=\"@gaidaphotos\" \/>\n<meta name=\"twitter:label1\" content=\"Verfasst von\" \/>\n\t<meta name=\"twitter:data1\" content=\"Thomas\" \/>\n\t<meta name=\"twitter:label2\" content=\"Gesch\u00e4tzte Lesezeit\" \/>\n\t<meta name=\"twitter:data2\" content=\"2\u00a0Minuten\" \/>\n<script type=\"application\/ld+json\" class=\"yoast-schema-graph\">{\"@context\":\"https:\\\/\\\/schema.org\",\"@graph\":[{\"@type\":\"Article\",\"@id\":\"https:\\\/\\\/www.gaidaphotos.com\\\/blog\\\/2014\\\/06\\\/18\\\/eigelsteinfest-21-22-06-2014\\\/#article\",\"isPartOf\":{\"@id\":\"https:\\\/\\\/www.gaidaphotos.com\\\/blog\\\/2014\\\/06\\\/18\\\/eigelsteinfest-21-22-06-2014\\\/\"},\"author\":{\"name\":\"Thomas\",\"@id\":\"https:\\\/\\\/www.gaidaphotos.com\\\/blog\\\/#\\\/schema\\\/person\\\/6c444a5b13ffc503c5c32f5a9ec68b21\"},\"headline\":\"Eigelsteinfest &#8211; 21.-22.06.2014\",\"datePublished\":\"2014-06-18T15:17:35+00:00\",\"mainEntityOfPage\":{\"@id\":\"https:\\\/\\\/www.gaidaphotos.com\\\/blog\\\/2014\\\/06\\\/18\\\/eigelsteinfest-21-22-06-2014\\\/\"},\"wordCount\":351,\"commentCount\":1,\"publisher\":{\"@id\":\"https:\\\/\\\/www.gaidaphotos.com\\\/blog\\\/#organization\"},\"image\":{\"@id\":\"https:\\\/\\\/www.gaidaphotos.com\\\/blog\\\/2014\\\/06\\\/18\\\/eigelsteinfest-21-22-06-2014\\\/#primaryimage\"},\"thumbnailUrl\":\"https:\\\/\\\/i0.wp.com\\\/www.gaidaphotos.com\\\/blog\\\/wp-content\\\/uploads\\\/ngg_featured\\\/rodenkirchen-sommerfest-2013-13.jpg?fit=667%2C1000&ssl=1\",\"keywords\":[\"Einkaufen\\\/ Shopping\",\"Freizeit-Ideen\",\"K\u00f6ln\",\"Shopping\",\"Strassenfest\"],\"articleSection\":[\"K\u00f6ln\",\"Stra\u00dfenfest K\u00f6ln\"],\"inLanguage\":\"de\",\"potentialAction\":[{\"@type\":\"CommentAction\",\"name\":\"Comment\",\"target\":[\"https:\\\/\\\/www.gaidaphotos.com\\\/blog\\\/2014\\\/06\\\/18\\\/eigelsteinfest-21-22-06-2014\\\/#respond\"]}]},{\"@type\":\"WebPage\",\"@id\":\"https:\\\/\\\/www.gaidaphotos.com\\\/blog\\\/2014\\\/06\\\/18\\\/eigelsteinfest-21-22-06-2014\\\/\",\"url\":\"https:\\\/\\\/www.gaidaphotos.com\\\/blog\\\/2014\\\/06\\\/18\\\/eigelsteinfest-21-22-06-2014\\\/\",\"name\":\"Eigelsteinfest - 21.-22.06.2014 - K\u00f6ln Rodenkirchen und die Welt\",\"isPartOf\":{\"@id\":\"https:\\\/\\\/www.gaidaphotos.com\\\/blog\\\/#website\"},\"primaryImageOfPage\":{\"@id\":\"https:\\\/\\\/www.gaidaphotos.com\\\/blog\\\/2014\\\/06\\\/18\\\/eigelsteinfest-21-22-06-2014\\\/#primaryimage\"},\"image\":{\"@id\":\"https:\\\/\\\/www.gaidaphotos.com\\\/blog\\\/2014\\\/06\\\/18\\\/eigelsteinfest-21-22-06-2014\\\/#primaryimage\"},\"thumbnailUrl\":\"https:\\\/\\\/i0.wp.com\\\/www.gaidaphotos.com\\\/blog\\\/wp-content\\\/uploads\\\/ngg_featured\\\/rodenkirchen-sommerfest-2013-13.jpg?fit=667%2C1000&ssl=1\",\"datePublished\":\"2014-06-18T15:17:35+00:00\",\"description\":\"Stra\u00dfenfest am Eigelstein, 21.-22.06.2014 - auch wenn kein verkaufsoffener Sonntag gilt hier \\\"Am Eigelstein is' Musik\\\" mit tollem B\u00fchnenprogramm uvm\",\"breadcrumb\":{\"@id\":\"https:\\\/\\\/www.gaidaphotos.com\\\/blog\\\/2014\\\/06\\\/18\\\/eigelsteinfest-21-22-06-2014\\\/#breadcrumb\"},\"inLanguage\":\"de\",\"potentialAction\":[{\"@type\":\"ReadAction\",\"target\":[\"https:\\\/\\\/www.gaidaphotos.com\\\/blog\\\/2014\\\/06\\\/18\\\/eigelsteinfest-21-22-06-2014\\\/\"]}]},{\"@type\":\"ImageObject\",\"inLanguage\":\"de\",\"@id\":\"https:\\\/\\\/www.gaidaphotos.com\\\/blog\\\/2014\\\/06\\\/18\\\/eigelsteinfest-21-22-06-2014\\\/#primaryimage\",\"url\":\"https:\\\/\\\/i0.wp.com\\\/www.gaidaphotos.com\\\/blog\\\/wp-content\\\/uploads\\\/ngg_featured\\\/rodenkirchen-sommerfest-2013-13.jpg?fit=667%2C1000&ssl=1\",\"contentUrl\":\"https:\\\/\\\/i0.wp.com\\\/www.gaidaphotos.com\\\/blog\\\/wp-content\\\/uploads\\\/ngg_featured\\\/rodenkirchen-sommerfest-2013-13.jpg?fit=667%2C1000&ssl=1\",\"width\":667,\"height\":1000},{\"@type\":\"BreadcrumbList\",\"@id\":\"https:\\\/\\\/www.gaidaphotos.com\\\/blog\\\/2014\\\/06\\\/18\\\/eigelsteinfest-21-22-06-2014\\\/#breadcrumb\",\"itemListElement\":[{\"@type\":\"ListItem\",\"position\":1,\"name\":\"Startseite\",\"item\":\"https:\\\/\\\/www.gaidaphotos.com\\\/blog\\\/\"},{\"@type\":\"ListItem\",\"position\":2,\"name\":\"Eigelsteinfest &#8211; 21.-22.06.2014\"}]},{\"@type\":\"WebSite\",\"@id\":\"https:\\\/\\\/www.gaidaphotos.com\\\/blog\\\/#website\",\"url\":\"https:\\\/\\\/www.gaidaphotos.com\\\/blog\\\/\",\"name\":\"K\u00f6ln Rodenkirchen und die Welt\",\"description\":\"Einkaufen, Restaurants, Freizeit, Nachrichten und was uns sonst bewegt und begegnet\",\"publisher\":{\"@id\":\"https:\\\/\\\/www.gaidaphotos.com\\\/blog\\\/#organization\"},\"potentialAction\":[{\"@type\":\"SearchAction\",\"target\":{\"@type\":\"EntryPoint\",\"urlTemplate\":\"https:\\\/\\\/www.gaidaphotos.com\\\/blog\\\/?s={search_term_string}\"},\"query-input\":{\"@type\":\"PropertyValueSpecification\",\"valueRequired\":true,\"valueName\":\"search_term_string\"}}],\"inLanguage\":\"de\"},{\"@type\":\"Organization\",\"@id\":\"https:\\\/\\\/www.gaidaphotos.com\\\/blog\\\/#organization\",\"name\":\"gaidaphotos\",\"url\":\"https:\\\/\\\/www.gaidaphotos.com\\\/blog\\\/\",\"logo\":{\"@type\":\"ImageObject\",\"inLanguage\":\"de\",\"@id\":\"https:\\\/\\\/www.gaidaphotos.com\\\/blog\\\/#\\\/schema\\\/logo\\\/image\\\/\",\"url\":\"https:\\\/\\\/i0.wp.com\\\/www.gaidaphotos.com\\\/blog\\\/wp-content\\\/uploads\\\/2020\\\/07\\\/GAIDAPHOTOS-COM.jpg?fit=160%2C96&ssl=1\",\"contentUrl\":\"https:\\\/\\\/i0.wp.com\\\/www.gaidaphotos.com\\\/blog\\\/wp-content\\\/uploads\\\/2020\\\/07\\\/GAIDAPHOTOS-COM.jpg?fit=160%2C96&ssl=1\",\"width\":160,\"height\":96,\"caption\":\"gaidaphotos\"},\"image\":{\"@id\":\"https:\\\/\\\/www.gaidaphotos.com\\\/blog\\\/#\\\/schema\\\/logo\\\/image\\\/\"},\"sameAs\":[\"https:\\\/\\\/www.facebook.com\\\/Koeln.Rodenkirchen\",\"https:\\\/\\\/x.com\\\/gaidaphotos\",\"https:\\\/\\\/instagram.com\\\/gaidaphotos\\\/\",\"https:\\\/\\\/de.linkedin.com\\\/in\\\/gaidaphotos\",\"https:\\\/\\\/myspace.com\\\/gaidaphotos\",\"https:\\\/\\\/www.pinterest.com\\\/gaidaphotos\\\/\",\"https:\\\/\\\/www.youtube.com\\\/user\\\/gaidaphotos\"]},{\"@type\":\"Person\",\"@id\":\"https:\\\/\\\/www.gaidaphotos.com\\\/blog\\\/#\\\/schema\\\/person\\\/6c444a5b13ffc503c5c32f5a9ec68b21\",\"name\":\"Thomas\",\"sameAs\":[\"https:\\\/\\\/www.gaidaphotos.com\",\"https:\\\/\\\/www.facebook.com\\\/gaidaphotos\",\"https:\\\/\\\/instagram.com\\\/gaidaphotos\\\/\",\"https:\\\/\\\/www.linkedin.com\\\/in\\\/gaidaphotos\",\"http:\\\/\\\/www.pinterest.com\\\/gaidaphotos\\\/\",\"https:\\\/\\\/x.com\\\/gaidaphotos\",\"https:\\\/\\\/myspace.com\\\/gaidaphotos\",\"https:\\\/\\\/www.youtube.com\\\/user\\\/gaidaphotos\",\"https:\\\/\\\/gaidaphotos.tumblr.com\\\/\"]}]}<\/script>\n<!-- \/ Yoast SEO plugin. -->","yoast_head_json":{"title":"Eigelsteinfest - 21.-22.06.2014 - K\u00f6ln Rodenkirchen und die Welt","description":"Stra\u00dfenfest am Eigelstein, 21.-22.06.2014 - auch wenn kein verkaufsoffener Sonntag gilt hier \"Am Eigelstein is' Musik\" mit tollem B\u00fchnenprogramm uvm","robots":{"index":"index","follow":"follow","max-snippet":"max-snippet:-1","max-image-preview":"max-image-preview:large","max-video-preview":"max-video-preview:-1"},"canonical":"https:\/\/www.gaidaphotos.com\/blog\/2014\/06\/18\/eigelsteinfest-21-22-06-2014\/","og_locale":"de_DE","og_type":"article","og_title":"Eigelsteinfest - 21.-22.06.2014 - K\u00f6ln Rodenkirchen und die Welt","og_description":"Stra\u00dfenfest am Eigelstein, 21.-22.06.2014 - auch wenn kein verkaufsoffener Sonntag gilt hier \"Am Eigelstein is' Musik\" mit tollem B\u00fchnenprogramm uvm","og_url":"https:\/\/www.gaidaphotos.com\/blog\/2014\/06\/18\/eigelsteinfest-21-22-06-2014\/","og_site_name":"K\u00f6ln Rodenkirchen und die Welt","article_publisher":"https:\/\/www.facebook.com\/Koeln.Rodenkirchen","article_author":"https:\/\/www.facebook.com\/gaidaphotos","article_published_time":"2014-06-18T15:17:35+00:00","og_image":[{"width":667,"height":1000,"url":"https:\/\/i2.wp.com\/www.gaidaphotos.com\/blog\/wp-content\/uploads\/ngg_featured\/rodenkirchen-sommerfest-2013-13.jpg?fit=667%2C1000&ssl=1","type":"image\/jpeg"}],"author":"Thomas","twitter_card":"summary_large_image","twitter_creator":"@gaidaphotos","twitter_site":"@gaidaphotos","twitter_misc":{"Verfasst von":"Thomas","Gesch\u00e4tzte Lesezeit":"2\u00a0Minuten"},"schema":{"@context":"https:\/\/schema.org","@graph":[{"@type":"Article","@id":"https:\/\/www.gaidaphotos.com\/blog\/2014\/06\/18\/eigelsteinfest-21-22-06-2014\/#article","isPartOf":{"@id":"https:\/\/www.gaidaphotos.com\/blog\/2014\/06\/18\/eigelsteinfest-21-22-06-2014\/"},"author":{"name":"Thomas","@id":"https:\/\/www.gaidaphotos.com\/blog\/#\/schema\/person\/6c444a5b13ffc503c5c32f5a9ec68b21"},"headline":"Eigelsteinfest &#8211; 21.-22.06.2014","datePublished":"2014-06-18T15:17:35+00:00","mainEntityOfPage":{"@id":"https:\/\/www.gaidaphotos.com\/blog\/2014\/06\/18\/eigelsteinfest-21-22-06-2014\/"},"wordCount":351,"commentCount":1,"publisher":{"@id":"https:\/\/www.gaidaphotos.com\/blog\/#organization"},"image":{"@id":"https:\/\/www.gaidaphotos.com\/blog\/2014\/06\/18\/eigelsteinfest-21-22-06-2014\/#primaryimage"},"thumbnailUrl":"https:\/\/i0.wp.com\/www.gaidaphotos.com\/blog\/wp-content\/uploads\/ngg_featured\/rodenkirchen-sommerfest-2013-13.jpg?fit=667%2C1000&ssl=1","keywords":["Einkaufen\/ Shopping","Freizeit-Ideen","K\u00f6ln","Shopping","Strassenfest"],"articleSection":["K\u00f6ln","Stra\u00dfenfest K\u00f6ln"],"inLanguage":"de","potentialAction":[{"@type":"CommentAction","name":"Comment","target":["https:\/\/www.gaidaphotos.com\/blog\/2014\/06\/18\/eigelsteinfest-21-22-06-2014\/#respond"]}]},{"@type":"WebPage","@id":"https:\/\/www.gaidaphotos.com\/blog\/2014\/06\/18\/eigelsteinfest-21-22-06-2014\/","url":"https:\/\/www.gaidaphotos.com\/blog\/2014\/06\/18\/eigelsteinfest-21-22-06-2014\/","name":"Eigelsteinfest - 21.-22.06.2014 - K\u00f6ln Rodenkirchen und die Welt","isPartOf":{"@id":"https:\/\/www.gaidaphotos.com\/blog\/#website"},"primaryImageOfPage":{"@id":"https:\/\/www.gaidaphotos.com\/blog\/2014\/06\/18\/eigelsteinfest-21-22-06-2014\/#primaryimage"},"image":{"@id":"https:\/\/www.gaidaphotos.com\/blog\/2014\/06\/18\/eigelsteinfest-21-22-06-2014\/#primaryimage"},"thumbnailUrl":"https:\/\/i0.wp.com\/www.gaidaphotos.com\/blog\/wp-content\/uploads\/ngg_featured\/rodenkirchen-sommerfest-2013-13.jpg?fit=667%2C1000&ssl=1","datePublished":"2014-06-18T15:17:35+00:00","description":"Stra\u00dfenfest am Eigelstein, 21.-22.06.2014 - auch wenn kein verkaufsoffener Sonntag gilt hier \"Am Eigelstein is' Musik\" mit tollem B\u00fchnenprogramm uvm","breadcrumb":{"@id":"https:\/\/www.gaidaphotos.com\/blog\/2014\/06\/18\/eigelsteinfest-21-22-06-2014\/#breadcrumb"},"inLanguage":"de","potentialAction":[{"@type":"ReadAction","target":["https:\/\/www.gaidaphotos.com\/blog\/2014\/06\/18\/eigelsteinfest-21-22-06-2014\/"]}]},{"@type":"ImageObject","inLanguage":"de","@id":"https:\/\/www.gaidaphotos.com\/blog\/2014\/06\/18\/eigelsteinfest-21-22-06-2014\/#primaryimage","url":"https:\/\/i0.wp.com\/www.gaidaphotos.com\/blog\/wp-content\/uploads\/ngg_featured\/rodenkirchen-sommerfest-2013-13.jpg?fit=667%2C1000&ssl=1","contentUrl":"https:\/\/i0.wp.com\/www.gaidaphotos.com\/blog\/wp-content\/uploads\/ngg_featured\/rodenkirchen-sommerfest-2013-13.jpg?fit=667%2C1000&ssl=1","width":667,"height":1000},{"@type":"BreadcrumbList","@id":"https:\/\/www.gaidaphotos.com\/blog\/2014\/06\/18\/eigelsteinfest-21-22-06-2014\/#breadcrumb","itemListElement":[{"@type":"ListItem","position":1,"name":"Startseite","item":"https:\/\/www.gaidaphotos.com\/blog\/"},{"@type":"ListItem","position":2,"name":"Eigelsteinfest &#8211; 21.-22.06.2014"}]},{"@type":"WebSite","@id":"https:\/\/www.gaidaphotos.com\/blog\/#website","url":"https:\/\/www.gaidaphotos.com\/blog\/","name":"K\u00f6ln Rodenkirchen und die Welt","description":"Einkaufen, Restaurants, Freizeit, Nachrichten und was uns sonst bewegt und begegnet","publisher":{"@id":"https:\/\/www.gaidaphotos.com\/blog\/#organization"},"potentialAction":[{"@type":"SearchAction","target":{"@type":"EntryPoint","urlTemplate":"https:\/\/www.gaidaphotos.com\/blog\/?s={search_term_string}"},"query-input":{"@type":"PropertyValueSpecification","valueRequired":true,"valueName":"search_term_string"}}],"inLanguage":"de"},{"@type":"Organization","@id":"https:\/\/www.gaidaphotos.com\/blog\/#organization","name":"gaidaphotos","url":"https:\/\/www.gaidaphotos.com\/blog\/","logo":{"@type":"ImageObject","inLanguage":"de","@id":"https:\/\/www.gaidaphotos.com\/blog\/#\/schema\/logo\/image\/","url":"https:\/\/i0.wp.com\/www.gaidaphotos.com\/blog\/wp-content\/uploads\/2020\/07\/GAIDAPHOTOS-COM.jpg?fit=160%2C96&ssl=1","contentUrl":"https:\/\/i0.wp.com\/www.gaidaphotos.com\/blog\/wp-content\/uploads\/2020\/07\/GAIDAPHOTOS-COM.jpg?fit=160%2C96&ssl=1","width":160,"height":96,"caption":"gaidaphotos"},"image":{"@id":"https:\/\/www.gaidaphotos.com\/blog\/#\/schema\/logo\/image\/"},"sameAs":["https:\/\/www.facebook.com\/Koeln.Rodenkirchen","https:\/\/x.com\/gaidaphotos","https:\/\/instagram.com\/gaidaphotos\/","https:\/\/de.linkedin.com\/in\/gaidaphotos","https:\/\/myspace.com\/gaidaphotos","https:\/\/www.pinterest.com\/gaidaphotos\/","https:\/\/www.youtube.com\/user\/gaidaphotos"]},{"@type":"Person","@id":"https:\/\/www.gaidaphotos.com\/blog\/#\/schema\/person\/6c444a5b13ffc503c5c32f5a9ec68b21","name":"Thomas","sameAs":["https:\/\/www.gaidaphotos.com","https:\/\/www.facebook.com\/gaidaphotos","https:\/\/instagram.com\/gaidaphotos\/","https:\/\/www.linkedin.com\/in\/gaidaphotos","http:\/\/www.pinterest.com\/gaidaphotos\/","https:\/\/x.com\/gaidaphotos","https:\/\/myspace.com\/gaidaphotos","https:\/\/www.youtube.com\/user\/gaidaphotos","https:\/\/gaidaphotos.tumblr.com\/"]}]}},"jetpack_publicize_connections":[],"jetpack_featured_media_url":"https:\/\/i0.wp.com\/www.gaidaphotos.com\/blog\/wp-content\/uploads\/ngg_featured\/rodenkirchen-sommerfest-2013-13.jpg?fit=667%2C1000&ssl=1","jetpack_sharing_enabled":true,"jetpack_likes_enabled":true,"jetpack-related-posts":[{"id":5039,"url":"https:\/\/www.gaidaphotos.com\/blog\/2012\/09\/24\/verkaufsoffener-sonntag-30-09-2012-koeln-rund-am-eigelstein\/","url_meta":{"origin":6446,"position":0},"title":"Verkaufsoffener Sonntag 30.09.2012 K\u00f6ln: Rund am Eigelstein Radrennen","author":"Thomas","date":"24. September 2012","format":false,"excerpt":"Verkaufsoffener Sonntag 30.09.2012 K\u00f6ln: Rund am Eigelstein Radrennen Der 30. September 2012 ist ein Gro\u00dfkampftag f\u00fcr alle die den verkaufsoffenen Sonntag lieben. Gleich 6 K\u00f6lner Veedel laden unter verschiedenen Themen zum Shopping am Sonntag. Hei\u00dfester Tip: Das Radrennen \"Rund an der Eigelsteintorburg\" und das 40. Jahre Center-Jubil\u00e4um in K\u00f6ln Weiden.\u2026","rel":"","context":"In &quot;Verkaufsoffener Sonntag K\u00f6ln NRW&quot;","block_context":{"text":"Verkaufsoffener Sonntag K\u00f6ln NRW","link":"https:\/\/www.gaidaphotos.com\/blog\/category\/kalender-archiv\/verkaufsoffener-sonntag-koln-nrw\/"},"img":{"alt_text":"","src":"https:\/\/www.gaidaphotos.com\/blog\/wp-content\/uploads\/2020\/08\/nggallery_import\/115_","width":350,"height":200,"srcset":"https:\/\/www.gaidaphotos.com\/blog\/wp-content\/uploads\/2020\/08\/nggallery_import\/115_ 1x, https:\/\/www.gaidaphotos.com\/blog\/wp-content\/uploads\/2020\/08\/nggallery_import\/115_ 1.5x, https:\/\/www.gaidaphotos.com\/blog\/wp-content\/uploads\/2020\/08\/nggallery_import\/115_ 2x"},"classes":[]},{"id":7125,"url":"https:\/\/www.gaidaphotos.com\/blog\/2014\/08\/05\/strassenfest-venloer-strasse-koeln-2014\/","url_meta":{"origin":6446,"position":1},"title":"21. Stra\u00dfenfest Venloer Stra\u00dfe K\u00f6ln 2014","author":"Thomas","date":"5. August 2014","format":false,"excerpt":"21. Stra\u00dfenfest Venloer Stra\u00dfe K\u00f6ln 2014 Schon zum 21. Mal pr\u00e4sentieren sich die Ehrenfelder Gesch\u00e4ftsleute, Unternehmen, Institutionen, Vereine, Parteien und eine bunte Mischung externer H\u00e4ndler und Karussells auch in diesem Jahr wieder auf dem traditionellen Stra\u00dfenfest in Ehrenfeld Das Stra\u00dfenfest in Ehrenfeld ist von seiner Gr\u00f6\u00dfe und den Besucherzahlen eines\u2026","rel":"","context":"In &quot;Verkaufsoffener Sonntag K\u00f6ln NRW&quot;","block_context":{"text":"Verkaufsoffener Sonntag K\u00f6ln NRW","link":"https:\/\/www.gaidaphotos.com\/blog\/category\/kalender-archiv\/verkaufsoffener-sonntag-koln-nrw\/"},"img":{"alt_text":"","src":"https:\/\/i0.wp.com\/www.gaidaphotos.com\/blog\/wp-content\/uploads\/ngg_featured\/rodenkirchen-sommerfest-2013-07.jpg?fit=667%2C1000&ssl=1&resize=350%2C200","width":350,"height":200,"srcset":"https:\/\/i0.wp.com\/www.gaidaphotos.com\/blog\/wp-content\/uploads\/ngg_featured\/rodenkirchen-sommerfest-2013-07.jpg?fit=667%2C1000&ssl=1&resize=350%2C200 1x, https:\/\/i0.wp.com\/www.gaidaphotos.com\/blog\/wp-content\/uploads\/ngg_featured\/rodenkirchen-sommerfest-2013-07.jpg?fit=667%2C1000&ssl=1&resize=525%2C300 1.5x"},"classes":[]},{"id":4833,"url":"https:\/\/www.gaidaphotos.com\/blog\/2012\/06\/26\/verkaufsoffener-sonntag-01-07-2012-in-koln\/","url_meta":{"origin":6446,"position":2},"title":"verkaufsoffener Sonntag 01.07.2012 in K\u00f6ln","author":"Thomas","date":"26. Juni 2012","format":false,"excerpt":"verkaufsoffener Sonntag 01.07.2012 in K\u00f6ln Der letzte verkaufsoffene Sonntag f\u00fcr K\u00f6ln vor den Sommerferien findet in K\u00f6ln-Holweide beim Holweider Stra\u00dfenfest 2012 statt. Zwischen Bahntrasse - westlich der Wasserwerkstra\u00dfe - westlich der M\u00e4rchenstra\u00dfe - Heinz-K\u00fchn-Stra\u00dfe - Im Merheimer Felde - Bundesautobahn A 3 haben die Gesch\u00e4fte zum Holweider Stra\u00dfenfest f\u00fcr Sie\u2026","rel":"","context":"In &quot;Stra\u00dfenfest K\u00f6ln&quot;","block_context":{"text":"Stra\u00dfenfest K\u00f6ln","link":"https:\/\/www.gaidaphotos.com\/blog\/category\/kalender-archiv\/strasenfest-koln\/"},"img":{"alt_text":"verkaufsoffener Sonntag 01.07.2012 in K\u00f6ln","src":"https:\/\/i0.wp.com\/www.gaidaphotos.com\/blog\/wp-content\/uploads\/2012\/06\/strassenfest-koeln-holweide-2012.jpg?fit=408%2C582&ssl=1&resize=350%2C200","width":350,"height":200},"classes":[]},{"id":4782,"url":"https:\/\/www.gaidaphotos.com\/blog\/2012\/06\/21\/rodenkirchener-sommertage-2012-strassenfest\/","url_meta":{"origin":6446,"position":3},"title":"Rodenkirchener Sommertage &#8211; Stra\u00dfenfest 30.06.- 01.07.2012","author":"Thomas","date":"21. Juni 2012","format":false,"excerpt":"\u201eRodenkirchener Sommertage\/Stra\u00dfenfest 2012- Wir sind der 12. Mann!\u201c \u2026pr\u00e4sentiert von der Aktionsgemeinschaft Rodenkirchen e. V., Gaffel K\u00f6lsch, Schneider Automaten, Sparkasse K\u00f6lnBonn und T\u00f6nissteiner am 30.06. und 01.07.2012 Am spielfreien Samstag ist Rodenkirchen am Ball mit einem Stra\u00dfenfest. Die Rodenkirchener Sommertage sind im Fu\u00dfball-Fieber. Rodenkirchener Sommertage - Stra\u00dfenfest 2012 Was hat\u2026","rel":"","context":"In &quot;K\u00f6ln Rodenkirchen Freizeit&quot;","block_context":{"text":"K\u00f6ln Rodenkirchen Freizeit","link":"https:\/\/www.gaidaphotos.com\/blog\/category\/koeln-rodenkirchen\/koeln-rodenkirchen-freizeit\/"},"img":{"alt_text":"Rodenkirchener Sommertage: Stra\u00dfenfest 2012","src":"https:\/\/i0.wp.com\/www.gaidaphotos.com\/blog\/wp-content\/uploads\/2012\/06\/rodenkirchener-sommertage-gaidaphotos-com.jpg?fit=400%2C721&ssl=1&resize=350%2C200","width":350,"height":200},"classes":[]},{"id":6451,"url":"https:\/\/www.gaidaphotos.com\/blog\/2014\/06\/19\/strassenfest-landmannstrasse-2014\/","url_meta":{"origin":6446,"position":4},"title":"Stra\u00dfenfest Landmannstra\u00dfe 2014","author":"Thomas","date":"19. Juni 2014","format":false,"excerpt":"Landmannstra\u00dfe-Fest 28.-29.06.2014 Kurz vor den gro\u00dfen Sommerferien in NRW laden viele K\u00f6lner Stadtviertel zu einem Stra\u00dfenfest und verkaufsoffenem Sonntag. Das Wetter Ende Juni ist \u00fcberwiegend stabil und meist sogar warm. Und die Fu\u00dfballweltmeisterschaft in diesem Jahr bietet Anlass zum Public Viewing. Am Samstag, den 28. und Sonntag, den 29. Juni\u2026","rel":"","context":"In &quot;K\u00f6ln&quot;","block_context":{"text":"K\u00f6ln","link":"https:\/\/www.gaidaphotos.com\/blog\/category\/koeln\/"},"img":{"alt_text":"","src":"https:\/\/i0.wp.com\/www.gaidaphotos.com\/blog\/wp-content\/uploads\/ngg_featured\/rodenkirchen-strassenfest-2012-04.jpg?fit=1000%2C667&ssl=1&resize=350%2C200","width":350,"height":200,"srcset":"https:\/\/i0.wp.com\/www.gaidaphotos.com\/blog\/wp-content\/uploads\/ngg_featured\/rodenkirchen-strassenfest-2012-04.jpg?fit=1000%2C667&ssl=1&resize=350%2C200 1x, https:\/\/i0.wp.com\/www.gaidaphotos.com\/blog\/wp-content\/uploads\/ngg_featured\/rodenkirchen-strassenfest-2012-04.jpg?fit=1000%2C667&ssl=1&resize=525%2C300 1.5x, https:\/\/i0.wp.com\/www.gaidaphotos.com\/blog\/wp-content\/uploads\/ngg_featured\/rodenkirchen-strassenfest-2012-04.jpg?fit=1000%2C667&ssl=1&resize=700%2C400 2x"},"classes":[]},{"id":3239,"url":"https:\/\/www.gaidaphotos.com\/blog\/2010\/07\/28\/verkaufsoffener-sonntag-01-08-2010-in-koeln-deutz-nrw\/","url_meta":{"origin":6446,"position":5},"title":"verkaufsoffener Sonntag 01.08.2010 in K\u00f6ln Deutz, NRW","author":"Thomas","date":"28. Juli 2010","format":false,"excerpt":"Verkaufsoffener Sonntag 01.08.2010 in K\u00f6ln Deutz, NRW, mit Stra\u00dfenfest 12. DEUTZER STRA\u00dfENFEST und verkaufsoffener Sonntag: DEUTZER FREIHEIT + GRAF-GESSLER-STRASSE! Zum verkaufsoffenen Sonntag 01.08.2010 l\u00e4dt die IG Deutz zum 12. Mal auf die Deutzer Freiheit. Unterst\u00fctzung findet das Stra\u00dfenfest durch Reissdorf-Brauerei, Coca-Cola, dem EXPRESS, der PSD-Bank und der K\u00f6lnmesse Verkaufsoffener Sonntag\u2026","rel":"","context":"In &quot;Verkaufsoffener Sonntag K\u00f6ln NRW&quot;","block_context":{"text":"Verkaufsoffener Sonntag K\u00f6ln NRW","link":"https:\/\/www.gaidaphotos.com\/blog\/category\/kalender-archiv\/verkaufsoffener-sonntag-koln-nrw\/"},"img":{"alt_text":"verkaufsoffener Sonntag 01.08.2010 in K\u00f6ln Deutz, NRW","src":"https:\/\/i0.wp.com\/www.gaidaphotos.com\/blog\/wp-content\/uploads\/2010\/07\/verkaufsoffener-sonntag-1-8-2010-koeln-deutz.jpg?resize=350%2C200&ssl=1","width":350,"height":200},"classes":[]}],"_links":{"self":[{"href":"https:\/\/www.gaidaphotos.com\/blog\/wp-json\/wp\/v2\/posts\/6446","targetHints":{"allow":["GET"]}}],"collection":[{"href":"https:\/\/www.gaidaphotos.com\/blog\/wp-json\/wp\/v2\/posts"}],"about":[{"href":"https:\/\/www.gaidaphotos.com\/blog\/wp-json\/wp\/v2\/types\/post"}],"author":[{"embeddable":true,"href":"https:\/\/www.gaidaphotos.com\/blog\/wp-json\/wp\/v2\/users\/6"}],"replies":[{"embeddable":true,"href":"https:\/\/www.gaidaphotos.com\/blog\/wp-json\/wp\/v2\/comments?post=6446"}],"version-history":[{"count":0,"href":"https:\/\/www.gaidaphotos.com\/blog\/wp-json\/wp\/v2\/posts\/6446\/revisions"}],"wp:featuredmedia":[{"embeddable":true,"href":"https:\/\/www.gaidaphotos.com\/blog\/wp-json\/wp\/v2\/media\/6447"}],"wp:attachment":[{"href":"https:\/\/www.gaidaphotos.com\/blog\/wp-json\/wp\/v2\/media?parent=6446"}],"wp:term":[{"taxonomy":"category","embeddable":true,"href":"https:\/\/www.gaidaphotos.com\/blog\/wp-json\/wp\/v2\/categories?post=6446"},{"taxonomy":"post_tag","embeddable":true,"href":"https:\/\/www.gaidaphotos.com\/blog\/wp-json\/wp\/v2\/tags?post=6446"}],"curies":[{"name":"wp","href":"https:\/\/api.w.org\/{rel}","templated":true}]}}