{"id":6451,"date":"2014-06-19T17:46:59","date_gmt":"2014-06-19T15:46:59","guid":{"rendered":"http:\/\/www.gaidaphotos.com\/blog\/?p=6451"},"modified":"2014-06-19T17:46:59","modified_gmt":"2014-06-19T15:46:59","slug":"strassenfest-landmannstrasse-2014","status":"publish","type":"post","link":"https:\/\/www.gaidaphotos.com\/blog\/2014\/06\/19\/strassenfest-landmannstrasse-2014\/","title":{"rendered":"Stra\u00dfenfest Landmannstra\u00dfe 2014"},"content":{"rendered":"<h2>Landmannstra\u00dfe-Fest 28.-29.06.2014<\/h2>\n<p><figure style=\"width: 155px\" class=\"wp-caption alignleft\"><a href=\"https:\/\/i0.wp.com\/www.gaidaphotos.com\/blog\/wp-content\/gallery\/rodenkirchener-strassenfest-2012\/rodenkirchen-strassenfest-2012-04.jpg?ssl=1\" title='Rodenkirchen Strassenfest 2012 - Kinderspiele'><img data-recalc-dims=\"1\" src=\"https:\/\/i0.wp.com\/www.gaidaphotos.com\/blog\/wp-content\/gallery\/rodenkirchener-strassenfest-2012\/thumbs\/thumbs_rodenkirchen-strassenfest-2012-04.jpg?w=910&#038;ssl=1\" alt='Rodenkirchen Strassenfest 2012' align='center' \/><\/a><figcaption class=\"wp-caption-text\">Stra\u00dfenfest<\/figcaption><\/figure><br \/>\nKurz vor den gro\u00dfen Sommerferien in NRW laden viele K\u00f6lner Stadtviertel zu einem<strong> Stra\u00dfenfest und verkaufsoffenem Sonntag<\/strong>. Das Wetter Ende Juni ist \u00fcberwiegend stabil und meist sogar warm. Und die Fu\u00dfballweltmeisterschaft in diesem Jahr bietet Anlass zum Public Viewing.<\/p>\n<p>Am Samstag, den <strong>28. und Sonntag, den 29. Juni  2014<\/strong> l\u00e4dt die <strong>Landmannstra\u00dfe in K\u00f6ln-Neuehrenfeld<\/strong> zum allj\u00e4hrlichen Stra\u00dfenfest, von 11:00 bis 22:00  Uhr.<br \/>\nMotto der Landmannstra\u00dfe ist 2014 &#8222;Landmannstra\u00dfe . . . unser Veedel&#8220;! Wer h\u00e4tte das gedacht. Zumindest wird nicht die WM bem\u00fcht.<\/p>\n<p>Erfreulich ist, dass nahezu alle Gesch\u00e4fte auf der Landmannstra\u00dfe dabei sind und sich wieder an dem bereits &#8222;traditionellen&#8220; Stra\u00dfenfest in Neuehrenfeld beteiligen. Unterst\u00fctzt werden sie wie in jedem Jahr von angereisten H\u00e4ndlern. Und am Sonntag d\u00fcrfen alle Gesch\u00e4fte in Neuehrenfeld ihre Pforten \u00f6ffnen.<\/p>\n<p>F\u00fcr <strong>Kinder <\/strong>gibt es das \u00fcbliche Programm, damit die Eltern in Ruhe Zeit zum Shoppen haben. Und auch f\u00fcr das <strong>leibliche Wohl<\/strong> ist mit vielen Getr\u00e4nkest\u00e4nden mit frisch gezapftem K\u00f6lsch und &#8222;Lecker was zu Schnabulieren&#8220; von ans\u00e4ssigen und angereisten K\u00f6chen und Fast-Food-Zauberern.<\/p>\n<h3>Lanndmannstra\u00dfenfest B\u00fchnenprogramm<\/h3>\n<h4>B\u00dcHNE  LENAUPLATZ<\/h4>\n<p>An beiden Tagen von  14:00  bis  22:00 Uhr non-stop<\/p>\n<p><strong>Samstag,  28. Juni<\/strong><\/p>\n<ul>\n<li>Gro\u00dfe KG von 1923<\/li>\n<li>Teddy Fl\u00f6ck<\/li>\n<li>Hingerhoff<\/li>\n<li>Gino dal Nero<\/li>\n<dl>6 K\u00f6lsch<\/dl>\n<li>Tommy Walter<\/li>\n<li>K\u00f6lschfraktion<\/li>\n<li>Marita K\u00f6llner<\/li>\n<li>sowie die erfolgreiche Cover-Band<br \/>\nNew Onisono<\/li>\n<p>Moderation:  Larry G. Rieger\n<\/ul>\n<p><strong>Sonntag,  29. Juni<\/strong><\/p>\n<ul>\n<li>Kinderprogramm mit Rick Junior<\/li>\n<li>TTC Rot-Gold<\/li>\n<li>J\u00fcrgen Peter<\/li>\n<li>Michael Zaremba<\/li>\n<li>Jerry Gold<\/li>\n<li>Jed\u00f6ns<\/li>\n<li>Der Engeln<\/li>\n<li>K\u00f6ln-Kartell<\/li>\n<li>Fl\u00f6ckchen<\/li>\n<li>Kragekn\u00f6pp<\/li>\n<li>Alpenk\u00f6lsch<\/li>\n<p>Moderation:  Tommy Walter und Daniel Basalla<\/ul>\n<h4>&#8222;VEEDELSB\u00dcHNE&#8220;<\/h4>\n<p>an der Subbelrather Stra\u00dfe<\/p>\n<p>Gesch\u00e4fte der Landmannstra\u00dfe pr\u00e4sentieren:<\/p>\n<blockquote><p>\n<strong>MODE &#038; MUSIK<\/strong><br \/>\nDiverse Modenschauen<br \/>\nPr\u00e4sentationen<br \/>\nund viel Musik<\/p><\/blockquote>\n<p><strong>Samstag,  28. Juni<\/strong><\/p>\n<ul>\n<li>15:00   Blue Sun Band<\/li>\n<li>16:00   Modenschau<\/li>\n<li>16:30   Blue Sun Band<\/li>\n<li>20:00   Moor and More<\/li>\n<\/ul>\n<p><strong>Sonntag,  29. Juni<\/strong><\/p>\n<ul>\n<li>15:00   Blue Sun Band<\/li>\n<li>16:00   Modenschau<\/li>\n<li>16:30   Blue sun Band<\/li>\n<li>18:00   K\u00fchl un de G\u00e4ng<\/li>\n<li>20:30   Pl\u00e4sier<\/li>\n<\/ul>\n<p>Die &#8222;Veedelsb\u00fchne&#8220; wird liebevoll dekoriert von &#8222;Stielecht Floristik&#8220; (Landmannstr. 2)<\/p>\n<p>TEILNEHMER AUS DEM VEEDEL:<\/p>\n<p>ALESSANDRO MOSCATIELLO,  BEAUTY &#038; MORE,  BLUEBELL HOME,  CAF\u00c9 LANDMANN,  CAFF\u00c9 GUSTO,  DANIELA JORDANS,  DHW DESIGN,  FISCHFACHGESCH\u00c4FT DUCK,  FOTO MALINKA,  GAUMENSCHAU,  HAUPTSACHE K\u00d6HLER,  HAUS TUTT,  IMAGINE,  KENIA HILFE K\u00f6ln e.V.,  LIEBLINGSMODE,  LOBBY F\u00dcR M\u00c4DCHEN,  LOHEIT &#038; STEIN,  MIKE\u00b4s BIKE\u00b4s,  PARF\u00dcMERIE MELLER,  REISDORF IM MOSELST\u00dcBCHEN,  RESTAURANT P\u00d6TTGEN,  S.A.L.E. Hinterkausen,  SPIELWERK,  STEIN OPTIK,  VIELFALT Wein &#038; Caf\u00e9,  WERA W\u00e4sche + Mode   u.v.m.<\/p>\n<h3>Stra\u00dfenfest Landmannstra\u00dfe<\/h3>\n<p>Veranstaltungsort:<br \/>\nK\u00f6ln &#8211; Neuehrenfeld: Landmannstra\u00dfe, zwischen Subbelrather Str. und Lenauplatz<br \/>\nTermin:<br \/>\n28. und 29. Juni 2014 (verkaufsoffener Sonntag); jeweils 11:00-22:00 Uhr<\/p>\n<p>Eine Initiative der Interessengemeinschaft Landmannstra\u00dfe als Vertreter des Einzelhandels und Gewerbes in Neuehrenfeld<br \/>\nVeranstaltungs-Hotline:<br \/>\n0221 \/ 170 77 88 (Nur w\u00e4hrend des Stra\u00dfenfestes)<\/p>\n<h3>Stra\u00dfenfest &#8211; Stra\u00dfensperrung<\/h3>\n<p>Die gesamte Veranstaltungsfl\u00e4che ist ab Freitag, 27.  Juni  2014, 19:00 Uhr gesperrt.<br \/>\nVeranstaltungsfl\u00e4che ist die Landmannstra\u00dfe, von der Subbelrather Stra\u00dfe bis Lenauplatz.<br \/>\nIn diesem Bereich abgestellte Fahrzeuge werden ab<br \/>\nFreitag, 27. Juni 2014, 19:00 Uhr, bis<br \/>\nMontag, 30. Juni 2014, 5:00 Uhr,  abgeschleppt.<\/p>\n<p>In dieser Zeit ist das Befahren und Parken in diesem Bereich verboten.<\/p>\n<p>Von der Umleitung betroffen, sind ferner:<br \/>\nFridolinstr., Kleitstr., Merkensstr., F\u00f6rsterstr. und Lenaustra\u00dfe.<\/p>\n<p>Der Veranstalter beh\u00e4lt sich \u00c4nderungen ausdr\u00fccklich vor.<\/p>\n","protected":false},"excerpt":{"rendered":"<p>Landmannstra\u00dfe-Fest 28.-29.06.2014 Kurz vor den gro\u00dfen Sommerferien in NRW laden viele K\u00f6lner Stadtviertel zu einem Stra\u00dfenfest und verkaufsoffenem Sonntag. Das<\/p>\n","protected":false},"author":6,"featured_media":6452,"comment_status":"open","ping_status":"open","sticky":false,"template":"","format":"standard","meta":{"_crdt_document":"","ngg_post_thumbnail":0,"jetpack_post_was_ever_published":false,"_jetpack_newsletter_access":"","_jetpack_dont_email_post_to_subs":false,"_jetpack_newsletter_tier_id":0,"_jetpack_memberships_contains_paywalled_content":false,"_jetpack_memberships_contains_paid_content":false,"footnotes":"","jetpack_publicize_message":"","jetpack_publicize_feature_enabled":true,"jetpack_social_post_already_shared":true,"jetpack_social_options":{"image_generator_settings":{"template":"highway","default_image_id":0,"font":"","enabled":false},"version":2}},"categories":[98,362],"tags":[108,102,544,153],"class_list":["post-6451","post","type-post","status-publish","format-standard","has-post-thumbnail","hentry","category-koeln","category-strasenfest-koln","tag-einkaufen","tag-freizeit","tag-koeln","tag-strassenfest"],"yoast_head":"<!-- This site is optimized with the Yoast SEO plugin v27.5 - https:\/\/yoast.com\/product\/yoast-seo-wordpress\/ -->\n<title>Stra\u00dfenfest Landmannstra\u00dfe 2014 - K\u00f6ln Rodenkirchen und die Welt<\/title>\n<meta name=\"description\" content=\"Stra\u00dfenfest Landmannstra\u00dfe 28.-29.06.2014 - B\u00fchnenprogramm, Verkehrshinweise, Teilnehmer, Info rund um&#039;s Veedelsfest\" \/>\n<meta name=\"robots\" content=\"index, follow, max-snippet:-1, max-image-preview:large, max-video-preview:-1\" \/>\n<link rel=\"canonical\" href=\"https:\/\/www.gaidaphotos.com\/blog\/2014\/06\/19\/strassenfest-landmannstrasse-2014\/\" \/>\n<meta property=\"og:locale\" content=\"de_DE\" \/>\n<meta property=\"og:type\" content=\"article\" \/>\n<meta property=\"og:title\" content=\"Stra\u00dfenfest Landmannstra\u00dfe 2014 - K\u00f6ln Rodenkirchen und die Welt\" \/>\n<meta property=\"og:description\" content=\"Stra\u00dfenfest Landmannstra\u00dfe 28.-29.06.2014 - B\u00fchnenprogramm, Verkehrshinweise, Teilnehmer, Info rund um&#039;s Veedelsfest\" \/>\n<meta property=\"og:url\" content=\"https:\/\/www.gaidaphotos.com\/blog\/2014\/06\/19\/strassenfest-landmannstrasse-2014\/\" \/>\n<meta property=\"og:site_name\" content=\"K\u00f6ln Rodenkirchen und die Welt\" \/>\n<meta property=\"article:publisher\" content=\"https:\/\/www.facebook.com\/Koeln.Rodenkirchen\" \/>\n<meta property=\"article:author\" content=\"https:\/\/www.facebook.com\/gaidaphotos\" \/>\n<meta property=\"article:published_time\" content=\"2014-06-19T15:46:59+00:00\" \/>\n<meta property=\"og:image\" content=\"https:\/\/i1.wp.com\/www.gaidaphotos.com\/blog\/wp-content\/uploads\/ngg_featured\/rodenkirchen-strassenfest-2012-04.jpg?fit=1000%2C667&ssl=1\" \/>\n\t<meta property=\"og:image:width\" content=\"1000\" \/>\n\t<meta property=\"og:image:height\" content=\"667\" \/>\n\t<meta property=\"og:image:type\" content=\"image\/jpeg\" \/>\n<meta name=\"author\" content=\"Thomas\" \/>\n<meta name=\"twitter:card\" content=\"summary_large_image\" \/>\n<meta name=\"twitter:creator\" content=\"@gaidaphotos\" \/>\n<meta name=\"twitter:site\" content=\"@gaidaphotos\" \/>\n<meta name=\"twitter:label1\" content=\"Verfasst von\" \/>\n\t<meta name=\"twitter:data1\" content=\"Thomas\" \/>\n\t<meta name=\"twitter:label2\" content=\"Gesch\u00e4tzte Lesezeit\" \/>\n\t<meta name=\"twitter:data2\" content=\"3\u00a0Minuten\" \/>\n<script type=\"application\/ld+json\" class=\"yoast-schema-graph\">{\"@context\":\"https:\\\/\\\/schema.org\",\"@graph\":[{\"@type\":\"Article\",\"@id\":\"https:\\\/\\\/www.gaidaphotos.com\\\/blog\\\/2014\\\/06\\\/19\\\/strassenfest-landmannstrasse-2014\\\/#article\",\"isPartOf\":{\"@id\":\"https:\\\/\\\/www.gaidaphotos.com\\\/blog\\\/2014\\\/06\\\/19\\\/strassenfest-landmannstrasse-2014\\\/\"},\"author\":{\"name\":\"Thomas\",\"@id\":\"https:\\\/\\\/www.gaidaphotos.com\\\/blog\\\/#\\\/schema\\\/person\\\/6c444a5b13ffc503c5c32f5a9ec68b21\"},\"headline\":\"Stra\u00dfenfest Landmannstra\u00dfe 2014\",\"datePublished\":\"2014-06-19T15:46:59+00:00\",\"mainEntityOfPage\":{\"@id\":\"https:\\\/\\\/www.gaidaphotos.com\\\/blog\\\/2014\\\/06\\\/19\\\/strassenfest-landmannstrasse-2014\\\/\"},\"wordCount\":541,\"commentCount\":1,\"publisher\":{\"@id\":\"https:\\\/\\\/www.gaidaphotos.com\\\/blog\\\/#organization\"},\"image\":{\"@id\":\"https:\\\/\\\/www.gaidaphotos.com\\\/blog\\\/2014\\\/06\\\/19\\\/strassenfest-landmannstrasse-2014\\\/#primaryimage\"},\"thumbnailUrl\":\"https:\\\/\\\/i0.wp.com\\\/www.gaidaphotos.com\\\/blog\\\/wp-content\\\/uploads\\\/ngg_featured\\\/rodenkirchen-strassenfest-2012-04.jpg?fit=1000%2C667&ssl=1\",\"keywords\":[\"Einkaufen\\\/ Shopping\",\"Freizeit-Ideen\",\"K\u00f6ln\",\"Strassenfest\"],\"articleSection\":[\"K\u00f6ln\",\"Stra\u00dfenfest K\u00f6ln\"],\"inLanguage\":\"de\",\"potentialAction\":[{\"@type\":\"CommentAction\",\"name\":\"Comment\",\"target\":[\"https:\\\/\\\/www.gaidaphotos.com\\\/blog\\\/2014\\\/06\\\/19\\\/strassenfest-landmannstrasse-2014\\\/#respond\"]}]},{\"@type\":\"WebPage\",\"@id\":\"https:\\\/\\\/www.gaidaphotos.com\\\/blog\\\/2014\\\/06\\\/19\\\/strassenfest-landmannstrasse-2014\\\/\",\"url\":\"https:\\\/\\\/www.gaidaphotos.com\\\/blog\\\/2014\\\/06\\\/19\\\/strassenfest-landmannstrasse-2014\\\/\",\"name\":\"Stra\u00dfenfest Landmannstra\u00dfe 2014 - K\u00f6ln Rodenkirchen und die Welt\",\"isPartOf\":{\"@id\":\"https:\\\/\\\/www.gaidaphotos.com\\\/blog\\\/#website\"},\"primaryImageOfPage\":{\"@id\":\"https:\\\/\\\/www.gaidaphotos.com\\\/blog\\\/2014\\\/06\\\/19\\\/strassenfest-landmannstrasse-2014\\\/#primaryimage\"},\"image\":{\"@id\":\"https:\\\/\\\/www.gaidaphotos.com\\\/blog\\\/2014\\\/06\\\/19\\\/strassenfest-landmannstrasse-2014\\\/#primaryimage\"},\"thumbnailUrl\":\"https:\\\/\\\/i0.wp.com\\\/www.gaidaphotos.com\\\/blog\\\/wp-content\\\/uploads\\\/ngg_featured\\\/rodenkirchen-strassenfest-2012-04.jpg?fit=1000%2C667&ssl=1\",\"datePublished\":\"2014-06-19T15:46:59+00:00\",\"description\":\"Stra\u00dfenfest Landmannstra\u00dfe 28.-29.06.2014 - B\u00fchnenprogramm, Verkehrshinweise, Teilnehmer, Info rund um's Veedelsfest\",\"breadcrumb\":{\"@id\":\"https:\\\/\\\/www.gaidaphotos.com\\\/blog\\\/2014\\\/06\\\/19\\\/strassenfest-landmannstrasse-2014\\\/#breadcrumb\"},\"inLanguage\":\"de\",\"potentialAction\":[{\"@type\":\"ReadAction\",\"target\":[\"https:\\\/\\\/www.gaidaphotos.com\\\/blog\\\/2014\\\/06\\\/19\\\/strassenfest-landmannstrasse-2014\\\/\"]}]},{\"@type\":\"ImageObject\",\"inLanguage\":\"de\",\"@id\":\"https:\\\/\\\/www.gaidaphotos.com\\\/blog\\\/2014\\\/06\\\/19\\\/strassenfest-landmannstrasse-2014\\\/#primaryimage\",\"url\":\"https:\\\/\\\/i0.wp.com\\\/www.gaidaphotos.com\\\/blog\\\/wp-content\\\/uploads\\\/ngg_featured\\\/rodenkirchen-strassenfest-2012-04.jpg?fit=1000%2C667&ssl=1\",\"contentUrl\":\"https:\\\/\\\/i0.wp.com\\\/www.gaidaphotos.com\\\/blog\\\/wp-content\\\/uploads\\\/ngg_featured\\\/rodenkirchen-strassenfest-2012-04.jpg?fit=1000%2C667&ssl=1\",\"width\":1000,\"height\":667},{\"@type\":\"BreadcrumbList\",\"@id\":\"https:\\\/\\\/www.gaidaphotos.com\\\/blog\\\/2014\\\/06\\\/19\\\/strassenfest-landmannstrasse-2014\\\/#breadcrumb\",\"itemListElement\":[{\"@type\":\"ListItem\",\"position\":1,\"name\":\"Startseite\",\"item\":\"https:\\\/\\\/www.gaidaphotos.com\\\/blog\\\/\"},{\"@type\":\"ListItem\",\"position\":2,\"name\":\"Stra\u00dfenfest Landmannstra\u00dfe 2014\"}]},{\"@type\":\"WebSite\",\"@id\":\"https:\\\/\\\/www.gaidaphotos.com\\\/blog\\\/#website\",\"url\":\"https:\\\/\\\/www.gaidaphotos.com\\\/blog\\\/\",\"name\":\"K\u00f6ln Rodenkirchen und die Welt\",\"description\":\"Einkaufen, Restaurants, Freizeit, Nachrichten und was uns sonst bewegt und begegnet\",\"publisher\":{\"@id\":\"https:\\\/\\\/www.gaidaphotos.com\\\/blog\\\/#organization\"},\"potentialAction\":[{\"@type\":\"SearchAction\",\"target\":{\"@type\":\"EntryPoint\",\"urlTemplate\":\"https:\\\/\\\/www.gaidaphotos.com\\\/blog\\\/?s={search_term_string}\"},\"query-input\":{\"@type\":\"PropertyValueSpecification\",\"valueRequired\":true,\"valueName\":\"search_term_string\"}}],\"inLanguage\":\"de\"},{\"@type\":\"Organization\",\"@id\":\"https:\\\/\\\/www.gaidaphotos.com\\\/blog\\\/#organization\",\"name\":\"gaidaphotos\",\"url\":\"https:\\\/\\\/www.gaidaphotos.com\\\/blog\\\/\",\"logo\":{\"@type\":\"ImageObject\",\"inLanguage\":\"de\",\"@id\":\"https:\\\/\\\/www.gaidaphotos.com\\\/blog\\\/#\\\/schema\\\/logo\\\/image\\\/\",\"url\":\"https:\\\/\\\/i0.wp.com\\\/www.gaidaphotos.com\\\/blog\\\/wp-content\\\/uploads\\\/2020\\\/07\\\/GAIDAPHOTOS-COM.jpg?fit=160%2C96&ssl=1\",\"contentUrl\":\"https:\\\/\\\/i0.wp.com\\\/www.gaidaphotos.com\\\/blog\\\/wp-content\\\/uploads\\\/2020\\\/07\\\/GAIDAPHOTOS-COM.jpg?fit=160%2C96&ssl=1\",\"width\":160,\"height\":96,\"caption\":\"gaidaphotos\"},\"image\":{\"@id\":\"https:\\\/\\\/www.gaidaphotos.com\\\/blog\\\/#\\\/schema\\\/logo\\\/image\\\/\"},\"sameAs\":[\"https:\\\/\\\/www.facebook.com\\\/Koeln.Rodenkirchen\",\"https:\\\/\\\/x.com\\\/gaidaphotos\",\"https:\\\/\\\/instagram.com\\\/gaidaphotos\\\/\",\"https:\\\/\\\/de.linkedin.com\\\/in\\\/gaidaphotos\",\"https:\\\/\\\/myspace.com\\\/gaidaphotos\",\"https:\\\/\\\/www.pinterest.com\\\/gaidaphotos\\\/\",\"https:\\\/\\\/www.youtube.com\\\/user\\\/gaidaphotos\"]},{\"@type\":\"Person\",\"@id\":\"https:\\\/\\\/www.gaidaphotos.com\\\/blog\\\/#\\\/schema\\\/person\\\/6c444a5b13ffc503c5c32f5a9ec68b21\",\"name\":\"Thomas\",\"sameAs\":[\"https:\\\/\\\/www.gaidaphotos.com\",\"https:\\\/\\\/www.facebook.com\\\/gaidaphotos\",\"https:\\\/\\\/instagram.com\\\/gaidaphotos\\\/\",\"https:\\\/\\\/www.linkedin.com\\\/in\\\/gaidaphotos\",\"http:\\\/\\\/www.pinterest.com\\\/gaidaphotos\\\/\",\"https:\\\/\\\/x.com\\\/gaidaphotos\",\"https:\\\/\\\/myspace.com\\\/gaidaphotos\",\"https:\\\/\\\/www.youtube.com\\\/user\\\/gaidaphotos\",\"https:\\\/\\\/gaidaphotos.tumblr.com\\\/\"]}]}<\/script>\n<!-- \/ Yoast SEO plugin. -->","yoast_head_json":{"title":"Stra\u00dfenfest Landmannstra\u00dfe 2014 - K\u00f6ln Rodenkirchen und die Welt","description":"Stra\u00dfenfest Landmannstra\u00dfe 28.-29.06.2014 - B\u00fchnenprogramm, Verkehrshinweise, Teilnehmer, Info rund um's Veedelsfest","robots":{"index":"index","follow":"follow","max-snippet":"max-snippet:-1","max-image-preview":"max-image-preview:large","max-video-preview":"max-video-preview:-1"},"canonical":"https:\/\/www.gaidaphotos.com\/blog\/2014\/06\/19\/strassenfest-landmannstrasse-2014\/","og_locale":"de_DE","og_type":"article","og_title":"Stra\u00dfenfest Landmannstra\u00dfe 2014 - K\u00f6ln Rodenkirchen und die Welt","og_description":"Stra\u00dfenfest Landmannstra\u00dfe 28.-29.06.2014 - B\u00fchnenprogramm, Verkehrshinweise, Teilnehmer, Info rund um's Veedelsfest","og_url":"https:\/\/www.gaidaphotos.com\/blog\/2014\/06\/19\/strassenfest-landmannstrasse-2014\/","og_site_name":"K\u00f6ln Rodenkirchen und die Welt","article_publisher":"https:\/\/www.facebook.com\/Koeln.Rodenkirchen","article_author":"https:\/\/www.facebook.com\/gaidaphotos","article_published_time":"2014-06-19T15:46:59+00:00","og_image":[{"width":1000,"height":667,"url":"https:\/\/i1.wp.com\/www.gaidaphotos.com\/blog\/wp-content\/uploads\/ngg_featured\/rodenkirchen-strassenfest-2012-04.jpg?fit=1000%2C667&ssl=1","type":"image\/jpeg"}],"author":"Thomas","twitter_card":"summary_large_image","twitter_creator":"@gaidaphotos","twitter_site":"@gaidaphotos","twitter_misc":{"Verfasst von":"Thomas","Gesch\u00e4tzte Lesezeit":"3\u00a0Minuten"},"schema":{"@context":"https:\/\/schema.org","@graph":[{"@type":"Article","@id":"https:\/\/www.gaidaphotos.com\/blog\/2014\/06\/19\/strassenfest-landmannstrasse-2014\/#article","isPartOf":{"@id":"https:\/\/www.gaidaphotos.com\/blog\/2014\/06\/19\/strassenfest-landmannstrasse-2014\/"},"author":{"name":"Thomas","@id":"https:\/\/www.gaidaphotos.com\/blog\/#\/schema\/person\/6c444a5b13ffc503c5c32f5a9ec68b21"},"headline":"Stra\u00dfenfest Landmannstra\u00dfe 2014","datePublished":"2014-06-19T15:46:59+00:00","mainEntityOfPage":{"@id":"https:\/\/www.gaidaphotos.com\/blog\/2014\/06\/19\/strassenfest-landmannstrasse-2014\/"},"wordCount":541,"commentCount":1,"publisher":{"@id":"https:\/\/www.gaidaphotos.com\/blog\/#organization"},"image":{"@id":"https:\/\/www.gaidaphotos.com\/blog\/2014\/06\/19\/strassenfest-landmannstrasse-2014\/#primaryimage"},"thumbnailUrl":"https:\/\/i0.wp.com\/www.gaidaphotos.com\/blog\/wp-content\/uploads\/ngg_featured\/rodenkirchen-strassenfest-2012-04.jpg?fit=1000%2C667&ssl=1","keywords":["Einkaufen\/ Shopping","Freizeit-Ideen","K\u00f6ln","Strassenfest"],"articleSection":["K\u00f6ln","Stra\u00dfenfest K\u00f6ln"],"inLanguage":"de","potentialAction":[{"@type":"CommentAction","name":"Comment","target":["https:\/\/www.gaidaphotos.com\/blog\/2014\/06\/19\/strassenfest-landmannstrasse-2014\/#respond"]}]},{"@type":"WebPage","@id":"https:\/\/www.gaidaphotos.com\/blog\/2014\/06\/19\/strassenfest-landmannstrasse-2014\/","url":"https:\/\/www.gaidaphotos.com\/blog\/2014\/06\/19\/strassenfest-landmannstrasse-2014\/","name":"Stra\u00dfenfest Landmannstra\u00dfe 2014 - K\u00f6ln Rodenkirchen und die Welt","isPartOf":{"@id":"https:\/\/www.gaidaphotos.com\/blog\/#website"},"primaryImageOfPage":{"@id":"https:\/\/www.gaidaphotos.com\/blog\/2014\/06\/19\/strassenfest-landmannstrasse-2014\/#primaryimage"},"image":{"@id":"https:\/\/www.gaidaphotos.com\/blog\/2014\/06\/19\/strassenfest-landmannstrasse-2014\/#primaryimage"},"thumbnailUrl":"https:\/\/i0.wp.com\/www.gaidaphotos.com\/blog\/wp-content\/uploads\/ngg_featured\/rodenkirchen-strassenfest-2012-04.jpg?fit=1000%2C667&ssl=1","datePublished":"2014-06-19T15:46:59+00:00","description":"Stra\u00dfenfest Landmannstra\u00dfe 28.-29.06.2014 - B\u00fchnenprogramm, Verkehrshinweise, Teilnehmer, Info rund um's Veedelsfest","breadcrumb":{"@id":"https:\/\/www.gaidaphotos.com\/blog\/2014\/06\/19\/strassenfest-landmannstrasse-2014\/#breadcrumb"},"inLanguage":"de","potentialAction":[{"@type":"ReadAction","target":["https:\/\/www.gaidaphotos.com\/blog\/2014\/06\/19\/strassenfest-landmannstrasse-2014\/"]}]},{"@type":"ImageObject","inLanguage":"de","@id":"https:\/\/www.gaidaphotos.com\/blog\/2014\/06\/19\/strassenfest-landmannstrasse-2014\/#primaryimage","url":"https:\/\/i0.wp.com\/www.gaidaphotos.com\/blog\/wp-content\/uploads\/ngg_featured\/rodenkirchen-strassenfest-2012-04.jpg?fit=1000%2C667&ssl=1","contentUrl":"https:\/\/i0.wp.com\/www.gaidaphotos.com\/blog\/wp-content\/uploads\/ngg_featured\/rodenkirchen-strassenfest-2012-04.jpg?fit=1000%2C667&ssl=1","width":1000,"height":667},{"@type":"BreadcrumbList","@id":"https:\/\/www.gaidaphotos.com\/blog\/2014\/06\/19\/strassenfest-landmannstrasse-2014\/#breadcrumb","itemListElement":[{"@type":"ListItem","position":1,"name":"Startseite","item":"https:\/\/www.gaidaphotos.com\/blog\/"},{"@type":"ListItem","position":2,"name":"Stra\u00dfenfest Landmannstra\u00dfe 2014"}]},{"@type":"WebSite","@id":"https:\/\/www.gaidaphotos.com\/blog\/#website","url":"https:\/\/www.gaidaphotos.com\/blog\/","name":"K\u00f6ln Rodenkirchen und die Welt","description":"Einkaufen, Restaurants, Freizeit, Nachrichten und was uns sonst bewegt und begegnet","publisher":{"@id":"https:\/\/www.gaidaphotos.com\/blog\/#organization"},"potentialAction":[{"@type":"SearchAction","target":{"@type":"EntryPoint","urlTemplate":"https:\/\/www.gaidaphotos.com\/blog\/?s={search_term_string}"},"query-input":{"@type":"PropertyValueSpecification","valueRequired":true,"valueName":"search_term_string"}}],"inLanguage":"de"},{"@type":"Organization","@id":"https:\/\/www.gaidaphotos.com\/blog\/#organization","name":"gaidaphotos","url":"https:\/\/www.gaidaphotos.com\/blog\/","logo":{"@type":"ImageObject","inLanguage":"de","@id":"https:\/\/www.gaidaphotos.com\/blog\/#\/schema\/logo\/image\/","url":"https:\/\/i0.wp.com\/www.gaidaphotos.com\/blog\/wp-content\/uploads\/2020\/07\/GAIDAPHOTOS-COM.jpg?fit=160%2C96&ssl=1","contentUrl":"https:\/\/i0.wp.com\/www.gaidaphotos.com\/blog\/wp-content\/uploads\/2020\/07\/GAIDAPHOTOS-COM.jpg?fit=160%2C96&ssl=1","width":160,"height":96,"caption":"gaidaphotos"},"image":{"@id":"https:\/\/www.gaidaphotos.com\/blog\/#\/schema\/logo\/image\/"},"sameAs":["https:\/\/www.facebook.com\/Koeln.Rodenkirchen","https:\/\/x.com\/gaidaphotos","https:\/\/instagram.com\/gaidaphotos\/","https:\/\/de.linkedin.com\/in\/gaidaphotos","https:\/\/myspace.com\/gaidaphotos","https:\/\/www.pinterest.com\/gaidaphotos\/","https:\/\/www.youtube.com\/user\/gaidaphotos"]},{"@type":"Person","@id":"https:\/\/www.gaidaphotos.com\/blog\/#\/schema\/person\/6c444a5b13ffc503c5c32f5a9ec68b21","name":"Thomas","sameAs":["https:\/\/www.gaidaphotos.com","https:\/\/www.facebook.com\/gaidaphotos","https:\/\/instagram.com\/gaidaphotos\/","https:\/\/www.linkedin.com\/in\/gaidaphotos","http:\/\/www.pinterest.com\/gaidaphotos\/","https:\/\/x.com\/gaidaphotos","https:\/\/myspace.com\/gaidaphotos","https:\/\/www.youtube.com\/user\/gaidaphotos","https:\/\/gaidaphotos.tumblr.com\/"]}]}},"jetpack_publicize_connections":[],"jetpack_featured_media_url":"https:\/\/i0.wp.com\/www.gaidaphotos.com\/blog\/wp-content\/uploads\/ngg_featured\/rodenkirchen-strassenfest-2012-04.jpg?fit=1000%2C667&ssl=1","jetpack_sharing_enabled":true,"jetpack_likes_enabled":true,"jetpack-related-posts":[{"id":8937,"url":"https:\/\/www.gaidaphotos.com\/blog\/2015\/06\/17\/landmannstrasse-strassenfest-2015\/","url_meta":{"origin":6451,"position":0},"title":"Landmannstra\u00dfe Stra\u00dfenfest 2015","author":"Thomas","date":"17. Juni 2015","format":false,"excerpt":"Landmannstra\u00dfe, Neuehrenfeld, Stra\u00dfenfest 2015 27. und 28. Juni 2015 Es ist wieder soweit, auf der Landmannstra\u00dfe in Neuehrenfeld wird gro\u00df gefeiert und nahezu alle H\u00e4ndler und Gewerbetreibenden aus Neuehrenfeld sind beim Stra\u00dfenfest 2015 mit St\u00e4nden und Aktionen dabei. Abgerundet wird das Angebot der ortsans\u00e4ssigen Gesch\u00e4fte durch eine Auswahl von Markth\u00e4ndlern\u2026","rel":"","context":"In &quot;Stra\u00dfenfest K\u00f6ln&quot;","block_context":{"text":"Stra\u00dfenfest K\u00f6ln","link":"https:\/\/www.gaidaphotos.com\/blog\/category\/kalender-archiv\/strasenfest-koln\/"},"img":{"alt_text":"","src":"https:\/\/i0.wp.com\/www.gaidaphotos.com\/blog\/wp-content\/uploads\/ngg_featured\/strassenfest-landmannstrasse-2015.jpg?fit=724%2C1024&ssl=1&resize=350%2C200","width":350,"height":200,"srcset":"https:\/\/i0.wp.com\/www.gaidaphotos.com\/blog\/wp-content\/uploads\/ngg_featured\/strassenfest-landmannstrasse-2015.jpg?fit=724%2C1024&ssl=1&resize=350%2C200 1x, https:\/\/i0.wp.com\/www.gaidaphotos.com\/blog\/wp-content\/uploads\/ngg_featured\/strassenfest-landmannstrasse-2015.jpg?fit=724%2C1024&ssl=1&resize=525%2C300 1.5x, https:\/\/i0.wp.com\/www.gaidaphotos.com\/blog\/wp-content\/uploads\/ngg_featured\/strassenfest-landmannstrasse-2015.jpg?fit=724%2C1024&ssl=1&resize=700%2C400 2x"},"classes":[]},{"id":5592,"url":"https:\/\/www.gaidaphotos.com\/blog\/2013\/06\/25\/strassenfest-landmannstrasse-koeln-neuehrenfeld\/","url_meta":{"origin":6451,"position":1},"title":"Stra\u00dfenfest Landmannstra\u00dfe 2013","author":"Thomas","date":"25. Juni 2013","format":false,"excerpt":"Stra\u00dfenfest Landmannstra\u00dfe - K\u00f6ln-Neuehrenfeld Schon wieder rockt Neu-Ehrenfeld und l\u00e4dt ein zum allj\u00e4hrlichen Stra\u00dfenfest. Auf der Landmannstra\u00dfe zwischen Subbelrather Str.\u00a0und\u00a0Lenauplatz pr\u00e4sentiert sich die ans\u00e4ssige Gesch\u00e4ftswelt, unterst\u00fctzt durch zugereiste H\u00e4ndler, am 29.\u00a0 und\u00a0 30.\u00a0 Juni\u00a0 2013. Das Stra\u00dfenfest auf der Landmannstra\u00dfe ist eine Initiative der Interessengemeinschaft Landmannstra\u00dfe. Auch in diesem Jahr\u2026","rel":"","context":"In &quot;Verkaufsoffener Sonntag K\u00f6ln NRW&quot;","block_context":{"text":"Verkaufsoffener Sonntag K\u00f6ln NRW","link":"https:\/\/www.gaidaphotos.com\/blog\/category\/kalender-archiv\/verkaufsoffener-sonntag-koln-nrw\/"},"img":{"alt_text":"","src":"https:\/\/www.gaidaphotos.com\/blog\/wp-content\/uploads\/2020\/08\/nggallery_import\/128_","width":350,"height":200},"classes":[]},{"id":4834,"url":"https:\/\/www.gaidaphotos.com\/blog\/2012\/06\/22\/strassenfest-landmannstrasse-neuehrenfeld-2012\/","url_meta":{"origin":6451,"position":2},"title":"Stra\u00dfenfest Landmannstra\u00dfe &#8211; Neuehrenfeld 30.06-01.07.2012","author":"Thomas","date":"22. Juni 2012","format":false,"excerpt":"Stra\u00dfenfest Landmannstra\u00dfe -Neuehrenfeld 2012 \u00a0Am\u00a0Samstag, den\u00a0 30. Juni und \u00a0Sonntag, den\u00a01. Juli\u00a0 l\u00e4dt Neuehrenfeld , von t\u00e4glich\u00a011:00\u00a0 bis\u00a022:00\u00a0 Uhr,\u00a0zum gro\u00dfen Stra\u00dfenfest. Mit Besuchern und G\u00e4sten wird in in gem\u00fctlicher Atmosph\u00e4re gefeiert. Motto in diesem Jahr: \"Landmannstra\u00dfe . . . unser Veedel\" - wie originell. Allerdings ist auch in Neuehrenfeld rechtlich\u2026","rel":"","context":"In &quot;Stra\u00dfenfest K\u00f6ln&quot;","block_context":{"text":"Stra\u00dfenfest K\u00f6ln","link":"https:\/\/www.gaidaphotos.com\/blog\/category\/kalender-archiv\/strasenfest-koln\/"},"img":{"alt_text":"verkaufsoffener Sonntag 24.06.2012 in K\u00f6ln-Kalk","src":"https:\/\/i0.wp.com\/www.gaidaphotos.com\/blog\/wp-content\/uploads\/2012\/06\/strassenfest-landmannstrasse-2012.jpg?fit=405%2C570&ssl=1&resize=350%2C200","width":350,"height":200},"classes":[]},{"id":4833,"url":"https:\/\/www.gaidaphotos.com\/blog\/2012\/06\/26\/verkaufsoffener-sonntag-01-07-2012-in-koln\/","url_meta":{"origin":6451,"position":3},"title":"verkaufsoffener Sonntag 01.07.2012 in K\u00f6ln","author":"Thomas","date":"26. Juni 2012","format":false,"excerpt":"verkaufsoffener Sonntag 01.07.2012 in K\u00f6ln Der letzte verkaufsoffene Sonntag f\u00fcr K\u00f6ln vor den Sommerferien findet in K\u00f6ln-Holweide beim Holweider Stra\u00dfenfest 2012 statt. Zwischen Bahntrasse - westlich der Wasserwerkstra\u00dfe - westlich der M\u00e4rchenstra\u00dfe - Heinz-K\u00fchn-Stra\u00dfe - Im Merheimer Felde - Bundesautobahn A 3 haben die Gesch\u00e4fte zum Holweider Stra\u00dfenfest f\u00fcr Sie\u2026","rel":"","context":"In &quot;Stra\u00dfenfest K\u00f6ln&quot;","block_context":{"text":"Stra\u00dfenfest K\u00f6ln","link":"https:\/\/www.gaidaphotos.com\/blog\/category\/kalender-archiv\/strasenfest-koln\/"},"img":{"alt_text":"verkaufsoffener Sonntag 01.07.2012 in K\u00f6ln","src":"https:\/\/i0.wp.com\/www.gaidaphotos.com\/blog\/wp-content\/uploads\/2012\/06\/strassenfest-koeln-holweide-2012.jpg?fit=408%2C582&ssl=1&resize=350%2C200","width":350,"height":200},"classes":[]},{"id":5603,"url":"https:\/\/www.gaidaphotos.com\/blog\/2013\/07\/01\/sommerfest-2013-ein-voller-erfolg\/","url_meta":{"origin":6451,"position":4},"title":"Sommerfest 2013 ein voller Erfolg","author":"Thomas","date":"1. Juli 2013","format":false,"excerpt":"Rodenkirchener Sommerfest 2013 ein voller Erfolg Als dann am Sonntag Nachmittag auch noch die Sonne schien war es ein perfektes Sommerfest 2013. Viele Jahre haben wir einen solchen Andrang am Sonntagnachmittag beim Rodenkirchener Stra\u00dfenfest nicht mehr erlebt. Die Hauptstra\u00dfe war so voll Menschen gepackt, dass es zeitweilig sogar zu Staus\u2026","rel":"","context":"In &quot;K\u00f6ln Rodenkirchen Freizeit&quot;","block_context":{"text":"K\u00f6ln Rodenkirchen Freizeit","link":"https:\/\/www.gaidaphotos.com\/blog\/category\/koeln-rodenkirchen\/koeln-rodenkirchen-freizeit\/"},"img":{"alt_text":"","src":"https:\/\/www.gaidaphotos.com\/blog\/wp-content\/uploads\/2020\/08\/nggallery_import\/127_","width":350,"height":200,"srcset":"https:\/\/www.gaidaphotos.com\/blog\/wp-content\/uploads\/2020\/08\/nggallery_import\/127_ 1x, https:\/\/www.gaidaphotos.com\/blog\/wp-content\/uploads\/2020\/08\/nggallery_import\/127_ 1.5x"},"classes":[]},{"id":3049,"url":"https:\/\/www.gaidaphotos.com\/blog\/2010\/06\/23\/verkaufsoffener-sonntag-27-06-2010-koeln\/","url_meta":{"origin":6451,"position":5},"title":"verkaufsoffener Sonntag 27.06.2010 in K\u00f6ln Neu-Ehrenfeld und K\u00f6ln H\u00f6henhaus","author":"Thomas","date":"23. Juni 2010","format":false,"excerpt":"Verkaufsoffener Sonntag 27.06.2010 in K\u00f6ln Gro\u00dfes Stra\u00dfenfest und verkaufsoffener Sonntag auf der Landmannstra\u00dfe in K\u00f6ln Neu-Ehrenfeld Fast alle H\u00e4ndler und Gewerbetreibenden sind auch in diesem Jahr wieder (zum 6. Mal seit 2004) mit St\u00e4nden und Aktionen zum verkaufsoffenen Sonntag vertreten. Hier findet sich das gesamte Spektrum des Einzelhandels und der\u2026","rel":"","context":"In &quot;K\u00f6ln&quot;","block_context":{"text":"K\u00f6ln","link":"https:\/\/www.gaidaphotos.com\/blog\/category\/koeln\/"},"img":{"alt_text":"","src":"","width":0,"height":0},"classes":[]}],"_links":{"self":[{"href":"https:\/\/www.gaidaphotos.com\/blog\/wp-json\/wp\/v2\/posts\/6451","targetHints":{"allow":["GET"]}}],"collection":[{"href":"https:\/\/www.gaidaphotos.com\/blog\/wp-json\/wp\/v2\/posts"}],"about":[{"href":"https:\/\/www.gaidaphotos.com\/blog\/wp-json\/wp\/v2\/types\/post"}],"author":[{"embeddable":true,"href":"https:\/\/www.gaidaphotos.com\/blog\/wp-json\/wp\/v2\/users\/6"}],"replies":[{"embeddable":true,"href":"https:\/\/www.gaidaphotos.com\/blog\/wp-json\/wp\/v2\/comments?post=6451"}],"version-history":[{"count":0,"href":"https:\/\/www.gaidaphotos.com\/blog\/wp-json\/wp\/v2\/posts\/6451\/revisions"}],"wp:featuredmedia":[{"embeddable":true,"href":"https:\/\/www.gaidaphotos.com\/blog\/wp-json\/wp\/v2\/media\/6452"}],"wp:attachment":[{"href":"https:\/\/www.gaidaphotos.com\/blog\/wp-json\/wp\/v2\/media?parent=6451"}],"wp:term":[{"taxonomy":"category","embeddable":true,"href":"https:\/\/www.gaidaphotos.com\/blog\/wp-json\/wp\/v2\/categories?post=6451"},{"taxonomy":"post_tag","embeddable":true,"href":"https:\/\/www.gaidaphotos.com\/blog\/wp-json\/wp\/v2\/tags?post=6451"}],"curies":[{"name":"wp","href":"https:\/\/api.w.org\/{rel}","templated":true}]}}