{"id":67,"date":"2009-01-26T11:41:52","date_gmt":"2009-01-26T09:41:52","guid":{"rendered":"http:\/\/gaidaphotos.com\/blog\/2009\/01\/26\/19-tage-bis-valentinstag-die\/"},"modified":"2010-02-02T16:27:30","modified_gmt":"2010-02-02T15:27:30","slug":"19-tage-bis-valentinstag-die","status":"publish","type":"post","link":"https:\/\/www.gaidaphotos.com\/blog\/2009\/01\/26\/19-tage-bis-valentinstag-die\/","title":{"rendered":"19 Tage bis Valentinstag! Die &#8230;"},"content":{"rendered":"<p>19 Tage bis Valentinstag! Die sch\u00f6nsten Spr\u00fcche, W\u00fcnsche, Gedanken, Worte, Ecards jetzt abonnieren <a href=\"http:\/\/feeds.feedburner.com\/gaidaphotos\" rel=\"nofollow\">http:\/\/feeds.feedburner.com\/gaidaphotos<\/a><\/p>\n","protected":false},"excerpt":{"rendered":"<p>19 Tage bis Valentinstag! Die sch\u00f6nsten Spr\u00fcche, W\u00fcnsche, Gedanken, Worte, Ecards jetzt abonnieren http:\/\/feeds.feedburner.com\/gaidaphotos<\/p>\n","protected":false},"author":6,"featured_media":0,"comment_status":"closed","ping_status":"open","sticky":false,"template":"","format":"standard","meta":{"_crdt_document":"","ngg_post_thumbnail":0,"jetpack_post_was_ever_published":false,"_jetpack_newsletter_access":"","_jetpack_dont_email_post_to_subs":false,"_jetpack_newsletter_tier_id":0,"_jetpack_memberships_contains_paywalled_content":false,"_jetpack_memberships_contains_paid_content":false,"footnotes":"","jetpack_publicize_message":"","jetpack_publicize_feature_enabled":true,"jetpack_social_post_already_shared":false,"jetpack_social_options":{"image_generator_settings":{"template":"highway","default_image_id":0,"font":"","enabled":false},"version":2}},"categories":[6],"tags":[531,128],"class_list":["post-67","post","type-post","status-publish","format-standard","hentry","category-liebe","tag-liebe","tag-valentinstag","comments-off"],"yoast_head":"<!-- This site is optimized with the Yoast SEO plugin v27.5 - https:\/\/yoast.com\/product\/yoast-seo-wordpress\/ -->\n<title>19 Tage bis Valentinstag! Die ... - K\u00f6ln Rodenkirchen und die Welt<\/title>\n<meta name=\"robots\" content=\"index, follow, max-snippet:-1, max-image-preview:large, max-video-preview:-1\" \/>\n<link rel=\"canonical\" href=\"https:\/\/www.gaidaphotos.com\/blog\/2009\/01\/26\/19-tage-bis-valentinstag-die\/\" \/>\n<meta property=\"og:locale\" content=\"de_DE\" \/>\n<meta property=\"og:type\" content=\"article\" \/>\n<meta property=\"og:title\" content=\"19 Tage bis Valentinstag! Die ... - K\u00f6ln Rodenkirchen und die Welt\" \/>\n<meta property=\"og:description\" content=\"19 Tage bis Valentinstag! Die sch\u00f6nsten Spr\u00fcche, W\u00fcnsche, Gedanken, Worte, Ecards jetzt abonnieren http:\/\/feeds.feedburner.com\/gaidaphotos\" \/>\n<meta property=\"og:url\" content=\"https:\/\/www.gaidaphotos.com\/blog\/2009\/01\/26\/19-tage-bis-valentinstag-die\/\" \/>\n<meta property=\"og:site_name\" content=\"K\u00f6ln Rodenkirchen und die Welt\" \/>\n<meta property=\"article:publisher\" content=\"https:\/\/www.facebook.com\/Koeln.Rodenkirchen\" \/>\n<meta property=\"article:author\" content=\"https:\/\/www.facebook.com\/gaidaphotos\" \/>\n<meta property=\"article:published_time\" content=\"2009-01-26T09:41:52+00:00\" \/>\n<meta property=\"article:modified_time\" content=\"2010-02-02T15:27:30+00:00\" \/>\n<meta name=\"author\" content=\"Thomas\" \/>\n<meta name=\"twitter:card\" content=\"summary_large_image\" \/>\n<meta name=\"twitter:creator\" content=\"@gaidaphotos\" \/>\n<meta name=\"twitter:site\" content=\"@gaidaphotos\" \/>\n<meta name=\"twitter:label1\" content=\"Verfasst von\" \/>\n\t<meta name=\"twitter:data1\" content=\"Thomas\" \/>\n<script type=\"application\/ld+json\" class=\"yoast-schema-graph\">{\"@context\":\"https:\\\/\\\/schema.org\",\"@graph\":[{\"@type\":\"Article\",\"@id\":\"https:\\\/\\\/www.gaidaphotos.com\\\/blog\\\/2009\\\/01\\\/26\\\/19-tage-bis-valentinstag-die\\\/#article\",\"isPartOf\":{\"@id\":\"https:\\\/\\\/www.gaidaphotos.com\\\/blog\\\/2009\\\/01\\\/26\\\/19-tage-bis-valentinstag-die\\\/\"},\"author\":{\"name\":\"Thomas\",\"@id\":\"https:\\\/\\\/www.gaidaphotos.com\\\/blog\\\/#\\\/schema\\\/person\\\/6c444a5b13ffc503c5c32f5a9ec68b21\"},\"headline\":\"19 Tage bis Valentinstag! Die &#8230;\",\"datePublished\":\"2009-01-26T09:41:52+00:00\",\"dateModified\":\"2010-02-02T15:27:30+00:00\",\"mainEntityOfPage\":{\"@id\":\"https:\\\/\\\/www.gaidaphotos.com\\\/blog\\\/2009\\\/01\\\/26\\\/19-tage-bis-valentinstag-die\\\/\"},\"wordCount\":24,\"publisher\":{\"@id\":\"https:\\\/\\\/www.gaidaphotos.com\\\/blog\\\/#organization\"},\"keywords\":[\"Liebe\",\"Valentinstag\"],\"articleSection\":[\"Liebe\"],\"inLanguage\":\"de\"},{\"@type\":\"WebPage\",\"@id\":\"https:\\\/\\\/www.gaidaphotos.com\\\/blog\\\/2009\\\/01\\\/26\\\/19-tage-bis-valentinstag-die\\\/\",\"url\":\"https:\\\/\\\/www.gaidaphotos.com\\\/blog\\\/2009\\\/01\\\/26\\\/19-tage-bis-valentinstag-die\\\/\",\"name\":\"19 Tage bis Valentinstag! Die ... - K\u00f6ln Rodenkirchen und die Welt\",\"isPartOf\":{\"@id\":\"https:\\\/\\\/www.gaidaphotos.com\\\/blog\\\/#website\"},\"datePublished\":\"2009-01-26T09:41:52+00:00\",\"dateModified\":\"2010-02-02T15:27:30+00:00\",\"breadcrumb\":{\"@id\":\"https:\\\/\\\/www.gaidaphotos.com\\\/blog\\\/2009\\\/01\\\/26\\\/19-tage-bis-valentinstag-die\\\/#breadcrumb\"},\"inLanguage\":\"de\",\"potentialAction\":[{\"@type\":\"ReadAction\",\"target\":[\"https:\\\/\\\/www.gaidaphotos.com\\\/blog\\\/2009\\\/01\\\/26\\\/19-tage-bis-valentinstag-die\\\/\"]}]},{\"@type\":\"BreadcrumbList\",\"@id\":\"https:\\\/\\\/www.gaidaphotos.com\\\/blog\\\/2009\\\/01\\\/26\\\/19-tage-bis-valentinstag-die\\\/#breadcrumb\",\"itemListElement\":[{\"@type\":\"ListItem\",\"position\":1,\"name\":\"Startseite\",\"item\":\"https:\\\/\\\/www.gaidaphotos.com\\\/blog\\\/\"},{\"@type\":\"ListItem\",\"position\":2,\"name\":\"19 Tage bis Valentinstag! Die &#8230;\"}]},{\"@type\":\"WebSite\",\"@id\":\"https:\\\/\\\/www.gaidaphotos.com\\\/blog\\\/#website\",\"url\":\"https:\\\/\\\/www.gaidaphotos.com\\\/blog\\\/\",\"name\":\"K\u00f6ln Rodenkirchen und die Welt\",\"description\":\"Einkaufen, Restaurants, Freizeit, Nachrichten und was uns sonst bewegt und begegnet\",\"publisher\":{\"@id\":\"https:\\\/\\\/www.gaidaphotos.com\\\/blog\\\/#organization\"},\"potentialAction\":[{\"@type\":\"SearchAction\",\"target\":{\"@type\":\"EntryPoint\",\"urlTemplate\":\"https:\\\/\\\/www.gaidaphotos.com\\\/blog\\\/?s={search_term_string}\"},\"query-input\":{\"@type\":\"PropertyValueSpecification\",\"valueRequired\":true,\"valueName\":\"search_term_string\"}}],\"inLanguage\":\"de\"},{\"@type\":\"Organization\",\"@id\":\"https:\\\/\\\/www.gaidaphotos.com\\\/blog\\\/#organization\",\"name\":\"gaidaphotos\",\"url\":\"https:\\\/\\\/www.gaidaphotos.com\\\/blog\\\/\",\"logo\":{\"@type\":\"ImageObject\",\"inLanguage\":\"de\",\"@id\":\"https:\\\/\\\/www.gaidaphotos.com\\\/blog\\\/#\\\/schema\\\/logo\\\/image\\\/\",\"url\":\"https:\\\/\\\/i0.wp.com\\\/www.gaidaphotos.com\\\/blog\\\/wp-content\\\/uploads\\\/2020\\\/07\\\/GAIDAPHOTOS-COM.jpg?fit=160%2C96&ssl=1\",\"contentUrl\":\"https:\\\/\\\/i0.wp.com\\\/www.gaidaphotos.com\\\/blog\\\/wp-content\\\/uploads\\\/2020\\\/07\\\/GAIDAPHOTOS-COM.jpg?fit=160%2C96&ssl=1\",\"width\":160,\"height\":96,\"caption\":\"gaidaphotos\"},\"image\":{\"@id\":\"https:\\\/\\\/www.gaidaphotos.com\\\/blog\\\/#\\\/schema\\\/logo\\\/image\\\/\"},\"sameAs\":[\"https:\\\/\\\/www.facebook.com\\\/Koeln.Rodenkirchen\",\"https:\\\/\\\/x.com\\\/gaidaphotos\",\"https:\\\/\\\/instagram.com\\\/gaidaphotos\\\/\",\"https:\\\/\\\/de.linkedin.com\\\/in\\\/gaidaphotos\",\"https:\\\/\\\/myspace.com\\\/gaidaphotos\",\"https:\\\/\\\/www.pinterest.com\\\/gaidaphotos\\\/\",\"https:\\\/\\\/www.youtube.com\\\/user\\\/gaidaphotos\"]},{\"@type\":\"Person\",\"@id\":\"https:\\\/\\\/www.gaidaphotos.com\\\/blog\\\/#\\\/schema\\\/person\\\/6c444a5b13ffc503c5c32f5a9ec68b21\",\"name\":\"Thomas\",\"sameAs\":[\"https:\\\/\\\/www.gaidaphotos.com\",\"https:\\\/\\\/www.facebook.com\\\/gaidaphotos\",\"https:\\\/\\\/instagram.com\\\/gaidaphotos\\\/\",\"https:\\\/\\\/www.linkedin.com\\\/in\\\/gaidaphotos\",\"http:\\\/\\\/www.pinterest.com\\\/gaidaphotos\\\/\",\"https:\\\/\\\/x.com\\\/gaidaphotos\",\"https:\\\/\\\/myspace.com\\\/gaidaphotos\",\"https:\\\/\\\/www.youtube.com\\\/user\\\/gaidaphotos\",\"https:\\\/\\\/gaidaphotos.tumblr.com\\\/\"]}]}<\/script>\n<!-- \/ Yoast SEO plugin. -->","yoast_head_json":{"title":"19 Tage bis Valentinstag! Die ... - K\u00f6ln Rodenkirchen und die Welt","robots":{"index":"index","follow":"follow","max-snippet":"max-snippet:-1","max-image-preview":"max-image-preview:large","max-video-preview":"max-video-preview:-1"},"canonical":"https:\/\/www.gaidaphotos.com\/blog\/2009\/01\/26\/19-tage-bis-valentinstag-die\/","og_locale":"de_DE","og_type":"article","og_title":"19 Tage bis Valentinstag! Die ... - K\u00f6ln Rodenkirchen und die Welt","og_description":"19 Tage bis Valentinstag! Die sch\u00f6nsten Spr\u00fcche, W\u00fcnsche, Gedanken, Worte, Ecards jetzt abonnieren http:\/\/feeds.feedburner.com\/gaidaphotos","og_url":"https:\/\/www.gaidaphotos.com\/blog\/2009\/01\/26\/19-tage-bis-valentinstag-die\/","og_site_name":"K\u00f6ln Rodenkirchen und die Welt","article_publisher":"https:\/\/www.facebook.com\/Koeln.Rodenkirchen","article_author":"https:\/\/www.facebook.com\/gaidaphotos","article_published_time":"2009-01-26T09:41:52+00:00","article_modified_time":"2010-02-02T15:27:30+00:00","author":"Thomas","twitter_card":"summary_large_image","twitter_creator":"@gaidaphotos","twitter_site":"@gaidaphotos","twitter_misc":{"Verfasst von":"Thomas"},"schema":{"@context":"https:\/\/schema.org","@graph":[{"@type":"Article","@id":"https:\/\/www.gaidaphotos.com\/blog\/2009\/01\/26\/19-tage-bis-valentinstag-die\/#article","isPartOf":{"@id":"https:\/\/www.gaidaphotos.com\/blog\/2009\/01\/26\/19-tage-bis-valentinstag-die\/"},"author":{"name":"Thomas","@id":"https:\/\/www.gaidaphotos.com\/blog\/#\/schema\/person\/6c444a5b13ffc503c5c32f5a9ec68b21"},"headline":"19 Tage bis Valentinstag! Die &#8230;","datePublished":"2009-01-26T09:41:52+00:00","dateModified":"2010-02-02T15:27:30+00:00","mainEntityOfPage":{"@id":"https:\/\/www.gaidaphotos.com\/blog\/2009\/01\/26\/19-tage-bis-valentinstag-die\/"},"wordCount":24,"publisher":{"@id":"https:\/\/www.gaidaphotos.com\/blog\/#organization"},"keywords":["Liebe","Valentinstag"],"articleSection":["Liebe"],"inLanguage":"de"},{"@type":"WebPage","@id":"https:\/\/www.gaidaphotos.com\/blog\/2009\/01\/26\/19-tage-bis-valentinstag-die\/","url":"https:\/\/www.gaidaphotos.com\/blog\/2009\/01\/26\/19-tage-bis-valentinstag-die\/","name":"19 Tage bis Valentinstag! Die ... - K\u00f6ln Rodenkirchen und die Welt","isPartOf":{"@id":"https:\/\/www.gaidaphotos.com\/blog\/#website"},"datePublished":"2009-01-26T09:41:52+00:00","dateModified":"2010-02-02T15:27:30+00:00","breadcrumb":{"@id":"https:\/\/www.gaidaphotos.com\/blog\/2009\/01\/26\/19-tage-bis-valentinstag-die\/#breadcrumb"},"inLanguage":"de","potentialAction":[{"@type":"ReadAction","target":["https:\/\/www.gaidaphotos.com\/blog\/2009\/01\/26\/19-tage-bis-valentinstag-die\/"]}]},{"@type":"BreadcrumbList","@id":"https:\/\/www.gaidaphotos.com\/blog\/2009\/01\/26\/19-tage-bis-valentinstag-die\/#breadcrumb","itemListElement":[{"@type":"ListItem","position":1,"name":"Startseite","item":"https:\/\/www.gaidaphotos.com\/blog\/"},{"@type":"ListItem","position":2,"name":"19 Tage bis Valentinstag! Die &#8230;"}]},{"@type":"WebSite","@id":"https:\/\/www.gaidaphotos.com\/blog\/#website","url":"https:\/\/www.gaidaphotos.com\/blog\/","name":"K\u00f6ln Rodenkirchen und die Welt","description":"Einkaufen, Restaurants, Freizeit, Nachrichten und was uns sonst bewegt und begegnet","publisher":{"@id":"https:\/\/www.gaidaphotos.com\/blog\/#organization"},"potentialAction":[{"@type":"SearchAction","target":{"@type":"EntryPoint","urlTemplate":"https:\/\/www.gaidaphotos.com\/blog\/?s={search_term_string}"},"query-input":{"@type":"PropertyValueSpecification","valueRequired":true,"valueName":"search_term_string"}}],"inLanguage":"de"},{"@type":"Organization","@id":"https:\/\/www.gaidaphotos.com\/blog\/#organization","name":"gaidaphotos","url":"https:\/\/www.gaidaphotos.com\/blog\/","logo":{"@type":"ImageObject","inLanguage":"de","@id":"https:\/\/www.gaidaphotos.com\/blog\/#\/schema\/logo\/image\/","url":"https:\/\/i0.wp.com\/www.gaidaphotos.com\/blog\/wp-content\/uploads\/2020\/07\/GAIDAPHOTOS-COM.jpg?fit=160%2C96&ssl=1","contentUrl":"https:\/\/i0.wp.com\/www.gaidaphotos.com\/blog\/wp-content\/uploads\/2020\/07\/GAIDAPHOTOS-COM.jpg?fit=160%2C96&ssl=1","width":160,"height":96,"caption":"gaidaphotos"},"image":{"@id":"https:\/\/www.gaidaphotos.com\/blog\/#\/schema\/logo\/image\/"},"sameAs":["https:\/\/www.facebook.com\/Koeln.Rodenkirchen","https:\/\/x.com\/gaidaphotos","https:\/\/instagram.com\/gaidaphotos\/","https:\/\/de.linkedin.com\/in\/gaidaphotos","https:\/\/myspace.com\/gaidaphotos","https:\/\/www.pinterest.com\/gaidaphotos\/","https:\/\/www.youtube.com\/user\/gaidaphotos"]},{"@type":"Person","@id":"https:\/\/www.gaidaphotos.com\/blog\/#\/schema\/person\/6c444a5b13ffc503c5c32f5a9ec68b21","name":"Thomas","sameAs":["https:\/\/www.gaidaphotos.com","https:\/\/www.facebook.com\/gaidaphotos","https:\/\/instagram.com\/gaidaphotos\/","https:\/\/www.linkedin.com\/in\/gaidaphotos","http:\/\/www.pinterest.com\/gaidaphotos\/","https:\/\/x.com\/gaidaphotos","https:\/\/myspace.com\/gaidaphotos","https:\/\/www.youtube.com\/user\/gaidaphotos","https:\/\/gaidaphotos.tumblr.com\/"]}]}},"jetpack_publicize_connections":[],"jetpack_featured_media_url":"","jetpack_sharing_enabled":true,"jetpack_likes_enabled":true,"jetpack-related-posts":[{"id":2451,"url":"https:\/\/www.gaidaphotos.com\/blog\/2010\/02\/10\/valentinstag-geschenke\/","url_meta":{"origin":67,"position":0},"title":"Valentinstag: Letzte Chance f\u00fcr Geschenke?","author":"Thomas","date":"10. Februar 2010","format":false,"excerpt":"In nur 4 Tagen ist Valentinstag! Haben Sie schon ein Geschenk? Hier ein paar Ideen f\u00fcr Geschenke und Valentinstagskarten in allerletzter Minute. Oder etwas um die Valentinsnacht zu feiern? Nicht nur f\u00fcr den Valentinstag und die Liebe auch f\u00fcr den Geburtstag eignen sich diese Geschenke. P.S. Spr\u00fcche f\u00fcr die Liebe\/Valentinstag\u2026","rel":"","context":"In &quot;Liebe&quot;","block_context":{"text":"Liebe","link":"https:\/\/www.gaidaphotos.com\/blog\/category\/festtage-feiertage\/liebe\/"},"img":{"alt_text":"","src":"","width":0,"height":0},"classes":[]},{"id":2397,"url":"https:\/\/www.gaidaphotos.com\/blog\/2010\/02\/02\/sprueche-karten-zum-valentinstag-liebe\/","url_meta":{"origin":67,"position":1},"title":"Spr\u00fcche und Karten zum Valentinstag und f\u00fcr die Liebe &#8211; Selber machen","author":"Thomas","date":"2. Februar 2010","format":false,"excerpt":"Jetzt aber hurtig! In weniger als 2 Wochen ist VALENTINSTAG! Das Fest der Liebe und der Liebenden. Grusskarten zum Valentinstag \u00dcberraschen Sie Ihren Liebsten zum Valentinstag doch einmal mit einer MMS Grusskarte zum Valentinstag direkt auf sein Handy. Am 14. Februar ist Valentinstag! Kostenlose Liebesbriefe verschicken und Geschenk bestellen! unsere\u2026","rel":"","context":"In &quot;Liebe&quot;","block_context":{"text":"Liebe","link":"https:\/\/www.gaidaphotos.com\/blog\/category\/festtage-feiertage\/liebe\/"},"img":{"alt_text":"Grusskarte Ich Liebe Dich zum Valentinstag","src":"https:\/\/i0.wp.com\/www.gaidaphotos.com\/blog\/wp-content\/uploads\/2010\/02\/grusskarte-ich-liebe-dich-199x300.jpg?resize=350%2C200&ssl=1","width":350,"height":200},"classes":[]},{"id":2393,"url":"https:\/\/www.gaidaphotos.com\/blog\/2010\/01\/27\/zum-valentinstag-grusskarten-liebe\/","url_meta":{"origin":67,"position":2},"title":"Zum Valentinstag: Grusskarten f\u00fcr die Liebe","author":"Thomas","date":"27. Januar 2010","format":false,"excerpt":"In 18 Tagen ist Valentinstag! Denken Sie schon jetzt an Ihre\/Ihren Liebste\/Liebsten und verschicken Sie Grusskarten f\u00fcr die Liebe: Hier finden Sie: Sch\u00f6ne und lustige Spr\u00fcche f\u00fcr die Liebe, Hochzeit, Ehe Grusskarten f\u00fcr die Liebe Am 14. Februar ist Valentinstag! Kostenlose Liebesbriefe verschicken und Geschenk bestellen! unsere Empfehlungen (externe Links):\u2026","rel":"","context":"In &quot;Liebe&quot;","block_context":{"text":"Liebe","link":"https:\/\/www.gaidaphotos.com\/blog\/category\/festtage-feiertage\/liebe\/"},"img":{"alt_text":"Valentinstag Grusskarten Liebe","src":"https:\/\/i0.wp.com\/www.gaidaphotos.com\/blog\/wp-content\/uploads\/2010\/01\/grusskarten-liebe-200x300.jpg?resize=350%2C200&ssl=1","width":350,"height":200},"classes":[]},{"id":94,"url":"https:\/\/www.gaidaphotos.com\/blog\/2009\/02\/07\/liebeskummer\/","url_meta":{"origin":67,"position":3},"title":"Liebeskummer?","author":"Thomas","date":"7. Februar 2009","format":false,"excerpt":"Liebeskummer am Tag der Liebende-n? Alles falsch gemacht und die A-Karte gezogen? Vielleicht reicht ein Geschenke zum Valentinstag von amazon um Ihre Liebe zu retten.","rel":"","context":"In &quot;Liebe&quot;","block_context":{"text":"Liebe","link":"https:\/\/www.gaidaphotos.com\/blog\/category\/festtage-feiertage\/liebe\/"},"img":{"alt_text":"Grusskarte Ich Liebe Dich zum Valentinstag","src":"https:\/\/i0.wp.com\/www.gaidaphotos.com\/blog\/wp-content\/uploads\/2010\/02\/grusskarte-ich-liebe-dich.jpg?fit=800%2C1200&ssl=1&resize=350%2C200","width":350,"height":200,"srcset":"https:\/\/i0.wp.com\/www.gaidaphotos.com\/blog\/wp-content\/uploads\/2010\/02\/grusskarte-ich-liebe-dich.jpg?fit=800%2C1200&ssl=1&resize=350%2C200 1x, https:\/\/i0.wp.com\/www.gaidaphotos.com\/blog\/wp-content\/uploads\/2010\/02\/grusskarte-ich-liebe-dich.jpg?fit=800%2C1200&ssl=1&resize=525%2C300 1.5x, https:\/\/i0.wp.com\/www.gaidaphotos.com\/blog\/wp-content\/uploads\/2010\/02\/grusskarte-ich-liebe-dich.jpg?fit=800%2C1200&ssl=1&resize=700%2C400 2x"},"classes":[]},{"id":2441,"url":"https:\/\/www.gaidaphotos.com\/blog\/2010\/02\/08\/valentinstag-jetzt-wirds-aber-hochste-eisenbahn\/","url_meta":{"origin":67,"position":4},"title":"Valentinstag: Jetzt wird&#8217;s aber h\u00f6chste Eisenbahn","author":"Thomas","date":"8. Februar 2010","format":false,"excerpt":"Valentinstag in nur 6 Tagen! Alle Verliebten und Verheireteten (falls da ein Unterschied sein sollte) aufgepa\u00dft, es bleiben nur noch 5 Tage zum Shoppen f\u00fcr den\/die Liebste\/n. Am Sonntag, 14.02.2010, ist n\u00e4mlich schon Valentinstag. Alle die ein sch\u00f6nes Geschenk vergessen haben k\u00f6nnen Ihre Lage noch deutlich mit einer Liebeserkl\u00e4rung f\u00fcr's\u2026","rel":"","context":"In &quot;Liebe&quot;","block_context":{"text":"Liebe","link":"https:\/\/www.gaidaphotos.com\/blog\/category\/festtage-feiertage\/liebe\/"},"img":{"alt_text":"grusskarte ich liebe Dich","src":"https:\/\/i0.wp.com\/www.gaidaphotos.com\/blog\/wp-content\/uploads\/2010\/02\/grusskarten-ich-liebe-dich-199x300.jpg?resize=350%2C200&ssl=1","width":350,"height":200},"classes":[]},{"id":78,"url":"https:\/\/www.gaidaphotos.com\/blog\/2009\/02\/02\/noch-13-tage-bis-valentinstag\/","url_meta":{"origin":67,"position":5},"title":"Noch 13 Tage bis Valentinstag","author":"Thomas","date":"2. Februar 2009","format":false,"excerpt":"Nicht vergessen! Samstag in ZWEI Wochen ist Valentinstag! Wer schlau ist bucht jetzt schon ein Restaurant. Und wer clever ist, holt sich jeden Tag automatisch den besten Spruch f\u00fcr die Liebe und die passende Liebes- SMS -MMS gleich dazu. Die gro\u00dfe Spr\u00fcchesammlung f\u00fcr die \"Ich Liebe Dich\" \u00dcbersetzungen \u00dcbersetzungen und\u2026","rel":"","context":"In &quot;Liebe&quot;","block_context":{"text":"Liebe","link":"https:\/\/www.gaidaphotos.com\/blog\/category\/festtage-feiertage\/liebe\/"},"img":{"alt_text":"","src":"https:\/\/i0.wp.com\/www.gaidaphotos.com\/bonus\/valentine\/Herz_gebrochen.jpg?resize=350%2C200&ssl=1","width":350,"height":200},"classes":[]}],"_links":{"self":[{"href":"https:\/\/www.gaidaphotos.com\/blog\/wp-json\/wp\/v2\/posts\/67","targetHints":{"allow":["GET"]}}],"collection":[{"href":"https:\/\/www.gaidaphotos.com\/blog\/wp-json\/wp\/v2\/posts"}],"about":[{"href":"https:\/\/www.gaidaphotos.com\/blog\/wp-json\/wp\/v2\/types\/post"}],"author":[{"embeddable":true,"href":"https:\/\/www.gaidaphotos.com\/blog\/wp-json\/wp\/v2\/users\/6"}],"replies":[{"embeddable":true,"href":"https:\/\/www.gaidaphotos.com\/blog\/wp-json\/wp\/v2\/comments?post=67"}],"version-history":[{"count":0,"href":"https:\/\/www.gaidaphotos.com\/blog\/wp-json\/wp\/v2\/posts\/67\/revisions"}],"wp:attachment":[{"href":"https:\/\/www.gaidaphotos.com\/blog\/wp-json\/wp\/v2\/media?parent=67"}],"wp:term":[{"taxonomy":"category","embeddable":true,"href":"https:\/\/www.gaidaphotos.com\/blog\/wp-json\/wp\/v2\/categories?post=67"},{"taxonomy":"post_tag","embeddable":true,"href":"https:\/\/www.gaidaphotos.com\/blog\/wp-json\/wp\/v2\/tags?post=67"}],"curies":[{"name":"wp","href":"https:\/\/api.w.org\/{rel}","templated":true}]}}