{"id":7221,"date":"2014-08-22T12:05:25","date_gmt":"2014-08-22T10:05:25","guid":{"rendered":"http:\/\/www.gaidaphotos.com\/blog\/?p=7221"},"modified":"2017-04-17T14:13:00","modified_gmt":"2017-04-17T12:13:00","slug":"strassenfest-lindenthal-31-08-2014","status":"publish","type":"post","link":"https:\/\/www.gaidaphotos.com\/blog\/2014\/08\/22\/strassenfest-lindenthal-31-08-2014\/","title":{"rendered":"Stadtteilfest Lindenthaler Flair"},"content":{"rendered":"<h2>&#8222;Lindenthaler Flair&#8220; 2014<\/h2>\n<p><figure id=\"attachment_7222\" aria-describedby=\"caption-attachment-7222\" style=\"width: 212px\" class=\"wp-caption alignleft\"><img data-recalc-dims=\"1\" loading=\"lazy\" decoding=\"async\" src=\"https:\/\/i0.wp.com\/www.gaidaphotos.com\/blog\/wp-content\/uploads\/2014\/08\/stadtteilfest-lindenthaler-flair.jpg?resize=212%2C300&#038;ssl=1\" alt=\"Stadtteilfest Lindenthaler Flair\" width=\"212\" height=\"300\" class=\"size-full wp-image-7222\" srcset=\"https:\/\/i0.wp.com\/www.gaidaphotos.com\/blog\/wp-content\/uploads\/2014\/08\/stadtteilfest-lindenthaler-flair.jpg?w=212&amp;ssl=1 212w, https:\/\/i0.wp.com\/www.gaidaphotos.com\/blog\/wp-content\/uploads\/2014\/08\/stadtteilfest-lindenthaler-flair.jpg?resize=106%2C150&amp;ssl=1 106w\" sizes=\"auto, (max-width: 212px) 100vw, 212px\" \/><figcaption id=\"caption-attachment-7222\" class=\"wp-caption-text\">Stra\u00dfenfest in Lindenthal<\/figcaption><\/figure><br \/>\nZum<strong> 26. Stra\u00dfenfest in Lindenthal<\/strong> laden der Ring Lindenthaler Gesch\u00e4ftsleute e.V. am Sonntag, 31.08.2014, zur Sause auf die D\u00fcrener Stra\u00dfe.<\/p>\n<p>Mit gleich <strong>drei B\u00fchnen<\/strong> und jeder Menge kleinerer Veranstaltungen wird in Lindenthal an diesem Sonntag ganz besonders gefeiert. Er\u00f6ffnet wird das <strong>Stadtteilfest <\/strong>um  11:00 Uhr  auf der <strong>D\u00fcrener Stra\u00dfe<\/strong> in N\u00e4he des Lindenthalg\u00fcrtel durch die Vertreter des RLG Ring Lindenthaler Gesch\u00e4ftsleute e.V. und dem Spielmannszug &#8222;In Treue fest&#8220;. Danach zieht der Spielmannszug mit mit Tschinderassabum \u00fcber die D\u00fcrener Stra\u00dfe und signalisiert den Beginn der Feierlichkeiten.<\/p>\n<p>In diesem Jahr ist nicht nur das Begleitprogramm au\u00dfergew\u00f6hnlich gro\u00df, es beteiligen sich auch fast alle Gesch\u00e4fte und Dienstleister, Vereine und Parteien aus dem Veedel. Hier ein verk\u00fcrzter Ausblick auf die vertretenen Angebote:<br \/>\nA + E  IDEE,  AIDA TEXTILVERTRIEBS-GmbH,  ALLIANZ VERTRETUNG NEFFKE,  ARA SHOP,  ATEMSCHULE Dr. CALLEGARI,  B\u00c4CKEREI HEINEMANN,  BALLETTSCHULE HRANKOVICOVA,  BOGEN CLASSIC,  B\u00dcNDNIS 90\/DIE GR\u00dcNEN,  CAF\u00c9 HIRSCH,  CAF\u00c9 PASCHER,  CARLOS RESTURANT BAR,  CDU ORTSVERBAND,  COLOGNE COUTURE,  COSIMO,  CREA COLOGNE,  DAHLER COMPANY,  DANIELLE DESSOUS,  DAS NETZ DER K\u00d6LNER UNTERNEHMEN,  DELIKATESSEN LANG,  DER RABE,  DIAKONIE MICHAELSHOVEN,  DOMINIS LERNINSTITUT,  Dr. ELKE STELBRINK,  Dr. OEBELS &#038; PARTNER,  DREIK\u00c4SEHOCH,  FAIRYTALE FRESH SALAD,  FAIRYTALE FROZEN YOGHURT,  FDP Ortsverband,  FIRST REISEB\u00dcRO\/TUI TRAVEL,  FLO BOUTIQUE,  F\u00d6RDERVEREIN F\u00dcR KREBSKRANKE KINDER e.V.,  Freie evangelische Gemeinde K\u00d6LN-LINDENTHAL,  FROSCHK\u00d6NIG\u00b4S KINDERMODEN,  FUSSNOTE,  GEIF &#038; CONTZEN,  GELATERIA AZZURRO,  GROSSES L.,  HANSEATIC  BANK.  HAUS MORITZ .  HAUS SCHWAN.  HESS OPTIK.  HOSENMATZ.  JAPAN. RESTAURANT ZEN.  JOHN  BAKER &#038; SON.  K\u00d6LNER BANK.  K\u00d6LNER GR\u00dcN STIFTUNG.  K\u00d6LNER GYMNASIAL UND STIFFTUNGSFONDS.  K\u00d6LSCHE BODEGA IM INDENTHALER.  K\u00d6NIG REICH.  K\u00d6RPERFORMEN LINDENTHAL.  K\u00d6TTGEN H\u00d6RKAKUSTIK.  KRIELER WELLE.  LA SECONDA.  LINDENTHALER TELEFONLADEN.  MALTESER KRANKENHAUS ST. HILDEGARDIS.  MEDISPA.  METZGEREI ECKART.  MODEHAUS ELSCHEIDT.  PARF\u00dcMERIE BECKER.  PITTI DONNA.  PLASMA SERVICE.  RAINBOW DAMENMODE &#8222;215&#8220;.  RAINBOW DAMENMODE &#8222;225&#8220;.  RAINBOW DAMENMODE &#8222;242&#8220;,  RESTAURANT &#8222;FARO&#8220;,  RESTAURANTE &#8222;CULINARIUS&#8220;,  RISTORANTE &#8222;AL GUFO&#8220;,  ROYAL MOTORS,  S.A.L.E. HINTERKAUSEN,  SANIT\u00c4TSHAUS KLEIBAUMH\u00dcTER,  SANIT\u00c4TSHAUS SALGERT,  SCHUHHAUS KOCH,  SCHUHHAUS R\u00d6SELER,  SION IM SCH\u00c4FER,  SOMEWEAR,  SPANISCHER OBSTGARTEN WIEMAR,  SPARKASSE K\u00d6LN\/BONN,  SPD ORTSVEREIN,  SPORT-CLUB BLAU-WEISS,  STEINS,  STILPUNKTE,  TAEKWON-DO CENTER,  TANZSCHULE VAN HASSELT,  TI AMO,  TRANSFUSIONSMEDIZIN UNIKLINIK,  TRAUBE e.V.,  TRAUMKONZEPT,  UNI REHA,  WEINKONTOR LINDENTHAL,  WOLFORD BOUTIQUE,  ZUM  KLEINEN GEISSBOCK,  ZUM MARIENBILDCHEN  u.v.m.<\/p>\n<h3>Kinderunterhaltung beim &#8222;Lindenthaler Flair&#8220;<\/h3>\n<p>Auch an die Kinder wird beim Stra\u00dfenfest mit besonderen Angeboten gedacht: Mitmachaktionen, H\u00fcpfburg, Karussells u.v.m.  sind auf der gesamten Veranstaltungsfl\u00e4che verteilt sein und bieten ein abwechslungsreiches Programm, damit die Eltern in Ruhe shoppen k\u00f6nnen.<\/p>\n<h3>&#8222;Schlemmer-Oase&#8220; auf dem Karl-Schwering-Platz<\/h3>\n<p>Lachs, Aal, Matjes, Forellen, Gem\u00fcsepfanne, internationale Speisen und exotische Fr\u00fcchten, Fr\u00fcchtebowlen, Champagner, Champignons, Cocktails, diverse Suppen, Fisch-Spezialit\u00e4ten, Garnelen, Grill-Steaks, Grillwurstspezialit\u00e4ten, hausgemachte Reibekuchen, Ital. Kaffee-Spezialit\u00e4ten, Scampi, Tapas, Wein  u.v.m. sorgen f\u00fcr erlesene Gaumenfreuden und geben Energie f\u00fcr einen ausgedehnten Einkaufsbummel.<\/p>\n<h3>&#8222;Auto-Show&#8220; beim Stra\u00dfenfest in Lindenthal<\/h3>\n<p>In diesem Jahr pr\u00e4sentieren sich verst\u00e4rkt die Vertreter der Autobranche, wie z.B.:  Mercedes-Benz, Ford, VW und Audi. Erstmals werden aber auch Luxusfahrzeuge der Marken  BENTLEY,  ASTON MARTIN, JAGUAR und LAND ROVER pr\u00e4sentiert.<\/p>\n<h3>Live-Musik und andere Aktionen<\/h3>\n<ul>Caf\u00e9 Pascher: Ab 12 Uhr live-Musik mit <strong>Gitarrist Matthias Nelles<\/strong><br \/>\nCaf\u00e9 Hirsch: 11 bis 18 Uhr  live-Musik mit <strong>Michael Laven<\/strong><br \/>\nTraum-Konzept: 12:30 bis 17:30 Uhr \u2013 Die &#8222;<strong>Living-Dolls<\/strong>&#8220; pr\u00e4sentieren Sofas auf wundersamer Weise<br \/>\nTUI-Reisecenter: 13:30 bis 17 Uhr  &#8222;<strong>Robinson-Club-Aktionen<\/strong>&#8220;<br \/>\nCologne Couture: Gro\u00dfer <strong>Designer-Second-Hand-Schn\u00e4ppchenmarkt<\/strong><br \/>\nFairytale Frozen Yogurt: Gro\u00dfe <strong>Mal-Aktion f\u00fcr Kinder<\/strong><br \/>\nFairytale Fresh Salad: Gro\u00dfe Er\u00f6ffnungsfeier in der ersten Salatbar in Lindenthal<br \/>\nBonbonmanufaktur Cincin:  Kinderaktion &#8222;<strong>Kinder stellen Bonbons her<\/strong>&#8220;<br \/>\nDer Rabe: <strong>Speed-Cups<\/strong>-Aktion mit Spa\u00df- und Kreischfaktor f\u00fcr Kinder<br \/>\nK\u00f6rperformen: <strong>Probe- und Schautrainin<\/strong>g<br \/>\nSparkasse K\u00f6lnBonn: <strong>Aktions- und Zauberk\u00fcnstler<\/strong><\/ul>\n<h3>Gro\u00dfes Musikprogramm beim Stra\u00dfenfest auf der D\u00fcrener Stra\u00dfe<\/h3>\n<h4>B\u00fchne 1: &#8222;Haus Schwan&#8220;<\/h4>\n<ul>D\u00fcrener Stra\u00dfe, Ecke Hillerstra\u00dfe<\/p>\n<li>11:30 Uhr <strong>Ballettschule Hrankovicova<\/strong><\/li>\n<li>13:00 Uhr <strong>Dixie Devils<\/strong><\/li>\n<li>16:30 Uhr Special-Act &#8222;<strong>20 Jahre Haus Schwan<\/strong>&#8222;<\/li>\n<li>18:00 Uhr <strong>No Limits<\/strong><\/li>\n<\/ul>\n<h4>B\u00fchne 2: &#8222;Die Jummim\u00fc\u00fcs pr\u00e4sentieren&#8220;<\/h4>\n<ul>D\u00fcrener Stra\u00dfe, Ecke Limburger Allee<br \/>\nGanzt\u00e4giges Musikprogramm u.a. mit:<\/p>\n<li><strong>Wajazzo Quartett<\/strong><\/li>\n<li><strong>Rabaue<\/strong><\/li>\n<li><strong>Harry &#038; Chris<\/strong><\/li>\n<li><strong>Crocodieles<\/strong><\/li>\n<li><strong>Kl\u00fcngelk\u00f6pp<\/strong><\/li>\n<li><strong>Kuhn un de G\u00e4ns<\/strong><\/li>\n<li><strong>Milj\u00f6<\/strong><\/li>\n<\/ul>\n<p>B\u00fchne 3: &#8222;Tanzschule van Hasselt&#8220;<\/p>\n<ul>D\u00fcrener Stra\u00dfe, gegen\u00fcber Karl-Schwering-Platz<\/p>\n<li>Ganzt\u00e4gige Tanz-Shows,  Kinder-Tanzshows,  Hip Hop, Formations-Tanzshows,  Videoclipdancing,<br \/>\nMusicals, Dancefloor, Nostalgie-Formationen  u.v.m.<\/li>\n<li>15:00 Uhr  &#8222;<strong>Jugendchor St. Stephan<\/strong>&#8222;<\/li>\n<\/ul>\n<h3>Lindenthaler Flair Stra\u00dfenfest<\/h3>\n<p>50931 K\u00f6ln-Lindenthal, D\u00fcrener Stra\u00dfe, zwischen Lindenthalg\u00fcrtel und Universit\u00e4tsstra\u00dfe<br \/>\nVeranstaltungstermin: Sonntag, 31. August 2014<br \/>\n\u00d6ffnungszeiten: 11:00  bis  22:00  Uhr<br \/>\nToiletten: Landgrafenstra\u00dfe, Klosterstra\u00dfe und Hans-Sachs-Stra\u00dfe, sowie bei der teilnehmenden Gastronomie.<br \/>\nVernastalter: Ring Lindenthaler Gesch\u00e4ftsleute  e.V.<br \/>\nHotline der Veranstaltungsorganisation: 0221 \/ 170 77 88 (Nur am Veranstaltungstag)<\/p>\n<p>Programmheft (pdf) Stra\u00dfenfest &#8222;Lindenthaler Flair&#8220;<\/p>\n<h4>Stra\u00dfensperrung und Verkehrs\u00e4nderungen beim Stra\u00dfenfest in Lindenthal<\/h4>\n<p>Wegen des Stra\u00dfenfestes ist es erforderlich, die D\u00fcrener Stra\u00dfe zwischen Lindenthalg\u00fcrtel und Herbert-Lewin-Stra\u00dfe von Samstag, 30. August 2014, 18 Uhr bis Montag, 1. September 2014, 5 Uhr voll zu sperren. W\u00e4hrend der Veranstaltung wird im Bereich Lindenthal mit einem erh\u00f6hten Verkehrsaufkommen gerechnet.<\/p>\n<p>Haltestellenver\u00e4nderungen der Bus-Linie 136<br \/>\nDie Haltestellen &#8222;Karl-Schwering-Platz&#8220; und &#8222;Theresienstra\u00dfe&#8220; werden in beiden Richtungen ersatzlos aufgehoben. Die Haltestelle &#8222;D\u00fcrener Stra\u00dfe\/G\u00fcrtel&#8220; in Fahrtrichtung Neumarkt wird verlegt auf die D\u00fcrener Stra\u00dfe, vor die Kreuzung Lindenthalg\u00fcrtel (H\u00f6he Apotheke). Die Haltestelle &#8222;D\u00fcrener Stra\u00dfe\/G\u00fcrtel&#8220; Fahrtrichtung Hohenlind wird verlegt auf die D\u00fcrener Stra\u00dfe, hinter die Kreuzung Lindenthalg\u00fcrtel (gegen\u00fcber der Apotheke). Der Umleitungsweg der Bus-Linie 136 f\u00fchrt durch die Hans-Sachs-Stra\u00dfe, die Gleueler Stra\u00dfe und den Lindenthalg\u00fcrtel. <\/p>\n<p>(\u00c4nderungen vorbehalten!)<\/p>\n","protected":false},"excerpt":{"rendered":"<p>&#8222;Lindenthaler Flair&#8220; 2014 Zum 26. Stra\u00dfenfest in Lindenthal laden der Ring Lindenthaler Gesch\u00e4ftsleute e.V. am Sonntag, 31.08.2014, zur Sause auf<\/p>\n","protected":false},"author":6,"featured_media":7222,"comment_status":"open","ping_status":"open","sticky":false,"template":"","format":"standard","meta":{"_crdt_document":"","ngg_post_thumbnail":0,"jetpack_post_was_ever_published":false,"_jetpack_newsletter_access":"","_jetpack_dont_email_post_to_subs":false,"_jetpack_newsletter_tier_id":0,"_jetpack_memberships_contains_paywalled_content":false,"_jetpack_memberships_contains_paid_content":false,"footnotes":"","jetpack_publicize_message":"","jetpack_publicize_feature_enabled":true,"jetpack_social_post_already_shared":true,"jetpack_social_options":{"image_generator_settings":{"template":"highway","default_image_id":0,"font":"","enabled":false},"version":2}},"categories":[362],"tags":[108,102,544,53,153],"class_list":["post-7221","post","type-post","status-publish","format-standard","has-post-thumbnail","hentry","category-strasenfest-koln","tag-einkaufen","tag-freizeit","tag-koeln","tag-shopping","tag-strassenfest"],"yoast_head":"<!-- This site is optimized with the Yoast SEO plugin v27.5 - https:\/\/yoast.com\/product\/yoast-seo-wordpress\/ -->\n<title>Stadtteilfest Lindenthaler Flair 2014<\/title>\n<meta name=\"description\" content=\"Gro\u00dfes Stra\u00dfenfest auf der D\u00fcrener Stra\u00dfe mit 3 B\u00fchnen und vielen kleinen Aktionen und Attraktionen, alle Infos, Sperrungen, parken, Verkehr, B\u00fchnenprogramm\" \/>\n<meta name=\"robots\" content=\"index, follow, max-snippet:-1, max-image-preview:large, max-video-preview:-1\" \/>\n<link rel=\"canonical\" href=\"https:\/\/www.gaidaphotos.com\/blog\/2014\/08\/22\/strassenfest-lindenthal-31-08-2014\/\" \/>\n<meta property=\"og:locale\" content=\"de_DE\" \/>\n<meta property=\"og:type\" content=\"article\" \/>\n<meta property=\"og:title\" content=\"Stadtteilfest Lindenthaler Flair 2014\" \/>\n<meta property=\"og:description\" content=\"Gro\u00dfes Stra\u00dfenfest auf der D\u00fcrener Stra\u00dfe mit 3 B\u00fchnen und vielen kleinen Aktionen und Attraktionen, alle Infos, Sperrungen, parken, Verkehr, B\u00fchnenprogramm\" \/>\n<meta property=\"og:url\" content=\"https:\/\/www.gaidaphotos.com\/blog\/2014\/08\/22\/strassenfest-lindenthal-31-08-2014\/\" \/>\n<meta property=\"og:site_name\" content=\"K\u00f6ln Rodenkirchen und die Welt\" \/>\n<meta property=\"article:publisher\" content=\"https:\/\/www.facebook.com\/Koeln.Rodenkirchen\" \/>\n<meta property=\"article:author\" content=\"https:\/\/www.facebook.com\/gaidaphotos\" \/>\n<meta property=\"article:published_time\" content=\"2014-08-22T10:05:25+00:00\" \/>\n<meta property=\"article:modified_time\" content=\"2017-04-17T12:13:00+00:00\" \/>\n<meta property=\"og:image\" content=\"https:\/\/i2.wp.com\/www.gaidaphotos.com\/blog\/wp-content\/uploads\/2014\/08\/stadtteilfest-lindenthaler-flair.jpg?fit=212%2C300&ssl=1\" \/>\n\t<meta property=\"og:image:width\" content=\"212\" \/>\n\t<meta property=\"og:image:height\" content=\"300\" \/>\n\t<meta property=\"og:image:type\" content=\"image\/jpeg\" \/>\n<meta name=\"author\" content=\"Thomas\" \/>\n<meta name=\"twitter:card\" content=\"summary_large_image\" \/>\n<meta name=\"twitter:creator\" content=\"@gaidaphotos\" \/>\n<meta name=\"twitter:site\" content=\"@gaidaphotos\" \/>\n<meta name=\"twitter:label1\" content=\"Verfasst von\" \/>\n\t<meta name=\"twitter:data1\" content=\"Thomas\" \/>\n\t<meta name=\"twitter:label2\" content=\"Gesch\u00e4tzte Lesezeit\" \/>\n\t<meta name=\"twitter:data2\" content=\"5\u00a0Minuten\" \/>\n<script type=\"application\/ld+json\" class=\"yoast-schema-graph\">{\"@context\":\"https:\\\/\\\/schema.org\",\"@graph\":[{\"@type\":\"Article\",\"@id\":\"https:\\\/\\\/www.gaidaphotos.com\\\/blog\\\/2014\\\/08\\\/22\\\/strassenfest-lindenthal-31-08-2014\\\/#article\",\"isPartOf\":{\"@id\":\"https:\\\/\\\/www.gaidaphotos.com\\\/blog\\\/2014\\\/08\\\/22\\\/strassenfest-lindenthal-31-08-2014\\\/\"},\"author\":{\"name\":\"Thomas\",\"@id\":\"https:\\\/\\\/www.gaidaphotos.com\\\/blog\\\/#\\\/schema\\\/person\\\/6c444a5b13ffc503c5c32f5a9ec68b21\"},\"headline\":\"Stadtteilfest Lindenthaler Flair\",\"datePublished\":\"2014-08-22T10:05:25+00:00\",\"dateModified\":\"2017-04-17T12:13:00+00:00\",\"mainEntityOfPage\":{\"@id\":\"https:\\\/\\\/www.gaidaphotos.com\\\/blog\\\/2014\\\/08\\\/22\\\/strassenfest-lindenthal-31-08-2014\\\/\"},\"wordCount\":929,\"commentCount\":1,\"publisher\":{\"@id\":\"https:\\\/\\\/www.gaidaphotos.com\\\/blog\\\/#organization\"},\"image\":{\"@id\":\"https:\\\/\\\/www.gaidaphotos.com\\\/blog\\\/2014\\\/08\\\/22\\\/strassenfest-lindenthal-31-08-2014\\\/#primaryimage\"},\"thumbnailUrl\":\"https:\\\/\\\/i0.wp.com\\\/www.gaidaphotos.com\\\/blog\\\/wp-content\\\/uploads\\\/2014\\\/08\\\/stadtteilfest-lindenthaler-flair.jpg?fit=212%2C300&ssl=1\",\"keywords\":[\"Einkaufen\\\/ Shopping\",\"Freizeit-Ideen\",\"K\u00f6ln\",\"Shopping\",\"Strassenfest\"],\"articleSection\":[\"Stra\u00dfenfest K\u00f6ln\"],\"inLanguage\":\"de\",\"potentialAction\":[{\"@type\":\"CommentAction\",\"name\":\"Comment\",\"target\":[\"https:\\\/\\\/www.gaidaphotos.com\\\/blog\\\/2014\\\/08\\\/22\\\/strassenfest-lindenthal-31-08-2014\\\/#respond\"]}]},{\"@type\":\"WebPage\",\"@id\":\"https:\\\/\\\/www.gaidaphotos.com\\\/blog\\\/2014\\\/08\\\/22\\\/strassenfest-lindenthal-31-08-2014\\\/\",\"url\":\"https:\\\/\\\/www.gaidaphotos.com\\\/blog\\\/2014\\\/08\\\/22\\\/strassenfest-lindenthal-31-08-2014\\\/\",\"name\":\"Stadtteilfest Lindenthaler Flair 2014\",\"isPartOf\":{\"@id\":\"https:\\\/\\\/www.gaidaphotos.com\\\/blog\\\/#website\"},\"primaryImageOfPage\":{\"@id\":\"https:\\\/\\\/www.gaidaphotos.com\\\/blog\\\/2014\\\/08\\\/22\\\/strassenfest-lindenthal-31-08-2014\\\/#primaryimage\"},\"image\":{\"@id\":\"https:\\\/\\\/www.gaidaphotos.com\\\/blog\\\/2014\\\/08\\\/22\\\/strassenfest-lindenthal-31-08-2014\\\/#primaryimage\"},\"thumbnailUrl\":\"https:\\\/\\\/i0.wp.com\\\/www.gaidaphotos.com\\\/blog\\\/wp-content\\\/uploads\\\/2014\\\/08\\\/stadtteilfest-lindenthaler-flair.jpg?fit=212%2C300&ssl=1\",\"datePublished\":\"2014-08-22T10:05:25+00:00\",\"dateModified\":\"2017-04-17T12:13:00+00:00\",\"description\":\"Gro\u00dfes Stra\u00dfenfest auf der D\u00fcrener Stra\u00dfe mit 3 B\u00fchnen und vielen kleinen Aktionen und Attraktionen, alle Infos, Sperrungen, parken, Verkehr, B\u00fchnenprogramm\",\"breadcrumb\":{\"@id\":\"https:\\\/\\\/www.gaidaphotos.com\\\/blog\\\/2014\\\/08\\\/22\\\/strassenfest-lindenthal-31-08-2014\\\/#breadcrumb\"},\"inLanguage\":\"de\",\"potentialAction\":[{\"@type\":\"ReadAction\",\"target\":[\"https:\\\/\\\/www.gaidaphotos.com\\\/blog\\\/2014\\\/08\\\/22\\\/strassenfest-lindenthal-31-08-2014\\\/\"]}]},{\"@type\":\"ImageObject\",\"inLanguage\":\"de\",\"@id\":\"https:\\\/\\\/www.gaidaphotos.com\\\/blog\\\/2014\\\/08\\\/22\\\/strassenfest-lindenthal-31-08-2014\\\/#primaryimage\",\"url\":\"https:\\\/\\\/i0.wp.com\\\/www.gaidaphotos.com\\\/blog\\\/wp-content\\\/uploads\\\/2014\\\/08\\\/stadtteilfest-lindenthaler-flair.jpg?fit=212%2C300&ssl=1\",\"contentUrl\":\"https:\\\/\\\/i0.wp.com\\\/www.gaidaphotos.com\\\/blog\\\/wp-content\\\/uploads\\\/2014\\\/08\\\/stadtteilfest-lindenthaler-flair.jpg?fit=212%2C300&ssl=1\",\"width\":212,\"height\":300,\"caption\":\"Stra\u00dfenfest in Lindenthal\"},{\"@type\":\"BreadcrumbList\",\"@id\":\"https:\\\/\\\/www.gaidaphotos.com\\\/blog\\\/2014\\\/08\\\/22\\\/strassenfest-lindenthal-31-08-2014\\\/#breadcrumb\",\"itemListElement\":[{\"@type\":\"ListItem\",\"position\":1,\"name\":\"Startseite\",\"item\":\"https:\\\/\\\/www.gaidaphotos.com\\\/blog\\\/\"},{\"@type\":\"ListItem\",\"position\":2,\"name\":\"Stadtteilfest Lindenthaler Flair\"}]},{\"@type\":\"WebSite\",\"@id\":\"https:\\\/\\\/www.gaidaphotos.com\\\/blog\\\/#website\",\"url\":\"https:\\\/\\\/www.gaidaphotos.com\\\/blog\\\/\",\"name\":\"K\u00f6ln Rodenkirchen und die Welt\",\"description\":\"Einkaufen, Restaurants, Freizeit, Nachrichten und was uns sonst bewegt und begegnet\",\"publisher\":{\"@id\":\"https:\\\/\\\/www.gaidaphotos.com\\\/blog\\\/#organization\"},\"potentialAction\":[{\"@type\":\"SearchAction\",\"target\":{\"@type\":\"EntryPoint\",\"urlTemplate\":\"https:\\\/\\\/www.gaidaphotos.com\\\/blog\\\/?s={search_term_string}\"},\"query-input\":{\"@type\":\"PropertyValueSpecification\",\"valueRequired\":true,\"valueName\":\"search_term_string\"}}],\"inLanguage\":\"de\"},{\"@type\":\"Organization\",\"@id\":\"https:\\\/\\\/www.gaidaphotos.com\\\/blog\\\/#organization\",\"name\":\"gaidaphotos\",\"url\":\"https:\\\/\\\/www.gaidaphotos.com\\\/blog\\\/\",\"logo\":{\"@type\":\"ImageObject\",\"inLanguage\":\"de\",\"@id\":\"https:\\\/\\\/www.gaidaphotos.com\\\/blog\\\/#\\\/schema\\\/logo\\\/image\\\/\",\"url\":\"https:\\\/\\\/i0.wp.com\\\/www.gaidaphotos.com\\\/blog\\\/wp-content\\\/uploads\\\/2020\\\/07\\\/GAIDAPHOTOS-COM.jpg?fit=160%2C96&ssl=1\",\"contentUrl\":\"https:\\\/\\\/i0.wp.com\\\/www.gaidaphotos.com\\\/blog\\\/wp-content\\\/uploads\\\/2020\\\/07\\\/GAIDAPHOTOS-COM.jpg?fit=160%2C96&ssl=1\",\"width\":160,\"height\":96,\"caption\":\"gaidaphotos\"},\"image\":{\"@id\":\"https:\\\/\\\/www.gaidaphotos.com\\\/blog\\\/#\\\/schema\\\/logo\\\/image\\\/\"},\"sameAs\":[\"https:\\\/\\\/www.facebook.com\\\/Koeln.Rodenkirchen\",\"https:\\\/\\\/x.com\\\/gaidaphotos\",\"https:\\\/\\\/instagram.com\\\/gaidaphotos\\\/\",\"https:\\\/\\\/de.linkedin.com\\\/in\\\/gaidaphotos\",\"https:\\\/\\\/myspace.com\\\/gaidaphotos\",\"https:\\\/\\\/www.pinterest.com\\\/gaidaphotos\\\/\",\"https:\\\/\\\/www.youtube.com\\\/user\\\/gaidaphotos\"]},{\"@type\":\"Person\",\"@id\":\"https:\\\/\\\/www.gaidaphotos.com\\\/blog\\\/#\\\/schema\\\/person\\\/6c444a5b13ffc503c5c32f5a9ec68b21\",\"name\":\"Thomas\",\"sameAs\":[\"https:\\\/\\\/www.gaidaphotos.com\",\"https:\\\/\\\/www.facebook.com\\\/gaidaphotos\",\"https:\\\/\\\/instagram.com\\\/gaidaphotos\\\/\",\"https:\\\/\\\/www.linkedin.com\\\/in\\\/gaidaphotos\",\"http:\\\/\\\/www.pinterest.com\\\/gaidaphotos\\\/\",\"https:\\\/\\\/x.com\\\/gaidaphotos\",\"https:\\\/\\\/myspace.com\\\/gaidaphotos\",\"https:\\\/\\\/www.youtube.com\\\/user\\\/gaidaphotos\",\"https:\\\/\\\/gaidaphotos.tumblr.com\\\/\"]}]}<\/script>\n<!-- \/ Yoast SEO plugin. -->","yoast_head_json":{"title":"Stadtteilfest Lindenthaler Flair 2014","description":"Gro\u00dfes Stra\u00dfenfest auf der D\u00fcrener Stra\u00dfe mit 3 B\u00fchnen und vielen kleinen Aktionen und Attraktionen, alle Infos, Sperrungen, parken, Verkehr, B\u00fchnenprogramm","robots":{"index":"index","follow":"follow","max-snippet":"max-snippet:-1","max-image-preview":"max-image-preview:large","max-video-preview":"max-video-preview:-1"},"canonical":"https:\/\/www.gaidaphotos.com\/blog\/2014\/08\/22\/strassenfest-lindenthal-31-08-2014\/","og_locale":"de_DE","og_type":"article","og_title":"Stadtteilfest Lindenthaler Flair 2014","og_description":"Gro\u00dfes Stra\u00dfenfest auf der D\u00fcrener Stra\u00dfe mit 3 B\u00fchnen und vielen kleinen Aktionen und Attraktionen, alle Infos, Sperrungen, parken, Verkehr, B\u00fchnenprogramm","og_url":"https:\/\/www.gaidaphotos.com\/blog\/2014\/08\/22\/strassenfest-lindenthal-31-08-2014\/","og_site_name":"K\u00f6ln Rodenkirchen und die Welt","article_publisher":"https:\/\/www.facebook.com\/Koeln.Rodenkirchen","article_author":"https:\/\/www.facebook.com\/gaidaphotos","article_published_time":"2014-08-22T10:05:25+00:00","article_modified_time":"2017-04-17T12:13:00+00:00","og_image":[{"width":212,"height":300,"url":"https:\/\/i2.wp.com\/www.gaidaphotos.com\/blog\/wp-content\/uploads\/2014\/08\/stadtteilfest-lindenthaler-flair.jpg?fit=212%2C300&ssl=1","type":"image\/jpeg"}],"author":"Thomas","twitter_card":"summary_large_image","twitter_creator":"@gaidaphotos","twitter_site":"@gaidaphotos","twitter_misc":{"Verfasst von":"Thomas","Gesch\u00e4tzte Lesezeit":"5\u00a0Minuten"},"schema":{"@context":"https:\/\/schema.org","@graph":[{"@type":"Article","@id":"https:\/\/www.gaidaphotos.com\/blog\/2014\/08\/22\/strassenfest-lindenthal-31-08-2014\/#article","isPartOf":{"@id":"https:\/\/www.gaidaphotos.com\/blog\/2014\/08\/22\/strassenfest-lindenthal-31-08-2014\/"},"author":{"name":"Thomas","@id":"https:\/\/www.gaidaphotos.com\/blog\/#\/schema\/person\/6c444a5b13ffc503c5c32f5a9ec68b21"},"headline":"Stadtteilfest Lindenthaler Flair","datePublished":"2014-08-22T10:05:25+00:00","dateModified":"2017-04-17T12:13:00+00:00","mainEntityOfPage":{"@id":"https:\/\/www.gaidaphotos.com\/blog\/2014\/08\/22\/strassenfest-lindenthal-31-08-2014\/"},"wordCount":929,"commentCount":1,"publisher":{"@id":"https:\/\/www.gaidaphotos.com\/blog\/#organization"},"image":{"@id":"https:\/\/www.gaidaphotos.com\/blog\/2014\/08\/22\/strassenfest-lindenthal-31-08-2014\/#primaryimage"},"thumbnailUrl":"https:\/\/i0.wp.com\/www.gaidaphotos.com\/blog\/wp-content\/uploads\/2014\/08\/stadtteilfest-lindenthaler-flair.jpg?fit=212%2C300&ssl=1","keywords":["Einkaufen\/ Shopping","Freizeit-Ideen","K\u00f6ln","Shopping","Strassenfest"],"articleSection":["Stra\u00dfenfest K\u00f6ln"],"inLanguage":"de","potentialAction":[{"@type":"CommentAction","name":"Comment","target":["https:\/\/www.gaidaphotos.com\/blog\/2014\/08\/22\/strassenfest-lindenthal-31-08-2014\/#respond"]}]},{"@type":"WebPage","@id":"https:\/\/www.gaidaphotos.com\/blog\/2014\/08\/22\/strassenfest-lindenthal-31-08-2014\/","url":"https:\/\/www.gaidaphotos.com\/blog\/2014\/08\/22\/strassenfest-lindenthal-31-08-2014\/","name":"Stadtteilfest Lindenthaler Flair 2014","isPartOf":{"@id":"https:\/\/www.gaidaphotos.com\/blog\/#website"},"primaryImageOfPage":{"@id":"https:\/\/www.gaidaphotos.com\/blog\/2014\/08\/22\/strassenfest-lindenthal-31-08-2014\/#primaryimage"},"image":{"@id":"https:\/\/www.gaidaphotos.com\/blog\/2014\/08\/22\/strassenfest-lindenthal-31-08-2014\/#primaryimage"},"thumbnailUrl":"https:\/\/i0.wp.com\/www.gaidaphotos.com\/blog\/wp-content\/uploads\/2014\/08\/stadtteilfest-lindenthaler-flair.jpg?fit=212%2C300&ssl=1","datePublished":"2014-08-22T10:05:25+00:00","dateModified":"2017-04-17T12:13:00+00:00","description":"Gro\u00dfes Stra\u00dfenfest auf der D\u00fcrener Stra\u00dfe mit 3 B\u00fchnen und vielen kleinen Aktionen und Attraktionen, alle Infos, Sperrungen, parken, Verkehr, B\u00fchnenprogramm","breadcrumb":{"@id":"https:\/\/www.gaidaphotos.com\/blog\/2014\/08\/22\/strassenfest-lindenthal-31-08-2014\/#breadcrumb"},"inLanguage":"de","potentialAction":[{"@type":"ReadAction","target":["https:\/\/www.gaidaphotos.com\/blog\/2014\/08\/22\/strassenfest-lindenthal-31-08-2014\/"]}]},{"@type":"ImageObject","inLanguage":"de","@id":"https:\/\/www.gaidaphotos.com\/blog\/2014\/08\/22\/strassenfest-lindenthal-31-08-2014\/#primaryimage","url":"https:\/\/i0.wp.com\/www.gaidaphotos.com\/blog\/wp-content\/uploads\/2014\/08\/stadtteilfest-lindenthaler-flair.jpg?fit=212%2C300&ssl=1","contentUrl":"https:\/\/i0.wp.com\/www.gaidaphotos.com\/blog\/wp-content\/uploads\/2014\/08\/stadtteilfest-lindenthaler-flair.jpg?fit=212%2C300&ssl=1","width":212,"height":300,"caption":"Stra\u00dfenfest in Lindenthal"},{"@type":"BreadcrumbList","@id":"https:\/\/www.gaidaphotos.com\/blog\/2014\/08\/22\/strassenfest-lindenthal-31-08-2014\/#breadcrumb","itemListElement":[{"@type":"ListItem","position":1,"name":"Startseite","item":"https:\/\/www.gaidaphotos.com\/blog\/"},{"@type":"ListItem","position":2,"name":"Stadtteilfest Lindenthaler Flair"}]},{"@type":"WebSite","@id":"https:\/\/www.gaidaphotos.com\/blog\/#website","url":"https:\/\/www.gaidaphotos.com\/blog\/","name":"K\u00f6ln Rodenkirchen und die Welt","description":"Einkaufen, Restaurants, Freizeit, Nachrichten und was uns sonst bewegt und begegnet","publisher":{"@id":"https:\/\/www.gaidaphotos.com\/blog\/#organization"},"potentialAction":[{"@type":"SearchAction","target":{"@type":"EntryPoint","urlTemplate":"https:\/\/www.gaidaphotos.com\/blog\/?s={search_term_string}"},"query-input":{"@type":"PropertyValueSpecification","valueRequired":true,"valueName":"search_term_string"}}],"inLanguage":"de"},{"@type":"Organization","@id":"https:\/\/www.gaidaphotos.com\/blog\/#organization","name":"gaidaphotos","url":"https:\/\/www.gaidaphotos.com\/blog\/","logo":{"@type":"ImageObject","inLanguage":"de","@id":"https:\/\/www.gaidaphotos.com\/blog\/#\/schema\/logo\/image\/","url":"https:\/\/i0.wp.com\/www.gaidaphotos.com\/blog\/wp-content\/uploads\/2020\/07\/GAIDAPHOTOS-COM.jpg?fit=160%2C96&ssl=1","contentUrl":"https:\/\/i0.wp.com\/www.gaidaphotos.com\/blog\/wp-content\/uploads\/2020\/07\/GAIDAPHOTOS-COM.jpg?fit=160%2C96&ssl=1","width":160,"height":96,"caption":"gaidaphotos"},"image":{"@id":"https:\/\/www.gaidaphotos.com\/blog\/#\/schema\/logo\/image\/"},"sameAs":["https:\/\/www.facebook.com\/Koeln.Rodenkirchen","https:\/\/x.com\/gaidaphotos","https:\/\/instagram.com\/gaidaphotos\/","https:\/\/de.linkedin.com\/in\/gaidaphotos","https:\/\/myspace.com\/gaidaphotos","https:\/\/www.pinterest.com\/gaidaphotos\/","https:\/\/www.youtube.com\/user\/gaidaphotos"]},{"@type":"Person","@id":"https:\/\/www.gaidaphotos.com\/blog\/#\/schema\/person\/6c444a5b13ffc503c5c32f5a9ec68b21","name":"Thomas","sameAs":["https:\/\/www.gaidaphotos.com","https:\/\/www.facebook.com\/gaidaphotos","https:\/\/instagram.com\/gaidaphotos\/","https:\/\/www.linkedin.com\/in\/gaidaphotos","http:\/\/www.pinterest.com\/gaidaphotos\/","https:\/\/x.com\/gaidaphotos","https:\/\/myspace.com\/gaidaphotos","https:\/\/www.youtube.com\/user\/gaidaphotos","https:\/\/gaidaphotos.tumblr.com\/"]}]}},"jetpack_publicize_connections":[],"jetpack_featured_media_url":"https:\/\/i0.wp.com\/www.gaidaphotos.com\/blog\/wp-content\/uploads\/2014\/08\/stadtteilfest-lindenthaler-flair.jpg?fit=212%2C300&ssl=1","jetpack_sharing_enabled":true,"jetpack_likes_enabled":true,"jetpack-related-posts":[{"id":8985,"url":"https:\/\/www.gaidaphotos.com\/blog\/2015\/08\/24\/stadteilfest-lindenthaler-flair\/","url_meta":{"origin":7221,"position":0},"title":"Stadteilfest Lindenthaler Flair 30.08.2015","author":"Thomas","date":"24. August 2015","format":false,"excerpt":"Stadtteilfest \"Lindenthaler Flair\" 2015 August ist die ideale Zeit f\u00fcr Stra\u00dfen- und Stadtteilfeste. Das Wetter ist warm und \u00fcberwiegend best\u00e4ndigt. Der Ring Lindenthaler Gesch\u00e4ftleute l\u00e4dt am 30. August zum 27. Stadteilfest Lindenthaler Flair. Ein eint\u00e4giges Stra\u00dfenfest ist ein neues und ungew\u00f6hnliches Konzept. Das wird ausw\u00e4rtige H\u00e4ndler abschrecken, die nicht f\u00fcr\u2026","rel":"","context":"In &quot;Stra\u00dfenfest K\u00f6ln&quot;","block_context":{"text":"Stra\u00dfenfest K\u00f6ln","link":"https:\/\/www.gaidaphotos.com\/blog\/category\/kalender-archiv\/strasenfest-koln\/"},"img":{"alt_text":"Stra\u00dfenfest Lindenthaler Flair Plakat","src":"https:\/\/i0.wp.com\/www.gaidaphotos.com\/blog\/wp-content\/uploads\/2015\/08\/stra%C3%9Fenfest-lindenthaler-flair-2015-plakat.png?fit=725%2C1024&ssl=1&resize=350%2C200","width":350,"height":200,"srcset":"https:\/\/i0.wp.com\/www.gaidaphotos.com\/blog\/wp-content\/uploads\/2015\/08\/stra%C3%9Fenfest-lindenthaler-flair-2015-plakat.png?fit=725%2C1024&ssl=1&resize=350%2C200 1x, https:\/\/i0.wp.com\/www.gaidaphotos.com\/blog\/wp-content\/uploads\/2015\/08\/stra%C3%9Fenfest-lindenthaler-flair-2015-plakat.png?fit=725%2C1024&ssl=1&resize=525%2C300 1.5x, https:\/\/i0.wp.com\/www.gaidaphotos.com\/blog\/wp-content\/uploads\/2015\/08\/stra%C3%9Fenfest-lindenthaler-flair-2015-plakat.png?fit=725%2C1024&ssl=1&resize=700%2C400 2x"},"classes":[]},{"id":3086,"url":"https:\/\/www.gaidaphotos.com\/blog\/2010\/07\/01\/verkaufsoffener-sonntag-4-07-2010-koeln\/","url_meta":{"origin":7221,"position":1},"title":"verkaufsoffener Sonntag 4.7.2010 in K\u00f6ln Neustadt, Lindenthal und Longerich","author":"Thomas","date":"1. Juli 2010","format":false,"excerpt":"verkaufsoffener Sonntag 4.7.2010 in K\u00f6ln Neustadt, Lindenthal und Longerich: Was ist los und was wird geboten? Am Sonntag, 4.Juli 2010, ist in den K\u00f6lner Veedeln Lindenthal, Longerich und Neustadt verkaufsoffener Sonntag. Die Gesch\u00e4fte in K\u00f6ln Lindenthal, Longerich und Neustadt sind am verkaufsoffenen Sonntag 4.7.2010 von 13:00h bis 18:00h ge\u00f6ffnet. Verkaufsoffener\u2026","rel":"","context":"In &quot;K\u00f6ln&quot;","block_context":{"text":"K\u00f6ln","link":"https:\/\/www.gaidaphotos.com\/blog\/category\/koeln\/"},"img":{"alt_text":"CSD - Christoper Street Day Parade 2010 in K\u00f6ln","src":"https:\/\/i0.wp.com\/www.gaidaphotos.com\/blog\/wp-content\/uploads\/2010\/07\/csd-christopher-street-day-koeln-01.jpg?resize=350%2C200&ssl=1","width":350,"height":200},"classes":[]},{"id":3572,"url":"https:\/\/www.gaidaphotos.com\/blog\/2011\/07\/05\/verkaufsoffener-sonntag-10-07-2011-in-koeln\/","url_meta":{"origin":7221,"position":2},"title":"Verkaufsoffener Sonntag 10.07.2011 in K\u00f6ln","author":"Thomas","date":"5. Juli 2011","format":false,"excerpt":"Verkaufsoffener Sonntag 10.07.2011 in K\u00f6ln (NRW) In diesen K\u00f6lner Stadtteilen k\u00f6nnen Sie am 10.07.2011(verkaufsoffener Sonntag) nach Herzenslust shoppen. K\u00f6ln Br\u00fcck verkaufsoffener Sonntag von 13:00-18:00h N\u00f6rdliche Begrenzung: Bundesautobahn A 4; \u00d6stliche Begrenzung: Flehbachm\u00fchlenweg; S\u00fcdliche und westliche Begrenzung: Verlauf des Flehbachs; Rather Kirchweg K\u00f6ln Lindenthal verkaufsoffener Sonntag von 13:00-18:00h Junkersdorfer Stra\u00dfe -\u2026","rel":"","context":"In &quot;Verkaufsoffener Sonntag K\u00f6ln NRW&quot;","block_context":{"text":"Verkaufsoffener Sonntag K\u00f6ln NRW","link":"https:\/\/www.gaidaphotos.com\/blog\/category\/kalender-archiv\/verkaufsoffener-sonntag-koln-nrw\/"},"img":{"alt_text":"","src":"https:\/\/www.gaidaphotos.com\/blog\/wp-content\/uploads\/2020\/08\/nggallery_import\/59_","width":350,"height":200,"srcset":"https:\/\/www.gaidaphotos.com\/blog\/wp-content\/uploads\/2020\/08\/nggallery_import\/59_ 1x, https:\/\/www.gaidaphotos.com\/blog\/wp-content\/uploads\/2020\/08\/nggallery_import\/59_ 1.5x, https:\/\/www.gaidaphotos.com\/blog\/wp-content\/uploads\/2020\/08\/nggallery_import\/59_ 2x, https:\/\/www.gaidaphotos.com\/blog\/wp-content\/uploads\/2020\/08\/nggallery_import\/59_ 3x"},"classes":[]},{"id":3502,"url":"https:\/\/www.gaidaphotos.com\/blog\/2011\/02\/14\/verkaufsoffener-sonntag-27-02-2011-koeln-lindenthal-marsdorf\/","url_meta":{"origin":7221,"position":3},"title":"Verkaufsoffener Sonntag 27.02.2011 in K\u00f6ln Lindenthal und Marsdorf","author":"Thomas","date":"14. Februar 2011","format":false,"excerpt":"Verkaufsoffener Sonntag in K\u00f6ln (NRW) HALLELUJAH! Endlich ist es wieder soweit. Am 27.02.2011 ist endlich wieder ein verkaufsoffener Sonntag in K\u00f6ln. Die Gesch\u00e4fte in K\u00f6ln-Lindenthal und K\u00f6ln-Marsdorf sind von 13:00h - 18:00h ge\u00f6ffnet. In den Stra\u00dfen und Str\u00e4\u00dfchen, Winkeln und Gassen in K\u00f6ln-Lindenthal zwischen Junkersdorfer Stra\u00dfe - Friedrich-Schmidt-Stra\u00dfe - Maarweg\u2026","rel":"","context":"In &quot;Verkaufsoffener Sonntag K\u00f6ln NRW&quot;","block_context":{"text":"Verkaufsoffener Sonntag K\u00f6ln NRW","link":"https:\/\/www.gaidaphotos.com\/blog\/category\/kalender-archiv\/verkaufsoffener-sonntag-koln-nrw\/"},"img":{"alt_text":"","src":"","width":0,"height":0},"classes":[]},{"id":3416,"url":"https:\/\/www.gaidaphotos.com\/blog\/2010\/11\/03\/verkaufsoffener-sonntag-7-11-2010-in-koeln-lindenthal-street-gallery\/","url_meta":{"origin":7221,"position":4},"title":"Verkaufsoffener Sonntag 7.11.2010 in K\u00f6ln Lindenthal \u201cStreet Gallery\u201d","author":"Thomas","date":"3. November 2010","format":false,"excerpt":"Verkaufsoffener Sonntag 07.11.2010 in K\u00f6ln Lindenthal mit Kunstaustellung \"Street Gallery\" In den Stra\u00dfen und Str\u00e4\u00dfchen, Winkeln und Gassen in K\u00f6ln-Lindenthal zwischen Junkersdorfer Stra\u00dfe - Friedrich-Schmidt-Stra\u00dfe - H\u00fcltzstra\u00dfe - Melateng\u00fcrtel - Weinsbergstra\u00dfe - Universit\u00e4tsstra\u00dfe - Bachemer Stra\u00dfe - Z\u00fclpicher Wall - nordwestlich der Z\u00fclpicher Stra\u00dfe - Gleueler Stra\u00dfe - St\u00fcttgenweg k\u00f6nnen\u2026","rel":"","context":"In &quot;Verkaufsoffener Sonntag K\u00f6ln NRW&quot;","block_context":{"text":"Verkaufsoffener Sonntag K\u00f6ln NRW","link":"https:\/\/www.gaidaphotos.com\/blog\/category\/kalender-archiv\/verkaufsoffener-sonntag-koln-nrw\/"},"img":{"alt_text":"","src":"","width":0,"height":0},"classes":[]},{"id":5088,"url":"https:\/\/www.gaidaphotos.com\/blog\/2012\/10\/22\/verkaufsoffen-in-koeln-am-28-10-2012\/","url_meta":{"origin":7221,"position":5},"title":"Verkaufsoffen in K\u00f6ln am 28.10.2012","author":"Thomas","date":"22. Oktober 2012","format":false,"excerpt":"Verkaufsoffener Sonntag: Herbstzauber, Street Gallery, Kalk Kunst Ganz im Zeichen der Kunst steht der kommende verkaufsoffene Sonntag, 28.10.2012, in K\u00f6ln. Nachdem alle K\u00f6lner Veedel am vergangenen Sonntag die Gesch\u00e4fte geschlossen hielten, bieten jetzt gleich drei gro\u00dfe Veedel besondere Angebote zum verkaufsoffenen Sonntag. Und das am Ende des Monats, wenn die\u2026","rel":"","context":"In &quot;Verkaufsoffener Sonntag K\u00f6ln NRW&quot;","block_context":{"text":"Verkaufsoffener Sonntag K\u00f6ln NRW","link":"https:\/\/www.gaidaphotos.com\/blog\/category\/kalender-archiv\/verkaufsoffener-sonntag-koln-nrw\/"},"img":{"alt_text":"Verkaufsoffener Sonntag: Herbstzauber, Street Gallery, Kalk Kunst","src":"https:\/\/i0.wp.com\/www.gaidaphotos.com\/blog\/wp-content\/uploads\/2012\/10\/verkaufsoffen-28-10-2012-koeln-herbstzauber.jpg?fit=495%2C697&ssl=1&resize=350%2C200","width":350,"height":200},"classes":[]}],"_links":{"self":[{"href":"https:\/\/www.gaidaphotos.com\/blog\/wp-json\/wp\/v2\/posts\/7221","targetHints":{"allow":["GET"]}}],"collection":[{"href":"https:\/\/www.gaidaphotos.com\/blog\/wp-json\/wp\/v2\/posts"}],"about":[{"href":"https:\/\/www.gaidaphotos.com\/blog\/wp-json\/wp\/v2\/types\/post"}],"author":[{"embeddable":true,"href":"https:\/\/www.gaidaphotos.com\/blog\/wp-json\/wp\/v2\/users\/6"}],"replies":[{"embeddable":true,"href":"https:\/\/www.gaidaphotos.com\/blog\/wp-json\/wp\/v2\/comments?post=7221"}],"version-history":[{"count":0,"href":"https:\/\/www.gaidaphotos.com\/blog\/wp-json\/wp\/v2\/posts\/7221\/revisions"}],"wp:featuredmedia":[{"embeddable":true,"href":"https:\/\/www.gaidaphotos.com\/blog\/wp-json\/wp\/v2\/media\/7222"}],"wp:attachment":[{"href":"https:\/\/www.gaidaphotos.com\/blog\/wp-json\/wp\/v2\/media?parent=7221"}],"wp:term":[{"taxonomy":"category","embeddable":true,"href":"https:\/\/www.gaidaphotos.com\/blog\/wp-json\/wp\/v2\/categories?post=7221"},{"taxonomy":"post_tag","embeddable":true,"href":"https:\/\/www.gaidaphotos.com\/blog\/wp-json\/wp\/v2\/tags?post=7221"}],"curies":[{"name":"wp","href":"https:\/\/api.w.org\/{rel}","templated":true}]}}