{"id":7225,"date":"2014-08-22T16:14:16","date_gmt":"2014-08-22T14:14:16","guid":{"rendered":"http:\/\/www.gaidaphotos.com\/blog\/?p=7225"},"modified":"2014-08-22T16:14:16","modified_gmt":"2014-08-22T14:14:16","slug":"seniorentag-in-rodenkirchen-29-08-2013","status":"publish","type":"post","link":"https:\/\/www.gaidaphotos.com\/blog\/2014\/08\/22\/seniorentag-in-rodenkirchen-29-08-2013\/","title":{"rendered":"Seniorentag in Rodenkirchen 29.08.2013"},"content":{"rendered":"<h2>Seniorentag in Rodenkirchen 29.08.2013<\/h2>\n<p><figure style=\"width: 175px\" class=\"wp-caption alignleft\"><a href=\"https:\/\/i0.wp.com\/www.gaidaphotos.com\/blog\/wp-content\/gallery\/fotos\/daddeln-senioren.JPG?ssl=1\" title='Computerspiele f\u00fcr Senioren'><img data-recalc-dims=\"1\" src=\"https:\/\/i0.wp.com\/www.gaidaphotos.com\/blog\/wp-content\/gallery\/fotos\/thumbs\/thumbs_daddeln-senioren.JPG?w=910&#038;ssl=1\" alt='Computerspiele Senioren' align='center' \/><\/a><figcaption class=\"wp-caption-text\">Silver Gamer<\/figcaption><\/figure>  &#8222;<strong>Wohnen im Alter<\/strong>&#8220; &#8211; zu diesem Schwerpunktthema erfahren Sie mehr beim &#8222;<strong>Seniorentag in Rodenkirchen<\/strong>&#8222;, am 29.08.2014 auf dem <strong>Maternusplatz<\/strong>.<\/p>\n<p>Die Bev\u00f6lkerung wird immer \u00e4lter. Darauf muss sich die Politik einstellen. Und auch die Betroffenen m\u00fcssen ihr Leben anpassen und sich mit den Gegebenheiten des Alterns abfinden und damit einrichten. Zum &#8222;Wohnen im Alter&#8220; gibt es vielf\u00e4ltige Unterst\u00fctzung durch die Stadt, private Tr\u00e4ge und Vereine, die leider den Senioren nicht ausreichend bekannt sind.<\/p>\n<p>Der <strong>Seniorentag <\/strong>bringt <strong>Anbieter und Dienstleister<\/strong> mit Senioren und ihren Angeh\u00f6rigen zusammen. Die <strong>Seniorenvertretung<\/strong>, die <strong>Seniorenberater <\/strong>und die Anbieter und Tr\u00e4ger der <strong>Seniorenhilfe <\/strong>im Stadtbezirk 2, K\u00f6ln-Rodenkirchen, finden sich zusammen und bieten Information rund um das Thema &#8222;Wohnen im Alter&#8220;.<br \/>\n<strong>Fachvortr\u00e4ge <\/strong>zum Schwerpunktthema informieren Sie \u00fcber moderne <strong>Wohnformen im Alte<\/strong>r, die Planungen der Stadt f\u00fcr gef\u00f6rderten Wohnungsbau und das neue Mehrgenerationenhaus auf dem S\u00fcrther Feld.<br \/>\nDazu gibt es Unterhaltung und Kaffee und Kuchen.<\/p>\n<p>Der <strong>Seniorentag <\/strong>findet am <strong>Freitag, 29.08.2014 von 11 bis 16 Uhr<\/strong> auf dem <strong>Maternusplatz in Rodenkirchen<\/strong> statt.<\/p>\n<h3>Seniorentag Programm<\/h3>\n<ul>\n<li>11:00 h<br \/>\n    <strong>Er\u00f6ffnung<\/strong> durch Bezirksb\u00fcrgermeister Mike Homann. Dr. G. Haider, Gabriele von Dombois, Seniorenvertretung<\/li>\n<li>11:30h<br \/>\n    <strong>Singgemeinschaft Rodenkirchen<\/strong><\/li>\n<li>12:15h<br \/>\n    <strong>Wohnformen im Alter<\/strong><br \/>\n  Monika Schneider, Agentur f\u00fcr Wohnkonzepte<\/li>\n<li>13:00 h<br \/>\n    <strong>Agilando<\/strong> &#8211; der Solotanzspa\u00df  50+ &amp; <strong>Zumba Gold Fitness<\/strong><br \/>\n  TanzBreuer<\/li>\n<li>13:45 h<br \/>\n    <strong>Bedarfsprognosen und Standards des gef\u00f6rderten Wohnungsbaus im Stadtbezirk Rodenkirchen<\/strong><br \/>\n  Josef Ludwig, Leiter Amt f\u00fcr Wohnungswesen Stadt K\u00f6ln<\/li>\n<li>14:30 h<br \/>\n        <strong>Duo Evergreeen<\/strong><br \/>\n  Andres Ebert, Bernd von der Heyde<\/li>\n<li>    15:15 h<br \/>\n    <strong>Projekt Mehrgenerationenhaus auf S\u00fcrther Feld<\/strong><br \/>\n  Gerrit J. den Heijer, IMMO Projektmanagement GmbH<\/li>\n<p>\n      Ende gegen 16:00 h<\/p>\n<h3>Themenpavillons Seniorentag 2014   <\/h3>\n<li>B\u00fcrgeramt, Polizei, AWB<\/li>\n<li>Seniorenberatung und -vertretung<\/li>\n<li>Bildung, Freizeit, begegnung<br \/>\n    Angebote der Seniorennetzwerke und Vereine im Stadtbezirk<\/li>\n<li>Helfende H\u00e4nde Rodenkirchen, K\u00f6lsch H\u00e4tz, ambulanter Hospizdienst u.a.<\/li>\n<li>Pflegedienst, Men\u00fcservice, Hausnotruf<\/li>\n<li>Station\u00e4re und teilstation\u00e4re Einrichtungen im Stadtbezirk<\/li>\n<li>Beratung f\u00fcr Wohnraumanpassung und Wohnungswechsel<\/li>\n<li>Servicewohnen, alternative Wohnformen, Wohngemeinschaften, Wohnen f\u00fcr Hilfe<\/li>\n<\/ul>\n<p>Das &quot;Haus der Familie&quot; versorgt Anwesende und Besucher im Kaffee und Kuchen.<\/p>\n<p>&nbsp;<\/p>\n<p>Den Maternusplatz erreichen Sie mit \u00f6ffentlichen Verkehrsmitteln:<\/p>\n<p>Bus 130, 131, 135 Haltestelle Maternusplatz<\/p>\n<p>Stadtbahn 16 bis Bahnhof Rodenkirchen, von dort ca. 5 min zu Fu\u00df \u00fcber die Maternusstra\u00dfe.<\/p>\n<p>&nbsp;<\/p>\n<p>\u00c4nderungen vorbehalten<\/p>\n","protected":false},"excerpt":{"rendered":"<p>Seniorentag in Rodenkirchen 29.08.2013 &#8222;Wohnen im Alter&#8220; &#8211; zu diesem Schwerpunktthema erfahren Sie mehr beim &#8222;Seniorentag in Rodenkirchen&#8222;, am 29.08.2014<\/p>\n","protected":false},"author":6,"featured_media":7228,"comment_status":"open","ping_status":"open","sticky":false,"template":"","format":"standard","meta":{"_crdt_document":"","ngg_post_thumbnail":0,"jetpack_post_was_ever_published":false,"_jetpack_newsletter_access":"","_jetpack_dont_email_post_to_subs":false,"_jetpack_newsletter_tier_id":0,"_jetpack_memberships_contains_paywalled_content":false,"_jetpack_memberships_contains_paid_content":false,"footnotes":"","jetpack_publicize_message":"","jetpack_publicize_feature_enabled":true,"jetpack_social_post_already_shared":true,"jetpack_social_options":{"image_generator_settings":{"template":"highway","default_image_id":0,"font":"","enabled":false},"version":2}},"categories":[101],"tags":[102,538],"class_list":["post-7225","post","type-post","status-publish","format-standard","has-post-thumbnail","hentry","category-koeln-rodenkirchen-freizeit","tag-freizeit","tag-koeln-rodenkirchen"],"yoast_head":"<!-- This site is optimized with the Yoast SEO plugin v27.5 - https:\/\/yoast.com\/product\/yoast-seo-wordpress\/ -->\n<title>Seniorentag in Rodenkirchen 29.08.2013<\/title>\n<meta name=\"description\" content=\"Seniorentag in Rodenkirchen 29.08.2013 - zum Thema &quot;Wohnen im Alter&quot;, Programm, Themenpavillons, Teilnehmer und Anbieter,\" \/>\n<meta name=\"robots\" content=\"index, follow, max-snippet:-1, max-image-preview:large, max-video-preview:-1\" \/>\n<link rel=\"canonical\" href=\"https:\/\/www.gaidaphotos.com\/blog\/2014\/08\/22\/seniorentag-in-rodenkirchen-29-08-2013\/\" \/>\n<meta property=\"og:locale\" content=\"de_DE\" \/>\n<meta property=\"og:type\" content=\"article\" \/>\n<meta property=\"og:title\" content=\"Seniorentag in Rodenkirchen 29.08.2013\" \/>\n<meta property=\"og:description\" content=\"Seniorentag in Rodenkirchen 29.08.2013 - zum Thema &quot;Wohnen im Alter&quot;, Programm, Themenpavillons, Teilnehmer und Anbieter,\" \/>\n<meta property=\"og:url\" content=\"https:\/\/www.gaidaphotos.com\/blog\/2014\/08\/22\/seniorentag-in-rodenkirchen-29-08-2013\/\" \/>\n<meta property=\"og:site_name\" content=\"K\u00f6ln Rodenkirchen und die Welt\" \/>\n<meta property=\"article:publisher\" content=\"https:\/\/www.facebook.com\/Koeln.Rodenkirchen\" \/>\n<meta property=\"article:author\" content=\"https:\/\/www.facebook.com\/gaidaphotos\" \/>\n<meta property=\"article:published_time\" content=\"2014-08-22T14:14:16+00:00\" \/>\n<meta property=\"og:image\" content=\"https:\/\/i2.wp.com\/www.gaidaphotos.com\/blog\/wp-content\/uploads\/ngg_featured\/daddeln-senioren.JPG?fit=767%2C1024&ssl=1\" \/>\n\t<meta property=\"og:image:width\" content=\"767\" \/>\n\t<meta property=\"og:image:height\" content=\"1024\" \/>\n\t<meta property=\"og:image:type\" content=\"image\/jpeg\" \/>\n<meta name=\"author\" content=\"Thomas\" \/>\n<meta name=\"twitter:card\" content=\"summary_large_image\" \/>\n<meta name=\"twitter:creator\" content=\"@gaidaphotos\" \/>\n<meta name=\"twitter:site\" content=\"@gaidaphotos\" \/>\n<meta name=\"twitter:label1\" content=\"Verfasst von\" \/>\n\t<meta name=\"twitter:data1\" content=\"Thomas\" \/>\n\t<meta name=\"twitter:label2\" content=\"Gesch\u00e4tzte Lesezeit\" \/>\n\t<meta name=\"twitter:data2\" content=\"2\u00a0Minuten\" \/>\n<script type=\"application\/ld+json\" class=\"yoast-schema-graph\">{\"@context\":\"https:\\\/\\\/schema.org\",\"@graph\":[{\"@type\":\"Article\",\"@id\":\"https:\\\/\\\/www.gaidaphotos.com\\\/blog\\\/2014\\\/08\\\/22\\\/seniorentag-in-rodenkirchen-29-08-2013\\\/#article\",\"isPartOf\":{\"@id\":\"https:\\\/\\\/www.gaidaphotos.com\\\/blog\\\/2014\\\/08\\\/22\\\/seniorentag-in-rodenkirchen-29-08-2013\\\/\"},\"author\":{\"name\":\"Thomas\",\"@id\":\"https:\\\/\\\/www.gaidaphotos.com\\\/blog\\\/#\\\/schema\\\/person\\\/6c444a5b13ffc503c5c32f5a9ec68b21\"},\"headline\":\"Seniorentag in Rodenkirchen 29.08.2013\",\"datePublished\":\"2014-08-22T14:14:16+00:00\",\"mainEntityOfPage\":{\"@id\":\"https:\\\/\\\/www.gaidaphotos.com\\\/blog\\\/2014\\\/08\\\/22\\\/seniorentag-in-rodenkirchen-29-08-2013\\\/\"},\"wordCount\":369,\"commentCount\":1,\"publisher\":{\"@id\":\"https:\\\/\\\/www.gaidaphotos.com\\\/blog\\\/#organization\"},\"image\":{\"@id\":\"https:\\\/\\\/www.gaidaphotos.com\\\/blog\\\/2014\\\/08\\\/22\\\/seniorentag-in-rodenkirchen-29-08-2013\\\/#primaryimage\"},\"thumbnailUrl\":\"https:\\\/\\\/i0.wp.com\\\/www.gaidaphotos.com\\\/blog\\\/wp-content\\\/uploads\\\/ngg_featured\\\/daddeln-senioren.JPG?fit=767%2C1024&ssl=1\",\"keywords\":[\"Freizeit-Ideen\",\"K\u00f6ln Rodenkirchen\"],\"articleSection\":[\"K\u00f6ln Rodenkirchen Freizeit\"],\"inLanguage\":\"de\",\"potentialAction\":[{\"@type\":\"CommentAction\",\"name\":\"Comment\",\"target\":[\"https:\\\/\\\/www.gaidaphotos.com\\\/blog\\\/2014\\\/08\\\/22\\\/seniorentag-in-rodenkirchen-29-08-2013\\\/#respond\"]}]},{\"@type\":\"WebPage\",\"@id\":\"https:\\\/\\\/www.gaidaphotos.com\\\/blog\\\/2014\\\/08\\\/22\\\/seniorentag-in-rodenkirchen-29-08-2013\\\/\",\"url\":\"https:\\\/\\\/www.gaidaphotos.com\\\/blog\\\/2014\\\/08\\\/22\\\/seniorentag-in-rodenkirchen-29-08-2013\\\/\",\"name\":\"Seniorentag in Rodenkirchen 29.08.2013\",\"isPartOf\":{\"@id\":\"https:\\\/\\\/www.gaidaphotos.com\\\/blog\\\/#website\"},\"primaryImageOfPage\":{\"@id\":\"https:\\\/\\\/www.gaidaphotos.com\\\/blog\\\/2014\\\/08\\\/22\\\/seniorentag-in-rodenkirchen-29-08-2013\\\/#primaryimage\"},\"image\":{\"@id\":\"https:\\\/\\\/www.gaidaphotos.com\\\/blog\\\/2014\\\/08\\\/22\\\/seniorentag-in-rodenkirchen-29-08-2013\\\/#primaryimage\"},\"thumbnailUrl\":\"https:\\\/\\\/i0.wp.com\\\/www.gaidaphotos.com\\\/blog\\\/wp-content\\\/uploads\\\/ngg_featured\\\/daddeln-senioren.JPG?fit=767%2C1024&ssl=1\",\"datePublished\":\"2014-08-22T14:14:16+00:00\",\"description\":\"Seniorentag in Rodenkirchen 29.08.2013 - zum Thema \\\"Wohnen im Alter\\\", Programm, Themenpavillons, Teilnehmer und Anbieter,\",\"breadcrumb\":{\"@id\":\"https:\\\/\\\/www.gaidaphotos.com\\\/blog\\\/2014\\\/08\\\/22\\\/seniorentag-in-rodenkirchen-29-08-2013\\\/#breadcrumb\"},\"inLanguage\":\"de\",\"potentialAction\":[{\"@type\":\"ReadAction\",\"target\":[\"https:\\\/\\\/www.gaidaphotos.com\\\/blog\\\/2014\\\/08\\\/22\\\/seniorentag-in-rodenkirchen-29-08-2013\\\/\"]}]},{\"@type\":\"ImageObject\",\"inLanguage\":\"de\",\"@id\":\"https:\\\/\\\/www.gaidaphotos.com\\\/blog\\\/2014\\\/08\\\/22\\\/seniorentag-in-rodenkirchen-29-08-2013\\\/#primaryimage\",\"url\":\"https:\\\/\\\/i0.wp.com\\\/www.gaidaphotos.com\\\/blog\\\/wp-content\\\/uploads\\\/ngg_featured\\\/daddeln-senioren.JPG?fit=767%2C1024&ssl=1\",\"contentUrl\":\"https:\\\/\\\/i0.wp.com\\\/www.gaidaphotos.com\\\/blog\\\/wp-content\\\/uploads\\\/ngg_featured\\\/daddeln-senioren.JPG?fit=767%2C1024&ssl=1\",\"width\":767,\"height\":1024},{\"@type\":\"BreadcrumbList\",\"@id\":\"https:\\\/\\\/www.gaidaphotos.com\\\/blog\\\/2014\\\/08\\\/22\\\/seniorentag-in-rodenkirchen-29-08-2013\\\/#breadcrumb\",\"itemListElement\":[{\"@type\":\"ListItem\",\"position\":1,\"name\":\"Startseite\",\"item\":\"https:\\\/\\\/www.gaidaphotos.com\\\/blog\\\/\"},{\"@type\":\"ListItem\",\"position\":2,\"name\":\"Seniorentag in Rodenkirchen 29.08.2013\"}]},{\"@type\":\"WebSite\",\"@id\":\"https:\\\/\\\/www.gaidaphotos.com\\\/blog\\\/#website\",\"url\":\"https:\\\/\\\/www.gaidaphotos.com\\\/blog\\\/\",\"name\":\"K\u00f6ln Rodenkirchen und die Welt\",\"description\":\"Einkaufen, Restaurants, Freizeit, Nachrichten und was uns sonst bewegt und begegnet\",\"publisher\":{\"@id\":\"https:\\\/\\\/www.gaidaphotos.com\\\/blog\\\/#organization\"},\"potentialAction\":[{\"@type\":\"SearchAction\",\"target\":{\"@type\":\"EntryPoint\",\"urlTemplate\":\"https:\\\/\\\/www.gaidaphotos.com\\\/blog\\\/?s={search_term_string}\"},\"query-input\":{\"@type\":\"PropertyValueSpecification\",\"valueRequired\":true,\"valueName\":\"search_term_string\"}}],\"inLanguage\":\"de\"},{\"@type\":\"Organization\",\"@id\":\"https:\\\/\\\/www.gaidaphotos.com\\\/blog\\\/#organization\",\"name\":\"gaidaphotos\",\"url\":\"https:\\\/\\\/www.gaidaphotos.com\\\/blog\\\/\",\"logo\":{\"@type\":\"ImageObject\",\"inLanguage\":\"de\",\"@id\":\"https:\\\/\\\/www.gaidaphotos.com\\\/blog\\\/#\\\/schema\\\/logo\\\/image\\\/\",\"url\":\"https:\\\/\\\/i0.wp.com\\\/www.gaidaphotos.com\\\/blog\\\/wp-content\\\/uploads\\\/2020\\\/07\\\/GAIDAPHOTOS-COM.jpg?fit=160%2C96&ssl=1\",\"contentUrl\":\"https:\\\/\\\/i0.wp.com\\\/www.gaidaphotos.com\\\/blog\\\/wp-content\\\/uploads\\\/2020\\\/07\\\/GAIDAPHOTOS-COM.jpg?fit=160%2C96&ssl=1\",\"width\":160,\"height\":96,\"caption\":\"gaidaphotos\"},\"image\":{\"@id\":\"https:\\\/\\\/www.gaidaphotos.com\\\/blog\\\/#\\\/schema\\\/logo\\\/image\\\/\"},\"sameAs\":[\"https:\\\/\\\/www.facebook.com\\\/Koeln.Rodenkirchen\",\"https:\\\/\\\/x.com\\\/gaidaphotos\",\"https:\\\/\\\/instagram.com\\\/gaidaphotos\\\/\",\"https:\\\/\\\/de.linkedin.com\\\/in\\\/gaidaphotos\",\"https:\\\/\\\/myspace.com\\\/gaidaphotos\",\"https:\\\/\\\/www.pinterest.com\\\/gaidaphotos\\\/\",\"https:\\\/\\\/www.youtube.com\\\/user\\\/gaidaphotos\"]},{\"@type\":\"Person\",\"@id\":\"https:\\\/\\\/www.gaidaphotos.com\\\/blog\\\/#\\\/schema\\\/person\\\/6c444a5b13ffc503c5c32f5a9ec68b21\",\"name\":\"Thomas\",\"sameAs\":[\"https:\\\/\\\/www.gaidaphotos.com\",\"https:\\\/\\\/www.facebook.com\\\/gaidaphotos\",\"https:\\\/\\\/instagram.com\\\/gaidaphotos\\\/\",\"https:\\\/\\\/www.linkedin.com\\\/in\\\/gaidaphotos\",\"http:\\\/\\\/www.pinterest.com\\\/gaidaphotos\\\/\",\"https:\\\/\\\/x.com\\\/gaidaphotos\",\"https:\\\/\\\/myspace.com\\\/gaidaphotos\",\"https:\\\/\\\/www.youtube.com\\\/user\\\/gaidaphotos\",\"https:\\\/\\\/gaidaphotos.tumblr.com\\\/\"]}]}<\/script>\n<!-- \/ Yoast SEO plugin. -->","yoast_head_json":{"title":"Seniorentag in Rodenkirchen 29.08.2013","description":"Seniorentag in Rodenkirchen 29.08.2013 - zum Thema \"Wohnen im Alter\", Programm, Themenpavillons, Teilnehmer und Anbieter,","robots":{"index":"index","follow":"follow","max-snippet":"max-snippet:-1","max-image-preview":"max-image-preview:large","max-video-preview":"max-video-preview:-1"},"canonical":"https:\/\/www.gaidaphotos.com\/blog\/2014\/08\/22\/seniorentag-in-rodenkirchen-29-08-2013\/","og_locale":"de_DE","og_type":"article","og_title":"Seniorentag in Rodenkirchen 29.08.2013","og_description":"Seniorentag in Rodenkirchen 29.08.2013 - zum Thema \"Wohnen im Alter\", Programm, Themenpavillons, Teilnehmer und Anbieter,","og_url":"https:\/\/www.gaidaphotos.com\/blog\/2014\/08\/22\/seniorentag-in-rodenkirchen-29-08-2013\/","og_site_name":"K\u00f6ln Rodenkirchen und die Welt","article_publisher":"https:\/\/www.facebook.com\/Koeln.Rodenkirchen","article_author":"https:\/\/www.facebook.com\/gaidaphotos","article_published_time":"2014-08-22T14:14:16+00:00","og_image":[{"width":767,"height":1024,"url":"https:\/\/i2.wp.com\/www.gaidaphotos.com\/blog\/wp-content\/uploads\/ngg_featured\/daddeln-senioren.JPG?fit=767%2C1024&ssl=1","type":"image\/jpeg"}],"author":"Thomas","twitter_card":"summary_large_image","twitter_creator":"@gaidaphotos","twitter_site":"@gaidaphotos","twitter_misc":{"Verfasst von":"Thomas","Gesch\u00e4tzte Lesezeit":"2\u00a0Minuten"},"schema":{"@context":"https:\/\/schema.org","@graph":[{"@type":"Article","@id":"https:\/\/www.gaidaphotos.com\/blog\/2014\/08\/22\/seniorentag-in-rodenkirchen-29-08-2013\/#article","isPartOf":{"@id":"https:\/\/www.gaidaphotos.com\/blog\/2014\/08\/22\/seniorentag-in-rodenkirchen-29-08-2013\/"},"author":{"name":"Thomas","@id":"https:\/\/www.gaidaphotos.com\/blog\/#\/schema\/person\/6c444a5b13ffc503c5c32f5a9ec68b21"},"headline":"Seniorentag in Rodenkirchen 29.08.2013","datePublished":"2014-08-22T14:14:16+00:00","mainEntityOfPage":{"@id":"https:\/\/www.gaidaphotos.com\/blog\/2014\/08\/22\/seniorentag-in-rodenkirchen-29-08-2013\/"},"wordCount":369,"commentCount":1,"publisher":{"@id":"https:\/\/www.gaidaphotos.com\/blog\/#organization"},"image":{"@id":"https:\/\/www.gaidaphotos.com\/blog\/2014\/08\/22\/seniorentag-in-rodenkirchen-29-08-2013\/#primaryimage"},"thumbnailUrl":"https:\/\/i0.wp.com\/www.gaidaphotos.com\/blog\/wp-content\/uploads\/ngg_featured\/daddeln-senioren.JPG?fit=767%2C1024&ssl=1","keywords":["Freizeit-Ideen","K\u00f6ln Rodenkirchen"],"articleSection":["K\u00f6ln Rodenkirchen Freizeit"],"inLanguage":"de","potentialAction":[{"@type":"CommentAction","name":"Comment","target":["https:\/\/www.gaidaphotos.com\/blog\/2014\/08\/22\/seniorentag-in-rodenkirchen-29-08-2013\/#respond"]}]},{"@type":"WebPage","@id":"https:\/\/www.gaidaphotos.com\/blog\/2014\/08\/22\/seniorentag-in-rodenkirchen-29-08-2013\/","url":"https:\/\/www.gaidaphotos.com\/blog\/2014\/08\/22\/seniorentag-in-rodenkirchen-29-08-2013\/","name":"Seniorentag in Rodenkirchen 29.08.2013","isPartOf":{"@id":"https:\/\/www.gaidaphotos.com\/blog\/#website"},"primaryImageOfPage":{"@id":"https:\/\/www.gaidaphotos.com\/blog\/2014\/08\/22\/seniorentag-in-rodenkirchen-29-08-2013\/#primaryimage"},"image":{"@id":"https:\/\/www.gaidaphotos.com\/blog\/2014\/08\/22\/seniorentag-in-rodenkirchen-29-08-2013\/#primaryimage"},"thumbnailUrl":"https:\/\/i0.wp.com\/www.gaidaphotos.com\/blog\/wp-content\/uploads\/ngg_featured\/daddeln-senioren.JPG?fit=767%2C1024&ssl=1","datePublished":"2014-08-22T14:14:16+00:00","description":"Seniorentag in Rodenkirchen 29.08.2013 - zum Thema \"Wohnen im Alter\", Programm, Themenpavillons, Teilnehmer und Anbieter,","breadcrumb":{"@id":"https:\/\/www.gaidaphotos.com\/blog\/2014\/08\/22\/seniorentag-in-rodenkirchen-29-08-2013\/#breadcrumb"},"inLanguage":"de","potentialAction":[{"@type":"ReadAction","target":["https:\/\/www.gaidaphotos.com\/blog\/2014\/08\/22\/seniorentag-in-rodenkirchen-29-08-2013\/"]}]},{"@type":"ImageObject","inLanguage":"de","@id":"https:\/\/www.gaidaphotos.com\/blog\/2014\/08\/22\/seniorentag-in-rodenkirchen-29-08-2013\/#primaryimage","url":"https:\/\/i0.wp.com\/www.gaidaphotos.com\/blog\/wp-content\/uploads\/ngg_featured\/daddeln-senioren.JPG?fit=767%2C1024&ssl=1","contentUrl":"https:\/\/i0.wp.com\/www.gaidaphotos.com\/blog\/wp-content\/uploads\/ngg_featured\/daddeln-senioren.JPG?fit=767%2C1024&ssl=1","width":767,"height":1024},{"@type":"BreadcrumbList","@id":"https:\/\/www.gaidaphotos.com\/blog\/2014\/08\/22\/seniorentag-in-rodenkirchen-29-08-2013\/#breadcrumb","itemListElement":[{"@type":"ListItem","position":1,"name":"Startseite","item":"https:\/\/www.gaidaphotos.com\/blog\/"},{"@type":"ListItem","position":2,"name":"Seniorentag in Rodenkirchen 29.08.2013"}]},{"@type":"WebSite","@id":"https:\/\/www.gaidaphotos.com\/blog\/#website","url":"https:\/\/www.gaidaphotos.com\/blog\/","name":"K\u00f6ln Rodenkirchen und die Welt","description":"Einkaufen, Restaurants, Freizeit, Nachrichten und was uns sonst bewegt und begegnet","publisher":{"@id":"https:\/\/www.gaidaphotos.com\/blog\/#organization"},"potentialAction":[{"@type":"SearchAction","target":{"@type":"EntryPoint","urlTemplate":"https:\/\/www.gaidaphotos.com\/blog\/?s={search_term_string}"},"query-input":{"@type":"PropertyValueSpecification","valueRequired":true,"valueName":"search_term_string"}}],"inLanguage":"de"},{"@type":"Organization","@id":"https:\/\/www.gaidaphotos.com\/blog\/#organization","name":"gaidaphotos","url":"https:\/\/www.gaidaphotos.com\/blog\/","logo":{"@type":"ImageObject","inLanguage":"de","@id":"https:\/\/www.gaidaphotos.com\/blog\/#\/schema\/logo\/image\/","url":"https:\/\/i0.wp.com\/www.gaidaphotos.com\/blog\/wp-content\/uploads\/2020\/07\/GAIDAPHOTOS-COM.jpg?fit=160%2C96&ssl=1","contentUrl":"https:\/\/i0.wp.com\/www.gaidaphotos.com\/blog\/wp-content\/uploads\/2020\/07\/GAIDAPHOTOS-COM.jpg?fit=160%2C96&ssl=1","width":160,"height":96,"caption":"gaidaphotos"},"image":{"@id":"https:\/\/www.gaidaphotos.com\/blog\/#\/schema\/logo\/image\/"},"sameAs":["https:\/\/www.facebook.com\/Koeln.Rodenkirchen","https:\/\/x.com\/gaidaphotos","https:\/\/instagram.com\/gaidaphotos\/","https:\/\/de.linkedin.com\/in\/gaidaphotos","https:\/\/myspace.com\/gaidaphotos","https:\/\/www.pinterest.com\/gaidaphotos\/","https:\/\/www.youtube.com\/user\/gaidaphotos"]},{"@type":"Person","@id":"https:\/\/www.gaidaphotos.com\/blog\/#\/schema\/person\/6c444a5b13ffc503c5c32f5a9ec68b21","name":"Thomas","sameAs":["https:\/\/www.gaidaphotos.com","https:\/\/www.facebook.com\/gaidaphotos","https:\/\/instagram.com\/gaidaphotos\/","https:\/\/www.linkedin.com\/in\/gaidaphotos","http:\/\/www.pinterest.com\/gaidaphotos\/","https:\/\/x.com\/gaidaphotos","https:\/\/myspace.com\/gaidaphotos","https:\/\/www.youtube.com\/user\/gaidaphotos","https:\/\/gaidaphotos.tumblr.com\/"]}]}},"jetpack_publicize_connections":[],"jetpack_featured_media_url":"https:\/\/i0.wp.com\/www.gaidaphotos.com\/blog\/wp-content\/uploads\/ngg_featured\/daddeln-senioren.JPG?fit=767%2C1024&ssl=1","jetpack_sharing_enabled":true,"jetpack_likes_enabled":true,"jetpack-related-posts":[{"id":3362,"url":"https:\/\/www.gaidaphotos.com\/blog\/2010\/08\/30\/seniorentag-in-koln-rodenkirchen-am-03-09-2010\/","url_meta":{"origin":7225,"position":0},"title":"Seniorentag in K\u00f6ln-Rodenkirchen am 03.09.2010","author":"Thomas","date":"30. August 2010","format":false,"excerpt":"Seniorentag in K\u00f6ln-Rodenkirchen am 03.09.2010 Am 03.09.2010 ist der Maternusplatz in K\u00f6ln-Rodenkirchen auch offiziell in fester Hand der Rodenkirchener Senieren. Seniorenvertretung, Seniorenberater und verschiedenene Senioren-Organisationen des SB2 laden zum Seniorentag. \u201eInformationen und Aktionen rund ums \u00c4lterwerden im K\u00f6lner S\u00fcden\u201c Bezirksb\u00fcrgermeister Eberhard Petschel und Seniorenvertreter Stefan Meier er\u00f6ffnen den Seniorentag in\u2026","rel":"","context":"In &quot;K\u00f6ln Rodenkirchen&quot;","block_context":{"text":"K\u00f6ln Rodenkirchen","link":"https:\/\/www.gaidaphotos.com\/blog\/category\/koeln-rodenkirchen\/"},"img":{"alt_text":"Seniorentag in K\u00f6ln-Rodenkirchen am 03.09.2010","src":"https:\/\/i0.wp.com\/www.gaidaphotos.com\/blog\/wp-content\/uploads\/2010\/08\/seniorentag-rodenkirchen-225x300.jpg?resize=350%2C200&ssl=1","width":350,"height":200},"classes":[]},{"id":242,"url":"https:\/\/www.gaidaphotos.com\/blog\/2009\/03\/12\/kunstmeile-koln-rodenkirchen\/","url_meta":{"origin":7225,"position":1},"title":"7. Rodenkirchener Kunstmeile in K\u00f6ln Rodenkirchen 2009","author":"Thomas","date":"12. M\u00e4rz 2009","format":false,"excerpt":"Kunst und Kommerz in K\u00f6ln-Rodenkirchen: 7. Rodenkirchener Kunstmeile am 15. 03.2009 Zum 7. Mal beginnt am kommenden Wochenende die Rodenkirchener Kunstmeile in K\u00f6ln Rodenkirchen. Sie wird durch ein Gru\u00dfwort er\u00f6ffnet bevor die K\u00fcnstler und K\u00fcnstlerinnen in vielen Rodenkirchener Fachgesch\u00e4ften f\u00fcr eine Woche ihre Werke ausstellen. Bekannte und noch unbekannte K\u00fcnstler\u2026","rel":"","context":"In &quot;K\u00f6ln Rodenkirchen&quot;","block_context":{"text":"K\u00f6ln Rodenkirchen","link":"https:\/\/www.gaidaphotos.com\/blog\/category\/koeln-rodenkirchen\/"},"img":{"alt_text":"","src":"","width":0,"height":0},"classes":[]},{"id":2633,"url":"https:\/\/www.gaidaphotos.com\/blog\/2010\/02\/25\/rodenkirchener-kunstmeile-2010\/","url_meta":{"origin":7225,"position":2},"title":"K\u00f6ln-Rodenkirchen: 8. Kunstmeile 2010 &#8211; alle Daten","author":"Thomas","date":"25. Februar 2010","format":false,"excerpt":"8. Rodenkirchener Kunstmeile 14. - 20. M\u00e4rz 2010 Zum achten Mal findet am zweiten Wochenende im M\u00e4rz die Rodenkirchener Kunstmeile statt. Hier finden Sie alle K\u00fcnstler, Termine und Ortsangaben im \u00dcberblick. Die Aktionsgemeinschaft Rodenkirchen e.V. richtet auch in diesem Jahr wieder die bekannte und erfolgreiche Rodenkirchener Kunstmeile aus. Er\u00f6ffnung:\u00a0 12.00\u2026","rel":"","context":"In &quot;K\u00f6ln Rodenkirchen Einkaufen&quot;","block_context":{"text":"K\u00f6ln Rodenkirchen Einkaufen","link":"https:\/\/www.gaidaphotos.com\/blog\/category\/koeln-rodenkirchen\/koeln-rodenkirchen-einkaufen\/"},"img":{"alt_text":"Rodenkirchener Kunstmeile","src":"https:\/\/i0.wp.com\/www.gaidaphotos.com\/blog\/wp-content\/uploads\/2010\/02\/rodenkirchener-kunstmeile-300x247.jpg?resize=350%2C200&ssl=1","width":350,"height":200},"classes":[]},{"id":3506,"url":"https:\/\/www.gaidaphotos.com\/blog\/2011\/02\/22\/9-rodenkirchener-kunstmeile-2011-alle-orte-alle-kuenstler-katalog\/","url_meta":{"origin":7225,"position":3},"title":"9. Rodenkirchener Kunstmeile 2011: Alle Orte, alle K\u00fcnstler, Katalog","author":"Thomas","date":"22. Februar 2011","format":false,"excerpt":"9. Rodenkirchener Kunstmeile 2011 Am 13.03.2011 findet zum 9. Die Rodenkirchener Kunstmeile statt. Zum verkaufsoffenen Sonntag in K\u00f6ln-Rodenkirchen laden die \u00f6rtlichen Gesch\u00e4fte zu Kultur und Kommerz. Die Er\u00f6ffnung der Rodenkirchener Kunstmeile 2011 findet um 12.00 Uhr im Sommershof statt. Ab 13:00h bis 18:00h haben zudem die Gesch\u00e4fte in K\u00f6ln-Rodenkirchen am\u2026","rel":"","context":"In &quot;K\u00f6ln Rodenkirchen Einkaufen&quot;","block_context":{"text":"K\u00f6ln Rodenkirchen Einkaufen","link":"https:\/\/www.gaidaphotos.com\/blog\/category\/koeln-rodenkirchen\/koeln-rodenkirchen-einkaufen\/"},"img":{"alt_text":"9. Rodenkirchener Kunstmeile 2011 Karte","src":"https:\/\/i0.wp.com\/www.gaidaphotos.com\/blog\/wp-content\/uploads\/2011\/02\/rodenkirchener-kunstmeile-2011-karte.jpg?resize=350%2C200&ssl=1","width":350,"height":200},"classes":[]},{"id":5446,"url":"https:\/\/www.gaidaphotos.com\/blog\/2013\/03\/05\/11-rodenkirchener-kunstmeile\/","url_meta":{"origin":7225,"position":4},"title":"11. Rodenkirchener Kunstmeile 2013","author":"Thomas","date":"5. M\u00e4rz 2013","format":false,"excerpt":"11. Rodenkirchener Kunstmeile 2013 Kaum zu glauben wie die Zeit fliegt. Eben erst war Stra\u00dfenfest und jetzt l\u00e4dt die AG Rodenkirchen zur 11. Rodenkirchener Kunstmeile 2013. Nachdem im vergangenen Jahr die Rodenkirchener Kunstmeile auf eine Dauer von fast 2 Wochen (= 3 Wochenenden) ausgedehnt wurde und dabei mehr als 50.000\u2026","rel":"","context":"In &quot;K\u00f6ln Rodenkirchen Einkaufen&quot;","block_context":{"text":"K\u00f6ln Rodenkirchen Einkaufen","link":"https:\/\/www.gaidaphotos.com\/blog\/category\/koeln-rodenkirchen\/koeln-rodenkirchen-einkaufen\/"},"img":{"alt_text":"","src":"https:\/\/www.gaidaphotos.com\/blog\/wp-content\/uploads\/2020\/08\/nggallery_import\/133_","width":350,"height":200,"srcset":"https:\/\/www.gaidaphotos.com\/blog\/wp-content\/uploads\/2020\/08\/nggallery_import\/133_ 1x, https:\/\/www.gaidaphotos.com\/blog\/wp-content\/uploads\/2020\/08\/nggallery_import\/133_ 1.5x"},"classes":[]},{"id":2087,"url":"https:\/\/www.gaidaphotos.com\/blog\/2009\/09\/11\/koln-rodenkirchen-freizeit-tag-des-offenen-denkmals-am-13-09-09\/","url_meta":{"origin":7225,"position":5},"title":"K\u00f6ln-Rodenkirchen Freizeit: Tag des offenen Denkmals am 13.09.09","author":"Thomas","date":"11. September 2009","format":false,"excerpt":"K\u00f6ln-Rodenkirchen Freizeit: Tag des offenen Denkmals am 13.09.2009 auch in Rodenkirchen. Der Tag des offenen Denkmals ist eine gute Gelegenheit sich einmal die Denkm\u00e4ler, die wir sonst nur von aussen sehen, n\u00e4her anzusehen. In K\u00f6ln-Rodenkirchen sind am Tag des offenen Denkmals (leider nur) zwei Denkm\u00e4ler zu ber\u00fccksichtigen: <strong>Zwischenwerk VIIIb<\/strong> an\u2026","rel":"","context":"In &quot;17&quot;","block_context":{"text":"17","link":"https:\/\/www.gaidaphotos.com\/blog\/category\/mobile_news_von_unterwegs\/mobile_news_von_unterwegs-n95\/"},"img":{"alt_text":"","src":"","width":0,"height":0},"classes":[]}],"_links":{"self":[{"href":"https:\/\/www.gaidaphotos.com\/blog\/wp-json\/wp\/v2\/posts\/7225","targetHints":{"allow":["GET"]}}],"collection":[{"href":"https:\/\/www.gaidaphotos.com\/blog\/wp-json\/wp\/v2\/posts"}],"about":[{"href":"https:\/\/www.gaidaphotos.com\/blog\/wp-json\/wp\/v2\/types\/post"}],"author":[{"embeddable":true,"href":"https:\/\/www.gaidaphotos.com\/blog\/wp-json\/wp\/v2\/users\/6"}],"replies":[{"embeddable":true,"href":"https:\/\/www.gaidaphotos.com\/blog\/wp-json\/wp\/v2\/comments?post=7225"}],"version-history":[{"count":0,"href":"https:\/\/www.gaidaphotos.com\/blog\/wp-json\/wp\/v2\/posts\/7225\/revisions"}],"wp:featuredmedia":[{"embeddable":true,"href":"https:\/\/www.gaidaphotos.com\/blog\/wp-json\/wp\/v2\/media\/7228"}],"wp:attachment":[{"href":"https:\/\/www.gaidaphotos.com\/blog\/wp-json\/wp\/v2\/media?parent=7225"}],"wp:term":[{"taxonomy":"category","embeddable":true,"href":"https:\/\/www.gaidaphotos.com\/blog\/wp-json\/wp\/v2\/categories?post=7225"},{"taxonomy":"post_tag","embeddable":true,"href":"https:\/\/www.gaidaphotos.com\/blog\/wp-json\/wp\/v2\/tags?post=7225"}],"curies":[{"name":"wp","href":"https:\/\/api.w.org\/{rel}","templated":true}]}}