{"id":7254,"date":"2014-08-27T18:15:32","date_gmt":"2014-08-27T16:15:32","guid":{"rendered":"http:\/\/www.gaidaphotos.com\/blog\/?p=7254"},"modified":"2020-08-14T11:04:19","modified_gmt":"2020-08-14T09:04:19","slug":"last-minute-an-die-adria-fliegen","status":"publish","type":"post","link":"https:\/\/www.gaidaphotos.com\/blog\/2014\/08\/27\/last-minute-an-die-adria-fliegen\/","title":{"rendered":"Last-Minute an die Adria fliegen"},"content":{"rendered":"<h2>Adria Urlaub in Riccione zum Sparpreis<\/h2>\n<p><a title=\"Strandurlaub Riccione in den, 1957\" href=\"https:\/\/i0.wp.com\/www.gaidaphotos.com\/blog\/wp-content\/gallery\/riccione-1950er-jahre\/riccione-adria-1957-02.jpg?ssl=1\"><img data-recalc-dims=\"1\" decoding=\"async\" src=\"https:\/\/i0.wp.com\/www.gaidaphotos.com\/blog\/wp-content\/gallery\/riccione-1950er-jahre\/thumbs\/thumbs_riccione-adria-1957-02.jpg?w=910&#038;ssl=1\" alt=\"Strandurlaub Riccione in den, 1957\" align=\"middle\"><\/a><br \/>\nMallorca und Antalya sind heute die Urlaubsziele f\u00fcr den Massentourismus. Die <strong>Adriak\u00fcste <\/strong>zwischen Rimini, <strong>Riccione <\/strong>und Cattolica war in den 1960er und 1970er Jahren das <strong>beliebteste Urlaubsziel<\/strong> der deutschen Urlauber.<\/p>\n<p>Viel hat sich auch seitdem in Riccione und den anderen Adria Badeorten ge\u00e4ndert, aber der sch\u00f6ne <strong>Strand<\/strong>, das saubere <strong>Wasser<\/strong>, das leckere <strong>Essen<\/strong>, das vorz\u00fcgliche Designer-<strong>Shopping <\/strong>und das vielf\u00e4ltige <strong>Nachtleben <\/strong>haben sich nicht ge\u00e4ndert. Ob als Familie, Paar oder Single, an der Adriak\u00fcste l\u00e4\u00dft sich im warmen Wasser oder in der Sonne ausgezeichnet entspannen.<br \/>\nFern von B\u00fcffet-Krieg und fliegenden H\u00e4ndlern genie\u00dfen Sie einen entspannten Urlaub in \u00fcberschaubar gro\u00dfen Hotels.<\/p>\n<p><strong>Motorrad <\/strong>und Renn-Begeisterte nutzen den Urlaub zu einem Ausflug zum MotoGP &#8222;<strong>Misano World Circuit<\/strong>&#8220; an der nahe gelegenen <a title=\"Misano Rennstrecke\" href=\"http:\/\/www.misanocircuit.com\/index.php?lang=eng\" target=\"_blank\" rel=\"noopener noreferrer\">Rennstrecke von Misano<\/a>.<\/p>\n<h3>&nbsp;<\/h3>\n<h3>Last-Minute Angebote f\u00fcr Riccione<\/h3>\n<p>Wer jetzt noch ein paar echte Sommertage mit Temperaturen bis 28\u00b0C und einer Wassertemperatur von 26\u00b0C genie\u00dfen m\u00f6chte ist in Riccione herzlich willkommen. Wir empfehlen Ihnen das <strong>Hotel Baden Baden.<\/strong><br \/>\nSie finden das seit Gr\u00fcndung durch die gleiche <strong>Familie <\/strong>gef\u00fchrte <strong>3 Sterne<\/strong> Hotel im S\u00fcden von Riccione, 5 Minuten vom Strand, in einer Abends und Nachts verkehrsberuhigten Zone. W\u00e4hlen Sie zwischen Voll- und Halbpension mit jeweils 3-Gang Men\u00fcs und Salatb\u00fcffet. Sie w\u00e4hlen jeweils zwischen 2 Vorspeisen, Hauptspeisen und Nachtisch. Angeboten wird eine italienische K\u00fcche mit frischen Zutaten aus der Region. T\u00e4glich werden andere Fleisch- und Fischspezialit\u00e4ten serviert.<br \/>\nHotel Baden Baden hat f\u00fcr Sie ein besonderes <strong>last Minute Angebot<\/strong> f\u00fcr den September:<\/p>\n<ul>\n<li>Kostenlose Getr\u00e4nke w\u00e4hrend der Mahlzeiten (Wein, Wasser)<\/li>\n<li>Kostenlose Sonnenliege und Sonnenschirm an Strandabschnitt Nr. 52<\/li>\n<\/ul>\n<p>420,- \u20ac pro Woche im September, 31.08. \u2013 07.09.2014<br \/>\n350,- \u20ac pro Woche im September, 07.09 -14.09.2014<\/p>\n<h3>Sonderangebot f\u00fcr Motosportbegeisterte<br \/>\nMotoGP in Misani\/San Marino<\/h3>\n<p>F\u00fcr Liebhaber schneller Motorr\u00e4der h\u00e4lt das Hotel Baden Baden ein besonderes Angebot w\u00e4hrend des MotoGP Misano World Circuit Rennen bereit.<\/p>\n<ul>\n<li style=\"list-style-type: none;\">\n<ul>12. &#8211; 14. September 2014<\/ul>\n<\/li>\n<\/ul>\n<p>&nbsp;<\/p>\n<ul>\n<li style=\"list-style-type: none;\">\n<ul>\n<li>\u00dcbernachtung mit Fr\u00fchst\u00fcck: 30,- \u20ac<\/li>\n<li>Halbpension 40,- \u20ac<\/li>\n<\/ul>\n<\/li>\n<\/ul>\n<p>Alle Preise pro Tag und Person<\/p>\n<h3>Adriaurlaub in den 1950er und 1960er Jahren<\/h3>\n<p>ngg_shortcode_0_placeholderair berlin bringt Sie in mit dem Flieger nach Riccione. Der <strong>Flughafen <\/strong>von Rimini ist nur ca. 15. Minuten vom Hotel entfernt. Der \u00fcberschaubare Flughafen ist bekannt f\u00fcr seine z\u00fcgige Abfertigung und Taxen stehen direkt vor der T\u00fcr (ca. 20 \u20ac).<\/p>\n","protected":false},"excerpt":{"rendered":"<p>Adria Urlaub in Riccione zum Sparpreis Mallorca und Antalya sind heute die Urlaubsziele f\u00fcr den Massentourismus. Die Adriak\u00fcste zwischen Rimini,<\/p>\n","protected":false},"author":6,"featured_media":7275,"comment_status":"open","ping_status":"open","sticky":false,"template":"","format":"standard","meta":{"_crdt_document":"","ngg_post_thumbnail":0,"jetpack_post_was_ever_published":false,"_jetpack_newsletter_access":"","_jetpack_dont_email_post_to_subs":false,"_jetpack_newsletter_tier_id":0,"_jetpack_memberships_contains_paywalled_content":false,"_jetpack_memberships_contains_paid_content":false,"footnotes":"","jetpack_publicize_message":"","jetpack_publicize_feature_enabled":true,"jetpack_social_post_already_shared":true,"jetpack_social_options":{"image_generator_settings":{"template":"highway","default_image_id":0,"font":"","enabled":false},"version":2}},"categories":[117],"tags":[118],"class_list":["post-7254","post","type-post","status-publish","format-standard","has-post-thumbnail","hentry","category-italien","tag-riccione-adria"],"yoast_head":"<!-- This site is optimized with the Yoast SEO plugin v27.5 - https:\/\/yoast.com\/product\/yoast-seo-wordpress\/ -->\n<title>Last-Minute Adria Urlaub<\/title>\n<meta name=\"description\" content=\"Adriaurlaub in den 1950er, 1960er Jahren - alte Fotos von Riccione, Strandleben, Hotels, Last Minute Angebote 2014,\" \/>\n<meta name=\"robots\" content=\"index, follow, max-snippet:-1, max-image-preview:large, max-video-preview:-1\" \/>\n<link rel=\"canonical\" href=\"https:\/\/www.gaidaphotos.com\/blog\/2014\/08\/27\/last-minute-an-die-adria-fliegen\/\" \/>\n<meta property=\"og:locale\" content=\"de_DE\" \/>\n<meta property=\"og:type\" content=\"article\" \/>\n<meta property=\"og:title\" content=\"Last-Minute Adria Urlaub\" \/>\n<meta property=\"og:description\" content=\"Adriaurlaub in den 1950er, 1960er Jahren - alte Fotos von Riccione, Strandleben, Hotels, Last Minute Angebote 2014,\" \/>\n<meta property=\"og:url\" content=\"https:\/\/www.gaidaphotos.com\/blog\/2014\/08\/27\/last-minute-an-die-adria-fliegen\/\" \/>\n<meta property=\"og:site_name\" content=\"K\u00f6ln Rodenkirchen und die Welt\" \/>\n<meta property=\"article:publisher\" content=\"https:\/\/www.facebook.com\/Koeln.Rodenkirchen\" \/>\n<meta property=\"article:author\" content=\"https:\/\/www.facebook.com\/gaidaphotos\" \/>\n<meta property=\"article:published_time\" content=\"2014-08-27T16:15:32+00:00\" \/>\n<meta property=\"article:modified_time\" content=\"2020-08-14T09:04:19+00:00\" \/>\n<meta property=\"og:image\" content=\"https:\/\/i0.wp.com\/www.gaidaphotos.com\/blog\/wp-content\/uploads\/ngg_featured\/riccione-adria-1957-02.jpg?fit=1024%2C726&ssl=1\" \/>\n\t<meta property=\"og:image:width\" content=\"1024\" \/>\n\t<meta property=\"og:image:height\" content=\"726\" \/>\n\t<meta property=\"og:image:type\" content=\"image\/jpeg\" \/>\n<meta name=\"author\" content=\"Thomas\" \/>\n<meta name=\"twitter:card\" content=\"summary_large_image\" \/>\n<meta name=\"twitter:creator\" content=\"@gaidaphotos\" \/>\n<meta name=\"twitter:site\" content=\"@gaidaphotos\" \/>\n<meta name=\"twitter:label1\" content=\"Verfasst von\" \/>\n\t<meta name=\"twitter:data1\" content=\"Thomas\" \/>\n\t<meta name=\"twitter:label2\" content=\"Gesch\u00e4tzte Lesezeit\" \/>\n\t<meta name=\"twitter:data2\" content=\"2\u00a0Minuten\" \/>\n<script type=\"application\/ld+json\" class=\"yoast-schema-graph\">{\"@context\":\"https:\\\/\\\/schema.org\",\"@graph\":[{\"@type\":\"Article\",\"@id\":\"https:\\\/\\\/www.gaidaphotos.com\\\/blog\\\/2014\\\/08\\\/27\\\/last-minute-an-die-adria-fliegen\\\/#article\",\"isPartOf\":{\"@id\":\"https:\\\/\\\/www.gaidaphotos.com\\\/blog\\\/2014\\\/08\\\/27\\\/last-minute-an-die-adria-fliegen\\\/\"},\"author\":{\"name\":\"Thomas\",\"@id\":\"https:\\\/\\\/www.gaidaphotos.com\\\/blog\\\/#\\\/schema\\\/person\\\/6c444a5b13ffc503c5c32f5a9ec68b21\"},\"headline\":\"Last-Minute an die Adria fliegen\",\"datePublished\":\"2014-08-27T16:15:32+00:00\",\"dateModified\":\"2020-08-14T09:04:19+00:00\",\"mainEntityOfPage\":{\"@id\":\"https:\\\/\\\/www.gaidaphotos.com\\\/blog\\\/2014\\\/08\\\/27\\\/last-minute-an-die-adria-fliegen\\\/\"},\"wordCount\":404,\"commentCount\":1,\"publisher\":{\"@id\":\"https:\\\/\\\/www.gaidaphotos.com\\\/blog\\\/#organization\"},\"image\":{\"@id\":\"https:\\\/\\\/www.gaidaphotos.com\\\/blog\\\/2014\\\/08\\\/27\\\/last-minute-an-die-adria-fliegen\\\/#primaryimage\"},\"thumbnailUrl\":\"https:\\\/\\\/i0.wp.com\\\/www.gaidaphotos.com\\\/blog\\\/wp-content\\\/uploads\\\/ngg_featured\\\/riccione-adria-1957-02.jpg?fit=1024%2C726&ssl=1\",\"keywords\":[\"Riccione (Adria)\"],\"articleSection\":[\"Italien\"],\"inLanguage\":\"de\",\"potentialAction\":[{\"@type\":\"CommentAction\",\"name\":\"Comment\",\"target\":[\"https:\\\/\\\/www.gaidaphotos.com\\\/blog\\\/2014\\\/08\\\/27\\\/last-minute-an-die-adria-fliegen\\\/#respond\"]}]},{\"@type\":\"WebPage\",\"@id\":\"https:\\\/\\\/www.gaidaphotos.com\\\/blog\\\/2014\\\/08\\\/27\\\/last-minute-an-die-adria-fliegen\\\/\",\"url\":\"https:\\\/\\\/www.gaidaphotos.com\\\/blog\\\/2014\\\/08\\\/27\\\/last-minute-an-die-adria-fliegen\\\/\",\"name\":\"Last-Minute Adria Urlaub\",\"isPartOf\":{\"@id\":\"https:\\\/\\\/www.gaidaphotos.com\\\/blog\\\/#website\"},\"primaryImageOfPage\":{\"@id\":\"https:\\\/\\\/www.gaidaphotos.com\\\/blog\\\/2014\\\/08\\\/27\\\/last-minute-an-die-adria-fliegen\\\/#primaryimage\"},\"image\":{\"@id\":\"https:\\\/\\\/www.gaidaphotos.com\\\/blog\\\/2014\\\/08\\\/27\\\/last-minute-an-die-adria-fliegen\\\/#primaryimage\"},\"thumbnailUrl\":\"https:\\\/\\\/i0.wp.com\\\/www.gaidaphotos.com\\\/blog\\\/wp-content\\\/uploads\\\/ngg_featured\\\/riccione-adria-1957-02.jpg?fit=1024%2C726&ssl=1\",\"datePublished\":\"2014-08-27T16:15:32+00:00\",\"dateModified\":\"2020-08-14T09:04:19+00:00\",\"description\":\"Adriaurlaub in den 1950er, 1960er Jahren - alte Fotos von Riccione, Strandleben, Hotels, Last Minute Angebote 2014,\",\"breadcrumb\":{\"@id\":\"https:\\\/\\\/www.gaidaphotos.com\\\/blog\\\/2014\\\/08\\\/27\\\/last-minute-an-die-adria-fliegen\\\/#breadcrumb\"},\"inLanguage\":\"de\",\"potentialAction\":[{\"@type\":\"ReadAction\",\"target\":[\"https:\\\/\\\/www.gaidaphotos.com\\\/blog\\\/2014\\\/08\\\/27\\\/last-minute-an-die-adria-fliegen\\\/\"]}]},{\"@type\":\"ImageObject\",\"inLanguage\":\"de\",\"@id\":\"https:\\\/\\\/www.gaidaphotos.com\\\/blog\\\/2014\\\/08\\\/27\\\/last-minute-an-die-adria-fliegen\\\/#primaryimage\",\"url\":\"https:\\\/\\\/i0.wp.com\\\/www.gaidaphotos.com\\\/blog\\\/wp-content\\\/uploads\\\/ngg_featured\\\/riccione-adria-1957-02.jpg?fit=1024%2C726&ssl=1\",\"contentUrl\":\"https:\\\/\\\/i0.wp.com\\\/www.gaidaphotos.com\\\/blog\\\/wp-content\\\/uploads\\\/ngg_featured\\\/riccione-adria-1957-02.jpg?fit=1024%2C726&ssl=1\",\"width\":1024,\"height\":726},{\"@type\":\"BreadcrumbList\",\"@id\":\"https:\\\/\\\/www.gaidaphotos.com\\\/blog\\\/2014\\\/08\\\/27\\\/last-minute-an-die-adria-fliegen\\\/#breadcrumb\",\"itemListElement\":[{\"@type\":\"ListItem\",\"position\":1,\"name\":\"Startseite\",\"item\":\"https:\\\/\\\/www.gaidaphotos.com\\\/blog\\\/\"},{\"@type\":\"ListItem\",\"position\":2,\"name\":\"Last-Minute an die Adria fliegen\"}]},{\"@type\":\"WebSite\",\"@id\":\"https:\\\/\\\/www.gaidaphotos.com\\\/blog\\\/#website\",\"url\":\"https:\\\/\\\/www.gaidaphotos.com\\\/blog\\\/\",\"name\":\"K\u00f6ln Rodenkirchen und die Welt\",\"description\":\"Einkaufen, Restaurants, Freizeit, Nachrichten und was uns sonst bewegt und begegnet\",\"publisher\":{\"@id\":\"https:\\\/\\\/www.gaidaphotos.com\\\/blog\\\/#organization\"},\"potentialAction\":[{\"@type\":\"SearchAction\",\"target\":{\"@type\":\"EntryPoint\",\"urlTemplate\":\"https:\\\/\\\/www.gaidaphotos.com\\\/blog\\\/?s={search_term_string}\"},\"query-input\":{\"@type\":\"PropertyValueSpecification\",\"valueRequired\":true,\"valueName\":\"search_term_string\"}}],\"inLanguage\":\"de\"},{\"@type\":\"Organization\",\"@id\":\"https:\\\/\\\/www.gaidaphotos.com\\\/blog\\\/#organization\",\"name\":\"gaidaphotos\",\"url\":\"https:\\\/\\\/www.gaidaphotos.com\\\/blog\\\/\",\"logo\":{\"@type\":\"ImageObject\",\"inLanguage\":\"de\",\"@id\":\"https:\\\/\\\/www.gaidaphotos.com\\\/blog\\\/#\\\/schema\\\/logo\\\/image\\\/\",\"url\":\"https:\\\/\\\/i0.wp.com\\\/www.gaidaphotos.com\\\/blog\\\/wp-content\\\/uploads\\\/2020\\\/07\\\/GAIDAPHOTOS-COM.jpg?fit=160%2C96&ssl=1\",\"contentUrl\":\"https:\\\/\\\/i0.wp.com\\\/www.gaidaphotos.com\\\/blog\\\/wp-content\\\/uploads\\\/2020\\\/07\\\/GAIDAPHOTOS-COM.jpg?fit=160%2C96&ssl=1\",\"width\":160,\"height\":96,\"caption\":\"gaidaphotos\"},\"image\":{\"@id\":\"https:\\\/\\\/www.gaidaphotos.com\\\/blog\\\/#\\\/schema\\\/logo\\\/image\\\/\"},\"sameAs\":[\"https:\\\/\\\/www.facebook.com\\\/Koeln.Rodenkirchen\",\"https:\\\/\\\/x.com\\\/gaidaphotos\",\"https:\\\/\\\/instagram.com\\\/gaidaphotos\\\/\",\"https:\\\/\\\/de.linkedin.com\\\/in\\\/gaidaphotos\",\"https:\\\/\\\/myspace.com\\\/gaidaphotos\",\"https:\\\/\\\/www.pinterest.com\\\/gaidaphotos\\\/\",\"https:\\\/\\\/www.youtube.com\\\/user\\\/gaidaphotos\"]},{\"@type\":\"Person\",\"@id\":\"https:\\\/\\\/www.gaidaphotos.com\\\/blog\\\/#\\\/schema\\\/person\\\/6c444a5b13ffc503c5c32f5a9ec68b21\",\"name\":\"Thomas\",\"sameAs\":[\"https:\\\/\\\/www.gaidaphotos.com\",\"https:\\\/\\\/www.facebook.com\\\/gaidaphotos\",\"https:\\\/\\\/instagram.com\\\/gaidaphotos\\\/\",\"https:\\\/\\\/www.linkedin.com\\\/in\\\/gaidaphotos\",\"http:\\\/\\\/www.pinterest.com\\\/gaidaphotos\\\/\",\"https:\\\/\\\/x.com\\\/gaidaphotos\",\"https:\\\/\\\/myspace.com\\\/gaidaphotos\",\"https:\\\/\\\/www.youtube.com\\\/user\\\/gaidaphotos\",\"https:\\\/\\\/gaidaphotos.tumblr.com\\\/\"]}]}<\/script>\n<!-- \/ Yoast SEO plugin. -->","yoast_head_json":{"title":"Last-Minute Adria Urlaub","description":"Adriaurlaub in den 1950er, 1960er Jahren - alte Fotos von Riccione, Strandleben, Hotels, Last Minute Angebote 2014,","robots":{"index":"index","follow":"follow","max-snippet":"max-snippet:-1","max-image-preview":"max-image-preview:large","max-video-preview":"max-video-preview:-1"},"canonical":"https:\/\/www.gaidaphotos.com\/blog\/2014\/08\/27\/last-minute-an-die-adria-fliegen\/","og_locale":"de_DE","og_type":"article","og_title":"Last-Minute Adria Urlaub","og_description":"Adriaurlaub in den 1950er, 1960er Jahren - alte Fotos von Riccione, Strandleben, Hotels, Last Minute Angebote 2014,","og_url":"https:\/\/www.gaidaphotos.com\/blog\/2014\/08\/27\/last-minute-an-die-adria-fliegen\/","og_site_name":"K\u00f6ln Rodenkirchen und die Welt","article_publisher":"https:\/\/www.facebook.com\/Koeln.Rodenkirchen","article_author":"https:\/\/www.facebook.com\/gaidaphotos","article_published_time":"2014-08-27T16:15:32+00:00","article_modified_time":"2020-08-14T09:04:19+00:00","og_image":[{"width":1024,"height":726,"url":"https:\/\/i0.wp.com\/www.gaidaphotos.com\/blog\/wp-content\/uploads\/ngg_featured\/riccione-adria-1957-02.jpg?fit=1024%2C726&ssl=1","type":"image\/jpeg"}],"author":"Thomas","twitter_card":"summary_large_image","twitter_creator":"@gaidaphotos","twitter_site":"@gaidaphotos","twitter_misc":{"Verfasst von":"Thomas","Gesch\u00e4tzte Lesezeit":"2\u00a0Minuten"},"schema":{"@context":"https:\/\/schema.org","@graph":[{"@type":"Article","@id":"https:\/\/www.gaidaphotos.com\/blog\/2014\/08\/27\/last-minute-an-die-adria-fliegen\/#article","isPartOf":{"@id":"https:\/\/www.gaidaphotos.com\/blog\/2014\/08\/27\/last-minute-an-die-adria-fliegen\/"},"author":{"name":"Thomas","@id":"https:\/\/www.gaidaphotos.com\/blog\/#\/schema\/person\/6c444a5b13ffc503c5c32f5a9ec68b21"},"headline":"Last-Minute an die Adria fliegen","datePublished":"2014-08-27T16:15:32+00:00","dateModified":"2020-08-14T09:04:19+00:00","mainEntityOfPage":{"@id":"https:\/\/www.gaidaphotos.com\/blog\/2014\/08\/27\/last-minute-an-die-adria-fliegen\/"},"wordCount":404,"commentCount":1,"publisher":{"@id":"https:\/\/www.gaidaphotos.com\/blog\/#organization"},"image":{"@id":"https:\/\/www.gaidaphotos.com\/blog\/2014\/08\/27\/last-minute-an-die-adria-fliegen\/#primaryimage"},"thumbnailUrl":"https:\/\/i0.wp.com\/www.gaidaphotos.com\/blog\/wp-content\/uploads\/ngg_featured\/riccione-adria-1957-02.jpg?fit=1024%2C726&ssl=1","keywords":["Riccione (Adria)"],"articleSection":["Italien"],"inLanguage":"de","potentialAction":[{"@type":"CommentAction","name":"Comment","target":["https:\/\/www.gaidaphotos.com\/blog\/2014\/08\/27\/last-minute-an-die-adria-fliegen\/#respond"]}]},{"@type":"WebPage","@id":"https:\/\/www.gaidaphotos.com\/blog\/2014\/08\/27\/last-minute-an-die-adria-fliegen\/","url":"https:\/\/www.gaidaphotos.com\/blog\/2014\/08\/27\/last-minute-an-die-adria-fliegen\/","name":"Last-Minute Adria Urlaub","isPartOf":{"@id":"https:\/\/www.gaidaphotos.com\/blog\/#website"},"primaryImageOfPage":{"@id":"https:\/\/www.gaidaphotos.com\/blog\/2014\/08\/27\/last-minute-an-die-adria-fliegen\/#primaryimage"},"image":{"@id":"https:\/\/www.gaidaphotos.com\/blog\/2014\/08\/27\/last-minute-an-die-adria-fliegen\/#primaryimage"},"thumbnailUrl":"https:\/\/i0.wp.com\/www.gaidaphotos.com\/blog\/wp-content\/uploads\/ngg_featured\/riccione-adria-1957-02.jpg?fit=1024%2C726&ssl=1","datePublished":"2014-08-27T16:15:32+00:00","dateModified":"2020-08-14T09:04:19+00:00","description":"Adriaurlaub in den 1950er, 1960er Jahren - alte Fotos von Riccione, Strandleben, Hotels, Last Minute Angebote 2014,","breadcrumb":{"@id":"https:\/\/www.gaidaphotos.com\/blog\/2014\/08\/27\/last-minute-an-die-adria-fliegen\/#breadcrumb"},"inLanguage":"de","potentialAction":[{"@type":"ReadAction","target":["https:\/\/www.gaidaphotos.com\/blog\/2014\/08\/27\/last-minute-an-die-adria-fliegen\/"]}]},{"@type":"ImageObject","inLanguage":"de","@id":"https:\/\/www.gaidaphotos.com\/blog\/2014\/08\/27\/last-minute-an-die-adria-fliegen\/#primaryimage","url":"https:\/\/i0.wp.com\/www.gaidaphotos.com\/blog\/wp-content\/uploads\/ngg_featured\/riccione-adria-1957-02.jpg?fit=1024%2C726&ssl=1","contentUrl":"https:\/\/i0.wp.com\/www.gaidaphotos.com\/blog\/wp-content\/uploads\/ngg_featured\/riccione-adria-1957-02.jpg?fit=1024%2C726&ssl=1","width":1024,"height":726},{"@type":"BreadcrumbList","@id":"https:\/\/www.gaidaphotos.com\/blog\/2014\/08\/27\/last-minute-an-die-adria-fliegen\/#breadcrumb","itemListElement":[{"@type":"ListItem","position":1,"name":"Startseite","item":"https:\/\/www.gaidaphotos.com\/blog\/"},{"@type":"ListItem","position":2,"name":"Last-Minute an die Adria fliegen"}]},{"@type":"WebSite","@id":"https:\/\/www.gaidaphotos.com\/blog\/#website","url":"https:\/\/www.gaidaphotos.com\/blog\/","name":"K\u00f6ln Rodenkirchen und die Welt","description":"Einkaufen, Restaurants, Freizeit, Nachrichten und was uns sonst bewegt und begegnet","publisher":{"@id":"https:\/\/www.gaidaphotos.com\/blog\/#organization"},"potentialAction":[{"@type":"SearchAction","target":{"@type":"EntryPoint","urlTemplate":"https:\/\/www.gaidaphotos.com\/blog\/?s={search_term_string}"},"query-input":{"@type":"PropertyValueSpecification","valueRequired":true,"valueName":"search_term_string"}}],"inLanguage":"de"},{"@type":"Organization","@id":"https:\/\/www.gaidaphotos.com\/blog\/#organization","name":"gaidaphotos","url":"https:\/\/www.gaidaphotos.com\/blog\/","logo":{"@type":"ImageObject","inLanguage":"de","@id":"https:\/\/www.gaidaphotos.com\/blog\/#\/schema\/logo\/image\/","url":"https:\/\/i0.wp.com\/www.gaidaphotos.com\/blog\/wp-content\/uploads\/2020\/07\/GAIDAPHOTOS-COM.jpg?fit=160%2C96&ssl=1","contentUrl":"https:\/\/i0.wp.com\/www.gaidaphotos.com\/blog\/wp-content\/uploads\/2020\/07\/GAIDAPHOTOS-COM.jpg?fit=160%2C96&ssl=1","width":160,"height":96,"caption":"gaidaphotos"},"image":{"@id":"https:\/\/www.gaidaphotos.com\/blog\/#\/schema\/logo\/image\/"},"sameAs":["https:\/\/www.facebook.com\/Koeln.Rodenkirchen","https:\/\/x.com\/gaidaphotos","https:\/\/instagram.com\/gaidaphotos\/","https:\/\/de.linkedin.com\/in\/gaidaphotos","https:\/\/myspace.com\/gaidaphotos","https:\/\/www.pinterest.com\/gaidaphotos\/","https:\/\/www.youtube.com\/user\/gaidaphotos"]},{"@type":"Person","@id":"https:\/\/www.gaidaphotos.com\/blog\/#\/schema\/person\/6c444a5b13ffc503c5c32f5a9ec68b21","name":"Thomas","sameAs":["https:\/\/www.gaidaphotos.com","https:\/\/www.facebook.com\/gaidaphotos","https:\/\/instagram.com\/gaidaphotos\/","https:\/\/www.linkedin.com\/in\/gaidaphotos","http:\/\/www.pinterest.com\/gaidaphotos\/","https:\/\/x.com\/gaidaphotos","https:\/\/myspace.com\/gaidaphotos","https:\/\/www.youtube.com\/user\/gaidaphotos","https:\/\/gaidaphotos.tumblr.com\/"]}]}},"jetpack_publicize_connections":[],"jetpack_featured_media_url":"https:\/\/i0.wp.com\/www.gaidaphotos.com\/blog\/wp-content\/uploads\/ngg_featured\/riccione-adria-1957-02.jpg?fit=1024%2C726&ssl=1","jetpack_sharing_enabled":true,"jetpack_likes_enabled":true,"jetpack-related-posts":[{"id":2856,"url":"https:\/\/www.gaidaphotos.com\/blog\/2010\/05\/18\/urlaub-sonne-strand-meer-riccione-adria\/","url_meta":{"origin":7254,"position":0},"title":"Urlaub &#8211; Sonne &#8211; Strand &#038; Meer: Riccione (Adria)","author":"Thomas","date":"18. Mai 2010","format":false,"excerpt":"Urlaub mit Sonne, Strand & Meer in Riccione (Adria, Italien) Im vergangenen Jahr habe ich Euch von unserer Reise nach Riccione (Adria, Italien) und unserem Urlaub im Hotel Baden Baden berichtet. Unser live Erlebnisbericht wird (hoffentlich) in diesem Sommer fortgesetzt. Wer jetzt auf der Suche nach einem Urlaubsziel mit Sonne,\u2026","rel":"","context":"In &quot;Hotel\/Hotels&quot;","block_context":{"text":"Hotel\/Hotels","link":"https:\/\/www.gaidaphotos.com\/blog\/category\/reise\/hotel-hotels\/"},"img":{"alt_text":"Urlaub Meer Strand Italien","src":"https:\/\/i0.wp.com\/www.gaidaphotos.com\/blog\/wp-content\/uploads\/2010\/05\/Italien-Urlaub-Strand-Riccione-03.jpg?resize=350%2C200&ssl=1","width":350,"height":200},"classes":[]},{"id":3247,"url":"https:\/\/www.gaidaphotos.com\/blog\/2010\/07\/18\/urlaubsempfehlung-riccione-italien\/","url_meta":{"origin":7254,"position":1},"title":"Urlaubsempfehlung: Riccione (Adria, Italien)  Live Bericht","author":"Thomas","date":"18. Juli 2010","format":false,"excerpt":"Urlaubsempfehlung: Riccione (Adria, Italien)\u00a0 Live Bericht Ab Sonntag, dem 25.07.2010 (verkaufsoffener Sonntag) berichten wir wieder von Reise und Urlaub an Strand und Meer nach Riccione (Italien). Wie schon im vergangenen Jahr werden wir (versuchen) mit Hokia N95 und Nokia Bluetooth Tastatur Berichte und Fotos live aus dem Urlaub in Riccione\u2026","rel":"","context":"In &quot;Italien&quot;","block_context":{"text":"Italien","link":"https:\/\/www.gaidaphotos.com\/blog\/category\/reise\/italien\/"},"img":{"alt_text":"Urlaub mit Sonne Strand und Meer Riccione (Italien)","src":"https:\/\/i0.wp.com\/www.gaidaphotos.com\/blog\/wp-content\/uploads\/2010\/07\/urlaub-hotel-adria.jpg?resize=350%2C200&ssl=1","width":350,"height":200},"classes":[]},{"id":1934,"url":"https:\/\/www.gaidaphotos.com\/blog\/2009\/07\/15\/riccione-adria-urlaub-am-meer\/","url_meta":{"origin":7254,"position":2},"title":"Riccione, Adria, Urlaub am Meer","author":"01726903617@vodafone.de","date":"15. Juli 2009","format":false,"excerpt":"Sonne, Strand, Sand und Meer in Riccione (Adria) Der Strand in Riccione (Italien) ist \u00fcberwiegend bewirtschaftet. Seit \"ewigen\" Zeiten sind wir im Strand-abschnitt \"52\" bei Emilio in Riccione. Um am Meer zu liegen, mietet man eine Strand-Liege (ab 6,50 \u20ac\/Tag) mit oder ohne Sonnenschirm oder ein Sonnendach. Der Strand, Sand\u2026","rel":"","context":"In &quot;Italien&quot;","block_context":{"text":"Italien","link":"https:\/\/www.gaidaphotos.com\/blog\/category\/reise\/italien\/"},"img":{"alt_text":"Riccione, Adria, Urlaub am Meer","src":"https:\/\/i0.wp.com\/www.gaidaphotos.com\/blog\/wp-content\/uploads\/2009\/07\/postie-media7.jpeg?fit=1200%2C900&ssl=1&resize=350%2C200","width":350,"height":200,"srcset":"https:\/\/i0.wp.com\/www.gaidaphotos.com\/blog\/wp-content\/uploads\/2009\/07\/postie-media7.jpeg?fit=1200%2C900&ssl=1&resize=350%2C200 1x, https:\/\/i0.wp.com\/www.gaidaphotos.com\/blog\/wp-content\/uploads\/2009\/07\/postie-media7.jpeg?fit=1200%2C900&ssl=1&resize=525%2C300 1.5x, https:\/\/i0.wp.com\/www.gaidaphotos.com\/blog\/wp-content\/uploads\/2009\/07\/postie-media7.jpeg?fit=1200%2C900&ssl=1&resize=700%2C400 2x, https:\/\/i0.wp.com\/www.gaidaphotos.com\/blog\/wp-content\/uploads\/2009\/07\/postie-media7.jpeg?fit=1200%2C900&ssl=1&resize=1050%2C600 3x"},"classes":[]},{"id":1912,"url":"https:\/\/www.gaidaphotos.com\/blog\/2009\/07\/09\/italien-riccione-adria-fotos-von-strand-und-meer\/","url_meta":{"origin":7254,"position":3},"title":"Italien &#8211; Riccione &#8211; Adria: Fotos von Strand und Meer","author":"Thomas","date":"9. Juli 2009","format":false,"excerpt":"Der Strand in Riccione an der Adria (Italien) ist bewirtschaftet und sehr gepflegt. Am Meer ziehen t\u00e4glich die anderen Urlauber in einer endlosen Karawane entlang. Das Meeresrauschen \u00fcbert\u00f6nt alle Ger\u00e4usche. Radio oder MP3 Player d\u00fcrfen nicht laut abgespielt werden. Am Meer spielen Kinder im Wasser, mit dem Sand oder Ball\u2026","rel":"","context":"In &quot;Italien&quot;","block_context":{"text":"Italien","link":"https:\/\/www.gaidaphotos.com\/blog\/category\/reise\/italien\/"},"img":{"alt_text":"","src":"","width":0,"height":0},"classes":[]},{"id":1911,"url":"https:\/\/www.gaidaphotos.com\/blog\/2009\/07\/09\/italien-riccione-adria-urlaub-unterhaltung\/","url_meta":{"origin":7254,"position":4},"title":"Italien &#8211; Riccione &#8211; Adria: Urlaub und Unterhaltung","author":"Thomas","date":"9. Juli 2009","format":false,"excerpt":". . Auch f\u00fcr Unterhaltung w\u00e4hrend des Urlaubs in Riccione (Italien, Adria) ist gesorgt. Regelm\u00e4\u00dfig gibt es Feuerwerke (maanchmal 4 pro Woche), die am Strand herrlich zu fotografieren sind. Fireworks Feuerwerk Neujahr Silvester \"K\u00f6lner Lichter 2006\" und \"Riccione (Italien, Adria 2005\/2006\") Oder die n\u00e4chtliche Fu\u00dfg\u00e4ngerzone in Riccione (Adria, Italien) wird\u2026","rel":"","context":"In &quot;Italien&quot;","block_context":{"text":"Italien","link":"https:\/\/www.gaidaphotos.com\/blog\/category\/reise\/italien\/"},"img":{"alt_text":"","src":"","width":0,"height":0},"classes":[]},{"id":1941,"url":"https:\/\/www.gaidaphotos.com\/blog\/2009\/07\/20\/urlaub-reise-italien-familien-urlaub-in-riccione\/","url_meta":{"origin":7254,"position":5},"title":"Urlaub-Reise-Italien: Familien-Urlaub in Riccione","author":"Thomas","date":"20. Juli 2009","format":false,"excerpt":"Gestern Abend ging es in den Luna Park. So hei\u00dft die Sommerkirmes im Urlaub in\u00a0Riccione. Wer mit Kindern in den s\u00fcdlichen Stadtteil von Riccione reisen will, findet jede Menge Unterhaltung f\u00fcr die Familie im Urlaub. Rund um Riccione und Rimini gibt es an der Adria jede Menge f\u00fcr Familien w\u00e4hrend\u2026","rel":"","context":"In &quot;17&quot;","block_context":{"text":"17","link":"https:\/\/www.gaidaphotos.com\/blog\/category\/mobile_news_von_unterwegs\/mobile_news_von_unterwegs-n95\/"},"img":{"alt_text":"","src":"","width":0,"height":0},"classes":[]}],"_links":{"self":[{"href":"https:\/\/www.gaidaphotos.com\/blog\/wp-json\/wp\/v2\/posts\/7254","targetHints":{"allow":["GET"]}}],"collection":[{"href":"https:\/\/www.gaidaphotos.com\/blog\/wp-json\/wp\/v2\/posts"}],"about":[{"href":"https:\/\/www.gaidaphotos.com\/blog\/wp-json\/wp\/v2\/types\/post"}],"author":[{"embeddable":true,"href":"https:\/\/www.gaidaphotos.com\/blog\/wp-json\/wp\/v2\/users\/6"}],"replies":[{"embeddable":true,"href":"https:\/\/www.gaidaphotos.com\/blog\/wp-json\/wp\/v2\/comments?post=7254"}],"version-history":[{"count":0,"href":"https:\/\/www.gaidaphotos.com\/blog\/wp-json\/wp\/v2\/posts\/7254\/revisions"}],"wp:featuredmedia":[{"embeddable":true,"href":"https:\/\/www.gaidaphotos.com\/blog\/wp-json\/wp\/v2\/media\/7275"}],"wp:attachment":[{"href":"https:\/\/www.gaidaphotos.com\/blog\/wp-json\/wp\/v2\/media?parent=7254"}],"wp:term":[{"taxonomy":"category","embeddable":true,"href":"https:\/\/www.gaidaphotos.com\/blog\/wp-json\/wp\/v2\/categories?post=7254"},{"taxonomy":"post_tag","embeddable":true,"href":"https:\/\/www.gaidaphotos.com\/blog\/wp-json\/wp\/v2\/tags?post=7254"}],"curies":[{"name":"wp","href":"https:\/\/api.w.org\/{rel}","templated":true}]}}